{"id":4695,"date":"2021-01-21T10:00:36","date_gmt":"2021-01-21T09:00:36","guid":{"rendered":"http:\/\/www.anovapeneira.gal\/?p=4695"},"modified":"2021-01-18T13:47:54","modified_gmt":"2021-01-18T12:47:54","slug":"tomino-rexeita-o-proxecto-eolico-da-serra-da-groba","status":"publish","type":"post","link":"https:\/\/www.anovapeneira.gal\/index.php\/2021\/01\/21\/tomino-rexeita-o-proxecto-eolico-da-serra-da-groba\/","title":{"rendered":"Tomi\u00f1o rexeita o proxecto e\u00f3lico da Serra da Groba"},"content":{"rendered":"\n<h2 class=\"wp-block-heading\"><strong>A proposta sa\u00edu adiante cos votos a favor de BNG e PSOE, que denuncian a opacidade da adxudicaci\u00f3n do parque, esixindo a s\u00faa paralizaci\u00f3n<\/strong><\/h2>\n\n\n\n<p><strong>Tomi\u00f1o, 15 de xaneiro de 2021<\/strong><\/p>\n\n\n\n<p>A corporaci\u00f3n municipal do Concello de Tomi\u00f1o aprobou no pleno municipal celebrado esta semana unha moci\u00f3n de rexeitamento do proxecto de parque e\u00f3lico promovido pola Xunta de Galicia na Serra da Groba. Contou co voto a favor dos grupos municipais do BNG e o PSOE e a abstenci\u00f3n do PP.<\/p>\n\n\n\n<p>O proxecto sup\u00f3n a construci\u00f3n dun total de 44 aeroxeneradores e 4 subestaci\u00f3ns de transformaci\u00f3n e transporte, coa s\u00faa correspondente infraestrutura asociada (vieiros de acceso e servizo, plataformas de montaxe, gabias do cableado, subestaci\u00f3n transformadora, edificio de control e unha torre meteorol\u00f3xica).<\/p>\n\n\n\n<p>A proposta denuncia diante da Xunta de Galicia o modelo opaco seguido na adxudicaci\u00f3n e tramitaci\u00f3n dos parques e\u00f3licos que afectan ao espazo natural, esixindo \u00e1 Conseller\u00eda de Industria a paralizaci\u00f3n dos proxectos en marcha e a modificaci\u00f3n da normativa que os regula. Reivindica tam\u00e9n a necesidade de que no proceso se te\u00f1an en conta tam\u00e9n as decisi\u00f3ns tomadas polas Comunidades de Montes afectadas.<\/p>\n\n\n\n<p>M\u00e1is de 60 colectivos sociais, veci\u00f1ais e ambientais mostraron xa a s\u00faa oposici\u00f3n a este proxecto. Os asinantes recalcan que apostan polo uso de ener\u00edas limpas e renovables como a e\u00f3lica, pero que a s\u00faa ubicaci\u00f3n e construci\u00f3n debe ser compatible tanto co entorno como co uso multifuncional do monte, a fin de procurar o menor impacto medioambiental posible. Denuncian que o proceso de tramitaci\u00f3n dos proxectos prioriza os intereses das empresas adxudicatarias por enriba dos valores medioambientais e dos dereitos e intereses dos propietarios afectados, sinalando ademais da inexistencia dun proceso de concorrencia competitiva na adxudicaci\u00f3n dos mesmos.<\/p>\n\n\n\n<p>Tam\u00e9n destacan que a lei deixa aos propietarios dos terreos nunha situaci\u00f3n de indefensi\u00f3n, empurr\u00e1ndoos a aceptar a proposta econ\u00f3mica da empresa adxudicataria se non queren enfrontarse a un expediente de expropiaci\u00f3n, ao que se suma o feito de que dependen tam\u00e9n desta empresa a realizaci\u00f3n dos estudos de impacto ambiental, con total ausencia de contrapartidas sociais que mitiguen o impacto xerado polos parques.<\/p>\n","protected":false},"excerpt":{"rendered":"<div class=\"mh-excerpt\"><p>A proposta sa\u00edu adiante cos votos a favor de BNG e PSOE, que denuncian a opacidade da adxudicaci\u00f3n do parque, esixindo a s\u00faa paralizaci\u00f3n <a class=\"mh-excerpt-more\" href=\"https:\/\/www.anovapeneira.gal\/index.php\/2021\/01\/21\/tomino-rexeita-o-proxecto-eolico-da-serra-da-groba\/\" title=\"Tomi\u00f1o rexeita o proxecto e\u00f3lico da Serra da Groba\">[&#8230;]<\/a><\/p>\n<\/div>","protected":false},"author":3,"featured_media":4696,"comment_status":"open","ping_status":"open","sticky":false,"template":"","format":"standard","meta":{"_exactmetrics_skip_tracking":false,"_exactmetrics_sitenote_active":false,"_exactmetrics_sitenote_note":"","_exactmetrics_sitenote_category":0,"footnotes":""},"categories":[21],"tags":[81],"class_list":{"0":"post-4695","1":"post","2":"type-post","3":"status-publish","4":"format-standard","5":"has-post-thumbnail","7":"category-baixo-mino","8":"tag-concello-de-tomino"},"yoast_head":"<!-- This site is optimized with the Yoast SEO plugin v27.4 - https:\/\/yoast.com\/product\/yoast-seo-wordpress\/ -->\n<title>Tomi\u00f1o rexeita o proxecto e\u00f3lico da Serra da Groba -<\/title>\n<meta name=\"description\" content=\"A proposta sa\u00edu adiante cos votos a favor de BNG e PSOE, que denuncian a opacidade da adxudicaci\u00f3n do parque, esixindo a s\u00faa paralizaci\u00f3n\" \/>\n<meta name=\"robots\" content=\"index, follow, max-snippet:-1, max-image-preview:large, max-video-preview:-1\" \/>\n<link rel=\"canonical\" href=\"https:\/\/www.anovapeneira.gal\/index.php\/2021\/01\/21\/tomino-rexeita-o-proxecto-eolico-da-serra-da-groba\/\" \/>\n<meta property=\"og:locale\" content=\"gl_ES\" \/>\n<meta property=\"og:type\" content=\"article\" \/>\n<meta property=\"og:title\" content=\"Tomi\u00f1o rexeita o proxecto e\u00f3lico da Serra da Groba -\" \/>\n<meta property=\"og:description\" content=\"A proposta sa\u00edu adiante cos votos a favor de BNG e PSOE, que denuncian a opacidade da adxudicaci\u00f3n do parque, esixindo a s\u00faa paralizaci\u00f3n\" \/>\n<meta property=\"og:url\" content=\"https:\/\/www.anovapeneira.gal\/index.php\/2021\/01\/21\/tomino-rexeita-o-proxecto-eolico-da-serra-da-groba\/\" \/>\n<meta property=\"article:publisher\" content=\"https:\/\/www.facebook.com\/anovapeneira\" \/>\n<meta property=\"article:published_time\" content=\"2021-01-21T09:00:36+00:00\" \/>\n<meta property=\"og:image\" content=\"https:\/\/www.anovapeneira.gal\/wp-content\/uploads\/2021\/01\/eolico.jpg\" \/>\n\t<meta property=\"og:image:width\" content=\"720\" \/>\n\t<meta property=\"og:image:height\" content=\"432\" \/>\n\t<meta property=\"og:image:type\" content=\"image\/jpeg\" \/>\n<meta name=\"author\" content=\"Redacci\u00f3n A Nova Peneira\" \/>\n<meta name=\"twitter:card\" content=\"summary_large_image\" \/>\n<meta name=\"twitter:creator\" content=\"@APeneira\" \/>\n<meta name=\"twitter:site\" content=\"@APeneira\" \/>\n<meta name=\"twitter:label1\" content=\"Escrito por\" \/>\n\t<meta name=\"twitter:data1\" content=\"Redacci\u00f3n A Nova Peneira\" \/>\n\t<meta name=\"twitter:label2\" content=\"Tempo de lectura\" \/>\n\t<meta name=\"twitter:data2\" content=\"2 minutos\" \/>\n<script type=\"application\/ld+json\" class=\"yoast-schema-graph\">{\"@context\":\"https:\\\/\\\/schema.org\",\"@graph\":[{\"@type\":\"Article\",\"@id\":\"https:\\\/\\\/www.anovapeneira.gal\\\/index.php\\\/2021\\\/01\\\/21\\\/tomino-rexeita-o-proxecto-eolico-da-serra-da-groba\\\/#article\",\"isPartOf\":{\"@id\":\"https:\\\/\\\/www.anovapeneira.gal\\\/index.php\\\/2021\\\/01\\\/21\\\/tomino-rexeita-o-proxecto-eolico-da-serra-da-groba\\\/\"},\"author\":{\"name\":\"Redacci\u00f3n A Nova Peneira\",\"@id\":\"https:\\\/\\\/www.anovapeneira.gal\\\/#\\\/schema\\\/person\\\/b93e3f8932e3f8da96334607eb6ac6aa\"},\"headline\":\"Tomi\u00f1o rexeita o proxecto e\u00f3lico da Serra da Groba\",\"datePublished\":\"2021-01-21T09:00:36+00:00\",\"mainEntityOfPage\":{\"@id\":\"https:\\\/\\\/www.anovapeneira.gal\\\/index.php\\\/2021\\\/01\\\/21\\\/tomino-rexeita-o-proxecto-eolico-da-serra-da-groba\\\/\"},\"wordCount\":400,\"commentCount\":0,\"publisher\":{\"@id\":\"https:\\\/\\\/www.anovapeneira.gal\\\/#organization\"},\"image\":{\"@id\":\"https:\\\/\\\/www.anovapeneira.gal\\\/index.php\\\/2021\\\/01\\\/21\\\/tomino-rexeita-o-proxecto-eolico-da-serra-da-groba\\\/#primaryimage\"},\"thumbnailUrl\":\"https:\\\/\\\/www.anovapeneira.gal\\\/wp-content\\\/uploads\\\/2021\\\/01\\\/eolico.jpg\",\"keywords\":[\"Concello de Tomi\u00f1o\"],\"articleSection\":[\"Baixo Mi\u00f1o\"],\"inLanguage\":\"gl-ES\",\"potentialAction\":[{\"@type\":\"CommentAction\",\"name\":\"Comment\",\"target\":[\"https:\\\/\\\/www.anovapeneira.gal\\\/index.php\\\/2021\\\/01\\\/21\\\/tomino-rexeita-o-proxecto-eolico-da-serra-da-groba\\\/#respond\"]}]},{\"@type\":\"WebPage\",\"@id\":\"https:\\\/\\\/www.anovapeneira.gal\\\/index.php\\\/2021\\\/01\\\/21\\\/tomino-rexeita-o-proxecto-eolico-da-serra-da-groba\\\/\",\"url\":\"https:\\\/\\\/www.anovapeneira.gal\\\/index.php\\\/2021\\\/01\\\/21\\\/tomino-rexeita-o-proxecto-eolico-da-serra-da-groba\\\/\",\"name\":\"Tomi\u00f1o rexeita o proxecto e\u00f3lico da Serra da Groba -\",\"isPartOf\":{\"@id\":\"https:\\\/\\\/www.anovapeneira.gal\\\/#website\"},\"primaryImageOfPage\":{\"@id\":\"https:\\\/\\\/www.anovapeneira.gal\\\/index.php\\\/2021\\\/01\\\/21\\\/tomino-rexeita-o-proxecto-eolico-da-serra-da-groba\\\/#primaryimage\"},\"image\":{\"@id\":\"https:\\\/\\\/www.anovapeneira.gal\\\/index.php\\\/2021\\\/01\\\/21\\\/tomino-rexeita-o-proxecto-eolico-da-serra-da-groba\\\/#primaryimage\"},\"thumbnailUrl\":\"https:\\\/\\\/www.anovapeneira.gal\\\/wp-content\\\/uploads\\\/2021\\\/01\\\/eolico.jpg\",\"datePublished\":\"2021-01-21T09:00:36+00:00\",\"description\":\"A proposta sa\u00edu adiante cos votos a favor de BNG e PSOE, que denuncian a opacidade da adxudicaci\u00f3n do parque, esixindo a s\u00faa paralizaci\u00f3n\",\"breadcrumb\":{\"@id\":\"https:\\\/\\\/www.anovapeneira.gal\\\/index.php\\\/2021\\\/01\\\/21\\\/tomino-rexeita-o-proxecto-eolico-da-serra-da-groba\\\/#breadcrumb\"},\"inLanguage\":\"gl-ES\",\"potentialAction\":[{\"@type\":\"ReadAction\",\"target\":[\"https:\\\/\\\/www.anovapeneira.gal\\\/index.php\\\/2021\\\/01\\\/21\\\/tomino-rexeita-o-proxecto-eolico-da-serra-da-groba\\\/\"]}]},{\"@type\":\"ImageObject\",\"inLanguage\":\"gl-ES\",\"@id\":\"https:\\\/\\\/www.anovapeneira.gal\\\/index.php\\\/2021\\\/01\\\/21\\\/tomino-rexeita-o-proxecto-eolico-da-serra-da-groba\\\/#primaryimage\",\"url\":\"https:\\\/\\\/www.anovapeneira.gal\\\/wp-content\\\/uploads\\\/2021\\\/01\\\/eolico.jpg\",\"contentUrl\":\"https:\\\/\\\/www.anovapeneira.gal\\\/wp-content\\\/uploads\\\/2021\\\/01\\\/eolico.jpg\",\"width\":720,\"height\":432,\"caption\":\"Tomi\u00f1o rexeita o proxecto e\u00f3lico da Serra da Groba\"},{\"@type\":\"BreadcrumbList\",\"@id\":\"https:\\\/\\\/www.anovapeneira.gal\\\/index.php\\\/2021\\\/01\\\/21\\\/tomino-rexeita-o-proxecto-eolico-da-serra-da-groba\\\/#breadcrumb\",\"itemListElement\":[{\"@type\":\"ListItem\",\"position\":1,\"name\":\"Portada\",\"item\":\"https:\\\/\\\/www.anovapeneira.gal\\\/\"},{\"@type\":\"ListItem\",\"position\":2,\"name\":\"Tomi\u00f1o rexeita o proxecto e\u00f3lico da Serra da Groba\"}]},{\"@type\":\"WebSite\",\"@id\":\"https:\\\/\\\/www.anovapeneira.gal\\\/#website\",\"url\":\"https:\\\/\\\/www.anovapeneira.gal\\\/\",\"name\":\"\",\"description\":\"Xornal galego de informaci\u00f3n xeral Publicaci\u00f3n mensual de novas de Galicia e en especial dos Concellos da sur da provincia de Pontevedra.\",\"publisher\":{\"@id\":\"https:\\\/\\\/www.anovapeneira.gal\\\/#organization\"},\"potentialAction\":[{\"@type\":\"SearchAction\",\"target\":{\"@type\":\"EntryPoint\",\"urlTemplate\":\"https:\\\/\\\/www.anovapeneira.gal\\\/?s={search_term_string}\"},\"query-input\":{\"@type\":\"PropertyValueSpecification\",\"valueRequired\":true,\"valueName\":\"search_term_string\"}}],\"inLanguage\":\"gl-ES\"},{\"@type\":\"Organization\",\"@id\":\"https:\\\/\\\/www.anovapeneira.gal\\\/#organization\",\"name\":\"A Nova Peneira\",\"url\":\"https:\\\/\\\/www.anovapeneira.gal\\\/\",\"logo\":{\"@type\":\"ImageObject\",\"inLanguage\":\"gl-ES\",\"@id\":\"https:\\\/\\\/www.anovapeneira.gal\\\/#\\\/schema\\\/logo\\\/image\\\/\",\"url\":\"http:\\\/\\\/www.anovapeneira.gal\\\/wp-content\\\/uploads\\\/2019\\\/06\\\/logo_a_nova_peneira_portal_web.png\",\"contentUrl\":\"http:\\\/\\\/www.anovapeneira.gal\\\/wp-content\\\/uploads\\\/2019\\\/06\\\/logo_a_nova_peneira_portal_web.png\",\"width\":300,\"height\":100,\"caption\":\"A Nova Peneira\"},\"image\":{\"@id\":\"https:\\\/\\\/www.anovapeneira.gal\\\/#\\\/schema\\\/logo\\\/image\\\/\"},\"sameAs\":[\"https:\\\/\\\/www.facebook.com\\\/anovapeneira\",\"https:\\\/\\\/x.com\\\/APeneira\"]},{\"@type\":\"Person\",\"@id\":\"https:\\\/\\\/www.anovapeneira.gal\\\/#\\\/schema\\\/person\\\/b93e3f8932e3f8da96334607eb6ac6aa\",\"name\":\"Redacci\u00f3n A Nova Peneira\",\"image\":{\"@type\":\"ImageObject\",\"inLanguage\":\"gl-ES\",\"@id\":\"https:\\\/\\\/secure.gravatar.com\\\/avatar\\\/c052a2551a06e23fac63626232eaa90abd78dbcf1700fc46a2b2c89fd27b735f?s=96&d=mm&r=g\",\"url\":\"https:\\\/\\\/secure.gravatar.com\\\/avatar\\\/c052a2551a06e23fac63626232eaa90abd78dbcf1700fc46a2b2c89fd27b735f?s=96&d=mm&r=g\",\"contentUrl\":\"https:\\\/\\\/secure.gravatar.com\\\/avatar\\\/c052a2551a06e23fac63626232eaa90abd78dbcf1700fc46a2b2c89fd27b735f?s=96&d=mm&r=g\",\"caption\":\"Redacci\u00f3n A Nova Peneira\"},\"sameAs\":[\"http:\\\/\\\/www.anovapeneira.gal\\\/\"],\"url\":\"https:\\\/\\\/www.anovapeneira.gal\\\/index.php\\\/author\\\/redactor\\\/\"}]}<\/script>\n<!-- \/ Yoast SEO plugin. -->","yoast_head_json":{"title":"Tomi\u00f1o rexeita o proxecto e\u00f3lico da Serra da Groba -","description":"A proposta sa\u00edu adiante cos votos a favor de BNG e PSOE, que denuncian a opacidade da adxudicaci\u00f3n do parque, esixindo a s\u00faa paralizaci\u00f3n","robots":{"index":"index","follow":"follow","max-snippet":"max-snippet:-1","max-image-preview":"max-image-preview:large","max-video-preview":"max-video-preview:-1"},"canonical":"https:\/\/www.anovapeneira.gal\/index.php\/2021\/01\/21\/tomino-rexeita-o-proxecto-eolico-da-serra-da-groba\/","og_locale":"gl_ES","og_type":"article","og_title":"Tomi\u00f1o rexeita o proxecto e\u00f3lico da Serra da Groba -","og_description":"A proposta sa\u00edu adiante cos votos a favor de BNG e PSOE, que denuncian a opacidade da adxudicaci\u00f3n do parque, esixindo a s\u00faa paralizaci\u00f3n","og_url":"https:\/\/www.anovapeneira.gal\/index.php\/2021\/01\/21\/tomino-rexeita-o-proxecto-eolico-da-serra-da-groba\/","article_publisher":"https:\/\/www.facebook.com\/anovapeneira","article_published_time":"2021-01-21T09:00:36+00:00","og_image":[{"width":720,"height":432,"url":"https:\/\/www.anovapeneira.gal\/wp-content\/uploads\/2021\/01\/eolico.jpg","type":"image\/jpeg"}],"author":"Redacci\u00f3n A Nova Peneira","twitter_card":"summary_large_image","twitter_creator":"@APeneira","twitter_site":"@APeneira","twitter_misc":{"Escrito por":"Redacci\u00f3n A Nova Peneira","Tempo de lectura":"2 minutos"},"schema":{"@context":"https:\/\/schema.org","@graph":[{"@type":"Article","@id":"https:\/\/www.anovapeneira.gal\/index.php\/2021\/01\/21\/tomino-rexeita-o-proxecto-eolico-da-serra-da-groba\/#article","isPartOf":{"@id":"https:\/\/www.anovapeneira.gal\/index.php\/2021\/01\/21\/tomino-rexeita-o-proxecto-eolico-da-serra-da-groba\/"},"author":{"name":"Redacci\u00f3n A Nova Peneira","@id":"https:\/\/www.anovapeneira.gal\/#\/schema\/person\/b93e3f8932e3f8da96334607eb6ac6aa"},"headline":"Tomi\u00f1o rexeita o proxecto e\u00f3lico da Serra da Groba","datePublished":"2021-01-21T09:00:36+00:00","mainEntityOfPage":{"@id":"https:\/\/www.anovapeneira.gal\/index.php\/2021\/01\/21\/tomino-rexeita-o-proxecto-eolico-da-serra-da-groba\/"},"wordCount":400,"commentCount":0,"publisher":{"@id":"https:\/\/www.anovapeneira.gal\/#organization"},"image":{"@id":"https:\/\/www.anovapeneira.gal\/index.php\/2021\/01\/21\/tomino-rexeita-o-proxecto-eolico-da-serra-da-groba\/#primaryimage"},"thumbnailUrl":"https:\/\/www.anovapeneira.gal\/wp-content\/uploads\/2021\/01\/eolico.jpg","keywords":["Concello de Tomi\u00f1o"],"articleSection":["Baixo Mi\u00f1o"],"inLanguage":"gl-ES","potentialAction":[{"@type":"CommentAction","name":"Comment","target":["https:\/\/www.anovapeneira.gal\/index.php\/2021\/01\/21\/tomino-rexeita-o-proxecto-eolico-da-serra-da-groba\/#respond"]}]},{"@type":"WebPage","@id":"https:\/\/www.anovapeneira.gal\/index.php\/2021\/01\/21\/tomino-rexeita-o-proxecto-eolico-da-serra-da-groba\/","url":"https:\/\/www.anovapeneira.gal\/index.php\/2021\/01\/21\/tomino-rexeita-o-proxecto-eolico-da-serra-da-groba\/","name":"Tomi\u00f1o rexeita o proxecto e\u00f3lico da Serra da Groba -","isPartOf":{"@id":"https:\/\/www.anovapeneira.gal\/#website"},"primaryImageOfPage":{"@id":"https:\/\/www.anovapeneira.gal\/index.php\/2021\/01\/21\/tomino-rexeita-o-proxecto-eolico-da-serra-da-groba\/#primaryimage"},"image":{"@id":"https:\/\/www.anovapeneira.gal\/index.php\/2021\/01\/21\/tomino-rexeita-o-proxecto-eolico-da-serra-da-groba\/#primaryimage"},"thumbnailUrl":"https:\/\/www.anovapeneira.gal\/wp-content\/uploads\/2021\/01\/eolico.jpg","datePublished":"2021-01-21T09:00:36+00:00","description":"A proposta sa\u00edu adiante cos votos a favor de BNG e PSOE, que denuncian a opacidade da adxudicaci\u00f3n do parque, esixindo a s\u00faa paralizaci\u00f3n","breadcrumb":{"@id":"https:\/\/www.anovapeneira.gal\/index.php\/2021\/01\/21\/tomino-rexeita-o-proxecto-eolico-da-serra-da-groba\/#breadcrumb"},"inLanguage":"gl-ES","potentialAction":[{"@type":"ReadAction","target":["https:\/\/www.anovapeneira.gal\/index.php\/2021\/01\/21\/tomino-rexeita-o-proxecto-eolico-da-serra-da-groba\/"]}]},{"@type":"ImageObject","inLanguage":"gl-ES","@id":"https:\/\/www.anovapeneira.gal\/index.php\/2021\/01\/21\/tomino-rexeita-o-proxecto-eolico-da-serra-da-groba\/#primaryimage","url":"https:\/\/www.anovapeneira.gal\/wp-content\/uploads\/2021\/01\/eolico.jpg","contentUrl":"https:\/\/www.anovapeneira.gal\/wp-content\/uploads\/2021\/01\/eolico.jpg","width":720,"height":432,"caption":"Tomi\u00f1o rexeita o proxecto e\u00f3lico da Serra da Groba"},{"@type":"BreadcrumbList","@id":"https:\/\/www.anovapeneira.gal\/index.php\/2021\/01\/21\/tomino-rexeita-o-proxecto-eolico-da-serra-da-groba\/#breadcrumb","itemListElement":[{"@type":"ListItem","position":1,"name":"Portada","item":"https:\/\/www.anovapeneira.gal\/"},{"@type":"ListItem","position":2,"name":"Tomi\u00f1o rexeita o proxecto e\u00f3lico da Serra da Groba"}]},{"@type":"WebSite","@id":"https:\/\/www.anovapeneira.gal\/#website","url":"https:\/\/www.anovapeneira.gal\/","name":"","description":"Xornal galego de informaci\u00f3n xeral Publicaci\u00f3n mensual de novas de Galicia e en especial dos Concellos da sur da provincia de Pontevedra.","publisher":{"@id":"https:\/\/www.anovapeneira.gal\/#organization"},"potentialAction":[{"@type":"SearchAction","target":{"@type":"EntryPoint","urlTemplate":"https:\/\/www.anovapeneira.gal\/?s={search_term_string}"},"query-input":{"@type":"PropertyValueSpecification","valueRequired":true,"valueName":"search_term_string"}}],"inLanguage":"gl-ES"},{"@type":"Organization","@id":"https:\/\/www.anovapeneira.gal\/#organization","name":"A Nova Peneira","url":"https:\/\/www.anovapeneira.gal\/","logo":{"@type":"ImageObject","inLanguage":"gl-ES","@id":"https:\/\/www.anovapeneira.gal\/#\/schema\/logo\/image\/","url":"http:\/\/www.anovapeneira.gal\/wp-content\/uploads\/2019\/06\/logo_a_nova_peneira_portal_web.png","contentUrl":"http:\/\/www.anovapeneira.gal\/wp-content\/uploads\/2019\/06\/logo_a_nova_peneira_portal_web.png","width":300,"height":100,"caption":"A Nova Peneira"},"image":{"@id":"https:\/\/www.anovapeneira.gal\/#\/schema\/logo\/image\/"},"sameAs":["https:\/\/www.facebook.com\/anovapeneira","https:\/\/x.com\/APeneira"]},{"@type":"Person","@id":"https:\/\/www.anovapeneira.gal\/#\/schema\/person\/b93e3f8932e3f8da96334607eb6ac6aa","name":"Redacci\u00f3n A Nova Peneira","image":{"@type":"ImageObject","inLanguage":"gl-ES","@id":"https:\/\/secure.gravatar.com\/avatar\/c052a2551a06e23fac63626232eaa90abd78dbcf1700fc46a2b2c89fd27b735f?s=96&d=mm&r=g","url":"https:\/\/secure.gravatar.com\/avatar\/c052a2551a06e23fac63626232eaa90abd78dbcf1700fc46a2b2c89fd27b735f?s=96&d=mm&r=g","contentUrl":"https:\/\/secure.gravatar.com\/avatar\/c052a2551a06e23fac63626232eaa90abd78dbcf1700fc46a2b2c89fd27b735f?s=96&d=mm&r=g","caption":"Redacci\u00f3n A Nova Peneira"},"sameAs":["http:\/\/www.anovapeneira.gal\/"],"url":"https:\/\/www.anovapeneira.gal\/index.php\/author\/redactor\/"}]}},"jetpack_featured_media_url":"https:\/\/www.anovapeneira.gal\/wp-content\/uploads\/2021\/01\/eolico.jpg","_links":{"self":[{"href":"https:\/\/www.anovapeneira.gal\/index.php\/wp-json\/wp\/v2\/posts\/4695","targetHints":{"allow":["GET"]}}],"collection":[{"href":"https:\/\/www.anovapeneira.gal\/index.php\/wp-json\/wp\/v2\/posts"}],"about":[{"href":"https:\/\/www.anovapeneira.gal\/index.php\/wp-json\/wp\/v2\/types\/post"}],"author":[{"embeddable":true,"href":"https:\/\/www.anovapeneira.gal\/index.php\/wp-json\/wp\/v2\/users\/3"}],"replies":[{"embeddable":true,"href":"https:\/\/www.anovapeneira.gal\/index.php\/wp-json\/wp\/v2\/comments?post=4695"}],"version-history":[{"count":2,"href":"https:\/\/www.anovapeneira.gal\/index.php\/wp-json\/wp\/v2\/posts\/4695\/revisions"}],"predecessor-version":[{"id":4698,"href":"https:\/\/www.anovapeneira.gal\/index.php\/wp-json\/wp\/v2\/posts\/4695\/revisions\/4698"}],"wp:featuredmedia":[{"embeddable":true,"href":"https:\/\/www.anovapeneira.gal\/index.php\/wp-json\/wp\/v2\/media\/4696"}],"wp:attachment":[{"href":"https:\/\/www.anovapeneira.gal\/index.php\/wp-json\/wp\/v2\/media?parent=4695"}],"wp:term":[{"taxonomy":"category","embeddable":true,"href":"https:\/\/www.anovapeneira.gal\/index.php\/wp-json\/wp\/v2\/categories?post=4695"},{"taxonomy":"post_tag","embeddable":true,"href":"https:\/\/www.anovapeneira.gal\/index.php\/wp-json\/wp\/v2\/tags?post=4695"}],"curies":[{"name":"wp","href":"https:\/\/api.w.org\/{rel}","templated":true}]}}