{"id":4705,"date":"2021-01-22T12:00:21","date_gmt":"2021-01-22T11:00:21","guid":{"rendered":"http:\/\/www.anovapeneira.gal\/?p=4705"},"modified":"2021-01-24T09:01:32","modified_gmt":"2021-01-24T08:01:32","slug":"acacia-paid-a-abolicion-do-isolamento-nas-prisions","status":"publish","type":"post","link":"https:\/\/www.anovapeneira.gal\/index.php\/2021\/01\/22\/acacia-paid-a-abolicion-do-isolamento-nas-prisions\/","title":{"rendered":"Acacia paid a abolici\u00f3n do isolamento nas prisi\u00f3ns"},"content":{"rendered":"\n<p>En anexo: manifesto &#8220;O c\u00e1rcere dentro do c\u00e1rcere&#8221;<\/p>\n\n\n\n<p><strong>Compostela, 11 de xaneiro de 2021.<\/strong><\/p>\n\n\n\n<p>EsCULcA pide acabar co r\u00e9xime de confinamento solitario nas prisi\u00f3ns do Estado espa\u00f1ol. A organizaci\u00f3n galega de defensa dos dereitos e liberdades considera que &#8220;o isolamento prisional implica un trato cruel, inhumano e degradante para as persoas, e constit\u00fae en si mesmo unha forma de tortura&#8221;.<\/p>\n\n\n\n<p>EsCULcA elevar\u00e1 esta reclamaci\u00f3n \u00e1s e os representantes pol\u00edticos galegos dentro dunha campa\u00f1a estatal de asociaci\u00f3ns de dereitos humanos que, nun manifesto titulado&nbsp;<em>O c\u00e1rcere dentro do c\u00e1rcere<\/em>, denuncian que &#8220;o r\u00e9xime de confinamento solitario \u00e9 aplicado de maneira costumeira contra a lexislaci\u00f3n que o regula, e sempre vulnerando os dereitos das persoas sobre as que se aplica segundo est\u00e1n recollidos nos tratados internacionais&#8221;.<\/p>\n\n\n\n<p>O r\u00e9xime de isolamento sup\u00f3n, entre outras cuesti\u00f3ns, a limitaci\u00f3n das sa\u00eddas ao patio (entre 2 e 4 horas ao d\u00eda, ou at\u00e9 6 horas na Catalunya, que ten competencia en materia de execuci\u00f3n penitenciaria), a limitaci\u00f3n dos contactos con outras persoas presas, a limitaci\u00f3n dos obxectos permitidos na cela, comidas en solitario, e restrici\u00f3n das comunicaci\u00f3ns con persoas do exterior (limitaci\u00f3n a d\u00faas cartas semanais).<\/p>\n\n\n\n<p>Na Galiza a poboaci\u00f3n reclu\u00edda en centros carcerarios supera as tres mil persoas \u2013son 3.200, segundo o Informe 2019 do Mecanismo estatal de prevenci\u00f3n da tortura (MNPT), que depende do Defensor del Pueblo\u2013, o que sup\u00f3n un 5,4% das presas e presos no conxunto do Estado espa\u00f1ol (58.517 persoas).<\/p>\n\n\n\n<p>Nas prisi\u00f3ns do Estado prod\u00facense cada ano centos de casos de confinamento solitario, que afectan a presas e presos en r\u00e9xime de primeiro grado (1.702 persoas, cos datos de 2019). Mais non hai datos p\u00fablicos oficiais sobre as pr\u00e1cticas de isolamento ou confinamento solitario.<\/p>\n\n\n\n<p>Nun relatorio de 2016 da Coordinadora catal\u00e1 para a prevenci\u00f3n e denuncia da tortura, os autores indicaban que a cifra de expedientes de isolamento nas prisi\u00f3ns catal\u00e1s o ano anterior fora de 226 e cunha poboaci\u00f3n de 173 persoas presas en r\u00e9xime de primeiro grado.<\/p>\n\n\n\n<p>&#8220;A falta de contacto humano e de actividade trad\u00facense nun prexu\u00edzo serio para a sa\u00fade f\u00edsica e mental de quen a sofre (&#8230;) Ali\u00e1s, tr\u00e1tase de espazos onde en moitos casos se favorece a pr\u00e1ctica de abusos por parte de funcionarios&#8221;, denuncia o manifesto que presenta Esculca.<\/p>\n\n\n\n<p>As queixas e denuncias sobre abusos do confinamento solitario nas prisi\u00f3ns son constantes, e non s\u00f3 de parte da Coordinadora estatal de prevenci\u00f3n da tortura (os \u00faltimos relatorios referidos aos anos 2015 e 2017), mesmo as Naci\u00f3ns Unidas e o Goberno do Estado a trav\u00e9s do Defensor del Pueblo deixan constancia da existencia destes abusos.<\/p>\n\n\n\n<p><strong>Evidencias de incumprimento da lei<\/strong><\/p>\n\n\n\n<p>No informe de 2018 do MNPT advert\u00edase sobre aplicaci\u00f3ns do artigo 75 do R\u00e9gimen Penitenciario &#8220;especialmente prolongadas&#8221; no C.P. Quatre Camins en Barcelona. Este artigo regula as limitaci\u00f3ns ao r\u00e9xime de vida dos internos. O mesmo informe subli\u00f1aba que na visita efectuada &#8220;comprobouse que un interno levaba sometido a esta situaci\u00f3n [de isolamento] desde hai m\u00e1is de un ano&#8221;.<\/p>\n\n\n\n<p>No ano 2004, a Oficina do Alta Comisionado das Naci\u00f3ns Unidas para os Dereitos Humanos publicou o&nbsp;<em>Manual da capacitaci\u00f3n en dereitos humanos para funcionarios de prisi\u00f3ns<\/em>&nbsp;no que establec\u00eda unha serie de principios b\u00e1sicos para o tratamento de reclusos. O principio 7 di as\u00ed: &#8220;Tratarase de abolir ou restrinxir o uso do isolamento en celas de castigo como sanci\u00f3n disciplinaria e alentarase a s\u00faa abolici\u00f3n ou restrici\u00f3n&#8221;.<\/p>\n\n\n\n<p>Malia as recomendaci\u00f3ns internacionais, os relatores que visitaron diferentes centros carcerarios no Estado espa\u00f1ol, entre eles, dous na Galiza, para elaborar o \u00faltimo informe (2019) do MNPT advirten: &#8220;Durante as visitas efectuadas, seguiuse a constatar que o emprego de medios coercitivos \u00e9 profuso. Efectivamente, o isolamento provisional, a forza f\u00edsica e as suxeici\u00f3ns mec\u00e1nicas son bastante frecuentes na maior\u00eda dos centros&#8221;.<\/p>\n\n\n\n<p>O manifesto que agora difunde EsCULcA alerta de que sobre os castigos con confinamento solitario, regulados &#8220;en instruci\u00f3ns, circulares e ordes de servizo&#8221;, hai prohibici\u00f3n expresa de que non duren m\u00e1is de 14 d\u00edas, mais ese l\u00edmite \u00e9 incumprido &#8220;de maneira arbitraria nos c\u00e1rceres&#8221; chegando a ser aplicado nalg\u00fans casos durante anos a pesar das constantes recomendaci\u00f3ns e denuncias de organismos estatais e internacionais.<\/p>\n\n\n\n<p><strong>EsCULcA &#8211; Observatorio para a Defensa dos Dereitos e Liberdades<\/strong><\/p>\n\n\n\n<p><strong>Manifesto:<\/strong>&nbsp;<a href=\"https:\/\/esculca.gal\/o-carcere-dentro-do-carcere\/\" target=\"_blank\" rel=\"noreferrer noopener\">https:\/\/esculca.gal\/o-carcere-dentro-do-carcere\/<\/a><\/p>\n","protected":false},"excerpt":{"rendered":"<div class=\"mh-excerpt\"><p>EsCULcA pide acabar co r\u00e9xime de confinamento solitario nas prisi\u00f3ns do Estado espa\u00f1ol. A organizaci\u00f3n galega de defensa dos dereitos e liberdades considera que &#8220;o isolamento prisional implica un trato cruel, inhumano e degradante para as persoas, e constit\u00fae en si mesmo unha forma de tortura&#8221;. <a class=\"mh-excerpt-more\" href=\"https:\/\/www.anovapeneira.gal\/index.php\/2021\/01\/22\/acacia-paid-a-abolicion-do-isolamento-nas-prisions\/\" title=\"Acacia paid a abolici\u00f3n do isolamento nas prisi\u00f3ns\">[&#8230;]<\/a><\/p>\n<\/div>","protected":false},"author":3,"featured_media":4707,"comment_status":"open","ping_status":"open","sticky":false,"template":"","format":"standard","meta":{"_exactmetrics_skip_tracking":false,"_exactmetrics_sitenote_active":false,"_exactmetrics_sitenote_note":"","_exactmetrics_sitenote_category":0,"footnotes":""},"categories":[263],"tags":[],"class_list":{"0":"post-4705","1":"post","2":"type-post","3":"status-publish","4":"format-standard","5":"has-post-thumbnail","7":"category-novas"},"yoast_head":"<!-- This site is optimized with the Yoast SEO plugin v27.4 - https:\/\/yoast.com\/product\/yoast-seo-wordpress\/ -->\n<title>Acacia paid a abolici\u00f3n do isolamento nas prisi\u00f3ns -<\/title>\n<meta name=\"description\" content=\"EsCULcA pide acabar co r\u00e9xime de confinamento solitario nas prisi\u00f3ns do Estado espa\u00f1ol. A organizaci\u00f3n galega de defensa dos dereitos e liberdades considera que &quot;o isolamento prisional implica un trato cruel, inhumano e degradante para as persoas, e constit\u00fae en si mesmo unha forma de tortura&quot;.\" \/>\n<meta name=\"robots\" content=\"index, follow, max-snippet:-1, max-image-preview:large, max-video-preview:-1\" \/>\n<link rel=\"canonical\" href=\"https:\/\/www.anovapeneira.gal\/index.php\/2021\/01\/22\/acacia-paid-a-abolicion-do-isolamento-nas-prisions\/\" \/>\n<meta property=\"og:locale\" content=\"gl_ES\" \/>\n<meta property=\"og:type\" content=\"article\" \/>\n<meta property=\"og:title\" content=\"Acacia paid a abolici\u00f3n do isolamento nas prisi\u00f3ns -\" \/>\n<meta property=\"og:description\" content=\"EsCULcA pide acabar co r\u00e9xime de confinamento solitario nas prisi\u00f3ns do Estado espa\u00f1ol. A organizaci\u00f3n galega de defensa dos dereitos e liberdades considera que &quot;o isolamento prisional implica un trato cruel, inhumano e degradante para as persoas, e constit\u00fae en si mesmo unha forma de tortura&quot;.\" \/>\n<meta property=\"og:url\" content=\"https:\/\/www.anovapeneira.gal\/index.php\/2021\/01\/22\/acacia-paid-a-abolicion-do-isolamento-nas-prisions\/\" \/>\n<meta property=\"article:publisher\" content=\"https:\/\/www.facebook.com\/anovapeneira\" \/>\n<meta property=\"article:published_time\" content=\"2021-01-22T11:00:21+00:00\" \/>\n<meta property=\"article:modified_time\" content=\"2021-01-24T08:01:32+00:00\" \/>\n<meta property=\"og:image\" content=\"https:\/\/www.anovapeneira.gal\/wp-content\/uploads\/2021\/01\/acacia_paid.jpg\" \/>\n\t<meta property=\"og:image:width\" content=\"720\" \/>\n\t<meta property=\"og:image:height\" content=\"432\" \/>\n\t<meta property=\"og:image:type\" content=\"image\/jpeg\" \/>\n<meta name=\"author\" content=\"Redacci\u00f3n A Nova Peneira\" \/>\n<meta name=\"twitter:card\" content=\"summary_large_image\" \/>\n<meta name=\"twitter:creator\" content=\"@APeneira\" \/>\n<meta name=\"twitter:site\" content=\"@APeneira\" \/>\n<meta name=\"twitter:label1\" content=\"Escrito por\" \/>\n\t<meta name=\"twitter:data1\" content=\"Redacci\u00f3n A Nova Peneira\" \/>\n\t<meta name=\"twitter:label2\" content=\"Tempo de lectura\" \/>\n\t<meta name=\"twitter:data2\" content=\"4 minutos\" \/>\n<script type=\"application\/ld+json\" class=\"yoast-schema-graph\">{\"@context\":\"https:\\\/\\\/schema.org\",\"@graph\":[{\"@type\":\"Article\",\"@id\":\"https:\\\/\\\/www.anovapeneira.gal\\\/index.php\\\/2021\\\/01\\\/22\\\/acacia-paid-a-abolicion-do-isolamento-nas-prisions\\\/#article\",\"isPartOf\":{\"@id\":\"https:\\\/\\\/www.anovapeneira.gal\\\/index.php\\\/2021\\\/01\\\/22\\\/acacia-paid-a-abolicion-do-isolamento-nas-prisions\\\/\"},\"author\":{\"name\":\"Redacci\u00f3n A Nova Peneira\",\"@id\":\"https:\\\/\\\/www.anovapeneira.gal\\\/#\\\/schema\\\/person\\\/b93e3f8932e3f8da96334607eb6ac6aa\"},\"headline\":\"Acacia paid a abolici\u00f3n do isolamento nas prisi\u00f3ns\",\"datePublished\":\"2021-01-22T11:00:21+00:00\",\"dateModified\":\"2021-01-24T08:01:32+00:00\",\"mainEntityOfPage\":{\"@id\":\"https:\\\/\\\/www.anovapeneira.gal\\\/index.php\\\/2021\\\/01\\\/22\\\/acacia-paid-a-abolicion-do-isolamento-nas-prisions\\\/\"},\"wordCount\":777,\"commentCount\":0,\"publisher\":{\"@id\":\"https:\\\/\\\/www.anovapeneira.gal\\\/#organization\"},\"image\":{\"@id\":\"https:\\\/\\\/www.anovapeneira.gal\\\/index.php\\\/2021\\\/01\\\/22\\\/acacia-paid-a-abolicion-do-isolamento-nas-prisions\\\/#primaryimage\"},\"thumbnailUrl\":\"https:\\\/\\\/www.anovapeneira.gal\\\/wp-content\\\/uploads\\\/2021\\\/01\\\/acacia_paid.jpg\",\"articleSection\":[\"Novas\"],\"inLanguage\":\"gl-ES\",\"potentialAction\":[{\"@type\":\"CommentAction\",\"name\":\"Comment\",\"target\":[\"https:\\\/\\\/www.anovapeneira.gal\\\/index.php\\\/2021\\\/01\\\/22\\\/acacia-paid-a-abolicion-do-isolamento-nas-prisions\\\/#respond\"]}]},{\"@type\":\"WebPage\",\"@id\":\"https:\\\/\\\/www.anovapeneira.gal\\\/index.php\\\/2021\\\/01\\\/22\\\/acacia-paid-a-abolicion-do-isolamento-nas-prisions\\\/\",\"url\":\"https:\\\/\\\/www.anovapeneira.gal\\\/index.php\\\/2021\\\/01\\\/22\\\/acacia-paid-a-abolicion-do-isolamento-nas-prisions\\\/\",\"name\":\"Acacia paid a abolici\u00f3n do isolamento nas prisi\u00f3ns -\",\"isPartOf\":{\"@id\":\"https:\\\/\\\/www.anovapeneira.gal\\\/#website\"},\"primaryImageOfPage\":{\"@id\":\"https:\\\/\\\/www.anovapeneira.gal\\\/index.php\\\/2021\\\/01\\\/22\\\/acacia-paid-a-abolicion-do-isolamento-nas-prisions\\\/#primaryimage\"},\"image\":{\"@id\":\"https:\\\/\\\/www.anovapeneira.gal\\\/index.php\\\/2021\\\/01\\\/22\\\/acacia-paid-a-abolicion-do-isolamento-nas-prisions\\\/#primaryimage\"},\"thumbnailUrl\":\"https:\\\/\\\/www.anovapeneira.gal\\\/wp-content\\\/uploads\\\/2021\\\/01\\\/acacia_paid.jpg\",\"datePublished\":\"2021-01-22T11:00:21+00:00\",\"dateModified\":\"2021-01-24T08:01:32+00:00\",\"description\":\"EsCULcA pide acabar co r\u00e9xime de confinamento solitario nas prisi\u00f3ns do Estado espa\u00f1ol. A organizaci\u00f3n galega de defensa dos dereitos e liberdades considera que \\\"o isolamento prisional implica un trato cruel, inhumano e degradante para as persoas, e constit\u00fae en si mesmo unha forma de tortura\\\".\",\"breadcrumb\":{\"@id\":\"https:\\\/\\\/www.anovapeneira.gal\\\/index.php\\\/2021\\\/01\\\/22\\\/acacia-paid-a-abolicion-do-isolamento-nas-prisions\\\/#breadcrumb\"},\"inLanguage\":\"gl-ES\",\"potentialAction\":[{\"@type\":\"ReadAction\",\"target\":[\"https:\\\/\\\/www.anovapeneira.gal\\\/index.php\\\/2021\\\/01\\\/22\\\/acacia-paid-a-abolicion-do-isolamento-nas-prisions\\\/\"]}]},{\"@type\":\"ImageObject\",\"inLanguage\":\"gl-ES\",\"@id\":\"https:\\\/\\\/www.anovapeneira.gal\\\/index.php\\\/2021\\\/01\\\/22\\\/acacia-paid-a-abolicion-do-isolamento-nas-prisions\\\/#primaryimage\",\"url\":\"https:\\\/\\\/www.anovapeneira.gal\\\/wp-content\\\/uploads\\\/2021\\\/01\\\/acacia_paid.jpg\",\"contentUrl\":\"https:\\\/\\\/www.anovapeneira.gal\\\/wp-content\\\/uploads\\\/2021\\\/01\\\/acacia_paid.jpg\",\"width\":720,\"height\":432,\"caption\":\"Acacia paid a abolici\u00f3n do isolamento nas prisi\u00f3ns\"},{\"@type\":\"BreadcrumbList\",\"@id\":\"https:\\\/\\\/www.anovapeneira.gal\\\/index.php\\\/2021\\\/01\\\/22\\\/acacia-paid-a-abolicion-do-isolamento-nas-prisions\\\/#breadcrumb\",\"itemListElement\":[{\"@type\":\"ListItem\",\"position\":1,\"name\":\"Portada\",\"item\":\"https:\\\/\\\/www.anovapeneira.gal\\\/\"},{\"@type\":\"ListItem\",\"position\":2,\"name\":\"Acacia paid a abolici\u00f3n do isolamento nas prisi\u00f3ns\"}]},{\"@type\":\"WebSite\",\"@id\":\"https:\\\/\\\/www.anovapeneira.gal\\\/#website\",\"url\":\"https:\\\/\\\/www.anovapeneira.gal\\\/\",\"name\":\"\",\"description\":\"Xornal galego de informaci\u00f3n xeral Publicaci\u00f3n mensual de novas de Galicia e en especial dos Concellos da sur da provincia de Pontevedra.\",\"publisher\":{\"@id\":\"https:\\\/\\\/www.anovapeneira.gal\\\/#organization\"},\"potentialAction\":[{\"@type\":\"SearchAction\",\"target\":{\"@type\":\"EntryPoint\",\"urlTemplate\":\"https:\\\/\\\/www.anovapeneira.gal\\\/?s={search_term_string}\"},\"query-input\":{\"@type\":\"PropertyValueSpecification\",\"valueRequired\":true,\"valueName\":\"search_term_string\"}}],\"inLanguage\":\"gl-ES\"},{\"@type\":\"Organization\",\"@id\":\"https:\\\/\\\/www.anovapeneira.gal\\\/#organization\",\"name\":\"A Nova Peneira\",\"url\":\"https:\\\/\\\/www.anovapeneira.gal\\\/\",\"logo\":{\"@type\":\"ImageObject\",\"inLanguage\":\"gl-ES\",\"@id\":\"https:\\\/\\\/www.anovapeneira.gal\\\/#\\\/schema\\\/logo\\\/image\\\/\",\"url\":\"http:\\\/\\\/www.anovapeneira.gal\\\/wp-content\\\/uploads\\\/2019\\\/06\\\/logo_a_nova_peneira_portal_web.png\",\"contentUrl\":\"http:\\\/\\\/www.anovapeneira.gal\\\/wp-content\\\/uploads\\\/2019\\\/06\\\/logo_a_nova_peneira_portal_web.png\",\"width\":300,\"height\":100,\"caption\":\"A Nova Peneira\"},\"image\":{\"@id\":\"https:\\\/\\\/www.anovapeneira.gal\\\/#\\\/schema\\\/logo\\\/image\\\/\"},\"sameAs\":[\"https:\\\/\\\/www.facebook.com\\\/anovapeneira\",\"https:\\\/\\\/x.com\\\/APeneira\"]},{\"@type\":\"Person\",\"@id\":\"https:\\\/\\\/www.anovapeneira.gal\\\/#\\\/schema\\\/person\\\/b93e3f8932e3f8da96334607eb6ac6aa\",\"name\":\"Redacci\u00f3n A Nova Peneira\",\"image\":{\"@type\":\"ImageObject\",\"inLanguage\":\"gl-ES\",\"@id\":\"https:\\\/\\\/secure.gravatar.com\\\/avatar\\\/c052a2551a06e23fac63626232eaa90abd78dbcf1700fc46a2b2c89fd27b735f?s=96&d=mm&r=g\",\"url\":\"https:\\\/\\\/secure.gravatar.com\\\/avatar\\\/c052a2551a06e23fac63626232eaa90abd78dbcf1700fc46a2b2c89fd27b735f?s=96&d=mm&r=g\",\"contentUrl\":\"https:\\\/\\\/secure.gravatar.com\\\/avatar\\\/c052a2551a06e23fac63626232eaa90abd78dbcf1700fc46a2b2c89fd27b735f?s=96&d=mm&r=g\",\"caption\":\"Redacci\u00f3n A Nova Peneira\"},\"sameAs\":[\"http:\\\/\\\/www.anovapeneira.gal\\\/\"],\"url\":\"https:\\\/\\\/www.anovapeneira.gal\\\/index.php\\\/author\\\/redactor\\\/\"}]}<\/script>\n<!-- \/ Yoast SEO plugin. -->","yoast_head_json":{"title":"Acacia paid a abolici\u00f3n do isolamento nas prisi\u00f3ns -","description":"EsCULcA pide acabar co r\u00e9xime de confinamento solitario nas prisi\u00f3ns do Estado espa\u00f1ol. A organizaci\u00f3n galega de defensa dos dereitos e liberdades considera que \"o isolamento prisional implica un trato cruel, inhumano e degradante para as persoas, e constit\u00fae en si mesmo unha forma de tortura\".","robots":{"index":"index","follow":"follow","max-snippet":"max-snippet:-1","max-image-preview":"max-image-preview:large","max-video-preview":"max-video-preview:-1"},"canonical":"https:\/\/www.anovapeneira.gal\/index.php\/2021\/01\/22\/acacia-paid-a-abolicion-do-isolamento-nas-prisions\/","og_locale":"gl_ES","og_type":"article","og_title":"Acacia paid a abolici\u00f3n do isolamento nas prisi\u00f3ns -","og_description":"EsCULcA pide acabar co r\u00e9xime de confinamento solitario nas prisi\u00f3ns do Estado espa\u00f1ol. A organizaci\u00f3n galega de defensa dos dereitos e liberdades considera que \"o isolamento prisional implica un trato cruel, inhumano e degradante para as persoas, e constit\u00fae en si mesmo unha forma de tortura\".","og_url":"https:\/\/www.anovapeneira.gal\/index.php\/2021\/01\/22\/acacia-paid-a-abolicion-do-isolamento-nas-prisions\/","article_publisher":"https:\/\/www.facebook.com\/anovapeneira","article_published_time":"2021-01-22T11:00:21+00:00","article_modified_time":"2021-01-24T08:01:32+00:00","og_image":[{"width":720,"height":432,"url":"https:\/\/www.anovapeneira.gal\/wp-content\/uploads\/2021\/01\/acacia_paid.jpg","type":"image\/jpeg"}],"author":"Redacci\u00f3n A Nova Peneira","twitter_card":"summary_large_image","twitter_creator":"@APeneira","twitter_site":"@APeneira","twitter_misc":{"Escrito por":"Redacci\u00f3n A Nova Peneira","Tempo de lectura":"4 minutos"},"schema":{"@context":"https:\/\/schema.org","@graph":[{"@type":"Article","@id":"https:\/\/www.anovapeneira.gal\/index.php\/2021\/01\/22\/acacia-paid-a-abolicion-do-isolamento-nas-prisions\/#article","isPartOf":{"@id":"https:\/\/www.anovapeneira.gal\/index.php\/2021\/01\/22\/acacia-paid-a-abolicion-do-isolamento-nas-prisions\/"},"author":{"name":"Redacci\u00f3n A Nova Peneira","@id":"https:\/\/www.anovapeneira.gal\/#\/schema\/person\/b93e3f8932e3f8da96334607eb6ac6aa"},"headline":"Acacia paid a abolici\u00f3n do isolamento nas prisi\u00f3ns","datePublished":"2021-01-22T11:00:21+00:00","dateModified":"2021-01-24T08:01:32+00:00","mainEntityOfPage":{"@id":"https:\/\/www.anovapeneira.gal\/index.php\/2021\/01\/22\/acacia-paid-a-abolicion-do-isolamento-nas-prisions\/"},"wordCount":777,"commentCount":0,"publisher":{"@id":"https:\/\/www.anovapeneira.gal\/#organization"},"image":{"@id":"https:\/\/www.anovapeneira.gal\/index.php\/2021\/01\/22\/acacia-paid-a-abolicion-do-isolamento-nas-prisions\/#primaryimage"},"thumbnailUrl":"https:\/\/www.anovapeneira.gal\/wp-content\/uploads\/2021\/01\/acacia_paid.jpg","articleSection":["Novas"],"inLanguage":"gl-ES","potentialAction":[{"@type":"CommentAction","name":"Comment","target":["https:\/\/www.anovapeneira.gal\/index.php\/2021\/01\/22\/acacia-paid-a-abolicion-do-isolamento-nas-prisions\/#respond"]}]},{"@type":"WebPage","@id":"https:\/\/www.anovapeneira.gal\/index.php\/2021\/01\/22\/acacia-paid-a-abolicion-do-isolamento-nas-prisions\/","url":"https:\/\/www.anovapeneira.gal\/index.php\/2021\/01\/22\/acacia-paid-a-abolicion-do-isolamento-nas-prisions\/","name":"Acacia paid a abolici\u00f3n do isolamento nas prisi\u00f3ns -","isPartOf":{"@id":"https:\/\/www.anovapeneira.gal\/#website"},"primaryImageOfPage":{"@id":"https:\/\/www.anovapeneira.gal\/index.php\/2021\/01\/22\/acacia-paid-a-abolicion-do-isolamento-nas-prisions\/#primaryimage"},"image":{"@id":"https:\/\/www.anovapeneira.gal\/index.php\/2021\/01\/22\/acacia-paid-a-abolicion-do-isolamento-nas-prisions\/#primaryimage"},"thumbnailUrl":"https:\/\/www.anovapeneira.gal\/wp-content\/uploads\/2021\/01\/acacia_paid.jpg","datePublished":"2021-01-22T11:00:21+00:00","dateModified":"2021-01-24T08:01:32+00:00","description":"EsCULcA pide acabar co r\u00e9xime de confinamento solitario nas prisi\u00f3ns do Estado espa\u00f1ol. A organizaci\u00f3n galega de defensa dos dereitos e liberdades considera que \"o isolamento prisional implica un trato cruel, inhumano e degradante para as persoas, e constit\u00fae en si mesmo unha forma de tortura\".","breadcrumb":{"@id":"https:\/\/www.anovapeneira.gal\/index.php\/2021\/01\/22\/acacia-paid-a-abolicion-do-isolamento-nas-prisions\/#breadcrumb"},"inLanguage":"gl-ES","potentialAction":[{"@type":"ReadAction","target":["https:\/\/www.anovapeneira.gal\/index.php\/2021\/01\/22\/acacia-paid-a-abolicion-do-isolamento-nas-prisions\/"]}]},{"@type":"ImageObject","inLanguage":"gl-ES","@id":"https:\/\/www.anovapeneira.gal\/index.php\/2021\/01\/22\/acacia-paid-a-abolicion-do-isolamento-nas-prisions\/#primaryimage","url":"https:\/\/www.anovapeneira.gal\/wp-content\/uploads\/2021\/01\/acacia_paid.jpg","contentUrl":"https:\/\/www.anovapeneira.gal\/wp-content\/uploads\/2021\/01\/acacia_paid.jpg","width":720,"height":432,"caption":"Acacia paid a abolici\u00f3n do isolamento nas prisi\u00f3ns"},{"@type":"BreadcrumbList","@id":"https:\/\/www.anovapeneira.gal\/index.php\/2021\/01\/22\/acacia-paid-a-abolicion-do-isolamento-nas-prisions\/#breadcrumb","itemListElement":[{"@type":"ListItem","position":1,"name":"Portada","item":"https:\/\/www.anovapeneira.gal\/"},{"@type":"ListItem","position":2,"name":"Acacia paid a abolici\u00f3n do isolamento nas prisi\u00f3ns"}]},{"@type":"WebSite","@id":"https:\/\/www.anovapeneira.gal\/#website","url":"https:\/\/www.anovapeneira.gal\/","name":"","description":"Xornal galego de informaci\u00f3n xeral Publicaci\u00f3n mensual de novas de Galicia e en especial dos Concellos da sur da provincia de Pontevedra.","publisher":{"@id":"https:\/\/www.anovapeneira.gal\/#organization"},"potentialAction":[{"@type":"SearchAction","target":{"@type":"EntryPoint","urlTemplate":"https:\/\/www.anovapeneira.gal\/?s={search_term_string}"},"query-input":{"@type":"PropertyValueSpecification","valueRequired":true,"valueName":"search_term_string"}}],"inLanguage":"gl-ES"},{"@type":"Organization","@id":"https:\/\/www.anovapeneira.gal\/#organization","name":"A Nova Peneira","url":"https:\/\/www.anovapeneira.gal\/","logo":{"@type":"ImageObject","inLanguage":"gl-ES","@id":"https:\/\/www.anovapeneira.gal\/#\/schema\/logo\/image\/","url":"http:\/\/www.anovapeneira.gal\/wp-content\/uploads\/2019\/06\/logo_a_nova_peneira_portal_web.png","contentUrl":"http:\/\/www.anovapeneira.gal\/wp-content\/uploads\/2019\/06\/logo_a_nova_peneira_portal_web.png","width":300,"height":100,"caption":"A Nova Peneira"},"image":{"@id":"https:\/\/www.anovapeneira.gal\/#\/schema\/logo\/image\/"},"sameAs":["https:\/\/www.facebook.com\/anovapeneira","https:\/\/x.com\/APeneira"]},{"@type":"Person","@id":"https:\/\/www.anovapeneira.gal\/#\/schema\/person\/b93e3f8932e3f8da96334607eb6ac6aa","name":"Redacci\u00f3n A Nova Peneira","image":{"@type":"ImageObject","inLanguage":"gl-ES","@id":"https:\/\/secure.gravatar.com\/avatar\/c052a2551a06e23fac63626232eaa90abd78dbcf1700fc46a2b2c89fd27b735f?s=96&d=mm&r=g","url":"https:\/\/secure.gravatar.com\/avatar\/c052a2551a06e23fac63626232eaa90abd78dbcf1700fc46a2b2c89fd27b735f?s=96&d=mm&r=g","contentUrl":"https:\/\/secure.gravatar.com\/avatar\/c052a2551a06e23fac63626232eaa90abd78dbcf1700fc46a2b2c89fd27b735f?s=96&d=mm&r=g","caption":"Redacci\u00f3n A Nova Peneira"},"sameAs":["http:\/\/www.anovapeneira.gal\/"],"url":"https:\/\/www.anovapeneira.gal\/index.php\/author\/redactor\/"}]}},"jetpack_featured_media_url":"https:\/\/www.anovapeneira.gal\/wp-content\/uploads\/2021\/01\/acacia_paid.jpg","_links":{"self":[{"href":"https:\/\/www.anovapeneira.gal\/index.php\/wp-json\/wp\/v2\/posts\/4705","targetHints":{"allow":["GET"]}}],"collection":[{"href":"https:\/\/www.anovapeneira.gal\/index.php\/wp-json\/wp\/v2\/posts"}],"about":[{"href":"https:\/\/www.anovapeneira.gal\/index.php\/wp-json\/wp\/v2\/types\/post"}],"author":[{"embeddable":true,"href":"https:\/\/www.anovapeneira.gal\/index.php\/wp-json\/wp\/v2\/users\/3"}],"replies":[{"embeddable":true,"href":"https:\/\/www.anovapeneira.gal\/index.php\/wp-json\/wp\/v2\/comments?post=4705"}],"version-history":[{"count":2,"href":"https:\/\/www.anovapeneira.gal\/index.php\/wp-json\/wp\/v2\/posts\/4705\/revisions"}],"predecessor-version":[{"id":4708,"href":"https:\/\/www.anovapeneira.gal\/index.php\/wp-json\/wp\/v2\/posts\/4705\/revisions\/4708"}],"wp:featuredmedia":[{"embeddable":true,"href":"https:\/\/www.anovapeneira.gal\/index.php\/wp-json\/wp\/v2\/media\/4707"}],"wp:attachment":[{"href":"https:\/\/www.anovapeneira.gal\/index.php\/wp-json\/wp\/v2\/media?parent=4705"}],"wp:term":[{"taxonomy":"category","embeddable":true,"href":"https:\/\/www.anovapeneira.gal\/index.php\/wp-json\/wp\/v2\/categories?post=4705"},{"taxonomy":"post_tag","embeddable":true,"href":"https:\/\/www.anovapeneira.gal\/index.php\/wp-json\/wp\/v2\/tags?post=4705"}],"curies":[{"name":"wp","href":"https:\/\/api.w.org\/{rel}","templated":true}]}}