{"id":4727,"date":"2021-01-26T10:00:09","date_gmt":"2021-01-26T09:00:09","guid":{"rendered":"http:\/\/www.anovapeneira.gal\/?p=4727"},"modified":"2021-01-24T09:01:55","modified_gmt":"2021-01-24T08:01:55","slug":"novo-remolque-de-emerxencias-para-proteccion-civil-do-rosal","status":"publish","type":"post","link":"https:\/\/www.anovapeneira.gal\/index.php\/2021\/01\/26\/novo-remolque-de-emerxencias-para-proteccion-civil-do-rosal\/","title":{"rendered":"Novo remolque de emerxencias para Protecci\u00f3n Civil do Rosal"},"content":{"rendered":"\n<h2 class=\"wp-block-heading\"><strong>De caracter\u00edsticas especiais para intervenci\u00f3ns en incidentes provocados por inundaci\u00f3ns e temporais e para desprazarse por zonas estreitas<\/strong><\/h2>\n\n\n\n<h4 class=\"wp-block-heading\"><strong>O Concello quere agradecer o gran labor desenvolvido polos voluntarios e voluntarias, que participaron en 116 operativos no Rosal e Oia en 2020<\/strong><\/h4>\n\n\n\n<p><strong>O Rosal, 14 de xaneiro de 2021.<\/strong><\/p>\n\n\n\n<p>Membros da <strong>Agrupaci\u00f3n de Voluntarios de Protecci\u00f3n Civil do Rosal <\/strong>acudiron este martes 19 en Vilaboa acompa\u00f1ados polo concelleiro Germ\u00e1n Fern\u00e1ndez para recoller o <strong>novo remolque<\/strong> entregado pola Xunta ao abeiro das subvenci\u00f3ns para equipamentos de emerxencias. Tr\u00e1tase dun remolque con <strong>caracter\u00edsticas especiais id\u00f3neo para intervenci\u00f3ns nos incidentes provocados por inundaci\u00f3ns e temporais<\/strong> e para desprazarse por aquelas zonas do Rosal que contan con r\u00faas e v\u00edas m\u00e1is estreitas.<\/p>\n\n\n\n<p>Este novo equipamento axudar\u00e1 a mellorar a capacidade das intervenci\u00f3ns da agrupaci\u00f3n, que soamente no <strong>ano 2020 participaron en 116 operativos<\/strong>, m\u00e1is dun cento no municipio rosaleiro e 15 no concello de Oia. Ademais da participaci\u00f3n como asistentes ou para control de afluencia en eventos, durante todo o ano os voluntarios e voluntarias desempe\u00f1aron tarefas tan dispares e necesarias, como a asistencia en accidentes de tr\u00e1fico ou dom\u00e9sticos ou en problemas con animais soltos, a axuda \u00e1 veci\u00f1anza en distintas parroquias, a colaboraci\u00f3n no reparto de alimentos ou m\u00e1scaras, a entrega de ordenadores ou material escolar ao alumnado ou incidencias por lumes ou temporais, entre outros.<\/p>\n\n\n\n<p>O Concello quere po\u00f1er en valor o gran labor que realizan estes voluntarios e voluntarias no municipio, de vital importancia neste ano de pandemia, e agradecer todo o traballo realizado para atender aos veci\u00f1os e veci\u00f1as no d\u00eda a d\u00eda.<\/p>\n","protected":false},"excerpt":{"rendered":"<div class=\"mh-excerpt\"><p>De caracter\u00edsticas especiais para intervenci\u00f3ns en incidentes provocados por inundaci\u00f3ns e temporais e para desprazarse por zonas estreitas <a class=\"mh-excerpt-more\" href=\"https:\/\/www.anovapeneira.gal\/index.php\/2021\/01\/26\/novo-remolque-de-emerxencias-para-proteccion-civil-do-rosal\/\" title=\"Novo remolque de emerxencias para Protecci\u00f3n Civil do Rosal\">[&#8230;]<\/a><\/p>\n<\/div>","protected":false},"author":3,"featured_media":4731,"comment_status":"open","ping_status":"open","sticky":false,"template":"","format":"standard","meta":{"_exactmetrics_skip_tracking":false,"_exactmetrics_sitenote_active":false,"_exactmetrics_sitenote_note":"","_exactmetrics_sitenote_category":0,"footnotes":""},"categories":[21],"tags":[131],"class_list":{"0":"post-4727","1":"post","2":"type-post","3":"status-publish","4":"format-standard","5":"has-post-thumbnail","7":"category-baixo-mino","8":"tag-concello-do-rosal"},"yoast_head":"<!-- This site is optimized with the Yoast SEO plugin v27.4 - https:\/\/yoast.com\/product\/yoast-seo-wordpress\/ -->\n<title>Novo remolque de emerxencias para Protecci\u00f3n Civil do Rosal -<\/title>\n<meta name=\"description\" content=\"De caracter\u00edsticas especiais para intervenci\u00f3ns en incidentes provocados por inundaci\u00f3ns e temporais e para desprazarse por zonas estreitas\" \/>\n<meta name=\"robots\" content=\"index, follow, max-snippet:-1, max-image-preview:large, max-video-preview:-1\" \/>\n<link rel=\"canonical\" href=\"https:\/\/www.anovapeneira.gal\/index.php\/2021\/01\/26\/novo-remolque-de-emerxencias-para-proteccion-civil-do-rosal\/\" \/>\n<meta property=\"og:locale\" content=\"gl_ES\" \/>\n<meta property=\"og:type\" content=\"article\" \/>\n<meta property=\"og:title\" content=\"Novo remolque de emerxencias para Protecci\u00f3n Civil do Rosal -\" \/>\n<meta property=\"og:description\" content=\"De caracter\u00edsticas especiais para intervenci\u00f3ns en incidentes provocados por inundaci\u00f3ns e temporais e para desprazarse por zonas estreitas\" \/>\n<meta property=\"og:url\" content=\"https:\/\/www.anovapeneira.gal\/index.php\/2021\/01\/26\/novo-remolque-de-emerxencias-para-proteccion-civil-do-rosal\/\" \/>\n<meta property=\"article:publisher\" content=\"https:\/\/www.facebook.com\/anovapeneira\" \/>\n<meta property=\"article:published_time\" content=\"2021-01-26T09:00:09+00:00\" \/>\n<meta property=\"og:image\" content=\"https:\/\/www.anovapeneira.gal\/wp-content\/uploads\/2021\/01\/remolque-proteccion-civil-concello_rosal.jpg\" \/>\n\t<meta property=\"og:image:width\" content=\"720\" \/>\n\t<meta property=\"og:image:height\" content=\"432\" \/>\n\t<meta property=\"og:image:type\" content=\"image\/jpeg\" \/>\n<meta name=\"author\" content=\"Redacci\u00f3n A Nova Peneira\" \/>\n<meta name=\"twitter:card\" content=\"summary_large_image\" \/>\n<meta name=\"twitter:creator\" content=\"@APeneira\" \/>\n<meta name=\"twitter:site\" content=\"@APeneira\" \/>\n<meta name=\"twitter:label1\" content=\"Escrito por\" \/>\n\t<meta name=\"twitter:data1\" content=\"Redacci\u00f3n A Nova Peneira\" \/>\n\t<meta name=\"twitter:label2\" content=\"Tempo de lectura\" \/>\n\t<meta name=\"twitter:data2\" content=\"1 minuto\" \/>\n<script type=\"application\/ld+json\" class=\"yoast-schema-graph\">{\"@context\":\"https:\\\/\\\/schema.org\",\"@graph\":[{\"@type\":\"Article\",\"@id\":\"https:\\\/\\\/www.anovapeneira.gal\\\/index.php\\\/2021\\\/01\\\/26\\\/novo-remolque-de-emerxencias-para-proteccion-civil-do-rosal\\\/#article\",\"isPartOf\":{\"@id\":\"https:\\\/\\\/www.anovapeneira.gal\\\/index.php\\\/2021\\\/01\\\/26\\\/novo-remolque-de-emerxencias-para-proteccion-civil-do-rosal\\\/\"},\"author\":{\"name\":\"Redacci\u00f3n A Nova Peneira\",\"@id\":\"https:\\\/\\\/www.anovapeneira.gal\\\/#\\\/schema\\\/person\\\/b93e3f8932e3f8da96334607eb6ac6aa\"},\"headline\":\"Novo remolque de emerxencias para Protecci\u00f3n Civil do Rosal\",\"datePublished\":\"2021-01-26T09:00:09+00:00\",\"mainEntityOfPage\":{\"@id\":\"https:\\\/\\\/www.anovapeneira.gal\\\/index.php\\\/2021\\\/01\\\/26\\\/novo-remolque-de-emerxencias-para-proteccion-civil-do-rosal\\\/\"},\"wordCount\":296,\"commentCount\":0,\"publisher\":{\"@id\":\"https:\\\/\\\/www.anovapeneira.gal\\\/#organization\"},\"image\":{\"@id\":\"https:\\\/\\\/www.anovapeneira.gal\\\/index.php\\\/2021\\\/01\\\/26\\\/novo-remolque-de-emerxencias-para-proteccion-civil-do-rosal\\\/#primaryimage\"},\"thumbnailUrl\":\"https:\\\/\\\/www.anovapeneira.gal\\\/wp-content\\\/uploads\\\/2021\\\/01\\\/remolque-proteccion-civil-concello_rosal.jpg\",\"keywords\":[\"Concello do Rosal\"],\"articleSection\":[\"Baixo Mi\u00f1o\"],\"inLanguage\":\"gl-ES\",\"potentialAction\":[{\"@type\":\"CommentAction\",\"name\":\"Comment\",\"target\":[\"https:\\\/\\\/www.anovapeneira.gal\\\/index.php\\\/2021\\\/01\\\/26\\\/novo-remolque-de-emerxencias-para-proteccion-civil-do-rosal\\\/#respond\"]}]},{\"@type\":\"WebPage\",\"@id\":\"https:\\\/\\\/www.anovapeneira.gal\\\/index.php\\\/2021\\\/01\\\/26\\\/novo-remolque-de-emerxencias-para-proteccion-civil-do-rosal\\\/\",\"url\":\"https:\\\/\\\/www.anovapeneira.gal\\\/index.php\\\/2021\\\/01\\\/26\\\/novo-remolque-de-emerxencias-para-proteccion-civil-do-rosal\\\/\",\"name\":\"Novo remolque de emerxencias para Protecci\u00f3n Civil do Rosal -\",\"isPartOf\":{\"@id\":\"https:\\\/\\\/www.anovapeneira.gal\\\/#website\"},\"primaryImageOfPage\":{\"@id\":\"https:\\\/\\\/www.anovapeneira.gal\\\/index.php\\\/2021\\\/01\\\/26\\\/novo-remolque-de-emerxencias-para-proteccion-civil-do-rosal\\\/#primaryimage\"},\"image\":{\"@id\":\"https:\\\/\\\/www.anovapeneira.gal\\\/index.php\\\/2021\\\/01\\\/26\\\/novo-remolque-de-emerxencias-para-proteccion-civil-do-rosal\\\/#primaryimage\"},\"thumbnailUrl\":\"https:\\\/\\\/www.anovapeneira.gal\\\/wp-content\\\/uploads\\\/2021\\\/01\\\/remolque-proteccion-civil-concello_rosal.jpg\",\"datePublished\":\"2021-01-26T09:00:09+00:00\",\"description\":\"De caracter\u00edsticas especiais para intervenci\u00f3ns en incidentes provocados por inundaci\u00f3ns e temporais e para desprazarse por zonas estreitas\",\"breadcrumb\":{\"@id\":\"https:\\\/\\\/www.anovapeneira.gal\\\/index.php\\\/2021\\\/01\\\/26\\\/novo-remolque-de-emerxencias-para-proteccion-civil-do-rosal\\\/#breadcrumb\"},\"inLanguage\":\"gl-ES\",\"potentialAction\":[{\"@type\":\"ReadAction\",\"target\":[\"https:\\\/\\\/www.anovapeneira.gal\\\/index.php\\\/2021\\\/01\\\/26\\\/novo-remolque-de-emerxencias-para-proteccion-civil-do-rosal\\\/\"]}]},{\"@type\":\"ImageObject\",\"inLanguage\":\"gl-ES\",\"@id\":\"https:\\\/\\\/www.anovapeneira.gal\\\/index.php\\\/2021\\\/01\\\/26\\\/novo-remolque-de-emerxencias-para-proteccion-civil-do-rosal\\\/#primaryimage\",\"url\":\"https:\\\/\\\/www.anovapeneira.gal\\\/wp-content\\\/uploads\\\/2021\\\/01\\\/remolque-proteccion-civil-concello_rosal.jpg\",\"contentUrl\":\"https:\\\/\\\/www.anovapeneira.gal\\\/wp-content\\\/uploads\\\/2021\\\/01\\\/remolque-proteccion-civil-concello_rosal.jpg\",\"width\":720,\"height\":432,\"caption\":\"Novo remolque de emerxencias para Protecci\u00f3n Civil do Rosal\"},{\"@type\":\"BreadcrumbList\",\"@id\":\"https:\\\/\\\/www.anovapeneira.gal\\\/index.php\\\/2021\\\/01\\\/26\\\/novo-remolque-de-emerxencias-para-proteccion-civil-do-rosal\\\/#breadcrumb\",\"itemListElement\":[{\"@type\":\"ListItem\",\"position\":1,\"name\":\"Portada\",\"item\":\"https:\\\/\\\/www.anovapeneira.gal\\\/\"},{\"@type\":\"ListItem\",\"position\":2,\"name\":\"Novo remolque de emerxencias para Protecci\u00f3n Civil do Rosal\"}]},{\"@type\":\"WebSite\",\"@id\":\"https:\\\/\\\/www.anovapeneira.gal\\\/#website\",\"url\":\"https:\\\/\\\/www.anovapeneira.gal\\\/\",\"name\":\"\",\"description\":\"Xornal galego de informaci\u00f3n xeral Publicaci\u00f3n mensual de novas de Galicia e en especial dos Concellos da sur da provincia de Pontevedra.\",\"publisher\":{\"@id\":\"https:\\\/\\\/www.anovapeneira.gal\\\/#organization\"},\"potentialAction\":[{\"@type\":\"SearchAction\",\"target\":{\"@type\":\"EntryPoint\",\"urlTemplate\":\"https:\\\/\\\/www.anovapeneira.gal\\\/?s={search_term_string}\"},\"query-input\":{\"@type\":\"PropertyValueSpecification\",\"valueRequired\":true,\"valueName\":\"search_term_string\"}}],\"inLanguage\":\"gl-ES\"},{\"@type\":\"Organization\",\"@id\":\"https:\\\/\\\/www.anovapeneira.gal\\\/#organization\",\"name\":\"A Nova Peneira\",\"url\":\"https:\\\/\\\/www.anovapeneira.gal\\\/\",\"logo\":{\"@type\":\"ImageObject\",\"inLanguage\":\"gl-ES\",\"@id\":\"https:\\\/\\\/www.anovapeneira.gal\\\/#\\\/schema\\\/logo\\\/image\\\/\",\"url\":\"http:\\\/\\\/www.anovapeneira.gal\\\/wp-content\\\/uploads\\\/2019\\\/06\\\/logo_a_nova_peneira_portal_web.png\",\"contentUrl\":\"http:\\\/\\\/www.anovapeneira.gal\\\/wp-content\\\/uploads\\\/2019\\\/06\\\/logo_a_nova_peneira_portal_web.png\",\"width\":300,\"height\":100,\"caption\":\"A Nova Peneira\"},\"image\":{\"@id\":\"https:\\\/\\\/www.anovapeneira.gal\\\/#\\\/schema\\\/logo\\\/image\\\/\"},\"sameAs\":[\"https:\\\/\\\/www.facebook.com\\\/anovapeneira\",\"https:\\\/\\\/x.com\\\/APeneira\"]},{\"@type\":\"Person\",\"@id\":\"https:\\\/\\\/www.anovapeneira.gal\\\/#\\\/schema\\\/person\\\/b93e3f8932e3f8da96334607eb6ac6aa\",\"name\":\"Redacci\u00f3n A Nova Peneira\",\"image\":{\"@type\":\"ImageObject\",\"inLanguage\":\"gl-ES\",\"@id\":\"https:\\\/\\\/secure.gravatar.com\\\/avatar\\\/c052a2551a06e23fac63626232eaa90abd78dbcf1700fc46a2b2c89fd27b735f?s=96&d=mm&r=g\",\"url\":\"https:\\\/\\\/secure.gravatar.com\\\/avatar\\\/c052a2551a06e23fac63626232eaa90abd78dbcf1700fc46a2b2c89fd27b735f?s=96&d=mm&r=g\",\"contentUrl\":\"https:\\\/\\\/secure.gravatar.com\\\/avatar\\\/c052a2551a06e23fac63626232eaa90abd78dbcf1700fc46a2b2c89fd27b735f?s=96&d=mm&r=g\",\"caption\":\"Redacci\u00f3n A Nova Peneira\"},\"sameAs\":[\"http:\\\/\\\/www.anovapeneira.gal\\\/\"],\"url\":\"https:\\\/\\\/www.anovapeneira.gal\\\/index.php\\\/author\\\/redactor\\\/\"}]}<\/script>\n<!-- \/ Yoast SEO plugin. -->","yoast_head_json":{"title":"Novo remolque de emerxencias para Protecci\u00f3n Civil do Rosal -","description":"De caracter\u00edsticas especiais para intervenci\u00f3ns en incidentes provocados por inundaci\u00f3ns e temporais e para desprazarse por zonas estreitas","robots":{"index":"index","follow":"follow","max-snippet":"max-snippet:-1","max-image-preview":"max-image-preview:large","max-video-preview":"max-video-preview:-1"},"canonical":"https:\/\/www.anovapeneira.gal\/index.php\/2021\/01\/26\/novo-remolque-de-emerxencias-para-proteccion-civil-do-rosal\/","og_locale":"gl_ES","og_type":"article","og_title":"Novo remolque de emerxencias para Protecci\u00f3n Civil do Rosal -","og_description":"De caracter\u00edsticas especiais para intervenci\u00f3ns en incidentes provocados por inundaci\u00f3ns e temporais e para desprazarse por zonas estreitas","og_url":"https:\/\/www.anovapeneira.gal\/index.php\/2021\/01\/26\/novo-remolque-de-emerxencias-para-proteccion-civil-do-rosal\/","article_publisher":"https:\/\/www.facebook.com\/anovapeneira","article_published_time":"2021-01-26T09:00:09+00:00","og_image":[{"width":720,"height":432,"url":"https:\/\/www.anovapeneira.gal\/wp-content\/uploads\/2021\/01\/remolque-proteccion-civil-concello_rosal.jpg","type":"image\/jpeg"}],"author":"Redacci\u00f3n A Nova Peneira","twitter_card":"summary_large_image","twitter_creator":"@APeneira","twitter_site":"@APeneira","twitter_misc":{"Escrito por":"Redacci\u00f3n A Nova Peneira","Tempo de lectura":"1 minuto"},"schema":{"@context":"https:\/\/schema.org","@graph":[{"@type":"Article","@id":"https:\/\/www.anovapeneira.gal\/index.php\/2021\/01\/26\/novo-remolque-de-emerxencias-para-proteccion-civil-do-rosal\/#article","isPartOf":{"@id":"https:\/\/www.anovapeneira.gal\/index.php\/2021\/01\/26\/novo-remolque-de-emerxencias-para-proteccion-civil-do-rosal\/"},"author":{"name":"Redacci\u00f3n A Nova Peneira","@id":"https:\/\/www.anovapeneira.gal\/#\/schema\/person\/b93e3f8932e3f8da96334607eb6ac6aa"},"headline":"Novo remolque de emerxencias para Protecci\u00f3n Civil do Rosal","datePublished":"2021-01-26T09:00:09+00:00","mainEntityOfPage":{"@id":"https:\/\/www.anovapeneira.gal\/index.php\/2021\/01\/26\/novo-remolque-de-emerxencias-para-proteccion-civil-do-rosal\/"},"wordCount":296,"commentCount":0,"publisher":{"@id":"https:\/\/www.anovapeneira.gal\/#organization"},"image":{"@id":"https:\/\/www.anovapeneira.gal\/index.php\/2021\/01\/26\/novo-remolque-de-emerxencias-para-proteccion-civil-do-rosal\/#primaryimage"},"thumbnailUrl":"https:\/\/www.anovapeneira.gal\/wp-content\/uploads\/2021\/01\/remolque-proteccion-civil-concello_rosal.jpg","keywords":["Concello do Rosal"],"articleSection":["Baixo Mi\u00f1o"],"inLanguage":"gl-ES","potentialAction":[{"@type":"CommentAction","name":"Comment","target":["https:\/\/www.anovapeneira.gal\/index.php\/2021\/01\/26\/novo-remolque-de-emerxencias-para-proteccion-civil-do-rosal\/#respond"]}]},{"@type":"WebPage","@id":"https:\/\/www.anovapeneira.gal\/index.php\/2021\/01\/26\/novo-remolque-de-emerxencias-para-proteccion-civil-do-rosal\/","url":"https:\/\/www.anovapeneira.gal\/index.php\/2021\/01\/26\/novo-remolque-de-emerxencias-para-proteccion-civil-do-rosal\/","name":"Novo remolque de emerxencias para Protecci\u00f3n Civil do Rosal -","isPartOf":{"@id":"https:\/\/www.anovapeneira.gal\/#website"},"primaryImageOfPage":{"@id":"https:\/\/www.anovapeneira.gal\/index.php\/2021\/01\/26\/novo-remolque-de-emerxencias-para-proteccion-civil-do-rosal\/#primaryimage"},"image":{"@id":"https:\/\/www.anovapeneira.gal\/index.php\/2021\/01\/26\/novo-remolque-de-emerxencias-para-proteccion-civil-do-rosal\/#primaryimage"},"thumbnailUrl":"https:\/\/www.anovapeneira.gal\/wp-content\/uploads\/2021\/01\/remolque-proteccion-civil-concello_rosal.jpg","datePublished":"2021-01-26T09:00:09+00:00","description":"De caracter\u00edsticas especiais para intervenci\u00f3ns en incidentes provocados por inundaci\u00f3ns e temporais e para desprazarse por zonas estreitas","breadcrumb":{"@id":"https:\/\/www.anovapeneira.gal\/index.php\/2021\/01\/26\/novo-remolque-de-emerxencias-para-proteccion-civil-do-rosal\/#breadcrumb"},"inLanguage":"gl-ES","potentialAction":[{"@type":"ReadAction","target":["https:\/\/www.anovapeneira.gal\/index.php\/2021\/01\/26\/novo-remolque-de-emerxencias-para-proteccion-civil-do-rosal\/"]}]},{"@type":"ImageObject","inLanguage":"gl-ES","@id":"https:\/\/www.anovapeneira.gal\/index.php\/2021\/01\/26\/novo-remolque-de-emerxencias-para-proteccion-civil-do-rosal\/#primaryimage","url":"https:\/\/www.anovapeneira.gal\/wp-content\/uploads\/2021\/01\/remolque-proteccion-civil-concello_rosal.jpg","contentUrl":"https:\/\/www.anovapeneira.gal\/wp-content\/uploads\/2021\/01\/remolque-proteccion-civil-concello_rosal.jpg","width":720,"height":432,"caption":"Novo remolque de emerxencias para Protecci\u00f3n Civil do Rosal"},{"@type":"BreadcrumbList","@id":"https:\/\/www.anovapeneira.gal\/index.php\/2021\/01\/26\/novo-remolque-de-emerxencias-para-proteccion-civil-do-rosal\/#breadcrumb","itemListElement":[{"@type":"ListItem","position":1,"name":"Portada","item":"https:\/\/www.anovapeneira.gal\/"},{"@type":"ListItem","position":2,"name":"Novo remolque de emerxencias para Protecci\u00f3n Civil do Rosal"}]},{"@type":"WebSite","@id":"https:\/\/www.anovapeneira.gal\/#website","url":"https:\/\/www.anovapeneira.gal\/","name":"","description":"Xornal galego de informaci\u00f3n xeral Publicaci\u00f3n mensual de novas de Galicia e en especial dos Concellos da sur da provincia de Pontevedra.","publisher":{"@id":"https:\/\/www.anovapeneira.gal\/#organization"},"potentialAction":[{"@type":"SearchAction","target":{"@type":"EntryPoint","urlTemplate":"https:\/\/www.anovapeneira.gal\/?s={search_term_string}"},"query-input":{"@type":"PropertyValueSpecification","valueRequired":true,"valueName":"search_term_string"}}],"inLanguage":"gl-ES"},{"@type":"Organization","@id":"https:\/\/www.anovapeneira.gal\/#organization","name":"A Nova Peneira","url":"https:\/\/www.anovapeneira.gal\/","logo":{"@type":"ImageObject","inLanguage":"gl-ES","@id":"https:\/\/www.anovapeneira.gal\/#\/schema\/logo\/image\/","url":"http:\/\/www.anovapeneira.gal\/wp-content\/uploads\/2019\/06\/logo_a_nova_peneira_portal_web.png","contentUrl":"http:\/\/www.anovapeneira.gal\/wp-content\/uploads\/2019\/06\/logo_a_nova_peneira_portal_web.png","width":300,"height":100,"caption":"A Nova Peneira"},"image":{"@id":"https:\/\/www.anovapeneira.gal\/#\/schema\/logo\/image\/"},"sameAs":["https:\/\/www.facebook.com\/anovapeneira","https:\/\/x.com\/APeneira"]},{"@type":"Person","@id":"https:\/\/www.anovapeneira.gal\/#\/schema\/person\/b93e3f8932e3f8da96334607eb6ac6aa","name":"Redacci\u00f3n A Nova Peneira","image":{"@type":"ImageObject","inLanguage":"gl-ES","@id":"https:\/\/secure.gravatar.com\/avatar\/c052a2551a06e23fac63626232eaa90abd78dbcf1700fc46a2b2c89fd27b735f?s=96&d=mm&r=g","url":"https:\/\/secure.gravatar.com\/avatar\/c052a2551a06e23fac63626232eaa90abd78dbcf1700fc46a2b2c89fd27b735f?s=96&d=mm&r=g","contentUrl":"https:\/\/secure.gravatar.com\/avatar\/c052a2551a06e23fac63626232eaa90abd78dbcf1700fc46a2b2c89fd27b735f?s=96&d=mm&r=g","caption":"Redacci\u00f3n A Nova Peneira"},"sameAs":["http:\/\/www.anovapeneira.gal\/"],"url":"https:\/\/www.anovapeneira.gal\/index.php\/author\/redactor\/"}]}},"jetpack_featured_media_url":"https:\/\/www.anovapeneira.gal\/wp-content\/uploads\/2021\/01\/remolque-proteccion-civil-concello_rosal.jpg","_links":{"self":[{"href":"https:\/\/www.anovapeneira.gal\/index.php\/wp-json\/wp\/v2\/posts\/4727","targetHints":{"allow":["GET"]}}],"collection":[{"href":"https:\/\/www.anovapeneira.gal\/index.php\/wp-json\/wp\/v2\/posts"}],"about":[{"href":"https:\/\/www.anovapeneira.gal\/index.php\/wp-json\/wp\/v2\/types\/post"}],"author":[{"embeddable":true,"href":"https:\/\/www.anovapeneira.gal\/index.php\/wp-json\/wp\/v2\/users\/3"}],"replies":[{"embeddable":true,"href":"https:\/\/www.anovapeneira.gal\/index.php\/wp-json\/wp\/v2\/comments?post=4727"}],"version-history":[{"count":1,"href":"https:\/\/www.anovapeneira.gal\/index.php\/wp-json\/wp\/v2\/posts\/4727\/revisions"}],"predecessor-version":[{"id":4728,"href":"https:\/\/www.anovapeneira.gal\/index.php\/wp-json\/wp\/v2\/posts\/4727\/revisions\/4728"}],"wp:featuredmedia":[{"embeddable":true,"href":"https:\/\/www.anovapeneira.gal\/index.php\/wp-json\/wp\/v2\/media\/4731"}],"wp:attachment":[{"href":"https:\/\/www.anovapeneira.gal\/index.php\/wp-json\/wp\/v2\/media?parent=4727"}],"wp:term":[{"taxonomy":"category","embeddable":true,"href":"https:\/\/www.anovapeneira.gal\/index.php\/wp-json\/wp\/v2\/categories?post=4727"},{"taxonomy":"post_tag","embeddable":true,"href":"https:\/\/www.anovapeneira.gal\/index.php\/wp-json\/wp\/v2\/tags?post=4727"}],"curies":[{"name":"wp","href":"https:\/\/api.w.org\/{rel}","templated":true}]}}