{"id":4733,"date":"2021-01-26T12:00:29","date_gmt":"2021-01-26T11:00:29","guid":{"rendered":"http:\/\/www.anovapeneira.gal\/?p=4733"},"modified":"2021-01-24T09:11:53","modified_gmt":"2021-01-24T08:11:53","slug":"a-alcaldesa-de-tomino-lamenta-que-o-pp-use-o-sergas-para-facer-politica-nunha-situacion-grave-da-pandemia","status":"publish","type":"post","link":"https:\/\/www.anovapeneira.gal\/index.php\/2021\/01\/26\/a-alcaldesa-de-tomino-lamenta-que-o-pp-use-o-sergas-para-facer-politica-nunha-situacion-grave-da-pandemia\/","title":{"rendered":"A alcaldesa de Tomi\u00f1o lamenta que o PP use o Sergas para facer pol\u00edtica nunha situaci\u00f3n grave da pandemia"},"content":{"rendered":"\n<h2 class=\"wp-block-heading\"><strong>A rexedora enterouse da decisi\u00f3n de continuar o cribado no municipio a trav\u00e9s dun comunicado do Partido Popular nas redes sociais<\/strong><\/h2>\n\n\n\n<p><strong>Tomi\u00f1o, 20 de xaneiro de 2021.<\/strong><\/p>\n\n\n\n<p>A alcaldesa de Tomi\u00f1o, Sandra Gonz\u00e1lez, amosa a s\u00faa incredulidade ao enterarse por unha publicaci\u00f3n da oposici\u00f3n de que o Sergas continuar\u00e1 co cribado no municipio. Na tarde de onte, o Partido Popular de Tomi\u00f1o realizaba un comunicado en Facebook alegr\u00e1ndose da decisi\u00f3n tomada pola Xerencia da \u00c1rea Sanitaria de Vigo de trasladar un dispositivo do Sergas ao concello para continuar coa detecci\u00f3n de casos de Covid-19, onde citar\u00e1 aos m\u00e1is de 600 que non puideron asistir na primeira convocatoria.<\/p>\n\n\n\n<p>Esta publicaci\u00f3n colleu por sorpresa \u00e1 rexedora, que non ti\u00f1a notificaci\u00f3n algunha de que se tomara tal medida, e lamenta que o PP use instituci\u00f3ns coma o Sergas para \u201cxogar ao partidismo\u201d nun contexto de pandemia tan grave como o actual. \u201c\u00c9 verdadeiramente penoso que o goberno municipal se te\u00f1a que enterar dunha decisi\u00f3n de car\u00e1cter institucional con tanta importancia como esta a trav\u00e9s da oposici\u00f3n. \u00c9 unha evidencia moi clarificadora do uso partidista que o Partido Popular fai das instituci\u00f3ns nas que opera, comunic\u00e1ndose con portavoces do seu partido antes que co goberno municipal, que xa ti\u00f1a solicitado antes esa informaci\u00f3n\u201d, declarou.<\/p>\n\n\n\n<p>Gonz\u00e1lez sinala ademais a \u201cdeslealdade institucional\u201d que isto implica co Concello de Tomi\u00f1o, e lamenta que o Partido Popular de Tomi\u00f1o empregue o uso de informaci\u00f3n administrativa interna do Sergas sobre un asunto tan grave para facer pol\u00edtica e \u201ccolgarse medallas\u201d. \u201cSe o que pretende o l\u00edder da oposici\u00f3n \u00e9 transmitir que foi grazas a el que o Sergas vai rematar o cribado no municipio lamentamos que non te\u00f1a o mesmo \u00e9xito para conseguir fondos para a biblioteca, servizo que a Tomi\u00f1o lle corresponde por dereito, ou para mellorar o deficiente estado no que se atopa a Atenci\u00f3n Primaria no municipio\u201d, afirmou a alcaldesa.<\/p>\n","protected":false},"excerpt":{"rendered":"<div class=\"mh-excerpt\"><p>A rexedora enterouse da decisi\u00f3n de continuar o cribado no municipio a trav\u00e9s dun comunicado do Partido Popular nas redes sociais <a class=\"mh-excerpt-more\" href=\"https:\/\/www.anovapeneira.gal\/index.php\/2021\/01\/26\/a-alcaldesa-de-tomino-lamenta-que-o-pp-use-o-sergas-para-facer-politica-nunha-situacion-grave-da-pandemia\/\" title=\"A alcaldesa de Tomi\u00f1o lamenta que o PP use o Sergas para facer pol\u00edtica nunha situaci\u00f3n grave da pandemia\">[&#8230;]<\/a><\/p>\n<\/div>","protected":false},"author":3,"featured_media":1336,"comment_status":"open","ping_status":"open","sticky":false,"template":"","format":"standard","meta":{"_exactmetrics_skip_tracking":false,"_exactmetrics_sitenote_active":false,"_exactmetrics_sitenote_note":"","_exactmetrics_sitenote_category":0,"footnotes":""},"categories":[21],"tags":[81],"class_list":{"0":"post-4733","1":"post","2":"type-post","3":"status-publish","4":"format-standard","5":"has-post-thumbnail","7":"category-baixo-mino","8":"tag-concello-de-tomino"},"yoast_head":"<!-- This site is optimized with the Yoast SEO plugin v27.4 - https:\/\/yoast.com\/product\/yoast-seo-wordpress\/ -->\n<title>A alcaldesa de Tomi\u00f1o lamenta que o PP use o Sergas para facer pol\u00edtica nunha situaci\u00f3n grave da pandemia -<\/title>\n<meta name=\"description\" content=\"A rexedora enterouse da decisi\u00f3n de continuar o cribado no municipio a trav\u00e9s dun comunicado do Partido Popular nas redes sociais\" \/>\n<meta name=\"robots\" content=\"index, follow, max-snippet:-1, max-image-preview:large, max-video-preview:-1\" \/>\n<link rel=\"canonical\" href=\"https:\/\/www.anovapeneira.gal\/index.php\/2021\/01\/26\/a-alcaldesa-de-tomino-lamenta-que-o-pp-use-o-sergas-para-facer-politica-nunha-situacion-grave-da-pandemia\/\" \/>\n<meta property=\"og:locale\" content=\"gl_ES\" \/>\n<meta property=\"og:type\" content=\"article\" \/>\n<meta property=\"og:title\" content=\"A alcaldesa de Tomi\u00f1o lamenta que o PP use o Sergas para facer pol\u00edtica nunha situaci\u00f3n grave da pandemia -\" \/>\n<meta property=\"og:description\" content=\"A rexedora enterouse da decisi\u00f3n de continuar o cribado no municipio a trav\u00e9s dun comunicado do Partido Popular nas redes sociais\" \/>\n<meta property=\"og:url\" content=\"https:\/\/www.anovapeneira.gal\/index.php\/2021\/01\/26\/a-alcaldesa-de-tomino-lamenta-que-o-pp-use-o-sergas-para-facer-politica-nunha-situacion-grave-da-pandemia\/\" \/>\n<meta property=\"article:publisher\" content=\"https:\/\/www.facebook.com\/anovapeneira\" \/>\n<meta property=\"article:published_time\" content=\"2021-01-26T11:00:29+00:00\" \/>\n<meta property=\"og:image\" content=\"https:\/\/www.anovapeneira.gal\/wp-content\/uploads\/2019\/09\/concello_De_tominho_a_nova_peneria.jpg\" \/>\n\t<meta property=\"og:image:width\" content=\"720\" \/>\n\t<meta property=\"og:image:height\" content=\"473\" \/>\n\t<meta property=\"og:image:type\" content=\"image\/jpeg\" \/>\n<meta name=\"author\" content=\"Redacci\u00f3n A Nova Peneira\" \/>\n<meta name=\"twitter:card\" content=\"summary_large_image\" \/>\n<meta name=\"twitter:creator\" content=\"@APeneira\" \/>\n<meta name=\"twitter:site\" content=\"@APeneira\" \/>\n<meta name=\"twitter:label1\" content=\"Escrito por\" \/>\n\t<meta name=\"twitter:data1\" content=\"Redacci\u00f3n A Nova Peneira\" \/>\n\t<meta name=\"twitter:label2\" content=\"Tempo de lectura\" \/>\n\t<meta name=\"twitter:data2\" content=\"2 minutos\" \/>\n<script type=\"application\/ld+json\" class=\"yoast-schema-graph\">{\"@context\":\"https:\\\/\\\/schema.org\",\"@graph\":[{\"@type\":\"Article\",\"@id\":\"https:\\\/\\\/www.anovapeneira.gal\\\/index.php\\\/2021\\\/01\\\/26\\\/a-alcaldesa-de-tomino-lamenta-que-o-pp-use-o-sergas-para-facer-politica-nunha-situacion-grave-da-pandemia\\\/#article\",\"isPartOf\":{\"@id\":\"https:\\\/\\\/www.anovapeneira.gal\\\/index.php\\\/2021\\\/01\\\/26\\\/a-alcaldesa-de-tomino-lamenta-que-o-pp-use-o-sergas-para-facer-politica-nunha-situacion-grave-da-pandemia\\\/\"},\"author\":{\"name\":\"Redacci\u00f3n A Nova Peneira\",\"@id\":\"https:\\\/\\\/www.anovapeneira.gal\\\/#\\\/schema\\\/person\\\/b93e3f8932e3f8da96334607eb6ac6aa\"},\"headline\":\"A alcaldesa de Tomi\u00f1o lamenta que o PP use o Sergas para facer pol\u00edtica nunha situaci\u00f3n grave da pandemia\",\"datePublished\":\"2021-01-26T11:00:29+00:00\",\"mainEntityOfPage\":{\"@id\":\"https:\\\/\\\/www.anovapeneira.gal\\\/index.php\\\/2021\\\/01\\\/26\\\/a-alcaldesa-de-tomino-lamenta-que-o-pp-use-o-sergas-para-facer-politica-nunha-situacion-grave-da-pandemia\\\/\"},\"wordCount\":365,\"commentCount\":0,\"publisher\":{\"@id\":\"https:\\\/\\\/www.anovapeneira.gal\\\/#organization\"},\"image\":{\"@id\":\"https:\\\/\\\/www.anovapeneira.gal\\\/index.php\\\/2021\\\/01\\\/26\\\/a-alcaldesa-de-tomino-lamenta-que-o-pp-use-o-sergas-para-facer-politica-nunha-situacion-grave-da-pandemia\\\/#primaryimage\"},\"thumbnailUrl\":\"https:\\\/\\\/www.anovapeneira.gal\\\/wp-content\\\/uploads\\\/2019\\\/09\\\/concello_De_tominho_a_nova_peneria.jpg\",\"keywords\":[\"Concello de Tomi\u00f1o\"],\"articleSection\":[\"Baixo Mi\u00f1o\"],\"inLanguage\":\"gl-ES\",\"potentialAction\":[{\"@type\":\"CommentAction\",\"name\":\"Comment\",\"target\":[\"https:\\\/\\\/www.anovapeneira.gal\\\/index.php\\\/2021\\\/01\\\/26\\\/a-alcaldesa-de-tomino-lamenta-que-o-pp-use-o-sergas-para-facer-politica-nunha-situacion-grave-da-pandemia\\\/#respond\"]}]},{\"@type\":\"WebPage\",\"@id\":\"https:\\\/\\\/www.anovapeneira.gal\\\/index.php\\\/2021\\\/01\\\/26\\\/a-alcaldesa-de-tomino-lamenta-que-o-pp-use-o-sergas-para-facer-politica-nunha-situacion-grave-da-pandemia\\\/\",\"url\":\"https:\\\/\\\/www.anovapeneira.gal\\\/index.php\\\/2021\\\/01\\\/26\\\/a-alcaldesa-de-tomino-lamenta-que-o-pp-use-o-sergas-para-facer-politica-nunha-situacion-grave-da-pandemia\\\/\",\"name\":\"A alcaldesa de Tomi\u00f1o lamenta que o PP use o Sergas para facer pol\u00edtica nunha situaci\u00f3n grave da pandemia -\",\"isPartOf\":{\"@id\":\"https:\\\/\\\/www.anovapeneira.gal\\\/#website\"},\"primaryImageOfPage\":{\"@id\":\"https:\\\/\\\/www.anovapeneira.gal\\\/index.php\\\/2021\\\/01\\\/26\\\/a-alcaldesa-de-tomino-lamenta-que-o-pp-use-o-sergas-para-facer-politica-nunha-situacion-grave-da-pandemia\\\/#primaryimage\"},\"image\":{\"@id\":\"https:\\\/\\\/www.anovapeneira.gal\\\/index.php\\\/2021\\\/01\\\/26\\\/a-alcaldesa-de-tomino-lamenta-que-o-pp-use-o-sergas-para-facer-politica-nunha-situacion-grave-da-pandemia\\\/#primaryimage\"},\"thumbnailUrl\":\"https:\\\/\\\/www.anovapeneira.gal\\\/wp-content\\\/uploads\\\/2019\\\/09\\\/concello_De_tominho_a_nova_peneria.jpg\",\"datePublished\":\"2021-01-26T11:00:29+00:00\",\"description\":\"A rexedora enterouse da decisi\u00f3n de continuar o cribado no municipio a trav\u00e9s dun comunicado do Partido Popular nas redes sociais\",\"breadcrumb\":{\"@id\":\"https:\\\/\\\/www.anovapeneira.gal\\\/index.php\\\/2021\\\/01\\\/26\\\/a-alcaldesa-de-tomino-lamenta-que-o-pp-use-o-sergas-para-facer-politica-nunha-situacion-grave-da-pandemia\\\/#breadcrumb\"},\"inLanguage\":\"gl-ES\",\"potentialAction\":[{\"@type\":\"ReadAction\",\"target\":[\"https:\\\/\\\/www.anovapeneira.gal\\\/index.php\\\/2021\\\/01\\\/26\\\/a-alcaldesa-de-tomino-lamenta-que-o-pp-use-o-sergas-para-facer-politica-nunha-situacion-grave-da-pandemia\\\/\"]}]},{\"@type\":\"ImageObject\",\"inLanguage\":\"gl-ES\",\"@id\":\"https:\\\/\\\/www.anovapeneira.gal\\\/index.php\\\/2021\\\/01\\\/26\\\/a-alcaldesa-de-tomino-lamenta-que-o-pp-use-o-sergas-para-facer-politica-nunha-situacion-grave-da-pandemia\\\/#primaryimage\",\"url\":\"https:\\\/\\\/www.anovapeneira.gal\\\/wp-content\\\/uploads\\\/2019\\\/09\\\/concello_De_tominho_a_nova_peneria.jpg\",\"contentUrl\":\"https:\\\/\\\/www.anovapeneira.gal\\\/wp-content\\\/uploads\\\/2019\\\/09\\\/concello_De_tominho_a_nova_peneria.jpg\",\"width\":720,\"height\":473,\"caption\":\"Concello de Tomi\u00f1o A Nova Peneira\"},{\"@type\":\"BreadcrumbList\",\"@id\":\"https:\\\/\\\/www.anovapeneira.gal\\\/index.php\\\/2021\\\/01\\\/26\\\/a-alcaldesa-de-tomino-lamenta-que-o-pp-use-o-sergas-para-facer-politica-nunha-situacion-grave-da-pandemia\\\/#breadcrumb\",\"itemListElement\":[{\"@type\":\"ListItem\",\"position\":1,\"name\":\"Portada\",\"item\":\"https:\\\/\\\/www.anovapeneira.gal\\\/\"},{\"@type\":\"ListItem\",\"position\":2,\"name\":\"A alcaldesa de Tomi\u00f1o lamenta que o PP use o Sergas para facer pol\u00edtica nunha situaci\u00f3n grave da pandemia\"}]},{\"@type\":\"WebSite\",\"@id\":\"https:\\\/\\\/www.anovapeneira.gal\\\/#website\",\"url\":\"https:\\\/\\\/www.anovapeneira.gal\\\/\",\"name\":\"\",\"description\":\"Xornal galego de informaci\u00f3n xeral Publicaci\u00f3n mensual de novas de Galicia e en especial dos Concellos da sur da provincia de Pontevedra.\",\"publisher\":{\"@id\":\"https:\\\/\\\/www.anovapeneira.gal\\\/#organization\"},\"potentialAction\":[{\"@type\":\"SearchAction\",\"target\":{\"@type\":\"EntryPoint\",\"urlTemplate\":\"https:\\\/\\\/www.anovapeneira.gal\\\/?s={search_term_string}\"},\"query-input\":{\"@type\":\"PropertyValueSpecification\",\"valueRequired\":true,\"valueName\":\"search_term_string\"}}],\"inLanguage\":\"gl-ES\"},{\"@type\":\"Organization\",\"@id\":\"https:\\\/\\\/www.anovapeneira.gal\\\/#organization\",\"name\":\"A Nova Peneira\",\"url\":\"https:\\\/\\\/www.anovapeneira.gal\\\/\",\"logo\":{\"@type\":\"ImageObject\",\"inLanguage\":\"gl-ES\",\"@id\":\"https:\\\/\\\/www.anovapeneira.gal\\\/#\\\/schema\\\/logo\\\/image\\\/\",\"url\":\"http:\\\/\\\/www.anovapeneira.gal\\\/wp-content\\\/uploads\\\/2019\\\/06\\\/logo_a_nova_peneira_portal_web.png\",\"contentUrl\":\"http:\\\/\\\/www.anovapeneira.gal\\\/wp-content\\\/uploads\\\/2019\\\/06\\\/logo_a_nova_peneira_portal_web.png\",\"width\":300,\"height\":100,\"caption\":\"A Nova Peneira\"},\"image\":{\"@id\":\"https:\\\/\\\/www.anovapeneira.gal\\\/#\\\/schema\\\/logo\\\/image\\\/\"},\"sameAs\":[\"https:\\\/\\\/www.facebook.com\\\/anovapeneira\",\"https:\\\/\\\/x.com\\\/APeneira\"]},{\"@type\":\"Person\",\"@id\":\"https:\\\/\\\/www.anovapeneira.gal\\\/#\\\/schema\\\/person\\\/b93e3f8932e3f8da96334607eb6ac6aa\",\"name\":\"Redacci\u00f3n A Nova Peneira\",\"image\":{\"@type\":\"ImageObject\",\"inLanguage\":\"gl-ES\",\"@id\":\"https:\\\/\\\/secure.gravatar.com\\\/avatar\\\/c052a2551a06e23fac63626232eaa90abd78dbcf1700fc46a2b2c89fd27b735f?s=96&d=mm&r=g\",\"url\":\"https:\\\/\\\/secure.gravatar.com\\\/avatar\\\/c052a2551a06e23fac63626232eaa90abd78dbcf1700fc46a2b2c89fd27b735f?s=96&d=mm&r=g\",\"contentUrl\":\"https:\\\/\\\/secure.gravatar.com\\\/avatar\\\/c052a2551a06e23fac63626232eaa90abd78dbcf1700fc46a2b2c89fd27b735f?s=96&d=mm&r=g\",\"caption\":\"Redacci\u00f3n A Nova Peneira\"},\"sameAs\":[\"http:\\\/\\\/www.anovapeneira.gal\\\/\"],\"url\":\"https:\\\/\\\/www.anovapeneira.gal\\\/index.php\\\/author\\\/redactor\\\/\"}]}<\/script>\n<!-- \/ Yoast SEO plugin. -->","yoast_head_json":{"title":"A alcaldesa de Tomi\u00f1o lamenta que o PP use o Sergas para facer pol\u00edtica nunha situaci\u00f3n grave da pandemia -","description":"A rexedora enterouse da decisi\u00f3n de continuar o cribado no municipio a trav\u00e9s dun comunicado do Partido Popular nas redes sociais","robots":{"index":"index","follow":"follow","max-snippet":"max-snippet:-1","max-image-preview":"max-image-preview:large","max-video-preview":"max-video-preview:-1"},"canonical":"https:\/\/www.anovapeneira.gal\/index.php\/2021\/01\/26\/a-alcaldesa-de-tomino-lamenta-que-o-pp-use-o-sergas-para-facer-politica-nunha-situacion-grave-da-pandemia\/","og_locale":"gl_ES","og_type":"article","og_title":"A alcaldesa de Tomi\u00f1o lamenta que o PP use o Sergas para facer pol\u00edtica nunha situaci\u00f3n grave da pandemia -","og_description":"A rexedora enterouse da decisi\u00f3n de continuar o cribado no municipio a trav\u00e9s dun comunicado do Partido Popular nas redes sociais","og_url":"https:\/\/www.anovapeneira.gal\/index.php\/2021\/01\/26\/a-alcaldesa-de-tomino-lamenta-que-o-pp-use-o-sergas-para-facer-politica-nunha-situacion-grave-da-pandemia\/","article_publisher":"https:\/\/www.facebook.com\/anovapeneira","article_published_time":"2021-01-26T11:00:29+00:00","og_image":[{"width":720,"height":473,"url":"https:\/\/www.anovapeneira.gal\/wp-content\/uploads\/2019\/09\/concello_De_tominho_a_nova_peneria.jpg","type":"image\/jpeg"}],"author":"Redacci\u00f3n A Nova Peneira","twitter_card":"summary_large_image","twitter_creator":"@APeneira","twitter_site":"@APeneira","twitter_misc":{"Escrito por":"Redacci\u00f3n A Nova Peneira","Tempo de lectura":"2 minutos"},"schema":{"@context":"https:\/\/schema.org","@graph":[{"@type":"Article","@id":"https:\/\/www.anovapeneira.gal\/index.php\/2021\/01\/26\/a-alcaldesa-de-tomino-lamenta-que-o-pp-use-o-sergas-para-facer-politica-nunha-situacion-grave-da-pandemia\/#article","isPartOf":{"@id":"https:\/\/www.anovapeneira.gal\/index.php\/2021\/01\/26\/a-alcaldesa-de-tomino-lamenta-que-o-pp-use-o-sergas-para-facer-politica-nunha-situacion-grave-da-pandemia\/"},"author":{"name":"Redacci\u00f3n A Nova Peneira","@id":"https:\/\/www.anovapeneira.gal\/#\/schema\/person\/b93e3f8932e3f8da96334607eb6ac6aa"},"headline":"A alcaldesa de Tomi\u00f1o lamenta que o PP use o Sergas para facer pol\u00edtica nunha situaci\u00f3n grave da pandemia","datePublished":"2021-01-26T11:00:29+00:00","mainEntityOfPage":{"@id":"https:\/\/www.anovapeneira.gal\/index.php\/2021\/01\/26\/a-alcaldesa-de-tomino-lamenta-que-o-pp-use-o-sergas-para-facer-politica-nunha-situacion-grave-da-pandemia\/"},"wordCount":365,"commentCount":0,"publisher":{"@id":"https:\/\/www.anovapeneira.gal\/#organization"},"image":{"@id":"https:\/\/www.anovapeneira.gal\/index.php\/2021\/01\/26\/a-alcaldesa-de-tomino-lamenta-que-o-pp-use-o-sergas-para-facer-politica-nunha-situacion-grave-da-pandemia\/#primaryimage"},"thumbnailUrl":"https:\/\/www.anovapeneira.gal\/wp-content\/uploads\/2019\/09\/concello_De_tominho_a_nova_peneria.jpg","keywords":["Concello de Tomi\u00f1o"],"articleSection":["Baixo Mi\u00f1o"],"inLanguage":"gl-ES","potentialAction":[{"@type":"CommentAction","name":"Comment","target":["https:\/\/www.anovapeneira.gal\/index.php\/2021\/01\/26\/a-alcaldesa-de-tomino-lamenta-que-o-pp-use-o-sergas-para-facer-politica-nunha-situacion-grave-da-pandemia\/#respond"]}]},{"@type":"WebPage","@id":"https:\/\/www.anovapeneira.gal\/index.php\/2021\/01\/26\/a-alcaldesa-de-tomino-lamenta-que-o-pp-use-o-sergas-para-facer-politica-nunha-situacion-grave-da-pandemia\/","url":"https:\/\/www.anovapeneira.gal\/index.php\/2021\/01\/26\/a-alcaldesa-de-tomino-lamenta-que-o-pp-use-o-sergas-para-facer-politica-nunha-situacion-grave-da-pandemia\/","name":"A alcaldesa de Tomi\u00f1o lamenta que o PP use o Sergas para facer pol\u00edtica nunha situaci\u00f3n grave da pandemia -","isPartOf":{"@id":"https:\/\/www.anovapeneira.gal\/#website"},"primaryImageOfPage":{"@id":"https:\/\/www.anovapeneira.gal\/index.php\/2021\/01\/26\/a-alcaldesa-de-tomino-lamenta-que-o-pp-use-o-sergas-para-facer-politica-nunha-situacion-grave-da-pandemia\/#primaryimage"},"image":{"@id":"https:\/\/www.anovapeneira.gal\/index.php\/2021\/01\/26\/a-alcaldesa-de-tomino-lamenta-que-o-pp-use-o-sergas-para-facer-politica-nunha-situacion-grave-da-pandemia\/#primaryimage"},"thumbnailUrl":"https:\/\/www.anovapeneira.gal\/wp-content\/uploads\/2019\/09\/concello_De_tominho_a_nova_peneria.jpg","datePublished":"2021-01-26T11:00:29+00:00","description":"A rexedora enterouse da decisi\u00f3n de continuar o cribado no municipio a trav\u00e9s dun comunicado do Partido Popular nas redes sociais","breadcrumb":{"@id":"https:\/\/www.anovapeneira.gal\/index.php\/2021\/01\/26\/a-alcaldesa-de-tomino-lamenta-que-o-pp-use-o-sergas-para-facer-politica-nunha-situacion-grave-da-pandemia\/#breadcrumb"},"inLanguage":"gl-ES","potentialAction":[{"@type":"ReadAction","target":["https:\/\/www.anovapeneira.gal\/index.php\/2021\/01\/26\/a-alcaldesa-de-tomino-lamenta-que-o-pp-use-o-sergas-para-facer-politica-nunha-situacion-grave-da-pandemia\/"]}]},{"@type":"ImageObject","inLanguage":"gl-ES","@id":"https:\/\/www.anovapeneira.gal\/index.php\/2021\/01\/26\/a-alcaldesa-de-tomino-lamenta-que-o-pp-use-o-sergas-para-facer-politica-nunha-situacion-grave-da-pandemia\/#primaryimage","url":"https:\/\/www.anovapeneira.gal\/wp-content\/uploads\/2019\/09\/concello_De_tominho_a_nova_peneria.jpg","contentUrl":"https:\/\/www.anovapeneira.gal\/wp-content\/uploads\/2019\/09\/concello_De_tominho_a_nova_peneria.jpg","width":720,"height":473,"caption":"Concello de Tomi\u00f1o A Nova Peneira"},{"@type":"BreadcrumbList","@id":"https:\/\/www.anovapeneira.gal\/index.php\/2021\/01\/26\/a-alcaldesa-de-tomino-lamenta-que-o-pp-use-o-sergas-para-facer-politica-nunha-situacion-grave-da-pandemia\/#breadcrumb","itemListElement":[{"@type":"ListItem","position":1,"name":"Portada","item":"https:\/\/www.anovapeneira.gal\/"},{"@type":"ListItem","position":2,"name":"A alcaldesa de Tomi\u00f1o lamenta que o PP use o Sergas para facer pol\u00edtica nunha situaci\u00f3n grave da pandemia"}]},{"@type":"WebSite","@id":"https:\/\/www.anovapeneira.gal\/#website","url":"https:\/\/www.anovapeneira.gal\/","name":"","description":"Xornal galego de informaci\u00f3n xeral Publicaci\u00f3n mensual de novas de Galicia e en especial dos Concellos da sur da provincia de Pontevedra.","publisher":{"@id":"https:\/\/www.anovapeneira.gal\/#organization"},"potentialAction":[{"@type":"SearchAction","target":{"@type":"EntryPoint","urlTemplate":"https:\/\/www.anovapeneira.gal\/?s={search_term_string}"},"query-input":{"@type":"PropertyValueSpecification","valueRequired":true,"valueName":"search_term_string"}}],"inLanguage":"gl-ES"},{"@type":"Organization","@id":"https:\/\/www.anovapeneira.gal\/#organization","name":"A Nova Peneira","url":"https:\/\/www.anovapeneira.gal\/","logo":{"@type":"ImageObject","inLanguage":"gl-ES","@id":"https:\/\/www.anovapeneira.gal\/#\/schema\/logo\/image\/","url":"http:\/\/www.anovapeneira.gal\/wp-content\/uploads\/2019\/06\/logo_a_nova_peneira_portal_web.png","contentUrl":"http:\/\/www.anovapeneira.gal\/wp-content\/uploads\/2019\/06\/logo_a_nova_peneira_portal_web.png","width":300,"height":100,"caption":"A Nova Peneira"},"image":{"@id":"https:\/\/www.anovapeneira.gal\/#\/schema\/logo\/image\/"},"sameAs":["https:\/\/www.facebook.com\/anovapeneira","https:\/\/x.com\/APeneira"]},{"@type":"Person","@id":"https:\/\/www.anovapeneira.gal\/#\/schema\/person\/b93e3f8932e3f8da96334607eb6ac6aa","name":"Redacci\u00f3n A Nova Peneira","image":{"@type":"ImageObject","inLanguage":"gl-ES","@id":"https:\/\/secure.gravatar.com\/avatar\/c052a2551a06e23fac63626232eaa90abd78dbcf1700fc46a2b2c89fd27b735f?s=96&d=mm&r=g","url":"https:\/\/secure.gravatar.com\/avatar\/c052a2551a06e23fac63626232eaa90abd78dbcf1700fc46a2b2c89fd27b735f?s=96&d=mm&r=g","contentUrl":"https:\/\/secure.gravatar.com\/avatar\/c052a2551a06e23fac63626232eaa90abd78dbcf1700fc46a2b2c89fd27b735f?s=96&d=mm&r=g","caption":"Redacci\u00f3n A Nova Peneira"},"sameAs":["http:\/\/www.anovapeneira.gal\/"],"url":"https:\/\/www.anovapeneira.gal\/index.php\/author\/redactor\/"}]}},"jetpack_featured_media_url":"https:\/\/www.anovapeneira.gal\/wp-content\/uploads\/2019\/09\/concello_De_tominho_a_nova_peneria.jpg","_links":{"self":[{"href":"https:\/\/www.anovapeneira.gal\/index.php\/wp-json\/wp\/v2\/posts\/4733","targetHints":{"allow":["GET"]}}],"collection":[{"href":"https:\/\/www.anovapeneira.gal\/index.php\/wp-json\/wp\/v2\/posts"}],"about":[{"href":"https:\/\/www.anovapeneira.gal\/index.php\/wp-json\/wp\/v2\/types\/post"}],"author":[{"embeddable":true,"href":"https:\/\/www.anovapeneira.gal\/index.php\/wp-json\/wp\/v2\/users\/3"}],"replies":[{"embeddable":true,"href":"https:\/\/www.anovapeneira.gal\/index.php\/wp-json\/wp\/v2\/comments?post=4733"}],"version-history":[{"count":1,"href":"https:\/\/www.anovapeneira.gal\/index.php\/wp-json\/wp\/v2\/posts\/4733\/revisions"}],"predecessor-version":[{"id":4734,"href":"https:\/\/www.anovapeneira.gal\/index.php\/wp-json\/wp\/v2\/posts\/4733\/revisions\/4734"}],"wp:featuredmedia":[{"embeddable":true,"href":"https:\/\/www.anovapeneira.gal\/index.php\/wp-json\/wp\/v2\/media\/1336"}],"wp:attachment":[{"href":"https:\/\/www.anovapeneira.gal\/index.php\/wp-json\/wp\/v2\/media?parent=4733"}],"wp:term":[{"taxonomy":"category","embeddable":true,"href":"https:\/\/www.anovapeneira.gal\/index.php\/wp-json\/wp\/v2\/categories?post=4733"},{"taxonomy":"post_tag","embeddable":true,"href":"https:\/\/www.anovapeneira.gal\/index.php\/wp-json\/wp\/v2\/tags?post=4733"}],"curies":[{"name":"wp","href":"https:\/\/api.w.org\/{rel}","templated":true}]}}