{"id":4735,"date":"2021-01-27T10:00:25","date_gmt":"2021-01-27T09:00:25","guid":{"rendered":"http:\/\/www.anovapeneira.gal\/?p=4735"},"modified":"2021-01-24T09:16:57","modified_gmt":"2021-01-24T08:16:57","slug":"ponteareas-proxecta-unha-edar-estacion-depuradora-de-augas-residuais-en-moreira-para-mais-de-4-600-habitantes","status":"publish","type":"post","link":"https:\/\/www.anovapeneira.gal\/index.php\/2021\/01\/27\/ponteareas-proxecta-unha-edar-estacion-depuradora-de-augas-residuais-en-moreira-para-mais-de-4-600-habitantes\/","title":{"rendered":"Ponteareas proxecta unha EDAR (Estaci\u00f3n Depuradora de Augas Residuais) en Moreira para m\u00e1is de 4.600 habitantes"},"content":{"rendered":"\n<h2 class=\"wp-block-heading\"><strong>Son actuaci\u00f3ns previstas no Plan Director de Saneamento que o goberno local prev\u00e9 por en marcha nos vindeiros anos despois da tramitaci\u00f3n que precisan noutras administraci\u00f3ns<\/strong><\/h2>\n\n\n\n<p><strong>Ponteareas, 19 de xaneiro de 2020<\/strong><\/p>\n\n\n\n<p>O Concello de Ponteareas comunicou a contrataci\u00f3n do proxecto da nova depuradora a ubicar na parroquia de Moreira cunha capacidade para m\u00e1is de 4.600 habitantes.<\/p>\n\n\n\n<p>Esta nova EDAR est\u00e1 prevista no Plan Director de Saneamento redactado en 2018 EDAR, distinta da prevista a realizar polo Estado na Moscadeira para substituir \u00e1 actual con maior capacidade. A depuradora de Moreira dar\u00e1 servizo \u00e1s parroquias de Moreira, San Mateo de Oliveira, Fontenla, Nogueira, Cristi\u00f1ade, Gul\u00e1ns, Santiago de Oliveira, San Lourenzo de Oliveira, Cumiar as\u00ed como os lugares que \u201cverten\u201d hacia o r\u00edo Uma ou os seus afluentes como sucede en determinados lugares das parroquias de Arcos ou Angoares.<\/p>\n\n\n\n<p>O goberno do BNG-PSOE explica que esta actuaci\u00f3n \u00e9 o primeiro paso do obxectivo de dotar de sistema de saneamento a m\u00e1is de 4.600 veci\u00f1os destas 10 parroquias, o seguinte e para a s\u00faa execuci\u00f3n en paralelo \u00e9 a construci\u00f3n dos primeiros tramos dos colectores de saneamento para que a nova EDAR de Moreira entre en servizo por fases con aproximadamente un terzo da capacidade total para cada unha delas, ata completar no ano 2025 a conexi\u00f3n de todas as fases. O caudal de dese\u00f1o da nova EDAR \u00e9 de 1000 m3 ao d\u00eda.<\/p>\n\n\n\n<p>A realizaci\u00f3n deste contrato sup\u00f3n unha revoluci\u00f3n para grande parte das parroquias de Ponteareas que actualmente non dispo\u00f1en de conexi\u00f3n de saneamento. Un paso m\u00e1is no cumprimento dos compromisos asumidos diante dos veci\u00f1os polo actual goberno municipal. Esta actuaci\u00f3n permitir\u00e1 dar soluci\u00f3n a unha necesidade b\u00e1sica que ata agora nunca se abordou con seriedade e rigor para dar unha soluci\u00f3n viable e definitiva. Ponteareas cami\u00f1a no cumprimento da s\u00faa estratexia de futuro e dos Obxectivos de Desenvolvemento Sost\u00edbel (ODS 2030).<\/p>\n\n\n\n<p>O Plan Director de Saneamento marca o sistema xeral de saneamento e as s\u00faas previsi\u00f3ns para os vindeiros anos. O Plan est\u00e1 cuantificado en m\u00e1is de 40 mill\u00f3ns de euros para dar servizo aos case 8.000 veci\u00f1os que a d\u00eda de hoxe carecen deste servizo b\u00e1sico.<\/p>\n\n\n\n<p>O Concello informa tam\u00e9n que est\u00e1 iniciada a tramitaci\u00f3n diante da Confederaci\u00f3n Hidrog\u00e1fica para os correspondentes permisos, en cumprimento dos par\u00e1metros de calidade esix\u00edbeis pola Directiva da Uni\u00f3n Europa para cumprir as condici\u00f3ns de vertido ao r\u00edo Tea.<\/p>\n\n\n\n<p><strong>Financiamento<\/strong><\/p>\n\n\n\n<p>O goberno local contempla que esta actuaci\u00f3n poida recibir financiamento dos novos fondos europeos de reconstruci\u00f3n a trav\u00e9s do Ministerio para la Transici\u00f3n Ecol\u00f3gica e o Reto Demogr\u00e1fico por ser un dos investimentos que, a priori, encaixar\u00edan nos obxectivos dos novos fondos ao tempo que permiten satisfacer unha necesidade b\u00e1sica. O goberno priorizou o encargo deste proxecto para poder presentalo \u00e1 convocatoria de axudas no momento que estea aberta.<\/p>\n","protected":false},"excerpt":{"rendered":"<div class=\"mh-excerpt\"><p>Son actuaci\u00f3ns previstas no Plan Director de Saneamento que o goberno local prev\u00e9 por en marcha nos vindeiros anos despois da tramitaci\u00f3n que precisan noutras administraci\u00f3ns <a class=\"mh-excerpt-more\" href=\"https:\/\/www.anovapeneira.gal\/index.php\/2021\/01\/27\/ponteareas-proxecta-unha-edar-estacion-depuradora-de-augas-residuais-en-moreira-para-mais-de-4-600-habitantes\/\" title=\"Ponteareas proxecta unha EDAR (Estaci\u00f3n Depuradora de Augas Residuais) en Moreira para m\u00e1is de 4.600 habitantes\">[&#8230;]<\/a><\/p>\n<\/div>","protected":false},"author":3,"featured_media":4737,"comment_status":"open","ping_status":"open","sticky":false,"template":"","format":"standard","meta":{"_exactmetrics_skip_tracking":false,"_exactmetrics_sitenote_active":false,"_exactmetrics_sitenote_note":"","_exactmetrics_sitenote_category":0,"footnotes":""},"categories":[25,1],"tags":[],"class_list":{"0":"post-4735","1":"post","2":"type-post","3":"status-publish","4":"format-standard","5":"has-post-thumbnail","7":"category-condado","8":"category-sin-categoria"},"yoast_head":"<!-- This site is optimized with the Yoast SEO plugin v27.4 - https:\/\/yoast.com\/product\/yoast-seo-wordpress\/ -->\n<title>Ponteareas proxecta unha EDAR (Estaci\u00f3n Depuradora de Augas Residuais) en Moreira para m\u00e1is de 4.600 habitantes -<\/title>\n<meta name=\"description\" content=\"Son actuaci\u00f3ns previstas no Plan Director de Saneamento que o goberno local prev\u00e9 por en marcha nos vindeiros anos despois da tramitaci\u00f3n que precisan noutras administraci\u00f3ns\" \/>\n<meta name=\"robots\" content=\"index, follow, max-snippet:-1, max-image-preview:large, max-video-preview:-1\" \/>\n<link rel=\"canonical\" href=\"https:\/\/www.anovapeneira.gal\/index.php\/2021\/01\/27\/ponteareas-proxecta-unha-edar-estacion-depuradora-de-augas-residuais-en-moreira-para-mais-de-4-600-habitantes\/\" \/>\n<meta property=\"og:locale\" content=\"gl_ES\" \/>\n<meta property=\"og:type\" content=\"article\" \/>\n<meta property=\"og:title\" content=\"Ponteareas proxecta unha EDAR (Estaci\u00f3n Depuradora de Augas Residuais) en Moreira para m\u00e1is de 4.600 habitantes -\" \/>\n<meta property=\"og:description\" content=\"Son actuaci\u00f3ns previstas no Plan Director de Saneamento que o goberno local prev\u00e9 por en marcha nos vindeiros anos despois da tramitaci\u00f3n que precisan noutras administraci\u00f3ns\" \/>\n<meta property=\"og:url\" content=\"https:\/\/www.anovapeneira.gal\/index.php\/2021\/01\/27\/ponteareas-proxecta-unha-edar-estacion-depuradora-de-augas-residuais-en-moreira-para-mais-de-4-600-habitantes\/\" \/>\n<meta property=\"article:publisher\" content=\"https:\/\/www.facebook.com\/anovapeneira\" \/>\n<meta property=\"article:published_time\" content=\"2021-01-27T09:00:25+00:00\" \/>\n<meta property=\"og:image\" content=\"https:\/\/www.anovapeneira.gal\/wp-content\/uploads\/2021\/01\/goberno-ponteareas.jpg\" \/>\n\t<meta property=\"og:image:width\" content=\"2417\" \/>\n\t<meta property=\"og:image:height\" content=\"1865\" \/>\n\t<meta property=\"og:image:type\" content=\"image\/jpeg\" \/>\n<meta name=\"author\" content=\"Redacci\u00f3n A Nova Peneira\" \/>\n<meta name=\"twitter:card\" content=\"summary_large_image\" \/>\n<meta name=\"twitter:creator\" content=\"@APeneira\" \/>\n<meta name=\"twitter:site\" content=\"@APeneira\" \/>\n<meta name=\"twitter:label1\" content=\"Escrito por\" \/>\n\t<meta name=\"twitter:data1\" content=\"Redacci\u00f3n A Nova Peneira\" \/>\n\t<meta name=\"twitter:label2\" content=\"Tempo de lectura\" \/>\n\t<meta name=\"twitter:data2\" content=\"3 minutos\" \/>\n<script type=\"application\/ld+json\" class=\"yoast-schema-graph\">{\"@context\":\"https:\\\/\\\/schema.org\",\"@graph\":[{\"@type\":\"Article\",\"@id\":\"https:\\\/\\\/www.anovapeneira.gal\\\/index.php\\\/2021\\\/01\\\/27\\\/ponteareas-proxecta-unha-edar-estacion-depuradora-de-augas-residuais-en-moreira-para-mais-de-4-600-habitantes\\\/#article\",\"isPartOf\":{\"@id\":\"https:\\\/\\\/www.anovapeneira.gal\\\/index.php\\\/2021\\\/01\\\/27\\\/ponteareas-proxecta-unha-edar-estacion-depuradora-de-augas-residuais-en-moreira-para-mais-de-4-600-habitantes\\\/\"},\"author\":{\"name\":\"Redacci\u00f3n A Nova Peneira\",\"@id\":\"https:\\\/\\\/www.anovapeneira.gal\\\/#\\\/schema\\\/person\\\/b93e3f8932e3f8da96334607eb6ac6aa\"},\"headline\":\"Ponteareas proxecta unha EDAR (Estaci\u00f3n Depuradora de Augas Residuais) en Moreira para m\u00e1is de 4.600 habitantes\",\"datePublished\":\"2021-01-27T09:00:25+00:00\",\"mainEntityOfPage\":{\"@id\":\"https:\\\/\\\/www.anovapeneira.gal\\\/index.php\\\/2021\\\/01\\\/27\\\/ponteareas-proxecta-unha-edar-estacion-depuradora-de-augas-residuais-en-moreira-para-mais-de-4-600-habitantes\\\/\"},\"wordCount\":522,\"commentCount\":0,\"publisher\":{\"@id\":\"https:\\\/\\\/www.anovapeneira.gal\\\/#organization\"},\"image\":{\"@id\":\"https:\\\/\\\/www.anovapeneira.gal\\\/index.php\\\/2021\\\/01\\\/27\\\/ponteareas-proxecta-unha-edar-estacion-depuradora-de-augas-residuais-en-moreira-para-mais-de-4-600-habitantes\\\/#primaryimage\"},\"thumbnailUrl\":\"https:\\\/\\\/www.anovapeneira.gal\\\/wp-content\\\/uploads\\\/2021\\\/01\\\/goberno-ponteareas.jpg\",\"articleSection\":[\"Condado\",\"Sin categor\u00eda\"],\"inLanguage\":\"gl-ES\",\"potentialAction\":[{\"@type\":\"CommentAction\",\"name\":\"Comment\",\"target\":[\"https:\\\/\\\/www.anovapeneira.gal\\\/index.php\\\/2021\\\/01\\\/27\\\/ponteareas-proxecta-unha-edar-estacion-depuradora-de-augas-residuais-en-moreira-para-mais-de-4-600-habitantes\\\/#respond\"]}]},{\"@type\":\"WebPage\",\"@id\":\"https:\\\/\\\/www.anovapeneira.gal\\\/index.php\\\/2021\\\/01\\\/27\\\/ponteareas-proxecta-unha-edar-estacion-depuradora-de-augas-residuais-en-moreira-para-mais-de-4-600-habitantes\\\/\",\"url\":\"https:\\\/\\\/www.anovapeneira.gal\\\/index.php\\\/2021\\\/01\\\/27\\\/ponteareas-proxecta-unha-edar-estacion-depuradora-de-augas-residuais-en-moreira-para-mais-de-4-600-habitantes\\\/\",\"name\":\"Ponteareas proxecta unha EDAR (Estaci\u00f3n Depuradora de Augas Residuais) en Moreira para m\u00e1is de 4.600 habitantes -\",\"isPartOf\":{\"@id\":\"https:\\\/\\\/www.anovapeneira.gal\\\/#website\"},\"primaryImageOfPage\":{\"@id\":\"https:\\\/\\\/www.anovapeneira.gal\\\/index.php\\\/2021\\\/01\\\/27\\\/ponteareas-proxecta-unha-edar-estacion-depuradora-de-augas-residuais-en-moreira-para-mais-de-4-600-habitantes\\\/#primaryimage\"},\"image\":{\"@id\":\"https:\\\/\\\/www.anovapeneira.gal\\\/index.php\\\/2021\\\/01\\\/27\\\/ponteareas-proxecta-unha-edar-estacion-depuradora-de-augas-residuais-en-moreira-para-mais-de-4-600-habitantes\\\/#primaryimage\"},\"thumbnailUrl\":\"https:\\\/\\\/www.anovapeneira.gal\\\/wp-content\\\/uploads\\\/2021\\\/01\\\/goberno-ponteareas.jpg\",\"datePublished\":\"2021-01-27T09:00:25+00:00\",\"description\":\"Son actuaci\u00f3ns previstas no Plan Director de Saneamento que o goberno local prev\u00e9 por en marcha nos vindeiros anos despois da tramitaci\u00f3n que precisan noutras administraci\u00f3ns\",\"breadcrumb\":{\"@id\":\"https:\\\/\\\/www.anovapeneira.gal\\\/index.php\\\/2021\\\/01\\\/27\\\/ponteareas-proxecta-unha-edar-estacion-depuradora-de-augas-residuais-en-moreira-para-mais-de-4-600-habitantes\\\/#breadcrumb\"},\"inLanguage\":\"gl-ES\",\"potentialAction\":[{\"@type\":\"ReadAction\",\"target\":[\"https:\\\/\\\/www.anovapeneira.gal\\\/index.php\\\/2021\\\/01\\\/27\\\/ponteareas-proxecta-unha-edar-estacion-depuradora-de-augas-residuais-en-moreira-para-mais-de-4-600-habitantes\\\/\"]}]},{\"@type\":\"ImageObject\",\"inLanguage\":\"gl-ES\",\"@id\":\"https:\\\/\\\/www.anovapeneira.gal\\\/index.php\\\/2021\\\/01\\\/27\\\/ponteareas-proxecta-unha-edar-estacion-depuradora-de-augas-residuais-en-moreira-para-mais-de-4-600-habitantes\\\/#primaryimage\",\"url\":\"https:\\\/\\\/www.anovapeneira.gal\\\/wp-content\\\/uploads\\\/2021\\\/01\\\/goberno-ponteareas.jpg\",\"contentUrl\":\"https:\\\/\\\/www.anovapeneira.gal\\\/wp-content\\\/uploads\\\/2021\\\/01\\\/goberno-ponteareas.jpg\",\"width\":2417,\"height\":1865,\"caption\":\"Ponteareas proxecta unha EDAR (Estaci\u00f3n Depuradora de Augas Residuais) en Moreira para m\u00e1is de 4.600 habitantes\"},{\"@type\":\"BreadcrumbList\",\"@id\":\"https:\\\/\\\/www.anovapeneira.gal\\\/index.php\\\/2021\\\/01\\\/27\\\/ponteareas-proxecta-unha-edar-estacion-depuradora-de-augas-residuais-en-moreira-para-mais-de-4-600-habitantes\\\/#breadcrumb\",\"itemListElement\":[{\"@type\":\"ListItem\",\"position\":1,\"name\":\"Portada\",\"item\":\"https:\\\/\\\/www.anovapeneira.gal\\\/\"},{\"@type\":\"ListItem\",\"position\":2,\"name\":\"Ponteareas proxecta unha EDAR (Estaci\u00f3n Depuradora de Augas Residuais) en Moreira para m\u00e1is de 4.600 habitantes\"}]},{\"@type\":\"WebSite\",\"@id\":\"https:\\\/\\\/www.anovapeneira.gal\\\/#website\",\"url\":\"https:\\\/\\\/www.anovapeneira.gal\\\/\",\"name\":\"\",\"description\":\"Xornal galego de informaci\u00f3n xeral Publicaci\u00f3n mensual de novas de Galicia e en especial dos Concellos da sur da provincia de Pontevedra.\",\"publisher\":{\"@id\":\"https:\\\/\\\/www.anovapeneira.gal\\\/#organization\"},\"potentialAction\":[{\"@type\":\"SearchAction\",\"target\":{\"@type\":\"EntryPoint\",\"urlTemplate\":\"https:\\\/\\\/www.anovapeneira.gal\\\/?s={search_term_string}\"},\"query-input\":{\"@type\":\"PropertyValueSpecification\",\"valueRequired\":true,\"valueName\":\"search_term_string\"}}],\"inLanguage\":\"gl-ES\"},{\"@type\":\"Organization\",\"@id\":\"https:\\\/\\\/www.anovapeneira.gal\\\/#organization\",\"name\":\"A Nova Peneira\",\"url\":\"https:\\\/\\\/www.anovapeneira.gal\\\/\",\"logo\":{\"@type\":\"ImageObject\",\"inLanguage\":\"gl-ES\",\"@id\":\"https:\\\/\\\/www.anovapeneira.gal\\\/#\\\/schema\\\/logo\\\/image\\\/\",\"url\":\"http:\\\/\\\/www.anovapeneira.gal\\\/wp-content\\\/uploads\\\/2019\\\/06\\\/logo_a_nova_peneira_portal_web.png\",\"contentUrl\":\"http:\\\/\\\/www.anovapeneira.gal\\\/wp-content\\\/uploads\\\/2019\\\/06\\\/logo_a_nova_peneira_portal_web.png\",\"width\":300,\"height\":100,\"caption\":\"A Nova Peneira\"},\"image\":{\"@id\":\"https:\\\/\\\/www.anovapeneira.gal\\\/#\\\/schema\\\/logo\\\/image\\\/\"},\"sameAs\":[\"https:\\\/\\\/www.facebook.com\\\/anovapeneira\",\"https:\\\/\\\/x.com\\\/APeneira\"]},{\"@type\":\"Person\",\"@id\":\"https:\\\/\\\/www.anovapeneira.gal\\\/#\\\/schema\\\/person\\\/b93e3f8932e3f8da96334607eb6ac6aa\",\"name\":\"Redacci\u00f3n A Nova Peneira\",\"image\":{\"@type\":\"ImageObject\",\"inLanguage\":\"gl-ES\",\"@id\":\"https:\\\/\\\/secure.gravatar.com\\\/avatar\\\/c052a2551a06e23fac63626232eaa90abd78dbcf1700fc46a2b2c89fd27b735f?s=96&d=mm&r=g\",\"url\":\"https:\\\/\\\/secure.gravatar.com\\\/avatar\\\/c052a2551a06e23fac63626232eaa90abd78dbcf1700fc46a2b2c89fd27b735f?s=96&d=mm&r=g\",\"contentUrl\":\"https:\\\/\\\/secure.gravatar.com\\\/avatar\\\/c052a2551a06e23fac63626232eaa90abd78dbcf1700fc46a2b2c89fd27b735f?s=96&d=mm&r=g\",\"caption\":\"Redacci\u00f3n A Nova Peneira\"},\"sameAs\":[\"http:\\\/\\\/www.anovapeneira.gal\\\/\"],\"url\":\"https:\\\/\\\/www.anovapeneira.gal\\\/index.php\\\/author\\\/redactor\\\/\"}]}<\/script>\n<!-- \/ Yoast SEO plugin. -->","yoast_head_json":{"title":"Ponteareas proxecta unha EDAR (Estaci\u00f3n Depuradora de Augas Residuais) en Moreira para m\u00e1is de 4.600 habitantes -","description":"Son actuaci\u00f3ns previstas no Plan Director de Saneamento que o goberno local prev\u00e9 por en marcha nos vindeiros anos despois da tramitaci\u00f3n que precisan noutras administraci\u00f3ns","robots":{"index":"index","follow":"follow","max-snippet":"max-snippet:-1","max-image-preview":"max-image-preview:large","max-video-preview":"max-video-preview:-1"},"canonical":"https:\/\/www.anovapeneira.gal\/index.php\/2021\/01\/27\/ponteareas-proxecta-unha-edar-estacion-depuradora-de-augas-residuais-en-moreira-para-mais-de-4-600-habitantes\/","og_locale":"gl_ES","og_type":"article","og_title":"Ponteareas proxecta unha EDAR (Estaci\u00f3n Depuradora de Augas Residuais) en Moreira para m\u00e1is de 4.600 habitantes -","og_description":"Son actuaci\u00f3ns previstas no Plan Director de Saneamento que o goberno local prev\u00e9 por en marcha nos vindeiros anos despois da tramitaci\u00f3n que precisan noutras administraci\u00f3ns","og_url":"https:\/\/www.anovapeneira.gal\/index.php\/2021\/01\/27\/ponteareas-proxecta-unha-edar-estacion-depuradora-de-augas-residuais-en-moreira-para-mais-de-4-600-habitantes\/","article_publisher":"https:\/\/www.facebook.com\/anovapeneira","article_published_time":"2021-01-27T09:00:25+00:00","og_image":[{"width":2417,"height":1865,"url":"https:\/\/www.anovapeneira.gal\/wp-content\/uploads\/2021\/01\/goberno-ponteareas.jpg","type":"image\/jpeg"}],"author":"Redacci\u00f3n A Nova Peneira","twitter_card":"summary_large_image","twitter_creator":"@APeneira","twitter_site":"@APeneira","twitter_misc":{"Escrito por":"Redacci\u00f3n A Nova Peneira","Tempo de lectura":"3 minutos"},"schema":{"@context":"https:\/\/schema.org","@graph":[{"@type":"Article","@id":"https:\/\/www.anovapeneira.gal\/index.php\/2021\/01\/27\/ponteareas-proxecta-unha-edar-estacion-depuradora-de-augas-residuais-en-moreira-para-mais-de-4-600-habitantes\/#article","isPartOf":{"@id":"https:\/\/www.anovapeneira.gal\/index.php\/2021\/01\/27\/ponteareas-proxecta-unha-edar-estacion-depuradora-de-augas-residuais-en-moreira-para-mais-de-4-600-habitantes\/"},"author":{"name":"Redacci\u00f3n A Nova Peneira","@id":"https:\/\/www.anovapeneira.gal\/#\/schema\/person\/b93e3f8932e3f8da96334607eb6ac6aa"},"headline":"Ponteareas proxecta unha EDAR (Estaci\u00f3n Depuradora de Augas Residuais) en Moreira para m\u00e1is de 4.600 habitantes","datePublished":"2021-01-27T09:00:25+00:00","mainEntityOfPage":{"@id":"https:\/\/www.anovapeneira.gal\/index.php\/2021\/01\/27\/ponteareas-proxecta-unha-edar-estacion-depuradora-de-augas-residuais-en-moreira-para-mais-de-4-600-habitantes\/"},"wordCount":522,"commentCount":0,"publisher":{"@id":"https:\/\/www.anovapeneira.gal\/#organization"},"image":{"@id":"https:\/\/www.anovapeneira.gal\/index.php\/2021\/01\/27\/ponteareas-proxecta-unha-edar-estacion-depuradora-de-augas-residuais-en-moreira-para-mais-de-4-600-habitantes\/#primaryimage"},"thumbnailUrl":"https:\/\/www.anovapeneira.gal\/wp-content\/uploads\/2021\/01\/goberno-ponteareas.jpg","articleSection":["Condado","Sin categor\u00eda"],"inLanguage":"gl-ES","potentialAction":[{"@type":"CommentAction","name":"Comment","target":["https:\/\/www.anovapeneira.gal\/index.php\/2021\/01\/27\/ponteareas-proxecta-unha-edar-estacion-depuradora-de-augas-residuais-en-moreira-para-mais-de-4-600-habitantes\/#respond"]}]},{"@type":"WebPage","@id":"https:\/\/www.anovapeneira.gal\/index.php\/2021\/01\/27\/ponteareas-proxecta-unha-edar-estacion-depuradora-de-augas-residuais-en-moreira-para-mais-de-4-600-habitantes\/","url":"https:\/\/www.anovapeneira.gal\/index.php\/2021\/01\/27\/ponteareas-proxecta-unha-edar-estacion-depuradora-de-augas-residuais-en-moreira-para-mais-de-4-600-habitantes\/","name":"Ponteareas proxecta unha EDAR (Estaci\u00f3n Depuradora de Augas Residuais) en Moreira para m\u00e1is de 4.600 habitantes -","isPartOf":{"@id":"https:\/\/www.anovapeneira.gal\/#website"},"primaryImageOfPage":{"@id":"https:\/\/www.anovapeneira.gal\/index.php\/2021\/01\/27\/ponteareas-proxecta-unha-edar-estacion-depuradora-de-augas-residuais-en-moreira-para-mais-de-4-600-habitantes\/#primaryimage"},"image":{"@id":"https:\/\/www.anovapeneira.gal\/index.php\/2021\/01\/27\/ponteareas-proxecta-unha-edar-estacion-depuradora-de-augas-residuais-en-moreira-para-mais-de-4-600-habitantes\/#primaryimage"},"thumbnailUrl":"https:\/\/www.anovapeneira.gal\/wp-content\/uploads\/2021\/01\/goberno-ponteareas.jpg","datePublished":"2021-01-27T09:00:25+00:00","description":"Son actuaci\u00f3ns previstas no Plan Director de Saneamento que o goberno local prev\u00e9 por en marcha nos vindeiros anos despois da tramitaci\u00f3n que precisan noutras administraci\u00f3ns","breadcrumb":{"@id":"https:\/\/www.anovapeneira.gal\/index.php\/2021\/01\/27\/ponteareas-proxecta-unha-edar-estacion-depuradora-de-augas-residuais-en-moreira-para-mais-de-4-600-habitantes\/#breadcrumb"},"inLanguage":"gl-ES","potentialAction":[{"@type":"ReadAction","target":["https:\/\/www.anovapeneira.gal\/index.php\/2021\/01\/27\/ponteareas-proxecta-unha-edar-estacion-depuradora-de-augas-residuais-en-moreira-para-mais-de-4-600-habitantes\/"]}]},{"@type":"ImageObject","inLanguage":"gl-ES","@id":"https:\/\/www.anovapeneira.gal\/index.php\/2021\/01\/27\/ponteareas-proxecta-unha-edar-estacion-depuradora-de-augas-residuais-en-moreira-para-mais-de-4-600-habitantes\/#primaryimage","url":"https:\/\/www.anovapeneira.gal\/wp-content\/uploads\/2021\/01\/goberno-ponteareas.jpg","contentUrl":"https:\/\/www.anovapeneira.gal\/wp-content\/uploads\/2021\/01\/goberno-ponteareas.jpg","width":2417,"height":1865,"caption":"Ponteareas proxecta unha EDAR (Estaci\u00f3n Depuradora de Augas Residuais) en Moreira para m\u00e1is de 4.600 habitantes"},{"@type":"BreadcrumbList","@id":"https:\/\/www.anovapeneira.gal\/index.php\/2021\/01\/27\/ponteareas-proxecta-unha-edar-estacion-depuradora-de-augas-residuais-en-moreira-para-mais-de-4-600-habitantes\/#breadcrumb","itemListElement":[{"@type":"ListItem","position":1,"name":"Portada","item":"https:\/\/www.anovapeneira.gal\/"},{"@type":"ListItem","position":2,"name":"Ponteareas proxecta unha EDAR (Estaci\u00f3n Depuradora de Augas Residuais) en Moreira para m\u00e1is de 4.600 habitantes"}]},{"@type":"WebSite","@id":"https:\/\/www.anovapeneira.gal\/#website","url":"https:\/\/www.anovapeneira.gal\/","name":"","description":"Xornal galego de informaci\u00f3n xeral Publicaci\u00f3n mensual de novas de Galicia e en especial dos Concellos da sur da provincia de Pontevedra.","publisher":{"@id":"https:\/\/www.anovapeneira.gal\/#organization"},"potentialAction":[{"@type":"SearchAction","target":{"@type":"EntryPoint","urlTemplate":"https:\/\/www.anovapeneira.gal\/?s={search_term_string}"},"query-input":{"@type":"PropertyValueSpecification","valueRequired":true,"valueName":"search_term_string"}}],"inLanguage":"gl-ES"},{"@type":"Organization","@id":"https:\/\/www.anovapeneira.gal\/#organization","name":"A Nova Peneira","url":"https:\/\/www.anovapeneira.gal\/","logo":{"@type":"ImageObject","inLanguage":"gl-ES","@id":"https:\/\/www.anovapeneira.gal\/#\/schema\/logo\/image\/","url":"http:\/\/www.anovapeneira.gal\/wp-content\/uploads\/2019\/06\/logo_a_nova_peneira_portal_web.png","contentUrl":"http:\/\/www.anovapeneira.gal\/wp-content\/uploads\/2019\/06\/logo_a_nova_peneira_portal_web.png","width":300,"height":100,"caption":"A Nova Peneira"},"image":{"@id":"https:\/\/www.anovapeneira.gal\/#\/schema\/logo\/image\/"},"sameAs":["https:\/\/www.facebook.com\/anovapeneira","https:\/\/x.com\/APeneira"]},{"@type":"Person","@id":"https:\/\/www.anovapeneira.gal\/#\/schema\/person\/b93e3f8932e3f8da96334607eb6ac6aa","name":"Redacci\u00f3n A Nova Peneira","image":{"@type":"ImageObject","inLanguage":"gl-ES","@id":"https:\/\/secure.gravatar.com\/avatar\/c052a2551a06e23fac63626232eaa90abd78dbcf1700fc46a2b2c89fd27b735f?s=96&d=mm&r=g","url":"https:\/\/secure.gravatar.com\/avatar\/c052a2551a06e23fac63626232eaa90abd78dbcf1700fc46a2b2c89fd27b735f?s=96&d=mm&r=g","contentUrl":"https:\/\/secure.gravatar.com\/avatar\/c052a2551a06e23fac63626232eaa90abd78dbcf1700fc46a2b2c89fd27b735f?s=96&d=mm&r=g","caption":"Redacci\u00f3n A Nova Peneira"},"sameAs":["http:\/\/www.anovapeneira.gal\/"],"url":"https:\/\/www.anovapeneira.gal\/index.php\/author\/redactor\/"}]}},"jetpack_featured_media_url":"https:\/\/www.anovapeneira.gal\/wp-content\/uploads\/2021\/01\/goberno-ponteareas.jpg","_links":{"self":[{"href":"https:\/\/www.anovapeneira.gal\/index.php\/wp-json\/wp\/v2\/posts\/4735","targetHints":{"allow":["GET"]}}],"collection":[{"href":"https:\/\/www.anovapeneira.gal\/index.php\/wp-json\/wp\/v2\/posts"}],"about":[{"href":"https:\/\/www.anovapeneira.gal\/index.php\/wp-json\/wp\/v2\/types\/post"}],"author":[{"embeddable":true,"href":"https:\/\/www.anovapeneira.gal\/index.php\/wp-json\/wp\/v2\/users\/3"}],"replies":[{"embeddable":true,"href":"https:\/\/www.anovapeneira.gal\/index.php\/wp-json\/wp\/v2\/comments?post=4735"}],"version-history":[{"count":2,"href":"https:\/\/www.anovapeneira.gal\/index.php\/wp-json\/wp\/v2\/posts\/4735\/revisions"}],"predecessor-version":[{"id":4738,"href":"https:\/\/www.anovapeneira.gal\/index.php\/wp-json\/wp\/v2\/posts\/4735\/revisions\/4738"}],"wp:featuredmedia":[{"embeddable":true,"href":"https:\/\/www.anovapeneira.gal\/index.php\/wp-json\/wp\/v2\/media\/4737"}],"wp:attachment":[{"href":"https:\/\/www.anovapeneira.gal\/index.php\/wp-json\/wp\/v2\/media?parent=4735"}],"wp:term":[{"taxonomy":"category","embeddable":true,"href":"https:\/\/www.anovapeneira.gal\/index.php\/wp-json\/wp\/v2\/categories?post=4735"},{"taxonomy":"post_tag","embeddable":true,"href":"https:\/\/www.anovapeneira.gal\/index.php\/wp-json\/wp\/v2\/tags?post=4735"}],"curies":[{"name":"wp","href":"https:\/\/api.w.org\/{rel}","templated":true}]}}