{"id":4739,"date":"2021-01-27T12:00:49","date_gmt":"2021-01-27T11:00:49","guid":{"rendered":"http:\/\/www.anovapeneira.gal\/?p=4739"},"modified":"2021-01-24T09:21:28","modified_gmt":"2021-01-24T08:21:28","slug":"orzamentos-2021-e-para-marin-que","status":"publish","type":"post","link":"https:\/\/www.anovapeneira.gal\/index.php\/2021\/01\/27\/orzamentos-2021-e-para-marin-que\/","title":{"rendered":"Orzamentos 2021, e para Mar\u00edn que?"},"content":{"rendered":"\n<figure class=\"wp-block-image size-large is-resized\"><img loading=\"lazy\" decoding=\"async\" src=\"http:\/\/www.anovapeneira.gal\/wp-content\/uploads\/2019\/07\/pedro_cortegoso_opinion_a_nova_peneira_bn.jpg\" alt=\"Pedro M. Cortegoso Gago Artigo Opini\u00f3n A Nova Peneira\" class=\"wp-image-464\" width=\"95\" height=\"111\"\/><figcaption>Pedro M. Cortegoso Gago Traballador do Centro de Sa\u00fade de Moa\u00f1a<\/figcaption><\/figure>\n\n\n\n<p>Se os orzamentos do estado son malos para Galiza os da Xunta para o ano 2021 non son mellores. Buscando Mar\u00edn polos centos de p\u00e1xinas s\u00f3 atoparemos unhas poucas veces o nome da nosa vila. Mais concretamente s\u00f3 aparecen as seguintes partidas directas: mellora do colector xeral por 219,115\u20ac, mellora do saneamento do r\u00edo Lameira por 500,835\u20ac, e gastos de capital en partidas de d\u00faas consellar\u00edas por 719,950\u20ac e 130,000\u20ac respectivamente.<\/p>\n\n\n\n<p>Ulos cartos para o auditorio? Agochados nun convenio, o mesmo que o centro de d\u00eda da Casa do Mar. E xa sabemos que pasa con eses convenios, xa sabemos en Mar\u00edn canto tempo, cantos anos, tardou en facerse realidade o novo centro de sa\u00fade.<\/p>\n\n\n\n<p>Como ven sendo habitual nos orzamentos do PP para o 2021 hai moitas partidas xen\u00e9ricas, que serven para que as distintas consellar\u00edas repartan os cartos discrecionalmente e de xeito caciquil. Quedan no ar moitos miles de euros que hoxe non sabemos onde van parar, e ma\u00f1\u00e1 ser\u00e1n repartidos en moitos convenios feitos \u00e1 carta. Unha indefinici\u00f3n orzamentaria para favorecer sempre aos concellos e \u00e1s empresas \u201camigas\u201d.<\/p>\n\n\n\n<p>A nosa alcaldesa-deputada valora positivamente estes orzamentos e, fac\u00e9ndose trampas ao solitario, mete no mesmo lote dos investimentos para Mar\u00edn obras xen\u00e9ricas en concellos lim\u00edtrofes. Infraestruturas como o novo Hospital de Montecelo, a mellora da vella estrada a Pontevedra, o Plan de Transporte Metropolitano&#8230; \u00c9 dicir plans xen\u00e9ricos que van beneficiar a moitos pero que non se poden considerar como propios do noso concello. B\u00f3talle moita imaxinaci\u00f3n para tapar as carencias dunhas contas que quedan curtas, unha vez mais, con Mar\u00edn<\/p>\n\n\n\n<p>E por se t\u00ed\u00f1amos d\u00fabidas das formas de facer do PP na Xunta, estes d\u00edas volveu sa\u00edr publicamente a nosa alcaldesa-deputada a po\u00f1er a venda antes da ferida, bot\u00e1ndolle a culpa \u00e1 pandemia dos pos\u00edbeis atrasos nas obras do colector e do auditorio.<\/p>\n\n\n\n<p>Un concello da dimensi\u00f3n do noso deber\u00eda ter uns maiores investimentos que permitiran dotarnos dos servizos necesarios para non ter que ir buscalos a outros concellos. Precisamos maior atenci\u00f3n aos maiores, aos novos, unha biblioteca digna, unha oferta cultural de calidade, solucionar o problema da carest\u00eda de vivenda, unha mellor protecci\u00f3n do noso rico e variado patrimonio hist\u00f3rico e arqueol\u00f3xico, etc.<\/p>\n\n\n\n<p>Por iso o BNG presentou as seguintes emendas aos orzamentos con obras e investimentos que consideramos necesarios para Mar\u00edn e complementan a proposta actual:<\/p>\n\n\n\n<ul class=\"wp-block-list\"><li>Posta en valor, sinalizaci\u00f3n e divulgaci\u00f3n do patrimonio arqueol\u00f3xico de Mar\u00edn<\/li><li>Escavaci\u00f3n completa do Castro de A Subid\u00e1<\/li><li>Dotaci\u00f3n dunha <strong>Casa da Mocidade en Mar\u00edn<\/strong><\/li><li>Inicio do Proxecto de construci\u00f3n dun<strong> centro de d\u00eda en Seixo<\/strong><\/li><li>Actuaci\u00f3ns de acondicionamento, limpeza e <strong>mellora ambiental do r\u00edo Loira<\/strong><\/li><li>Dotaci\u00f3n dun <strong>Pavill\u00f3n de deportes en Seixo<\/strong><\/li><\/ul>\n\n\n\n<p>Con todo estes orzamentos, de sa\u00edr adiante tal e como est\u00e1n redactados, non van servir para mellorar os servizos p\u00fablicos, a atenci\u00f3n sanitaria e a educaci\u00f3n. Non van parar a perda de poboaci\u00f3n dos \u00faltimos anos nin a desertizaci\u00f3n do rural.<\/p>\n\n\n\n<p>Estamos ante unhas contas que van perpetuar a dependencia do noso pobo pois consolidan un modelo econ\u00f3mico terceiromundista propio de econom\u00edas dependentes e coloniais. O goberno da Xunta vai seguir apostando por encher os nosos montes de eucaliptos, convert\u00e9ndonos nunha enorme latifundio ao servizo de Ence. Vai continuar vend\u00e9ndonos ao capital estranxeiro en detrimento das empresas propias. Seguir\u00e1 afogando a sanidade p\u00fablica limitando os recursos econ\u00f3micos e humanos para beneficiar aos fondos de investimento que est\u00e1n detr\u00e1s da sanidade privada.<\/p>\n\n\n\n<p>Estes orzamentos non van evitar a decadencia imposta polo PP a Galiza e a Mar\u00edn.<\/p>\n\n\n\n<p>Mar\u00edn, 30 de decembro de 2021<\/p>\n\n\n\n<p>Asdo.: Pedro M. Cortegoso Gago<\/p>\n\n\n\n<p>Vice-respons\u00e1bel do BNG de Mar\u00edn.<\/p>\n","protected":false},"excerpt":{"rendered":"<div class=\"mh-excerpt\"><p>Se os orzamentos do estado son malos para Galiza os da Xunta para o ano 2021 non son mellores. Buscando Mar\u00edn polos centos de p\u00e1xinas s\u00f3 atoparemos unhas poucas veces o nome da nosa vila <a class=\"mh-excerpt-more\" href=\"https:\/\/www.anovapeneira.gal\/index.php\/2021\/01\/27\/orzamentos-2021-e-para-marin-que\/\" title=\"Orzamentos 2021, e para Mar\u00edn que?\">[&#8230;]<\/a><\/p>\n<\/div>","protected":false},"author":4,"featured_media":584,"comment_status":"open","ping_status":"open","sticky":false,"template":"","format":"standard","meta":{"_exactmetrics_skip_tracking":false,"_exactmetrics_sitenote_active":false,"_exactmetrics_sitenote_note":"","_exactmetrics_sitenote_category":0,"footnotes":""},"categories":[7],"tags":[144],"class_list":{"0":"post-4739","1":"post","2":"type-post","3":"status-publish","4":"format-standard","5":"has-post-thumbnail","7":"category-artigos-de-opinion","8":"tag-concello-de-marin"},"yoast_head":"<!-- This site is optimized with the Yoast SEO plugin v27.4 - https:\/\/yoast.com\/product\/yoast-seo-wordpress\/ -->\n<title>Orzamentos 2021, e para Mar\u00edn que? -<\/title>\n<meta name=\"description\" content=\"Se os orzamentos do estado son malos para Galiza os da Xunta para o ano 2021 non son mellores. Buscando Mar\u00edn polos centos de p\u00e1xinas s\u00f3 atoparemos unhas poucas veces o nome da nosa vila\" \/>\n<meta name=\"robots\" content=\"index, follow, max-snippet:-1, max-image-preview:large, max-video-preview:-1\" \/>\n<link rel=\"canonical\" href=\"https:\/\/www.anovapeneira.gal\/index.php\/2021\/01\/27\/orzamentos-2021-e-para-marin-que\/\" \/>\n<meta property=\"og:locale\" content=\"gl_ES\" \/>\n<meta property=\"og:type\" content=\"article\" \/>\n<meta property=\"og:title\" content=\"Orzamentos 2021, e para Mar\u00edn que? -\" \/>\n<meta property=\"og:description\" content=\"Se os orzamentos do estado son malos para Galiza os da Xunta para o ano 2021 non son mellores. Buscando Mar\u00edn polos centos de p\u00e1xinas s\u00f3 atoparemos unhas poucas veces o nome da nosa vila\" \/>\n<meta property=\"og:url\" content=\"https:\/\/www.anovapeneira.gal\/index.php\/2021\/01\/27\/orzamentos-2021-e-para-marin-que\/\" \/>\n<meta property=\"article:publisher\" content=\"https:\/\/www.facebook.com\/anovapeneira\" \/>\n<meta property=\"article:published_time\" content=\"2021-01-27T11:00:49+00:00\" \/>\n<meta property=\"og:image\" content=\"https:\/\/www.anovapeneira.gal\/wp-content\/uploads\/2019\/07\/ARTIGO_DE_OPINION_A_NOVA_PENEIRA.jpg\" \/>\n\t<meta property=\"og:image:width\" content=\"720\" \/>\n\t<meta property=\"og:image:height\" content=\"473\" \/>\n\t<meta property=\"og:image:type\" content=\"image\/jpeg\" \/>\n<meta name=\"author\" content=\"Pedro M. Cortegoso Gago\" \/>\n<meta name=\"twitter:card\" content=\"summary_large_image\" \/>\n<meta name=\"twitter:creator\" content=\"@APeneira\" \/>\n<meta name=\"twitter:site\" content=\"@APeneira\" \/>\n<meta name=\"twitter:label1\" content=\"Escrito por\" \/>\n\t<meta name=\"twitter:data1\" content=\"Pedro M. Cortegoso Gago\" \/>\n\t<meta name=\"twitter:label2\" content=\"Tempo de lectura\" \/>\n\t<meta name=\"twitter:data2\" content=\"3 minutos\" \/>\n<script type=\"application\/ld+json\" class=\"yoast-schema-graph\">{\"@context\":\"https:\\\/\\\/schema.org\",\"@graph\":[{\"@type\":\"Article\",\"@id\":\"https:\\\/\\\/www.anovapeneira.gal\\\/index.php\\\/2021\\\/01\\\/27\\\/orzamentos-2021-e-para-marin-que\\\/#article\",\"isPartOf\":{\"@id\":\"https:\\\/\\\/www.anovapeneira.gal\\\/index.php\\\/2021\\\/01\\\/27\\\/orzamentos-2021-e-para-marin-que\\\/\"},\"author\":{\"name\":\"Pedro M. Cortegoso Gago\",\"@id\":\"https:\\\/\\\/www.anovapeneira.gal\\\/#\\\/schema\\\/person\\\/c04a9c9f722c9446e71ae434c0353337\"},\"headline\":\"Orzamentos 2021, e para Mar\u00edn que?\",\"datePublished\":\"2021-01-27T11:00:49+00:00\",\"mainEntityOfPage\":{\"@id\":\"https:\\\/\\\/www.anovapeneira.gal\\\/index.php\\\/2021\\\/01\\\/27\\\/orzamentos-2021-e-para-marin-que\\\/\"},\"wordCount\":657,\"commentCount\":0,\"publisher\":{\"@id\":\"https:\\\/\\\/www.anovapeneira.gal\\\/#organization\"},\"image\":{\"@id\":\"https:\\\/\\\/www.anovapeneira.gal\\\/index.php\\\/2021\\\/01\\\/27\\\/orzamentos-2021-e-para-marin-que\\\/#primaryimage\"},\"thumbnailUrl\":\"https:\\\/\\\/www.anovapeneira.gal\\\/wp-content\\\/uploads\\\/2019\\\/07\\\/ARTIGO_DE_OPINION_A_NOVA_PENEIRA.jpg\",\"keywords\":[\"Concello de Mar\u00edn\"],\"articleSection\":[\"Artigos de opini\u00f3n\"],\"inLanguage\":\"gl-ES\",\"potentialAction\":[{\"@type\":\"CommentAction\",\"name\":\"Comment\",\"target\":[\"https:\\\/\\\/www.anovapeneira.gal\\\/index.php\\\/2021\\\/01\\\/27\\\/orzamentos-2021-e-para-marin-que\\\/#respond\"]}]},{\"@type\":\"WebPage\",\"@id\":\"https:\\\/\\\/www.anovapeneira.gal\\\/index.php\\\/2021\\\/01\\\/27\\\/orzamentos-2021-e-para-marin-que\\\/\",\"url\":\"https:\\\/\\\/www.anovapeneira.gal\\\/index.php\\\/2021\\\/01\\\/27\\\/orzamentos-2021-e-para-marin-que\\\/\",\"name\":\"Orzamentos 2021, e para Mar\u00edn que? -\",\"isPartOf\":{\"@id\":\"https:\\\/\\\/www.anovapeneira.gal\\\/#website\"},\"primaryImageOfPage\":{\"@id\":\"https:\\\/\\\/www.anovapeneira.gal\\\/index.php\\\/2021\\\/01\\\/27\\\/orzamentos-2021-e-para-marin-que\\\/#primaryimage\"},\"image\":{\"@id\":\"https:\\\/\\\/www.anovapeneira.gal\\\/index.php\\\/2021\\\/01\\\/27\\\/orzamentos-2021-e-para-marin-que\\\/#primaryimage\"},\"thumbnailUrl\":\"https:\\\/\\\/www.anovapeneira.gal\\\/wp-content\\\/uploads\\\/2019\\\/07\\\/ARTIGO_DE_OPINION_A_NOVA_PENEIRA.jpg\",\"datePublished\":\"2021-01-27T11:00:49+00:00\",\"description\":\"Se os orzamentos do estado son malos para Galiza os da Xunta para o ano 2021 non son mellores. Buscando Mar\u00edn polos centos de p\u00e1xinas s\u00f3 atoparemos unhas poucas veces o nome da nosa vila\",\"breadcrumb\":{\"@id\":\"https:\\\/\\\/www.anovapeneira.gal\\\/index.php\\\/2021\\\/01\\\/27\\\/orzamentos-2021-e-para-marin-que\\\/#breadcrumb\"},\"inLanguage\":\"gl-ES\",\"potentialAction\":[{\"@type\":\"ReadAction\",\"target\":[\"https:\\\/\\\/www.anovapeneira.gal\\\/index.php\\\/2021\\\/01\\\/27\\\/orzamentos-2021-e-para-marin-que\\\/\"]}]},{\"@type\":\"ImageObject\",\"inLanguage\":\"gl-ES\",\"@id\":\"https:\\\/\\\/www.anovapeneira.gal\\\/index.php\\\/2021\\\/01\\\/27\\\/orzamentos-2021-e-para-marin-que\\\/#primaryimage\",\"url\":\"https:\\\/\\\/www.anovapeneira.gal\\\/wp-content\\\/uploads\\\/2019\\\/07\\\/ARTIGO_DE_OPINION_A_NOVA_PENEIRA.jpg\",\"contentUrl\":\"https:\\\/\\\/www.anovapeneira.gal\\\/wp-content\\\/uploads\\\/2019\\\/07\\\/ARTIGO_DE_OPINION_A_NOVA_PENEIRA.jpg\",\"width\":720,\"height\":473,\"caption\":\"Artigo de opini\u00f3n A Nova Peneira\"},{\"@type\":\"BreadcrumbList\",\"@id\":\"https:\\\/\\\/www.anovapeneira.gal\\\/index.php\\\/2021\\\/01\\\/27\\\/orzamentos-2021-e-para-marin-que\\\/#breadcrumb\",\"itemListElement\":[{\"@type\":\"ListItem\",\"position\":1,\"name\":\"Portada\",\"item\":\"https:\\\/\\\/www.anovapeneira.gal\\\/\"},{\"@type\":\"ListItem\",\"position\":2,\"name\":\"Orzamentos 2021, e para Mar\u00edn que?\"}]},{\"@type\":\"WebSite\",\"@id\":\"https:\\\/\\\/www.anovapeneira.gal\\\/#website\",\"url\":\"https:\\\/\\\/www.anovapeneira.gal\\\/\",\"name\":\"\",\"description\":\"Xornal galego de informaci\u00f3n xeral Publicaci\u00f3n mensual de novas de Galicia e en especial dos Concellos da sur da provincia de Pontevedra.\",\"publisher\":{\"@id\":\"https:\\\/\\\/www.anovapeneira.gal\\\/#organization\"},\"potentialAction\":[{\"@type\":\"SearchAction\",\"target\":{\"@type\":\"EntryPoint\",\"urlTemplate\":\"https:\\\/\\\/www.anovapeneira.gal\\\/?s={search_term_string}\"},\"query-input\":{\"@type\":\"PropertyValueSpecification\",\"valueRequired\":true,\"valueName\":\"search_term_string\"}}],\"inLanguage\":\"gl-ES\"},{\"@type\":\"Organization\",\"@id\":\"https:\\\/\\\/www.anovapeneira.gal\\\/#organization\",\"name\":\"A Nova Peneira\",\"url\":\"https:\\\/\\\/www.anovapeneira.gal\\\/\",\"logo\":{\"@type\":\"ImageObject\",\"inLanguage\":\"gl-ES\",\"@id\":\"https:\\\/\\\/www.anovapeneira.gal\\\/#\\\/schema\\\/logo\\\/image\\\/\",\"url\":\"http:\\\/\\\/www.anovapeneira.gal\\\/wp-content\\\/uploads\\\/2019\\\/06\\\/logo_a_nova_peneira_portal_web.png\",\"contentUrl\":\"http:\\\/\\\/www.anovapeneira.gal\\\/wp-content\\\/uploads\\\/2019\\\/06\\\/logo_a_nova_peneira_portal_web.png\",\"width\":300,\"height\":100,\"caption\":\"A Nova Peneira\"},\"image\":{\"@id\":\"https:\\\/\\\/www.anovapeneira.gal\\\/#\\\/schema\\\/logo\\\/image\\\/\"},\"sameAs\":[\"https:\\\/\\\/www.facebook.com\\\/anovapeneira\",\"https:\\\/\\\/x.com\\\/APeneira\"]},{\"@type\":\"Person\",\"@id\":\"https:\\\/\\\/www.anovapeneira.gal\\\/#\\\/schema\\\/person\\\/c04a9c9f722c9446e71ae434c0353337\",\"name\":\"Pedro M. Cortegoso Gago\",\"image\":{\"@type\":\"ImageObject\",\"inLanguage\":\"gl-ES\",\"@id\":\"https:\\\/\\\/secure.gravatar.com\\\/avatar\\\/1613b27278a972c04db5c2f04fb2cbfa9edb58d6c3e2547817ecb8240eb58381?s=96&d=mm&r=g\",\"url\":\"https:\\\/\\\/secure.gravatar.com\\\/avatar\\\/1613b27278a972c04db5c2f04fb2cbfa9edb58d6c3e2547817ecb8240eb58381?s=96&d=mm&r=g\",\"contentUrl\":\"https:\\\/\\\/secure.gravatar.com\\\/avatar\\\/1613b27278a972c04db5c2f04fb2cbfa9edb58d6c3e2547817ecb8240eb58381?s=96&d=mm&r=g\",\"caption\":\"Pedro M. Cortegoso Gago\"},\"sameAs\":[\"http:\\\/\\\/anovapeneira.gal\"],\"url\":\"https:\\\/\\\/www.anovapeneira.gal\\\/index.php\\\/author\\\/opinionpcortegoso\\\/\"}]}<\/script>\n<!-- \/ Yoast SEO plugin. -->","yoast_head_json":{"title":"Orzamentos 2021, e para Mar\u00edn que? -","description":"Se os orzamentos do estado son malos para Galiza os da Xunta para o ano 2021 non son mellores. Buscando Mar\u00edn polos centos de p\u00e1xinas s\u00f3 atoparemos unhas poucas veces o nome da nosa vila","robots":{"index":"index","follow":"follow","max-snippet":"max-snippet:-1","max-image-preview":"max-image-preview:large","max-video-preview":"max-video-preview:-1"},"canonical":"https:\/\/www.anovapeneira.gal\/index.php\/2021\/01\/27\/orzamentos-2021-e-para-marin-que\/","og_locale":"gl_ES","og_type":"article","og_title":"Orzamentos 2021, e para Mar\u00edn que? -","og_description":"Se os orzamentos do estado son malos para Galiza os da Xunta para o ano 2021 non son mellores. Buscando Mar\u00edn polos centos de p\u00e1xinas s\u00f3 atoparemos unhas poucas veces o nome da nosa vila","og_url":"https:\/\/www.anovapeneira.gal\/index.php\/2021\/01\/27\/orzamentos-2021-e-para-marin-que\/","article_publisher":"https:\/\/www.facebook.com\/anovapeneira","article_published_time":"2021-01-27T11:00:49+00:00","og_image":[{"width":720,"height":473,"url":"https:\/\/www.anovapeneira.gal\/wp-content\/uploads\/2019\/07\/ARTIGO_DE_OPINION_A_NOVA_PENEIRA.jpg","type":"image\/jpeg"}],"author":"Pedro M. Cortegoso Gago","twitter_card":"summary_large_image","twitter_creator":"@APeneira","twitter_site":"@APeneira","twitter_misc":{"Escrito por":"Pedro M. Cortegoso Gago","Tempo de lectura":"3 minutos"},"schema":{"@context":"https:\/\/schema.org","@graph":[{"@type":"Article","@id":"https:\/\/www.anovapeneira.gal\/index.php\/2021\/01\/27\/orzamentos-2021-e-para-marin-que\/#article","isPartOf":{"@id":"https:\/\/www.anovapeneira.gal\/index.php\/2021\/01\/27\/orzamentos-2021-e-para-marin-que\/"},"author":{"name":"Pedro M. Cortegoso Gago","@id":"https:\/\/www.anovapeneira.gal\/#\/schema\/person\/c04a9c9f722c9446e71ae434c0353337"},"headline":"Orzamentos 2021, e para Mar\u00edn que?","datePublished":"2021-01-27T11:00:49+00:00","mainEntityOfPage":{"@id":"https:\/\/www.anovapeneira.gal\/index.php\/2021\/01\/27\/orzamentos-2021-e-para-marin-que\/"},"wordCount":657,"commentCount":0,"publisher":{"@id":"https:\/\/www.anovapeneira.gal\/#organization"},"image":{"@id":"https:\/\/www.anovapeneira.gal\/index.php\/2021\/01\/27\/orzamentos-2021-e-para-marin-que\/#primaryimage"},"thumbnailUrl":"https:\/\/www.anovapeneira.gal\/wp-content\/uploads\/2019\/07\/ARTIGO_DE_OPINION_A_NOVA_PENEIRA.jpg","keywords":["Concello de Mar\u00edn"],"articleSection":["Artigos de opini\u00f3n"],"inLanguage":"gl-ES","potentialAction":[{"@type":"CommentAction","name":"Comment","target":["https:\/\/www.anovapeneira.gal\/index.php\/2021\/01\/27\/orzamentos-2021-e-para-marin-que\/#respond"]}]},{"@type":"WebPage","@id":"https:\/\/www.anovapeneira.gal\/index.php\/2021\/01\/27\/orzamentos-2021-e-para-marin-que\/","url":"https:\/\/www.anovapeneira.gal\/index.php\/2021\/01\/27\/orzamentos-2021-e-para-marin-que\/","name":"Orzamentos 2021, e para Mar\u00edn que? -","isPartOf":{"@id":"https:\/\/www.anovapeneira.gal\/#website"},"primaryImageOfPage":{"@id":"https:\/\/www.anovapeneira.gal\/index.php\/2021\/01\/27\/orzamentos-2021-e-para-marin-que\/#primaryimage"},"image":{"@id":"https:\/\/www.anovapeneira.gal\/index.php\/2021\/01\/27\/orzamentos-2021-e-para-marin-que\/#primaryimage"},"thumbnailUrl":"https:\/\/www.anovapeneira.gal\/wp-content\/uploads\/2019\/07\/ARTIGO_DE_OPINION_A_NOVA_PENEIRA.jpg","datePublished":"2021-01-27T11:00:49+00:00","description":"Se os orzamentos do estado son malos para Galiza os da Xunta para o ano 2021 non son mellores. Buscando Mar\u00edn polos centos de p\u00e1xinas s\u00f3 atoparemos unhas poucas veces o nome da nosa vila","breadcrumb":{"@id":"https:\/\/www.anovapeneira.gal\/index.php\/2021\/01\/27\/orzamentos-2021-e-para-marin-que\/#breadcrumb"},"inLanguage":"gl-ES","potentialAction":[{"@type":"ReadAction","target":["https:\/\/www.anovapeneira.gal\/index.php\/2021\/01\/27\/orzamentos-2021-e-para-marin-que\/"]}]},{"@type":"ImageObject","inLanguage":"gl-ES","@id":"https:\/\/www.anovapeneira.gal\/index.php\/2021\/01\/27\/orzamentos-2021-e-para-marin-que\/#primaryimage","url":"https:\/\/www.anovapeneira.gal\/wp-content\/uploads\/2019\/07\/ARTIGO_DE_OPINION_A_NOVA_PENEIRA.jpg","contentUrl":"https:\/\/www.anovapeneira.gal\/wp-content\/uploads\/2019\/07\/ARTIGO_DE_OPINION_A_NOVA_PENEIRA.jpg","width":720,"height":473,"caption":"Artigo de opini\u00f3n A Nova Peneira"},{"@type":"BreadcrumbList","@id":"https:\/\/www.anovapeneira.gal\/index.php\/2021\/01\/27\/orzamentos-2021-e-para-marin-que\/#breadcrumb","itemListElement":[{"@type":"ListItem","position":1,"name":"Portada","item":"https:\/\/www.anovapeneira.gal\/"},{"@type":"ListItem","position":2,"name":"Orzamentos 2021, e para Mar\u00edn que?"}]},{"@type":"WebSite","@id":"https:\/\/www.anovapeneira.gal\/#website","url":"https:\/\/www.anovapeneira.gal\/","name":"","description":"Xornal galego de informaci\u00f3n xeral Publicaci\u00f3n mensual de novas de Galicia e en especial dos Concellos da sur da provincia de Pontevedra.","publisher":{"@id":"https:\/\/www.anovapeneira.gal\/#organization"},"potentialAction":[{"@type":"SearchAction","target":{"@type":"EntryPoint","urlTemplate":"https:\/\/www.anovapeneira.gal\/?s={search_term_string}"},"query-input":{"@type":"PropertyValueSpecification","valueRequired":true,"valueName":"search_term_string"}}],"inLanguage":"gl-ES"},{"@type":"Organization","@id":"https:\/\/www.anovapeneira.gal\/#organization","name":"A Nova Peneira","url":"https:\/\/www.anovapeneira.gal\/","logo":{"@type":"ImageObject","inLanguage":"gl-ES","@id":"https:\/\/www.anovapeneira.gal\/#\/schema\/logo\/image\/","url":"http:\/\/www.anovapeneira.gal\/wp-content\/uploads\/2019\/06\/logo_a_nova_peneira_portal_web.png","contentUrl":"http:\/\/www.anovapeneira.gal\/wp-content\/uploads\/2019\/06\/logo_a_nova_peneira_portal_web.png","width":300,"height":100,"caption":"A Nova Peneira"},"image":{"@id":"https:\/\/www.anovapeneira.gal\/#\/schema\/logo\/image\/"},"sameAs":["https:\/\/www.facebook.com\/anovapeneira","https:\/\/x.com\/APeneira"]},{"@type":"Person","@id":"https:\/\/www.anovapeneira.gal\/#\/schema\/person\/c04a9c9f722c9446e71ae434c0353337","name":"Pedro M. Cortegoso Gago","image":{"@type":"ImageObject","inLanguage":"gl-ES","@id":"https:\/\/secure.gravatar.com\/avatar\/1613b27278a972c04db5c2f04fb2cbfa9edb58d6c3e2547817ecb8240eb58381?s=96&d=mm&r=g","url":"https:\/\/secure.gravatar.com\/avatar\/1613b27278a972c04db5c2f04fb2cbfa9edb58d6c3e2547817ecb8240eb58381?s=96&d=mm&r=g","contentUrl":"https:\/\/secure.gravatar.com\/avatar\/1613b27278a972c04db5c2f04fb2cbfa9edb58d6c3e2547817ecb8240eb58381?s=96&d=mm&r=g","caption":"Pedro M. Cortegoso Gago"},"sameAs":["http:\/\/anovapeneira.gal"],"url":"https:\/\/www.anovapeneira.gal\/index.php\/author\/opinionpcortegoso\/"}]}},"jetpack_featured_media_url":"https:\/\/www.anovapeneira.gal\/wp-content\/uploads\/2019\/07\/ARTIGO_DE_OPINION_A_NOVA_PENEIRA.jpg","_links":{"self":[{"href":"https:\/\/www.anovapeneira.gal\/index.php\/wp-json\/wp\/v2\/posts\/4739","targetHints":{"allow":["GET"]}}],"collection":[{"href":"https:\/\/www.anovapeneira.gal\/index.php\/wp-json\/wp\/v2\/posts"}],"about":[{"href":"https:\/\/www.anovapeneira.gal\/index.php\/wp-json\/wp\/v2\/types\/post"}],"author":[{"embeddable":true,"href":"https:\/\/www.anovapeneira.gal\/index.php\/wp-json\/wp\/v2\/users\/4"}],"replies":[{"embeddable":true,"href":"https:\/\/www.anovapeneira.gal\/index.php\/wp-json\/wp\/v2\/comments?post=4739"}],"version-history":[{"count":1,"href":"https:\/\/www.anovapeneira.gal\/index.php\/wp-json\/wp\/v2\/posts\/4739\/revisions"}],"predecessor-version":[{"id":4740,"href":"https:\/\/www.anovapeneira.gal\/index.php\/wp-json\/wp\/v2\/posts\/4739\/revisions\/4740"}],"wp:featuredmedia":[{"embeddable":true,"href":"https:\/\/www.anovapeneira.gal\/index.php\/wp-json\/wp\/v2\/media\/584"}],"wp:attachment":[{"href":"https:\/\/www.anovapeneira.gal\/index.php\/wp-json\/wp\/v2\/media?parent=4739"}],"wp:term":[{"taxonomy":"category","embeddable":true,"href":"https:\/\/www.anovapeneira.gal\/index.php\/wp-json\/wp\/v2\/categories?post=4739"},{"taxonomy":"post_tag","embeddable":true,"href":"https:\/\/www.anovapeneira.gal\/index.php\/wp-json\/wp\/v2\/tags?post=4739"}],"curies":[{"name":"wp","href":"https:\/\/api.w.org\/{rel}","templated":true}]}}