{"id":4743,"date":"2021-01-28T12:00:58","date_gmt":"2021-01-28T11:00:58","guid":{"rendered":"http:\/\/www.anovapeneira.gal\/?p=4743"},"modified":"2021-01-24T09:28:38","modified_gmt":"2021-01-24T08:28:38","slug":"o-bng-de-gondomar-solicita-da-xunta-a-inclusion-do-persoal-do-servizo-de-axuda-no-fogar-saf-nesta-primeira-fase-de-vacinacion","status":"publish","type":"post","link":"https:\/\/www.anovapeneira.gal\/index.php\/2021\/01\/28\/o-bng-de-gondomar-solicita-da-xunta-a-inclusion-do-persoal-do-servizo-de-axuda-no-fogar-saf-nesta-primeira-fase-de-vacinacion\/","title":{"rendered":"O BNG de Gondomar solicita da xunta a inclusi\u00f3n do persoal do servizo de axuda no fogar (SAF) nesta primeira fase de vacinaci\u00f3n"},"content":{"rendered":"\n<h2 class=\"wp-block-heading\"><strong>Presenta unha moci\u00f3n pola\u00a0inclusi\u00f3n do persoal do SAF e TES no servizo de ambulancias non urxente no grupo de persoal de primeira li\u00f1a co fin de programar xa a s\u00faa vacinaci\u00f3n fronte \u00e1 COVID-19, tal como solicitan estes colectivos<\/strong><\/h2>\n\n\n\n<p><strong>Gondomar, 22 de xaneiro de 2021<\/strong><\/p>\n\n\n\n<p>O BNG de Gondomar v\u00e9n de presentar unha moci\u00f3n pola\u00a0inclusi\u00f3n do persoal do Servizo de Axuda no Fogar (SAF), e das persoas T\u00e9cnicas de Emerxencias Sanitarias (TES) no servizo de ambulancias non urxente no grupo de persoal de primeira li\u00f1a no \u00e1mbito sanitario e socio-sanitario co fin de programar a s\u00faa vacinaci\u00f3n fronte \u00e1 covid-19 nesta primeira fase.<\/p>\n\n\n\n<p>As persoas traballadoras destes dous servizos non figuran como persoal de primeira li\u00f1a no&nbsp;<em>Plan Galego de Vacinaci\u00f3n Fronte ao SARS-Co V-2<\/em>&nbsp;e non son considerados prioritarios a pesares de desenvolver labores esenciais e ter un alto nivel de risco tanto de ser contaxiados como de contaxiaren a outras persoas.<\/p>\n\n\n\n<p>O colectivo do persoal socio-sanitario do Servizo de Axuda no Fogar denuncia que est\u00e1n na primeira li\u00f1a de atenci\u00f3n a persoas dependentes, polo que \u00e9 necesario que te\u00f1an medidas especiais de protecci\u00f3n ante o contacto directo coas persoas usuarias que poder\u00edan estar infectados e que compo\u00f1en tam\u00e9n a poboaci\u00f3n m\u00e1is vulnerable e con maior risco da sociedade. Prestar o servizo en diferentes fogares, a falla de control sobre os contactos de cada persoa \u00e1 que atenden ou a inexistencia de protocolos de actuaci\u00f3n unificados nos casos de persoas infectadas ou sospeitosas de COVID, xa que cada empresa concesionaria e\/ou cada concello xestionan esta cuesti\u00f3n segundo os seus propios criterios, fan moi arriscado o seu labor.<\/p>\n\n\n\n<p>Tam\u00e9n o persoal TES do servizo de ambulancias non urxente reclama a mesma consideraci\u00f3n que o persoal sanitario e socio-sanitario que traballa en residencias de persoas maiores e de atenci\u00f3n a persoas con gran discapacidade, xa que fan os traslados destas usuarias, ou servizos de coidado non intensivo e servizos en unidades con pacientes de alto risco (oncolox\u00eda, hematolox\u00eda, di\u00e1lise, etc.), e te\u00f1en contacto coas persoas doentes \u00e1 hora de asistilas, movelas, acomodalas, sentalas, deitalas, nun espazo tan reducido como unha ambulancia.<\/p>\n\n\n\n<p>Diante desta xusta reivindicaci\u00f3n, pola maior garant\u00eda sanitaria de persoal do SAF e TES e das persoas \u00e1s que atenden, a voceira do BNG no concello de Gondomar presenta esta moci\u00f3n na que solicita do Pleno da Corporaci\u00f3n municipal o acordo de instar \u00e1 Xunta de Galiza a inclu\u00edr \u00e1s persoas que traballan no Servizo de Atenci\u00f3n no Fogar (SAF) e \u00e1s persoas T\u00e9cnicas de Emerxencias Sanitarias (TES) no servizo de ambulancias non urxente, no grupo de persoal de primeira li\u00f1a no \u00e1mbito sanitario e socio-sanitario co fin de programar a s\u00faa vacinaci\u00f3n fronte ao SARS-Co V-2 nesta primeira fase<\/p>\n","protected":false},"excerpt":{"rendered":"<div class=\"mh-excerpt\"><p>Presenta unha moci\u00f3n pola inclusi\u00f3n do persoal do SAF e TES no servizo de ambulancias non urxente no grupo de persoal de primeira li\u00f1a co fin de programar xa a s\u00faa vacinaci\u00f3n fronte \u00e1 COVID-19, tal como solicitan estes colectivos <a class=\"mh-excerpt-more\" href=\"https:\/\/www.anovapeneira.gal\/index.php\/2021\/01\/28\/o-bng-de-gondomar-solicita-da-xunta-a-inclusion-do-persoal-do-servizo-de-axuda-no-fogar-saf-nesta-primeira-fase-de-vacinacion\/\" title=\"O BNG de Gondomar solicita da xunta a inclusi\u00f3n do persoal do servizo de axuda no fogar (SAF) nesta primeira fase de vacinaci\u00f3n\">[&#8230;]<\/a><\/p>\n<\/div>","protected":false},"author":3,"featured_media":575,"comment_status":"open","ping_status":"open","sticky":false,"template":"","format":"standard","meta":{"_exactmetrics_skip_tracking":false,"_exactmetrics_sitenote_active":false,"_exactmetrics_sitenote_note":"","_exactmetrics_sitenote_category":0,"footnotes":""},"categories":[20],"tags":[149],"class_list":{"0":"post-4743","1":"post","2":"type-post","3":"status-publish","4":"format-standard","5":"has-post-thumbnail","7":"category-val-minor","8":"tag-concello-de-gondomar"},"yoast_head":"<!-- This site is optimized with the Yoast SEO plugin v27.4 - https:\/\/yoast.com\/product\/yoast-seo-wordpress\/ -->\n<title>O BNG de Gondomar solicita da xunta a inclusi\u00f3n do persoal do servizo de axuda no fogar (SAF) nesta primeira fase de vacinaci\u00f3n -<\/title>\n<meta name=\"description\" content=\"Presenta unha moci\u00f3n pola inclusi\u00f3n do persoal do SAF e TES no servizo de ambulancias non urxente no grupo de persoal de primeira li\u00f1a co fin de programar xa a s\u00faa vacinaci\u00f3n fronte \u00e1 COVID-19, tal como solicitan estes colectivos\" \/>\n<meta name=\"robots\" content=\"index, follow, max-snippet:-1, max-image-preview:large, max-video-preview:-1\" \/>\n<link rel=\"canonical\" href=\"https:\/\/www.anovapeneira.gal\/index.php\/2021\/01\/28\/o-bng-de-gondomar-solicita-da-xunta-a-inclusion-do-persoal-do-servizo-de-axuda-no-fogar-saf-nesta-primeira-fase-de-vacinacion\/\" \/>\n<meta property=\"og:locale\" content=\"gl_ES\" \/>\n<meta property=\"og:type\" content=\"article\" \/>\n<meta property=\"og:title\" content=\"O BNG de Gondomar solicita da xunta a inclusi\u00f3n do persoal do servizo de axuda no fogar (SAF) nesta primeira fase de vacinaci\u00f3n -\" \/>\n<meta property=\"og:description\" content=\"Presenta unha moci\u00f3n pola inclusi\u00f3n do persoal do SAF e TES no servizo de ambulancias non urxente no grupo de persoal de primeira li\u00f1a co fin de programar xa a s\u00faa vacinaci\u00f3n fronte \u00e1 COVID-19, tal como solicitan estes colectivos\" \/>\n<meta property=\"og:url\" content=\"https:\/\/www.anovapeneira.gal\/index.php\/2021\/01\/28\/o-bng-de-gondomar-solicita-da-xunta-a-inclusion-do-persoal-do-servizo-de-axuda-no-fogar-saf-nesta-primeira-fase-de-vacinacion\/\" \/>\n<meta property=\"article:publisher\" content=\"https:\/\/www.facebook.com\/anovapeneira\" \/>\n<meta property=\"article:published_time\" content=\"2021-01-28T11:00:58+00:00\" \/>\n<meta property=\"og:image\" content=\"https:\/\/www.anovapeneira.gal\/wp-content\/uploads\/2019\/07\/bng_logo.jpg\" \/>\n\t<meta property=\"og:image:width\" content=\"720\" \/>\n\t<meta property=\"og:image:height\" content=\"473\" \/>\n\t<meta property=\"og:image:type\" content=\"image\/jpeg\" \/>\n<meta name=\"author\" content=\"Redacci\u00f3n A Nova Peneira\" \/>\n<meta name=\"twitter:card\" content=\"summary_large_image\" \/>\n<meta name=\"twitter:creator\" content=\"@APeneira\" \/>\n<meta name=\"twitter:site\" content=\"@APeneira\" \/>\n<meta name=\"twitter:label1\" content=\"Escrito por\" \/>\n\t<meta name=\"twitter:data1\" content=\"Redacci\u00f3n A Nova Peneira\" \/>\n\t<meta name=\"twitter:label2\" content=\"Tempo de lectura\" \/>\n\t<meta name=\"twitter:data2\" content=\"2 minutos\" \/>\n<script type=\"application\/ld+json\" class=\"yoast-schema-graph\">{\"@context\":\"https:\\\/\\\/schema.org\",\"@graph\":[{\"@type\":\"Article\",\"@id\":\"https:\\\/\\\/www.anovapeneira.gal\\\/index.php\\\/2021\\\/01\\\/28\\\/o-bng-de-gondomar-solicita-da-xunta-a-inclusion-do-persoal-do-servizo-de-axuda-no-fogar-saf-nesta-primeira-fase-de-vacinacion\\\/#article\",\"isPartOf\":{\"@id\":\"https:\\\/\\\/www.anovapeneira.gal\\\/index.php\\\/2021\\\/01\\\/28\\\/o-bng-de-gondomar-solicita-da-xunta-a-inclusion-do-persoal-do-servizo-de-axuda-no-fogar-saf-nesta-primeira-fase-de-vacinacion\\\/\"},\"author\":{\"name\":\"Redacci\u00f3n A Nova Peneira\",\"@id\":\"https:\\\/\\\/www.anovapeneira.gal\\\/#\\\/schema\\\/person\\\/b93e3f8932e3f8da96334607eb6ac6aa\"},\"headline\":\"O BNG de Gondomar solicita da xunta a inclusi\u00f3n do persoal do servizo de axuda no fogar (SAF) nesta primeira fase de vacinaci\u00f3n\",\"datePublished\":\"2021-01-28T11:00:58+00:00\",\"mainEntityOfPage\":{\"@id\":\"https:\\\/\\\/www.anovapeneira.gal\\\/index.php\\\/2021\\\/01\\\/28\\\/o-bng-de-gondomar-solicita-da-xunta-a-inclusion-do-persoal-do-servizo-de-axuda-no-fogar-saf-nesta-primeira-fase-de-vacinacion\\\/\"},\"wordCount\":515,\"commentCount\":0,\"publisher\":{\"@id\":\"https:\\\/\\\/www.anovapeneira.gal\\\/#organization\"},\"image\":{\"@id\":\"https:\\\/\\\/www.anovapeneira.gal\\\/index.php\\\/2021\\\/01\\\/28\\\/o-bng-de-gondomar-solicita-da-xunta-a-inclusion-do-persoal-do-servizo-de-axuda-no-fogar-saf-nesta-primeira-fase-de-vacinacion\\\/#primaryimage\"},\"thumbnailUrl\":\"https:\\\/\\\/www.anovapeneira.gal\\\/wp-content\\\/uploads\\\/2019\\\/07\\\/bng_logo.jpg\",\"keywords\":[\"Concello de Gondomar\"],\"articleSection\":[\"Val Mi\u00f1or\"],\"inLanguage\":\"gl-ES\",\"potentialAction\":[{\"@type\":\"CommentAction\",\"name\":\"Comment\",\"target\":[\"https:\\\/\\\/www.anovapeneira.gal\\\/index.php\\\/2021\\\/01\\\/28\\\/o-bng-de-gondomar-solicita-da-xunta-a-inclusion-do-persoal-do-servizo-de-axuda-no-fogar-saf-nesta-primeira-fase-de-vacinacion\\\/#respond\"]}]},{\"@type\":\"WebPage\",\"@id\":\"https:\\\/\\\/www.anovapeneira.gal\\\/index.php\\\/2021\\\/01\\\/28\\\/o-bng-de-gondomar-solicita-da-xunta-a-inclusion-do-persoal-do-servizo-de-axuda-no-fogar-saf-nesta-primeira-fase-de-vacinacion\\\/\",\"url\":\"https:\\\/\\\/www.anovapeneira.gal\\\/index.php\\\/2021\\\/01\\\/28\\\/o-bng-de-gondomar-solicita-da-xunta-a-inclusion-do-persoal-do-servizo-de-axuda-no-fogar-saf-nesta-primeira-fase-de-vacinacion\\\/\",\"name\":\"O BNG de Gondomar solicita da xunta a inclusi\u00f3n do persoal do servizo de axuda no fogar (SAF) nesta primeira fase de vacinaci\u00f3n -\",\"isPartOf\":{\"@id\":\"https:\\\/\\\/www.anovapeneira.gal\\\/#website\"},\"primaryImageOfPage\":{\"@id\":\"https:\\\/\\\/www.anovapeneira.gal\\\/index.php\\\/2021\\\/01\\\/28\\\/o-bng-de-gondomar-solicita-da-xunta-a-inclusion-do-persoal-do-servizo-de-axuda-no-fogar-saf-nesta-primeira-fase-de-vacinacion\\\/#primaryimage\"},\"image\":{\"@id\":\"https:\\\/\\\/www.anovapeneira.gal\\\/index.php\\\/2021\\\/01\\\/28\\\/o-bng-de-gondomar-solicita-da-xunta-a-inclusion-do-persoal-do-servizo-de-axuda-no-fogar-saf-nesta-primeira-fase-de-vacinacion\\\/#primaryimage\"},\"thumbnailUrl\":\"https:\\\/\\\/www.anovapeneira.gal\\\/wp-content\\\/uploads\\\/2019\\\/07\\\/bng_logo.jpg\",\"datePublished\":\"2021-01-28T11:00:58+00:00\",\"description\":\"Presenta unha moci\u00f3n pola inclusi\u00f3n do persoal do SAF e TES no servizo de ambulancias non urxente no grupo de persoal de primeira li\u00f1a co fin de programar xa a s\u00faa vacinaci\u00f3n fronte \u00e1 COVID-19, tal como solicitan estes colectivos\",\"breadcrumb\":{\"@id\":\"https:\\\/\\\/www.anovapeneira.gal\\\/index.php\\\/2021\\\/01\\\/28\\\/o-bng-de-gondomar-solicita-da-xunta-a-inclusion-do-persoal-do-servizo-de-axuda-no-fogar-saf-nesta-primeira-fase-de-vacinacion\\\/#breadcrumb\"},\"inLanguage\":\"gl-ES\",\"potentialAction\":[{\"@type\":\"ReadAction\",\"target\":[\"https:\\\/\\\/www.anovapeneira.gal\\\/index.php\\\/2021\\\/01\\\/28\\\/o-bng-de-gondomar-solicita-da-xunta-a-inclusion-do-persoal-do-servizo-de-axuda-no-fogar-saf-nesta-primeira-fase-de-vacinacion\\\/\"]}]},{\"@type\":\"ImageObject\",\"inLanguage\":\"gl-ES\",\"@id\":\"https:\\\/\\\/www.anovapeneira.gal\\\/index.php\\\/2021\\\/01\\\/28\\\/o-bng-de-gondomar-solicita-da-xunta-a-inclusion-do-persoal-do-servizo-de-axuda-no-fogar-saf-nesta-primeira-fase-de-vacinacion\\\/#primaryimage\",\"url\":\"https:\\\/\\\/www.anovapeneira.gal\\\/wp-content\\\/uploads\\\/2019\\\/07\\\/bng_logo.jpg\",\"contentUrl\":\"https:\\\/\\\/www.anovapeneira.gal\\\/wp-content\\\/uploads\\\/2019\\\/07\\\/bng_logo.jpg\",\"width\":720,\"height\":473,\"caption\":\"BNG A Nova Peneira\"},{\"@type\":\"BreadcrumbList\",\"@id\":\"https:\\\/\\\/www.anovapeneira.gal\\\/index.php\\\/2021\\\/01\\\/28\\\/o-bng-de-gondomar-solicita-da-xunta-a-inclusion-do-persoal-do-servizo-de-axuda-no-fogar-saf-nesta-primeira-fase-de-vacinacion\\\/#breadcrumb\",\"itemListElement\":[{\"@type\":\"ListItem\",\"position\":1,\"name\":\"Portada\",\"item\":\"https:\\\/\\\/www.anovapeneira.gal\\\/\"},{\"@type\":\"ListItem\",\"position\":2,\"name\":\"O BNG de Gondomar solicita da xunta a inclusi\u00f3n do persoal do servizo de axuda no fogar (SAF) nesta primeira fase de vacinaci\u00f3n\"}]},{\"@type\":\"WebSite\",\"@id\":\"https:\\\/\\\/www.anovapeneira.gal\\\/#website\",\"url\":\"https:\\\/\\\/www.anovapeneira.gal\\\/\",\"name\":\"\",\"description\":\"Xornal galego de informaci\u00f3n xeral Publicaci\u00f3n mensual de novas de Galicia e en especial dos Concellos da sur da provincia de Pontevedra.\",\"publisher\":{\"@id\":\"https:\\\/\\\/www.anovapeneira.gal\\\/#organization\"},\"potentialAction\":[{\"@type\":\"SearchAction\",\"target\":{\"@type\":\"EntryPoint\",\"urlTemplate\":\"https:\\\/\\\/www.anovapeneira.gal\\\/?s={search_term_string}\"},\"query-input\":{\"@type\":\"PropertyValueSpecification\",\"valueRequired\":true,\"valueName\":\"search_term_string\"}}],\"inLanguage\":\"gl-ES\"},{\"@type\":\"Organization\",\"@id\":\"https:\\\/\\\/www.anovapeneira.gal\\\/#organization\",\"name\":\"A Nova Peneira\",\"url\":\"https:\\\/\\\/www.anovapeneira.gal\\\/\",\"logo\":{\"@type\":\"ImageObject\",\"inLanguage\":\"gl-ES\",\"@id\":\"https:\\\/\\\/www.anovapeneira.gal\\\/#\\\/schema\\\/logo\\\/image\\\/\",\"url\":\"http:\\\/\\\/www.anovapeneira.gal\\\/wp-content\\\/uploads\\\/2019\\\/06\\\/logo_a_nova_peneira_portal_web.png\",\"contentUrl\":\"http:\\\/\\\/www.anovapeneira.gal\\\/wp-content\\\/uploads\\\/2019\\\/06\\\/logo_a_nova_peneira_portal_web.png\",\"width\":300,\"height\":100,\"caption\":\"A Nova Peneira\"},\"image\":{\"@id\":\"https:\\\/\\\/www.anovapeneira.gal\\\/#\\\/schema\\\/logo\\\/image\\\/\"},\"sameAs\":[\"https:\\\/\\\/www.facebook.com\\\/anovapeneira\",\"https:\\\/\\\/x.com\\\/APeneira\"]},{\"@type\":\"Person\",\"@id\":\"https:\\\/\\\/www.anovapeneira.gal\\\/#\\\/schema\\\/person\\\/b93e3f8932e3f8da96334607eb6ac6aa\",\"name\":\"Redacci\u00f3n A Nova Peneira\",\"image\":{\"@type\":\"ImageObject\",\"inLanguage\":\"gl-ES\",\"@id\":\"https:\\\/\\\/secure.gravatar.com\\\/avatar\\\/c052a2551a06e23fac63626232eaa90abd78dbcf1700fc46a2b2c89fd27b735f?s=96&d=mm&r=g\",\"url\":\"https:\\\/\\\/secure.gravatar.com\\\/avatar\\\/c052a2551a06e23fac63626232eaa90abd78dbcf1700fc46a2b2c89fd27b735f?s=96&d=mm&r=g\",\"contentUrl\":\"https:\\\/\\\/secure.gravatar.com\\\/avatar\\\/c052a2551a06e23fac63626232eaa90abd78dbcf1700fc46a2b2c89fd27b735f?s=96&d=mm&r=g\",\"caption\":\"Redacci\u00f3n A Nova Peneira\"},\"sameAs\":[\"http:\\\/\\\/www.anovapeneira.gal\\\/\"],\"url\":\"https:\\\/\\\/www.anovapeneira.gal\\\/index.php\\\/author\\\/redactor\\\/\"}]}<\/script>\n<!-- \/ Yoast SEO plugin. -->","yoast_head_json":{"title":"O BNG de Gondomar solicita da xunta a inclusi\u00f3n do persoal do servizo de axuda no fogar (SAF) nesta primeira fase de vacinaci\u00f3n -","description":"Presenta unha moci\u00f3n pola inclusi\u00f3n do persoal do SAF e TES no servizo de ambulancias non urxente no grupo de persoal de primeira li\u00f1a co fin de programar xa a s\u00faa vacinaci\u00f3n fronte \u00e1 COVID-19, tal como solicitan estes colectivos","robots":{"index":"index","follow":"follow","max-snippet":"max-snippet:-1","max-image-preview":"max-image-preview:large","max-video-preview":"max-video-preview:-1"},"canonical":"https:\/\/www.anovapeneira.gal\/index.php\/2021\/01\/28\/o-bng-de-gondomar-solicita-da-xunta-a-inclusion-do-persoal-do-servizo-de-axuda-no-fogar-saf-nesta-primeira-fase-de-vacinacion\/","og_locale":"gl_ES","og_type":"article","og_title":"O BNG de Gondomar solicita da xunta a inclusi\u00f3n do persoal do servizo de axuda no fogar (SAF) nesta primeira fase de vacinaci\u00f3n -","og_description":"Presenta unha moci\u00f3n pola inclusi\u00f3n do persoal do SAF e TES no servizo de ambulancias non urxente no grupo de persoal de primeira li\u00f1a co fin de programar xa a s\u00faa vacinaci\u00f3n fronte \u00e1 COVID-19, tal como solicitan estes colectivos","og_url":"https:\/\/www.anovapeneira.gal\/index.php\/2021\/01\/28\/o-bng-de-gondomar-solicita-da-xunta-a-inclusion-do-persoal-do-servizo-de-axuda-no-fogar-saf-nesta-primeira-fase-de-vacinacion\/","article_publisher":"https:\/\/www.facebook.com\/anovapeneira","article_published_time":"2021-01-28T11:00:58+00:00","og_image":[{"width":720,"height":473,"url":"https:\/\/www.anovapeneira.gal\/wp-content\/uploads\/2019\/07\/bng_logo.jpg","type":"image\/jpeg"}],"author":"Redacci\u00f3n A Nova Peneira","twitter_card":"summary_large_image","twitter_creator":"@APeneira","twitter_site":"@APeneira","twitter_misc":{"Escrito por":"Redacci\u00f3n A Nova Peneira","Tempo de lectura":"2 minutos"},"schema":{"@context":"https:\/\/schema.org","@graph":[{"@type":"Article","@id":"https:\/\/www.anovapeneira.gal\/index.php\/2021\/01\/28\/o-bng-de-gondomar-solicita-da-xunta-a-inclusion-do-persoal-do-servizo-de-axuda-no-fogar-saf-nesta-primeira-fase-de-vacinacion\/#article","isPartOf":{"@id":"https:\/\/www.anovapeneira.gal\/index.php\/2021\/01\/28\/o-bng-de-gondomar-solicita-da-xunta-a-inclusion-do-persoal-do-servizo-de-axuda-no-fogar-saf-nesta-primeira-fase-de-vacinacion\/"},"author":{"name":"Redacci\u00f3n A Nova Peneira","@id":"https:\/\/www.anovapeneira.gal\/#\/schema\/person\/b93e3f8932e3f8da96334607eb6ac6aa"},"headline":"O BNG de Gondomar solicita da xunta a inclusi\u00f3n do persoal do servizo de axuda no fogar (SAF) nesta primeira fase de vacinaci\u00f3n","datePublished":"2021-01-28T11:00:58+00:00","mainEntityOfPage":{"@id":"https:\/\/www.anovapeneira.gal\/index.php\/2021\/01\/28\/o-bng-de-gondomar-solicita-da-xunta-a-inclusion-do-persoal-do-servizo-de-axuda-no-fogar-saf-nesta-primeira-fase-de-vacinacion\/"},"wordCount":515,"commentCount":0,"publisher":{"@id":"https:\/\/www.anovapeneira.gal\/#organization"},"image":{"@id":"https:\/\/www.anovapeneira.gal\/index.php\/2021\/01\/28\/o-bng-de-gondomar-solicita-da-xunta-a-inclusion-do-persoal-do-servizo-de-axuda-no-fogar-saf-nesta-primeira-fase-de-vacinacion\/#primaryimage"},"thumbnailUrl":"https:\/\/www.anovapeneira.gal\/wp-content\/uploads\/2019\/07\/bng_logo.jpg","keywords":["Concello de Gondomar"],"articleSection":["Val Mi\u00f1or"],"inLanguage":"gl-ES","potentialAction":[{"@type":"CommentAction","name":"Comment","target":["https:\/\/www.anovapeneira.gal\/index.php\/2021\/01\/28\/o-bng-de-gondomar-solicita-da-xunta-a-inclusion-do-persoal-do-servizo-de-axuda-no-fogar-saf-nesta-primeira-fase-de-vacinacion\/#respond"]}]},{"@type":"WebPage","@id":"https:\/\/www.anovapeneira.gal\/index.php\/2021\/01\/28\/o-bng-de-gondomar-solicita-da-xunta-a-inclusion-do-persoal-do-servizo-de-axuda-no-fogar-saf-nesta-primeira-fase-de-vacinacion\/","url":"https:\/\/www.anovapeneira.gal\/index.php\/2021\/01\/28\/o-bng-de-gondomar-solicita-da-xunta-a-inclusion-do-persoal-do-servizo-de-axuda-no-fogar-saf-nesta-primeira-fase-de-vacinacion\/","name":"O BNG de Gondomar solicita da xunta a inclusi\u00f3n do persoal do servizo de axuda no fogar (SAF) nesta primeira fase de vacinaci\u00f3n -","isPartOf":{"@id":"https:\/\/www.anovapeneira.gal\/#website"},"primaryImageOfPage":{"@id":"https:\/\/www.anovapeneira.gal\/index.php\/2021\/01\/28\/o-bng-de-gondomar-solicita-da-xunta-a-inclusion-do-persoal-do-servizo-de-axuda-no-fogar-saf-nesta-primeira-fase-de-vacinacion\/#primaryimage"},"image":{"@id":"https:\/\/www.anovapeneira.gal\/index.php\/2021\/01\/28\/o-bng-de-gondomar-solicita-da-xunta-a-inclusion-do-persoal-do-servizo-de-axuda-no-fogar-saf-nesta-primeira-fase-de-vacinacion\/#primaryimage"},"thumbnailUrl":"https:\/\/www.anovapeneira.gal\/wp-content\/uploads\/2019\/07\/bng_logo.jpg","datePublished":"2021-01-28T11:00:58+00:00","description":"Presenta unha moci\u00f3n pola inclusi\u00f3n do persoal do SAF e TES no servizo de ambulancias non urxente no grupo de persoal de primeira li\u00f1a co fin de programar xa a s\u00faa vacinaci\u00f3n fronte \u00e1 COVID-19, tal como solicitan estes colectivos","breadcrumb":{"@id":"https:\/\/www.anovapeneira.gal\/index.php\/2021\/01\/28\/o-bng-de-gondomar-solicita-da-xunta-a-inclusion-do-persoal-do-servizo-de-axuda-no-fogar-saf-nesta-primeira-fase-de-vacinacion\/#breadcrumb"},"inLanguage":"gl-ES","potentialAction":[{"@type":"ReadAction","target":["https:\/\/www.anovapeneira.gal\/index.php\/2021\/01\/28\/o-bng-de-gondomar-solicita-da-xunta-a-inclusion-do-persoal-do-servizo-de-axuda-no-fogar-saf-nesta-primeira-fase-de-vacinacion\/"]}]},{"@type":"ImageObject","inLanguage":"gl-ES","@id":"https:\/\/www.anovapeneira.gal\/index.php\/2021\/01\/28\/o-bng-de-gondomar-solicita-da-xunta-a-inclusion-do-persoal-do-servizo-de-axuda-no-fogar-saf-nesta-primeira-fase-de-vacinacion\/#primaryimage","url":"https:\/\/www.anovapeneira.gal\/wp-content\/uploads\/2019\/07\/bng_logo.jpg","contentUrl":"https:\/\/www.anovapeneira.gal\/wp-content\/uploads\/2019\/07\/bng_logo.jpg","width":720,"height":473,"caption":"BNG A Nova Peneira"},{"@type":"BreadcrumbList","@id":"https:\/\/www.anovapeneira.gal\/index.php\/2021\/01\/28\/o-bng-de-gondomar-solicita-da-xunta-a-inclusion-do-persoal-do-servizo-de-axuda-no-fogar-saf-nesta-primeira-fase-de-vacinacion\/#breadcrumb","itemListElement":[{"@type":"ListItem","position":1,"name":"Portada","item":"https:\/\/www.anovapeneira.gal\/"},{"@type":"ListItem","position":2,"name":"O BNG de Gondomar solicita da xunta a inclusi\u00f3n do persoal do servizo de axuda no fogar (SAF) nesta primeira fase de vacinaci\u00f3n"}]},{"@type":"WebSite","@id":"https:\/\/www.anovapeneira.gal\/#website","url":"https:\/\/www.anovapeneira.gal\/","name":"","description":"Xornal galego de informaci\u00f3n xeral Publicaci\u00f3n mensual de novas de Galicia e en especial dos Concellos da sur da provincia de Pontevedra.","publisher":{"@id":"https:\/\/www.anovapeneira.gal\/#organization"},"potentialAction":[{"@type":"SearchAction","target":{"@type":"EntryPoint","urlTemplate":"https:\/\/www.anovapeneira.gal\/?s={search_term_string}"},"query-input":{"@type":"PropertyValueSpecification","valueRequired":true,"valueName":"search_term_string"}}],"inLanguage":"gl-ES"},{"@type":"Organization","@id":"https:\/\/www.anovapeneira.gal\/#organization","name":"A Nova Peneira","url":"https:\/\/www.anovapeneira.gal\/","logo":{"@type":"ImageObject","inLanguage":"gl-ES","@id":"https:\/\/www.anovapeneira.gal\/#\/schema\/logo\/image\/","url":"http:\/\/www.anovapeneira.gal\/wp-content\/uploads\/2019\/06\/logo_a_nova_peneira_portal_web.png","contentUrl":"http:\/\/www.anovapeneira.gal\/wp-content\/uploads\/2019\/06\/logo_a_nova_peneira_portal_web.png","width":300,"height":100,"caption":"A Nova Peneira"},"image":{"@id":"https:\/\/www.anovapeneira.gal\/#\/schema\/logo\/image\/"},"sameAs":["https:\/\/www.facebook.com\/anovapeneira","https:\/\/x.com\/APeneira"]},{"@type":"Person","@id":"https:\/\/www.anovapeneira.gal\/#\/schema\/person\/b93e3f8932e3f8da96334607eb6ac6aa","name":"Redacci\u00f3n A Nova Peneira","image":{"@type":"ImageObject","inLanguage":"gl-ES","@id":"https:\/\/secure.gravatar.com\/avatar\/c052a2551a06e23fac63626232eaa90abd78dbcf1700fc46a2b2c89fd27b735f?s=96&d=mm&r=g","url":"https:\/\/secure.gravatar.com\/avatar\/c052a2551a06e23fac63626232eaa90abd78dbcf1700fc46a2b2c89fd27b735f?s=96&d=mm&r=g","contentUrl":"https:\/\/secure.gravatar.com\/avatar\/c052a2551a06e23fac63626232eaa90abd78dbcf1700fc46a2b2c89fd27b735f?s=96&d=mm&r=g","caption":"Redacci\u00f3n A Nova Peneira"},"sameAs":["http:\/\/www.anovapeneira.gal\/"],"url":"https:\/\/www.anovapeneira.gal\/index.php\/author\/redactor\/"}]}},"jetpack_featured_media_url":"https:\/\/www.anovapeneira.gal\/wp-content\/uploads\/2019\/07\/bng_logo.jpg","_links":{"self":[{"href":"https:\/\/www.anovapeneira.gal\/index.php\/wp-json\/wp\/v2\/posts\/4743","targetHints":{"allow":["GET"]}}],"collection":[{"href":"https:\/\/www.anovapeneira.gal\/index.php\/wp-json\/wp\/v2\/posts"}],"about":[{"href":"https:\/\/www.anovapeneira.gal\/index.php\/wp-json\/wp\/v2\/types\/post"}],"author":[{"embeddable":true,"href":"https:\/\/www.anovapeneira.gal\/index.php\/wp-json\/wp\/v2\/users\/3"}],"replies":[{"embeddable":true,"href":"https:\/\/www.anovapeneira.gal\/index.php\/wp-json\/wp\/v2\/comments?post=4743"}],"version-history":[{"count":1,"href":"https:\/\/www.anovapeneira.gal\/index.php\/wp-json\/wp\/v2\/posts\/4743\/revisions"}],"predecessor-version":[{"id":4744,"href":"https:\/\/www.anovapeneira.gal\/index.php\/wp-json\/wp\/v2\/posts\/4743\/revisions\/4744"}],"wp:featuredmedia":[{"embeddable":true,"href":"https:\/\/www.anovapeneira.gal\/index.php\/wp-json\/wp\/v2\/media\/575"}],"wp:attachment":[{"href":"https:\/\/www.anovapeneira.gal\/index.php\/wp-json\/wp\/v2\/media?parent=4743"}],"wp:term":[{"taxonomy":"category","embeddable":true,"href":"https:\/\/www.anovapeneira.gal\/index.php\/wp-json\/wp\/v2\/categories?post=4743"},{"taxonomy":"post_tag","embeddable":true,"href":"https:\/\/www.anovapeneira.gal\/index.php\/wp-json\/wp\/v2\/tags?post=4743"}],"curies":[{"name":"wp","href":"https:\/\/api.w.org\/{rel}","templated":true}]}}