{"id":4745,"date":"2021-01-29T10:00:28","date_gmt":"2021-01-29T09:00:28","guid":{"rendered":"http:\/\/www.anovapeneira.gal\/?p=4745"},"modified":"2021-01-27T10:53:15","modified_gmt":"2021-01-27T09:53:15","slug":"esculca-desenvolve-unha-campana-para-denunciar-os-casos-de-persoas-presas-en-situacion-de-isolamento","status":"publish","type":"post","link":"https:\/\/www.anovapeneira.gal\/index.php\/2021\/01\/29\/esculca-desenvolve-unha-campana-para-denunciar-os-casos-de-persoas-presas-en-situacion-de-isolamento\/","title":{"rendered":"Esculca desenvolve unha campa\u00f1a para denunciar os casos de persoas presas en situaci\u00f3n de isolamento"},"content":{"rendered":"\n<p><strong>ESCULCA \u00e9 unha plataforma creada por galegos e galegas, hai case 20 anos que ten por obxectivo denunciar situaci\u00f3ns de abusos, inxustizas e vulneraci\u00f3n de dereitos fundamentais acontecidas no noso pa\u00eds e en calquera parte do mundo. Esculca \u00e9 deses fen\u00f3menos que \u00e1s veces se cruzan no noso cami\u00f1o que nos fan conservar a fe no ser humano, pois ,con certeza, os seus activistas fan, co seu traballo, mellor \u00e1 humanidade.Na actualidade desenvolven unha campa\u00f1a, en colaboraci\u00f3n con organizaci\u00f3ns semellantes, a nivel do estado, para denunciar os casos das persoas presas sometidas a situaci\u00f3ns de isolamento penitenciario.Para sabermos m\u00e1is de Esculca en xeral, e desta campa\u00f1a en particular entrevistamos a Fernando Blanco, un avogado ourens\u00e1n activista de Esculca.<\/strong><\/p>\n\n\n\n<p><strong>FERNANDO BLANCO ARCE<\/strong><\/p>\n\n\n\n<p>\u201c<strong>A PERSOA QUE ESTEA SOMETIDA A ISOLAMENTO PENITENCIARIO PASA 21 HORAS AO D\u00cdA NA M\u00c1IS ABSOLUTA SOIDADE\u201d<\/strong><\/p>\n\n\n\n<p><strong>Para quen non vos co\u00f1eza, c\u00f3ntanos que \u00e9 ESCULCA?<\/strong><\/p>\n\n\n\n<blockquote class=\"wp-block-quote is-layout-flow wp-block-quote-is-layout-flow\"><p>ESCULCA \u00e9 un observatorio de dereitos e liberdades civ\u00eds, cuxa traxectoria arrinca no ano 2.003. Unha parte das nosas preocupaci\u00f3ns \u00e9 a defensa dos dereitos das persoas presas<\/p><\/blockquote>\n\n\n\n<p><strong>Xa ides polos 18 anos de actividade ininterrompida?<\/strong><\/p>\n\n\n\n<blockquote class=\"wp-block-quote is-layout-flow wp-block-quote-is-layout-flow\"><p>Si. Ben, eu persoalmente non, pois eu cheguei un pouco m\u00e1is tarde, pero as persoas que iniciaron a vida de ESCULCA si que levan eses anos traballando<\/p><\/blockquote>\n\n\n\n<p><strong>Cal \u00e9 o motivo que explica o nacemento de ESCULCA?<\/strong><\/p>\n\n\n\n<blockquote class=\"wp-block-quote is-layout-flow wp-block-quote-is-layout-flow\"><p>As mulleres e homes que o crearon ti\u00f1an unha ampla experiencia no activismo pol\u00edtico e social e, naquel momento hist\u00f3rico ,percib\u00edan que vi\u00f1an tempos escuros para as liberdades persoais e a dignidade de amplos segmentos de seres humanos.<\/p><\/blockquote>\n\n\n\n<p><strong>Onde nace ESCULCA?, e que sobre que \u00e1rea xeogr\u00e1fica exerce o estudo e denuncia dos episodios que considera deben de ser estudados e denunciados?<\/strong><\/p>\n\n\n\n<blockquote class=\"wp-block-quote is-layout-flow wp-block-quote-is-layout-flow\"><p>Fundamentalmente nace en Santiago e Vigo. O noso \u00e1mbito fundamental de actuaci\u00f3n \u00e9 o pa\u00eds galego, al\u00e9n de denunciar que moitos galegas e galegos sofren violaci\u00f3ns de dereitos f\u00f3ra do noso territorio.Pero non renunciamos a p\u00f3r encima da mesa os abusos e inxustizas en ningunha parte do mundo na que se vivan este tipo de situaci\u00f3ns, algunhas tan arrepiantes como por exemplo a que padece o pobo de Palestina.<\/p><\/blockquote>\n\n\n\n<p><strong>O discurso que nos tratan de vender \u00e9 que as \u201cdemocracias\u201d occidentais supo\u00f1en o lugar ideal final ao que a organizaci\u00f3n social da especie humana pode aspirar a chegar, e que non se pode cuestionar de ning\u00fan modo. Ti cres que, na sociedade actual, esta forma de entender a realidade calou de maneira xeralizada? ou hai esperanza en que as voces que a questionan poidan alg\u00fan d\u00eda converter en realidade as visi\u00f3ns alternativas que denuncian que tam\u00e9n se dan abusos e violaci\u00f3n de dereitos, constantemente, ao noso car\u00f3n?<\/strong><\/p>\n\n\n\n<blockquote class=\"wp-block-quote is-layout-flow wp-block-quote-is-layout-flow\"><p>Para contestar a esta pregunta vou falar do meu caso persoal.Eu ve\u00f1o do mundo do dereito, e, malia que sempre tiven un esp\u00edrito cr\u00edtico, nese mundo nalg\u00fan momento chegas a aceptar que vivimos nun estado de dereito relativamente perfecto.Esa visi\u00f3n da realidade si que se trata de trasladar da maneira constante \u00e1 xente de a p\u00e9.Tam\u00e9n penso que moi aos poucos si que se comeza a albiscar unha certa creba desa forma de entender a realidade<\/p><\/blockquote>\n\n\n\n<p><strong>E a que o achacas?<\/strong><\/p>\n\n\n\n<blockquote class=\"wp-block-quote is-layout-flow wp-block-quote-is-layout-flow\"><p>No que se refire ao estado espa\u00f1ol creo que o tema de Catalunya influiu. Nese pa\u00eds est\u00e1n aparecendo moitos vasos comunicantes entre quen sufr\u00eda tradicionalmente a represi\u00f3n e entre quen agora mesmo a est\u00e1n recibindo<\/p><\/blockquote>\n\n\n\n<p><strong>En Esculca estades a desenvolver unha campa\u00f1a sobre a situaci\u00f3n das persoas presas, expl\u00edcanosla?<\/strong><\/p>\n\n\n\n<blockquote class=\"wp-block-quote is-layout-flow wp-block-quote-is-layout-flow\"><p>\u00c9 unha campa\u00f1a a nivel estatal da que n\u00f3s facemos parte. A raz\u00f3n da campa\u00f1a \u00e9 denunciar a situaci\u00f3n das persoas presas en r\u00e9xime de isolamento penitenciario, tanto no r\u00e9xime regulamentario como en determinados excesos que sufr\u00edan persoas consideradas perigosas e que chegaban a sufrir anos en total soidade.<\/p><\/blockquote>\n\n\n\n<p><strong>Anos en total soidade\u00a1\u00a1\u00a1 que espanto\u00a1\u00a1 alg\u00fan caso en concreto en Galicia?<\/strong><\/p>\n\n\n\n<blockquote class=\"wp-block-quote is-layout-flow wp-block-quote-is-layout-flow\"><p>Pois por exemplo o caso do chamado \u201cHannibal Lecter\u201d, que cando morre na prisi\u00f3n da Lama levaba m\u00e1is de dous anos nun confinamento absolutamente solitario<\/p><\/blockquote>\n\n\n\n<p><strong>Cales son as condici\u00f3ns concretas do r\u00e9xime de isolamento?<\/strong><\/p>\n\n\n\n<blockquote class=\"wp-block-quote is-layout-flow wp-block-quote-is-layout-flow\"><p>\u00c9 un r\u00e9xime chamado pechado que equivale normalmente ao primeiro grao e ten d\u00faas fases. A m\u00e1is restritiva determina que a persoa afectada debe de estar en cela individual, nunca compartida, que se cumpre en m\u00f3dulos especiais e limita enormemente as pr\u00e1cticas en com\u00fan.De feito, esta actividade en com\u00fan lim\u00edtase a tres horas ao d\u00eda. Na maior\u00eda de casos , esta actividade sup\u00f3n pasear por pequenos patios interiores, en ocasi\u00f3n enreixados.<\/p><\/blockquote>\n\n\n\n<p><strong>Estas persoas pasan 21 horas ao d\u00eda absolutamente soas?<\/strong><\/p>\n\n\n\n<blockquote class=\"wp-block-quote is-layout-flow wp-block-quote-is-layout-flow\"><p>Si. E as tres horas restantes en compa\u00f1\u00eda dun preso ou dous como moito.Incluso \u00e1s veces as visitas e curas m\u00e9dicas poden realizarse a trav\u00e9s dunha porta enreixada<\/p><\/blockquote>\n\n\n\n<p><strong>Un preso en estado de isolamento ten as comunicaci\u00f3ns cos seus familiares en cantidade e cualidade igual que calquera outro preso ordinario?<\/strong><\/p>\n\n\n\n<blockquote class=\"wp-block-quote is-layout-flow wp-block-quote-is-layout-flow\"><p>Moitos destes presos sofren o fen\u00f3meno da dispersi\u00f3n que xa sup\u00f3n unha dificultade enorme para recibir visitas da s\u00faa familia.En principio normativamente as comunicaci\u00f3ns poder\u00edan ser as mesmas, pero unha das sanci\u00f3ns m\u00e1is frecuentes e a suspensi\u00f3n das comunicaci\u00f3ns.Dic\u00eda o profesor Juli\u00e1n R\u00edos \u201c se me tratas como un animal o normal \u00e9 que responda como un animal\u201d.E nestes m\u00f3dulos a conflitividade soe ser m\u00e1is elevada e as sanci\u00f3ns que acarrexan suspensi\u00f3n de comunicaci\u00f3n son frecuentes<\/p><\/blockquote>\n\n\n\n<p><strong>Supo\u00f1o que as condici\u00f3n que determinan que un preso pase a estar isolado estar\u00e1n reguladas por alg\u00fan tipo de normativa. Ao voso xu\u00edzo a aplicaci\u00f3n dun castigo tan duro responde aos criterios obxectivos que marque a norma?, ou pode acontecer que as simpat\u00edas ou antipat\u00edas determinen que un preso poida ser isolado?<\/strong><\/p>\n\n\n\n<blockquote class=\"wp-block-quote is-layout-flow wp-block-quote-is-layout-flow\"><p>Si, a regulaci\u00f3n existe. Pero claro establ\u00e9cese que unha persoa pode ser isolada se experimenta \u201cinadaptaci\u00f3n ao r\u00e9xime ordinario\u201d.E ese \u00e9 un concepto normativo ampl\u00edsimo. De feito todos os presos cuxo ingreso en prisi\u00f3n estivese motivado pola suposta relaci\u00f3n coa violencia pol\u00edtica ingresaban e primeiro grao, sen que tiveran protagonizado ning\u00fan episodio que puidese presupor alg\u00fan tipo de inadaptaci\u00f3n.<\/p><\/blockquote>\n\n\n\n<blockquote class=\"wp-block-quote is-layout-flow wp-block-quote-is-layout-flow\"><p>\u00c1s veces a actuaci\u00f3n reivindicativa reiterada pode ser considerada \u201cinadaptaci\u00f3n\u201d e supor que a persoa presa pase ao primeiro grao, e polo tanto ao r\u00e9xime pechado<\/p><\/blockquote>\n\n\n\n<p><strong>\u00c9 frecuente que unha persoa presa reivindicativa sexa castigada por elo?<\/strong><\/p>\n\n\n\n<blockquote class=\"wp-block-quote is-layout-flow wp-block-quote-is-layout-flow\"><p>Si.<\/p><\/blockquote>\n\n\n\n<p><strong>Os obxectivos concretos e \u00e1mbito temporal desta campa\u00f1a cales son?<\/strong><\/p>\n\n\n\n<blockquote class=\"wp-block-quote is-layout-flow wp-block-quote-is-layout-flow\"><p>\u00c9 unha campa\u00f1a a medio e longo prazo.Temos confianza en que m\u00e1is organizaci\u00f3ns do estada vaian un\u00edndose a ela.E en canto aos obxectivos, aspiramos a recoller a maior cantidade de informaci\u00f3n que poidamos sobre as situaci\u00f3n de isolamento, a comprender e combater as secuelas que produce esta situaci\u00f3n e a longo prazo limitar absolutamente os casos de isolamento a circunstancias moi puntuais.E xa por \u00faltimo provocar unha modificaci\u00f3n lexislativa para eliminar do noso sistema penitenciario o r\u00e9xime pechado.<\/p><\/blockquote>\n\n\n\n<p><strong>Eu te\u00f1o moitas m\u00e1is d\u00fabidas que certezas, pero unha das poucas certezas que son capaz de manifestar \u00e9 que, en grande medida, a delincuencia \u00e9 consecuencia da pobreza. Ti que opinas?<\/strong><\/p>\n\n\n\n<blockquote class=\"wp-block-quote is-layout-flow wp-block-quote-is-layout-flow\"><p>Estou absolutamente de acordo.O c\u00e1rcere \u00e9 o \u00faltimo reducto da f\u00e1brica de pobreza que \u00e9 a nosa sociedade<\/p><\/blockquote>\n\n\n\n<p><strong>O tema da relaci\u00f3n entre a sociedade e as persoas presas \u00e9 para min intelectuamente apaixonante.Nun principio, o modelo fin\u00e9s de prisi\u00f3ns : abertas, con moit\u00edsimas actividades de ocio e de traballo, cun trato digno para todas as persoas presas e cun r\u00e9xime de condeas que castiga cun m\u00e1ximo de 15 anos ata os crimes m\u00e1is horrendos, par\u00e9ceme o m\u00e1is adecuado, pero nin sequera as\u00ed son capaz de atopar unha resposta a esta pregunta: que facer cos individuos s\u00e1dicos, aqueles que son proclives a practicar a violencia contra os demais?<\/strong><\/p>\n\n\n\n<blockquote class=\"wp-block-quote is-layout-flow wp-block-quote-is-layout-flow\"><p>As penas, canto m\u00e1is longas sexan m\u00e1is dificultan o reigreso na sociedade da persoa que as sofre. O r\u00e9xime de actividades \u00e9 esencial nun sistema de prisi\u00f3ns que en teor\u00eda ten como finalidade reisentar. \u00c9 certo, que hai individuos , para os que o discurso abolicionista poder\u00eda non ter resposta.Pero neste tema, intelectualmente tan complexo, quixera mencionar as an\u00e1lises do profesor I\u00f1aki Rivera, que sinala que ese n\u00famero de persoas \u00e9 tan pequeno que todo o enorme sistema penitenciario que temos non pode fundamentarse na existencia de individuos de natureza violenta.<\/p><\/blockquote>\n\n\n\n<p><strong>Xa, pero a\u00ednda que sexan moi poucos, a sociedade ter\u00e1 que protexerse dese tipo de individuos?<\/strong><\/p>\n\n\n\n<blockquote class=\"wp-block-quote is-layout-flow wp-block-quote-is-layout-flow\"><p>Por descontado.Tam\u00e9n te\u00f1o que dicir que ese \u00e9 un debate dunha profundidade elevad\u00edsima para o que non sei se na sociedade actual existe resposta. O profesor Rivera, que antes mencionei aboga por ir eliminando aos poucos o sistema penitenciario, primeiro cualitativamente e logo cuantitativamente.E hai moit\u00edsima xente, que inicialmente poder\u00eda ir a sistemas de semiliberdade.Por \u00faltimo quedar\u00edan un n\u00famero de persoas, que insisto son moi poucas, cuxa crueldade cara aos seus semellantes debe de facer que a sociedade se protexa delas.Se se fixese as\u00ed, o sistema penitenciario ser\u00eda min\u00fasculo en relaci\u00f3n co que hoxe temos<\/p><\/blockquote>\n\n\n\n<p><strong>Rematamos Fernando, \u00e9 posible, ou \u00e9 ilusorio construirmos unha sociedade sen c\u00e1rceres?<\/strong><\/p>\n\n\n\n<blockquote class=\"wp-block-quote is-layout-flow wp-block-quote-is-layout-flow\"><p>Esta \u00e9 outra reflexi\u00f3n moi complexa e profunda, pero quero dicir que eu, persoalmente, manif\u00e9stome claramente abolicionista.\u00c9 a \u00fanica maneira de ir parando o monstro que sup\u00f3n o sistema penitenciario.Reco\u00f1ezo tam\u00e9n, que a ni\u00f1a posici\u00f3n pode deixar dif\u00edcil resposta para algunha cuesti\u00f3n, pero entendo que \u00e9 o ideal \u00e9tico ao que debemos de aspirar.<\/p><\/blockquote>\n","protected":false},"excerpt":{"rendered":"<div class=\"mh-excerpt\"><p>ESCULCA \u00e9 unha plataforma creada por galegos e galegas, hai case 20 anos que ten por obxectivo denunciar situaci\u00f3ns de abusos, inxustizas e vulneraci\u00f3n de dereitos fundamentais acontecidas no noso pa\u00eds e en calquera parte do mundo <a class=\"mh-excerpt-more\" href=\"https:\/\/www.anovapeneira.gal\/index.php\/2021\/01\/29\/esculca-desenvolve-unha-campana-para-denunciar-os-casos-de-persoas-presas-en-situacion-de-isolamento\/\" title=\"Esculca desenvolve unha campa\u00f1a para denunciar os casos de persoas presas en situaci\u00f3n de isolamento\">[&#8230;]<\/a><\/p>\n<\/div>","protected":false},"author":3,"featured_media":4746,"comment_status":"open","ping_status":"open","sticky":false,"template":"","format":"standard","meta":{"_exactmetrics_skip_tracking":false,"_exactmetrics_sitenote_active":false,"_exactmetrics_sitenote_note":"","_exactmetrics_sitenote_category":0,"footnotes":""},"categories":[264],"tags":[1223],"class_list":{"0":"post-4745","1":"post","2":"type-post","3":"status-publish","4":"format-standard","5":"has-post-thumbnail","7":"category-entrevistas-galicia","8":"tag-esculca"},"yoast_head":"<!-- This site is optimized with the Yoast SEO plugin v27.4 - https:\/\/yoast.com\/product\/yoast-seo-wordpress\/ -->\n<title>Esculca desenvolve unha campa\u00f1a para denunciar os casos de persoas presas en situaci\u00f3n de isolamento -<\/title>\n<meta name=\"description\" content=\"ESCULCA \u00e9 unha plataforma creada por galegos e galegas, hai case 20 anos que ten por obxectivo denunciar situaci\u00f3ns de abusos, inxustizas e vulneraci\u00f3n de dereitos fundamentais acontecidas no noso pa\u00eds e en calquera parte do mundo\" \/>\n<meta name=\"robots\" content=\"index, follow, max-snippet:-1, max-image-preview:large, max-video-preview:-1\" \/>\n<link rel=\"canonical\" href=\"https:\/\/www.anovapeneira.gal\/index.php\/2021\/01\/29\/esculca-desenvolve-unha-campana-para-denunciar-os-casos-de-persoas-presas-en-situacion-de-isolamento\/\" \/>\n<meta property=\"og:locale\" content=\"gl_ES\" \/>\n<meta property=\"og:type\" content=\"article\" \/>\n<meta property=\"og:title\" content=\"Esculca desenvolve unha campa\u00f1a para denunciar os casos de persoas presas en situaci\u00f3n de isolamento -\" \/>\n<meta property=\"og:description\" content=\"ESCULCA \u00e9 unha plataforma creada por galegos e galegas, hai case 20 anos que ten por obxectivo denunciar situaci\u00f3ns de abusos, inxustizas e vulneraci\u00f3n de dereitos fundamentais acontecidas no noso pa\u00eds e en calquera parte do mundo\" \/>\n<meta property=\"og:url\" content=\"https:\/\/www.anovapeneira.gal\/index.php\/2021\/01\/29\/esculca-desenvolve-unha-campana-para-denunciar-os-casos-de-persoas-presas-en-situacion-de-isolamento\/\" \/>\n<meta property=\"article:publisher\" content=\"https:\/\/www.facebook.com\/anovapeneira\" \/>\n<meta property=\"article:published_time\" content=\"2021-01-29T09:00:28+00:00\" \/>\n<meta property=\"og:image\" content=\"https:\/\/www.anovapeneira.gal\/wp-content\/uploads\/2021\/01\/esculca_dereitos_civis.jpg\" \/>\n\t<meta property=\"og:image:width\" content=\"240\" \/>\n\t<meta property=\"og:image:height\" content=\"150\" \/>\n\t<meta property=\"og:image:type\" content=\"image\/jpeg\" \/>\n<meta name=\"author\" content=\"Redacci\u00f3n A Nova Peneira\" \/>\n<meta name=\"twitter:card\" content=\"summary_large_image\" \/>\n<meta name=\"twitter:creator\" content=\"@APeneira\" \/>\n<meta name=\"twitter:site\" content=\"@APeneira\" \/>\n<meta name=\"twitter:label1\" content=\"Escrito por\" \/>\n\t<meta name=\"twitter:data1\" content=\"Redacci\u00f3n A Nova Peneira\" \/>\n\t<meta name=\"twitter:label2\" content=\"Tempo de lectura\" \/>\n\t<meta name=\"twitter:data2\" content=\"8 minutos\" \/>\n<script type=\"application\/ld+json\" class=\"yoast-schema-graph\">{\"@context\":\"https:\\\/\\\/schema.org\",\"@graph\":[{\"@type\":\"Article\",\"@id\":\"https:\\\/\\\/www.anovapeneira.gal\\\/index.php\\\/2021\\\/01\\\/29\\\/esculca-desenvolve-unha-campana-para-denunciar-os-casos-de-persoas-presas-en-situacion-de-isolamento\\\/#article\",\"isPartOf\":{\"@id\":\"https:\\\/\\\/www.anovapeneira.gal\\\/index.php\\\/2021\\\/01\\\/29\\\/esculca-desenvolve-unha-campana-para-denunciar-os-casos-de-persoas-presas-en-situacion-de-isolamento\\\/\"},\"author\":{\"name\":\"Redacci\u00f3n A Nova Peneira\",\"@id\":\"https:\\\/\\\/www.anovapeneira.gal\\\/#\\\/schema\\\/person\\\/b93e3f8932e3f8da96334607eb6ac6aa\"},\"headline\":\"Esculca desenvolve unha campa\u00f1a para denunciar os casos de persoas presas en situaci\u00f3n de isolamento\",\"datePublished\":\"2021-01-29T09:00:28+00:00\",\"mainEntityOfPage\":{\"@id\":\"https:\\\/\\\/www.anovapeneira.gal\\\/index.php\\\/2021\\\/01\\\/29\\\/esculca-desenvolve-unha-campana-para-denunciar-os-casos-de-persoas-presas-en-situacion-de-isolamento\\\/\"},\"wordCount\":1695,\"commentCount\":0,\"publisher\":{\"@id\":\"https:\\\/\\\/www.anovapeneira.gal\\\/#organization\"},\"image\":{\"@id\":\"https:\\\/\\\/www.anovapeneira.gal\\\/index.php\\\/2021\\\/01\\\/29\\\/esculca-desenvolve-unha-campana-para-denunciar-os-casos-de-persoas-presas-en-situacion-de-isolamento\\\/#primaryimage\"},\"thumbnailUrl\":\"https:\\\/\\\/www.anovapeneira.gal\\\/wp-content\\\/uploads\\\/2021\\\/01\\\/esculca_dereitos_civis.jpg\",\"keywords\":[\"Esculca\"],\"articleSection\":[\"Entrevistas\"],\"inLanguage\":\"gl-ES\",\"potentialAction\":[{\"@type\":\"CommentAction\",\"name\":\"Comment\",\"target\":[\"https:\\\/\\\/www.anovapeneira.gal\\\/index.php\\\/2021\\\/01\\\/29\\\/esculca-desenvolve-unha-campana-para-denunciar-os-casos-de-persoas-presas-en-situacion-de-isolamento\\\/#respond\"]}]},{\"@type\":\"WebPage\",\"@id\":\"https:\\\/\\\/www.anovapeneira.gal\\\/index.php\\\/2021\\\/01\\\/29\\\/esculca-desenvolve-unha-campana-para-denunciar-os-casos-de-persoas-presas-en-situacion-de-isolamento\\\/\",\"url\":\"https:\\\/\\\/www.anovapeneira.gal\\\/index.php\\\/2021\\\/01\\\/29\\\/esculca-desenvolve-unha-campana-para-denunciar-os-casos-de-persoas-presas-en-situacion-de-isolamento\\\/\",\"name\":\"Esculca desenvolve unha campa\u00f1a para denunciar os casos de persoas presas en situaci\u00f3n de isolamento -\",\"isPartOf\":{\"@id\":\"https:\\\/\\\/www.anovapeneira.gal\\\/#website\"},\"primaryImageOfPage\":{\"@id\":\"https:\\\/\\\/www.anovapeneira.gal\\\/index.php\\\/2021\\\/01\\\/29\\\/esculca-desenvolve-unha-campana-para-denunciar-os-casos-de-persoas-presas-en-situacion-de-isolamento\\\/#primaryimage\"},\"image\":{\"@id\":\"https:\\\/\\\/www.anovapeneira.gal\\\/index.php\\\/2021\\\/01\\\/29\\\/esculca-desenvolve-unha-campana-para-denunciar-os-casos-de-persoas-presas-en-situacion-de-isolamento\\\/#primaryimage\"},\"thumbnailUrl\":\"https:\\\/\\\/www.anovapeneira.gal\\\/wp-content\\\/uploads\\\/2021\\\/01\\\/esculca_dereitos_civis.jpg\",\"datePublished\":\"2021-01-29T09:00:28+00:00\",\"description\":\"ESCULCA \u00e9 unha plataforma creada por galegos e galegas, hai case 20 anos que ten por obxectivo denunciar situaci\u00f3ns de abusos, inxustizas e vulneraci\u00f3n de dereitos fundamentais acontecidas no noso pa\u00eds e en calquera parte do mundo\",\"breadcrumb\":{\"@id\":\"https:\\\/\\\/www.anovapeneira.gal\\\/index.php\\\/2021\\\/01\\\/29\\\/esculca-desenvolve-unha-campana-para-denunciar-os-casos-de-persoas-presas-en-situacion-de-isolamento\\\/#breadcrumb\"},\"inLanguage\":\"gl-ES\",\"potentialAction\":[{\"@type\":\"ReadAction\",\"target\":[\"https:\\\/\\\/www.anovapeneira.gal\\\/index.php\\\/2021\\\/01\\\/29\\\/esculca-desenvolve-unha-campana-para-denunciar-os-casos-de-persoas-presas-en-situacion-de-isolamento\\\/\"]}]},{\"@type\":\"ImageObject\",\"inLanguage\":\"gl-ES\",\"@id\":\"https:\\\/\\\/www.anovapeneira.gal\\\/index.php\\\/2021\\\/01\\\/29\\\/esculca-desenvolve-unha-campana-para-denunciar-os-casos-de-persoas-presas-en-situacion-de-isolamento\\\/#primaryimage\",\"url\":\"https:\\\/\\\/www.anovapeneira.gal\\\/wp-content\\\/uploads\\\/2021\\\/01\\\/esculca_dereitos_civis.jpg\",\"contentUrl\":\"https:\\\/\\\/www.anovapeneira.gal\\\/wp-content\\\/uploads\\\/2021\\\/01\\\/esculca_dereitos_civis.jpg\",\"width\":240,\"height\":150,\"caption\":\"Esculca desenvolve unha campa\u00f1a para denunciar os casos de persoas presas en situaci\u00f3n de isolamento\"},{\"@type\":\"BreadcrumbList\",\"@id\":\"https:\\\/\\\/www.anovapeneira.gal\\\/index.php\\\/2021\\\/01\\\/29\\\/esculca-desenvolve-unha-campana-para-denunciar-os-casos-de-persoas-presas-en-situacion-de-isolamento\\\/#breadcrumb\",\"itemListElement\":[{\"@type\":\"ListItem\",\"position\":1,\"name\":\"Portada\",\"item\":\"https:\\\/\\\/www.anovapeneira.gal\\\/\"},{\"@type\":\"ListItem\",\"position\":2,\"name\":\"Esculca desenvolve unha campa\u00f1a para denunciar os casos de persoas presas en situaci\u00f3n de isolamento\"}]},{\"@type\":\"WebSite\",\"@id\":\"https:\\\/\\\/www.anovapeneira.gal\\\/#website\",\"url\":\"https:\\\/\\\/www.anovapeneira.gal\\\/\",\"name\":\"\",\"description\":\"Xornal galego de informaci\u00f3n xeral Publicaci\u00f3n mensual de novas de Galicia e en especial dos Concellos da sur da provincia de Pontevedra.\",\"publisher\":{\"@id\":\"https:\\\/\\\/www.anovapeneira.gal\\\/#organization\"},\"potentialAction\":[{\"@type\":\"SearchAction\",\"target\":{\"@type\":\"EntryPoint\",\"urlTemplate\":\"https:\\\/\\\/www.anovapeneira.gal\\\/?s={search_term_string}\"},\"query-input\":{\"@type\":\"PropertyValueSpecification\",\"valueRequired\":true,\"valueName\":\"search_term_string\"}}],\"inLanguage\":\"gl-ES\"},{\"@type\":\"Organization\",\"@id\":\"https:\\\/\\\/www.anovapeneira.gal\\\/#organization\",\"name\":\"A Nova Peneira\",\"url\":\"https:\\\/\\\/www.anovapeneira.gal\\\/\",\"logo\":{\"@type\":\"ImageObject\",\"inLanguage\":\"gl-ES\",\"@id\":\"https:\\\/\\\/www.anovapeneira.gal\\\/#\\\/schema\\\/logo\\\/image\\\/\",\"url\":\"http:\\\/\\\/www.anovapeneira.gal\\\/wp-content\\\/uploads\\\/2019\\\/06\\\/logo_a_nova_peneira_portal_web.png\",\"contentUrl\":\"http:\\\/\\\/www.anovapeneira.gal\\\/wp-content\\\/uploads\\\/2019\\\/06\\\/logo_a_nova_peneira_portal_web.png\",\"width\":300,\"height\":100,\"caption\":\"A Nova Peneira\"},\"image\":{\"@id\":\"https:\\\/\\\/www.anovapeneira.gal\\\/#\\\/schema\\\/logo\\\/image\\\/\"},\"sameAs\":[\"https:\\\/\\\/www.facebook.com\\\/anovapeneira\",\"https:\\\/\\\/x.com\\\/APeneira\"]},{\"@type\":\"Person\",\"@id\":\"https:\\\/\\\/www.anovapeneira.gal\\\/#\\\/schema\\\/person\\\/b93e3f8932e3f8da96334607eb6ac6aa\",\"name\":\"Redacci\u00f3n A Nova Peneira\",\"image\":{\"@type\":\"ImageObject\",\"inLanguage\":\"gl-ES\",\"@id\":\"https:\\\/\\\/secure.gravatar.com\\\/avatar\\\/c052a2551a06e23fac63626232eaa90abd78dbcf1700fc46a2b2c89fd27b735f?s=96&d=mm&r=g\",\"url\":\"https:\\\/\\\/secure.gravatar.com\\\/avatar\\\/c052a2551a06e23fac63626232eaa90abd78dbcf1700fc46a2b2c89fd27b735f?s=96&d=mm&r=g\",\"contentUrl\":\"https:\\\/\\\/secure.gravatar.com\\\/avatar\\\/c052a2551a06e23fac63626232eaa90abd78dbcf1700fc46a2b2c89fd27b735f?s=96&d=mm&r=g\",\"caption\":\"Redacci\u00f3n A Nova Peneira\"},\"sameAs\":[\"http:\\\/\\\/www.anovapeneira.gal\\\/\"],\"url\":\"https:\\\/\\\/www.anovapeneira.gal\\\/index.php\\\/author\\\/redactor\\\/\"}]}<\/script>\n<!-- \/ Yoast SEO plugin. -->","yoast_head_json":{"title":"Esculca desenvolve unha campa\u00f1a para denunciar os casos de persoas presas en situaci\u00f3n de isolamento -","description":"ESCULCA \u00e9 unha plataforma creada por galegos e galegas, hai case 20 anos que ten por obxectivo denunciar situaci\u00f3ns de abusos, inxustizas e vulneraci\u00f3n de dereitos fundamentais acontecidas no noso pa\u00eds e en calquera parte do mundo","robots":{"index":"index","follow":"follow","max-snippet":"max-snippet:-1","max-image-preview":"max-image-preview:large","max-video-preview":"max-video-preview:-1"},"canonical":"https:\/\/www.anovapeneira.gal\/index.php\/2021\/01\/29\/esculca-desenvolve-unha-campana-para-denunciar-os-casos-de-persoas-presas-en-situacion-de-isolamento\/","og_locale":"gl_ES","og_type":"article","og_title":"Esculca desenvolve unha campa\u00f1a para denunciar os casos de persoas presas en situaci\u00f3n de isolamento -","og_description":"ESCULCA \u00e9 unha plataforma creada por galegos e galegas, hai case 20 anos que ten por obxectivo denunciar situaci\u00f3ns de abusos, inxustizas e vulneraci\u00f3n de dereitos fundamentais acontecidas no noso pa\u00eds e en calquera parte do mundo","og_url":"https:\/\/www.anovapeneira.gal\/index.php\/2021\/01\/29\/esculca-desenvolve-unha-campana-para-denunciar-os-casos-de-persoas-presas-en-situacion-de-isolamento\/","article_publisher":"https:\/\/www.facebook.com\/anovapeneira","article_published_time":"2021-01-29T09:00:28+00:00","og_image":[{"width":240,"height":150,"url":"https:\/\/www.anovapeneira.gal\/wp-content\/uploads\/2021\/01\/esculca_dereitos_civis.jpg","type":"image\/jpeg"}],"author":"Redacci\u00f3n A Nova Peneira","twitter_card":"summary_large_image","twitter_creator":"@APeneira","twitter_site":"@APeneira","twitter_misc":{"Escrito por":"Redacci\u00f3n A Nova Peneira","Tempo de lectura":"8 minutos"},"schema":{"@context":"https:\/\/schema.org","@graph":[{"@type":"Article","@id":"https:\/\/www.anovapeneira.gal\/index.php\/2021\/01\/29\/esculca-desenvolve-unha-campana-para-denunciar-os-casos-de-persoas-presas-en-situacion-de-isolamento\/#article","isPartOf":{"@id":"https:\/\/www.anovapeneira.gal\/index.php\/2021\/01\/29\/esculca-desenvolve-unha-campana-para-denunciar-os-casos-de-persoas-presas-en-situacion-de-isolamento\/"},"author":{"name":"Redacci\u00f3n A Nova Peneira","@id":"https:\/\/www.anovapeneira.gal\/#\/schema\/person\/b93e3f8932e3f8da96334607eb6ac6aa"},"headline":"Esculca desenvolve unha campa\u00f1a para denunciar os casos de persoas presas en situaci\u00f3n de isolamento","datePublished":"2021-01-29T09:00:28+00:00","mainEntityOfPage":{"@id":"https:\/\/www.anovapeneira.gal\/index.php\/2021\/01\/29\/esculca-desenvolve-unha-campana-para-denunciar-os-casos-de-persoas-presas-en-situacion-de-isolamento\/"},"wordCount":1695,"commentCount":0,"publisher":{"@id":"https:\/\/www.anovapeneira.gal\/#organization"},"image":{"@id":"https:\/\/www.anovapeneira.gal\/index.php\/2021\/01\/29\/esculca-desenvolve-unha-campana-para-denunciar-os-casos-de-persoas-presas-en-situacion-de-isolamento\/#primaryimage"},"thumbnailUrl":"https:\/\/www.anovapeneira.gal\/wp-content\/uploads\/2021\/01\/esculca_dereitos_civis.jpg","keywords":["Esculca"],"articleSection":["Entrevistas"],"inLanguage":"gl-ES","potentialAction":[{"@type":"CommentAction","name":"Comment","target":["https:\/\/www.anovapeneira.gal\/index.php\/2021\/01\/29\/esculca-desenvolve-unha-campana-para-denunciar-os-casos-de-persoas-presas-en-situacion-de-isolamento\/#respond"]}]},{"@type":"WebPage","@id":"https:\/\/www.anovapeneira.gal\/index.php\/2021\/01\/29\/esculca-desenvolve-unha-campana-para-denunciar-os-casos-de-persoas-presas-en-situacion-de-isolamento\/","url":"https:\/\/www.anovapeneira.gal\/index.php\/2021\/01\/29\/esculca-desenvolve-unha-campana-para-denunciar-os-casos-de-persoas-presas-en-situacion-de-isolamento\/","name":"Esculca desenvolve unha campa\u00f1a para denunciar os casos de persoas presas en situaci\u00f3n de isolamento -","isPartOf":{"@id":"https:\/\/www.anovapeneira.gal\/#website"},"primaryImageOfPage":{"@id":"https:\/\/www.anovapeneira.gal\/index.php\/2021\/01\/29\/esculca-desenvolve-unha-campana-para-denunciar-os-casos-de-persoas-presas-en-situacion-de-isolamento\/#primaryimage"},"image":{"@id":"https:\/\/www.anovapeneira.gal\/index.php\/2021\/01\/29\/esculca-desenvolve-unha-campana-para-denunciar-os-casos-de-persoas-presas-en-situacion-de-isolamento\/#primaryimage"},"thumbnailUrl":"https:\/\/www.anovapeneira.gal\/wp-content\/uploads\/2021\/01\/esculca_dereitos_civis.jpg","datePublished":"2021-01-29T09:00:28+00:00","description":"ESCULCA \u00e9 unha plataforma creada por galegos e galegas, hai case 20 anos que ten por obxectivo denunciar situaci\u00f3ns de abusos, inxustizas e vulneraci\u00f3n de dereitos fundamentais acontecidas no noso pa\u00eds e en calquera parte do mundo","breadcrumb":{"@id":"https:\/\/www.anovapeneira.gal\/index.php\/2021\/01\/29\/esculca-desenvolve-unha-campana-para-denunciar-os-casos-de-persoas-presas-en-situacion-de-isolamento\/#breadcrumb"},"inLanguage":"gl-ES","potentialAction":[{"@type":"ReadAction","target":["https:\/\/www.anovapeneira.gal\/index.php\/2021\/01\/29\/esculca-desenvolve-unha-campana-para-denunciar-os-casos-de-persoas-presas-en-situacion-de-isolamento\/"]}]},{"@type":"ImageObject","inLanguage":"gl-ES","@id":"https:\/\/www.anovapeneira.gal\/index.php\/2021\/01\/29\/esculca-desenvolve-unha-campana-para-denunciar-os-casos-de-persoas-presas-en-situacion-de-isolamento\/#primaryimage","url":"https:\/\/www.anovapeneira.gal\/wp-content\/uploads\/2021\/01\/esculca_dereitos_civis.jpg","contentUrl":"https:\/\/www.anovapeneira.gal\/wp-content\/uploads\/2021\/01\/esculca_dereitos_civis.jpg","width":240,"height":150,"caption":"Esculca desenvolve unha campa\u00f1a para denunciar os casos de persoas presas en situaci\u00f3n de isolamento"},{"@type":"BreadcrumbList","@id":"https:\/\/www.anovapeneira.gal\/index.php\/2021\/01\/29\/esculca-desenvolve-unha-campana-para-denunciar-os-casos-de-persoas-presas-en-situacion-de-isolamento\/#breadcrumb","itemListElement":[{"@type":"ListItem","position":1,"name":"Portada","item":"https:\/\/www.anovapeneira.gal\/"},{"@type":"ListItem","position":2,"name":"Esculca desenvolve unha campa\u00f1a para denunciar os casos de persoas presas en situaci\u00f3n de isolamento"}]},{"@type":"WebSite","@id":"https:\/\/www.anovapeneira.gal\/#website","url":"https:\/\/www.anovapeneira.gal\/","name":"","description":"Xornal galego de informaci\u00f3n xeral Publicaci\u00f3n mensual de novas de Galicia e en especial dos Concellos da sur da provincia de Pontevedra.","publisher":{"@id":"https:\/\/www.anovapeneira.gal\/#organization"},"potentialAction":[{"@type":"SearchAction","target":{"@type":"EntryPoint","urlTemplate":"https:\/\/www.anovapeneira.gal\/?s={search_term_string}"},"query-input":{"@type":"PropertyValueSpecification","valueRequired":true,"valueName":"search_term_string"}}],"inLanguage":"gl-ES"},{"@type":"Organization","@id":"https:\/\/www.anovapeneira.gal\/#organization","name":"A Nova Peneira","url":"https:\/\/www.anovapeneira.gal\/","logo":{"@type":"ImageObject","inLanguage":"gl-ES","@id":"https:\/\/www.anovapeneira.gal\/#\/schema\/logo\/image\/","url":"http:\/\/www.anovapeneira.gal\/wp-content\/uploads\/2019\/06\/logo_a_nova_peneira_portal_web.png","contentUrl":"http:\/\/www.anovapeneira.gal\/wp-content\/uploads\/2019\/06\/logo_a_nova_peneira_portal_web.png","width":300,"height":100,"caption":"A Nova Peneira"},"image":{"@id":"https:\/\/www.anovapeneira.gal\/#\/schema\/logo\/image\/"},"sameAs":["https:\/\/www.facebook.com\/anovapeneira","https:\/\/x.com\/APeneira"]},{"@type":"Person","@id":"https:\/\/www.anovapeneira.gal\/#\/schema\/person\/b93e3f8932e3f8da96334607eb6ac6aa","name":"Redacci\u00f3n A Nova Peneira","image":{"@type":"ImageObject","inLanguage":"gl-ES","@id":"https:\/\/secure.gravatar.com\/avatar\/c052a2551a06e23fac63626232eaa90abd78dbcf1700fc46a2b2c89fd27b735f?s=96&d=mm&r=g","url":"https:\/\/secure.gravatar.com\/avatar\/c052a2551a06e23fac63626232eaa90abd78dbcf1700fc46a2b2c89fd27b735f?s=96&d=mm&r=g","contentUrl":"https:\/\/secure.gravatar.com\/avatar\/c052a2551a06e23fac63626232eaa90abd78dbcf1700fc46a2b2c89fd27b735f?s=96&d=mm&r=g","caption":"Redacci\u00f3n A Nova Peneira"},"sameAs":["http:\/\/www.anovapeneira.gal\/"],"url":"https:\/\/www.anovapeneira.gal\/index.php\/author\/redactor\/"}]}},"jetpack_featured_media_url":"https:\/\/www.anovapeneira.gal\/wp-content\/uploads\/2021\/01\/esculca_dereitos_civis.jpg","_links":{"self":[{"href":"https:\/\/www.anovapeneira.gal\/index.php\/wp-json\/wp\/v2\/posts\/4745","targetHints":{"allow":["GET"]}}],"collection":[{"href":"https:\/\/www.anovapeneira.gal\/index.php\/wp-json\/wp\/v2\/posts"}],"about":[{"href":"https:\/\/www.anovapeneira.gal\/index.php\/wp-json\/wp\/v2\/types\/post"}],"author":[{"embeddable":true,"href":"https:\/\/www.anovapeneira.gal\/index.php\/wp-json\/wp\/v2\/users\/3"}],"replies":[{"embeddable":true,"href":"https:\/\/www.anovapeneira.gal\/index.php\/wp-json\/wp\/v2\/comments?post=4745"}],"version-history":[{"count":1,"href":"https:\/\/www.anovapeneira.gal\/index.php\/wp-json\/wp\/v2\/posts\/4745\/revisions"}],"predecessor-version":[{"id":4747,"href":"https:\/\/www.anovapeneira.gal\/index.php\/wp-json\/wp\/v2\/posts\/4745\/revisions\/4747"}],"wp:featuredmedia":[{"embeddable":true,"href":"https:\/\/www.anovapeneira.gal\/index.php\/wp-json\/wp\/v2\/media\/4746"}],"wp:attachment":[{"href":"https:\/\/www.anovapeneira.gal\/index.php\/wp-json\/wp\/v2\/media?parent=4745"}],"wp:term":[{"taxonomy":"category","embeddable":true,"href":"https:\/\/www.anovapeneira.gal\/index.php\/wp-json\/wp\/v2\/categories?post=4745"},{"taxonomy":"post_tag","embeddable":true,"href":"https:\/\/www.anovapeneira.gal\/index.php\/wp-json\/wp\/v2\/tags?post=4745"}],"curies":[{"name":"wp","href":"https:\/\/api.w.org\/{rel}","templated":true}]}}