{"id":4748,"date":"2021-01-29T12:00:16","date_gmt":"2021-01-29T11:00:16","guid":{"rendered":"http:\/\/www.anovapeneira.gal\/?p=4748"},"modified":"2021-01-27T11:00:53","modified_gmt":"2021-01-27T10:00:53","slug":"falece-xose-manuel-pazos-alcalde-de-cangas","status":"publish","type":"post","link":"https:\/\/www.anovapeneira.gal\/index.php\/2021\/01\/29\/falece-xose-manuel-pazos-alcalde-de-cangas\/","title":{"rendered":"Falece  Xos\u00e9 Manuel Pazos, Alcalde de Cangas"},"content":{"rendered":"\n<h2 class=\"has-text-align-center wp-block-heading\"><strong>A SE\u00d1ARDADE NO MEU CORAZ\u00d3N<\/strong><\/h2>\n\n\n\n<pre class=\"wp-block-verse\"><strong>Tino Lago<\/strong><\/pre>\n\n\n\n<p class=\"has-text-align-center\">\u201c<strong>Tremendamente triste vouche<\/strong><br><strong> pedir<br> que me deala man, compa\u00f1eiro<br> i-o meu sangue \u00e9 do teu\u2026\u201d<\/strong><br><\/p>\n\n\n\n<pre class=\"wp-block-verse\"><strong>Xos\u00e9 Alexandre Cribeiro<\/strong><\/pre>\n\n\n\n<p>O pasado seis de xaneiro entrevistei a Xos\u00e9 Manuel Pazos, alcalde de Cangas e home bo, culto, delicado, cun extraordinario sentido do humor e dotado dunha sobresa\u00ednte capacidade para conversar. E como todas as veces que falamos nos anos anteriores, a entrevista , incluso as preguntas inc\u00f3modas que lle fixen, converteuse nunha conversa agradable entre d\u00faas persoas que se aprecian mutuamente e constr\u00faen de maneira rec\u00edproca momentos de absoluta comodidade que procuramos prolongar ata o infinito. As\u00ed era Pazos, un t\u00edo karalludo co que era un pracer compartir tempo.19 d\u00edas despois da nosa derradeira conversa a morte sorprendeuno case de s\u00fapeto, e a se\u00f1ardade asolagou o coraz\u00f3n do todos os que o queriamos enchendo de dor a nosa alma, como unha intensa treboada que agroma da nada asolaga de negrura al\u00e1 onde bate. Desde que souben a nova da s\u00faa morte levo d\u00e1ndolle voltas \u00e1 cabeza tratando de adivi\u00f1ar como lle gustar\u00eda a Xos\u00e9 Manuel Pazos ser despedido, e creo que non me equivoco cos versos de Alexandre Cribreiro que encabezan este texto. Cribeiro foi un excelente poeta ao que, como a Pazos, a morte visitoulle moi novo. El era de Pontevedra pero moi vinculado co Morrazo, de feito na vila de Cangas, unha r\u00faa leva o seu nome ,e como Pazos dedicou toda a s\u00faa vida a combater contra a inxustiza e a loitar polo ben com\u00fan. Sirvan pois os versos deste poeta tan vencellado co pobo de Cangas para despedirche compa\u00f1eiro Xose Manuel. E tremendamente triste vou pedir, como ti fixeches ao longo da t\u00faa vida, que nos deamos a man para loitar xa que sen a unidade popular para os frear, \u00e9 inevitable que a besta criminal da oligarqu\u00eda econ\u00f3mica condene \u00e1 pobreza e \u00e1 desesperaci\u00f3n a mill\u00f3ns de seres humanos.<\/p>\n","protected":false},"excerpt":{"rendered":"<div class=\"mh-excerpt\"><p>O pasado seis de xaneiro entrevistei a Xos\u00e9 Manuel Pazos, alcalde de Cangas e home bo, culto, delicado, cun extraordinario sentido do humor e dotado dunha sobresa\u00ednte capacidade para conversar <a class=\"mh-excerpt-more\" href=\"https:\/\/www.anovapeneira.gal\/index.php\/2021\/01\/29\/falece-xose-manuel-pazos-alcalde-de-cangas\/\" title=\"Falece  Xos\u00e9 Manuel Pazos, Alcalde de Cangas\">[&#8230;]<\/a><\/p>\n<\/div>","protected":false},"author":2,"featured_media":2311,"comment_status":"open","ping_status":"open","sticky":false,"template":"","format":"standard","meta":{"_exactmetrics_skip_tracking":false,"_exactmetrics_sitenote_active":false,"_exactmetrics_sitenote_note":"","_exactmetrics_sitenote_category":0,"footnotes":""},"categories":[22],"tags":[681,1011],"class_list":{"0":"post-4748","1":"post","2":"type-post","3":"status-publish","4":"format-standard","5":"has-post-thumbnail","7":"category-morrazo","8":"tag-concello-de-cangas-do-morrazo","9":"tag-xose-manuel-pazos"},"yoast_head":"<!-- This site is optimized with the Yoast SEO plugin v27.4 - https:\/\/yoast.com\/product\/yoast-seo-wordpress\/ -->\n<title>Falece Xos\u00e9 Manuel Pazos, Alcalde de Cangas -<\/title>\n<meta name=\"description\" content=\"O pasado seis de xaneiro entrevistei a Xos\u00e9 Manuel Pazos, alcalde de Cangas e home bo, culto, delicado, cun extraordinario sentido do humor e dotado dunha sobresa\u00ednte capacidade para conversar\" \/>\n<meta name=\"robots\" content=\"index, follow, max-snippet:-1, max-image-preview:large, max-video-preview:-1\" \/>\n<link rel=\"canonical\" href=\"https:\/\/www.anovapeneira.gal\/index.php\/2021\/01\/29\/falece-xose-manuel-pazos-alcalde-de-cangas\/\" \/>\n<meta property=\"og:locale\" content=\"gl_ES\" \/>\n<meta property=\"og:type\" content=\"article\" \/>\n<meta property=\"og:title\" content=\"Falece Xos\u00e9 Manuel Pazos, Alcalde de Cangas -\" \/>\n<meta property=\"og:description\" content=\"O pasado seis de xaneiro entrevistei a Xos\u00e9 Manuel Pazos, alcalde de Cangas e home bo, culto, delicado, cun extraordinario sentido do humor e dotado dunha sobresa\u00ednte capacidade para conversar\" \/>\n<meta property=\"og:url\" content=\"https:\/\/www.anovapeneira.gal\/index.php\/2021\/01\/29\/falece-xose-manuel-pazos-alcalde-de-cangas\/\" \/>\n<meta property=\"article:publisher\" content=\"https:\/\/www.facebook.com\/anovapeneira\" \/>\n<meta property=\"article:published_time\" content=\"2021-01-29T11:00:16+00:00\" \/>\n<meta property=\"og:image\" content=\"https:\/\/www.anovapeneira.gal\/wp-content\/uploads\/2020\/01\/manuel_pazos_alcalde_cangas_a_nova_peneira.jpg\" \/>\n\t<meta property=\"og:image:width\" content=\"720\" \/>\n\t<meta property=\"og:image:height\" content=\"432\" \/>\n\t<meta property=\"og:image:type\" content=\"image\/jpeg\" \/>\n<meta name=\"author\" content=\"Tino Lago\" \/>\n<meta name=\"twitter:card\" content=\"summary_large_image\" \/>\n<meta name=\"twitter:creator\" content=\"@APeneira\" \/>\n<meta name=\"twitter:site\" content=\"@APeneira\" \/>\n<meta name=\"twitter:label1\" content=\"Escrito por\" \/>\n\t<meta name=\"twitter:data1\" content=\"Tino Lago\" \/>\n\t<meta name=\"twitter:label2\" content=\"Tempo de lectura\" \/>\n\t<meta name=\"twitter:data2\" content=\"2 minutos\" \/>\n<script type=\"application\/ld+json\" class=\"yoast-schema-graph\">{\"@context\":\"https:\\\/\\\/schema.org\",\"@graph\":[{\"@type\":\"Article\",\"@id\":\"https:\\\/\\\/www.anovapeneira.gal\\\/index.php\\\/2021\\\/01\\\/29\\\/falece-xose-manuel-pazos-alcalde-de-cangas\\\/#article\",\"isPartOf\":{\"@id\":\"https:\\\/\\\/www.anovapeneira.gal\\\/index.php\\\/2021\\\/01\\\/29\\\/falece-xose-manuel-pazos-alcalde-de-cangas\\\/\"},\"author\":{\"name\":\"Tino Lago\",\"@id\":\"https:\\\/\\\/www.anovapeneira.gal\\\/#\\\/schema\\\/person\\\/424dfe65e3070fd8a44d22d2c088762a\"},\"headline\":\"Falece Xos\u00e9 Manuel Pazos, Alcalde de Cangas\",\"datePublished\":\"2021-01-29T11:00:16+00:00\",\"mainEntityOfPage\":{\"@id\":\"https:\\\/\\\/www.anovapeneira.gal\\\/index.php\\\/2021\\\/01\\\/29\\\/falece-xose-manuel-pazos-alcalde-de-cangas\\\/\"},\"wordCount\":341,\"commentCount\":0,\"publisher\":{\"@id\":\"https:\\\/\\\/www.anovapeneira.gal\\\/#organization\"},\"image\":{\"@id\":\"https:\\\/\\\/www.anovapeneira.gal\\\/index.php\\\/2021\\\/01\\\/29\\\/falece-xose-manuel-pazos-alcalde-de-cangas\\\/#primaryimage\"},\"thumbnailUrl\":\"https:\\\/\\\/www.anovapeneira.gal\\\/wp-content\\\/uploads\\\/2020\\\/01\\\/manuel_pazos_alcalde_cangas_a_nova_peneira.jpg\",\"keywords\":[\"Concello de Cangas do Morrazo\",\"Xos\u00e9 Manuel Pazos\"],\"articleSection\":[\"Morrazo\"],\"inLanguage\":\"gl-ES\",\"potentialAction\":[{\"@type\":\"CommentAction\",\"name\":\"Comment\",\"target\":[\"https:\\\/\\\/www.anovapeneira.gal\\\/index.php\\\/2021\\\/01\\\/29\\\/falece-xose-manuel-pazos-alcalde-de-cangas\\\/#respond\"]}]},{\"@type\":\"WebPage\",\"@id\":\"https:\\\/\\\/www.anovapeneira.gal\\\/index.php\\\/2021\\\/01\\\/29\\\/falece-xose-manuel-pazos-alcalde-de-cangas\\\/\",\"url\":\"https:\\\/\\\/www.anovapeneira.gal\\\/index.php\\\/2021\\\/01\\\/29\\\/falece-xose-manuel-pazos-alcalde-de-cangas\\\/\",\"name\":\"Falece Xos\u00e9 Manuel Pazos, Alcalde de Cangas -\",\"isPartOf\":{\"@id\":\"https:\\\/\\\/www.anovapeneira.gal\\\/#website\"},\"primaryImageOfPage\":{\"@id\":\"https:\\\/\\\/www.anovapeneira.gal\\\/index.php\\\/2021\\\/01\\\/29\\\/falece-xose-manuel-pazos-alcalde-de-cangas\\\/#primaryimage\"},\"image\":{\"@id\":\"https:\\\/\\\/www.anovapeneira.gal\\\/index.php\\\/2021\\\/01\\\/29\\\/falece-xose-manuel-pazos-alcalde-de-cangas\\\/#primaryimage\"},\"thumbnailUrl\":\"https:\\\/\\\/www.anovapeneira.gal\\\/wp-content\\\/uploads\\\/2020\\\/01\\\/manuel_pazos_alcalde_cangas_a_nova_peneira.jpg\",\"datePublished\":\"2021-01-29T11:00:16+00:00\",\"description\":\"O pasado seis de xaneiro entrevistei a Xos\u00e9 Manuel Pazos, alcalde de Cangas e home bo, culto, delicado, cun extraordinario sentido do humor e dotado dunha sobresa\u00ednte capacidade para conversar\",\"breadcrumb\":{\"@id\":\"https:\\\/\\\/www.anovapeneira.gal\\\/index.php\\\/2021\\\/01\\\/29\\\/falece-xose-manuel-pazos-alcalde-de-cangas\\\/#breadcrumb\"},\"inLanguage\":\"gl-ES\",\"potentialAction\":[{\"@type\":\"ReadAction\",\"target\":[\"https:\\\/\\\/www.anovapeneira.gal\\\/index.php\\\/2021\\\/01\\\/29\\\/falece-xose-manuel-pazos-alcalde-de-cangas\\\/\"]}]},{\"@type\":\"ImageObject\",\"inLanguage\":\"gl-ES\",\"@id\":\"https:\\\/\\\/www.anovapeneira.gal\\\/index.php\\\/2021\\\/01\\\/29\\\/falece-xose-manuel-pazos-alcalde-de-cangas\\\/#primaryimage\",\"url\":\"https:\\\/\\\/www.anovapeneira.gal\\\/wp-content\\\/uploads\\\/2020\\\/01\\\/manuel_pazos_alcalde_cangas_a_nova_peneira.jpg\",\"contentUrl\":\"https:\\\/\\\/www.anovapeneira.gal\\\/wp-content\\\/uploads\\\/2020\\\/01\\\/manuel_pazos_alcalde_cangas_a_nova_peneira.jpg\",\"width\":720,\"height\":432,\"caption\":\"Manuel Pazos A Nova Peneira Alcalde de Cangas\"},{\"@type\":\"BreadcrumbList\",\"@id\":\"https:\\\/\\\/www.anovapeneira.gal\\\/index.php\\\/2021\\\/01\\\/29\\\/falece-xose-manuel-pazos-alcalde-de-cangas\\\/#breadcrumb\",\"itemListElement\":[{\"@type\":\"ListItem\",\"position\":1,\"name\":\"Portada\",\"item\":\"https:\\\/\\\/www.anovapeneira.gal\\\/\"},{\"@type\":\"ListItem\",\"position\":2,\"name\":\"Falece Xos\u00e9 Manuel Pazos, Alcalde de Cangas\"}]},{\"@type\":\"WebSite\",\"@id\":\"https:\\\/\\\/www.anovapeneira.gal\\\/#website\",\"url\":\"https:\\\/\\\/www.anovapeneira.gal\\\/\",\"name\":\"\",\"description\":\"Xornal galego de informaci\u00f3n xeral Publicaci\u00f3n mensual de novas de Galicia e en especial dos Concellos da sur da provincia de Pontevedra.\",\"publisher\":{\"@id\":\"https:\\\/\\\/www.anovapeneira.gal\\\/#organization\"},\"potentialAction\":[{\"@type\":\"SearchAction\",\"target\":{\"@type\":\"EntryPoint\",\"urlTemplate\":\"https:\\\/\\\/www.anovapeneira.gal\\\/?s={search_term_string}\"},\"query-input\":{\"@type\":\"PropertyValueSpecification\",\"valueRequired\":true,\"valueName\":\"search_term_string\"}}],\"inLanguage\":\"gl-ES\"},{\"@type\":\"Organization\",\"@id\":\"https:\\\/\\\/www.anovapeneira.gal\\\/#organization\",\"name\":\"A Nova Peneira\",\"url\":\"https:\\\/\\\/www.anovapeneira.gal\\\/\",\"logo\":{\"@type\":\"ImageObject\",\"inLanguage\":\"gl-ES\",\"@id\":\"https:\\\/\\\/www.anovapeneira.gal\\\/#\\\/schema\\\/logo\\\/image\\\/\",\"url\":\"http:\\\/\\\/www.anovapeneira.gal\\\/wp-content\\\/uploads\\\/2019\\\/06\\\/logo_a_nova_peneira_portal_web.png\",\"contentUrl\":\"http:\\\/\\\/www.anovapeneira.gal\\\/wp-content\\\/uploads\\\/2019\\\/06\\\/logo_a_nova_peneira_portal_web.png\",\"width\":300,\"height\":100,\"caption\":\"A Nova Peneira\"},\"image\":{\"@id\":\"https:\\\/\\\/www.anovapeneira.gal\\\/#\\\/schema\\\/logo\\\/image\\\/\"},\"sameAs\":[\"https:\\\/\\\/www.facebook.com\\\/anovapeneira\",\"https:\\\/\\\/x.com\\\/APeneira\"]},{\"@type\":\"Person\",\"@id\":\"https:\\\/\\\/www.anovapeneira.gal\\\/#\\\/schema\\\/person\\\/424dfe65e3070fd8a44d22d2c088762a\",\"name\":\"Tino Lago\",\"image\":{\"@type\":\"ImageObject\",\"inLanguage\":\"gl-ES\",\"@id\":\"https:\\\/\\\/secure.gravatar.com\\\/avatar\\\/b3df6a06e44bab3111583b90f0f33a0379ee5e3d22cbadd232d39f21c30c62be?s=96&d=mm&r=g\",\"url\":\"https:\\\/\\\/secure.gravatar.com\\\/avatar\\\/b3df6a06e44bab3111583b90f0f33a0379ee5e3d22cbadd232d39f21c30c62be?s=96&d=mm&r=g\",\"contentUrl\":\"https:\\\/\\\/secure.gravatar.com\\\/avatar\\\/b3df6a06e44bab3111583b90f0f33a0379ee5e3d22cbadd232d39f21c30c62be?s=96&d=mm&r=g\",\"caption\":\"Tino Lago\"},\"sameAs\":[\"http:\\\/\\\/www.anovapeneira.gal\"],\"url\":\"https:\\\/\\\/www.anovapeneira.gal\\\/index.php\\\/author\\\/director\\\/\"}]}<\/script>\n<!-- \/ Yoast SEO plugin. -->","yoast_head_json":{"title":"Falece Xos\u00e9 Manuel Pazos, Alcalde de Cangas -","description":"O pasado seis de xaneiro entrevistei a Xos\u00e9 Manuel Pazos, alcalde de Cangas e home bo, culto, delicado, cun extraordinario sentido do humor e dotado dunha sobresa\u00ednte capacidade para conversar","robots":{"index":"index","follow":"follow","max-snippet":"max-snippet:-1","max-image-preview":"max-image-preview:large","max-video-preview":"max-video-preview:-1"},"canonical":"https:\/\/www.anovapeneira.gal\/index.php\/2021\/01\/29\/falece-xose-manuel-pazos-alcalde-de-cangas\/","og_locale":"gl_ES","og_type":"article","og_title":"Falece Xos\u00e9 Manuel Pazos, Alcalde de Cangas -","og_description":"O pasado seis de xaneiro entrevistei a Xos\u00e9 Manuel Pazos, alcalde de Cangas e home bo, culto, delicado, cun extraordinario sentido do humor e dotado dunha sobresa\u00ednte capacidade para conversar","og_url":"https:\/\/www.anovapeneira.gal\/index.php\/2021\/01\/29\/falece-xose-manuel-pazos-alcalde-de-cangas\/","article_publisher":"https:\/\/www.facebook.com\/anovapeneira","article_published_time":"2021-01-29T11:00:16+00:00","og_image":[{"width":720,"height":432,"url":"https:\/\/www.anovapeneira.gal\/wp-content\/uploads\/2020\/01\/manuel_pazos_alcalde_cangas_a_nova_peneira.jpg","type":"image\/jpeg"}],"author":"Tino Lago","twitter_card":"summary_large_image","twitter_creator":"@APeneira","twitter_site":"@APeneira","twitter_misc":{"Escrito por":"Tino Lago","Tempo de lectura":"2 minutos"},"schema":{"@context":"https:\/\/schema.org","@graph":[{"@type":"Article","@id":"https:\/\/www.anovapeneira.gal\/index.php\/2021\/01\/29\/falece-xose-manuel-pazos-alcalde-de-cangas\/#article","isPartOf":{"@id":"https:\/\/www.anovapeneira.gal\/index.php\/2021\/01\/29\/falece-xose-manuel-pazos-alcalde-de-cangas\/"},"author":{"name":"Tino Lago","@id":"https:\/\/www.anovapeneira.gal\/#\/schema\/person\/424dfe65e3070fd8a44d22d2c088762a"},"headline":"Falece Xos\u00e9 Manuel Pazos, Alcalde de Cangas","datePublished":"2021-01-29T11:00:16+00:00","mainEntityOfPage":{"@id":"https:\/\/www.anovapeneira.gal\/index.php\/2021\/01\/29\/falece-xose-manuel-pazos-alcalde-de-cangas\/"},"wordCount":341,"commentCount":0,"publisher":{"@id":"https:\/\/www.anovapeneira.gal\/#organization"},"image":{"@id":"https:\/\/www.anovapeneira.gal\/index.php\/2021\/01\/29\/falece-xose-manuel-pazos-alcalde-de-cangas\/#primaryimage"},"thumbnailUrl":"https:\/\/www.anovapeneira.gal\/wp-content\/uploads\/2020\/01\/manuel_pazos_alcalde_cangas_a_nova_peneira.jpg","keywords":["Concello de Cangas do Morrazo","Xos\u00e9 Manuel Pazos"],"articleSection":["Morrazo"],"inLanguage":"gl-ES","potentialAction":[{"@type":"CommentAction","name":"Comment","target":["https:\/\/www.anovapeneira.gal\/index.php\/2021\/01\/29\/falece-xose-manuel-pazos-alcalde-de-cangas\/#respond"]}]},{"@type":"WebPage","@id":"https:\/\/www.anovapeneira.gal\/index.php\/2021\/01\/29\/falece-xose-manuel-pazos-alcalde-de-cangas\/","url":"https:\/\/www.anovapeneira.gal\/index.php\/2021\/01\/29\/falece-xose-manuel-pazos-alcalde-de-cangas\/","name":"Falece Xos\u00e9 Manuel Pazos, Alcalde de Cangas -","isPartOf":{"@id":"https:\/\/www.anovapeneira.gal\/#website"},"primaryImageOfPage":{"@id":"https:\/\/www.anovapeneira.gal\/index.php\/2021\/01\/29\/falece-xose-manuel-pazos-alcalde-de-cangas\/#primaryimage"},"image":{"@id":"https:\/\/www.anovapeneira.gal\/index.php\/2021\/01\/29\/falece-xose-manuel-pazos-alcalde-de-cangas\/#primaryimage"},"thumbnailUrl":"https:\/\/www.anovapeneira.gal\/wp-content\/uploads\/2020\/01\/manuel_pazos_alcalde_cangas_a_nova_peneira.jpg","datePublished":"2021-01-29T11:00:16+00:00","description":"O pasado seis de xaneiro entrevistei a Xos\u00e9 Manuel Pazos, alcalde de Cangas e home bo, culto, delicado, cun extraordinario sentido do humor e dotado dunha sobresa\u00ednte capacidade para conversar","breadcrumb":{"@id":"https:\/\/www.anovapeneira.gal\/index.php\/2021\/01\/29\/falece-xose-manuel-pazos-alcalde-de-cangas\/#breadcrumb"},"inLanguage":"gl-ES","potentialAction":[{"@type":"ReadAction","target":["https:\/\/www.anovapeneira.gal\/index.php\/2021\/01\/29\/falece-xose-manuel-pazos-alcalde-de-cangas\/"]}]},{"@type":"ImageObject","inLanguage":"gl-ES","@id":"https:\/\/www.anovapeneira.gal\/index.php\/2021\/01\/29\/falece-xose-manuel-pazos-alcalde-de-cangas\/#primaryimage","url":"https:\/\/www.anovapeneira.gal\/wp-content\/uploads\/2020\/01\/manuel_pazos_alcalde_cangas_a_nova_peneira.jpg","contentUrl":"https:\/\/www.anovapeneira.gal\/wp-content\/uploads\/2020\/01\/manuel_pazos_alcalde_cangas_a_nova_peneira.jpg","width":720,"height":432,"caption":"Manuel Pazos A Nova Peneira Alcalde de Cangas"},{"@type":"BreadcrumbList","@id":"https:\/\/www.anovapeneira.gal\/index.php\/2021\/01\/29\/falece-xose-manuel-pazos-alcalde-de-cangas\/#breadcrumb","itemListElement":[{"@type":"ListItem","position":1,"name":"Portada","item":"https:\/\/www.anovapeneira.gal\/"},{"@type":"ListItem","position":2,"name":"Falece Xos\u00e9 Manuel Pazos, Alcalde de Cangas"}]},{"@type":"WebSite","@id":"https:\/\/www.anovapeneira.gal\/#website","url":"https:\/\/www.anovapeneira.gal\/","name":"","description":"Xornal galego de informaci\u00f3n xeral Publicaci\u00f3n mensual de novas de Galicia e en especial dos Concellos da sur da provincia de Pontevedra.","publisher":{"@id":"https:\/\/www.anovapeneira.gal\/#organization"},"potentialAction":[{"@type":"SearchAction","target":{"@type":"EntryPoint","urlTemplate":"https:\/\/www.anovapeneira.gal\/?s={search_term_string}"},"query-input":{"@type":"PropertyValueSpecification","valueRequired":true,"valueName":"search_term_string"}}],"inLanguage":"gl-ES"},{"@type":"Organization","@id":"https:\/\/www.anovapeneira.gal\/#organization","name":"A Nova Peneira","url":"https:\/\/www.anovapeneira.gal\/","logo":{"@type":"ImageObject","inLanguage":"gl-ES","@id":"https:\/\/www.anovapeneira.gal\/#\/schema\/logo\/image\/","url":"http:\/\/www.anovapeneira.gal\/wp-content\/uploads\/2019\/06\/logo_a_nova_peneira_portal_web.png","contentUrl":"http:\/\/www.anovapeneira.gal\/wp-content\/uploads\/2019\/06\/logo_a_nova_peneira_portal_web.png","width":300,"height":100,"caption":"A Nova Peneira"},"image":{"@id":"https:\/\/www.anovapeneira.gal\/#\/schema\/logo\/image\/"},"sameAs":["https:\/\/www.facebook.com\/anovapeneira","https:\/\/x.com\/APeneira"]},{"@type":"Person","@id":"https:\/\/www.anovapeneira.gal\/#\/schema\/person\/424dfe65e3070fd8a44d22d2c088762a","name":"Tino Lago","image":{"@type":"ImageObject","inLanguage":"gl-ES","@id":"https:\/\/secure.gravatar.com\/avatar\/b3df6a06e44bab3111583b90f0f33a0379ee5e3d22cbadd232d39f21c30c62be?s=96&d=mm&r=g","url":"https:\/\/secure.gravatar.com\/avatar\/b3df6a06e44bab3111583b90f0f33a0379ee5e3d22cbadd232d39f21c30c62be?s=96&d=mm&r=g","contentUrl":"https:\/\/secure.gravatar.com\/avatar\/b3df6a06e44bab3111583b90f0f33a0379ee5e3d22cbadd232d39f21c30c62be?s=96&d=mm&r=g","caption":"Tino Lago"},"sameAs":["http:\/\/www.anovapeneira.gal"],"url":"https:\/\/www.anovapeneira.gal\/index.php\/author\/director\/"}]}},"jetpack_featured_media_url":"https:\/\/www.anovapeneira.gal\/wp-content\/uploads\/2020\/01\/manuel_pazos_alcalde_cangas_a_nova_peneira.jpg","_links":{"self":[{"href":"https:\/\/www.anovapeneira.gal\/index.php\/wp-json\/wp\/v2\/posts\/4748","targetHints":{"allow":["GET"]}}],"collection":[{"href":"https:\/\/www.anovapeneira.gal\/index.php\/wp-json\/wp\/v2\/posts"}],"about":[{"href":"https:\/\/www.anovapeneira.gal\/index.php\/wp-json\/wp\/v2\/types\/post"}],"author":[{"embeddable":true,"href":"https:\/\/www.anovapeneira.gal\/index.php\/wp-json\/wp\/v2\/users\/2"}],"replies":[{"embeddable":true,"href":"https:\/\/www.anovapeneira.gal\/index.php\/wp-json\/wp\/v2\/comments?post=4748"}],"version-history":[{"count":3,"href":"https:\/\/www.anovapeneira.gal\/index.php\/wp-json\/wp\/v2\/posts\/4748\/revisions"}],"predecessor-version":[{"id":4751,"href":"https:\/\/www.anovapeneira.gal\/index.php\/wp-json\/wp\/v2\/posts\/4748\/revisions\/4751"}],"wp:featuredmedia":[{"embeddable":true,"href":"https:\/\/www.anovapeneira.gal\/index.php\/wp-json\/wp\/v2\/media\/2311"}],"wp:attachment":[{"href":"https:\/\/www.anovapeneira.gal\/index.php\/wp-json\/wp\/v2\/media?parent=4748"}],"wp:term":[{"taxonomy":"category","embeddable":true,"href":"https:\/\/www.anovapeneira.gal\/index.php\/wp-json\/wp\/v2\/categories?post=4748"},{"taxonomy":"post_tag","embeddable":true,"href":"https:\/\/www.anovapeneira.gal\/index.php\/wp-json\/wp\/v2\/tags?post=4748"}],"curies":[{"name":"wp","href":"https:\/\/api.w.org\/{rel}","templated":true}]}}