{"id":4763,"date":"2021-02-01T14:00:52","date_gmt":"2021-02-01T13:00:52","guid":{"rendered":"http:\/\/www.anovapeneira.gal\/?p=4763"},"modified":"2021-01-31T12:22:31","modified_gmt":"2021-01-31T11:22:31","slug":"a-situacion-da-base-do-061-en-cangas-sumida-na-catastrofe-no-maior-pico-da-pandemia","status":"publish","type":"post","link":"https:\/\/www.anovapeneira.gal\/index.php\/2021\/02\/01\/a-situacion-da-base-do-061-en-cangas-sumida-na-catastrofe-no-maior-pico-da-pandemia\/","title":{"rendered":"A situaci\u00f3n da base do 061 en Cangas sumida na cat\u00e1strofe no maior pico da pandemia"},"content":{"rendered":"\n<h2 class=\"wp-block-heading\">O abandono de Ambulancias do Atl\u00e1ntico-Grupo Orthem sumado \u00e1 retirada do sistema de desinfecci\u00f3n provoca que a instalaci\u00f3n estea actualmente inservible<\/h2>\n\n\n\n<p><strong>Cangas, 27 de xaneiro de 2021<\/strong><\/p>\n\n\n\n<p>\u00c1 decisi\u00f3n da empresa Ambulancias do Atl\u00e1ntico de trasladar a Vigo o sistema de desinfecci\u00f3n en novembro do pasado ano, sumase agora un novo desbordamento de augas fecais por toda a instalaci\u00f3n sanitaria que alberga a propia ambulancia, os EPI ou o propio material sanitario co que se atende aos pacientes.<\/p>\n\n\n\n<p>Esta \u00e9 a terceira pero a m\u00e1is grave das inundaci\u00f3ns que sufre a base do 061 no \u00faltimo ano. Segundo os operarios da empresa Aqualia semella que o problema pode estar no afundimento da beirarr\u00faa que impide que o desaugadoiro faga a s\u00faa funci\u00f3n. A d\u00eda de hoxe, a situaci\u00f3n non ten arranxo e o persoal traballador at\u00f3pase nunha pelexa entre a empresa concesionaria, a comunidade e Concello. O problema \u00e9 tan grave que ademais de non contar coas condici\u00f3ns hixi\u00e9nico sanitarias m\u00ednimas para o persoal traballador, ocasionar\u00e1 atrasos na activaci\u00f3n da ambulancia.<\/p>\n\n\n\n<p>Pese a estar no pico m\u00e1is alto de casos por Covid-19 no Morrazo dende o inicio da pandemia (91 tan s\u00f3 en Cangas) as tarefas de desinfecci\u00f3n dos veh\u00edculos sanitarios tras a atenci\u00f3n e o traslado polo persoal sanitario do 061 dos pacientes con signos de sospeita ou confirmaci\u00f3n por Covid-19, seguen a realizarse nas instalaci\u00f3ns que a concesionaria do 061 en Vigo. O feito de que Cangas careza dun sistema de desinfecci\u00f3n propio provoca que a ambulancia tarde moito m\u00e1is en quedar novamente operativa orixinando atrasos na asistencia \u00e1 poboaci\u00f3n que te\u00f1a unha urxencia sanitaria, pese a que a posta en marcha dun novo sistema ten un custe de 75\u20ac.<\/p>\n\n\n\n<p><strong>M\u00faltiples deficiencias dende a adxudicaci\u00f3n a Ambulancias do Atl\u00e1ntico<\/strong><\/p>\n\n\n\n<p>A base de Cangas atravesa un verdadeiro calvario dende que a finais do 2019 o 061 adxudicase a prestaci\u00f3n do servizo de asistencia sanitaria urxente en Cangas \u00e1 empresa Ambulancias do Atl\u00e1ntico &#8211; Grupo Orthem\u201d. Tres inundaci\u00f3ns de augas fecais e un corte de subministro el\u00e9ctrico por impagos ocasionaron o traslado a un hotel do persoal sanitario. Ademais, o afundimento da r\u00faa provocou que a ambulancia non puidese sa\u00edr a atender unha emerxencia e que o veh\u00edculo tivese que ser substitu\u00eddo para reparar o tubo de escape.<\/p>\n\n\n\n<p>A FGAMT-CIG denuncia que a pol\u00edtica da empresa dende o inicio da prestaci\u00f3n do servizo para o 061, caracterizouse por impedir a participaci\u00f3n sindical en materia de prevenci\u00f3n de riscos laborais coa intenci\u00f3n de limitar que os seus delegados puidesen obrigar a direcci\u00f3n da empresa ao cumprimento das leis. De feito, a empresa acaba de ser sancionada por segunda vez pola Inspecci\u00f3n de Traballo e Seguridade Social de Vigo por este motivo. A li\u00f1a de traballo da empresa \u00e9 sempre a de investir o m\u00ednimo imprescindible a\u00ednda que iso supo\u00f1a contravir a lexislaci\u00f3n para obter o maior beneficio posible do contrato que ten co 061 a conta de po\u00f1er en perigo a seguridade e a sa\u00fade do persoal sanitario.<\/p>\n","protected":false},"excerpt":{"rendered":"<div class=\"mh-excerpt\"><p>O abandono de Ambulancias do Atl\u00e1ntico-Grupo Orthem sumado \u00e1 retirada do sistema de desinfecci\u00f3n provoca que a instalaci\u00f3n estea actualmente inservible <a class=\"mh-excerpt-more\" href=\"https:\/\/www.anovapeneira.gal\/index.php\/2021\/02\/01\/a-situacion-da-base-do-061-en-cangas-sumida-na-catastrofe-no-maior-pico-da-pandemia\/\" title=\"A situaci\u00f3n da base do 061 en Cangas sumida na cat\u00e1strofe no maior pico da pandemia\">[&#8230;]<\/a><\/p>\n<\/div>","protected":false},"author":3,"featured_media":4765,"comment_status":"open","ping_status":"open","sticky":false,"template":"","format":"standard","meta":{"_exactmetrics_skip_tracking":false,"_exactmetrics_sitenote_active":false,"_exactmetrics_sitenote_note":"","_exactmetrics_sitenote_category":0,"footnotes":""},"categories":[22],"tags":[681],"class_list":{"0":"post-4763","1":"post","2":"type-post","3":"status-publish","4":"format-standard","5":"has-post-thumbnail","7":"category-morrazo","8":"tag-concello-de-cangas-do-morrazo"},"yoast_head":"<!-- This site is optimized with the Yoast SEO plugin v27.4 - https:\/\/yoast.com\/product\/yoast-seo-wordpress\/ -->\n<title>A situaci\u00f3n da base do 061 en Cangas sumida na cat\u00e1strofe no maior pico da pandemia -<\/title>\n<meta name=\"description\" content=\"O abandono de Ambulancias do Atl\u00e1ntico-Grupo Orthem sumado \u00e1 retirada do sistema de desinfecci\u00f3n provoca que a instalaci\u00f3n estea actualmente inservible\" \/>\n<meta name=\"robots\" content=\"index, follow, max-snippet:-1, max-image-preview:large, max-video-preview:-1\" \/>\n<link rel=\"canonical\" href=\"https:\/\/www.anovapeneira.gal\/index.php\/2021\/02\/01\/a-situacion-da-base-do-061-en-cangas-sumida-na-catastrofe-no-maior-pico-da-pandemia\/\" \/>\n<meta property=\"og:locale\" content=\"gl_ES\" \/>\n<meta property=\"og:type\" content=\"article\" \/>\n<meta property=\"og:title\" content=\"A situaci\u00f3n da base do 061 en Cangas sumida na cat\u00e1strofe no maior pico da pandemia -\" \/>\n<meta property=\"og:description\" content=\"O abandono de Ambulancias do Atl\u00e1ntico-Grupo Orthem sumado \u00e1 retirada do sistema de desinfecci\u00f3n provoca que a instalaci\u00f3n estea actualmente inservible\" \/>\n<meta property=\"og:url\" content=\"https:\/\/www.anovapeneira.gal\/index.php\/2021\/02\/01\/a-situacion-da-base-do-061-en-cangas-sumida-na-catastrofe-no-maior-pico-da-pandemia\/\" \/>\n<meta property=\"article:publisher\" content=\"https:\/\/www.facebook.com\/anovapeneira\" \/>\n<meta property=\"article:published_time\" content=\"2021-02-01T13:00:52+00:00\" \/>\n<meta property=\"og:image\" content=\"https:\/\/www.anovapeneira.gal\/wp-content\/uploads\/2021\/01\/base_ambulancias_061_cangas.jpg\" \/>\n\t<meta property=\"og:image:width\" content=\"720\" \/>\n\t<meta property=\"og:image:height\" content=\"432\" \/>\n\t<meta property=\"og:image:type\" content=\"image\/jpeg\" \/>\n<meta name=\"author\" content=\"Redacci\u00f3n A Nova Peneira\" \/>\n<meta name=\"twitter:card\" content=\"summary_large_image\" \/>\n<meta name=\"twitter:creator\" content=\"@APeneira\" \/>\n<meta name=\"twitter:site\" content=\"@APeneira\" \/>\n<meta name=\"twitter:label1\" content=\"Escrito por\" \/>\n\t<meta name=\"twitter:data1\" content=\"Redacci\u00f3n A Nova Peneira\" \/>\n\t<meta name=\"twitter:label2\" content=\"Tempo de lectura\" \/>\n\t<meta name=\"twitter:data2\" content=\"3 minutos\" \/>\n<script type=\"application\/ld+json\" class=\"yoast-schema-graph\">{\"@context\":\"https:\\\/\\\/schema.org\",\"@graph\":[{\"@type\":\"Article\",\"@id\":\"https:\\\/\\\/www.anovapeneira.gal\\\/index.php\\\/2021\\\/02\\\/01\\\/a-situacion-da-base-do-061-en-cangas-sumida-na-catastrofe-no-maior-pico-da-pandemia\\\/#article\",\"isPartOf\":{\"@id\":\"https:\\\/\\\/www.anovapeneira.gal\\\/index.php\\\/2021\\\/02\\\/01\\\/a-situacion-da-base-do-061-en-cangas-sumida-na-catastrofe-no-maior-pico-da-pandemia\\\/\"},\"author\":{\"name\":\"Redacci\u00f3n A Nova Peneira\",\"@id\":\"https:\\\/\\\/www.anovapeneira.gal\\\/#\\\/schema\\\/person\\\/b93e3f8932e3f8da96334607eb6ac6aa\"},\"headline\":\"A situaci\u00f3n da base do 061 en Cangas sumida na cat\u00e1strofe no maior pico da pandemia\",\"datePublished\":\"2021-02-01T13:00:52+00:00\",\"mainEntityOfPage\":{\"@id\":\"https:\\\/\\\/www.anovapeneira.gal\\\/index.php\\\/2021\\\/02\\\/01\\\/a-situacion-da-base-do-061-en-cangas-sumida-na-catastrofe-no-maior-pico-da-pandemia\\\/\"},\"wordCount\":550,\"commentCount\":0,\"publisher\":{\"@id\":\"https:\\\/\\\/www.anovapeneira.gal\\\/#organization\"},\"image\":{\"@id\":\"https:\\\/\\\/www.anovapeneira.gal\\\/index.php\\\/2021\\\/02\\\/01\\\/a-situacion-da-base-do-061-en-cangas-sumida-na-catastrofe-no-maior-pico-da-pandemia\\\/#primaryimage\"},\"thumbnailUrl\":\"https:\\\/\\\/www.anovapeneira.gal\\\/wp-content\\\/uploads\\\/2021\\\/01\\\/base_ambulancias_061_cangas.jpg\",\"keywords\":[\"Concello de Cangas do Morrazo\"],\"articleSection\":[\"Morrazo\"],\"inLanguage\":\"gl-ES\",\"potentialAction\":[{\"@type\":\"CommentAction\",\"name\":\"Comment\",\"target\":[\"https:\\\/\\\/www.anovapeneira.gal\\\/index.php\\\/2021\\\/02\\\/01\\\/a-situacion-da-base-do-061-en-cangas-sumida-na-catastrofe-no-maior-pico-da-pandemia\\\/#respond\"]}]},{\"@type\":\"WebPage\",\"@id\":\"https:\\\/\\\/www.anovapeneira.gal\\\/index.php\\\/2021\\\/02\\\/01\\\/a-situacion-da-base-do-061-en-cangas-sumida-na-catastrofe-no-maior-pico-da-pandemia\\\/\",\"url\":\"https:\\\/\\\/www.anovapeneira.gal\\\/index.php\\\/2021\\\/02\\\/01\\\/a-situacion-da-base-do-061-en-cangas-sumida-na-catastrofe-no-maior-pico-da-pandemia\\\/\",\"name\":\"A situaci\u00f3n da base do 061 en Cangas sumida na cat\u00e1strofe no maior pico da pandemia -\",\"isPartOf\":{\"@id\":\"https:\\\/\\\/www.anovapeneira.gal\\\/#website\"},\"primaryImageOfPage\":{\"@id\":\"https:\\\/\\\/www.anovapeneira.gal\\\/index.php\\\/2021\\\/02\\\/01\\\/a-situacion-da-base-do-061-en-cangas-sumida-na-catastrofe-no-maior-pico-da-pandemia\\\/#primaryimage\"},\"image\":{\"@id\":\"https:\\\/\\\/www.anovapeneira.gal\\\/index.php\\\/2021\\\/02\\\/01\\\/a-situacion-da-base-do-061-en-cangas-sumida-na-catastrofe-no-maior-pico-da-pandemia\\\/#primaryimage\"},\"thumbnailUrl\":\"https:\\\/\\\/www.anovapeneira.gal\\\/wp-content\\\/uploads\\\/2021\\\/01\\\/base_ambulancias_061_cangas.jpg\",\"datePublished\":\"2021-02-01T13:00:52+00:00\",\"description\":\"O abandono de Ambulancias do Atl\u00e1ntico-Grupo Orthem sumado \u00e1 retirada do sistema de desinfecci\u00f3n provoca que a instalaci\u00f3n estea actualmente inservible\",\"breadcrumb\":{\"@id\":\"https:\\\/\\\/www.anovapeneira.gal\\\/index.php\\\/2021\\\/02\\\/01\\\/a-situacion-da-base-do-061-en-cangas-sumida-na-catastrofe-no-maior-pico-da-pandemia\\\/#breadcrumb\"},\"inLanguage\":\"gl-ES\",\"potentialAction\":[{\"@type\":\"ReadAction\",\"target\":[\"https:\\\/\\\/www.anovapeneira.gal\\\/index.php\\\/2021\\\/02\\\/01\\\/a-situacion-da-base-do-061-en-cangas-sumida-na-catastrofe-no-maior-pico-da-pandemia\\\/\"]}]},{\"@type\":\"ImageObject\",\"inLanguage\":\"gl-ES\",\"@id\":\"https:\\\/\\\/www.anovapeneira.gal\\\/index.php\\\/2021\\\/02\\\/01\\\/a-situacion-da-base-do-061-en-cangas-sumida-na-catastrofe-no-maior-pico-da-pandemia\\\/#primaryimage\",\"url\":\"https:\\\/\\\/www.anovapeneira.gal\\\/wp-content\\\/uploads\\\/2021\\\/01\\\/base_ambulancias_061_cangas.jpg\",\"contentUrl\":\"https:\\\/\\\/www.anovapeneira.gal\\\/wp-content\\\/uploads\\\/2021\\\/01\\\/base_ambulancias_061_cangas.jpg\",\"width\":720,\"height\":432,\"caption\":\"A situaci\u00f3n da base do 061 en Cangas sumida na cat\u00e1strofe no maior pico da pandemia\"},{\"@type\":\"BreadcrumbList\",\"@id\":\"https:\\\/\\\/www.anovapeneira.gal\\\/index.php\\\/2021\\\/02\\\/01\\\/a-situacion-da-base-do-061-en-cangas-sumida-na-catastrofe-no-maior-pico-da-pandemia\\\/#breadcrumb\",\"itemListElement\":[{\"@type\":\"ListItem\",\"position\":1,\"name\":\"Portada\",\"item\":\"https:\\\/\\\/www.anovapeneira.gal\\\/\"},{\"@type\":\"ListItem\",\"position\":2,\"name\":\"A situaci\u00f3n da base do 061 en Cangas sumida na cat\u00e1strofe no maior pico da pandemia\"}]},{\"@type\":\"WebSite\",\"@id\":\"https:\\\/\\\/www.anovapeneira.gal\\\/#website\",\"url\":\"https:\\\/\\\/www.anovapeneira.gal\\\/\",\"name\":\"\",\"description\":\"Xornal galego de informaci\u00f3n xeral Publicaci\u00f3n mensual de novas de Galicia e en especial dos Concellos da sur da provincia de Pontevedra.\",\"publisher\":{\"@id\":\"https:\\\/\\\/www.anovapeneira.gal\\\/#organization\"},\"potentialAction\":[{\"@type\":\"SearchAction\",\"target\":{\"@type\":\"EntryPoint\",\"urlTemplate\":\"https:\\\/\\\/www.anovapeneira.gal\\\/?s={search_term_string}\"},\"query-input\":{\"@type\":\"PropertyValueSpecification\",\"valueRequired\":true,\"valueName\":\"search_term_string\"}}],\"inLanguage\":\"gl-ES\"},{\"@type\":\"Organization\",\"@id\":\"https:\\\/\\\/www.anovapeneira.gal\\\/#organization\",\"name\":\"A Nova Peneira\",\"url\":\"https:\\\/\\\/www.anovapeneira.gal\\\/\",\"logo\":{\"@type\":\"ImageObject\",\"inLanguage\":\"gl-ES\",\"@id\":\"https:\\\/\\\/www.anovapeneira.gal\\\/#\\\/schema\\\/logo\\\/image\\\/\",\"url\":\"http:\\\/\\\/www.anovapeneira.gal\\\/wp-content\\\/uploads\\\/2019\\\/06\\\/logo_a_nova_peneira_portal_web.png\",\"contentUrl\":\"http:\\\/\\\/www.anovapeneira.gal\\\/wp-content\\\/uploads\\\/2019\\\/06\\\/logo_a_nova_peneira_portal_web.png\",\"width\":300,\"height\":100,\"caption\":\"A Nova Peneira\"},\"image\":{\"@id\":\"https:\\\/\\\/www.anovapeneira.gal\\\/#\\\/schema\\\/logo\\\/image\\\/\"},\"sameAs\":[\"https:\\\/\\\/www.facebook.com\\\/anovapeneira\",\"https:\\\/\\\/x.com\\\/APeneira\"]},{\"@type\":\"Person\",\"@id\":\"https:\\\/\\\/www.anovapeneira.gal\\\/#\\\/schema\\\/person\\\/b93e3f8932e3f8da96334607eb6ac6aa\",\"name\":\"Redacci\u00f3n A Nova Peneira\",\"image\":{\"@type\":\"ImageObject\",\"inLanguage\":\"gl-ES\",\"@id\":\"https:\\\/\\\/secure.gravatar.com\\\/avatar\\\/c052a2551a06e23fac63626232eaa90abd78dbcf1700fc46a2b2c89fd27b735f?s=96&d=mm&r=g\",\"url\":\"https:\\\/\\\/secure.gravatar.com\\\/avatar\\\/c052a2551a06e23fac63626232eaa90abd78dbcf1700fc46a2b2c89fd27b735f?s=96&d=mm&r=g\",\"contentUrl\":\"https:\\\/\\\/secure.gravatar.com\\\/avatar\\\/c052a2551a06e23fac63626232eaa90abd78dbcf1700fc46a2b2c89fd27b735f?s=96&d=mm&r=g\",\"caption\":\"Redacci\u00f3n A Nova Peneira\"},\"sameAs\":[\"http:\\\/\\\/www.anovapeneira.gal\\\/\"],\"url\":\"https:\\\/\\\/www.anovapeneira.gal\\\/index.php\\\/author\\\/redactor\\\/\"}]}<\/script>\n<!-- \/ Yoast SEO plugin. -->","yoast_head_json":{"title":"A situaci\u00f3n da base do 061 en Cangas sumida na cat\u00e1strofe no maior pico da pandemia -","description":"O abandono de Ambulancias do Atl\u00e1ntico-Grupo Orthem sumado \u00e1 retirada do sistema de desinfecci\u00f3n provoca que a instalaci\u00f3n estea actualmente inservible","robots":{"index":"index","follow":"follow","max-snippet":"max-snippet:-1","max-image-preview":"max-image-preview:large","max-video-preview":"max-video-preview:-1"},"canonical":"https:\/\/www.anovapeneira.gal\/index.php\/2021\/02\/01\/a-situacion-da-base-do-061-en-cangas-sumida-na-catastrofe-no-maior-pico-da-pandemia\/","og_locale":"gl_ES","og_type":"article","og_title":"A situaci\u00f3n da base do 061 en Cangas sumida na cat\u00e1strofe no maior pico da pandemia -","og_description":"O abandono de Ambulancias do Atl\u00e1ntico-Grupo Orthem sumado \u00e1 retirada do sistema de desinfecci\u00f3n provoca que a instalaci\u00f3n estea actualmente inservible","og_url":"https:\/\/www.anovapeneira.gal\/index.php\/2021\/02\/01\/a-situacion-da-base-do-061-en-cangas-sumida-na-catastrofe-no-maior-pico-da-pandemia\/","article_publisher":"https:\/\/www.facebook.com\/anovapeneira","article_published_time":"2021-02-01T13:00:52+00:00","og_image":[{"width":720,"height":432,"url":"https:\/\/www.anovapeneira.gal\/wp-content\/uploads\/2021\/01\/base_ambulancias_061_cangas.jpg","type":"image\/jpeg"}],"author":"Redacci\u00f3n A Nova Peneira","twitter_card":"summary_large_image","twitter_creator":"@APeneira","twitter_site":"@APeneira","twitter_misc":{"Escrito por":"Redacci\u00f3n A Nova Peneira","Tempo de lectura":"3 minutos"},"schema":{"@context":"https:\/\/schema.org","@graph":[{"@type":"Article","@id":"https:\/\/www.anovapeneira.gal\/index.php\/2021\/02\/01\/a-situacion-da-base-do-061-en-cangas-sumida-na-catastrofe-no-maior-pico-da-pandemia\/#article","isPartOf":{"@id":"https:\/\/www.anovapeneira.gal\/index.php\/2021\/02\/01\/a-situacion-da-base-do-061-en-cangas-sumida-na-catastrofe-no-maior-pico-da-pandemia\/"},"author":{"name":"Redacci\u00f3n A Nova Peneira","@id":"https:\/\/www.anovapeneira.gal\/#\/schema\/person\/b93e3f8932e3f8da96334607eb6ac6aa"},"headline":"A situaci\u00f3n da base do 061 en Cangas sumida na cat\u00e1strofe no maior pico da pandemia","datePublished":"2021-02-01T13:00:52+00:00","mainEntityOfPage":{"@id":"https:\/\/www.anovapeneira.gal\/index.php\/2021\/02\/01\/a-situacion-da-base-do-061-en-cangas-sumida-na-catastrofe-no-maior-pico-da-pandemia\/"},"wordCount":550,"commentCount":0,"publisher":{"@id":"https:\/\/www.anovapeneira.gal\/#organization"},"image":{"@id":"https:\/\/www.anovapeneira.gal\/index.php\/2021\/02\/01\/a-situacion-da-base-do-061-en-cangas-sumida-na-catastrofe-no-maior-pico-da-pandemia\/#primaryimage"},"thumbnailUrl":"https:\/\/www.anovapeneira.gal\/wp-content\/uploads\/2021\/01\/base_ambulancias_061_cangas.jpg","keywords":["Concello de Cangas do Morrazo"],"articleSection":["Morrazo"],"inLanguage":"gl-ES","potentialAction":[{"@type":"CommentAction","name":"Comment","target":["https:\/\/www.anovapeneira.gal\/index.php\/2021\/02\/01\/a-situacion-da-base-do-061-en-cangas-sumida-na-catastrofe-no-maior-pico-da-pandemia\/#respond"]}]},{"@type":"WebPage","@id":"https:\/\/www.anovapeneira.gal\/index.php\/2021\/02\/01\/a-situacion-da-base-do-061-en-cangas-sumida-na-catastrofe-no-maior-pico-da-pandemia\/","url":"https:\/\/www.anovapeneira.gal\/index.php\/2021\/02\/01\/a-situacion-da-base-do-061-en-cangas-sumida-na-catastrofe-no-maior-pico-da-pandemia\/","name":"A situaci\u00f3n da base do 061 en Cangas sumida na cat\u00e1strofe no maior pico da pandemia -","isPartOf":{"@id":"https:\/\/www.anovapeneira.gal\/#website"},"primaryImageOfPage":{"@id":"https:\/\/www.anovapeneira.gal\/index.php\/2021\/02\/01\/a-situacion-da-base-do-061-en-cangas-sumida-na-catastrofe-no-maior-pico-da-pandemia\/#primaryimage"},"image":{"@id":"https:\/\/www.anovapeneira.gal\/index.php\/2021\/02\/01\/a-situacion-da-base-do-061-en-cangas-sumida-na-catastrofe-no-maior-pico-da-pandemia\/#primaryimage"},"thumbnailUrl":"https:\/\/www.anovapeneira.gal\/wp-content\/uploads\/2021\/01\/base_ambulancias_061_cangas.jpg","datePublished":"2021-02-01T13:00:52+00:00","description":"O abandono de Ambulancias do Atl\u00e1ntico-Grupo Orthem sumado \u00e1 retirada do sistema de desinfecci\u00f3n provoca que a instalaci\u00f3n estea actualmente inservible","breadcrumb":{"@id":"https:\/\/www.anovapeneira.gal\/index.php\/2021\/02\/01\/a-situacion-da-base-do-061-en-cangas-sumida-na-catastrofe-no-maior-pico-da-pandemia\/#breadcrumb"},"inLanguage":"gl-ES","potentialAction":[{"@type":"ReadAction","target":["https:\/\/www.anovapeneira.gal\/index.php\/2021\/02\/01\/a-situacion-da-base-do-061-en-cangas-sumida-na-catastrofe-no-maior-pico-da-pandemia\/"]}]},{"@type":"ImageObject","inLanguage":"gl-ES","@id":"https:\/\/www.anovapeneira.gal\/index.php\/2021\/02\/01\/a-situacion-da-base-do-061-en-cangas-sumida-na-catastrofe-no-maior-pico-da-pandemia\/#primaryimage","url":"https:\/\/www.anovapeneira.gal\/wp-content\/uploads\/2021\/01\/base_ambulancias_061_cangas.jpg","contentUrl":"https:\/\/www.anovapeneira.gal\/wp-content\/uploads\/2021\/01\/base_ambulancias_061_cangas.jpg","width":720,"height":432,"caption":"A situaci\u00f3n da base do 061 en Cangas sumida na cat\u00e1strofe no maior pico da pandemia"},{"@type":"BreadcrumbList","@id":"https:\/\/www.anovapeneira.gal\/index.php\/2021\/02\/01\/a-situacion-da-base-do-061-en-cangas-sumida-na-catastrofe-no-maior-pico-da-pandemia\/#breadcrumb","itemListElement":[{"@type":"ListItem","position":1,"name":"Portada","item":"https:\/\/www.anovapeneira.gal\/"},{"@type":"ListItem","position":2,"name":"A situaci\u00f3n da base do 061 en Cangas sumida na cat\u00e1strofe no maior pico da pandemia"}]},{"@type":"WebSite","@id":"https:\/\/www.anovapeneira.gal\/#website","url":"https:\/\/www.anovapeneira.gal\/","name":"","description":"Xornal galego de informaci\u00f3n xeral Publicaci\u00f3n mensual de novas de Galicia e en especial dos Concellos da sur da provincia de Pontevedra.","publisher":{"@id":"https:\/\/www.anovapeneira.gal\/#organization"},"potentialAction":[{"@type":"SearchAction","target":{"@type":"EntryPoint","urlTemplate":"https:\/\/www.anovapeneira.gal\/?s={search_term_string}"},"query-input":{"@type":"PropertyValueSpecification","valueRequired":true,"valueName":"search_term_string"}}],"inLanguage":"gl-ES"},{"@type":"Organization","@id":"https:\/\/www.anovapeneira.gal\/#organization","name":"A Nova Peneira","url":"https:\/\/www.anovapeneira.gal\/","logo":{"@type":"ImageObject","inLanguage":"gl-ES","@id":"https:\/\/www.anovapeneira.gal\/#\/schema\/logo\/image\/","url":"http:\/\/www.anovapeneira.gal\/wp-content\/uploads\/2019\/06\/logo_a_nova_peneira_portal_web.png","contentUrl":"http:\/\/www.anovapeneira.gal\/wp-content\/uploads\/2019\/06\/logo_a_nova_peneira_portal_web.png","width":300,"height":100,"caption":"A Nova Peneira"},"image":{"@id":"https:\/\/www.anovapeneira.gal\/#\/schema\/logo\/image\/"},"sameAs":["https:\/\/www.facebook.com\/anovapeneira","https:\/\/x.com\/APeneira"]},{"@type":"Person","@id":"https:\/\/www.anovapeneira.gal\/#\/schema\/person\/b93e3f8932e3f8da96334607eb6ac6aa","name":"Redacci\u00f3n A Nova Peneira","image":{"@type":"ImageObject","inLanguage":"gl-ES","@id":"https:\/\/secure.gravatar.com\/avatar\/c052a2551a06e23fac63626232eaa90abd78dbcf1700fc46a2b2c89fd27b735f?s=96&d=mm&r=g","url":"https:\/\/secure.gravatar.com\/avatar\/c052a2551a06e23fac63626232eaa90abd78dbcf1700fc46a2b2c89fd27b735f?s=96&d=mm&r=g","contentUrl":"https:\/\/secure.gravatar.com\/avatar\/c052a2551a06e23fac63626232eaa90abd78dbcf1700fc46a2b2c89fd27b735f?s=96&d=mm&r=g","caption":"Redacci\u00f3n A Nova Peneira"},"sameAs":["http:\/\/www.anovapeneira.gal\/"],"url":"https:\/\/www.anovapeneira.gal\/index.php\/author\/redactor\/"}]}},"jetpack_featured_media_url":"https:\/\/www.anovapeneira.gal\/wp-content\/uploads\/2021\/01\/base_ambulancias_061_cangas.jpg","_links":{"self":[{"href":"https:\/\/www.anovapeneira.gal\/index.php\/wp-json\/wp\/v2\/posts\/4763","targetHints":{"allow":["GET"]}}],"collection":[{"href":"https:\/\/www.anovapeneira.gal\/index.php\/wp-json\/wp\/v2\/posts"}],"about":[{"href":"https:\/\/www.anovapeneira.gal\/index.php\/wp-json\/wp\/v2\/types\/post"}],"author":[{"embeddable":true,"href":"https:\/\/www.anovapeneira.gal\/index.php\/wp-json\/wp\/v2\/users\/3"}],"replies":[{"embeddable":true,"href":"https:\/\/www.anovapeneira.gal\/index.php\/wp-json\/wp\/v2\/comments?post=4763"}],"version-history":[{"count":2,"href":"https:\/\/www.anovapeneira.gal\/index.php\/wp-json\/wp\/v2\/posts\/4763\/revisions"}],"predecessor-version":[{"id":4766,"href":"https:\/\/www.anovapeneira.gal\/index.php\/wp-json\/wp\/v2\/posts\/4763\/revisions\/4766"}],"wp:featuredmedia":[{"embeddable":true,"href":"https:\/\/www.anovapeneira.gal\/index.php\/wp-json\/wp\/v2\/media\/4765"}],"wp:attachment":[{"href":"https:\/\/www.anovapeneira.gal\/index.php\/wp-json\/wp\/v2\/media?parent=4763"}],"wp:term":[{"taxonomy":"category","embeddable":true,"href":"https:\/\/www.anovapeneira.gal\/index.php\/wp-json\/wp\/v2\/categories?post=4763"},{"taxonomy":"post_tag","embeddable":true,"href":"https:\/\/www.anovapeneira.gal\/index.php\/wp-json\/wp\/v2\/tags?post=4763"}],"curies":[{"name":"wp","href":"https:\/\/api.w.org\/{rel}","templated":true}]}}