{"id":4779,"date":"2021-02-04T10:00:49","date_gmt":"2021-02-04T09:00:49","guid":{"rendered":"http:\/\/www.anovapeneira.gal\/?p=4779"},"modified":"2021-02-04T12:30:30","modified_gmt":"2021-02-04T11:30:30","slug":"o-futbol-modesto-en-tempos-de-pandemia","status":"publish","type":"post","link":"https:\/\/www.anovapeneira.gal\/index.php\/2021\/02\/04\/o-futbol-modesto-en-tempos-de-pandemia\/","title":{"rendered":"O f\u00fatbol modesto en tempos de pandemia"},"content":{"rendered":"\n<p><strong>A situaci\u00f3n que vivimos afecta a todas as persoas, e a todos os eidos da vida <strong>convert\u00e9ndoa<\/strong> en algo moi distinto a como a co\u00f1eciamos antes de marzo do ano pasado. E o f\u00fatbol modesto, unha realidade enormemente popular nas nosas vilas, aldeas e barrios non \u00e9 alleo ao problema. Na actualidade, s\u00f3 os equipos que te\u00f1en a oportunidade de competir en categor\u00edas de \u00e1mbito estatal poden xogar e adestrar. Aqueles que disputan os seus partidos en ligas auton\u00f3micas est\u00e1n totalmente parados. Para co\u00f1ecer un pouco m\u00e1is o estado das cousas, falamos con Pavi, presidente doTyde, cuxos equipos non poden nin adestrar nin xogar, e con Iv\u00e1n, presidente do Choco de Redondela, que ten equipos parados, e equipos con actividade pois disputan categor\u00edas estatais.<\/strong><\/p>\n\n\n\n<p>\u201c<strong>PODE SER QUE DESPOIS DE TODA ESTA SITUACI\u00d3N, A ALG\u00daNS EQUIPOS NON LLE QUEDE M\u00c1IS REMEDIO QUE DESAPARECER\u201d<\/strong><\/p>\n\n\n\n<h2 class=\"wp-block-heading\"><strong>Elias Vieiro ( PAVI) Presidente do TYDE F.C<\/strong><\/h2>\n\n\n\n<figure class=\"wp-block-image size-large\"><img loading=\"lazy\" decoding=\"async\" width=\"720\" height=\"432\" src=\"http:\/\/www.anovapeneira.gal\/wp-content\/uploads\/2021\/02\/pavi_tide.jpg\" alt=\"ELIAS VIEIRO ( PAVI) PRESIDENTE DO TYDE F.C\" class=\"wp-image-4781\" srcset=\"https:\/\/www.anovapeneira.gal\/wp-content\/uploads\/2021\/02\/pavi_tide.jpg 720w, https:\/\/www.anovapeneira.gal\/wp-content\/uploads\/2021\/02\/pavi_tide-300x180.jpg 300w\" sizes=\"auto, (max-width: 720px) 100vw, 720px\" \/><\/figure>\n\n\n\n<p><strong>V\u00f3s ascendestes a primeira auton\u00f3mica na temporada 18\/ 19, na seguinte, en primeira divisi\u00f3n , que papel estabades tendo ata a chegada do confinamento?<\/strong><\/p>\n\n\n\n<blockquote class=\"wp-block-quote is-layout-flow wp-block-quote-is-layout-flow\"><p>Pois , ata o par\u00f3n a verdade \u00e9 que fixeramos unha primeira volta realmente boa, e chegamos a estar situados nos postos altos.O inicio da segunda volta estaba sendo algo m\u00e1is floxa<\/p><\/blockquote>\n\n\n\n<p><strong>Por que?<\/strong><\/p>\n\n\n\n<blockquote class=\"wp-block-quote is-layout-flow wp-block-quote-is-layout-flow\"><p>Se cadra por que tivemos lesi\u00f3ns ,sanci\u00f3ns, e pola propia din\u00e1mica do f\u00fatbol que cando est\u00e1s ben, as ocasi\u00f3n entran todas, e cando non est\u00e1s tan ben os bal\u00f3ns te\u00f1en o mal costume de bater no pao e non entrar<\/p><\/blockquote>\n\n\n\n<p><strong>Cando se suspendeu a competici\u00f3n en que posto estabamos?<\/strong><\/p>\n\n\n\n<blockquote class=\"wp-block-quote is-layout-flow wp-block-quote-is-layout-flow\"><p>Creo lembrar que no posto doce, estabamos tres puntos enriba do descenso. Naquel momento concreto o noso obxectivo deportivo era manter a categor\u00eda<\/p><\/blockquote>\n\n\n\n<p><strong>Como era o ambiente futboleiro en Tui , ese ano en primeira auton\u00f3mica?<\/strong><\/p>\n\n\n\n<blockquote class=\"wp-block-quote is-layout-flow wp-block-quote-is-layout-flow\"><p>A verdade \u00e9 que hab\u00eda un ambiente moi bo. O ascenso a primeira animou moito , e en li\u00f1as xerais o afeccionado ao f\u00fatbol da nosa cidade estaba moi ilusionado<\/p><\/blockquote>\n\n\n\n<p><strong>O 14 de marzo, comeza o confinamento, e p\u00e1rase toda a actividade deportiva. Ata cando?<\/strong><\/p>\n\n\n\n<blockquote class=\"wp-block-quote is-layout-flow wp-block-quote-is-layout-flow\"><p>En setembro comezan a permitir os adestramentos pero sen contacto.E logo tivemos que volver parar a finais de outubro, pois foi cando comezou a segunda onda<\/p><\/blockquote>\n\n\n\n<p><strong>E estades sen adestrar desde ent\u00f3n?<\/strong><\/p>\n\n\n\n<blockquote class=\"wp-block-quote is-layout-flow wp-block-quote-is-layout-flow\"><p>Non, puidemos volver a principios de decembro, pero s\u00f3 ata a fin das festas de Nadal, pois cando se disparan nuevamente os contaxios, non quedou m\u00e1is remedio que volver parar. Ademais ,as instalci\u00f3ns municipais de Tui, est\u00e1n , na actualidade, pechadas por seguridade<\/p><\/blockquote>\n\n\n\n<p><strong>Non xogamos nin un s\u00f3 partido desde marzo , claro?<\/strong><\/p>\n\n\n\n<blockquote class=\"wp-block-quote is-layout-flow wp-block-quote-is-layout-flow\"><p>Non, levamos sin xogar desde esa data.<\/p><\/blockquote>\n\n\n\n<p><strong>Cal \u00e9 o estado dos rapaces durante tanto tempo sen poder competir, e case sen adestrar?<\/strong><\/p>\n\n\n\n<blockquote class=\"wp-block-quote is-layout-flow wp-block-quote-is-layout-flow\"><p>En xeral polo que eu falo con eles, pois te\u00f1en moitas ga\u00f1as de que se normalice todo dunha vez e poder practicar deporte de novo con regularidade.Cando comezamos cos adestramentos en setembro ti\u00f1amos moita demanda dos menos para poder reincorporarse. Eles son felices aqu\u00ed, xogando e adestrando.E no caso do club un pouco de temor temos, pois as categor\u00edas nacionais si est\u00e1n xogando, ent\u00f3n sempre hai algo de medo de que alg\u00fan equipo dos que si te\u00f1en posibilidade de competir poida levar a alg\u00fan dos nosos mellores xogadores.<\/p><\/blockquote>\n\n\n\n<p><strong>E xa se che deu alg\u00fan caso?<\/strong><\/p>\n\n\n\n<blockquote class=\"wp-block-quote is-layout-flow wp-block-quote-is-layout-flow\"><p>Si, tivemos que ceder a un par de xogadores , que agora mesmo est\u00e1n xogando en categor\u00eda nacional. Desde a perspectiva do xogador, \u00e9 normal, o que eles queren \u00e9 competir, e non poder facelo \u00e9 unha frustraci\u00f3n<\/p><\/blockquote>\n\n\n\n<p><strong>Economicamente para v\u00f3s supo\u00f1o que debe de ser unha situaci\u00f3n moi complicada?<\/strong><\/p>\n\n\n\n<blockquote class=\"wp-block-quote is-layout-flow wp-block-quote-is-layout-flow\"><p>Por sorte entrounos a subvenci\u00f3n do concello do ano 2.020, e por outro lado temos patrocinadores enormemente xenerosos que non siguen axudando a\u00ednda que estea todo parado.E por \u00faltimo a fidelidade dos nosos socios tam\u00e9n \u00e9 moi importante.Igualmente procuramos ser moi rigorosos no que se refire aos gastos e non gastar 1 \u20ac que non sexa estritamente imprescindible<\/p><\/blockquote>\n\n\n\n<p><strong>E os \u00e1nimos e a moral teus, e da xunta directiva en xeral como van?<\/strong><\/p>\n\n\n\n<blockquote class=\"wp-block-quote is-layout-flow wp-block-quote-is-layout-flow\"><p>Eu xa levo no f\u00fatbol moitos anos, e a verdade nunca vivira unha situaci\u00f3n como esta, e como para calquera persoa, e para calquera sector pois \u00e9 moi complicado claro.Pero eu son un t\u00edo moi paciente e l\u00e9voo razoablemente ben, coa firme vontade de aguantar<\/p><\/blockquote>\n\n\n\n<p><strong>Como est\u00e1 xestionando a federaci\u00f3n esta situaci\u00f3n?<\/strong><\/p>\n\n\n\n<blockquote class=\"wp-block-quote is-layout-flow wp-block-quote-is-layout-flow\"><p>Eu creo que poder\u00edan facelo de maneira manifestamente mellorable. Entendo que para eles tam\u00e9n \u00e9 unha situaci\u00f3n complexa, pero a s\u00faa responsabilidade debe de ser tratar de achegar soluci\u00f3n aos problemas e non o contrario.<\/p><\/blockquote>\n\n\n\n<p><strong>A supervivencia do Tyde como instituci\u00f3n corre perigo?<\/strong><\/p>\n\n\n\n<blockquote class=\"wp-block-quote is-layout-flow wp-block-quote-is-layout-flow\"><p>Non, rotundamente non.<\/p><\/blockquote>\n\n\n\n<p><strong>E o f\u00fatbol modesto, tal como o co\u00f1ecemos, corre perigo?<\/strong><\/p>\n\n\n\n<blockquote class=\"wp-block-quote is-layout-flow wp-block-quote-is-layout-flow\"><p>Esa \u00e9 unha pregunta moi dif\u00edcil de contestar. Eu creo que o f\u00fatbol modesto non corre perigo, pero,agardo equivocarme no que che vou dicir, pero \u00e9 posible que despois de todo este brutal golpe, alg\u00fans equipos se vexan na obriga de desaparecer.<\/p><\/blockquote>\n\n\n\n<h2 class=\"wp-block-heading\"><strong>Iv\u00e1n Crespo, Presidente do Choco<\/strong><\/h2>\n\n\n\n<figure class=\"wp-block-image size-large\"><img loading=\"lazy\" decoding=\"async\" width=\"720\" height=\"432\" src=\"http:\/\/www.anovapeneira.gal\/wp-content\/uploads\/2021\/02\/ivan_choco.jpg\" alt=\"\" class=\"wp-image-4782\" srcset=\"https:\/\/www.anovapeneira.gal\/wp-content\/uploads\/2021\/02\/ivan_choco.jpg 720w, https:\/\/www.anovapeneira.gal\/wp-content\/uploads\/2021\/02\/ivan_choco-300x180.jpg 300w\" sizes=\"auto, (max-width: 720px) 100vw, 720px\" \/><\/figure>\n\n\n\n<p><strong>Iv\u00e1n \u00e9 o presidente do Choco e vello amigo da nosa casa.Falamos con el para que nos conte como se fai para xestionar o equipo en tempos tan dif\u00edciles como estes<\/strong><\/p>\n\n\n\n<p>\u201c<strong>ECONOMICAMENTE COMEZAMOS A NOTAR DIFICULTADES\u201d<\/strong><\/p>\n\n\n\n<p><strong>Cando en marzo do ano pasado fomos confinados nas nosas casas cal era a situaci\u00f3n deportiva do equipo de 3\u00ba divisi\u00f3n?<\/strong><\/p>\n\n\n\n<blockquote class=\"wp-block-quote is-layout-flow wp-block-quote-is-layout-flow\"><p>Naquel momento era unha situaci\u00f3n boa, estabamos quintos e a poucos puntos dos postos que dan dereito a disputar a promoci\u00f3n de ascenso.<\/p><\/blockquote>\n\n\n\n<p><strong>Son catro os que promocionan, non?<\/strong><\/p>\n\n\n\n<blockquote class=\"wp-block-quote is-layout-flow wp-block-quote-is-layout-flow\"><p>Si, e n\u00f3s estabamos de quintos e se non me equivoco s\u00f3 a 3 puntos do terceiro.Por outra parte, no f\u00fatbol as din\u00e1micas son moi importatentes, e naquel momento a nosa era moi positiva pois estabamos nunha fase claramente ascendente.<\/p><\/blockquote>\n\n\n\n<p><strong>O obxectivo deportivo era ent\u00f3n naquel momento, pelexar por vover a disputar a promoci\u00f3n de ascenso a 2\u00ba B?<\/strong><\/p>\n\n\n\n<blockquote class=\"wp-block-quote is-layout-flow wp-block-quote-is-layout-flow\"><p>Non, o noso obxectivo deportivo era o de asegurar a categor\u00eda<\/p><\/blockquote>\n\n\n\n<p><strong>Ve\u00f1a Iv\u00e1n, ti sempre fuches un t\u00edo moi conservador, non me digas que a 3 puntos da promoci\u00f3n o obxectivo era manter a categor\u00eda porque me resulta asombroso?<\/strong><\/p>\n\n\n\n<blockquote class=\"wp-block-quote is-layout-flow wp-block-quote-is-layout-flow\"><p>Eu creo que non \u00e9 ser conservador, \u00e9 ser realista. O noso orzamento \u00e9 o 16 ou o 17 de todos os equipos que compiten na terceira divisi\u00f3n, polo tanto , se s\u00f3 fose cuesti\u00f3n de cifras n\u00f3s teriamos que pelexar por manternos sempre. Agora ben, unha vez asegurada a categor\u00eda, que xa estaba case feito, abof\u00e9 que non renuncio a nada.<\/p><\/blockquote>\n\n\n\n<p><strong>Unha vez que comeza o confinamento, ata cando tedes a actividade parada?<\/strong><\/p>\n\n\n\n<blockquote class=\"wp-block-quote is-layout-flow wp-block-quote-is-layout-flow\"><p>Entre marzo e setembro estivemos completamente parados.Aos primeiros que deixaron adestrar foron aos equipos de \u00e1mbito estatal.Comezou o noso equipo xuvenil, que est\u00e1 na divisi\u00f3n de honra, e inmediatamente despois f\u00edxoo o primeiro equipo.<\/p><\/blockquote>\n\n\n\n<p><strong>Cantos equipos ten o Choco?<\/strong><\/p>\n\n\n\n<blockquote class=\"wp-block-quote is-layout-flow wp-block-quote-is-layout-flow\"><p>A\u00ednda non est\u00e1 moi claro como nos organizaremos cando se regularice todo, pero cando a vida era normal ti\u00f1amos 15 equipos<\/p><\/blockquote>\n\n\n\n<p><strong>E dos 15, en setembro s\u00f3 permitiron a volta aos adestramentos dos dous que compiten en categor\u00edas estatais, non?<\/strong><\/p>\n\n\n\n<blockquote class=\"wp-block-quote is-layout-flow wp-block-quote-is-layout-flow\"><p>Si, despois en outubro comenzaron a adestrar os demais, nun tipo de adestramentos singulares pois s\u00f3 se pod\u00edan facer sen contacto e mantendo a distancia.A medidados de setembro aos dous equipos que disputan categor\u00edas estatais , e polo tanto poden competir, perm\u00edtenlle adestar en condici\u00f3n normais pero facendo test serol\u00f3xicos aos xogadores<\/p><\/blockquote>\n\n\n\n<p><strong>Cada canto tempo ti\u00f1ades que facer os test, e onde os faciades?<\/strong><\/p>\n\n\n\n<blockquote class=\"wp-block-quote is-layout-flow wp-block-quote-is-layout-flow\"><p>N\u00f3s contratamos a un laboratorio e vi\u00f1a o seu persoal cada 14 d\u00edas \u00e1s nosas instalaci\u00f3ns nas que xuntabamos aos dous equipos.<\/p><\/blockquote>\n\n\n\n<p><strong>Sa\u00edu alg\u00fan positivo meses tests ?<\/strong><\/p>\n\n\n\n<blockquote class=\"wp-block-quote is-layout-flow wp-block-quote-is-layout-flow\"><p>Non, nos que fixemos n\u00f3s, nunca Tivemos dous positivos pero f\u00f3ra do club<\/p><\/blockquote>\n\n\n\n<p><strong>Quen pagaba os tests?<\/strong><\/p>\n\n\n\n<blockquote class=\"wp-block-quote is-layout-flow wp-block-quote-is-layout-flow\"><p>Durante o primeiro mes, n\u00f3s. Cada 14 d\u00edas pagamos 812\u20ac<\/p><\/blockquote>\n\n\n\n<p><strong>\u00c9 dicir, 1.600 \u20ac ao mes s\u00f3 en test, e como financiastes iso?<\/strong><\/p>\n\n\n\n<blockquote class=\"wp-block-quote is-layout-flow wp-block-quote-is-layout-flow\"><p>Pois non quedou m\u00e1is remedio que ir tirando dos fondos que ti\u00f1a o club aforrados<\/p><\/blockquote>\n\n\n\n<p><strong>Durante eses meses xogastes alg\u00fan partido amistoso?<\/strong><\/p>\n\n\n\n<blockquote class=\"wp-block-quote is-layout-flow wp-block-quote-is-layout-flow\"><p>Si, o primeiro partido que xogaron foi entre eles, o xuvenil e o primeiro equipo, logo xa fomos buscando equipos que tiveran feito tam\u00e9n os tests para poder xogar contra eles<\/p><\/blockquote>\n\n\n\n<p><strong>Falemos do primeiro equipo, cando arrincou a liga de terceira divisi\u00f3n?<\/strong><\/p>\n\n\n\n<blockquote class=\"wp-block-quote is-layout-flow wp-block-quote-is-layout-flow\"><p>O 18 de outubro.O equipo de terceira ten que facer un test semanal, fac\u00e9molo todos os xoves.E parte do seu custe abs\u00f3rveo a faderaci\u00f3n e parte cubr\u00edmolo n\u00f3s, pois os que nos d\u00e1 a federaci\u00f3n non chegan para todos<\/p><\/blockquote>\n\n\n\n<p><strong>Que gasto vos sup\u00f3n eso?<\/strong><\/p>\n\n\n\n<blockquote class=\"wp-block-quote is-layout-flow wp-block-quote-is-layout-flow\"><p>Creo que xa levamos pagado arredor de 500\u20ac en test, m\u00e1is uns 300 a maiores para unha enfermeira que os execute, pois n\u00f3s non podemos facelos.<\/p><\/blockquote>\n\n\n\n<p><strong>Como se est\u00e1 a desenvolver a liga de terceira na actualidade?<\/strong><\/p>\n\n\n\n<blockquote class=\"wp-block-quote is-layout-flow wp-block-quote-is-layout-flow\"><p>A d\u00eda de hoxe a competici\u00f3n se est\u00e1 a xogar, alg\u00fans partidos tiveron que adiarse porque se detectaba alg\u00fan positivo, pero nas \u00faltimas semanas cada vez son m\u00e1is os partidos que non se poden xogar por ese mesmo motivo, de feito a semana antes de facermos esta entrevista ( 29 de xaneiro), foron sete os partidos que se tiveron que adiar<\/p><\/blockquote>\n\n\n\n<p><strong>Deportivamente como vai o equipo?<\/strong><\/p>\n\n\n\n<blockquote class=\"wp-block-quote is-layout-flow wp-block-quote-is-layout-flow\"><p>Actualmente estamos de quintos.Se acabamos entre os seis primeiros teremos que competir cos do grupo norte por entrar nas promoci\u00f3ns de ascenso.E se quedamos entre os seis \u00faltimos , teremos que competir por conservar a categor\u00eda.<\/p><\/blockquote>\n\n\n\n<p><strong>Agora a competici\u00f3n mudou, non?<\/strong><\/p>\n\n\n\n<blockquote class=\"wp-block-quote is-layout-flow wp-block-quote-is-layout-flow\"><p>Si, agora hai 24 equipos en terceira, divididos en dous grupos de 12.E logo, dependendo de en que posto acabes na fase regular xogamos promoci\u00f3ns cos equipos do outro grupo polo obxectivo que corresponda<\/p><\/blockquote>\n\n\n\n<p><strong>Como valoras ti esta reorganizaci\u00f3n?<\/strong><\/p>\n\n\n\n<blockquote class=\"wp-block-quote is-layout-flow wp-block-quote-is-layout-flow\"><p>De maneira moi cr\u00edtica.O resultado da temporada pasado foi que houbo ascensos e non descensos, eso sup\u00f3n masificar os grupos e crear unha situaci\u00f3n de moi dif\u00edcil soluci\u00f3n<\/p><\/blockquote>\n\n\n\n<p><strong>E como valoras a xesti\u00f3n desta situaci\u00f3n de pandemia da federaci\u00f3n, tanto a espa\u00f1ola como a galega?<\/strong><\/p>\n\n\n\n<blockquote class=\"wp-block-quote is-layout-flow wp-block-quote-is-layout-flow\"><p>Ben, eu creo que ambas o fixeron mal.As\u00ed por exemplo a federaci\u00f3n galega toma unha decisi\u00f3n diferente para o f\u00fatbol 8, non dar nin ascensos nin descensos, \u00e1 que tomou para o f\u00fatbol 11 si dar ascensos pero non descensos.<\/p><\/blockquote>\n\n\n\n<p><strong>Como est\u00e1n os \u00e1nimos dos rapaces?<\/strong><\/p>\n\n\n\n<blockquote class=\"wp-block-quote is-layout-flow wp-block-quote-is-layout-flow\"><p>Os rapaces o que queren adestrar e competir, e o que desexan \u00e9 que se normalice a situaci\u00f3n dunha vez<\/p><\/blockquote>\n\n\n\n<p><strong>E os teus ?<\/strong><\/p>\n\n\n\n<blockquote class=\"wp-block-quote is-layout-flow wp-block-quote-is-layout-flow\"><p>Este \u00e9 un ano complex\u00edsimo, que require un esforzo enorme.F\u00edxate, por exemplo este martes tiven que facer m\u00e1is de 70 certificados de mobilidade, pero ben, vouno levando<\/p><\/blockquote>\n\n\n\n<p><strong>Economicamente?<\/strong><\/p>\n\n\n\n<blockquote class=\"wp-block-quote is-layout-flow wp-block-quote-is-layout-flow\"><p>Comezamos a notar as dificultades<\/p><\/blockquote>\n\n\n\n<p><strong>Ti cres que o f\u00fatbol modesto corre perigo?<\/strong><\/p>\n\n\n\n<blockquote class=\"wp-block-quote is-layout-flow wp-block-quote-is-layout-flow\"><p>Eu creo que si que poden haber equipos que queden no cami\u00f1o<\/p><\/blockquote>\n","protected":false},"excerpt":{"rendered":"<div class=\"mh-excerpt\"><p>A situaci\u00f3n que vivimos afecta a todas as persoas, e a todos os eidos da vida covert\u00e9ndoa en algo moi distinto a como a co\u00f1eciamos antes de marzo do ano pasado. E o f\u00fatbol modesto, unha realidade enormemente popular nas nosas vilas, aldeas e barrios non \u00e9 alleo ao problema. Na actualidade, s\u00f3 os equipos que te\u00f1en a oportunidade de competir en categor\u00edas de \u00e1mbito estatal poden xogar e adestrar.  <a class=\"mh-excerpt-more\" href=\"https:\/\/www.anovapeneira.gal\/index.php\/2021\/02\/04\/o-futbol-modesto-en-tempos-de-pandemia\/\" title=\"O f\u00fatbol modesto en tempos de pandemia\">[&#8230;]<\/a><\/p>\n<\/div>","protected":false},"author":3,"featured_media":4784,"comment_status":"open","ping_status":"open","sticky":false,"template":"","format":"standard","meta":{"_exactmetrics_skip_tracking":false,"_exactmetrics_sitenote_active":false,"_exactmetrics_sitenote_note":"","_exactmetrics_sitenote_category":0,"footnotes":""},"categories":[491,495],"tags":[171,426],"class_list":{"0":"post-4779","1":"post","2":"type-post","3":"status-publish","4":"format-standard","5":"has-post-thumbnail","7":"category-baixo-mino-reportaxes","8":"category-redondela-reportaxes","9":"tag-concello-de-redondela","10":"tag-concello-de-tui"},"yoast_head":"<!-- This site is optimized with the Yoast SEO plugin v27.4 - https:\/\/yoast.com\/product\/yoast-seo-wordpress\/ -->\n<title>O f\u00fatbol modesto en tempos de pandemia -<\/title>\n<meta name=\"description\" content=\"A situaci\u00f3n que vivimos afecta a todas as persoas, e a todos os eidos da vida covert\u00e9ndoa en algo moi distinto a como a co\u00f1eciamos antes de marzo do ano pasado. E o f\u00fatbol modesto, unha realidade enormemente popular nas nosas vilas, aldeas e barrios non \u00e9 alleo ao problema. Na actualidade, s\u00f3 os equipos que te\u00f1en a oportunidade de competir en categor\u00edas de \u00e1mbito estatal poden xogar e adestrar.\" \/>\n<meta name=\"robots\" content=\"index, follow, max-snippet:-1, max-image-preview:large, max-video-preview:-1\" \/>\n<link rel=\"canonical\" href=\"https:\/\/www.anovapeneira.gal\/index.php\/2021\/02\/04\/o-futbol-modesto-en-tempos-de-pandemia\/\" \/>\n<meta property=\"og:locale\" content=\"gl_ES\" \/>\n<meta property=\"og:type\" content=\"article\" \/>\n<meta property=\"og:title\" content=\"O f\u00fatbol modesto en tempos de pandemia -\" \/>\n<meta property=\"og:description\" content=\"A situaci\u00f3n que vivimos afecta a todas as persoas, e a todos os eidos da vida covert\u00e9ndoa en algo moi distinto a como a co\u00f1eciamos antes de marzo do ano pasado. E o f\u00fatbol modesto, unha realidade enormemente popular nas nosas vilas, aldeas e barrios non \u00e9 alleo ao problema. Na actualidade, s\u00f3 os equipos que te\u00f1en a oportunidade de competir en categor\u00edas de \u00e1mbito estatal poden xogar e adestrar.\" \/>\n<meta property=\"og:url\" content=\"https:\/\/www.anovapeneira.gal\/index.php\/2021\/02\/04\/o-futbol-modesto-en-tempos-de-pandemia\/\" \/>\n<meta property=\"article:publisher\" content=\"https:\/\/www.facebook.com\/anovapeneira\" \/>\n<meta property=\"article:published_time\" content=\"2021-02-04T09:00:49+00:00\" \/>\n<meta property=\"article:modified_time\" content=\"2021-02-04T11:30:30+00:00\" \/>\n<meta property=\"og:image\" content=\"https:\/\/www.anovapeneira.gal\/wp-content\/uploads\/2021\/02\/choco_tyde.jpg\" \/>\n\t<meta property=\"og:image:width\" content=\"720\" \/>\n\t<meta property=\"og:image:height\" content=\"432\" \/>\n\t<meta property=\"og:image:type\" content=\"image\/jpeg\" \/>\n<meta name=\"author\" content=\"Redacci\u00f3n A Nova Peneira\" \/>\n<meta name=\"twitter:card\" content=\"summary_large_image\" \/>\n<meta name=\"twitter:creator\" content=\"@APeneira\" \/>\n<meta name=\"twitter:site\" content=\"@APeneira\" \/>\n<meta name=\"twitter:label1\" content=\"Escrito por\" \/>\n\t<meta name=\"twitter:data1\" content=\"Redacci\u00f3n A Nova Peneira\" \/>\n\t<meta name=\"twitter:label2\" content=\"Tempo de lectura\" \/>\n\t<meta name=\"twitter:data2\" content=\"9 minutos\" \/>\n<script type=\"application\/ld+json\" class=\"yoast-schema-graph\">{\"@context\":\"https:\\\/\\\/schema.org\",\"@graph\":[{\"@type\":\"Article\",\"@id\":\"https:\\\/\\\/www.anovapeneira.gal\\\/index.php\\\/2021\\\/02\\\/04\\\/o-futbol-modesto-en-tempos-de-pandemia\\\/#article\",\"isPartOf\":{\"@id\":\"https:\\\/\\\/www.anovapeneira.gal\\\/index.php\\\/2021\\\/02\\\/04\\\/o-futbol-modesto-en-tempos-de-pandemia\\\/\"},\"author\":{\"name\":\"Redacci\u00f3n A Nova Peneira\",\"@id\":\"https:\\\/\\\/www.anovapeneira.gal\\\/#\\\/schema\\\/person\\\/b93e3f8932e3f8da96334607eb6ac6aa\"},\"headline\":\"O f\u00fatbol modesto en tempos de pandemia\",\"datePublished\":\"2021-02-04T09:00:49+00:00\",\"dateModified\":\"2021-02-04T11:30:30+00:00\",\"mainEntityOfPage\":{\"@id\":\"https:\\\/\\\/www.anovapeneira.gal\\\/index.php\\\/2021\\\/02\\\/04\\\/o-futbol-modesto-en-tempos-de-pandemia\\\/\"},\"wordCount\":1878,\"commentCount\":0,\"publisher\":{\"@id\":\"https:\\\/\\\/www.anovapeneira.gal\\\/#organization\"},\"image\":{\"@id\":\"https:\\\/\\\/www.anovapeneira.gal\\\/index.php\\\/2021\\\/02\\\/04\\\/o-futbol-modesto-en-tempos-de-pandemia\\\/#primaryimage\"},\"thumbnailUrl\":\"https:\\\/\\\/www.anovapeneira.gal\\\/wp-content\\\/uploads\\\/2021\\\/02\\\/choco_tyde.jpg\",\"keywords\":[\"Concello de Redondela\",\"Concello de Tui\"],\"articleSection\":[\"Baixo Mi\u00f1o\",\"Redondela\"],\"inLanguage\":\"gl-ES\",\"potentialAction\":[{\"@type\":\"CommentAction\",\"name\":\"Comment\",\"target\":[\"https:\\\/\\\/www.anovapeneira.gal\\\/index.php\\\/2021\\\/02\\\/04\\\/o-futbol-modesto-en-tempos-de-pandemia\\\/#respond\"]}]},{\"@type\":\"WebPage\",\"@id\":\"https:\\\/\\\/www.anovapeneira.gal\\\/index.php\\\/2021\\\/02\\\/04\\\/o-futbol-modesto-en-tempos-de-pandemia\\\/\",\"url\":\"https:\\\/\\\/www.anovapeneira.gal\\\/index.php\\\/2021\\\/02\\\/04\\\/o-futbol-modesto-en-tempos-de-pandemia\\\/\",\"name\":\"O f\u00fatbol modesto en tempos de pandemia -\",\"isPartOf\":{\"@id\":\"https:\\\/\\\/www.anovapeneira.gal\\\/#website\"},\"primaryImageOfPage\":{\"@id\":\"https:\\\/\\\/www.anovapeneira.gal\\\/index.php\\\/2021\\\/02\\\/04\\\/o-futbol-modesto-en-tempos-de-pandemia\\\/#primaryimage\"},\"image\":{\"@id\":\"https:\\\/\\\/www.anovapeneira.gal\\\/index.php\\\/2021\\\/02\\\/04\\\/o-futbol-modesto-en-tempos-de-pandemia\\\/#primaryimage\"},\"thumbnailUrl\":\"https:\\\/\\\/www.anovapeneira.gal\\\/wp-content\\\/uploads\\\/2021\\\/02\\\/choco_tyde.jpg\",\"datePublished\":\"2021-02-04T09:00:49+00:00\",\"dateModified\":\"2021-02-04T11:30:30+00:00\",\"description\":\"A situaci\u00f3n que vivimos afecta a todas as persoas, e a todos os eidos da vida covert\u00e9ndoa en algo moi distinto a como a co\u00f1eciamos antes de marzo do ano pasado. E o f\u00fatbol modesto, unha realidade enormemente popular nas nosas vilas, aldeas e barrios non \u00e9 alleo ao problema. Na actualidade, s\u00f3 os equipos que te\u00f1en a oportunidade de competir en categor\u00edas de \u00e1mbito estatal poden xogar e adestrar.\",\"breadcrumb\":{\"@id\":\"https:\\\/\\\/www.anovapeneira.gal\\\/index.php\\\/2021\\\/02\\\/04\\\/o-futbol-modesto-en-tempos-de-pandemia\\\/#breadcrumb\"},\"inLanguage\":\"gl-ES\",\"potentialAction\":[{\"@type\":\"ReadAction\",\"target\":[\"https:\\\/\\\/www.anovapeneira.gal\\\/index.php\\\/2021\\\/02\\\/04\\\/o-futbol-modesto-en-tempos-de-pandemia\\\/\"]}]},{\"@type\":\"ImageObject\",\"inLanguage\":\"gl-ES\",\"@id\":\"https:\\\/\\\/www.anovapeneira.gal\\\/index.php\\\/2021\\\/02\\\/04\\\/o-futbol-modesto-en-tempos-de-pandemia\\\/#primaryimage\",\"url\":\"https:\\\/\\\/www.anovapeneira.gal\\\/wp-content\\\/uploads\\\/2021\\\/02\\\/choco_tyde.jpg\",\"contentUrl\":\"https:\\\/\\\/www.anovapeneira.gal\\\/wp-content\\\/uploads\\\/2021\\\/02\\\/choco_tyde.jpg\",\"width\":720,\"height\":432,\"caption\":\"Choco de Rondela Tyde de Tui\"},{\"@type\":\"BreadcrumbList\",\"@id\":\"https:\\\/\\\/www.anovapeneira.gal\\\/index.php\\\/2021\\\/02\\\/04\\\/o-futbol-modesto-en-tempos-de-pandemia\\\/#breadcrumb\",\"itemListElement\":[{\"@type\":\"ListItem\",\"position\":1,\"name\":\"Portada\",\"item\":\"https:\\\/\\\/www.anovapeneira.gal\\\/\"},{\"@type\":\"ListItem\",\"position\":2,\"name\":\"O f\u00fatbol modesto en tempos de pandemia\"}]},{\"@type\":\"WebSite\",\"@id\":\"https:\\\/\\\/www.anovapeneira.gal\\\/#website\",\"url\":\"https:\\\/\\\/www.anovapeneira.gal\\\/\",\"name\":\"\",\"description\":\"Xornal galego de informaci\u00f3n xeral Publicaci\u00f3n mensual de novas de Galicia e en especial dos Concellos da sur da provincia de Pontevedra.\",\"publisher\":{\"@id\":\"https:\\\/\\\/www.anovapeneira.gal\\\/#organization\"},\"potentialAction\":[{\"@type\":\"SearchAction\",\"target\":{\"@type\":\"EntryPoint\",\"urlTemplate\":\"https:\\\/\\\/www.anovapeneira.gal\\\/?s={search_term_string}\"},\"query-input\":{\"@type\":\"PropertyValueSpecification\",\"valueRequired\":true,\"valueName\":\"search_term_string\"}}],\"inLanguage\":\"gl-ES\"},{\"@type\":\"Organization\",\"@id\":\"https:\\\/\\\/www.anovapeneira.gal\\\/#organization\",\"name\":\"A Nova Peneira\",\"url\":\"https:\\\/\\\/www.anovapeneira.gal\\\/\",\"logo\":{\"@type\":\"ImageObject\",\"inLanguage\":\"gl-ES\",\"@id\":\"https:\\\/\\\/www.anovapeneira.gal\\\/#\\\/schema\\\/logo\\\/image\\\/\",\"url\":\"http:\\\/\\\/www.anovapeneira.gal\\\/wp-content\\\/uploads\\\/2019\\\/06\\\/logo_a_nova_peneira_portal_web.png\",\"contentUrl\":\"http:\\\/\\\/www.anovapeneira.gal\\\/wp-content\\\/uploads\\\/2019\\\/06\\\/logo_a_nova_peneira_portal_web.png\",\"width\":300,\"height\":100,\"caption\":\"A Nova Peneira\"},\"image\":{\"@id\":\"https:\\\/\\\/www.anovapeneira.gal\\\/#\\\/schema\\\/logo\\\/image\\\/\"},\"sameAs\":[\"https:\\\/\\\/www.facebook.com\\\/anovapeneira\",\"https:\\\/\\\/x.com\\\/APeneira\"]},{\"@type\":\"Person\",\"@id\":\"https:\\\/\\\/www.anovapeneira.gal\\\/#\\\/schema\\\/person\\\/b93e3f8932e3f8da96334607eb6ac6aa\",\"name\":\"Redacci\u00f3n A Nova Peneira\",\"image\":{\"@type\":\"ImageObject\",\"inLanguage\":\"gl-ES\",\"@id\":\"https:\\\/\\\/secure.gravatar.com\\\/avatar\\\/c052a2551a06e23fac63626232eaa90abd78dbcf1700fc46a2b2c89fd27b735f?s=96&d=mm&r=g\",\"url\":\"https:\\\/\\\/secure.gravatar.com\\\/avatar\\\/c052a2551a06e23fac63626232eaa90abd78dbcf1700fc46a2b2c89fd27b735f?s=96&d=mm&r=g\",\"contentUrl\":\"https:\\\/\\\/secure.gravatar.com\\\/avatar\\\/c052a2551a06e23fac63626232eaa90abd78dbcf1700fc46a2b2c89fd27b735f?s=96&d=mm&r=g\",\"caption\":\"Redacci\u00f3n A Nova Peneira\"},\"sameAs\":[\"http:\\\/\\\/www.anovapeneira.gal\\\/\"],\"url\":\"https:\\\/\\\/www.anovapeneira.gal\\\/index.php\\\/author\\\/redactor\\\/\"}]}<\/script>\n<!-- \/ Yoast SEO plugin. -->","yoast_head_json":{"title":"O f\u00fatbol modesto en tempos de pandemia -","description":"A situaci\u00f3n que vivimos afecta a todas as persoas, e a todos os eidos da vida covert\u00e9ndoa en algo moi distinto a como a co\u00f1eciamos antes de marzo do ano pasado. E o f\u00fatbol modesto, unha realidade enormemente popular nas nosas vilas, aldeas e barrios non \u00e9 alleo ao problema. Na actualidade, s\u00f3 os equipos que te\u00f1en a oportunidade de competir en categor\u00edas de \u00e1mbito estatal poden xogar e adestrar.","robots":{"index":"index","follow":"follow","max-snippet":"max-snippet:-1","max-image-preview":"max-image-preview:large","max-video-preview":"max-video-preview:-1"},"canonical":"https:\/\/www.anovapeneira.gal\/index.php\/2021\/02\/04\/o-futbol-modesto-en-tempos-de-pandemia\/","og_locale":"gl_ES","og_type":"article","og_title":"O f\u00fatbol modesto en tempos de pandemia -","og_description":"A situaci\u00f3n que vivimos afecta a todas as persoas, e a todos os eidos da vida covert\u00e9ndoa en algo moi distinto a como a co\u00f1eciamos antes de marzo do ano pasado. E o f\u00fatbol modesto, unha realidade enormemente popular nas nosas vilas, aldeas e barrios non \u00e9 alleo ao problema. Na actualidade, s\u00f3 os equipos que te\u00f1en a oportunidade de competir en categor\u00edas de \u00e1mbito estatal poden xogar e adestrar.","og_url":"https:\/\/www.anovapeneira.gal\/index.php\/2021\/02\/04\/o-futbol-modesto-en-tempos-de-pandemia\/","article_publisher":"https:\/\/www.facebook.com\/anovapeneira","article_published_time":"2021-02-04T09:00:49+00:00","article_modified_time":"2021-02-04T11:30:30+00:00","og_image":[{"width":720,"height":432,"url":"https:\/\/www.anovapeneira.gal\/wp-content\/uploads\/2021\/02\/choco_tyde.jpg","type":"image\/jpeg"}],"author":"Redacci\u00f3n A Nova Peneira","twitter_card":"summary_large_image","twitter_creator":"@APeneira","twitter_site":"@APeneira","twitter_misc":{"Escrito por":"Redacci\u00f3n A Nova Peneira","Tempo de lectura":"9 minutos"},"schema":{"@context":"https:\/\/schema.org","@graph":[{"@type":"Article","@id":"https:\/\/www.anovapeneira.gal\/index.php\/2021\/02\/04\/o-futbol-modesto-en-tempos-de-pandemia\/#article","isPartOf":{"@id":"https:\/\/www.anovapeneira.gal\/index.php\/2021\/02\/04\/o-futbol-modesto-en-tempos-de-pandemia\/"},"author":{"name":"Redacci\u00f3n A Nova Peneira","@id":"https:\/\/www.anovapeneira.gal\/#\/schema\/person\/b93e3f8932e3f8da96334607eb6ac6aa"},"headline":"O f\u00fatbol modesto en tempos de pandemia","datePublished":"2021-02-04T09:00:49+00:00","dateModified":"2021-02-04T11:30:30+00:00","mainEntityOfPage":{"@id":"https:\/\/www.anovapeneira.gal\/index.php\/2021\/02\/04\/o-futbol-modesto-en-tempos-de-pandemia\/"},"wordCount":1878,"commentCount":0,"publisher":{"@id":"https:\/\/www.anovapeneira.gal\/#organization"},"image":{"@id":"https:\/\/www.anovapeneira.gal\/index.php\/2021\/02\/04\/o-futbol-modesto-en-tempos-de-pandemia\/#primaryimage"},"thumbnailUrl":"https:\/\/www.anovapeneira.gal\/wp-content\/uploads\/2021\/02\/choco_tyde.jpg","keywords":["Concello de Redondela","Concello de Tui"],"articleSection":["Baixo Mi\u00f1o","Redondela"],"inLanguage":"gl-ES","potentialAction":[{"@type":"CommentAction","name":"Comment","target":["https:\/\/www.anovapeneira.gal\/index.php\/2021\/02\/04\/o-futbol-modesto-en-tempos-de-pandemia\/#respond"]}]},{"@type":"WebPage","@id":"https:\/\/www.anovapeneira.gal\/index.php\/2021\/02\/04\/o-futbol-modesto-en-tempos-de-pandemia\/","url":"https:\/\/www.anovapeneira.gal\/index.php\/2021\/02\/04\/o-futbol-modesto-en-tempos-de-pandemia\/","name":"O f\u00fatbol modesto en tempos de pandemia -","isPartOf":{"@id":"https:\/\/www.anovapeneira.gal\/#website"},"primaryImageOfPage":{"@id":"https:\/\/www.anovapeneira.gal\/index.php\/2021\/02\/04\/o-futbol-modesto-en-tempos-de-pandemia\/#primaryimage"},"image":{"@id":"https:\/\/www.anovapeneira.gal\/index.php\/2021\/02\/04\/o-futbol-modesto-en-tempos-de-pandemia\/#primaryimage"},"thumbnailUrl":"https:\/\/www.anovapeneira.gal\/wp-content\/uploads\/2021\/02\/choco_tyde.jpg","datePublished":"2021-02-04T09:00:49+00:00","dateModified":"2021-02-04T11:30:30+00:00","description":"A situaci\u00f3n que vivimos afecta a todas as persoas, e a todos os eidos da vida covert\u00e9ndoa en algo moi distinto a como a co\u00f1eciamos antes de marzo do ano pasado. E o f\u00fatbol modesto, unha realidade enormemente popular nas nosas vilas, aldeas e barrios non \u00e9 alleo ao problema. Na actualidade, s\u00f3 os equipos que te\u00f1en a oportunidade de competir en categor\u00edas de \u00e1mbito estatal poden xogar e adestrar.","breadcrumb":{"@id":"https:\/\/www.anovapeneira.gal\/index.php\/2021\/02\/04\/o-futbol-modesto-en-tempos-de-pandemia\/#breadcrumb"},"inLanguage":"gl-ES","potentialAction":[{"@type":"ReadAction","target":["https:\/\/www.anovapeneira.gal\/index.php\/2021\/02\/04\/o-futbol-modesto-en-tempos-de-pandemia\/"]}]},{"@type":"ImageObject","inLanguage":"gl-ES","@id":"https:\/\/www.anovapeneira.gal\/index.php\/2021\/02\/04\/o-futbol-modesto-en-tempos-de-pandemia\/#primaryimage","url":"https:\/\/www.anovapeneira.gal\/wp-content\/uploads\/2021\/02\/choco_tyde.jpg","contentUrl":"https:\/\/www.anovapeneira.gal\/wp-content\/uploads\/2021\/02\/choco_tyde.jpg","width":720,"height":432,"caption":"Choco de Rondela Tyde de Tui"},{"@type":"BreadcrumbList","@id":"https:\/\/www.anovapeneira.gal\/index.php\/2021\/02\/04\/o-futbol-modesto-en-tempos-de-pandemia\/#breadcrumb","itemListElement":[{"@type":"ListItem","position":1,"name":"Portada","item":"https:\/\/www.anovapeneira.gal\/"},{"@type":"ListItem","position":2,"name":"O f\u00fatbol modesto en tempos de pandemia"}]},{"@type":"WebSite","@id":"https:\/\/www.anovapeneira.gal\/#website","url":"https:\/\/www.anovapeneira.gal\/","name":"","description":"Xornal galego de informaci\u00f3n xeral Publicaci\u00f3n mensual de novas de Galicia e en especial dos Concellos da sur da provincia de Pontevedra.","publisher":{"@id":"https:\/\/www.anovapeneira.gal\/#organization"},"potentialAction":[{"@type":"SearchAction","target":{"@type":"EntryPoint","urlTemplate":"https:\/\/www.anovapeneira.gal\/?s={search_term_string}"},"query-input":{"@type":"PropertyValueSpecification","valueRequired":true,"valueName":"search_term_string"}}],"inLanguage":"gl-ES"},{"@type":"Organization","@id":"https:\/\/www.anovapeneira.gal\/#organization","name":"A Nova Peneira","url":"https:\/\/www.anovapeneira.gal\/","logo":{"@type":"ImageObject","inLanguage":"gl-ES","@id":"https:\/\/www.anovapeneira.gal\/#\/schema\/logo\/image\/","url":"http:\/\/www.anovapeneira.gal\/wp-content\/uploads\/2019\/06\/logo_a_nova_peneira_portal_web.png","contentUrl":"http:\/\/www.anovapeneira.gal\/wp-content\/uploads\/2019\/06\/logo_a_nova_peneira_portal_web.png","width":300,"height":100,"caption":"A Nova Peneira"},"image":{"@id":"https:\/\/www.anovapeneira.gal\/#\/schema\/logo\/image\/"},"sameAs":["https:\/\/www.facebook.com\/anovapeneira","https:\/\/x.com\/APeneira"]},{"@type":"Person","@id":"https:\/\/www.anovapeneira.gal\/#\/schema\/person\/b93e3f8932e3f8da96334607eb6ac6aa","name":"Redacci\u00f3n A Nova Peneira","image":{"@type":"ImageObject","inLanguage":"gl-ES","@id":"https:\/\/secure.gravatar.com\/avatar\/c052a2551a06e23fac63626232eaa90abd78dbcf1700fc46a2b2c89fd27b735f?s=96&d=mm&r=g","url":"https:\/\/secure.gravatar.com\/avatar\/c052a2551a06e23fac63626232eaa90abd78dbcf1700fc46a2b2c89fd27b735f?s=96&d=mm&r=g","contentUrl":"https:\/\/secure.gravatar.com\/avatar\/c052a2551a06e23fac63626232eaa90abd78dbcf1700fc46a2b2c89fd27b735f?s=96&d=mm&r=g","caption":"Redacci\u00f3n A Nova Peneira"},"sameAs":["http:\/\/www.anovapeneira.gal\/"],"url":"https:\/\/www.anovapeneira.gal\/index.php\/author\/redactor\/"}]}},"jetpack_featured_media_url":"https:\/\/www.anovapeneira.gal\/wp-content\/uploads\/2021\/02\/choco_tyde.jpg","_links":{"self":[{"href":"https:\/\/www.anovapeneira.gal\/index.php\/wp-json\/wp\/v2\/posts\/4779","targetHints":{"allow":["GET"]}}],"collection":[{"href":"https:\/\/www.anovapeneira.gal\/index.php\/wp-json\/wp\/v2\/posts"}],"about":[{"href":"https:\/\/www.anovapeneira.gal\/index.php\/wp-json\/wp\/v2\/types\/post"}],"author":[{"embeddable":true,"href":"https:\/\/www.anovapeneira.gal\/index.php\/wp-json\/wp\/v2\/users\/3"}],"replies":[{"embeddable":true,"href":"https:\/\/www.anovapeneira.gal\/index.php\/wp-json\/wp\/v2\/comments?post=4779"}],"version-history":[{"count":5,"href":"https:\/\/www.anovapeneira.gal\/index.php\/wp-json\/wp\/v2\/posts\/4779\/revisions"}],"predecessor-version":[{"id":4808,"href":"https:\/\/www.anovapeneira.gal\/index.php\/wp-json\/wp\/v2\/posts\/4779\/revisions\/4808"}],"wp:featuredmedia":[{"embeddable":true,"href":"https:\/\/www.anovapeneira.gal\/index.php\/wp-json\/wp\/v2\/media\/4784"}],"wp:attachment":[{"href":"https:\/\/www.anovapeneira.gal\/index.php\/wp-json\/wp\/v2\/media?parent=4779"}],"wp:term":[{"taxonomy":"category","embeddable":true,"href":"https:\/\/www.anovapeneira.gal\/index.php\/wp-json\/wp\/v2\/categories?post=4779"},{"taxonomy":"post_tag","embeddable":true,"href":"https:\/\/www.anovapeneira.gal\/index.php\/wp-json\/wp\/v2\/tags?post=4779"}],"curies":[{"name":"wp","href":"https:\/\/api.w.org\/{rel}","templated":true}]}}