{"id":4788,"date":"2021-02-04T12:00:34","date_gmt":"2021-02-04T11:00:34","guid":{"rendered":"http:\/\/www.anovapeneira.gal\/?p=4788"},"modified":"2021-02-02T16:43:08","modified_gmt":"2021-02-02T15:43:08","slug":"salvaterra-de-mino-prosigue-a-profanacion","status":"publish","type":"post","link":"https:\/\/www.anovapeneira.gal\/index.php\/2021\/02\/04\/salvaterra-de-mino-prosigue-a-profanacion\/","title":{"rendered":"Salvaterra de Mi\u00f1o, prosigue a profanaci\u00f3n"},"content":{"rendered":"\n<figure class=\"wp-block-image size-large is-resized is-style-default\"><img loading=\"lazy\" decoding=\"async\" src=\"http:\/\/www.anovapeneira.gal\/wp-content\/uploads\/2020\/10\/anton_lorenzo_gonzalez_xaque.jpg\" alt=\"Ant\u00f3n Lorenzo Gonz\u00e1lez Saque\" class=\"wp-image-4073\" width=\"95\" height=\"115\"\/><figcaption><strong>Ant\u00f3n Lorenzo Gonz\u00e1lez \u201cXaque\u201d<\/strong><\/figcaption><\/figure>\n\n\n\n<h2 class=\"wp-block-heading\">PROFANAR: Tratar sen o debido respecto unha cousa digna de ser considerada.<\/h2>\n\n\n\n<p><strong>Salvaterra de Mi\u00f1o, 30 de xaneiro do 2021<\/strong><\/p>\n\n\n\n<p>O 14 de marzo do 2017 a asociaci\u00f3n cultural Lazoiro de Salvaterra de Mi\u00f1o, presentou diante da Direcci\u00f3n Xeral de Patrimonio a solicitude de incoaci\u00f3n de expediente de declaraci\u00f3n de Ben de Interese Cultural \u00e1 Casa do Pobo de Salvaterra de Mi\u00f1o. Fun eu, para ben ou para mal, o responsable directo da solicitude, ben documentada e fundamentada.<\/p>\n\n\n\n<p>Por que non se incoou o expediente?. Unha man negra xa se ocupou de que tal cousa non acontecera.<\/p>\n\n\n\n<p>O primeiro de maio de 2018 aparece o primeiro proxecto de rehabilitaci\u00f3n por un importe de 107.999 \u20ac, 17.969.521 mill\u00f3ns das antigas pesetas.<\/p>\n\n\n\n<p>Moitos cartos para o que fixeron. De seguido alg\u00fans detalles:<\/p>\n\n\n\n<p>\u201cEn el interior son llamativas las carpinter\u00edas de puertas y ventanas y ser\u00e1n elementos a conservar\u201d. Pax. 4 de 13 do proxecto.<\/p>\n\n\n\n<p>Naquel momento respectaron as citadas carpinter\u00edas interiores. A d\u00eda de hoxe ignoro como est\u00e1n.<\/p>\n\n\n\n<p>\u201cSe mantienen y reponen todos los elementos exteriores del edificio: cornisas, barandillas y carpinter\u00edas.\u201d P\u00e1x 5 de 13 do proxecto.<\/p>\n\n\n\n<p>\u201c\u2026.cambio decarpinter\u00edas existentes deterioradas por otras de aluminio y el desmontaje del<\/p>\n\n\n\n<p>falso techo existente actualmente muy deteriorado.\u201d P\u00e1x. 5 de 13 do proxecto.<\/p>\n\n\n\n<p>\u201c\u2026elementos como las carpinter\u00edas o los detalles de la forja de las fachadas se conservar\u00e1n y restaurar\u00e1n o repondr\u00e1n en el caso de verse da\u00f1ados.\u201d P\u00e1x. 6 de 13 do proxecto.<\/p>\n\n\n\n<p>Aparentemente existe unha contradici\u00f3n, por un lado afirman que se mante\u00f1en as carpinter\u00edas e por outro que as deterioradas se substituen por aluminio. Como \u00e9 posible?. O normal ser\u00eda reparar as deterioradas. O certo \u00e9 que substituiron o 100% da carpinter\u00eda exterior.<\/p>\n\n\n\n<p>En canto ao falso teito, solamente na esquina suroeste estaba mal e poder\u00edase reparar f\u00e1cilmente.<\/p>\n\n\n\n<p>O 09 de xullo do 2018, a Alcald\u00eda asina o Decreto 2018 \u2013 0345, que entre outras cousas recolle:<\/p>\n\n\n\n<p>\u201cVisto o informe de Secretar\u00eda de data 5 de xullo de 2018, e o informe de Intervenci\u00f3n de data 6 de xullo de 2018. Esta Alcald\u00eda considera que procede alzar o reparo formulado pola Intervenci\u00f3n, por:<\/p>\n\n\n\n<ul class=\"wp-block-list\"><li>Ter asinado un convenio coa Xunta de Galicia en data 09 de febreiro de 2018 para financiar a totalidade do citado edificio da s\u00faa propiedade, para que a escola de m\u00fasica deste Concello poida desenvolver con urxencia as s\u00faas actividades culturais por carecer de locais axeitados as s\u00faas necesidades.<\/li><li>As\u00ed mesmo a Xunta de Galicia con data 19 de febreiro de 2018 comunica a este Concello que est\u00e1 dacordo en vender o citado edificio por un prezo de 115.222,03 euros fraccionando o pago ata 10 anos.\u201d<\/li><\/ul>\n\n\n\n<p>\u201cRESOLVO:<\/p>\n\n\n\n<p>1\u00ba.- Avocar a competencia delegada na Xunta de Goberno Local por Decreto desta Alcald\u00eda de 17 de xu\u00f1o de 2015, no referente \u00e1s competencias recollidas na D.A. 2\u00aa da Lei 9\/2017, do 8 de novembro, de Contratos do Sector P\u00fablico.<\/p>\n\n\n\n<p>2\u00ba.- Alzar os reparos suspensivos formulados expresamente pola Sra. Interventora.<\/p>\n\n\n\n<p>3\u00ba.- Prestar aprobaci\u00f3n \u00f3 proxecto t\u00e9cnico redactado polo Doctror Arquitecto D. Jos\u00e9 A. Mart\u00edn Curty e pola arquitecta D\u00aa Alba Mart\u00edn Burgos para a execuci\u00f3n das obras de \u201cAcondicionamento da Casa da Cultura da M\u00fasica\u201d.<\/p>\n\n\n\n<p>4\u00ba.- Aprobar o expediente de contrataci\u00f3n das obras de \u201cAcondicionamento da Casa da Cultura da M\u00fasica\u201d, financiadas \u00f3 100% pola Conseller\u00eda de Cultura, Educaci\u00f3n e Ordenaci\u00f3n Universitaria, en base \u00f3 convenio asinado con este Concello en data 9 de febreiro de 2018, cun orzamento de execuci\u00f3n por contrata de 107.999,60 euros, que incl\u00fae os tributos que graven a execuci\u00f3n do contrato, as\u00ed como o 21% do IVE, que ascende a 18.743,73 euros, por un per\u00edodo de catro meses, contados a partir do d\u00eda seguinte \u00f3 da sinatura da acta de comprobaci\u00f3n do replaneo, inclu\u00edndo os pregos de cl\u00e1usulas administrativas particulares elaborados \u00f3 efecto.<\/p>\n\n\n\n<p>5\u00ba.- Autorizar o gasto correspondente\u2026..\u201d<\/p>\n\n\n\n<p>O 29 de outubro do 2018 presentouse no Pleno Ordinario do Concello unha moci\u00f3n suscrita polos tres partidos da Corporaci\u00f3n PSOE, BNG e PP, aprobada por maior\u00eda na que se recoll\u00eda entre outras, as seguintes consideraci\u00f3ns:<\/p>\n\n\n\n<p>\u201cEn reuni\u00f3n mantida en Ponteareas entre o Sr. Presidente da -Sociedad Uni\u00f3n Progresista del Distrito de Salvatierra de Mi\u00f1o en Buenos Aires-, o Sr. Abogado da dita Sociedade e esta Alcald\u00eda. Ambos representantes da Sociedade Comunic\u00e1ronme (\u00e1 Alcald\u00eda), que enviar\u00edan un Texto para que os tres Grupos Pol\u00edticos que forman a Corporaci\u00f3n deste Concello a presentaran conxuntamente \u00f3 citado Pleno para que se aprobara o presente Texto\u201d<\/p>\n\n\n\n<p>\u201cA Sociedad Uni\u00f3n Progresista del Distrito de Salvaterra de Mi\u00f1o en Buenos Aires foi fundada o 14 de agosto de 1921. Os seus obxectivos fundacionais consist\u00edan en organizar sindicatos agrarios nas parroquias da localidade de Salvaterra de Mi\u00f1o, crear cooperativas agrarias, organizar actos de formaci\u00f3n para os labregos e labregas e construir un edificio para a sede da Federaci\u00f3n de Sindicatos e a s\u00faa cooperativa.<\/p>\n\n\n\n<p>Para acadar este \u00faltimo obxectivo, coas aportaci\u00f3ns econ\u00f3micas dos s\u00e9us socios, a Uni\u00f3n Progresista adquiriu en 1925 un terreo en Salvaterra, na actual r\u00faa Rosal\u00eda de Castro 78 inici\u00e1ndose as obras de construcci\u00f3n do edificio en 1926. Trala s\u00faa inauguraci\u00f3n en 1928 e at\u00e9 1936 o inmoble acolleu a cooperativa \u201cLa Salvaterrense\u201d e a sede da Federaci\u00f3n de Sindicatos. Adem\u00e1is dispu\u00f1a de biblioteca e sal\u00f3n de actos. Nel celebr\u00e1ronse numerosos eventos e actos pol\u00edticos e agraristas. Co golpe de estado de xullo de 1936 o edificio foi utilizado como cuartel militar. Os datos existentes no Rexistro da Propiedade de Ponteareas revelan que en 1937 o inmoble foi embargado para responder dunha sanci\u00f3n de 60.000 pesetas imposta polas autoridades sublevadas e en 1938 foi directamente incautado pasando a ser propiedade do Estado, inscrib\u00edndose en 1941 a favor da Delegaci\u00f3n Nacional de Sindicatos. Dita incautaci\u00f3n realizouse ao abeiro do decreto 108 de 13 de setembro de 1936 polo que se declaraban f\u00f3ra da Lei aos partidos ou agrupaci\u00f3ns pol\u00edticas do Frente Popular, funcionarios e empregados de empresas p\u00fablicas. En 1977 o edificio foi transmitido \u00e1 Hermandad Sindical de Labradores y Ganaderos de Salvaterra de Mi\u00f1o, que formaba parte do entramado institucional da ditadura. Coa chegada da democracia, ao extinguirse as Hermandades a propiedade pasou a mans da C\u00e1mara Agraria e en 1997, coa disoluci\u00f3n desta, a edificaci\u00f3n integrouse no patrimonio da Conseller\u00eda do Medio Rural, propietaria rexistral actual.<\/p>\n\n\n\n<p>Na actualidade o inmoble presenta un preocupante estado de abandono que poder\u00eda derivar en ruina da edificaci\u00f3n o que fai necesaria unha intervenci\u00f3n urxente.<\/p>\n\n\n\n<p>As\u00ed pois, atop\u00e1monos perante un colectivo fundado en 1921 que a\u00ednda existe na actualidade e que por raz\u00f3n pol\u00edticas se veu inxustamente privado dun terreo comprado e un inmoble construido cos seus recursos econ\u00f3micos que, por aquelas vicisitudes pol\u00edticas, acabou en mans da administraci\u00f3n auton\u00f3mica de maneira gratuita.<\/p>\n\n\n\n<p>En 2003 a Xunta e o Concello acordaron unha cesi\u00f3n do inmoble por un per\u00edodo de 10 anos prorrogables e as\u00ed se acordou no Pleno da Corporaci\u00f3n Municipal. En 2011 o daquela Conselleiro do Medio Rural, Samuel Ju\u00e1rez, anunciou un proxecto de acondicionamento da edificaci\u00f3n cun orzamento de case 250.000 \u20ac, que non se chegou a concretar.<\/p>\n\n\n\n<figure class=\"wp-block-image size-large\"><img loading=\"lazy\" decoding=\"async\" width=\"991\" height=\"1024\" src=\"http:\/\/www.anovapeneira.gal\/wp-content\/uploads\/2021\/02\/casa-sindical-2-991x1024.jpg\" alt=\"\" class=\"wp-image-4792\" srcset=\"https:\/\/www.anovapeneira.gal\/wp-content\/uploads\/2021\/02\/casa-sindical-2-991x1024.jpg 991w, https:\/\/www.anovapeneira.gal\/wp-content\/uploads\/2021\/02\/casa-sindical-2-290x300.jpg 290w, https:\/\/www.anovapeneira.gal\/wp-content\/uploads\/2021\/02\/casa-sindical-2-768x793.jpg 768w, https:\/\/www.anovapeneira.gal\/wp-content\/uploads\/2021\/02\/casa-sindical-2-1487x1536.jpg 1487w, https:\/\/www.anovapeneira.gal\/wp-content\/uploads\/2021\/02\/casa-sindical-2-1982x2048.jpg 1982w\" sizes=\"auto, (max-width: 991px) 100vw, 991px\" \/><\/figure>\n\n\n\n<p>Polo exposto, e atendendo as demandas da Sociedad Uni\u00f3n Progresista del Distrito de Salvaterra de Mi\u00f1o en Buenos Aires (na actualidade denominada Asociaci\u00f3n de Residentes de Salvaterra de Mi\u00f1o en Buenos Aires) propomos ao Pleno da Corporaci\u00f3n Municipal a adopci\u00f3n dos seguintes acordos:<\/p>\n\n\n\n<p>Primeiro.- O Pleno acorda instar ao Goberno Municipal e \u00e1 Xunta de Galicia a:<\/p>\n\n\n\n<ol class=\"wp-block-list\" type=\"a\"><li>Adoptar todas as medidas necesarias para que o edificio e terreo pasen a ser de titularidade p\u00fablica municipal. Afecto a un servizo ou servizos p\u00fablicos.<\/li><li>Redactar un proxecto de rehabilitaci\u00f3n integral do edificio execut\u00e1ndoo \u00e1 maior brevidade posible, incluindo en dito proxecto un espazo adicado ao reco\u00f1ecemento do papel xogado pola Sociedad Uni\u00f3n Progresista del Distrito de Salvatierra de Mi\u00f1o en Buenos Aires na construcci\u00f3n do edificio, as actividades desenvolvidas por dita sociedade en apoio da veci\u00f1anza de Salvaterra e, en particular, dos labregos e labregas da comarca e as inxustas raz\u00f3n polas que se v\u00edu privada da s\u00faa propiedade.<\/li><li>Apoiar econ\u00f3micamente \u00e1 Asociaci\u00f3n de Residentes de Salvaterra de Mi\u00f1o en Buenos Aires e a s\u00faa actividade a trav\u00e9s de subvenci\u00f3n, convenios ou calquera outro mecanismo de axuda e cooperaci\u00f3n.<\/li><\/ol>\n\n\n\n<p>Hai que decir que o apartado \u201cb\u201d, inc\u00fampreno na s\u00faa totalidade. Primeiro, que non fixeron un \u00fanico proxecto, foron dous. Segundo,<\/p>\n\n\n\n<p>por ningures aparece nos proxectos ese reco\u00f1ecemento elemental aos ideadores, financiadores, executores, socios, arquitectos, etc.<\/p>\n\n\n\n<p>Do apartado \u201cc\u201d, se ben hai que lembrar que nos anos 2009, 2010 e 2011 foron favorecidos con subvenci\u00f3ns que acadaron respectivamente os 30.000, 13.000 e 5.000 Euros, para obras na s\u00faa sede en Buenos Aires, (que retornaron en forma de votos), non voltaron recibir m\u00e1is axudas dacordo co pactado.<\/p>\n\n\n\n<p>O 16 de decembro do 2018 no apartado de cartas ao director do Faro de Vigo, xa mostrei o meu asombro pola falta de sensibilidade na rehabilitaci\u00f3n da Casa do Pobo de Salvaterra de Mi\u00f1o, un edificio hist\u00f3rico e monumental. Amosaba o meu desacordo basicamente polo fe\u00edsmo da pintura exterior, (o oco da escaleira traseira ficou sen pintar), a substituci\u00f3n da carpinter\u00eda exterior de casta\u00f1o por aluminio lacado e o retiro do seu lugar dos maineis enreixados dos portal\u00f3ns frontais. Asemade tiraron todo o falso teito de xeso, etc.<\/p>\n\n\n\n<p>O 12 de xaneiro do 2019, como aludido na mi\u00f1a carta, tam\u00e9n no Faro de Vigo, tivo a ben responder \u00e1 mesma o Sr. Doutor Arquitecto D. Jos\u00e9 Antonio Mart\u00edn Curty.<\/p>\n\n\n\n<p>Fai poucos d\u00edas ch\u00e9game copia, da segunda fase, do Proxecto de Execuci\u00f3n da rehabilitaci\u00f3n do edificio, asemade a Memoria de dito Proxecto. Est\u00e1n datados o 15 de maio de 2020, ano e medio despois de comezar os traballos \u201curxentes\u201d da primeira fase. Desta volta por un importe de 319.951 euros, 53.235.367 mill\u00f3ns de pesetas.<\/p>\n\n\n\n<p>A vista do que expo\u00f1o de seguido, infelizmente, v\u00e9xome obrigado a manifestar a mi\u00f1a protesta polo escandaloso proceso da rehabilitaci\u00f3n integral,pois tan s\u00f3 me queda o dereito o pataleo, vexamos;<\/p>\n\n\n\n<p>\u201cLa endidad encargante nos propone la conservaci\u00f3n de los elementos generales y estructurales de la construcci\u00f3n preexistente, as\u00ed como aquellos detalles constructivos y de remate que fuesen considerados susceptibles de rehabilitaci\u00f3n y reutilizaci\u00f3n.\u201d P\u00e1x. 3 de 22<\/p>\n\n\n\n<p>Preg\u00fantome eu, ignorante en arquitectura, que necesidade hab\u00eda de desfacer o primeiro tramo das escaleiras?. Que necesidade hab\u00eda de abrir unha porta na parede esquerda da entrada, a car\u00f3n das escaleiras?, feito que deu lugar a destruci\u00f3n das baldosas ornamentais. Tam\u00e9n romperon as baldosas ornamentais da dereita, sen neng\u00fan sentido.<\/p>\n\n\n\n<p>\u201cEl estado de estas cerchas no es bueno, no pudiendo garantizar la estabilidad del sistema tras la rehabilitaci\u00f3n. Los faldones presentan rehundidos que aconsejan la sustituci\u00f3n integral de la cubierta.\u201d P\u00e1x. 4 de 22<\/p>\n\n\n\n<p>As fotograf\u00edas das cerchas e do tellado, que est\u00e1n no meu poder, est\u00e1n ao dispor de quen as queira ver, estaban para aguantar outros cen anos; non fago outro comentario, ou si, por que destruiron as vellas tellas planas?<\/p>\n\n\n\n<p>\u201cDebemos no obstante recordar la decisiva carencia que supone la desaparici\u00f3n de la planta segunda del cuerpo central, circunstancia que debe permanecer presente en el objetivo de futuras intervenciones.<\/p>\n\n\n\n<p>La supervivencia del edificio en una conformaci\u00f3n muy similar a la original es todo un milagro.\u201d P\u00e1x. 6 de 22<\/p>\n\n\n\n<p>Outra m\u00e1is, se hai suficiente documentaci\u00f3n gr\u00e1fica, (non te\u00f1en m\u00e1is porque non queren), por que con tantos centos de miles de euros de orzamento, non aproveitan para reconstruir dito \u201ccuerpo central\u201d?<\/p>\n\n\n\n<p>Fala da supervivencia do edificio. Eu creo que o intentaron queimar, o mesmo que fixeron coas Casas do Pobo de Fornelos e Leirado, por iso desapareceu ese \u201ccuerpo central\u201d, pero algu\u00e9n debeuse dar de conta de tama\u00f1a burrada e a\u00ed ficou o asunto, nun intento.<\/p>\n\n\n\n<p>\u201cEl edificio conforma por s\u00ed mismo un elemento singular en su entorno por su destacada calidad arquitect\u00f3nica, elementos como las carpinter\u00edas o los detalles de la forja de las fachadas se conservar\u00e1n.\u201d P\u00e1x. 7 de 22<\/p>\n\n\n\n<p>Preg\u00fantome tam\u00e9n: que necesidade hai de que se arrincara a porta flexible met\u00e1lica da parte traseira?. Como \u00e9 que non integraron o ascensor no interior do edificio deixando a escaleira como saida de emerxencia? (por certo \u00e9 falso que estea medio rota, s\u00f3 est\u00e1 sucia e con entullo, hai fotos de sobra). Como e que non integran os aseos no interior?<\/p>\n\n\n\n<p>Que pensan facer cos libros antigos, e posibles outros documentos, que est\u00e1n amoreados debaixo da escaleira que queren tirar?<\/p>\n\n\n\n<p>E que foi da placa de m\u00e1rmore branco, conmemorativa da fundaci\u00f3n da Sociedade Uni\u00f3n Progresista del Distrito de Salvatierra de Mi\u00f1o en Buenos Aires, 14 de agosto de 1921?. Se cadra estana restaurando para celebrar conxuntamente o centenario?<\/p>\n\n\n\n<p>Eu, que de grego non sei nada, de lat\u00edn inda lembro algo, \u201cdamnatio memoriae\u201d, condenan o esquecemento a todos aqueles homes e mulleres que fixeron posible o edificio. En ning\u00fan dos dous proxectos faise menci\u00f3n a un espazo adicado a ese mester<\/p>\n\n\n\n<p>O certo, desgraciadamente, \u00e9 que alomentos o 70% da carpinter\u00eda foi destruida e substituida por outros elementos met\u00e1licos. A forxa que retiraron dos maineis dos portal\u00f3ns, xa veremos se a volven repo\u00f1er.<\/p>\n\n\n\n<p>Este edificio que como din no proxecto, destaca singularmente pola s\u00faa calidade arquitect\u00f3nica e \u00e9 representativo dun alto significado hist\u00f3rico e cultural para Salvaterra de Mi\u00f1o e para todo o pa\u00eds.Despois de gastar tanto di\u00f1eiro nel, vai ficar moi lindo e moi operativo para o fin que o fan, pero aqueles elementos significativos que se destruiron far\u00e1n que xa non sexa o que era.<\/p>\n\n\n\n<p>En definitiva, Sr. Doutor en Arquitectura, Vde. que tanto se preocupa da arquitectura viguesa, e fai ben, se cadra non hab\u00eda outras alternativas arquitect\u00f3nicas que respectaran moito m\u00e1is a idiosincrasia do edificio?<\/p>\n\n\n\n<p>O 31 de xullo do 2020 Secretar\u00eda certifica o acordo da contrataci\u00f3n pola Xunta de Goberno Local, nos termos xa co\u00f1ecidos expostos no contrato. Prazo de execuci\u00f3n seis meses.<\/p>\n\n\n\n<p>Todo canto aqu\u00ed afirmo p\u00f3dese comprobar coas numerosas fotos de que dispo\u00f1o.<\/p>\n\n\n\n<p>Finalmente dicir que seguro que despois de tanto gasto vai ficar un espazo moi acaido para praticar a arte da m\u00fasica, que boa falta lle fac\u00eda.<\/p>\n\n\n\n<p>Por ese lado, o pobo de Salvaterra de Mi\u00f1o pode estar satisfeito. A mi\u00f1a cr\u00edtica ven polo xeito de levar a cabo a rehabilitaci\u00f3n e a falta de respecto a idiosincrasia do edificio, destruindo para sempre elementos que, ao meu modesto entender, deber\u00edan conservarse.<\/p>\n\n\n\n<p>Na opini\u00f3n dun amigo, Doutor en Filolox\u00eda Hisp\u00e1nica, \u201cEsa foi a pol\u00edtica que se fixo, incautaci\u00f3n, control e pillaxe sistem\u00e1tico, pero se o destino \u00e9 cultural, os financiadores de Buenos Aires non fracasaron, e estou certo que se souberan que despois de casi cen anos a semente da cultura volve a dar fruto sentir\u00edanse satisfeitos. Aqueles homes so repudiaban o atraso, a ignorancia, a inxustiza, o caciquismo e o obscurantismo. Amaban a cultura. Arranxar e rehabilitar ese edificio \u00e9, no fondo, darlles a raz\u00f3n e facerlles unha homenaxe. Ser\u00eda bonito poder ler os seus nomes o d\u00eda que se reinaugure.\u201d<\/p>\n\n\n\n<p>Fago mi\u00f1as as s\u00faas palabras e, a quen corresponda , aqu\u00ed estou eu para colaborar e aportar canto te\u00f1o investigado con ese fin.<\/p>\n","protected":false},"excerpt":{"rendered":"<div class=\"mh-excerpt\"><p>PROFANAR: Tratar sen o debido respecto unha cousa digna de ser considerada. <a class=\"mh-excerpt-more\" href=\"https:\/\/www.anovapeneira.gal\/index.php\/2021\/02\/04\/salvaterra-de-mino-prosigue-a-profanacion\/\" title=\"Salvaterra de Mi\u00f1o, prosigue a profanaci\u00f3n\">[&#8230;]<\/a><\/p>\n<\/div>","protected":false},"author":34,"featured_media":4790,"comment_status":"open","ping_status":"open","sticky":false,"template":"","format":"standard","meta":{"_exactmetrics_skip_tracking":false,"_exactmetrics_sitenote_active":false,"_exactmetrics_sitenote_note":"","_exactmetrics_sitenote_category":0,"footnotes":""},"categories":[492],"tags":[186],"class_list":{"0":"post-4788","1":"post","2":"type-post","3":"status-publish","4":"format-standard","5":"has-post-thumbnail","7":"category-condado-reportaxes","8":"tag-concello-de-salvaterra-do-mino"},"yoast_head":"<!-- This site is optimized with the Yoast SEO plugin v27.4 - https:\/\/yoast.com\/product\/yoast-seo-wordpress\/ -->\n<title>Salvaterra de Mi\u00f1o, prosigue a profanaci\u00f3n -<\/title>\n<meta name=\"description\" content=\"PROFANAR: Tratar sen o debido respecto unha cousa digna de ser considerada.\" \/>\n<meta name=\"robots\" content=\"index, follow, max-snippet:-1, max-image-preview:large, max-video-preview:-1\" \/>\n<link rel=\"canonical\" href=\"https:\/\/www.anovapeneira.gal\/index.php\/2021\/02\/04\/salvaterra-de-mino-prosigue-a-profanacion\/\" \/>\n<meta property=\"og:locale\" content=\"gl_ES\" \/>\n<meta property=\"og:type\" content=\"article\" \/>\n<meta property=\"og:title\" content=\"Salvaterra de Mi\u00f1o, prosigue a profanaci\u00f3n -\" \/>\n<meta property=\"og:description\" content=\"PROFANAR: Tratar sen o debido respecto unha cousa digna de ser considerada.\" \/>\n<meta property=\"og:url\" content=\"https:\/\/www.anovapeneira.gal\/index.php\/2021\/02\/04\/salvaterra-de-mino-prosigue-a-profanacion\/\" \/>\n<meta property=\"article:publisher\" content=\"https:\/\/www.facebook.com\/anovapeneira\" \/>\n<meta property=\"article:published_time\" content=\"2021-02-04T11:00:34+00:00\" \/>\n<meta property=\"og:image\" content=\"https:\/\/www.anovapeneira.gal\/wp-content\/uploads\/2021\/02\/casa-sinsical-salvaterra.jpg\" \/>\n\t<meta property=\"og:image:width\" content=\"720\" \/>\n\t<meta property=\"og:image:height\" content=\"432\" \/>\n\t<meta property=\"og:image:type\" content=\"image\/jpeg\" \/>\n<meta name=\"author\" content=\"Ant\u00f3n Lorenzo Gonz\u00e1lez\" \/>\n<meta name=\"twitter:card\" content=\"summary_large_image\" \/>\n<meta name=\"twitter:creator\" content=\"@APeneira\" \/>\n<meta name=\"twitter:site\" content=\"@APeneira\" \/>\n<meta name=\"twitter:label1\" content=\"Escrito por\" \/>\n\t<meta name=\"twitter:data1\" content=\"Ant\u00f3n Lorenzo Gonz\u00e1lez\" \/>\n\t<meta name=\"twitter:label2\" content=\"Tempo de lectura\" \/>\n\t<meta name=\"twitter:data2\" content=\"13 minutos\" \/>\n<script type=\"application\/ld+json\" class=\"yoast-schema-graph\">{\"@context\":\"https:\\\/\\\/schema.org\",\"@graph\":[{\"@type\":\"Article\",\"@id\":\"https:\\\/\\\/www.anovapeneira.gal\\\/index.php\\\/2021\\\/02\\\/04\\\/salvaterra-de-mino-prosigue-a-profanacion\\\/#article\",\"isPartOf\":{\"@id\":\"https:\\\/\\\/www.anovapeneira.gal\\\/index.php\\\/2021\\\/02\\\/04\\\/salvaterra-de-mino-prosigue-a-profanacion\\\/\"},\"author\":{\"name\":\"Ant\u00f3n Lorenzo Gonz\u00e1lez\",\"@id\":\"https:\\\/\\\/www.anovapeneira.gal\\\/#\\\/schema\\\/person\\\/1bf91cd240796d05b6522e3d8a6e2d8e\"},\"headline\":\"Salvaterra de Mi\u00f1o, prosigue a profanaci\u00f3n\",\"datePublished\":\"2021-02-04T11:00:34+00:00\",\"mainEntityOfPage\":{\"@id\":\"https:\\\/\\\/www.anovapeneira.gal\\\/index.php\\\/2021\\\/02\\\/04\\\/salvaterra-de-mino-prosigue-a-profanacion\\\/\"},\"wordCount\":2645,\"commentCount\":0,\"publisher\":{\"@id\":\"https:\\\/\\\/www.anovapeneira.gal\\\/#organization\"},\"image\":{\"@id\":\"https:\\\/\\\/www.anovapeneira.gal\\\/index.php\\\/2021\\\/02\\\/04\\\/salvaterra-de-mino-prosigue-a-profanacion\\\/#primaryimage\"},\"thumbnailUrl\":\"https:\\\/\\\/www.anovapeneira.gal\\\/wp-content\\\/uploads\\\/2021\\\/02\\\/casa-sinsical-salvaterra.jpg\",\"keywords\":[\"Concello de Salvaterra do Mi\u00f1o\"],\"articleSection\":[\"Condado\"],\"inLanguage\":\"gl-ES\",\"potentialAction\":[{\"@type\":\"CommentAction\",\"name\":\"Comment\",\"target\":[\"https:\\\/\\\/www.anovapeneira.gal\\\/index.php\\\/2021\\\/02\\\/04\\\/salvaterra-de-mino-prosigue-a-profanacion\\\/#respond\"]}]},{\"@type\":\"WebPage\",\"@id\":\"https:\\\/\\\/www.anovapeneira.gal\\\/index.php\\\/2021\\\/02\\\/04\\\/salvaterra-de-mino-prosigue-a-profanacion\\\/\",\"url\":\"https:\\\/\\\/www.anovapeneira.gal\\\/index.php\\\/2021\\\/02\\\/04\\\/salvaterra-de-mino-prosigue-a-profanacion\\\/\",\"name\":\"Salvaterra de Mi\u00f1o, prosigue a profanaci\u00f3n -\",\"isPartOf\":{\"@id\":\"https:\\\/\\\/www.anovapeneira.gal\\\/#website\"},\"primaryImageOfPage\":{\"@id\":\"https:\\\/\\\/www.anovapeneira.gal\\\/index.php\\\/2021\\\/02\\\/04\\\/salvaterra-de-mino-prosigue-a-profanacion\\\/#primaryimage\"},\"image\":{\"@id\":\"https:\\\/\\\/www.anovapeneira.gal\\\/index.php\\\/2021\\\/02\\\/04\\\/salvaterra-de-mino-prosigue-a-profanacion\\\/#primaryimage\"},\"thumbnailUrl\":\"https:\\\/\\\/www.anovapeneira.gal\\\/wp-content\\\/uploads\\\/2021\\\/02\\\/casa-sinsical-salvaterra.jpg\",\"datePublished\":\"2021-02-04T11:00:34+00:00\",\"description\":\"PROFANAR: Tratar sen o debido respecto unha cousa digna de ser considerada.\",\"breadcrumb\":{\"@id\":\"https:\\\/\\\/www.anovapeneira.gal\\\/index.php\\\/2021\\\/02\\\/04\\\/salvaterra-de-mino-prosigue-a-profanacion\\\/#breadcrumb\"},\"inLanguage\":\"gl-ES\",\"potentialAction\":[{\"@type\":\"ReadAction\",\"target\":[\"https:\\\/\\\/www.anovapeneira.gal\\\/index.php\\\/2021\\\/02\\\/04\\\/salvaterra-de-mino-prosigue-a-profanacion\\\/\"]}]},{\"@type\":\"ImageObject\",\"inLanguage\":\"gl-ES\",\"@id\":\"https:\\\/\\\/www.anovapeneira.gal\\\/index.php\\\/2021\\\/02\\\/04\\\/salvaterra-de-mino-prosigue-a-profanacion\\\/#primaryimage\",\"url\":\"https:\\\/\\\/www.anovapeneira.gal\\\/wp-content\\\/uploads\\\/2021\\\/02\\\/casa-sinsical-salvaterra.jpg\",\"contentUrl\":\"https:\\\/\\\/www.anovapeneira.gal\\\/wp-content\\\/uploads\\\/2021\\\/02\\\/casa-sinsical-salvaterra.jpg\",\"width\":720,\"height\":432,\"caption\":\"Casa Sindical Salvaterra\"},{\"@type\":\"BreadcrumbList\",\"@id\":\"https:\\\/\\\/www.anovapeneira.gal\\\/index.php\\\/2021\\\/02\\\/04\\\/salvaterra-de-mino-prosigue-a-profanacion\\\/#breadcrumb\",\"itemListElement\":[{\"@type\":\"ListItem\",\"position\":1,\"name\":\"Portada\",\"item\":\"https:\\\/\\\/www.anovapeneira.gal\\\/\"},{\"@type\":\"ListItem\",\"position\":2,\"name\":\"Salvaterra de Mi\u00f1o, prosigue a profanaci\u00f3n\"}]},{\"@type\":\"WebSite\",\"@id\":\"https:\\\/\\\/www.anovapeneira.gal\\\/#website\",\"url\":\"https:\\\/\\\/www.anovapeneira.gal\\\/\",\"name\":\"\",\"description\":\"Xornal galego de informaci\u00f3n xeral Publicaci\u00f3n mensual de novas de Galicia e en especial dos Concellos da sur da provincia de Pontevedra.\",\"publisher\":{\"@id\":\"https:\\\/\\\/www.anovapeneira.gal\\\/#organization\"},\"potentialAction\":[{\"@type\":\"SearchAction\",\"target\":{\"@type\":\"EntryPoint\",\"urlTemplate\":\"https:\\\/\\\/www.anovapeneira.gal\\\/?s={search_term_string}\"},\"query-input\":{\"@type\":\"PropertyValueSpecification\",\"valueRequired\":true,\"valueName\":\"search_term_string\"}}],\"inLanguage\":\"gl-ES\"},{\"@type\":\"Organization\",\"@id\":\"https:\\\/\\\/www.anovapeneira.gal\\\/#organization\",\"name\":\"A Nova Peneira\",\"url\":\"https:\\\/\\\/www.anovapeneira.gal\\\/\",\"logo\":{\"@type\":\"ImageObject\",\"inLanguage\":\"gl-ES\",\"@id\":\"https:\\\/\\\/www.anovapeneira.gal\\\/#\\\/schema\\\/logo\\\/image\\\/\",\"url\":\"http:\\\/\\\/www.anovapeneira.gal\\\/wp-content\\\/uploads\\\/2019\\\/06\\\/logo_a_nova_peneira_portal_web.png\",\"contentUrl\":\"http:\\\/\\\/www.anovapeneira.gal\\\/wp-content\\\/uploads\\\/2019\\\/06\\\/logo_a_nova_peneira_portal_web.png\",\"width\":300,\"height\":100,\"caption\":\"A Nova Peneira\"},\"image\":{\"@id\":\"https:\\\/\\\/www.anovapeneira.gal\\\/#\\\/schema\\\/logo\\\/image\\\/\"},\"sameAs\":[\"https:\\\/\\\/www.facebook.com\\\/anovapeneira\",\"https:\\\/\\\/x.com\\\/APeneira\"]},{\"@type\":\"Person\",\"@id\":\"https:\\\/\\\/www.anovapeneira.gal\\\/#\\\/schema\\\/person\\\/1bf91cd240796d05b6522e3d8a6e2d8e\",\"name\":\"Ant\u00f3n Lorenzo Gonz\u00e1lez\",\"image\":{\"@type\":\"ImageObject\",\"inLanguage\":\"gl-ES\",\"@id\":\"https:\\\/\\\/secure.gravatar.com\\\/avatar\\\/dcd882e8f4338e07610336943426400d525673506eb37ce59442ba704e5cc971?s=96&d=mm&r=g\",\"url\":\"https:\\\/\\\/secure.gravatar.com\\\/avatar\\\/dcd882e8f4338e07610336943426400d525673506eb37ce59442ba704e5cc971?s=96&d=mm&r=g\",\"contentUrl\":\"https:\\\/\\\/secure.gravatar.com\\\/avatar\\\/dcd882e8f4338e07610336943426400d525673506eb37ce59442ba704e5cc971?s=96&d=mm&r=g\",\"caption\":\"Ant\u00f3n Lorenzo Gonz\u00e1lez\"},\"url\":\"https:\\\/\\\/www.anovapeneira.gal\\\/index.php\\\/author\\\/xaque\\\/\"}]}<\/script>\n<!-- \/ Yoast SEO plugin. -->","yoast_head_json":{"title":"Salvaterra de Mi\u00f1o, prosigue a profanaci\u00f3n -","description":"PROFANAR: Tratar sen o debido respecto unha cousa digna de ser considerada.","robots":{"index":"index","follow":"follow","max-snippet":"max-snippet:-1","max-image-preview":"max-image-preview:large","max-video-preview":"max-video-preview:-1"},"canonical":"https:\/\/www.anovapeneira.gal\/index.php\/2021\/02\/04\/salvaterra-de-mino-prosigue-a-profanacion\/","og_locale":"gl_ES","og_type":"article","og_title":"Salvaterra de Mi\u00f1o, prosigue a profanaci\u00f3n -","og_description":"PROFANAR: Tratar sen o debido respecto unha cousa digna de ser considerada.","og_url":"https:\/\/www.anovapeneira.gal\/index.php\/2021\/02\/04\/salvaterra-de-mino-prosigue-a-profanacion\/","article_publisher":"https:\/\/www.facebook.com\/anovapeneira","article_published_time":"2021-02-04T11:00:34+00:00","og_image":[{"width":720,"height":432,"url":"https:\/\/www.anovapeneira.gal\/wp-content\/uploads\/2021\/02\/casa-sinsical-salvaterra.jpg","type":"image\/jpeg"}],"author":"Ant\u00f3n Lorenzo Gonz\u00e1lez","twitter_card":"summary_large_image","twitter_creator":"@APeneira","twitter_site":"@APeneira","twitter_misc":{"Escrito por":"Ant\u00f3n Lorenzo Gonz\u00e1lez","Tempo de lectura":"13 minutos"},"schema":{"@context":"https:\/\/schema.org","@graph":[{"@type":"Article","@id":"https:\/\/www.anovapeneira.gal\/index.php\/2021\/02\/04\/salvaterra-de-mino-prosigue-a-profanacion\/#article","isPartOf":{"@id":"https:\/\/www.anovapeneira.gal\/index.php\/2021\/02\/04\/salvaterra-de-mino-prosigue-a-profanacion\/"},"author":{"name":"Ant\u00f3n Lorenzo Gonz\u00e1lez","@id":"https:\/\/www.anovapeneira.gal\/#\/schema\/person\/1bf91cd240796d05b6522e3d8a6e2d8e"},"headline":"Salvaterra de Mi\u00f1o, prosigue a profanaci\u00f3n","datePublished":"2021-02-04T11:00:34+00:00","mainEntityOfPage":{"@id":"https:\/\/www.anovapeneira.gal\/index.php\/2021\/02\/04\/salvaterra-de-mino-prosigue-a-profanacion\/"},"wordCount":2645,"commentCount":0,"publisher":{"@id":"https:\/\/www.anovapeneira.gal\/#organization"},"image":{"@id":"https:\/\/www.anovapeneira.gal\/index.php\/2021\/02\/04\/salvaterra-de-mino-prosigue-a-profanacion\/#primaryimage"},"thumbnailUrl":"https:\/\/www.anovapeneira.gal\/wp-content\/uploads\/2021\/02\/casa-sinsical-salvaterra.jpg","keywords":["Concello de Salvaterra do Mi\u00f1o"],"articleSection":["Condado"],"inLanguage":"gl-ES","potentialAction":[{"@type":"CommentAction","name":"Comment","target":["https:\/\/www.anovapeneira.gal\/index.php\/2021\/02\/04\/salvaterra-de-mino-prosigue-a-profanacion\/#respond"]}]},{"@type":"WebPage","@id":"https:\/\/www.anovapeneira.gal\/index.php\/2021\/02\/04\/salvaterra-de-mino-prosigue-a-profanacion\/","url":"https:\/\/www.anovapeneira.gal\/index.php\/2021\/02\/04\/salvaterra-de-mino-prosigue-a-profanacion\/","name":"Salvaterra de Mi\u00f1o, prosigue a profanaci\u00f3n -","isPartOf":{"@id":"https:\/\/www.anovapeneira.gal\/#website"},"primaryImageOfPage":{"@id":"https:\/\/www.anovapeneira.gal\/index.php\/2021\/02\/04\/salvaterra-de-mino-prosigue-a-profanacion\/#primaryimage"},"image":{"@id":"https:\/\/www.anovapeneira.gal\/index.php\/2021\/02\/04\/salvaterra-de-mino-prosigue-a-profanacion\/#primaryimage"},"thumbnailUrl":"https:\/\/www.anovapeneira.gal\/wp-content\/uploads\/2021\/02\/casa-sinsical-salvaterra.jpg","datePublished":"2021-02-04T11:00:34+00:00","description":"PROFANAR: Tratar sen o debido respecto unha cousa digna de ser considerada.","breadcrumb":{"@id":"https:\/\/www.anovapeneira.gal\/index.php\/2021\/02\/04\/salvaterra-de-mino-prosigue-a-profanacion\/#breadcrumb"},"inLanguage":"gl-ES","potentialAction":[{"@type":"ReadAction","target":["https:\/\/www.anovapeneira.gal\/index.php\/2021\/02\/04\/salvaterra-de-mino-prosigue-a-profanacion\/"]}]},{"@type":"ImageObject","inLanguage":"gl-ES","@id":"https:\/\/www.anovapeneira.gal\/index.php\/2021\/02\/04\/salvaterra-de-mino-prosigue-a-profanacion\/#primaryimage","url":"https:\/\/www.anovapeneira.gal\/wp-content\/uploads\/2021\/02\/casa-sinsical-salvaterra.jpg","contentUrl":"https:\/\/www.anovapeneira.gal\/wp-content\/uploads\/2021\/02\/casa-sinsical-salvaterra.jpg","width":720,"height":432,"caption":"Casa Sindical Salvaterra"},{"@type":"BreadcrumbList","@id":"https:\/\/www.anovapeneira.gal\/index.php\/2021\/02\/04\/salvaterra-de-mino-prosigue-a-profanacion\/#breadcrumb","itemListElement":[{"@type":"ListItem","position":1,"name":"Portada","item":"https:\/\/www.anovapeneira.gal\/"},{"@type":"ListItem","position":2,"name":"Salvaterra de Mi\u00f1o, prosigue a profanaci\u00f3n"}]},{"@type":"WebSite","@id":"https:\/\/www.anovapeneira.gal\/#website","url":"https:\/\/www.anovapeneira.gal\/","name":"","description":"Xornal galego de informaci\u00f3n xeral Publicaci\u00f3n mensual de novas de Galicia e en especial dos Concellos da sur da provincia de Pontevedra.","publisher":{"@id":"https:\/\/www.anovapeneira.gal\/#organization"},"potentialAction":[{"@type":"SearchAction","target":{"@type":"EntryPoint","urlTemplate":"https:\/\/www.anovapeneira.gal\/?s={search_term_string}"},"query-input":{"@type":"PropertyValueSpecification","valueRequired":true,"valueName":"search_term_string"}}],"inLanguage":"gl-ES"},{"@type":"Organization","@id":"https:\/\/www.anovapeneira.gal\/#organization","name":"A Nova Peneira","url":"https:\/\/www.anovapeneira.gal\/","logo":{"@type":"ImageObject","inLanguage":"gl-ES","@id":"https:\/\/www.anovapeneira.gal\/#\/schema\/logo\/image\/","url":"http:\/\/www.anovapeneira.gal\/wp-content\/uploads\/2019\/06\/logo_a_nova_peneira_portal_web.png","contentUrl":"http:\/\/www.anovapeneira.gal\/wp-content\/uploads\/2019\/06\/logo_a_nova_peneira_portal_web.png","width":300,"height":100,"caption":"A Nova Peneira"},"image":{"@id":"https:\/\/www.anovapeneira.gal\/#\/schema\/logo\/image\/"},"sameAs":["https:\/\/www.facebook.com\/anovapeneira","https:\/\/x.com\/APeneira"]},{"@type":"Person","@id":"https:\/\/www.anovapeneira.gal\/#\/schema\/person\/1bf91cd240796d05b6522e3d8a6e2d8e","name":"Ant\u00f3n Lorenzo Gonz\u00e1lez","image":{"@type":"ImageObject","inLanguage":"gl-ES","@id":"https:\/\/secure.gravatar.com\/avatar\/dcd882e8f4338e07610336943426400d525673506eb37ce59442ba704e5cc971?s=96&d=mm&r=g","url":"https:\/\/secure.gravatar.com\/avatar\/dcd882e8f4338e07610336943426400d525673506eb37ce59442ba704e5cc971?s=96&d=mm&r=g","contentUrl":"https:\/\/secure.gravatar.com\/avatar\/dcd882e8f4338e07610336943426400d525673506eb37ce59442ba704e5cc971?s=96&d=mm&r=g","caption":"Ant\u00f3n Lorenzo Gonz\u00e1lez"},"url":"https:\/\/www.anovapeneira.gal\/index.php\/author\/xaque\/"}]}},"jetpack_featured_media_url":"https:\/\/www.anovapeneira.gal\/wp-content\/uploads\/2021\/02\/casa-sinsical-salvaterra.jpg","_links":{"self":[{"href":"https:\/\/www.anovapeneira.gal\/index.php\/wp-json\/wp\/v2\/posts\/4788","targetHints":{"allow":["GET"]}}],"collection":[{"href":"https:\/\/www.anovapeneira.gal\/index.php\/wp-json\/wp\/v2\/posts"}],"about":[{"href":"https:\/\/www.anovapeneira.gal\/index.php\/wp-json\/wp\/v2\/types\/post"}],"author":[{"embeddable":true,"href":"https:\/\/www.anovapeneira.gal\/index.php\/wp-json\/wp\/v2\/users\/34"}],"replies":[{"embeddable":true,"href":"https:\/\/www.anovapeneira.gal\/index.php\/wp-json\/wp\/v2\/comments?post=4788"}],"version-history":[{"count":2,"href":"https:\/\/www.anovapeneira.gal\/index.php\/wp-json\/wp\/v2\/posts\/4788\/revisions"}],"predecessor-version":[{"id":4793,"href":"https:\/\/www.anovapeneira.gal\/index.php\/wp-json\/wp\/v2\/posts\/4788\/revisions\/4793"}],"wp:featuredmedia":[{"embeddable":true,"href":"https:\/\/www.anovapeneira.gal\/index.php\/wp-json\/wp\/v2\/media\/4790"}],"wp:attachment":[{"href":"https:\/\/www.anovapeneira.gal\/index.php\/wp-json\/wp\/v2\/media?parent=4788"}],"wp:term":[{"taxonomy":"category","embeddable":true,"href":"https:\/\/www.anovapeneira.gal\/index.php\/wp-json\/wp\/v2\/categories?post=4788"},{"taxonomy":"post_tag","embeddable":true,"href":"https:\/\/www.anovapeneira.gal\/index.php\/wp-json\/wp\/v2\/tags?post=4788"}],"curies":[{"name":"wp","href":"https:\/\/api.w.org\/{rel}","templated":true}]}}