{"id":4794,"date":"2021-02-08T10:00:21","date_gmt":"2021-02-08T09:00:21","guid":{"rendered":"http:\/\/www.anovapeneira.gal\/?p=4794"},"modified":"2021-03-05T14:21:27","modified_gmt":"2021-03-05T13:21:27","slug":"exipto-10-anos-sen-mubarak","status":"publish","type":"post","link":"https:\/\/www.anovapeneira.gal\/index.php\/2021\/02\/08\/exipto-10-anos-sen-mubarak\/","title":{"rendered":"Exipto: 10 anos sen Mubarak"},"content":{"rendered":"\n<figure class=\"wp-block-image size-large is-resized is-style-default\"><img loading=\"lazy\" decoding=\"async\" src=\"http:\/\/www.anovapeneira.gal\/wp-content\/uploads\/2020\/12\/Xurxo-Agra-do-Pazo.jpg\" alt=\"\" class=\"wp-image-4554\" width=\"95\" height=\"115\"\/><figcaption>Xurxo Agra. Especialista en pol\u00edtica internacional<\/figcaption><\/figure>\n\n\n\n<p>O 25 de xaneiro de 2011 Exipto s\u00famase cunha manifestaci\u00f3n multitudinaria \u00e1 onda de protestas que, iniciadas en Tunisia, se espanden por todo o mundo \u00e1rabe dando lugar \u00e1 Primavera \u00c1rabe. O d\u00eda escollido coincide coa celebraci\u00f3n anual do \u201cD\u00eda da Polic\u00eda\u201d, e xente de toda condici\u00f3n social x\u00fantase na c\u00e9ntrica praza Tahrir do Cairo para protestar contra a brutalidade policial, a falta de liberdades, a corrupci\u00f3n, a pobreza, o desemprego, os baixos salarios, o aumento do prezo dos alimentos e a intenci\u00f3n do Presidente Hosni Mubarak de converter ao seu fillo m\u00e1is novo, Gamal, no seguinte l\u00edder do pa\u00eds.<\/p>\n\n\n\n<p>A multitude esixe a renuncia de Mubarak, quen chega ao poder en 1981 tras o asasinato de Anwar Sadat, de quen fora Vicepresidente desde 1975. As protestas ga\u00f1an forza, axi\u00f1a se espanden por todo o pa\u00eds, e mill\u00f3ns de manifestantes desaf\u00edan o r\u00e9xime, que reacciona cunha brutal represi\u00f3n que causa 850 mortes e milleiros de persoas feridas. Mais nin a represi\u00f3n nin as posteriores promesas de reformas conseguen aplacar as protestas, e finalmente o 11 de febreiro prod\u00facese a agardada dimisi\u00f3n do dictador, de 82 anos, tras 30 anos no poder.<\/p>\n\n\n\n<p>O Consello Supremo das Forzas Armadas (CSFA) asume o control. No per\u00edodo que transcorre at\u00e9 o ver\u00e1n de 2012 aumenta o temor a que os militares tenten perpetuarse no poder, polo que as manifestaci\u00f3ns suc\u00e9dense en varias cidades (Cairo, Alexandr\u00eda, Suez\u2026) reclamando mudanzas e unha maior celeridade no desmantelamento do vello r\u00e9xime, cun saldo de decenas de mortes.<\/p>\n\n\n\n<p>Nas elecci\u00f3ns parlamentarias de 2012 arrasan as forzas pol\u00edticas islamistas, cun claro triunfo da Alianza Democr\u00e1tica (44,9% dos asentos no Parlamento), unha coalici\u00f3n de partidos liderada polos Irm\u00e1ns Musulm\u00e1ns, seguida do Bloque Islamista (25%), unha coalici\u00f3n de partidos salafistas cunha concepci\u00f3n untraconservadora do islam. As\u00ed as cousas, o 70% do Parlamento fica en mans do islamismo, o que supuxo un monumental movemento na pol\u00edtica exipcia.<\/p>\n\n\n\n<p>O mes de xu\u00f1o de 2012 ven cargado de importantes acontecementos. O 2 de xu\u00f1o Mubarak \u00e9 sentenciado a cadea perpetua pola matanza nos 18 d\u00edas de revoltas que forzaron a s\u00faa sa\u00edda do poder; o 14 de xu\u00f1o o Tribunal Constitucional Supremo (formado por xu\u00edces pr\u00f3ximos aos militares) disolve o Parlamento; e o 24 de xu\u00f1o Mohamed Morsi (Irm\u00e1ns Musulm\u00e1ns) \u00e9 declarado vencedor nas elecci\u00f3ns presidenciais, convert\u00e9ndose no primeiro islamista elixido l\u00edder dun estado \u00e1rabe.<\/p>\n\n\n\n<p>Morsi, membro do Parlamento entre 2000 e 2005 como independente e detido varias veces por desafiar o r\u00e9xime de Mubarak, conv\u00e9rtese no quinto presidente de Exipto e no primeiro elixido democraticamente. Mais a loita entre os militares e os Irm\u00e1ns Musulm\u00e1ns (prohibidos na \u00e9poca de Mubarak) estaba lonxe de rematar.<\/p>\n\n\n\n<p>Ao pouco de tomar posesi\u00f3n do cargo, un ataque na rexi\u00f3n do Sina\u00ed deixa 16 soldados mortos e Morsi forza a renuncia de varios oficiais, inclu\u00eddo o presidente do CSFA Mohamed Hussein Tantawi, quen \u00e9 substitu\u00eddo por Abdel Fattah el-Sisi, que se convirte no novo Ministro de Defensa e Comandante en xefe do Ex\u00e9rcito de Exipto.<\/p>\n\n\n\n<p>O goberno de Morsi aplica unha pol\u00edtica de claro corte islamista que provoca moito malestar nos sectores seculares e no estamento militar, adopta controvertidas decisi\u00f3ns pol\u00edticas e impulsa trocos importantes na pol\u00edtica exterior de Exipto, que incomoda moito ao status quo: estreito aliado de Qatar e de Hamas (Palestina), reforza a relaci\u00f3n con Ir\u00e1n, firme defensor da oposici\u00f3n siria e fortemente oposto \u00e1 ocupaci\u00f3n israel\u00ed de Palestina e ao papel de Israel na rexi\u00f3n. Amais, unha d\u00e9bil econom\u00eda e a resistencia da vella garda de Mubarak socavan a s\u00faa autoridade, polo que apenas dura un ano no cargo.<\/p>\n\n\n\n<p>O 28 de xu\u00f1o de 2013 prod\u00facese unha multitudinaria manifestaci\u00f3n na praza Tahrir do Cairo esixindo a dimisi\u00f3n de Morsi e o 3 de xullo \u00e9 desaloxado do poder, e encarcerado, mediante un golpe de estado liderado polo Ministro de Defensa, o xeneral el-Sisi. Mais ao mesmo tempo que se producen grandes celebraci\u00f3ns na praza Tahrir, decenas de milleiros de persoas erguen campamentos no Cairo para protestar contra o golpe militar, at\u00e9 que o 14 de agosto as forzas de seguridade atacan os campamentos das prazas al-Nahda e Rabaa onde m\u00e1is dun milleiro de manifestantes son asasinados \u201cna peor matanza na historia moderna de Exipto\u201d (HRW). Un ataque premeditado e intencionado segundo as organizaci\u00f3ns de dereitos humanos.<\/p>\n\n\n\n<p>En setembro de 2013 os Irm\u00e1ns Musulm\u00e1ns son prohibidos e posteriormente declarados \u201corganizaci\u00f3n terrorista\u201d. Morsi, quen permaneceu en aillamento e negadas tanto as visitas do seu avogado e familia como tratamento m\u00e9dico at\u00e9 a s\u00faa morte en 2019, foi condenado a d\u00faas cadeas perpetuas e sentenciado a morte en 2015, mais anulada pouco despois \u00e1 espera de repetici\u00f3n do xu\u00edzo.<\/p>\n\n\n\n<p>Tras o golpe, as mobilizaci\u00f3ns en apoio de Morsi e el-Sisi son numerosas, mais tam\u00e9n as de quen continuaban esixindo \u201cPan, liberdade e xustiza social\u201d, a\u00ednda que s\u00f3 as favor\u00e1beis a el-Sisi poden facelo pacificamente, polo que seguen produc\u00edndose decenas de mortes e centos de arrestos.<\/p>\n\n\n\n<p>O 26 de marzo de 2014 el-Sisi renuncia ao Ex\u00e9rcito para aspirar \u00e1 Presidencia de Exipto nas elecci\u00f3ns de maio, das que sae vencedor co 97% dos votos, tras liquidar previamente a todos os seus opo\u00f1entes, e en 2018 acada outros catro anos no poder tras obter a mesma porcentaxe noutra comedia de elecci\u00f3ns.<\/p>\n\n\n\n<p>Malia o golpe de estado, a represi\u00f3n e a limitaci\u00f3n de dereitos humanos, a maior\u00eda das potencias mundiais acollen a el-Sisi como novo l\u00edder de Exipto. A chegada ao poder de quen fora Director da Intelixencia Nacional desde 2010 e parte da xerarqu\u00eda militar (CSFA) baixo o goberno de Mubarak, d\u00e1 nacemento a un forte estado militar represivo no que a discrepancia \u00e9 criminalizada.<\/p>\n\n\n\n<p>Tras 8 anos no cargo Exipto \u00e9 hoxe un pa\u00eds m\u00e1is pobre que en 2013, cunha econom\u00eda ao bordo do colapso, en mans do FMI, que a cambio de pr\u00e9stamos esixe a adopci\u00f3n de medidas moi duras. As privatizaci\u00f3ns masivas, o aumento de impostos, a reduci\u00f3n de subsidios, a crecente inflaci\u00f3n e a suba dos prezos do pan, auga, electricidade, gas natural e transporte provocaron un aumento da pobreza (32,5% en 2018). E a crise do coronavirus engade maiores dificultades \u00e1 feble econom\u00eda exipcia.<\/p>\n\n\n\n<p>Esta nefasta situaci\u00f3n ven provocando un crecente malestar social, ao que el-Sisi resposta cunha represi\u00f3n que nada ten que envexar \u00e1 de Mubarak. En Exipto hai 65.000 opositores encarcerados e Amnist\u00eda Internacional (AI) asegura que \u201cas autoridades en Exipto practicaron a tortura, as desaparici\u00f3ns forzosas de centenares de persoas e decenas foron executadas extraxudicialmente&#8221;. Mentres as ONG denuncian as trabas a s\u00faa actividade, cr\u00edticos do Goberno, manifestantes pac\u00edficos, xornalistas e defensores dos dereitos humanos son acosados, arrestados e centos condenados a morte ou a cadea perpetua en xu\u00edzos farsa.<\/p>\n\n\n\n<p>Por outra banda, el-Sisi est\u00e1 moi lonxe de rematar coa cr\u00edtica situaci\u00f3n de seguridade provocada pola insurxencia islamista, nun conflito sen visos de soluci\u00f3n que desde 2018 deixou arredor de 1300 mortos, e no \u00e1mbito internacional Exipto ve minguar o papel que xogou durante d\u00e9cadas como principal axente mediador entre Israel e o mundo \u00e1rabe e a s\u00faa influencia pol\u00edtica af\u00fandense.<\/p>\n\n\n\n<p>Malia todo, el-Sisi, \u201co meu dictador favorito\u201d en palabras de Donald Trump, conta co apoio de Occidente, Israel, Arabia Saudita e os EAU. Exipto \u00e9 un pa\u00eds moi importante xeopoliticamente como para arriscarse a que a democracia funcione e as urnas lle dean o poder aos Irm\u00e1ns Musulm\u00e1ns.<\/p>\n\n\n\n<p>Para moitos exipcios a ca\u00edda da Mubarak, que permaneceu encarcerado at\u00e9 a s\u00faa morte con 91 anos e xulgado por corrupci\u00f3n, abuso de poder e a morte de centos de manifestantes nas protestas de 2011, trouxo esperanza e promesas de mudanzas. Mais o pobo exipcio non acadou nin o progreso nin a liberdade prometidas, nin a fin da corrupci\u00f3n, e outro home forte f\u00edxose co poder. Mubarak foise mais o seu legado perdura.<\/p>\n","protected":false},"excerpt":{"rendered":"<div class=\"mh-excerpt\"><p>O 25 de xaneiro de 2011 Exipto s\u00famase cunha manifestaci\u00f3n multitudinaria \u00e1 onda de protestas que, iniciadas en Tunisia, se espanden por todo o mundo \u00e1rabe dando lugar \u00e1 Primavera \u00c1rabe <a class=\"mh-excerpt-more\" href=\"https:\/\/www.anovapeneira.gal\/index.php\/2021\/02\/08\/exipto-10-anos-sen-mubarak\/\" title=\"Exipto: 10 anos sen Mubarak\">[&#8230;]<\/a><\/p>\n<\/div>","protected":false},"author":35,"featured_media":584,"comment_status":"open","ping_status":"open","sticky":false,"template":"","format":"standard","meta":{"_exactmetrics_skip_tracking":false,"_exactmetrics_sitenote_active":false,"_exactmetrics_sitenote_note":"","_exactmetrics_sitenote_category":0,"footnotes":""},"categories":[7],"tags":[58],"class_list":{"0":"post-4794","1":"post","2":"type-post","3":"status-publish","4":"format-standard","5":"has-post-thumbnail","7":"category-artigos-de-opinion","8":"tag-opinion"},"yoast_head":"<!-- This site is optimized with the Yoast SEO plugin v27.5 - https:\/\/yoast.com\/product\/yoast-seo-wordpress\/ -->\n<title>Exipto: 10 anos sen Mubarak -<\/title>\n<meta name=\"description\" content=\"O 25 de xaneiro de 2011 Exipto s\u00famase cunha manifestaci\u00f3n multitudinaria \u00e1 onda de protestas que, iniciadas en Tunisia, se espanden por todo o mundo \u00e1rabe dando lugar \u00e1 Primavera \u00c1rabe\" \/>\n<meta name=\"robots\" content=\"index, follow, max-snippet:-1, max-image-preview:large, max-video-preview:-1\" \/>\n<link rel=\"canonical\" href=\"https:\/\/www.anovapeneira.gal\/index.php\/2021\/02\/08\/exipto-10-anos-sen-mubarak\/\" \/>\n<meta property=\"og:locale\" content=\"gl_ES\" \/>\n<meta property=\"og:type\" content=\"article\" \/>\n<meta property=\"og:title\" content=\"Exipto: 10 anos sen Mubarak -\" \/>\n<meta property=\"og:description\" content=\"O 25 de xaneiro de 2011 Exipto s\u00famase cunha manifestaci\u00f3n multitudinaria \u00e1 onda de protestas que, iniciadas en Tunisia, se espanden por todo o mundo \u00e1rabe dando lugar \u00e1 Primavera \u00c1rabe\" \/>\n<meta property=\"og:url\" content=\"https:\/\/www.anovapeneira.gal\/index.php\/2021\/02\/08\/exipto-10-anos-sen-mubarak\/\" \/>\n<meta property=\"article:publisher\" content=\"https:\/\/www.facebook.com\/anovapeneira\" \/>\n<meta property=\"article:published_time\" content=\"2021-02-08T09:00:21+00:00\" \/>\n<meta property=\"article:modified_time\" content=\"2021-03-05T13:21:27+00:00\" \/>\n<meta property=\"og:image\" content=\"https:\/\/www.anovapeneira.gal\/wp-content\/uploads\/2019\/07\/ARTIGO_DE_OPINION_A_NOVA_PENEIRA.jpg\" \/>\n\t<meta property=\"og:image:width\" content=\"720\" \/>\n\t<meta property=\"og:image:height\" content=\"473\" \/>\n\t<meta property=\"og:image:type\" content=\"image\/jpeg\" \/>\n<meta name=\"author\" content=\"Xurxo Agra\" \/>\n<meta name=\"twitter:card\" content=\"summary_large_image\" \/>\n<meta name=\"twitter:creator\" content=\"@APeneira\" \/>\n<meta name=\"twitter:site\" content=\"@APeneira\" \/>\n<meta name=\"twitter:label1\" content=\"Escrito por\" \/>\n\t<meta name=\"twitter:data1\" content=\"Xurxo Agra\" \/>\n\t<meta name=\"twitter:label2\" content=\"Tempo de lectura\" \/>\n\t<meta name=\"twitter:data2\" content=\"6 minutos\" \/>\n<script type=\"application\/ld+json\" class=\"yoast-schema-graph\">{\"@context\":\"https:\\\/\\\/schema.org\",\"@graph\":[{\"@type\":\"Article\",\"@id\":\"https:\\\/\\\/www.anovapeneira.gal\\\/index.php\\\/2021\\\/02\\\/08\\\/exipto-10-anos-sen-mubarak\\\/#article\",\"isPartOf\":{\"@id\":\"https:\\\/\\\/www.anovapeneira.gal\\\/index.php\\\/2021\\\/02\\\/08\\\/exipto-10-anos-sen-mubarak\\\/\"},\"author\":{\"name\":\"Xurxo Agra\",\"@id\":\"https:\\\/\\\/www.anovapeneira.gal\\\/#\\\/schema\\\/person\\\/a366bebab0087abcaac646148d290ba6\"},\"headline\":\"Exipto: 10 anos sen Mubarak\",\"datePublished\":\"2021-02-08T09:00:21+00:00\",\"dateModified\":\"2021-03-05T13:21:27+00:00\",\"mainEntityOfPage\":{\"@id\":\"https:\\\/\\\/www.anovapeneira.gal\\\/index.php\\\/2021\\\/02\\\/08\\\/exipto-10-anos-sen-mubarak\\\/\"},\"wordCount\":1373,\"commentCount\":0,\"publisher\":{\"@id\":\"https:\\\/\\\/www.anovapeneira.gal\\\/#organization\"},\"image\":{\"@id\":\"https:\\\/\\\/www.anovapeneira.gal\\\/index.php\\\/2021\\\/02\\\/08\\\/exipto-10-anos-sen-mubarak\\\/#primaryimage\"},\"thumbnailUrl\":\"https:\\\/\\\/www.anovapeneira.gal\\\/wp-content\\\/uploads\\\/2019\\\/07\\\/ARTIGO_DE_OPINION_A_NOVA_PENEIRA.jpg\",\"keywords\":[\"Opini\u00f3n\"],\"articleSection\":[\"Artigos de opini\u00f3n\"],\"inLanguage\":\"gl-ES\",\"potentialAction\":[{\"@type\":\"CommentAction\",\"name\":\"Comment\",\"target\":[\"https:\\\/\\\/www.anovapeneira.gal\\\/index.php\\\/2021\\\/02\\\/08\\\/exipto-10-anos-sen-mubarak\\\/#respond\"]}]},{\"@type\":\"WebPage\",\"@id\":\"https:\\\/\\\/www.anovapeneira.gal\\\/index.php\\\/2021\\\/02\\\/08\\\/exipto-10-anos-sen-mubarak\\\/\",\"url\":\"https:\\\/\\\/www.anovapeneira.gal\\\/index.php\\\/2021\\\/02\\\/08\\\/exipto-10-anos-sen-mubarak\\\/\",\"name\":\"Exipto: 10 anos sen Mubarak -\",\"isPartOf\":{\"@id\":\"https:\\\/\\\/www.anovapeneira.gal\\\/#website\"},\"primaryImageOfPage\":{\"@id\":\"https:\\\/\\\/www.anovapeneira.gal\\\/index.php\\\/2021\\\/02\\\/08\\\/exipto-10-anos-sen-mubarak\\\/#primaryimage\"},\"image\":{\"@id\":\"https:\\\/\\\/www.anovapeneira.gal\\\/index.php\\\/2021\\\/02\\\/08\\\/exipto-10-anos-sen-mubarak\\\/#primaryimage\"},\"thumbnailUrl\":\"https:\\\/\\\/www.anovapeneira.gal\\\/wp-content\\\/uploads\\\/2019\\\/07\\\/ARTIGO_DE_OPINION_A_NOVA_PENEIRA.jpg\",\"datePublished\":\"2021-02-08T09:00:21+00:00\",\"dateModified\":\"2021-03-05T13:21:27+00:00\",\"description\":\"O 25 de xaneiro de 2011 Exipto s\u00famase cunha manifestaci\u00f3n multitudinaria \u00e1 onda de protestas que, iniciadas en Tunisia, se espanden por todo o mundo \u00e1rabe dando lugar \u00e1 Primavera \u00c1rabe\",\"breadcrumb\":{\"@id\":\"https:\\\/\\\/www.anovapeneira.gal\\\/index.php\\\/2021\\\/02\\\/08\\\/exipto-10-anos-sen-mubarak\\\/#breadcrumb\"},\"inLanguage\":\"gl-ES\",\"potentialAction\":[{\"@type\":\"ReadAction\",\"target\":[\"https:\\\/\\\/www.anovapeneira.gal\\\/index.php\\\/2021\\\/02\\\/08\\\/exipto-10-anos-sen-mubarak\\\/\"]}]},{\"@type\":\"ImageObject\",\"inLanguage\":\"gl-ES\",\"@id\":\"https:\\\/\\\/www.anovapeneira.gal\\\/index.php\\\/2021\\\/02\\\/08\\\/exipto-10-anos-sen-mubarak\\\/#primaryimage\",\"url\":\"https:\\\/\\\/www.anovapeneira.gal\\\/wp-content\\\/uploads\\\/2019\\\/07\\\/ARTIGO_DE_OPINION_A_NOVA_PENEIRA.jpg\",\"contentUrl\":\"https:\\\/\\\/www.anovapeneira.gal\\\/wp-content\\\/uploads\\\/2019\\\/07\\\/ARTIGO_DE_OPINION_A_NOVA_PENEIRA.jpg\",\"width\":720,\"height\":473,\"caption\":\"Artigo de opini\u00f3n A Nova Peneira\"},{\"@type\":\"BreadcrumbList\",\"@id\":\"https:\\\/\\\/www.anovapeneira.gal\\\/index.php\\\/2021\\\/02\\\/08\\\/exipto-10-anos-sen-mubarak\\\/#breadcrumb\",\"itemListElement\":[{\"@type\":\"ListItem\",\"position\":1,\"name\":\"Portada\",\"item\":\"https:\\\/\\\/www.anovapeneira.gal\\\/\"},{\"@type\":\"ListItem\",\"position\":2,\"name\":\"Exipto: 10 anos sen Mubarak\"}]},{\"@type\":\"WebSite\",\"@id\":\"https:\\\/\\\/www.anovapeneira.gal\\\/#website\",\"url\":\"https:\\\/\\\/www.anovapeneira.gal\\\/\",\"name\":\"\",\"description\":\"Xornal galego de informaci\u00f3n xeral Publicaci\u00f3n mensual de novas de Galicia e en especial dos Concellos da sur da provincia de Pontevedra.\",\"publisher\":{\"@id\":\"https:\\\/\\\/www.anovapeneira.gal\\\/#organization\"},\"potentialAction\":[{\"@type\":\"SearchAction\",\"target\":{\"@type\":\"EntryPoint\",\"urlTemplate\":\"https:\\\/\\\/www.anovapeneira.gal\\\/?s={search_term_string}\"},\"query-input\":{\"@type\":\"PropertyValueSpecification\",\"valueRequired\":true,\"valueName\":\"search_term_string\"}}],\"inLanguage\":\"gl-ES\"},{\"@type\":\"Organization\",\"@id\":\"https:\\\/\\\/www.anovapeneira.gal\\\/#organization\",\"name\":\"A Nova Peneira\",\"url\":\"https:\\\/\\\/www.anovapeneira.gal\\\/\",\"logo\":{\"@type\":\"ImageObject\",\"inLanguage\":\"gl-ES\",\"@id\":\"https:\\\/\\\/www.anovapeneira.gal\\\/#\\\/schema\\\/logo\\\/image\\\/\",\"url\":\"http:\\\/\\\/www.anovapeneira.gal\\\/wp-content\\\/uploads\\\/2019\\\/06\\\/logo_a_nova_peneira_portal_web.png\",\"contentUrl\":\"http:\\\/\\\/www.anovapeneira.gal\\\/wp-content\\\/uploads\\\/2019\\\/06\\\/logo_a_nova_peneira_portal_web.png\",\"width\":300,\"height\":100,\"caption\":\"A Nova Peneira\"},\"image\":{\"@id\":\"https:\\\/\\\/www.anovapeneira.gal\\\/#\\\/schema\\\/logo\\\/image\\\/\"},\"sameAs\":[\"https:\\\/\\\/www.facebook.com\\\/anovapeneira\",\"https:\\\/\\\/x.com\\\/APeneira\"]},{\"@type\":\"Person\",\"@id\":\"https:\\\/\\\/www.anovapeneira.gal\\\/#\\\/schema\\\/person\\\/a366bebab0087abcaac646148d290ba6\",\"name\":\"Xurxo Agra\",\"image\":{\"@type\":\"ImageObject\",\"inLanguage\":\"gl-ES\",\"@id\":\"https:\\\/\\\/secure.gravatar.com\\\/avatar\\\/2393f992666bf58af5aa00ae513f24da53518b6d1531c6fd7b2e60fde1026c15?s=96&d=mm&r=g\",\"url\":\"https:\\\/\\\/secure.gravatar.com\\\/avatar\\\/2393f992666bf58af5aa00ae513f24da53518b6d1531c6fd7b2e60fde1026c15?s=96&d=mm&r=g\",\"contentUrl\":\"https:\\\/\\\/secure.gravatar.com\\\/avatar\\\/2393f992666bf58af5aa00ae513f24da53518b6d1531c6fd7b2e60fde1026c15?s=96&d=mm&r=g\",\"caption\":\"Xurxo Agra\"},\"url\":\"https:\\\/\\\/www.anovapeneira.gal\\\/index.php\\\/author\\\/xurxoagra\\\/\"}]}<\/script>\n<!-- \/ Yoast SEO plugin. -->","yoast_head_json":{"title":"Exipto: 10 anos sen Mubarak -","description":"O 25 de xaneiro de 2011 Exipto s\u00famase cunha manifestaci\u00f3n multitudinaria \u00e1 onda de protestas que, iniciadas en Tunisia, se espanden por todo o mundo \u00e1rabe dando lugar \u00e1 Primavera \u00c1rabe","robots":{"index":"index","follow":"follow","max-snippet":"max-snippet:-1","max-image-preview":"max-image-preview:large","max-video-preview":"max-video-preview:-1"},"canonical":"https:\/\/www.anovapeneira.gal\/index.php\/2021\/02\/08\/exipto-10-anos-sen-mubarak\/","og_locale":"gl_ES","og_type":"article","og_title":"Exipto: 10 anos sen Mubarak -","og_description":"O 25 de xaneiro de 2011 Exipto s\u00famase cunha manifestaci\u00f3n multitudinaria \u00e1 onda de protestas que, iniciadas en Tunisia, se espanden por todo o mundo \u00e1rabe dando lugar \u00e1 Primavera \u00c1rabe","og_url":"https:\/\/www.anovapeneira.gal\/index.php\/2021\/02\/08\/exipto-10-anos-sen-mubarak\/","article_publisher":"https:\/\/www.facebook.com\/anovapeneira","article_published_time":"2021-02-08T09:00:21+00:00","article_modified_time":"2021-03-05T13:21:27+00:00","og_image":[{"width":720,"height":473,"url":"https:\/\/www.anovapeneira.gal\/wp-content\/uploads\/2019\/07\/ARTIGO_DE_OPINION_A_NOVA_PENEIRA.jpg","type":"image\/jpeg"}],"author":"Xurxo Agra","twitter_card":"summary_large_image","twitter_creator":"@APeneira","twitter_site":"@APeneira","twitter_misc":{"Escrito por":"Xurxo Agra","Tempo de lectura":"6 minutos"},"schema":{"@context":"https:\/\/schema.org","@graph":[{"@type":"Article","@id":"https:\/\/www.anovapeneira.gal\/index.php\/2021\/02\/08\/exipto-10-anos-sen-mubarak\/#article","isPartOf":{"@id":"https:\/\/www.anovapeneira.gal\/index.php\/2021\/02\/08\/exipto-10-anos-sen-mubarak\/"},"author":{"name":"Xurxo Agra","@id":"https:\/\/www.anovapeneira.gal\/#\/schema\/person\/a366bebab0087abcaac646148d290ba6"},"headline":"Exipto: 10 anos sen Mubarak","datePublished":"2021-02-08T09:00:21+00:00","dateModified":"2021-03-05T13:21:27+00:00","mainEntityOfPage":{"@id":"https:\/\/www.anovapeneira.gal\/index.php\/2021\/02\/08\/exipto-10-anos-sen-mubarak\/"},"wordCount":1373,"commentCount":0,"publisher":{"@id":"https:\/\/www.anovapeneira.gal\/#organization"},"image":{"@id":"https:\/\/www.anovapeneira.gal\/index.php\/2021\/02\/08\/exipto-10-anos-sen-mubarak\/#primaryimage"},"thumbnailUrl":"https:\/\/www.anovapeneira.gal\/wp-content\/uploads\/2019\/07\/ARTIGO_DE_OPINION_A_NOVA_PENEIRA.jpg","keywords":["Opini\u00f3n"],"articleSection":["Artigos de opini\u00f3n"],"inLanguage":"gl-ES","potentialAction":[{"@type":"CommentAction","name":"Comment","target":["https:\/\/www.anovapeneira.gal\/index.php\/2021\/02\/08\/exipto-10-anos-sen-mubarak\/#respond"]}]},{"@type":"WebPage","@id":"https:\/\/www.anovapeneira.gal\/index.php\/2021\/02\/08\/exipto-10-anos-sen-mubarak\/","url":"https:\/\/www.anovapeneira.gal\/index.php\/2021\/02\/08\/exipto-10-anos-sen-mubarak\/","name":"Exipto: 10 anos sen Mubarak -","isPartOf":{"@id":"https:\/\/www.anovapeneira.gal\/#website"},"primaryImageOfPage":{"@id":"https:\/\/www.anovapeneira.gal\/index.php\/2021\/02\/08\/exipto-10-anos-sen-mubarak\/#primaryimage"},"image":{"@id":"https:\/\/www.anovapeneira.gal\/index.php\/2021\/02\/08\/exipto-10-anos-sen-mubarak\/#primaryimage"},"thumbnailUrl":"https:\/\/www.anovapeneira.gal\/wp-content\/uploads\/2019\/07\/ARTIGO_DE_OPINION_A_NOVA_PENEIRA.jpg","datePublished":"2021-02-08T09:00:21+00:00","dateModified":"2021-03-05T13:21:27+00:00","description":"O 25 de xaneiro de 2011 Exipto s\u00famase cunha manifestaci\u00f3n multitudinaria \u00e1 onda de protestas que, iniciadas en Tunisia, se espanden por todo o mundo \u00e1rabe dando lugar \u00e1 Primavera \u00c1rabe","breadcrumb":{"@id":"https:\/\/www.anovapeneira.gal\/index.php\/2021\/02\/08\/exipto-10-anos-sen-mubarak\/#breadcrumb"},"inLanguage":"gl-ES","potentialAction":[{"@type":"ReadAction","target":["https:\/\/www.anovapeneira.gal\/index.php\/2021\/02\/08\/exipto-10-anos-sen-mubarak\/"]}]},{"@type":"ImageObject","inLanguage":"gl-ES","@id":"https:\/\/www.anovapeneira.gal\/index.php\/2021\/02\/08\/exipto-10-anos-sen-mubarak\/#primaryimage","url":"https:\/\/www.anovapeneira.gal\/wp-content\/uploads\/2019\/07\/ARTIGO_DE_OPINION_A_NOVA_PENEIRA.jpg","contentUrl":"https:\/\/www.anovapeneira.gal\/wp-content\/uploads\/2019\/07\/ARTIGO_DE_OPINION_A_NOVA_PENEIRA.jpg","width":720,"height":473,"caption":"Artigo de opini\u00f3n A Nova Peneira"},{"@type":"BreadcrumbList","@id":"https:\/\/www.anovapeneira.gal\/index.php\/2021\/02\/08\/exipto-10-anos-sen-mubarak\/#breadcrumb","itemListElement":[{"@type":"ListItem","position":1,"name":"Portada","item":"https:\/\/www.anovapeneira.gal\/"},{"@type":"ListItem","position":2,"name":"Exipto: 10 anos sen Mubarak"}]},{"@type":"WebSite","@id":"https:\/\/www.anovapeneira.gal\/#website","url":"https:\/\/www.anovapeneira.gal\/","name":"","description":"Xornal galego de informaci\u00f3n xeral Publicaci\u00f3n mensual de novas de Galicia e en especial dos Concellos da sur da provincia de Pontevedra.","publisher":{"@id":"https:\/\/www.anovapeneira.gal\/#organization"},"potentialAction":[{"@type":"SearchAction","target":{"@type":"EntryPoint","urlTemplate":"https:\/\/www.anovapeneira.gal\/?s={search_term_string}"},"query-input":{"@type":"PropertyValueSpecification","valueRequired":true,"valueName":"search_term_string"}}],"inLanguage":"gl-ES"},{"@type":"Organization","@id":"https:\/\/www.anovapeneira.gal\/#organization","name":"A Nova Peneira","url":"https:\/\/www.anovapeneira.gal\/","logo":{"@type":"ImageObject","inLanguage":"gl-ES","@id":"https:\/\/www.anovapeneira.gal\/#\/schema\/logo\/image\/","url":"http:\/\/www.anovapeneira.gal\/wp-content\/uploads\/2019\/06\/logo_a_nova_peneira_portal_web.png","contentUrl":"http:\/\/www.anovapeneira.gal\/wp-content\/uploads\/2019\/06\/logo_a_nova_peneira_portal_web.png","width":300,"height":100,"caption":"A Nova Peneira"},"image":{"@id":"https:\/\/www.anovapeneira.gal\/#\/schema\/logo\/image\/"},"sameAs":["https:\/\/www.facebook.com\/anovapeneira","https:\/\/x.com\/APeneira"]},{"@type":"Person","@id":"https:\/\/www.anovapeneira.gal\/#\/schema\/person\/a366bebab0087abcaac646148d290ba6","name":"Xurxo Agra","image":{"@type":"ImageObject","inLanguage":"gl-ES","@id":"https:\/\/secure.gravatar.com\/avatar\/2393f992666bf58af5aa00ae513f24da53518b6d1531c6fd7b2e60fde1026c15?s=96&d=mm&r=g","url":"https:\/\/secure.gravatar.com\/avatar\/2393f992666bf58af5aa00ae513f24da53518b6d1531c6fd7b2e60fde1026c15?s=96&d=mm&r=g","contentUrl":"https:\/\/secure.gravatar.com\/avatar\/2393f992666bf58af5aa00ae513f24da53518b6d1531c6fd7b2e60fde1026c15?s=96&d=mm&r=g","caption":"Xurxo Agra"},"url":"https:\/\/www.anovapeneira.gal\/index.php\/author\/xurxoagra\/"}]}},"jetpack_featured_media_url":"https:\/\/www.anovapeneira.gal\/wp-content\/uploads\/2019\/07\/ARTIGO_DE_OPINION_A_NOVA_PENEIRA.jpg","_links":{"self":[{"href":"https:\/\/www.anovapeneira.gal\/index.php\/wp-json\/wp\/v2\/posts\/4794","targetHints":{"allow":["GET"]}}],"collection":[{"href":"https:\/\/www.anovapeneira.gal\/index.php\/wp-json\/wp\/v2\/posts"}],"about":[{"href":"https:\/\/www.anovapeneira.gal\/index.php\/wp-json\/wp\/v2\/types\/post"}],"author":[{"embeddable":true,"href":"https:\/\/www.anovapeneira.gal\/index.php\/wp-json\/wp\/v2\/users\/35"}],"replies":[{"embeddable":true,"href":"https:\/\/www.anovapeneira.gal\/index.php\/wp-json\/wp\/v2\/comments?post=4794"}],"version-history":[{"count":1,"href":"https:\/\/www.anovapeneira.gal\/index.php\/wp-json\/wp\/v2\/posts\/4794\/revisions"}],"predecessor-version":[{"id":4795,"href":"https:\/\/www.anovapeneira.gal\/index.php\/wp-json\/wp\/v2\/posts\/4794\/revisions\/4795"}],"wp:featuredmedia":[{"embeddable":true,"href":"https:\/\/www.anovapeneira.gal\/index.php\/wp-json\/wp\/v2\/media\/584"}],"wp:attachment":[{"href":"https:\/\/www.anovapeneira.gal\/index.php\/wp-json\/wp\/v2\/media?parent=4794"}],"wp:term":[{"taxonomy":"category","embeddable":true,"href":"https:\/\/www.anovapeneira.gal\/index.php\/wp-json\/wp\/v2\/categories?post=4794"},{"taxonomy":"post_tag","embeddable":true,"href":"https:\/\/www.anovapeneira.gal\/index.php\/wp-json\/wp\/v2\/tags?post=4794"}],"curies":[{"name":"wp","href":"https:\/\/api.w.org\/{rel}","templated":true}]}}