{"id":4796,"date":"2021-02-05T10:00:11","date_gmt":"2021-02-05T09:00:11","guid":{"rendered":"http:\/\/www.anovapeneira.gal\/?p=4796"},"modified":"2021-02-02T16:51:54","modified_gmt":"2021-02-02T15:51:54","slug":"sobre-o-amor-e-a-adolescencia","status":"publish","type":"post","link":"https:\/\/www.anovapeneira.gal\/index.php\/2021\/02\/05\/sobre-o-amor-e-a-adolescencia\/","title":{"rendered":"Sobre o amor e a adolescencia"},"content":{"rendered":"\n\n\n<p class=\"has-text-align-center\">\u201cLibre te quiero<br> como arroyo que brinca<br> de pe\u00f1a en pe\u00f1a.<br> Pero no m\u00eda.<br> Grande te quiero<br> como monte pre\u00f1ado<br> de primavera.<br> Pero no m\u00eda.<br> Buena te quiero<br> como pan que no sabe<br> su masa buena.<br> Pero no m\u00eda.<br> Alta te quiero<br> como chopo que al cielo<br> se despereza.<br> Pero no m\u00eda.<br> Blanca te quiero<br> como flor de azahares<br> sobre la tierra.<br> Pero no m\u00eda.<br> Pero no m\u00eda<br> ni de Dios ni de nadie<br> ni tuya siquiera\u201d<\/p>\n\n\n\n<pre class=\"wp-block-verse\"><strong>Agust\u00edn Garc\u00eda Calvo<\/strong><\/pre>\n\n\n\n<p>Cando eu ti\u00f1a 17 anos e levaba escasos meses sa\u00edndo coa mi\u00f1a primeira moza, houbo un s\u00e1bado no que ela me anunciou que non poderiamos quedar pois ti\u00f1a un compromiso cun grupo de amigos cos que ela consideraba que non ser\u00eda adecuado que eu me xuntara. Malia que non ti\u00f1a porqu\u00e9 facelo, explicoume de maneira razoada e razoable os motivos que, ao seu xu\u00edzo, explicaban a inconveniencia de que eu participara naquela xuntanza.Por\u00e9n eu enfadeime, ou se cadra ser\u00eda m\u00e1is adecuado dicir que me entristec\u00edn, non o sei .O certo \u00e9 que foi unha situaci\u00f3n un tanto desagradable que provocou a nosa primeira \u201ccrise\u201d no que ata ese momento parec\u00eda un idilio id\u00edlico.Esa fin de semana, en soidade, paseina facendo o que m\u00e1is me gusta facer cando non hai nada que mo impida, que \u00e9 ler poes\u00eda.E por fortuna caeu nas mi\u00f1as mans este poema de Agust\u00edn Garcia Calvo que produciu o efecto que sempre provoca en min a poes\u00eda , pois me axuda a comprender as realidades complexas e d\u00e1me o acougo necesario para superar as angustias existenciais.Aquel episodio, visto coa \u00f3ptica dos cincuenta anos, semella un problema cun tama\u00f1o propio dunha m\u00f3lecula insignificante, en comparaci\u00f3n coa dureza e a inmensidade das traxedias que a propia existencia tenos reservadas a todos os seres humanos ao longo do cami\u00f1o das nosas vidas, pero na adolescencia os bambeos das emoci\u00f3ns soen ter a intensidade da m\u00e1is intensa das treboadas.En calquera caso despois de ler, e m\u00e1is ou menos comprender o significado daquel poema,entend\u00edn que o equivocado era eu, desculpeime de maneira sinceira, e como en tantas outras ocasi\u00f3ns futuras, a poes\u00eda resolveu unha crise vital persoal, de maneira que aquel idilio seguiu sendo id\u00edlico, ata que anos despois, 1.009 kmts ( a distancia entre Vigo e Granada) fixeron imposible a s\u00faa continuidade.Cando un \u00e9 adolescente a biolox\u00eda impide comprender moitas cousas entre as que est\u00e1n a natureza profunda das relaci\u00f3ns persoais, a necesidade inherente \u00e1 nosa propia especie de sermos querid@s, de ser importantes para outros e outras , ou a mentira que sup\u00f3n a v\u00edsi\u00f3n t\u00f3pica do amor rom\u00e1ntico, que non \u00e9 outra cousa ca unha manifestaci\u00f3n m\u00e1is da sociedade patriarcal. A lectura dese poema , desde logo que con 17 anos non me serv\u00edu para comprender un asunto de natureza tan complexa, pero si que me deu pistas que, confirmadas polas experiencias futuras e a mi\u00f1a propia madurez bioloxica,me axudaron a intu\u00edr que amar de verdade a algu\u00e9n significa desexar e colaborar no seu benestar pero respectando escrupulosamente a s\u00faa liberdade individual sempre, en todos e cada un dos casos sen exepci\u00f3n. Se esa \u00faltima parte da proposici\u00f3n non existe, non \u00e9 amor. \u00c9 como dic\u00eda Quevedo \u201camor significa amar solamente ser amado\u201d, \u00e9 utiizar a outra persoa para satisfacer as nosas propias necesidades, xa sexan emocionais, xa sexuais xa de calquera tipo.Pode ser moitas cousas, incluso pode ser horroroso, pero amor non \u00e9.Agora que te\u00f1o unha filla adolescente que comeza a mergullarse neste tipo de emoci\u00f3ns, quixera dicirlle que agardo que ela tam\u00e9n poida comprender que como d\u00edc\u00eda Goytisolo \u201c a pesar dos pesares, ter\u00e1 amigos e ter\u00e1 amor\u201d.Pero que as persoas que se crucen no seu cami\u00f1o que a queiran, libre, como eu a quero, que a queiran de ningu\u00e9n, como eu a quero, que a queiran con capacidade para canear os seus propios condicionantes culturais\u201d ni tuya siquiera\u201d como eu a quero, son as que de verdade pagan a pena e as que desexo que a poidan acompa\u00f1ar na viaxe da s\u00faa vida.<\/p>\n","protected":false},"excerpt":{"rendered":"<div class=\"mh-excerpt\"><p>Cando eu ti\u00f1a 17 anos e levaba escasos meses sa\u00edndo coa mi\u00f1a primeira moza, houbo un s\u00e1bado no que ela me anunciou que non poderiamos quedar pois ti\u00f1a un compromiso cun grupo de amigos cos que ela consideraba que non ser\u00eda adecuado que eu me xuntara <a class=\"mh-excerpt-more\" href=\"https:\/\/www.anovapeneira.gal\/index.php\/2021\/02\/05\/sobre-o-amor-e-a-adolescencia\/\" title=\"Sobre o amor e a adolescencia\">[&#8230;]<\/a><\/p>\n<\/div>","protected":false},"author":2,"featured_media":913,"comment_status":"open","ping_status":"open","sticky":false,"template":"","format":"standard","meta":{"_exactmetrics_skip_tracking":false,"_exactmetrics_sitenote_active":false,"_exactmetrics_sitenote_note":"","_exactmetrics_sitenote_category":0,"footnotes":""},"categories":[61],"tags":[1032],"class_list":{"0":"post-4796","1":"post","2":"type-post","3":"status-publish","4":"format-standard","5":"has-post-thumbnail","7":"category-artigo-editorial","8":"tag-editorial"},"yoast_head":"<!-- This site is optimized with the Yoast SEO plugin v27.4 - https:\/\/yoast.com\/product\/yoast-seo-wordpress\/ -->\n<title>Sobre o amor e a adolescencia -<\/title>\n<meta name=\"robots\" content=\"index, follow, max-snippet:-1, max-image-preview:large, max-video-preview:-1\" \/>\n<link rel=\"canonical\" href=\"https:\/\/www.anovapeneira.gal\/index.php\/2021\/02\/05\/sobre-o-amor-e-a-adolescencia\/\" \/>\n<meta property=\"og:locale\" content=\"gl_ES\" \/>\n<meta property=\"og:type\" content=\"article\" \/>\n<meta property=\"og:title\" content=\"Sobre o amor e a adolescencia -\" \/>\n<meta property=\"og:description\" content=\"Cando eu ti\u00f1a 17 anos e levaba escasos meses sa\u00edndo coa mi\u00f1a primeira moza, houbo un s\u00e1bado no que ela me anunciou que non poderiamos quedar pois ti\u00f1a un compromiso cun grupo de amigos cos que ela consideraba que non ser\u00eda adecuado que eu me xuntara [...]\" \/>\n<meta property=\"og:url\" content=\"https:\/\/www.anovapeneira.gal\/index.php\/2021\/02\/05\/sobre-o-amor-e-a-adolescencia\/\" \/>\n<meta property=\"article:publisher\" content=\"https:\/\/www.facebook.com\/anovapeneira\" \/>\n<meta property=\"article:published_time\" content=\"2021-02-05T09:00:11+00:00\" \/>\n<meta property=\"og:image\" content=\"https:\/\/www.anovapeneira.gal\/wp-content\/uploads\/2019\/08\/artigo_editorial_a_nova_peneira.jpg\" \/>\n\t<meta property=\"og:image:width\" content=\"720\" \/>\n\t<meta property=\"og:image:height\" content=\"473\" \/>\n\t<meta property=\"og:image:type\" content=\"image\/jpeg\" \/>\n<meta name=\"author\" content=\"Tino Lago\" \/>\n<meta name=\"twitter:card\" content=\"summary_large_image\" \/>\n<meta name=\"twitter:creator\" content=\"@APeneira\" \/>\n<meta name=\"twitter:site\" content=\"@APeneira\" \/>\n<meta name=\"twitter:label1\" content=\"Escrito por\" \/>\n\t<meta name=\"twitter:data1\" content=\"Tino Lago\" \/>\n\t<meta name=\"twitter:label2\" content=\"Tempo de lectura\" \/>\n\t<meta name=\"twitter:data2\" content=\"4 minutos\" \/>\n<script type=\"application\/ld+json\" class=\"yoast-schema-graph\">{\"@context\":\"https:\\\/\\\/schema.org\",\"@graph\":[{\"@type\":\"Article\",\"@id\":\"https:\\\/\\\/www.anovapeneira.gal\\\/index.php\\\/2021\\\/02\\\/05\\\/sobre-o-amor-e-a-adolescencia\\\/#article\",\"isPartOf\":{\"@id\":\"https:\\\/\\\/www.anovapeneira.gal\\\/index.php\\\/2021\\\/02\\\/05\\\/sobre-o-amor-e-a-adolescencia\\\/\"},\"author\":{\"name\":\"Tino Lago\",\"@id\":\"https:\\\/\\\/www.anovapeneira.gal\\\/#\\\/schema\\\/person\\\/424dfe65e3070fd8a44d22d2c088762a\"},\"headline\":\"Sobre o amor e a adolescencia\",\"datePublished\":\"2021-02-05T09:00:11+00:00\",\"mainEntityOfPage\":{\"@id\":\"https:\\\/\\\/www.anovapeneira.gal\\\/index.php\\\/2021\\\/02\\\/05\\\/sobre-o-amor-e-a-adolescencia\\\/\"},\"wordCount\":734,\"commentCount\":0,\"publisher\":{\"@id\":\"https:\\\/\\\/www.anovapeneira.gal\\\/#organization\"},\"image\":{\"@id\":\"https:\\\/\\\/www.anovapeneira.gal\\\/index.php\\\/2021\\\/02\\\/05\\\/sobre-o-amor-e-a-adolescencia\\\/#primaryimage\"},\"thumbnailUrl\":\"https:\\\/\\\/www.anovapeneira.gal\\\/wp-content\\\/uploads\\\/2019\\\/08\\\/artigo_editorial_a_nova_peneira.jpg\",\"keywords\":[\"Editorial\"],\"articleSection\":[\"Artigo editorial\"],\"inLanguage\":\"gl-ES\",\"potentialAction\":[{\"@type\":\"CommentAction\",\"name\":\"Comment\",\"target\":[\"https:\\\/\\\/www.anovapeneira.gal\\\/index.php\\\/2021\\\/02\\\/05\\\/sobre-o-amor-e-a-adolescencia\\\/#respond\"]}]},{\"@type\":\"WebPage\",\"@id\":\"https:\\\/\\\/www.anovapeneira.gal\\\/index.php\\\/2021\\\/02\\\/05\\\/sobre-o-amor-e-a-adolescencia\\\/\",\"url\":\"https:\\\/\\\/www.anovapeneira.gal\\\/index.php\\\/2021\\\/02\\\/05\\\/sobre-o-amor-e-a-adolescencia\\\/\",\"name\":\"Sobre o amor e a adolescencia -\",\"isPartOf\":{\"@id\":\"https:\\\/\\\/www.anovapeneira.gal\\\/#website\"},\"primaryImageOfPage\":{\"@id\":\"https:\\\/\\\/www.anovapeneira.gal\\\/index.php\\\/2021\\\/02\\\/05\\\/sobre-o-amor-e-a-adolescencia\\\/#primaryimage\"},\"image\":{\"@id\":\"https:\\\/\\\/www.anovapeneira.gal\\\/index.php\\\/2021\\\/02\\\/05\\\/sobre-o-amor-e-a-adolescencia\\\/#primaryimage\"},\"thumbnailUrl\":\"https:\\\/\\\/www.anovapeneira.gal\\\/wp-content\\\/uploads\\\/2019\\\/08\\\/artigo_editorial_a_nova_peneira.jpg\",\"datePublished\":\"2021-02-05T09:00:11+00:00\",\"breadcrumb\":{\"@id\":\"https:\\\/\\\/www.anovapeneira.gal\\\/index.php\\\/2021\\\/02\\\/05\\\/sobre-o-amor-e-a-adolescencia\\\/#breadcrumb\"},\"inLanguage\":\"gl-ES\",\"potentialAction\":[{\"@type\":\"ReadAction\",\"target\":[\"https:\\\/\\\/www.anovapeneira.gal\\\/index.php\\\/2021\\\/02\\\/05\\\/sobre-o-amor-e-a-adolescencia\\\/\"]}]},{\"@type\":\"ImageObject\",\"inLanguage\":\"gl-ES\",\"@id\":\"https:\\\/\\\/www.anovapeneira.gal\\\/index.php\\\/2021\\\/02\\\/05\\\/sobre-o-amor-e-a-adolescencia\\\/#primaryimage\",\"url\":\"https:\\\/\\\/www.anovapeneira.gal\\\/wp-content\\\/uploads\\\/2019\\\/08\\\/artigo_editorial_a_nova_peneira.jpg\",\"contentUrl\":\"https:\\\/\\\/www.anovapeneira.gal\\\/wp-content\\\/uploads\\\/2019\\\/08\\\/artigo_editorial_a_nova_peneira.jpg\",\"width\":720,\"height\":473,\"caption\":\"Artigo editorial Tino Lago A Nova Peneira\"},{\"@type\":\"BreadcrumbList\",\"@id\":\"https:\\\/\\\/www.anovapeneira.gal\\\/index.php\\\/2021\\\/02\\\/05\\\/sobre-o-amor-e-a-adolescencia\\\/#breadcrumb\",\"itemListElement\":[{\"@type\":\"ListItem\",\"position\":1,\"name\":\"Portada\",\"item\":\"https:\\\/\\\/www.anovapeneira.gal\\\/\"},{\"@type\":\"ListItem\",\"position\":2,\"name\":\"Sobre o amor e a adolescencia\"}]},{\"@type\":\"WebSite\",\"@id\":\"https:\\\/\\\/www.anovapeneira.gal\\\/#website\",\"url\":\"https:\\\/\\\/www.anovapeneira.gal\\\/\",\"name\":\"\",\"description\":\"Xornal galego de informaci\u00f3n xeral Publicaci\u00f3n mensual de novas de Galicia e en especial dos Concellos da sur da provincia de Pontevedra.\",\"publisher\":{\"@id\":\"https:\\\/\\\/www.anovapeneira.gal\\\/#organization\"},\"potentialAction\":[{\"@type\":\"SearchAction\",\"target\":{\"@type\":\"EntryPoint\",\"urlTemplate\":\"https:\\\/\\\/www.anovapeneira.gal\\\/?s={search_term_string}\"},\"query-input\":{\"@type\":\"PropertyValueSpecification\",\"valueRequired\":true,\"valueName\":\"search_term_string\"}}],\"inLanguage\":\"gl-ES\"},{\"@type\":\"Organization\",\"@id\":\"https:\\\/\\\/www.anovapeneira.gal\\\/#organization\",\"name\":\"A Nova Peneira\",\"url\":\"https:\\\/\\\/www.anovapeneira.gal\\\/\",\"logo\":{\"@type\":\"ImageObject\",\"inLanguage\":\"gl-ES\",\"@id\":\"https:\\\/\\\/www.anovapeneira.gal\\\/#\\\/schema\\\/logo\\\/image\\\/\",\"url\":\"http:\\\/\\\/www.anovapeneira.gal\\\/wp-content\\\/uploads\\\/2019\\\/06\\\/logo_a_nova_peneira_portal_web.png\",\"contentUrl\":\"http:\\\/\\\/www.anovapeneira.gal\\\/wp-content\\\/uploads\\\/2019\\\/06\\\/logo_a_nova_peneira_portal_web.png\",\"width\":300,\"height\":100,\"caption\":\"A Nova Peneira\"},\"image\":{\"@id\":\"https:\\\/\\\/www.anovapeneira.gal\\\/#\\\/schema\\\/logo\\\/image\\\/\"},\"sameAs\":[\"https:\\\/\\\/www.facebook.com\\\/anovapeneira\",\"https:\\\/\\\/x.com\\\/APeneira\"]},{\"@type\":\"Person\",\"@id\":\"https:\\\/\\\/www.anovapeneira.gal\\\/#\\\/schema\\\/person\\\/424dfe65e3070fd8a44d22d2c088762a\",\"name\":\"Tino Lago\",\"image\":{\"@type\":\"ImageObject\",\"inLanguage\":\"gl-ES\",\"@id\":\"https:\\\/\\\/secure.gravatar.com\\\/avatar\\\/b3df6a06e44bab3111583b90f0f33a0379ee5e3d22cbadd232d39f21c30c62be?s=96&d=mm&r=g\",\"url\":\"https:\\\/\\\/secure.gravatar.com\\\/avatar\\\/b3df6a06e44bab3111583b90f0f33a0379ee5e3d22cbadd232d39f21c30c62be?s=96&d=mm&r=g\",\"contentUrl\":\"https:\\\/\\\/secure.gravatar.com\\\/avatar\\\/b3df6a06e44bab3111583b90f0f33a0379ee5e3d22cbadd232d39f21c30c62be?s=96&d=mm&r=g\",\"caption\":\"Tino Lago\"},\"sameAs\":[\"http:\\\/\\\/www.anovapeneira.gal\"],\"url\":\"https:\\\/\\\/www.anovapeneira.gal\\\/index.php\\\/author\\\/director\\\/\"}]}<\/script>\n<!-- \/ Yoast SEO plugin. -->","yoast_head_json":{"title":"Sobre o amor e a adolescencia -","robots":{"index":"index","follow":"follow","max-snippet":"max-snippet:-1","max-image-preview":"max-image-preview:large","max-video-preview":"max-video-preview:-1"},"canonical":"https:\/\/www.anovapeneira.gal\/index.php\/2021\/02\/05\/sobre-o-amor-e-a-adolescencia\/","og_locale":"gl_ES","og_type":"article","og_title":"Sobre o amor e a adolescencia -","og_description":"Cando eu ti\u00f1a 17 anos e levaba escasos meses sa\u00edndo coa mi\u00f1a primeira moza, houbo un s\u00e1bado no que ela me anunciou que non poderiamos quedar pois ti\u00f1a un compromiso cun grupo de amigos cos que ela consideraba que non ser\u00eda adecuado que eu me xuntara [...]","og_url":"https:\/\/www.anovapeneira.gal\/index.php\/2021\/02\/05\/sobre-o-amor-e-a-adolescencia\/","article_publisher":"https:\/\/www.facebook.com\/anovapeneira","article_published_time":"2021-02-05T09:00:11+00:00","og_image":[{"width":720,"height":473,"url":"https:\/\/www.anovapeneira.gal\/wp-content\/uploads\/2019\/08\/artigo_editorial_a_nova_peneira.jpg","type":"image\/jpeg"}],"author":"Tino Lago","twitter_card":"summary_large_image","twitter_creator":"@APeneira","twitter_site":"@APeneira","twitter_misc":{"Escrito por":"Tino Lago","Tempo de lectura":"4 minutos"},"schema":{"@context":"https:\/\/schema.org","@graph":[{"@type":"Article","@id":"https:\/\/www.anovapeneira.gal\/index.php\/2021\/02\/05\/sobre-o-amor-e-a-adolescencia\/#article","isPartOf":{"@id":"https:\/\/www.anovapeneira.gal\/index.php\/2021\/02\/05\/sobre-o-amor-e-a-adolescencia\/"},"author":{"name":"Tino Lago","@id":"https:\/\/www.anovapeneira.gal\/#\/schema\/person\/424dfe65e3070fd8a44d22d2c088762a"},"headline":"Sobre o amor e a adolescencia","datePublished":"2021-02-05T09:00:11+00:00","mainEntityOfPage":{"@id":"https:\/\/www.anovapeneira.gal\/index.php\/2021\/02\/05\/sobre-o-amor-e-a-adolescencia\/"},"wordCount":734,"commentCount":0,"publisher":{"@id":"https:\/\/www.anovapeneira.gal\/#organization"},"image":{"@id":"https:\/\/www.anovapeneira.gal\/index.php\/2021\/02\/05\/sobre-o-amor-e-a-adolescencia\/#primaryimage"},"thumbnailUrl":"https:\/\/www.anovapeneira.gal\/wp-content\/uploads\/2019\/08\/artigo_editorial_a_nova_peneira.jpg","keywords":["Editorial"],"articleSection":["Artigo editorial"],"inLanguage":"gl-ES","potentialAction":[{"@type":"CommentAction","name":"Comment","target":["https:\/\/www.anovapeneira.gal\/index.php\/2021\/02\/05\/sobre-o-amor-e-a-adolescencia\/#respond"]}]},{"@type":"WebPage","@id":"https:\/\/www.anovapeneira.gal\/index.php\/2021\/02\/05\/sobre-o-amor-e-a-adolescencia\/","url":"https:\/\/www.anovapeneira.gal\/index.php\/2021\/02\/05\/sobre-o-amor-e-a-adolescencia\/","name":"Sobre o amor e a adolescencia -","isPartOf":{"@id":"https:\/\/www.anovapeneira.gal\/#website"},"primaryImageOfPage":{"@id":"https:\/\/www.anovapeneira.gal\/index.php\/2021\/02\/05\/sobre-o-amor-e-a-adolescencia\/#primaryimage"},"image":{"@id":"https:\/\/www.anovapeneira.gal\/index.php\/2021\/02\/05\/sobre-o-amor-e-a-adolescencia\/#primaryimage"},"thumbnailUrl":"https:\/\/www.anovapeneira.gal\/wp-content\/uploads\/2019\/08\/artigo_editorial_a_nova_peneira.jpg","datePublished":"2021-02-05T09:00:11+00:00","breadcrumb":{"@id":"https:\/\/www.anovapeneira.gal\/index.php\/2021\/02\/05\/sobre-o-amor-e-a-adolescencia\/#breadcrumb"},"inLanguage":"gl-ES","potentialAction":[{"@type":"ReadAction","target":["https:\/\/www.anovapeneira.gal\/index.php\/2021\/02\/05\/sobre-o-amor-e-a-adolescencia\/"]}]},{"@type":"ImageObject","inLanguage":"gl-ES","@id":"https:\/\/www.anovapeneira.gal\/index.php\/2021\/02\/05\/sobre-o-amor-e-a-adolescencia\/#primaryimage","url":"https:\/\/www.anovapeneira.gal\/wp-content\/uploads\/2019\/08\/artigo_editorial_a_nova_peneira.jpg","contentUrl":"https:\/\/www.anovapeneira.gal\/wp-content\/uploads\/2019\/08\/artigo_editorial_a_nova_peneira.jpg","width":720,"height":473,"caption":"Artigo editorial Tino Lago A Nova Peneira"},{"@type":"BreadcrumbList","@id":"https:\/\/www.anovapeneira.gal\/index.php\/2021\/02\/05\/sobre-o-amor-e-a-adolescencia\/#breadcrumb","itemListElement":[{"@type":"ListItem","position":1,"name":"Portada","item":"https:\/\/www.anovapeneira.gal\/"},{"@type":"ListItem","position":2,"name":"Sobre o amor e a adolescencia"}]},{"@type":"WebSite","@id":"https:\/\/www.anovapeneira.gal\/#website","url":"https:\/\/www.anovapeneira.gal\/","name":"","description":"Xornal galego de informaci\u00f3n xeral Publicaci\u00f3n mensual de novas de Galicia e en especial dos Concellos da sur da provincia de Pontevedra.","publisher":{"@id":"https:\/\/www.anovapeneira.gal\/#organization"},"potentialAction":[{"@type":"SearchAction","target":{"@type":"EntryPoint","urlTemplate":"https:\/\/www.anovapeneira.gal\/?s={search_term_string}"},"query-input":{"@type":"PropertyValueSpecification","valueRequired":true,"valueName":"search_term_string"}}],"inLanguage":"gl-ES"},{"@type":"Organization","@id":"https:\/\/www.anovapeneira.gal\/#organization","name":"A Nova Peneira","url":"https:\/\/www.anovapeneira.gal\/","logo":{"@type":"ImageObject","inLanguage":"gl-ES","@id":"https:\/\/www.anovapeneira.gal\/#\/schema\/logo\/image\/","url":"http:\/\/www.anovapeneira.gal\/wp-content\/uploads\/2019\/06\/logo_a_nova_peneira_portal_web.png","contentUrl":"http:\/\/www.anovapeneira.gal\/wp-content\/uploads\/2019\/06\/logo_a_nova_peneira_portal_web.png","width":300,"height":100,"caption":"A Nova Peneira"},"image":{"@id":"https:\/\/www.anovapeneira.gal\/#\/schema\/logo\/image\/"},"sameAs":["https:\/\/www.facebook.com\/anovapeneira","https:\/\/x.com\/APeneira"]},{"@type":"Person","@id":"https:\/\/www.anovapeneira.gal\/#\/schema\/person\/424dfe65e3070fd8a44d22d2c088762a","name":"Tino Lago","image":{"@type":"ImageObject","inLanguage":"gl-ES","@id":"https:\/\/secure.gravatar.com\/avatar\/b3df6a06e44bab3111583b90f0f33a0379ee5e3d22cbadd232d39f21c30c62be?s=96&d=mm&r=g","url":"https:\/\/secure.gravatar.com\/avatar\/b3df6a06e44bab3111583b90f0f33a0379ee5e3d22cbadd232d39f21c30c62be?s=96&d=mm&r=g","contentUrl":"https:\/\/secure.gravatar.com\/avatar\/b3df6a06e44bab3111583b90f0f33a0379ee5e3d22cbadd232d39f21c30c62be?s=96&d=mm&r=g","caption":"Tino Lago"},"sameAs":["http:\/\/www.anovapeneira.gal"],"url":"https:\/\/www.anovapeneira.gal\/index.php\/author\/director\/"}]}},"jetpack_featured_media_url":"https:\/\/www.anovapeneira.gal\/wp-content\/uploads\/2019\/08\/artigo_editorial_a_nova_peneira.jpg","_links":{"self":[{"href":"https:\/\/www.anovapeneira.gal\/index.php\/wp-json\/wp\/v2\/posts\/4796","targetHints":{"allow":["GET"]}}],"collection":[{"href":"https:\/\/www.anovapeneira.gal\/index.php\/wp-json\/wp\/v2\/posts"}],"about":[{"href":"https:\/\/www.anovapeneira.gal\/index.php\/wp-json\/wp\/v2\/types\/post"}],"author":[{"embeddable":true,"href":"https:\/\/www.anovapeneira.gal\/index.php\/wp-json\/wp\/v2\/users\/2"}],"replies":[{"embeddable":true,"href":"https:\/\/www.anovapeneira.gal\/index.php\/wp-json\/wp\/v2\/comments?post=4796"}],"version-history":[{"count":1,"href":"https:\/\/www.anovapeneira.gal\/index.php\/wp-json\/wp\/v2\/posts\/4796\/revisions"}],"predecessor-version":[{"id":4797,"href":"https:\/\/www.anovapeneira.gal\/index.php\/wp-json\/wp\/v2\/posts\/4796\/revisions\/4797"}],"wp:featuredmedia":[{"embeddable":true,"href":"https:\/\/www.anovapeneira.gal\/index.php\/wp-json\/wp\/v2\/media\/913"}],"wp:attachment":[{"href":"https:\/\/www.anovapeneira.gal\/index.php\/wp-json\/wp\/v2\/media?parent=4796"}],"wp:term":[{"taxonomy":"category","embeddable":true,"href":"https:\/\/www.anovapeneira.gal\/index.php\/wp-json\/wp\/v2\/categories?post=4796"},{"taxonomy":"post_tag","embeddable":true,"href":"https:\/\/www.anovapeneira.gal\/index.php\/wp-json\/wp\/v2\/tags?post=4796"}],"curies":[{"name":"wp","href":"https:\/\/api.w.org\/{rel}","templated":true}]}}