{"id":4798,"date":"2021-02-05T12:00:51","date_gmt":"2021-02-05T11:00:51","guid":{"rendered":"http:\/\/www.anovapeneira.gal\/?p=4798"},"modified":"2021-02-08T12:18:57","modified_gmt":"2021-02-08T11:18:57","slug":"loli-castineira-alcaldesa-de-salceda-2","status":"publish","type":"post","link":"https:\/\/www.anovapeneira.gal\/index.php\/2021\/02\/05\/loli-castineira-alcaldesa-de-salceda-2\/","title":{"rendered":"Loli Casti\u00f1eira, Alcaldesa de Salceda"},"content":{"rendered":"\n<p>Cando Loli Casti\u00f1eira comezou a s\u00faa andaina como primeira alcaldesa de Salceda conversamos con ela para que nos falara das s\u00faas ilusi\u00f3ns e dos seus proxectos. A piques de rematar o seu mandato queremos falar de novo coa alcaldesa para que nos conte se se puideron levar cabo e como pasaron estes case dous anos cunha pandemia mundial causada por unha crise sanitaria polo medio<\/p>\n\n\n\n<h2 class=\"wp-block-heading\">\u201c<em>Os que amamos a pol\u00edtica e nos dedicamos a ela con todo o coraz\u00f3n, o que buscamos \u00e9 mellorar a vida da nosa veci\u00f1anza\u201d<\/em><\/h2>\n\n\n\n<p><strong>O primeiro Loli, como estades en Salceda, tanto de sa\u00fade como de \u00e1nimo polo Covid19 e como levades as novas restrici\u00f3n para intentar frear os contaxios?<\/strong><\/p>\n\n\n\n<blockquote class=\"wp-block-quote is-layout-flow wp-block-quote-is-layout-flow\"><p>Esta xa \u00e9 a terceira vaga e o cansazo vaise acumulando, tam\u00e9n a inquedanza pola situaci\u00f3n laboral e econ\u00f3mica. Hoxe temos 89 novos casos positivos ( 26 de xaneiro), esta cifra \u00e9 a m\u00e1is alta desde o inicio da pandemia e a transmisi\u00f3n \u00e9 comunitaria.Esta situaci\u00f3n \u00e9 semellante nos concellos que nos rodean e en toda Galicia en xeral. Fai que te\u00f1amos que extremar moit\u00edsimo as precauci\u00f3ns e outra vez m\u00e1is pedir un maior esforzo \u00e1 poboaci\u00f3n, sei que a maior\u00eda da xente cumpre, pero ata que consigamos que sexamos toda a poboaci\u00f3n a que cumpra, non imos a poder parar esta transmisi\u00f3n comunitaria.<\/p><\/blockquote>\n\n\n\n<blockquote class=\"wp-block-quote is-layout-flow wp-block-quote-is-layout-flow\"><p>Ao longo de toda a pandemia, no noso concello conseguimos a manter uns bos datos, sempre por debaixo dos concellos lim\u00edtrofes, pero creo que baixamos a garda no nadal e as consecuencias son estas, esta terceira vaga que nos trae datos demoledores.<\/p><\/blockquote>\n\n\n\n<p><strong>Como te sentes agora que est\u00e1 a piques de acabar a s\u00faa etapa de alcaldesa?<\/strong><\/p>\n\n\n\n<blockquote class=\"wp-block-quote is-layout-flow wp-block-quote-is-layout-flow\"><p>Para min foron un ano e seis meses de mandato cheos de emoci\u00f3ns. Marcado pola crise sanitaria onde a xestionamos con acertos e erros, pero sempre con coordinaci\u00f3n e chegando a acordos co comit\u00e9 de seguimento, co \u00fanico obxectivo de traballar por e para a veci\u00f1anza de Salceda. Os que amamos a pol\u00edtica e nos dedicamos a ela con todo o coraz\u00f3n, o que buscamos \u00e9 mellorar a vida da nosa veci\u00f1anza, tocoume o momento pol\u00edtico de coidar \u00e1 xente durante esta ani\u00f1o da covid19.<\/p><\/blockquote>\n\n\n\n<p><strong>Que valoraci\u00f3n fas da mesma?<\/strong><\/p>\n\n\n\n<blockquote class=\"wp-block-quote is-layout-flow wp-block-quote-is-layout-flow\"><p>Foi un tempo moi positivo. Rematamos moit\u00edsimas obras que estaban en marcha do anterior mandato e foron fundamentais para levar con solvencia e bo resultado esta crise.<\/p><\/blockquote>\n\n\n\n<p><strong>Cales foron as principais actuaci\u00f3n desenvolvidas nestes dous anos?<\/strong><\/p>\n\n\n\n<blockquote class=\"wp-block-quote is-layout-flow wp-block-quote-is-layout-flow\"><p>Rematamos a Praza da Devesa, a humanizaci\u00f3n da R\u00faa Compostela, a humanizaci\u00f3n da R\u00faa G\u00e1ndara. Actuamos en moit\u00edsimas parroquias e xeramos espazos pensados para a xente e cobraron moit\u00edsimo protagonismo na crise do Covid. Cando estivemos confinados e comezamos a sa\u00edr puxemos en valor, se cadra un pouqui\u00f1o m\u00e1is, todos estes espazos recuperados e humanizados para a xente.<\/p><\/blockquote>\n\n\n\n<blockquote class=\"wp-block-quote is-layout-flow wp-block-quote-is-layout-flow\"><p>O Centro de Sa\u00fade, inauguralo foi unha demanda hist\u00f3rica e non puido chegar en mellor momento. Ti\u00f1amos unha necesidade brutal de espazo e desde logo que para min foi o logro deste ano.<\/p><\/blockquote>\n\n\n\n<blockquote class=\"wp-block-quote is-layout-flow wp-block-quote-is-layout-flow\"><p>Puxemos en marcha o Gabinete de Atenci\u00f3n Temper\u00e1n, no que atendemos m\u00e1is de 60 nenos e nenas do concello. Este servizo compart\u00edmolo coas Neves e xa nos est\u00e1 facendo falta o servizo para n\u00f3s sos, son moit\u00edsimos nenos e nenas para este gabinete.<\/p><\/blockquote>\n\n\n\n<blockquote class=\"wp-block-quote is-layout-flow wp-block-quote-is-layout-flow\"><p>Creamos o Gabinete de Psicolox\u00eda, no que est\u00e1n sendo atendidos m\u00e1is de 40 veci\u00f1os e veci\u00f1as. A creaci\u00f3n de este gabinete xusto na segunda vaga do covid foi moi importante.<\/p><\/blockquote>\n\n\n\n<blockquote class=\"wp-block-quote is-layout-flow wp-block-quote-is-layout-flow\"><p>E agora estamos a piques de inaugurar o \u201cCentro de Enfermidades Neurodexenerativas\u201d, que est\u00e1 na antiga escola de Vendanova. Acabamos de asinar o convenio con AFAGA e para a semana comezamos a realizar os dous programas que temos en marcha, \u201cActiva a mente\u201d e \u201cCultiva a mente\u201d.<\/p><\/blockquote>\n\n\n\n<blockquote class=\"wp-block-quote is-layout-flow wp-block-quote-is-layout-flow\"><p>Tam\u00e9n aprobamos o segundo Plan de Igualdade e levamos un mont\u00f3n de medidas postas en marcha tam\u00e9n.<\/p><\/blockquote>\n\n\n\n<blockquote class=\"wp-block-quote is-layout-flow wp-block-quote-is-layout-flow\"><p>Moi orgullosa destes tres gabinetes porque son todos para coidar aos veci\u00f1os e veci\u00f1as da nosa vila.<\/p><\/blockquote>\n\n\n\n<p><strong>Cales son os principais obxectivos para os dous \u00faltimos anos de mandato nos que ti ser\u00e1s tenenta de alcaldesa?<\/strong><\/p>\n\n\n\n<blockquote class=\"wp-block-quote is-layout-flow wp-block-quote-is-layout-flow\"><p>Son obxectivos de equipo pensados nun mandato de catro anos. Non hai primeiras nin segundas, independentemente de que ocupe eu a alcald\u00eda ou a mi\u00f1a compa\u00f1eira Ver\u00f3nica. Ata o de agora funcionamos as\u00ed e estou segura que imos seguir as\u00ed, cuns obxectivos claros.<\/p><\/blockquote>\n\n\n\n<blockquote class=\"wp-block-quote is-layout-flow wp-block-quote-is-layout-flow\"><p>Os m\u00e1is pr\u00f3ximos, aprobar no vindeiro pleno a RPT (relaci\u00f3n de postos de traballo). Este \u00e9 un compromiso cos traballadores e traballadoras deste concello e formaba parte do acordo de goberno.<\/p><\/blockquote>\n\n\n\n<blockquote class=\"wp-block-quote is-layout-flow wp-block-quote-is-layout-flow\"><p>Levaremos tam\u00e9n os terceiros orzamentos para aprobar en ano e medio. Xestionar economicamente \u00e9 moi importante.<\/p><\/blockquote>\n\n\n\n<blockquote class=\"wp-block-quote is-layout-flow wp-block-quote-is-layout-flow\"><p>Posto en marcha tam\u00e9n en cuesti\u00f3ns de semana porque xa 16 empresas presentaron proxecto para a Senda de Parderrubias. Esta \u00e9 unha senda cicloturista que conecta o centro co IES Pedrarrubias por unha zona moi perigosa. Esta obra est\u00e1 financiada pola Xunta e ademais recolle moitas melloras no espazo como o saneamento, pero sobre todo o que mellora \u00e9 a seguridade viaria para toda a veci\u00f1anza de Parderrubias e todo o alumnado que usa ese treito para ir ao instituto.<\/p><\/blockquote>\n\n\n\n<blockquote class=\"wp-block-quote is-layout-flow wp-block-quote-is-layout-flow\"><p>Moito traballo por diante, e traballo en equipo.<\/p><\/blockquote>\n\n\n\n<p><strong>A relaci\u00f3n cos teus socios do PSOE sempre a valoraches moi positivamente, agora que est\u00e1s a piques de rematar a t\u00faa etapa como alcaldesa segues pensando o mesmo?<\/strong><\/p>\n\n\n\n<blockquote class=\"wp-block-quote is-layout-flow wp-block-quote-is-layout-flow\"><p>Hai cousas que dificilmente se poden disimular e cando un goberno est\u00e1 compartido por dous partidos pol\u00edticos que temos as nosas diferenzas en canto a proxectos de ideolox\u00eda \u00e9 moi f\u00e1cil que haxa diferenzas, que transcendan e a opini\u00f3n p\u00fablica o saiba. No noso caso isto non aconteceu porque a relaci\u00f3n de equipo \u00e9 oi boa, discutimos cando non estamos de acordo no enfoque dos proxectos, da metodolox\u00eda ou da xesti\u00f3n, pero discut\u00edmolo e aportamos soluci\u00f3ns en equipo. Temos claro, tanto Movemento Salceda como Psoe que o noso obxectivo \u00e9 mellorar Salceda. A nosa relaci\u00f3n \u00e9 moi boa e o funcionamento do equipo tam\u00e9n.<\/p><\/blockquote>\n\n\n\n<p><strong>Movemento Salceda ten futuro na &nbsp;escena pol\u00edtica de Salceda despois do 2.023?<\/strong><\/p>\n\n\n\n<blockquote class=\"wp-block-quote is-layout-flow wp-block-quote-is-layout-flow\"><p>Ese ser\u00e1 un debate que te\u00f1amos que dar no seno do partido. A nosa ideolox\u00eda \u00e9 a mesma e teremos que debater no seno de Movemento Salceda cos nosos militantes cal \u00e9 o futuro se \u00e9 que algo ten que mudar en Movemento Salceda. Somos un proxecto pensado por e para Salceda e as\u00ed seguir\u00e1 sendo.<\/p><\/blockquote>\n\n\n\n<p><strong>Considerades alg\u00fan tipo de colaboraci\u00f3n co BNG local, co gallo de volver unificar o nacionalismo na vosa vila?<\/strong><\/p>\n\n\n\n<blockquote class=\"wp-block-quote is-layout-flow wp-block-quote-is-layout-flow\"><p>Eu non me pecha a nada, son unha persoa de talante, consenso, dialogo e de chegar a acordos se os obxectivos son com\u00fans.<\/p><\/blockquote>\n\n\n\n<p><strong>E o futuro de Loli Casti\u00f1eiras no 2.023?, tes pensado seguir no mundo da pol\u00edtica?<\/strong><\/p>\n\n\n\n<blockquote class=\"wp-block-quote is-layout-flow wp-block-quote-is-layout-flow\"><p>Risas\u2026.. Eu sempre te\u00f1o na cabeza o d\u00eda que fun nomeada alcaldesa, para min foi un dos d\u00edas m\u00e1is felices da mi\u00f1a vida e sempre dixen que hab\u00eda d\u00faas cousas das que me \u00eda sentir moi orgullosa sempre. Unha \u00e9 ser a primeira alcaldesa do meu concello e a outra \u00e9 ser galega, son moi afortunada por estes dous feitos, te\u00f1o que estar a altura e facer que os meus veci\u00f1os e veci\u00f1as se sintan orgullosos da s\u00faa alcaldesa.<\/p><\/blockquote>\n\n\n\n<p><strong>Agora imos falar dun feito ben triste que acaba de acontecer. O recente falecemento do alcalde de Cangas, Xose Manuel Pazos, deixa un baleiro ben grande no coraz\u00f3n de moitas persoas. Pazos ti\u00f1a moito v\u00ednculo con Salceda, queres deixar unha palabras na s\u00faa memoria?<\/strong><\/p>\n\n\n\n<blockquote class=\"wp-block-quote is-layout-flow wp-block-quote-is-layout-flow\"><p>Pouco che podo dicir, creo que a todos nos doeu moito a morte de Pazos. Co\u00f1ec\u00edamos o seu estado de sa\u00fade, eu mesmo berregaba con el porque fumaba moito. Creo que nos doeu a todos un mont\u00f3n. Era un tipo incr\u00edbel, un sabio, un retranqueiro\u2026. un tipo de esquerdas coas ideas moi claras, de pa\u00eds, de constru\u00edr. Un tipo adorable e moi afable no trato, do que hab\u00eda moito que aprender e que eu vou botar moit\u00edsimo de menos.<\/p><\/blockquote>\n\n\n\n<p><strong>Moitas grazas Loli pola t\u00faa conversa con n\u00f3s.<\/strong><\/p>\n\n\n\n<blockquote class=\"wp-block-quote is-layout-flow wp-block-quote-is-layout-flow\"><p>Gracias a v\u00f3s.<\/p><\/blockquote>\n","protected":false},"excerpt":{"rendered":"<div class=\"mh-excerpt\"><p>Cando Loli Cati\u00f1eiras comezou a s\u00faa andaina como primeira alcaldesa de Salceda conversamos con ela para que nos falara das s\u00faas ilusi\u00f3ns e dos seus proxectos. A piques de rematar o seu mandato queremos falar de novo coa alcaldesa para que nos conte se se puideron levar cabo e como pasaron estes case dous anos cunha pandemia mundial causada por unha crise sanitaria polo medio <a class=\"mh-excerpt-more\" href=\"https:\/\/www.anovapeneira.gal\/index.php\/2021\/02\/05\/loli-castineira-alcaldesa-de-salceda-2\/\" title=\"Loli Casti\u00f1eira, Alcaldesa de Salceda\">[&#8230;]<\/a><\/p>\n<\/div>","protected":false},"author":17,"featured_media":4799,"comment_status":"open","ping_status":"open","sticky":false,"template":"","format":"standard","meta":{"_exactmetrics_skip_tracking":false,"_exactmetrics_sitenote_active":false,"_exactmetrics_sitenote_note":"","_exactmetrics_sitenote_category":0,"footnotes":""},"categories":[265],"tags":[359],"class_list":{"0":"post-4798","1":"post","2":"type-post","3":"status-publish","4":"format-standard","5":"has-post-thumbnail","7":"category-a-lourina-entrevistas","8":"tag-concello-de-salceda-de-caselas"},"yoast_head":"<!-- This site is optimized with the Yoast SEO plugin v27.4 - https:\/\/yoast.com\/product\/yoast-seo-wordpress\/ -->\n<title>Loli Casti\u00f1eira, Alcaldesa de Salceda -<\/title>\n<meta name=\"description\" content=\"Cando Loli Cati\u00f1eiras comezou a s\u00faa andaina como primeira alcaldesa de Salceda conversamos con ela para que nos falara das s\u00faas ilusi\u00f3ns e dos seus proxectos. A piques de rematar o seu mandato queremos falar de novo coa alcaldesa para que nos conte se se puideron levar cabo e como pasaron estes case dous anos cunha pandemia mundial causada por unha crise sanitaria polo medio\" \/>\n<meta name=\"robots\" content=\"index, follow, max-snippet:-1, max-image-preview:large, max-video-preview:-1\" \/>\n<link rel=\"canonical\" href=\"https:\/\/www.anovapeneira.gal\/index.php\/2021\/02\/05\/loli-castineira-alcaldesa-de-salceda-2\/\" \/>\n<meta property=\"og:locale\" content=\"gl_ES\" \/>\n<meta property=\"og:type\" content=\"article\" \/>\n<meta property=\"og:title\" content=\"Loli Casti\u00f1eira, Alcaldesa de Salceda -\" \/>\n<meta property=\"og:description\" content=\"Cando Loli Cati\u00f1eiras comezou a s\u00faa andaina como primeira alcaldesa de Salceda conversamos con ela para que nos falara das s\u00faas ilusi\u00f3ns e dos seus proxectos. A piques de rematar o seu mandato queremos falar de novo coa alcaldesa para que nos conte se se puideron levar cabo e como pasaron estes case dous anos cunha pandemia mundial causada por unha crise sanitaria polo medio\" \/>\n<meta property=\"og:url\" content=\"https:\/\/www.anovapeneira.gal\/index.php\/2021\/02\/05\/loli-castineira-alcaldesa-de-salceda-2\/\" \/>\n<meta property=\"article:publisher\" content=\"https:\/\/www.facebook.com\/anovapeneira\" \/>\n<meta property=\"article:published_time\" content=\"2021-02-05T11:00:51+00:00\" \/>\n<meta property=\"article:modified_time\" content=\"2021-02-08T11:18:57+00:00\" \/>\n<meta property=\"og:image\" content=\"https:\/\/www.anovapeneira.gal\/wp-content\/uploads\/2021\/02\/loli_castineira_alcadesa_salceda.jpg\" \/>\n\t<meta property=\"og:image:width\" content=\"720\" \/>\n\t<meta property=\"og:image:height\" content=\"432\" \/>\n\t<meta property=\"og:image:type\" content=\"image\/jpeg\" \/>\n<meta name=\"author\" content=\"G. Figueiredo\" \/>\n<meta name=\"twitter:card\" content=\"summary_large_image\" \/>\n<meta name=\"twitter:creator\" content=\"@APeneira\" \/>\n<meta name=\"twitter:site\" content=\"@APeneira\" \/>\n<meta name=\"twitter:label1\" content=\"Escrito por\" \/>\n\t<meta name=\"twitter:data1\" content=\"G. Figueiredo\" \/>\n\t<meta name=\"twitter:label2\" content=\"Tempo de lectura\" \/>\n\t<meta name=\"twitter:data2\" content=\"7 minutos\" \/>\n<script type=\"application\/ld+json\" class=\"yoast-schema-graph\">{\"@context\":\"https:\\\/\\\/schema.org\",\"@graph\":[{\"@type\":\"Article\",\"@id\":\"https:\\\/\\\/www.anovapeneira.gal\\\/index.php\\\/2021\\\/02\\\/05\\\/loli-castineira-alcaldesa-de-salceda-2\\\/#article\",\"isPartOf\":{\"@id\":\"https:\\\/\\\/www.anovapeneira.gal\\\/index.php\\\/2021\\\/02\\\/05\\\/loli-castineira-alcaldesa-de-salceda-2\\\/\"},\"author\":{\"name\":\"G. Figueiredo\",\"@id\":\"https:\\\/\\\/www.anovapeneira.gal\\\/#\\\/schema\\\/person\\\/42f904d7cac80cf3f5a31494dd82a9b6\"},\"headline\":\"Loli Casti\u00f1eira, Alcaldesa de Salceda\",\"datePublished\":\"2021-02-05T11:00:51+00:00\",\"dateModified\":\"2021-02-08T11:18:57+00:00\",\"mainEntityOfPage\":{\"@id\":\"https:\\\/\\\/www.anovapeneira.gal\\\/index.php\\\/2021\\\/02\\\/05\\\/loli-castineira-alcaldesa-de-salceda-2\\\/\"},\"wordCount\":1420,\"commentCount\":0,\"publisher\":{\"@id\":\"https:\\\/\\\/www.anovapeneira.gal\\\/#organization\"},\"image\":{\"@id\":\"https:\\\/\\\/www.anovapeneira.gal\\\/index.php\\\/2021\\\/02\\\/05\\\/loli-castineira-alcaldesa-de-salceda-2\\\/#primaryimage\"},\"thumbnailUrl\":\"https:\\\/\\\/www.anovapeneira.gal\\\/wp-content\\\/uploads\\\/2021\\\/02\\\/loli_castineira_alcadesa_salceda.jpg\",\"keywords\":[\"Concello de Salceda de Caselas\"],\"articleSection\":[\"A Louri\u00f1a\"],\"inLanguage\":\"gl-ES\",\"potentialAction\":[{\"@type\":\"CommentAction\",\"name\":\"Comment\",\"target\":[\"https:\\\/\\\/www.anovapeneira.gal\\\/index.php\\\/2021\\\/02\\\/05\\\/loli-castineira-alcaldesa-de-salceda-2\\\/#respond\"]}]},{\"@type\":\"WebPage\",\"@id\":\"https:\\\/\\\/www.anovapeneira.gal\\\/index.php\\\/2021\\\/02\\\/05\\\/loli-castineira-alcaldesa-de-salceda-2\\\/\",\"url\":\"https:\\\/\\\/www.anovapeneira.gal\\\/index.php\\\/2021\\\/02\\\/05\\\/loli-castineira-alcaldesa-de-salceda-2\\\/\",\"name\":\"Loli Casti\u00f1eira, Alcaldesa de Salceda -\",\"isPartOf\":{\"@id\":\"https:\\\/\\\/www.anovapeneira.gal\\\/#website\"},\"primaryImageOfPage\":{\"@id\":\"https:\\\/\\\/www.anovapeneira.gal\\\/index.php\\\/2021\\\/02\\\/05\\\/loli-castineira-alcaldesa-de-salceda-2\\\/#primaryimage\"},\"image\":{\"@id\":\"https:\\\/\\\/www.anovapeneira.gal\\\/index.php\\\/2021\\\/02\\\/05\\\/loli-castineira-alcaldesa-de-salceda-2\\\/#primaryimage\"},\"thumbnailUrl\":\"https:\\\/\\\/www.anovapeneira.gal\\\/wp-content\\\/uploads\\\/2021\\\/02\\\/loli_castineira_alcadesa_salceda.jpg\",\"datePublished\":\"2021-02-05T11:00:51+00:00\",\"dateModified\":\"2021-02-08T11:18:57+00:00\",\"description\":\"Cando Loli Cati\u00f1eiras comezou a s\u00faa andaina como primeira alcaldesa de Salceda conversamos con ela para que nos falara das s\u00faas ilusi\u00f3ns e dos seus proxectos. A piques de rematar o seu mandato queremos falar de novo coa alcaldesa para que nos conte se se puideron levar cabo e como pasaron estes case dous anos cunha pandemia mundial causada por unha crise sanitaria polo medio\",\"breadcrumb\":{\"@id\":\"https:\\\/\\\/www.anovapeneira.gal\\\/index.php\\\/2021\\\/02\\\/05\\\/loli-castineira-alcaldesa-de-salceda-2\\\/#breadcrumb\"},\"inLanguage\":\"gl-ES\",\"potentialAction\":[{\"@type\":\"ReadAction\",\"target\":[\"https:\\\/\\\/www.anovapeneira.gal\\\/index.php\\\/2021\\\/02\\\/05\\\/loli-castineira-alcaldesa-de-salceda-2\\\/\"]}]},{\"@type\":\"ImageObject\",\"inLanguage\":\"gl-ES\",\"@id\":\"https:\\\/\\\/www.anovapeneira.gal\\\/index.php\\\/2021\\\/02\\\/05\\\/loli-castineira-alcaldesa-de-salceda-2\\\/#primaryimage\",\"url\":\"https:\\\/\\\/www.anovapeneira.gal\\\/wp-content\\\/uploads\\\/2021\\\/02\\\/loli_castineira_alcadesa_salceda.jpg\",\"contentUrl\":\"https:\\\/\\\/www.anovapeneira.gal\\\/wp-content\\\/uploads\\\/2021\\\/02\\\/loli_castineira_alcadesa_salceda.jpg\",\"width\":720,\"height\":432,\"caption\":\"Loli Casti\u00f1eira Alcaldesa de Salceda de Caselas\"},{\"@type\":\"BreadcrumbList\",\"@id\":\"https:\\\/\\\/www.anovapeneira.gal\\\/index.php\\\/2021\\\/02\\\/05\\\/loli-castineira-alcaldesa-de-salceda-2\\\/#breadcrumb\",\"itemListElement\":[{\"@type\":\"ListItem\",\"position\":1,\"name\":\"Portada\",\"item\":\"https:\\\/\\\/www.anovapeneira.gal\\\/\"},{\"@type\":\"ListItem\",\"position\":2,\"name\":\"Loli Casti\u00f1eira, Alcaldesa de Salceda\"}]},{\"@type\":\"WebSite\",\"@id\":\"https:\\\/\\\/www.anovapeneira.gal\\\/#website\",\"url\":\"https:\\\/\\\/www.anovapeneira.gal\\\/\",\"name\":\"\",\"description\":\"Xornal galego de informaci\u00f3n xeral Publicaci\u00f3n mensual de novas de Galicia e en especial dos Concellos da sur da provincia de Pontevedra.\",\"publisher\":{\"@id\":\"https:\\\/\\\/www.anovapeneira.gal\\\/#organization\"},\"potentialAction\":[{\"@type\":\"SearchAction\",\"target\":{\"@type\":\"EntryPoint\",\"urlTemplate\":\"https:\\\/\\\/www.anovapeneira.gal\\\/?s={search_term_string}\"},\"query-input\":{\"@type\":\"PropertyValueSpecification\",\"valueRequired\":true,\"valueName\":\"search_term_string\"}}],\"inLanguage\":\"gl-ES\"},{\"@type\":\"Organization\",\"@id\":\"https:\\\/\\\/www.anovapeneira.gal\\\/#organization\",\"name\":\"A Nova Peneira\",\"url\":\"https:\\\/\\\/www.anovapeneira.gal\\\/\",\"logo\":{\"@type\":\"ImageObject\",\"inLanguage\":\"gl-ES\",\"@id\":\"https:\\\/\\\/www.anovapeneira.gal\\\/#\\\/schema\\\/logo\\\/image\\\/\",\"url\":\"http:\\\/\\\/www.anovapeneira.gal\\\/wp-content\\\/uploads\\\/2019\\\/06\\\/logo_a_nova_peneira_portal_web.png\",\"contentUrl\":\"http:\\\/\\\/www.anovapeneira.gal\\\/wp-content\\\/uploads\\\/2019\\\/06\\\/logo_a_nova_peneira_portal_web.png\",\"width\":300,\"height\":100,\"caption\":\"A Nova Peneira\"},\"image\":{\"@id\":\"https:\\\/\\\/www.anovapeneira.gal\\\/#\\\/schema\\\/logo\\\/image\\\/\"},\"sameAs\":[\"https:\\\/\\\/www.facebook.com\\\/anovapeneira\",\"https:\\\/\\\/x.com\\\/APeneira\"]},{\"@type\":\"Person\",\"@id\":\"https:\\\/\\\/www.anovapeneira.gal\\\/#\\\/schema\\\/person\\\/42f904d7cac80cf3f5a31494dd82a9b6\",\"name\":\"G. Figueiredo\",\"image\":{\"@type\":\"ImageObject\",\"inLanguage\":\"gl-ES\",\"@id\":\"https:\\\/\\\/secure.gravatar.com\\\/avatar\\\/2d970086688458e0398ef8b84f5cbb8cc1ec3ab115aeb8435135a9f556af97b3?s=96&d=mm&r=g\",\"url\":\"https:\\\/\\\/secure.gravatar.com\\\/avatar\\\/2d970086688458e0398ef8b84f5cbb8cc1ec3ab115aeb8435135a9f556af97b3?s=96&d=mm&r=g\",\"contentUrl\":\"https:\\\/\\\/secure.gravatar.com\\\/avatar\\\/2d970086688458e0398ef8b84f5cbb8cc1ec3ab115aeb8435135a9f556af97b3?s=96&d=mm&r=g\",\"caption\":\"G. Figueiredo\"},\"sameAs\":[\"http:\\\/\\\/www.anovapeneira.gal\\\/\"],\"url\":\"https:\\\/\\\/www.anovapeneira.gal\\\/index.php\\\/author\\\/g-figueiredo\\\/\"}]}<\/script>\n<!-- \/ Yoast SEO plugin. -->","yoast_head_json":{"title":"Loli Casti\u00f1eira, Alcaldesa de Salceda -","description":"Cando Loli Cati\u00f1eiras comezou a s\u00faa andaina como primeira alcaldesa de Salceda conversamos con ela para que nos falara das s\u00faas ilusi\u00f3ns e dos seus proxectos. A piques de rematar o seu mandato queremos falar de novo coa alcaldesa para que nos conte se se puideron levar cabo e como pasaron estes case dous anos cunha pandemia mundial causada por unha crise sanitaria polo medio","robots":{"index":"index","follow":"follow","max-snippet":"max-snippet:-1","max-image-preview":"max-image-preview:large","max-video-preview":"max-video-preview:-1"},"canonical":"https:\/\/www.anovapeneira.gal\/index.php\/2021\/02\/05\/loli-castineira-alcaldesa-de-salceda-2\/","og_locale":"gl_ES","og_type":"article","og_title":"Loli Casti\u00f1eira, Alcaldesa de Salceda -","og_description":"Cando Loli Cati\u00f1eiras comezou a s\u00faa andaina como primeira alcaldesa de Salceda conversamos con ela para que nos falara das s\u00faas ilusi\u00f3ns e dos seus proxectos. A piques de rematar o seu mandato queremos falar de novo coa alcaldesa para que nos conte se se puideron levar cabo e como pasaron estes case dous anos cunha pandemia mundial causada por unha crise sanitaria polo medio","og_url":"https:\/\/www.anovapeneira.gal\/index.php\/2021\/02\/05\/loli-castineira-alcaldesa-de-salceda-2\/","article_publisher":"https:\/\/www.facebook.com\/anovapeneira","article_published_time":"2021-02-05T11:00:51+00:00","article_modified_time":"2021-02-08T11:18:57+00:00","og_image":[{"width":720,"height":432,"url":"https:\/\/www.anovapeneira.gal\/wp-content\/uploads\/2021\/02\/loli_castineira_alcadesa_salceda.jpg","type":"image\/jpeg"}],"author":"G. Figueiredo","twitter_card":"summary_large_image","twitter_creator":"@APeneira","twitter_site":"@APeneira","twitter_misc":{"Escrito por":"G. Figueiredo","Tempo de lectura":"7 minutos"},"schema":{"@context":"https:\/\/schema.org","@graph":[{"@type":"Article","@id":"https:\/\/www.anovapeneira.gal\/index.php\/2021\/02\/05\/loli-castineira-alcaldesa-de-salceda-2\/#article","isPartOf":{"@id":"https:\/\/www.anovapeneira.gal\/index.php\/2021\/02\/05\/loli-castineira-alcaldesa-de-salceda-2\/"},"author":{"name":"G. Figueiredo","@id":"https:\/\/www.anovapeneira.gal\/#\/schema\/person\/42f904d7cac80cf3f5a31494dd82a9b6"},"headline":"Loli Casti\u00f1eira, Alcaldesa de Salceda","datePublished":"2021-02-05T11:00:51+00:00","dateModified":"2021-02-08T11:18:57+00:00","mainEntityOfPage":{"@id":"https:\/\/www.anovapeneira.gal\/index.php\/2021\/02\/05\/loli-castineira-alcaldesa-de-salceda-2\/"},"wordCount":1420,"commentCount":0,"publisher":{"@id":"https:\/\/www.anovapeneira.gal\/#organization"},"image":{"@id":"https:\/\/www.anovapeneira.gal\/index.php\/2021\/02\/05\/loli-castineira-alcaldesa-de-salceda-2\/#primaryimage"},"thumbnailUrl":"https:\/\/www.anovapeneira.gal\/wp-content\/uploads\/2021\/02\/loli_castineira_alcadesa_salceda.jpg","keywords":["Concello de Salceda de Caselas"],"articleSection":["A Louri\u00f1a"],"inLanguage":"gl-ES","potentialAction":[{"@type":"CommentAction","name":"Comment","target":["https:\/\/www.anovapeneira.gal\/index.php\/2021\/02\/05\/loli-castineira-alcaldesa-de-salceda-2\/#respond"]}]},{"@type":"WebPage","@id":"https:\/\/www.anovapeneira.gal\/index.php\/2021\/02\/05\/loli-castineira-alcaldesa-de-salceda-2\/","url":"https:\/\/www.anovapeneira.gal\/index.php\/2021\/02\/05\/loli-castineira-alcaldesa-de-salceda-2\/","name":"Loli Casti\u00f1eira, Alcaldesa de Salceda -","isPartOf":{"@id":"https:\/\/www.anovapeneira.gal\/#website"},"primaryImageOfPage":{"@id":"https:\/\/www.anovapeneira.gal\/index.php\/2021\/02\/05\/loli-castineira-alcaldesa-de-salceda-2\/#primaryimage"},"image":{"@id":"https:\/\/www.anovapeneira.gal\/index.php\/2021\/02\/05\/loli-castineira-alcaldesa-de-salceda-2\/#primaryimage"},"thumbnailUrl":"https:\/\/www.anovapeneira.gal\/wp-content\/uploads\/2021\/02\/loli_castineira_alcadesa_salceda.jpg","datePublished":"2021-02-05T11:00:51+00:00","dateModified":"2021-02-08T11:18:57+00:00","description":"Cando Loli Cati\u00f1eiras comezou a s\u00faa andaina como primeira alcaldesa de Salceda conversamos con ela para que nos falara das s\u00faas ilusi\u00f3ns e dos seus proxectos. A piques de rematar o seu mandato queremos falar de novo coa alcaldesa para que nos conte se se puideron levar cabo e como pasaron estes case dous anos cunha pandemia mundial causada por unha crise sanitaria polo medio","breadcrumb":{"@id":"https:\/\/www.anovapeneira.gal\/index.php\/2021\/02\/05\/loli-castineira-alcaldesa-de-salceda-2\/#breadcrumb"},"inLanguage":"gl-ES","potentialAction":[{"@type":"ReadAction","target":["https:\/\/www.anovapeneira.gal\/index.php\/2021\/02\/05\/loli-castineira-alcaldesa-de-salceda-2\/"]}]},{"@type":"ImageObject","inLanguage":"gl-ES","@id":"https:\/\/www.anovapeneira.gal\/index.php\/2021\/02\/05\/loli-castineira-alcaldesa-de-salceda-2\/#primaryimage","url":"https:\/\/www.anovapeneira.gal\/wp-content\/uploads\/2021\/02\/loli_castineira_alcadesa_salceda.jpg","contentUrl":"https:\/\/www.anovapeneira.gal\/wp-content\/uploads\/2021\/02\/loli_castineira_alcadesa_salceda.jpg","width":720,"height":432,"caption":"Loli Casti\u00f1eira Alcaldesa de Salceda de Caselas"},{"@type":"BreadcrumbList","@id":"https:\/\/www.anovapeneira.gal\/index.php\/2021\/02\/05\/loli-castineira-alcaldesa-de-salceda-2\/#breadcrumb","itemListElement":[{"@type":"ListItem","position":1,"name":"Portada","item":"https:\/\/www.anovapeneira.gal\/"},{"@type":"ListItem","position":2,"name":"Loli Casti\u00f1eira, Alcaldesa de Salceda"}]},{"@type":"WebSite","@id":"https:\/\/www.anovapeneira.gal\/#website","url":"https:\/\/www.anovapeneira.gal\/","name":"","description":"Xornal galego de informaci\u00f3n xeral Publicaci\u00f3n mensual de novas de Galicia e en especial dos Concellos da sur da provincia de Pontevedra.","publisher":{"@id":"https:\/\/www.anovapeneira.gal\/#organization"},"potentialAction":[{"@type":"SearchAction","target":{"@type":"EntryPoint","urlTemplate":"https:\/\/www.anovapeneira.gal\/?s={search_term_string}"},"query-input":{"@type":"PropertyValueSpecification","valueRequired":true,"valueName":"search_term_string"}}],"inLanguage":"gl-ES"},{"@type":"Organization","@id":"https:\/\/www.anovapeneira.gal\/#organization","name":"A Nova Peneira","url":"https:\/\/www.anovapeneira.gal\/","logo":{"@type":"ImageObject","inLanguage":"gl-ES","@id":"https:\/\/www.anovapeneira.gal\/#\/schema\/logo\/image\/","url":"http:\/\/www.anovapeneira.gal\/wp-content\/uploads\/2019\/06\/logo_a_nova_peneira_portal_web.png","contentUrl":"http:\/\/www.anovapeneira.gal\/wp-content\/uploads\/2019\/06\/logo_a_nova_peneira_portal_web.png","width":300,"height":100,"caption":"A Nova Peneira"},"image":{"@id":"https:\/\/www.anovapeneira.gal\/#\/schema\/logo\/image\/"},"sameAs":["https:\/\/www.facebook.com\/anovapeneira","https:\/\/x.com\/APeneira"]},{"@type":"Person","@id":"https:\/\/www.anovapeneira.gal\/#\/schema\/person\/42f904d7cac80cf3f5a31494dd82a9b6","name":"G. Figueiredo","image":{"@type":"ImageObject","inLanguage":"gl-ES","@id":"https:\/\/secure.gravatar.com\/avatar\/2d970086688458e0398ef8b84f5cbb8cc1ec3ab115aeb8435135a9f556af97b3?s=96&d=mm&r=g","url":"https:\/\/secure.gravatar.com\/avatar\/2d970086688458e0398ef8b84f5cbb8cc1ec3ab115aeb8435135a9f556af97b3?s=96&d=mm&r=g","contentUrl":"https:\/\/secure.gravatar.com\/avatar\/2d970086688458e0398ef8b84f5cbb8cc1ec3ab115aeb8435135a9f556af97b3?s=96&d=mm&r=g","caption":"G. Figueiredo"},"sameAs":["http:\/\/www.anovapeneira.gal\/"],"url":"https:\/\/www.anovapeneira.gal\/index.php\/author\/g-figueiredo\/"}]}},"jetpack_featured_media_url":"https:\/\/www.anovapeneira.gal\/wp-content\/uploads\/2021\/02\/loli_castineira_alcadesa_salceda.jpg","_links":{"self":[{"href":"https:\/\/www.anovapeneira.gal\/index.php\/wp-json\/wp\/v2\/posts\/4798","targetHints":{"allow":["GET"]}}],"collection":[{"href":"https:\/\/www.anovapeneira.gal\/index.php\/wp-json\/wp\/v2\/posts"}],"about":[{"href":"https:\/\/www.anovapeneira.gal\/index.php\/wp-json\/wp\/v2\/types\/post"}],"author":[{"embeddable":true,"href":"https:\/\/www.anovapeneira.gal\/index.php\/wp-json\/wp\/v2\/users\/17"}],"replies":[{"embeddable":true,"href":"https:\/\/www.anovapeneira.gal\/index.php\/wp-json\/wp\/v2\/comments?post=4798"}],"version-history":[{"count":4,"href":"https:\/\/www.anovapeneira.gal\/index.php\/wp-json\/wp\/v2\/posts\/4798\/revisions"}],"predecessor-version":[{"id":4837,"href":"https:\/\/www.anovapeneira.gal\/index.php\/wp-json\/wp\/v2\/posts\/4798\/revisions\/4837"}],"wp:featuredmedia":[{"embeddable":true,"href":"https:\/\/www.anovapeneira.gal\/index.php\/wp-json\/wp\/v2\/media\/4799"}],"wp:attachment":[{"href":"https:\/\/www.anovapeneira.gal\/index.php\/wp-json\/wp\/v2\/media?parent=4798"}],"wp:term":[{"taxonomy":"category","embeddable":true,"href":"https:\/\/www.anovapeneira.gal\/index.php\/wp-json\/wp\/v2\/categories?post=4798"},{"taxonomy":"post_tag","embeddable":true,"href":"https:\/\/www.anovapeneira.gal\/index.php\/wp-json\/wp\/v2\/tags?post=4798"}],"curies":[{"name":"wp","href":"https:\/\/api.w.org\/{rel}","templated":true}]}}