{"id":4801,"date":"2021-02-03T14:00:46","date_gmt":"2021-02-03T13:00:46","guid":{"rendered":"http:\/\/www.anovapeneira.gal\/?p=4801"},"modified":"2021-02-03T10:48:09","modified_gmt":"2021-02-03T09:48:09","slug":"o-ed-val-minor-leva-a-elite-do-futbol-a-nigran","status":"publish","type":"post","link":"https:\/\/www.anovapeneira.gal\/index.php\/2021\/02\/03\/o-ed-val-minor-leva-a-elite-do-futbol-a-nigran\/","title":{"rendered":"O Ed Val Mi\u00f1or leva a elite do f\u00fatbol a Nigr\u00e1n"},"content":{"rendered":"\n<p><strong>O ED VAL MI\u00d1OR \u00e9 un equipo de Nigr\u00e1n, relativamente novo , pois foi fundado en 1.996, que est\u00e1 a facer un gran traballo xa que con case 500 nenos, e cun equipo xuvenil na m\u00e1xima categor\u00eda do f\u00fatbol estatal, do que xa sa\u00edron xogadores de elite mundial como os irm\u00e1ns Alc\u00e1ntara, merece o apoio de todas as instituci\u00f3ns da nosa comarca para axudar a quen tanto d\u00e1 aos nenos do Val Mi\u00f1or.O equipo xuvenil leva sete anos consecutivos militando na divisi\u00f3n de honra, e na actualidade est\u00e1 no terceiro posto da t\u00e1boa clasificatoria, xusto despois dos dous grandes de Galicia, o Depor, segundo, e o Celta, primeiro. N\u00f3s quixemos co\u00f1ecelos mellor e falamos con Alex, o seu adestrador, e con Aar\u00f3n, un dos seus xogadores. Alex , \u00e9 un home que vive o f\u00fatbol con enorme intensidade e que quere profundamente ao seu club .Vela\u00ed vai o que deu de si a nosa conversa<\/strong><\/p>\n\n\n\n<h2 class=\"wp-block-heading\"><strong>ALEX VILLAR ADESTRADOR DO EQUIPO XUVENIL DE DIVISI\u00d3N DE HONRA DO VAL MI\u00d1OR<\/strong><\/h2>\n\n\n\n<figure class=\"wp-block-image size-large\"><img loading=\"lazy\" decoding=\"async\" width=\"720\" height=\"432\" src=\"http:\/\/www.anovapeneira.gal\/wp-content\/uploads\/2021\/02\/futbol_nigran_alex.jpg\" alt=\"\" class=\"wp-image-4804\" srcset=\"https:\/\/www.anovapeneira.gal\/wp-content\/uploads\/2021\/02\/futbol_nigran_alex.jpg 720w, https:\/\/www.anovapeneira.gal\/wp-content\/uploads\/2021\/02\/futbol_nigran_alex-300x180.jpg 300w\" sizes=\"auto, (max-width: 720px) 100vw, 720px\" \/><\/figure>\n\n\n\n<p>\u201c <strong>EU VIVO O F\u00daTBOL CON MOITA PAIX\u00d3N.CANDO CHEGO A CASA DESPOIS DUN PARTIDO A MI\u00d1A MULLER XA SABE O RESULTADO S\u00d3 CON VERME A CARA\u201d<\/strong><\/p>\n\n\n\n<p><strong>De onde es ti,Alex?<\/strong><\/p>\n\n\n\n<blockquote class=\"wp-block-quote is-layout-flow wp-block-quote-is-layout-flow\"><p>Eu son de Vigo, pero levo 42 anos, desde que ti\u00f1a 4, vivindo en Nigr\u00e1n<\/p><\/blockquote>\n\n\n\n<p><strong>Canto tempo levas vencellado ao mundo do f\u00fatbol?<\/strong><\/p>\n\n\n\n<blockquote class=\"wp-block-quote is-layout-flow wp-block-quote-is-layout-flow\"><p>Pois eu creo que toda a vida. Xoguei de pequeno, logo estudei INEF e antes de rematar xa estaba adestrando<\/p><\/blockquote>\n\n\n\n<p><strong>Vives do teu traballo como adestrador?<\/strong><\/p>\n\n\n\n<blockquote class=\"wp-block-quote is-layout-flow wp-block-quote-is-layout-flow\"><p>Non, eu son profesor de educaci\u00f3n f\u00edsica en dous colexios diferentes.<\/p><\/blockquote>\n\n\n\n<p><strong>Ben, se al\u00e9n de adestrador de f\u00fatbol, traballas dando clases de educaci\u00f3n f\u00edsica entendo que o mundo do deporte gustarache moito, porque gran parte da t\u00faa vida est\u00e1 relacionada con el?<\/strong><\/p>\n\n\n\n<blockquote class=\"wp-block-quote is-layout-flow wp-block-quote-is-layout-flow\"><p>O deporte \u00e9 a mi\u00f1a paix\u00f3n , abof\u00e9 que \u00e9 as\u00ed. Te\u00f1o a fortuna de poder vivir de algo que me encanta<\/p><\/blockquote>\n\n\n\n<p><strong>Canto tempo levas adestrando ao Val Mi\u00f1or?<\/strong><\/p>\n\n\n\n<blockquote class=\"wp-block-quote is-layout-flow wp-block-quote-is-layout-flow\"><p>Desde que fundamos o club. Fundouse como URECA en 1.996 e eu xa comecei adestrando<\/p><\/blockquote>\n\n\n\n<p><strong>O voso club \u00e9 relativamente novo, apenas tedes \u00bc de s\u00e9culo de vida, pero algo debedes de estar facendo ben, no traballo de base, pois das vosas ringleiras xa sa\u00edron xogadores que chegaron \u00e1 elite do f\u00fatbol?<\/strong><\/p>\n\n\n\n<blockquote class=\"wp-block-quote is-layout-flow wp-block-quote-is-layout-flow\"><p>Si, por aqu\u00ed pasaron Tiagho e Rafinha, os irm\u00e1ns Alc\u00e1ntara, Rodrigo, Santi Comesa\u00f1a que na actualidade xoga no Rayo Vallecano, Borja Fern\u00e1ndez que estivo no Celta, Ant\u00f3n Vicente no Coruxo&#8230;.<\/p><\/blockquote>\n\n\n\n<p><strong>Caramba, vaia nivel. E cal \u00e9 o segredo do \u00e9xito?<\/strong><\/p>\n\n\n\n<blockquote class=\"wp-block-quote is-layout-flow wp-block-quote-is-layout-flow\"><p>Ben, n\u00f3s procuramos traballar moi ben a base e esa \u00e9 a nosa filosof\u00eda, sermos un club de base. Por outra banda a n\u00f3s d\u00e9ixannos traballar sen ning\u00fan tipo de presi\u00f3n nin imposici\u00f3n. Juan D\u00edaz o fundador do noso club, e actual presidente, ten unha inmensa capacidade de an\u00e1lise e \u00e9 un home moi efectivo na resoluci\u00f3n de problemas. A chave do \u00e9xito \u00e9, creo eu, ter constru\u00eddo un ambiente de traballo adecuado.<\/p><\/blockquote>\n\n\n\n<p><strong>Pero v\u00f3s tedes equipo s\u00e9nior, non?<\/strong><\/p>\n\n\n\n<blockquote class=\"wp-block-quote is-layout-flow wp-block-quote-is-layout-flow\"><p>Si, montouse hai dous anos , co obxectivo de darlle continuidade aos rapaces.<\/p><\/blockquote>\n\n\n\n<p><strong>O equipo xuvenil, ao que ti adestras est\u00e1 na m\u00e1xima categor\u00eda que existe, a divisi\u00f3n de honra, e supo\u00f1o que para un pobo como Nigr\u00e1n debe de ser enormemente relevante?<\/strong><\/p>\n\n\n\n<blockquote class=\"wp-block-quote is-layout-flow wp-block-quote-is-layout-flow\"><p>Supostamente debera ser as\u00ed<\/p><\/blockquote>\n\n\n\n<p><strong>Non est\u00e1s satisfeito co nivel de implicaci\u00f3n do Concello, e da sociedade de Nigr\u00e1n co equipo<\/strong>?<\/p>\n\n\n\n<blockquote class=\"wp-block-quote is-layout-flow wp-block-quote-is-layout-flow\"><p>Vamos ver, temos instalaci\u00f3ns e unha pequena subvenci\u00f3n, si. Pero eu creo que do noso pobo, somos o equipo que disputa unha categor\u00eda m\u00e1is alta, e ao meu xu\u00edzo o apoio social poder\u00eda ser algo mellor.<\/p><\/blockquote>\n\n\n\n<p><strong>Canto tempo levades militando en divisi\u00f3n de honra?<\/strong><\/p>\n\n\n\n<blockquote class=\"wp-block-quote is-layout-flow wp-block-quote-is-layout-flow\"><p>Sete anos consecutivos<\/p><\/blockquote>\n\n\n\n<p><strong>E cando a vida era normal e pod\u00eda asistir p\u00fablico aos campos, o nivel de asistencia aos vosos partidos como era?<\/strong><\/p>\n\n\n\n<blockquote class=\"wp-block-quote is-layout-flow wp-block-quote-is-layout-flow\"><p>Era escaso. Os familiares dos rapaces e pouco m\u00e1is. Eu creo que se alg\u00fan outro concello da nosa contorna tivese un equipo nunha categor\u00eda tan importante ter\u00eda unha relevancia moito m\u00e1is elevada. Pero aqu\u00ed a afecci\u00f3n case non existe<\/p><\/blockquote>\n\n\n\n<p><strong>A pandemia complicouvos moito as cousas?<\/strong><\/p>\n\n\n\n<blockquote class=\"wp-block-quote is-layout-flow wp-block-quote-is-layout-flow\"><p>Bufff\u00a1\u00a1, enormemente. A cuesti\u00f3n administrativa e burocr\u00e1tica \u00e9 agora dunha complexidade elevad\u00edsima<\/p><\/blockquote>\n\n\n\n<p><strong>Cantos nenos tendes?<\/strong><\/p>\n\n\n\n<blockquote class=\"wp-block-quote is-layout-flow wp-block-quote-is-layout-flow\"><p>Entre 400 e 500.Imax\u00ednate a complexidade que sup\u00f3n para n\u00f3s os continuos cambios que se est\u00e1n a producir<\/p><\/blockquote>\n\n\n\n<p><strong>Vaia, pois si que son un mont\u00f3n. E de que \u00e1rea xeogr\u00e1fica son?<\/strong><\/p>\n\n\n\n<blockquote class=\"wp-block-quote is-layout-flow wp-block-quote-is-layout-flow\"><p>Unha grande parte son do Val Mi\u00f1or, pero tam\u00e9n temos bastantes de outras comarcas da Provincia<\/p><\/blockquote>\n\n\n\n<p><strong>Tedes equipo feminino?<\/strong><\/p>\n\n\n\n<blockquote class=\"wp-block-quote is-layout-flow wp-block-quote-is-layout-flow\"><p>Non<\/p><\/blockquote>\n\n\n\n<p><strong>Por que?<\/strong><\/p>\n\n\n\n<blockquote class=\"wp-block-quote is-layout-flow wp-block-quote-is-layout-flow\"><p>Temos algunhas nenas metidas nos equipos, pero non hai demanda suficiente para montar un equipo feminino<\/p><\/blockquote>\n\n\n\n<p><strong>Cal \u00e9 a t\u00faa valoraci\u00f3n da xesti\u00f3n que est\u00e1 a facer a federaci\u00f3n desta situaci\u00f3n tan complexa derivada da pandemia?<\/strong><\/p>\n\n\n\n<blockquote class=\"wp-block-quote is-layout-flow wp-block-quote-is-layout-flow\"><p>Vamos ver, eu hai decisi\u00f3ns que non comparto, pero son plenamente consciente da extrema dificultade que sup\u00f3n xestionar unha situaci\u00f3n in\u00e9dita na historia, e sei que para eles \u00e9 enormemente dif\u00edcil.<\/p><\/blockquote>\n\n\n\n<p><strong>O \u00faltimo partido que disputastes antes de facermos esta entrevista rematou cun meritorio empate fronte ao Depor. Na actualidade estades de 3\u00ba, xusto despois do Celta e do propio Depor. Unha temporada moi satisfactoria. Cal \u00e9 o obxectivo deportivo para o remate da temporada?<\/strong><\/p>\n\n\n\n<blockquote class=\"wp-block-quote is-layout-flow wp-block-quote-is-layout-flow\"><p>O obxectivo inicial, quedarmos entre os 5 primeiros, xa est\u00e1 case asegurado. Agora aspiramos a quedar no mellor posto posible dentro deses cinco<strong>, <\/strong>porque para a segunda fase que disputaremos contra os cinco primeiros do outro grupo contan os puntos da primeira volta. Polo tanto, imos a por todas e trataremos de quitar todos os que poidamos.<\/p><\/blockquote>\n\n\n\n<p><strong>Est\u00e1s contento co grupo de rapaces que adestras?<\/strong><\/p>\n\n\n\n<blockquote class=\"wp-block-quote is-layout-flow wp-block-quote-is-layout-flow\"><p>Estou entusiasmado. Son un grupo humano marabilloso<\/p><\/blockquote>\n\n\n\n<p><strong>Ves a alg\u00fan con posibilidades e talento para chegar a elite?<\/strong><\/p>\n\n\n\n<blockquote class=\"wp-block-quote is-layout-flow wp-block-quote-is-layout-flow\"><p>Chegar a elite do f\u00fatbol depende de moitos factores, non s\u00f3 do talento. Eu o que quero \u00e9 que non se obsesionen con iso, que desfruten enormemente adestrando e xogando e que se formen como seres humanos. Logo se alg\u00fan o consigue, pois ser\u00e1 marabilloso, pero o principal \u00e9 formarse integramente como persoas. E a pr\u00e1ctica deportiva, para min achega valores moi relevantes para a vida.<\/p><\/blockquote>\n\n\n\n<p><strong>Unha \u00faltima pregunta. Co\u00f1ezo a moitas persoas relacionadas co f\u00fatbol modesto e en case todos os casos dinme que ocasiona problemas na vida persoal pois hai que dedicarlle tanto tempo , que inevitablemente deteriora a convivencia persoal?<\/strong><\/p>\n\n\n\n<blockquote class=\"wp-block-quote is-layout-flow wp-block-quote-is-layout-flow\"><p>Ha ha ha. Vamos ver, \u00e9 certo que hai que dedicarlle moit\u00edsimo tempo, pero eu levo coa milla muller desde moi novo, desde que ti\u00f1a 17 anos, e xa me co\u00f1eceu as\u00ed, e afortunadamente l\u00e9vao moi ben.<\/p><\/blockquote>\n\n\n\n<p><strong>E ti como levas as derrotas e as vitorias, es dos que o vives con moita intensidade ?<\/strong><\/p>\n\n\n\n<blockquote class=\"wp-block-quote is-layout-flow wp-block-quote-is-layout-flow\"><p>Siii. Eu son moi temperamental. Cando chego a casa despois dun partido a mi\u00f1a muller xa sabe o resultado s\u00f3 con verme a cara.<\/p><\/blockquote>\n\n\n\n<h2 class=\"wp-block-heading\"><strong>AAR\u00d3N FIGUEIREDO<\/strong><\/h2>\n\n\n\n<figure class=\"wp-block-image size-large\"><img loading=\"lazy\" decoding=\"async\" width=\"720\" height=\"432\" src=\"http:\/\/www.anovapeneira.gal\/wp-content\/uploads\/2021\/02\/futbol_nigran_aaron.jpg\" alt=\"\" class=\"wp-image-4806\" srcset=\"https:\/\/www.anovapeneira.gal\/wp-content\/uploads\/2021\/02\/futbol_nigran_aaron.jpg 720w, https:\/\/www.anovapeneira.gal\/wp-content\/uploads\/2021\/02\/futbol_nigran_aaron-300x180.jpg 300w\" sizes=\"auto, (max-width: 720px) 100vw, 720px\" \/><\/figure>\n\n\n\n<p><strong>Aar\u00f3n \u00e9 un mozo que a\u00ednda non ten os 18, e como calquera mozo da s\u00faa idade pelexa porque os seus sonos e ilusi\u00f3ns poidan chegar a ser alg\u00fan d\u00eda realidade. Foi moi agradable para min conversar con el porque \u00e9 destes rapaces que te inxecta a frescura da mocidade que hai tanto tempo que deixamos atr\u00e1s. Voulle desexar o mellor que se lle pode desexar a calquera rapaz da s\u00faa idade, que se poida converter nun home adulto libre e feliz.<\/strong><\/p>\n\n\n\n<p>\u201c<strong>QUERO DAR O MELLOR DE MIN MESMO E CONTRIBU\u00cdR CON XENEROSIDADE AO \u00c9XITO COLECTIVO DO EQUIPO\u201d<\/strong><\/p>\n\n\n\n<p><strong>Que anos tes ti, AAR\u00d3N?<\/strong><\/p>\n\n\n\n<blockquote class=\"wp-block-quote is-layout-flow wp-block-quote-is-layout-flow\"><p>Pois eu nac\u00edn en setembro do 2.003.\u00c9 dicir, pouco me falta para os 17 e medio<\/p><\/blockquote>\n\n\n\n<p><strong>Canto tempo levas xogando ao f\u00fatbol?<\/strong><\/p>\n\n\n\n<blockquote class=\"wp-block-quote is-layout-flow wp-block-quote-is-layout-flow\"><p>Esa \u00e9 unha pregunta dif\u00edcil de responder porque eu creo que desde que nac\u00edn, polo menos desde que eu te\u00f1o constancia, a pelota \u00e9 un ap\u00e9ndice m\u00e1is de min mesmo. En verdade , o f\u00fatbol apaix\u00f3ame desde sempre<\/p><\/blockquote>\n\n\n\n<p><strong>Ac\u00f3rdaste de cal foi o teu primeiro equipo?<\/strong><\/p>\n\n\n\n<blockquote class=\"wp-block-quote is-layout-flow wp-block-quote-is-layout-flow\"><p>Claro que si. E non \u00e9 s\u00f3 que me acorde, \u00e9 que lle te\u00f1o moito cari\u00f1o. Foi o Valadares, e comecei a xogar nel con cinco anos. Estiven 10 anos nese equipo, m\u00e1is da metade da mi\u00f1a vida. Comecei en pre benxam\u00edn e formei nas s\u00faas ringleiras ata a categor\u00eda cadete.<\/p><\/blockquote>\n\n\n\n<p><strong>Despois do Valadares veu xa o Val Mi\u00f1or?<\/strong><\/p>\n\n\n\n<blockquote class=\"wp-block-quote is-layout-flow wp-block-quote-is-layout-flow\"><p>Non, estiven dous anos no Areosa<\/p><\/blockquote>\n\n\n\n<p><strong>Houbo diferencias entre o Valadares e o Areosa?<\/strong><\/p>\n\n\n\n<blockquote class=\"wp-block-quote is-layout-flow wp-block-quote-is-layout-flow\"><p>Si, no Areosa , viv\u00edn un importante salto de nivel. Al\u00ed estaban moito m\u00e1is enriba t\u00faa e digamos que a esixencia foi maior.<\/p><\/blockquote>\n\n\n\n<p><strong>En que posto xogas?<\/strong><\/p>\n\n\n\n<blockquote class=\"wp-block-quote is-layout-flow wp-block-quote-is-layout-flow\"><p>O meu posto \u00e9 o de extremo dereito. A\u00ednda que as veces te\u00f1o xogado pola banda esquerda a perna cambiada. Pero a banda \u00e9 a mi\u00f1a zona natural e onde me desenvolvo mellor.<\/p><\/blockquote>\n\n\n\n<p><strong>Alg\u00fan referente no f\u00fatbol actual ao que che gustar\u00eda parecerche?<\/strong><\/p>\n\n\n\n<blockquote class=\"wp-block-quote is-layout-flow wp-block-quote-is-layout-flow\"><p>Eu creo que a todos os rapaces da mi\u00f1a xeraci\u00f3n nos impresiona Leo Messi, e nalg\u00fan momento so\u00f1amos chegar ao seu nivel<\/p><\/blockquote>\n\n\n\n<p><strong>Cando chegaches ao Val Mi\u00f1or?<\/strong><\/p>\n\n\n\n<blockquote class=\"wp-block-quote is-layout-flow wp-block-quote-is-layout-flow\"><p>Esta \u00e9 a mi\u00f1a primeira temporada<\/p><\/blockquote>\n\n\n\n<p><strong>C\u00f3ntanos como foi a t\u00faa incorporaci\u00f3n?<\/strong><\/p>\n\n\n\n<blockquote class=\"wp-block-quote is-layout-flow wp-block-quote-is-layout-flow\"><p>O \u00faltimo ano no Areosa foi moi bo para min. E, supo\u00f1o que como consecuencia, recib\u00edn a chamada do Val Mi\u00f1or. Tiven unha xuntanza co adestrador que me explicou todo con moita claridade, e eu decid\u00edn arriscarme e probar. E antes de que me preguntes, xa che repondo eu que estou realmente satisfeito de ter dado ese paso<\/p><\/blockquote>\n\n\n\n<p><strong>Ha ha ha, pois si, era iso o que \u00eda preguntar. Xa me fastidiaches a pregunta. Falemos ent\u00f3n da temporada. Totalmente at\u00edpica non?<\/strong><\/p>\n\n\n\n<blockquote class=\"wp-block-quote is-layout-flow wp-block-quote-is-layout-flow\"><p>Ha ha ha ha. Ben, pois si, unha temporada at\u00edpica. O f\u00fatbol \u00e9 un deporte de contacto intenso cos teus compa\u00f1eiros, e esta situaci\u00f3n esixe minimizar os contactos, o que dificulta moito todo claro. Por outra parte temos que tomar unha serie de medidas de precauci\u00f3n como a toma constante de temperatura ou a desinfecci\u00f3n de mans que antes non faciamos<\/p><\/blockquote>\n\n\n\n<p><strong>Cantos d\u00edas adestras?<\/strong><\/p>\n\n\n\n<blockquote class=\"wp-block-quote is-layout-flow wp-block-quote-is-layout-flow\"><p>Catro d\u00edas \u00e1 semana , d\u00faas horas cada d\u00eda<\/p><\/blockquote>\n\n\n\n<p><strong>E como vas ata Nigr\u00e1n?<\/strong><\/p>\n\n\n\n<blockquote class=\"wp-block-quote is-layout-flow wp-block-quote-is-layout-flow\"><p>Pois ata que non te\u00f1a carn\u00e9 l\u00e9vanme o meu pai ou a mi\u00f1a nai<\/p><\/blockquote>\n\n\n\n<p><strong>Ui \u201cAta que non te\u00f1a carn\u00e9\u201d..Non sei , pero d\u00e1me a impresi\u00f3n de que est\u00e1s desexando quitalo<\/strong><\/p>\n\n\n\n<blockquote class=\"wp-block-quote is-layout-flow wp-block-quote-is-layout-flow\"><p>Siii, tan pronto te\u00f1a 18<\/p><\/blockquote>\n\n\n\n<p><strong>Ben, din que mal de moitos consolo de parvos, pero se che sirve de consolo eu quiteino aos 26<\/strong><\/p>\n\n\n\n<blockquote class=\"wp-block-quote is-layout-flow wp-block-quote-is-layout-flow\"><p>Non ohh. Non me sirve de consolo. Eu non quero esperar tanto tempo nin de lonxe. Ilusi\u00f3name moito ter coche e ser independente<\/p><\/blockquote>\n\n\n\n<p><strong>Ha ha ha ha ha. Pois nada, a ver que pensan a t\u00faa nai e o teu pai. Sigamos co f\u00fatbol. Antes dic\u00edasme que do Valadares ao Areosa, notaches un salto importante de nivel. E do Areosa ao Val Mi\u00f1or?<\/strong><\/p>\n\n\n\n<blockquote class=\"wp-block-quote is-layout-flow wp-block-quote-is-layout-flow\"><p>Noteino moito m\u00e1is a\u00ednda. Tes que pensar que dei un salto de d\u00faas ligas, e o nivel de esixencia aumentou significativamente. A intensidade e a velocidade da categor\u00eda na que estou na actualidade \u00e9 infinitamente superior a todo o que co\u00f1ec\u00eda ata agora<\/p><\/blockquote>\n\n\n\n<p><strong>E tam\u00e9n o notas nas cuesti\u00f3ns t\u00e9cnicas. \u00c9 dicir os teus compa\u00f1eiros e rivais deste ano son xogadores de moito talento?<\/strong><\/p>\n\n\n\n<blockquote class=\"wp-block-quote is-layout-flow wp-block-quote-is-layout-flow\"><p>Si, tam\u00e9n o noto. Os xogadores que co\u00f1ec\u00edn este ano pos\u00faen moito talento para xogar ao f\u00fatbol<\/p><\/blockquote>\n\n\n\n<p><strong>Est\u00e1s contento coas oportunidades que che d\u00e1 o adestrador?<\/strong><\/p>\n\n\n\n<blockquote class=\"wp-block-quote is-layout-flow wp-block-quote-is-layout-flow\"><p>Non me queixo. Estou tendo bastantes minutos, si.<\/p><\/blockquote>\n\n\n\n<p><strong>Cales son os teus obxectivos deportivos, individuais e colectivos esta temporada?<\/strong><\/p>\n\n\n\n<blockquote class=\"wp-block-quote is-layout-flow wp-block-quote-is-layout-flow\"><p>Comezo polo colectivo que \u00e9 o m\u00e1is importante. A min encantar\u00edame quitarlle ao Depor o segundo posto, e logo na segunda fase, facelo de marabilla e deixar o pavill\u00f3n do equipo ben alto. No que respecta ao individual vou tratar de dar o mellor de min mesmo, aprender de quen sabe mais ca min, e contribu\u00edr con xenerosidade aos \u00e9xitos de todo o colectivo.<\/p><\/blockquote>\n\n\n\n<p><strong>Ves un obxectivo realista poder vivir do f\u00fatbol?<\/strong><\/p>\n\n\n\n<blockquote class=\"wp-block-quote is-layout-flow wp-block-quote-is-layout-flow\"><p>\u00c9 algo que me encantar\u00eda e vou pelexar con todas as mi\u00f1as forzas por acadalo. Pero son consciente de que \u00e9 un sono enormemente dif\u00edcil de conseguir, e de ning\u00fan modo vou descoidar os meus estudios para poder ter unha profesi\u00f3n que me permita ga\u00f1ar a vida con dignidade.<\/p><\/blockquote>\n\n\n\n<p><strong>Moi ben, Aar\u00f3n. Moitas grazas, paseino xenial charlando contigo<\/strong><\/p>\n\n\n\n<blockquote class=\"wp-block-quote is-layout-flow wp-block-quote-is-layout-flow\"><p>Grazas a ti<\/p><\/blockquote>\n","protected":false},"excerpt":{"rendered":"<div class=\"mh-excerpt\"><p>O ED VAL MI\u00d1OR \u00e9 un equipo de Nigr\u00e1n, relativamente novo , pois foi fundado en 1.996, que est\u00e1 a facer un gran traballo xa que con case 500 nenos, e cun equipo xuvenil na m\u00e1xima categor\u00eda do f\u00fatbol estatal, do que xa sa\u00edron xogadores de elite mundial como os irm\u00e1ns Alc\u00e1ntara <a class=\"mh-excerpt-more\" href=\"https:\/\/www.anovapeneira.gal\/index.php\/2021\/02\/03\/o-ed-val-minor-leva-a-elite-do-futbol-a-nigran\/\" title=\"O Ed Val Mi\u00f1or leva a elite do f\u00fatbol a Nigr\u00e1n\">[&#8230;]<\/a><\/p>\n<\/div>","protected":false},"author":3,"featured_media":4802,"comment_status":"open","ping_status":"open","sticky":false,"template":"","format":"standard","meta":{"_exactmetrics_skip_tracking":false,"_exactmetrics_sitenote_active":false,"_exactmetrics_sitenote_note":"","_exactmetrics_sitenote_category":0,"footnotes":""},"categories":[491],"tags":[135],"class_list":{"0":"post-4801","1":"post","2":"type-post","3":"status-publish","4":"format-standard","5":"has-post-thumbnail","7":"category-baixo-mino-reportaxes","8":"tag-concello-de-nigran"},"yoast_head":"<!-- This site is optimized with the Yoast SEO plugin v27.4 - https:\/\/yoast.com\/product\/yoast-seo-wordpress\/ -->\n<title>O Ed Val Mi\u00f1or leva a elite do f\u00fatbol a Nigr\u00e1n -<\/title>\n<meta name=\"robots\" content=\"index, follow, max-snippet:-1, max-image-preview:large, max-video-preview:-1\" \/>\n<link rel=\"canonical\" href=\"https:\/\/www.anovapeneira.gal\/index.php\/2021\/02\/03\/o-ed-val-minor-leva-a-elite-do-futbol-a-nigran\/\" \/>\n<meta property=\"og:locale\" content=\"gl_ES\" \/>\n<meta property=\"og:type\" content=\"article\" \/>\n<meta property=\"og:title\" content=\"O Ed Val Mi\u00f1or leva a elite do f\u00fatbol a Nigr\u00e1n -\" \/>\n<meta property=\"og:description\" content=\"O ED VAL MI\u00d1OR \u00e9 un equipo de Nigr\u00e1n, relativamente novo , pois foi fundado en 1.996, que est\u00e1 a facer un gran traballo xa que con case 500 nenos, e cun equipo xuvenil na m\u00e1xima categor\u00eda do f\u00fatbol estatal, do que xa sa\u00edron xogadores de elite mundial como os irm\u00e1ns Alc\u00e1ntara [...]\" \/>\n<meta property=\"og:url\" content=\"https:\/\/www.anovapeneira.gal\/index.php\/2021\/02\/03\/o-ed-val-minor-leva-a-elite-do-futbol-a-nigran\/\" \/>\n<meta property=\"article:publisher\" content=\"https:\/\/www.facebook.com\/anovapeneira\" \/>\n<meta property=\"article:published_time\" content=\"2021-02-03T13:00:46+00:00\" \/>\n<meta property=\"og:image\" content=\"https:\/\/www.anovapeneira.gal\/wp-content\/uploads\/2021\/02\/futbol_nigran.jpg\" \/>\n\t<meta property=\"og:image:width\" content=\"720\" \/>\n\t<meta property=\"og:image:height\" content=\"432\" \/>\n\t<meta property=\"og:image:type\" content=\"image\/jpeg\" \/>\n<meta name=\"author\" content=\"Redacci\u00f3n A Nova Peneira\" \/>\n<meta name=\"twitter:card\" content=\"summary_large_image\" \/>\n<meta name=\"twitter:creator\" content=\"@APeneira\" \/>\n<meta name=\"twitter:site\" content=\"@APeneira\" \/>\n<meta name=\"twitter:label1\" content=\"Escrito por\" \/>\n\t<meta name=\"twitter:data1\" content=\"Redacci\u00f3n A Nova Peneira\" \/>\n\t<meta name=\"twitter:label2\" content=\"Tempo de lectura\" \/>\n\t<meta name=\"twitter:data2\" content=\"11 minutos\" \/>\n<script type=\"application\/ld+json\" class=\"yoast-schema-graph\">{\"@context\":\"https:\\\/\\\/schema.org\",\"@graph\":[{\"@type\":\"Article\",\"@id\":\"https:\\\/\\\/www.anovapeneira.gal\\\/index.php\\\/2021\\\/02\\\/03\\\/o-ed-val-minor-leva-a-elite-do-futbol-a-nigran\\\/#article\",\"isPartOf\":{\"@id\":\"https:\\\/\\\/www.anovapeneira.gal\\\/index.php\\\/2021\\\/02\\\/03\\\/o-ed-val-minor-leva-a-elite-do-futbol-a-nigran\\\/\"},\"author\":{\"name\":\"Redacci\u00f3n A Nova Peneira\",\"@id\":\"https:\\\/\\\/www.anovapeneira.gal\\\/#\\\/schema\\\/person\\\/b93e3f8932e3f8da96334607eb6ac6aa\"},\"headline\":\"O Ed Val Mi\u00f1or leva a elite do f\u00fatbol a Nigr\u00e1n\",\"datePublished\":\"2021-02-03T13:00:46+00:00\",\"mainEntityOfPage\":{\"@id\":\"https:\\\/\\\/www.anovapeneira.gal\\\/index.php\\\/2021\\\/02\\\/03\\\/o-ed-val-minor-leva-a-elite-do-futbol-a-nigran\\\/\"},\"wordCount\":2158,\"commentCount\":0,\"publisher\":{\"@id\":\"https:\\\/\\\/www.anovapeneira.gal\\\/#organization\"},\"image\":{\"@id\":\"https:\\\/\\\/www.anovapeneira.gal\\\/index.php\\\/2021\\\/02\\\/03\\\/o-ed-val-minor-leva-a-elite-do-futbol-a-nigran\\\/#primaryimage\"},\"thumbnailUrl\":\"https:\\\/\\\/www.anovapeneira.gal\\\/wp-content\\\/uploads\\\/2021\\\/02\\\/futbol_nigran.jpg\",\"keywords\":[\"Concello de Nigr\u00e1n\"],\"articleSection\":[\"Baixo Mi\u00f1o\"],\"inLanguage\":\"gl-ES\",\"potentialAction\":[{\"@type\":\"CommentAction\",\"name\":\"Comment\",\"target\":[\"https:\\\/\\\/www.anovapeneira.gal\\\/index.php\\\/2021\\\/02\\\/03\\\/o-ed-val-minor-leva-a-elite-do-futbol-a-nigran\\\/#respond\"]}]},{\"@type\":\"WebPage\",\"@id\":\"https:\\\/\\\/www.anovapeneira.gal\\\/index.php\\\/2021\\\/02\\\/03\\\/o-ed-val-minor-leva-a-elite-do-futbol-a-nigran\\\/\",\"url\":\"https:\\\/\\\/www.anovapeneira.gal\\\/index.php\\\/2021\\\/02\\\/03\\\/o-ed-val-minor-leva-a-elite-do-futbol-a-nigran\\\/\",\"name\":\"O Ed Val Mi\u00f1or leva a elite do f\u00fatbol a Nigr\u00e1n -\",\"isPartOf\":{\"@id\":\"https:\\\/\\\/www.anovapeneira.gal\\\/#website\"},\"primaryImageOfPage\":{\"@id\":\"https:\\\/\\\/www.anovapeneira.gal\\\/index.php\\\/2021\\\/02\\\/03\\\/o-ed-val-minor-leva-a-elite-do-futbol-a-nigran\\\/#primaryimage\"},\"image\":{\"@id\":\"https:\\\/\\\/www.anovapeneira.gal\\\/index.php\\\/2021\\\/02\\\/03\\\/o-ed-val-minor-leva-a-elite-do-futbol-a-nigran\\\/#primaryimage\"},\"thumbnailUrl\":\"https:\\\/\\\/www.anovapeneira.gal\\\/wp-content\\\/uploads\\\/2021\\\/02\\\/futbol_nigran.jpg\",\"datePublished\":\"2021-02-03T13:00:46+00:00\",\"breadcrumb\":{\"@id\":\"https:\\\/\\\/www.anovapeneira.gal\\\/index.php\\\/2021\\\/02\\\/03\\\/o-ed-val-minor-leva-a-elite-do-futbol-a-nigran\\\/#breadcrumb\"},\"inLanguage\":\"gl-ES\",\"potentialAction\":[{\"@type\":\"ReadAction\",\"target\":[\"https:\\\/\\\/www.anovapeneira.gal\\\/index.php\\\/2021\\\/02\\\/03\\\/o-ed-val-minor-leva-a-elite-do-futbol-a-nigran\\\/\"]}]},{\"@type\":\"ImageObject\",\"inLanguage\":\"gl-ES\",\"@id\":\"https:\\\/\\\/www.anovapeneira.gal\\\/index.php\\\/2021\\\/02\\\/03\\\/o-ed-val-minor-leva-a-elite-do-futbol-a-nigran\\\/#primaryimage\",\"url\":\"https:\\\/\\\/www.anovapeneira.gal\\\/wp-content\\\/uploads\\\/2021\\\/02\\\/futbol_nigran.jpg\",\"contentUrl\":\"https:\\\/\\\/www.anovapeneira.gal\\\/wp-content\\\/uploads\\\/2021\\\/02\\\/futbol_nigran.jpg\",\"width\":720,\"height\":432,\"caption\":\"O Ed Val Mi\u00f1or leva a elite do f\u00fatbol a Nigr\u00e1n\"},{\"@type\":\"BreadcrumbList\",\"@id\":\"https:\\\/\\\/www.anovapeneira.gal\\\/index.php\\\/2021\\\/02\\\/03\\\/o-ed-val-minor-leva-a-elite-do-futbol-a-nigran\\\/#breadcrumb\",\"itemListElement\":[{\"@type\":\"ListItem\",\"position\":1,\"name\":\"Portada\",\"item\":\"https:\\\/\\\/www.anovapeneira.gal\\\/\"},{\"@type\":\"ListItem\",\"position\":2,\"name\":\"O Ed Val Mi\u00f1or leva a elite do f\u00fatbol a Nigr\u00e1n\"}]},{\"@type\":\"WebSite\",\"@id\":\"https:\\\/\\\/www.anovapeneira.gal\\\/#website\",\"url\":\"https:\\\/\\\/www.anovapeneira.gal\\\/\",\"name\":\"\",\"description\":\"Xornal galego de informaci\u00f3n xeral Publicaci\u00f3n mensual de novas de Galicia e en especial dos Concellos da sur da provincia de Pontevedra.\",\"publisher\":{\"@id\":\"https:\\\/\\\/www.anovapeneira.gal\\\/#organization\"},\"potentialAction\":[{\"@type\":\"SearchAction\",\"target\":{\"@type\":\"EntryPoint\",\"urlTemplate\":\"https:\\\/\\\/www.anovapeneira.gal\\\/?s={search_term_string}\"},\"query-input\":{\"@type\":\"PropertyValueSpecification\",\"valueRequired\":true,\"valueName\":\"search_term_string\"}}],\"inLanguage\":\"gl-ES\"},{\"@type\":\"Organization\",\"@id\":\"https:\\\/\\\/www.anovapeneira.gal\\\/#organization\",\"name\":\"A Nova Peneira\",\"url\":\"https:\\\/\\\/www.anovapeneira.gal\\\/\",\"logo\":{\"@type\":\"ImageObject\",\"inLanguage\":\"gl-ES\",\"@id\":\"https:\\\/\\\/www.anovapeneira.gal\\\/#\\\/schema\\\/logo\\\/image\\\/\",\"url\":\"http:\\\/\\\/www.anovapeneira.gal\\\/wp-content\\\/uploads\\\/2019\\\/06\\\/logo_a_nova_peneira_portal_web.png\",\"contentUrl\":\"http:\\\/\\\/www.anovapeneira.gal\\\/wp-content\\\/uploads\\\/2019\\\/06\\\/logo_a_nova_peneira_portal_web.png\",\"width\":300,\"height\":100,\"caption\":\"A Nova Peneira\"},\"image\":{\"@id\":\"https:\\\/\\\/www.anovapeneira.gal\\\/#\\\/schema\\\/logo\\\/image\\\/\"},\"sameAs\":[\"https:\\\/\\\/www.facebook.com\\\/anovapeneira\",\"https:\\\/\\\/x.com\\\/APeneira\"]},{\"@type\":\"Person\",\"@id\":\"https:\\\/\\\/www.anovapeneira.gal\\\/#\\\/schema\\\/person\\\/b93e3f8932e3f8da96334607eb6ac6aa\",\"name\":\"Redacci\u00f3n A Nova Peneira\",\"image\":{\"@type\":\"ImageObject\",\"inLanguage\":\"gl-ES\",\"@id\":\"https:\\\/\\\/secure.gravatar.com\\\/avatar\\\/c052a2551a06e23fac63626232eaa90abd78dbcf1700fc46a2b2c89fd27b735f?s=96&d=mm&r=g\",\"url\":\"https:\\\/\\\/secure.gravatar.com\\\/avatar\\\/c052a2551a06e23fac63626232eaa90abd78dbcf1700fc46a2b2c89fd27b735f?s=96&d=mm&r=g\",\"contentUrl\":\"https:\\\/\\\/secure.gravatar.com\\\/avatar\\\/c052a2551a06e23fac63626232eaa90abd78dbcf1700fc46a2b2c89fd27b735f?s=96&d=mm&r=g\",\"caption\":\"Redacci\u00f3n A Nova Peneira\"},\"sameAs\":[\"http:\\\/\\\/www.anovapeneira.gal\\\/\"],\"url\":\"https:\\\/\\\/www.anovapeneira.gal\\\/index.php\\\/author\\\/redactor\\\/\"}]}<\/script>\n<!-- \/ Yoast SEO plugin. -->","yoast_head_json":{"title":"O Ed Val Mi\u00f1or leva a elite do f\u00fatbol a Nigr\u00e1n -","robots":{"index":"index","follow":"follow","max-snippet":"max-snippet:-1","max-image-preview":"max-image-preview:large","max-video-preview":"max-video-preview:-1"},"canonical":"https:\/\/www.anovapeneira.gal\/index.php\/2021\/02\/03\/o-ed-val-minor-leva-a-elite-do-futbol-a-nigran\/","og_locale":"gl_ES","og_type":"article","og_title":"O Ed Val Mi\u00f1or leva a elite do f\u00fatbol a Nigr\u00e1n -","og_description":"O ED VAL MI\u00d1OR \u00e9 un equipo de Nigr\u00e1n, relativamente novo , pois foi fundado en 1.996, que est\u00e1 a facer un gran traballo xa que con case 500 nenos, e cun equipo xuvenil na m\u00e1xima categor\u00eda do f\u00fatbol estatal, do que xa sa\u00edron xogadores de elite mundial como os irm\u00e1ns Alc\u00e1ntara [...]","og_url":"https:\/\/www.anovapeneira.gal\/index.php\/2021\/02\/03\/o-ed-val-minor-leva-a-elite-do-futbol-a-nigran\/","article_publisher":"https:\/\/www.facebook.com\/anovapeneira","article_published_time":"2021-02-03T13:00:46+00:00","og_image":[{"width":720,"height":432,"url":"https:\/\/www.anovapeneira.gal\/wp-content\/uploads\/2021\/02\/futbol_nigran.jpg","type":"image\/jpeg"}],"author":"Redacci\u00f3n A Nova Peneira","twitter_card":"summary_large_image","twitter_creator":"@APeneira","twitter_site":"@APeneira","twitter_misc":{"Escrito por":"Redacci\u00f3n A Nova Peneira","Tempo de lectura":"11 minutos"},"schema":{"@context":"https:\/\/schema.org","@graph":[{"@type":"Article","@id":"https:\/\/www.anovapeneira.gal\/index.php\/2021\/02\/03\/o-ed-val-minor-leva-a-elite-do-futbol-a-nigran\/#article","isPartOf":{"@id":"https:\/\/www.anovapeneira.gal\/index.php\/2021\/02\/03\/o-ed-val-minor-leva-a-elite-do-futbol-a-nigran\/"},"author":{"name":"Redacci\u00f3n A Nova Peneira","@id":"https:\/\/www.anovapeneira.gal\/#\/schema\/person\/b93e3f8932e3f8da96334607eb6ac6aa"},"headline":"O Ed Val Mi\u00f1or leva a elite do f\u00fatbol a Nigr\u00e1n","datePublished":"2021-02-03T13:00:46+00:00","mainEntityOfPage":{"@id":"https:\/\/www.anovapeneira.gal\/index.php\/2021\/02\/03\/o-ed-val-minor-leva-a-elite-do-futbol-a-nigran\/"},"wordCount":2158,"commentCount":0,"publisher":{"@id":"https:\/\/www.anovapeneira.gal\/#organization"},"image":{"@id":"https:\/\/www.anovapeneira.gal\/index.php\/2021\/02\/03\/o-ed-val-minor-leva-a-elite-do-futbol-a-nigran\/#primaryimage"},"thumbnailUrl":"https:\/\/www.anovapeneira.gal\/wp-content\/uploads\/2021\/02\/futbol_nigran.jpg","keywords":["Concello de Nigr\u00e1n"],"articleSection":["Baixo Mi\u00f1o"],"inLanguage":"gl-ES","potentialAction":[{"@type":"CommentAction","name":"Comment","target":["https:\/\/www.anovapeneira.gal\/index.php\/2021\/02\/03\/o-ed-val-minor-leva-a-elite-do-futbol-a-nigran\/#respond"]}]},{"@type":"WebPage","@id":"https:\/\/www.anovapeneira.gal\/index.php\/2021\/02\/03\/o-ed-val-minor-leva-a-elite-do-futbol-a-nigran\/","url":"https:\/\/www.anovapeneira.gal\/index.php\/2021\/02\/03\/o-ed-val-minor-leva-a-elite-do-futbol-a-nigran\/","name":"O Ed Val Mi\u00f1or leva a elite do f\u00fatbol a Nigr\u00e1n -","isPartOf":{"@id":"https:\/\/www.anovapeneira.gal\/#website"},"primaryImageOfPage":{"@id":"https:\/\/www.anovapeneira.gal\/index.php\/2021\/02\/03\/o-ed-val-minor-leva-a-elite-do-futbol-a-nigran\/#primaryimage"},"image":{"@id":"https:\/\/www.anovapeneira.gal\/index.php\/2021\/02\/03\/o-ed-val-minor-leva-a-elite-do-futbol-a-nigran\/#primaryimage"},"thumbnailUrl":"https:\/\/www.anovapeneira.gal\/wp-content\/uploads\/2021\/02\/futbol_nigran.jpg","datePublished":"2021-02-03T13:00:46+00:00","breadcrumb":{"@id":"https:\/\/www.anovapeneira.gal\/index.php\/2021\/02\/03\/o-ed-val-minor-leva-a-elite-do-futbol-a-nigran\/#breadcrumb"},"inLanguage":"gl-ES","potentialAction":[{"@type":"ReadAction","target":["https:\/\/www.anovapeneira.gal\/index.php\/2021\/02\/03\/o-ed-val-minor-leva-a-elite-do-futbol-a-nigran\/"]}]},{"@type":"ImageObject","inLanguage":"gl-ES","@id":"https:\/\/www.anovapeneira.gal\/index.php\/2021\/02\/03\/o-ed-val-minor-leva-a-elite-do-futbol-a-nigran\/#primaryimage","url":"https:\/\/www.anovapeneira.gal\/wp-content\/uploads\/2021\/02\/futbol_nigran.jpg","contentUrl":"https:\/\/www.anovapeneira.gal\/wp-content\/uploads\/2021\/02\/futbol_nigran.jpg","width":720,"height":432,"caption":"O Ed Val Mi\u00f1or leva a elite do f\u00fatbol a Nigr\u00e1n"},{"@type":"BreadcrumbList","@id":"https:\/\/www.anovapeneira.gal\/index.php\/2021\/02\/03\/o-ed-val-minor-leva-a-elite-do-futbol-a-nigran\/#breadcrumb","itemListElement":[{"@type":"ListItem","position":1,"name":"Portada","item":"https:\/\/www.anovapeneira.gal\/"},{"@type":"ListItem","position":2,"name":"O Ed Val Mi\u00f1or leva a elite do f\u00fatbol a Nigr\u00e1n"}]},{"@type":"WebSite","@id":"https:\/\/www.anovapeneira.gal\/#website","url":"https:\/\/www.anovapeneira.gal\/","name":"","description":"Xornal galego de informaci\u00f3n xeral Publicaci\u00f3n mensual de novas de Galicia e en especial dos Concellos da sur da provincia de Pontevedra.","publisher":{"@id":"https:\/\/www.anovapeneira.gal\/#organization"},"potentialAction":[{"@type":"SearchAction","target":{"@type":"EntryPoint","urlTemplate":"https:\/\/www.anovapeneira.gal\/?s={search_term_string}"},"query-input":{"@type":"PropertyValueSpecification","valueRequired":true,"valueName":"search_term_string"}}],"inLanguage":"gl-ES"},{"@type":"Organization","@id":"https:\/\/www.anovapeneira.gal\/#organization","name":"A Nova Peneira","url":"https:\/\/www.anovapeneira.gal\/","logo":{"@type":"ImageObject","inLanguage":"gl-ES","@id":"https:\/\/www.anovapeneira.gal\/#\/schema\/logo\/image\/","url":"http:\/\/www.anovapeneira.gal\/wp-content\/uploads\/2019\/06\/logo_a_nova_peneira_portal_web.png","contentUrl":"http:\/\/www.anovapeneira.gal\/wp-content\/uploads\/2019\/06\/logo_a_nova_peneira_portal_web.png","width":300,"height":100,"caption":"A Nova Peneira"},"image":{"@id":"https:\/\/www.anovapeneira.gal\/#\/schema\/logo\/image\/"},"sameAs":["https:\/\/www.facebook.com\/anovapeneira","https:\/\/x.com\/APeneira"]},{"@type":"Person","@id":"https:\/\/www.anovapeneira.gal\/#\/schema\/person\/b93e3f8932e3f8da96334607eb6ac6aa","name":"Redacci\u00f3n A Nova Peneira","image":{"@type":"ImageObject","inLanguage":"gl-ES","@id":"https:\/\/secure.gravatar.com\/avatar\/c052a2551a06e23fac63626232eaa90abd78dbcf1700fc46a2b2c89fd27b735f?s=96&d=mm&r=g","url":"https:\/\/secure.gravatar.com\/avatar\/c052a2551a06e23fac63626232eaa90abd78dbcf1700fc46a2b2c89fd27b735f?s=96&d=mm&r=g","contentUrl":"https:\/\/secure.gravatar.com\/avatar\/c052a2551a06e23fac63626232eaa90abd78dbcf1700fc46a2b2c89fd27b735f?s=96&d=mm&r=g","caption":"Redacci\u00f3n A Nova Peneira"},"sameAs":["http:\/\/www.anovapeneira.gal\/"],"url":"https:\/\/www.anovapeneira.gal\/index.php\/author\/redactor\/"}]}},"jetpack_featured_media_url":"https:\/\/www.anovapeneira.gal\/wp-content\/uploads\/2021\/02\/futbol_nigran.jpg","_links":{"self":[{"href":"https:\/\/www.anovapeneira.gal\/index.php\/wp-json\/wp\/v2\/posts\/4801","targetHints":{"allow":["GET"]}}],"collection":[{"href":"https:\/\/www.anovapeneira.gal\/index.php\/wp-json\/wp\/v2\/posts"}],"about":[{"href":"https:\/\/www.anovapeneira.gal\/index.php\/wp-json\/wp\/v2\/types\/post"}],"author":[{"embeddable":true,"href":"https:\/\/www.anovapeneira.gal\/index.php\/wp-json\/wp\/v2\/users\/3"}],"replies":[{"embeddable":true,"href":"https:\/\/www.anovapeneira.gal\/index.php\/wp-json\/wp\/v2\/comments?post=4801"}],"version-history":[{"count":3,"href":"https:\/\/www.anovapeneira.gal\/index.php\/wp-json\/wp\/v2\/posts\/4801\/revisions"}],"predecessor-version":[{"id":4807,"href":"https:\/\/www.anovapeneira.gal\/index.php\/wp-json\/wp\/v2\/posts\/4801\/revisions\/4807"}],"wp:featuredmedia":[{"embeddable":true,"href":"https:\/\/www.anovapeneira.gal\/index.php\/wp-json\/wp\/v2\/media\/4802"}],"wp:attachment":[{"href":"https:\/\/www.anovapeneira.gal\/index.php\/wp-json\/wp\/v2\/media?parent=4801"}],"wp:term":[{"taxonomy":"category","embeddable":true,"href":"https:\/\/www.anovapeneira.gal\/index.php\/wp-json\/wp\/v2\/categories?post=4801"},{"taxonomy":"post_tag","embeddable":true,"href":"https:\/\/www.anovapeneira.gal\/index.php\/wp-json\/wp\/v2\/tags?post=4801"}],"curies":[{"name":"wp","href":"https:\/\/api.w.org\/{rel}","templated":true}]}}