{"id":481,"date":"2019-07-05T20:23:19","date_gmt":"2019-07-05T18:23:19","guid":{"rendered":"http:\/\/www.anovapeneira.gal\/?p=481"},"modified":"2019-07-13T20:33:59","modified_gmt":"2019-07-13T18:33:59","slug":"non-e-para-estar-precisamente-tan-contentos","status":"publish","type":"post","link":"https:\/\/www.anovapeneira.gal\/index.php\/2019\/07\/05\/non-e-para-estar-precisamente-tan-contentos\/","title":{"rendered":"Non \u00e9 para estar precisamente tan contentos."},"content":{"rendered":"\n<figure class=\"wp-block-image is-resized\"><img loading=\"lazy\" decoding=\"async\" src=\"http:\/\/www.anovapeneira.gal\/wp-content\/uploads\/2019\/07\/Baldomero_Iglesias_Dobarrio_Mero.jpg\" alt=\"Baldomero Iglesias  Dobarrio Mero artigos de opini\u00f3n A Nova Peneira\" class=\"wp-image-482\" width=\"95\" height=\"111\"\/><figcaption>Baldomero Iglesias Dobarrio, Mero.<\/figcaption><\/figure>\n\n\n\n<p>Estou cada vez m\u00e1is convencido de que vemos a realidade que nos interesa ver. E desta volta f\u00e1goo con certa pena porque o tema \u00e9 un tema preocupante e a persoa que verte as s\u00faas opini\u00f3ns ao respecto, ten certa autoridade e, en parte, penso, reflicte o que pensan desde unha certa altura de poder. Eles est\u00e1n as\u00ed contentos. Contesto despois da quentura inicial que me produce ler e ver estas cousas. Tr\u00e1tase de contestar brevemente un artigo esperanzado, enormemente, de algu\u00e9n que est\u00e1 na Academia da Lingua e que di que \u201cCando os feitos falan, as linguas calan\u201d. Frase lapidaria que parece convencer pero non alimenta. Xa saben, o que consente o abuso, un desatino, tam\u00e9n dalg\u00fan xeito se fai c\u00f3mplice del. Emprega o articulista a sentenza firme, case sempre vaidosa dunha sentenza global de que para a Nosa Lingua, todo vai ben. A realidade que eu vexo, e non se desprende de n\u00fameros  sen\u00f3n do que te\u00f1o por diante, dime que non \u00e9 certo. Realidades que me petan en ouvidos e coraz\u00f3n, que me deixan estremecido: centros de educaci\u00f3n \u201centeiros\u201d nos que ningu\u00e9n fala galego en ningunha situaci\u00f3n, nin sequera na clases de galego, e para corrixir tal destino  fracasa  a lei na man dos que poden. Hai tam\u00e9n centros \u2013dalgunha cidade galega- que nun arrebato de valor propo\u00f1en na clase, ao alumnado, o reto de falar galego unha, d\u00faas ou tres semanas, en todas as situaci\u00f3ns da vida. Para que vexan no propio corpo as dificultades que unha persoa galegofalante ten, para ir pola vida en normalidade. Pedir\u00edalle ao asinante do artigo, escrito nunha tribuna dun xornal de ampla divulgaci\u00f3n, que pregunte a ese alumnado, que escoite o que lle din. Que volva a sorprenderse do deterioro da fala. E, despois, se ten peito a\u00ednda, que lles conte a milonga de que \u201cprogresamos axeitadamente\u201d. Conv\u00e9n, xa que logo, divulgar estes temas con menos n\u00fameros de balances, programados ao abeiro de silencios e das administraci\u00f3ns que,  comodamente amparados polo que poido ter sido se non se fixese, cometen a demagoxia que non conforta nin corrixe, cando sabemos \u2013realmente- que o idioma retrocede a pasos nunca sabidos. Diante a parsimonia dunhas  Academias, Consellos, e eufemismos varios que certificar\u00e1n \u2013se te\u00f1en a ben dicir a verdade e se arriscan a perder a subvenci\u00f3n da Xunta- esta realidade. Foi demoledor o impacto negativo na ditadura franquista, si; pero est\u00e1 sendo demoledora a actitude da Xunta co decreto de triling\u00fcismo, fabricado para quedar ben cos votantes m\u00e1is extremos, os b\u00edfidos que agora lles comen as papas. A consideraci\u00f3n da Nosa Lingua sempre est\u00e1 \u00e1 baixa, estea ou non dito polos n\u00fameros, as\u00ed \u00e9. E non \u00e9 de obrigado co\u00f1ecemento, ou esqueceron iso? O deber de ser co\u00f1ecido so \u00e9 para o idioma centralista de sempre, agora en conivencia co ingl\u00e9s, que ten moito futuro sobre todo para os mozos que ter\u00e1n que ir buscar choio f\u00f3ra, \u201cna mobilidade\u201d daquela ministra de triste lembranza. Esa \u00e9 a realidade que, seica, non queren ver. E insisten en exaltar a hist\u00e9rica imposici\u00f3n brutal desde a nosa perda, esta que nos est\u00e1 deixando s\u00f3 actos lit\u00farxicos nos que as elites so\u00f1an futuros ventureiros que os do poder negan, insistentemente negan.  Lorenzos, V\u00e1zqueces e Feixo\u00f3s, Raxois e outras moitas variedades de b\u00edfidos esp\u00e9cimes, adulados por moitos outros que cantan e a voces corean \u00e9xitos non co\u00f1ecidos. A\u00ed \u00e9 onde morremos n\u00f3s, os que vemos como nos estamos perdendo. A\u00ed \u00e9 onde cantan aqueles a coro outra realidade inexistente de \u00e9xito, como a que se nos relata no artigo de opini\u00f3n, cando somos a \u00fanica lingua do Estado que retrocede en falantes e en uso e, onde, por certo, nese mesmo artigo se nos di que hai que pensar no porvir sen medo e con esperanza. Que m\u00e1goa sinto non expresase ben, o non citado autor, a nosa dor. Dor que sei tam\u00e9n \u00e9 a del, dor que vai a car\u00f3n do amor sentido polo Noso, pero que non soubo expresar e incita \u00e1 unha interpretaci\u00f3n equivocada e interesada.<\/p>\n","protected":false},"excerpt":{"rendered":"<div class=\"mh-excerpt\"><p>Estou cada vez m\u00e1is convencido de que vemos a realidade que nos interesa ver. E desta volta f\u00e1goo con certa pena porque o tema \u00e9 un tema preocupante e a persoa que verte as s\u00faas opini\u00f3ns ao respecto <a class=\"mh-excerpt-more\" href=\"https:\/\/www.anovapeneira.gal\/index.php\/2019\/07\/05\/non-e-para-estar-precisamente-tan-contentos\/\" title=\"Non \u00e9 para estar precisamente tan contentos.\">[&#8230;]<\/a><\/p>\n<\/div>","protected":false},"author":5,"featured_media":483,"comment_status":"open","ping_status":"open","sticky":false,"template":"","format":"standard","meta":{"_exactmetrics_skip_tracking":false,"_exactmetrics_sitenote_active":false,"_exactmetrics_sitenote_note":"","_exactmetrics_sitenote_category":0,"footnotes":""},"categories":[7],"tags":[8,33,163,162,161,164],"class_list":{"0":"post-481","1":"post","2":"type-post","3":"status-publish","4":"format-standard","5":"has-post-thumbnail","7":"category-artigos-de-opinion","8":"tag-baldomero-iglesias-dobarrio","9":"tag-cultura","10":"tag-fala-galego","11":"tag-lingua","12":"tag-nosa-lingua","13":"tag-politica-linguistica"},"yoast_head":"<!-- This site is optimized with the Yoast SEO plugin v27.4 - https:\/\/yoast.com\/product\/yoast-seo-wordpress\/ -->\n<title>Non \u00e9 para estar precisamente tan contentos. -<\/title>\n<meta name=\"robots\" content=\"index, follow, max-snippet:-1, max-image-preview:large, max-video-preview:-1\" \/>\n<link rel=\"canonical\" href=\"https:\/\/www.anovapeneira.gal\/index.php\/2019\/07\/05\/non-e-para-estar-precisamente-tan-contentos\/\" \/>\n<meta property=\"og:locale\" content=\"gl_ES\" \/>\n<meta property=\"og:type\" content=\"article\" \/>\n<meta property=\"og:title\" content=\"Non \u00e9 para estar precisamente tan contentos. -\" \/>\n<meta property=\"og:description\" content=\"Estou cada vez m\u00e1is convencido de que vemos a realidade que nos interesa ver. E desta volta f\u00e1goo con certa pena porque o tema \u00e9 un tema preocupante e a persoa que verte as s\u00faas opini\u00f3ns ao respecto [...]\" \/>\n<meta property=\"og:url\" content=\"https:\/\/www.anovapeneira.gal\/index.php\/2019\/07\/05\/non-e-para-estar-precisamente-tan-contentos\/\" \/>\n<meta property=\"article:publisher\" content=\"https:\/\/www.facebook.com\/anovapeneira\" \/>\n<meta property=\"article:published_time\" content=\"2019-07-05T18:23:19+00:00\" \/>\n<meta property=\"article:modified_time\" content=\"2019-07-13T18:33:59+00:00\" \/>\n<meta property=\"og:image\" content=\"https:\/\/www.anovapeneira.gal\/wp-content\/uploads\/2019\/07\/fala_galego_a_nova_peneira.jpg\" \/>\n\t<meta property=\"og:image:width\" content=\"720\" \/>\n\t<meta property=\"og:image:height\" content=\"473\" \/>\n\t<meta property=\"og:image:type\" content=\"image\/jpeg\" \/>\n<meta name=\"author\" content=\"Baldomero Iglesias Dobarrio, Mero\" \/>\n<meta name=\"twitter:card\" content=\"summary_large_image\" \/>\n<meta name=\"twitter:creator\" content=\"@APeneira\" \/>\n<meta name=\"twitter:site\" content=\"@APeneira\" \/>\n<meta name=\"twitter:label1\" content=\"Escrito por\" \/>\n\t<meta name=\"twitter:data1\" content=\"Baldomero Iglesias Dobarrio, Mero\" \/>\n\t<meta name=\"twitter:label2\" content=\"Tempo de lectura\" \/>\n\t<meta name=\"twitter:data2\" content=\"4 minutos\" \/>\n<script type=\"application\/ld+json\" class=\"yoast-schema-graph\">{\"@context\":\"https:\\\/\\\/schema.org\",\"@graph\":[{\"@type\":\"Article\",\"@id\":\"https:\\\/\\\/www.anovapeneira.gal\\\/index.php\\\/2019\\\/07\\\/05\\\/non-e-para-estar-precisamente-tan-contentos\\\/#article\",\"isPartOf\":{\"@id\":\"https:\\\/\\\/www.anovapeneira.gal\\\/index.php\\\/2019\\\/07\\\/05\\\/non-e-para-estar-precisamente-tan-contentos\\\/\"},\"author\":{\"name\":\"Baldomero Iglesias Dobarrio, Mero\",\"@id\":\"https:\\\/\\\/www.anovapeneira.gal\\\/#\\\/schema\\\/person\\\/b051ed40cfc100e281476674783b32fc\"},\"headline\":\"Non \u00e9 para estar precisamente tan contentos.\",\"datePublished\":\"2019-07-05T18:23:19+00:00\",\"dateModified\":\"2019-07-13T18:33:59+00:00\",\"mainEntityOfPage\":{\"@id\":\"https:\\\/\\\/www.anovapeneira.gal\\\/index.php\\\/2019\\\/07\\\/05\\\/non-e-para-estar-precisamente-tan-contentos\\\/\"},\"wordCount\":725,\"commentCount\":0,\"publisher\":{\"@id\":\"https:\\\/\\\/www.anovapeneira.gal\\\/#organization\"},\"image\":{\"@id\":\"https:\\\/\\\/www.anovapeneira.gal\\\/index.php\\\/2019\\\/07\\\/05\\\/non-e-para-estar-precisamente-tan-contentos\\\/#primaryimage\"},\"thumbnailUrl\":\"https:\\\/\\\/www.anovapeneira.gal\\\/wp-content\\\/uploads\\\/2019\\\/07\\\/fala_galego_a_nova_peneira.jpg\",\"keywords\":[\"Baldomero Iglesias Dobarrio\",\"Cultura\",\"Fala galego\",\"Lingua\",\"Nosa lingua\",\"Pol\u00edtica Ling\u00fc\u00edstica\"],\"articleSection\":[\"Artigos de opini\u00f3n\"],\"inLanguage\":\"gl-ES\",\"potentialAction\":[{\"@type\":\"CommentAction\",\"name\":\"Comment\",\"target\":[\"https:\\\/\\\/www.anovapeneira.gal\\\/index.php\\\/2019\\\/07\\\/05\\\/non-e-para-estar-precisamente-tan-contentos\\\/#respond\"]}]},{\"@type\":\"WebPage\",\"@id\":\"https:\\\/\\\/www.anovapeneira.gal\\\/index.php\\\/2019\\\/07\\\/05\\\/non-e-para-estar-precisamente-tan-contentos\\\/\",\"url\":\"https:\\\/\\\/www.anovapeneira.gal\\\/index.php\\\/2019\\\/07\\\/05\\\/non-e-para-estar-precisamente-tan-contentos\\\/\",\"name\":\"Non \u00e9 para estar precisamente tan contentos. -\",\"isPartOf\":{\"@id\":\"https:\\\/\\\/www.anovapeneira.gal\\\/#website\"},\"primaryImageOfPage\":{\"@id\":\"https:\\\/\\\/www.anovapeneira.gal\\\/index.php\\\/2019\\\/07\\\/05\\\/non-e-para-estar-precisamente-tan-contentos\\\/#primaryimage\"},\"image\":{\"@id\":\"https:\\\/\\\/www.anovapeneira.gal\\\/index.php\\\/2019\\\/07\\\/05\\\/non-e-para-estar-precisamente-tan-contentos\\\/#primaryimage\"},\"thumbnailUrl\":\"https:\\\/\\\/www.anovapeneira.gal\\\/wp-content\\\/uploads\\\/2019\\\/07\\\/fala_galego_a_nova_peneira.jpg\",\"datePublished\":\"2019-07-05T18:23:19+00:00\",\"dateModified\":\"2019-07-13T18:33:59+00:00\",\"breadcrumb\":{\"@id\":\"https:\\\/\\\/www.anovapeneira.gal\\\/index.php\\\/2019\\\/07\\\/05\\\/non-e-para-estar-precisamente-tan-contentos\\\/#breadcrumb\"},\"inLanguage\":\"gl-ES\",\"potentialAction\":[{\"@type\":\"ReadAction\",\"target\":[\"https:\\\/\\\/www.anovapeneira.gal\\\/index.php\\\/2019\\\/07\\\/05\\\/non-e-para-estar-precisamente-tan-contentos\\\/\"]}]},{\"@type\":\"ImageObject\",\"inLanguage\":\"gl-ES\",\"@id\":\"https:\\\/\\\/www.anovapeneira.gal\\\/index.php\\\/2019\\\/07\\\/05\\\/non-e-para-estar-precisamente-tan-contentos\\\/#primaryimage\",\"url\":\"https:\\\/\\\/www.anovapeneira.gal\\\/wp-content\\\/uploads\\\/2019\\\/07\\\/fala_galego_a_nova_peneira.jpg\",\"contentUrl\":\"https:\\\/\\\/www.anovapeneira.gal\\\/wp-content\\\/uploads\\\/2019\\\/07\\\/fala_galego_a_nova_peneira.jpg\",\"width\":720,\"height\":473,\"caption\":\"Non \u00e9 para estar precisamente tan contentos Fala Galego A Nova Peneira Artigo de opini\u00f3n\"},{\"@type\":\"BreadcrumbList\",\"@id\":\"https:\\\/\\\/www.anovapeneira.gal\\\/index.php\\\/2019\\\/07\\\/05\\\/non-e-para-estar-precisamente-tan-contentos\\\/#breadcrumb\",\"itemListElement\":[{\"@type\":\"ListItem\",\"position\":1,\"name\":\"Portada\",\"item\":\"https:\\\/\\\/www.anovapeneira.gal\\\/\"},{\"@type\":\"ListItem\",\"position\":2,\"name\":\"Non \u00e9 para estar precisamente tan contentos.\"}]},{\"@type\":\"WebSite\",\"@id\":\"https:\\\/\\\/www.anovapeneira.gal\\\/#website\",\"url\":\"https:\\\/\\\/www.anovapeneira.gal\\\/\",\"name\":\"\",\"description\":\"Xornal galego de informaci\u00f3n xeral Publicaci\u00f3n mensual de novas de Galicia e en especial dos Concellos da sur da provincia de Pontevedra.\",\"publisher\":{\"@id\":\"https:\\\/\\\/www.anovapeneira.gal\\\/#organization\"},\"potentialAction\":[{\"@type\":\"SearchAction\",\"target\":{\"@type\":\"EntryPoint\",\"urlTemplate\":\"https:\\\/\\\/www.anovapeneira.gal\\\/?s={search_term_string}\"},\"query-input\":{\"@type\":\"PropertyValueSpecification\",\"valueRequired\":true,\"valueName\":\"search_term_string\"}}],\"inLanguage\":\"gl-ES\"},{\"@type\":\"Organization\",\"@id\":\"https:\\\/\\\/www.anovapeneira.gal\\\/#organization\",\"name\":\"A Nova Peneira\",\"url\":\"https:\\\/\\\/www.anovapeneira.gal\\\/\",\"logo\":{\"@type\":\"ImageObject\",\"inLanguage\":\"gl-ES\",\"@id\":\"https:\\\/\\\/www.anovapeneira.gal\\\/#\\\/schema\\\/logo\\\/image\\\/\",\"url\":\"http:\\\/\\\/www.anovapeneira.gal\\\/wp-content\\\/uploads\\\/2019\\\/06\\\/logo_a_nova_peneira_portal_web.png\",\"contentUrl\":\"http:\\\/\\\/www.anovapeneira.gal\\\/wp-content\\\/uploads\\\/2019\\\/06\\\/logo_a_nova_peneira_portal_web.png\",\"width\":300,\"height\":100,\"caption\":\"A Nova Peneira\"},\"image\":{\"@id\":\"https:\\\/\\\/www.anovapeneira.gal\\\/#\\\/schema\\\/logo\\\/image\\\/\"},\"sameAs\":[\"https:\\\/\\\/www.facebook.com\\\/anovapeneira\",\"https:\\\/\\\/x.com\\\/APeneira\"]},{\"@type\":\"Person\",\"@id\":\"https:\\\/\\\/www.anovapeneira.gal\\\/#\\\/schema\\\/person\\\/b051ed40cfc100e281476674783b32fc\",\"name\":\"Baldomero Iglesias Dobarrio, Mero\",\"image\":{\"@type\":\"ImageObject\",\"inLanguage\":\"gl-ES\",\"@id\":\"https:\\\/\\\/secure.gravatar.com\\\/avatar\\\/ca78fc089f8cf28197f88de2c9ac213e2f7d2097d8e359d9359b8778b539c59d?s=96&d=mm&r=g\",\"url\":\"https:\\\/\\\/secure.gravatar.com\\\/avatar\\\/ca78fc089f8cf28197f88de2c9ac213e2f7d2097d8e359d9359b8778b539c59d?s=96&d=mm&r=g\",\"contentUrl\":\"https:\\\/\\\/secure.gravatar.com\\\/avatar\\\/ca78fc089f8cf28197f88de2c9ac213e2f7d2097d8e359d9359b8778b539c59d?s=96&d=mm&r=g\",\"caption\":\"Baldomero Iglesias Dobarrio, Mero\"},\"sameAs\":[\"http:\\\/\\\/anovapeneira.gal\"],\"url\":\"https:\\\/\\\/www.anovapeneira.gal\\\/index.php\\\/author\\\/opinionmero\\\/\"}]}<\/script>\n<!-- \/ Yoast SEO plugin. -->","yoast_head_json":{"title":"Non \u00e9 para estar precisamente tan contentos. -","robots":{"index":"index","follow":"follow","max-snippet":"max-snippet:-1","max-image-preview":"max-image-preview:large","max-video-preview":"max-video-preview:-1"},"canonical":"https:\/\/www.anovapeneira.gal\/index.php\/2019\/07\/05\/non-e-para-estar-precisamente-tan-contentos\/","og_locale":"gl_ES","og_type":"article","og_title":"Non \u00e9 para estar precisamente tan contentos. -","og_description":"Estou cada vez m\u00e1is convencido de que vemos a realidade que nos interesa ver. E desta volta f\u00e1goo con certa pena porque o tema \u00e9 un tema preocupante e a persoa que verte as s\u00faas opini\u00f3ns ao respecto [...]","og_url":"https:\/\/www.anovapeneira.gal\/index.php\/2019\/07\/05\/non-e-para-estar-precisamente-tan-contentos\/","article_publisher":"https:\/\/www.facebook.com\/anovapeneira","article_published_time":"2019-07-05T18:23:19+00:00","article_modified_time":"2019-07-13T18:33:59+00:00","og_image":[{"width":720,"height":473,"url":"https:\/\/www.anovapeneira.gal\/wp-content\/uploads\/2019\/07\/fala_galego_a_nova_peneira.jpg","type":"image\/jpeg"}],"author":"Baldomero Iglesias Dobarrio, Mero","twitter_card":"summary_large_image","twitter_creator":"@APeneira","twitter_site":"@APeneira","twitter_misc":{"Escrito por":"Baldomero Iglesias Dobarrio, Mero","Tempo de lectura":"4 minutos"},"schema":{"@context":"https:\/\/schema.org","@graph":[{"@type":"Article","@id":"https:\/\/www.anovapeneira.gal\/index.php\/2019\/07\/05\/non-e-para-estar-precisamente-tan-contentos\/#article","isPartOf":{"@id":"https:\/\/www.anovapeneira.gal\/index.php\/2019\/07\/05\/non-e-para-estar-precisamente-tan-contentos\/"},"author":{"name":"Baldomero Iglesias Dobarrio, Mero","@id":"https:\/\/www.anovapeneira.gal\/#\/schema\/person\/b051ed40cfc100e281476674783b32fc"},"headline":"Non \u00e9 para estar precisamente tan contentos.","datePublished":"2019-07-05T18:23:19+00:00","dateModified":"2019-07-13T18:33:59+00:00","mainEntityOfPage":{"@id":"https:\/\/www.anovapeneira.gal\/index.php\/2019\/07\/05\/non-e-para-estar-precisamente-tan-contentos\/"},"wordCount":725,"commentCount":0,"publisher":{"@id":"https:\/\/www.anovapeneira.gal\/#organization"},"image":{"@id":"https:\/\/www.anovapeneira.gal\/index.php\/2019\/07\/05\/non-e-para-estar-precisamente-tan-contentos\/#primaryimage"},"thumbnailUrl":"https:\/\/www.anovapeneira.gal\/wp-content\/uploads\/2019\/07\/fala_galego_a_nova_peneira.jpg","keywords":["Baldomero Iglesias Dobarrio","Cultura","Fala galego","Lingua","Nosa lingua","Pol\u00edtica Ling\u00fc\u00edstica"],"articleSection":["Artigos de opini\u00f3n"],"inLanguage":"gl-ES","potentialAction":[{"@type":"CommentAction","name":"Comment","target":["https:\/\/www.anovapeneira.gal\/index.php\/2019\/07\/05\/non-e-para-estar-precisamente-tan-contentos\/#respond"]}]},{"@type":"WebPage","@id":"https:\/\/www.anovapeneira.gal\/index.php\/2019\/07\/05\/non-e-para-estar-precisamente-tan-contentos\/","url":"https:\/\/www.anovapeneira.gal\/index.php\/2019\/07\/05\/non-e-para-estar-precisamente-tan-contentos\/","name":"Non \u00e9 para estar precisamente tan contentos. -","isPartOf":{"@id":"https:\/\/www.anovapeneira.gal\/#website"},"primaryImageOfPage":{"@id":"https:\/\/www.anovapeneira.gal\/index.php\/2019\/07\/05\/non-e-para-estar-precisamente-tan-contentos\/#primaryimage"},"image":{"@id":"https:\/\/www.anovapeneira.gal\/index.php\/2019\/07\/05\/non-e-para-estar-precisamente-tan-contentos\/#primaryimage"},"thumbnailUrl":"https:\/\/www.anovapeneira.gal\/wp-content\/uploads\/2019\/07\/fala_galego_a_nova_peneira.jpg","datePublished":"2019-07-05T18:23:19+00:00","dateModified":"2019-07-13T18:33:59+00:00","breadcrumb":{"@id":"https:\/\/www.anovapeneira.gal\/index.php\/2019\/07\/05\/non-e-para-estar-precisamente-tan-contentos\/#breadcrumb"},"inLanguage":"gl-ES","potentialAction":[{"@type":"ReadAction","target":["https:\/\/www.anovapeneira.gal\/index.php\/2019\/07\/05\/non-e-para-estar-precisamente-tan-contentos\/"]}]},{"@type":"ImageObject","inLanguage":"gl-ES","@id":"https:\/\/www.anovapeneira.gal\/index.php\/2019\/07\/05\/non-e-para-estar-precisamente-tan-contentos\/#primaryimage","url":"https:\/\/www.anovapeneira.gal\/wp-content\/uploads\/2019\/07\/fala_galego_a_nova_peneira.jpg","contentUrl":"https:\/\/www.anovapeneira.gal\/wp-content\/uploads\/2019\/07\/fala_galego_a_nova_peneira.jpg","width":720,"height":473,"caption":"Non \u00e9 para estar precisamente tan contentos Fala Galego A Nova Peneira Artigo de opini\u00f3n"},{"@type":"BreadcrumbList","@id":"https:\/\/www.anovapeneira.gal\/index.php\/2019\/07\/05\/non-e-para-estar-precisamente-tan-contentos\/#breadcrumb","itemListElement":[{"@type":"ListItem","position":1,"name":"Portada","item":"https:\/\/www.anovapeneira.gal\/"},{"@type":"ListItem","position":2,"name":"Non \u00e9 para estar precisamente tan contentos."}]},{"@type":"WebSite","@id":"https:\/\/www.anovapeneira.gal\/#website","url":"https:\/\/www.anovapeneira.gal\/","name":"","description":"Xornal galego de informaci\u00f3n xeral Publicaci\u00f3n mensual de novas de Galicia e en especial dos Concellos da sur da provincia de Pontevedra.","publisher":{"@id":"https:\/\/www.anovapeneira.gal\/#organization"},"potentialAction":[{"@type":"SearchAction","target":{"@type":"EntryPoint","urlTemplate":"https:\/\/www.anovapeneira.gal\/?s={search_term_string}"},"query-input":{"@type":"PropertyValueSpecification","valueRequired":true,"valueName":"search_term_string"}}],"inLanguage":"gl-ES"},{"@type":"Organization","@id":"https:\/\/www.anovapeneira.gal\/#organization","name":"A Nova Peneira","url":"https:\/\/www.anovapeneira.gal\/","logo":{"@type":"ImageObject","inLanguage":"gl-ES","@id":"https:\/\/www.anovapeneira.gal\/#\/schema\/logo\/image\/","url":"http:\/\/www.anovapeneira.gal\/wp-content\/uploads\/2019\/06\/logo_a_nova_peneira_portal_web.png","contentUrl":"http:\/\/www.anovapeneira.gal\/wp-content\/uploads\/2019\/06\/logo_a_nova_peneira_portal_web.png","width":300,"height":100,"caption":"A Nova Peneira"},"image":{"@id":"https:\/\/www.anovapeneira.gal\/#\/schema\/logo\/image\/"},"sameAs":["https:\/\/www.facebook.com\/anovapeneira","https:\/\/x.com\/APeneira"]},{"@type":"Person","@id":"https:\/\/www.anovapeneira.gal\/#\/schema\/person\/b051ed40cfc100e281476674783b32fc","name":"Baldomero Iglesias Dobarrio, Mero","image":{"@type":"ImageObject","inLanguage":"gl-ES","@id":"https:\/\/secure.gravatar.com\/avatar\/ca78fc089f8cf28197f88de2c9ac213e2f7d2097d8e359d9359b8778b539c59d?s=96&d=mm&r=g","url":"https:\/\/secure.gravatar.com\/avatar\/ca78fc089f8cf28197f88de2c9ac213e2f7d2097d8e359d9359b8778b539c59d?s=96&d=mm&r=g","contentUrl":"https:\/\/secure.gravatar.com\/avatar\/ca78fc089f8cf28197f88de2c9ac213e2f7d2097d8e359d9359b8778b539c59d?s=96&d=mm&r=g","caption":"Baldomero Iglesias Dobarrio, Mero"},"sameAs":["http:\/\/anovapeneira.gal"],"url":"https:\/\/www.anovapeneira.gal\/index.php\/author\/opinionmero\/"}]}},"jetpack_featured_media_url":"https:\/\/www.anovapeneira.gal\/wp-content\/uploads\/2019\/07\/fala_galego_a_nova_peneira.jpg","_links":{"self":[{"href":"https:\/\/www.anovapeneira.gal\/index.php\/wp-json\/wp\/v2\/posts\/481","targetHints":{"allow":["GET"]}}],"collection":[{"href":"https:\/\/www.anovapeneira.gal\/index.php\/wp-json\/wp\/v2\/posts"}],"about":[{"href":"https:\/\/www.anovapeneira.gal\/index.php\/wp-json\/wp\/v2\/types\/post"}],"author":[{"embeddable":true,"href":"https:\/\/www.anovapeneira.gal\/index.php\/wp-json\/wp\/v2\/users\/5"}],"replies":[{"embeddable":true,"href":"https:\/\/www.anovapeneira.gal\/index.php\/wp-json\/wp\/v2\/comments?post=481"}],"version-history":[{"count":1,"href":"https:\/\/www.anovapeneira.gal\/index.php\/wp-json\/wp\/v2\/posts\/481\/revisions"}],"predecessor-version":[{"id":484,"href":"https:\/\/www.anovapeneira.gal\/index.php\/wp-json\/wp\/v2\/posts\/481\/revisions\/484"}],"wp:featuredmedia":[{"embeddable":true,"href":"https:\/\/www.anovapeneira.gal\/index.php\/wp-json\/wp\/v2\/media\/483"}],"wp:attachment":[{"href":"https:\/\/www.anovapeneira.gal\/index.php\/wp-json\/wp\/v2\/media?parent=481"}],"wp:term":[{"taxonomy":"category","embeddable":true,"href":"https:\/\/www.anovapeneira.gal\/index.php\/wp-json\/wp\/v2\/categories?post=481"},{"taxonomy":"post_tag","embeddable":true,"href":"https:\/\/www.anovapeneira.gal\/index.php\/wp-json\/wp\/v2\/tags?post=481"}],"curies":[{"name":"wp","href":"https:\/\/api.w.org\/{rel}","templated":true}]}}