{"id":4811,"date":"2021-02-08T12:00:08","date_gmt":"2021-02-08T11:00:08","guid":{"rendered":"http:\/\/www.anovapeneira.gal\/?p=4811"},"modified":"2021-02-07T07:34:36","modified_gmt":"2021-02-07T06:34:36","slug":"ana-alonso-presidenta-da-xestora-do-pp-de-redondela","status":"publish","type":"post","link":"https:\/\/www.anovapeneira.gal\/index.php\/2021\/02\/08\/ana-alonso-presidenta-da-xestora-do-pp-de-redondela\/","title":{"rendered":"Ana Alonso Presidenta da Xestora do PP de Redondela"},"content":{"rendered":"\n<p><strong>Ana \u00e9 unha moza de Redondela que, despois da partida de Javier Bas \u00e1 capital do estado ,preside a xestora do PP local.Ven de presentar o apoio do seu partido a un proxecto, creado por un grupo de mozas e mozos da universidade, que ten por finalidade facilitar o acceso da mocidade ao mercado laboral. Conversamos con ela para co\u00f1ecer este proxecto, e para co\u00f1ecela a ela en particular. Vela\u00ed vai o que deu de si a nosa conversa<\/strong><\/p>\n\n\n\n<p>\u201c<strong>POR DESGRAZA, A REDONDELA ACTUAL \u00c9 MOITO PEOR \u00c1 QUE DEIXOU O GOBERNO DO PP\u201d<\/strong><\/p>\n\n\n\n<p><strong>Que cargo ocupas no PP de Redondela na actualidade?<\/strong><\/p>\n\n\n\n<blockquote class=\"wp-block-quote is-layout-flow wp-block-quote-is-layout-flow\"><p>Son a presidenta da s\u00faa xestora<\/p><\/blockquote>\n\n\n\n<p><strong>Es natural de Redondela?<\/strong><\/p>\n\n\n\n<blockquote class=\"wp-block-quote is-layout-flow wp-block-quote-is-layout-flow\"><p>Si, e ben orgullosa que estou.<\/p><\/blockquote>\n\n\n\n<p><strong>A que te dedicas?<\/strong><\/p>\n\n\n\n<blockquote class=\"wp-block-quote is-layout-flow wp-block-quote-is-layout-flow\"><p>Eu son economista de formaci\u00f3n, e sempre desenvolv\u00edn a mi\u00f1a actividade profesional en relaci\u00f3n cos meus estudos. Na actualidad son vice directora da compa\u00f1\u00eda Citic Censa , situada no Porri\u00f1o<\/p><\/blockquote>\n\n\n\n<p><strong>Ah vaia que casualidade, ent\u00f3n temos co\u00f1ecidos com\u00fans .Un dos meus mellores e m\u00e1is prezados amigos est\u00e1 rec\u00e9n xubilado desa empresa, Xose Carlos De La Fuente.Foi delegado da CIG moitos anos al\u00ed. Non sei se como delegado deuche moitos quebradeiros de cabeza ?, pero \u00e9 un tipo que eu aprecio moito<\/strong><\/p>\n\n\n\n<blockquote class=\"wp-block-quote is-layout-flow wp-block-quote-is-layout-flow\"><p>Ha ha ha ha ha. Ben, digamos que como todos os delegados sindicais. Pero coincido contigo en que Xose Carlos \u00e9 moi boa persoa.<\/p><\/blockquote>\n\n\n\n<p><strong>Que significa para ti, que un militante do PP de Redondela,Javier Bas, sexa deputado no parlamento do estado?<\/strong><\/p>\n\n\n\n<blockquote class=\"wp-block-quote is-layout-flow wp-block-quote-is-layout-flow\"><p>Estou tremendamente orgullosa.Pero non s\u00f3 eu, sen\u00f3n todos os militantes e simpatizantes do PP de Redondela<\/p><\/blockquote>\n\n\n\n<p><strong>E ti pensas que para Redondela,ese feito, sup\u00f3n alg\u00fan tipo de beneficio concreto?<\/strong><\/p>\n\n\n\n<blockquote class=\"wp-block-quote is-layout-flow wp-block-quote-is-layout-flow\"><p>Si, Rotundamente si. Javier \u00e9 un home emocionalmente pegado a Redondela e non desaproveita ningunha ocasi\u00f3n para amosalo e para pelexar con toda a intensidade posible polo ben com\u00fan do noso pobo.<\/p><\/blockquote>\n\n\n\n<p><strong>Reco\u00f1ezo que para min foi unha sorpresa que che fixeran presidenta do PP local.Ti\u00f1a a convicci\u00f3n de que a elexida ser\u00eda Mari Carmen Amoedo. Cales son os motivos que levaron a tomar a decisi\u00f3n de escollerche a ti?<\/strong><\/p>\n\n\n\n<blockquote class=\"wp-block-quote is-layout-flow wp-block-quote-is-layout-flow\"><p>Non che podo responder a iso pois non o sei. A decisi\u00f3n sa\u00edu dunha xuntanza moi cordial na que estivemos, entre otros: o presidente provincial Alfonso Rueda, Javier, Alberto Pazos, Mari Carmen e eu mesma. Puxemos encima da mesa todas as opci\u00f3ns, e finalmente acordouse por unanimidade proporme a min<\/p><\/blockquote>\n\n\n\n<p><strong>Ti esper\u00e1balo, ou foi unha sorpresa?<\/strong><\/p>\n\n\n\n<blockquote class=\"wp-block-quote is-layout-flow wp-block-quote-is-layout-flow\"><p>Nun primeiro momento foi unha sorpresa, pero no PP de Redondela temos claro que o proxecto \u00e9 o mais importante, e todos estamos a disposici\u00f3n do equipo.<\/p><\/blockquote>\n\n\n\n<p><strong>E como valoras a t\u00faa etapa de presidenta do PP local?<\/strong><\/p>\n\n\n\n<blockquote class=\"wp-block-quote is-layout-flow wp-block-quote-is-layout-flow\"><p>No que respecta ao traballo cos meus compa\u00f1eiros e compa\u00f1eiras estou moi satisfeita, pois o grupo humano \u00e9 estupendo. No que se refire ao contexto xeral pois, que che vou dicir, \u00e9 enormemente complicado nunha situaci\u00f3n de pandemia in\u00e9dita na nosa historia. E por \u00faltimo a mi\u00f1a opini\u00f3n ao respecto da pol\u00edtica local \u00e9 que o goberno bipartito presenta unhas carencias notables que por desgraza fan unha Redondela moito peor \u00e1 que deixou o goberno popular.<\/p><\/blockquote>\n\n\n\n<p><strong>En que temas en concreto \u00e9 peor a Redondela actual, que a Redondela do alcalde Javier Bas?<\/strong><\/p>\n\n\n\n<blockquote class=\"wp-block-quote is-layout-flow wp-block-quote-is-layout-flow\"><p>Sen entrar no d\u00eda a d\u00eda xa che podo dicir que o goberno municipal ten dous enormes problemas estruturais que fan que a s\u00faa pr\u00e1ctica pol\u00edtica sexa desastrosa, que son :- A desorganizaci\u00f3n e falta de previsi\u00f3n, que os leva a funcionar a impulsos, sen ton nin son, e- Unha enorme falta de transparencia<\/p><\/blockquote>\n\n\n\n<p><strong>Caramba pois sorpr\u00e9ndeme o da trasparencia, pois cando AER estaba na oposici\u00f3n era unha das s\u00faas bandeiras<\/strong><\/p>\n\n\n\n<blockquote class=\"wp-block-quote is-layout-flow wp-block-quote-is-layout-flow\"><p>Si, xa, pero \u00e1s veces entre o que se di que hai que facer, cando se est\u00e1 na oposici\u00f3n, e o que se fai cando se est\u00e1 no goberno hai bastante distancia.<\/p><\/blockquote>\n\n\n\n<p><strong>Recentemente presentaches un plan de emprego.Expl\u00edcasnolo?<\/strong><\/p>\n\n\n\n<blockquote class=\"wp-block-quote is-layout-flow wp-block-quote-is-layout-flow\"><p>Esta \u00e9 unha plataforma moi ambiciosa, innovadora e solidaria que parte da iniciativa dun grupo de mozos e mozas que demandan o noso apoio co fin de impulsar unha reconstrucci\u00f3n social e econ\u00f3mica, e de que \u00e1 mocidade lle dean a oportunidade de participar nela, conseguido emprego de calidade para unha xeraci\u00f3n enormemente formada pero con moi poucas oportunidades. A plataforma ch\u00e1mase \u201cUniversitarios Preparados \u201ce trata de buscar sinerxias entre a mocidade, as empresas e as administraci\u00f3ns<\/p><\/blockquote>\n\n\n\n<p><strong>Pero ent\u00f3n esta \u00e9 unha iniciativa que parte da sociedade civil, ou \u00e9 partidista?.Quero dicir se estos mozos que a crearon te\u00f1en vinculaci\u00f3n coas Novas Xeraci\u00f3ns do PP?<\/strong><\/p>\n\n\n\n<blockquote class=\"wp-block-quote is-layout-flow wp-block-quote-is-layout-flow\"><p>Esta \u00e9 unha inciativa non partidista.Estos mozos pois desco\u00f1ezo se son de dereitas, de esquerdas ou de centro. Entendo que haber\u00e1 de todo, pero non \u00e9 unha iniciativa das mocidades do PP.<\/p><\/blockquote>\n\n\n\n<p><strong>Son eles os que se dirixiron a V\u00f3s?<\/strong><\/p>\n\n\n\n<blockquote class=\"wp-block-quote is-layout-flow wp-block-quote-is-layout-flow\"><p>Si, pedindo o noso apoio<\/p><\/blockquote>\n\n\n\n<p><strong>E por que se dirixen ao PP de Redondela?<\/strong><\/p>\n\n\n\n<blockquote class=\"wp-block-quote is-layout-flow wp-block-quote-is-layout-flow\"><p>Dirix\u00edronse a todos os grupos que te\u00f1en representaci\u00f3n na corporaci\u00f3n, pero que eu saiba moito caso non lles fixeron no goberno municipal. A min, e aos meus compa\u00f1eiros e compa\u00f1eiras do PP, desde o primeiro momento pareceunos unha iniciativa moi positiva, reun\u00edmonos con eles, e d\u00e9moslle e dar\u00e9moslle todo o noso apoio para que te\u00f1a \u00e9xito.<\/p><\/blockquote>\n\n\n\n<p><strong>As xuntanzas foron f\u00edsicas ou telem\u00e1ticas?<\/strong><\/p>\n\n\n\n<blockquote class=\"wp-block-quote is-layout-flow wp-block-quote-is-layout-flow\"><p>Cando se pod\u00eda f\u00edsicas, e cando non telem\u00e1ticas<\/p><\/blockquote>\n\n\n\n<p><strong>As f\u00edsicas onde as celebrastes?<\/strong><\/p>\n\n\n\n<blockquote class=\"wp-block-quote is-layout-flow wp-block-quote-is-layout-flow\"><p>No multiusos<\/p><\/blockquote>\n\n\n\n<p><strong>A \u00e1rea xeogr\u00e1fica que cubre esa iniciativa cal \u00e9?<\/strong><\/p>\n\n\n\n<blockquote class=\"wp-block-quote is-layout-flow wp-block-quote-is-layout-flow\"><p>Toda Galicia. N\u00f3s o que queremos \u00e9 que o proxecto piloto comece en Redondela, que te\u00f1a \u00e9xito e que se poida espallar, porqu\u00e9 non, a outras partes de Espa\u00f1a.<\/p><\/blockquote>\n\n\n\n<p><strong>Tiveches algunha conversa coa alcaldesa ao repecto deste proxecto?<\/strong><\/p>\n\n\n\n<blockquote class=\"wp-block-quote is-layout-flow wp-block-quote-is-layout-flow\"><p>Non<\/p><\/blockquote>\n\n\n\n<p><strong>E tes a certeza absoluta de que o goberno municipal foi informado da s\u00faa existencia?<\/strong><\/p>\n\n\n\n<blockquote class=\"wp-block-quote is-layout-flow wp-block-quote-is-layout-flow\"><p>Si, te\u00f1o constancia de que foi as\u00ed.<\/p><\/blockquote>\n\n\n\n<p><strong>O PPdG noutras zonas de Galicia est\u00e1 tam\u00e9n interesado en apoiar esta iniciativa?<\/strong><\/p>\n\n\n\n<blockquote class=\"wp-block-quote is-layout-flow wp-block-quote-is-layout-flow\"><p>A nivel auton\u00f3mico despertou moito interese, e haber\u00e1 que ver o seu percorrido en funci\u00f3n dos resultados que acade en Redondela, se conseguimos o apoio institucional necesario para levala a termo.<\/p><\/blockquote>\n","protected":false},"excerpt":{"rendered":"<div class=\"mh-excerpt\"><p>Ana \u00e9 unha moza de Redondela que, despois da partida de Javier Bas \u00e1 capital do estado ,preside a xestora do PP local.Ven de presentar o apoio do seu partido a un proxecto, creado por un grupo de mozas e mozos da universidade, que ten por finalidade facilitar o acceso da mocidade ao mercado laboral <a class=\"mh-excerpt-more\" href=\"https:\/\/www.anovapeneira.gal\/index.php\/2021\/02\/08\/ana-alonso-presidenta-da-xestora-do-pp-de-redondela\/\" title=\"Ana Alonso Presidenta da Xestora do PP de Redondela\">[&#8230;]<\/a><\/p>\n<\/div>","protected":false},"author":3,"featured_media":4812,"comment_status":"open","ping_status":"open","sticky":false,"template":"","format":"standard","meta":{"_exactmetrics_skip_tracking":false,"_exactmetrics_sitenote_active":false,"_exactmetrics_sitenote_note":"","_exactmetrics_sitenote_category":0,"footnotes":""},"categories":[270],"tags":[171,349],"class_list":{"0":"post-4811","1":"post","2":"type-post","3":"status-publish","4":"format-standard","5":"has-post-thumbnail","7":"category-redondela-entrevistas","8":"tag-concello-de-redondela","9":"tag-pp"},"yoast_head":"<!-- This site is optimized with the Yoast SEO plugin v27.4 - https:\/\/yoast.com\/product\/yoast-seo-wordpress\/ -->\n<title>Ana Alonso Presidenta da Xestora do PP de Redondela -<\/title>\n<meta name=\"description\" content=\"Ana \u00e9 unha moza de Redondela que, despois da partida de Javier Bas \u00e1 capital do estado ,preside a xestora do PP local.Ven de presentar o apoio do seu partido a un proxecto, creado por un grupo de mozas e mozos da universidade, que ten por finalidade facilitar o acceso da mocidade ao mercado laboral\" \/>\n<meta name=\"robots\" content=\"index, follow, max-snippet:-1, max-image-preview:large, max-video-preview:-1\" \/>\n<link rel=\"canonical\" href=\"https:\/\/www.anovapeneira.gal\/index.php\/2021\/02\/08\/ana-alonso-presidenta-da-xestora-do-pp-de-redondela\/\" \/>\n<meta property=\"og:locale\" content=\"gl_ES\" \/>\n<meta property=\"og:type\" content=\"article\" \/>\n<meta property=\"og:title\" content=\"Ana Alonso Presidenta da Xestora do PP de Redondela -\" \/>\n<meta property=\"og:description\" content=\"Ana \u00e9 unha moza de Redondela que, despois da partida de Javier Bas \u00e1 capital do estado ,preside a xestora do PP local.Ven de presentar o apoio do seu partido a un proxecto, creado por un grupo de mozas e mozos da universidade, que ten por finalidade facilitar o acceso da mocidade ao mercado laboral\" \/>\n<meta property=\"og:url\" content=\"https:\/\/www.anovapeneira.gal\/index.php\/2021\/02\/08\/ana-alonso-presidenta-da-xestora-do-pp-de-redondela\/\" \/>\n<meta property=\"article:publisher\" content=\"https:\/\/www.facebook.com\/anovapeneira\" \/>\n<meta property=\"article:published_time\" content=\"2021-02-08T11:00:08+00:00\" \/>\n<meta property=\"og:image\" content=\"https:\/\/www.anovapeneira.gal\/wp-content\/uploads\/2021\/02\/pp_redondela_ana_alonso.jpg\" \/>\n\t<meta property=\"og:image:width\" content=\"720\" \/>\n\t<meta property=\"og:image:height\" content=\"432\" \/>\n\t<meta property=\"og:image:type\" content=\"image\/jpeg\" \/>\n<meta name=\"author\" content=\"Redacci\u00f3n A Nova Peneira\" \/>\n<meta name=\"twitter:card\" content=\"summary_large_image\" \/>\n<meta name=\"twitter:creator\" content=\"@APeneira\" \/>\n<meta name=\"twitter:site\" content=\"@APeneira\" \/>\n<meta name=\"twitter:label1\" content=\"Escrito por\" \/>\n\t<meta name=\"twitter:data1\" content=\"Redacci\u00f3n A Nova Peneira\" \/>\n\t<meta name=\"twitter:label2\" content=\"Tempo de lectura\" \/>\n\t<meta name=\"twitter:data2\" content=\"5 minutos\" \/>\n<script type=\"application\/ld+json\" class=\"yoast-schema-graph\">{\"@context\":\"https:\\\/\\\/schema.org\",\"@graph\":[{\"@type\":\"Article\",\"@id\":\"https:\\\/\\\/www.anovapeneira.gal\\\/index.php\\\/2021\\\/02\\\/08\\\/ana-alonso-presidenta-da-xestora-do-pp-de-redondela\\\/#article\",\"isPartOf\":{\"@id\":\"https:\\\/\\\/www.anovapeneira.gal\\\/index.php\\\/2021\\\/02\\\/08\\\/ana-alonso-presidenta-da-xestora-do-pp-de-redondela\\\/\"},\"author\":{\"name\":\"Redacci\u00f3n A Nova Peneira\",\"@id\":\"https:\\\/\\\/www.anovapeneira.gal\\\/#\\\/schema\\\/person\\\/b93e3f8932e3f8da96334607eb6ac6aa\"},\"headline\":\"Ana Alonso Presidenta da Xestora do PP de Redondela\",\"datePublished\":\"2021-02-08T11:00:08+00:00\",\"mainEntityOfPage\":{\"@id\":\"https:\\\/\\\/www.anovapeneira.gal\\\/index.php\\\/2021\\\/02\\\/08\\\/ana-alonso-presidenta-da-xestora-do-pp-de-redondela\\\/\"},\"wordCount\":1071,\"commentCount\":0,\"publisher\":{\"@id\":\"https:\\\/\\\/www.anovapeneira.gal\\\/#organization\"},\"image\":{\"@id\":\"https:\\\/\\\/www.anovapeneira.gal\\\/index.php\\\/2021\\\/02\\\/08\\\/ana-alonso-presidenta-da-xestora-do-pp-de-redondela\\\/#primaryimage\"},\"thumbnailUrl\":\"https:\\\/\\\/www.anovapeneira.gal\\\/wp-content\\\/uploads\\\/2021\\\/02\\\/pp_redondela_ana_alonso.jpg\",\"keywords\":[\"Concello de Redondela\",\"PP\"],\"articleSection\":[\"Redondela\"],\"inLanguage\":\"gl-ES\",\"potentialAction\":[{\"@type\":\"CommentAction\",\"name\":\"Comment\",\"target\":[\"https:\\\/\\\/www.anovapeneira.gal\\\/index.php\\\/2021\\\/02\\\/08\\\/ana-alonso-presidenta-da-xestora-do-pp-de-redondela\\\/#respond\"]}]},{\"@type\":\"WebPage\",\"@id\":\"https:\\\/\\\/www.anovapeneira.gal\\\/index.php\\\/2021\\\/02\\\/08\\\/ana-alonso-presidenta-da-xestora-do-pp-de-redondela\\\/\",\"url\":\"https:\\\/\\\/www.anovapeneira.gal\\\/index.php\\\/2021\\\/02\\\/08\\\/ana-alonso-presidenta-da-xestora-do-pp-de-redondela\\\/\",\"name\":\"Ana Alonso Presidenta da Xestora do PP de Redondela -\",\"isPartOf\":{\"@id\":\"https:\\\/\\\/www.anovapeneira.gal\\\/#website\"},\"primaryImageOfPage\":{\"@id\":\"https:\\\/\\\/www.anovapeneira.gal\\\/index.php\\\/2021\\\/02\\\/08\\\/ana-alonso-presidenta-da-xestora-do-pp-de-redondela\\\/#primaryimage\"},\"image\":{\"@id\":\"https:\\\/\\\/www.anovapeneira.gal\\\/index.php\\\/2021\\\/02\\\/08\\\/ana-alonso-presidenta-da-xestora-do-pp-de-redondela\\\/#primaryimage\"},\"thumbnailUrl\":\"https:\\\/\\\/www.anovapeneira.gal\\\/wp-content\\\/uploads\\\/2021\\\/02\\\/pp_redondela_ana_alonso.jpg\",\"datePublished\":\"2021-02-08T11:00:08+00:00\",\"description\":\"Ana \u00e9 unha moza de Redondela que, despois da partida de Javier Bas \u00e1 capital do estado ,preside a xestora do PP local.Ven de presentar o apoio do seu partido a un proxecto, creado por un grupo de mozas e mozos da universidade, que ten por finalidade facilitar o acceso da mocidade ao mercado laboral\",\"breadcrumb\":{\"@id\":\"https:\\\/\\\/www.anovapeneira.gal\\\/index.php\\\/2021\\\/02\\\/08\\\/ana-alonso-presidenta-da-xestora-do-pp-de-redondela\\\/#breadcrumb\"},\"inLanguage\":\"gl-ES\",\"potentialAction\":[{\"@type\":\"ReadAction\",\"target\":[\"https:\\\/\\\/www.anovapeneira.gal\\\/index.php\\\/2021\\\/02\\\/08\\\/ana-alonso-presidenta-da-xestora-do-pp-de-redondela\\\/\"]}]},{\"@type\":\"ImageObject\",\"inLanguage\":\"gl-ES\",\"@id\":\"https:\\\/\\\/www.anovapeneira.gal\\\/index.php\\\/2021\\\/02\\\/08\\\/ana-alonso-presidenta-da-xestora-do-pp-de-redondela\\\/#primaryimage\",\"url\":\"https:\\\/\\\/www.anovapeneira.gal\\\/wp-content\\\/uploads\\\/2021\\\/02\\\/pp_redondela_ana_alonso.jpg\",\"contentUrl\":\"https:\\\/\\\/www.anovapeneira.gal\\\/wp-content\\\/uploads\\\/2021\\\/02\\\/pp_redondela_ana_alonso.jpg\",\"width\":720,\"height\":432,\"caption\":\"PP Concello de Redondela Ana ALonso\"},{\"@type\":\"BreadcrumbList\",\"@id\":\"https:\\\/\\\/www.anovapeneira.gal\\\/index.php\\\/2021\\\/02\\\/08\\\/ana-alonso-presidenta-da-xestora-do-pp-de-redondela\\\/#breadcrumb\",\"itemListElement\":[{\"@type\":\"ListItem\",\"position\":1,\"name\":\"Portada\",\"item\":\"https:\\\/\\\/www.anovapeneira.gal\\\/\"},{\"@type\":\"ListItem\",\"position\":2,\"name\":\"Ana Alonso Presidenta da Xestora do PP de Redondela\"}]},{\"@type\":\"WebSite\",\"@id\":\"https:\\\/\\\/www.anovapeneira.gal\\\/#website\",\"url\":\"https:\\\/\\\/www.anovapeneira.gal\\\/\",\"name\":\"\",\"description\":\"Xornal galego de informaci\u00f3n xeral Publicaci\u00f3n mensual de novas de Galicia e en especial dos Concellos da sur da provincia de Pontevedra.\",\"publisher\":{\"@id\":\"https:\\\/\\\/www.anovapeneira.gal\\\/#organization\"},\"potentialAction\":[{\"@type\":\"SearchAction\",\"target\":{\"@type\":\"EntryPoint\",\"urlTemplate\":\"https:\\\/\\\/www.anovapeneira.gal\\\/?s={search_term_string}\"},\"query-input\":{\"@type\":\"PropertyValueSpecification\",\"valueRequired\":true,\"valueName\":\"search_term_string\"}}],\"inLanguage\":\"gl-ES\"},{\"@type\":\"Organization\",\"@id\":\"https:\\\/\\\/www.anovapeneira.gal\\\/#organization\",\"name\":\"A Nova Peneira\",\"url\":\"https:\\\/\\\/www.anovapeneira.gal\\\/\",\"logo\":{\"@type\":\"ImageObject\",\"inLanguage\":\"gl-ES\",\"@id\":\"https:\\\/\\\/www.anovapeneira.gal\\\/#\\\/schema\\\/logo\\\/image\\\/\",\"url\":\"http:\\\/\\\/www.anovapeneira.gal\\\/wp-content\\\/uploads\\\/2019\\\/06\\\/logo_a_nova_peneira_portal_web.png\",\"contentUrl\":\"http:\\\/\\\/www.anovapeneira.gal\\\/wp-content\\\/uploads\\\/2019\\\/06\\\/logo_a_nova_peneira_portal_web.png\",\"width\":300,\"height\":100,\"caption\":\"A Nova Peneira\"},\"image\":{\"@id\":\"https:\\\/\\\/www.anovapeneira.gal\\\/#\\\/schema\\\/logo\\\/image\\\/\"},\"sameAs\":[\"https:\\\/\\\/www.facebook.com\\\/anovapeneira\",\"https:\\\/\\\/x.com\\\/APeneira\"]},{\"@type\":\"Person\",\"@id\":\"https:\\\/\\\/www.anovapeneira.gal\\\/#\\\/schema\\\/person\\\/b93e3f8932e3f8da96334607eb6ac6aa\",\"name\":\"Redacci\u00f3n A Nova Peneira\",\"image\":{\"@type\":\"ImageObject\",\"inLanguage\":\"gl-ES\",\"@id\":\"https:\\\/\\\/secure.gravatar.com\\\/avatar\\\/c052a2551a06e23fac63626232eaa90abd78dbcf1700fc46a2b2c89fd27b735f?s=96&d=mm&r=g\",\"url\":\"https:\\\/\\\/secure.gravatar.com\\\/avatar\\\/c052a2551a06e23fac63626232eaa90abd78dbcf1700fc46a2b2c89fd27b735f?s=96&d=mm&r=g\",\"contentUrl\":\"https:\\\/\\\/secure.gravatar.com\\\/avatar\\\/c052a2551a06e23fac63626232eaa90abd78dbcf1700fc46a2b2c89fd27b735f?s=96&d=mm&r=g\",\"caption\":\"Redacci\u00f3n A Nova Peneira\"},\"sameAs\":[\"http:\\\/\\\/www.anovapeneira.gal\\\/\"],\"url\":\"https:\\\/\\\/www.anovapeneira.gal\\\/index.php\\\/author\\\/redactor\\\/\"}]}<\/script>\n<!-- \/ Yoast SEO plugin. -->","yoast_head_json":{"title":"Ana Alonso Presidenta da Xestora do PP de Redondela -","description":"Ana \u00e9 unha moza de Redondela que, despois da partida de Javier Bas \u00e1 capital do estado ,preside a xestora do PP local.Ven de presentar o apoio do seu partido a un proxecto, creado por un grupo de mozas e mozos da universidade, que ten por finalidade facilitar o acceso da mocidade ao mercado laboral","robots":{"index":"index","follow":"follow","max-snippet":"max-snippet:-1","max-image-preview":"max-image-preview:large","max-video-preview":"max-video-preview:-1"},"canonical":"https:\/\/www.anovapeneira.gal\/index.php\/2021\/02\/08\/ana-alonso-presidenta-da-xestora-do-pp-de-redondela\/","og_locale":"gl_ES","og_type":"article","og_title":"Ana Alonso Presidenta da Xestora do PP de Redondela -","og_description":"Ana \u00e9 unha moza de Redondela que, despois da partida de Javier Bas \u00e1 capital do estado ,preside a xestora do PP local.Ven de presentar o apoio do seu partido a un proxecto, creado por un grupo de mozas e mozos da universidade, que ten por finalidade facilitar o acceso da mocidade ao mercado laboral","og_url":"https:\/\/www.anovapeneira.gal\/index.php\/2021\/02\/08\/ana-alonso-presidenta-da-xestora-do-pp-de-redondela\/","article_publisher":"https:\/\/www.facebook.com\/anovapeneira","article_published_time":"2021-02-08T11:00:08+00:00","og_image":[{"width":720,"height":432,"url":"https:\/\/www.anovapeneira.gal\/wp-content\/uploads\/2021\/02\/pp_redondela_ana_alonso.jpg","type":"image\/jpeg"}],"author":"Redacci\u00f3n A Nova Peneira","twitter_card":"summary_large_image","twitter_creator":"@APeneira","twitter_site":"@APeneira","twitter_misc":{"Escrito por":"Redacci\u00f3n A Nova Peneira","Tempo de lectura":"5 minutos"},"schema":{"@context":"https:\/\/schema.org","@graph":[{"@type":"Article","@id":"https:\/\/www.anovapeneira.gal\/index.php\/2021\/02\/08\/ana-alonso-presidenta-da-xestora-do-pp-de-redondela\/#article","isPartOf":{"@id":"https:\/\/www.anovapeneira.gal\/index.php\/2021\/02\/08\/ana-alonso-presidenta-da-xestora-do-pp-de-redondela\/"},"author":{"name":"Redacci\u00f3n A Nova Peneira","@id":"https:\/\/www.anovapeneira.gal\/#\/schema\/person\/b93e3f8932e3f8da96334607eb6ac6aa"},"headline":"Ana Alonso Presidenta da Xestora do PP de Redondela","datePublished":"2021-02-08T11:00:08+00:00","mainEntityOfPage":{"@id":"https:\/\/www.anovapeneira.gal\/index.php\/2021\/02\/08\/ana-alonso-presidenta-da-xestora-do-pp-de-redondela\/"},"wordCount":1071,"commentCount":0,"publisher":{"@id":"https:\/\/www.anovapeneira.gal\/#organization"},"image":{"@id":"https:\/\/www.anovapeneira.gal\/index.php\/2021\/02\/08\/ana-alonso-presidenta-da-xestora-do-pp-de-redondela\/#primaryimage"},"thumbnailUrl":"https:\/\/www.anovapeneira.gal\/wp-content\/uploads\/2021\/02\/pp_redondela_ana_alonso.jpg","keywords":["Concello de Redondela","PP"],"articleSection":["Redondela"],"inLanguage":"gl-ES","potentialAction":[{"@type":"CommentAction","name":"Comment","target":["https:\/\/www.anovapeneira.gal\/index.php\/2021\/02\/08\/ana-alonso-presidenta-da-xestora-do-pp-de-redondela\/#respond"]}]},{"@type":"WebPage","@id":"https:\/\/www.anovapeneira.gal\/index.php\/2021\/02\/08\/ana-alonso-presidenta-da-xestora-do-pp-de-redondela\/","url":"https:\/\/www.anovapeneira.gal\/index.php\/2021\/02\/08\/ana-alonso-presidenta-da-xestora-do-pp-de-redondela\/","name":"Ana Alonso Presidenta da Xestora do PP de Redondela -","isPartOf":{"@id":"https:\/\/www.anovapeneira.gal\/#website"},"primaryImageOfPage":{"@id":"https:\/\/www.anovapeneira.gal\/index.php\/2021\/02\/08\/ana-alonso-presidenta-da-xestora-do-pp-de-redondela\/#primaryimage"},"image":{"@id":"https:\/\/www.anovapeneira.gal\/index.php\/2021\/02\/08\/ana-alonso-presidenta-da-xestora-do-pp-de-redondela\/#primaryimage"},"thumbnailUrl":"https:\/\/www.anovapeneira.gal\/wp-content\/uploads\/2021\/02\/pp_redondela_ana_alonso.jpg","datePublished":"2021-02-08T11:00:08+00:00","description":"Ana \u00e9 unha moza de Redondela que, despois da partida de Javier Bas \u00e1 capital do estado ,preside a xestora do PP local.Ven de presentar o apoio do seu partido a un proxecto, creado por un grupo de mozas e mozos da universidade, que ten por finalidade facilitar o acceso da mocidade ao mercado laboral","breadcrumb":{"@id":"https:\/\/www.anovapeneira.gal\/index.php\/2021\/02\/08\/ana-alonso-presidenta-da-xestora-do-pp-de-redondela\/#breadcrumb"},"inLanguage":"gl-ES","potentialAction":[{"@type":"ReadAction","target":["https:\/\/www.anovapeneira.gal\/index.php\/2021\/02\/08\/ana-alonso-presidenta-da-xestora-do-pp-de-redondela\/"]}]},{"@type":"ImageObject","inLanguage":"gl-ES","@id":"https:\/\/www.anovapeneira.gal\/index.php\/2021\/02\/08\/ana-alonso-presidenta-da-xestora-do-pp-de-redondela\/#primaryimage","url":"https:\/\/www.anovapeneira.gal\/wp-content\/uploads\/2021\/02\/pp_redondela_ana_alonso.jpg","contentUrl":"https:\/\/www.anovapeneira.gal\/wp-content\/uploads\/2021\/02\/pp_redondela_ana_alonso.jpg","width":720,"height":432,"caption":"PP Concello de Redondela Ana ALonso"},{"@type":"BreadcrumbList","@id":"https:\/\/www.anovapeneira.gal\/index.php\/2021\/02\/08\/ana-alonso-presidenta-da-xestora-do-pp-de-redondela\/#breadcrumb","itemListElement":[{"@type":"ListItem","position":1,"name":"Portada","item":"https:\/\/www.anovapeneira.gal\/"},{"@type":"ListItem","position":2,"name":"Ana Alonso Presidenta da Xestora do PP de Redondela"}]},{"@type":"WebSite","@id":"https:\/\/www.anovapeneira.gal\/#website","url":"https:\/\/www.anovapeneira.gal\/","name":"","description":"Xornal galego de informaci\u00f3n xeral Publicaci\u00f3n mensual de novas de Galicia e en especial dos Concellos da sur da provincia de Pontevedra.","publisher":{"@id":"https:\/\/www.anovapeneira.gal\/#organization"},"potentialAction":[{"@type":"SearchAction","target":{"@type":"EntryPoint","urlTemplate":"https:\/\/www.anovapeneira.gal\/?s={search_term_string}"},"query-input":{"@type":"PropertyValueSpecification","valueRequired":true,"valueName":"search_term_string"}}],"inLanguage":"gl-ES"},{"@type":"Organization","@id":"https:\/\/www.anovapeneira.gal\/#organization","name":"A Nova Peneira","url":"https:\/\/www.anovapeneira.gal\/","logo":{"@type":"ImageObject","inLanguage":"gl-ES","@id":"https:\/\/www.anovapeneira.gal\/#\/schema\/logo\/image\/","url":"http:\/\/www.anovapeneira.gal\/wp-content\/uploads\/2019\/06\/logo_a_nova_peneira_portal_web.png","contentUrl":"http:\/\/www.anovapeneira.gal\/wp-content\/uploads\/2019\/06\/logo_a_nova_peneira_portal_web.png","width":300,"height":100,"caption":"A Nova Peneira"},"image":{"@id":"https:\/\/www.anovapeneira.gal\/#\/schema\/logo\/image\/"},"sameAs":["https:\/\/www.facebook.com\/anovapeneira","https:\/\/x.com\/APeneira"]},{"@type":"Person","@id":"https:\/\/www.anovapeneira.gal\/#\/schema\/person\/b93e3f8932e3f8da96334607eb6ac6aa","name":"Redacci\u00f3n A Nova Peneira","image":{"@type":"ImageObject","inLanguage":"gl-ES","@id":"https:\/\/secure.gravatar.com\/avatar\/c052a2551a06e23fac63626232eaa90abd78dbcf1700fc46a2b2c89fd27b735f?s=96&d=mm&r=g","url":"https:\/\/secure.gravatar.com\/avatar\/c052a2551a06e23fac63626232eaa90abd78dbcf1700fc46a2b2c89fd27b735f?s=96&d=mm&r=g","contentUrl":"https:\/\/secure.gravatar.com\/avatar\/c052a2551a06e23fac63626232eaa90abd78dbcf1700fc46a2b2c89fd27b735f?s=96&d=mm&r=g","caption":"Redacci\u00f3n A Nova Peneira"},"sameAs":["http:\/\/www.anovapeneira.gal\/"],"url":"https:\/\/www.anovapeneira.gal\/index.php\/author\/redactor\/"}]}},"jetpack_featured_media_url":"https:\/\/www.anovapeneira.gal\/wp-content\/uploads\/2021\/02\/pp_redondela_ana_alonso.jpg","_links":{"self":[{"href":"https:\/\/www.anovapeneira.gal\/index.php\/wp-json\/wp\/v2\/posts\/4811","targetHints":{"allow":["GET"]}}],"collection":[{"href":"https:\/\/www.anovapeneira.gal\/index.php\/wp-json\/wp\/v2\/posts"}],"about":[{"href":"https:\/\/www.anovapeneira.gal\/index.php\/wp-json\/wp\/v2\/types\/post"}],"author":[{"embeddable":true,"href":"https:\/\/www.anovapeneira.gal\/index.php\/wp-json\/wp\/v2\/users\/3"}],"replies":[{"embeddable":true,"href":"https:\/\/www.anovapeneira.gal\/index.php\/wp-json\/wp\/v2\/comments?post=4811"}],"version-history":[{"count":1,"href":"https:\/\/www.anovapeneira.gal\/index.php\/wp-json\/wp\/v2\/posts\/4811\/revisions"}],"predecessor-version":[{"id":4813,"href":"https:\/\/www.anovapeneira.gal\/index.php\/wp-json\/wp\/v2\/posts\/4811\/revisions\/4813"}],"wp:featuredmedia":[{"embeddable":true,"href":"https:\/\/www.anovapeneira.gal\/index.php\/wp-json\/wp\/v2\/media\/4812"}],"wp:attachment":[{"href":"https:\/\/www.anovapeneira.gal\/index.php\/wp-json\/wp\/v2\/media?parent=4811"}],"wp:term":[{"taxonomy":"category","embeddable":true,"href":"https:\/\/www.anovapeneira.gal\/index.php\/wp-json\/wp\/v2\/categories?post=4811"},{"taxonomy":"post_tag","embeddable":true,"href":"https:\/\/www.anovapeneira.gal\/index.php\/wp-json\/wp\/v2\/tags?post=4811"}],"curies":[{"name":"wp","href":"https:\/\/api.w.org\/{rel}","templated":true}]}}