{"id":4814,"date":"2021-02-09T10:00:09","date_gmt":"2021-02-09T09:00:09","guid":{"rendered":"http:\/\/www.anovapeneira.gal\/?p=4814"},"modified":"2021-02-07T07:44:32","modified_gmt":"2021-02-07T06:44:32","slug":"a-quen-lle-molesta-unha-carpa-diante-do-centro-de-saude-de-moana","status":"publish","type":"post","link":"https:\/\/www.anovapeneira.gal\/index.php\/2021\/02\/09\/a-quen-lle-molesta-unha-carpa-diante-do-centro-de-saude-de-moana\/","title":{"rendered":"A quen lle molesta unha carpa diante do centro de sa\u00fade de Moa\u00f1a?"},"content":{"rendered":"\n<figure class=\"wp-block-image size-large is-resized\"><img loading=\"lazy\" decoding=\"async\" src=\"http:\/\/www.anovapeneira.gal\/wp-content\/uploads\/2019\/07\/pedro_cortegoso_opinion_a_nova_peneira_bn.jpg\" alt=\"Pedro M. Cortegoso Gago Artigo Opini\u00f3n A Nova Peneira\" class=\"wp-image-464\" width=\"95\" height=\"111\"\/><figcaption>Pedro M. Cortegoso Gago  Traballador do Centro de Sa\u00fade de Moa\u00f1a<\/figcaption><\/figure>\n\n\n\n<p>Aos mandamais da \u00c1rea Sanitaria de Vigo non lles gosta que o Concello de Moa\u00f1a coloque unha carpa diante do centro de sa\u00fade para poder facer probas serol\u00f3xicas \u00e1s persoas que poden ser positivos en Covid-19, pese a que manter a distancia social \u00e9 unha das recomendaci\u00f3ns mais repetidas para combater a Covid.<\/p>\n\n\n\n<p>Estes se\u00f1ores tampouco gostan das medidas que improvisamos no centro de sa\u00fade para separar as persoas que entran e saen. As\u00ed, unha foto nos medios de comunicaci\u00f3n dun corredor cunhas cintas pl\u00e1sticas para indicar a entrada e a sa\u00edda provocan a inmediata orde de retirada.<\/p>\n\n\n\n<p>Realmente do que non gostan \u00e9 de quedar en evidencia por non po\u00f1er os medios necesarios para facilitar o traballo dos traballadores e traballadoras do centro de sa\u00fade.<\/p>\n\n\n\n<p>Non \u00e9 nada novo, desde o inicio da pandemia tivemos que improvisar e improvisar ante a falta de medios para evitar caer contaxiados polo coronavirus.<\/p>\n\n\n\n<p>Colocamos cadeiras diante do mostrador do centro de sa\u00fade para \u201capartar\u201d aos usuarios de n\u00f3s, xa que esa era a recomendaci\u00f3n e a mellor medida de seguranza que nos ofertaban os respons\u00e1beis do Sergas.<\/p>\n\n\n\n<p>Tivemos que envolver en pl\u00e1stico as xanelas do mostrador e usar, como m\u00e9todo de protecci\u00f3n persoal, pantallas cedidas polos veci\u00f1os e veci\u00f1as de Moa\u00f1a.<\/p>\n\n\n\n<p>Houbo que envolverse en bolsas de lixo por non ter batas axeitadas.<\/p>\n\n\n\n<p>E as m\u00e1scaras, seica non eran necesaria nos primeiros meses da pandemia pese a ver todos os d\u00edas nos medios o que estaba acontecendo na China; pa\u00eds onde toda a poboaci\u00f3n lev\u00e1baas postas.<\/p>\n\n\n\n<p>Agora o presidente Feixoo anda demandando do presidente S\u00e1nchez que faga obrigatorio o uso de m\u00e1scaras ffp2 en determinados \u00e1mbitos. As mesmas m\u00e1scaras que se nega a facilitar ao persoal administrativo do Sergas.<\/p>\n\n\n\n<p>Con todo, a sanidade p\u00fablica galega continua resistindo e enfront\u00e1ndose a unha pandemia como nunca vimos, pese a padecer nos \u00faltimos dez anos o maior recorte dos seus recursos econ\u00f3micos, humanos e materiais da man dun goberno do PP que enche os petos da sanidade privada.<\/p>\n\n\n\n<p>Os mandamais non gostan que sexa o Concello de Moa\u00f1a o que, a petici\u00f3n dos profesionais do centro de sa\u00fade, coloque unha carpa para facilitar o traballo e facer mais f\u00e1cil a realizaci\u00f3n de probas a persoas positivas ou con posibilidade de selo. Esas mesmas carpas que vemos no hospital Meixoeiro, Cunqueiro e en tantos outros sitios e que ao centro de sa\u00fade de Moa\u00f1a queren negarlle.<\/p>\n\n\n\n<p>Se tiveran mais preocupaci\u00f3n por dotar \u00e1 sanidade p\u00fablica de medios materiais e humanos mellor n\u00f3s ir\u00eda no combate desta pandemia. Por\u00e9n, a preocupaci\u00f3n dos comisarios pol\u00edticos do Partido Popular est\u00e1 en non sa\u00edr sinalados nos medios de comunicaci\u00f3n, en evitar que sexa evidente con non est\u00e1n facendo todo o deben facer.&nbsp;<\/p>\n\n\n\n<p>Como traballador do Sergas en Moa\u00f1a s\u00f3 podo dar as grazas ao Concello de Moa\u00f1a por estar cando hai que estar e responder sempre \u00e1s petici\u00f3ns de colaboraci\u00f3n que se lle fan.<\/p>\n\n\n\n<p>Moa\u00f1a, 4 de febreiro de 2021<\/p>\n","protected":false},"excerpt":{"rendered":"<div class=\"mh-excerpt\"><p>Aos mandamais da \u00c1rea Sanitaria de Vigo non lles gosta que o Concello de Moa\u00f1a coloque unha carpa diante do centro de sa\u00fade para poder facer probas serol\u00f3xicas \u00e1s persoas que poden ser positivos en Covid-19, pese a que manter a distancia social \u00e9 unha das recomendaci\u00f3ns mais repetidas para combater a Covid <a class=\"mh-excerpt-more\" href=\"https:\/\/www.anovapeneira.gal\/index.php\/2021\/02\/09\/a-quen-lle-molesta-unha-carpa-diante-do-centro-de-saude-de-moana\/\" title=\"A quen lle molesta unha carpa diante do centro de sa\u00fade de Moa\u00f1a?\">[&#8230;]<\/a><\/p>\n<\/div>","protected":false},"author":4,"featured_media":584,"comment_status":"open","ping_status":"open","sticky":false,"template":"","format":"standard","meta":{"_exactmetrics_skip_tracking":false,"_exactmetrics_sitenote_active":false,"_exactmetrics_sitenote_note":"","_exactmetrics_sitenote_category":0,"footnotes":""},"categories":[7],"tags":[953],"class_list":{"0":"post-4814","1":"post","2":"type-post","3":"status-publish","4":"format-standard","5":"has-post-thumbnail","7":"category-artigos-de-opinion","8":"tag-sanidade-publica"},"yoast_head":"<!-- This site is optimized with the Yoast SEO plugin v27.4 - https:\/\/yoast.com\/product\/yoast-seo-wordpress\/ -->\n<title>A quen lle molesta unha carpa diante do centro de sa\u00fade de Moa\u00f1a? -<\/title>\n<meta name=\"description\" content=\"Aos mandamais da \u00c1rea Sanitaria de Vigo non lles gosta que o Concello de Moa\u00f1a coloque unha carpa diante do centro de sa\u00fade para poder facer probas serol\u00f3xicas \u00e1s persoas que poden ser positivos en Covid-19, pese a que manter a distancia social \u00e9 unha das recomendaci\u00f3ns mais repetidas para combater a Covid\" \/>\n<meta name=\"robots\" content=\"index, follow, max-snippet:-1, max-image-preview:large, max-video-preview:-1\" \/>\n<link rel=\"canonical\" href=\"https:\/\/www.anovapeneira.gal\/index.php\/2021\/02\/09\/a-quen-lle-molesta-unha-carpa-diante-do-centro-de-saude-de-moana\/\" \/>\n<meta property=\"og:locale\" content=\"gl_ES\" \/>\n<meta property=\"og:type\" content=\"article\" \/>\n<meta property=\"og:title\" content=\"A quen lle molesta unha carpa diante do centro de sa\u00fade de Moa\u00f1a? -\" \/>\n<meta property=\"og:description\" content=\"Aos mandamais da \u00c1rea Sanitaria de Vigo non lles gosta que o Concello de Moa\u00f1a coloque unha carpa diante do centro de sa\u00fade para poder facer probas serol\u00f3xicas \u00e1s persoas que poden ser positivos en Covid-19, pese a que manter a distancia social \u00e9 unha das recomendaci\u00f3ns mais repetidas para combater a Covid\" \/>\n<meta property=\"og:url\" content=\"https:\/\/www.anovapeneira.gal\/index.php\/2021\/02\/09\/a-quen-lle-molesta-unha-carpa-diante-do-centro-de-saude-de-moana\/\" \/>\n<meta property=\"article:publisher\" content=\"https:\/\/www.facebook.com\/anovapeneira\" \/>\n<meta property=\"article:published_time\" content=\"2021-02-09T09:00:09+00:00\" \/>\n<meta property=\"og:image\" content=\"https:\/\/www.anovapeneira.gal\/wp-content\/uploads\/2019\/07\/ARTIGO_DE_OPINION_A_NOVA_PENEIRA.jpg\" \/>\n\t<meta property=\"og:image:width\" content=\"720\" \/>\n\t<meta property=\"og:image:height\" content=\"473\" \/>\n\t<meta property=\"og:image:type\" content=\"image\/jpeg\" \/>\n<meta name=\"author\" content=\"Pedro M. Cortegoso Gago\" \/>\n<meta name=\"twitter:card\" content=\"summary_large_image\" \/>\n<meta name=\"twitter:creator\" content=\"@APeneira\" \/>\n<meta name=\"twitter:site\" content=\"@APeneira\" \/>\n<meta name=\"twitter:label1\" content=\"Escrito por\" \/>\n\t<meta name=\"twitter:data1\" content=\"Pedro M. Cortegoso Gago\" \/>\n\t<meta name=\"twitter:label2\" content=\"Tempo de lectura\" \/>\n\t<meta name=\"twitter:data2\" content=\"3 minutos\" \/>\n<script type=\"application\/ld+json\" class=\"yoast-schema-graph\">{\"@context\":\"https:\\\/\\\/schema.org\",\"@graph\":[{\"@type\":\"Article\",\"@id\":\"https:\\\/\\\/www.anovapeneira.gal\\\/index.php\\\/2021\\\/02\\\/09\\\/a-quen-lle-molesta-unha-carpa-diante-do-centro-de-saude-de-moana\\\/#article\",\"isPartOf\":{\"@id\":\"https:\\\/\\\/www.anovapeneira.gal\\\/index.php\\\/2021\\\/02\\\/09\\\/a-quen-lle-molesta-unha-carpa-diante-do-centro-de-saude-de-moana\\\/\"},\"author\":{\"name\":\"Pedro M. Cortegoso Gago\",\"@id\":\"https:\\\/\\\/www.anovapeneira.gal\\\/#\\\/schema\\\/person\\\/c04a9c9f722c9446e71ae434c0353337\"},\"headline\":\"A quen lle molesta unha carpa diante do centro de sa\u00fade de Moa\u00f1a?\",\"datePublished\":\"2021-02-09T09:00:09+00:00\",\"mainEntityOfPage\":{\"@id\":\"https:\\\/\\\/www.anovapeneira.gal\\\/index.php\\\/2021\\\/02\\\/09\\\/a-quen-lle-molesta-unha-carpa-diante-do-centro-de-saude-de-moana\\\/\"},\"wordCount\":567,\"commentCount\":0,\"publisher\":{\"@id\":\"https:\\\/\\\/www.anovapeneira.gal\\\/#organization\"},\"image\":{\"@id\":\"https:\\\/\\\/www.anovapeneira.gal\\\/index.php\\\/2021\\\/02\\\/09\\\/a-quen-lle-molesta-unha-carpa-diante-do-centro-de-saude-de-moana\\\/#primaryimage\"},\"thumbnailUrl\":\"https:\\\/\\\/www.anovapeneira.gal\\\/wp-content\\\/uploads\\\/2019\\\/07\\\/ARTIGO_DE_OPINION_A_NOVA_PENEIRA.jpg\",\"keywords\":[\"Sanidade P\u00fablica\"],\"articleSection\":[\"Artigos de opini\u00f3n\"],\"inLanguage\":\"gl-ES\",\"potentialAction\":[{\"@type\":\"CommentAction\",\"name\":\"Comment\",\"target\":[\"https:\\\/\\\/www.anovapeneira.gal\\\/index.php\\\/2021\\\/02\\\/09\\\/a-quen-lle-molesta-unha-carpa-diante-do-centro-de-saude-de-moana\\\/#respond\"]}]},{\"@type\":\"WebPage\",\"@id\":\"https:\\\/\\\/www.anovapeneira.gal\\\/index.php\\\/2021\\\/02\\\/09\\\/a-quen-lle-molesta-unha-carpa-diante-do-centro-de-saude-de-moana\\\/\",\"url\":\"https:\\\/\\\/www.anovapeneira.gal\\\/index.php\\\/2021\\\/02\\\/09\\\/a-quen-lle-molesta-unha-carpa-diante-do-centro-de-saude-de-moana\\\/\",\"name\":\"A quen lle molesta unha carpa diante do centro de sa\u00fade de Moa\u00f1a? -\",\"isPartOf\":{\"@id\":\"https:\\\/\\\/www.anovapeneira.gal\\\/#website\"},\"primaryImageOfPage\":{\"@id\":\"https:\\\/\\\/www.anovapeneira.gal\\\/index.php\\\/2021\\\/02\\\/09\\\/a-quen-lle-molesta-unha-carpa-diante-do-centro-de-saude-de-moana\\\/#primaryimage\"},\"image\":{\"@id\":\"https:\\\/\\\/www.anovapeneira.gal\\\/index.php\\\/2021\\\/02\\\/09\\\/a-quen-lle-molesta-unha-carpa-diante-do-centro-de-saude-de-moana\\\/#primaryimage\"},\"thumbnailUrl\":\"https:\\\/\\\/www.anovapeneira.gal\\\/wp-content\\\/uploads\\\/2019\\\/07\\\/ARTIGO_DE_OPINION_A_NOVA_PENEIRA.jpg\",\"datePublished\":\"2021-02-09T09:00:09+00:00\",\"description\":\"Aos mandamais da \u00c1rea Sanitaria de Vigo non lles gosta que o Concello de Moa\u00f1a coloque unha carpa diante do centro de sa\u00fade para poder facer probas serol\u00f3xicas \u00e1s persoas que poden ser positivos en Covid-19, pese a que manter a distancia social \u00e9 unha das recomendaci\u00f3ns mais repetidas para combater a Covid\",\"breadcrumb\":{\"@id\":\"https:\\\/\\\/www.anovapeneira.gal\\\/index.php\\\/2021\\\/02\\\/09\\\/a-quen-lle-molesta-unha-carpa-diante-do-centro-de-saude-de-moana\\\/#breadcrumb\"},\"inLanguage\":\"gl-ES\",\"potentialAction\":[{\"@type\":\"ReadAction\",\"target\":[\"https:\\\/\\\/www.anovapeneira.gal\\\/index.php\\\/2021\\\/02\\\/09\\\/a-quen-lle-molesta-unha-carpa-diante-do-centro-de-saude-de-moana\\\/\"]}]},{\"@type\":\"ImageObject\",\"inLanguage\":\"gl-ES\",\"@id\":\"https:\\\/\\\/www.anovapeneira.gal\\\/index.php\\\/2021\\\/02\\\/09\\\/a-quen-lle-molesta-unha-carpa-diante-do-centro-de-saude-de-moana\\\/#primaryimage\",\"url\":\"https:\\\/\\\/www.anovapeneira.gal\\\/wp-content\\\/uploads\\\/2019\\\/07\\\/ARTIGO_DE_OPINION_A_NOVA_PENEIRA.jpg\",\"contentUrl\":\"https:\\\/\\\/www.anovapeneira.gal\\\/wp-content\\\/uploads\\\/2019\\\/07\\\/ARTIGO_DE_OPINION_A_NOVA_PENEIRA.jpg\",\"width\":720,\"height\":473,\"caption\":\"Artigo de opini\u00f3n A Nova Peneira\"},{\"@type\":\"BreadcrumbList\",\"@id\":\"https:\\\/\\\/www.anovapeneira.gal\\\/index.php\\\/2021\\\/02\\\/09\\\/a-quen-lle-molesta-unha-carpa-diante-do-centro-de-saude-de-moana\\\/#breadcrumb\",\"itemListElement\":[{\"@type\":\"ListItem\",\"position\":1,\"name\":\"Portada\",\"item\":\"https:\\\/\\\/www.anovapeneira.gal\\\/\"},{\"@type\":\"ListItem\",\"position\":2,\"name\":\"A quen lle molesta unha carpa diante do centro de sa\u00fade de Moa\u00f1a?\"}]},{\"@type\":\"WebSite\",\"@id\":\"https:\\\/\\\/www.anovapeneira.gal\\\/#website\",\"url\":\"https:\\\/\\\/www.anovapeneira.gal\\\/\",\"name\":\"\",\"description\":\"Xornal galego de informaci\u00f3n xeral Publicaci\u00f3n mensual de novas de Galicia e en especial dos Concellos da sur da provincia de Pontevedra.\",\"publisher\":{\"@id\":\"https:\\\/\\\/www.anovapeneira.gal\\\/#organization\"},\"potentialAction\":[{\"@type\":\"SearchAction\",\"target\":{\"@type\":\"EntryPoint\",\"urlTemplate\":\"https:\\\/\\\/www.anovapeneira.gal\\\/?s={search_term_string}\"},\"query-input\":{\"@type\":\"PropertyValueSpecification\",\"valueRequired\":true,\"valueName\":\"search_term_string\"}}],\"inLanguage\":\"gl-ES\"},{\"@type\":\"Organization\",\"@id\":\"https:\\\/\\\/www.anovapeneira.gal\\\/#organization\",\"name\":\"A Nova Peneira\",\"url\":\"https:\\\/\\\/www.anovapeneira.gal\\\/\",\"logo\":{\"@type\":\"ImageObject\",\"inLanguage\":\"gl-ES\",\"@id\":\"https:\\\/\\\/www.anovapeneira.gal\\\/#\\\/schema\\\/logo\\\/image\\\/\",\"url\":\"http:\\\/\\\/www.anovapeneira.gal\\\/wp-content\\\/uploads\\\/2019\\\/06\\\/logo_a_nova_peneira_portal_web.png\",\"contentUrl\":\"http:\\\/\\\/www.anovapeneira.gal\\\/wp-content\\\/uploads\\\/2019\\\/06\\\/logo_a_nova_peneira_portal_web.png\",\"width\":300,\"height\":100,\"caption\":\"A Nova Peneira\"},\"image\":{\"@id\":\"https:\\\/\\\/www.anovapeneira.gal\\\/#\\\/schema\\\/logo\\\/image\\\/\"},\"sameAs\":[\"https:\\\/\\\/www.facebook.com\\\/anovapeneira\",\"https:\\\/\\\/x.com\\\/APeneira\"]},{\"@type\":\"Person\",\"@id\":\"https:\\\/\\\/www.anovapeneira.gal\\\/#\\\/schema\\\/person\\\/c04a9c9f722c9446e71ae434c0353337\",\"name\":\"Pedro M. Cortegoso Gago\",\"image\":{\"@type\":\"ImageObject\",\"inLanguage\":\"gl-ES\",\"@id\":\"https:\\\/\\\/secure.gravatar.com\\\/avatar\\\/1613b27278a972c04db5c2f04fb2cbfa9edb58d6c3e2547817ecb8240eb58381?s=96&d=mm&r=g\",\"url\":\"https:\\\/\\\/secure.gravatar.com\\\/avatar\\\/1613b27278a972c04db5c2f04fb2cbfa9edb58d6c3e2547817ecb8240eb58381?s=96&d=mm&r=g\",\"contentUrl\":\"https:\\\/\\\/secure.gravatar.com\\\/avatar\\\/1613b27278a972c04db5c2f04fb2cbfa9edb58d6c3e2547817ecb8240eb58381?s=96&d=mm&r=g\",\"caption\":\"Pedro M. Cortegoso Gago\"},\"sameAs\":[\"http:\\\/\\\/anovapeneira.gal\"],\"url\":\"https:\\\/\\\/www.anovapeneira.gal\\\/index.php\\\/author\\\/opinionpcortegoso\\\/\"}]}<\/script>\n<!-- \/ Yoast SEO plugin. -->","yoast_head_json":{"title":"A quen lle molesta unha carpa diante do centro de sa\u00fade de Moa\u00f1a? -","description":"Aos mandamais da \u00c1rea Sanitaria de Vigo non lles gosta que o Concello de Moa\u00f1a coloque unha carpa diante do centro de sa\u00fade para poder facer probas serol\u00f3xicas \u00e1s persoas que poden ser positivos en Covid-19, pese a que manter a distancia social \u00e9 unha das recomendaci\u00f3ns mais repetidas para combater a Covid","robots":{"index":"index","follow":"follow","max-snippet":"max-snippet:-1","max-image-preview":"max-image-preview:large","max-video-preview":"max-video-preview:-1"},"canonical":"https:\/\/www.anovapeneira.gal\/index.php\/2021\/02\/09\/a-quen-lle-molesta-unha-carpa-diante-do-centro-de-saude-de-moana\/","og_locale":"gl_ES","og_type":"article","og_title":"A quen lle molesta unha carpa diante do centro de sa\u00fade de Moa\u00f1a? -","og_description":"Aos mandamais da \u00c1rea Sanitaria de Vigo non lles gosta que o Concello de Moa\u00f1a coloque unha carpa diante do centro de sa\u00fade para poder facer probas serol\u00f3xicas \u00e1s persoas que poden ser positivos en Covid-19, pese a que manter a distancia social \u00e9 unha das recomendaci\u00f3ns mais repetidas para combater a Covid","og_url":"https:\/\/www.anovapeneira.gal\/index.php\/2021\/02\/09\/a-quen-lle-molesta-unha-carpa-diante-do-centro-de-saude-de-moana\/","article_publisher":"https:\/\/www.facebook.com\/anovapeneira","article_published_time":"2021-02-09T09:00:09+00:00","og_image":[{"width":720,"height":473,"url":"https:\/\/www.anovapeneira.gal\/wp-content\/uploads\/2019\/07\/ARTIGO_DE_OPINION_A_NOVA_PENEIRA.jpg","type":"image\/jpeg"}],"author":"Pedro M. Cortegoso Gago","twitter_card":"summary_large_image","twitter_creator":"@APeneira","twitter_site":"@APeneira","twitter_misc":{"Escrito por":"Pedro M. Cortegoso Gago","Tempo de lectura":"3 minutos"},"schema":{"@context":"https:\/\/schema.org","@graph":[{"@type":"Article","@id":"https:\/\/www.anovapeneira.gal\/index.php\/2021\/02\/09\/a-quen-lle-molesta-unha-carpa-diante-do-centro-de-saude-de-moana\/#article","isPartOf":{"@id":"https:\/\/www.anovapeneira.gal\/index.php\/2021\/02\/09\/a-quen-lle-molesta-unha-carpa-diante-do-centro-de-saude-de-moana\/"},"author":{"name":"Pedro M. Cortegoso Gago","@id":"https:\/\/www.anovapeneira.gal\/#\/schema\/person\/c04a9c9f722c9446e71ae434c0353337"},"headline":"A quen lle molesta unha carpa diante do centro de sa\u00fade de Moa\u00f1a?","datePublished":"2021-02-09T09:00:09+00:00","mainEntityOfPage":{"@id":"https:\/\/www.anovapeneira.gal\/index.php\/2021\/02\/09\/a-quen-lle-molesta-unha-carpa-diante-do-centro-de-saude-de-moana\/"},"wordCount":567,"commentCount":0,"publisher":{"@id":"https:\/\/www.anovapeneira.gal\/#organization"},"image":{"@id":"https:\/\/www.anovapeneira.gal\/index.php\/2021\/02\/09\/a-quen-lle-molesta-unha-carpa-diante-do-centro-de-saude-de-moana\/#primaryimage"},"thumbnailUrl":"https:\/\/www.anovapeneira.gal\/wp-content\/uploads\/2019\/07\/ARTIGO_DE_OPINION_A_NOVA_PENEIRA.jpg","keywords":["Sanidade P\u00fablica"],"articleSection":["Artigos de opini\u00f3n"],"inLanguage":"gl-ES","potentialAction":[{"@type":"CommentAction","name":"Comment","target":["https:\/\/www.anovapeneira.gal\/index.php\/2021\/02\/09\/a-quen-lle-molesta-unha-carpa-diante-do-centro-de-saude-de-moana\/#respond"]}]},{"@type":"WebPage","@id":"https:\/\/www.anovapeneira.gal\/index.php\/2021\/02\/09\/a-quen-lle-molesta-unha-carpa-diante-do-centro-de-saude-de-moana\/","url":"https:\/\/www.anovapeneira.gal\/index.php\/2021\/02\/09\/a-quen-lle-molesta-unha-carpa-diante-do-centro-de-saude-de-moana\/","name":"A quen lle molesta unha carpa diante do centro de sa\u00fade de Moa\u00f1a? -","isPartOf":{"@id":"https:\/\/www.anovapeneira.gal\/#website"},"primaryImageOfPage":{"@id":"https:\/\/www.anovapeneira.gal\/index.php\/2021\/02\/09\/a-quen-lle-molesta-unha-carpa-diante-do-centro-de-saude-de-moana\/#primaryimage"},"image":{"@id":"https:\/\/www.anovapeneira.gal\/index.php\/2021\/02\/09\/a-quen-lle-molesta-unha-carpa-diante-do-centro-de-saude-de-moana\/#primaryimage"},"thumbnailUrl":"https:\/\/www.anovapeneira.gal\/wp-content\/uploads\/2019\/07\/ARTIGO_DE_OPINION_A_NOVA_PENEIRA.jpg","datePublished":"2021-02-09T09:00:09+00:00","description":"Aos mandamais da \u00c1rea Sanitaria de Vigo non lles gosta que o Concello de Moa\u00f1a coloque unha carpa diante do centro de sa\u00fade para poder facer probas serol\u00f3xicas \u00e1s persoas que poden ser positivos en Covid-19, pese a que manter a distancia social \u00e9 unha das recomendaci\u00f3ns mais repetidas para combater a Covid","breadcrumb":{"@id":"https:\/\/www.anovapeneira.gal\/index.php\/2021\/02\/09\/a-quen-lle-molesta-unha-carpa-diante-do-centro-de-saude-de-moana\/#breadcrumb"},"inLanguage":"gl-ES","potentialAction":[{"@type":"ReadAction","target":["https:\/\/www.anovapeneira.gal\/index.php\/2021\/02\/09\/a-quen-lle-molesta-unha-carpa-diante-do-centro-de-saude-de-moana\/"]}]},{"@type":"ImageObject","inLanguage":"gl-ES","@id":"https:\/\/www.anovapeneira.gal\/index.php\/2021\/02\/09\/a-quen-lle-molesta-unha-carpa-diante-do-centro-de-saude-de-moana\/#primaryimage","url":"https:\/\/www.anovapeneira.gal\/wp-content\/uploads\/2019\/07\/ARTIGO_DE_OPINION_A_NOVA_PENEIRA.jpg","contentUrl":"https:\/\/www.anovapeneira.gal\/wp-content\/uploads\/2019\/07\/ARTIGO_DE_OPINION_A_NOVA_PENEIRA.jpg","width":720,"height":473,"caption":"Artigo de opini\u00f3n A Nova Peneira"},{"@type":"BreadcrumbList","@id":"https:\/\/www.anovapeneira.gal\/index.php\/2021\/02\/09\/a-quen-lle-molesta-unha-carpa-diante-do-centro-de-saude-de-moana\/#breadcrumb","itemListElement":[{"@type":"ListItem","position":1,"name":"Portada","item":"https:\/\/www.anovapeneira.gal\/"},{"@type":"ListItem","position":2,"name":"A quen lle molesta unha carpa diante do centro de sa\u00fade de Moa\u00f1a?"}]},{"@type":"WebSite","@id":"https:\/\/www.anovapeneira.gal\/#website","url":"https:\/\/www.anovapeneira.gal\/","name":"","description":"Xornal galego de informaci\u00f3n xeral Publicaci\u00f3n mensual de novas de Galicia e en especial dos Concellos da sur da provincia de Pontevedra.","publisher":{"@id":"https:\/\/www.anovapeneira.gal\/#organization"},"potentialAction":[{"@type":"SearchAction","target":{"@type":"EntryPoint","urlTemplate":"https:\/\/www.anovapeneira.gal\/?s={search_term_string}"},"query-input":{"@type":"PropertyValueSpecification","valueRequired":true,"valueName":"search_term_string"}}],"inLanguage":"gl-ES"},{"@type":"Organization","@id":"https:\/\/www.anovapeneira.gal\/#organization","name":"A Nova Peneira","url":"https:\/\/www.anovapeneira.gal\/","logo":{"@type":"ImageObject","inLanguage":"gl-ES","@id":"https:\/\/www.anovapeneira.gal\/#\/schema\/logo\/image\/","url":"http:\/\/www.anovapeneira.gal\/wp-content\/uploads\/2019\/06\/logo_a_nova_peneira_portal_web.png","contentUrl":"http:\/\/www.anovapeneira.gal\/wp-content\/uploads\/2019\/06\/logo_a_nova_peneira_portal_web.png","width":300,"height":100,"caption":"A Nova Peneira"},"image":{"@id":"https:\/\/www.anovapeneira.gal\/#\/schema\/logo\/image\/"},"sameAs":["https:\/\/www.facebook.com\/anovapeneira","https:\/\/x.com\/APeneira"]},{"@type":"Person","@id":"https:\/\/www.anovapeneira.gal\/#\/schema\/person\/c04a9c9f722c9446e71ae434c0353337","name":"Pedro M. Cortegoso Gago","image":{"@type":"ImageObject","inLanguage":"gl-ES","@id":"https:\/\/secure.gravatar.com\/avatar\/1613b27278a972c04db5c2f04fb2cbfa9edb58d6c3e2547817ecb8240eb58381?s=96&d=mm&r=g","url":"https:\/\/secure.gravatar.com\/avatar\/1613b27278a972c04db5c2f04fb2cbfa9edb58d6c3e2547817ecb8240eb58381?s=96&d=mm&r=g","contentUrl":"https:\/\/secure.gravatar.com\/avatar\/1613b27278a972c04db5c2f04fb2cbfa9edb58d6c3e2547817ecb8240eb58381?s=96&d=mm&r=g","caption":"Pedro M. Cortegoso Gago"},"sameAs":["http:\/\/anovapeneira.gal"],"url":"https:\/\/www.anovapeneira.gal\/index.php\/author\/opinionpcortegoso\/"}]}},"jetpack_featured_media_url":"https:\/\/www.anovapeneira.gal\/wp-content\/uploads\/2019\/07\/ARTIGO_DE_OPINION_A_NOVA_PENEIRA.jpg","_links":{"self":[{"href":"https:\/\/www.anovapeneira.gal\/index.php\/wp-json\/wp\/v2\/posts\/4814","targetHints":{"allow":["GET"]}}],"collection":[{"href":"https:\/\/www.anovapeneira.gal\/index.php\/wp-json\/wp\/v2\/posts"}],"about":[{"href":"https:\/\/www.anovapeneira.gal\/index.php\/wp-json\/wp\/v2\/types\/post"}],"author":[{"embeddable":true,"href":"https:\/\/www.anovapeneira.gal\/index.php\/wp-json\/wp\/v2\/users\/4"}],"replies":[{"embeddable":true,"href":"https:\/\/www.anovapeneira.gal\/index.php\/wp-json\/wp\/v2\/comments?post=4814"}],"version-history":[{"count":3,"href":"https:\/\/www.anovapeneira.gal\/index.php\/wp-json\/wp\/v2\/posts\/4814\/revisions"}],"predecessor-version":[{"id":4818,"href":"https:\/\/www.anovapeneira.gal\/index.php\/wp-json\/wp\/v2\/posts\/4814\/revisions\/4818"}],"wp:featuredmedia":[{"embeddable":true,"href":"https:\/\/www.anovapeneira.gal\/index.php\/wp-json\/wp\/v2\/media\/584"}],"wp:attachment":[{"href":"https:\/\/www.anovapeneira.gal\/index.php\/wp-json\/wp\/v2\/media?parent=4814"}],"wp:term":[{"taxonomy":"category","embeddable":true,"href":"https:\/\/www.anovapeneira.gal\/index.php\/wp-json\/wp\/v2\/categories?post=4814"},{"taxonomy":"post_tag","embeddable":true,"href":"https:\/\/www.anovapeneira.gal\/index.php\/wp-json\/wp\/v2\/tags?post=4814"}],"curies":[{"name":"wp","href":"https:\/\/api.w.org\/{rel}","templated":true}]}}