{"id":4840,"date":"2021-02-12T10:00:41","date_gmt":"2021-02-12T09:00:41","guid":{"rendered":"http:\/\/www.anovapeneira.gal\/?p=4840"},"modified":"2021-02-10T20:24:56","modified_gmt":"2021-02-10T19:24:56","slug":"o-entroido-de-salceda-celebrarase-de-xeito-virtual","status":"publish","type":"post","link":"https:\/\/www.anovapeneira.gal\/index.php\/2021\/02\/12\/o-entroido-de-salceda-celebrarase-de-xeito-virtual\/","title":{"rendered":"O Entroido de Salceda celebrarase de xeito virtual"},"content":{"rendered":"\n<p><strong>Salceda de Caselas, 8 de febreiro de 2021.<\/strong><\/p>\n\n\n\n<h2 class=\"wp-block-heading\">O Concello de Salceda de Caselas aposta por manter vivo o esp\u00edrito do seu hist\u00f3rico Entroido celebrando diversos actos e actividades de xeito virtual.<\/h2>\n\n\n\n<p>Entre as actividades previstas estar\u00e1 o I Concurso de Disfraces de Entroido co que dende a Conceller\u00eda de Cultura animan \u00e1 veci\u00f1anza a disfrazarse nas s\u00faas casas e non perder o esp\u00edrito do entroido. Para participar ser\u00e1 necesario que as persoas interesadas env\u00eden unha fotograf\u00eda por enderezo electr\u00f3nico a <a href=\"mailto:cultura@salcedadecaselas.gal\">cultura@salcedadecaselas.gal<\/a> ou por Whatsapp ao n\u00famero 675232832.<\/p>\n\n\n\n<p>Estableceranse tres categor\u00edas para os premios, individual, convivintes e votaci\u00f3n popular, que contar\u00e1n como premio un vale de compra de 100\u20ac para consumir nos establecementos do comercio local adheridos a ACISA (Asociaci\u00f3n de comerciantes e industriais de Salceda). O xurado estar\u00e1 composto por representantes dos entroidos hist\u00f3ricos da Feira e do Barreiro e polo t\u00e9cnico municipal de mocidade.<\/p>\n\n\n\n<p>A programaci\u00f3n completarase con varias actividades virtuais, como diferentes obradoiros dirixidos \u00e1 poboaci\u00f3n infantil que se far\u00e1n p\u00fablicos nos vindeiros d\u00edas, ademais de mostras de fotograf\u00edas e v\u00eddeos dos entroidos de edici\u00f3ns pasadas.<\/p>\n\n\n\n<p>Mantendo a tradici\u00f3n, a representante de Castro Barreiro e o representante de A Feira, non quixeron descubrir nada dos seus barrios, que de seguro agochar\u00e1n algunha sorpresa. Cabe lembrar que o enfrontamento entre estes barrios rem\u00f3ntase cando menos ao ano 1888 en que consta a primeira proba documental, e nin sequera os anos de ditadura conseguiron parar esta festa de tal arraigo en Salceda.<\/p>\n\n\n\n<p>Loli Casti\u00f1eira, Alcaldesa de Salceda: \u201cEste \u00e9 un ano dif\u00edcil no que toca parar. Aproveitaremos o momento para avanzar no proxecto para que o noso entroido sexa declarado festa de interese tur\u00edstico de Galicia. Agora o primordial \u00e9 a sa\u00fade, demasiada xente se quedou polo cami\u00f1o, o Entroido e as festas xa voltar\u00e1n, e farano con m\u00e1is forza a\u00ednda\u201d.<\/p>\n","protected":false},"excerpt":{"rendered":"<div class=\"mh-excerpt\"><p>O Concello de Salceda de Caselas aposta por manter vivo o esp\u00edrito do seu hist\u00f3rico Entroido celebrando diversos actos e actividades de xeito virtual <a class=\"mh-excerpt-more\" href=\"https:\/\/www.anovapeneira.gal\/index.php\/2021\/02\/12\/o-entroido-de-salceda-celebrarase-de-xeito-virtual\/\" title=\"O Entroido de Salceda celebrarase de xeito virtual\">[&#8230;]<\/a><\/p>\n<\/div>","protected":false},"author":3,"featured_media":4841,"comment_status":"open","ping_status":"open","sticky":false,"template":"","format":"standard","meta":{"_exactmetrics_skip_tracking":false,"_exactmetrics_sitenote_active":false,"_exactmetrics_sitenote_note":"","_exactmetrics_sitenote_category":0,"footnotes":""},"categories":[23],"tags":[359,929],"class_list":{"0":"post-4840","1":"post","2":"type-post","3":"status-publish","4":"format-standard","5":"has-post-thumbnail","7":"category-a-lourina","8":"tag-concello-de-salceda-de-caselas","9":"tag-entroido"},"yoast_head":"<!-- This site is optimized with the Yoast SEO plugin v27.4 - https:\/\/yoast.com\/product\/yoast-seo-wordpress\/ -->\n<title>O Entroido de Salceda celebrarase de xeito virtual -<\/title>\n<meta name=\"description\" content=\"O Concello de Salceda de Caselas aposta por manter vivo o esp\u00edrito do seu hist\u00f3rico Entroido celebrando diversos actos e actividades de xeito virtual\" \/>\n<meta name=\"robots\" content=\"index, follow, max-snippet:-1, max-image-preview:large, max-video-preview:-1\" \/>\n<link rel=\"canonical\" href=\"https:\/\/www.anovapeneira.gal\/index.php\/2021\/02\/12\/o-entroido-de-salceda-celebrarase-de-xeito-virtual\/\" \/>\n<meta property=\"og:locale\" content=\"gl_ES\" \/>\n<meta property=\"og:type\" content=\"article\" \/>\n<meta property=\"og:title\" content=\"O Entroido de Salceda celebrarase de xeito virtual -\" \/>\n<meta property=\"og:description\" content=\"O Concello de Salceda de Caselas aposta por manter vivo o esp\u00edrito do seu hist\u00f3rico Entroido celebrando diversos actos e actividades de xeito virtual\" \/>\n<meta property=\"og:url\" content=\"https:\/\/www.anovapeneira.gal\/index.php\/2021\/02\/12\/o-entroido-de-salceda-celebrarase-de-xeito-virtual\/\" \/>\n<meta property=\"article:publisher\" content=\"https:\/\/www.facebook.com\/anovapeneira\" \/>\n<meta property=\"article:published_time\" content=\"2021-02-12T09:00:41+00:00\" \/>\n<meta property=\"og:image\" content=\"https:\/\/www.anovapeneira.gal\/wp-content\/uploads\/2021\/02\/entroido_salceda_de_caselas_2021.jpg\" \/>\n\t<meta property=\"og:image:width\" content=\"720\" \/>\n\t<meta property=\"og:image:height\" content=\"432\" \/>\n\t<meta property=\"og:image:type\" content=\"image\/jpeg\" \/>\n<meta name=\"author\" content=\"Redacci\u00f3n A Nova Peneira\" \/>\n<meta name=\"twitter:card\" content=\"summary_large_image\" \/>\n<meta name=\"twitter:creator\" content=\"@APeneira\" \/>\n<meta name=\"twitter:site\" content=\"@APeneira\" \/>\n<meta name=\"twitter:label1\" content=\"Escrito por\" \/>\n\t<meta name=\"twitter:data1\" content=\"Redacci\u00f3n A Nova Peneira\" \/>\n\t<meta name=\"twitter:label2\" content=\"Tempo de lectura\" \/>\n\t<meta name=\"twitter:data2\" content=\"2 minutos\" \/>\n<script type=\"application\/ld+json\" class=\"yoast-schema-graph\">{\"@context\":\"https:\\\/\\\/schema.org\",\"@graph\":[{\"@type\":\"Article\",\"@id\":\"https:\\\/\\\/www.anovapeneira.gal\\\/index.php\\\/2021\\\/02\\\/12\\\/o-entroido-de-salceda-celebrarase-de-xeito-virtual\\\/#article\",\"isPartOf\":{\"@id\":\"https:\\\/\\\/www.anovapeneira.gal\\\/index.php\\\/2021\\\/02\\\/12\\\/o-entroido-de-salceda-celebrarase-de-xeito-virtual\\\/\"},\"author\":{\"name\":\"Redacci\u00f3n A Nova Peneira\",\"@id\":\"https:\\\/\\\/www.anovapeneira.gal\\\/#\\\/schema\\\/person\\\/b93e3f8932e3f8da96334607eb6ac6aa\"},\"headline\":\"O Entroido de Salceda celebrarase de xeito virtual\",\"datePublished\":\"2021-02-12T09:00:41+00:00\",\"mainEntityOfPage\":{\"@id\":\"https:\\\/\\\/www.anovapeneira.gal\\\/index.php\\\/2021\\\/02\\\/12\\\/o-entroido-de-salceda-celebrarase-de-xeito-virtual\\\/\"},\"wordCount\":338,\"commentCount\":0,\"publisher\":{\"@id\":\"https:\\\/\\\/www.anovapeneira.gal\\\/#organization\"},\"image\":{\"@id\":\"https:\\\/\\\/www.anovapeneira.gal\\\/index.php\\\/2021\\\/02\\\/12\\\/o-entroido-de-salceda-celebrarase-de-xeito-virtual\\\/#primaryimage\"},\"thumbnailUrl\":\"https:\\\/\\\/www.anovapeneira.gal\\\/wp-content\\\/uploads\\\/2021\\\/02\\\/entroido_salceda_de_caselas_2021.jpg\",\"keywords\":[\"Concello de Salceda de Caselas\",\"Entroido\"],\"articleSection\":[\"A Louri\u00f1a\"],\"inLanguage\":\"gl-ES\",\"potentialAction\":[{\"@type\":\"CommentAction\",\"name\":\"Comment\",\"target\":[\"https:\\\/\\\/www.anovapeneira.gal\\\/index.php\\\/2021\\\/02\\\/12\\\/o-entroido-de-salceda-celebrarase-de-xeito-virtual\\\/#respond\"]}]},{\"@type\":\"WebPage\",\"@id\":\"https:\\\/\\\/www.anovapeneira.gal\\\/index.php\\\/2021\\\/02\\\/12\\\/o-entroido-de-salceda-celebrarase-de-xeito-virtual\\\/\",\"url\":\"https:\\\/\\\/www.anovapeneira.gal\\\/index.php\\\/2021\\\/02\\\/12\\\/o-entroido-de-salceda-celebrarase-de-xeito-virtual\\\/\",\"name\":\"O Entroido de Salceda celebrarase de xeito virtual -\",\"isPartOf\":{\"@id\":\"https:\\\/\\\/www.anovapeneira.gal\\\/#website\"},\"primaryImageOfPage\":{\"@id\":\"https:\\\/\\\/www.anovapeneira.gal\\\/index.php\\\/2021\\\/02\\\/12\\\/o-entroido-de-salceda-celebrarase-de-xeito-virtual\\\/#primaryimage\"},\"image\":{\"@id\":\"https:\\\/\\\/www.anovapeneira.gal\\\/index.php\\\/2021\\\/02\\\/12\\\/o-entroido-de-salceda-celebrarase-de-xeito-virtual\\\/#primaryimage\"},\"thumbnailUrl\":\"https:\\\/\\\/www.anovapeneira.gal\\\/wp-content\\\/uploads\\\/2021\\\/02\\\/entroido_salceda_de_caselas_2021.jpg\",\"datePublished\":\"2021-02-12T09:00:41+00:00\",\"description\":\"O Concello de Salceda de Caselas aposta por manter vivo o esp\u00edrito do seu hist\u00f3rico Entroido celebrando diversos actos e actividades de xeito virtual\",\"breadcrumb\":{\"@id\":\"https:\\\/\\\/www.anovapeneira.gal\\\/index.php\\\/2021\\\/02\\\/12\\\/o-entroido-de-salceda-celebrarase-de-xeito-virtual\\\/#breadcrumb\"},\"inLanguage\":\"gl-ES\",\"potentialAction\":[{\"@type\":\"ReadAction\",\"target\":[\"https:\\\/\\\/www.anovapeneira.gal\\\/index.php\\\/2021\\\/02\\\/12\\\/o-entroido-de-salceda-celebrarase-de-xeito-virtual\\\/\"]}]},{\"@type\":\"ImageObject\",\"inLanguage\":\"gl-ES\",\"@id\":\"https:\\\/\\\/www.anovapeneira.gal\\\/index.php\\\/2021\\\/02\\\/12\\\/o-entroido-de-salceda-celebrarase-de-xeito-virtual\\\/#primaryimage\",\"url\":\"https:\\\/\\\/www.anovapeneira.gal\\\/wp-content\\\/uploads\\\/2021\\\/02\\\/entroido_salceda_de_caselas_2021.jpg\",\"contentUrl\":\"https:\\\/\\\/www.anovapeneira.gal\\\/wp-content\\\/uploads\\\/2021\\\/02\\\/entroido_salceda_de_caselas_2021.jpg\",\"width\":720,\"height\":432,\"caption\":\"Entroido de Salceda de Caselas 2021\"},{\"@type\":\"BreadcrumbList\",\"@id\":\"https:\\\/\\\/www.anovapeneira.gal\\\/index.php\\\/2021\\\/02\\\/12\\\/o-entroido-de-salceda-celebrarase-de-xeito-virtual\\\/#breadcrumb\",\"itemListElement\":[{\"@type\":\"ListItem\",\"position\":1,\"name\":\"Portada\",\"item\":\"https:\\\/\\\/www.anovapeneira.gal\\\/\"},{\"@type\":\"ListItem\",\"position\":2,\"name\":\"O Entroido de Salceda celebrarase de xeito virtual\"}]},{\"@type\":\"WebSite\",\"@id\":\"https:\\\/\\\/www.anovapeneira.gal\\\/#website\",\"url\":\"https:\\\/\\\/www.anovapeneira.gal\\\/\",\"name\":\"\",\"description\":\"Xornal galego de informaci\u00f3n xeral Publicaci\u00f3n mensual de novas de Galicia e en especial dos Concellos da sur da provincia de Pontevedra.\",\"publisher\":{\"@id\":\"https:\\\/\\\/www.anovapeneira.gal\\\/#organization\"},\"potentialAction\":[{\"@type\":\"SearchAction\",\"target\":{\"@type\":\"EntryPoint\",\"urlTemplate\":\"https:\\\/\\\/www.anovapeneira.gal\\\/?s={search_term_string}\"},\"query-input\":{\"@type\":\"PropertyValueSpecification\",\"valueRequired\":true,\"valueName\":\"search_term_string\"}}],\"inLanguage\":\"gl-ES\"},{\"@type\":\"Organization\",\"@id\":\"https:\\\/\\\/www.anovapeneira.gal\\\/#organization\",\"name\":\"A Nova Peneira\",\"url\":\"https:\\\/\\\/www.anovapeneira.gal\\\/\",\"logo\":{\"@type\":\"ImageObject\",\"inLanguage\":\"gl-ES\",\"@id\":\"https:\\\/\\\/www.anovapeneira.gal\\\/#\\\/schema\\\/logo\\\/image\\\/\",\"url\":\"http:\\\/\\\/www.anovapeneira.gal\\\/wp-content\\\/uploads\\\/2019\\\/06\\\/logo_a_nova_peneira_portal_web.png\",\"contentUrl\":\"http:\\\/\\\/www.anovapeneira.gal\\\/wp-content\\\/uploads\\\/2019\\\/06\\\/logo_a_nova_peneira_portal_web.png\",\"width\":300,\"height\":100,\"caption\":\"A Nova Peneira\"},\"image\":{\"@id\":\"https:\\\/\\\/www.anovapeneira.gal\\\/#\\\/schema\\\/logo\\\/image\\\/\"},\"sameAs\":[\"https:\\\/\\\/www.facebook.com\\\/anovapeneira\",\"https:\\\/\\\/x.com\\\/APeneira\"]},{\"@type\":\"Person\",\"@id\":\"https:\\\/\\\/www.anovapeneira.gal\\\/#\\\/schema\\\/person\\\/b93e3f8932e3f8da96334607eb6ac6aa\",\"name\":\"Redacci\u00f3n A Nova Peneira\",\"image\":{\"@type\":\"ImageObject\",\"inLanguage\":\"gl-ES\",\"@id\":\"https:\\\/\\\/secure.gravatar.com\\\/avatar\\\/c052a2551a06e23fac63626232eaa90abd78dbcf1700fc46a2b2c89fd27b735f?s=96&d=mm&r=g\",\"url\":\"https:\\\/\\\/secure.gravatar.com\\\/avatar\\\/c052a2551a06e23fac63626232eaa90abd78dbcf1700fc46a2b2c89fd27b735f?s=96&d=mm&r=g\",\"contentUrl\":\"https:\\\/\\\/secure.gravatar.com\\\/avatar\\\/c052a2551a06e23fac63626232eaa90abd78dbcf1700fc46a2b2c89fd27b735f?s=96&d=mm&r=g\",\"caption\":\"Redacci\u00f3n A Nova Peneira\"},\"sameAs\":[\"http:\\\/\\\/www.anovapeneira.gal\\\/\"],\"url\":\"https:\\\/\\\/www.anovapeneira.gal\\\/index.php\\\/author\\\/redactor\\\/\"}]}<\/script>\n<!-- \/ Yoast SEO plugin. -->","yoast_head_json":{"title":"O Entroido de Salceda celebrarase de xeito virtual -","description":"O Concello de Salceda de Caselas aposta por manter vivo o esp\u00edrito do seu hist\u00f3rico Entroido celebrando diversos actos e actividades de xeito virtual","robots":{"index":"index","follow":"follow","max-snippet":"max-snippet:-1","max-image-preview":"max-image-preview:large","max-video-preview":"max-video-preview:-1"},"canonical":"https:\/\/www.anovapeneira.gal\/index.php\/2021\/02\/12\/o-entroido-de-salceda-celebrarase-de-xeito-virtual\/","og_locale":"gl_ES","og_type":"article","og_title":"O Entroido de Salceda celebrarase de xeito virtual -","og_description":"O Concello de Salceda de Caselas aposta por manter vivo o esp\u00edrito do seu hist\u00f3rico Entroido celebrando diversos actos e actividades de xeito virtual","og_url":"https:\/\/www.anovapeneira.gal\/index.php\/2021\/02\/12\/o-entroido-de-salceda-celebrarase-de-xeito-virtual\/","article_publisher":"https:\/\/www.facebook.com\/anovapeneira","article_published_time":"2021-02-12T09:00:41+00:00","og_image":[{"width":720,"height":432,"url":"https:\/\/www.anovapeneira.gal\/wp-content\/uploads\/2021\/02\/entroido_salceda_de_caselas_2021.jpg","type":"image\/jpeg"}],"author":"Redacci\u00f3n A Nova Peneira","twitter_card":"summary_large_image","twitter_creator":"@APeneira","twitter_site":"@APeneira","twitter_misc":{"Escrito por":"Redacci\u00f3n A Nova Peneira","Tempo de lectura":"2 minutos"},"schema":{"@context":"https:\/\/schema.org","@graph":[{"@type":"Article","@id":"https:\/\/www.anovapeneira.gal\/index.php\/2021\/02\/12\/o-entroido-de-salceda-celebrarase-de-xeito-virtual\/#article","isPartOf":{"@id":"https:\/\/www.anovapeneira.gal\/index.php\/2021\/02\/12\/o-entroido-de-salceda-celebrarase-de-xeito-virtual\/"},"author":{"name":"Redacci\u00f3n A Nova Peneira","@id":"https:\/\/www.anovapeneira.gal\/#\/schema\/person\/b93e3f8932e3f8da96334607eb6ac6aa"},"headline":"O Entroido de Salceda celebrarase de xeito virtual","datePublished":"2021-02-12T09:00:41+00:00","mainEntityOfPage":{"@id":"https:\/\/www.anovapeneira.gal\/index.php\/2021\/02\/12\/o-entroido-de-salceda-celebrarase-de-xeito-virtual\/"},"wordCount":338,"commentCount":0,"publisher":{"@id":"https:\/\/www.anovapeneira.gal\/#organization"},"image":{"@id":"https:\/\/www.anovapeneira.gal\/index.php\/2021\/02\/12\/o-entroido-de-salceda-celebrarase-de-xeito-virtual\/#primaryimage"},"thumbnailUrl":"https:\/\/www.anovapeneira.gal\/wp-content\/uploads\/2021\/02\/entroido_salceda_de_caselas_2021.jpg","keywords":["Concello de Salceda de Caselas","Entroido"],"articleSection":["A Louri\u00f1a"],"inLanguage":"gl-ES","potentialAction":[{"@type":"CommentAction","name":"Comment","target":["https:\/\/www.anovapeneira.gal\/index.php\/2021\/02\/12\/o-entroido-de-salceda-celebrarase-de-xeito-virtual\/#respond"]}]},{"@type":"WebPage","@id":"https:\/\/www.anovapeneira.gal\/index.php\/2021\/02\/12\/o-entroido-de-salceda-celebrarase-de-xeito-virtual\/","url":"https:\/\/www.anovapeneira.gal\/index.php\/2021\/02\/12\/o-entroido-de-salceda-celebrarase-de-xeito-virtual\/","name":"O Entroido de Salceda celebrarase de xeito virtual -","isPartOf":{"@id":"https:\/\/www.anovapeneira.gal\/#website"},"primaryImageOfPage":{"@id":"https:\/\/www.anovapeneira.gal\/index.php\/2021\/02\/12\/o-entroido-de-salceda-celebrarase-de-xeito-virtual\/#primaryimage"},"image":{"@id":"https:\/\/www.anovapeneira.gal\/index.php\/2021\/02\/12\/o-entroido-de-salceda-celebrarase-de-xeito-virtual\/#primaryimage"},"thumbnailUrl":"https:\/\/www.anovapeneira.gal\/wp-content\/uploads\/2021\/02\/entroido_salceda_de_caselas_2021.jpg","datePublished":"2021-02-12T09:00:41+00:00","description":"O Concello de Salceda de Caselas aposta por manter vivo o esp\u00edrito do seu hist\u00f3rico Entroido celebrando diversos actos e actividades de xeito virtual","breadcrumb":{"@id":"https:\/\/www.anovapeneira.gal\/index.php\/2021\/02\/12\/o-entroido-de-salceda-celebrarase-de-xeito-virtual\/#breadcrumb"},"inLanguage":"gl-ES","potentialAction":[{"@type":"ReadAction","target":["https:\/\/www.anovapeneira.gal\/index.php\/2021\/02\/12\/o-entroido-de-salceda-celebrarase-de-xeito-virtual\/"]}]},{"@type":"ImageObject","inLanguage":"gl-ES","@id":"https:\/\/www.anovapeneira.gal\/index.php\/2021\/02\/12\/o-entroido-de-salceda-celebrarase-de-xeito-virtual\/#primaryimage","url":"https:\/\/www.anovapeneira.gal\/wp-content\/uploads\/2021\/02\/entroido_salceda_de_caselas_2021.jpg","contentUrl":"https:\/\/www.anovapeneira.gal\/wp-content\/uploads\/2021\/02\/entroido_salceda_de_caselas_2021.jpg","width":720,"height":432,"caption":"Entroido de Salceda de Caselas 2021"},{"@type":"BreadcrumbList","@id":"https:\/\/www.anovapeneira.gal\/index.php\/2021\/02\/12\/o-entroido-de-salceda-celebrarase-de-xeito-virtual\/#breadcrumb","itemListElement":[{"@type":"ListItem","position":1,"name":"Portada","item":"https:\/\/www.anovapeneira.gal\/"},{"@type":"ListItem","position":2,"name":"O Entroido de Salceda celebrarase de xeito virtual"}]},{"@type":"WebSite","@id":"https:\/\/www.anovapeneira.gal\/#website","url":"https:\/\/www.anovapeneira.gal\/","name":"","description":"Xornal galego de informaci\u00f3n xeral Publicaci\u00f3n mensual de novas de Galicia e en especial dos Concellos da sur da provincia de Pontevedra.","publisher":{"@id":"https:\/\/www.anovapeneira.gal\/#organization"},"potentialAction":[{"@type":"SearchAction","target":{"@type":"EntryPoint","urlTemplate":"https:\/\/www.anovapeneira.gal\/?s={search_term_string}"},"query-input":{"@type":"PropertyValueSpecification","valueRequired":true,"valueName":"search_term_string"}}],"inLanguage":"gl-ES"},{"@type":"Organization","@id":"https:\/\/www.anovapeneira.gal\/#organization","name":"A Nova Peneira","url":"https:\/\/www.anovapeneira.gal\/","logo":{"@type":"ImageObject","inLanguage":"gl-ES","@id":"https:\/\/www.anovapeneira.gal\/#\/schema\/logo\/image\/","url":"http:\/\/www.anovapeneira.gal\/wp-content\/uploads\/2019\/06\/logo_a_nova_peneira_portal_web.png","contentUrl":"http:\/\/www.anovapeneira.gal\/wp-content\/uploads\/2019\/06\/logo_a_nova_peneira_portal_web.png","width":300,"height":100,"caption":"A Nova Peneira"},"image":{"@id":"https:\/\/www.anovapeneira.gal\/#\/schema\/logo\/image\/"},"sameAs":["https:\/\/www.facebook.com\/anovapeneira","https:\/\/x.com\/APeneira"]},{"@type":"Person","@id":"https:\/\/www.anovapeneira.gal\/#\/schema\/person\/b93e3f8932e3f8da96334607eb6ac6aa","name":"Redacci\u00f3n A Nova Peneira","image":{"@type":"ImageObject","inLanguage":"gl-ES","@id":"https:\/\/secure.gravatar.com\/avatar\/c052a2551a06e23fac63626232eaa90abd78dbcf1700fc46a2b2c89fd27b735f?s=96&d=mm&r=g","url":"https:\/\/secure.gravatar.com\/avatar\/c052a2551a06e23fac63626232eaa90abd78dbcf1700fc46a2b2c89fd27b735f?s=96&d=mm&r=g","contentUrl":"https:\/\/secure.gravatar.com\/avatar\/c052a2551a06e23fac63626232eaa90abd78dbcf1700fc46a2b2c89fd27b735f?s=96&d=mm&r=g","caption":"Redacci\u00f3n A Nova Peneira"},"sameAs":["http:\/\/www.anovapeneira.gal\/"],"url":"https:\/\/www.anovapeneira.gal\/index.php\/author\/redactor\/"}]}},"jetpack_featured_media_url":"https:\/\/www.anovapeneira.gal\/wp-content\/uploads\/2021\/02\/entroido_salceda_de_caselas_2021.jpg","_links":{"self":[{"href":"https:\/\/www.anovapeneira.gal\/index.php\/wp-json\/wp\/v2\/posts\/4840","targetHints":{"allow":["GET"]}}],"collection":[{"href":"https:\/\/www.anovapeneira.gal\/index.php\/wp-json\/wp\/v2\/posts"}],"about":[{"href":"https:\/\/www.anovapeneira.gal\/index.php\/wp-json\/wp\/v2\/types\/post"}],"author":[{"embeddable":true,"href":"https:\/\/www.anovapeneira.gal\/index.php\/wp-json\/wp\/v2\/users\/3"}],"replies":[{"embeddable":true,"href":"https:\/\/www.anovapeneira.gal\/index.php\/wp-json\/wp\/v2\/comments?post=4840"}],"version-history":[{"count":1,"href":"https:\/\/www.anovapeneira.gal\/index.php\/wp-json\/wp\/v2\/posts\/4840\/revisions"}],"predecessor-version":[{"id":4842,"href":"https:\/\/www.anovapeneira.gal\/index.php\/wp-json\/wp\/v2\/posts\/4840\/revisions\/4842"}],"wp:featuredmedia":[{"embeddable":true,"href":"https:\/\/www.anovapeneira.gal\/index.php\/wp-json\/wp\/v2\/media\/4841"}],"wp:attachment":[{"href":"https:\/\/www.anovapeneira.gal\/index.php\/wp-json\/wp\/v2\/media?parent=4840"}],"wp:term":[{"taxonomy":"category","embeddable":true,"href":"https:\/\/www.anovapeneira.gal\/index.php\/wp-json\/wp\/v2\/categories?post=4840"},{"taxonomy":"post_tag","embeddable":true,"href":"https:\/\/www.anovapeneira.gal\/index.php\/wp-json\/wp\/v2\/tags?post=4840"}],"curies":[{"name":"wp","href":"https:\/\/api.w.org\/{rel}","templated":true}]}}