{"id":4848,"date":"2021-02-15T10:00:47","date_gmt":"2021-02-15T09:00:47","guid":{"rendered":"http:\/\/www.anovapeneira.gal\/?p=4848"},"modified":"2021-02-14T08:20:03","modified_gmt":"2021-02-14T07:20:03","slug":"calendario-de-vacilacion","status":"publish","type":"post","link":"https:\/\/www.anovapeneira.gal\/index.php\/2021\/02\/15\/calendario-de-vacilacion\/","title":{"rendered":"Calendario de vacilaci\u00f3n"},"content":{"rendered":"\n<figure class=\"wp-block-image size-large is-resized\"><img loading=\"lazy\" decoding=\"async\" src=\"http:\/\/www.anovapeneira.gal\/wp-content\/uploads\/2019\/12\/retrato_montse_fajardo_cambados_a_nova_peneira.jpg\" alt=\"Retrato Montse Fajardo A Nova Peneira\" class=\"wp-image-2085\" width=\"95\" height=\"111\"\/><figcaption>Montse Fajardo<\/figcaption><\/figure>\n\n\n\n<pre class=\"wp-block-verse\">MILANA BONITA<\/pre>\n\n\n\n<p>Vacilar. Amosarse indecisa. Mentres o mundo anda a voltas co calendario de vacinaci\u00f3ns, no meu almanaque vital \u00e9 tempo de vacilaci\u00f3ns. Dubido en que tema escoller para esta opini\u00f3n. Estar\u00eda ben falar de youtubers que marchan a Andorra para non colaborar cos seus impostos no mantemento do Estado de benestar. Que si, que pode que sexa o chocolate do loro comparado cos mill\u00f3ns que perdemos na evasi\u00f3n e o fraude fiscal de ducias de patriotas de boquilla que agroman como followers do Rubius, pero eu nunca entend\u00edn que a honradez e o compromiso social fosen cuesti\u00f3n de cantidades, as\u00ed que \u00e9 unha opci\u00f3n.<\/p>\n\n\n\n<p>A\u00ednda que igual \u00e9 mellor falar de Pablo Hasel. Discrepo dalgunhas das s\u00faas afirmaci\u00f3ns pero, ante tanto barullo de rapaces que se evaden, cando un se molla ata empaparse non deberiamos deixalo pasar de largo. Porque \u00e9 un esc\u00e1ndalo que o Estado siga sufragando o mantemento da seguridade \u2013e a saber que m\u00e1is- do Borb\u00f3n fugado, mentres manda \u00e1 prisi\u00f3n a un rapeiro que lle chamou ladr\u00f3n.<\/p>\n\n\n\n<p>E logo est\u00e1 o das listaxes de vacinaci\u00f3n. Co\u00e1ronse bispos, militares, cargos pol\u00edticos, e a guinda, Josefina Fern\u00e1ndez. A conselleira delegada de Domus VI \u00e9 a mantilla espa\u00f1ola da procesi\u00f3n da indignidade. D\u00e1me moito aquel esta se\u00f1ora, fai que deixe de crer no x\u00e9nero humano. Como m\u00e1xima respons\u00e1bel da meirande rede de xeri\u00e1tricos privados, non lle pareceu dabondo o esforzo monetario das familias que deixaron maiores ao seu coidado, que para aumentar beneficios aforrou en medios e o ex\u00e9rcito tivo que intervir os centros, que amoreaban mortes coma tantos por cento.<\/p>\n\n\n\n<p>Daquela non foi quen de tomar decisi\u00f3ns que puidesen evitar o dantesco espect\u00e1culo mais estivo espelida para apuntarse de primeira na cola da vacinaci\u00f3n. Disque, desta volta, estalles prestando \u00e1s persoas maiores a atenci\u00f3n que nunca pareceu darlles. A Xunta ap\u00f3iaa sen vacilar, vacil\u00e1ndonos. E eu sigo dubidando.<\/p>\n\n\n\n<p>Merg\u00fallome nas novas dos \u00faltimos d\u00edas para ver se, repugnanti\u00f1a, me queda atr\u00e1s alg\u00fan motivo m\u00e1is de indignaci\u00f3n. Son tantos&#8230;<\/p>\n\n\n\n<p>Atopo un que far\u00eda baixar do mundo a Mafalda. A OMS afea que o 16 por cento da poboaci\u00f3n mundial acapare, cal Domus VI cos dividendos, o 60 por cento da produci\u00f3n mundial de vacinas. Apoiada por un cento de pa\u00edses e ONGs como M\u00e9dicos sen Fronteiras, a organizaci\u00f3n pide que se eliminen dereitos sobre a propiedade intelectual e se compartan as f\u00f3rmulas para que o f\u00e1rmaco poida producirse en todos os territorios. A alegr\u00eda de ter un goberno estatal de esquerdas e solidario d\u00farame o mesmo tempo que a Josefina o af\u00e1n de coidados. Un picado. Espa\u00f1a apoia a tese da Uni\u00f3n Europea, Estados Unidos e Xap\u00f3n, \u00e9 dicir, do capitalismo salvaxe, e esixe libre mercado a favor das empresas farmac\u00e9uticas. As mesmas, c\u00f3mpre recordar, que recibiron mill\u00f3ns de euros de axudas p\u00fablicas para acadar o achado. Como dir\u00eda a nena de Quino, a ciencia que era preciso subvencionar converteuse de s\u00fapeto en produto de libre mercado. E se acaso houbese unha posibilidade de compartir as patentes ser\u00eda s\u00f3, aclaran, entre empresas farmac\u00e9uticas asentadas na Uni\u00f3n Europea.<\/p>\n\n\n\n<p>Na cola da desvergo\u00f1a mundial, Espa\u00f1a \u00e1brese paso cos c\u00f3bados, berra a \u00faltima \u00e9 parva, e corre cara \u00e1 meta deixando atr\u00e1s centos de persoas. E sen un \u00e1pice de remorsos, vendo s\u00f3 a palla na pupila allea e non a viga no propio ollo.<\/p>\n\n\n\n<p>Haber\u00e1 vacina contra os intereses do capital? Eu sigo dubid\u00e1ndoo.<\/p>\n","protected":false},"excerpt":{"rendered":"<div class=\"mh-excerpt\"><p>Vacilar. Amosarse indecisa. Mentres o mundo anda a voltas co calendario de vacinaci\u00f3ns, no meu almanaque vital \u00e9 tempo de vacilaci\u00f3ns. Dubido en que tema escoller para esta opini\u00f3n. Estar\u00eda ben falar de youtubers que marchan a Andorra para non colaborar cos seus impostos no mantemento do Estado de benestar <a class=\"mh-excerpt-more\" href=\"https:\/\/www.anovapeneira.gal\/index.php\/2021\/02\/15\/calendario-de-vacilacion\/\" title=\"Calendario de vacilaci\u00f3n\">[&#8230;]<\/a><\/p>\n<\/div>","protected":false},"author":15,"featured_media":584,"comment_status":"open","ping_status":"open","sticky":false,"template":"","format":"standard","meta":{"_exactmetrics_skip_tracking":false,"_exactmetrics_sitenote_active":false,"_exactmetrics_sitenote_note":"","_exactmetrics_sitenote_category":0,"footnotes":""},"categories":[7],"tags":[1067],"class_list":{"0":"post-4848","1":"post","2":"type-post","3":"status-publish","4":"format-standard","5":"has-post-thumbnail","7":"category-artigos-de-opinion","8":"tag-milana-bonita"},"yoast_head":"<!-- This site is optimized with the Yoast SEO plugin v27.4 - https:\/\/yoast.com\/product\/yoast-seo-wordpress\/ -->\n<title>Calendario de vacilaci\u00f3n -<\/title>\n<meta name=\"description\" content=\"Vacilar. Amosarse indecisa. Mentres o mundo anda a voltas co calendario de vacinaci\u00f3ns, no meu almanaque vital \u00e9 tempo de vacilaci\u00f3ns. Dubido en que tema escoller para esta opini\u00f3n. Estar\u00eda ben falar de youtubers que marchan a Andorra para non colaborar cos seus impostos no mantemento do Estado de benestar\" \/>\n<meta name=\"robots\" content=\"index, follow, max-snippet:-1, max-image-preview:large, max-video-preview:-1\" \/>\n<link rel=\"canonical\" href=\"https:\/\/www.anovapeneira.gal\/index.php\/2021\/02\/15\/calendario-de-vacilacion\/\" \/>\n<meta property=\"og:locale\" content=\"gl_ES\" \/>\n<meta property=\"og:type\" content=\"article\" \/>\n<meta property=\"og:title\" content=\"Calendario de vacilaci\u00f3n -\" \/>\n<meta property=\"og:description\" content=\"Vacilar. Amosarse indecisa. Mentres o mundo anda a voltas co calendario de vacinaci\u00f3ns, no meu almanaque vital \u00e9 tempo de vacilaci\u00f3ns. Dubido en que tema escoller para esta opini\u00f3n. Estar\u00eda ben falar de youtubers que marchan a Andorra para non colaborar cos seus impostos no mantemento do Estado de benestar\" \/>\n<meta property=\"og:url\" content=\"https:\/\/www.anovapeneira.gal\/index.php\/2021\/02\/15\/calendario-de-vacilacion\/\" \/>\n<meta property=\"article:publisher\" content=\"https:\/\/www.facebook.com\/anovapeneira\" \/>\n<meta property=\"article:published_time\" content=\"2021-02-15T09:00:47+00:00\" \/>\n<meta property=\"og:image\" content=\"https:\/\/www.anovapeneira.gal\/wp-content\/uploads\/2019\/07\/ARTIGO_DE_OPINION_A_NOVA_PENEIRA.jpg\" \/>\n\t<meta property=\"og:image:width\" content=\"720\" \/>\n\t<meta property=\"og:image:height\" content=\"473\" \/>\n\t<meta property=\"og:image:type\" content=\"image\/jpeg\" \/>\n<meta name=\"author\" content=\"Montse Fajardo\" \/>\n<meta name=\"twitter:card\" content=\"summary_large_image\" \/>\n<meta name=\"twitter:creator\" content=\"@APeneira\" \/>\n<meta name=\"twitter:site\" content=\"@APeneira\" \/>\n<meta name=\"twitter:label1\" content=\"Escrito por\" \/>\n\t<meta name=\"twitter:data1\" content=\"Montse Fajardo\" \/>\n\t<meta name=\"twitter:label2\" content=\"Tempo de lectura\" \/>\n\t<meta name=\"twitter:data2\" content=\"3 minutos\" \/>\n<script type=\"application\/ld+json\" class=\"yoast-schema-graph\">{\"@context\":\"https:\\\/\\\/schema.org\",\"@graph\":[{\"@type\":\"Article\",\"@id\":\"https:\\\/\\\/www.anovapeneira.gal\\\/index.php\\\/2021\\\/02\\\/15\\\/calendario-de-vacilacion\\\/#article\",\"isPartOf\":{\"@id\":\"https:\\\/\\\/www.anovapeneira.gal\\\/index.php\\\/2021\\\/02\\\/15\\\/calendario-de-vacilacion\\\/\"},\"author\":{\"name\":\"Montse Fajardo\",\"@id\":\"https:\\\/\\\/www.anovapeneira.gal\\\/#\\\/schema\\\/person\\\/b5d841c74dee61f6776658b07b904c18\"},\"headline\":\"Calendario de vacilaci\u00f3n\",\"datePublished\":\"2021-02-15T09:00:47+00:00\",\"mainEntityOfPage\":{\"@id\":\"https:\\\/\\\/www.anovapeneira.gal\\\/index.php\\\/2021\\\/02\\\/15\\\/calendario-de-vacilacion\\\/\"},\"wordCount\":626,\"commentCount\":0,\"publisher\":{\"@id\":\"https:\\\/\\\/www.anovapeneira.gal\\\/#organization\"},\"image\":{\"@id\":\"https:\\\/\\\/www.anovapeneira.gal\\\/index.php\\\/2021\\\/02\\\/15\\\/calendario-de-vacilacion\\\/#primaryimage\"},\"thumbnailUrl\":\"https:\\\/\\\/www.anovapeneira.gal\\\/wp-content\\\/uploads\\\/2019\\\/07\\\/ARTIGO_DE_OPINION_A_NOVA_PENEIRA.jpg\",\"keywords\":[\"Milana Bonita\"],\"articleSection\":[\"Artigos de opini\u00f3n\"],\"inLanguage\":\"gl-ES\",\"potentialAction\":[{\"@type\":\"CommentAction\",\"name\":\"Comment\",\"target\":[\"https:\\\/\\\/www.anovapeneira.gal\\\/index.php\\\/2021\\\/02\\\/15\\\/calendario-de-vacilacion\\\/#respond\"]}]},{\"@type\":\"WebPage\",\"@id\":\"https:\\\/\\\/www.anovapeneira.gal\\\/index.php\\\/2021\\\/02\\\/15\\\/calendario-de-vacilacion\\\/\",\"url\":\"https:\\\/\\\/www.anovapeneira.gal\\\/index.php\\\/2021\\\/02\\\/15\\\/calendario-de-vacilacion\\\/\",\"name\":\"Calendario de vacilaci\u00f3n -\",\"isPartOf\":{\"@id\":\"https:\\\/\\\/www.anovapeneira.gal\\\/#website\"},\"primaryImageOfPage\":{\"@id\":\"https:\\\/\\\/www.anovapeneira.gal\\\/index.php\\\/2021\\\/02\\\/15\\\/calendario-de-vacilacion\\\/#primaryimage\"},\"image\":{\"@id\":\"https:\\\/\\\/www.anovapeneira.gal\\\/index.php\\\/2021\\\/02\\\/15\\\/calendario-de-vacilacion\\\/#primaryimage\"},\"thumbnailUrl\":\"https:\\\/\\\/www.anovapeneira.gal\\\/wp-content\\\/uploads\\\/2019\\\/07\\\/ARTIGO_DE_OPINION_A_NOVA_PENEIRA.jpg\",\"datePublished\":\"2021-02-15T09:00:47+00:00\",\"description\":\"Vacilar. Amosarse indecisa. Mentres o mundo anda a voltas co calendario de vacinaci\u00f3ns, no meu almanaque vital \u00e9 tempo de vacilaci\u00f3ns. Dubido en que tema escoller para esta opini\u00f3n. Estar\u00eda ben falar de youtubers que marchan a Andorra para non colaborar cos seus impostos no mantemento do Estado de benestar\",\"breadcrumb\":{\"@id\":\"https:\\\/\\\/www.anovapeneira.gal\\\/index.php\\\/2021\\\/02\\\/15\\\/calendario-de-vacilacion\\\/#breadcrumb\"},\"inLanguage\":\"gl-ES\",\"potentialAction\":[{\"@type\":\"ReadAction\",\"target\":[\"https:\\\/\\\/www.anovapeneira.gal\\\/index.php\\\/2021\\\/02\\\/15\\\/calendario-de-vacilacion\\\/\"]}]},{\"@type\":\"ImageObject\",\"inLanguage\":\"gl-ES\",\"@id\":\"https:\\\/\\\/www.anovapeneira.gal\\\/index.php\\\/2021\\\/02\\\/15\\\/calendario-de-vacilacion\\\/#primaryimage\",\"url\":\"https:\\\/\\\/www.anovapeneira.gal\\\/wp-content\\\/uploads\\\/2019\\\/07\\\/ARTIGO_DE_OPINION_A_NOVA_PENEIRA.jpg\",\"contentUrl\":\"https:\\\/\\\/www.anovapeneira.gal\\\/wp-content\\\/uploads\\\/2019\\\/07\\\/ARTIGO_DE_OPINION_A_NOVA_PENEIRA.jpg\",\"width\":720,\"height\":473,\"caption\":\"Artigo de opini\u00f3n A Nova Peneira\"},{\"@type\":\"BreadcrumbList\",\"@id\":\"https:\\\/\\\/www.anovapeneira.gal\\\/index.php\\\/2021\\\/02\\\/15\\\/calendario-de-vacilacion\\\/#breadcrumb\",\"itemListElement\":[{\"@type\":\"ListItem\",\"position\":1,\"name\":\"Portada\",\"item\":\"https:\\\/\\\/www.anovapeneira.gal\\\/\"},{\"@type\":\"ListItem\",\"position\":2,\"name\":\"Calendario de vacilaci\u00f3n\"}]},{\"@type\":\"WebSite\",\"@id\":\"https:\\\/\\\/www.anovapeneira.gal\\\/#website\",\"url\":\"https:\\\/\\\/www.anovapeneira.gal\\\/\",\"name\":\"\",\"description\":\"Xornal galego de informaci\u00f3n xeral Publicaci\u00f3n mensual de novas de Galicia e en especial dos Concellos da sur da provincia de Pontevedra.\",\"publisher\":{\"@id\":\"https:\\\/\\\/www.anovapeneira.gal\\\/#organization\"},\"potentialAction\":[{\"@type\":\"SearchAction\",\"target\":{\"@type\":\"EntryPoint\",\"urlTemplate\":\"https:\\\/\\\/www.anovapeneira.gal\\\/?s={search_term_string}\"},\"query-input\":{\"@type\":\"PropertyValueSpecification\",\"valueRequired\":true,\"valueName\":\"search_term_string\"}}],\"inLanguage\":\"gl-ES\"},{\"@type\":\"Organization\",\"@id\":\"https:\\\/\\\/www.anovapeneira.gal\\\/#organization\",\"name\":\"A Nova Peneira\",\"url\":\"https:\\\/\\\/www.anovapeneira.gal\\\/\",\"logo\":{\"@type\":\"ImageObject\",\"inLanguage\":\"gl-ES\",\"@id\":\"https:\\\/\\\/www.anovapeneira.gal\\\/#\\\/schema\\\/logo\\\/image\\\/\",\"url\":\"http:\\\/\\\/www.anovapeneira.gal\\\/wp-content\\\/uploads\\\/2019\\\/06\\\/logo_a_nova_peneira_portal_web.png\",\"contentUrl\":\"http:\\\/\\\/www.anovapeneira.gal\\\/wp-content\\\/uploads\\\/2019\\\/06\\\/logo_a_nova_peneira_portal_web.png\",\"width\":300,\"height\":100,\"caption\":\"A Nova Peneira\"},\"image\":{\"@id\":\"https:\\\/\\\/www.anovapeneira.gal\\\/#\\\/schema\\\/logo\\\/image\\\/\"},\"sameAs\":[\"https:\\\/\\\/www.facebook.com\\\/anovapeneira\",\"https:\\\/\\\/x.com\\\/APeneira\"]},{\"@type\":\"Person\",\"@id\":\"https:\\\/\\\/www.anovapeneira.gal\\\/#\\\/schema\\\/person\\\/b5d841c74dee61f6776658b07b904c18\",\"name\":\"Montse Fajardo\",\"image\":{\"@type\":\"ImageObject\",\"inLanguage\":\"gl-ES\",\"@id\":\"https:\\\/\\\/secure.gravatar.com\\\/avatar\\\/7167d7c282cf42b377b7010dbd21f855dfb9df18abd8af43f29029fc82996df3?s=96&d=mm&r=g\",\"url\":\"https:\\\/\\\/secure.gravatar.com\\\/avatar\\\/7167d7c282cf42b377b7010dbd21f855dfb9df18abd8af43f29029fc82996df3?s=96&d=mm&r=g\",\"contentUrl\":\"https:\\\/\\\/secure.gravatar.com\\\/avatar\\\/7167d7c282cf42b377b7010dbd21f855dfb9df18abd8af43f29029fc82996df3?s=96&d=mm&r=g\",\"caption\":\"Montse Fajardo\"},\"sameAs\":[\"http:\\\/\\\/www.anovapeneira.gal\\\/\"],\"url\":\"https:\\\/\\\/www.anovapeneira.gal\\\/index.php\\\/author\\\/montse-fajardo\\\/\"}]}<\/script>\n<!-- \/ Yoast SEO plugin. -->","yoast_head_json":{"title":"Calendario de vacilaci\u00f3n -","description":"Vacilar. Amosarse indecisa. Mentres o mundo anda a voltas co calendario de vacinaci\u00f3ns, no meu almanaque vital \u00e9 tempo de vacilaci\u00f3ns. Dubido en que tema escoller para esta opini\u00f3n. Estar\u00eda ben falar de youtubers que marchan a Andorra para non colaborar cos seus impostos no mantemento do Estado de benestar","robots":{"index":"index","follow":"follow","max-snippet":"max-snippet:-1","max-image-preview":"max-image-preview:large","max-video-preview":"max-video-preview:-1"},"canonical":"https:\/\/www.anovapeneira.gal\/index.php\/2021\/02\/15\/calendario-de-vacilacion\/","og_locale":"gl_ES","og_type":"article","og_title":"Calendario de vacilaci\u00f3n -","og_description":"Vacilar. Amosarse indecisa. Mentres o mundo anda a voltas co calendario de vacinaci\u00f3ns, no meu almanaque vital \u00e9 tempo de vacilaci\u00f3ns. Dubido en que tema escoller para esta opini\u00f3n. Estar\u00eda ben falar de youtubers que marchan a Andorra para non colaborar cos seus impostos no mantemento do Estado de benestar","og_url":"https:\/\/www.anovapeneira.gal\/index.php\/2021\/02\/15\/calendario-de-vacilacion\/","article_publisher":"https:\/\/www.facebook.com\/anovapeneira","article_published_time":"2021-02-15T09:00:47+00:00","og_image":[{"width":720,"height":473,"url":"https:\/\/www.anovapeneira.gal\/wp-content\/uploads\/2019\/07\/ARTIGO_DE_OPINION_A_NOVA_PENEIRA.jpg","type":"image\/jpeg"}],"author":"Montse Fajardo","twitter_card":"summary_large_image","twitter_creator":"@APeneira","twitter_site":"@APeneira","twitter_misc":{"Escrito por":"Montse Fajardo","Tempo de lectura":"3 minutos"},"schema":{"@context":"https:\/\/schema.org","@graph":[{"@type":"Article","@id":"https:\/\/www.anovapeneira.gal\/index.php\/2021\/02\/15\/calendario-de-vacilacion\/#article","isPartOf":{"@id":"https:\/\/www.anovapeneira.gal\/index.php\/2021\/02\/15\/calendario-de-vacilacion\/"},"author":{"name":"Montse Fajardo","@id":"https:\/\/www.anovapeneira.gal\/#\/schema\/person\/b5d841c74dee61f6776658b07b904c18"},"headline":"Calendario de vacilaci\u00f3n","datePublished":"2021-02-15T09:00:47+00:00","mainEntityOfPage":{"@id":"https:\/\/www.anovapeneira.gal\/index.php\/2021\/02\/15\/calendario-de-vacilacion\/"},"wordCount":626,"commentCount":0,"publisher":{"@id":"https:\/\/www.anovapeneira.gal\/#organization"},"image":{"@id":"https:\/\/www.anovapeneira.gal\/index.php\/2021\/02\/15\/calendario-de-vacilacion\/#primaryimage"},"thumbnailUrl":"https:\/\/www.anovapeneira.gal\/wp-content\/uploads\/2019\/07\/ARTIGO_DE_OPINION_A_NOVA_PENEIRA.jpg","keywords":["Milana Bonita"],"articleSection":["Artigos de opini\u00f3n"],"inLanguage":"gl-ES","potentialAction":[{"@type":"CommentAction","name":"Comment","target":["https:\/\/www.anovapeneira.gal\/index.php\/2021\/02\/15\/calendario-de-vacilacion\/#respond"]}]},{"@type":"WebPage","@id":"https:\/\/www.anovapeneira.gal\/index.php\/2021\/02\/15\/calendario-de-vacilacion\/","url":"https:\/\/www.anovapeneira.gal\/index.php\/2021\/02\/15\/calendario-de-vacilacion\/","name":"Calendario de vacilaci\u00f3n -","isPartOf":{"@id":"https:\/\/www.anovapeneira.gal\/#website"},"primaryImageOfPage":{"@id":"https:\/\/www.anovapeneira.gal\/index.php\/2021\/02\/15\/calendario-de-vacilacion\/#primaryimage"},"image":{"@id":"https:\/\/www.anovapeneira.gal\/index.php\/2021\/02\/15\/calendario-de-vacilacion\/#primaryimage"},"thumbnailUrl":"https:\/\/www.anovapeneira.gal\/wp-content\/uploads\/2019\/07\/ARTIGO_DE_OPINION_A_NOVA_PENEIRA.jpg","datePublished":"2021-02-15T09:00:47+00:00","description":"Vacilar. Amosarse indecisa. Mentres o mundo anda a voltas co calendario de vacinaci\u00f3ns, no meu almanaque vital \u00e9 tempo de vacilaci\u00f3ns. Dubido en que tema escoller para esta opini\u00f3n. Estar\u00eda ben falar de youtubers que marchan a Andorra para non colaborar cos seus impostos no mantemento do Estado de benestar","breadcrumb":{"@id":"https:\/\/www.anovapeneira.gal\/index.php\/2021\/02\/15\/calendario-de-vacilacion\/#breadcrumb"},"inLanguage":"gl-ES","potentialAction":[{"@type":"ReadAction","target":["https:\/\/www.anovapeneira.gal\/index.php\/2021\/02\/15\/calendario-de-vacilacion\/"]}]},{"@type":"ImageObject","inLanguage":"gl-ES","@id":"https:\/\/www.anovapeneira.gal\/index.php\/2021\/02\/15\/calendario-de-vacilacion\/#primaryimage","url":"https:\/\/www.anovapeneira.gal\/wp-content\/uploads\/2019\/07\/ARTIGO_DE_OPINION_A_NOVA_PENEIRA.jpg","contentUrl":"https:\/\/www.anovapeneira.gal\/wp-content\/uploads\/2019\/07\/ARTIGO_DE_OPINION_A_NOVA_PENEIRA.jpg","width":720,"height":473,"caption":"Artigo de opini\u00f3n A Nova Peneira"},{"@type":"BreadcrumbList","@id":"https:\/\/www.anovapeneira.gal\/index.php\/2021\/02\/15\/calendario-de-vacilacion\/#breadcrumb","itemListElement":[{"@type":"ListItem","position":1,"name":"Portada","item":"https:\/\/www.anovapeneira.gal\/"},{"@type":"ListItem","position":2,"name":"Calendario de vacilaci\u00f3n"}]},{"@type":"WebSite","@id":"https:\/\/www.anovapeneira.gal\/#website","url":"https:\/\/www.anovapeneira.gal\/","name":"","description":"Xornal galego de informaci\u00f3n xeral Publicaci\u00f3n mensual de novas de Galicia e en especial dos Concellos da sur da provincia de Pontevedra.","publisher":{"@id":"https:\/\/www.anovapeneira.gal\/#organization"},"potentialAction":[{"@type":"SearchAction","target":{"@type":"EntryPoint","urlTemplate":"https:\/\/www.anovapeneira.gal\/?s={search_term_string}"},"query-input":{"@type":"PropertyValueSpecification","valueRequired":true,"valueName":"search_term_string"}}],"inLanguage":"gl-ES"},{"@type":"Organization","@id":"https:\/\/www.anovapeneira.gal\/#organization","name":"A Nova Peneira","url":"https:\/\/www.anovapeneira.gal\/","logo":{"@type":"ImageObject","inLanguage":"gl-ES","@id":"https:\/\/www.anovapeneira.gal\/#\/schema\/logo\/image\/","url":"http:\/\/www.anovapeneira.gal\/wp-content\/uploads\/2019\/06\/logo_a_nova_peneira_portal_web.png","contentUrl":"http:\/\/www.anovapeneira.gal\/wp-content\/uploads\/2019\/06\/logo_a_nova_peneira_portal_web.png","width":300,"height":100,"caption":"A Nova Peneira"},"image":{"@id":"https:\/\/www.anovapeneira.gal\/#\/schema\/logo\/image\/"},"sameAs":["https:\/\/www.facebook.com\/anovapeneira","https:\/\/x.com\/APeneira"]},{"@type":"Person","@id":"https:\/\/www.anovapeneira.gal\/#\/schema\/person\/b5d841c74dee61f6776658b07b904c18","name":"Montse Fajardo","image":{"@type":"ImageObject","inLanguage":"gl-ES","@id":"https:\/\/secure.gravatar.com\/avatar\/7167d7c282cf42b377b7010dbd21f855dfb9df18abd8af43f29029fc82996df3?s=96&d=mm&r=g","url":"https:\/\/secure.gravatar.com\/avatar\/7167d7c282cf42b377b7010dbd21f855dfb9df18abd8af43f29029fc82996df3?s=96&d=mm&r=g","contentUrl":"https:\/\/secure.gravatar.com\/avatar\/7167d7c282cf42b377b7010dbd21f855dfb9df18abd8af43f29029fc82996df3?s=96&d=mm&r=g","caption":"Montse Fajardo"},"sameAs":["http:\/\/www.anovapeneira.gal\/"],"url":"https:\/\/www.anovapeneira.gal\/index.php\/author\/montse-fajardo\/"}]}},"jetpack_featured_media_url":"https:\/\/www.anovapeneira.gal\/wp-content\/uploads\/2019\/07\/ARTIGO_DE_OPINION_A_NOVA_PENEIRA.jpg","_links":{"self":[{"href":"https:\/\/www.anovapeneira.gal\/index.php\/wp-json\/wp\/v2\/posts\/4848","targetHints":{"allow":["GET"]}}],"collection":[{"href":"https:\/\/www.anovapeneira.gal\/index.php\/wp-json\/wp\/v2\/posts"}],"about":[{"href":"https:\/\/www.anovapeneira.gal\/index.php\/wp-json\/wp\/v2\/types\/post"}],"author":[{"embeddable":true,"href":"https:\/\/www.anovapeneira.gal\/index.php\/wp-json\/wp\/v2\/users\/15"}],"replies":[{"embeddable":true,"href":"https:\/\/www.anovapeneira.gal\/index.php\/wp-json\/wp\/v2\/comments?post=4848"}],"version-history":[{"count":1,"href":"https:\/\/www.anovapeneira.gal\/index.php\/wp-json\/wp\/v2\/posts\/4848\/revisions"}],"predecessor-version":[{"id":4849,"href":"https:\/\/www.anovapeneira.gal\/index.php\/wp-json\/wp\/v2\/posts\/4848\/revisions\/4849"}],"wp:featuredmedia":[{"embeddable":true,"href":"https:\/\/www.anovapeneira.gal\/index.php\/wp-json\/wp\/v2\/media\/584"}],"wp:attachment":[{"href":"https:\/\/www.anovapeneira.gal\/index.php\/wp-json\/wp\/v2\/media?parent=4848"}],"wp:term":[{"taxonomy":"category","embeddable":true,"href":"https:\/\/www.anovapeneira.gal\/index.php\/wp-json\/wp\/v2\/categories?post=4848"},{"taxonomy":"post_tag","embeddable":true,"href":"https:\/\/www.anovapeneira.gal\/index.php\/wp-json\/wp\/v2\/tags?post=4848"}],"curies":[{"name":"wp","href":"https:\/\/api.w.org\/{rel}","templated":true}]}}