{"id":4850,"date":"2021-02-15T12:00:01","date_gmt":"2021-02-15T11:00:01","guid":{"rendered":"http:\/\/www.anovapeneira.gal\/?p=4850"},"modified":"2021-02-14T08:26:21","modified_gmt":"2021-02-14T07:26:21","slug":"existe-un-nacionalismo-madrileno","status":"publish","type":"post","link":"https:\/\/www.anovapeneira.gal\/index.php\/2021\/02\/15\/existe-un-nacionalismo-madrileno\/","title":{"rendered":"Existe un nacionalismo madrile\u00f1o?"},"content":{"rendered":"\n<figure class=\"wp-block-image size-large is-resized\"><img loading=\"lazy\" decoding=\"async\" src=\"http:\/\/www.anovapeneira.gal\/wp-content\/uploads\/2019\/07\/moncho_lareu_a_nova_peneira_bn.jpg\" alt=\"\" class=\"wp-image-751\" width=\"95\" height=\"111\"\/><figcaption>Moncho Lareu. Membro de Anova e do CC da FPG<\/figcaption><\/figure>\n\n\n\n<p>Esta tempada o Celta de Vigo xogou tres veces contra esquipos madrile\u00f1os na Liga espa\u00f1ola de f\u00fatbol: cos dous grandes da capital espa\u00f1ola, Real Madrid e Club Atl\u00e9tico, e contra unha especie de &#8220;filial madridista en primeira&#8221; chamado Getafe CF, equipo dunha cidade-dormitorio da grande metr\u00f3pole castel\u00e1. Se algu\u00e9n tivo a desgraza de sintonizar unha cadea ou emisora estatal para seguir este xogos, dificilmente escoitar\u00eda citar ao equipo de f\u00fatbol vigu\u00e9s durante o transcurso do mesmo. Nestes medios, se os esquipos madrile\u00f1os xogan contra outros equipos do resto do Estado, parece que estes est\u00e1n a xogar contra escadras de Letonia, Eslovenia ou Chipre. Practicamente, sen esaxerar.<\/p>\n\n\n\n<p>Pero isto s\u00f3 \u00e9 unha anecd\u00f3tica punta do iceberg, xa que despois chegaron as nevadas devastadoras da man de Filomena, farrapadas estas que afectaron a toda a Meseta e a moitas zonas m\u00e1is do resto da pen\u00ednsula. E \u00e9 as\u00ed que puidemos observar nos mesmos medios estatais como as consecuencias da nevada (as r\u00faas ateigadas de neve, os servizos paralizados, o colapso das infraestruturas, as dificultades para traballar ou acudir ao centro de estudo&#8230;) eran \u00fanica e exclusivamente &#8220;un problema de Madrid&#8221;.<\/p>\n\n\n\n<p>Xa durante toda a pandemia, (confinamento, desconfinamento, desescalada, segunda e terceira vagas&#8230;) puidemos observar o manifesto &#8220;madrile\u00f1ocentrismo&#8221; dos medios de \u00e1mbito estatal incluso para lanzar unha falsa idea de &#8220;madrile\u00f1ofobia&#8221; no intre mesmo no que as elites e clases medias-altas madrile\u00f1as se pasaron polo arco do triunfo as medidas sanitarias de emerxencia para se trasladaren \u00e1s s\u00faas segundas residencias de Galiza, Andaluc\u00eda, Pa\u00efsos Catal\u00e1ns&#8230; centrifugando as\u00ed o virus por toda a periferia peninsular. Resultou traxic\u00f3mico, ali\u00e1s, escoitar falar dunha presunta &#8220;madrile\u00f1ofobia&#8221; \u2013por motivos sanitarios\u2013 aos mesmos que durante anos promoveron o boicot \u2013por motivos pol\u00edticos\u2013 aos produtos comerciais doutras zonas do Estado, nomeadamente de Catalunya.<\/p>\n\n\n\n<p>Polo tama\u00f1o e motivaci\u00f3n do artigo non me vou alongar con m\u00e1is exemplos, pero parece evidente que detr\u00e1s de todo isto subxace o centralismo habitual do nacional-imperialismo espa\u00f1ol. Por\u00e9n, nunca antes escoit\u00e1ramos a estes mesmos centralistas &#8220;reivindicar Madrid&#8221; con conciencia diferencialista, con vitimismo rexionalista e con orgullo fiscalista. Ou tal vez si, pero non nos decat\u00e1ramos. Ent\u00f3n, podemos falar dun rexionalismo ou dun &#8220;nacionalismo&#8221; madrile\u00f1o? P\u00f3dese falar dun centralismo espa\u00f1ol derivado en &#8220;madrile\u00f1ismo&#8221;? Imos ver.&nbsp;<\/p>\n\n\n\n<p>a) A creaci\u00f3n do estado das autonom\u00edas trouxo consigo a imposici\u00f3n dunha f\u00f3rmula do &#8220;caf\u00e9 para todos&#8221; que dilu\u00edse as\u00ed a idea dunhas Galiza, Canarias, Euskadi, Andaluc\u00eda e Catalunya diferenciadas. Nesa nova formulaci\u00f3n, Madrid poder\u00eda ter sido o que foi sempre: a capital de Castela, ou alomenos dunha das &#8220;d\u00faas Castelas&#8221;, Castela A Vella. Pero a oligarqu\u00eda espa\u00f1ola preferiu inventar a artificiosa Comunidad de Madrid para poder as\u00ed competir con maior efectividade e sen o lastre &#8220;das provincias&#8221;. Como resultado disto, a creaci\u00f3n desta autonom\u00eda de artificio comeza a sementar nas novas xeraci\u00f3ns da provincia un &#8220;sentimento madrile\u00f1o&#8221; do que carec\u00edan as xeraci\u00f3ns anteriores, unicamente espa\u00f1olistas.&nbsp;<\/p>\n\n\n\n<p>b) Madrid \u00e9 Espa\u00f1a e Espa\u00f1a \u00e9 Madrid. Eis a doutrina que subxace neste sempre suposto &#8220;nacionalismo madrile\u00f1o&#8221; que, sempre subxacente dende hai d\u00e9cadas, colleu forza e execuci\u00f3n pr\u00e1ctica co t\u00e1ndem formado dende 2019 pola presidenta auton\u00f3mica e o alcalde capitalino: Isabel D\u00edaz Ayuso e J.L. Mart\u00ednez-Almeida. Grupos medi\u00e1ticos ultradereitistas e neoliberais como Libertad Digital, sobre todo na s\u00faa emisora Es Radio, ou OK Diario fan ostentaci\u00f3n sen escr\u00fapulos desta idea de madrile\u00f1ocentrismo que roza o nacionalismo, por non falar da prensa deportiva capitalina e o seu eterno &#8220;nacional-madrismo&#8221;.<\/p>\n\n\n\n<p>c) O nacionalismo madrile\u00f1o non \u00e9 (e nunca poder\u00eda ser) secesionista ou separatista ao estilo de certo arredismo b\u00e1varo ou da Liga Norte dos anos 1996 a 1999 por moito que algunhas elites madrile\u00f1as puidesen hiperventilar coa idea de se converter nun para\u00edso fiscal ou nalgo similar \u00e1 City londinense. O nacionalismo madrile\u00f1o necesita dun &#8220;Lebensraum&#8221; que alimente ao monstro ultraliberal de materias primas, de produtos semielaborados e de man de obra &#8220;nacional&#8221;: as provincias.<\/p>\n\n\n\n<p>d) A idea de &#8220;nacionalismo madrile\u00f1o&#8221; alim\u00e9ntase tam\u00e9n, indirectamente, por parte dos nacionalismos (ou rexionalismos) perif\u00e9ricos non-independentistas que habitualmente falan de &#8220;Madrid&#8221; coma orixe e pedra angular de todos os seus problemas para non se referir a &#8220;Espa\u00f1a&#8221;. Xa se sabe, o can non morde da man que lle d\u00e1 de comer e estes espazos pol\u00edticos non aspiran m\u00e1is que a coller forza para negociar vantaxes e competancias co Estado e reforzar as\u00ed o seu r\u00e9xime auton\u00f3mico para vivir del. Caso paradigm\u00e1tico e ben co\u00f1ecido por n\u00f3s \u00e9 o do BNG, que nunca fala de Espa\u00f1a como &#8220;inimigo&#8221; de Galiza, sen\u00f3n de Madrid. Sempre Madrid.<\/p>\n\n\n\n<p>e) Este madrile\u00f1ismo tam\u00e9n atinxe a certa esquerda pol\u00edtica. Por exemplo, o espazo errejonista M\u00e1s Pa\u00eds non \u00e9 m\u00e1is ca unha extensi\u00f3n de M\u00e1s Madrid a &#8220;provincias&#8221;, unha extensi\u00f3n que non \u00e9 quen de callar f\u00f3ra da CAM precisamente polo seu exceso de rexionalismo (case nacionalismo) madrile\u00f1o. Tam\u00e9n en amplos sectores da coalici\u00f3n Unidas Podemos xurde habitualmente un subconsciente &#8220;madrile\u00f1oc\u00e9ntrico&#8221; que algunhas non se esforzan en disimular. Por\u00e9n, existen uns sectores conscientes da clase traballadora dese territorio que fuxen de todo isto, que son castelanistas e internacionalistas, que apoian fraternalmente as loitas de liberaci\u00f3n nacional do resto do estado e que son solidarios ante a represi\u00f3n que estas sofren. Eses son os nosos aliados.<\/p>\n\n\n\n<p>Ben. Estas son s\u00f3 algunhas notas. Do meu punto de vista te\u00f1o d\u00fabidas de se podemos falar de xeito conclu\u00ednte dun &#8220;nacionalismo&#8221; madrile\u00f1o, sempre ente aspas. Alg\u00fans rasgos hai, algunhas caracter\u00edsticas ten, alg\u00fans requisitos cumpre. Por\u00e9n, non deixa de se tratar do mesmo nacionalismo imperialista espa\u00f1ol de sempre, aderezado con certas \u00ednfulas rexionalistas e vaidades centralistas que rozan un protonacionalismo cuns intereses m\u00e1is pol\u00edtico-econ\u00f3micos ca socio-culturais, a\u00ednda que estes tam\u00e9n se manifesten como verniz. En definitiva, podemos colixir que, se existe un nacionalismo madrile\u00f1o, este non \u00e9 m\u00e1is que unha adaptaci\u00f3n do espa\u00f1olismo \u00e1s actuais circunstancias hist\u00f3ricas, pol\u00edticas, socio-econ\u00f3micas e culturais. O debate est\u00e1 aberto.<\/p>\n","protected":false},"excerpt":{"rendered":"<div class=\"mh-excerpt\"><p>Esta tempada o Celta de Vigo xogou tres veces contra esquipos madrile\u00f1os na Liga espa\u00f1ola de f\u00fatbol: cos dous grandes da capital espa\u00f1ola, Real Madrid e Club Atl\u00e9tico, e contra unha especie de &#8220;filial madridista en primeira&#8221; chamado Getafe CF, equipo dunha cidade-dormitorio da grande metr\u00f3pole castel\u00e1 <a class=\"mh-excerpt-more\" href=\"https:\/\/www.anovapeneira.gal\/index.php\/2021\/02\/15\/existe-un-nacionalismo-madrileno\/\" title=\"Existe un nacionalismo madrile\u00f1o?\">[&#8230;]<\/a><\/p>\n<\/div>","protected":false},"author":20,"featured_media":584,"comment_status":"open","ping_status":"open","sticky":false,"template":"","format":"standard","meta":{"_exactmetrics_skip_tracking":false,"_exactmetrics_sitenote_active":false,"_exactmetrics_sitenote_note":"","_exactmetrics_sitenote_category":0,"footnotes":""},"categories":[7],"tags":[328,58],"class_list":{"0":"post-4850","1":"post","2":"type-post","3":"status-publish","4":"format-standard","5":"has-post-thumbnail","7":"category-artigos-de-opinion","8":"tag-moncho-lareu","9":"tag-opinion"},"yoast_head":"<!-- This site is optimized with the Yoast SEO plugin v27.4 - https:\/\/yoast.com\/product\/yoast-seo-wordpress\/ -->\n<title>Existe un nacionalismo madrile\u00f1o? -<\/title>\n<meta name=\"description\" content=\"Esta tempada o Celta de Vigo xogou tres veces contra esquipos madrile\u00f1os na Liga espa\u00f1ola de f\u00fatbol: cos dous grandes da capital espa\u00f1ola, Real Madrid e Club Atl\u00e9tico, e contra unha especie de &quot;filial madridista en primeira&quot; chamado Getafe CF, equipo dunha cidade-dormitorio da grande metr\u00f3pole castel\u00e1\" \/>\n<meta name=\"robots\" content=\"index, follow, max-snippet:-1, max-image-preview:large, max-video-preview:-1\" \/>\n<link rel=\"canonical\" href=\"https:\/\/www.anovapeneira.gal\/index.php\/2021\/02\/15\/existe-un-nacionalismo-madrileno\/\" \/>\n<meta property=\"og:locale\" content=\"gl_ES\" \/>\n<meta property=\"og:type\" content=\"article\" \/>\n<meta property=\"og:title\" content=\"Existe un nacionalismo madrile\u00f1o? -\" \/>\n<meta property=\"og:description\" content=\"Esta tempada o Celta de Vigo xogou tres veces contra esquipos madrile\u00f1os na Liga espa\u00f1ola de f\u00fatbol: cos dous grandes da capital espa\u00f1ola, Real Madrid e Club Atl\u00e9tico, e contra unha especie de &quot;filial madridista en primeira&quot; chamado Getafe CF, equipo dunha cidade-dormitorio da grande metr\u00f3pole castel\u00e1\" \/>\n<meta property=\"og:url\" content=\"https:\/\/www.anovapeneira.gal\/index.php\/2021\/02\/15\/existe-un-nacionalismo-madrileno\/\" \/>\n<meta property=\"article:publisher\" content=\"https:\/\/www.facebook.com\/anovapeneira\" \/>\n<meta property=\"article:published_time\" content=\"2021-02-15T11:00:01+00:00\" \/>\n<meta property=\"og:image\" content=\"https:\/\/www.anovapeneira.gal\/wp-content\/uploads\/2019\/07\/ARTIGO_DE_OPINION_A_NOVA_PENEIRA.jpg\" \/>\n\t<meta property=\"og:image:width\" content=\"720\" \/>\n\t<meta property=\"og:image:height\" content=\"473\" \/>\n\t<meta property=\"og:image:type\" content=\"image\/jpeg\" \/>\n<meta name=\"author\" content=\"Moncho Lareu\" \/>\n<meta name=\"twitter:card\" content=\"summary_large_image\" \/>\n<meta name=\"twitter:creator\" content=\"@APeneira\" \/>\n<meta name=\"twitter:site\" content=\"@APeneira\" \/>\n<meta name=\"twitter:label1\" content=\"Escrito por\" \/>\n\t<meta name=\"twitter:data1\" content=\"Moncho Lareu\" \/>\n\t<meta name=\"twitter:label2\" content=\"Tempo de lectura\" \/>\n\t<meta name=\"twitter:data2\" content=\"5 minutos\" \/>\n<script type=\"application\/ld+json\" class=\"yoast-schema-graph\">{\"@context\":\"https:\\\/\\\/schema.org\",\"@graph\":[{\"@type\":\"Article\",\"@id\":\"https:\\\/\\\/www.anovapeneira.gal\\\/index.php\\\/2021\\\/02\\\/15\\\/existe-un-nacionalismo-madrileno\\\/#article\",\"isPartOf\":{\"@id\":\"https:\\\/\\\/www.anovapeneira.gal\\\/index.php\\\/2021\\\/02\\\/15\\\/existe-un-nacionalismo-madrileno\\\/\"},\"author\":{\"name\":\"Moncho Lareu\",\"@id\":\"https:\\\/\\\/www.anovapeneira.gal\\\/#\\\/schema\\\/person\\\/3df7d3e1f38ddcee2ddb9d0bee1a0628\"},\"headline\":\"Existe un nacionalismo madrile\u00f1o?\",\"datePublished\":\"2021-02-15T11:00:01+00:00\",\"mainEntityOfPage\":{\"@id\":\"https:\\\/\\\/www.anovapeneira.gal\\\/index.php\\\/2021\\\/02\\\/15\\\/existe-un-nacionalismo-madrileno\\\/\"},\"wordCount\":1089,\"commentCount\":0,\"publisher\":{\"@id\":\"https:\\\/\\\/www.anovapeneira.gal\\\/#organization\"},\"image\":{\"@id\":\"https:\\\/\\\/www.anovapeneira.gal\\\/index.php\\\/2021\\\/02\\\/15\\\/existe-un-nacionalismo-madrileno\\\/#primaryimage\"},\"thumbnailUrl\":\"https:\\\/\\\/www.anovapeneira.gal\\\/wp-content\\\/uploads\\\/2019\\\/07\\\/ARTIGO_DE_OPINION_A_NOVA_PENEIRA.jpg\",\"keywords\":[\"Moncho Lareu\",\"Opini\u00f3n\"],\"articleSection\":[\"Artigos de opini\u00f3n\"],\"inLanguage\":\"gl-ES\",\"potentialAction\":[{\"@type\":\"CommentAction\",\"name\":\"Comment\",\"target\":[\"https:\\\/\\\/www.anovapeneira.gal\\\/index.php\\\/2021\\\/02\\\/15\\\/existe-un-nacionalismo-madrileno\\\/#respond\"]}]},{\"@type\":\"WebPage\",\"@id\":\"https:\\\/\\\/www.anovapeneira.gal\\\/index.php\\\/2021\\\/02\\\/15\\\/existe-un-nacionalismo-madrileno\\\/\",\"url\":\"https:\\\/\\\/www.anovapeneira.gal\\\/index.php\\\/2021\\\/02\\\/15\\\/existe-un-nacionalismo-madrileno\\\/\",\"name\":\"Existe un nacionalismo madrile\u00f1o? -\",\"isPartOf\":{\"@id\":\"https:\\\/\\\/www.anovapeneira.gal\\\/#website\"},\"primaryImageOfPage\":{\"@id\":\"https:\\\/\\\/www.anovapeneira.gal\\\/index.php\\\/2021\\\/02\\\/15\\\/existe-un-nacionalismo-madrileno\\\/#primaryimage\"},\"image\":{\"@id\":\"https:\\\/\\\/www.anovapeneira.gal\\\/index.php\\\/2021\\\/02\\\/15\\\/existe-un-nacionalismo-madrileno\\\/#primaryimage\"},\"thumbnailUrl\":\"https:\\\/\\\/www.anovapeneira.gal\\\/wp-content\\\/uploads\\\/2019\\\/07\\\/ARTIGO_DE_OPINION_A_NOVA_PENEIRA.jpg\",\"datePublished\":\"2021-02-15T11:00:01+00:00\",\"description\":\"Esta tempada o Celta de Vigo xogou tres veces contra esquipos madrile\u00f1os na Liga espa\u00f1ola de f\u00fatbol: cos dous grandes da capital espa\u00f1ola, Real Madrid e Club Atl\u00e9tico, e contra unha especie de \\\"filial madridista en primeira\\\" chamado Getafe CF, equipo dunha cidade-dormitorio da grande metr\u00f3pole castel\u00e1\",\"breadcrumb\":{\"@id\":\"https:\\\/\\\/www.anovapeneira.gal\\\/index.php\\\/2021\\\/02\\\/15\\\/existe-un-nacionalismo-madrileno\\\/#breadcrumb\"},\"inLanguage\":\"gl-ES\",\"potentialAction\":[{\"@type\":\"ReadAction\",\"target\":[\"https:\\\/\\\/www.anovapeneira.gal\\\/index.php\\\/2021\\\/02\\\/15\\\/existe-un-nacionalismo-madrileno\\\/\"]}]},{\"@type\":\"ImageObject\",\"inLanguage\":\"gl-ES\",\"@id\":\"https:\\\/\\\/www.anovapeneira.gal\\\/index.php\\\/2021\\\/02\\\/15\\\/existe-un-nacionalismo-madrileno\\\/#primaryimage\",\"url\":\"https:\\\/\\\/www.anovapeneira.gal\\\/wp-content\\\/uploads\\\/2019\\\/07\\\/ARTIGO_DE_OPINION_A_NOVA_PENEIRA.jpg\",\"contentUrl\":\"https:\\\/\\\/www.anovapeneira.gal\\\/wp-content\\\/uploads\\\/2019\\\/07\\\/ARTIGO_DE_OPINION_A_NOVA_PENEIRA.jpg\",\"width\":720,\"height\":473,\"caption\":\"Artigo de opini\u00f3n A Nova Peneira\"},{\"@type\":\"BreadcrumbList\",\"@id\":\"https:\\\/\\\/www.anovapeneira.gal\\\/index.php\\\/2021\\\/02\\\/15\\\/existe-un-nacionalismo-madrileno\\\/#breadcrumb\",\"itemListElement\":[{\"@type\":\"ListItem\",\"position\":1,\"name\":\"Portada\",\"item\":\"https:\\\/\\\/www.anovapeneira.gal\\\/\"},{\"@type\":\"ListItem\",\"position\":2,\"name\":\"Existe un nacionalismo madrile\u00f1o?\"}]},{\"@type\":\"WebSite\",\"@id\":\"https:\\\/\\\/www.anovapeneira.gal\\\/#website\",\"url\":\"https:\\\/\\\/www.anovapeneira.gal\\\/\",\"name\":\"\",\"description\":\"Xornal galego de informaci\u00f3n xeral Publicaci\u00f3n mensual de novas de Galicia e en especial dos Concellos da sur da provincia de Pontevedra.\",\"publisher\":{\"@id\":\"https:\\\/\\\/www.anovapeneira.gal\\\/#organization\"},\"potentialAction\":[{\"@type\":\"SearchAction\",\"target\":{\"@type\":\"EntryPoint\",\"urlTemplate\":\"https:\\\/\\\/www.anovapeneira.gal\\\/?s={search_term_string}\"},\"query-input\":{\"@type\":\"PropertyValueSpecification\",\"valueRequired\":true,\"valueName\":\"search_term_string\"}}],\"inLanguage\":\"gl-ES\"},{\"@type\":\"Organization\",\"@id\":\"https:\\\/\\\/www.anovapeneira.gal\\\/#organization\",\"name\":\"A Nova Peneira\",\"url\":\"https:\\\/\\\/www.anovapeneira.gal\\\/\",\"logo\":{\"@type\":\"ImageObject\",\"inLanguage\":\"gl-ES\",\"@id\":\"https:\\\/\\\/www.anovapeneira.gal\\\/#\\\/schema\\\/logo\\\/image\\\/\",\"url\":\"http:\\\/\\\/www.anovapeneira.gal\\\/wp-content\\\/uploads\\\/2019\\\/06\\\/logo_a_nova_peneira_portal_web.png\",\"contentUrl\":\"http:\\\/\\\/www.anovapeneira.gal\\\/wp-content\\\/uploads\\\/2019\\\/06\\\/logo_a_nova_peneira_portal_web.png\",\"width\":300,\"height\":100,\"caption\":\"A Nova Peneira\"},\"image\":{\"@id\":\"https:\\\/\\\/www.anovapeneira.gal\\\/#\\\/schema\\\/logo\\\/image\\\/\"},\"sameAs\":[\"https:\\\/\\\/www.facebook.com\\\/anovapeneira\",\"https:\\\/\\\/x.com\\\/APeneira\"]},{\"@type\":\"Person\",\"@id\":\"https:\\\/\\\/www.anovapeneira.gal\\\/#\\\/schema\\\/person\\\/3df7d3e1f38ddcee2ddb9d0bee1a0628\",\"name\":\"Moncho Lareu\",\"image\":{\"@type\":\"ImageObject\",\"inLanguage\":\"gl-ES\",\"@id\":\"https:\\\/\\\/secure.gravatar.com\\\/avatar\\\/47b1711433a3b83d9747992d63c05708f734f76ad2d588ae93638a06737a5471?s=96&d=mm&r=g\",\"url\":\"https:\\\/\\\/secure.gravatar.com\\\/avatar\\\/47b1711433a3b83d9747992d63c05708f734f76ad2d588ae93638a06737a5471?s=96&d=mm&r=g\",\"contentUrl\":\"https:\\\/\\\/secure.gravatar.com\\\/avatar\\\/47b1711433a3b83d9747992d63c05708f734f76ad2d588ae93638a06737a5471?s=96&d=mm&r=g\",\"caption\":\"Moncho Lareu\"},\"sameAs\":[\"http:\\\/\\\/www.anovapeneira.gal\\\/\"],\"url\":\"https:\\\/\\\/www.anovapeneira.gal\\\/index.php\\\/author\\\/moncho-lareu\\\/\"}]}<\/script>\n<!-- \/ Yoast SEO plugin. -->","yoast_head_json":{"title":"Existe un nacionalismo madrile\u00f1o? -","description":"Esta tempada o Celta de Vigo xogou tres veces contra esquipos madrile\u00f1os na Liga espa\u00f1ola de f\u00fatbol: cos dous grandes da capital espa\u00f1ola, Real Madrid e Club Atl\u00e9tico, e contra unha especie de \"filial madridista en primeira\" chamado Getafe CF, equipo dunha cidade-dormitorio da grande metr\u00f3pole castel\u00e1","robots":{"index":"index","follow":"follow","max-snippet":"max-snippet:-1","max-image-preview":"max-image-preview:large","max-video-preview":"max-video-preview:-1"},"canonical":"https:\/\/www.anovapeneira.gal\/index.php\/2021\/02\/15\/existe-un-nacionalismo-madrileno\/","og_locale":"gl_ES","og_type":"article","og_title":"Existe un nacionalismo madrile\u00f1o? -","og_description":"Esta tempada o Celta de Vigo xogou tres veces contra esquipos madrile\u00f1os na Liga espa\u00f1ola de f\u00fatbol: cos dous grandes da capital espa\u00f1ola, Real Madrid e Club Atl\u00e9tico, e contra unha especie de \"filial madridista en primeira\" chamado Getafe CF, equipo dunha cidade-dormitorio da grande metr\u00f3pole castel\u00e1","og_url":"https:\/\/www.anovapeneira.gal\/index.php\/2021\/02\/15\/existe-un-nacionalismo-madrileno\/","article_publisher":"https:\/\/www.facebook.com\/anovapeneira","article_published_time":"2021-02-15T11:00:01+00:00","og_image":[{"width":720,"height":473,"url":"https:\/\/www.anovapeneira.gal\/wp-content\/uploads\/2019\/07\/ARTIGO_DE_OPINION_A_NOVA_PENEIRA.jpg","type":"image\/jpeg"}],"author":"Moncho Lareu","twitter_card":"summary_large_image","twitter_creator":"@APeneira","twitter_site":"@APeneira","twitter_misc":{"Escrito por":"Moncho Lareu","Tempo de lectura":"5 minutos"},"schema":{"@context":"https:\/\/schema.org","@graph":[{"@type":"Article","@id":"https:\/\/www.anovapeneira.gal\/index.php\/2021\/02\/15\/existe-un-nacionalismo-madrileno\/#article","isPartOf":{"@id":"https:\/\/www.anovapeneira.gal\/index.php\/2021\/02\/15\/existe-un-nacionalismo-madrileno\/"},"author":{"name":"Moncho Lareu","@id":"https:\/\/www.anovapeneira.gal\/#\/schema\/person\/3df7d3e1f38ddcee2ddb9d0bee1a0628"},"headline":"Existe un nacionalismo madrile\u00f1o?","datePublished":"2021-02-15T11:00:01+00:00","mainEntityOfPage":{"@id":"https:\/\/www.anovapeneira.gal\/index.php\/2021\/02\/15\/existe-un-nacionalismo-madrileno\/"},"wordCount":1089,"commentCount":0,"publisher":{"@id":"https:\/\/www.anovapeneira.gal\/#organization"},"image":{"@id":"https:\/\/www.anovapeneira.gal\/index.php\/2021\/02\/15\/existe-un-nacionalismo-madrileno\/#primaryimage"},"thumbnailUrl":"https:\/\/www.anovapeneira.gal\/wp-content\/uploads\/2019\/07\/ARTIGO_DE_OPINION_A_NOVA_PENEIRA.jpg","keywords":["Moncho Lareu","Opini\u00f3n"],"articleSection":["Artigos de opini\u00f3n"],"inLanguage":"gl-ES","potentialAction":[{"@type":"CommentAction","name":"Comment","target":["https:\/\/www.anovapeneira.gal\/index.php\/2021\/02\/15\/existe-un-nacionalismo-madrileno\/#respond"]}]},{"@type":"WebPage","@id":"https:\/\/www.anovapeneira.gal\/index.php\/2021\/02\/15\/existe-un-nacionalismo-madrileno\/","url":"https:\/\/www.anovapeneira.gal\/index.php\/2021\/02\/15\/existe-un-nacionalismo-madrileno\/","name":"Existe un nacionalismo madrile\u00f1o? -","isPartOf":{"@id":"https:\/\/www.anovapeneira.gal\/#website"},"primaryImageOfPage":{"@id":"https:\/\/www.anovapeneira.gal\/index.php\/2021\/02\/15\/existe-un-nacionalismo-madrileno\/#primaryimage"},"image":{"@id":"https:\/\/www.anovapeneira.gal\/index.php\/2021\/02\/15\/existe-un-nacionalismo-madrileno\/#primaryimage"},"thumbnailUrl":"https:\/\/www.anovapeneira.gal\/wp-content\/uploads\/2019\/07\/ARTIGO_DE_OPINION_A_NOVA_PENEIRA.jpg","datePublished":"2021-02-15T11:00:01+00:00","description":"Esta tempada o Celta de Vigo xogou tres veces contra esquipos madrile\u00f1os na Liga espa\u00f1ola de f\u00fatbol: cos dous grandes da capital espa\u00f1ola, Real Madrid e Club Atl\u00e9tico, e contra unha especie de \"filial madridista en primeira\" chamado Getafe CF, equipo dunha cidade-dormitorio da grande metr\u00f3pole castel\u00e1","breadcrumb":{"@id":"https:\/\/www.anovapeneira.gal\/index.php\/2021\/02\/15\/existe-un-nacionalismo-madrileno\/#breadcrumb"},"inLanguage":"gl-ES","potentialAction":[{"@type":"ReadAction","target":["https:\/\/www.anovapeneira.gal\/index.php\/2021\/02\/15\/existe-un-nacionalismo-madrileno\/"]}]},{"@type":"ImageObject","inLanguage":"gl-ES","@id":"https:\/\/www.anovapeneira.gal\/index.php\/2021\/02\/15\/existe-un-nacionalismo-madrileno\/#primaryimage","url":"https:\/\/www.anovapeneira.gal\/wp-content\/uploads\/2019\/07\/ARTIGO_DE_OPINION_A_NOVA_PENEIRA.jpg","contentUrl":"https:\/\/www.anovapeneira.gal\/wp-content\/uploads\/2019\/07\/ARTIGO_DE_OPINION_A_NOVA_PENEIRA.jpg","width":720,"height":473,"caption":"Artigo de opini\u00f3n A Nova Peneira"},{"@type":"BreadcrumbList","@id":"https:\/\/www.anovapeneira.gal\/index.php\/2021\/02\/15\/existe-un-nacionalismo-madrileno\/#breadcrumb","itemListElement":[{"@type":"ListItem","position":1,"name":"Portada","item":"https:\/\/www.anovapeneira.gal\/"},{"@type":"ListItem","position":2,"name":"Existe un nacionalismo madrile\u00f1o?"}]},{"@type":"WebSite","@id":"https:\/\/www.anovapeneira.gal\/#website","url":"https:\/\/www.anovapeneira.gal\/","name":"","description":"Xornal galego de informaci\u00f3n xeral Publicaci\u00f3n mensual de novas de Galicia e en especial dos Concellos da sur da provincia de Pontevedra.","publisher":{"@id":"https:\/\/www.anovapeneira.gal\/#organization"},"potentialAction":[{"@type":"SearchAction","target":{"@type":"EntryPoint","urlTemplate":"https:\/\/www.anovapeneira.gal\/?s={search_term_string}"},"query-input":{"@type":"PropertyValueSpecification","valueRequired":true,"valueName":"search_term_string"}}],"inLanguage":"gl-ES"},{"@type":"Organization","@id":"https:\/\/www.anovapeneira.gal\/#organization","name":"A Nova Peneira","url":"https:\/\/www.anovapeneira.gal\/","logo":{"@type":"ImageObject","inLanguage":"gl-ES","@id":"https:\/\/www.anovapeneira.gal\/#\/schema\/logo\/image\/","url":"http:\/\/www.anovapeneira.gal\/wp-content\/uploads\/2019\/06\/logo_a_nova_peneira_portal_web.png","contentUrl":"http:\/\/www.anovapeneira.gal\/wp-content\/uploads\/2019\/06\/logo_a_nova_peneira_portal_web.png","width":300,"height":100,"caption":"A Nova Peneira"},"image":{"@id":"https:\/\/www.anovapeneira.gal\/#\/schema\/logo\/image\/"},"sameAs":["https:\/\/www.facebook.com\/anovapeneira","https:\/\/x.com\/APeneira"]},{"@type":"Person","@id":"https:\/\/www.anovapeneira.gal\/#\/schema\/person\/3df7d3e1f38ddcee2ddb9d0bee1a0628","name":"Moncho Lareu","image":{"@type":"ImageObject","inLanguage":"gl-ES","@id":"https:\/\/secure.gravatar.com\/avatar\/47b1711433a3b83d9747992d63c05708f734f76ad2d588ae93638a06737a5471?s=96&d=mm&r=g","url":"https:\/\/secure.gravatar.com\/avatar\/47b1711433a3b83d9747992d63c05708f734f76ad2d588ae93638a06737a5471?s=96&d=mm&r=g","contentUrl":"https:\/\/secure.gravatar.com\/avatar\/47b1711433a3b83d9747992d63c05708f734f76ad2d588ae93638a06737a5471?s=96&d=mm&r=g","caption":"Moncho Lareu"},"sameAs":["http:\/\/www.anovapeneira.gal\/"],"url":"https:\/\/www.anovapeneira.gal\/index.php\/author\/moncho-lareu\/"}]}},"jetpack_featured_media_url":"https:\/\/www.anovapeneira.gal\/wp-content\/uploads\/2019\/07\/ARTIGO_DE_OPINION_A_NOVA_PENEIRA.jpg","_links":{"self":[{"href":"https:\/\/www.anovapeneira.gal\/index.php\/wp-json\/wp\/v2\/posts\/4850","targetHints":{"allow":["GET"]}}],"collection":[{"href":"https:\/\/www.anovapeneira.gal\/index.php\/wp-json\/wp\/v2\/posts"}],"about":[{"href":"https:\/\/www.anovapeneira.gal\/index.php\/wp-json\/wp\/v2\/types\/post"}],"author":[{"embeddable":true,"href":"https:\/\/www.anovapeneira.gal\/index.php\/wp-json\/wp\/v2\/users\/20"}],"replies":[{"embeddable":true,"href":"https:\/\/www.anovapeneira.gal\/index.php\/wp-json\/wp\/v2\/comments?post=4850"}],"version-history":[{"count":2,"href":"https:\/\/www.anovapeneira.gal\/index.php\/wp-json\/wp\/v2\/posts\/4850\/revisions"}],"predecessor-version":[{"id":4854,"href":"https:\/\/www.anovapeneira.gal\/index.php\/wp-json\/wp\/v2\/posts\/4850\/revisions\/4854"}],"wp:featuredmedia":[{"embeddable":true,"href":"https:\/\/www.anovapeneira.gal\/index.php\/wp-json\/wp\/v2\/media\/584"}],"wp:attachment":[{"href":"https:\/\/www.anovapeneira.gal\/index.php\/wp-json\/wp\/v2\/media?parent=4850"}],"wp:term":[{"taxonomy":"category","embeddable":true,"href":"https:\/\/www.anovapeneira.gal\/index.php\/wp-json\/wp\/v2\/categories?post=4850"},{"taxonomy":"post_tag","embeddable":true,"href":"https:\/\/www.anovapeneira.gal\/index.php\/wp-json\/wp\/v2\/tags?post=4850"}],"curies":[{"name":"wp","href":"https:\/\/api.w.org\/{rel}","templated":true}]}}