{"id":4861,"date":"2021-02-17T10:00:38","date_gmt":"2021-02-17T09:00:38","guid":{"rendered":"http:\/\/www.anovapeneira.gal\/?p=4861"},"modified":"2021-02-14T08:45:11","modified_gmt":"2021-02-14T07:45:11","slug":"marin-10-anos-perdendo-poboacion","status":"publish","type":"post","link":"https:\/\/www.anovapeneira.gal\/index.php\/2021\/02\/17\/marin-10-anos-perdendo-poboacion\/","title":{"rendered":"Mar\u00edn: 10 anos perdendo poboaci\u00f3n"},"content":{"rendered":"\n<figure class=\"wp-block-image size-large is-resized\"><img loading=\"lazy\" decoding=\"async\" src=\"http:\/\/www.anovapeneira.gal\/wp-content\/uploads\/2021\/02\/lucia_santos_omil.jpg\" alt=\"\" class=\"wp-image-4862\" width=\"95\" height=\"115\"\/><figcaption>Luc\u00eda Santos Omil &#8211; Voceira do BNG de Mar\u00edn<\/figcaption><\/figure>\n\n\n\n<p>O pasado mes de xaneiro o INE publicou os datos do padr\u00f3n de habitantes, nos que se recolle que o concello de Mar\u00edn volta perder poboaci\u00f3n por d\u00e9cimo ano consecutivo. Concretamente, o censo descendeu en 77 persoas no 2020, polo que o n\u00famero de habitantes en Mar\u00edn a data 1 de xaneiro \u00e9 de 24.242 habitantes.<\/p>\n\n\n\n<p>Mar\u00edn \u00e9 un concello que vi\u00f1a medrando ininterrompidamente, acadando no ano 2010 o maior rexistro con 25.997 habitantes. \u00c9 a partir do 2011, coincidindo coa chegada ao Goberno Municipal do Partido Popular, cando Mar\u00edn comeza a perder poboaci\u00f3n, ano tras ano e nunhas proporci\u00f3ns realmente dram\u00e1ticas. Nestes \u00faltimos dez anos, o censo do noso concello descendeu en 1.755 persoas, unha perda nada m\u00e1is e nada menos que do 6\u00b475%.<\/p>\n\n\n\n<p>Mais a esta nefasta tendencia temos que engadirlle que mentres Mar\u00edn perde poboaci\u00f3n a pasos axigantados, os concellos da nosa contorna como Cangas, Moa\u00f1a, Poio, Pontevedra ou Soutomaior aumentan poboaci\u00f3n no mesmo per\u00edodo de tempo, e os concellos que perden poboaci\u00f3n, como Vilaboa, Bueu ou Sanxenxo, fanno moi lixeiramente e nunhas proporci\u00f3ns infinitamente menores que as que presenta o noso concello.<\/p>\n\n\n\n<p>En 2010 Mar\u00edn ti\u00f1a 84 habitantes m\u00e1is que Cangas, sendo a primeira vila en poboaci\u00f3n da comarca do Morrazo. Hoxe Cangas ten 2.340 habitantes m\u00e1is que Mar\u00edn.<\/p>\n\n\n\n<p>Mais se a dram\u00e1tica perda de poboaci\u00f3n e a comparaci\u00f3n cos concellos da nosa contorna fora pouco, a isto hai que engadir outro dato que fala \u00e1s claras de que en Mar\u00edn algo se est\u00e1 a facer moi mal nestes \u00faltimos 10 anos. Mar\u00edn presenta os peores datos demogr\u00e1ficos dos concellos galegos de entre 20.000 e 50.000 habitantes.<\/p>\n\n\n\n<p>Os datos demogr\u00e1ficos reflicten a preocupante situaci\u00f3n na que se atopa o noso \u201cMar\u00edn da alma\u201d. O noso concello at\u00f3pase ubicado nun lugar estrat\u00e9xico, no coraz\u00f3n das R\u00edas Baixas, porta de entrada ao Morrazo, con boas conexi\u00f3ns \u00e1s grandes cidades e ao car\u00f3n da capital da provincia, e cun porto de Interese Xeral do Estado.<\/p>\n\n\n\n<p>Durante os \u00faltimos 10 anos, o goberno de Mar\u00eda Ramallo limitouse a xestionar, con maior ou menor acerto, asuntos menores do concello, mais resultou evidente a absoluta falta de proxecto e de soluci\u00f3ns aos problemas importantes de Mar\u00edn. No BNG temos moi claro que a decadencia do noso concello d\u00e9bese \u00e1 funesta xesti\u00f3n do PP, que ven destacando por gobernar o noso concello a base de ocurrencias e improvisaci\u00f3ns.<\/p>\n\n\n\n<p>Haber\u00e1 quen poida pensar que esta situaci\u00f3n non \u00e9 responsabilidade directa do PP ou que \u00e9 consecuencia dunhas hipot\u00e9ticas circunstancias adversas, mais en calquera caso o que \u00e9 indiscut\u00edbel e evidente, \u00e1 luz dos datos demogr\u00e1ficos, \u00e9 a total incapacidade do goberno de Mar\u00eda Ramallo para frear a sangr\u00eda demogr\u00e1fica do noso concello.<\/p>\n\n\n\n<p>Se unha empresa privada presentara datos negativos en varios exercicios ser\u00eda impens\u00e1bel imaxinar que as persoas respons\u00e1beis continuasen no cargo durante 10 anos, dirixindo a empresa \u00e1 quiebra. A veci\u00f1anza de Mar\u00edn debe reflexionar sobre os datos que nos amosa o actual goberno municipal e cara a onde nos est\u00e1 levando. O noso concello non s\u00f3 non atrae veci\u00f1anza, sen\u00f3n que a expulsa aos concellos da nosa contorna.<\/p>\n\n\n\n<p>O goberno liderado pola Sra. Mar\u00eda Ramallo non deber\u00eda seguir un minuto m\u00e1is xestionando o noso concello. Mar\u00edn non se goberna con sorrisos, e neste tempo quedou m\u00e1is que clara a incapacidade do goberno do PP para levar as rendas do noso Concello, e c\u00f3mpre lembrar, contando con gobernos da mesma cor pol\u00edtica na Xunta durante os 10 anos e no Estado durante 7 anos.<\/p>\n\n\n\n<p>Para que Mar\u00edn avance \u00e9 preciso rachar coa pol\u00edtica de deixadez e a lei do m\u00ednimo esforzo e po\u00f1er en marcha un proxecto transformador que revirta a tendencia na que se atopa o noso concello. E no BNG t\u00e9molo. No BNG temos exemplos dabondo de boas xesti\u00f3ns que propiciaron transformaci\u00f3ns que melloraron a calidade de vida da veci\u00f1anza e son reco\u00f1ecidas en todo o mundo, como Pontevedra, Allariz, Bueu, Moa\u00f1a, Barro, Tomi\u00f1o, Rianxo, Carballo, Ribadeo\u2026<\/p>\n\n\n\n<p>No BNG cremos en Mar\u00edn e no seu potencial e aspiramos a facer que Mar\u00edn retome a senda da prosperidade e recupere o pulso, perdidos en 2011 da man do PP, apostando por un proxecto ambicioso de cidade viva, din\u00e1mica, consciente do seu potencial e orgullosa da s\u00faa identidade.<\/p>\n","protected":false},"excerpt":{"rendered":"<div class=\"mh-excerpt\"><p>O pasado mes de xaneiro o INE publicou os datos do padr\u00f3n de habitantes, nos que se recolle que o concello de Mar\u00edn volta perder poboaci\u00f3n por d\u00e9cimo ano consecutivo. Concretamente, o censo descendeu en 77 persoas no 2020, polo que o n\u00famero de habitantes en Mar\u00edn a data 1 de xaneiro \u00e9 de 24.242 habitantes <a class=\"mh-excerpt-more\" href=\"https:\/\/www.anovapeneira.gal\/index.php\/2021\/02\/17\/marin-10-anos-perdendo-poboacion\/\" title=\"Mar\u00edn: 10 anos perdendo poboaci\u00f3n\">[&#8230;]<\/a><\/p>\n<\/div>","protected":false},"author":12,"featured_media":584,"comment_status":"open","ping_status":"open","sticky":false,"template":"","format":"standard","meta":{"_exactmetrics_skip_tracking":false,"_exactmetrics_sitenote_active":false,"_exactmetrics_sitenote_note":"","_exactmetrics_sitenote_category":0,"footnotes":""},"categories":[7],"tags":[144],"class_list":{"0":"post-4861","1":"post","2":"type-post","3":"status-publish","4":"format-standard","5":"has-post-thumbnail","7":"category-artigos-de-opinion","8":"tag-concello-de-marin"},"yoast_head":"<!-- This site is optimized with the Yoast SEO plugin v27.4 - https:\/\/yoast.com\/product\/yoast-seo-wordpress\/ -->\n<title>Mar\u00edn: 10 anos perdendo poboaci\u00f3n -<\/title>\n<meta name=\"description\" content=\"O pasado mes de xaneiro o INE publicou os datos do padr\u00f3n de habitantes, nos que se recolle que o concello de Mar\u00edn volta perder poboaci\u00f3n por d\u00e9cimo ano consecutivo. Concretamente, o censo descendeu en 77 persoas no 2020, polo que o n\u00famero de habitantes en Mar\u00edn a data 1 de xaneiro \u00e9 de 24.242 habitantes\" \/>\n<meta name=\"robots\" content=\"index, follow, max-snippet:-1, max-image-preview:large, max-video-preview:-1\" \/>\n<link rel=\"canonical\" href=\"https:\/\/www.anovapeneira.gal\/index.php\/2021\/02\/17\/marin-10-anos-perdendo-poboacion\/\" \/>\n<meta property=\"og:locale\" content=\"gl_ES\" \/>\n<meta property=\"og:type\" content=\"article\" \/>\n<meta property=\"og:title\" content=\"Mar\u00edn: 10 anos perdendo poboaci\u00f3n -\" \/>\n<meta property=\"og:description\" content=\"O pasado mes de xaneiro o INE publicou os datos do padr\u00f3n de habitantes, nos que se recolle que o concello de Mar\u00edn volta perder poboaci\u00f3n por d\u00e9cimo ano consecutivo. Concretamente, o censo descendeu en 77 persoas no 2020, polo que o n\u00famero de habitantes en Mar\u00edn a data 1 de xaneiro \u00e9 de 24.242 habitantes\" \/>\n<meta property=\"og:url\" content=\"https:\/\/www.anovapeneira.gal\/index.php\/2021\/02\/17\/marin-10-anos-perdendo-poboacion\/\" \/>\n<meta property=\"article:publisher\" content=\"https:\/\/www.facebook.com\/anovapeneira\" \/>\n<meta property=\"article:published_time\" content=\"2021-02-17T09:00:38+00:00\" \/>\n<meta property=\"og:image\" content=\"https:\/\/www.anovapeneira.gal\/wp-content\/uploads\/2019\/07\/ARTIGO_DE_OPINION_A_NOVA_PENEIRA.jpg\" \/>\n\t<meta property=\"og:image:width\" content=\"720\" \/>\n\t<meta property=\"og:image:height\" content=\"473\" \/>\n\t<meta property=\"og:image:type\" content=\"image\/jpeg\" \/>\n<meta name=\"author\" content=\"Artigos Opini\u00f3n\" \/>\n<meta name=\"twitter:card\" content=\"summary_large_image\" \/>\n<meta name=\"twitter:creator\" content=\"@APeneira\" \/>\n<meta name=\"twitter:site\" content=\"@APeneira\" \/>\n<meta name=\"twitter:label1\" content=\"Escrito por\" \/>\n\t<meta name=\"twitter:data1\" content=\"Artigos Opini\u00f3n\" \/>\n\t<meta name=\"twitter:label2\" content=\"Tempo de lectura\" \/>\n\t<meta name=\"twitter:data2\" content=\"4 minutos\" \/>\n<script type=\"application\/ld+json\" class=\"yoast-schema-graph\">{\"@context\":\"https:\\\/\\\/schema.org\",\"@graph\":[{\"@type\":\"Article\",\"@id\":\"https:\\\/\\\/www.anovapeneira.gal\\\/index.php\\\/2021\\\/02\\\/17\\\/marin-10-anos-perdendo-poboacion\\\/#article\",\"isPartOf\":{\"@id\":\"https:\\\/\\\/www.anovapeneira.gal\\\/index.php\\\/2021\\\/02\\\/17\\\/marin-10-anos-perdendo-poboacion\\\/\"},\"author\":{\"name\":\"Artigos Opini\u00f3n\",\"@id\":\"https:\\\/\\\/www.anovapeneira.gal\\\/#\\\/schema\\\/person\\\/f18a4feb302e8f20bcef4490b5b60bb3\"},\"headline\":\"Mar\u00edn: 10 anos perdendo poboaci\u00f3n\",\"datePublished\":\"2021-02-17T09:00:38+00:00\",\"mainEntityOfPage\":{\"@id\":\"https:\\\/\\\/www.anovapeneira.gal\\\/index.php\\\/2021\\\/02\\\/17\\\/marin-10-anos-perdendo-poboacion\\\/\"},\"wordCount\":774,\"commentCount\":0,\"publisher\":{\"@id\":\"https:\\\/\\\/www.anovapeneira.gal\\\/#organization\"},\"image\":{\"@id\":\"https:\\\/\\\/www.anovapeneira.gal\\\/index.php\\\/2021\\\/02\\\/17\\\/marin-10-anos-perdendo-poboacion\\\/#primaryimage\"},\"thumbnailUrl\":\"https:\\\/\\\/www.anovapeneira.gal\\\/wp-content\\\/uploads\\\/2019\\\/07\\\/ARTIGO_DE_OPINION_A_NOVA_PENEIRA.jpg\",\"keywords\":[\"Concello de Mar\u00edn\"],\"articleSection\":[\"Artigos de opini\u00f3n\"],\"inLanguage\":\"gl-ES\",\"potentialAction\":[{\"@type\":\"CommentAction\",\"name\":\"Comment\",\"target\":[\"https:\\\/\\\/www.anovapeneira.gal\\\/index.php\\\/2021\\\/02\\\/17\\\/marin-10-anos-perdendo-poboacion\\\/#respond\"]}]},{\"@type\":\"WebPage\",\"@id\":\"https:\\\/\\\/www.anovapeneira.gal\\\/index.php\\\/2021\\\/02\\\/17\\\/marin-10-anos-perdendo-poboacion\\\/\",\"url\":\"https:\\\/\\\/www.anovapeneira.gal\\\/index.php\\\/2021\\\/02\\\/17\\\/marin-10-anos-perdendo-poboacion\\\/\",\"name\":\"Mar\u00edn: 10 anos perdendo poboaci\u00f3n -\",\"isPartOf\":{\"@id\":\"https:\\\/\\\/www.anovapeneira.gal\\\/#website\"},\"primaryImageOfPage\":{\"@id\":\"https:\\\/\\\/www.anovapeneira.gal\\\/index.php\\\/2021\\\/02\\\/17\\\/marin-10-anos-perdendo-poboacion\\\/#primaryimage\"},\"image\":{\"@id\":\"https:\\\/\\\/www.anovapeneira.gal\\\/index.php\\\/2021\\\/02\\\/17\\\/marin-10-anos-perdendo-poboacion\\\/#primaryimage\"},\"thumbnailUrl\":\"https:\\\/\\\/www.anovapeneira.gal\\\/wp-content\\\/uploads\\\/2019\\\/07\\\/ARTIGO_DE_OPINION_A_NOVA_PENEIRA.jpg\",\"datePublished\":\"2021-02-17T09:00:38+00:00\",\"description\":\"O pasado mes de xaneiro o INE publicou os datos do padr\u00f3n de habitantes, nos que se recolle que o concello de Mar\u00edn volta perder poboaci\u00f3n por d\u00e9cimo ano consecutivo. Concretamente, o censo descendeu en 77 persoas no 2020, polo que o n\u00famero de habitantes en Mar\u00edn a data 1 de xaneiro \u00e9 de 24.242 habitantes\",\"breadcrumb\":{\"@id\":\"https:\\\/\\\/www.anovapeneira.gal\\\/index.php\\\/2021\\\/02\\\/17\\\/marin-10-anos-perdendo-poboacion\\\/#breadcrumb\"},\"inLanguage\":\"gl-ES\",\"potentialAction\":[{\"@type\":\"ReadAction\",\"target\":[\"https:\\\/\\\/www.anovapeneira.gal\\\/index.php\\\/2021\\\/02\\\/17\\\/marin-10-anos-perdendo-poboacion\\\/\"]}]},{\"@type\":\"ImageObject\",\"inLanguage\":\"gl-ES\",\"@id\":\"https:\\\/\\\/www.anovapeneira.gal\\\/index.php\\\/2021\\\/02\\\/17\\\/marin-10-anos-perdendo-poboacion\\\/#primaryimage\",\"url\":\"https:\\\/\\\/www.anovapeneira.gal\\\/wp-content\\\/uploads\\\/2019\\\/07\\\/ARTIGO_DE_OPINION_A_NOVA_PENEIRA.jpg\",\"contentUrl\":\"https:\\\/\\\/www.anovapeneira.gal\\\/wp-content\\\/uploads\\\/2019\\\/07\\\/ARTIGO_DE_OPINION_A_NOVA_PENEIRA.jpg\",\"width\":720,\"height\":473,\"caption\":\"Artigo de opini\u00f3n A Nova Peneira\"},{\"@type\":\"BreadcrumbList\",\"@id\":\"https:\\\/\\\/www.anovapeneira.gal\\\/index.php\\\/2021\\\/02\\\/17\\\/marin-10-anos-perdendo-poboacion\\\/#breadcrumb\",\"itemListElement\":[{\"@type\":\"ListItem\",\"position\":1,\"name\":\"Portada\",\"item\":\"https:\\\/\\\/www.anovapeneira.gal\\\/\"},{\"@type\":\"ListItem\",\"position\":2,\"name\":\"Mar\u00edn: 10 anos perdendo poboaci\u00f3n\"}]},{\"@type\":\"WebSite\",\"@id\":\"https:\\\/\\\/www.anovapeneira.gal\\\/#website\",\"url\":\"https:\\\/\\\/www.anovapeneira.gal\\\/\",\"name\":\"\",\"description\":\"Xornal galego de informaci\u00f3n xeral Publicaci\u00f3n mensual de novas de Galicia e en especial dos Concellos da sur da provincia de Pontevedra.\",\"publisher\":{\"@id\":\"https:\\\/\\\/www.anovapeneira.gal\\\/#organization\"},\"potentialAction\":[{\"@type\":\"SearchAction\",\"target\":{\"@type\":\"EntryPoint\",\"urlTemplate\":\"https:\\\/\\\/www.anovapeneira.gal\\\/?s={search_term_string}\"},\"query-input\":{\"@type\":\"PropertyValueSpecification\",\"valueRequired\":true,\"valueName\":\"search_term_string\"}}],\"inLanguage\":\"gl-ES\"},{\"@type\":\"Organization\",\"@id\":\"https:\\\/\\\/www.anovapeneira.gal\\\/#organization\",\"name\":\"A Nova Peneira\",\"url\":\"https:\\\/\\\/www.anovapeneira.gal\\\/\",\"logo\":{\"@type\":\"ImageObject\",\"inLanguage\":\"gl-ES\",\"@id\":\"https:\\\/\\\/www.anovapeneira.gal\\\/#\\\/schema\\\/logo\\\/image\\\/\",\"url\":\"http:\\\/\\\/www.anovapeneira.gal\\\/wp-content\\\/uploads\\\/2019\\\/06\\\/logo_a_nova_peneira_portal_web.png\",\"contentUrl\":\"http:\\\/\\\/www.anovapeneira.gal\\\/wp-content\\\/uploads\\\/2019\\\/06\\\/logo_a_nova_peneira_portal_web.png\",\"width\":300,\"height\":100,\"caption\":\"A Nova Peneira\"},\"image\":{\"@id\":\"https:\\\/\\\/www.anovapeneira.gal\\\/#\\\/schema\\\/logo\\\/image\\\/\"},\"sameAs\":[\"https:\\\/\\\/www.facebook.com\\\/anovapeneira\",\"https:\\\/\\\/x.com\\\/APeneira\"]},{\"@type\":\"Person\",\"@id\":\"https:\\\/\\\/www.anovapeneira.gal\\\/#\\\/schema\\\/person\\\/f18a4feb302e8f20bcef4490b5b60bb3\",\"name\":\"Artigos Opini\u00f3n\",\"image\":{\"@type\":\"ImageObject\",\"inLanguage\":\"gl-ES\",\"@id\":\"https:\\\/\\\/secure.gravatar.com\\\/avatar\\\/072844300f4881150aee2da4278f7a65d16eefdf8262eb67085f1e702de2b959?s=96&d=mm&r=g\",\"url\":\"https:\\\/\\\/secure.gravatar.com\\\/avatar\\\/072844300f4881150aee2da4278f7a65d16eefdf8262eb67085f1e702de2b959?s=96&d=mm&r=g\",\"contentUrl\":\"https:\\\/\\\/secure.gravatar.com\\\/avatar\\\/072844300f4881150aee2da4278f7a65d16eefdf8262eb67085f1e702de2b959?s=96&d=mm&r=g\",\"caption\":\"Artigos Opini\u00f3n\"},\"sameAs\":[\"http:\\\/\\\/anovapeneira.gal\"],\"url\":\"https:\\\/\\\/www.anovapeneira.gal\\\/index.php\\\/author\\\/artigosopinion\\\/\"}]}<\/script>\n<!-- \/ Yoast SEO plugin. -->","yoast_head_json":{"title":"Mar\u00edn: 10 anos perdendo poboaci\u00f3n -","description":"O pasado mes de xaneiro o INE publicou os datos do padr\u00f3n de habitantes, nos que se recolle que o concello de Mar\u00edn volta perder poboaci\u00f3n por d\u00e9cimo ano consecutivo. Concretamente, o censo descendeu en 77 persoas no 2020, polo que o n\u00famero de habitantes en Mar\u00edn a data 1 de xaneiro \u00e9 de 24.242 habitantes","robots":{"index":"index","follow":"follow","max-snippet":"max-snippet:-1","max-image-preview":"max-image-preview:large","max-video-preview":"max-video-preview:-1"},"canonical":"https:\/\/www.anovapeneira.gal\/index.php\/2021\/02\/17\/marin-10-anos-perdendo-poboacion\/","og_locale":"gl_ES","og_type":"article","og_title":"Mar\u00edn: 10 anos perdendo poboaci\u00f3n -","og_description":"O pasado mes de xaneiro o INE publicou os datos do padr\u00f3n de habitantes, nos que se recolle que o concello de Mar\u00edn volta perder poboaci\u00f3n por d\u00e9cimo ano consecutivo. Concretamente, o censo descendeu en 77 persoas no 2020, polo que o n\u00famero de habitantes en Mar\u00edn a data 1 de xaneiro \u00e9 de 24.242 habitantes","og_url":"https:\/\/www.anovapeneira.gal\/index.php\/2021\/02\/17\/marin-10-anos-perdendo-poboacion\/","article_publisher":"https:\/\/www.facebook.com\/anovapeneira","article_published_time":"2021-02-17T09:00:38+00:00","og_image":[{"width":720,"height":473,"url":"https:\/\/www.anovapeneira.gal\/wp-content\/uploads\/2019\/07\/ARTIGO_DE_OPINION_A_NOVA_PENEIRA.jpg","type":"image\/jpeg"}],"author":"Artigos Opini\u00f3n","twitter_card":"summary_large_image","twitter_creator":"@APeneira","twitter_site":"@APeneira","twitter_misc":{"Escrito por":"Artigos Opini\u00f3n","Tempo de lectura":"4 minutos"},"schema":{"@context":"https:\/\/schema.org","@graph":[{"@type":"Article","@id":"https:\/\/www.anovapeneira.gal\/index.php\/2021\/02\/17\/marin-10-anos-perdendo-poboacion\/#article","isPartOf":{"@id":"https:\/\/www.anovapeneira.gal\/index.php\/2021\/02\/17\/marin-10-anos-perdendo-poboacion\/"},"author":{"name":"Artigos Opini\u00f3n","@id":"https:\/\/www.anovapeneira.gal\/#\/schema\/person\/f18a4feb302e8f20bcef4490b5b60bb3"},"headline":"Mar\u00edn: 10 anos perdendo poboaci\u00f3n","datePublished":"2021-02-17T09:00:38+00:00","mainEntityOfPage":{"@id":"https:\/\/www.anovapeneira.gal\/index.php\/2021\/02\/17\/marin-10-anos-perdendo-poboacion\/"},"wordCount":774,"commentCount":0,"publisher":{"@id":"https:\/\/www.anovapeneira.gal\/#organization"},"image":{"@id":"https:\/\/www.anovapeneira.gal\/index.php\/2021\/02\/17\/marin-10-anos-perdendo-poboacion\/#primaryimage"},"thumbnailUrl":"https:\/\/www.anovapeneira.gal\/wp-content\/uploads\/2019\/07\/ARTIGO_DE_OPINION_A_NOVA_PENEIRA.jpg","keywords":["Concello de Mar\u00edn"],"articleSection":["Artigos de opini\u00f3n"],"inLanguage":"gl-ES","potentialAction":[{"@type":"CommentAction","name":"Comment","target":["https:\/\/www.anovapeneira.gal\/index.php\/2021\/02\/17\/marin-10-anos-perdendo-poboacion\/#respond"]}]},{"@type":"WebPage","@id":"https:\/\/www.anovapeneira.gal\/index.php\/2021\/02\/17\/marin-10-anos-perdendo-poboacion\/","url":"https:\/\/www.anovapeneira.gal\/index.php\/2021\/02\/17\/marin-10-anos-perdendo-poboacion\/","name":"Mar\u00edn: 10 anos perdendo poboaci\u00f3n -","isPartOf":{"@id":"https:\/\/www.anovapeneira.gal\/#website"},"primaryImageOfPage":{"@id":"https:\/\/www.anovapeneira.gal\/index.php\/2021\/02\/17\/marin-10-anos-perdendo-poboacion\/#primaryimage"},"image":{"@id":"https:\/\/www.anovapeneira.gal\/index.php\/2021\/02\/17\/marin-10-anos-perdendo-poboacion\/#primaryimage"},"thumbnailUrl":"https:\/\/www.anovapeneira.gal\/wp-content\/uploads\/2019\/07\/ARTIGO_DE_OPINION_A_NOVA_PENEIRA.jpg","datePublished":"2021-02-17T09:00:38+00:00","description":"O pasado mes de xaneiro o INE publicou os datos do padr\u00f3n de habitantes, nos que se recolle que o concello de Mar\u00edn volta perder poboaci\u00f3n por d\u00e9cimo ano consecutivo. Concretamente, o censo descendeu en 77 persoas no 2020, polo que o n\u00famero de habitantes en Mar\u00edn a data 1 de xaneiro \u00e9 de 24.242 habitantes","breadcrumb":{"@id":"https:\/\/www.anovapeneira.gal\/index.php\/2021\/02\/17\/marin-10-anos-perdendo-poboacion\/#breadcrumb"},"inLanguage":"gl-ES","potentialAction":[{"@type":"ReadAction","target":["https:\/\/www.anovapeneira.gal\/index.php\/2021\/02\/17\/marin-10-anos-perdendo-poboacion\/"]}]},{"@type":"ImageObject","inLanguage":"gl-ES","@id":"https:\/\/www.anovapeneira.gal\/index.php\/2021\/02\/17\/marin-10-anos-perdendo-poboacion\/#primaryimage","url":"https:\/\/www.anovapeneira.gal\/wp-content\/uploads\/2019\/07\/ARTIGO_DE_OPINION_A_NOVA_PENEIRA.jpg","contentUrl":"https:\/\/www.anovapeneira.gal\/wp-content\/uploads\/2019\/07\/ARTIGO_DE_OPINION_A_NOVA_PENEIRA.jpg","width":720,"height":473,"caption":"Artigo de opini\u00f3n A Nova Peneira"},{"@type":"BreadcrumbList","@id":"https:\/\/www.anovapeneira.gal\/index.php\/2021\/02\/17\/marin-10-anos-perdendo-poboacion\/#breadcrumb","itemListElement":[{"@type":"ListItem","position":1,"name":"Portada","item":"https:\/\/www.anovapeneira.gal\/"},{"@type":"ListItem","position":2,"name":"Mar\u00edn: 10 anos perdendo poboaci\u00f3n"}]},{"@type":"WebSite","@id":"https:\/\/www.anovapeneira.gal\/#website","url":"https:\/\/www.anovapeneira.gal\/","name":"","description":"Xornal galego de informaci\u00f3n xeral Publicaci\u00f3n mensual de novas de Galicia e en especial dos Concellos da sur da provincia de Pontevedra.","publisher":{"@id":"https:\/\/www.anovapeneira.gal\/#organization"},"potentialAction":[{"@type":"SearchAction","target":{"@type":"EntryPoint","urlTemplate":"https:\/\/www.anovapeneira.gal\/?s={search_term_string}"},"query-input":{"@type":"PropertyValueSpecification","valueRequired":true,"valueName":"search_term_string"}}],"inLanguage":"gl-ES"},{"@type":"Organization","@id":"https:\/\/www.anovapeneira.gal\/#organization","name":"A Nova Peneira","url":"https:\/\/www.anovapeneira.gal\/","logo":{"@type":"ImageObject","inLanguage":"gl-ES","@id":"https:\/\/www.anovapeneira.gal\/#\/schema\/logo\/image\/","url":"http:\/\/www.anovapeneira.gal\/wp-content\/uploads\/2019\/06\/logo_a_nova_peneira_portal_web.png","contentUrl":"http:\/\/www.anovapeneira.gal\/wp-content\/uploads\/2019\/06\/logo_a_nova_peneira_portal_web.png","width":300,"height":100,"caption":"A Nova Peneira"},"image":{"@id":"https:\/\/www.anovapeneira.gal\/#\/schema\/logo\/image\/"},"sameAs":["https:\/\/www.facebook.com\/anovapeneira","https:\/\/x.com\/APeneira"]},{"@type":"Person","@id":"https:\/\/www.anovapeneira.gal\/#\/schema\/person\/f18a4feb302e8f20bcef4490b5b60bb3","name":"Artigos Opini\u00f3n","image":{"@type":"ImageObject","inLanguage":"gl-ES","@id":"https:\/\/secure.gravatar.com\/avatar\/072844300f4881150aee2da4278f7a65d16eefdf8262eb67085f1e702de2b959?s=96&d=mm&r=g","url":"https:\/\/secure.gravatar.com\/avatar\/072844300f4881150aee2da4278f7a65d16eefdf8262eb67085f1e702de2b959?s=96&d=mm&r=g","contentUrl":"https:\/\/secure.gravatar.com\/avatar\/072844300f4881150aee2da4278f7a65d16eefdf8262eb67085f1e702de2b959?s=96&d=mm&r=g","caption":"Artigos Opini\u00f3n"},"sameAs":["http:\/\/anovapeneira.gal"],"url":"https:\/\/www.anovapeneira.gal\/index.php\/author\/artigosopinion\/"}]}},"jetpack_featured_media_url":"https:\/\/www.anovapeneira.gal\/wp-content\/uploads\/2019\/07\/ARTIGO_DE_OPINION_A_NOVA_PENEIRA.jpg","_links":{"self":[{"href":"https:\/\/www.anovapeneira.gal\/index.php\/wp-json\/wp\/v2\/posts\/4861","targetHints":{"allow":["GET"]}}],"collection":[{"href":"https:\/\/www.anovapeneira.gal\/index.php\/wp-json\/wp\/v2\/posts"}],"about":[{"href":"https:\/\/www.anovapeneira.gal\/index.php\/wp-json\/wp\/v2\/types\/post"}],"author":[{"embeddable":true,"href":"https:\/\/www.anovapeneira.gal\/index.php\/wp-json\/wp\/v2\/users\/12"}],"replies":[{"embeddable":true,"href":"https:\/\/www.anovapeneira.gal\/index.php\/wp-json\/wp\/v2\/comments?post=4861"}],"version-history":[{"count":1,"href":"https:\/\/www.anovapeneira.gal\/index.php\/wp-json\/wp\/v2\/posts\/4861\/revisions"}],"predecessor-version":[{"id":4863,"href":"https:\/\/www.anovapeneira.gal\/index.php\/wp-json\/wp\/v2\/posts\/4861\/revisions\/4863"}],"wp:featuredmedia":[{"embeddable":true,"href":"https:\/\/www.anovapeneira.gal\/index.php\/wp-json\/wp\/v2\/media\/584"}],"wp:attachment":[{"href":"https:\/\/www.anovapeneira.gal\/index.php\/wp-json\/wp\/v2\/media?parent=4861"}],"wp:term":[{"taxonomy":"category","embeddable":true,"href":"https:\/\/www.anovapeneira.gal\/index.php\/wp-json\/wp\/v2\/categories?post=4861"},{"taxonomy":"post_tag","embeddable":true,"href":"https:\/\/www.anovapeneira.gal\/index.php\/wp-json\/wp\/v2\/tags?post=4861"}],"curies":[{"name":"wp","href":"https:\/\/api.w.org\/{rel}","templated":true}]}}