{"id":4870,"date":"2021-02-18T10:00:31","date_gmt":"2021-02-18T09:00:31","guid":{"rendered":"http:\/\/www.anovapeneira.gal\/?p=4870"},"modified":"2021-02-14T09:12:52","modified_gmt":"2021-02-14T08:12:52","slug":"david-cortegoso-porteiro-do-choco-e-da-seleccion-galega-amateur","status":"publish","type":"post","link":"https:\/\/www.anovapeneira.gal\/index.php\/2021\/02\/18\/david-cortegoso-porteiro-do-choco-e-da-seleccion-galega-amateur\/","title":{"rendered":"David Cortegoso porteiro do Choco e da Selecci\u00f3n Galega Amateur"},"content":{"rendered":"\n<p><strong>Cando o director de A Nova Peneira, me propuxo entrar na s\u00faa casa ocupand\u00f3me de peneirar cada curruncho da vila de Redondela, coido que sab\u00eda ben na porta que petaba, pois non creo que haxa nada que estea m\u00e1is profundamente inserido nas mi\u00f1as emoci\u00f3ns que o v\u00ednculo afectivo tan inmenso, inmenso como o m\u00e1is inmenso dos oc\u00e9anos, que eu te\u00f1o con Redondela. Lembro perfectamente aquela conversa, e recordo tam\u00e9n a mi\u00f1a intenci\u00f3n de peneirar toda a sociedade redondel\u00e1 ata o punto de que a identificaci\u00f3n do noso medio de comunicaci\u00f3n coa vila na que vivo, e viven as persoas que quero, sexa unha realidade perpetua. Hoxe, imos co\u00f1ecer un pouco mellor a David o porteiro do Choco, pois 12 anos defendendo a nosa porter\u00eda ven merecen un espazo en A Nova Peneira<\/strong><\/p>\n\n\n\n<p>\u201c<strong>ESTA \u00c9 UNHA TEMPORADA AT\u00cdPICA, PERO O CHOCO VAI DAR GUERRA ATA O FINAL COMO SEMPRE\u201d<\/strong><\/p>\n\n\n\n<p><strong>Ti xa non es ning\u00fan neno, David, p\u00f3dese dicir que es un futbolista veterano verdade?<\/strong><\/p>\n\n\n\n<blockquote class=\"wp-block-quote is-layout-flow wp-block-quote-is-layout-flow\"><p>Pois si, claro. Eu xa te\u00f1o 34 anos, pero enc\u00f3ntrome moi ben f\u00edsica e mentalmente e a mi\u00f1a intenci\u00f3n \u00e9 seguir dando guerra un bo rato<\/p><\/blockquote>\n\n\n\n<p><strong>Onde comezou a t\u00faa vida de cancerbeiro?<\/strong><\/p>\n\n\n\n<blockquote class=\"wp-block-quote is-layout-flow wp-block-quote-is-layout-flow\"><p>En Arcade. A verdade xa pasei por moitos equipos.Estiven no Pontevedra, no Celta B, en Gondomar, no Bouzas, no Coruxo e agora no Choco, desde hai xa 12 anos<\/p><\/blockquote>\n\n\n\n<p><strong>Chegaches a xogar en 2\u00ba B?<\/strong><\/p>\n\n\n\n<blockquote class=\"wp-block-quote is-layout-flow wp-block-quote-is-layout-flow\"><p>Cheguei a debutar si<\/p><\/blockquote>\n\n\n\n<p><strong>E hai moita diferencia entre 3\u00ba e 2\u00ba B?<\/strong><\/p>\n\n\n\n<blockquote class=\"wp-block-quote is-layout-flow wp-block-quote-is-layout-flow\"><p>Eu penso que non moita no que se refire \u00e1 calidade. Si a hai no que se refire aos medios cos que contas.<\/p><\/blockquote>\n\n\n\n<p><strong>Pensas retirarte no Choco?<\/strong><\/p>\n\n\n\n<blockquote class=\"wp-block-quote is-layout-flow wp-block-quote-is-layout-flow\"><p>Imaxino que si. Eu xa levo tempo aqu\u00ed, estoi moi c\u00f3modo e non te\u00f1o necesidade de cambiar.<\/p><\/blockquote>\n\n\n\n<p><strong>Como se compatibiliza a vida deportiva coa profesional e a persoal?<\/strong><\/p>\n\n\n\n<blockquote class=\"wp-block-quote is-layout-flow wp-block-quote-is-layout-flow\"><p>Non \u00e9 f\u00e1cil. Eu agora mesmo estou preparando unha oposici\u00f3n, pois pechou a empresa na que traballaba,e desfrutando do meu fillo.E o f\u00fatbol non deixa moito tempo.<\/p><\/blockquote>\n\n\n\n<p><strong>Creo que ao teu cativo xa se lle ven maneiras futboleiras?<\/strong><\/p>\n\n\n\n<blockquote class=\"wp-block-quote is-layout-flow wp-block-quote-is-layout-flow\"><p>Ha ha ha. Ben, \u00e9 moi peque\u00f1o a\u00ednda, pero con tres ani\u00f1os que ten si que lle gusta moito estar no campo e andar coa pelota<\/p><\/blockquote>\n\n\n\n<p><strong>Ti es natural de Redondela, non?<\/strong><\/p>\n\n\n\n<blockquote class=\"wp-block-quote is-layout-flow wp-block-quote-is-layout-flow\"><p>Si, eu nac\u00edn aqu\u00ed, pero crieime en Canarias.Cando volv\u00edn para a nosa terra, nun partido no recreo do colexio, un pouco de casualidade xoguei de porteiro, e as\u00ed comezou a mi\u00f1a historia parando bal\u00f3ns.<\/p><\/blockquote>\n\n\n\n<p><strong>Que significou a chamada da selecci\u00f3n galega amateur?<\/strong><\/p>\n\n\n\n<blockquote class=\"wp-block-quote is-layout-flow wp-block-quote-is-layout-flow\"><p>Pois te\u00f1o que reco\u00f1ecer, que acced\u00edn a ir pola insistencia do seleccionador, pois este tipo de torneos amateurs dificultan moito a conciliaci\u00f3n coa nosa vida profesional e persoal.Pero, unha vez vivida a experiencia te\u00f1o que reco\u00f1ecer que foi enormemente positiva, ata o punto de que ga\u00f1amos o campeonato de Espa\u00f1a.<\/p><\/blockquote>\n\n\n\n<p><strong>Ben, ti est\u00e1s afeito aos retos importantes, pois no Choco xa viviches uns cantos?<\/strong><\/p>\n\n\n\n<blockquote class=\"wp-block-quote is-layout-flow wp-block-quote-is-layout-flow\"><p>Si, xa viv\u00edn ascenso , promoci\u00f3ns e copa DEP.<\/p><\/blockquote>\n\n\n\n<p><strong>Supo\u00f1o que aquel ascenso a 3\u00ba debeu de ser moi emocionante?<\/strong><\/p>\n\n\n\n<blockquote class=\"wp-block-quote is-layout-flow wp-block-quote-is-layout-flow\"><p>E tanto que si, sobre todo polo que se fixo esperar, pois estivemos varios anos nos que por moi pouco non o acadamos.E curiosamente, o ano que o logramos foi no que m\u00e1is dif\u00edcil o ti\u00f1abamos , pois era preciso que se dera unha combinaci\u00f3n de resultados realmente complicada.<\/p><\/blockquote>\n\n\n\n<p><strong>Imaxino que a fortuna tam\u00e9n infl\u00fae en poder acadar, ou non, os obxectivos deportivos?<\/strong><\/p>\n\n\n\n<blockquote class=\"wp-block-quote is-layout-flow wp-block-quote-is-layout-flow\"><p>Vamos ver; eu creo que en li\u00f1as xerais os resultados chegan como consecuencia do traballo e da boa planificaci\u00f3n deportiva. Logo pode haber un componente de sorte claro, xa que \u00e1s veces a diferencia entre lograr un obxectivo, ou non, \u00e9 tan pequena como que un bal\u00f3n dea no poste ou entre.<\/p><\/blockquote>\n\n\n\n<p><strong>Non sei se sabes, que Casa Paco e A Nova Peneira, temos unha relaci\u00f3n de afecto mutuo moi especial, e seica ti xa fixeches algunha incursi\u00f3n no mundo dos adestradores colaborando con eles nalgunha sesi\u00f3n cos rapaces?<\/strong><\/p>\n\n\n\n<blockquote class=\"wp-block-quote is-layout-flow wp-block-quote-is-layout-flow\"><p>Pois si que estades ben informados, porque eso aconteceu hai moito tempo. Pero foi unha experiencia moi agradable si.Eu era o segundo adestrador<\/p><\/blockquote>\n\n\n\n<p><strong>E sendo nun torneo nunha cidade tan especial como Donosti, seguro que o pasastes xenial?<\/strong><\/p>\n\n\n\n<blockquote class=\"wp-block-quote is-layout-flow wp-block-quote-is-layout-flow\"><p>Pas\u00e1molo de luxo, abof\u00e9 que si.<\/p><\/blockquote>\n\n\n\n<p><strong>Como valoras a temporada do Choco ata o momento?<\/strong><\/p>\n\n\n\n<blockquote class=\"wp-block-quote is-layout-flow wp-block-quote-is-layout-flow\"><p>Esta \u00e9 unha temporada at\u00edpica, con moitos partidos que se adian polos positivos, cunha organizaci\u00f3n moi complexa das competici\u00f3ns. Non \u00e9 nada f\u00e1cil, pero n\u00f3s estamos dando guerra como sempre<\/p><\/blockquote>\n\n\n\n<p><strong>O Choco ten unha afecci\u00f3n moi importante.Se cadra nos \u00faltimos tempos, cando a vida era normal e pod\u00edase ir ver partidos, destaca pola s\u00faa intensidade a pe\u00f1a chamada \u201cos chocoslovacos\u201d.Creo que ti es un dos seus \u00eddolos, non?<\/strong><\/p>\n\n\n\n<blockquote class=\"wp-block-quote is-layout-flow wp-block-quote-is-layout-flow\"><p>Ha ha ha ha ha ha ha.Debe de ser porque xa son moi veter\u00e1n e t\u00e1\u00f1enme moi co\u00f1ecido. En realidade o cari\u00f1o do p\u00fablico \u00e9 moi agradable desde logo.<\/p><\/blockquote>\n\n\n\n<p><strong>Agora que non pode ir p\u00fabico aos partidos, notas moito a diferencia?<\/strong><\/p>\n\n\n\n<blockquote class=\"wp-block-quote is-layout-flow wp-block-quote-is-layout-flow\"><p>D\u00edgocho con toda a franqueza: xogar sen p\u00fablico \u00e9 unha merda.O f\u00fatbol sen publico perde boa parte da s\u00faa esencia.<\/p><\/blockquote>\n\n\n\n<p><strong>Que hai de certo no que se fala da \u201csoidade dos porteiros\u201d?<\/strong><\/p>\n\n\n\n<blockquote class=\"wp-block-quote is-layout-flow wp-block-quote-is-layout-flow\"><p>Depende do partido, hainos que son realmente intensos e a concentraci\u00f3n \u00e9 m\u00e1xima, e hainos nos que si se pode notar esa soidade.<\/p><\/blockquote>\n\n\n\n<p><\/p>\n","protected":false},"excerpt":{"rendered":"<div class=\"mh-excerpt\"><p>Hoxe, imos co\u00f1ecer un pouco mellor a David o porteiro do Choco, pois 12 anos defendendo a nosa porter\u00eda ven merecen un espazo en A Nova Peneira <a class=\"mh-excerpt-more\" href=\"https:\/\/www.anovapeneira.gal\/index.php\/2021\/02\/18\/david-cortegoso-porteiro-do-choco-e-da-seleccion-galega-amateur\/\" title=\"David Cortegoso porteiro do Choco e da Selecci\u00f3n Galega Amateur\">[&#8230;]<\/a><\/p>\n<\/div>","protected":false},"author":6,"featured_media":4871,"comment_status":"open","ping_status":"open","sticky":false,"template":"","format":"standard","meta":{"_exactmetrics_skip_tracking":false,"_exactmetrics_sitenote_active":false,"_exactmetrics_sitenote_note":"","_exactmetrics_sitenote_category":0,"footnotes":""},"categories":[270],"tags":[171],"class_list":{"0":"post-4870","1":"post","2":"type-post","3":"status-publish","4":"format-standard","5":"has-post-thumbnail","7":"category-redondela-entrevistas","8":"tag-concello-de-redondela"},"yoast_head":"<!-- This site is optimized with the Yoast SEO plugin v27.4 - https:\/\/yoast.com\/product\/yoast-seo-wordpress\/ -->\n<title>David Cortegoso porteiro do Choco e da Selecci\u00f3n Galega Amateur -<\/title>\n<meta name=\"description\" content=\"Hoxe, imos co\u00f1ecer un pouco mellor a David o porteiro do Choco, pois 12 anos defendendo a nosa porter\u00eda ven merecen un espazo en A Nova Peneira\" \/>\n<meta name=\"robots\" content=\"index, follow, max-snippet:-1, max-image-preview:large, max-video-preview:-1\" \/>\n<link rel=\"canonical\" href=\"https:\/\/www.anovapeneira.gal\/index.php\/2021\/02\/18\/david-cortegoso-porteiro-do-choco-e-da-seleccion-galega-amateur\/\" \/>\n<meta property=\"og:locale\" content=\"gl_ES\" \/>\n<meta property=\"og:type\" content=\"article\" \/>\n<meta property=\"og:title\" content=\"David Cortegoso porteiro do Choco e da Selecci\u00f3n Galega Amateur -\" \/>\n<meta property=\"og:description\" content=\"Hoxe, imos co\u00f1ecer un pouco mellor a David o porteiro do Choco, pois 12 anos defendendo a nosa porter\u00eda ven merecen un espazo en A Nova Peneira\" \/>\n<meta property=\"og:url\" content=\"https:\/\/www.anovapeneira.gal\/index.php\/2021\/02\/18\/david-cortegoso-porteiro-do-choco-e-da-seleccion-galega-amateur\/\" \/>\n<meta property=\"article:publisher\" content=\"https:\/\/www.facebook.com\/anovapeneira\" \/>\n<meta property=\"article:published_time\" content=\"2021-02-18T09:00:31+00:00\" \/>\n<meta property=\"og:image\" content=\"https:\/\/www.anovapeneira.gal\/wp-content\/uploads\/2021\/02\/david_cortegoso_choco_anovapeneira.jpg\" \/>\n\t<meta property=\"og:image:width\" content=\"720\" \/>\n\t<meta property=\"og:image:height\" content=\"432\" \/>\n\t<meta property=\"og:image:type\" content=\"image\/jpeg\" \/>\n<meta name=\"author\" content=\"Marcos Santos\" \/>\n<meta name=\"twitter:card\" content=\"summary_large_image\" \/>\n<meta name=\"twitter:creator\" content=\"@APeneira\" \/>\n<meta name=\"twitter:site\" content=\"@APeneira\" \/>\n<meta name=\"twitter:label1\" content=\"Escrito por\" \/>\n\t<meta name=\"twitter:data1\" content=\"Marcos Santos\" \/>\n\t<meta name=\"twitter:label2\" content=\"Tempo de lectura\" \/>\n\t<meta name=\"twitter:data2\" content=\"4 minutos\" \/>\n<script type=\"application\/ld+json\" class=\"yoast-schema-graph\">{\"@context\":\"https:\\\/\\\/schema.org\",\"@graph\":[{\"@type\":\"Article\",\"@id\":\"https:\\\/\\\/www.anovapeneira.gal\\\/index.php\\\/2021\\\/02\\\/18\\\/david-cortegoso-porteiro-do-choco-e-da-seleccion-galega-amateur\\\/#article\",\"isPartOf\":{\"@id\":\"https:\\\/\\\/www.anovapeneira.gal\\\/index.php\\\/2021\\\/02\\\/18\\\/david-cortegoso-porteiro-do-choco-e-da-seleccion-galega-amateur\\\/\"},\"author\":{\"name\":\"Marcos Santos\",\"@id\":\"https:\\\/\\\/www.anovapeneira.gal\\\/#\\\/schema\\\/person\\\/d9d84823564720e7593293bab054e52d\"},\"headline\":\"David Cortegoso porteiro do Choco e da Selecci\u00f3n Galega Amateur\",\"datePublished\":\"2021-02-18T09:00:31+00:00\",\"mainEntityOfPage\":{\"@id\":\"https:\\\/\\\/www.anovapeneira.gal\\\/index.php\\\/2021\\\/02\\\/18\\\/david-cortegoso-porteiro-do-choco-e-da-seleccion-galega-amateur\\\/\"},\"wordCount\":951,\"commentCount\":0,\"publisher\":{\"@id\":\"https:\\\/\\\/www.anovapeneira.gal\\\/#organization\"},\"image\":{\"@id\":\"https:\\\/\\\/www.anovapeneira.gal\\\/index.php\\\/2021\\\/02\\\/18\\\/david-cortegoso-porteiro-do-choco-e-da-seleccion-galega-amateur\\\/#primaryimage\"},\"thumbnailUrl\":\"https:\\\/\\\/www.anovapeneira.gal\\\/wp-content\\\/uploads\\\/2021\\\/02\\\/david_cortegoso_choco_anovapeneira.jpg\",\"keywords\":[\"Concello de Redondela\"],\"articleSection\":[\"Redondela\"],\"inLanguage\":\"gl-ES\",\"potentialAction\":[{\"@type\":\"CommentAction\",\"name\":\"Comment\",\"target\":[\"https:\\\/\\\/www.anovapeneira.gal\\\/index.php\\\/2021\\\/02\\\/18\\\/david-cortegoso-porteiro-do-choco-e-da-seleccion-galega-amateur\\\/#respond\"]}]},{\"@type\":\"WebPage\",\"@id\":\"https:\\\/\\\/www.anovapeneira.gal\\\/index.php\\\/2021\\\/02\\\/18\\\/david-cortegoso-porteiro-do-choco-e-da-seleccion-galega-amateur\\\/\",\"url\":\"https:\\\/\\\/www.anovapeneira.gal\\\/index.php\\\/2021\\\/02\\\/18\\\/david-cortegoso-porteiro-do-choco-e-da-seleccion-galega-amateur\\\/\",\"name\":\"David Cortegoso porteiro do Choco e da Selecci\u00f3n Galega Amateur -\",\"isPartOf\":{\"@id\":\"https:\\\/\\\/www.anovapeneira.gal\\\/#website\"},\"primaryImageOfPage\":{\"@id\":\"https:\\\/\\\/www.anovapeneira.gal\\\/index.php\\\/2021\\\/02\\\/18\\\/david-cortegoso-porteiro-do-choco-e-da-seleccion-galega-amateur\\\/#primaryimage\"},\"image\":{\"@id\":\"https:\\\/\\\/www.anovapeneira.gal\\\/index.php\\\/2021\\\/02\\\/18\\\/david-cortegoso-porteiro-do-choco-e-da-seleccion-galega-amateur\\\/#primaryimage\"},\"thumbnailUrl\":\"https:\\\/\\\/www.anovapeneira.gal\\\/wp-content\\\/uploads\\\/2021\\\/02\\\/david_cortegoso_choco_anovapeneira.jpg\",\"datePublished\":\"2021-02-18T09:00:31+00:00\",\"description\":\"Hoxe, imos co\u00f1ecer un pouco mellor a David o porteiro do Choco, pois 12 anos defendendo a nosa porter\u00eda ven merecen un espazo en A Nova Peneira\",\"breadcrumb\":{\"@id\":\"https:\\\/\\\/www.anovapeneira.gal\\\/index.php\\\/2021\\\/02\\\/18\\\/david-cortegoso-porteiro-do-choco-e-da-seleccion-galega-amateur\\\/#breadcrumb\"},\"inLanguage\":\"gl-ES\",\"potentialAction\":[{\"@type\":\"ReadAction\",\"target\":[\"https:\\\/\\\/www.anovapeneira.gal\\\/index.php\\\/2021\\\/02\\\/18\\\/david-cortegoso-porteiro-do-choco-e-da-seleccion-galega-amateur\\\/\"]}]},{\"@type\":\"ImageObject\",\"inLanguage\":\"gl-ES\",\"@id\":\"https:\\\/\\\/www.anovapeneira.gal\\\/index.php\\\/2021\\\/02\\\/18\\\/david-cortegoso-porteiro-do-choco-e-da-seleccion-galega-amateur\\\/#primaryimage\",\"url\":\"https:\\\/\\\/www.anovapeneira.gal\\\/wp-content\\\/uploads\\\/2021\\\/02\\\/david_cortegoso_choco_anovapeneira.jpg\",\"contentUrl\":\"https:\\\/\\\/www.anovapeneira.gal\\\/wp-content\\\/uploads\\\/2021\\\/02\\\/david_cortegoso_choco_anovapeneira.jpg\",\"width\":720,\"height\":432,\"caption\":\"David Cortegoso porteiro do Choco e da Selecci\u00f3n Galega Amateur\"},{\"@type\":\"BreadcrumbList\",\"@id\":\"https:\\\/\\\/www.anovapeneira.gal\\\/index.php\\\/2021\\\/02\\\/18\\\/david-cortegoso-porteiro-do-choco-e-da-seleccion-galega-amateur\\\/#breadcrumb\",\"itemListElement\":[{\"@type\":\"ListItem\",\"position\":1,\"name\":\"Portada\",\"item\":\"https:\\\/\\\/www.anovapeneira.gal\\\/\"},{\"@type\":\"ListItem\",\"position\":2,\"name\":\"David Cortegoso porteiro do Choco e da Selecci\u00f3n Galega Amateur\"}]},{\"@type\":\"WebSite\",\"@id\":\"https:\\\/\\\/www.anovapeneira.gal\\\/#website\",\"url\":\"https:\\\/\\\/www.anovapeneira.gal\\\/\",\"name\":\"\",\"description\":\"Xornal galego de informaci\u00f3n xeral Publicaci\u00f3n mensual de novas de Galicia e en especial dos Concellos da sur da provincia de Pontevedra.\",\"publisher\":{\"@id\":\"https:\\\/\\\/www.anovapeneira.gal\\\/#organization\"},\"potentialAction\":[{\"@type\":\"SearchAction\",\"target\":{\"@type\":\"EntryPoint\",\"urlTemplate\":\"https:\\\/\\\/www.anovapeneira.gal\\\/?s={search_term_string}\"},\"query-input\":{\"@type\":\"PropertyValueSpecification\",\"valueRequired\":true,\"valueName\":\"search_term_string\"}}],\"inLanguage\":\"gl-ES\"},{\"@type\":\"Organization\",\"@id\":\"https:\\\/\\\/www.anovapeneira.gal\\\/#organization\",\"name\":\"A Nova Peneira\",\"url\":\"https:\\\/\\\/www.anovapeneira.gal\\\/\",\"logo\":{\"@type\":\"ImageObject\",\"inLanguage\":\"gl-ES\",\"@id\":\"https:\\\/\\\/www.anovapeneira.gal\\\/#\\\/schema\\\/logo\\\/image\\\/\",\"url\":\"http:\\\/\\\/www.anovapeneira.gal\\\/wp-content\\\/uploads\\\/2019\\\/06\\\/logo_a_nova_peneira_portal_web.png\",\"contentUrl\":\"http:\\\/\\\/www.anovapeneira.gal\\\/wp-content\\\/uploads\\\/2019\\\/06\\\/logo_a_nova_peneira_portal_web.png\",\"width\":300,\"height\":100,\"caption\":\"A Nova Peneira\"},\"image\":{\"@id\":\"https:\\\/\\\/www.anovapeneira.gal\\\/#\\\/schema\\\/logo\\\/image\\\/\"},\"sameAs\":[\"https:\\\/\\\/www.facebook.com\\\/anovapeneira\",\"https:\\\/\\\/x.com\\\/APeneira\"]},{\"@type\":\"Person\",\"@id\":\"https:\\\/\\\/www.anovapeneira.gal\\\/#\\\/schema\\\/person\\\/d9d84823564720e7593293bab054e52d\",\"name\":\"Marcos Santos\",\"image\":{\"@type\":\"ImageObject\",\"inLanguage\":\"gl-ES\",\"@id\":\"https:\\\/\\\/secure.gravatar.com\\\/avatar\\\/0e8017099a7a47c0a9d2275e865fe326484561eb3d70649069e4b8e61a8d2e8c?s=96&d=mm&r=g\",\"url\":\"https:\\\/\\\/secure.gravatar.com\\\/avatar\\\/0e8017099a7a47c0a9d2275e865fe326484561eb3d70649069e4b8e61a8d2e8c?s=96&d=mm&r=g\",\"contentUrl\":\"https:\\\/\\\/secure.gravatar.com\\\/avatar\\\/0e8017099a7a47c0a9d2275e865fe326484561eb3d70649069e4b8e61a8d2e8c?s=96&d=mm&r=g\",\"caption\":\"Marcos Santos\"},\"sameAs\":[\"http:\\\/\\\/anovapeneira.gal\"],\"url\":\"https:\\\/\\\/www.anovapeneira.gal\\\/index.php\\\/author\\\/marcos-santos\\\/\"}]}<\/script>\n<!-- \/ Yoast SEO plugin. -->","yoast_head_json":{"title":"David Cortegoso porteiro do Choco e da Selecci\u00f3n Galega Amateur -","description":"Hoxe, imos co\u00f1ecer un pouco mellor a David o porteiro do Choco, pois 12 anos defendendo a nosa porter\u00eda ven merecen un espazo en A Nova Peneira","robots":{"index":"index","follow":"follow","max-snippet":"max-snippet:-1","max-image-preview":"max-image-preview:large","max-video-preview":"max-video-preview:-1"},"canonical":"https:\/\/www.anovapeneira.gal\/index.php\/2021\/02\/18\/david-cortegoso-porteiro-do-choco-e-da-seleccion-galega-amateur\/","og_locale":"gl_ES","og_type":"article","og_title":"David Cortegoso porteiro do Choco e da Selecci\u00f3n Galega Amateur -","og_description":"Hoxe, imos co\u00f1ecer un pouco mellor a David o porteiro do Choco, pois 12 anos defendendo a nosa porter\u00eda ven merecen un espazo en A Nova Peneira","og_url":"https:\/\/www.anovapeneira.gal\/index.php\/2021\/02\/18\/david-cortegoso-porteiro-do-choco-e-da-seleccion-galega-amateur\/","article_publisher":"https:\/\/www.facebook.com\/anovapeneira","article_published_time":"2021-02-18T09:00:31+00:00","og_image":[{"width":720,"height":432,"url":"https:\/\/www.anovapeneira.gal\/wp-content\/uploads\/2021\/02\/david_cortegoso_choco_anovapeneira.jpg","type":"image\/jpeg"}],"author":"Marcos Santos","twitter_card":"summary_large_image","twitter_creator":"@APeneira","twitter_site":"@APeneira","twitter_misc":{"Escrito por":"Marcos Santos","Tempo de lectura":"4 minutos"},"schema":{"@context":"https:\/\/schema.org","@graph":[{"@type":"Article","@id":"https:\/\/www.anovapeneira.gal\/index.php\/2021\/02\/18\/david-cortegoso-porteiro-do-choco-e-da-seleccion-galega-amateur\/#article","isPartOf":{"@id":"https:\/\/www.anovapeneira.gal\/index.php\/2021\/02\/18\/david-cortegoso-porteiro-do-choco-e-da-seleccion-galega-amateur\/"},"author":{"name":"Marcos Santos","@id":"https:\/\/www.anovapeneira.gal\/#\/schema\/person\/d9d84823564720e7593293bab054e52d"},"headline":"David Cortegoso porteiro do Choco e da Selecci\u00f3n Galega Amateur","datePublished":"2021-02-18T09:00:31+00:00","mainEntityOfPage":{"@id":"https:\/\/www.anovapeneira.gal\/index.php\/2021\/02\/18\/david-cortegoso-porteiro-do-choco-e-da-seleccion-galega-amateur\/"},"wordCount":951,"commentCount":0,"publisher":{"@id":"https:\/\/www.anovapeneira.gal\/#organization"},"image":{"@id":"https:\/\/www.anovapeneira.gal\/index.php\/2021\/02\/18\/david-cortegoso-porteiro-do-choco-e-da-seleccion-galega-amateur\/#primaryimage"},"thumbnailUrl":"https:\/\/www.anovapeneira.gal\/wp-content\/uploads\/2021\/02\/david_cortegoso_choco_anovapeneira.jpg","keywords":["Concello de Redondela"],"articleSection":["Redondela"],"inLanguage":"gl-ES","potentialAction":[{"@type":"CommentAction","name":"Comment","target":["https:\/\/www.anovapeneira.gal\/index.php\/2021\/02\/18\/david-cortegoso-porteiro-do-choco-e-da-seleccion-galega-amateur\/#respond"]}]},{"@type":"WebPage","@id":"https:\/\/www.anovapeneira.gal\/index.php\/2021\/02\/18\/david-cortegoso-porteiro-do-choco-e-da-seleccion-galega-amateur\/","url":"https:\/\/www.anovapeneira.gal\/index.php\/2021\/02\/18\/david-cortegoso-porteiro-do-choco-e-da-seleccion-galega-amateur\/","name":"David Cortegoso porteiro do Choco e da Selecci\u00f3n Galega Amateur -","isPartOf":{"@id":"https:\/\/www.anovapeneira.gal\/#website"},"primaryImageOfPage":{"@id":"https:\/\/www.anovapeneira.gal\/index.php\/2021\/02\/18\/david-cortegoso-porteiro-do-choco-e-da-seleccion-galega-amateur\/#primaryimage"},"image":{"@id":"https:\/\/www.anovapeneira.gal\/index.php\/2021\/02\/18\/david-cortegoso-porteiro-do-choco-e-da-seleccion-galega-amateur\/#primaryimage"},"thumbnailUrl":"https:\/\/www.anovapeneira.gal\/wp-content\/uploads\/2021\/02\/david_cortegoso_choco_anovapeneira.jpg","datePublished":"2021-02-18T09:00:31+00:00","description":"Hoxe, imos co\u00f1ecer un pouco mellor a David o porteiro do Choco, pois 12 anos defendendo a nosa porter\u00eda ven merecen un espazo en A Nova Peneira","breadcrumb":{"@id":"https:\/\/www.anovapeneira.gal\/index.php\/2021\/02\/18\/david-cortegoso-porteiro-do-choco-e-da-seleccion-galega-amateur\/#breadcrumb"},"inLanguage":"gl-ES","potentialAction":[{"@type":"ReadAction","target":["https:\/\/www.anovapeneira.gal\/index.php\/2021\/02\/18\/david-cortegoso-porteiro-do-choco-e-da-seleccion-galega-amateur\/"]}]},{"@type":"ImageObject","inLanguage":"gl-ES","@id":"https:\/\/www.anovapeneira.gal\/index.php\/2021\/02\/18\/david-cortegoso-porteiro-do-choco-e-da-seleccion-galega-amateur\/#primaryimage","url":"https:\/\/www.anovapeneira.gal\/wp-content\/uploads\/2021\/02\/david_cortegoso_choco_anovapeneira.jpg","contentUrl":"https:\/\/www.anovapeneira.gal\/wp-content\/uploads\/2021\/02\/david_cortegoso_choco_anovapeneira.jpg","width":720,"height":432,"caption":"David Cortegoso porteiro do Choco e da Selecci\u00f3n Galega Amateur"},{"@type":"BreadcrumbList","@id":"https:\/\/www.anovapeneira.gal\/index.php\/2021\/02\/18\/david-cortegoso-porteiro-do-choco-e-da-seleccion-galega-amateur\/#breadcrumb","itemListElement":[{"@type":"ListItem","position":1,"name":"Portada","item":"https:\/\/www.anovapeneira.gal\/"},{"@type":"ListItem","position":2,"name":"David Cortegoso porteiro do Choco e da Selecci\u00f3n Galega Amateur"}]},{"@type":"WebSite","@id":"https:\/\/www.anovapeneira.gal\/#website","url":"https:\/\/www.anovapeneira.gal\/","name":"","description":"Xornal galego de informaci\u00f3n xeral Publicaci\u00f3n mensual de novas de Galicia e en especial dos Concellos da sur da provincia de Pontevedra.","publisher":{"@id":"https:\/\/www.anovapeneira.gal\/#organization"},"potentialAction":[{"@type":"SearchAction","target":{"@type":"EntryPoint","urlTemplate":"https:\/\/www.anovapeneira.gal\/?s={search_term_string}"},"query-input":{"@type":"PropertyValueSpecification","valueRequired":true,"valueName":"search_term_string"}}],"inLanguage":"gl-ES"},{"@type":"Organization","@id":"https:\/\/www.anovapeneira.gal\/#organization","name":"A Nova Peneira","url":"https:\/\/www.anovapeneira.gal\/","logo":{"@type":"ImageObject","inLanguage":"gl-ES","@id":"https:\/\/www.anovapeneira.gal\/#\/schema\/logo\/image\/","url":"http:\/\/www.anovapeneira.gal\/wp-content\/uploads\/2019\/06\/logo_a_nova_peneira_portal_web.png","contentUrl":"http:\/\/www.anovapeneira.gal\/wp-content\/uploads\/2019\/06\/logo_a_nova_peneira_portal_web.png","width":300,"height":100,"caption":"A Nova Peneira"},"image":{"@id":"https:\/\/www.anovapeneira.gal\/#\/schema\/logo\/image\/"},"sameAs":["https:\/\/www.facebook.com\/anovapeneira","https:\/\/x.com\/APeneira"]},{"@type":"Person","@id":"https:\/\/www.anovapeneira.gal\/#\/schema\/person\/d9d84823564720e7593293bab054e52d","name":"Marcos Santos","image":{"@type":"ImageObject","inLanguage":"gl-ES","@id":"https:\/\/secure.gravatar.com\/avatar\/0e8017099a7a47c0a9d2275e865fe326484561eb3d70649069e4b8e61a8d2e8c?s=96&d=mm&r=g","url":"https:\/\/secure.gravatar.com\/avatar\/0e8017099a7a47c0a9d2275e865fe326484561eb3d70649069e4b8e61a8d2e8c?s=96&d=mm&r=g","contentUrl":"https:\/\/secure.gravatar.com\/avatar\/0e8017099a7a47c0a9d2275e865fe326484561eb3d70649069e4b8e61a8d2e8c?s=96&d=mm&r=g","caption":"Marcos Santos"},"sameAs":["http:\/\/anovapeneira.gal"],"url":"https:\/\/www.anovapeneira.gal\/index.php\/author\/marcos-santos\/"}]}},"jetpack_featured_media_url":"https:\/\/www.anovapeneira.gal\/wp-content\/uploads\/2021\/02\/david_cortegoso_choco_anovapeneira.jpg","_links":{"self":[{"href":"https:\/\/www.anovapeneira.gal\/index.php\/wp-json\/wp\/v2\/posts\/4870","targetHints":{"allow":["GET"]}}],"collection":[{"href":"https:\/\/www.anovapeneira.gal\/index.php\/wp-json\/wp\/v2\/posts"}],"about":[{"href":"https:\/\/www.anovapeneira.gal\/index.php\/wp-json\/wp\/v2\/types\/post"}],"author":[{"embeddable":true,"href":"https:\/\/www.anovapeneira.gal\/index.php\/wp-json\/wp\/v2\/users\/6"}],"replies":[{"embeddable":true,"href":"https:\/\/www.anovapeneira.gal\/index.php\/wp-json\/wp\/v2\/comments?post=4870"}],"version-history":[{"count":1,"href":"https:\/\/www.anovapeneira.gal\/index.php\/wp-json\/wp\/v2\/posts\/4870\/revisions"}],"predecessor-version":[{"id":4872,"href":"https:\/\/www.anovapeneira.gal\/index.php\/wp-json\/wp\/v2\/posts\/4870\/revisions\/4872"}],"wp:featuredmedia":[{"embeddable":true,"href":"https:\/\/www.anovapeneira.gal\/index.php\/wp-json\/wp\/v2\/media\/4871"}],"wp:attachment":[{"href":"https:\/\/www.anovapeneira.gal\/index.php\/wp-json\/wp\/v2\/media?parent=4870"}],"wp:term":[{"taxonomy":"category","embeddable":true,"href":"https:\/\/www.anovapeneira.gal\/index.php\/wp-json\/wp\/v2\/categories?post=4870"},{"taxonomy":"post_tag","embeddable":true,"href":"https:\/\/www.anovapeneira.gal\/index.php\/wp-json\/wp\/v2\/tags?post=4870"}],"curies":[{"name":"wp","href":"https:\/\/api.w.org\/{rel}","templated":true}]}}