{"id":4884,"date":"2021-02-19T10:00:16","date_gmt":"2021-02-19T09:00:16","guid":{"rendered":"http:\/\/www.anovapeneira.gal\/?p=4884"},"modified":"2021-02-17T16:56:47","modified_gmt":"2021-02-17T15:56:47","slug":"a-igm-cre-que-indemnizar-aos-franco-polo-mantemento-da-ocupacion-fraudulenta-supon-perpetuar-a-anomalia-democratica-en-meiras-e-reclama-ao-estado-que-recorra-a-sentenza","status":"publish","type":"post","link":"https:\/\/www.anovapeneira.gal\/index.php\/2021\/02\/19\/a-igm-cre-que-indemnizar-aos-franco-polo-mantemento-da-ocupacion-fraudulenta-supon-perpetuar-a-anomalia-democratica-en-meiras-e-reclama-ao-estado-que-recorra-a-sentenza\/","title":{"rendered":"A IGM cre que indemnizar aos Franco polo mantemento da ocupaci\u00f3n fraudulenta sup\u00f3n perpetuar a anomal\u00eda democr\u00e1tica en Meir\u00e1s e reclama ao Estado que recorra a sentenza"},"content":{"rendered":"\n<h2 class=\"wp-block-heading\"><strong>Cre que a \u00fanica v\u00edtima da demora na recuperaci\u00f3n do Pazo foi o pobo galego, que conviviu durante corenta anos \u201ccoa vergo\u00f1a do espolio impune&#8221; e que agora se ver\u00eda novamente agraviado polo feito de compensar a quen herdou o roubado<\/strong><\/h2>\n\n\n\n<p><strong>Lamentan que o movemento memorial\u00edstico, motor fundamental do cambio na titularidade do Pazo, sexa menosprezado na sentenza e mantido \u00e1 marxe no proceso de decisi\u00f3n sobre o futuro do inm\u00f3bel, malia que non se recuperar\u00eda sen a s\u00faa loita<\/strong><\/p>\n\n\n\n<p><strong>Pontevedra, 16 de febreiro de 2021. <\/strong><\/p>\n\n\n\n<p>A Iniciativa Galega pola Memoria quere amosar a s\u00faa discrepancia coa sentenza emitida pola secci\u00f3n n\u00famero 3 da Audiencia Provincial de A Coru\u00f1a que reco\u00f1ece o dereito da familia Franco a percibir unha indemnizaci\u00f3n polas catro d\u00e9cadas que, xa en democracia, gozou do Pazo de Meir\u00e1s, e reclama ao goberno estatal que a recorra. \u00c1 IGM esc\u00e1paselle a l\u00f3xica de indemnizar a algu\u00e9n por aproveitarase dun ben que, segundo o mesmo fallo, foi obtido de xeito fraudulento. Que as instituci\u00f3ns democr\u00e1ticas tardaran tanto tempo en recuperar o espoliado foi, precisamente, o que converteu o Pazo de Meir\u00e1s nun s\u00edmbolo da impunidade franquista. A \u00fanica v\u00edtima desta demora foi o pobo galego que, tras a Transici\u00f3n, conviviu durante corenta anos coa vergo\u00f1a do espolio impune. Sumar ao adiamento unha indemnizaci\u00f3n para quen herdou o roubado \u00e9, para a IGM, unha clara anomal\u00eda democr\u00e1tica, e non pode m\u00e1is que lamentar profundamente o paso atr\u00e1s que sup\u00f3n esta decisi\u00f3n para a recuperaci\u00f3n da memoria das v\u00edtimas do franquismo.<\/p>\n\n\n\n<p>Para a IGM, o m\u00e1is grave da sentenza non est\u00e1 no desembolso econ\u00f3mico sen\u00f3n na nova burla que sup\u00f3n que o tribunal estableza que non houbo \u201cmala fe\u201d na ocupaci\u00f3n continuada dun ben obtido durante a ditadura militar mediante o uso do espolio. Que, unha vez m\u00e1is, se branquee o franquismo e mesmo se po\u00f1a en d\u00fabida a loita das v\u00edtimas e do propio movemento memorial\u00edstico ao rexeitarse no texto a memoria oral como proba das irregularidades na ampliaci\u00f3n da finca, a pesar de que estas est\u00e1n avaladas, ademais de polo testemu\u00f1o da veci\u00f1anza represaliada, por abundante documentaci\u00f3n.<\/p>\n\n\n\n<p>A IGM lembra que o traballo de recuperaci\u00f3n da memoria feito polo pobo galego, e nomeadamente polas persoas que nos albores da democracia fundaron a CRMH da Coru\u00f1a, foi absolutamente imprescind\u00edbel para que o Estado recuperase a propiedade a pesar da absoluta inacci\u00f3n da administraci\u00f3n durante catro d\u00e9cadas. Por iso lamentan o menosprezo, tam\u00e9n amosado durante o proceso de decisi\u00f3n sobre o futuro do inm\u00f3bel, para o que non se tivo en conta ao movemento memorial\u00edstico a pesar do seu papel determinante.<\/p>\n\n\n\n<p>Malia insistir en que o novo xeito de branquear o franquismo \u00e9 moito m\u00e1is grave que calquera desembolso econ\u00f3mico, a IGM non quere deixar de lembrar que a sentenza basea o dereito da familia do ditador a ser indemnizada, nos gastos de mantemento as\u00ed como nas obras de rehabilitaci\u00f3n levadas a cabo tras o incendio de febreiro de 1978. Por\u00e9n, e sen entrar a valorar as inc\u00f3gnitas sobre a orixe do lume, a herdeira do ditador xa fora indemnizada coa importante cifra de 13 mill\u00f3ns e medio de pesetas daquel tempo, polo que esta sentenza supor\u00eda pagarlle a familia d\u00faas veces polo mesmo incendio. Tampouco parece que sexan moi dignas de compensar as obras de mantemento e conservaci\u00f3n dado o estado ruinoso no que se atopa actualmente o Pazo. Sinalar, por \u00faltimo, que o Estado seguiu prestando servizos, e polo tanto derivando recursos p\u00fablicos a Meir\u00e1s, cando menos, ata 1990. Ademais, a propiedade foi fonte de ingresos para a familia do ditador, que a explotou e especulou con ela durante d\u00e9cadas.<\/p>\n","protected":false},"excerpt":{"rendered":"<div class=\"mh-excerpt\"><p>Cre que a \u00fanica v\u00edtima da demora na recuperaci\u00f3n do Pazo foi o pobo galego, que conviviu durante corenta anos \u201ccoa vergo\u00f1a do espolio impune&#8221; e que agora se ver\u00eda novamente agraviado polo feito de compensar a quen herdou o roubado <a class=\"mh-excerpt-more\" href=\"https:\/\/www.anovapeneira.gal\/index.php\/2021\/02\/19\/a-igm-cre-que-indemnizar-aos-franco-polo-mantemento-da-ocupacion-fraudulenta-supon-perpetuar-a-anomalia-democratica-en-meiras-e-reclama-ao-estado-que-recorra-a-sentenza\/\" title=\"A IGM cre que indemnizar aos Franco polo mantemento da ocupaci\u00f3n fraudulenta sup\u00f3n perpetuar a anomal\u00eda democr\u00e1tica en Meir\u00e1s e reclama ao Estado que recorra a sentenza\">[&#8230;]<\/a><\/p>\n<\/div>","protected":false},"author":3,"featured_media":4885,"comment_status":"open","ping_status":"open","sticky":false,"template":"","format":"standard","meta":{"_exactmetrics_skip_tracking":false,"_exactmetrics_sitenote_active":false,"_exactmetrics_sitenote_note":"","_exactmetrics_sitenote_category":0,"footnotes":""},"categories":[263],"tags":[1229,283],"class_list":{"0":"post-4884","1":"post","2":"type-post","3":"status-publish","4":"format-standard","5":"has-post-thumbnail","7":"category-novas","8":"tag-igm","9":"tag-pazo-de-meiras"},"yoast_head":"<!-- This site is optimized with the Yoast SEO plugin v27.4 - https:\/\/yoast.com\/product\/yoast-seo-wordpress\/ -->\n<title>A IGM cre que indemnizar aos Franco polo mantemento da ocupaci\u00f3n fraudulenta sup\u00f3n perpetuar a anomal\u00eda democr\u00e1tica en Meir\u00e1s e reclama ao Estado que recorra a sentenza -<\/title>\n<meta name=\"description\" content=\"Cre que a \u00fanica v\u00edtima da demora na recuperaci\u00f3n do Pazo foi o pobo galego, que conviviu durante corenta anos \u201ccoa vergo\u00f1a do espolio impune&quot; e que agora se ver\u00eda novamente agraviado polo feito de compensar a quen herdou o roubado\" \/>\n<meta name=\"robots\" content=\"index, follow, max-snippet:-1, max-image-preview:large, max-video-preview:-1\" \/>\n<link rel=\"canonical\" href=\"https:\/\/www.anovapeneira.gal\/index.php\/2021\/02\/19\/a-igm-cre-que-indemnizar-aos-franco-polo-mantemento-da-ocupacion-fraudulenta-supon-perpetuar-a-anomalia-democratica-en-meiras-e-reclama-ao-estado-que-recorra-a-sentenza\/\" \/>\n<meta property=\"og:locale\" content=\"gl_ES\" \/>\n<meta property=\"og:type\" content=\"article\" \/>\n<meta property=\"og:title\" content=\"A IGM cre que indemnizar aos Franco polo mantemento da ocupaci\u00f3n fraudulenta sup\u00f3n perpetuar a anomal\u00eda democr\u00e1tica en Meir\u00e1s e reclama ao Estado que recorra a sentenza -\" \/>\n<meta property=\"og:description\" content=\"Cre que a \u00fanica v\u00edtima da demora na recuperaci\u00f3n do Pazo foi o pobo galego, que conviviu durante corenta anos \u201ccoa vergo\u00f1a do espolio impune&quot; e que agora se ver\u00eda novamente agraviado polo feito de compensar a quen herdou o roubado\" \/>\n<meta property=\"og:url\" content=\"https:\/\/www.anovapeneira.gal\/index.php\/2021\/02\/19\/a-igm-cre-que-indemnizar-aos-franco-polo-mantemento-da-ocupacion-fraudulenta-supon-perpetuar-a-anomalia-democratica-en-meiras-e-reclama-ao-estado-que-recorra-a-sentenza\/\" \/>\n<meta property=\"article:publisher\" content=\"https:\/\/www.facebook.com\/anovapeneira\" \/>\n<meta property=\"article:published_time\" content=\"2021-02-19T09:00:16+00:00\" \/>\n<meta property=\"og:image\" content=\"https:\/\/www.anovapeneira.gal\/wp-content\/uploads\/2021\/02\/iniciativagalegapolamemoria.gif\" \/>\n\t<meta property=\"og:image:width\" content=\"1920\" \/>\n\t<meta property=\"og:image:height\" content=\"1146\" \/>\n\t<meta property=\"og:image:type\" content=\"image\/gif\" \/>\n<meta name=\"author\" content=\"Redacci\u00f3n A Nova Peneira\" \/>\n<meta name=\"twitter:card\" content=\"summary_large_image\" \/>\n<meta name=\"twitter:creator\" content=\"@APeneira\" \/>\n<meta name=\"twitter:site\" content=\"@APeneira\" \/>\n<meta name=\"twitter:label1\" content=\"Escrito por\" \/>\n\t<meta name=\"twitter:data1\" content=\"Redacci\u00f3n A Nova Peneira\" \/>\n\t<meta name=\"twitter:label2\" content=\"Tempo de lectura\" \/>\n\t<meta name=\"twitter:data2\" content=\"3 minutos\" \/>\n<script type=\"application\/ld+json\" class=\"yoast-schema-graph\">{\"@context\":\"https:\\\/\\\/schema.org\",\"@graph\":[{\"@type\":\"Article\",\"@id\":\"https:\\\/\\\/www.anovapeneira.gal\\\/index.php\\\/2021\\\/02\\\/19\\\/a-igm-cre-que-indemnizar-aos-franco-polo-mantemento-da-ocupacion-fraudulenta-supon-perpetuar-a-anomalia-democratica-en-meiras-e-reclama-ao-estado-que-recorra-a-sentenza\\\/#article\",\"isPartOf\":{\"@id\":\"https:\\\/\\\/www.anovapeneira.gal\\\/index.php\\\/2021\\\/02\\\/19\\\/a-igm-cre-que-indemnizar-aos-franco-polo-mantemento-da-ocupacion-fraudulenta-supon-perpetuar-a-anomalia-democratica-en-meiras-e-reclama-ao-estado-que-recorra-a-sentenza\\\/\"},\"author\":{\"name\":\"Redacci\u00f3n A Nova Peneira\",\"@id\":\"https:\\\/\\\/www.anovapeneira.gal\\\/#\\\/schema\\\/person\\\/b93e3f8932e3f8da96334607eb6ac6aa\"},\"headline\":\"A IGM cre que indemnizar aos Franco polo mantemento da ocupaci\u00f3n fraudulenta sup\u00f3n perpetuar a anomal\u00eda democr\u00e1tica en Meir\u00e1s e reclama ao Estado que recorra a sentenza\",\"datePublished\":\"2021-02-19T09:00:16+00:00\",\"mainEntityOfPage\":{\"@id\":\"https:\\\/\\\/www.anovapeneira.gal\\\/index.php\\\/2021\\\/02\\\/19\\\/a-igm-cre-que-indemnizar-aos-franco-polo-mantemento-da-ocupacion-fraudulenta-supon-perpetuar-a-anomalia-democratica-en-meiras-e-reclama-ao-estado-que-recorra-a-sentenza\\\/\"},\"wordCount\":697,\"commentCount\":0,\"publisher\":{\"@id\":\"https:\\\/\\\/www.anovapeneira.gal\\\/#organization\"},\"image\":{\"@id\":\"https:\\\/\\\/www.anovapeneira.gal\\\/index.php\\\/2021\\\/02\\\/19\\\/a-igm-cre-que-indemnizar-aos-franco-polo-mantemento-da-ocupacion-fraudulenta-supon-perpetuar-a-anomalia-democratica-en-meiras-e-reclama-ao-estado-que-recorra-a-sentenza\\\/#primaryimage\"},\"thumbnailUrl\":\"https:\\\/\\\/www.anovapeneira.gal\\\/wp-content\\\/uploads\\\/2021\\\/02\\\/iniciativagalegapolamemoria.gif\",\"keywords\":[\"IGM\",\"Pazo de Meir\u00e1s\"],\"articleSection\":[\"Novas\"],\"inLanguage\":\"gl-ES\",\"potentialAction\":[{\"@type\":\"CommentAction\",\"name\":\"Comment\",\"target\":[\"https:\\\/\\\/www.anovapeneira.gal\\\/index.php\\\/2021\\\/02\\\/19\\\/a-igm-cre-que-indemnizar-aos-franco-polo-mantemento-da-ocupacion-fraudulenta-supon-perpetuar-a-anomalia-democratica-en-meiras-e-reclama-ao-estado-que-recorra-a-sentenza\\\/#respond\"]}]},{\"@type\":\"WebPage\",\"@id\":\"https:\\\/\\\/www.anovapeneira.gal\\\/index.php\\\/2021\\\/02\\\/19\\\/a-igm-cre-que-indemnizar-aos-franco-polo-mantemento-da-ocupacion-fraudulenta-supon-perpetuar-a-anomalia-democratica-en-meiras-e-reclama-ao-estado-que-recorra-a-sentenza\\\/\",\"url\":\"https:\\\/\\\/www.anovapeneira.gal\\\/index.php\\\/2021\\\/02\\\/19\\\/a-igm-cre-que-indemnizar-aos-franco-polo-mantemento-da-ocupacion-fraudulenta-supon-perpetuar-a-anomalia-democratica-en-meiras-e-reclama-ao-estado-que-recorra-a-sentenza\\\/\",\"name\":\"A IGM cre que indemnizar aos Franco polo mantemento da ocupaci\u00f3n fraudulenta sup\u00f3n perpetuar a anomal\u00eda democr\u00e1tica en Meir\u00e1s e reclama ao Estado que recorra a sentenza -\",\"isPartOf\":{\"@id\":\"https:\\\/\\\/www.anovapeneira.gal\\\/#website\"},\"primaryImageOfPage\":{\"@id\":\"https:\\\/\\\/www.anovapeneira.gal\\\/index.php\\\/2021\\\/02\\\/19\\\/a-igm-cre-que-indemnizar-aos-franco-polo-mantemento-da-ocupacion-fraudulenta-supon-perpetuar-a-anomalia-democratica-en-meiras-e-reclama-ao-estado-que-recorra-a-sentenza\\\/#primaryimage\"},\"image\":{\"@id\":\"https:\\\/\\\/www.anovapeneira.gal\\\/index.php\\\/2021\\\/02\\\/19\\\/a-igm-cre-que-indemnizar-aos-franco-polo-mantemento-da-ocupacion-fraudulenta-supon-perpetuar-a-anomalia-democratica-en-meiras-e-reclama-ao-estado-que-recorra-a-sentenza\\\/#primaryimage\"},\"thumbnailUrl\":\"https:\\\/\\\/www.anovapeneira.gal\\\/wp-content\\\/uploads\\\/2021\\\/02\\\/iniciativagalegapolamemoria.gif\",\"datePublished\":\"2021-02-19T09:00:16+00:00\",\"description\":\"Cre que a \u00fanica v\u00edtima da demora na recuperaci\u00f3n do Pazo foi o pobo galego, que conviviu durante corenta anos \u201ccoa vergo\u00f1a do espolio impune\\\" e que agora se ver\u00eda novamente agraviado polo feito de compensar a quen herdou o roubado\",\"breadcrumb\":{\"@id\":\"https:\\\/\\\/www.anovapeneira.gal\\\/index.php\\\/2021\\\/02\\\/19\\\/a-igm-cre-que-indemnizar-aos-franco-polo-mantemento-da-ocupacion-fraudulenta-supon-perpetuar-a-anomalia-democratica-en-meiras-e-reclama-ao-estado-que-recorra-a-sentenza\\\/#breadcrumb\"},\"inLanguage\":\"gl-ES\",\"potentialAction\":[{\"@type\":\"ReadAction\",\"target\":[\"https:\\\/\\\/www.anovapeneira.gal\\\/index.php\\\/2021\\\/02\\\/19\\\/a-igm-cre-que-indemnizar-aos-franco-polo-mantemento-da-ocupacion-fraudulenta-supon-perpetuar-a-anomalia-democratica-en-meiras-e-reclama-ao-estado-que-recorra-a-sentenza\\\/\"]}]},{\"@type\":\"ImageObject\",\"inLanguage\":\"gl-ES\",\"@id\":\"https:\\\/\\\/www.anovapeneira.gal\\\/index.php\\\/2021\\\/02\\\/19\\\/a-igm-cre-que-indemnizar-aos-franco-polo-mantemento-da-ocupacion-fraudulenta-supon-perpetuar-a-anomalia-democratica-en-meiras-e-reclama-ao-estado-que-recorra-a-sentenza\\\/#primaryimage\",\"url\":\"https:\\\/\\\/www.anovapeneira.gal\\\/wp-content\\\/uploads\\\/2021\\\/02\\\/iniciativagalegapolamemoria.gif\",\"contentUrl\":\"https:\\\/\\\/www.anovapeneira.gal\\\/wp-content\\\/uploads\\\/2021\\\/02\\\/iniciativagalegapolamemoria.gif\",\"width\":1920,\"height\":1146,\"caption\":\"Iniciativa Galega pola memoria\"},{\"@type\":\"BreadcrumbList\",\"@id\":\"https:\\\/\\\/www.anovapeneira.gal\\\/index.php\\\/2021\\\/02\\\/19\\\/a-igm-cre-que-indemnizar-aos-franco-polo-mantemento-da-ocupacion-fraudulenta-supon-perpetuar-a-anomalia-democratica-en-meiras-e-reclama-ao-estado-que-recorra-a-sentenza\\\/#breadcrumb\",\"itemListElement\":[{\"@type\":\"ListItem\",\"position\":1,\"name\":\"Portada\",\"item\":\"https:\\\/\\\/www.anovapeneira.gal\\\/\"},{\"@type\":\"ListItem\",\"position\":2,\"name\":\"A IGM cre que indemnizar aos Franco polo mantemento da ocupaci\u00f3n fraudulenta sup\u00f3n perpetuar a anomal\u00eda democr\u00e1tica en Meir\u00e1s e reclama ao Estado que recorra a sentenza\"}]},{\"@type\":\"WebSite\",\"@id\":\"https:\\\/\\\/www.anovapeneira.gal\\\/#website\",\"url\":\"https:\\\/\\\/www.anovapeneira.gal\\\/\",\"name\":\"\",\"description\":\"Xornal galego de informaci\u00f3n xeral Publicaci\u00f3n mensual de novas de Galicia e en especial dos Concellos da sur da provincia de Pontevedra.\",\"publisher\":{\"@id\":\"https:\\\/\\\/www.anovapeneira.gal\\\/#organization\"},\"potentialAction\":[{\"@type\":\"SearchAction\",\"target\":{\"@type\":\"EntryPoint\",\"urlTemplate\":\"https:\\\/\\\/www.anovapeneira.gal\\\/?s={search_term_string}\"},\"query-input\":{\"@type\":\"PropertyValueSpecification\",\"valueRequired\":true,\"valueName\":\"search_term_string\"}}],\"inLanguage\":\"gl-ES\"},{\"@type\":\"Organization\",\"@id\":\"https:\\\/\\\/www.anovapeneira.gal\\\/#organization\",\"name\":\"A Nova Peneira\",\"url\":\"https:\\\/\\\/www.anovapeneira.gal\\\/\",\"logo\":{\"@type\":\"ImageObject\",\"inLanguage\":\"gl-ES\",\"@id\":\"https:\\\/\\\/www.anovapeneira.gal\\\/#\\\/schema\\\/logo\\\/image\\\/\",\"url\":\"http:\\\/\\\/www.anovapeneira.gal\\\/wp-content\\\/uploads\\\/2019\\\/06\\\/logo_a_nova_peneira_portal_web.png\",\"contentUrl\":\"http:\\\/\\\/www.anovapeneira.gal\\\/wp-content\\\/uploads\\\/2019\\\/06\\\/logo_a_nova_peneira_portal_web.png\",\"width\":300,\"height\":100,\"caption\":\"A Nova Peneira\"},\"image\":{\"@id\":\"https:\\\/\\\/www.anovapeneira.gal\\\/#\\\/schema\\\/logo\\\/image\\\/\"},\"sameAs\":[\"https:\\\/\\\/www.facebook.com\\\/anovapeneira\",\"https:\\\/\\\/x.com\\\/APeneira\"]},{\"@type\":\"Person\",\"@id\":\"https:\\\/\\\/www.anovapeneira.gal\\\/#\\\/schema\\\/person\\\/b93e3f8932e3f8da96334607eb6ac6aa\",\"name\":\"Redacci\u00f3n A Nova Peneira\",\"image\":{\"@type\":\"ImageObject\",\"inLanguage\":\"gl-ES\",\"@id\":\"https:\\\/\\\/secure.gravatar.com\\\/avatar\\\/c052a2551a06e23fac63626232eaa90abd78dbcf1700fc46a2b2c89fd27b735f?s=96&d=mm&r=g\",\"url\":\"https:\\\/\\\/secure.gravatar.com\\\/avatar\\\/c052a2551a06e23fac63626232eaa90abd78dbcf1700fc46a2b2c89fd27b735f?s=96&d=mm&r=g\",\"contentUrl\":\"https:\\\/\\\/secure.gravatar.com\\\/avatar\\\/c052a2551a06e23fac63626232eaa90abd78dbcf1700fc46a2b2c89fd27b735f?s=96&d=mm&r=g\",\"caption\":\"Redacci\u00f3n A Nova Peneira\"},\"sameAs\":[\"http:\\\/\\\/www.anovapeneira.gal\\\/\"],\"url\":\"https:\\\/\\\/www.anovapeneira.gal\\\/index.php\\\/author\\\/redactor\\\/\"}]}<\/script>\n<!-- \/ Yoast SEO plugin. -->","yoast_head_json":{"title":"A IGM cre que indemnizar aos Franco polo mantemento da ocupaci\u00f3n fraudulenta sup\u00f3n perpetuar a anomal\u00eda democr\u00e1tica en Meir\u00e1s e reclama ao Estado que recorra a sentenza -","description":"Cre que a \u00fanica v\u00edtima da demora na recuperaci\u00f3n do Pazo foi o pobo galego, que conviviu durante corenta anos \u201ccoa vergo\u00f1a do espolio impune\" e que agora se ver\u00eda novamente agraviado polo feito de compensar a quen herdou o roubado","robots":{"index":"index","follow":"follow","max-snippet":"max-snippet:-1","max-image-preview":"max-image-preview:large","max-video-preview":"max-video-preview:-1"},"canonical":"https:\/\/www.anovapeneira.gal\/index.php\/2021\/02\/19\/a-igm-cre-que-indemnizar-aos-franco-polo-mantemento-da-ocupacion-fraudulenta-supon-perpetuar-a-anomalia-democratica-en-meiras-e-reclama-ao-estado-que-recorra-a-sentenza\/","og_locale":"gl_ES","og_type":"article","og_title":"A IGM cre que indemnizar aos Franco polo mantemento da ocupaci\u00f3n fraudulenta sup\u00f3n perpetuar a anomal\u00eda democr\u00e1tica en Meir\u00e1s e reclama ao Estado que recorra a sentenza -","og_description":"Cre que a \u00fanica v\u00edtima da demora na recuperaci\u00f3n do Pazo foi o pobo galego, que conviviu durante corenta anos \u201ccoa vergo\u00f1a do espolio impune\" e que agora se ver\u00eda novamente agraviado polo feito de compensar a quen herdou o roubado","og_url":"https:\/\/www.anovapeneira.gal\/index.php\/2021\/02\/19\/a-igm-cre-que-indemnizar-aos-franco-polo-mantemento-da-ocupacion-fraudulenta-supon-perpetuar-a-anomalia-democratica-en-meiras-e-reclama-ao-estado-que-recorra-a-sentenza\/","article_publisher":"https:\/\/www.facebook.com\/anovapeneira","article_published_time":"2021-02-19T09:00:16+00:00","og_image":[{"width":1920,"height":1146,"url":"https:\/\/www.anovapeneira.gal\/wp-content\/uploads\/2021\/02\/iniciativagalegapolamemoria.gif","type":"image\/gif"}],"author":"Redacci\u00f3n A Nova Peneira","twitter_card":"summary_large_image","twitter_creator":"@APeneira","twitter_site":"@APeneira","twitter_misc":{"Escrito por":"Redacci\u00f3n A Nova Peneira","Tempo de lectura":"3 minutos"},"schema":{"@context":"https:\/\/schema.org","@graph":[{"@type":"Article","@id":"https:\/\/www.anovapeneira.gal\/index.php\/2021\/02\/19\/a-igm-cre-que-indemnizar-aos-franco-polo-mantemento-da-ocupacion-fraudulenta-supon-perpetuar-a-anomalia-democratica-en-meiras-e-reclama-ao-estado-que-recorra-a-sentenza\/#article","isPartOf":{"@id":"https:\/\/www.anovapeneira.gal\/index.php\/2021\/02\/19\/a-igm-cre-que-indemnizar-aos-franco-polo-mantemento-da-ocupacion-fraudulenta-supon-perpetuar-a-anomalia-democratica-en-meiras-e-reclama-ao-estado-que-recorra-a-sentenza\/"},"author":{"name":"Redacci\u00f3n A Nova Peneira","@id":"https:\/\/www.anovapeneira.gal\/#\/schema\/person\/b93e3f8932e3f8da96334607eb6ac6aa"},"headline":"A IGM cre que indemnizar aos Franco polo mantemento da ocupaci\u00f3n fraudulenta sup\u00f3n perpetuar a anomal\u00eda democr\u00e1tica en Meir\u00e1s e reclama ao Estado que recorra a sentenza","datePublished":"2021-02-19T09:00:16+00:00","mainEntityOfPage":{"@id":"https:\/\/www.anovapeneira.gal\/index.php\/2021\/02\/19\/a-igm-cre-que-indemnizar-aos-franco-polo-mantemento-da-ocupacion-fraudulenta-supon-perpetuar-a-anomalia-democratica-en-meiras-e-reclama-ao-estado-que-recorra-a-sentenza\/"},"wordCount":697,"commentCount":0,"publisher":{"@id":"https:\/\/www.anovapeneira.gal\/#organization"},"image":{"@id":"https:\/\/www.anovapeneira.gal\/index.php\/2021\/02\/19\/a-igm-cre-que-indemnizar-aos-franco-polo-mantemento-da-ocupacion-fraudulenta-supon-perpetuar-a-anomalia-democratica-en-meiras-e-reclama-ao-estado-que-recorra-a-sentenza\/#primaryimage"},"thumbnailUrl":"https:\/\/www.anovapeneira.gal\/wp-content\/uploads\/2021\/02\/iniciativagalegapolamemoria.gif","keywords":["IGM","Pazo de Meir\u00e1s"],"articleSection":["Novas"],"inLanguage":"gl-ES","potentialAction":[{"@type":"CommentAction","name":"Comment","target":["https:\/\/www.anovapeneira.gal\/index.php\/2021\/02\/19\/a-igm-cre-que-indemnizar-aos-franco-polo-mantemento-da-ocupacion-fraudulenta-supon-perpetuar-a-anomalia-democratica-en-meiras-e-reclama-ao-estado-que-recorra-a-sentenza\/#respond"]}]},{"@type":"WebPage","@id":"https:\/\/www.anovapeneira.gal\/index.php\/2021\/02\/19\/a-igm-cre-que-indemnizar-aos-franco-polo-mantemento-da-ocupacion-fraudulenta-supon-perpetuar-a-anomalia-democratica-en-meiras-e-reclama-ao-estado-que-recorra-a-sentenza\/","url":"https:\/\/www.anovapeneira.gal\/index.php\/2021\/02\/19\/a-igm-cre-que-indemnizar-aos-franco-polo-mantemento-da-ocupacion-fraudulenta-supon-perpetuar-a-anomalia-democratica-en-meiras-e-reclama-ao-estado-que-recorra-a-sentenza\/","name":"A IGM cre que indemnizar aos Franco polo mantemento da ocupaci\u00f3n fraudulenta sup\u00f3n perpetuar a anomal\u00eda democr\u00e1tica en Meir\u00e1s e reclama ao Estado que recorra a sentenza -","isPartOf":{"@id":"https:\/\/www.anovapeneira.gal\/#website"},"primaryImageOfPage":{"@id":"https:\/\/www.anovapeneira.gal\/index.php\/2021\/02\/19\/a-igm-cre-que-indemnizar-aos-franco-polo-mantemento-da-ocupacion-fraudulenta-supon-perpetuar-a-anomalia-democratica-en-meiras-e-reclama-ao-estado-que-recorra-a-sentenza\/#primaryimage"},"image":{"@id":"https:\/\/www.anovapeneira.gal\/index.php\/2021\/02\/19\/a-igm-cre-que-indemnizar-aos-franco-polo-mantemento-da-ocupacion-fraudulenta-supon-perpetuar-a-anomalia-democratica-en-meiras-e-reclama-ao-estado-que-recorra-a-sentenza\/#primaryimage"},"thumbnailUrl":"https:\/\/www.anovapeneira.gal\/wp-content\/uploads\/2021\/02\/iniciativagalegapolamemoria.gif","datePublished":"2021-02-19T09:00:16+00:00","description":"Cre que a \u00fanica v\u00edtima da demora na recuperaci\u00f3n do Pazo foi o pobo galego, que conviviu durante corenta anos \u201ccoa vergo\u00f1a do espolio impune\" e que agora se ver\u00eda novamente agraviado polo feito de compensar a quen herdou o roubado","breadcrumb":{"@id":"https:\/\/www.anovapeneira.gal\/index.php\/2021\/02\/19\/a-igm-cre-que-indemnizar-aos-franco-polo-mantemento-da-ocupacion-fraudulenta-supon-perpetuar-a-anomalia-democratica-en-meiras-e-reclama-ao-estado-que-recorra-a-sentenza\/#breadcrumb"},"inLanguage":"gl-ES","potentialAction":[{"@type":"ReadAction","target":["https:\/\/www.anovapeneira.gal\/index.php\/2021\/02\/19\/a-igm-cre-que-indemnizar-aos-franco-polo-mantemento-da-ocupacion-fraudulenta-supon-perpetuar-a-anomalia-democratica-en-meiras-e-reclama-ao-estado-que-recorra-a-sentenza\/"]}]},{"@type":"ImageObject","inLanguage":"gl-ES","@id":"https:\/\/www.anovapeneira.gal\/index.php\/2021\/02\/19\/a-igm-cre-que-indemnizar-aos-franco-polo-mantemento-da-ocupacion-fraudulenta-supon-perpetuar-a-anomalia-democratica-en-meiras-e-reclama-ao-estado-que-recorra-a-sentenza\/#primaryimage","url":"https:\/\/www.anovapeneira.gal\/wp-content\/uploads\/2021\/02\/iniciativagalegapolamemoria.gif","contentUrl":"https:\/\/www.anovapeneira.gal\/wp-content\/uploads\/2021\/02\/iniciativagalegapolamemoria.gif","width":1920,"height":1146,"caption":"Iniciativa Galega pola memoria"},{"@type":"BreadcrumbList","@id":"https:\/\/www.anovapeneira.gal\/index.php\/2021\/02\/19\/a-igm-cre-que-indemnizar-aos-franco-polo-mantemento-da-ocupacion-fraudulenta-supon-perpetuar-a-anomalia-democratica-en-meiras-e-reclama-ao-estado-que-recorra-a-sentenza\/#breadcrumb","itemListElement":[{"@type":"ListItem","position":1,"name":"Portada","item":"https:\/\/www.anovapeneira.gal\/"},{"@type":"ListItem","position":2,"name":"A IGM cre que indemnizar aos Franco polo mantemento da ocupaci\u00f3n fraudulenta sup\u00f3n perpetuar a anomal\u00eda democr\u00e1tica en Meir\u00e1s e reclama ao Estado que recorra a sentenza"}]},{"@type":"WebSite","@id":"https:\/\/www.anovapeneira.gal\/#website","url":"https:\/\/www.anovapeneira.gal\/","name":"","description":"Xornal galego de informaci\u00f3n xeral Publicaci\u00f3n mensual de novas de Galicia e en especial dos Concellos da sur da provincia de Pontevedra.","publisher":{"@id":"https:\/\/www.anovapeneira.gal\/#organization"},"potentialAction":[{"@type":"SearchAction","target":{"@type":"EntryPoint","urlTemplate":"https:\/\/www.anovapeneira.gal\/?s={search_term_string}"},"query-input":{"@type":"PropertyValueSpecification","valueRequired":true,"valueName":"search_term_string"}}],"inLanguage":"gl-ES"},{"@type":"Organization","@id":"https:\/\/www.anovapeneira.gal\/#organization","name":"A Nova Peneira","url":"https:\/\/www.anovapeneira.gal\/","logo":{"@type":"ImageObject","inLanguage":"gl-ES","@id":"https:\/\/www.anovapeneira.gal\/#\/schema\/logo\/image\/","url":"http:\/\/www.anovapeneira.gal\/wp-content\/uploads\/2019\/06\/logo_a_nova_peneira_portal_web.png","contentUrl":"http:\/\/www.anovapeneira.gal\/wp-content\/uploads\/2019\/06\/logo_a_nova_peneira_portal_web.png","width":300,"height":100,"caption":"A Nova Peneira"},"image":{"@id":"https:\/\/www.anovapeneira.gal\/#\/schema\/logo\/image\/"},"sameAs":["https:\/\/www.facebook.com\/anovapeneira","https:\/\/x.com\/APeneira"]},{"@type":"Person","@id":"https:\/\/www.anovapeneira.gal\/#\/schema\/person\/b93e3f8932e3f8da96334607eb6ac6aa","name":"Redacci\u00f3n A Nova Peneira","image":{"@type":"ImageObject","inLanguage":"gl-ES","@id":"https:\/\/secure.gravatar.com\/avatar\/c052a2551a06e23fac63626232eaa90abd78dbcf1700fc46a2b2c89fd27b735f?s=96&d=mm&r=g","url":"https:\/\/secure.gravatar.com\/avatar\/c052a2551a06e23fac63626232eaa90abd78dbcf1700fc46a2b2c89fd27b735f?s=96&d=mm&r=g","contentUrl":"https:\/\/secure.gravatar.com\/avatar\/c052a2551a06e23fac63626232eaa90abd78dbcf1700fc46a2b2c89fd27b735f?s=96&d=mm&r=g","caption":"Redacci\u00f3n A Nova Peneira"},"sameAs":["http:\/\/www.anovapeneira.gal\/"],"url":"https:\/\/www.anovapeneira.gal\/index.php\/author\/redactor\/"}]}},"jetpack_featured_media_url":"https:\/\/www.anovapeneira.gal\/wp-content\/uploads\/2021\/02\/iniciativagalegapolamemoria.gif","_links":{"self":[{"href":"https:\/\/www.anovapeneira.gal\/index.php\/wp-json\/wp\/v2\/posts\/4884","targetHints":{"allow":["GET"]}}],"collection":[{"href":"https:\/\/www.anovapeneira.gal\/index.php\/wp-json\/wp\/v2\/posts"}],"about":[{"href":"https:\/\/www.anovapeneira.gal\/index.php\/wp-json\/wp\/v2\/types\/post"}],"author":[{"embeddable":true,"href":"https:\/\/www.anovapeneira.gal\/index.php\/wp-json\/wp\/v2\/users\/3"}],"replies":[{"embeddable":true,"href":"https:\/\/www.anovapeneira.gal\/index.php\/wp-json\/wp\/v2\/comments?post=4884"}],"version-history":[{"count":1,"href":"https:\/\/www.anovapeneira.gal\/index.php\/wp-json\/wp\/v2\/posts\/4884\/revisions"}],"predecessor-version":[{"id":4886,"href":"https:\/\/www.anovapeneira.gal\/index.php\/wp-json\/wp\/v2\/posts\/4884\/revisions\/4886"}],"wp:featuredmedia":[{"embeddable":true,"href":"https:\/\/www.anovapeneira.gal\/index.php\/wp-json\/wp\/v2\/media\/4885"}],"wp:attachment":[{"href":"https:\/\/www.anovapeneira.gal\/index.php\/wp-json\/wp\/v2\/media?parent=4884"}],"wp:term":[{"taxonomy":"category","embeddable":true,"href":"https:\/\/www.anovapeneira.gal\/index.php\/wp-json\/wp\/v2\/categories?post=4884"},{"taxonomy":"post_tag","embeddable":true,"href":"https:\/\/www.anovapeneira.gal\/index.php\/wp-json\/wp\/v2\/tags?post=4884"}],"curies":[{"name":"wp","href":"https:\/\/api.w.org\/{rel}","templated":true}]}}