{"id":4889,"date":"2021-02-19T10:00:26","date_gmt":"2021-02-19T09:00:26","guid":{"rendered":"http:\/\/www.anovapeneira.gal\/?p=4889"},"modified":"2021-02-17T17:17:13","modified_gmt":"2021-02-17T16:17:13","slug":"os-dez-de-salvaterra-a-nosa-memoria","status":"publish","type":"post","link":"https:\/\/www.anovapeneira.gal\/index.php\/2021\/02\/19\/os-dez-de-salvaterra-a-nosa-memoria\/","title":{"rendered":"Os dez de Salvaterra. A nosa memoria"},"content":{"rendered":"\n<figure class=\"wp-block-image size-large is-resized\"><img loading=\"lazy\" decoding=\"async\" src=\"http:\/\/www.anovapeneira.gal\/wp-content\/uploads\/2021\/02\/anxo_salvaterra.jpg\" alt=\"\" class=\"wp-image-4895\" width=\"95\" height=\"115\"\/><figcaption>Anxo L\u00f3pez. Profesor de instituto xubilado<\/figcaption><\/figure>\n\n\n\n<h2 class=\"wp-block-heading\">En memoria de: Antonio Alfonso Dom\u00ednguez, Vicente Dom\u00ednguez Villar, Jos\u00e9 Dom\u00ednguez Gonz\u00e1lez, Jos\u00e9 Mac\u00edas Guti\u00e9rrez, Etelvino Tielas, Jos\u00e9 Gonz\u00e1lez Montero, Manuel Romero M\u00e1rquez, Manuel Eir\u00f3 Est\u00e9vez, Jos\u00e9 da Silva Gonz\u00e1lez e Antonio Mart\u00ednez Soto.<\/h2>\n\n\n\n<p>Estes nomes corresponden a 10 veci\u00f1os de Salvaterra que foron condenados \u00e1 pena de morte en consello de guerra celebrado en Vigo o d\u00eda 6 de febreiro de 1937, como autores dun delito de rebeli\u00f3n. Foron fusilados, segundo se estableceu no escrito de execuci\u00f3n, \u00e1s 11 da ma\u00f1\u00e1 do d\u00eda 24 do mesmo mes nas inmediaci\u00f3ns do castelo do Castro (Vigo). O certificado m\u00e9dico acredita que os reos presentan signos certos de indudable morte, como resultado dunha \u201c intensa hemorraxia interna\u201d. Foron soterrados sen pompa, nin solemnidade no cemiterio de Pereiro.<\/p>\n\n\n\n<p>Cabe destacar aqu\u00ed pensamentos que temos por escrito nunha carta que un deles, Jos\u00e9 Dom\u00ednguez Gonz\u00e1lez, dirixe \u00e1 s\u00faa noiva Angelina de Leirado: \u201cUna circunstancia tr\u00e1gica me arrebata la vida en lo mejor. Nada han valido los esfuerzos hechos, ni la defensa, pues todo estaba previsto de antemano\u201d \u201cel proceso de Salvaterra el m\u00e1s innoble, el m\u00e1s injusto de todos cuantos se han llevado a cabo en el que pereceremos inexorablemente diez compa\u00f1eros valientes y abnegados que saben ofrendar la vida por una causa noble, justa y humana\u201d. E como remate algo que reflicte a forza mental e a dignidade destas persoas: \u201cNada hay tan vello ni tan sublime cuando se muere con la conciencia del deber cumplido\u201d.<\/p>\n\n\n\n<p>A d\u00eda de hoxe coa perspectiva hist\u00f3rica que nos d\u00e1 o paso do tempo non cabe m\u00e1is que reafirmar as palabras de Jos\u00e9 Dom\u00ednguez Gonz\u00e1lez; todos eles seguiron as ordes dadas polo alcalde Manuel Mari\u00f1o M\u00e9ndez na defensa da legalidade vixente.Non foron fusilados por requisar armas, intentar cortar a comunicaci\u00f3n a Salvaterra por estrada ou ferrocarril sen\u00f3n polas s\u00faas ideas socialistas e comunistas sendo definidos nos atestados coma individuos perigosos, perniciosos e propagandistas e por pertencer ao sindicato \u201cOficios Varios\u201d de Salvaterra.<\/p>\n\n\n\n<p>Non pasar\u00e1 moito tempo no que os veci\u00f1os e veci\u00f1as de Salvaterra te\u00f1amos un lugar f\u00edsico onde poidamos pagar a d\u00e9beda de facer un reco\u00f1ecemento p\u00fablico a todas estas persoas para conseguir que todo isto non quede no esquecemento e as\u00ed estes feitos non se volvan a repetir. Ser\u00e1 O Espazo da Nosa Memoria.<\/p>\n\n\n\n<p>Neste 24 de febreiro de 2021, na vosa lembranza o noso ramo.<\/p>\n\n\n\n<figure class=\"wp-block-image size-large\"><img loading=\"lazy\" decoding=\"async\" width=\"720\" height=\"913\" src=\"http:\/\/www.anovapeneira.gal\/wp-content\/uploads\/2021\/02\/2_Carta_Angelina_A.jpg\" alt=\"\" class=\"wp-image-4892\" srcset=\"https:\/\/www.anovapeneira.gal\/wp-content\/uploads\/2021\/02\/2_Carta_Angelina_A.jpg 720w, https:\/\/www.anovapeneira.gal\/wp-content\/uploads\/2021\/02\/2_Carta_Angelina_A-237x300.jpg 237w\" sizes=\"auto, (max-width: 720px) 100vw, 720px\" \/><\/figure>\n\n\n\n<figure class=\"wp-block-image size-large\"><img loading=\"lazy\" decoding=\"async\" width=\"720\" height=\"913\" src=\"http:\/\/www.anovapeneira.gal\/wp-content\/uploads\/2021\/02\/2_Carta_Angelina_B.jpg\" alt=\"\" class=\"wp-image-4893\" srcset=\"https:\/\/www.anovapeneira.gal\/wp-content\/uploads\/2021\/02\/2_Carta_Angelina_B.jpg 720w, https:\/\/www.anovapeneira.gal\/wp-content\/uploads\/2021\/02\/2_Carta_Angelina_B-237x300.jpg 237w\" sizes=\"auto, (max-width: 720px) 100vw, 720px\" \/><\/figure>\n","protected":false},"excerpt":{"rendered":"<div class=\"mh-excerpt\"><p>En memoria de: Antonio Alfonso Dom\u00ednguez, Vicente Dom\u00ednguez Villar, Jos\u00e9 Dom\u00ednguez Gonz\u00e1lez, Jos\u00e9 Mac\u00edas Guti\u00e9rrez, Etelvino Tielas, Jos\u00e9 Gonz\u00e1lez Montero, Manuel Romero M\u00e1rquez, Manuel Eir\u00f3 Est\u00e9vez, Jos\u00e9 da Silva Gonz\u00e1lez e Antonio Mart\u00ednez Soto <a class=\"mh-excerpt-more\" href=\"https:\/\/www.anovapeneira.gal\/index.php\/2021\/02\/19\/os-dez-de-salvaterra-a-nosa-memoria\/\" title=\"Os dez de Salvaterra. A nosa memoria\">[&#8230;]<\/a><\/p>\n<\/div>","protected":false},"author":12,"featured_media":4891,"comment_status":"open","ping_status":"open","sticky":false,"template":"","format":"standard","meta":{"_exactmetrics_skip_tracking":false,"_exactmetrics_sitenote_active":false,"_exactmetrics_sitenote_note":"","_exactmetrics_sitenote_category":0,"footnotes":""},"categories":[7],"tags":[186],"class_list":{"0":"post-4889","1":"post","2":"type-post","3":"status-publish","4":"format-standard","5":"has-post-thumbnail","7":"category-artigos-de-opinion","8":"tag-concello-de-salvaterra-do-mino"},"yoast_head":"<!-- This site is optimized with the Yoast SEO plugin v27.4 - https:\/\/yoast.com\/product\/yoast-seo-wordpress\/ -->\n<title>Os dez de Salvaterra. A nosa memoria -<\/title>\n<meta name=\"description\" content=\"En memoria de: Antonio Alfonso Dom\u00ednguez, Vicente Dom\u00ednguez Villar, Jos\u00e9 Dom\u00ednguez Gonz\u00e1lez, Jos\u00e9 Mac\u00edas Guti\u00e9rrez, Etelvino Tielas, Jos\u00e9 Gonz\u00e1lez Montero, Manuel Romero M\u00e1rquez, Manuel Eir\u00f3 Est\u00e9vez, Jos\u00e9 da Silva Gonz\u00e1lez e Antonio Mart\u00ednez Soto\" \/>\n<meta name=\"robots\" content=\"index, follow, max-snippet:-1, max-image-preview:large, max-video-preview:-1\" \/>\n<link rel=\"canonical\" href=\"https:\/\/www.anovapeneira.gal\/index.php\/2021\/02\/19\/os-dez-de-salvaterra-a-nosa-memoria\/\" \/>\n<meta property=\"og:locale\" content=\"gl_ES\" \/>\n<meta property=\"og:type\" content=\"article\" \/>\n<meta property=\"og:title\" content=\"Os dez de Salvaterra. A nosa memoria -\" \/>\n<meta property=\"og:description\" content=\"En memoria de: Antonio Alfonso Dom\u00ednguez, Vicente Dom\u00ednguez Villar, Jos\u00e9 Dom\u00ednguez Gonz\u00e1lez, Jos\u00e9 Mac\u00edas Guti\u00e9rrez, Etelvino Tielas, Jos\u00e9 Gonz\u00e1lez Montero, Manuel Romero M\u00e1rquez, Manuel Eir\u00f3 Est\u00e9vez, Jos\u00e9 da Silva Gonz\u00e1lez e Antonio Mart\u00ednez Soto\" \/>\n<meta property=\"og:url\" content=\"https:\/\/www.anovapeneira.gal\/index.php\/2021\/02\/19\/os-dez-de-salvaterra-a-nosa-memoria\/\" \/>\n<meta property=\"article:publisher\" content=\"https:\/\/www.facebook.com\/anovapeneira\" \/>\n<meta property=\"article:published_time\" content=\"2021-02-19T09:00:26+00:00\" \/>\n<meta property=\"og:image\" content=\"https:\/\/www.anovapeneira.gal\/wp-content\/uploads\/2021\/02\/carta_salvaterra.jpg\" \/>\n\t<meta property=\"og:image:width\" content=\"720\" \/>\n\t<meta property=\"og:image:height\" content=\"432\" \/>\n\t<meta property=\"og:image:type\" content=\"image\/jpeg\" \/>\n<meta name=\"author\" content=\"Artigos Opini\u00f3n\" \/>\n<meta name=\"twitter:card\" content=\"summary_large_image\" \/>\n<meta name=\"twitter:creator\" content=\"@APeneira\" \/>\n<meta name=\"twitter:site\" content=\"@APeneira\" \/>\n<meta name=\"twitter:label1\" content=\"Escrito por\" \/>\n\t<meta name=\"twitter:data1\" content=\"Artigos Opini\u00f3n\" \/>\n\t<meta name=\"twitter:label2\" content=\"Tempo de lectura\" \/>\n\t<meta name=\"twitter:data2\" content=\"3 minutos\" \/>\n<script type=\"application\/ld+json\" class=\"yoast-schema-graph\">{\"@context\":\"https:\\\/\\\/schema.org\",\"@graph\":[{\"@type\":\"Article\",\"@id\":\"https:\\\/\\\/www.anovapeneira.gal\\\/index.php\\\/2021\\\/02\\\/19\\\/os-dez-de-salvaterra-a-nosa-memoria\\\/#article\",\"isPartOf\":{\"@id\":\"https:\\\/\\\/www.anovapeneira.gal\\\/index.php\\\/2021\\\/02\\\/19\\\/os-dez-de-salvaterra-a-nosa-memoria\\\/\"},\"author\":{\"name\":\"Artigos Opini\u00f3n\",\"@id\":\"https:\\\/\\\/www.anovapeneira.gal\\\/#\\\/schema\\\/person\\\/f18a4feb302e8f20bcef4490b5b60bb3\"},\"headline\":\"Os dez de Salvaterra. A nosa memoria\",\"datePublished\":\"2021-02-19T09:00:26+00:00\",\"mainEntityOfPage\":{\"@id\":\"https:\\\/\\\/www.anovapeneira.gal\\\/index.php\\\/2021\\\/02\\\/19\\\/os-dez-de-salvaterra-a-nosa-memoria\\\/\"},\"wordCount\":438,\"commentCount\":0,\"publisher\":{\"@id\":\"https:\\\/\\\/www.anovapeneira.gal\\\/#organization\"},\"image\":{\"@id\":\"https:\\\/\\\/www.anovapeneira.gal\\\/index.php\\\/2021\\\/02\\\/19\\\/os-dez-de-salvaterra-a-nosa-memoria\\\/#primaryimage\"},\"thumbnailUrl\":\"https:\\\/\\\/www.anovapeneira.gal\\\/wp-content\\\/uploads\\\/2021\\\/02\\\/carta_salvaterra.jpg\",\"keywords\":[\"Concello de Salvaterra do Mi\u00f1o\"],\"articleSection\":[\"Artigos de opini\u00f3n\"],\"inLanguage\":\"gl-ES\",\"potentialAction\":[{\"@type\":\"CommentAction\",\"name\":\"Comment\",\"target\":[\"https:\\\/\\\/www.anovapeneira.gal\\\/index.php\\\/2021\\\/02\\\/19\\\/os-dez-de-salvaterra-a-nosa-memoria\\\/#respond\"]}]},{\"@type\":\"WebPage\",\"@id\":\"https:\\\/\\\/www.anovapeneira.gal\\\/index.php\\\/2021\\\/02\\\/19\\\/os-dez-de-salvaterra-a-nosa-memoria\\\/\",\"url\":\"https:\\\/\\\/www.anovapeneira.gal\\\/index.php\\\/2021\\\/02\\\/19\\\/os-dez-de-salvaterra-a-nosa-memoria\\\/\",\"name\":\"Os dez de Salvaterra. A nosa memoria -\",\"isPartOf\":{\"@id\":\"https:\\\/\\\/www.anovapeneira.gal\\\/#website\"},\"primaryImageOfPage\":{\"@id\":\"https:\\\/\\\/www.anovapeneira.gal\\\/index.php\\\/2021\\\/02\\\/19\\\/os-dez-de-salvaterra-a-nosa-memoria\\\/#primaryimage\"},\"image\":{\"@id\":\"https:\\\/\\\/www.anovapeneira.gal\\\/index.php\\\/2021\\\/02\\\/19\\\/os-dez-de-salvaterra-a-nosa-memoria\\\/#primaryimage\"},\"thumbnailUrl\":\"https:\\\/\\\/www.anovapeneira.gal\\\/wp-content\\\/uploads\\\/2021\\\/02\\\/carta_salvaterra.jpg\",\"datePublished\":\"2021-02-19T09:00:26+00:00\",\"description\":\"En memoria de: Antonio Alfonso Dom\u00ednguez, Vicente Dom\u00ednguez Villar, Jos\u00e9 Dom\u00ednguez Gonz\u00e1lez, Jos\u00e9 Mac\u00edas Guti\u00e9rrez, Etelvino Tielas, Jos\u00e9 Gonz\u00e1lez Montero, Manuel Romero M\u00e1rquez, Manuel Eir\u00f3 Est\u00e9vez, Jos\u00e9 da Silva Gonz\u00e1lez e Antonio Mart\u00ednez Soto\",\"breadcrumb\":{\"@id\":\"https:\\\/\\\/www.anovapeneira.gal\\\/index.php\\\/2021\\\/02\\\/19\\\/os-dez-de-salvaterra-a-nosa-memoria\\\/#breadcrumb\"},\"inLanguage\":\"gl-ES\",\"potentialAction\":[{\"@type\":\"ReadAction\",\"target\":[\"https:\\\/\\\/www.anovapeneira.gal\\\/index.php\\\/2021\\\/02\\\/19\\\/os-dez-de-salvaterra-a-nosa-memoria\\\/\"]}]},{\"@type\":\"ImageObject\",\"inLanguage\":\"gl-ES\",\"@id\":\"https:\\\/\\\/www.anovapeneira.gal\\\/index.php\\\/2021\\\/02\\\/19\\\/os-dez-de-salvaterra-a-nosa-memoria\\\/#primaryimage\",\"url\":\"https:\\\/\\\/www.anovapeneira.gal\\\/wp-content\\\/uploads\\\/2021\\\/02\\\/carta_salvaterra.jpg\",\"contentUrl\":\"https:\\\/\\\/www.anovapeneira.gal\\\/wp-content\\\/uploads\\\/2021\\\/02\\\/carta_salvaterra.jpg\",\"width\":720,\"height\":432,\"caption\":\"Os dez de Salvaterra. A nosa memoria\"},{\"@type\":\"BreadcrumbList\",\"@id\":\"https:\\\/\\\/www.anovapeneira.gal\\\/index.php\\\/2021\\\/02\\\/19\\\/os-dez-de-salvaterra-a-nosa-memoria\\\/#breadcrumb\",\"itemListElement\":[{\"@type\":\"ListItem\",\"position\":1,\"name\":\"Portada\",\"item\":\"https:\\\/\\\/www.anovapeneira.gal\\\/\"},{\"@type\":\"ListItem\",\"position\":2,\"name\":\"Os dez de Salvaterra. A nosa memoria\"}]},{\"@type\":\"WebSite\",\"@id\":\"https:\\\/\\\/www.anovapeneira.gal\\\/#website\",\"url\":\"https:\\\/\\\/www.anovapeneira.gal\\\/\",\"name\":\"\",\"description\":\"Xornal galego de informaci\u00f3n xeral Publicaci\u00f3n mensual de novas de Galicia e en especial dos Concellos da sur da provincia de Pontevedra.\",\"publisher\":{\"@id\":\"https:\\\/\\\/www.anovapeneira.gal\\\/#organization\"},\"potentialAction\":[{\"@type\":\"SearchAction\",\"target\":{\"@type\":\"EntryPoint\",\"urlTemplate\":\"https:\\\/\\\/www.anovapeneira.gal\\\/?s={search_term_string}\"},\"query-input\":{\"@type\":\"PropertyValueSpecification\",\"valueRequired\":true,\"valueName\":\"search_term_string\"}}],\"inLanguage\":\"gl-ES\"},{\"@type\":\"Organization\",\"@id\":\"https:\\\/\\\/www.anovapeneira.gal\\\/#organization\",\"name\":\"A Nova Peneira\",\"url\":\"https:\\\/\\\/www.anovapeneira.gal\\\/\",\"logo\":{\"@type\":\"ImageObject\",\"inLanguage\":\"gl-ES\",\"@id\":\"https:\\\/\\\/www.anovapeneira.gal\\\/#\\\/schema\\\/logo\\\/image\\\/\",\"url\":\"http:\\\/\\\/www.anovapeneira.gal\\\/wp-content\\\/uploads\\\/2019\\\/06\\\/logo_a_nova_peneira_portal_web.png\",\"contentUrl\":\"http:\\\/\\\/www.anovapeneira.gal\\\/wp-content\\\/uploads\\\/2019\\\/06\\\/logo_a_nova_peneira_portal_web.png\",\"width\":300,\"height\":100,\"caption\":\"A Nova Peneira\"},\"image\":{\"@id\":\"https:\\\/\\\/www.anovapeneira.gal\\\/#\\\/schema\\\/logo\\\/image\\\/\"},\"sameAs\":[\"https:\\\/\\\/www.facebook.com\\\/anovapeneira\",\"https:\\\/\\\/x.com\\\/APeneira\"]},{\"@type\":\"Person\",\"@id\":\"https:\\\/\\\/www.anovapeneira.gal\\\/#\\\/schema\\\/person\\\/f18a4feb302e8f20bcef4490b5b60bb3\",\"name\":\"Artigos Opini\u00f3n\",\"image\":{\"@type\":\"ImageObject\",\"inLanguage\":\"gl-ES\",\"@id\":\"https:\\\/\\\/secure.gravatar.com\\\/avatar\\\/072844300f4881150aee2da4278f7a65d16eefdf8262eb67085f1e702de2b959?s=96&d=mm&r=g\",\"url\":\"https:\\\/\\\/secure.gravatar.com\\\/avatar\\\/072844300f4881150aee2da4278f7a65d16eefdf8262eb67085f1e702de2b959?s=96&d=mm&r=g\",\"contentUrl\":\"https:\\\/\\\/secure.gravatar.com\\\/avatar\\\/072844300f4881150aee2da4278f7a65d16eefdf8262eb67085f1e702de2b959?s=96&d=mm&r=g\",\"caption\":\"Artigos Opini\u00f3n\"},\"sameAs\":[\"http:\\\/\\\/anovapeneira.gal\"],\"url\":\"https:\\\/\\\/www.anovapeneira.gal\\\/index.php\\\/author\\\/artigosopinion\\\/\"}]}<\/script>\n<!-- \/ Yoast SEO plugin. -->","yoast_head_json":{"title":"Os dez de Salvaterra. A nosa memoria -","description":"En memoria de: Antonio Alfonso Dom\u00ednguez, Vicente Dom\u00ednguez Villar, Jos\u00e9 Dom\u00ednguez Gonz\u00e1lez, Jos\u00e9 Mac\u00edas Guti\u00e9rrez, Etelvino Tielas, Jos\u00e9 Gonz\u00e1lez Montero, Manuel Romero M\u00e1rquez, Manuel Eir\u00f3 Est\u00e9vez, Jos\u00e9 da Silva Gonz\u00e1lez e Antonio Mart\u00ednez Soto","robots":{"index":"index","follow":"follow","max-snippet":"max-snippet:-1","max-image-preview":"max-image-preview:large","max-video-preview":"max-video-preview:-1"},"canonical":"https:\/\/www.anovapeneira.gal\/index.php\/2021\/02\/19\/os-dez-de-salvaterra-a-nosa-memoria\/","og_locale":"gl_ES","og_type":"article","og_title":"Os dez de Salvaterra. A nosa memoria -","og_description":"En memoria de: Antonio Alfonso Dom\u00ednguez, Vicente Dom\u00ednguez Villar, Jos\u00e9 Dom\u00ednguez Gonz\u00e1lez, Jos\u00e9 Mac\u00edas Guti\u00e9rrez, Etelvino Tielas, Jos\u00e9 Gonz\u00e1lez Montero, Manuel Romero M\u00e1rquez, Manuel Eir\u00f3 Est\u00e9vez, Jos\u00e9 da Silva Gonz\u00e1lez e Antonio Mart\u00ednez Soto","og_url":"https:\/\/www.anovapeneira.gal\/index.php\/2021\/02\/19\/os-dez-de-salvaterra-a-nosa-memoria\/","article_publisher":"https:\/\/www.facebook.com\/anovapeneira","article_published_time":"2021-02-19T09:00:26+00:00","og_image":[{"width":720,"height":432,"url":"https:\/\/www.anovapeneira.gal\/wp-content\/uploads\/2021\/02\/carta_salvaterra.jpg","type":"image\/jpeg"}],"author":"Artigos Opini\u00f3n","twitter_card":"summary_large_image","twitter_creator":"@APeneira","twitter_site":"@APeneira","twitter_misc":{"Escrito por":"Artigos Opini\u00f3n","Tempo de lectura":"3 minutos"},"schema":{"@context":"https:\/\/schema.org","@graph":[{"@type":"Article","@id":"https:\/\/www.anovapeneira.gal\/index.php\/2021\/02\/19\/os-dez-de-salvaterra-a-nosa-memoria\/#article","isPartOf":{"@id":"https:\/\/www.anovapeneira.gal\/index.php\/2021\/02\/19\/os-dez-de-salvaterra-a-nosa-memoria\/"},"author":{"name":"Artigos Opini\u00f3n","@id":"https:\/\/www.anovapeneira.gal\/#\/schema\/person\/f18a4feb302e8f20bcef4490b5b60bb3"},"headline":"Os dez de Salvaterra. A nosa memoria","datePublished":"2021-02-19T09:00:26+00:00","mainEntityOfPage":{"@id":"https:\/\/www.anovapeneira.gal\/index.php\/2021\/02\/19\/os-dez-de-salvaterra-a-nosa-memoria\/"},"wordCount":438,"commentCount":0,"publisher":{"@id":"https:\/\/www.anovapeneira.gal\/#organization"},"image":{"@id":"https:\/\/www.anovapeneira.gal\/index.php\/2021\/02\/19\/os-dez-de-salvaterra-a-nosa-memoria\/#primaryimage"},"thumbnailUrl":"https:\/\/www.anovapeneira.gal\/wp-content\/uploads\/2021\/02\/carta_salvaterra.jpg","keywords":["Concello de Salvaterra do Mi\u00f1o"],"articleSection":["Artigos de opini\u00f3n"],"inLanguage":"gl-ES","potentialAction":[{"@type":"CommentAction","name":"Comment","target":["https:\/\/www.anovapeneira.gal\/index.php\/2021\/02\/19\/os-dez-de-salvaterra-a-nosa-memoria\/#respond"]}]},{"@type":"WebPage","@id":"https:\/\/www.anovapeneira.gal\/index.php\/2021\/02\/19\/os-dez-de-salvaterra-a-nosa-memoria\/","url":"https:\/\/www.anovapeneira.gal\/index.php\/2021\/02\/19\/os-dez-de-salvaterra-a-nosa-memoria\/","name":"Os dez de Salvaterra. A nosa memoria -","isPartOf":{"@id":"https:\/\/www.anovapeneira.gal\/#website"},"primaryImageOfPage":{"@id":"https:\/\/www.anovapeneira.gal\/index.php\/2021\/02\/19\/os-dez-de-salvaterra-a-nosa-memoria\/#primaryimage"},"image":{"@id":"https:\/\/www.anovapeneira.gal\/index.php\/2021\/02\/19\/os-dez-de-salvaterra-a-nosa-memoria\/#primaryimage"},"thumbnailUrl":"https:\/\/www.anovapeneira.gal\/wp-content\/uploads\/2021\/02\/carta_salvaterra.jpg","datePublished":"2021-02-19T09:00:26+00:00","description":"En memoria de: Antonio Alfonso Dom\u00ednguez, Vicente Dom\u00ednguez Villar, Jos\u00e9 Dom\u00ednguez Gonz\u00e1lez, Jos\u00e9 Mac\u00edas Guti\u00e9rrez, Etelvino Tielas, Jos\u00e9 Gonz\u00e1lez Montero, Manuel Romero M\u00e1rquez, Manuel Eir\u00f3 Est\u00e9vez, Jos\u00e9 da Silva Gonz\u00e1lez e Antonio Mart\u00ednez Soto","breadcrumb":{"@id":"https:\/\/www.anovapeneira.gal\/index.php\/2021\/02\/19\/os-dez-de-salvaterra-a-nosa-memoria\/#breadcrumb"},"inLanguage":"gl-ES","potentialAction":[{"@type":"ReadAction","target":["https:\/\/www.anovapeneira.gal\/index.php\/2021\/02\/19\/os-dez-de-salvaterra-a-nosa-memoria\/"]}]},{"@type":"ImageObject","inLanguage":"gl-ES","@id":"https:\/\/www.anovapeneira.gal\/index.php\/2021\/02\/19\/os-dez-de-salvaterra-a-nosa-memoria\/#primaryimage","url":"https:\/\/www.anovapeneira.gal\/wp-content\/uploads\/2021\/02\/carta_salvaterra.jpg","contentUrl":"https:\/\/www.anovapeneira.gal\/wp-content\/uploads\/2021\/02\/carta_salvaterra.jpg","width":720,"height":432,"caption":"Os dez de Salvaterra. A nosa memoria"},{"@type":"BreadcrumbList","@id":"https:\/\/www.anovapeneira.gal\/index.php\/2021\/02\/19\/os-dez-de-salvaterra-a-nosa-memoria\/#breadcrumb","itemListElement":[{"@type":"ListItem","position":1,"name":"Portada","item":"https:\/\/www.anovapeneira.gal\/"},{"@type":"ListItem","position":2,"name":"Os dez de Salvaterra. A nosa memoria"}]},{"@type":"WebSite","@id":"https:\/\/www.anovapeneira.gal\/#website","url":"https:\/\/www.anovapeneira.gal\/","name":"","description":"Xornal galego de informaci\u00f3n xeral Publicaci\u00f3n mensual de novas de Galicia e en especial dos Concellos da sur da provincia de Pontevedra.","publisher":{"@id":"https:\/\/www.anovapeneira.gal\/#organization"},"potentialAction":[{"@type":"SearchAction","target":{"@type":"EntryPoint","urlTemplate":"https:\/\/www.anovapeneira.gal\/?s={search_term_string}"},"query-input":{"@type":"PropertyValueSpecification","valueRequired":true,"valueName":"search_term_string"}}],"inLanguage":"gl-ES"},{"@type":"Organization","@id":"https:\/\/www.anovapeneira.gal\/#organization","name":"A Nova Peneira","url":"https:\/\/www.anovapeneira.gal\/","logo":{"@type":"ImageObject","inLanguage":"gl-ES","@id":"https:\/\/www.anovapeneira.gal\/#\/schema\/logo\/image\/","url":"http:\/\/www.anovapeneira.gal\/wp-content\/uploads\/2019\/06\/logo_a_nova_peneira_portal_web.png","contentUrl":"http:\/\/www.anovapeneira.gal\/wp-content\/uploads\/2019\/06\/logo_a_nova_peneira_portal_web.png","width":300,"height":100,"caption":"A Nova Peneira"},"image":{"@id":"https:\/\/www.anovapeneira.gal\/#\/schema\/logo\/image\/"},"sameAs":["https:\/\/www.facebook.com\/anovapeneira","https:\/\/x.com\/APeneira"]},{"@type":"Person","@id":"https:\/\/www.anovapeneira.gal\/#\/schema\/person\/f18a4feb302e8f20bcef4490b5b60bb3","name":"Artigos Opini\u00f3n","image":{"@type":"ImageObject","inLanguage":"gl-ES","@id":"https:\/\/secure.gravatar.com\/avatar\/072844300f4881150aee2da4278f7a65d16eefdf8262eb67085f1e702de2b959?s=96&d=mm&r=g","url":"https:\/\/secure.gravatar.com\/avatar\/072844300f4881150aee2da4278f7a65d16eefdf8262eb67085f1e702de2b959?s=96&d=mm&r=g","contentUrl":"https:\/\/secure.gravatar.com\/avatar\/072844300f4881150aee2da4278f7a65d16eefdf8262eb67085f1e702de2b959?s=96&d=mm&r=g","caption":"Artigos Opini\u00f3n"},"sameAs":["http:\/\/anovapeneira.gal"],"url":"https:\/\/www.anovapeneira.gal\/index.php\/author\/artigosopinion\/"}]}},"jetpack_featured_media_url":"https:\/\/www.anovapeneira.gal\/wp-content\/uploads\/2021\/02\/carta_salvaterra.jpg","_links":{"self":[{"href":"https:\/\/www.anovapeneira.gal\/index.php\/wp-json\/wp\/v2\/posts\/4889","targetHints":{"allow":["GET"]}}],"collection":[{"href":"https:\/\/www.anovapeneira.gal\/index.php\/wp-json\/wp\/v2\/posts"}],"about":[{"href":"https:\/\/www.anovapeneira.gal\/index.php\/wp-json\/wp\/v2\/types\/post"}],"author":[{"embeddable":true,"href":"https:\/\/www.anovapeneira.gal\/index.php\/wp-json\/wp\/v2\/users\/12"}],"replies":[{"embeddable":true,"href":"https:\/\/www.anovapeneira.gal\/index.php\/wp-json\/wp\/v2\/comments?post=4889"}],"version-history":[{"count":3,"href":"https:\/\/www.anovapeneira.gal\/index.php\/wp-json\/wp\/v2\/posts\/4889\/revisions"}],"predecessor-version":[{"id":4897,"href":"https:\/\/www.anovapeneira.gal\/index.php\/wp-json\/wp\/v2\/posts\/4889\/revisions\/4897"}],"wp:featuredmedia":[{"embeddable":true,"href":"https:\/\/www.anovapeneira.gal\/index.php\/wp-json\/wp\/v2\/media\/4891"}],"wp:attachment":[{"href":"https:\/\/www.anovapeneira.gal\/index.php\/wp-json\/wp\/v2\/media?parent=4889"}],"wp:term":[{"taxonomy":"category","embeddable":true,"href":"https:\/\/www.anovapeneira.gal\/index.php\/wp-json\/wp\/v2\/categories?post=4889"},{"taxonomy":"post_tag","embeddable":true,"href":"https:\/\/www.anovapeneira.gal\/index.php\/wp-json\/wp\/v2\/tags?post=4889"}],"curies":[{"name":"wp","href":"https:\/\/api.w.org\/{rel}","templated":true}]}}