{"id":489,"date":"2019-06-24T23:18:28","date_gmt":"2019-06-24T21:18:28","guid":{"rendered":"http:\/\/www.anovapeneira.gal\/?p=489"},"modified":"2019-08-25T12:44:50","modified_gmt":"2019-08-25T10:44:50","slug":"100-anos-da-viaxe-de-pelai-mas-e-galicia-100-anos-de-fotografia","status":"publish","type":"post","link":"https:\/\/www.anovapeneira.gal\/index.php\/2019\/06\/24\/100-anos-da-viaxe-de-pelai-mas-e-galicia-100-anos-de-fotografia\/","title":{"rendered":"100 anos da viaxe de Pelai Mas e Galicia, 100 anos de fotograf\u00eda"},"content":{"rendered":"\n<figure class=\"wp-block-image is-resized\"><img loading=\"lazy\" decoding=\"async\" src=\"http:\/\/www.anovapeneira.gal\/wp-content\/uploads\/2019\/04\/marcos_santos_opinion_a_nova_peneira_bn.jpg\" alt=\"Marcos Santos Artigo opini\u00f3n a Nova Peneira\" class=\"wp-image-198\" width=\"95\" height=\"111\"\/><figcaption>Marcos Santos<\/figcaption><\/figure>\n\n\n\n<p><strong>No ano 1919 dous fot\u00f3grafos catal\u00e1ns; Pelai Mas e Alejandro Antonelli viaxaban ao noso pa\u00eds, e dedic\u00e1ronse a fotografalo con obxecto de incrementar o Arquivo MAS, un fondo de imaxes creado polo pai de Pelai. Hoxe, un s\u00e9culo despois, vivimos unha exposici\u00f3n en Redondela organizada por Luis Borines e por Cal 3, no negocio da familia Cal, na que se pretende conmemorar o centenario desa viaxe al\u00e9n de ofrecer unha mostra m\u00e1is que interesante de imaxes sobre a Redondela antiga con material do propio Luis Borines e de Saturno Cal. N\u00f3s, acheg\u00e1monos ata a\u00ed e falamos con Luis e co eterno Quino Vilas de Cal 3.<\/strong><\/p>\n\n\n\n<p><strong>Cal \u00e9 a\nraz\u00f3n da exposici\u00f3n que desenvolvestes entre o 25 de xu\u00f1o e o 7 de\nxullo?<\/strong><\/p>\n\n\n\n<blockquote class=\"wp-block-quote is-layout-flow wp-block-quote-is-layout-flow\"><p>A ilusi\u00f3n que ti\u00f1a Luis en dar a co\u00f1ecer a s\u00faa colecci\u00f3n privada<\/p><\/blockquote>\n\n\n\n<p><strong>E pola\nparte de Foto Cal?<\/strong><\/p>\n\n\n\n<blockquote class=\"wp-block-quote is-layout-flow wp-block-quote-is-layout-flow\"><p>A nosa intenci\u00f3n de utilizar o noso local como sala de exposici\u00f3ns fotogr\u00e1ficas para as persoas da localidade interesadas al\u00e9n de conmemorar o centenario da viaxe de Pelai Mas<\/p><\/blockquote>\n\n\n\n<p><strong>Cont\u00e1denos\niso?<\/strong><\/p>\n\n\n\n<blockquote class=\"wp-block-quote is-layout-flow wp-block-quote-is-layout-flow\"><p>Pelai Mas foi un fot\u00f3grafo catal\u00e1n que no ano 1.919 viaxou polo norte da pen\u00ednsula e fixo reportaxes fotogr\u00e1ficas de gran calidade<\/p><\/blockquote>\n\n\n\n<p><strong>Caramba e\nten algunha de Redondela?<\/strong><\/p>\n\n\n\n<p>Pois si, d\u00faas\ndas festas da Coca dese ano<\/p>\n\n\n\n<p><strong>Fixo s\u00f3\nesa viaxe?<\/strong><\/p>\n\n\n\n<blockquote class=\"wp-block-quote is-layout-flow wp-block-quote-is-layout-flow\"><p>Pensamos que en compa\u00f1\u00eda de Alejandro Antoneti, outro fot\u00f3grafo catal\u00e1n que o acompa\u00f1ou. A viaxe foi en sidecar<\/p><\/blockquote>\n\n\n\n<p><strong>Luis o teu\narquivo \u00e9 moit\u00edsimo m\u00e1is amplo do que aqu\u00ed se amosa, con que\ncriterios seleccionastes as fotos?<\/strong><\/p>\n\n\n\n<blockquote class=\"wp-block-quote is-layout-flow wp-block-quote-is-layout-flow\"><p>O espazo tampouco \u00e9 moi grande, e o que fixemos foi restrinxir a tem\u00e1tica \u00e1 viaxe de Pelai Mas, e por parte de Cal 3 o que fixemos foi incorporar algunhas imaxes do arquivo de Saturno Cal desa mesma \u00e9poca. Saturno Cal foi a primeira xeraci\u00f3n de fot\u00f3grafos da familia Cal<\/p><\/blockquote>\n\n\n\n<p><strong>Luis como\nconservas o teu arquivo?<\/strong><\/p>\n\n\n\n<blockquote class=\"wp-block-quote is-layout-flow wp-block-quote-is-layout-flow\"><p>Pois hai distintas t\u00e9cnicas, eu emprego uns sobres de celof\u00e1n, e procuro que non lles afecte a claridade<\/p><\/blockquote>\n\n\n\n<p><strong>Para cando\nunha exposici\u00f3n global de todo o arquivo Cal e de todo o arquivo\nBorines?<\/strong><\/p>\n\n\n\n<blockquote class=\"wp-block-quote is-layout-flow wp-block-quote-is-layout-flow\"><p>A verdade \u00e9 que \u00e9 complexo. A f\u00f3rmula de acoutar por tem\u00e1ticas ou por \u00e9pocas consider\u00e1mola m\u00e1is atinada, e no futuro con outras \u201cescusas\u201d confiamos en repetir<\/p><\/blockquote>\n\n\n\n<p><strong>Por\nexemplo?<\/strong><\/p>\n\n\n\n<blockquote class=\"wp-block-quote is-layout-flow wp-block-quote-is-layout-flow\"><p>Algo moi bonito, ser\u00eda tratar de reflectir a arquitectura e a paisaxe perdida de Redondela. Hai fotograf\u00edas moi curiosas e algunhas son de xente an\u00f3nima, a fotograf\u00eda social ten un interese superlativo<\/p><\/blockquote>\n\n\n\n<p><strong>Algo que\nchame especialmente a atenci\u00f3n desa arquitectura que se perdeu?<\/strong><\/p>\n\n\n\n<blockquote class=\"wp-block-quote is-layout-flow wp-block-quote-is-layout-flow\"><p>Os edificios con soportais, Redondela como vila mari\u00f1eira ti\u00f1a o seu fronte ateigado deles e todos perd\u00e9ronse. Os almac\u00e9ns ,os salaz\u00f3ns<\/p><\/blockquote>\n\n\n\n<p><strong>Esa forma\nde contar a historia da Vila esperta o interese?<\/strong><\/p>\n\n\n\n<blockquote class=\"wp-block-quote is-layout-flow wp-block-quote-is-layout-flow\"><p>Moit\u00edsimo, a maior parte da xente quere saber a s\u00faa propia historia e a do seu contexto particular. A fotograf\u00eda antiga ten moito atractivo para todo o mundo, tanto para as persoas que viviron o que se retrata nas imaxes, como as que non o fixeron tam\u00e9n te\u00f1en interese en saber como eran as cousas antes deles.<\/p><\/blockquote>\n","protected":false},"excerpt":{"rendered":"<div class=\"mh-excerpt\"><p>No ano 1919 dous fot\u00f3grafos catal\u00e1ns; Pelai Mas e Alejandro Antonelli viaxaban ao noso pa\u00eds, e dedic\u00e1ronse a fotografalo con obxecto de incrementar o Arquivo MAS, un fondo de imaxes creado polo pai de Pelai. <a class=\"mh-excerpt-more\" href=\"https:\/\/www.anovapeneira.gal\/index.php\/2019\/06\/24\/100-anos-da-viaxe-de-pelai-mas-e-galicia-100-anos-de-fotografia\/\" title=\"100 anos da viaxe de Pelai Mas e Galicia, 100 anos de fotograf\u00eda\">[&#8230;]<\/a><\/p>\n<\/div>","protected":false},"author":6,"featured_media":490,"comment_status":"open","ping_status":"open","sticky":false,"template":"","format":"standard","meta":{"_exactmetrics_skip_tracking":false,"_exactmetrics_sitenote_active":false,"_exactmetrics_sitenote_note":"","_exactmetrics_sitenote_category":0,"footnotes":""},"categories":[495],"tags":[173,174,178,171,33,123,175,172,177,176],"class_list":{"0":"post-489","1":"post","2":"type-post","3":"status-publish","4":"format-standard","5":"has-post-thumbnail","7":"category-redondela-reportaxes","8":"tag-alejandro-antonelli","9":"tag-arquivo-mas","10":"tag-cal-3","11":"tag-concello-de-redondela","12":"tag-cultura","13":"tag-fotografia","14":"tag-luis-borines","15":"tag-pelai-mas","16":"tag-quino-vilas","17":"tag-saturno-cal"},"yoast_head":"<!-- This site is optimized with the Yoast SEO plugin v27.4 - https:\/\/yoast.com\/product\/yoast-seo-wordpress\/ -->\n<title>100 anos da viaxe de Pelai Mas e Galicia, 100 anos de fotograf\u00eda -<\/title>\n<meta name=\"robots\" content=\"index, follow, max-snippet:-1, max-image-preview:large, max-video-preview:-1\" \/>\n<link rel=\"canonical\" href=\"https:\/\/www.anovapeneira.gal\/index.php\/2019\/06\/24\/100-anos-da-viaxe-de-pelai-mas-e-galicia-100-anos-de-fotografia\/\" \/>\n<meta property=\"og:locale\" content=\"gl_ES\" \/>\n<meta property=\"og:type\" content=\"article\" \/>\n<meta property=\"og:title\" content=\"100 anos da viaxe de Pelai Mas e Galicia, 100 anos de fotograf\u00eda -\" \/>\n<meta property=\"og:description\" content=\"No ano 1919 dous fot\u00f3grafos catal\u00e1ns; Pelai Mas e Alejandro Antonelli viaxaban ao noso pa\u00eds, e dedic\u00e1ronse a fotografalo con obxecto de incrementar o Arquivo MAS, un fondo de imaxes creado polo pai de Pelai. [...]\" \/>\n<meta property=\"og:url\" content=\"https:\/\/www.anovapeneira.gal\/index.php\/2019\/06\/24\/100-anos-da-viaxe-de-pelai-mas-e-galicia-100-anos-de-fotografia\/\" \/>\n<meta property=\"article:publisher\" content=\"https:\/\/www.facebook.com\/anovapeneira\" \/>\n<meta property=\"article:published_time\" content=\"2019-06-24T21:18:28+00:00\" \/>\n<meta property=\"article:modified_time\" content=\"2019-08-25T10:44:50+00:00\" \/>\n<meta property=\"og:image\" content=\"https:\/\/www.anovapeneira.gal\/wp-content\/uploads\/2019\/07\/quino_vilas_luis_borines_a_nova_peneira.jpg\" \/>\n\t<meta property=\"og:image:width\" content=\"720\" \/>\n\t<meta property=\"og:image:height\" content=\"473\" \/>\n\t<meta property=\"og:image:type\" content=\"image\/jpeg\" \/>\n<meta name=\"author\" content=\"Marcos Santos\" \/>\n<meta name=\"twitter:card\" content=\"summary_large_image\" \/>\n<meta name=\"twitter:creator\" content=\"@APeneira\" \/>\n<meta name=\"twitter:site\" content=\"@APeneira\" \/>\n<meta name=\"twitter:label1\" content=\"Escrito por\" \/>\n\t<meta name=\"twitter:data1\" content=\"Marcos Santos\" \/>\n\t<meta name=\"twitter:label2\" content=\"Tempo de lectura\" \/>\n\t<meta name=\"twitter:data2\" content=\"3 minutos\" \/>\n<script type=\"application\/ld+json\" class=\"yoast-schema-graph\">{\"@context\":\"https:\\\/\\\/schema.org\",\"@graph\":[{\"@type\":\"Article\",\"@id\":\"https:\\\/\\\/www.anovapeneira.gal\\\/index.php\\\/2019\\\/06\\\/24\\\/100-anos-da-viaxe-de-pelai-mas-e-galicia-100-anos-de-fotografia\\\/#article\",\"isPartOf\":{\"@id\":\"https:\\\/\\\/www.anovapeneira.gal\\\/index.php\\\/2019\\\/06\\\/24\\\/100-anos-da-viaxe-de-pelai-mas-e-galicia-100-anos-de-fotografia\\\/\"},\"author\":{\"name\":\"Marcos Santos\",\"@id\":\"https:\\\/\\\/www.anovapeneira.gal\\\/#\\\/schema\\\/person\\\/d9d84823564720e7593293bab054e52d\"},\"headline\":\"100 anos da viaxe de Pelai Mas e Galicia, 100 anos de fotograf\u00eda\",\"datePublished\":\"2019-06-24T21:18:28+00:00\",\"dateModified\":\"2019-08-25T10:44:50+00:00\",\"mainEntityOfPage\":{\"@id\":\"https:\\\/\\\/www.anovapeneira.gal\\\/index.php\\\/2019\\\/06\\\/24\\\/100-anos-da-viaxe-de-pelai-mas-e-galicia-100-anos-de-fotografia\\\/\"},\"wordCount\":564,\"commentCount\":0,\"publisher\":{\"@id\":\"https:\\\/\\\/www.anovapeneira.gal\\\/#organization\"},\"image\":{\"@id\":\"https:\\\/\\\/www.anovapeneira.gal\\\/index.php\\\/2019\\\/06\\\/24\\\/100-anos-da-viaxe-de-pelai-mas-e-galicia-100-anos-de-fotografia\\\/#primaryimage\"},\"thumbnailUrl\":\"https:\\\/\\\/www.anovapeneira.gal\\\/wp-content\\\/uploads\\\/2019\\\/07\\\/quino_vilas_luis_borines_a_nova_peneira.jpg\",\"keywords\":[\"Alejandro Antonelli\",\"Arquivo MAS\",\"Cal 3\",\"Concello de Redondela\",\"Cultura\",\"Fotograf\u00eda\",\"Luis Borines\",\"Pelai Mas\",\"Quino Vilas\",\"Saturno Cal\"],\"articleSection\":[\"Redondela\"],\"inLanguage\":\"gl-ES\",\"potentialAction\":[{\"@type\":\"CommentAction\",\"name\":\"Comment\",\"target\":[\"https:\\\/\\\/www.anovapeneira.gal\\\/index.php\\\/2019\\\/06\\\/24\\\/100-anos-da-viaxe-de-pelai-mas-e-galicia-100-anos-de-fotografia\\\/#respond\"]}]},{\"@type\":\"WebPage\",\"@id\":\"https:\\\/\\\/www.anovapeneira.gal\\\/index.php\\\/2019\\\/06\\\/24\\\/100-anos-da-viaxe-de-pelai-mas-e-galicia-100-anos-de-fotografia\\\/\",\"url\":\"https:\\\/\\\/www.anovapeneira.gal\\\/index.php\\\/2019\\\/06\\\/24\\\/100-anos-da-viaxe-de-pelai-mas-e-galicia-100-anos-de-fotografia\\\/\",\"name\":\"100 anos da viaxe de Pelai Mas e Galicia, 100 anos de fotograf\u00eda -\",\"isPartOf\":{\"@id\":\"https:\\\/\\\/www.anovapeneira.gal\\\/#website\"},\"primaryImageOfPage\":{\"@id\":\"https:\\\/\\\/www.anovapeneira.gal\\\/index.php\\\/2019\\\/06\\\/24\\\/100-anos-da-viaxe-de-pelai-mas-e-galicia-100-anos-de-fotografia\\\/#primaryimage\"},\"image\":{\"@id\":\"https:\\\/\\\/www.anovapeneira.gal\\\/index.php\\\/2019\\\/06\\\/24\\\/100-anos-da-viaxe-de-pelai-mas-e-galicia-100-anos-de-fotografia\\\/#primaryimage\"},\"thumbnailUrl\":\"https:\\\/\\\/www.anovapeneira.gal\\\/wp-content\\\/uploads\\\/2019\\\/07\\\/quino_vilas_luis_borines_a_nova_peneira.jpg\",\"datePublished\":\"2019-06-24T21:18:28+00:00\",\"dateModified\":\"2019-08-25T10:44:50+00:00\",\"breadcrumb\":{\"@id\":\"https:\\\/\\\/www.anovapeneira.gal\\\/index.php\\\/2019\\\/06\\\/24\\\/100-anos-da-viaxe-de-pelai-mas-e-galicia-100-anos-de-fotografia\\\/#breadcrumb\"},\"inLanguage\":\"gl-ES\",\"potentialAction\":[{\"@type\":\"ReadAction\",\"target\":[\"https:\\\/\\\/www.anovapeneira.gal\\\/index.php\\\/2019\\\/06\\\/24\\\/100-anos-da-viaxe-de-pelai-mas-e-galicia-100-anos-de-fotografia\\\/\"]}]},{\"@type\":\"ImageObject\",\"inLanguage\":\"gl-ES\",\"@id\":\"https:\\\/\\\/www.anovapeneira.gal\\\/index.php\\\/2019\\\/06\\\/24\\\/100-anos-da-viaxe-de-pelai-mas-e-galicia-100-anos-de-fotografia\\\/#primaryimage\",\"url\":\"https:\\\/\\\/www.anovapeneira.gal\\\/wp-content\\\/uploads\\\/2019\\\/07\\\/quino_vilas_luis_borines_a_nova_peneira.jpg\",\"contentUrl\":\"https:\\\/\\\/www.anovapeneira.gal\\\/wp-content\\\/uploads\\\/2019\\\/07\\\/quino_vilas_luis_borines_a_nova_peneira.jpg\",\"width\":720,\"height\":473,\"caption\":\"Quino Vilas Luis Borines A Nova Peneira\"},{\"@type\":\"BreadcrumbList\",\"@id\":\"https:\\\/\\\/www.anovapeneira.gal\\\/index.php\\\/2019\\\/06\\\/24\\\/100-anos-da-viaxe-de-pelai-mas-e-galicia-100-anos-de-fotografia\\\/#breadcrumb\",\"itemListElement\":[{\"@type\":\"ListItem\",\"position\":1,\"name\":\"Portada\",\"item\":\"https:\\\/\\\/www.anovapeneira.gal\\\/\"},{\"@type\":\"ListItem\",\"position\":2,\"name\":\"100 anos da viaxe de Pelai Mas e Galicia, 100 anos de fotograf\u00eda\"}]},{\"@type\":\"WebSite\",\"@id\":\"https:\\\/\\\/www.anovapeneira.gal\\\/#website\",\"url\":\"https:\\\/\\\/www.anovapeneira.gal\\\/\",\"name\":\"\",\"description\":\"Xornal galego de informaci\u00f3n xeral Publicaci\u00f3n mensual de novas de Galicia e en especial dos Concellos da sur da provincia de Pontevedra.\",\"publisher\":{\"@id\":\"https:\\\/\\\/www.anovapeneira.gal\\\/#organization\"},\"potentialAction\":[{\"@type\":\"SearchAction\",\"target\":{\"@type\":\"EntryPoint\",\"urlTemplate\":\"https:\\\/\\\/www.anovapeneira.gal\\\/?s={search_term_string}\"},\"query-input\":{\"@type\":\"PropertyValueSpecification\",\"valueRequired\":true,\"valueName\":\"search_term_string\"}}],\"inLanguage\":\"gl-ES\"},{\"@type\":\"Organization\",\"@id\":\"https:\\\/\\\/www.anovapeneira.gal\\\/#organization\",\"name\":\"A Nova Peneira\",\"url\":\"https:\\\/\\\/www.anovapeneira.gal\\\/\",\"logo\":{\"@type\":\"ImageObject\",\"inLanguage\":\"gl-ES\",\"@id\":\"https:\\\/\\\/www.anovapeneira.gal\\\/#\\\/schema\\\/logo\\\/image\\\/\",\"url\":\"http:\\\/\\\/www.anovapeneira.gal\\\/wp-content\\\/uploads\\\/2019\\\/06\\\/logo_a_nova_peneira_portal_web.png\",\"contentUrl\":\"http:\\\/\\\/www.anovapeneira.gal\\\/wp-content\\\/uploads\\\/2019\\\/06\\\/logo_a_nova_peneira_portal_web.png\",\"width\":300,\"height\":100,\"caption\":\"A Nova Peneira\"},\"image\":{\"@id\":\"https:\\\/\\\/www.anovapeneira.gal\\\/#\\\/schema\\\/logo\\\/image\\\/\"},\"sameAs\":[\"https:\\\/\\\/www.facebook.com\\\/anovapeneira\",\"https:\\\/\\\/x.com\\\/APeneira\"]},{\"@type\":\"Person\",\"@id\":\"https:\\\/\\\/www.anovapeneira.gal\\\/#\\\/schema\\\/person\\\/d9d84823564720e7593293bab054e52d\",\"name\":\"Marcos Santos\",\"image\":{\"@type\":\"ImageObject\",\"inLanguage\":\"gl-ES\",\"@id\":\"https:\\\/\\\/secure.gravatar.com\\\/avatar\\\/0e8017099a7a47c0a9d2275e865fe326484561eb3d70649069e4b8e61a8d2e8c?s=96&d=mm&r=g\",\"url\":\"https:\\\/\\\/secure.gravatar.com\\\/avatar\\\/0e8017099a7a47c0a9d2275e865fe326484561eb3d70649069e4b8e61a8d2e8c?s=96&d=mm&r=g\",\"contentUrl\":\"https:\\\/\\\/secure.gravatar.com\\\/avatar\\\/0e8017099a7a47c0a9d2275e865fe326484561eb3d70649069e4b8e61a8d2e8c?s=96&d=mm&r=g\",\"caption\":\"Marcos Santos\"},\"sameAs\":[\"http:\\\/\\\/anovapeneira.gal\"],\"url\":\"https:\\\/\\\/www.anovapeneira.gal\\\/index.php\\\/author\\\/marcos-santos\\\/\"}]}<\/script>\n<!-- \/ Yoast SEO plugin. -->","yoast_head_json":{"title":"100 anos da viaxe de Pelai Mas e Galicia, 100 anos de fotograf\u00eda -","robots":{"index":"index","follow":"follow","max-snippet":"max-snippet:-1","max-image-preview":"max-image-preview:large","max-video-preview":"max-video-preview:-1"},"canonical":"https:\/\/www.anovapeneira.gal\/index.php\/2019\/06\/24\/100-anos-da-viaxe-de-pelai-mas-e-galicia-100-anos-de-fotografia\/","og_locale":"gl_ES","og_type":"article","og_title":"100 anos da viaxe de Pelai Mas e Galicia, 100 anos de fotograf\u00eda -","og_description":"No ano 1919 dous fot\u00f3grafos catal\u00e1ns; Pelai Mas e Alejandro Antonelli viaxaban ao noso pa\u00eds, e dedic\u00e1ronse a fotografalo con obxecto de incrementar o Arquivo MAS, un fondo de imaxes creado polo pai de Pelai. [...]","og_url":"https:\/\/www.anovapeneira.gal\/index.php\/2019\/06\/24\/100-anos-da-viaxe-de-pelai-mas-e-galicia-100-anos-de-fotografia\/","article_publisher":"https:\/\/www.facebook.com\/anovapeneira","article_published_time":"2019-06-24T21:18:28+00:00","article_modified_time":"2019-08-25T10:44:50+00:00","og_image":[{"width":720,"height":473,"url":"https:\/\/www.anovapeneira.gal\/wp-content\/uploads\/2019\/07\/quino_vilas_luis_borines_a_nova_peneira.jpg","type":"image\/jpeg"}],"author":"Marcos Santos","twitter_card":"summary_large_image","twitter_creator":"@APeneira","twitter_site":"@APeneira","twitter_misc":{"Escrito por":"Marcos Santos","Tempo de lectura":"3 minutos"},"schema":{"@context":"https:\/\/schema.org","@graph":[{"@type":"Article","@id":"https:\/\/www.anovapeneira.gal\/index.php\/2019\/06\/24\/100-anos-da-viaxe-de-pelai-mas-e-galicia-100-anos-de-fotografia\/#article","isPartOf":{"@id":"https:\/\/www.anovapeneira.gal\/index.php\/2019\/06\/24\/100-anos-da-viaxe-de-pelai-mas-e-galicia-100-anos-de-fotografia\/"},"author":{"name":"Marcos Santos","@id":"https:\/\/www.anovapeneira.gal\/#\/schema\/person\/d9d84823564720e7593293bab054e52d"},"headline":"100 anos da viaxe de Pelai Mas e Galicia, 100 anos de fotograf\u00eda","datePublished":"2019-06-24T21:18:28+00:00","dateModified":"2019-08-25T10:44:50+00:00","mainEntityOfPage":{"@id":"https:\/\/www.anovapeneira.gal\/index.php\/2019\/06\/24\/100-anos-da-viaxe-de-pelai-mas-e-galicia-100-anos-de-fotografia\/"},"wordCount":564,"commentCount":0,"publisher":{"@id":"https:\/\/www.anovapeneira.gal\/#organization"},"image":{"@id":"https:\/\/www.anovapeneira.gal\/index.php\/2019\/06\/24\/100-anos-da-viaxe-de-pelai-mas-e-galicia-100-anos-de-fotografia\/#primaryimage"},"thumbnailUrl":"https:\/\/www.anovapeneira.gal\/wp-content\/uploads\/2019\/07\/quino_vilas_luis_borines_a_nova_peneira.jpg","keywords":["Alejandro Antonelli","Arquivo MAS","Cal 3","Concello de Redondela","Cultura","Fotograf\u00eda","Luis Borines","Pelai Mas","Quino Vilas","Saturno Cal"],"articleSection":["Redondela"],"inLanguage":"gl-ES","potentialAction":[{"@type":"CommentAction","name":"Comment","target":["https:\/\/www.anovapeneira.gal\/index.php\/2019\/06\/24\/100-anos-da-viaxe-de-pelai-mas-e-galicia-100-anos-de-fotografia\/#respond"]}]},{"@type":"WebPage","@id":"https:\/\/www.anovapeneira.gal\/index.php\/2019\/06\/24\/100-anos-da-viaxe-de-pelai-mas-e-galicia-100-anos-de-fotografia\/","url":"https:\/\/www.anovapeneira.gal\/index.php\/2019\/06\/24\/100-anos-da-viaxe-de-pelai-mas-e-galicia-100-anos-de-fotografia\/","name":"100 anos da viaxe de Pelai Mas e Galicia, 100 anos de fotograf\u00eda -","isPartOf":{"@id":"https:\/\/www.anovapeneira.gal\/#website"},"primaryImageOfPage":{"@id":"https:\/\/www.anovapeneira.gal\/index.php\/2019\/06\/24\/100-anos-da-viaxe-de-pelai-mas-e-galicia-100-anos-de-fotografia\/#primaryimage"},"image":{"@id":"https:\/\/www.anovapeneira.gal\/index.php\/2019\/06\/24\/100-anos-da-viaxe-de-pelai-mas-e-galicia-100-anos-de-fotografia\/#primaryimage"},"thumbnailUrl":"https:\/\/www.anovapeneira.gal\/wp-content\/uploads\/2019\/07\/quino_vilas_luis_borines_a_nova_peneira.jpg","datePublished":"2019-06-24T21:18:28+00:00","dateModified":"2019-08-25T10:44:50+00:00","breadcrumb":{"@id":"https:\/\/www.anovapeneira.gal\/index.php\/2019\/06\/24\/100-anos-da-viaxe-de-pelai-mas-e-galicia-100-anos-de-fotografia\/#breadcrumb"},"inLanguage":"gl-ES","potentialAction":[{"@type":"ReadAction","target":["https:\/\/www.anovapeneira.gal\/index.php\/2019\/06\/24\/100-anos-da-viaxe-de-pelai-mas-e-galicia-100-anos-de-fotografia\/"]}]},{"@type":"ImageObject","inLanguage":"gl-ES","@id":"https:\/\/www.anovapeneira.gal\/index.php\/2019\/06\/24\/100-anos-da-viaxe-de-pelai-mas-e-galicia-100-anos-de-fotografia\/#primaryimage","url":"https:\/\/www.anovapeneira.gal\/wp-content\/uploads\/2019\/07\/quino_vilas_luis_borines_a_nova_peneira.jpg","contentUrl":"https:\/\/www.anovapeneira.gal\/wp-content\/uploads\/2019\/07\/quino_vilas_luis_borines_a_nova_peneira.jpg","width":720,"height":473,"caption":"Quino Vilas Luis Borines A Nova Peneira"},{"@type":"BreadcrumbList","@id":"https:\/\/www.anovapeneira.gal\/index.php\/2019\/06\/24\/100-anos-da-viaxe-de-pelai-mas-e-galicia-100-anos-de-fotografia\/#breadcrumb","itemListElement":[{"@type":"ListItem","position":1,"name":"Portada","item":"https:\/\/www.anovapeneira.gal\/"},{"@type":"ListItem","position":2,"name":"100 anos da viaxe de Pelai Mas e Galicia, 100 anos de fotograf\u00eda"}]},{"@type":"WebSite","@id":"https:\/\/www.anovapeneira.gal\/#website","url":"https:\/\/www.anovapeneira.gal\/","name":"","description":"Xornal galego de informaci\u00f3n xeral Publicaci\u00f3n mensual de novas de Galicia e en especial dos Concellos da sur da provincia de Pontevedra.","publisher":{"@id":"https:\/\/www.anovapeneira.gal\/#organization"},"potentialAction":[{"@type":"SearchAction","target":{"@type":"EntryPoint","urlTemplate":"https:\/\/www.anovapeneira.gal\/?s={search_term_string}"},"query-input":{"@type":"PropertyValueSpecification","valueRequired":true,"valueName":"search_term_string"}}],"inLanguage":"gl-ES"},{"@type":"Organization","@id":"https:\/\/www.anovapeneira.gal\/#organization","name":"A Nova Peneira","url":"https:\/\/www.anovapeneira.gal\/","logo":{"@type":"ImageObject","inLanguage":"gl-ES","@id":"https:\/\/www.anovapeneira.gal\/#\/schema\/logo\/image\/","url":"http:\/\/www.anovapeneira.gal\/wp-content\/uploads\/2019\/06\/logo_a_nova_peneira_portal_web.png","contentUrl":"http:\/\/www.anovapeneira.gal\/wp-content\/uploads\/2019\/06\/logo_a_nova_peneira_portal_web.png","width":300,"height":100,"caption":"A Nova Peneira"},"image":{"@id":"https:\/\/www.anovapeneira.gal\/#\/schema\/logo\/image\/"},"sameAs":["https:\/\/www.facebook.com\/anovapeneira","https:\/\/x.com\/APeneira"]},{"@type":"Person","@id":"https:\/\/www.anovapeneira.gal\/#\/schema\/person\/d9d84823564720e7593293bab054e52d","name":"Marcos Santos","image":{"@type":"ImageObject","inLanguage":"gl-ES","@id":"https:\/\/secure.gravatar.com\/avatar\/0e8017099a7a47c0a9d2275e865fe326484561eb3d70649069e4b8e61a8d2e8c?s=96&d=mm&r=g","url":"https:\/\/secure.gravatar.com\/avatar\/0e8017099a7a47c0a9d2275e865fe326484561eb3d70649069e4b8e61a8d2e8c?s=96&d=mm&r=g","contentUrl":"https:\/\/secure.gravatar.com\/avatar\/0e8017099a7a47c0a9d2275e865fe326484561eb3d70649069e4b8e61a8d2e8c?s=96&d=mm&r=g","caption":"Marcos Santos"},"sameAs":["http:\/\/anovapeneira.gal"],"url":"https:\/\/www.anovapeneira.gal\/index.php\/author\/marcos-santos\/"}]}},"jetpack_featured_media_url":"https:\/\/www.anovapeneira.gal\/wp-content\/uploads\/2019\/07\/quino_vilas_luis_borines_a_nova_peneira.jpg","_links":{"self":[{"href":"https:\/\/www.anovapeneira.gal\/index.php\/wp-json\/wp\/v2\/posts\/489","targetHints":{"allow":["GET"]}}],"collection":[{"href":"https:\/\/www.anovapeneira.gal\/index.php\/wp-json\/wp\/v2\/posts"}],"about":[{"href":"https:\/\/www.anovapeneira.gal\/index.php\/wp-json\/wp\/v2\/types\/post"}],"author":[{"embeddable":true,"href":"https:\/\/www.anovapeneira.gal\/index.php\/wp-json\/wp\/v2\/users\/6"}],"replies":[{"embeddable":true,"href":"https:\/\/www.anovapeneira.gal\/index.php\/wp-json\/wp\/v2\/comments?post=489"}],"version-history":[{"count":1,"href":"https:\/\/www.anovapeneira.gal\/index.php\/wp-json\/wp\/v2\/posts\/489\/revisions"}],"predecessor-version":[{"id":491,"href":"https:\/\/www.anovapeneira.gal\/index.php\/wp-json\/wp\/v2\/posts\/489\/revisions\/491"}],"wp:featuredmedia":[{"embeddable":true,"href":"https:\/\/www.anovapeneira.gal\/index.php\/wp-json\/wp\/v2\/media\/490"}],"wp:attachment":[{"href":"https:\/\/www.anovapeneira.gal\/index.php\/wp-json\/wp\/v2\/media?parent=489"}],"wp:term":[{"taxonomy":"category","embeddable":true,"href":"https:\/\/www.anovapeneira.gal\/index.php\/wp-json\/wp\/v2\/categories?post=489"},{"taxonomy":"post_tag","embeddable":true,"href":"https:\/\/www.anovapeneira.gal\/index.php\/wp-json\/wp\/v2\/tags?post=489"}],"curies":[{"name":"wp","href":"https:\/\/api.w.org\/{rel}","templated":true}]}}