{"id":4898,"date":"2021-02-22T10:00:47","date_gmt":"2021-02-22T09:00:47","guid":{"rendered":"http:\/\/www.anovapeneira.gal\/?p=4898"},"modified":"2021-02-17T17:27:34","modified_gmt":"2021-02-17T16:27:34","slug":"a-memoria-do-pais-pide-a-retirada-da-cruz-falanxista-de-celanova","status":"publish","type":"post","link":"https:\/\/www.anovapeneira.gal\/index.php\/2021\/02\/22\/a-memoria-do-pais-pide-a-retirada-da-cruz-falanxista-de-celanova\/","title":{"rendered":"A memoria do pa\u00eds pide a retirada da cruz falanxista de Celanova"},"content":{"rendered":"\n<h2 class=\"wp-block-heading\">Ferr\u00edn, Alonso Montero, os fillos de Celso Emilio, Pepe Velo e Lu\u00eds Soto, m\u00e1is de 50 entidades e colectivos que traballan pola memoria hist\u00f3rica e os principais historiadores e investigadores do pa\u00eds, entre as m\u00e1is de 200 sinaturas que apoian a iniciativa do Comit\u00e9 de Memoria Hist\u00f3rica da Comarca de Celanova<\/h2>\n\n\n\n<p><br><strong>LIGAZ\u00d3N PARA ASINAR O MANIFESTO<\/strong>:\u00a0<a href=\"https:\/\/forms.gle\/a2v7c8G4M5Mhf4HH7\" target=\"_blank\" rel=\"noreferrer noopener\">https:\/\/forms.gle\/a2v7c8G4M5Mhf4HH7<\/a><br><br><br><strong>Celanova, 16 de febreiro de 2021.<\/strong><\/p>\n\n\n\n<p>O Comit\u00e9 de Memoria Hist\u00f3rica da Comarca de Celanova promove nun manifesto a eliminaci\u00f3n do monumento fascista da cruz dos ca\u00eddos levantada en 1939 por falanxistas no Outeiro da Obra, en Celanova. O Comit\u00e9 advirte que este s\u00edmbolo \u00e9 unha exaltaci\u00f3n p\u00fablica e vis\u00edbel do golpe de Estado de 1936 contra a legalidade republicana, a guerra e a represi\u00f3n pol\u00edtica durante a ditadura franquista, polo que est\u00e1 afectado pola Lei estatal de Memoria Hist\u00f3rica, e pedir\u00e1 a s\u00faa retirada polo \u00f3rgano competente que sinala a mesma lei, o Concello de Celanova.<br><br>O manifesto que se fai p\u00fablico este 16 de febreiro -coincidindo coa data das \u00faltimas elecci\u00f3ns da Segunda Rep\u00fablica- est\u00e1 apoiado pola pr\u00e1ctica totalidade das entidades de memoria hist\u00f3rica da Galiza as\u00ed como por outros colectivos que traballan neste \u00e1mbito, e incl\u00fae asociaci\u00f3ns de Asturias, Castela e Le\u00f3n, Madrid e Euskadi. Entre os asinantes do manifestos figuran 2 ex presidentes da Real Academia Galega, Xos\u00e9 Lu\u00eds M\u00e9ndez Ferr\u00edn e Xes\u00fas Alonso Montero, os fillos de figuras destacadas do republicanismo e o galeguismo na Rep\u00fablica e na posguerra, como Francisco Xabier e Luis, fillos de Celso Emilio Ferreiro; V\u00edctor, fillo de Pepe Velo, que prestou o seu apoio desde Brasil; e, desde M\u00e9xico, Lu\u00eds Soto, fillo de Lu\u00eds Soto, que acompa\u00f1ou a Castelao na xira diplom\u00e1tica en defensa da Rep\u00fablica durante a guerra.<br><br><strong>PREMIOS CELANOVA E HISTORIADORES.<\/strong>&nbsp;Entre as m\u00e1is de duascentas adhesi\u00f3ns recibidas desde principio de mes est\u00e1n 5 personalidades distinguidas co Premio Celanova Casa dos Poetas (o escritor Manuel Rivas e os actores Lu\u00eds Tosar e Isabel Blanco, ademais de Ferr\u00edn e Alonso Montero) e os principais historiadores da memoria hist\u00f3rica e investigadores das tres universidades do pa\u00eds. Entre eles, Aurora Marco, Bernardo M\u00e1iz, Dion\u00edsio Pereira, Xos\u00e9 Manuel N\u00fa\u00f1ez Seixas (coordinador da comisi\u00f3n no Parlamento galego sobre a recuperaci\u00f3n do Pazo de Meir\u00e1s), Lourenzo Fern\u00e1ndez Prieto, Ux\u00edo Breog\u00e1n Di\u00e9guez, os autores de &#8216;Meir\u00e1s, un caudillo, un pazo, un espolio&#8217;, Carlos Bab\u00edo e Manuel P\u00e9rez, que serviu de base documental para a demanda do Estado por Meir\u00e1s, Ant\u00f3n Mascato, Eliseo Fern\u00e1ndez e Carlos M\u00e9ixome. Para o Comit\u00e9 \u00e9 unha honra contar coa adhesi\u00f3n e os consellos de activistas incans\u00e1beis na loita pola memoria das v\u00edtimas como Manuel Monge e Telmo Comesa\u00f1a, e no \u00e1mbito m\u00e1is pr\u00f3ximo Carlos Morais e David Sim\u00f3n.<br>&nbsp; &nbsp; &nbsp; &nbsp;<br><strong>INTELECTUAIS.<\/strong>&nbsp;O manifesto tam\u00e9n est\u00e1 asinado por intelectuais como Mar\u00eda Xos\u00e9 Queiz\u00e1n, Ram\u00f3n L\u00f3pez Suevos, Margarita Ledo ou Nemesio Barxa, entre outros; xunto a personalidades principais da cultura como as poetas Eva Veiga e Yolanda Casta\u00f1o, as escritoras Ledicia Costas, Marga do Val, Ram\u00f3n Caride e Ant\u00f3n Riveiro Coello, entre outras; a cantante Carme Penim e o pianista Maurizio Polsinelli, o escultor Caxigueiro e o dese\u00f1ador Xos\u00e9 Vizoso, autor do Mural do Furriolo, que se comprometeu a restaurar coa axuda do Comit\u00e9. &nbsp;<br>Ademais, entre as 219 sinaturas iniciais do manifesto, est\u00e1n as de Anxo Angueira, actual presidente da Fundaci\u00f3n Rosal\u00eda, e de Xilberte Manso, vicerreitor do Instituto de Estudos Mi\u00f1orans, ambos mestres no Instituto de Celanova.<br><br>Polo seu labor de recuperaci\u00f3n da memoria hist\u00f3rica ourens\u00e1, o Comit\u00e9 agradece especialmente apoios como o do profesor Xos\u00e9 Manuel Cid e de historiadores e investigadores como Ricardo Gurriar\u00e1n Rodr\u00edguez, Xerardo Dasairas e Edelmiro Mart\u00ednez Cerredelo, entre outros.<br><br><strong>NOVAS ADHESI\u00d3NS.<\/strong>&nbsp;No manifesto que agora se presenta para recoller novas adhesi\u00f3ns, singularmente entre a veci\u00f1anza de Celanova e da Comarca de Celanova, o Comit\u00e9 indica que &#8220;o Concello debe cumprir a lei como primeiro paso no reco\u00f1ecemento da dignidade das v\u00edtimas do franquismo e co horizonte de satisfacer os principios de verdade, xustiza e reparaci\u00f3n que impulsan o labor dos colectivos memorial\u00edsticos ao abeiro das Naci\u00f3ns Unidas&#8221;. E convida \u00e1s veci\u00f1as e veci\u00f1os de toda a comarca &#8220;a levantar o manto de silencio que tapa as biograf\u00edas de todas aquelas persoas que desde o seu desempe\u00f1o profesional, vital e pol\u00edtico promoveron os valores republicanos antes de 1936 e que foron represaliados polos golpistas e o poder ilegal que se instaurou no Estado durante as catro d\u00e9cadas seguintes&#8221;.<br><br>Por \u00faltimo, desde o texto, os adherentes e o Comit\u00e9 alentan o debate democr\u00e1tico que xurdir\u00e1 ap\u00f3s da &#8220;eliminaci\u00f3n do s\u00edmbolo fascista que alimentou o medo durante m\u00e1is de oitenta anos&#8221; como &#8220;unha oportunidade para dialogar co pasado, sobre todo con ese pasado que se nos negou: o das v\u00edtimas, como eses 7 \u00faltimos presos fusilados pola Bandera de Falange de Marruecos en setembro do 39, e cos legados de personalidades como Lu\u00eds Soto, Pepe Velo, Celso Emilio ou Xulio Gonz\u00e1lez [mestre executado en Verea], entre outros e outras que foron borradas da historia&#8221;.<\/p>\n\n\n\n<p>Comit\u00e9 de Memoria Hist\u00f3rica da Comarca de Celanova<\/p>\n","protected":false},"excerpt":{"rendered":"<div class=\"mh-excerpt\"><p>Ferr\u00edn, Alonso Montero, os fillos de Celso Emilio, Pepe Velo e Lu\u00eds Soto, m\u00e1is de 50 entidades e colectivos que traballan pola memoria hist\u00f3rica e os principais historiadores e investigadores do pa\u00eds, entre as m\u00e1is de 200 sinaturas que apoian a iniciativa do Comit\u00e9 de Memoria Hist\u00f3rica da Comarca de Celanova <a class=\"mh-excerpt-more\" href=\"https:\/\/www.anovapeneira.gal\/index.php\/2021\/02\/22\/a-memoria-do-pais-pide-a-retirada-da-cruz-falanxista-de-celanova\/\" title=\"A memoria do pa\u00eds pide a retirada da cruz falanxista de Celanova\">[&#8230;]<\/a><\/p>\n<\/div>","protected":false},"author":3,"featured_media":4900,"comment_status":"open","ping_status":"open","sticky":false,"template":"","format":"standard","meta":{"_exactmetrics_skip_tracking":false,"_exactmetrics_sitenote_active":false,"_exactmetrics_sitenote_note":"","_exactmetrics_sitenote_category":0,"footnotes":""},"categories":[263],"tags":[1230,448],"class_list":{"0":"post-4898","1":"post","2":"type-post","3":"status-publish","4":"format-standard","5":"has-post-thumbnail","7":"category-novas","8":"tag-concello-de-celanova","9":"tag-memoria-historica"},"yoast_head":"<!-- This site is optimized with the Yoast SEO plugin v27.4 - https:\/\/yoast.com\/product\/yoast-seo-wordpress\/ -->\n<title>A memoria do pa\u00eds pide a retirada da cruz falanxista de Celanova -<\/title>\n<meta name=\"description\" content=\"Ferr\u00edn, Alonso Montero, os fillos de Celso Emilio, Pepe Velo e Lu\u00eds Soto, m\u00e1is de 50 entidades e colectivos que traballan pola memoria hist\u00f3rica e os principais historiadores e investigadores do pa\u00eds, entre as m\u00e1is de 200 sinaturas que apoian a iniciativa do Comit\u00e9 de Memoria Hist\u00f3rica da Comarca de Celanova\" \/>\n<meta name=\"robots\" content=\"index, follow, max-snippet:-1, max-image-preview:large, max-video-preview:-1\" \/>\n<link rel=\"canonical\" href=\"https:\/\/www.anovapeneira.gal\/index.php\/2021\/02\/22\/a-memoria-do-pais-pide-a-retirada-da-cruz-falanxista-de-celanova\/\" \/>\n<meta property=\"og:locale\" content=\"gl_ES\" \/>\n<meta property=\"og:type\" content=\"article\" \/>\n<meta property=\"og:title\" content=\"A memoria do pa\u00eds pide a retirada da cruz falanxista de Celanova -\" \/>\n<meta property=\"og:description\" content=\"Ferr\u00edn, Alonso Montero, os fillos de Celso Emilio, Pepe Velo e Lu\u00eds Soto, m\u00e1is de 50 entidades e colectivos que traballan pola memoria hist\u00f3rica e os principais historiadores e investigadores do pa\u00eds, entre as m\u00e1is de 200 sinaturas que apoian a iniciativa do Comit\u00e9 de Memoria Hist\u00f3rica da Comarca de Celanova\" \/>\n<meta property=\"og:url\" content=\"https:\/\/www.anovapeneira.gal\/index.php\/2021\/02\/22\/a-memoria-do-pais-pide-a-retirada-da-cruz-falanxista-de-celanova\/\" \/>\n<meta property=\"article:publisher\" content=\"https:\/\/www.facebook.com\/anovapeneira\" \/>\n<meta property=\"article:published_time\" content=\"2021-02-22T09:00:47+00:00\" \/>\n<meta property=\"og:image\" content=\"https:\/\/www.anovapeneira.gal\/wp-content\/uploads\/2021\/02\/monumento-Monte-da-Obra.jpg\" \/>\n\t<meta property=\"og:image:width\" content=\"720\" \/>\n\t<meta property=\"og:image:height\" content=\"432\" \/>\n\t<meta property=\"og:image:type\" content=\"image\/jpeg\" \/>\n<meta name=\"author\" content=\"Redacci\u00f3n A Nova Peneira\" \/>\n<meta name=\"twitter:card\" content=\"summary_large_image\" \/>\n<meta name=\"twitter:creator\" content=\"@APeneira\" \/>\n<meta name=\"twitter:site\" content=\"@APeneira\" \/>\n<meta name=\"twitter:label1\" content=\"Escrito por\" \/>\n\t<meta name=\"twitter:data1\" content=\"Redacci\u00f3n A Nova Peneira\" \/>\n\t<meta name=\"twitter:label2\" content=\"Tempo de lectura\" \/>\n\t<meta name=\"twitter:data2\" content=\"4 minutos\" \/>\n<script type=\"application\/ld+json\" class=\"yoast-schema-graph\">{\"@context\":\"https:\\\/\\\/schema.org\",\"@graph\":[{\"@type\":\"Article\",\"@id\":\"https:\\\/\\\/www.anovapeneira.gal\\\/index.php\\\/2021\\\/02\\\/22\\\/a-memoria-do-pais-pide-a-retirada-da-cruz-falanxista-de-celanova\\\/#article\",\"isPartOf\":{\"@id\":\"https:\\\/\\\/www.anovapeneira.gal\\\/index.php\\\/2021\\\/02\\\/22\\\/a-memoria-do-pais-pide-a-retirada-da-cruz-falanxista-de-celanova\\\/\"},\"author\":{\"name\":\"Redacci\u00f3n A Nova Peneira\",\"@id\":\"https:\\\/\\\/www.anovapeneira.gal\\\/#\\\/schema\\\/person\\\/b93e3f8932e3f8da96334607eb6ac6aa\"},\"headline\":\"A memoria do pa\u00eds pide a retirada da cruz falanxista de Celanova\",\"datePublished\":\"2021-02-22T09:00:47+00:00\",\"mainEntityOfPage\":{\"@id\":\"https:\\\/\\\/www.anovapeneira.gal\\\/index.php\\\/2021\\\/02\\\/22\\\/a-memoria-do-pais-pide-a-retirada-da-cruz-falanxista-de-celanova\\\/\"},\"wordCount\":955,\"commentCount\":0,\"publisher\":{\"@id\":\"https:\\\/\\\/www.anovapeneira.gal\\\/#organization\"},\"image\":{\"@id\":\"https:\\\/\\\/www.anovapeneira.gal\\\/index.php\\\/2021\\\/02\\\/22\\\/a-memoria-do-pais-pide-a-retirada-da-cruz-falanxista-de-celanova\\\/#primaryimage\"},\"thumbnailUrl\":\"https:\\\/\\\/www.anovapeneira.gal\\\/wp-content\\\/uploads\\\/2021\\\/02\\\/monumento-Monte-da-Obra.jpg\",\"keywords\":[\"Concello de Celanova\",\"Memoria hist\u00f3rica\"],\"articleSection\":[\"Novas\"],\"inLanguage\":\"gl-ES\",\"potentialAction\":[{\"@type\":\"CommentAction\",\"name\":\"Comment\",\"target\":[\"https:\\\/\\\/www.anovapeneira.gal\\\/index.php\\\/2021\\\/02\\\/22\\\/a-memoria-do-pais-pide-a-retirada-da-cruz-falanxista-de-celanova\\\/#respond\"]}]},{\"@type\":\"WebPage\",\"@id\":\"https:\\\/\\\/www.anovapeneira.gal\\\/index.php\\\/2021\\\/02\\\/22\\\/a-memoria-do-pais-pide-a-retirada-da-cruz-falanxista-de-celanova\\\/\",\"url\":\"https:\\\/\\\/www.anovapeneira.gal\\\/index.php\\\/2021\\\/02\\\/22\\\/a-memoria-do-pais-pide-a-retirada-da-cruz-falanxista-de-celanova\\\/\",\"name\":\"A memoria do pa\u00eds pide a retirada da cruz falanxista de Celanova -\",\"isPartOf\":{\"@id\":\"https:\\\/\\\/www.anovapeneira.gal\\\/#website\"},\"primaryImageOfPage\":{\"@id\":\"https:\\\/\\\/www.anovapeneira.gal\\\/index.php\\\/2021\\\/02\\\/22\\\/a-memoria-do-pais-pide-a-retirada-da-cruz-falanxista-de-celanova\\\/#primaryimage\"},\"image\":{\"@id\":\"https:\\\/\\\/www.anovapeneira.gal\\\/index.php\\\/2021\\\/02\\\/22\\\/a-memoria-do-pais-pide-a-retirada-da-cruz-falanxista-de-celanova\\\/#primaryimage\"},\"thumbnailUrl\":\"https:\\\/\\\/www.anovapeneira.gal\\\/wp-content\\\/uploads\\\/2021\\\/02\\\/monumento-Monte-da-Obra.jpg\",\"datePublished\":\"2021-02-22T09:00:47+00:00\",\"description\":\"Ferr\u00edn, Alonso Montero, os fillos de Celso Emilio, Pepe Velo e Lu\u00eds Soto, m\u00e1is de 50 entidades e colectivos que traballan pola memoria hist\u00f3rica e os principais historiadores e investigadores do pa\u00eds, entre as m\u00e1is de 200 sinaturas que apoian a iniciativa do Comit\u00e9 de Memoria Hist\u00f3rica da Comarca de Celanova\",\"breadcrumb\":{\"@id\":\"https:\\\/\\\/www.anovapeneira.gal\\\/index.php\\\/2021\\\/02\\\/22\\\/a-memoria-do-pais-pide-a-retirada-da-cruz-falanxista-de-celanova\\\/#breadcrumb\"},\"inLanguage\":\"gl-ES\",\"potentialAction\":[{\"@type\":\"ReadAction\",\"target\":[\"https:\\\/\\\/www.anovapeneira.gal\\\/index.php\\\/2021\\\/02\\\/22\\\/a-memoria-do-pais-pide-a-retirada-da-cruz-falanxista-de-celanova\\\/\"]}]},{\"@type\":\"ImageObject\",\"inLanguage\":\"gl-ES\",\"@id\":\"https:\\\/\\\/www.anovapeneira.gal\\\/index.php\\\/2021\\\/02\\\/22\\\/a-memoria-do-pais-pide-a-retirada-da-cruz-falanxista-de-celanova\\\/#primaryimage\",\"url\":\"https:\\\/\\\/www.anovapeneira.gal\\\/wp-content\\\/uploads\\\/2021\\\/02\\\/monumento-Monte-da-Obra.jpg\",\"contentUrl\":\"https:\\\/\\\/www.anovapeneira.gal\\\/wp-content\\\/uploads\\\/2021\\\/02\\\/monumento-Monte-da-Obra.jpg\",\"width\":720,\"height\":432,\"caption\":\"Monumento monte da Obra Celanova Memoria hist\u00f3rica\"},{\"@type\":\"BreadcrumbList\",\"@id\":\"https:\\\/\\\/www.anovapeneira.gal\\\/index.php\\\/2021\\\/02\\\/22\\\/a-memoria-do-pais-pide-a-retirada-da-cruz-falanxista-de-celanova\\\/#breadcrumb\",\"itemListElement\":[{\"@type\":\"ListItem\",\"position\":1,\"name\":\"Portada\",\"item\":\"https:\\\/\\\/www.anovapeneira.gal\\\/\"},{\"@type\":\"ListItem\",\"position\":2,\"name\":\"A memoria do pa\u00eds pide a retirada da cruz falanxista de Celanova\"}]},{\"@type\":\"WebSite\",\"@id\":\"https:\\\/\\\/www.anovapeneira.gal\\\/#website\",\"url\":\"https:\\\/\\\/www.anovapeneira.gal\\\/\",\"name\":\"\",\"description\":\"Xornal galego de informaci\u00f3n xeral Publicaci\u00f3n mensual de novas de Galicia e en especial dos Concellos da sur da provincia de Pontevedra.\",\"publisher\":{\"@id\":\"https:\\\/\\\/www.anovapeneira.gal\\\/#organization\"},\"potentialAction\":[{\"@type\":\"SearchAction\",\"target\":{\"@type\":\"EntryPoint\",\"urlTemplate\":\"https:\\\/\\\/www.anovapeneira.gal\\\/?s={search_term_string}\"},\"query-input\":{\"@type\":\"PropertyValueSpecification\",\"valueRequired\":true,\"valueName\":\"search_term_string\"}}],\"inLanguage\":\"gl-ES\"},{\"@type\":\"Organization\",\"@id\":\"https:\\\/\\\/www.anovapeneira.gal\\\/#organization\",\"name\":\"A Nova Peneira\",\"url\":\"https:\\\/\\\/www.anovapeneira.gal\\\/\",\"logo\":{\"@type\":\"ImageObject\",\"inLanguage\":\"gl-ES\",\"@id\":\"https:\\\/\\\/www.anovapeneira.gal\\\/#\\\/schema\\\/logo\\\/image\\\/\",\"url\":\"http:\\\/\\\/www.anovapeneira.gal\\\/wp-content\\\/uploads\\\/2019\\\/06\\\/logo_a_nova_peneira_portal_web.png\",\"contentUrl\":\"http:\\\/\\\/www.anovapeneira.gal\\\/wp-content\\\/uploads\\\/2019\\\/06\\\/logo_a_nova_peneira_portal_web.png\",\"width\":300,\"height\":100,\"caption\":\"A Nova Peneira\"},\"image\":{\"@id\":\"https:\\\/\\\/www.anovapeneira.gal\\\/#\\\/schema\\\/logo\\\/image\\\/\"},\"sameAs\":[\"https:\\\/\\\/www.facebook.com\\\/anovapeneira\",\"https:\\\/\\\/x.com\\\/APeneira\"]},{\"@type\":\"Person\",\"@id\":\"https:\\\/\\\/www.anovapeneira.gal\\\/#\\\/schema\\\/person\\\/b93e3f8932e3f8da96334607eb6ac6aa\",\"name\":\"Redacci\u00f3n A Nova Peneira\",\"image\":{\"@type\":\"ImageObject\",\"inLanguage\":\"gl-ES\",\"@id\":\"https:\\\/\\\/secure.gravatar.com\\\/avatar\\\/c052a2551a06e23fac63626232eaa90abd78dbcf1700fc46a2b2c89fd27b735f?s=96&d=mm&r=g\",\"url\":\"https:\\\/\\\/secure.gravatar.com\\\/avatar\\\/c052a2551a06e23fac63626232eaa90abd78dbcf1700fc46a2b2c89fd27b735f?s=96&d=mm&r=g\",\"contentUrl\":\"https:\\\/\\\/secure.gravatar.com\\\/avatar\\\/c052a2551a06e23fac63626232eaa90abd78dbcf1700fc46a2b2c89fd27b735f?s=96&d=mm&r=g\",\"caption\":\"Redacci\u00f3n A Nova Peneira\"},\"sameAs\":[\"http:\\\/\\\/www.anovapeneira.gal\\\/\"],\"url\":\"https:\\\/\\\/www.anovapeneira.gal\\\/index.php\\\/author\\\/redactor\\\/\"}]}<\/script>\n<!-- \/ Yoast SEO plugin. -->","yoast_head_json":{"title":"A memoria do pa\u00eds pide a retirada da cruz falanxista de Celanova -","description":"Ferr\u00edn, Alonso Montero, os fillos de Celso Emilio, Pepe Velo e Lu\u00eds Soto, m\u00e1is de 50 entidades e colectivos que traballan pola memoria hist\u00f3rica e os principais historiadores e investigadores do pa\u00eds, entre as m\u00e1is de 200 sinaturas que apoian a iniciativa do Comit\u00e9 de Memoria Hist\u00f3rica da Comarca de Celanova","robots":{"index":"index","follow":"follow","max-snippet":"max-snippet:-1","max-image-preview":"max-image-preview:large","max-video-preview":"max-video-preview:-1"},"canonical":"https:\/\/www.anovapeneira.gal\/index.php\/2021\/02\/22\/a-memoria-do-pais-pide-a-retirada-da-cruz-falanxista-de-celanova\/","og_locale":"gl_ES","og_type":"article","og_title":"A memoria do pa\u00eds pide a retirada da cruz falanxista de Celanova -","og_description":"Ferr\u00edn, Alonso Montero, os fillos de Celso Emilio, Pepe Velo e Lu\u00eds Soto, m\u00e1is de 50 entidades e colectivos que traballan pola memoria hist\u00f3rica e os principais historiadores e investigadores do pa\u00eds, entre as m\u00e1is de 200 sinaturas que apoian a iniciativa do Comit\u00e9 de Memoria Hist\u00f3rica da Comarca de Celanova","og_url":"https:\/\/www.anovapeneira.gal\/index.php\/2021\/02\/22\/a-memoria-do-pais-pide-a-retirada-da-cruz-falanxista-de-celanova\/","article_publisher":"https:\/\/www.facebook.com\/anovapeneira","article_published_time":"2021-02-22T09:00:47+00:00","og_image":[{"width":720,"height":432,"url":"https:\/\/www.anovapeneira.gal\/wp-content\/uploads\/2021\/02\/monumento-Monte-da-Obra.jpg","type":"image\/jpeg"}],"author":"Redacci\u00f3n A Nova Peneira","twitter_card":"summary_large_image","twitter_creator":"@APeneira","twitter_site":"@APeneira","twitter_misc":{"Escrito por":"Redacci\u00f3n A Nova Peneira","Tempo de lectura":"4 minutos"},"schema":{"@context":"https:\/\/schema.org","@graph":[{"@type":"Article","@id":"https:\/\/www.anovapeneira.gal\/index.php\/2021\/02\/22\/a-memoria-do-pais-pide-a-retirada-da-cruz-falanxista-de-celanova\/#article","isPartOf":{"@id":"https:\/\/www.anovapeneira.gal\/index.php\/2021\/02\/22\/a-memoria-do-pais-pide-a-retirada-da-cruz-falanxista-de-celanova\/"},"author":{"name":"Redacci\u00f3n A Nova Peneira","@id":"https:\/\/www.anovapeneira.gal\/#\/schema\/person\/b93e3f8932e3f8da96334607eb6ac6aa"},"headline":"A memoria do pa\u00eds pide a retirada da cruz falanxista de Celanova","datePublished":"2021-02-22T09:00:47+00:00","mainEntityOfPage":{"@id":"https:\/\/www.anovapeneira.gal\/index.php\/2021\/02\/22\/a-memoria-do-pais-pide-a-retirada-da-cruz-falanxista-de-celanova\/"},"wordCount":955,"commentCount":0,"publisher":{"@id":"https:\/\/www.anovapeneira.gal\/#organization"},"image":{"@id":"https:\/\/www.anovapeneira.gal\/index.php\/2021\/02\/22\/a-memoria-do-pais-pide-a-retirada-da-cruz-falanxista-de-celanova\/#primaryimage"},"thumbnailUrl":"https:\/\/www.anovapeneira.gal\/wp-content\/uploads\/2021\/02\/monumento-Monte-da-Obra.jpg","keywords":["Concello de Celanova","Memoria hist\u00f3rica"],"articleSection":["Novas"],"inLanguage":"gl-ES","potentialAction":[{"@type":"CommentAction","name":"Comment","target":["https:\/\/www.anovapeneira.gal\/index.php\/2021\/02\/22\/a-memoria-do-pais-pide-a-retirada-da-cruz-falanxista-de-celanova\/#respond"]}]},{"@type":"WebPage","@id":"https:\/\/www.anovapeneira.gal\/index.php\/2021\/02\/22\/a-memoria-do-pais-pide-a-retirada-da-cruz-falanxista-de-celanova\/","url":"https:\/\/www.anovapeneira.gal\/index.php\/2021\/02\/22\/a-memoria-do-pais-pide-a-retirada-da-cruz-falanxista-de-celanova\/","name":"A memoria do pa\u00eds pide a retirada da cruz falanxista de Celanova -","isPartOf":{"@id":"https:\/\/www.anovapeneira.gal\/#website"},"primaryImageOfPage":{"@id":"https:\/\/www.anovapeneira.gal\/index.php\/2021\/02\/22\/a-memoria-do-pais-pide-a-retirada-da-cruz-falanxista-de-celanova\/#primaryimage"},"image":{"@id":"https:\/\/www.anovapeneira.gal\/index.php\/2021\/02\/22\/a-memoria-do-pais-pide-a-retirada-da-cruz-falanxista-de-celanova\/#primaryimage"},"thumbnailUrl":"https:\/\/www.anovapeneira.gal\/wp-content\/uploads\/2021\/02\/monumento-Monte-da-Obra.jpg","datePublished":"2021-02-22T09:00:47+00:00","description":"Ferr\u00edn, Alonso Montero, os fillos de Celso Emilio, Pepe Velo e Lu\u00eds Soto, m\u00e1is de 50 entidades e colectivos que traballan pola memoria hist\u00f3rica e os principais historiadores e investigadores do pa\u00eds, entre as m\u00e1is de 200 sinaturas que apoian a iniciativa do Comit\u00e9 de Memoria Hist\u00f3rica da Comarca de Celanova","breadcrumb":{"@id":"https:\/\/www.anovapeneira.gal\/index.php\/2021\/02\/22\/a-memoria-do-pais-pide-a-retirada-da-cruz-falanxista-de-celanova\/#breadcrumb"},"inLanguage":"gl-ES","potentialAction":[{"@type":"ReadAction","target":["https:\/\/www.anovapeneira.gal\/index.php\/2021\/02\/22\/a-memoria-do-pais-pide-a-retirada-da-cruz-falanxista-de-celanova\/"]}]},{"@type":"ImageObject","inLanguage":"gl-ES","@id":"https:\/\/www.anovapeneira.gal\/index.php\/2021\/02\/22\/a-memoria-do-pais-pide-a-retirada-da-cruz-falanxista-de-celanova\/#primaryimage","url":"https:\/\/www.anovapeneira.gal\/wp-content\/uploads\/2021\/02\/monumento-Monte-da-Obra.jpg","contentUrl":"https:\/\/www.anovapeneira.gal\/wp-content\/uploads\/2021\/02\/monumento-Monte-da-Obra.jpg","width":720,"height":432,"caption":"Monumento monte da Obra Celanova Memoria hist\u00f3rica"},{"@type":"BreadcrumbList","@id":"https:\/\/www.anovapeneira.gal\/index.php\/2021\/02\/22\/a-memoria-do-pais-pide-a-retirada-da-cruz-falanxista-de-celanova\/#breadcrumb","itemListElement":[{"@type":"ListItem","position":1,"name":"Portada","item":"https:\/\/www.anovapeneira.gal\/"},{"@type":"ListItem","position":2,"name":"A memoria do pa\u00eds pide a retirada da cruz falanxista de Celanova"}]},{"@type":"WebSite","@id":"https:\/\/www.anovapeneira.gal\/#website","url":"https:\/\/www.anovapeneira.gal\/","name":"","description":"Xornal galego de informaci\u00f3n xeral Publicaci\u00f3n mensual de novas de Galicia e en especial dos Concellos da sur da provincia de Pontevedra.","publisher":{"@id":"https:\/\/www.anovapeneira.gal\/#organization"},"potentialAction":[{"@type":"SearchAction","target":{"@type":"EntryPoint","urlTemplate":"https:\/\/www.anovapeneira.gal\/?s={search_term_string}"},"query-input":{"@type":"PropertyValueSpecification","valueRequired":true,"valueName":"search_term_string"}}],"inLanguage":"gl-ES"},{"@type":"Organization","@id":"https:\/\/www.anovapeneira.gal\/#organization","name":"A Nova Peneira","url":"https:\/\/www.anovapeneira.gal\/","logo":{"@type":"ImageObject","inLanguage":"gl-ES","@id":"https:\/\/www.anovapeneira.gal\/#\/schema\/logo\/image\/","url":"http:\/\/www.anovapeneira.gal\/wp-content\/uploads\/2019\/06\/logo_a_nova_peneira_portal_web.png","contentUrl":"http:\/\/www.anovapeneira.gal\/wp-content\/uploads\/2019\/06\/logo_a_nova_peneira_portal_web.png","width":300,"height":100,"caption":"A Nova Peneira"},"image":{"@id":"https:\/\/www.anovapeneira.gal\/#\/schema\/logo\/image\/"},"sameAs":["https:\/\/www.facebook.com\/anovapeneira","https:\/\/x.com\/APeneira"]},{"@type":"Person","@id":"https:\/\/www.anovapeneira.gal\/#\/schema\/person\/b93e3f8932e3f8da96334607eb6ac6aa","name":"Redacci\u00f3n A Nova Peneira","image":{"@type":"ImageObject","inLanguage":"gl-ES","@id":"https:\/\/secure.gravatar.com\/avatar\/c052a2551a06e23fac63626232eaa90abd78dbcf1700fc46a2b2c89fd27b735f?s=96&d=mm&r=g","url":"https:\/\/secure.gravatar.com\/avatar\/c052a2551a06e23fac63626232eaa90abd78dbcf1700fc46a2b2c89fd27b735f?s=96&d=mm&r=g","contentUrl":"https:\/\/secure.gravatar.com\/avatar\/c052a2551a06e23fac63626232eaa90abd78dbcf1700fc46a2b2c89fd27b735f?s=96&d=mm&r=g","caption":"Redacci\u00f3n A Nova Peneira"},"sameAs":["http:\/\/www.anovapeneira.gal\/"],"url":"https:\/\/www.anovapeneira.gal\/index.php\/author\/redactor\/"}]}},"jetpack_featured_media_url":"https:\/\/www.anovapeneira.gal\/wp-content\/uploads\/2021\/02\/monumento-Monte-da-Obra.jpg","_links":{"self":[{"href":"https:\/\/www.anovapeneira.gal\/index.php\/wp-json\/wp\/v2\/posts\/4898","targetHints":{"allow":["GET"]}}],"collection":[{"href":"https:\/\/www.anovapeneira.gal\/index.php\/wp-json\/wp\/v2\/posts"}],"about":[{"href":"https:\/\/www.anovapeneira.gal\/index.php\/wp-json\/wp\/v2\/types\/post"}],"author":[{"embeddable":true,"href":"https:\/\/www.anovapeneira.gal\/index.php\/wp-json\/wp\/v2\/users\/3"}],"replies":[{"embeddable":true,"href":"https:\/\/www.anovapeneira.gal\/index.php\/wp-json\/wp\/v2\/comments?post=4898"}],"version-history":[{"count":2,"href":"https:\/\/www.anovapeneira.gal\/index.php\/wp-json\/wp\/v2\/posts\/4898\/revisions"}],"predecessor-version":[{"id":4901,"href":"https:\/\/www.anovapeneira.gal\/index.php\/wp-json\/wp\/v2\/posts\/4898\/revisions\/4901"}],"wp:featuredmedia":[{"embeddable":true,"href":"https:\/\/www.anovapeneira.gal\/index.php\/wp-json\/wp\/v2\/media\/4900"}],"wp:attachment":[{"href":"https:\/\/www.anovapeneira.gal\/index.php\/wp-json\/wp\/v2\/media?parent=4898"}],"wp:term":[{"taxonomy":"category","embeddable":true,"href":"https:\/\/www.anovapeneira.gal\/index.php\/wp-json\/wp\/v2\/categories?post=4898"},{"taxonomy":"post_tag","embeddable":true,"href":"https:\/\/www.anovapeneira.gal\/index.php\/wp-json\/wp\/v2\/tags?post=4898"}],"curies":[{"name":"wp","href":"https:\/\/api.w.org\/{rel}","templated":true}]}}