{"id":4902,"date":"2021-02-22T12:00:20","date_gmt":"2021-02-22T11:00:20","guid":{"rendered":"http:\/\/www.anovapeneira.gal\/?p=4902"},"modified":"2021-02-21T09:13:06","modified_gmt":"2021-02-21T08:13:06","slug":"as-sombras-dos-fondos-next-generation","status":"publish","type":"post","link":"https:\/\/www.anovapeneira.gal\/index.php\/2021\/02\/22\/as-sombras-dos-fondos-next-generation\/","title":{"rendered":"As Sombras Dos Fondos Next Generation"},"content":{"rendered":"\n<figure class=\"wp-block-image size-large is-resized\"><img loading=\"lazy\" decoding=\"async\" src=\"http:\/\/www.anovapeneira.gal\/wp-content\/uploads\/2021\/02\/ruben_cela.jpg\" alt=\"Rub\u00e9n Cela\" class=\"wp-image-4903\" width=\"95\" height=\"115\"\/><figcaption>Executiva nacional do BNG<\/figcaption><\/figure>\n\n\n\n<p>Moito sen ten falado (e falar\u00e1), das bondades do programa \u201cNext Generation-EU\u201d. Por\u00e9n, \u00e9 moi pos\u00edbel que se te\u00f1an creado unhas expectativas sociais que non se vaian corresponder coa realidade.<\/p>\n\n\n\n<p>\u00c9 certo que se trata dun fondo cunha dotaci\u00f3n econ\u00f3mica sen precedentes: 750.000 mill\u00f3ns de euros (390.000 mill\u00f3ns en forma de \u201csubvenci\u00f3ns\u201d e 360.000 mill\u00f3ns en cr\u00e9ditos) do que o estado espa\u00f1ol recibir\u00e1 para o per\u00edodo 2021-2026, aproximadamente, 150.000 mill\u00f3ns. Por\u00e9n, non podemos perder de vista alg\u00fans factores relevantes:<\/p>\n\n\n\n<p>En primeiro lugar, \u00e9 necesario aclarar que estes fondos, non son \u201cgratis\u201d. A pesar de que o goberno central ten repetido en innumer\u00e1beis ocasi\u00f3ns que son unha axuda incondicional, non \u00e9 certo. A contrapartida vir\u00e1 dun paquete de reformas na li\u00f1a das\u201crecomendaci\u00f3ns\u201d de \u201creformas estruturais\u201d que a Comisi\u00f3n Europea leva fac\u00e9ndolle ao estado espa\u00f1ol desde hai xa bastante tempo. Tr\u00e1tase dun versi\u00f3n dulcificada dos \u201chomes de negro\u201d, pero con parecidas consecuencias: di\u00f1eiro a cambio de \u201creformas\u201d. Algunha desas reformas afectar\u00e1 a \u00e1mbitos especialmente sens\u00edbeis como o son as pensi\u00f3ns ou a normativa laboral. Polo tanto, unha parte do di\u00f1eiro ser\u00e1n prestamos que haber\u00e1 que devolver e a outra recibirase a cambio de \u201creformas\u201d. En calquera caso, nada \u00e9 gratis.<\/p>\n\n\n\n<p>En segundo lugar, \u00e9 importante ter claro que o grande beneficiado destes fondos ser\u00e1 o IBEX-35. O groso do di\u00f1eiro, e a totalidade dos denominados \u201cproxectos tractores\u201d, estar\u00e1n nas s\u00faas mans. Na maior\u00eda dos casos, nin solucionar\u00e1n os problemas econ\u00f3micos e sociais m\u00e1is graves e urxentes motivados pola pandemia da covid-19 nin ser\u00e1n especialmente intensivos na creaci\u00f3n de emprego. Quen pense que a hostalar\u00eda, o pequeno comercio ou a cultura se beneficiar\u00e1n destes fondos, est\u00e1 moi trabucado.<\/p>\n\n\n\n<p>En terceiro lugar, hai que ter en conta que est\u00e1n a ter un modelo de xesti\u00f3n fortemente centralizado, opaco e moi pouco \u00e1xil. Estes fondos ter\u00e1n un sistema de gobernanza fortemente centralizado en Madrid (a pesar de actuar sobre moitas competencias descentralizadas) e o que se transfira \u00e1s Comunidades Aut\u00f3nomas non ter\u00e1 en conta os criterios diferenciais dunha naci\u00f3n como Galiza (avellentamento, dispersi\u00f3n, fenda dixital, emigraci\u00f3n xuvenil, etc.). Por outra banda, a imprescind\u00edbel axilidade na xesti\u00f3n destes fondos non debera ir en menoscabo da transparencia. Por\u00e9n, at\u00e9 o de agora, est\u00e1 a ser as\u00ed. A falta de informaci\u00f3n e canles claras para a participaci\u00f3n no reparto destes fondos at\u00e9 o do momento est\u00e1 a ser unha constante existindo unha grande opacidade a respecto dos criterios e procedementos seguidos. Por \u00faltimo, est\u00e1 a\u00ednda por ver a capacidade real de execuci\u00f3n que o estado espa\u00f1ol vai ter destes fondos. O 70% dos mesmos te\u00f1en que estar asignados entre 2021 e 2022 e o 30% restante no 2023 e, en calquera caso, a s\u00faa execuci\u00f3n material non poder\u00e1 ir al\u00e9n do 2026. Entre 2014 e 2020 o estado espa\u00f1ol foi o estado da UE que executou menos fondos comunitarios (o 39%). Agora ter\u00eda que multiplicar por sete ese ritmo. T\u00e9\u00f1ense adoptado algunhas medidas na li\u00f1a da desburocratizaci\u00f3n e axilizaci\u00f3n, mais non parecen suficientes e algunhas delas poden implicar menor control en aspectos tan importantes como o impacto ambiental de alg\u00fans proxectos.<\/p>\n\n\n\n<p>En cuarto lugar, temos que ter en conta que nos estamos a endebedar (moito) e non sempre para investimentos realmente necesarios nin para cubrir necesidades sociais urxentes. No primeiro trimestre de 2008 a d\u00e9beda espa\u00f1ola representaba o 35% do PIB. No primeiro trimestre de 2021 rondar\u00e1 o 120%. \u00c9 a ratio m\u00e1is elevada desde comezos do s\u00e9culo pasado e condicionar\u00e1 non s\u00f3 a vida actual sen\u00f3n a das vindeiras xeraci\u00f3ns. Tr\u00e1tase dunha situaci\u00f3n insost\u00edbel no medio prazo e que pode ter graves consecuencias no curto xa que as pol\u00edticas de austeridade da UE est\u00e1n aprazadas (e por pouco tempo), mais non eliminadas da axenda comunitaria. Volver\u00e1n e canto maior sexa o endebedamento presente, maiores ser\u00e1n os recortes futuros.<\/p>\n","protected":false},"excerpt":{"rendered":"<div class=\"mh-excerpt\"><p>Moito sen ten falado (e falar\u00e1), das bondades do programa \u201cNext Generation-EU\u201d. Por\u00e9n, \u00e9 moi pos\u00edbel que se te\u00f1an creado unhas expectativas sociais que non se vaian corresponder coa realidade. <a class=\"mh-excerpt-more\" href=\"https:\/\/www.anovapeneira.gal\/index.php\/2021\/02\/22\/as-sombras-dos-fondos-next-generation\/\" title=\"As Sombras Dos Fondos Next Generation\">[&#8230;]<\/a><\/p>\n<\/div>","protected":false},"author":36,"featured_media":584,"comment_status":"open","ping_status":"open","sticky":false,"template":"","format":"standard","meta":{"_exactmetrics_skip_tracking":false,"_exactmetrics_sitenote_active":false,"_exactmetrics_sitenote_note":"","_exactmetrics_sitenote_category":0,"footnotes":""},"categories":[7],"tags":[],"class_list":{"0":"post-4902","1":"post","2":"type-post","3":"status-publish","4":"format-standard","5":"has-post-thumbnail","7":"category-artigos-de-opinion"},"yoast_head":"<!-- This site is optimized with the Yoast SEO plugin v27.4 - https:\/\/yoast.com\/product\/yoast-seo-wordpress\/ -->\n<title>As Sombras Dos Fondos Next Generation -<\/title>\n<meta name=\"description\" content=\"Moito sen ten falado (e falar\u00e1), das bondades do programa \u201cNext Generation-EU\u201d. Por\u00e9n, \u00e9 moi pos\u00edbel que se te\u00f1an creado unhas expectativas sociais que non se vaian corresponder coa realidade.\" \/>\n<meta name=\"robots\" content=\"index, follow, max-snippet:-1, max-image-preview:large, max-video-preview:-1\" \/>\n<link rel=\"canonical\" href=\"https:\/\/www.anovapeneira.gal\/index.php\/2021\/02\/22\/as-sombras-dos-fondos-next-generation\/\" \/>\n<meta property=\"og:locale\" content=\"gl_ES\" \/>\n<meta property=\"og:type\" content=\"article\" \/>\n<meta property=\"og:title\" content=\"As Sombras Dos Fondos Next Generation -\" \/>\n<meta property=\"og:description\" content=\"Moito sen ten falado (e falar\u00e1), das bondades do programa \u201cNext Generation-EU\u201d. Por\u00e9n, \u00e9 moi pos\u00edbel que se te\u00f1an creado unhas expectativas sociais que non se vaian corresponder coa realidade.\" \/>\n<meta property=\"og:url\" content=\"https:\/\/www.anovapeneira.gal\/index.php\/2021\/02\/22\/as-sombras-dos-fondos-next-generation\/\" \/>\n<meta property=\"article:publisher\" content=\"https:\/\/www.facebook.com\/anovapeneira\" \/>\n<meta property=\"article:published_time\" content=\"2021-02-22T11:00:20+00:00\" \/>\n<meta property=\"og:image\" content=\"https:\/\/www.anovapeneira.gal\/wp-content\/uploads\/2019\/07\/ARTIGO_DE_OPINION_A_NOVA_PENEIRA.jpg\" \/>\n\t<meta property=\"og:image:width\" content=\"720\" \/>\n\t<meta property=\"og:image:height\" content=\"473\" \/>\n\t<meta property=\"og:image:type\" content=\"image\/jpeg\" \/>\n<meta name=\"author\" content=\"Rub\u00e9n Cela\" \/>\n<meta name=\"twitter:card\" content=\"summary_large_image\" \/>\n<meta name=\"twitter:creator\" content=\"@APeneira\" \/>\n<meta name=\"twitter:site\" content=\"@APeneira\" \/>\n<meta name=\"twitter:label1\" content=\"Escrito por\" \/>\n\t<meta name=\"twitter:data1\" content=\"Rub\u00e9n Cela\" \/>\n\t<meta name=\"twitter:label2\" content=\"Tempo de lectura\" \/>\n\t<meta name=\"twitter:data2\" content=\"3 minutos\" \/>\n<script type=\"application\/ld+json\" class=\"yoast-schema-graph\">{\"@context\":\"https:\\\/\\\/schema.org\",\"@graph\":[{\"@type\":\"Article\",\"@id\":\"https:\\\/\\\/www.anovapeneira.gal\\\/index.php\\\/2021\\\/02\\\/22\\\/as-sombras-dos-fondos-next-generation\\\/#article\",\"isPartOf\":{\"@id\":\"https:\\\/\\\/www.anovapeneira.gal\\\/index.php\\\/2021\\\/02\\\/22\\\/as-sombras-dos-fondos-next-generation\\\/\"},\"author\":{\"name\":\"Rub\u00e9n Cela\",\"@id\":\"https:\\\/\\\/www.anovapeneira.gal\\\/#\\\/schema\\\/person\\\/592db4739a29f9cc9b3afda8ab09965f\"},\"headline\":\"As Sombras Dos Fondos Next Generation\",\"datePublished\":\"2021-02-22T11:00:20+00:00\",\"mainEntityOfPage\":{\"@id\":\"https:\\\/\\\/www.anovapeneira.gal\\\/index.php\\\/2021\\\/02\\\/22\\\/as-sombras-dos-fondos-next-generation\\\/\"},\"wordCount\":697,\"commentCount\":0,\"publisher\":{\"@id\":\"https:\\\/\\\/www.anovapeneira.gal\\\/#organization\"},\"image\":{\"@id\":\"https:\\\/\\\/www.anovapeneira.gal\\\/index.php\\\/2021\\\/02\\\/22\\\/as-sombras-dos-fondos-next-generation\\\/#primaryimage\"},\"thumbnailUrl\":\"https:\\\/\\\/www.anovapeneira.gal\\\/wp-content\\\/uploads\\\/2019\\\/07\\\/ARTIGO_DE_OPINION_A_NOVA_PENEIRA.jpg\",\"articleSection\":[\"Artigos de opini\u00f3n\"],\"inLanguage\":\"gl-ES\",\"potentialAction\":[{\"@type\":\"CommentAction\",\"name\":\"Comment\",\"target\":[\"https:\\\/\\\/www.anovapeneira.gal\\\/index.php\\\/2021\\\/02\\\/22\\\/as-sombras-dos-fondos-next-generation\\\/#respond\"]}]},{\"@type\":\"WebPage\",\"@id\":\"https:\\\/\\\/www.anovapeneira.gal\\\/index.php\\\/2021\\\/02\\\/22\\\/as-sombras-dos-fondos-next-generation\\\/\",\"url\":\"https:\\\/\\\/www.anovapeneira.gal\\\/index.php\\\/2021\\\/02\\\/22\\\/as-sombras-dos-fondos-next-generation\\\/\",\"name\":\"As Sombras Dos Fondos Next Generation -\",\"isPartOf\":{\"@id\":\"https:\\\/\\\/www.anovapeneira.gal\\\/#website\"},\"primaryImageOfPage\":{\"@id\":\"https:\\\/\\\/www.anovapeneira.gal\\\/index.php\\\/2021\\\/02\\\/22\\\/as-sombras-dos-fondos-next-generation\\\/#primaryimage\"},\"image\":{\"@id\":\"https:\\\/\\\/www.anovapeneira.gal\\\/index.php\\\/2021\\\/02\\\/22\\\/as-sombras-dos-fondos-next-generation\\\/#primaryimage\"},\"thumbnailUrl\":\"https:\\\/\\\/www.anovapeneira.gal\\\/wp-content\\\/uploads\\\/2019\\\/07\\\/ARTIGO_DE_OPINION_A_NOVA_PENEIRA.jpg\",\"datePublished\":\"2021-02-22T11:00:20+00:00\",\"description\":\"Moito sen ten falado (e falar\u00e1), das bondades do programa \u201cNext Generation-EU\u201d. Por\u00e9n, \u00e9 moi pos\u00edbel que se te\u00f1an creado unhas expectativas sociais que non se vaian corresponder coa realidade.\",\"breadcrumb\":{\"@id\":\"https:\\\/\\\/www.anovapeneira.gal\\\/index.php\\\/2021\\\/02\\\/22\\\/as-sombras-dos-fondos-next-generation\\\/#breadcrumb\"},\"inLanguage\":\"gl-ES\",\"potentialAction\":[{\"@type\":\"ReadAction\",\"target\":[\"https:\\\/\\\/www.anovapeneira.gal\\\/index.php\\\/2021\\\/02\\\/22\\\/as-sombras-dos-fondos-next-generation\\\/\"]}]},{\"@type\":\"ImageObject\",\"inLanguage\":\"gl-ES\",\"@id\":\"https:\\\/\\\/www.anovapeneira.gal\\\/index.php\\\/2021\\\/02\\\/22\\\/as-sombras-dos-fondos-next-generation\\\/#primaryimage\",\"url\":\"https:\\\/\\\/www.anovapeneira.gal\\\/wp-content\\\/uploads\\\/2019\\\/07\\\/ARTIGO_DE_OPINION_A_NOVA_PENEIRA.jpg\",\"contentUrl\":\"https:\\\/\\\/www.anovapeneira.gal\\\/wp-content\\\/uploads\\\/2019\\\/07\\\/ARTIGO_DE_OPINION_A_NOVA_PENEIRA.jpg\",\"width\":720,\"height\":473,\"caption\":\"Artigo de opini\u00f3n A Nova Peneira\"},{\"@type\":\"BreadcrumbList\",\"@id\":\"https:\\\/\\\/www.anovapeneira.gal\\\/index.php\\\/2021\\\/02\\\/22\\\/as-sombras-dos-fondos-next-generation\\\/#breadcrumb\",\"itemListElement\":[{\"@type\":\"ListItem\",\"position\":1,\"name\":\"Portada\",\"item\":\"https:\\\/\\\/www.anovapeneira.gal\\\/\"},{\"@type\":\"ListItem\",\"position\":2,\"name\":\"As Sombras Dos Fondos Next Generation\"}]},{\"@type\":\"WebSite\",\"@id\":\"https:\\\/\\\/www.anovapeneira.gal\\\/#website\",\"url\":\"https:\\\/\\\/www.anovapeneira.gal\\\/\",\"name\":\"\",\"description\":\"Xornal galego de informaci\u00f3n xeral Publicaci\u00f3n mensual de novas de Galicia e en especial dos Concellos da sur da provincia de Pontevedra.\",\"publisher\":{\"@id\":\"https:\\\/\\\/www.anovapeneira.gal\\\/#organization\"},\"potentialAction\":[{\"@type\":\"SearchAction\",\"target\":{\"@type\":\"EntryPoint\",\"urlTemplate\":\"https:\\\/\\\/www.anovapeneira.gal\\\/?s={search_term_string}\"},\"query-input\":{\"@type\":\"PropertyValueSpecification\",\"valueRequired\":true,\"valueName\":\"search_term_string\"}}],\"inLanguage\":\"gl-ES\"},{\"@type\":\"Organization\",\"@id\":\"https:\\\/\\\/www.anovapeneira.gal\\\/#organization\",\"name\":\"A Nova Peneira\",\"url\":\"https:\\\/\\\/www.anovapeneira.gal\\\/\",\"logo\":{\"@type\":\"ImageObject\",\"inLanguage\":\"gl-ES\",\"@id\":\"https:\\\/\\\/www.anovapeneira.gal\\\/#\\\/schema\\\/logo\\\/image\\\/\",\"url\":\"http:\\\/\\\/www.anovapeneira.gal\\\/wp-content\\\/uploads\\\/2019\\\/06\\\/logo_a_nova_peneira_portal_web.png\",\"contentUrl\":\"http:\\\/\\\/www.anovapeneira.gal\\\/wp-content\\\/uploads\\\/2019\\\/06\\\/logo_a_nova_peneira_portal_web.png\",\"width\":300,\"height\":100,\"caption\":\"A Nova Peneira\"},\"image\":{\"@id\":\"https:\\\/\\\/www.anovapeneira.gal\\\/#\\\/schema\\\/logo\\\/image\\\/\"},\"sameAs\":[\"https:\\\/\\\/www.facebook.com\\\/anovapeneira\",\"https:\\\/\\\/x.com\\\/APeneira\"]},{\"@type\":\"Person\",\"@id\":\"https:\\\/\\\/www.anovapeneira.gal\\\/#\\\/schema\\\/person\\\/592db4739a29f9cc9b3afda8ab09965f\",\"name\":\"Rub\u00e9n Cela\",\"image\":{\"@type\":\"ImageObject\",\"inLanguage\":\"gl-ES\",\"@id\":\"https:\\\/\\\/secure.gravatar.com\\\/avatar\\\/10541c425e5244798e406eec46323f374d4af67d9594a13f7f7022466f685bc6?s=96&d=mm&r=g\",\"url\":\"https:\\\/\\\/secure.gravatar.com\\\/avatar\\\/10541c425e5244798e406eec46323f374d4af67d9594a13f7f7022466f685bc6?s=96&d=mm&r=g\",\"contentUrl\":\"https:\\\/\\\/secure.gravatar.com\\\/avatar\\\/10541c425e5244798e406eec46323f374d4af67d9594a13f7f7022466f685bc6?s=96&d=mm&r=g\",\"caption\":\"Rub\u00e9n Cela\"},\"url\":\"https:\\\/\\\/www.anovapeneira.gal\\\/index.php\\\/author\\\/ruben-cela\\\/\"}]}<\/script>\n<!-- \/ Yoast SEO plugin. -->","yoast_head_json":{"title":"As Sombras Dos Fondos Next Generation -","description":"Moito sen ten falado (e falar\u00e1), das bondades do programa \u201cNext Generation-EU\u201d. Por\u00e9n, \u00e9 moi pos\u00edbel que se te\u00f1an creado unhas expectativas sociais que non se vaian corresponder coa realidade.","robots":{"index":"index","follow":"follow","max-snippet":"max-snippet:-1","max-image-preview":"max-image-preview:large","max-video-preview":"max-video-preview:-1"},"canonical":"https:\/\/www.anovapeneira.gal\/index.php\/2021\/02\/22\/as-sombras-dos-fondos-next-generation\/","og_locale":"gl_ES","og_type":"article","og_title":"As Sombras Dos Fondos Next Generation -","og_description":"Moito sen ten falado (e falar\u00e1), das bondades do programa \u201cNext Generation-EU\u201d. Por\u00e9n, \u00e9 moi pos\u00edbel que se te\u00f1an creado unhas expectativas sociais que non se vaian corresponder coa realidade.","og_url":"https:\/\/www.anovapeneira.gal\/index.php\/2021\/02\/22\/as-sombras-dos-fondos-next-generation\/","article_publisher":"https:\/\/www.facebook.com\/anovapeneira","article_published_time":"2021-02-22T11:00:20+00:00","og_image":[{"width":720,"height":473,"url":"https:\/\/www.anovapeneira.gal\/wp-content\/uploads\/2019\/07\/ARTIGO_DE_OPINION_A_NOVA_PENEIRA.jpg","type":"image\/jpeg"}],"author":"Rub\u00e9n Cela","twitter_card":"summary_large_image","twitter_creator":"@APeneira","twitter_site":"@APeneira","twitter_misc":{"Escrito por":"Rub\u00e9n Cela","Tempo de lectura":"3 minutos"},"schema":{"@context":"https:\/\/schema.org","@graph":[{"@type":"Article","@id":"https:\/\/www.anovapeneira.gal\/index.php\/2021\/02\/22\/as-sombras-dos-fondos-next-generation\/#article","isPartOf":{"@id":"https:\/\/www.anovapeneira.gal\/index.php\/2021\/02\/22\/as-sombras-dos-fondos-next-generation\/"},"author":{"name":"Rub\u00e9n Cela","@id":"https:\/\/www.anovapeneira.gal\/#\/schema\/person\/592db4739a29f9cc9b3afda8ab09965f"},"headline":"As Sombras Dos Fondos Next Generation","datePublished":"2021-02-22T11:00:20+00:00","mainEntityOfPage":{"@id":"https:\/\/www.anovapeneira.gal\/index.php\/2021\/02\/22\/as-sombras-dos-fondos-next-generation\/"},"wordCount":697,"commentCount":0,"publisher":{"@id":"https:\/\/www.anovapeneira.gal\/#organization"},"image":{"@id":"https:\/\/www.anovapeneira.gal\/index.php\/2021\/02\/22\/as-sombras-dos-fondos-next-generation\/#primaryimage"},"thumbnailUrl":"https:\/\/www.anovapeneira.gal\/wp-content\/uploads\/2019\/07\/ARTIGO_DE_OPINION_A_NOVA_PENEIRA.jpg","articleSection":["Artigos de opini\u00f3n"],"inLanguage":"gl-ES","potentialAction":[{"@type":"CommentAction","name":"Comment","target":["https:\/\/www.anovapeneira.gal\/index.php\/2021\/02\/22\/as-sombras-dos-fondos-next-generation\/#respond"]}]},{"@type":"WebPage","@id":"https:\/\/www.anovapeneira.gal\/index.php\/2021\/02\/22\/as-sombras-dos-fondos-next-generation\/","url":"https:\/\/www.anovapeneira.gal\/index.php\/2021\/02\/22\/as-sombras-dos-fondos-next-generation\/","name":"As Sombras Dos Fondos Next Generation -","isPartOf":{"@id":"https:\/\/www.anovapeneira.gal\/#website"},"primaryImageOfPage":{"@id":"https:\/\/www.anovapeneira.gal\/index.php\/2021\/02\/22\/as-sombras-dos-fondos-next-generation\/#primaryimage"},"image":{"@id":"https:\/\/www.anovapeneira.gal\/index.php\/2021\/02\/22\/as-sombras-dos-fondos-next-generation\/#primaryimage"},"thumbnailUrl":"https:\/\/www.anovapeneira.gal\/wp-content\/uploads\/2019\/07\/ARTIGO_DE_OPINION_A_NOVA_PENEIRA.jpg","datePublished":"2021-02-22T11:00:20+00:00","description":"Moito sen ten falado (e falar\u00e1), das bondades do programa \u201cNext Generation-EU\u201d. Por\u00e9n, \u00e9 moi pos\u00edbel que se te\u00f1an creado unhas expectativas sociais que non se vaian corresponder coa realidade.","breadcrumb":{"@id":"https:\/\/www.anovapeneira.gal\/index.php\/2021\/02\/22\/as-sombras-dos-fondos-next-generation\/#breadcrumb"},"inLanguage":"gl-ES","potentialAction":[{"@type":"ReadAction","target":["https:\/\/www.anovapeneira.gal\/index.php\/2021\/02\/22\/as-sombras-dos-fondos-next-generation\/"]}]},{"@type":"ImageObject","inLanguage":"gl-ES","@id":"https:\/\/www.anovapeneira.gal\/index.php\/2021\/02\/22\/as-sombras-dos-fondos-next-generation\/#primaryimage","url":"https:\/\/www.anovapeneira.gal\/wp-content\/uploads\/2019\/07\/ARTIGO_DE_OPINION_A_NOVA_PENEIRA.jpg","contentUrl":"https:\/\/www.anovapeneira.gal\/wp-content\/uploads\/2019\/07\/ARTIGO_DE_OPINION_A_NOVA_PENEIRA.jpg","width":720,"height":473,"caption":"Artigo de opini\u00f3n A Nova Peneira"},{"@type":"BreadcrumbList","@id":"https:\/\/www.anovapeneira.gal\/index.php\/2021\/02\/22\/as-sombras-dos-fondos-next-generation\/#breadcrumb","itemListElement":[{"@type":"ListItem","position":1,"name":"Portada","item":"https:\/\/www.anovapeneira.gal\/"},{"@type":"ListItem","position":2,"name":"As Sombras Dos Fondos Next Generation"}]},{"@type":"WebSite","@id":"https:\/\/www.anovapeneira.gal\/#website","url":"https:\/\/www.anovapeneira.gal\/","name":"","description":"Xornal galego de informaci\u00f3n xeral Publicaci\u00f3n mensual de novas de Galicia e en especial dos Concellos da sur da provincia de Pontevedra.","publisher":{"@id":"https:\/\/www.anovapeneira.gal\/#organization"},"potentialAction":[{"@type":"SearchAction","target":{"@type":"EntryPoint","urlTemplate":"https:\/\/www.anovapeneira.gal\/?s={search_term_string}"},"query-input":{"@type":"PropertyValueSpecification","valueRequired":true,"valueName":"search_term_string"}}],"inLanguage":"gl-ES"},{"@type":"Organization","@id":"https:\/\/www.anovapeneira.gal\/#organization","name":"A Nova Peneira","url":"https:\/\/www.anovapeneira.gal\/","logo":{"@type":"ImageObject","inLanguage":"gl-ES","@id":"https:\/\/www.anovapeneira.gal\/#\/schema\/logo\/image\/","url":"http:\/\/www.anovapeneira.gal\/wp-content\/uploads\/2019\/06\/logo_a_nova_peneira_portal_web.png","contentUrl":"http:\/\/www.anovapeneira.gal\/wp-content\/uploads\/2019\/06\/logo_a_nova_peneira_portal_web.png","width":300,"height":100,"caption":"A Nova Peneira"},"image":{"@id":"https:\/\/www.anovapeneira.gal\/#\/schema\/logo\/image\/"},"sameAs":["https:\/\/www.facebook.com\/anovapeneira","https:\/\/x.com\/APeneira"]},{"@type":"Person","@id":"https:\/\/www.anovapeneira.gal\/#\/schema\/person\/592db4739a29f9cc9b3afda8ab09965f","name":"Rub\u00e9n Cela","image":{"@type":"ImageObject","inLanguage":"gl-ES","@id":"https:\/\/secure.gravatar.com\/avatar\/10541c425e5244798e406eec46323f374d4af67d9594a13f7f7022466f685bc6?s=96&d=mm&r=g","url":"https:\/\/secure.gravatar.com\/avatar\/10541c425e5244798e406eec46323f374d4af67d9594a13f7f7022466f685bc6?s=96&d=mm&r=g","contentUrl":"https:\/\/secure.gravatar.com\/avatar\/10541c425e5244798e406eec46323f374d4af67d9594a13f7f7022466f685bc6?s=96&d=mm&r=g","caption":"Rub\u00e9n Cela"},"url":"https:\/\/www.anovapeneira.gal\/index.php\/author\/ruben-cela\/"}]}},"jetpack_featured_media_url":"https:\/\/www.anovapeneira.gal\/wp-content\/uploads\/2019\/07\/ARTIGO_DE_OPINION_A_NOVA_PENEIRA.jpg","_links":{"self":[{"href":"https:\/\/www.anovapeneira.gal\/index.php\/wp-json\/wp\/v2\/posts\/4902","targetHints":{"allow":["GET"]}}],"collection":[{"href":"https:\/\/www.anovapeneira.gal\/index.php\/wp-json\/wp\/v2\/posts"}],"about":[{"href":"https:\/\/www.anovapeneira.gal\/index.php\/wp-json\/wp\/v2\/types\/post"}],"author":[{"embeddable":true,"href":"https:\/\/www.anovapeneira.gal\/index.php\/wp-json\/wp\/v2\/users\/36"}],"replies":[{"embeddable":true,"href":"https:\/\/www.anovapeneira.gal\/index.php\/wp-json\/wp\/v2\/comments?post=4902"}],"version-history":[{"count":1,"href":"https:\/\/www.anovapeneira.gal\/index.php\/wp-json\/wp\/v2\/posts\/4902\/revisions"}],"predecessor-version":[{"id":4904,"href":"https:\/\/www.anovapeneira.gal\/index.php\/wp-json\/wp\/v2\/posts\/4902\/revisions\/4904"}],"wp:featuredmedia":[{"embeddable":true,"href":"https:\/\/www.anovapeneira.gal\/index.php\/wp-json\/wp\/v2\/media\/584"}],"wp:attachment":[{"href":"https:\/\/www.anovapeneira.gal\/index.php\/wp-json\/wp\/v2\/media?parent=4902"}],"wp:term":[{"taxonomy":"category","embeddable":true,"href":"https:\/\/www.anovapeneira.gal\/index.php\/wp-json\/wp\/v2\/categories?post=4902"},{"taxonomy":"post_tag","embeddable":true,"href":"https:\/\/www.anovapeneira.gal\/index.php\/wp-json\/wp\/v2\/tags?post=4902"}],"curies":[{"name":"wp","href":"https:\/\/api.w.org\/{rel}","templated":true}]}}