{"id":4908,"date":"2021-02-24T10:00:17","date_gmt":"2021-02-24T09:00:17","guid":{"rendered":"http:\/\/www.anovapeneira.gal\/?p=4908"},"modified":"2021-02-21T09:30:05","modified_gmt":"2021-02-21T08:30:05","slug":"as-condicions-da-nova-troika","status":"publish","type":"post","link":"https:\/\/www.anovapeneira.gal\/index.php\/2021\/02\/24\/as-condicions-da-nova-troika\/","title":{"rendered":"As condici\u00f3ns da nova Troika"},"content":{"rendered":"\n<figure class=\"wp-block-image size-large is-resized\"><img loading=\"lazy\" decoding=\"async\" src=\"http:\/\/www.anovapeneira.gal\/wp-content\/uploads\/2020\/01\/xabier_p_iglesias_retrato_a_nova_peneira_bn.jpg\" alt=\"\" class=\"wp-image-2347\" width=\"95\" height=\"111\"\/><figcaption>Xabier P\u00e9rez Igrexas Concelleiro do BNG de Vigo<\/figcaption><\/figure>\n\n\n\n<p>Como na crise de 2007, a desatada pola pandemia do coronavirus ten a s\u00faa propia Troika. Desta volta conformada polo Parlamento europeu, o Consello europeu e a propia Comisi\u00f3n europea. As tres autoridades comunitarias ve\u00f1en de acordar o regulamento do denominado fondo e recuperaci\u00f3n e resilencia, do que o Estado espa\u00f1ol conta con percibir at\u00e9 140 mil mill\u00f3ns de euros. Non todo ser\u00e1n axudas directas e haber\u00e1 pr\u00e9stamos a devolver. No entanto, hai un factor moi importante que fica opacado na propaganda oficial do Goberno de coligaz\u00f3n entre PSOE e Unidas Podemos: a condicionalidade.<\/p>\n\n\n\n<p>O regulamento acordado pola nova Troika fixa que eses recursos non se desembolsar\u00e1n at\u00e9 que se comprobe a execuci\u00f3n de reformas no \u00e1mbito econ\u00f3mico, laboral e social. Non haber\u00e1, como en 2008, \u201chomes de negro\u201d, mais \u00e9 claro que a axuda europea vai manter no esencial unha estrutura semellante \u00e1 dos ag\u00f3nicos \u201crescates\u201d que se materializaron daquela. O cheque a cambio de impor unha determinada orientaci\u00f3n das pol\u00edticas.<\/p>\n\n\n\n<p>A condicionalidade euroopea atinxe cuesti\u00f3ns tan relevantes como a normativa laboral ou o sistema p\u00fablico de pensi\u00f3ns no Estado espa\u00f1ol, para al\u00e9n de insistiren en mecanismos que blinden a doutrina neoliberal do control do d\u00e9ficit e d\u00e9beda p\u00fablicas. De entrada as \u201crecomendaci\u00f3ns\u201d europeas tencionan frear calquera intento de derrogar as lesivas reformas laborais, da negociaci\u00f3n colectiva ou das pensi\u00f3ns. Un paso imprescind\u00edbel para recuperar os dereitos que lle foron saqueados \u00e1s clases traballadoras e populares sob a coartada da crise anterior. Non s\u00f3 iso, desde Bruxelas teiman en sinalar que o cami\u00f1o a emprender \u00e9 precisamente o de aprofundar na v\u00eda da flexibilizaci\u00f3n laboral, que se traduce na pr\u00e1ctica en precariedade e empobrecemento salarial. E tam\u00e9n en cuestionar a viabilidade do sistema p\u00fablico de pensi\u00f3ns, utilizando como escusa o aumento da esperanza de vida. Volver invocar o control do d\u00e9ficit e da d\u00e9bada tan s\u00f3 persigue restrinxir a capacidade de intervenci\u00f3n p\u00fablica para enfrontar as consecuencias sociais que xa se estan a derivar da crise da Covid.<\/p>\n\n\n\n<p>Lonxe da id\u00edlica presentaci\u00f3n que dos fondos europeos est\u00e1n a facer desde a Moncloa, eses recursos van estar condicionados non xa a impedir a recuperaci\u00f3n de dereitos, sen\u00f3n a inviabilzar calquera avance substancial na mellora das condici\u00f3ns materiais de vida e de traballo da maior\u00eda social. Ali\u00e1s, o feito de que grandes compa\u00f1\u00edas do Ibex 35 te\u00f1an anticipado a s\u00faa intenci\u00f3n de optar a 100 mil dos 140 mil mill\u00f3ns de euros que poder\u00eda recibir o Estado espa\u00f1ol, agrava a prognose: o cheque europeo pagaremolo con perda de dereitos, pero o di\u00f1eiro ir\u00e1 a parar a grandes corporaci\u00f3ns. Xogada redonda do capital monopolista, que \u00e9 para quen traballa a Uni\u00f3n Europea.<\/p>\n","protected":false},"excerpt":{"rendered":"<div class=\"mh-excerpt\"><p>Como na crise de 2007, a desatada pola pandemia do coronavirus ten a s\u00faa propia Troika. Desta volta conformada polo Parlamento europeu, o Consello europeu e a propia Comisi\u00f3n europea. As tres autoridades comunitarias ve\u00f1en de acordar o regulamento do denominado fondo e recuperaci\u00f3n e resilencia, do que o Estado espa\u00f1ol conta con percibir at\u00e9 140 mil mill\u00f3ns de euros <a class=\"mh-excerpt-more\" href=\"https:\/\/www.anovapeneira.gal\/index.php\/2021\/02\/24\/as-condicions-da-nova-troika\/\" title=\"As condici\u00f3ns da nova Troika\">[&#8230;]<\/a><\/p>\n<\/div>","protected":false},"author":19,"featured_media":584,"comment_status":"open","ping_status":"open","sticky":false,"template":"","format":"standard","meta":{"_exactmetrics_skip_tracking":false,"_exactmetrics_sitenote_active":false,"_exactmetrics_sitenote_note":"","_exactmetrics_sitenote_category":0,"footnotes":""},"categories":[7],"tags":[418],"class_list":{"0":"post-4908","1":"post","2":"type-post","3":"status-publish","4":"format-standard","5":"has-post-thumbnail","7":"category-artigos-de-opinion","8":"tag-xabier-p-igrexas"},"yoast_head":"<!-- This site is optimized with the Yoast SEO plugin v27.4 - https:\/\/yoast.com\/product\/yoast-seo-wordpress\/ -->\n<title>As condici\u00f3ns da nova Troika -<\/title>\n<meta name=\"description\" content=\"Como na crise de 2007, a desatada pola pandemia do coronavirus ten a s\u00faa propia Troika. Desta volta conformada polo Parlamento europeu, o Consello europeu e a propia Comisi\u00f3n europea. As tres autoridades comunitarias ve\u00f1en de acordar o regulamento do denominado fondo e recuperaci\u00f3n e resilencia, do que o Estado espa\u00f1ol conta con percibir at\u00e9 140 mil mill\u00f3ns de euros\" \/>\n<meta name=\"robots\" content=\"index, follow, max-snippet:-1, max-image-preview:large, max-video-preview:-1\" \/>\n<link rel=\"canonical\" href=\"https:\/\/www.anovapeneira.gal\/index.php\/2021\/02\/24\/as-condicions-da-nova-troika\/\" \/>\n<meta property=\"og:locale\" content=\"gl_ES\" \/>\n<meta property=\"og:type\" content=\"article\" \/>\n<meta property=\"og:title\" content=\"As condici\u00f3ns da nova Troika -\" \/>\n<meta property=\"og:description\" content=\"Como na crise de 2007, a desatada pola pandemia do coronavirus ten a s\u00faa propia Troika. Desta volta conformada polo Parlamento europeu, o Consello europeu e a propia Comisi\u00f3n europea. As tres autoridades comunitarias ve\u00f1en de acordar o regulamento do denominado fondo e recuperaci\u00f3n e resilencia, do que o Estado espa\u00f1ol conta con percibir at\u00e9 140 mil mill\u00f3ns de euros\" \/>\n<meta property=\"og:url\" content=\"https:\/\/www.anovapeneira.gal\/index.php\/2021\/02\/24\/as-condicions-da-nova-troika\/\" \/>\n<meta property=\"article:publisher\" content=\"https:\/\/www.facebook.com\/anovapeneira\" \/>\n<meta property=\"article:published_time\" content=\"2021-02-24T09:00:17+00:00\" \/>\n<meta property=\"og:image\" content=\"https:\/\/www.anovapeneira.gal\/wp-content\/uploads\/2019\/07\/ARTIGO_DE_OPINION_A_NOVA_PENEIRA.jpg\" \/>\n\t<meta property=\"og:image:width\" content=\"720\" \/>\n\t<meta property=\"og:image:height\" content=\"473\" \/>\n\t<meta property=\"og:image:type\" content=\"image\/jpeg\" \/>\n<meta name=\"author\" content=\"Xabier P. Igrexas\" \/>\n<meta name=\"twitter:card\" content=\"summary_large_image\" \/>\n<meta name=\"twitter:creator\" content=\"@APeneira\" \/>\n<meta name=\"twitter:site\" content=\"@APeneira\" \/>\n<meta name=\"twitter:label1\" content=\"Escrito por\" \/>\n\t<meta name=\"twitter:data1\" content=\"Xabier P. Igrexas\" \/>\n\t<meta name=\"twitter:label2\" content=\"Tempo de lectura\" \/>\n\t<meta name=\"twitter:data2\" content=\"2 minutos\" \/>\n<script type=\"application\/ld+json\" class=\"yoast-schema-graph\">{\"@context\":\"https:\\\/\\\/schema.org\",\"@graph\":[{\"@type\":\"Article\",\"@id\":\"https:\\\/\\\/www.anovapeneira.gal\\\/index.php\\\/2021\\\/02\\\/24\\\/as-condicions-da-nova-troika\\\/#article\",\"isPartOf\":{\"@id\":\"https:\\\/\\\/www.anovapeneira.gal\\\/index.php\\\/2021\\\/02\\\/24\\\/as-condicions-da-nova-troika\\\/\"},\"author\":{\"name\":\"Xabier P. Igrexas\",\"@id\":\"https:\\\/\\\/www.anovapeneira.gal\\\/#\\\/schema\\\/person\\\/b315a9629cd031f734260aaed292fc7b\"},\"headline\":\"As condici\u00f3ns da nova Troika\",\"datePublished\":\"2021-02-24T09:00:17+00:00\",\"mainEntityOfPage\":{\"@id\":\"https:\\\/\\\/www.anovapeneira.gal\\\/index.php\\\/2021\\\/02\\\/24\\\/as-condicions-da-nova-troika\\\/\"},\"wordCount\":492,\"commentCount\":0,\"publisher\":{\"@id\":\"https:\\\/\\\/www.anovapeneira.gal\\\/#organization\"},\"image\":{\"@id\":\"https:\\\/\\\/www.anovapeneira.gal\\\/index.php\\\/2021\\\/02\\\/24\\\/as-condicions-da-nova-troika\\\/#primaryimage\"},\"thumbnailUrl\":\"https:\\\/\\\/www.anovapeneira.gal\\\/wp-content\\\/uploads\\\/2019\\\/07\\\/ARTIGO_DE_OPINION_A_NOVA_PENEIRA.jpg\",\"keywords\":[\"Xabier P. Igrexas\"],\"articleSection\":[\"Artigos de opini\u00f3n\"],\"inLanguage\":\"gl-ES\",\"potentialAction\":[{\"@type\":\"CommentAction\",\"name\":\"Comment\",\"target\":[\"https:\\\/\\\/www.anovapeneira.gal\\\/index.php\\\/2021\\\/02\\\/24\\\/as-condicions-da-nova-troika\\\/#respond\"]}]},{\"@type\":\"WebPage\",\"@id\":\"https:\\\/\\\/www.anovapeneira.gal\\\/index.php\\\/2021\\\/02\\\/24\\\/as-condicions-da-nova-troika\\\/\",\"url\":\"https:\\\/\\\/www.anovapeneira.gal\\\/index.php\\\/2021\\\/02\\\/24\\\/as-condicions-da-nova-troika\\\/\",\"name\":\"As condici\u00f3ns da nova Troika -\",\"isPartOf\":{\"@id\":\"https:\\\/\\\/www.anovapeneira.gal\\\/#website\"},\"primaryImageOfPage\":{\"@id\":\"https:\\\/\\\/www.anovapeneira.gal\\\/index.php\\\/2021\\\/02\\\/24\\\/as-condicions-da-nova-troika\\\/#primaryimage\"},\"image\":{\"@id\":\"https:\\\/\\\/www.anovapeneira.gal\\\/index.php\\\/2021\\\/02\\\/24\\\/as-condicions-da-nova-troika\\\/#primaryimage\"},\"thumbnailUrl\":\"https:\\\/\\\/www.anovapeneira.gal\\\/wp-content\\\/uploads\\\/2019\\\/07\\\/ARTIGO_DE_OPINION_A_NOVA_PENEIRA.jpg\",\"datePublished\":\"2021-02-24T09:00:17+00:00\",\"description\":\"Como na crise de 2007, a desatada pola pandemia do coronavirus ten a s\u00faa propia Troika. Desta volta conformada polo Parlamento europeu, o Consello europeu e a propia Comisi\u00f3n europea. As tres autoridades comunitarias ve\u00f1en de acordar o regulamento do denominado fondo e recuperaci\u00f3n e resilencia, do que o Estado espa\u00f1ol conta con percibir at\u00e9 140 mil mill\u00f3ns de euros\",\"breadcrumb\":{\"@id\":\"https:\\\/\\\/www.anovapeneira.gal\\\/index.php\\\/2021\\\/02\\\/24\\\/as-condicions-da-nova-troika\\\/#breadcrumb\"},\"inLanguage\":\"gl-ES\",\"potentialAction\":[{\"@type\":\"ReadAction\",\"target\":[\"https:\\\/\\\/www.anovapeneira.gal\\\/index.php\\\/2021\\\/02\\\/24\\\/as-condicions-da-nova-troika\\\/\"]}]},{\"@type\":\"ImageObject\",\"inLanguage\":\"gl-ES\",\"@id\":\"https:\\\/\\\/www.anovapeneira.gal\\\/index.php\\\/2021\\\/02\\\/24\\\/as-condicions-da-nova-troika\\\/#primaryimage\",\"url\":\"https:\\\/\\\/www.anovapeneira.gal\\\/wp-content\\\/uploads\\\/2019\\\/07\\\/ARTIGO_DE_OPINION_A_NOVA_PENEIRA.jpg\",\"contentUrl\":\"https:\\\/\\\/www.anovapeneira.gal\\\/wp-content\\\/uploads\\\/2019\\\/07\\\/ARTIGO_DE_OPINION_A_NOVA_PENEIRA.jpg\",\"width\":720,\"height\":473,\"caption\":\"Artigo de opini\u00f3n A Nova Peneira\"},{\"@type\":\"BreadcrumbList\",\"@id\":\"https:\\\/\\\/www.anovapeneira.gal\\\/index.php\\\/2021\\\/02\\\/24\\\/as-condicions-da-nova-troika\\\/#breadcrumb\",\"itemListElement\":[{\"@type\":\"ListItem\",\"position\":1,\"name\":\"Portada\",\"item\":\"https:\\\/\\\/www.anovapeneira.gal\\\/\"},{\"@type\":\"ListItem\",\"position\":2,\"name\":\"As condici\u00f3ns da nova Troika\"}]},{\"@type\":\"WebSite\",\"@id\":\"https:\\\/\\\/www.anovapeneira.gal\\\/#website\",\"url\":\"https:\\\/\\\/www.anovapeneira.gal\\\/\",\"name\":\"\",\"description\":\"Xornal galego de informaci\u00f3n xeral Publicaci\u00f3n mensual de novas de Galicia e en especial dos Concellos da sur da provincia de Pontevedra.\",\"publisher\":{\"@id\":\"https:\\\/\\\/www.anovapeneira.gal\\\/#organization\"},\"potentialAction\":[{\"@type\":\"SearchAction\",\"target\":{\"@type\":\"EntryPoint\",\"urlTemplate\":\"https:\\\/\\\/www.anovapeneira.gal\\\/?s={search_term_string}\"},\"query-input\":{\"@type\":\"PropertyValueSpecification\",\"valueRequired\":true,\"valueName\":\"search_term_string\"}}],\"inLanguage\":\"gl-ES\"},{\"@type\":\"Organization\",\"@id\":\"https:\\\/\\\/www.anovapeneira.gal\\\/#organization\",\"name\":\"A Nova Peneira\",\"url\":\"https:\\\/\\\/www.anovapeneira.gal\\\/\",\"logo\":{\"@type\":\"ImageObject\",\"inLanguage\":\"gl-ES\",\"@id\":\"https:\\\/\\\/www.anovapeneira.gal\\\/#\\\/schema\\\/logo\\\/image\\\/\",\"url\":\"http:\\\/\\\/www.anovapeneira.gal\\\/wp-content\\\/uploads\\\/2019\\\/06\\\/logo_a_nova_peneira_portal_web.png\",\"contentUrl\":\"http:\\\/\\\/www.anovapeneira.gal\\\/wp-content\\\/uploads\\\/2019\\\/06\\\/logo_a_nova_peneira_portal_web.png\",\"width\":300,\"height\":100,\"caption\":\"A Nova Peneira\"},\"image\":{\"@id\":\"https:\\\/\\\/www.anovapeneira.gal\\\/#\\\/schema\\\/logo\\\/image\\\/\"},\"sameAs\":[\"https:\\\/\\\/www.facebook.com\\\/anovapeneira\",\"https:\\\/\\\/x.com\\\/APeneira\"]},{\"@type\":\"Person\",\"@id\":\"https:\\\/\\\/www.anovapeneira.gal\\\/#\\\/schema\\\/person\\\/b315a9629cd031f734260aaed292fc7b\",\"name\":\"Xabier P. Igrexas\",\"image\":{\"@type\":\"ImageObject\",\"inLanguage\":\"gl-ES\",\"@id\":\"https:\\\/\\\/secure.gravatar.com\\\/avatar\\\/515b373a53f49f0acb6e8c9b324ca59bebc1b082fa690fc83028098b4d3bc8cd?s=96&d=mm&r=g\",\"url\":\"https:\\\/\\\/secure.gravatar.com\\\/avatar\\\/515b373a53f49f0acb6e8c9b324ca59bebc1b082fa690fc83028098b4d3bc8cd?s=96&d=mm&r=g\",\"contentUrl\":\"https:\\\/\\\/secure.gravatar.com\\\/avatar\\\/515b373a53f49f0acb6e8c9b324ca59bebc1b082fa690fc83028098b4d3bc8cd?s=96&d=mm&r=g\",\"caption\":\"Xabier P. Igrexas\"},\"sameAs\":[\"http:\\\/\\\/www.anovapeneira.gal\"],\"url\":\"https:\\\/\\\/www.anovapeneira.gal\\\/index.php\\\/author\\\/xabier-p-igrexas\\\/\"}]}<\/script>\n<!-- \/ Yoast SEO plugin. -->","yoast_head_json":{"title":"As condici\u00f3ns da nova Troika -","description":"Como na crise de 2007, a desatada pola pandemia do coronavirus ten a s\u00faa propia Troika. Desta volta conformada polo Parlamento europeu, o Consello europeu e a propia Comisi\u00f3n europea. As tres autoridades comunitarias ve\u00f1en de acordar o regulamento do denominado fondo e recuperaci\u00f3n e resilencia, do que o Estado espa\u00f1ol conta con percibir at\u00e9 140 mil mill\u00f3ns de euros","robots":{"index":"index","follow":"follow","max-snippet":"max-snippet:-1","max-image-preview":"max-image-preview:large","max-video-preview":"max-video-preview:-1"},"canonical":"https:\/\/www.anovapeneira.gal\/index.php\/2021\/02\/24\/as-condicions-da-nova-troika\/","og_locale":"gl_ES","og_type":"article","og_title":"As condici\u00f3ns da nova Troika -","og_description":"Como na crise de 2007, a desatada pola pandemia do coronavirus ten a s\u00faa propia Troika. Desta volta conformada polo Parlamento europeu, o Consello europeu e a propia Comisi\u00f3n europea. As tres autoridades comunitarias ve\u00f1en de acordar o regulamento do denominado fondo e recuperaci\u00f3n e resilencia, do que o Estado espa\u00f1ol conta con percibir at\u00e9 140 mil mill\u00f3ns de euros","og_url":"https:\/\/www.anovapeneira.gal\/index.php\/2021\/02\/24\/as-condicions-da-nova-troika\/","article_publisher":"https:\/\/www.facebook.com\/anovapeneira","article_published_time":"2021-02-24T09:00:17+00:00","og_image":[{"width":720,"height":473,"url":"https:\/\/www.anovapeneira.gal\/wp-content\/uploads\/2019\/07\/ARTIGO_DE_OPINION_A_NOVA_PENEIRA.jpg","type":"image\/jpeg"}],"author":"Xabier P. Igrexas","twitter_card":"summary_large_image","twitter_creator":"@APeneira","twitter_site":"@APeneira","twitter_misc":{"Escrito por":"Xabier P. Igrexas","Tempo de lectura":"2 minutos"},"schema":{"@context":"https:\/\/schema.org","@graph":[{"@type":"Article","@id":"https:\/\/www.anovapeneira.gal\/index.php\/2021\/02\/24\/as-condicions-da-nova-troika\/#article","isPartOf":{"@id":"https:\/\/www.anovapeneira.gal\/index.php\/2021\/02\/24\/as-condicions-da-nova-troika\/"},"author":{"name":"Xabier P. Igrexas","@id":"https:\/\/www.anovapeneira.gal\/#\/schema\/person\/b315a9629cd031f734260aaed292fc7b"},"headline":"As condici\u00f3ns da nova Troika","datePublished":"2021-02-24T09:00:17+00:00","mainEntityOfPage":{"@id":"https:\/\/www.anovapeneira.gal\/index.php\/2021\/02\/24\/as-condicions-da-nova-troika\/"},"wordCount":492,"commentCount":0,"publisher":{"@id":"https:\/\/www.anovapeneira.gal\/#organization"},"image":{"@id":"https:\/\/www.anovapeneira.gal\/index.php\/2021\/02\/24\/as-condicions-da-nova-troika\/#primaryimage"},"thumbnailUrl":"https:\/\/www.anovapeneira.gal\/wp-content\/uploads\/2019\/07\/ARTIGO_DE_OPINION_A_NOVA_PENEIRA.jpg","keywords":["Xabier P. Igrexas"],"articleSection":["Artigos de opini\u00f3n"],"inLanguage":"gl-ES","potentialAction":[{"@type":"CommentAction","name":"Comment","target":["https:\/\/www.anovapeneira.gal\/index.php\/2021\/02\/24\/as-condicions-da-nova-troika\/#respond"]}]},{"@type":"WebPage","@id":"https:\/\/www.anovapeneira.gal\/index.php\/2021\/02\/24\/as-condicions-da-nova-troika\/","url":"https:\/\/www.anovapeneira.gal\/index.php\/2021\/02\/24\/as-condicions-da-nova-troika\/","name":"As condici\u00f3ns da nova Troika -","isPartOf":{"@id":"https:\/\/www.anovapeneira.gal\/#website"},"primaryImageOfPage":{"@id":"https:\/\/www.anovapeneira.gal\/index.php\/2021\/02\/24\/as-condicions-da-nova-troika\/#primaryimage"},"image":{"@id":"https:\/\/www.anovapeneira.gal\/index.php\/2021\/02\/24\/as-condicions-da-nova-troika\/#primaryimage"},"thumbnailUrl":"https:\/\/www.anovapeneira.gal\/wp-content\/uploads\/2019\/07\/ARTIGO_DE_OPINION_A_NOVA_PENEIRA.jpg","datePublished":"2021-02-24T09:00:17+00:00","description":"Como na crise de 2007, a desatada pola pandemia do coronavirus ten a s\u00faa propia Troika. Desta volta conformada polo Parlamento europeu, o Consello europeu e a propia Comisi\u00f3n europea. As tres autoridades comunitarias ve\u00f1en de acordar o regulamento do denominado fondo e recuperaci\u00f3n e resilencia, do que o Estado espa\u00f1ol conta con percibir at\u00e9 140 mil mill\u00f3ns de euros","breadcrumb":{"@id":"https:\/\/www.anovapeneira.gal\/index.php\/2021\/02\/24\/as-condicions-da-nova-troika\/#breadcrumb"},"inLanguage":"gl-ES","potentialAction":[{"@type":"ReadAction","target":["https:\/\/www.anovapeneira.gal\/index.php\/2021\/02\/24\/as-condicions-da-nova-troika\/"]}]},{"@type":"ImageObject","inLanguage":"gl-ES","@id":"https:\/\/www.anovapeneira.gal\/index.php\/2021\/02\/24\/as-condicions-da-nova-troika\/#primaryimage","url":"https:\/\/www.anovapeneira.gal\/wp-content\/uploads\/2019\/07\/ARTIGO_DE_OPINION_A_NOVA_PENEIRA.jpg","contentUrl":"https:\/\/www.anovapeneira.gal\/wp-content\/uploads\/2019\/07\/ARTIGO_DE_OPINION_A_NOVA_PENEIRA.jpg","width":720,"height":473,"caption":"Artigo de opini\u00f3n A Nova Peneira"},{"@type":"BreadcrumbList","@id":"https:\/\/www.anovapeneira.gal\/index.php\/2021\/02\/24\/as-condicions-da-nova-troika\/#breadcrumb","itemListElement":[{"@type":"ListItem","position":1,"name":"Portada","item":"https:\/\/www.anovapeneira.gal\/"},{"@type":"ListItem","position":2,"name":"As condici\u00f3ns da nova Troika"}]},{"@type":"WebSite","@id":"https:\/\/www.anovapeneira.gal\/#website","url":"https:\/\/www.anovapeneira.gal\/","name":"","description":"Xornal galego de informaci\u00f3n xeral Publicaci\u00f3n mensual de novas de Galicia e en especial dos Concellos da sur da provincia de Pontevedra.","publisher":{"@id":"https:\/\/www.anovapeneira.gal\/#organization"},"potentialAction":[{"@type":"SearchAction","target":{"@type":"EntryPoint","urlTemplate":"https:\/\/www.anovapeneira.gal\/?s={search_term_string}"},"query-input":{"@type":"PropertyValueSpecification","valueRequired":true,"valueName":"search_term_string"}}],"inLanguage":"gl-ES"},{"@type":"Organization","@id":"https:\/\/www.anovapeneira.gal\/#organization","name":"A Nova Peneira","url":"https:\/\/www.anovapeneira.gal\/","logo":{"@type":"ImageObject","inLanguage":"gl-ES","@id":"https:\/\/www.anovapeneira.gal\/#\/schema\/logo\/image\/","url":"http:\/\/www.anovapeneira.gal\/wp-content\/uploads\/2019\/06\/logo_a_nova_peneira_portal_web.png","contentUrl":"http:\/\/www.anovapeneira.gal\/wp-content\/uploads\/2019\/06\/logo_a_nova_peneira_portal_web.png","width":300,"height":100,"caption":"A Nova Peneira"},"image":{"@id":"https:\/\/www.anovapeneira.gal\/#\/schema\/logo\/image\/"},"sameAs":["https:\/\/www.facebook.com\/anovapeneira","https:\/\/x.com\/APeneira"]},{"@type":"Person","@id":"https:\/\/www.anovapeneira.gal\/#\/schema\/person\/b315a9629cd031f734260aaed292fc7b","name":"Xabier P. Igrexas","image":{"@type":"ImageObject","inLanguage":"gl-ES","@id":"https:\/\/secure.gravatar.com\/avatar\/515b373a53f49f0acb6e8c9b324ca59bebc1b082fa690fc83028098b4d3bc8cd?s=96&d=mm&r=g","url":"https:\/\/secure.gravatar.com\/avatar\/515b373a53f49f0acb6e8c9b324ca59bebc1b082fa690fc83028098b4d3bc8cd?s=96&d=mm&r=g","contentUrl":"https:\/\/secure.gravatar.com\/avatar\/515b373a53f49f0acb6e8c9b324ca59bebc1b082fa690fc83028098b4d3bc8cd?s=96&d=mm&r=g","caption":"Xabier P. Igrexas"},"sameAs":["http:\/\/www.anovapeneira.gal"],"url":"https:\/\/www.anovapeneira.gal\/index.php\/author\/xabier-p-igrexas\/"}]}},"jetpack_featured_media_url":"https:\/\/www.anovapeneira.gal\/wp-content\/uploads\/2019\/07\/ARTIGO_DE_OPINION_A_NOVA_PENEIRA.jpg","_links":{"self":[{"href":"https:\/\/www.anovapeneira.gal\/index.php\/wp-json\/wp\/v2\/posts\/4908","targetHints":{"allow":["GET"]}}],"collection":[{"href":"https:\/\/www.anovapeneira.gal\/index.php\/wp-json\/wp\/v2\/posts"}],"about":[{"href":"https:\/\/www.anovapeneira.gal\/index.php\/wp-json\/wp\/v2\/types\/post"}],"author":[{"embeddable":true,"href":"https:\/\/www.anovapeneira.gal\/index.php\/wp-json\/wp\/v2\/users\/19"}],"replies":[{"embeddable":true,"href":"https:\/\/www.anovapeneira.gal\/index.php\/wp-json\/wp\/v2\/comments?post=4908"}],"version-history":[{"count":2,"href":"https:\/\/www.anovapeneira.gal\/index.php\/wp-json\/wp\/v2\/posts\/4908\/revisions"}],"predecessor-version":[{"id":4912,"href":"https:\/\/www.anovapeneira.gal\/index.php\/wp-json\/wp\/v2\/posts\/4908\/revisions\/4912"}],"wp:featuredmedia":[{"embeddable":true,"href":"https:\/\/www.anovapeneira.gal\/index.php\/wp-json\/wp\/v2\/media\/584"}],"wp:attachment":[{"href":"https:\/\/www.anovapeneira.gal\/index.php\/wp-json\/wp\/v2\/media?parent=4908"}],"wp:term":[{"taxonomy":"category","embeddable":true,"href":"https:\/\/www.anovapeneira.gal\/index.php\/wp-json\/wp\/v2\/categories?post=4908"},{"taxonomy":"post_tag","embeddable":true,"href":"https:\/\/www.anovapeneira.gal\/index.php\/wp-json\/wp\/v2\/tags?post=4908"}],"curies":[{"name":"wp","href":"https:\/\/api.w.org\/{rel}","templated":true}]}}