{"id":4913,"date":"2021-02-24T12:00:42","date_gmt":"2021-02-24T11:00:42","guid":{"rendered":"http:\/\/www.anovapeneira.gal\/?p=4913"},"modified":"2021-02-21T09:46:40","modified_gmt":"2021-02-21T08:46:40","slug":"a-politica-de-proximidade","status":"publish","type":"post","link":"https:\/\/www.anovapeneira.gal\/index.php\/2021\/02\/24\/a-politica-de-proximidade\/","title":{"rendered":"A Pol\u00edtica de Proximidade"},"content":{"rendered":"\n<pre class=\"wp-block-verse\"><strong>M. Carmen Amoedo Dasilva.&nbsp;\nPortavoz Grupo Municipal de Redondela\nDiputada Provincial<\/strong><\/pre>\n\n\n\n<p>Quero darlle as grazas A Peneira e ao seu director por permitirme expresar no seu peri\u00f3dico as impresi\u00f3ns e sensaci\u00f3ns que te\u00f1o agora sobre o que sup\u00f3n a &#8216;pol\u00edtica de proximidade&#8217;.<\/p>\n\n\n\n<p>Sen d\u00fabida, ser concelleira \u00e9 un dos cometidos m\u00e1is agradecidos, duros e satisfactorios para quen sinte a vocaci\u00f3n de servizo p\u00fablico. No teu cometido tes claro que o abxectivo \u00e9 a mellora das condici\u00f3ns de vidas dos veci\u00f1os&#8230;de ti mesma, en realidade, por que eu son a redondel\u00e1 que vai \u00e1 biblioteca, a compra ao mercado, te\u00f1o que ir ao Centro de Sa\u00fade, cami\u00f1ar pola r\u00faa ou vai e ven \u00e1 s\u00faa casa conducindo pola s\u00faa parroquia.<\/p>\n\n\n\n<p>O feito de co\u00f1ecer persoalmente \u00e1s persoas que conf\u00edan en ti, saber das s\u00faas preocupaci\u00f3ns e ser consciente de que che deron o seu voto para que traballes polo ben da comunidade, crea unha obriga maior de atenci\u00f3n, de responsabilidade e a necesidade de non perder a perspectiva de que hai que estar preto e ser emp\u00e1tica, comprensiva e sincera.<\/p>\n\n\n\n<p>Redondela ten 21 concelleiras e concelleiros que, adem\u00e1is de traballar polo noso concello debemos afrontar a realidade de que, d\u00eda a d\u00eda, e as\u00ed o sinalan as enquisas, os cidad\u00e1ns s\u00edntense m\u00e1is defraudados pola &#8216;clase pol\u00edtica&#8217;, non se identifican con moitos dos nosos debates e, o m\u00e1is preocupante, consideran que dedic\u00e1monos ma\u00eds aos nosos intereses partidistas que a resolver os seus problemas.<\/p>\n\n\n\n<p>Isto temolo que cambiar de inmediato. E a COVID devolveunos \u00e1 realidade. Ista non \u00e9 outra que recuperar a nosa obriga de estar \u00e1 altura&#8230;\u00e1 altura da cidadan\u00eda, que est\u00e1 a amosar a s\u00faa forza, a s\u00faa responsabilidade e a s\u00faa sensatez.<\/p>\n\n\n\n<p>Agora \u00e9 o momento no que todas e todos as concelleiras e concelleiros, da igual a responsabilidade ao cargo que te\u00f1amos, debemos asegurarnos de que o noso tel\u00e9fono estea operativo as 24 horas; temos que adicarnos a informar, resolver e axudar a quen se quedou sen nada, a quen non ten quen lle bote unha man, a quen non pode abrir o seu negocio, est\u00e1 nun ERTE, perdeu o seu traballo, precisa que o auxilien, que lle fagan a compra ou que o acompa\u00f1en durante unhas horas.<\/p>\n\n\n\n<p>Debemos acabar coa idea de que quenes nos adicamos ao servizo p\u00fablico dende distintas opci\u00f3ns pol\u00edticas sexamos inimigos e non esquecer que so somos adversarios. Temos a obriga de propo\u00f1er, aportar, discutir e chegar a acordos, cedendo polo ben das veci\u00f1as e veci\u00f1os que nos elixiron&#8230;das nosas veci\u00f1as e veci\u00f1os, que est\u00e1n tan lonxe das grandes estratexias pol\u00edticas coma n\u00f3s.<\/p>\n\n\n\n<p>Os cidad\u00e1ns deben sentir a nosa cercan\u00eda, deben percibir que as persoas que os representan, os que votaron e nos que delegaron a toma de decisi\u00f3ns est\u00e1n a altura dun dos momentos m\u00e1is dificiles da nosa historia recente. Esa \u00e9 a nosa responsabilidade.<\/p>\n\n\n\n<p>Quero que estas verbas sexan unha homenaxe a un referente para min en pol\u00edtica e na vida, D. Fernando Rebanal Fern\u00e1ndez que finou fai uns d\u00edas, persoa que nos regalou ensinanzas moi valiosas un gran maestro na s\u00faa vida profesional e na vida pol\u00edtica.<\/p>\n","protected":false},"excerpt":{"rendered":"<div class=\"mh-excerpt\"><p>Quero darlle as grazas A Peneira e ao seu director por permitirme expresar no seu peri\u00f3dico as impresi\u00f3ns e sensaci\u00f3ns que te\u00f1o agora sobre o que sup\u00f3n a &#8216;pol\u00edtica de proximidade&#8217;. <a class=\"mh-excerpt-more\" href=\"https:\/\/www.anovapeneira.gal\/index.php\/2021\/02\/24\/a-politica-de-proximidade\/\" title=\"A Pol\u00edtica de Proximidade\">[&#8230;]<\/a><\/p>\n<\/div>","protected":false},"author":12,"featured_media":4917,"comment_status":"open","ping_status":"open","sticky":false,"template":"","format":"standard","meta":{"_exactmetrics_skip_tracking":false,"_exactmetrics_sitenote_active":false,"_exactmetrics_sitenote_note":"","_exactmetrics_sitenote_category":0,"footnotes":""},"categories":[7],"tags":[171,1231],"class_list":{"0":"post-4913","1":"post","2":"type-post","3":"status-publish","4":"format-standard","5":"has-post-thumbnail","7":"category-artigos-de-opinion","8":"tag-concello-de-redondela","9":"tag-m-carmen-amoedo-dasilva"},"yoast_head":"<!-- This site is optimized with the Yoast SEO plugin v27.4 - https:\/\/yoast.com\/product\/yoast-seo-wordpress\/ -->\n<title>A Pol\u00edtica de Proximidade -<\/title>\n<meta name=\"description\" content=\"Quero darlle as grazas A Peneira e ao seu director por permitirme expresar no seu peri\u00f3dico as impresi\u00f3ns e sensaci\u00f3ns que te\u00f1o agora sobre o que sup\u00f3n a &#039;pol\u00edtica de proximidade&#039;.\" \/>\n<meta name=\"robots\" content=\"index, follow, max-snippet:-1, max-image-preview:large, max-video-preview:-1\" \/>\n<link rel=\"canonical\" href=\"https:\/\/www.anovapeneira.gal\/index.php\/2021\/02\/24\/a-politica-de-proximidade\/\" \/>\n<meta property=\"og:locale\" content=\"gl_ES\" \/>\n<meta property=\"og:type\" content=\"article\" \/>\n<meta property=\"og:title\" content=\"A Pol\u00edtica de Proximidade -\" \/>\n<meta property=\"og:description\" content=\"Quero darlle as grazas A Peneira e ao seu director por permitirme expresar no seu peri\u00f3dico as impresi\u00f3ns e sensaci\u00f3ns que te\u00f1o agora sobre o que sup\u00f3n a &#039;pol\u00edtica de proximidade&#039;.\" \/>\n<meta property=\"og:url\" content=\"https:\/\/www.anovapeneira.gal\/index.php\/2021\/02\/24\/a-politica-de-proximidade\/\" \/>\n<meta property=\"article:publisher\" content=\"https:\/\/www.facebook.com\/anovapeneira\" \/>\n<meta property=\"article:published_time\" content=\"2021-02-24T11:00:42+00:00\" \/>\n<meta property=\"og:image\" content=\"https:\/\/www.anovapeneira.gal\/wp-content\/uploads\/2021\/02\/carmen_amoedo_redondela.jpg\" \/>\n\t<meta property=\"og:image:width\" content=\"720\" \/>\n\t<meta property=\"og:image:height\" content=\"432\" \/>\n\t<meta property=\"og:image:type\" content=\"image\/jpeg\" \/>\n<meta name=\"author\" content=\"Artigos Opini\u00f3n\" \/>\n<meta name=\"twitter:card\" content=\"summary_large_image\" \/>\n<meta name=\"twitter:creator\" content=\"@APeneira\" \/>\n<meta name=\"twitter:site\" content=\"@APeneira\" \/>\n<meta name=\"twitter:label1\" content=\"Escrito por\" \/>\n\t<meta name=\"twitter:data1\" content=\"Artigos Opini\u00f3n\" \/>\n\t<meta name=\"twitter:label2\" content=\"Tempo de lectura\" \/>\n\t<meta name=\"twitter:data2\" content=\"3 minutos\" \/>\n<script type=\"application\/ld+json\" class=\"yoast-schema-graph\">{\"@context\":\"https:\\\/\\\/schema.org\",\"@graph\":[{\"@type\":\"Article\",\"@id\":\"https:\\\/\\\/www.anovapeneira.gal\\\/index.php\\\/2021\\\/02\\\/24\\\/a-politica-de-proximidade\\\/#article\",\"isPartOf\":{\"@id\":\"https:\\\/\\\/www.anovapeneira.gal\\\/index.php\\\/2021\\\/02\\\/24\\\/a-politica-de-proximidade\\\/\"},\"author\":{\"name\":\"Artigos Opini\u00f3n\",\"@id\":\"https:\\\/\\\/www.anovapeneira.gal\\\/#\\\/schema\\\/person\\\/f18a4feb302e8f20bcef4490b5b60bb3\"},\"headline\":\"A Pol\u00edtica de Proximidade\",\"datePublished\":\"2021-02-24T11:00:42+00:00\",\"mainEntityOfPage\":{\"@id\":\"https:\\\/\\\/www.anovapeneira.gal\\\/index.php\\\/2021\\\/02\\\/24\\\/a-politica-de-proximidade\\\/\"},\"wordCount\":564,\"commentCount\":0,\"publisher\":{\"@id\":\"https:\\\/\\\/www.anovapeneira.gal\\\/#organization\"},\"image\":{\"@id\":\"https:\\\/\\\/www.anovapeneira.gal\\\/index.php\\\/2021\\\/02\\\/24\\\/a-politica-de-proximidade\\\/#primaryimage\"},\"thumbnailUrl\":\"https:\\\/\\\/www.anovapeneira.gal\\\/wp-content\\\/uploads\\\/2021\\\/02\\\/carmen_amoedo_redondela.jpg\",\"keywords\":[\"Concello de Redondela\",\"M. Carmen Amoedo Dasilva\"],\"articleSection\":[\"Artigos de opini\u00f3n\"],\"inLanguage\":\"gl-ES\",\"potentialAction\":[{\"@type\":\"CommentAction\",\"name\":\"Comment\",\"target\":[\"https:\\\/\\\/www.anovapeneira.gal\\\/index.php\\\/2021\\\/02\\\/24\\\/a-politica-de-proximidade\\\/#respond\"]}]},{\"@type\":\"WebPage\",\"@id\":\"https:\\\/\\\/www.anovapeneira.gal\\\/index.php\\\/2021\\\/02\\\/24\\\/a-politica-de-proximidade\\\/\",\"url\":\"https:\\\/\\\/www.anovapeneira.gal\\\/index.php\\\/2021\\\/02\\\/24\\\/a-politica-de-proximidade\\\/\",\"name\":\"A Pol\u00edtica de Proximidade -\",\"isPartOf\":{\"@id\":\"https:\\\/\\\/www.anovapeneira.gal\\\/#website\"},\"primaryImageOfPage\":{\"@id\":\"https:\\\/\\\/www.anovapeneira.gal\\\/index.php\\\/2021\\\/02\\\/24\\\/a-politica-de-proximidade\\\/#primaryimage\"},\"image\":{\"@id\":\"https:\\\/\\\/www.anovapeneira.gal\\\/index.php\\\/2021\\\/02\\\/24\\\/a-politica-de-proximidade\\\/#primaryimage\"},\"thumbnailUrl\":\"https:\\\/\\\/www.anovapeneira.gal\\\/wp-content\\\/uploads\\\/2021\\\/02\\\/carmen_amoedo_redondela.jpg\",\"datePublished\":\"2021-02-24T11:00:42+00:00\",\"description\":\"Quero darlle as grazas A Peneira e ao seu director por permitirme expresar no seu peri\u00f3dico as impresi\u00f3ns e sensaci\u00f3ns que te\u00f1o agora sobre o que sup\u00f3n a 'pol\u00edtica de proximidade'.\",\"breadcrumb\":{\"@id\":\"https:\\\/\\\/www.anovapeneira.gal\\\/index.php\\\/2021\\\/02\\\/24\\\/a-politica-de-proximidade\\\/#breadcrumb\"},\"inLanguage\":\"gl-ES\",\"potentialAction\":[{\"@type\":\"ReadAction\",\"target\":[\"https:\\\/\\\/www.anovapeneira.gal\\\/index.php\\\/2021\\\/02\\\/24\\\/a-politica-de-proximidade\\\/\"]}]},{\"@type\":\"ImageObject\",\"inLanguage\":\"gl-ES\",\"@id\":\"https:\\\/\\\/www.anovapeneira.gal\\\/index.php\\\/2021\\\/02\\\/24\\\/a-politica-de-proximidade\\\/#primaryimage\",\"url\":\"https:\\\/\\\/www.anovapeneira.gal\\\/wp-content\\\/uploads\\\/2021\\\/02\\\/carmen_amoedo_redondela.jpg\",\"contentUrl\":\"https:\\\/\\\/www.anovapeneira.gal\\\/wp-content\\\/uploads\\\/2021\\\/02\\\/carmen_amoedo_redondela.jpg\",\"width\":720,\"height\":432},{\"@type\":\"BreadcrumbList\",\"@id\":\"https:\\\/\\\/www.anovapeneira.gal\\\/index.php\\\/2021\\\/02\\\/24\\\/a-politica-de-proximidade\\\/#breadcrumb\",\"itemListElement\":[{\"@type\":\"ListItem\",\"position\":1,\"name\":\"Portada\",\"item\":\"https:\\\/\\\/www.anovapeneira.gal\\\/\"},{\"@type\":\"ListItem\",\"position\":2,\"name\":\"A Pol\u00edtica de Proximidade\"}]},{\"@type\":\"WebSite\",\"@id\":\"https:\\\/\\\/www.anovapeneira.gal\\\/#website\",\"url\":\"https:\\\/\\\/www.anovapeneira.gal\\\/\",\"name\":\"\",\"description\":\"Xornal galego de informaci\u00f3n xeral Publicaci\u00f3n mensual de novas de Galicia e en especial dos Concellos da sur da provincia de Pontevedra.\",\"publisher\":{\"@id\":\"https:\\\/\\\/www.anovapeneira.gal\\\/#organization\"},\"potentialAction\":[{\"@type\":\"SearchAction\",\"target\":{\"@type\":\"EntryPoint\",\"urlTemplate\":\"https:\\\/\\\/www.anovapeneira.gal\\\/?s={search_term_string}\"},\"query-input\":{\"@type\":\"PropertyValueSpecification\",\"valueRequired\":true,\"valueName\":\"search_term_string\"}}],\"inLanguage\":\"gl-ES\"},{\"@type\":\"Organization\",\"@id\":\"https:\\\/\\\/www.anovapeneira.gal\\\/#organization\",\"name\":\"A Nova Peneira\",\"url\":\"https:\\\/\\\/www.anovapeneira.gal\\\/\",\"logo\":{\"@type\":\"ImageObject\",\"inLanguage\":\"gl-ES\",\"@id\":\"https:\\\/\\\/www.anovapeneira.gal\\\/#\\\/schema\\\/logo\\\/image\\\/\",\"url\":\"http:\\\/\\\/www.anovapeneira.gal\\\/wp-content\\\/uploads\\\/2019\\\/06\\\/logo_a_nova_peneira_portal_web.png\",\"contentUrl\":\"http:\\\/\\\/www.anovapeneira.gal\\\/wp-content\\\/uploads\\\/2019\\\/06\\\/logo_a_nova_peneira_portal_web.png\",\"width\":300,\"height\":100,\"caption\":\"A Nova Peneira\"},\"image\":{\"@id\":\"https:\\\/\\\/www.anovapeneira.gal\\\/#\\\/schema\\\/logo\\\/image\\\/\"},\"sameAs\":[\"https:\\\/\\\/www.facebook.com\\\/anovapeneira\",\"https:\\\/\\\/x.com\\\/APeneira\"]},{\"@type\":\"Person\",\"@id\":\"https:\\\/\\\/www.anovapeneira.gal\\\/#\\\/schema\\\/person\\\/f18a4feb302e8f20bcef4490b5b60bb3\",\"name\":\"Artigos Opini\u00f3n\",\"image\":{\"@type\":\"ImageObject\",\"inLanguage\":\"gl-ES\",\"@id\":\"https:\\\/\\\/secure.gravatar.com\\\/avatar\\\/072844300f4881150aee2da4278f7a65d16eefdf8262eb67085f1e702de2b959?s=96&d=mm&r=g\",\"url\":\"https:\\\/\\\/secure.gravatar.com\\\/avatar\\\/072844300f4881150aee2da4278f7a65d16eefdf8262eb67085f1e702de2b959?s=96&d=mm&r=g\",\"contentUrl\":\"https:\\\/\\\/secure.gravatar.com\\\/avatar\\\/072844300f4881150aee2da4278f7a65d16eefdf8262eb67085f1e702de2b959?s=96&d=mm&r=g\",\"caption\":\"Artigos Opini\u00f3n\"},\"sameAs\":[\"http:\\\/\\\/anovapeneira.gal\"],\"url\":\"https:\\\/\\\/www.anovapeneira.gal\\\/index.php\\\/author\\\/artigosopinion\\\/\"}]}<\/script>\n<!-- \/ Yoast SEO plugin. -->","yoast_head_json":{"title":"A Pol\u00edtica de Proximidade -","description":"Quero darlle as grazas A Peneira e ao seu director por permitirme expresar no seu peri\u00f3dico as impresi\u00f3ns e sensaci\u00f3ns que te\u00f1o agora sobre o que sup\u00f3n a 'pol\u00edtica de proximidade'.","robots":{"index":"index","follow":"follow","max-snippet":"max-snippet:-1","max-image-preview":"max-image-preview:large","max-video-preview":"max-video-preview:-1"},"canonical":"https:\/\/www.anovapeneira.gal\/index.php\/2021\/02\/24\/a-politica-de-proximidade\/","og_locale":"gl_ES","og_type":"article","og_title":"A Pol\u00edtica de Proximidade -","og_description":"Quero darlle as grazas A Peneira e ao seu director por permitirme expresar no seu peri\u00f3dico as impresi\u00f3ns e sensaci\u00f3ns que te\u00f1o agora sobre o que sup\u00f3n a 'pol\u00edtica de proximidade'.","og_url":"https:\/\/www.anovapeneira.gal\/index.php\/2021\/02\/24\/a-politica-de-proximidade\/","article_publisher":"https:\/\/www.facebook.com\/anovapeneira","article_published_time":"2021-02-24T11:00:42+00:00","og_image":[{"width":720,"height":432,"url":"https:\/\/www.anovapeneira.gal\/wp-content\/uploads\/2021\/02\/carmen_amoedo_redondela.jpg","type":"image\/jpeg"}],"author":"Artigos Opini\u00f3n","twitter_card":"summary_large_image","twitter_creator":"@APeneira","twitter_site":"@APeneira","twitter_misc":{"Escrito por":"Artigos Opini\u00f3n","Tempo de lectura":"3 minutos"},"schema":{"@context":"https:\/\/schema.org","@graph":[{"@type":"Article","@id":"https:\/\/www.anovapeneira.gal\/index.php\/2021\/02\/24\/a-politica-de-proximidade\/#article","isPartOf":{"@id":"https:\/\/www.anovapeneira.gal\/index.php\/2021\/02\/24\/a-politica-de-proximidade\/"},"author":{"name":"Artigos Opini\u00f3n","@id":"https:\/\/www.anovapeneira.gal\/#\/schema\/person\/f18a4feb302e8f20bcef4490b5b60bb3"},"headline":"A Pol\u00edtica de Proximidade","datePublished":"2021-02-24T11:00:42+00:00","mainEntityOfPage":{"@id":"https:\/\/www.anovapeneira.gal\/index.php\/2021\/02\/24\/a-politica-de-proximidade\/"},"wordCount":564,"commentCount":0,"publisher":{"@id":"https:\/\/www.anovapeneira.gal\/#organization"},"image":{"@id":"https:\/\/www.anovapeneira.gal\/index.php\/2021\/02\/24\/a-politica-de-proximidade\/#primaryimage"},"thumbnailUrl":"https:\/\/www.anovapeneira.gal\/wp-content\/uploads\/2021\/02\/carmen_amoedo_redondela.jpg","keywords":["Concello de Redondela","M. Carmen Amoedo Dasilva"],"articleSection":["Artigos de opini\u00f3n"],"inLanguage":"gl-ES","potentialAction":[{"@type":"CommentAction","name":"Comment","target":["https:\/\/www.anovapeneira.gal\/index.php\/2021\/02\/24\/a-politica-de-proximidade\/#respond"]}]},{"@type":"WebPage","@id":"https:\/\/www.anovapeneira.gal\/index.php\/2021\/02\/24\/a-politica-de-proximidade\/","url":"https:\/\/www.anovapeneira.gal\/index.php\/2021\/02\/24\/a-politica-de-proximidade\/","name":"A Pol\u00edtica de Proximidade -","isPartOf":{"@id":"https:\/\/www.anovapeneira.gal\/#website"},"primaryImageOfPage":{"@id":"https:\/\/www.anovapeneira.gal\/index.php\/2021\/02\/24\/a-politica-de-proximidade\/#primaryimage"},"image":{"@id":"https:\/\/www.anovapeneira.gal\/index.php\/2021\/02\/24\/a-politica-de-proximidade\/#primaryimage"},"thumbnailUrl":"https:\/\/www.anovapeneira.gal\/wp-content\/uploads\/2021\/02\/carmen_amoedo_redondela.jpg","datePublished":"2021-02-24T11:00:42+00:00","description":"Quero darlle as grazas A Peneira e ao seu director por permitirme expresar no seu peri\u00f3dico as impresi\u00f3ns e sensaci\u00f3ns que te\u00f1o agora sobre o que sup\u00f3n a 'pol\u00edtica de proximidade'.","breadcrumb":{"@id":"https:\/\/www.anovapeneira.gal\/index.php\/2021\/02\/24\/a-politica-de-proximidade\/#breadcrumb"},"inLanguage":"gl-ES","potentialAction":[{"@type":"ReadAction","target":["https:\/\/www.anovapeneira.gal\/index.php\/2021\/02\/24\/a-politica-de-proximidade\/"]}]},{"@type":"ImageObject","inLanguage":"gl-ES","@id":"https:\/\/www.anovapeneira.gal\/index.php\/2021\/02\/24\/a-politica-de-proximidade\/#primaryimage","url":"https:\/\/www.anovapeneira.gal\/wp-content\/uploads\/2021\/02\/carmen_amoedo_redondela.jpg","contentUrl":"https:\/\/www.anovapeneira.gal\/wp-content\/uploads\/2021\/02\/carmen_amoedo_redondela.jpg","width":720,"height":432},{"@type":"BreadcrumbList","@id":"https:\/\/www.anovapeneira.gal\/index.php\/2021\/02\/24\/a-politica-de-proximidade\/#breadcrumb","itemListElement":[{"@type":"ListItem","position":1,"name":"Portada","item":"https:\/\/www.anovapeneira.gal\/"},{"@type":"ListItem","position":2,"name":"A Pol\u00edtica de Proximidade"}]},{"@type":"WebSite","@id":"https:\/\/www.anovapeneira.gal\/#website","url":"https:\/\/www.anovapeneira.gal\/","name":"","description":"Xornal galego de informaci\u00f3n xeral Publicaci\u00f3n mensual de novas de Galicia e en especial dos Concellos da sur da provincia de Pontevedra.","publisher":{"@id":"https:\/\/www.anovapeneira.gal\/#organization"},"potentialAction":[{"@type":"SearchAction","target":{"@type":"EntryPoint","urlTemplate":"https:\/\/www.anovapeneira.gal\/?s={search_term_string}"},"query-input":{"@type":"PropertyValueSpecification","valueRequired":true,"valueName":"search_term_string"}}],"inLanguage":"gl-ES"},{"@type":"Organization","@id":"https:\/\/www.anovapeneira.gal\/#organization","name":"A Nova Peneira","url":"https:\/\/www.anovapeneira.gal\/","logo":{"@type":"ImageObject","inLanguage":"gl-ES","@id":"https:\/\/www.anovapeneira.gal\/#\/schema\/logo\/image\/","url":"http:\/\/www.anovapeneira.gal\/wp-content\/uploads\/2019\/06\/logo_a_nova_peneira_portal_web.png","contentUrl":"http:\/\/www.anovapeneira.gal\/wp-content\/uploads\/2019\/06\/logo_a_nova_peneira_portal_web.png","width":300,"height":100,"caption":"A Nova Peneira"},"image":{"@id":"https:\/\/www.anovapeneira.gal\/#\/schema\/logo\/image\/"},"sameAs":["https:\/\/www.facebook.com\/anovapeneira","https:\/\/x.com\/APeneira"]},{"@type":"Person","@id":"https:\/\/www.anovapeneira.gal\/#\/schema\/person\/f18a4feb302e8f20bcef4490b5b60bb3","name":"Artigos Opini\u00f3n","image":{"@type":"ImageObject","inLanguage":"gl-ES","@id":"https:\/\/secure.gravatar.com\/avatar\/072844300f4881150aee2da4278f7a65d16eefdf8262eb67085f1e702de2b959?s=96&d=mm&r=g","url":"https:\/\/secure.gravatar.com\/avatar\/072844300f4881150aee2da4278f7a65d16eefdf8262eb67085f1e702de2b959?s=96&d=mm&r=g","contentUrl":"https:\/\/secure.gravatar.com\/avatar\/072844300f4881150aee2da4278f7a65d16eefdf8262eb67085f1e702de2b959?s=96&d=mm&r=g","caption":"Artigos Opini\u00f3n"},"sameAs":["http:\/\/anovapeneira.gal"],"url":"https:\/\/www.anovapeneira.gal\/index.php\/author\/artigosopinion\/"}]}},"jetpack_featured_media_url":"https:\/\/www.anovapeneira.gal\/wp-content\/uploads\/2021\/02\/carmen_amoedo_redondela.jpg","_links":{"self":[{"href":"https:\/\/www.anovapeneira.gal\/index.php\/wp-json\/wp\/v2\/posts\/4913","targetHints":{"allow":["GET"]}}],"collection":[{"href":"https:\/\/www.anovapeneira.gal\/index.php\/wp-json\/wp\/v2\/posts"}],"about":[{"href":"https:\/\/www.anovapeneira.gal\/index.php\/wp-json\/wp\/v2\/types\/post"}],"author":[{"embeddable":true,"href":"https:\/\/www.anovapeneira.gal\/index.php\/wp-json\/wp\/v2\/users\/12"}],"replies":[{"embeddable":true,"href":"https:\/\/www.anovapeneira.gal\/index.php\/wp-json\/wp\/v2\/comments?post=4913"}],"version-history":[{"count":4,"href":"https:\/\/www.anovapeneira.gal\/index.php\/wp-json\/wp\/v2\/posts\/4913\/revisions"}],"predecessor-version":[{"id":4919,"href":"https:\/\/www.anovapeneira.gal\/index.php\/wp-json\/wp\/v2\/posts\/4913\/revisions\/4919"}],"wp:featuredmedia":[{"embeddable":true,"href":"https:\/\/www.anovapeneira.gal\/index.php\/wp-json\/wp\/v2\/media\/4917"}],"wp:attachment":[{"href":"https:\/\/www.anovapeneira.gal\/index.php\/wp-json\/wp\/v2\/media?parent=4913"}],"wp:term":[{"taxonomy":"category","embeddable":true,"href":"https:\/\/www.anovapeneira.gal\/index.php\/wp-json\/wp\/v2\/categories?post=4913"},{"taxonomy":"post_tag","embeddable":true,"href":"https:\/\/www.anovapeneira.gal\/index.php\/wp-json\/wp\/v2\/tags?post=4913"}],"curies":[{"name":"wp","href":"https:\/\/api.w.org\/{rel}","templated":true}]}}