{"id":492,"date":"2019-07-01T23:50:43","date_gmt":"2019-07-01T21:50:43","guid":{"rendered":"http:\/\/www.anovapeneira.gal\/?p=492"},"modified":"2019-07-14T12:40:12","modified_gmt":"2019-07-14T10:40:12","slug":"nace-a-nova-peneira-gal","status":"publish","type":"post","link":"https:\/\/www.anovapeneira.gal\/index.php\/2019\/07\/01\/nace-a-nova-peneira-gal\/","title":{"rendered":"Nace A Nova Peneira.gal"},"content":{"rendered":"\n<figure class=\"wp-block-image is-resized\"><img loading=\"lazy\" decoding=\"async\" src=\"http:\/\/www.anovapeneira.gal\/wp-content\/uploads\/2019\/05\/tino_lago_director_a_nova_peneira.jpg\" alt=\"Tino Lago director a Nova Peneira\" class=\"wp-image-189\" width=\"95\" height=\"111\"\/><figcaption>Tino Lago director a Nova Peneira<\/figcaption><\/figure>\n\n\n\n<p>Ventos\ndo pobo l\u00e9vanme, \n<\/p>\n\n\n\n<p>ventos\ndo pobo arr\u00e1stranme,<\/p>\n\n\n\n<p> c\u00edscanme\n o coraz\u00f3n<\/p>\n\n\n\n<p>e\nair\u00e9anme  a garganta.<\/p>\n\n\n\n<p>&#8230;&#8230;&#8230;&#8230;&#8230;&#8230;&#8230;.<\/p>\n\n\n\n<p>Se\nmorro, que me morra coa cabeza moi alta.<\/p>\n\n\n\n<p> Morto\ne vinte veces morto,<\/p>\n\n\n\n<p> a\nboca contra a grama,\n\n<\/p>\n\n\n\n<p>terei\napertados os dentes<\/p>\n\n\n\n<p> e\ndecidida a barba<\/p>\n\n\n\n<p>&#8230;&#8230;&#8230;<\/p>\n\n\n\n<pre class=\"wp-block-verse\"><strong>Miguel Hern\u00e1ndez<\/strong><br><\/pre>\n\n\n\n<p>O 25 de Xullo ,d\u00eda da\nnaci\u00f3n galega e d\u00eda que sae \u00e1s r\u00faas o n\u00famero 111 da edici\u00f3n en\npapel de A NOVA PENEIRA, nace  A NOVA PENEIRA.GAL, coa ambiciosa\npretensi\u00f3n de sermos un diario dixital galego de informaci\u00f3n xeral,\nfocalizada nas oito comarcas de Pontevedra nas que polo momento\ndistribu\u00edmos  a nosa edici\u00f3n impresa: O Morrazo, Vigo, Redondela, O\nVal Mi\u00f1or, Baixo Mi\u00f1o, O Condado Paradanta, A Louri\u00f1a e Pontevedra\n. Nada vai mudar no peri\u00f3dico en papel, que seguir\u00e1 tendo unha ou\nd\u00faas edici\u00f3ns mensuais co \u00e1nimo intacto e a vontade firme para\n\u00edrmonos espallando a m\u00e1is corredoiras, m\u00e1is cami\u00f1os, m\u00e1is r\u00faas,\nm\u00e1is estradas, m\u00e1is barrios ,m\u00e1is parroquias, m\u00e1is concellos,\nm\u00e1is comarcas e m\u00e1is coraz\u00f3ns dos homes e mulleres do noso pobo, o\npobo galego.<\/p>\n\n\n\n<p>A nova peneira.gal, nace\ncomo fillo leal de A Nova Peneira, e como tal xurde coa inequ\u00edvoca\nintenci\u00f3n de ser fiel   aos postulados que defende o seu pai, os\nmesmos que de maneira tan fermosa reflectiu  Miguel Hern\u00e1ndez nestas\nestrofas do seu inmortal \u201c Viento del pueblo\u201d.<\/p>\n\n\n\n<p>Non\n\u00e9 certo que xa estea todo feito, que o estado que xurde no pos\nfranquismo sexa o m\u00e1ximo ao que se poida aspirar, que un pobo non\npoida decidir libremente o seu futuro, nin que o mundo dese\u00f1ado ao\nrematar a segunda guerra mundial, sexa o mellor dos mundos posibles.\nHai mill\u00f3ns de persoas que te\u00f1en fame, que sofren a miseria, a\nnegrura da pobreza e de m\u00faltiples tipos de violencia. E  si, p\u00f3dese\nescoller entre defender aos que explotan , entre practicar a\nequidistancia ou entre, sen que a ningu\u00e9n se lle te\u00f1a porque esixir\nactitudes heroicas, estar do lado dos que sofren de inxustiza N\u00f3s,\ncidad\u00e1ns e cidad\u00e1s libres do pa\u00eds galego, coa palabra como \u00fanica\narma, entre os que asoballan e os asoballados escollemos aos\nasoballados, entre os provocadores e os e os provocados eliximos aos\nprovocados, entre o feminismo e a equidistancia desprezamos \u00e1\nequidistancia, entre os carcereiros e os encarcerados escollemos aos\nencarcerados, entre os que se afogan e os que queren p\u00f3r valados,\neliximos tenderlle a man aos que se afogan, entre os poderosos e os\nmiserables escollemos aos que padecen a miseria, entre os soldados e\nos mansos eliximos aos pac\u00edficos, entre Marrocos e o Sahara\nescollemos ao Sahara, entre Israel e Palestina eliximos a Palestina,\nentre Turqu\u00eda e o Kurdist\u00e1n escollemos ao Kurdist\u00e1n e o e como\ndic\u00eda aquel fermoso mon\u00f3logo:<\/p>\n\n\n\n<p><strong>cambiar\nde camisa para obter posici\u00f3n? NON, GRAZAS.<\/strong><\/p>\n\n\n\n<p><strong>Dedicar se v\u00e9n ao caso versos aos banqueiros, converterme en pallaso, adular con vileza os cornos dun cabestro por temor a que me lance un xesto sinistro? NON, GRAZAS. <\/strong> <\/p>\n\n\n\n<p><strong>Almorzar\ncada d\u00eda un sapo? Ter o ventre panz\u00f3n? Un papo que me chegue os\nxeonllos con doenzas pestilentes de tanto facer reverencias? NON,\nGRAZAS. <\/strong>\n<\/p>\n\n\n\n<p><strong>Adular\no talento dos canelos, vivir atemorizado por infames libelos, e\nrepetir sen tregua: Se\u00f1ores, son un loro, quero ver o meu nome en\nletras de ouro? NON, GRAZAS.<\/strong><\/p>\n\n\n\n<p>\n<strong>Sentir\ntemor aos anatemas? Preferir as calumnias aos poemas, coleccionar\nmedallas, urdir falacias? NON, GRAZAS; NON, GRAZAS; NON GRAZAS\u2026<\/strong><\/p>\n\n\n\n<p><strong>Pero\ncantar\u2026 so\u00f1ar\u2026. rir, vivir, estar s\u00f3 ser libre ter o \u00e1\nespreita a voz que vibre po\u00f1erme por chapeu o universo, por un si ou\nun non baterme ou facer un verso, desprezar con valor a gloria e a\nfortuna, viaxar coa imaxinaci\u00f3n \u00e1 l\u00faa, s\u00f3 ao que vale reco\u00f1ecer\nos m\u00e9ritos, non pagar xamais por favores pret\u00e9ritos, renunciar para\nsempre a cadeas e protocolo, Posiblemente non voar moi alto, pero s\u00f3.<\/strong><\/p>\n\n\n\n<p>PS.\nToneladas de emocionadas grazas aos e \u00e1s anunciantes, aos\nsubscritores e \u00e1s subscritoras, aos lectores e lectoras e a todas e\ntodos que dun ou doutro modo fannos sentir o seu acubillo. Nada disto\nser\u00eda posible sen v\u00f3s. Por favor, non nos abandonedes aqu\u00ed est\u00e1 a\nvosa voz.<\/p>\n","protected":false},"excerpt":{"rendered":"<div class=\"mh-excerpt\"><p>O 25 de Xullo ,d\u00eda da naci\u00f3n galega e d\u00eda que sae \u00e1s r\u00faas o n\u00famero 111 da edici\u00f3n en papel de A NOVA PENEIRA, nace A NOVA PENEIRA.GAL, coa ambiciosa pretensi\u00f3n de sermos un diario dixital galego de informaci\u00f3n xeral <a class=\"mh-excerpt-more\" href=\"https:\/\/www.anovapeneira.gal\/index.php\/2019\/07\/01\/nace-a-nova-peneira-gal\/\" title=\"Nace A Nova Peneira.gal\">[&#8230;]<\/a><\/p>\n<\/div>","protected":false},"author":2,"featured_media":493,"comment_status":"open","ping_status":"open","sticky":false,"template":"","format":"standard","meta":{"_exactmetrics_skip_tracking":false,"_exactmetrics_sitenote_active":false,"_exactmetrics_sitenote_note":"","_exactmetrics_sitenote_category":0,"footnotes":""},"categories":[61],"tags":[179,182,180,181],"class_list":{"0":"post-492","1":"post","2":"type-post","3":"status-publish","4":"format-standard","5":"has-post-thumbnail","7":"category-artigo-editorial","8":"tag-a-nova-peneira","9":"tag-informacion","10":"tag-miguel-hernandez","11":"tag-viento-del-pueblo"},"yoast_head":"<!-- This site is optimized with the Yoast SEO plugin v27.4 - https:\/\/yoast.com\/product\/yoast-seo-wordpress\/ -->\n<title>Nace A Nova Peneira.gal -<\/title>\n<meta name=\"robots\" content=\"index, follow, max-snippet:-1, max-image-preview:large, max-video-preview:-1\" \/>\n<link rel=\"canonical\" href=\"https:\/\/www.anovapeneira.gal\/index.php\/2019\/07\/01\/nace-a-nova-peneira-gal\/\" \/>\n<meta property=\"og:locale\" content=\"gl_ES\" \/>\n<meta property=\"og:type\" content=\"article\" \/>\n<meta property=\"og:title\" content=\"Nace A Nova Peneira.gal -\" \/>\n<meta property=\"og:description\" content=\"O 25 de Xullo ,d\u00eda da naci\u00f3n galega e d\u00eda que sae \u00e1s r\u00faas o n\u00famero 111 da edici\u00f3n en papel de A NOVA PENEIRA, nace A NOVA PENEIRA.GAL, coa ambiciosa pretensi\u00f3n de sermos un diario dixital galego de informaci\u00f3n xeral [...]\" \/>\n<meta property=\"og:url\" content=\"https:\/\/www.anovapeneira.gal\/index.php\/2019\/07\/01\/nace-a-nova-peneira-gal\/\" \/>\n<meta property=\"article:publisher\" content=\"https:\/\/www.facebook.com\/anovapeneira\" \/>\n<meta property=\"article:published_time\" content=\"2019-07-01T21:50:43+00:00\" \/>\n<meta property=\"article:modified_time\" content=\"2019-07-14T10:40:12+00:00\" \/>\n<meta property=\"og:image\" content=\"https:\/\/www.anovapeneira.gal\/wp-content\/uploads\/2019\/07\/nace_a_nova_peneira_gal.jpg\" \/>\n\t<meta property=\"og:image:width\" content=\"720\" \/>\n\t<meta property=\"og:image:height\" content=\"473\" \/>\n\t<meta property=\"og:image:type\" content=\"image\/jpeg\" \/>\n<meta name=\"author\" content=\"Tino Lago\" \/>\n<meta name=\"twitter:card\" content=\"summary_large_image\" \/>\n<meta name=\"twitter:creator\" content=\"@APeneira\" \/>\n<meta name=\"twitter:site\" content=\"@APeneira\" \/>\n<meta name=\"twitter:label1\" content=\"Escrito por\" \/>\n\t<meta name=\"twitter:data1\" content=\"Tino Lago\" \/>\n\t<meta name=\"twitter:label2\" content=\"Tempo de lectura\" \/>\n\t<meta name=\"twitter:data2\" content=\"4 minutos\" \/>\n<script type=\"application\/ld+json\" class=\"yoast-schema-graph\">{\"@context\":\"https:\\\/\\\/schema.org\",\"@graph\":[{\"@type\":\"Article\",\"@id\":\"https:\\\/\\\/www.anovapeneira.gal\\\/index.php\\\/2019\\\/07\\\/01\\\/nace-a-nova-peneira-gal\\\/#article\",\"isPartOf\":{\"@id\":\"https:\\\/\\\/www.anovapeneira.gal\\\/index.php\\\/2019\\\/07\\\/01\\\/nace-a-nova-peneira-gal\\\/\"},\"author\":{\"name\":\"Tino Lago\",\"@id\":\"https:\\\/\\\/www.anovapeneira.gal\\\/#\\\/schema\\\/person\\\/424dfe65e3070fd8a44d22d2c088762a\"},\"headline\":\"Nace A Nova Peneira.gal\",\"datePublished\":\"2019-07-01T21:50:43+00:00\",\"dateModified\":\"2019-07-14T10:40:12+00:00\",\"mainEntityOfPage\":{\"@id\":\"https:\\\/\\\/www.anovapeneira.gal\\\/index.php\\\/2019\\\/07\\\/01\\\/nace-a-nova-peneira-gal\\\/\"},\"wordCount\":752,\"commentCount\":0,\"publisher\":{\"@id\":\"https:\\\/\\\/www.anovapeneira.gal\\\/#organization\"},\"image\":{\"@id\":\"https:\\\/\\\/www.anovapeneira.gal\\\/index.php\\\/2019\\\/07\\\/01\\\/nace-a-nova-peneira-gal\\\/#primaryimage\"},\"thumbnailUrl\":\"https:\\\/\\\/www.anovapeneira.gal\\\/wp-content\\\/uploads\\\/2019\\\/07\\\/nace_a_nova_peneira_gal.jpg\",\"keywords\":[\"A Nova Peneira\",\"Informaci\u00f3n\",\"Miguel Hern\u00e1ndez\",\"Viento del pueblo\"],\"articleSection\":[\"Artigo editorial\"],\"inLanguage\":\"gl-ES\",\"potentialAction\":[{\"@type\":\"CommentAction\",\"name\":\"Comment\",\"target\":[\"https:\\\/\\\/www.anovapeneira.gal\\\/index.php\\\/2019\\\/07\\\/01\\\/nace-a-nova-peneira-gal\\\/#respond\"]}]},{\"@type\":\"WebPage\",\"@id\":\"https:\\\/\\\/www.anovapeneira.gal\\\/index.php\\\/2019\\\/07\\\/01\\\/nace-a-nova-peneira-gal\\\/\",\"url\":\"https:\\\/\\\/www.anovapeneira.gal\\\/index.php\\\/2019\\\/07\\\/01\\\/nace-a-nova-peneira-gal\\\/\",\"name\":\"Nace A Nova Peneira.gal -\",\"isPartOf\":{\"@id\":\"https:\\\/\\\/www.anovapeneira.gal\\\/#website\"},\"primaryImageOfPage\":{\"@id\":\"https:\\\/\\\/www.anovapeneira.gal\\\/index.php\\\/2019\\\/07\\\/01\\\/nace-a-nova-peneira-gal\\\/#primaryimage\"},\"image\":{\"@id\":\"https:\\\/\\\/www.anovapeneira.gal\\\/index.php\\\/2019\\\/07\\\/01\\\/nace-a-nova-peneira-gal\\\/#primaryimage\"},\"thumbnailUrl\":\"https:\\\/\\\/www.anovapeneira.gal\\\/wp-content\\\/uploads\\\/2019\\\/07\\\/nace_a_nova_peneira_gal.jpg\",\"datePublished\":\"2019-07-01T21:50:43+00:00\",\"dateModified\":\"2019-07-14T10:40:12+00:00\",\"breadcrumb\":{\"@id\":\"https:\\\/\\\/www.anovapeneira.gal\\\/index.php\\\/2019\\\/07\\\/01\\\/nace-a-nova-peneira-gal\\\/#breadcrumb\"},\"inLanguage\":\"gl-ES\",\"potentialAction\":[{\"@type\":\"ReadAction\",\"target\":[\"https:\\\/\\\/www.anovapeneira.gal\\\/index.php\\\/2019\\\/07\\\/01\\\/nace-a-nova-peneira-gal\\\/\"]}]},{\"@type\":\"ImageObject\",\"inLanguage\":\"gl-ES\",\"@id\":\"https:\\\/\\\/www.anovapeneira.gal\\\/index.php\\\/2019\\\/07\\\/01\\\/nace-a-nova-peneira-gal\\\/#primaryimage\",\"url\":\"https:\\\/\\\/www.anovapeneira.gal\\\/wp-content\\\/uploads\\\/2019\\\/07\\\/nace_a_nova_peneira_gal.jpg\",\"contentUrl\":\"https:\\\/\\\/www.anovapeneira.gal\\\/wp-content\\\/uploads\\\/2019\\\/07\\\/nace_a_nova_peneira_gal.jpg\",\"width\":720,\"height\":473,\"caption\":\"Nace anovapeneira.gal\"},{\"@type\":\"BreadcrumbList\",\"@id\":\"https:\\\/\\\/www.anovapeneira.gal\\\/index.php\\\/2019\\\/07\\\/01\\\/nace-a-nova-peneira-gal\\\/#breadcrumb\",\"itemListElement\":[{\"@type\":\"ListItem\",\"position\":1,\"name\":\"Portada\",\"item\":\"https:\\\/\\\/www.anovapeneira.gal\\\/\"},{\"@type\":\"ListItem\",\"position\":2,\"name\":\"Nace A Nova Peneira.gal\"}]},{\"@type\":\"WebSite\",\"@id\":\"https:\\\/\\\/www.anovapeneira.gal\\\/#website\",\"url\":\"https:\\\/\\\/www.anovapeneira.gal\\\/\",\"name\":\"\",\"description\":\"Xornal galego de informaci\u00f3n xeral Publicaci\u00f3n mensual de novas de Galicia e en especial dos Concellos da sur da provincia de Pontevedra.\",\"publisher\":{\"@id\":\"https:\\\/\\\/www.anovapeneira.gal\\\/#organization\"},\"potentialAction\":[{\"@type\":\"SearchAction\",\"target\":{\"@type\":\"EntryPoint\",\"urlTemplate\":\"https:\\\/\\\/www.anovapeneira.gal\\\/?s={search_term_string}\"},\"query-input\":{\"@type\":\"PropertyValueSpecification\",\"valueRequired\":true,\"valueName\":\"search_term_string\"}}],\"inLanguage\":\"gl-ES\"},{\"@type\":\"Organization\",\"@id\":\"https:\\\/\\\/www.anovapeneira.gal\\\/#organization\",\"name\":\"A Nova Peneira\",\"url\":\"https:\\\/\\\/www.anovapeneira.gal\\\/\",\"logo\":{\"@type\":\"ImageObject\",\"inLanguage\":\"gl-ES\",\"@id\":\"https:\\\/\\\/www.anovapeneira.gal\\\/#\\\/schema\\\/logo\\\/image\\\/\",\"url\":\"http:\\\/\\\/www.anovapeneira.gal\\\/wp-content\\\/uploads\\\/2019\\\/06\\\/logo_a_nova_peneira_portal_web.png\",\"contentUrl\":\"http:\\\/\\\/www.anovapeneira.gal\\\/wp-content\\\/uploads\\\/2019\\\/06\\\/logo_a_nova_peneira_portal_web.png\",\"width\":300,\"height\":100,\"caption\":\"A Nova Peneira\"},\"image\":{\"@id\":\"https:\\\/\\\/www.anovapeneira.gal\\\/#\\\/schema\\\/logo\\\/image\\\/\"},\"sameAs\":[\"https:\\\/\\\/www.facebook.com\\\/anovapeneira\",\"https:\\\/\\\/x.com\\\/APeneira\"]},{\"@type\":\"Person\",\"@id\":\"https:\\\/\\\/www.anovapeneira.gal\\\/#\\\/schema\\\/person\\\/424dfe65e3070fd8a44d22d2c088762a\",\"name\":\"Tino Lago\",\"image\":{\"@type\":\"ImageObject\",\"inLanguage\":\"gl-ES\",\"@id\":\"https:\\\/\\\/secure.gravatar.com\\\/avatar\\\/b3df6a06e44bab3111583b90f0f33a0379ee5e3d22cbadd232d39f21c30c62be?s=96&d=mm&r=g\",\"url\":\"https:\\\/\\\/secure.gravatar.com\\\/avatar\\\/b3df6a06e44bab3111583b90f0f33a0379ee5e3d22cbadd232d39f21c30c62be?s=96&d=mm&r=g\",\"contentUrl\":\"https:\\\/\\\/secure.gravatar.com\\\/avatar\\\/b3df6a06e44bab3111583b90f0f33a0379ee5e3d22cbadd232d39f21c30c62be?s=96&d=mm&r=g\",\"caption\":\"Tino Lago\"},\"sameAs\":[\"http:\\\/\\\/www.anovapeneira.gal\"],\"url\":\"https:\\\/\\\/www.anovapeneira.gal\\\/index.php\\\/author\\\/director\\\/\"}]}<\/script>\n<!-- \/ Yoast SEO plugin. -->","yoast_head_json":{"title":"Nace A Nova Peneira.gal -","robots":{"index":"index","follow":"follow","max-snippet":"max-snippet:-1","max-image-preview":"max-image-preview:large","max-video-preview":"max-video-preview:-1"},"canonical":"https:\/\/www.anovapeneira.gal\/index.php\/2019\/07\/01\/nace-a-nova-peneira-gal\/","og_locale":"gl_ES","og_type":"article","og_title":"Nace A Nova Peneira.gal -","og_description":"O 25 de Xullo ,d\u00eda da naci\u00f3n galega e d\u00eda que sae \u00e1s r\u00faas o n\u00famero 111 da edici\u00f3n en papel de A NOVA PENEIRA, nace A NOVA PENEIRA.GAL, coa ambiciosa pretensi\u00f3n de sermos un diario dixital galego de informaci\u00f3n xeral [...]","og_url":"https:\/\/www.anovapeneira.gal\/index.php\/2019\/07\/01\/nace-a-nova-peneira-gal\/","article_publisher":"https:\/\/www.facebook.com\/anovapeneira","article_published_time":"2019-07-01T21:50:43+00:00","article_modified_time":"2019-07-14T10:40:12+00:00","og_image":[{"width":720,"height":473,"url":"https:\/\/www.anovapeneira.gal\/wp-content\/uploads\/2019\/07\/nace_a_nova_peneira_gal.jpg","type":"image\/jpeg"}],"author":"Tino Lago","twitter_card":"summary_large_image","twitter_creator":"@APeneira","twitter_site":"@APeneira","twitter_misc":{"Escrito por":"Tino Lago","Tempo de lectura":"4 minutos"},"schema":{"@context":"https:\/\/schema.org","@graph":[{"@type":"Article","@id":"https:\/\/www.anovapeneira.gal\/index.php\/2019\/07\/01\/nace-a-nova-peneira-gal\/#article","isPartOf":{"@id":"https:\/\/www.anovapeneira.gal\/index.php\/2019\/07\/01\/nace-a-nova-peneira-gal\/"},"author":{"name":"Tino Lago","@id":"https:\/\/www.anovapeneira.gal\/#\/schema\/person\/424dfe65e3070fd8a44d22d2c088762a"},"headline":"Nace A Nova Peneira.gal","datePublished":"2019-07-01T21:50:43+00:00","dateModified":"2019-07-14T10:40:12+00:00","mainEntityOfPage":{"@id":"https:\/\/www.anovapeneira.gal\/index.php\/2019\/07\/01\/nace-a-nova-peneira-gal\/"},"wordCount":752,"commentCount":0,"publisher":{"@id":"https:\/\/www.anovapeneira.gal\/#organization"},"image":{"@id":"https:\/\/www.anovapeneira.gal\/index.php\/2019\/07\/01\/nace-a-nova-peneira-gal\/#primaryimage"},"thumbnailUrl":"https:\/\/www.anovapeneira.gal\/wp-content\/uploads\/2019\/07\/nace_a_nova_peneira_gal.jpg","keywords":["A Nova Peneira","Informaci\u00f3n","Miguel Hern\u00e1ndez","Viento del pueblo"],"articleSection":["Artigo editorial"],"inLanguage":"gl-ES","potentialAction":[{"@type":"CommentAction","name":"Comment","target":["https:\/\/www.anovapeneira.gal\/index.php\/2019\/07\/01\/nace-a-nova-peneira-gal\/#respond"]}]},{"@type":"WebPage","@id":"https:\/\/www.anovapeneira.gal\/index.php\/2019\/07\/01\/nace-a-nova-peneira-gal\/","url":"https:\/\/www.anovapeneira.gal\/index.php\/2019\/07\/01\/nace-a-nova-peneira-gal\/","name":"Nace A Nova Peneira.gal -","isPartOf":{"@id":"https:\/\/www.anovapeneira.gal\/#website"},"primaryImageOfPage":{"@id":"https:\/\/www.anovapeneira.gal\/index.php\/2019\/07\/01\/nace-a-nova-peneira-gal\/#primaryimage"},"image":{"@id":"https:\/\/www.anovapeneira.gal\/index.php\/2019\/07\/01\/nace-a-nova-peneira-gal\/#primaryimage"},"thumbnailUrl":"https:\/\/www.anovapeneira.gal\/wp-content\/uploads\/2019\/07\/nace_a_nova_peneira_gal.jpg","datePublished":"2019-07-01T21:50:43+00:00","dateModified":"2019-07-14T10:40:12+00:00","breadcrumb":{"@id":"https:\/\/www.anovapeneira.gal\/index.php\/2019\/07\/01\/nace-a-nova-peneira-gal\/#breadcrumb"},"inLanguage":"gl-ES","potentialAction":[{"@type":"ReadAction","target":["https:\/\/www.anovapeneira.gal\/index.php\/2019\/07\/01\/nace-a-nova-peneira-gal\/"]}]},{"@type":"ImageObject","inLanguage":"gl-ES","@id":"https:\/\/www.anovapeneira.gal\/index.php\/2019\/07\/01\/nace-a-nova-peneira-gal\/#primaryimage","url":"https:\/\/www.anovapeneira.gal\/wp-content\/uploads\/2019\/07\/nace_a_nova_peneira_gal.jpg","contentUrl":"https:\/\/www.anovapeneira.gal\/wp-content\/uploads\/2019\/07\/nace_a_nova_peneira_gal.jpg","width":720,"height":473,"caption":"Nace anovapeneira.gal"},{"@type":"BreadcrumbList","@id":"https:\/\/www.anovapeneira.gal\/index.php\/2019\/07\/01\/nace-a-nova-peneira-gal\/#breadcrumb","itemListElement":[{"@type":"ListItem","position":1,"name":"Portada","item":"https:\/\/www.anovapeneira.gal\/"},{"@type":"ListItem","position":2,"name":"Nace A Nova Peneira.gal"}]},{"@type":"WebSite","@id":"https:\/\/www.anovapeneira.gal\/#website","url":"https:\/\/www.anovapeneira.gal\/","name":"","description":"Xornal galego de informaci\u00f3n xeral Publicaci\u00f3n mensual de novas de Galicia e en especial dos Concellos da sur da provincia de Pontevedra.","publisher":{"@id":"https:\/\/www.anovapeneira.gal\/#organization"},"potentialAction":[{"@type":"SearchAction","target":{"@type":"EntryPoint","urlTemplate":"https:\/\/www.anovapeneira.gal\/?s={search_term_string}"},"query-input":{"@type":"PropertyValueSpecification","valueRequired":true,"valueName":"search_term_string"}}],"inLanguage":"gl-ES"},{"@type":"Organization","@id":"https:\/\/www.anovapeneira.gal\/#organization","name":"A Nova Peneira","url":"https:\/\/www.anovapeneira.gal\/","logo":{"@type":"ImageObject","inLanguage":"gl-ES","@id":"https:\/\/www.anovapeneira.gal\/#\/schema\/logo\/image\/","url":"http:\/\/www.anovapeneira.gal\/wp-content\/uploads\/2019\/06\/logo_a_nova_peneira_portal_web.png","contentUrl":"http:\/\/www.anovapeneira.gal\/wp-content\/uploads\/2019\/06\/logo_a_nova_peneira_portal_web.png","width":300,"height":100,"caption":"A Nova Peneira"},"image":{"@id":"https:\/\/www.anovapeneira.gal\/#\/schema\/logo\/image\/"},"sameAs":["https:\/\/www.facebook.com\/anovapeneira","https:\/\/x.com\/APeneira"]},{"@type":"Person","@id":"https:\/\/www.anovapeneira.gal\/#\/schema\/person\/424dfe65e3070fd8a44d22d2c088762a","name":"Tino Lago","image":{"@type":"ImageObject","inLanguage":"gl-ES","@id":"https:\/\/secure.gravatar.com\/avatar\/b3df6a06e44bab3111583b90f0f33a0379ee5e3d22cbadd232d39f21c30c62be?s=96&d=mm&r=g","url":"https:\/\/secure.gravatar.com\/avatar\/b3df6a06e44bab3111583b90f0f33a0379ee5e3d22cbadd232d39f21c30c62be?s=96&d=mm&r=g","contentUrl":"https:\/\/secure.gravatar.com\/avatar\/b3df6a06e44bab3111583b90f0f33a0379ee5e3d22cbadd232d39f21c30c62be?s=96&d=mm&r=g","caption":"Tino Lago"},"sameAs":["http:\/\/www.anovapeneira.gal"],"url":"https:\/\/www.anovapeneira.gal\/index.php\/author\/director\/"}]}},"jetpack_featured_media_url":"https:\/\/www.anovapeneira.gal\/wp-content\/uploads\/2019\/07\/nace_a_nova_peneira_gal.jpg","_links":{"self":[{"href":"https:\/\/www.anovapeneira.gal\/index.php\/wp-json\/wp\/v2\/posts\/492","targetHints":{"allow":["GET"]}}],"collection":[{"href":"https:\/\/www.anovapeneira.gal\/index.php\/wp-json\/wp\/v2\/posts"}],"about":[{"href":"https:\/\/www.anovapeneira.gal\/index.php\/wp-json\/wp\/v2\/types\/post"}],"author":[{"embeddable":true,"href":"https:\/\/www.anovapeneira.gal\/index.php\/wp-json\/wp\/v2\/users\/2"}],"replies":[{"embeddable":true,"href":"https:\/\/www.anovapeneira.gal\/index.php\/wp-json\/wp\/v2\/comments?post=492"}],"version-history":[{"count":2,"href":"https:\/\/www.anovapeneira.gal\/index.php\/wp-json\/wp\/v2\/posts\/492\/revisions"}],"predecessor-version":[{"id":520,"href":"https:\/\/www.anovapeneira.gal\/index.php\/wp-json\/wp\/v2\/posts\/492\/revisions\/520"}],"wp:featuredmedia":[{"embeddable":true,"href":"https:\/\/www.anovapeneira.gal\/index.php\/wp-json\/wp\/v2\/media\/493"}],"wp:attachment":[{"href":"https:\/\/www.anovapeneira.gal\/index.php\/wp-json\/wp\/v2\/media?parent=492"}],"wp:term":[{"taxonomy":"category","embeddable":true,"href":"https:\/\/www.anovapeneira.gal\/index.php\/wp-json\/wp\/v2\/categories?post=492"},{"taxonomy":"post_tag","embeddable":true,"href":"https:\/\/www.anovapeneira.gal\/index.php\/wp-json\/wp\/v2\/tags?post=492"}],"curies":[{"name":"wp","href":"https:\/\/api.w.org\/{rel}","templated":true}]}}