{"id":4923,"date":"2021-02-25T12:00:09","date_gmt":"2021-02-25T11:00:09","guid":{"rendered":"http:\/\/www.anovapeneira.gal\/?p=4923"},"modified":"2021-02-21T10:24:08","modified_gmt":"2021-02-21T09:24:08","slug":"bng-reclama-ao-goberno-do-estado-que-investigue-as-inmatriculacions-da-igrexa-na-galiza-e-anule-as-que-recaian-sobre-o-dominio-publico","status":"publish","type":"post","link":"https:\/\/www.anovapeneira.gal\/index.php\/2021\/02\/25\/bng-reclama-ao-goberno-do-estado-que-investigue-as-inmatriculacions-da-igrexa-na-galiza-e-anule-as-que-recaian-sobre-o-dominio-publico\/","title":{"rendered":"BNG reclama ao Goberno do Estado que investigue as inmatriculaci\u00f3ns da Igrexa na Galiza e anule as que recaian sobre o dominio p\u00fablico"},"content":{"rendered":"\n<h2 class=\"wp-block-heading\"><strong>A organizaci\u00f3n nacionalista sinala que moitas das propiedades que aparecen no listado que fixo p\u00fablico o Goberno foron rexistradas pola Igrexa de maneira absolutamente irregular, moitas foron apropiadas durante o franquismo, outras carecen de t\u00edtulo que acredite a titularidade e outros son bens de dominio p\u00fablico. Por iso o Goberno debe investigar as inmatriculaci\u00f3ns feitas e anular, cando menos, as que recaian sobre bens de dominio p\u00fablico.<\/strong><\/h2>\n\n\n\n<p><strong>Madrid, 19 de febreiro de 2021<\/strong>.<\/p>\n\n\n\n<p>O Goberno do Estado ven de facer p\u00fablico, m\u00e1is dun ano e medio despois, o listado dos bens rexistrados pola Igrexa Cat\u00f3lica. Debe lembrarse que por un privilexio outorgado \u00e1s autoridades eclesi\u00e1sticas primeiro no Franquismo e logo ampliado durante o Goberno do PP de Aznar, estes pod\u00edan certificar que un inmoble era seu e proceder directamente \u00e1 s\u00faa inmatriculaci\u00f3n, \u00e9 dicir, a rexistralo por primeira vez. Isto levou a que a Igrexa se apropiara ilicitamente e sen control de moitos bens dos que non era verdadeiramente titular.<\/p>\n\n\n\n<p>Na listaxe que acaba de co\u00f1ecer de co\u00f1ecer a formaci\u00f3n nacionalista, dos 34.984 inmobles rexistrados m\u00e1is do 20% do total at\u00f3panse na Galiza, uns 7.131, e destes, m\u00e1is de 4.000 son inmobles non relacionados co culto, como pisos, fincas, garaxes, chegando incluso a rexistrar carballeiras e campos da festa como propias da Igrexa sen selo, \u00e9 dicir, pertencendo a persoas particulares ou ao dominio p\u00fablico.<\/p>\n\n\n\n<p>\u201cA informaci\u00f3n que se fai p\u00fablica de cada un dos bens \u00e9 moi escasa, o que dificulta enormemente a posibilidade de identificaci\u00f3n e que podan reclamarse polas persoas afectadas, por iso \u00e9 necesario completar eses datos, sobre todo no referido \u00e1s fincas r\u00fasticas\u201d incide o deputado nacionalista. Rego tam\u00e9n exixe ao Estado maior informaci\u00f3n sobre os bens que foron rexistrados a nome da Igrexa Cat\u00f3lica para identificar cales foron apropiados irregularmente e, as\u00ed, poder localizar e identificar concretamente as propiedades, e permitir a s\u00faa reclamaci\u00f3n.<\/p>\n\n\n\n<p>As\u00ed mesmo, o deputado do BNG sinala que \u201c\u00e9 necesario que o propio Estado investigue os bens rexistrados a nome da Igrexa para poder determinar cales foron inscritos sen t\u00edtulo previo, s\u00f3 coa palabra da autoridade eclesi\u00e1stica sen necesidade de acreditaci\u00f3n documental\u201d. Isto permitir\u00eda co\u00f1ecer cales foron inscrici\u00f3ns irregulares e que se podan iniciar os tr\u00e1mites necesarios para devolvelos aos seus lex\u00edtimos propietarios. As\u00ed mesmo, con esta investigaci\u00f3n poderase determinar que bens inmatriculados son realmente do dominio p\u00fablico e deber\u00e1 nese caso anular directamente a inscrici\u00f3n rexistral e devolvelos aos seus lex\u00edtimos propietarios, o conxunto da cidadan\u00eda.<\/p>\n","protected":false},"excerpt":{"rendered":"<div class=\"mh-excerpt\"><p>A organizaci\u00f3n nacionalista sinala que moitas das propiedades que aparecen no listado que fixo p\u00fablico o Goberno foron rexistradas pola Igrexa de maneira absolutamente irregular, moitas foron apropiadas durante o franquismo, outras carecen de t\u00edtulo que acredite a titularidade e outros son bens de dominio p\u00fablico. Por iso o Goberno debe investigar as inmatriculaci\u00f3ns feitas e anular, cando menos, as que recaian sobre bens de dominio p\u00fablico <a class=\"mh-excerpt-more\" href=\"https:\/\/www.anovapeneira.gal\/index.php\/2021\/02\/25\/bng-reclama-ao-goberno-do-estado-que-investigue-as-inmatriculacions-da-igrexa-na-galiza-e-anule-as-que-recaian-sobre-o-dominio-publico\/\" title=\"BNG reclama ao Goberno do Estado que investigue as inmatriculaci\u00f3ns da Igrexa na Galiza e anule as que recaian sobre o dominio p\u00fablico\">[&#8230;]<\/a><\/p>\n<\/div>","protected":false},"author":3,"featured_media":2728,"comment_status":"open","ping_status":"open","sticky":false,"template":"","format":"standard","meta":{"_exactmetrics_skip_tracking":false,"_exactmetrics_sitenote_active":false,"_exactmetrics_sitenote_note":"","_exactmetrics_sitenote_category":0,"footnotes":""},"categories":[263],"tags":[10,1232],"class_list":{"0":"post-4923","1":"post","2":"type-post","3":"status-publish","4":"format-standard","5":"has-post-thumbnail","7":"category-novas","8":"tag-bng","9":"tag-inmatriculacion-da-igrexa"},"yoast_head":"<!-- This site is optimized with the Yoast SEO plugin v27.4 - https:\/\/yoast.com\/product\/yoast-seo-wordpress\/ -->\n<title>BNG reclama ao Goberno do Estado que investigue as inmatriculaci\u00f3ns da Igrexa na Galiza e anule as que recaian sobre o dominio p\u00fablico -<\/title>\n<meta name=\"description\" content=\"A organizaci\u00f3n nacionalista sinala que moitas das propiedades que aparecen no listado que fixo p\u00fablico o Goberno foron rexistradas pola Igrexa de maneira absolutamente irregular, moitas foron apropiadas durante o franquismo, outras carecen de t\u00edtulo que acredite a titularidade e outros son bens de dominio p\u00fablico. Por iso o Goberno debe investigar as inmatriculaci\u00f3ns feitas e anular, cando menos, as que recaian sobre bens de dominio p\u00fablico\" \/>\n<meta name=\"robots\" content=\"index, follow, max-snippet:-1, max-image-preview:large, max-video-preview:-1\" \/>\n<link rel=\"canonical\" href=\"https:\/\/www.anovapeneira.gal\/index.php\/2021\/02\/25\/bng-reclama-ao-goberno-do-estado-que-investigue-as-inmatriculacions-da-igrexa-na-galiza-e-anule-as-que-recaian-sobre-o-dominio-publico\/\" \/>\n<meta property=\"og:locale\" content=\"gl_ES\" \/>\n<meta property=\"og:type\" content=\"article\" \/>\n<meta property=\"og:title\" content=\"BNG reclama ao Goberno do Estado que investigue as inmatriculaci\u00f3ns da Igrexa na Galiza e anule as que recaian sobre o dominio p\u00fablico -\" \/>\n<meta property=\"og:description\" content=\"A organizaci\u00f3n nacionalista sinala que moitas das propiedades que aparecen no listado que fixo p\u00fablico o Goberno foron rexistradas pola Igrexa de maneira absolutamente irregular, moitas foron apropiadas durante o franquismo, outras carecen de t\u00edtulo que acredite a titularidade e outros son bens de dominio p\u00fablico. Por iso o Goberno debe investigar as inmatriculaci\u00f3ns feitas e anular, cando menos, as que recaian sobre bens de dominio p\u00fablico\" \/>\n<meta property=\"og:url\" content=\"https:\/\/www.anovapeneira.gal\/index.php\/2021\/02\/25\/bng-reclama-ao-goberno-do-estado-que-investigue-as-inmatriculacions-da-igrexa-na-galiza-e-anule-as-que-recaian-sobre-o-dominio-publico\/\" \/>\n<meta property=\"article:publisher\" content=\"https:\/\/www.facebook.com\/anovapeneira\" \/>\n<meta property=\"article:published_time\" content=\"2021-02-25T11:00:09+00:00\" \/>\n<meta property=\"og:image\" content=\"https:\/\/www.anovapeneira.gal\/wp-content\/uploads\/2020\/03\/Nestor_Rego_congreso.jpg\" \/>\n\t<meta property=\"og:image:width\" content=\"720\" \/>\n\t<meta property=\"og:image:height\" content=\"432\" \/>\n\t<meta property=\"og:image:type\" content=\"image\/jpeg\" \/>\n<meta name=\"author\" content=\"Redacci\u00f3n A Nova Peneira\" \/>\n<meta name=\"twitter:card\" content=\"summary_large_image\" \/>\n<meta name=\"twitter:creator\" content=\"@APeneira\" \/>\n<meta name=\"twitter:site\" content=\"@APeneira\" \/>\n<meta name=\"twitter:label1\" content=\"Escrito por\" \/>\n\t<meta name=\"twitter:data1\" content=\"Redacci\u00f3n A Nova Peneira\" \/>\n\t<meta name=\"twitter:label2\" content=\"Tempo de lectura\" \/>\n\t<meta name=\"twitter:data2\" content=\"2 minutos\" \/>\n<script type=\"application\/ld+json\" class=\"yoast-schema-graph\">{\"@context\":\"https:\\\/\\\/schema.org\",\"@graph\":[{\"@type\":\"Article\",\"@id\":\"https:\\\/\\\/www.anovapeneira.gal\\\/index.php\\\/2021\\\/02\\\/25\\\/bng-reclama-ao-goberno-do-estado-que-investigue-as-inmatriculacions-da-igrexa-na-galiza-e-anule-as-que-recaian-sobre-o-dominio-publico\\\/#article\",\"isPartOf\":{\"@id\":\"https:\\\/\\\/www.anovapeneira.gal\\\/index.php\\\/2021\\\/02\\\/25\\\/bng-reclama-ao-goberno-do-estado-que-investigue-as-inmatriculacions-da-igrexa-na-galiza-e-anule-as-que-recaian-sobre-o-dominio-publico\\\/\"},\"author\":{\"name\":\"Redacci\u00f3n A Nova Peneira\",\"@id\":\"https:\\\/\\\/www.anovapeneira.gal\\\/#\\\/schema\\\/person\\\/b93e3f8932e3f8da96334607eb6ac6aa\"},\"headline\":\"BNG reclama ao Goberno do Estado que investigue as inmatriculaci\u00f3ns da Igrexa na Galiza e anule as que recaian sobre o dominio p\u00fablico\",\"datePublished\":\"2021-02-25T11:00:09+00:00\",\"mainEntityOfPage\":{\"@id\":\"https:\\\/\\\/www.anovapeneira.gal\\\/index.php\\\/2021\\\/02\\\/25\\\/bng-reclama-ao-goberno-do-estado-que-investigue-as-inmatriculacions-da-igrexa-na-galiza-e-anule-as-que-recaian-sobre-o-dominio-publico\\\/\"},\"wordCount\":462,\"commentCount\":0,\"publisher\":{\"@id\":\"https:\\\/\\\/www.anovapeneira.gal\\\/#organization\"},\"image\":{\"@id\":\"https:\\\/\\\/www.anovapeneira.gal\\\/index.php\\\/2021\\\/02\\\/25\\\/bng-reclama-ao-goberno-do-estado-que-investigue-as-inmatriculacions-da-igrexa-na-galiza-e-anule-as-que-recaian-sobre-o-dominio-publico\\\/#primaryimage\"},\"thumbnailUrl\":\"https:\\\/\\\/www.anovapeneira.gal\\\/wp-content\\\/uploads\\\/2020\\\/03\\\/Nestor_Rego_congreso.jpg\",\"keywords\":[\"BNG\",\"Inmatriculaci\u00f3n da Igrexa\"],\"articleSection\":[\"Novas\"],\"inLanguage\":\"gl-ES\",\"potentialAction\":[{\"@type\":\"CommentAction\",\"name\":\"Comment\",\"target\":[\"https:\\\/\\\/www.anovapeneira.gal\\\/index.php\\\/2021\\\/02\\\/25\\\/bng-reclama-ao-goberno-do-estado-que-investigue-as-inmatriculacions-da-igrexa-na-galiza-e-anule-as-que-recaian-sobre-o-dominio-publico\\\/#respond\"]}]},{\"@type\":\"WebPage\",\"@id\":\"https:\\\/\\\/www.anovapeneira.gal\\\/index.php\\\/2021\\\/02\\\/25\\\/bng-reclama-ao-goberno-do-estado-que-investigue-as-inmatriculacions-da-igrexa-na-galiza-e-anule-as-que-recaian-sobre-o-dominio-publico\\\/\",\"url\":\"https:\\\/\\\/www.anovapeneira.gal\\\/index.php\\\/2021\\\/02\\\/25\\\/bng-reclama-ao-goberno-do-estado-que-investigue-as-inmatriculacions-da-igrexa-na-galiza-e-anule-as-que-recaian-sobre-o-dominio-publico\\\/\",\"name\":\"BNG reclama ao Goberno do Estado que investigue as inmatriculaci\u00f3ns da Igrexa na Galiza e anule as que recaian sobre o dominio p\u00fablico -\",\"isPartOf\":{\"@id\":\"https:\\\/\\\/www.anovapeneira.gal\\\/#website\"},\"primaryImageOfPage\":{\"@id\":\"https:\\\/\\\/www.anovapeneira.gal\\\/index.php\\\/2021\\\/02\\\/25\\\/bng-reclama-ao-goberno-do-estado-que-investigue-as-inmatriculacions-da-igrexa-na-galiza-e-anule-as-que-recaian-sobre-o-dominio-publico\\\/#primaryimage\"},\"image\":{\"@id\":\"https:\\\/\\\/www.anovapeneira.gal\\\/index.php\\\/2021\\\/02\\\/25\\\/bng-reclama-ao-goberno-do-estado-que-investigue-as-inmatriculacions-da-igrexa-na-galiza-e-anule-as-que-recaian-sobre-o-dominio-publico\\\/#primaryimage\"},\"thumbnailUrl\":\"https:\\\/\\\/www.anovapeneira.gal\\\/wp-content\\\/uploads\\\/2020\\\/03\\\/Nestor_Rego_congreso.jpg\",\"datePublished\":\"2021-02-25T11:00:09+00:00\",\"description\":\"A organizaci\u00f3n nacionalista sinala que moitas das propiedades que aparecen no listado que fixo p\u00fablico o Goberno foron rexistradas pola Igrexa de maneira absolutamente irregular, moitas foron apropiadas durante o franquismo, outras carecen de t\u00edtulo que acredite a titularidade e outros son bens de dominio p\u00fablico. Por iso o Goberno debe investigar as inmatriculaci\u00f3ns feitas e anular, cando menos, as que recaian sobre bens de dominio p\u00fablico\",\"breadcrumb\":{\"@id\":\"https:\\\/\\\/www.anovapeneira.gal\\\/index.php\\\/2021\\\/02\\\/25\\\/bng-reclama-ao-goberno-do-estado-que-investigue-as-inmatriculacions-da-igrexa-na-galiza-e-anule-as-que-recaian-sobre-o-dominio-publico\\\/#breadcrumb\"},\"inLanguage\":\"gl-ES\",\"potentialAction\":[{\"@type\":\"ReadAction\",\"target\":[\"https:\\\/\\\/www.anovapeneira.gal\\\/index.php\\\/2021\\\/02\\\/25\\\/bng-reclama-ao-goberno-do-estado-que-investigue-as-inmatriculacions-da-igrexa-na-galiza-e-anule-as-que-recaian-sobre-o-dominio-publico\\\/\"]}]},{\"@type\":\"ImageObject\",\"inLanguage\":\"gl-ES\",\"@id\":\"https:\\\/\\\/www.anovapeneira.gal\\\/index.php\\\/2021\\\/02\\\/25\\\/bng-reclama-ao-goberno-do-estado-que-investigue-as-inmatriculacions-da-igrexa-na-galiza-e-anule-as-que-recaian-sobre-o-dominio-publico\\\/#primaryimage\",\"url\":\"https:\\\/\\\/www.anovapeneira.gal\\\/wp-content\\\/uploads\\\/2020\\\/03\\\/Nestor_Rego_congreso.jpg\",\"contentUrl\":\"https:\\\/\\\/www.anovapeneira.gal\\\/wp-content\\\/uploads\\\/2020\\\/03\\\/Nestor_Rego_congreso.jpg\",\"width\":720,\"height\":432,\"caption\":\"N\u00e9stor Rego A Nova Peneira\"},{\"@type\":\"BreadcrumbList\",\"@id\":\"https:\\\/\\\/www.anovapeneira.gal\\\/index.php\\\/2021\\\/02\\\/25\\\/bng-reclama-ao-goberno-do-estado-que-investigue-as-inmatriculacions-da-igrexa-na-galiza-e-anule-as-que-recaian-sobre-o-dominio-publico\\\/#breadcrumb\",\"itemListElement\":[{\"@type\":\"ListItem\",\"position\":1,\"name\":\"Portada\",\"item\":\"https:\\\/\\\/www.anovapeneira.gal\\\/\"},{\"@type\":\"ListItem\",\"position\":2,\"name\":\"BNG reclama ao Goberno do Estado que investigue as inmatriculaci\u00f3ns da Igrexa na Galiza e anule as que recaian sobre o dominio p\u00fablico\"}]},{\"@type\":\"WebSite\",\"@id\":\"https:\\\/\\\/www.anovapeneira.gal\\\/#website\",\"url\":\"https:\\\/\\\/www.anovapeneira.gal\\\/\",\"name\":\"\",\"description\":\"Xornal galego de informaci\u00f3n xeral Publicaci\u00f3n mensual de novas de Galicia e en especial dos Concellos da sur da provincia de Pontevedra.\",\"publisher\":{\"@id\":\"https:\\\/\\\/www.anovapeneira.gal\\\/#organization\"},\"potentialAction\":[{\"@type\":\"SearchAction\",\"target\":{\"@type\":\"EntryPoint\",\"urlTemplate\":\"https:\\\/\\\/www.anovapeneira.gal\\\/?s={search_term_string}\"},\"query-input\":{\"@type\":\"PropertyValueSpecification\",\"valueRequired\":true,\"valueName\":\"search_term_string\"}}],\"inLanguage\":\"gl-ES\"},{\"@type\":\"Organization\",\"@id\":\"https:\\\/\\\/www.anovapeneira.gal\\\/#organization\",\"name\":\"A Nova Peneira\",\"url\":\"https:\\\/\\\/www.anovapeneira.gal\\\/\",\"logo\":{\"@type\":\"ImageObject\",\"inLanguage\":\"gl-ES\",\"@id\":\"https:\\\/\\\/www.anovapeneira.gal\\\/#\\\/schema\\\/logo\\\/image\\\/\",\"url\":\"http:\\\/\\\/www.anovapeneira.gal\\\/wp-content\\\/uploads\\\/2019\\\/06\\\/logo_a_nova_peneira_portal_web.png\",\"contentUrl\":\"http:\\\/\\\/www.anovapeneira.gal\\\/wp-content\\\/uploads\\\/2019\\\/06\\\/logo_a_nova_peneira_portal_web.png\",\"width\":300,\"height\":100,\"caption\":\"A Nova Peneira\"},\"image\":{\"@id\":\"https:\\\/\\\/www.anovapeneira.gal\\\/#\\\/schema\\\/logo\\\/image\\\/\"},\"sameAs\":[\"https:\\\/\\\/www.facebook.com\\\/anovapeneira\",\"https:\\\/\\\/x.com\\\/APeneira\"]},{\"@type\":\"Person\",\"@id\":\"https:\\\/\\\/www.anovapeneira.gal\\\/#\\\/schema\\\/person\\\/b93e3f8932e3f8da96334607eb6ac6aa\",\"name\":\"Redacci\u00f3n A Nova Peneira\",\"image\":{\"@type\":\"ImageObject\",\"inLanguage\":\"gl-ES\",\"@id\":\"https:\\\/\\\/secure.gravatar.com\\\/avatar\\\/c052a2551a06e23fac63626232eaa90abd78dbcf1700fc46a2b2c89fd27b735f?s=96&d=mm&r=g\",\"url\":\"https:\\\/\\\/secure.gravatar.com\\\/avatar\\\/c052a2551a06e23fac63626232eaa90abd78dbcf1700fc46a2b2c89fd27b735f?s=96&d=mm&r=g\",\"contentUrl\":\"https:\\\/\\\/secure.gravatar.com\\\/avatar\\\/c052a2551a06e23fac63626232eaa90abd78dbcf1700fc46a2b2c89fd27b735f?s=96&d=mm&r=g\",\"caption\":\"Redacci\u00f3n A Nova Peneira\"},\"sameAs\":[\"http:\\\/\\\/www.anovapeneira.gal\\\/\"],\"url\":\"https:\\\/\\\/www.anovapeneira.gal\\\/index.php\\\/author\\\/redactor\\\/\"}]}<\/script>\n<!-- \/ Yoast SEO plugin. -->","yoast_head_json":{"title":"BNG reclama ao Goberno do Estado que investigue as inmatriculaci\u00f3ns da Igrexa na Galiza e anule as que recaian sobre o dominio p\u00fablico -","description":"A organizaci\u00f3n nacionalista sinala que moitas das propiedades que aparecen no listado que fixo p\u00fablico o Goberno foron rexistradas pola Igrexa de maneira absolutamente irregular, moitas foron apropiadas durante o franquismo, outras carecen de t\u00edtulo que acredite a titularidade e outros son bens de dominio p\u00fablico. Por iso o Goberno debe investigar as inmatriculaci\u00f3ns feitas e anular, cando menos, as que recaian sobre bens de dominio p\u00fablico","robots":{"index":"index","follow":"follow","max-snippet":"max-snippet:-1","max-image-preview":"max-image-preview:large","max-video-preview":"max-video-preview:-1"},"canonical":"https:\/\/www.anovapeneira.gal\/index.php\/2021\/02\/25\/bng-reclama-ao-goberno-do-estado-que-investigue-as-inmatriculacions-da-igrexa-na-galiza-e-anule-as-que-recaian-sobre-o-dominio-publico\/","og_locale":"gl_ES","og_type":"article","og_title":"BNG reclama ao Goberno do Estado que investigue as inmatriculaci\u00f3ns da Igrexa na Galiza e anule as que recaian sobre o dominio p\u00fablico -","og_description":"A organizaci\u00f3n nacionalista sinala que moitas das propiedades que aparecen no listado que fixo p\u00fablico o Goberno foron rexistradas pola Igrexa de maneira absolutamente irregular, moitas foron apropiadas durante o franquismo, outras carecen de t\u00edtulo que acredite a titularidade e outros son bens de dominio p\u00fablico. Por iso o Goberno debe investigar as inmatriculaci\u00f3ns feitas e anular, cando menos, as que recaian sobre bens de dominio p\u00fablico","og_url":"https:\/\/www.anovapeneira.gal\/index.php\/2021\/02\/25\/bng-reclama-ao-goberno-do-estado-que-investigue-as-inmatriculacions-da-igrexa-na-galiza-e-anule-as-que-recaian-sobre-o-dominio-publico\/","article_publisher":"https:\/\/www.facebook.com\/anovapeneira","article_published_time":"2021-02-25T11:00:09+00:00","og_image":[{"width":720,"height":432,"url":"https:\/\/www.anovapeneira.gal\/wp-content\/uploads\/2020\/03\/Nestor_Rego_congreso.jpg","type":"image\/jpeg"}],"author":"Redacci\u00f3n A Nova Peneira","twitter_card":"summary_large_image","twitter_creator":"@APeneira","twitter_site":"@APeneira","twitter_misc":{"Escrito por":"Redacci\u00f3n A Nova Peneira","Tempo de lectura":"2 minutos"},"schema":{"@context":"https:\/\/schema.org","@graph":[{"@type":"Article","@id":"https:\/\/www.anovapeneira.gal\/index.php\/2021\/02\/25\/bng-reclama-ao-goberno-do-estado-que-investigue-as-inmatriculacions-da-igrexa-na-galiza-e-anule-as-que-recaian-sobre-o-dominio-publico\/#article","isPartOf":{"@id":"https:\/\/www.anovapeneira.gal\/index.php\/2021\/02\/25\/bng-reclama-ao-goberno-do-estado-que-investigue-as-inmatriculacions-da-igrexa-na-galiza-e-anule-as-que-recaian-sobre-o-dominio-publico\/"},"author":{"name":"Redacci\u00f3n A Nova Peneira","@id":"https:\/\/www.anovapeneira.gal\/#\/schema\/person\/b93e3f8932e3f8da96334607eb6ac6aa"},"headline":"BNG reclama ao Goberno do Estado que investigue as inmatriculaci\u00f3ns da Igrexa na Galiza e anule as que recaian sobre o dominio p\u00fablico","datePublished":"2021-02-25T11:00:09+00:00","mainEntityOfPage":{"@id":"https:\/\/www.anovapeneira.gal\/index.php\/2021\/02\/25\/bng-reclama-ao-goberno-do-estado-que-investigue-as-inmatriculacions-da-igrexa-na-galiza-e-anule-as-que-recaian-sobre-o-dominio-publico\/"},"wordCount":462,"commentCount":0,"publisher":{"@id":"https:\/\/www.anovapeneira.gal\/#organization"},"image":{"@id":"https:\/\/www.anovapeneira.gal\/index.php\/2021\/02\/25\/bng-reclama-ao-goberno-do-estado-que-investigue-as-inmatriculacions-da-igrexa-na-galiza-e-anule-as-que-recaian-sobre-o-dominio-publico\/#primaryimage"},"thumbnailUrl":"https:\/\/www.anovapeneira.gal\/wp-content\/uploads\/2020\/03\/Nestor_Rego_congreso.jpg","keywords":["BNG","Inmatriculaci\u00f3n da Igrexa"],"articleSection":["Novas"],"inLanguage":"gl-ES","potentialAction":[{"@type":"CommentAction","name":"Comment","target":["https:\/\/www.anovapeneira.gal\/index.php\/2021\/02\/25\/bng-reclama-ao-goberno-do-estado-que-investigue-as-inmatriculacions-da-igrexa-na-galiza-e-anule-as-que-recaian-sobre-o-dominio-publico\/#respond"]}]},{"@type":"WebPage","@id":"https:\/\/www.anovapeneira.gal\/index.php\/2021\/02\/25\/bng-reclama-ao-goberno-do-estado-que-investigue-as-inmatriculacions-da-igrexa-na-galiza-e-anule-as-que-recaian-sobre-o-dominio-publico\/","url":"https:\/\/www.anovapeneira.gal\/index.php\/2021\/02\/25\/bng-reclama-ao-goberno-do-estado-que-investigue-as-inmatriculacions-da-igrexa-na-galiza-e-anule-as-que-recaian-sobre-o-dominio-publico\/","name":"BNG reclama ao Goberno do Estado que investigue as inmatriculaci\u00f3ns da Igrexa na Galiza e anule as que recaian sobre o dominio p\u00fablico -","isPartOf":{"@id":"https:\/\/www.anovapeneira.gal\/#website"},"primaryImageOfPage":{"@id":"https:\/\/www.anovapeneira.gal\/index.php\/2021\/02\/25\/bng-reclama-ao-goberno-do-estado-que-investigue-as-inmatriculacions-da-igrexa-na-galiza-e-anule-as-que-recaian-sobre-o-dominio-publico\/#primaryimage"},"image":{"@id":"https:\/\/www.anovapeneira.gal\/index.php\/2021\/02\/25\/bng-reclama-ao-goberno-do-estado-que-investigue-as-inmatriculacions-da-igrexa-na-galiza-e-anule-as-que-recaian-sobre-o-dominio-publico\/#primaryimage"},"thumbnailUrl":"https:\/\/www.anovapeneira.gal\/wp-content\/uploads\/2020\/03\/Nestor_Rego_congreso.jpg","datePublished":"2021-02-25T11:00:09+00:00","description":"A organizaci\u00f3n nacionalista sinala que moitas das propiedades que aparecen no listado que fixo p\u00fablico o Goberno foron rexistradas pola Igrexa de maneira absolutamente irregular, moitas foron apropiadas durante o franquismo, outras carecen de t\u00edtulo que acredite a titularidade e outros son bens de dominio p\u00fablico. Por iso o Goberno debe investigar as inmatriculaci\u00f3ns feitas e anular, cando menos, as que recaian sobre bens de dominio p\u00fablico","breadcrumb":{"@id":"https:\/\/www.anovapeneira.gal\/index.php\/2021\/02\/25\/bng-reclama-ao-goberno-do-estado-que-investigue-as-inmatriculacions-da-igrexa-na-galiza-e-anule-as-que-recaian-sobre-o-dominio-publico\/#breadcrumb"},"inLanguage":"gl-ES","potentialAction":[{"@type":"ReadAction","target":["https:\/\/www.anovapeneira.gal\/index.php\/2021\/02\/25\/bng-reclama-ao-goberno-do-estado-que-investigue-as-inmatriculacions-da-igrexa-na-galiza-e-anule-as-que-recaian-sobre-o-dominio-publico\/"]}]},{"@type":"ImageObject","inLanguage":"gl-ES","@id":"https:\/\/www.anovapeneira.gal\/index.php\/2021\/02\/25\/bng-reclama-ao-goberno-do-estado-que-investigue-as-inmatriculacions-da-igrexa-na-galiza-e-anule-as-que-recaian-sobre-o-dominio-publico\/#primaryimage","url":"https:\/\/www.anovapeneira.gal\/wp-content\/uploads\/2020\/03\/Nestor_Rego_congreso.jpg","contentUrl":"https:\/\/www.anovapeneira.gal\/wp-content\/uploads\/2020\/03\/Nestor_Rego_congreso.jpg","width":720,"height":432,"caption":"N\u00e9stor Rego A Nova Peneira"},{"@type":"BreadcrumbList","@id":"https:\/\/www.anovapeneira.gal\/index.php\/2021\/02\/25\/bng-reclama-ao-goberno-do-estado-que-investigue-as-inmatriculacions-da-igrexa-na-galiza-e-anule-as-que-recaian-sobre-o-dominio-publico\/#breadcrumb","itemListElement":[{"@type":"ListItem","position":1,"name":"Portada","item":"https:\/\/www.anovapeneira.gal\/"},{"@type":"ListItem","position":2,"name":"BNG reclama ao Goberno do Estado que investigue as inmatriculaci\u00f3ns da Igrexa na Galiza e anule as que recaian sobre o dominio p\u00fablico"}]},{"@type":"WebSite","@id":"https:\/\/www.anovapeneira.gal\/#website","url":"https:\/\/www.anovapeneira.gal\/","name":"","description":"Xornal galego de informaci\u00f3n xeral Publicaci\u00f3n mensual de novas de Galicia e en especial dos Concellos da sur da provincia de Pontevedra.","publisher":{"@id":"https:\/\/www.anovapeneira.gal\/#organization"},"potentialAction":[{"@type":"SearchAction","target":{"@type":"EntryPoint","urlTemplate":"https:\/\/www.anovapeneira.gal\/?s={search_term_string}"},"query-input":{"@type":"PropertyValueSpecification","valueRequired":true,"valueName":"search_term_string"}}],"inLanguage":"gl-ES"},{"@type":"Organization","@id":"https:\/\/www.anovapeneira.gal\/#organization","name":"A Nova Peneira","url":"https:\/\/www.anovapeneira.gal\/","logo":{"@type":"ImageObject","inLanguage":"gl-ES","@id":"https:\/\/www.anovapeneira.gal\/#\/schema\/logo\/image\/","url":"http:\/\/www.anovapeneira.gal\/wp-content\/uploads\/2019\/06\/logo_a_nova_peneira_portal_web.png","contentUrl":"http:\/\/www.anovapeneira.gal\/wp-content\/uploads\/2019\/06\/logo_a_nova_peneira_portal_web.png","width":300,"height":100,"caption":"A Nova Peneira"},"image":{"@id":"https:\/\/www.anovapeneira.gal\/#\/schema\/logo\/image\/"},"sameAs":["https:\/\/www.facebook.com\/anovapeneira","https:\/\/x.com\/APeneira"]},{"@type":"Person","@id":"https:\/\/www.anovapeneira.gal\/#\/schema\/person\/b93e3f8932e3f8da96334607eb6ac6aa","name":"Redacci\u00f3n A Nova Peneira","image":{"@type":"ImageObject","inLanguage":"gl-ES","@id":"https:\/\/secure.gravatar.com\/avatar\/c052a2551a06e23fac63626232eaa90abd78dbcf1700fc46a2b2c89fd27b735f?s=96&d=mm&r=g","url":"https:\/\/secure.gravatar.com\/avatar\/c052a2551a06e23fac63626232eaa90abd78dbcf1700fc46a2b2c89fd27b735f?s=96&d=mm&r=g","contentUrl":"https:\/\/secure.gravatar.com\/avatar\/c052a2551a06e23fac63626232eaa90abd78dbcf1700fc46a2b2c89fd27b735f?s=96&d=mm&r=g","caption":"Redacci\u00f3n A Nova Peneira"},"sameAs":["http:\/\/www.anovapeneira.gal\/"],"url":"https:\/\/www.anovapeneira.gal\/index.php\/author\/redactor\/"}]}},"jetpack_featured_media_url":"https:\/\/www.anovapeneira.gal\/wp-content\/uploads\/2020\/03\/Nestor_Rego_congreso.jpg","_links":{"self":[{"href":"https:\/\/www.anovapeneira.gal\/index.php\/wp-json\/wp\/v2\/posts\/4923","targetHints":{"allow":["GET"]}}],"collection":[{"href":"https:\/\/www.anovapeneira.gal\/index.php\/wp-json\/wp\/v2\/posts"}],"about":[{"href":"https:\/\/www.anovapeneira.gal\/index.php\/wp-json\/wp\/v2\/types\/post"}],"author":[{"embeddable":true,"href":"https:\/\/www.anovapeneira.gal\/index.php\/wp-json\/wp\/v2\/users\/3"}],"replies":[{"embeddable":true,"href":"https:\/\/www.anovapeneira.gal\/index.php\/wp-json\/wp\/v2\/comments?post=4923"}],"version-history":[{"count":1,"href":"https:\/\/www.anovapeneira.gal\/index.php\/wp-json\/wp\/v2\/posts\/4923\/revisions"}],"predecessor-version":[{"id":4924,"href":"https:\/\/www.anovapeneira.gal\/index.php\/wp-json\/wp\/v2\/posts\/4923\/revisions\/4924"}],"wp:featuredmedia":[{"embeddable":true,"href":"https:\/\/www.anovapeneira.gal\/index.php\/wp-json\/wp\/v2\/media\/2728"}],"wp:attachment":[{"href":"https:\/\/www.anovapeneira.gal\/index.php\/wp-json\/wp\/v2\/media?parent=4923"}],"wp:term":[{"taxonomy":"category","embeddable":true,"href":"https:\/\/www.anovapeneira.gal\/index.php\/wp-json\/wp\/v2\/categories?post=4923"},{"taxonomy":"post_tag","embeddable":true,"href":"https:\/\/www.anovapeneira.gal\/index.php\/wp-json\/wp\/v2\/tags?post=4923"}],"curies":[{"name":"wp","href":"https:\/\/api.w.org\/{rel}","templated":true}]}}