{"id":4931,"date":"2021-02-23T12:00:06","date_gmt":"2021-02-23T11:00:06","guid":{"rendered":"http:\/\/www.anovapeneira.gal\/?p=4931"},"modified":"2021-02-21T10:45:39","modified_gmt":"2021-02-21T09:45:39","slug":"orzamentos-2021-novo-pulo-a-redondela","status":"publish","type":"post","link":"https:\/\/www.anovapeneira.gal\/index.php\/2021\/02\/23\/orzamentos-2021-novo-pulo-a-redondela\/","title":{"rendered":"Orzamentos 2021; novo pulo a Redondela"},"content":{"rendered":"\n<figure class=\"wp-block-image size-large is-resized\"><img loading=\"lazy\" decoding=\"async\" src=\"http:\/\/www.anovapeneira.gal\/wp-content\/uploads\/2021\/02\/xoan_carlos_bng_redondela.jpg\" alt=\"\" class=\"wp-image-4932\" width=\"95\" height=\"115\"\/><figcaption>Xo\u00e1n Carlos Gonz\u00e1lez, Voceiro do BNG de Redondela<\/figcaption><\/figure>\n\n\n\n<p>Os resultados eleitorais das municipais do 2019, permitiron a conformaci\u00f3n dun novo governo de progreso en Redondela. O apoio do Bloque Nacionalista Galego, \u00e1 investidura de Digna Rivas como alcaldesa, converteuse no empurr\u00f3n definitivo, a un bipartito conformado por AER-PSOE. Atr\u00e1s quedaban oito anos, nos que a alcald\u00eda a mans do PP, levou a este concello a unha situaci\u00f3n de estancamento en todos os eidos.<\/p>\n\n\n\n<p>Nun dos puntos dos acordos de investidura, por exixencia do BNG,recoll\u00edase que se aprobar\u00edan os orzamentos antes do remate do ano correspondente. Ese acordo non se cumpr\u00edu, e a realidade \u00e9 que o Concello de Redondela, manexa uns orzamentos do ano 2018.<\/p>\n\n\n\n<p>Vimos reclamando dende a nosa organizaci\u00f3n, a necesidade imperiosa de aprobar unhas novas contas, coas que se poida encarar a sa\u00edda da cr\u00edtica situaci\u00f3n que atravesa Redondela, motivada pola epidemia do COVID-19.<\/p>\n\n\n\n<p>Certo que tanto as inversi\u00f3ns dos governos galego e estatal, deben ser as que m\u00e1is recursos aporten para esta reconstrucci\u00f3n econ\u00f3mica e social. Igualmente os Fondos Europeos, a traverso da denomida \u201cNext Generation\u201d, constit\u00faen os piares fundamentais sobre os que se debe cimentar unha nova Galiza. Mais non \u00e9 menos certo, que con algo m\u00e1is de dezanove mill\u00f3ns de euros de orzamento, a administraci\u00f3n local redondel\u00e1 t\u00e9n marxe de manobra. Nesta terna de actuaci\u00f3ns orzamentarias, incluir\u00edanse as inminentes inversi\u00f3ns de Fondos FEDER, con arredor de 5 mill\u00f3ns de euros; adem\u00e1is do arredor de 1\u20192 mill\u00f3ns de euros procedentes de fondos da Deputaci\u00f3n, v\u00eda Plan Concellos.<\/p>\n\n\n\n<p>A sociedade redondel\u00e1, sempre se amosou din\u00e1mica, activa, moi orgullosa de seren de aqu\u00ed. Os orzamentos municipais, constit\u00faen o instrumento m\u00e1is importante a dispor da administraci\u00f3n local, para fomentar e potenciar este dinamismo. Fomentar pol\u00edticas sociais que permitan unha atenci\u00f3n a aqueles colectivos que maior impacto est\u00e1n a sufrir unha crise que se vai prorrogar no tempo; ordeamento de inversi\u00f3ns en infraestructuras b\u00e1sicas que dean de verdade servizo \u00e1 veci\u00f1anza; promoci\u00f3n do tecido sociocultural das diversas parroquias do Concello; orzamentos realmente participativos; reequilibrio entre as actuaci\u00f3ns e inversi\u00f3ns que se levan a cabo nos n\u00facleos urb\u00e1ns e o resto de parroquias, ser\u00edan algunhas das li\u00f1as b\u00e1sicas de actuaci\u00f3n que dende o nacionalismo consideramos irrenunci\u00e1beis.<\/p>\n\n\n\n<p>O ano 2021, p\u00f3dese converter nun ano crucial para o futuro inmediato dos redondel\u00e1ns e redondel\u00e1s. Agardamos dende o BNG, que sexa o dos inicios da reconstrucci\u00f3n, co que debemos levar a cabo unha planificaci\u00f3n ben meditada. Para iso os orzamentos revisten unha maior relevanza, se cabe que noutros anos. Non se pode deixar nada \u00e1 improvisaci\u00f3n, para que o noso Concello saia afortalado.<\/p>\n\n\n\n<p>Converter Redondela, nun concello m\u00e1is humanizado, m\u00e1is ecol\u00f3xico, con maiores cotas de xustiza social, feminista, cunha boa formaci\u00f3n dos nosos mozos e mozas, con oportunidades de inversi\u00f3n, proxectos de vida, constit\u00faen eixos nos que se asenta a li\u00f1a de actuaci\u00f3n do BNG de Redondela.<\/p>\n\n\n\n<p>No momento actual, atop\u00e1monos ante o reto de trazar as li\u00f1as sobre as que se debe asentar un novo modelo de concello. Pola pare que lle toca ao Bloque Nacionalista Galego convidamos hai varias semanas tanto a AER, como a PSOE, a sentarse para dialogar sobre as propostas que cada organizaci\u00f3n defende. Man tendida e vontade de acordo co bipartito redondel\u00e1n.<\/p>\n\n\n\n<p>Dende os nosos nosos lex\u00edtimos posicionamentos, os grupos pol\u00edticos debemos, temos que facer o esforzo de sacar adiante proxectos para o conxunto da veci\u00f1anza..Acreditamos no BNG, que os Orzamentos21\u2019 constit\u00faen unha oportunidade e un reto para que Redondela a sociedade redondel\u00e1, poida exercer todas as s\u00faas potencialiadades.<\/p>\n","protected":false},"excerpt":{"rendered":"<div class=\"mh-excerpt\"><p>Os resultados eleitorais das municipais do 2019, permitiron a conformaci\u00f3n dun novo governo de progreso en Redondela. O apoio do Bloque Nacionalista Galego, \u00e1 investidura de Digna Rivas como alcaldesa, converteuse no empurr\u00f3n definitivo, a un bipartito conformado por AER-PSOE. Atr\u00e1s quedaban oito anos, nos que a alcald\u00eda a mans do PP, levou a este concello a unha situaci\u00f3n de estancamento en todos os eidos <a class=\"mh-excerpt-more\" href=\"https:\/\/www.anovapeneira.gal\/index.php\/2021\/02\/23\/orzamentos-2021-novo-pulo-a-redondela\/\" title=\"Orzamentos 2021; novo pulo a Redondela\">[&#8230;]<\/a><\/p>\n<\/div>","protected":false},"author":12,"featured_media":584,"comment_status":"open","ping_status":"open","sticky":false,"template":"","format":"standard","meta":{"_exactmetrics_skip_tracking":false,"_exactmetrics_sitenote_active":false,"_exactmetrics_sitenote_note":"","_exactmetrics_sitenote_category":0,"footnotes":""},"categories":[7],"tags":[1235,1234],"class_list":{"0":"post-4931","1":"post","2":"type-post","3":"status-publish","4":"format-standard","5":"has-post-thumbnail","7":"category-artigos-de-opinion","8":"tag-voceiro-do-bng-de-rendondela","9":"tag-xoan-carlos-gonzalez"},"yoast_head":"<!-- This site is optimized with the Yoast SEO plugin v27.5 - https:\/\/yoast.com\/product\/yoast-seo-wordpress\/ -->\n<title>Orzamentos 2021; novo pulo a Redondela -<\/title>\n<meta name=\"description\" content=\"Os resultados eleitorais das municipais do 2019, permitiron a conformaci\u00f3n dun novo governo de progreso en Redondela. O apoio do Bloque Nacionalista Galego, \u00e1 investidura de Digna Rivas como alcaldesa, converteuse no empurr\u00f3n definitivo, a un bipartito conformado por AER-PSOE. Atr\u00e1s quedaban oito anos, nos que a alcald\u00eda a mans do PP, levou a este concello a unha situaci\u00f3n de estancamento en todos os eidos\" \/>\n<meta name=\"robots\" content=\"index, follow, max-snippet:-1, max-image-preview:large, max-video-preview:-1\" \/>\n<link rel=\"canonical\" href=\"https:\/\/www.anovapeneira.gal\/index.php\/2021\/02\/23\/orzamentos-2021-novo-pulo-a-redondela\/\" \/>\n<meta property=\"og:locale\" content=\"gl_ES\" \/>\n<meta property=\"og:type\" content=\"article\" \/>\n<meta property=\"og:title\" content=\"Orzamentos 2021; novo pulo a Redondela -\" \/>\n<meta property=\"og:description\" content=\"Os resultados eleitorais das municipais do 2019, permitiron a conformaci\u00f3n dun novo governo de progreso en Redondela. O apoio do Bloque Nacionalista Galego, \u00e1 investidura de Digna Rivas como alcaldesa, converteuse no empurr\u00f3n definitivo, a un bipartito conformado por AER-PSOE. Atr\u00e1s quedaban oito anos, nos que a alcald\u00eda a mans do PP, levou a este concello a unha situaci\u00f3n de estancamento en todos os eidos\" \/>\n<meta property=\"og:url\" content=\"https:\/\/www.anovapeneira.gal\/index.php\/2021\/02\/23\/orzamentos-2021-novo-pulo-a-redondela\/\" \/>\n<meta property=\"article:publisher\" content=\"https:\/\/www.facebook.com\/anovapeneira\" \/>\n<meta property=\"article:published_time\" content=\"2021-02-23T11:00:06+00:00\" \/>\n<meta property=\"og:image\" content=\"https:\/\/www.anovapeneira.gal\/wp-content\/uploads\/2019\/07\/ARTIGO_DE_OPINION_A_NOVA_PENEIRA.jpg\" \/>\n\t<meta property=\"og:image:width\" content=\"720\" \/>\n\t<meta property=\"og:image:height\" content=\"473\" \/>\n\t<meta property=\"og:image:type\" content=\"image\/jpeg\" \/>\n<meta name=\"author\" content=\"Artigos Opini\u00f3n\" \/>\n<meta name=\"twitter:card\" content=\"summary_large_image\" \/>\n<meta name=\"twitter:creator\" content=\"@APeneira\" \/>\n<meta name=\"twitter:site\" content=\"@APeneira\" \/>\n<meta name=\"twitter:label1\" content=\"Escrito por\" \/>\n\t<meta name=\"twitter:data1\" content=\"Artigos Opini\u00f3n\" \/>\n\t<meta name=\"twitter:label2\" content=\"Tempo de lectura\" \/>\n\t<meta name=\"twitter:data2\" content=\"3 minutos\" \/>\n<script type=\"application\/ld+json\" class=\"yoast-schema-graph\">{\"@context\":\"https:\\\/\\\/schema.org\",\"@graph\":[{\"@type\":\"Article\",\"@id\":\"https:\\\/\\\/www.anovapeneira.gal\\\/index.php\\\/2021\\\/02\\\/23\\\/orzamentos-2021-novo-pulo-a-redondela\\\/#article\",\"isPartOf\":{\"@id\":\"https:\\\/\\\/www.anovapeneira.gal\\\/index.php\\\/2021\\\/02\\\/23\\\/orzamentos-2021-novo-pulo-a-redondela\\\/\"},\"author\":{\"name\":\"Artigos Opini\u00f3n\",\"@id\":\"https:\\\/\\\/www.anovapeneira.gal\\\/#\\\/schema\\\/person\\\/f18a4feb302e8f20bcef4490b5b60bb3\"},\"headline\":\"Orzamentos 2021; novo pulo a Redondela\",\"datePublished\":\"2021-02-23T11:00:06+00:00\",\"mainEntityOfPage\":{\"@id\":\"https:\\\/\\\/www.anovapeneira.gal\\\/index.php\\\/2021\\\/02\\\/23\\\/orzamentos-2021-novo-pulo-a-redondela\\\/\"},\"wordCount\":643,\"commentCount\":0,\"publisher\":{\"@id\":\"https:\\\/\\\/www.anovapeneira.gal\\\/#organization\"},\"image\":{\"@id\":\"https:\\\/\\\/www.anovapeneira.gal\\\/index.php\\\/2021\\\/02\\\/23\\\/orzamentos-2021-novo-pulo-a-redondela\\\/#primaryimage\"},\"thumbnailUrl\":\"https:\\\/\\\/www.anovapeneira.gal\\\/wp-content\\\/uploads\\\/2019\\\/07\\\/ARTIGO_DE_OPINION_A_NOVA_PENEIRA.jpg\",\"keywords\":[\"Voceiro do BNG de Rendondela\",\"Xo\u00e1n Carlos Gonz\u00e1lez\"],\"articleSection\":[\"Artigos de opini\u00f3n\"],\"inLanguage\":\"gl-ES\",\"potentialAction\":[{\"@type\":\"CommentAction\",\"name\":\"Comment\",\"target\":[\"https:\\\/\\\/www.anovapeneira.gal\\\/index.php\\\/2021\\\/02\\\/23\\\/orzamentos-2021-novo-pulo-a-redondela\\\/#respond\"]}]},{\"@type\":\"WebPage\",\"@id\":\"https:\\\/\\\/www.anovapeneira.gal\\\/index.php\\\/2021\\\/02\\\/23\\\/orzamentos-2021-novo-pulo-a-redondela\\\/\",\"url\":\"https:\\\/\\\/www.anovapeneira.gal\\\/index.php\\\/2021\\\/02\\\/23\\\/orzamentos-2021-novo-pulo-a-redondela\\\/\",\"name\":\"Orzamentos 2021; novo pulo a Redondela -\",\"isPartOf\":{\"@id\":\"https:\\\/\\\/www.anovapeneira.gal\\\/#website\"},\"primaryImageOfPage\":{\"@id\":\"https:\\\/\\\/www.anovapeneira.gal\\\/index.php\\\/2021\\\/02\\\/23\\\/orzamentos-2021-novo-pulo-a-redondela\\\/#primaryimage\"},\"image\":{\"@id\":\"https:\\\/\\\/www.anovapeneira.gal\\\/index.php\\\/2021\\\/02\\\/23\\\/orzamentos-2021-novo-pulo-a-redondela\\\/#primaryimage\"},\"thumbnailUrl\":\"https:\\\/\\\/www.anovapeneira.gal\\\/wp-content\\\/uploads\\\/2019\\\/07\\\/ARTIGO_DE_OPINION_A_NOVA_PENEIRA.jpg\",\"datePublished\":\"2021-02-23T11:00:06+00:00\",\"description\":\"Os resultados eleitorais das municipais do 2019, permitiron a conformaci\u00f3n dun novo governo de progreso en Redondela. O apoio do Bloque Nacionalista Galego, \u00e1 investidura de Digna Rivas como alcaldesa, converteuse no empurr\u00f3n definitivo, a un bipartito conformado por AER-PSOE. Atr\u00e1s quedaban oito anos, nos que a alcald\u00eda a mans do PP, levou a este concello a unha situaci\u00f3n de estancamento en todos os eidos\",\"breadcrumb\":{\"@id\":\"https:\\\/\\\/www.anovapeneira.gal\\\/index.php\\\/2021\\\/02\\\/23\\\/orzamentos-2021-novo-pulo-a-redondela\\\/#breadcrumb\"},\"inLanguage\":\"gl-ES\",\"potentialAction\":[{\"@type\":\"ReadAction\",\"target\":[\"https:\\\/\\\/www.anovapeneira.gal\\\/index.php\\\/2021\\\/02\\\/23\\\/orzamentos-2021-novo-pulo-a-redondela\\\/\"]}]},{\"@type\":\"ImageObject\",\"inLanguage\":\"gl-ES\",\"@id\":\"https:\\\/\\\/www.anovapeneira.gal\\\/index.php\\\/2021\\\/02\\\/23\\\/orzamentos-2021-novo-pulo-a-redondela\\\/#primaryimage\",\"url\":\"https:\\\/\\\/www.anovapeneira.gal\\\/wp-content\\\/uploads\\\/2019\\\/07\\\/ARTIGO_DE_OPINION_A_NOVA_PENEIRA.jpg\",\"contentUrl\":\"https:\\\/\\\/www.anovapeneira.gal\\\/wp-content\\\/uploads\\\/2019\\\/07\\\/ARTIGO_DE_OPINION_A_NOVA_PENEIRA.jpg\",\"width\":720,\"height\":473,\"caption\":\"Artigo de opini\u00f3n A Nova Peneira\"},{\"@type\":\"BreadcrumbList\",\"@id\":\"https:\\\/\\\/www.anovapeneira.gal\\\/index.php\\\/2021\\\/02\\\/23\\\/orzamentos-2021-novo-pulo-a-redondela\\\/#breadcrumb\",\"itemListElement\":[{\"@type\":\"ListItem\",\"position\":1,\"name\":\"Portada\",\"item\":\"https:\\\/\\\/www.anovapeneira.gal\\\/\"},{\"@type\":\"ListItem\",\"position\":2,\"name\":\"Orzamentos 2021; novo pulo a Redondela\"}]},{\"@type\":\"WebSite\",\"@id\":\"https:\\\/\\\/www.anovapeneira.gal\\\/#website\",\"url\":\"https:\\\/\\\/www.anovapeneira.gal\\\/\",\"name\":\"\",\"description\":\"Xornal galego de informaci\u00f3n xeral Publicaci\u00f3n mensual de novas de Galicia e en especial dos Concellos da sur da provincia de Pontevedra.\",\"publisher\":{\"@id\":\"https:\\\/\\\/www.anovapeneira.gal\\\/#organization\"},\"potentialAction\":[{\"@type\":\"SearchAction\",\"target\":{\"@type\":\"EntryPoint\",\"urlTemplate\":\"https:\\\/\\\/www.anovapeneira.gal\\\/?s={search_term_string}\"},\"query-input\":{\"@type\":\"PropertyValueSpecification\",\"valueRequired\":true,\"valueName\":\"search_term_string\"}}],\"inLanguage\":\"gl-ES\"},{\"@type\":\"Organization\",\"@id\":\"https:\\\/\\\/www.anovapeneira.gal\\\/#organization\",\"name\":\"A Nova Peneira\",\"url\":\"https:\\\/\\\/www.anovapeneira.gal\\\/\",\"logo\":{\"@type\":\"ImageObject\",\"inLanguage\":\"gl-ES\",\"@id\":\"https:\\\/\\\/www.anovapeneira.gal\\\/#\\\/schema\\\/logo\\\/image\\\/\",\"url\":\"http:\\\/\\\/www.anovapeneira.gal\\\/wp-content\\\/uploads\\\/2019\\\/06\\\/logo_a_nova_peneira_portal_web.png\",\"contentUrl\":\"http:\\\/\\\/www.anovapeneira.gal\\\/wp-content\\\/uploads\\\/2019\\\/06\\\/logo_a_nova_peneira_portal_web.png\",\"width\":300,\"height\":100,\"caption\":\"A Nova Peneira\"},\"image\":{\"@id\":\"https:\\\/\\\/www.anovapeneira.gal\\\/#\\\/schema\\\/logo\\\/image\\\/\"},\"sameAs\":[\"https:\\\/\\\/www.facebook.com\\\/anovapeneira\",\"https:\\\/\\\/x.com\\\/APeneira\"]},{\"@type\":\"Person\",\"@id\":\"https:\\\/\\\/www.anovapeneira.gal\\\/#\\\/schema\\\/person\\\/f18a4feb302e8f20bcef4490b5b60bb3\",\"name\":\"Artigos Opini\u00f3n\",\"image\":{\"@type\":\"ImageObject\",\"inLanguage\":\"gl-ES\",\"@id\":\"https:\\\/\\\/secure.gravatar.com\\\/avatar\\\/072844300f4881150aee2da4278f7a65d16eefdf8262eb67085f1e702de2b959?s=96&d=mm&r=g\",\"url\":\"https:\\\/\\\/secure.gravatar.com\\\/avatar\\\/072844300f4881150aee2da4278f7a65d16eefdf8262eb67085f1e702de2b959?s=96&d=mm&r=g\",\"contentUrl\":\"https:\\\/\\\/secure.gravatar.com\\\/avatar\\\/072844300f4881150aee2da4278f7a65d16eefdf8262eb67085f1e702de2b959?s=96&d=mm&r=g\",\"caption\":\"Artigos Opini\u00f3n\"},\"sameAs\":[\"http:\\\/\\\/anovapeneira.gal\"],\"url\":\"https:\\\/\\\/www.anovapeneira.gal\\\/index.php\\\/author\\\/artigosopinion\\\/\"}]}<\/script>\n<!-- \/ Yoast SEO plugin. -->","yoast_head_json":{"title":"Orzamentos 2021; novo pulo a Redondela -","description":"Os resultados eleitorais das municipais do 2019, permitiron a conformaci\u00f3n dun novo governo de progreso en Redondela. O apoio do Bloque Nacionalista Galego, \u00e1 investidura de Digna Rivas como alcaldesa, converteuse no empurr\u00f3n definitivo, a un bipartito conformado por AER-PSOE. Atr\u00e1s quedaban oito anos, nos que a alcald\u00eda a mans do PP, levou a este concello a unha situaci\u00f3n de estancamento en todos os eidos","robots":{"index":"index","follow":"follow","max-snippet":"max-snippet:-1","max-image-preview":"max-image-preview:large","max-video-preview":"max-video-preview:-1"},"canonical":"https:\/\/www.anovapeneira.gal\/index.php\/2021\/02\/23\/orzamentos-2021-novo-pulo-a-redondela\/","og_locale":"gl_ES","og_type":"article","og_title":"Orzamentos 2021; novo pulo a Redondela -","og_description":"Os resultados eleitorais das municipais do 2019, permitiron a conformaci\u00f3n dun novo governo de progreso en Redondela. O apoio do Bloque Nacionalista Galego, \u00e1 investidura de Digna Rivas como alcaldesa, converteuse no empurr\u00f3n definitivo, a un bipartito conformado por AER-PSOE. Atr\u00e1s quedaban oito anos, nos que a alcald\u00eda a mans do PP, levou a este concello a unha situaci\u00f3n de estancamento en todos os eidos","og_url":"https:\/\/www.anovapeneira.gal\/index.php\/2021\/02\/23\/orzamentos-2021-novo-pulo-a-redondela\/","article_publisher":"https:\/\/www.facebook.com\/anovapeneira","article_published_time":"2021-02-23T11:00:06+00:00","og_image":[{"width":720,"height":473,"url":"https:\/\/www.anovapeneira.gal\/wp-content\/uploads\/2019\/07\/ARTIGO_DE_OPINION_A_NOVA_PENEIRA.jpg","type":"image\/jpeg"}],"author":"Artigos Opini\u00f3n","twitter_card":"summary_large_image","twitter_creator":"@APeneira","twitter_site":"@APeneira","twitter_misc":{"Escrito por":"Artigos Opini\u00f3n","Tempo de lectura":"3 minutos"},"schema":{"@context":"https:\/\/schema.org","@graph":[{"@type":"Article","@id":"https:\/\/www.anovapeneira.gal\/index.php\/2021\/02\/23\/orzamentos-2021-novo-pulo-a-redondela\/#article","isPartOf":{"@id":"https:\/\/www.anovapeneira.gal\/index.php\/2021\/02\/23\/orzamentos-2021-novo-pulo-a-redondela\/"},"author":{"name":"Artigos Opini\u00f3n","@id":"https:\/\/www.anovapeneira.gal\/#\/schema\/person\/f18a4feb302e8f20bcef4490b5b60bb3"},"headline":"Orzamentos 2021; novo pulo a Redondela","datePublished":"2021-02-23T11:00:06+00:00","mainEntityOfPage":{"@id":"https:\/\/www.anovapeneira.gal\/index.php\/2021\/02\/23\/orzamentos-2021-novo-pulo-a-redondela\/"},"wordCount":643,"commentCount":0,"publisher":{"@id":"https:\/\/www.anovapeneira.gal\/#organization"},"image":{"@id":"https:\/\/www.anovapeneira.gal\/index.php\/2021\/02\/23\/orzamentos-2021-novo-pulo-a-redondela\/#primaryimage"},"thumbnailUrl":"https:\/\/www.anovapeneira.gal\/wp-content\/uploads\/2019\/07\/ARTIGO_DE_OPINION_A_NOVA_PENEIRA.jpg","keywords":["Voceiro do BNG de Rendondela","Xo\u00e1n Carlos Gonz\u00e1lez"],"articleSection":["Artigos de opini\u00f3n"],"inLanguage":"gl-ES","potentialAction":[{"@type":"CommentAction","name":"Comment","target":["https:\/\/www.anovapeneira.gal\/index.php\/2021\/02\/23\/orzamentos-2021-novo-pulo-a-redondela\/#respond"]}]},{"@type":"WebPage","@id":"https:\/\/www.anovapeneira.gal\/index.php\/2021\/02\/23\/orzamentos-2021-novo-pulo-a-redondela\/","url":"https:\/\/www.anovapeneira.gal\/index.php\/2021\/02\/23\/orzamentos-2021-novo-pulo-a-redondela\/","name":"Orzamentos 2021; novo pulo a Redondela -","isPartOf":{"@id":"https:\/\/www.anovapeneira.gal\/#website"},"primaryImageOfPage":{"@id":"https:\/\/www.anovapeneira.gal\/index.php\/2021\/02\/23\/orzamentos-2021-novo-pulo-a-redondela\/#primaryimage"},"image":{"@id":"https:\/\/www.anovapeneira.gal\/index.php\/2021\/02\/23\/orzamentos-2021-novo-pulo-a-redondela\/#primaryimage"},"thumbnailUrl":"https:\/\/www.anovapeneira.gal\/wp-content\/uploads\/2019\/07\/ARTIGO_DE_OPINION_A_NOVA_PENEIRA.jpg","datePublished":"2021-02-23T11:00:06+00:00","description":"Os resultados eleitorais das municipais do 2019, permitiron a conformaci\u00f3n dun novo governo de progreso en Redondela. O apoio do Bloque Nacionalista Galego, \u00e1 investidura de Digna Rivas como alcaldesa, converteuse no empurr\u00f3n definitivo, a un bipartito conformado por AER-PSOE. Atr\u00e1s quedaban oito anos, nos que a alcald\u00eda a mans do PP, levou a este concello a unha situaci\u00f3n de estancamento en todos os eidos","breadcrumb":{"@id":"https:\/\/www.anovapeneira.gal\/index.php\/2021\/02\/23\/orzamentos-2021-novo-pulo-a-redondela\/#breadcrumb"},"inLanguage":"gl-ES","potentialAction":[{"@type":"ReadAction","target":["https:\/\/www.anovapeneira.gal\/index.php\/2021\/02\/23\/orzamentos-2021-novo-pulo-a-redondela\/"]}]},{"@type":"ImageObject","inLanguage":"gl-ES","@id":"https:\/\/www.anovapeneira.gal\/index.php\/2021\/02\/23\/orzamentos-2021-novo-pulo-a-redondela\/#primaryimage","url":"https:\/\/www.anovapeneira.gal\/wp-content\/uploads\/2019\/07\/ARTIGO_DE_OPINION_A_NOVA_PENEIRA.jpg","contentUrl":"https:\/\/www.anovapeneira.gal\/wp-content\/uploads\/2019\/07\/ARTIGO_DE_OPINION_A_NOVA_PENEIRA.jpg","width":720,"height":473,"caption":"Artigo de opini\u00f3n A Nova Peneira"},{"@type":"BreadcrumbList","@id":"https:\/\/www.anovapeneira.gal\/index.php\/2021\/02\/23\/orzamentos-2021-novo-pulo-a-redondela\/#breadcrumb","itemListElement":[{"@type":"ListItem","position":1,"name":"Portada","item":"https:\/\/www.anovapeneira.gal\/"},{"@type":"ListItem","position":2,"name":"Orzamentos 2021; novo pulo a Redondela"}]},{"@type":"WebSite","@id":"https:\/\/www.anovapeneira.gal\/#website","url":"https:\/\/www.anovapeneira.gal\/","name":"","description":"Xornal galego de informaci\u00f3n xeral Publicaci\u00f3n mensual de novas de Galicia e en especial dos Concellos da sur da provincia de Pontevedra.","publisher":{"@id":"https:\/\/www.anovapeneira.gal\/#organization"},"potentialAction":[{"@type":"SearchAction","target":{"@type":"EntryPoint","urlTemplate":"https:\/\/www.anovapeneira.gal\/?s={search_term_string}"},"query-input":{"@type":"PropertyValueSpecification","valueRequired":true,"valueName":"search_term_string"}}],"inLanguage":"gl-ES"},{"@type":"Organization","@id":"https:\/\/www.anovapeneira.gal\/#organization","name":"A Nova Peneira","url":"https:\/\/www.anovapeneira.gal\/","logo":{"@type":"ImageObject","inLanguage":"gl-ES","@id":"https:\/\/www.anovapeneira.gal\/#\/schema\/logo\/image\/","url":"http:\/\/www.anovapeneira.gal\/wp-content\/uploads\/2019\/06\/logo_a_nova_peneira_portal_web.png","contentUrl":"http:\/\/www.anovapeneira.gal\/wp-content\/uploads\/2019\/06\/logo_a_nova_peneira_portal_web.png","width":300,"height":100,"caption":"A Nova Peneira"},"image":{"@id":"https:\/\/www.anovapeneira.gal\/#\/schema\/logo\/image\/"},"sameAs":["https:\/\/www.facebook.com\/anovapeneira","https:\/\/x.com\/APeneira"]},{"@type":"Person","@id":"https:\/\/www.anovapeneira.gal\/#\/schema\/person\/f18a4feb302e8f20bcef4490b5b60bb3","name":"Artigos Opini\u00f3n","image":{"@type":"ImageObject","inLanguage":"gl-ES","@id":"https:\/\/secure.gravatar.com\/avatar\/072844300f4881150aee2da4278f7a65d16eefdf8262eb67085f1e702de2b959?s=96&d=mm&r=g","url":"https:\/\/secure.gravatar.com\/avatar\/072844300f4881150aee2da4278f7a65d16eefdf8262eb67085f1e702de2b959?s=96&d=mm&r=g","contentUrl":"https:\/\/secure.gravatar.com\/avatar\/072844300f4881150aee2da4278f7a65d16eefdf8262eb67085f1e702de2b959?s=96&d=mm&r=g","caption":"Artigos Opini\u00f3n"},"sameAs":["http:\/\/anovapeneira.gal"],"url":"https:\/\/www.anovapeneira.gal\/index.php\/author\/artigosopinion\/"}]}},"jetpack_featured_media_url":"https:\/\/www.anovapeneira.gal\/wp-content\/uploads\/2019\/07\/ARTIGO_DE_OPINION_A_NOVA_PENEIRA.jpg","_links":{"self":[{"href":"https:\/\/www.anovapeneira.gal\/index.php\/wp-json\/wp\/v2\/posts\/4931","targetHints":{"allow":["GET"]}}],"collection":[{"href":"https:\/\/www.anovapeneira.gal\/index.php\/wp-json\/wp\/v2\/posts"}],"about":[{"href":"https:\/\/www.anovapeneira.gal\/index.php\/wp-json\/wp\/v2\/types\/post"}],"author":[{"embeddable":true,"href":"https:\/\/www.anovapeneira.gal\/index.php\/wp-json\/wp\/v2\/users\/12"}],"replies":[{"embeddable":true,"href":"https:\/\/www.anovapeneira.gal\/index.php\/wp-json\/wp\/v2\/comments?post=4931"}],"version-history":[{"count":1,"href":"https:\/\/www.anovapeneira.gal\/index.php\/wp-json\/wp\/v2\/posts\/4931\/revisions"}],"predecessor-version":[{"id":4934,"href":"https:\/\/www.anovapeneira.gal\/index.php\/wp-json\/wp\/v2\/posts\/4931\/revisions\/4934"}],"wp:featuredmedia":[{"embeddable":true,"href":"https:\/\/www.anovapeneira.gal\/index.php\/wp-json\/wp\/v2\/media\/584"}],"wp:attachment":[{"href":"https:\/\/www.anovapeneira.gal\/index.php\/wp-json\/wp\/v2\/media?parent=4931"}],"wp:term":[{"taxonomy":"category","embeddable":true,"href":"https:\/\/www.anovapeneira.gal\/index.php\/wp-json\/wp\/v2\/categories?post=4931"},{"taxonomy":"post_tag","embeddable":true,"href":"https:\/\/www.anovapeneira.gal\/index.php\/wp-json\/wp\/v2\/tags?post=4931"}],"curies":[{"name":"wp","href":"https:\/\/api.w.org\/{rel}","templated":true}]}}