{"id":4942,"date":"2021-03-01T12:00:08","date_gmt":"2021-03-01T11:00:08","guid":{"rendered":"http:\/\/www.anovapeneira.gal\/?p=4942"},"modified":"2021-02-27T07:31:26","modified_gmt":"2021-02-27T06:31:26","slug":"a-memoria-do-franquismo-presente-non-mais-presos-politicos-e-exiliados","status":"publish","type":"post","link":"https:\/\/www.anovapeneira.gal\/index.php\/2021\/03\/01\/a-memoria-do-franquismo-presente-non-mais-presos-politicos-e-exiliados\/","title":{"rendered":"A memoria do franquismo presente: Non m\u00e1is presos pol\u00edticos e exiliados"},"content":{"rendered":"\n<figure class=\"wp-block-image size-large is-resized is-style-default\"><img loading=\"lazy\" decoding=\"async\" src=\"http:\/\/www.anovapeneira.gal\/wp-content\/uploads\/2020\/06\/dionasio_pereira_a_nova_peneira.jpg\" alt=\"Dion\u00edsio Pereira - Historiador\" class=\"wp-image-3275\" width=\"95\" height=\"111\"\/><figcaption>Dion\u00edsio Pereira &#8211; Historiador<\/figcaption><\/figure>\n\n\n\n<pre class=\"wp-block-verse\">Dion\u00edsio Pereira, Encarna Otero, Olga Novo e Joam Tavia<\/pre>\n\n\n\n<p>O R\u00e9xime actual non \u00e9 froito da libre vontade da cidadan\u00eda e dos pobos deste Estado, sen\u00f3n que est\u00e1 condicionado polas ameazas do persistente estamento militar franquista e polos compromisos cunha ditadura que permitiu certas mudanzas a cambio de que se mantiveran intactas as s\u00faas aspiraci\u00f3ns esenciais e os seus obxectivos estrat\u00e9xicos logrados por medio do golpe militar e a represi\u00f3n.<br>Por iso, como investigador@s e estudos@s do franquismo non podemos limitarnos a reducir as consecuencias do que este r\u00e9xime representa ao per\u00edodo que remata coa desaparici\u00f3n biol\u00f3xica da figura que o encabezaba. Debemos analizar a continuidade da restrici\u00f3n de dereitos e liberdades, as\u00ed como a extensi\u00f3n de privilexios e impunidade dentro da l\u00f3xica dos devanditos compromisos e, xa que logo, consideralos ilex\u00edtimos desde unha posici\u00f3n democr\u00e1tica e respectuosa cos dereitos humanos e coa xustiza universal.<br>A ilegalidade do dereito a decidir dos pobos ou a condena das aspiraci\u00f3ns republicanas, como outros moitos lastres que arrastra o marco legal actual, agravados pola contaminaci\u00f3n franquista do aparato do Estado, son vestixios totalitarios que temos a obriga \u00e9tica e cient\u00edfica de desvelar na s\u00faa orixe e natureza.<br>Neste sentido, a car\u00f3n de tod@s @s represaliad@s polo franquismo entre 1936 e 1976, tam\u00e9n consideramos represaliad@s, pres@s pol\u00edticos e exiliad@s a tod@s @s que por estes idearios democr\u00e1ticos proscritos foron e son v\u00edtimas destes acordos acadados na chamada transici\u00f3n e que serviron para perpetuar o franquismo at\u00e9 os nosos d\u00edas. Unhas v\u00edtimas das que nos reclamamos non s\u00f3 pola persecuci\u00f3n que padeceron no pasado, mais tam\u00e9n polo seu xorne resistente (eis, a guerrilla galaico-berciana que compre reivindicar) e polas s\u00faas propostas liberadoras de presente e de futuro.<br>Somos conscientes da esperanza e das posibilidades que abr\u00eda o per\u00edodo da II Rep\u00fablica, no que se canalizaron longas tradici\u00f3ns de loita emancipadora e que a trav\u00e9s dos nosos traballos de investigaci\u00f3n queremos relembrar, sobre todo, para po\u00f1er en evidencia que foi pos\u00edbel outro futuro, e que aquel pasado merece un presente mellor. Por iso non nos resignamos a cinguirnos \u00e1s limitaci\u00f3ns dos que dese\u00f1aron este r\u00e9xime a gusto dos do anterior. E solidariz\u00e1monos con todas as persoas represaliadas como consecuencia dunha lexislaci\u00f3n e dun poder xudicial herdeiro dunha ditadura ilegal e criminal.<\/p>\n\n\n\n<p>Asinan:<\/p>\n\n\n\n<p>Xo\u00e1n Carlos Garrido<\/p>\n\n\n\n<p>Xos\u00e9 Ram\u00f3n Ermida<\/p>\n\n\n\n<p>Dion\u00edsio Pereira<\/p>\n\n\n\n<p>Pepe \u00c1lvarez<\/p>\n\n\n\n<p>Carlos M\u00e9ixome<\/p>\n\n\n\n<p>Ant\u00f3n Mascato<\/p>\n\n\n\n<p>Eliseo Fern\u00e1ndez<\/p>\n\n\n\n<p>Carlos Velasco<\/p>\n\n\n\n<p>Manuel Monge<\/p>\n\n\n\n<p>Carlos Bab\u00edo<\/p>\n\n\n\n<p>Carlos Parrado<\/p>\n\n\n\n<p>Montse Fajardo<\/p>\n\n\n\n<p>Carlos Nuevo<\/p>\n\n\n\n<p>Ant\u00f3n Somoza<\/p>\n\n\n\n<p>Celso Milleiro<\/p>\n\n\n\n<p>Manuel Igrexas<\/p>\n\n\n\n<p>Xes\u00fas Torres<\/p>\n","protected":false},"excerpt":{"rendered":"<div class=\"mh-excerpt\"><p>O R\u00e9xime actual non \u00e9 froito da libre vontade da cidadan\u00eda e dos pobos deste Estado, sen\u00f3n que est\u00e1 condicionado polas ameazas do persistente estamento militar franquista e polos compromisos cunha ditadura que permitiu certas mudanzas a cambio de que se mantiveran intactas as s\u00faas aspiraci\u00f3ns esenciais e os seus obxectivos estrat\u00e9xicos logrados por medio do golpe militar e a represi\u00f3n <a class=\"mh-excerpt-more\" href=\"https:\/\/www.anovapeneira.gal\/index.php\/2021\/03\/01\/a-memoria-do-franquismo-presente-non-mais-presos-politicos-e-exiliados\/\" title=\"A memoria do franquismo presente: Non m\u00e1is presos pol\u00edticos e exiliados\">[&#8230;]<\/a><\/p>\n<\/div>","protected":false},"author":26,"featured_media":584,"comment_status":"open","ping_status":"open","sticky":false,"template":"","format":"standard","meta":{"_exactmetrics_skip_tracking":false,"_exactmetrics_sitenote_active":false,"_exactmetrics_sitenote_note":"","_exactmetrics_sitenote_category":0,"footnotes":""},"categories":[7],"tags":[199],"class_list":{"0":"post-4942","1":"post","2":"type-post","3":"status-publish","4":"format-standard","5":"has-post-thumbnail","7":"category-artigos-de-opinion","8":"tag-franquismo"},"yoast_head":"<!-- This site is optimized with the Yoast SEO plugin v27.4 - https:\/\/yoast.com\/product\/yoast-seo-wordpress\/ -->\n<title>A memoria do franquismo presente: Non m\u00e1is presos pol\u00edticos e exiliados -<\/title>\n<meta name=\"description\" content=\"O R\u00e9xime actual non \u00e9 froito da libre vontade da cidadan\u00eda e dos pobos deste Estado, sen\u00f3n que est\u00e1 condicionado polas ameazas do persistente estamento militar franquista e polos compromisos cunha ditadura que permitiu certas mudanzas a cambio de que se mantiveran intactas as s\u00faas aspiraci\u00f3ns esenciais e os seus obxectivos estrat\u00e9xicos logrados por medio do golpe militar e a represi\u00f3n\" \/>\n<meta name=\"robots\" content=\"index, follow, max-snippet:-1, max-image-preview:large, max-video-preview:-1\" \/>\n<link rel=\"canonical\" href=\"https:\/\/www.anovapeneira.gal\/index.php\/2021\/03\/01\/a-memoria-do-franquismo-presente-non-mais-presos-politicos-e-exiliados\/\" \/>\n<meta property=\"og:locale\" content=\"gl_ES\" \/>\n<meta property=\"og:type\" content=\"article\" \/>\n<meta property=\"og:title\" content=\"A memoria do franquismo presente: Non m\u00e1is presos pol\u00edticos e exiliados -\" \/>\n<meta property=\"og:description\" content=\"O R\u00e9xime actual non \u00e9 froito da libre vontade da cidadan\u00eda e dos pobos deste Estado, sen\u00f3n que est\u00e1 condicionado polas ameazas do persistente estamento militar franquista e polos compromisos cunha ditadura que permitiu certas mudanzas a cambio de que se mantiveran intactas as s\u00faas aspiraci\u00f3ns esenciais e os seus obxectivos estrat\u00e9xicos logrados por medio do golpe militar e a represi\u00f3n\" \/>\n<meta property=\"og:url\" content=\"https:\/\/www.anovapeneira.gal\/index.php\/2021\/03\/01\/a-memoria-do-franquismo-presente-non-mais-presos-politicos-e-exiliados\/\" \/>\n<meta property=\"article:publisher\" content=\"https:\/\/www.facebook.com\/anovapeneira\" \/>\n<meta property=\"article:published_time\" content=\"2021-03-01T11:00:08+00:00\" \/>\n<meta property=\"og:image\" content=\"https:\/\/www.anovapeneira.gal\/wp-content\/uploads\/2019\/07\/ARTIGO_DE_OPINION_A_NOVA_PENEIRA.jpg\" \/>\n\t<meta property=\"og:image:width\" content=\"720\" \/>\n\t<meta property=\"og:image:height\" content=\"473\" \/>\n\t<meta property=\"og:image:type\" content=\"image\/jpeg\" \/>\n<meta name=\"author\" content=\"Dion\u00edsio Pereira\" \/>\n<meta name=\"twitter:card\" content=\"summary_large_image\" \/>\n<meta name=\"twitter:creator\" content=\"@APeneira\" \/>\n<meta name=\"twitter:site\" content=\"@APeneira\" \/>\n<meta name=\"twitter:label1\" content=\"Escrito por\" \/>\n\t<meta name=\"twitter:data1\" content=\"Dion\u00edsio Pereira\" \/>\n\t<meta name=\"twitter:label2\" content=\"Tempo de lectura\" \/>\n\t<meta name=\"twitter:data2\" content=\"2 minutos\" \/>\n<script type=\"application\/ld+json\" class=\"yoast-schema-graph\">{\"@context\":\"https:\\\/\\\/schema.org\",\"@graph\":[{\"@type\":\"Article\",\"@id\":\"https:\\\/\\\/www.anovapeneira.gal\\\/index.php\\\/2021\\\/03\\\/01\\\/a-memoria-do-franquismo-presente-non-mais-presos-politicos-e-exiliados\\\/#article\",\"isPartOf\":{\"@id\":\"https:\\\/\\\/www.anovapeneira.gal\\\/index.php\\\/2021\\\/03\\\/01\\\/a-memoria-do-franquismo-presente-non-mais-presos-politicos-e-exiliados\\\/\"},\"author\":{\"name\":\"Dion\u00edsio Pereira\",\"@id\":\"https:\\\/\\\/www.anovapeneira.gal\\\/#\\\/schema\\\/person\\\/99c33ed6585dd93ae94e1086e57f6b3f\"},\"headline\":\"A memoria do franquismo presente: Non m\u00e1is presos pol\u00edticos e exiliados\",\"datePublished\":\"2021-03-01T11:00:08+00:00\",\"mainEntityOfPage\":{\"@id\":\"https:\\\/\\\/www.anovapeneira.gal\\\/index.php\\\/2021\\\/03\\\/01\\\/a-memoria-do-franquismo-presente-non-mais-presos-politicos-e-exiliados\\\/\"},\"wordCount\":475,\"commentCount\":0,\"publisher\":{\"@id\":\"https:\\\/\\\/www.anovapeneira.gal\\\/#organization\"},\"image\":{\"@id\":\"https:\\\/\\\/www.anovapeneira.gal\\\/index.php\\\/2021\\\/03\\\/01\\\/a-memoria-do-franquismo-presente-non-mais-presos-politicos-e-exiliados\\\/#primaryimage\"},\"thumbnailUrl\":\"https:\\\/\\\/www.anovapeneira.gal\\\/wp-content\\\/uploads\\\/2019\\\/07\\\/ARTIGO_DE_OPINION_A_NOVA_PENEIRA.jpg\",\"keywords\":[\"Franquismo\"],\"articleSection\":[\"Artigos de opini\u00f3n\"],\"inLanguage\":\"gl-ES\",\"potentialAction\":[{\"@type\":\"CommentAction\",\"name\":\"Comment\",\"target\":[\"https:\\\/\\\/www.anovapeneira.gal\\\/index.php\\\/2021\\\/03\\\/01\\\/a-memoria-do-franquismo-presente-non-mais-presos-politicos-e-exiliados\\\/#respond\"]}]},{\"@type\":\"WebPage\",\"@id\":\"https:\\\/\\\/www.anovapeneira.gal\\\/index.php\\\/2021\\\/03\\\/01\\\/a-memoria-do-franquismo-presente-non-mais-presos-politicos-e-exiliados\\\/\",\"url\":\"https:\\\/\\\/www.anovapeneira.gal\\\/index.php\\\/2021\\\/03\\\/01\\\/a-memoria-do-franquismo-presente-non-mais-presos-politicos-e-exiliados\\\/\",\"name\":\"A memoria do franquismo presente: Non m\u00e1is presos pol\u00edticos e exiliados -\",\"isPartOf\":{\"@id\":\"https:\\\/\\\/www.anovapeneira.gal\\\/#website\"},\"primaryImageOfPage\":{\"@id\":\"https:\\\/\\\/www.anovapeneira.gal\\\/index.php\\\/2021\\\/03\\\/01\\\/a-memoria-do-franquismo-presente-non-mais-presos-politicos-e-exiliados\\\/#primaryimage\"},\"image\":{\"@id\":\"https:\\\/\\\/www.anovapeneira.gal\\\/index.php\\\/2021\\\/03\\\/01\\\/a-memoria-do-franquismo-presente-non-mais-presos-politicos-e-exiliados\\\/#primaryimage\"},\"thumbnailUrl\":\"https:\\\/\\\/www.anovapeneira.gal\\\/wp-content\\\/uploads\\\/2019\\\/07\\\/ARTIGO_DE_OPINION_A_NOVA_PENEIRA.jpg\",\"datePublished\":\"2021-03-01T11:00:08+00:00\",\"description\":\"O R\u00e9xime actual non \u00e9 froito da libre vontade da cidadan\u00eda e dos pobos deste Estado, sen\u00f3n que est\u00e1 condicionado polas ameazas do persistente estamento militar franquista e polos compromisos cunha ditadura que permitiu certas mudanzas a cambio de que se mantiveran intactas as s\u00faas aspiraci\u00f3ns esenciais e os seus obxectivos estrat\u00e9xicos logrados por medio do golpe militar e a represi\u00f3n\",\"breadcrumb\":{\"@id\":\"https:\\\/\\\/www.anovapeneira.gal\\\/index.php\\\/2021\\\/03\\\/01\\\/a-memoria-do-franquismo-presente-non-mais-presos-politicos-e-exiliados\\\/#breadcrumb\"},\"inLanguage\":\"gl-ES\",\"potentialAction\":[{\"@type\":\"ReadAction\",\"target\":[\"https:\\\/\\\/www.anovapeneira.gal\\\/index.php\\\/2021\\\/03\\\/01\\\/a-memoria-do-franquismo-presente-non-mais-presos-politicos-e-exiliados\\\/\"]}]},{\"@type\":\"ImageObject\",\"inLanguage\":\"gl-ES\",\"@id\":\"https:\\\/\\\/www.anovapeneira.gal\\\/index.php\\\/2021\\\/03\\\/01\\\/a-memoria-do-franquismo-presente-non-mais-presos-politicos-e-exiliados\\\/#primaryimage\",\"url\":\"https:\\\/\\\/www.anovapeneira.gal\\\/wp-content\\\/uploads\\\/2019\\\/07\\\/ARTIGO_DE_OPINION_A_NOVA_PENEIRA.jpg\",\"contentUrl\":\"https:\\\/\\\/www.anovapeneira.gal\\\/wp-content\\\/uploads\\\/2019\\\/07\\\/ARTIGO_DE_OPINION_A_NOVA_PENEIRA.jpg\",\"width\":720,\"height\":473,\"caption\":\"Artigo de opini\u00f3n A Nova Peneira\"},{\"@type\":\"BreadcrumbList\",\"@id\":\"https:\\\/\\\/www.anovapeneira.gal\\\/index.php\\\/2021\\\/03\\\/01\\\/a-memoria-do-franquismo-presente-non-mais-presos-politicos-e-exiliados\\\/#breadcrumb\",\"itemListElement\":[{\"@type\":\"ListItem\",\"position\":1,\"name\":\"Portada\",\"item\":\"https:\\\/\\\/www.anovapeneira.gal\\\/\"},{\"@type\":\"ListItem\",\"position\":2,\"name\":\"A memoria do franquismo presente: Non m\u00e1is presos pol\u00edticos e exiliados\"}]},{\"@type\":\"WebSite\",\"@id\":\"https:\\\/\\\/www.anovapeneira.gal\\\/#website\",\"url\":\"https:\\\/\\\/www.anovapeneira.gal\\\/\",\"name\":\"\",\"description\":\"Xornal galego de informaci\u00f3n xeral Publicaci\u00f3n mensual de novas de Galicia e en especial dos Concellos da sur da provincia de Pontevedra.\",\"publisher\":{\"@id\":\"https:\\\/\\\/www.anovapeneira.gal\\\/#organization\"},\"potentialAction\":[{\"@type\":\"SearchAction\",\"target\":{\"@type\":\"EntryPoint\",\"urlTemplate\":\"https:\\\/\\\/www.anovapeneira.gal\\\/?s={search_term_string}\"},\"query-input\":{\"@type\":\"PropertyValueSpecification\",\"valueRequired\":true,\"valueName\":\"search_term_string\"}}],\"inLanguage\":\"gl-ES\"},{\"@type\":\"Organization\",\"@id\":\"https:\\\/\\\/www.anovapeneira.gal\\\/#organization\",\"name\":\"A Nova Peneira\",\"url\":\"https:\\\/\\\/www.anovapeneira.gal\\\/\",\"logo\":{\"@type\":\"ImageObject\",\"inLanguage\":\"gl-ES\",\"@id\":\"https:\\\/\\\/www.anovapeneira.gal\\\/#\\\/schema\\\/logo\\\/image\\\/\",\"url\":\"http:\\\/\\\/www.anovapeneira.gal\\\/wp-content\\\/uploads\\\/2019\\\/06\\\/logo_a_nova_peneira_portal_web.png\",\"contentUrl\":\"http:\\\/\\\/www.anovapeneira.gal\\\/wp-content\\\/uploads\\\/2019\\\/06\\\/logo_a_nova_peneira_portal_web.png\",\"width\":300,\"height\":100,\"caption\":\"A Nova Peneira\"},\"image\":{\"@id\":\"https:\\\/\\\/www.anovapeneira.gal\\\/#\\\/schema\\\/logo\\\/image\\\/\"},\"sameAs\":[\"https:\\\/\\\/www.facebook.com\\\/anovapeneira\",\"https:\\\/\\\/x.com\\\/APeneira\"]},{\"@type\":\"Person\",\"@id\":\"https:\\\/\\\/www.anovapeneira.gal\\\/#\\\/schema\\\/person\\\/99c33ed6585dd93ae94e1086e57f6b3f\",\"name\":\"Dion\u00edsio Pereira\",\"image\":{\"@type\":\"ImageObject\",\"inLanguage\":\"gl-ES\",\"@id\":\"https:\\\/\\\/secure.gravatar.com\\\/avatar\\\/e2f238f0219b98dc43755fb0e21ee0b3054b81dd4146fd240bbe6094df52db8a?s=96&d=mm&r=g\",\"url\":\"https:\\\/\\\/secure.gravatar.com\\\/avatar\\\/e2f238f0219b98dc43755fb0e21ee0b3054b81dd4146fd240bbe6094df52db8a?s=96&d=mm&r=g\",\"contentUrl\":\"https:\\\/\\\/secure.gravatar.com\\\/avatar\\\/e2f238f0219b98dc43755fb0e21ee0b3054b81dd4146fd240bbe6094df52db8a?s=96&d=mm&r=g\",\"caption\":\"Dion\u00edsio Pereira\"},\"url\":\"https:\\\/\\\/www.anovapeneira.gal\\\/index.php\\\/author\\\/dionisiopereira\\\/\"}]}<\/script>\n<!-- \/ Yoast SEO plugin. -->","yoast_head_json":{"title":"A memoria do franquismo presente: Non m\u00e1is presos pol\u00edticos e exiliados -","description":"O R\u00e9xime actual non \u00e9 froito da libre vontade da cidadan\u00eda e dos pobos deste Estado, sen\u00f3n que est\u00e1 condicionado polas ameazas do persistente estamento militar franquista e polos compromisos cunha ditadura que permitiu certas mudanzas a cambio de que se mantiveran intactas as s\u00faas aspiraci\u00f3ns esenciais e os seus obxectivos estrat\u00e9xicos logrados por medio do golpe militar e a represi\u00f3n","robots":{"index":"index","follow":"follow","max-snippet":"max-snippet:-1","max-image-preview":"max-image-preview:large","max-video-preview":"max-video-preview:-1"},"canonical":"https:\/\/www.anovapeneira.gal\/index.php\/2021\/03\/01\/a-memoria-do-franquismo-presente-non-mais-presos-politicos-e-exiliados\/","og_locale":"gl_ES","og_type":"article","og_title":"A memoria do franquismo presente: Non m\u00e1is presos pol\u00edticos e exiliados -","og_description":"O R\u00e9xime actual non \u00e9 froito da libre vontade da cidadan\u00eda e dos pobos deste Estado, sen\u00f3n que est\u00e1 condicionado polas ameazas do persistente estamento militar franquista e polos compromisos cunha ditadura que permitiu certas mudanzas a cambio de que se mantiveran intactas as s\u00faas aspiraci\u00f3ns esenciais e os seus obxectivos estrat\u00e9xicos logrados por medio do golpe militar e a represi\u00f3n","og_url":"https:\/\/www.anovapeneira.gal\/index.php\/2021\/03\/01\/a-memoria-do-franquismo-presente-non-mais-presos-politicos-e-exiliados\/","article_publisher":"https:\/\/www.facebook.com\/anovapeneira","article_published_time":"2021-03-01T11:00:08+00:00","og_image":[{"width":720,"height":473,"url":"https:\/\/www.anovapeneira.gal\/wp-content\/uploads\/2019\/07\/ARTIGO_DE_OPINION_A_NOVA_PENEIRA.jpg","type":"image\/jpeg"}],"author":"Dion\u00edsio Pereira","twitter_card":"summary_large_image","twitter_creator":"@APeneira","twitter_site":"@APeneira","twitter_misc":{"Escrito por":"Dion\u00edsio Pereira","Tempo de lectura":"2 minutos"},"schema":{"@context":"https:\/\/schema.org","@graph":[{"@type":"Article","@id":"https:\/\/www.anovapeneira.gal\/index.php\/2021\/03\/01\/a-memoria-do-franquismo-presente-non-mais-presos-politicos-e-exiliados\/#article","isPartOf":{"@id":"https:\/\/www.anovapeneira.gal\/index.php\/2021\/03\/01\/a-memoria-do-franquismo-presente-non-mais-presos-politicos-e-exiliados\/"},"author":{"name":"Dion\u00edsio Pereira","@id":"https:\/\/www.anovapeneira.gal\/#\/schema\/person\/99c33ed6585dd93ae94e1086e57f6b3f"},"headline":"A memoria do franquismo presente: Non m\u00e1is presos pol\u00edticos e exiliados","datePublished":"2021-03-01T11:00:08+00:00","mainEntityOfPage":{"@id":"https:\/\/www.anovapeneira.gal\/index.php\/2021\/03\/01\/a-memoria-do-franquismo-presente-non-mais-presos-politicos-e-exiliados\/"},"wordCount":475,"commentCount":0,"publisher":{"@id":"https:\/\/www.anovapeneira.gal\/#organization"},"image":{"@id":"https:\/\/www.anovapeneira.gal\/index.php\/2021\/03\/01\/a-memoria-do-franquismo-presente-non-mais-presos-politicos-e-exiliados\/#primaryimage"},"thumbnailUrl":"https:\/\/www.anovapeneira.gal\/wp-content\/uploads\/2019\/07\/ARTIGO_DE_OPINION_A_NOVA_PENEIRA.jpg","keywords":["Franquismo"],"articleSection":["Artigos de opini\u00f3n"],"inLanguage":"gl-ES","potentialAction":[{"@type":"CommentAction","name":"Comment","target":["https:\/\/www.anovapeneira.gal\/index.php\/2021\/03\/01\/a-memoria-do-franquismo-presente-non-mais-presos-politicos-e-exiliados\/#respond"]}]},{"@type":"WebPage","@id":"https:\/\/www.anovapeneira.gal\/index.php\/2021\/03\/01\/a-memoria-do-franquismo-presente-non-mais-presos-politicos-e-exiliados\/","url":"https:\/\/www.anovapeneira.gal\/index.php\/2021\/03\/01\/a-memoria-do-franquismo-presente-non-mais-presos-politicos-e-exiliados\/","name":"A memoria do franquismo presente: Non m\u00e1is presos pol\u00edticos e exiliados -","isPartOf":{"@id":"https:\/\/www.anovapeneira.gal\/#website"},"primaryImageOfPage":{"@id":"https:\/\/www.anovapeneira.gal\/index.php\/2021\/03\/01\/a-memoria-do-franquismo-presente-non-mais-presos-politicos-e-exiliados\/#primaryimage"},"image":{"@id":"https:\/\/www.anovapeneira.gal\/index.php\/2021\/03\/01\/a-memoria-do-franquismo-presente-non-mais-presos-politicos-e-exiliados\/#primaryimage"},"thumbnailUrl":"https:\/\/www.anovapeneira.gal\/wp-content\/uploads\/2019\/07\/ARTIGO_DE_OPINION_A_NOVA_PENEIRA.jpg","datePublished":"2021-03-01T11:00:08+00:00","description":"O R\u00e9xime actual non \u00e9 froito da libre vontade da cidadan\u00eda e dos pobos deste Estado, sen\u00f3n que est\u00e1 condicionado polas ameazas do persistente estamento militar franquista e polos compromisos cunha ditadura que permitiu certas mudanzas a cambio de que se mantiveran intactas as s\u00faas aspiraci\u00f3ns esenciais e os seus obxectivos estrat\u00e9xicos logrados por medio do golpe militar e a represi\u00f3n","breadcrumb":{"@id":"https:\/\/www.anovapeneira.gal\/index.php\/2021\/03\/01\/a-memoria-do-franquismo-presente-non-mais-presos-politicos-e-exiliados\/#breadcrumb"},"inLanguage":"gl-ES","potentialAction":[{"@type":"ReadAction","target":["https:\/\/www.anovapeneira.gal\/index.php\/2021\/03\/01\/a-memoria-do-franquismo-presente-non-mais-presos-politicos-e-exiliados\/"]}]},{"@type":"ImageObject","inLanguage":"gl-ES","@id":"https:\/\/www.anovapeneira.gal\/index.php\/2021\/03\/01\/a-memoria-do-franquismo-presente-non-mais-presos-politicos-e-exiliados\/#primaryimage","url":"https:\/\/www.anovapeneira.gal\/wp-content\/uploads\/2019\/07\/ARTIGO_DE_OPINION_A_NOVA_PENEIRA.jpg","contentUrl":"https:\/\/www.anovapeneira.gal\/wp-content\/uploads\/2019\/07\/ARTIGO_DE_OPINION_A_NOVA_PENEIRA.jpg","width":720,"height":473,"caption":"Artigo de opini\u00f3n A Nova Peneira"},{"@type":"BreadcrumbList","@id":"https:\/\/www.anovapeneira.gal\/index.php\/2021\/03\/01\/a-memoria-do-franquismo-presente-non-mais-presos-politicos-e-exiliados\/#breadcrumb","itemListElement":[{"@type":"ListItem","position":1,"name":"Portada","item":"https:\/\/www.anovapeneira.gal\/"},{"@type":"ListItem","position":2,"name":"A memoria do franquismo presente: Non m\u00e1is presos pol\u00edticos e exiliados"}]},{"@type":"WebSite","@id":"https:\/\/www.anovapeneira.gal\/#website","url":"https:\/\/www.anovapeneira.gal\/","name":"","description":"Xornal galego de informaci\u00f3n xeral Publicaci\u00f3n mensual de novas de Galicia e en especial dos Concellos da sur da provincia de Pontevedra.","publisher":{"@id":"https:\/\/www.anovapeneira.gal\/#organization"},"potentialAction":[{"@type":"SearchAction","target":{"@type":"EntryPoint","urlTemplate":"https:\/\/www.anovapeneira.gal\/?s={search_term_string}"},"query-input":{"@type":"PropertyValueSpecification","valueRequired":true,"valueName":"search_term_string"}}],"inLanguage":"gl-ES"},{"@type":"Organization","@id":"https:\/\/www.anovapeneira.gal\/#organization","name":"A Nova Peneira","url":"https:\/\/www.anovapeneira.gal\/","logo":{"@type":"ImageObject","inLanguage":"gl-ES","@id":"https:\/\/www.anovapeneira.gal\/#\/schema\/logo\/image\/","url":"http:\/\/www.anovapeneira.gal\/wp-content\/uploads\/2019\/06\/logo_a_nova_peneira_portal_web.png","contentUrl":"http:\/\/www.anovapeneira.gal\/wp-content\/uploads\/2019\/06\/logo_a_nova_peneira_portal_web.png","width":300,"height":100,"caption":"A Nova Peneira"},"image":{"@id":"https:\/\/www.anovapeneira.gal\/#\/schema\/logo\/image\/"},"sameAs":["https:\/\/www.facebook.com\/anovapeneira","https:\/\/x.com\/APeneira"]},{"@type":"Person","@id":"https:\/\/www.anovapeneira.gal\/#\/schema\/person\/99c33ed6585dd93ae94e1086e57f6b3f","name":"Dion\u00edsio Pereira","image":{"@type":"ImageObject","inLanguage":"gl-ES","@id":"https:\/\/secure.gravatar.com\/avatar\/e2f238f0219b98dc43755fb0e21ee0b3054b81dd4146fd240bbe6094df52db8a?s=96&d=mm&r=g","url":"https:\/\/secure.gravatar.com\/avatar\/e2f238f0219b98dc43755fb0e21ee0b3054b81dd4146fd240bbe6094df52db8a?s=96&d=mm&r=g","contentUrl":"https:\/\/secure.gravatar.com\/avatar\/e2f238f0219b98dc43755fb0e21ee0b3054b81dd4146fd240bbe6094df52db8a?s=96&d=mm&r=g","caption":"Dion\u00edsio Pereira"},"url":"https:\/\/www.anovapeneira.gal\/index.php\/author\/dionisiopereira\/"}]}},"jetpack_featured_media_url":"https:\/\/www.anovapeneira.gal\/wp-content\/uploads\/2019\/07\/ARTIGO_DE_OPINION_A_NOVA_PENEIRA.jpg","_links":{"self":[{"href":"https:\/\/www.anovapeneira.gal\/index.php\/wp-json\/wp\/v2\/posts\/4942","targetHints":{"allow":["GET"]}}],"collection":[{"href":"https:\/\/www.anovapeneira.gal\/index.php\/wp-json\/wp\/v2\/posts"}],"about":[{"href":"https:\/\/www.anovapeneira.gal\/index.php\/wp-json\/wp\/v2\/types\/post"}],"author":[{"embeddable":true,"href":"https:\/\/www.anovapeneira.gal\/index.php\/wp-json\/wp\/v2\/users\/26"}],"replies":[{"embeddable":true,"href":"https:\/\/www.anovapeneira.gal\/index.php\/wp-json\/wp\/v2\/comments?post=4942"}],"version-history":[{"count":3,"href":"https:\/\/www.anovapeneira.gal\/index.php\/wp-json\/wp\/v2\/posts\/4942\/revisions"}],"predecessor-version":[{"id":4947,"href":"https:\/\/www.anovapeneira.gal\/index.php\/wp-json\/wp\/v2\/posts\/4942\/revisions\/4947"}],"wp:featuredmedia":[{"embeddable":true,"href":"https:\/\/www.anovapeneira.gal\/index.php\/wp-json\/wp\/v2\/media\/584"}],"wp:attachment":[{"href":"https:\/\/www.anovapeneira.gal\/index.php\/wp-json\/wp\/v2\/media?parent=4942"}],"wp:term":[{"taxonomy":"category","embeddable":true,"href":"https:\/\/www.anovapeneira.gal\/index.php\/wp-json\/wp\/v2\/categories?post=4942"},{"taxonomy":"post_tag","embeddable":true,"href":"https:\/\/www.anovapeneira.gal\/index.php\/wp-json\/wp\/v2\/tags?post=4942"}],"curies":[{"name":"wp","href":"https:\/\/api.w.org\/{rel}","templated":true}]}}