{"id":4948,"date":"2021-03-02T10:00:53","date_gmt":"2021-03-02T09:00:53","guid":{"rendered":"http:\/\/www.anovapeneira.gal\/?p=4948"},"modified":"2021-02-27T07:31:45","modified_gmt":"2021-02-27T06:31:45","slug":"tomino-pon-a-punto-as-suas-sendas-e-sendeiros","status":"publish","type":"post","link":"https:\/\/www.anovapeneira.gal\/index.php\/2021\/03\/02\/tomino-pon-a-punto-as-suas-sendas-e-sendeiros\/","title":{"rendered":"Tomi\u00f1o pon a punto as s\u00faas sendas e sendeiros"},"content":{"rendered":"\n<h2 class=\"wp-block-heading\"><strong>O Concello est\u00e1 traballando na limpeza das pasarelas de madeira para evitar riscos para a veci\u00f1anza e cubrindo fochancas, ademais de realizar os labores habituais de mantemento<\/strong><\/h2>\n\n\n\n<p><strong>Tomi\u00f1o, 25 de febreiro de 2021.<\/strong><\/p>\n\n\n\n<p>O Concello de Tomi\u00f1o contin\u00faa coa posta a punto das sendas e sendeiros do municipio, zonas que nos \u00faltimos meses viron incrementado de forma considerable o seu n\u00famero de usuarios e usuarias. As\u00ed, o Departamento de Obras est\u00e1 arranxando e realizando os labores de mantemento de varias sendas e percorridos por distintos espazos naturais para que a veci\u00f1anza poida pasear e facer exercicio nas mellores condici\u00f3ns.<\/p>\n\n\n\n<p>A senda do R\u00edo Mi\u00f1o, comprendida entre a Ponte Internacional de Goi\u00e1n e o l\u00edmite co concello do Rosal, \u00e9 unha das m\u00e1is empregadas polos tomi\u00f1eses e tomi\u00f1esas. Para garantir a seguridade de todos os usuarios e usuarias, o Concello est\u00e1 limpando esta senda e a que vai dende San Roque ata o r\u00edo cunha m\u00e1quina hidrolimpadora para eliminar o verdello ou calquera resto que faga que estas superficies sexan escorregadizas, sobre todo nas zonas m\u00e1is sombr\u00edas, evitando as\u00ed riscos de ca\u00eddas.<\/p>\n\n\n\n<p>Ademais tam\u00e9n se est\u00e1n arranxando desperfectos e realizando os traballos de mantemento habituais, como cubrir fochancas ou limpar e restitu\u00edr o xabre, facendo que a senda quede moito m\u00e1is transitable.<\/p>\n\n\n\n<p>O concelleiro de Obras, Alexandre P\u00e9rez Souto, salientou que nunha \u00e9poca con tantas restrici\u00f3ns son moitos os veci\u00f1os e veci\u00f1as deciden empregar as sendas e cami\u00f1os de espazos naturais como alternativa de lecer tanto para pasear como para facer exercicio. Por ese motivo, e tendo en conta ademais o mal tempo dos \u00faltimos meses, era \u201cprimordial concentrar esforzos no acondicionamento e mellora das zonas de paseo e esparexemento no municipio\u201d.<\/p>\n","protected":false},"excerpt":{"rendered":"<div class=\"mh-excerpt\"><p>O Concello est\u00e1 traballando na limpeza das pasarelas de madeira para evitar riscos para a veci\u00f1anza e cubrindo fochancas, ademais de realizar os labores habituais de mantemento <a class=\"mh-excerpt-more\" href=\"https:\/\/www.anovapeneira.gal\/index.php\/2021\/03\/02\/tomino-pon-a-punto-as-suas-sendas-e-sendeiros\/\" title=\"Tomi\u00f1o pon a punto as s\u00faas sendas e sendeiros\">[&#8230;]<\/a><\/p>\n<\/div>","protected":false},"author":3,"featured_media":4950,"comment_status":"open","ping_status":"open","sticky":false,"template":"","format":"standard","meta":{"_exactmetrics_skip_tracking":false,"_exactmetrics_sitenote_active":false,"_exactmetrics_sitenote_note":"","_exactmetrics_sitenote_category":0,"footnotes":""},"categories":[21],"tags":[81],"class_list":{"0":"post-4948","1":"post","2":"type-post","3":"status-publish","4":"format-standard","5":"has-post-thumbnail","7":"category-baixo-mino","8":"tag-concello-de-tomino"},"yoast_head":"<!-- This site is optimized with the Yoast SEO plugin v27.4 - https:\/\/yoast.com\/product\/yoast-seo-wordpress\/ -->\n<title>Tomi\u00f1o pon a punto as s\u00faas sendas e sendeiros -<\/title>\n<meta name=\"description\" content=\"O Concello est\u00e1 traballando na limpeza das pasarelas de madeira para evitar riscos para a veci\u00f1anza e cubrindo fochancas, ademais de realizar os labores habituais de mantemento\" \/>\n<meta name=\"robots\" content=\"index, follow, max-snippet:-1, max-image-preview:large, max-video-preview:-1\" \/>\n<link rel=\"canonical\" href=\"https:\/\/www.anovapeneira.gal\/index.php\/2021\/03\/02\/tomino-pon-a-punto-as-suas-sendas-e-sendeiros\/\" \/>\n<meta property=\"og:locale\" content=\"gl_ES\" \/>\n<meta property=\"og:type\" content=\"article\" \/>\n<meta property=\"og:title\" content=\"Tomi\u00f1o pon a punto as s\u00faas sendas e sendeiros -\" \/>\n<meta property=\"og:description\" content=\"O Concello est\u00e1 traballando na limpeza das pasarelas de madeira para evitar riscos para a veci\u00f1anza e cubrindo fochancas, ademais de realizar os labores habituais de mantemento\" \/>\n<meta property=\"og:url\" content=\"https:\/\/www.anovapeneira.gal\/index.php\/2021\/03\/02\/tomino-pon-a-punto-as-suas-sendas-e-sendeiros\/\" \/>\n<meta property=\"article:publisher\" content=\"https:\/\/www.facebook.com\/anovapeneira\" \/>\n<meta property=\"article:published_time\" content=\"2021-03-02T09:00:53+00:00\" \/>\n<meta property=\"og:image\" content=\"https:\/\/www.anovapeneira.gal\/wp-content\/uploads\/2021\/02\/sendas_tominho.jpg\" \/>\n\t<meta property=\"og:image:width\" content=\"720\" \/>\n\t<meta property=\"og:image:height\" content=\"432\" \/>\n\t<meta property=\"og:image:type\" content=\"image\/jpeg\" \/>\n<meta name=\"author\" content=\"Redacci\u00f3n A Nova Peneira\" \/>\n<meta name=\"twitter:card\" content=\"summary_large_image\" \/>\n<meta name=\"twitter:creator\" content=\"@APeneira\" \/>\n<meta name=\"twitter:site\" content=\"@APeneira\" \/>\n<meta name=\"twitter:label1\" content=\"Escrito por\" \/>\n\t<meta name=\"twitter:data1\" content=\"Redacci\u00f3n A Nova Peneira\" \/>\n\t<meta name=\"twitter:label2\" content=\"Tempo de lectura\" \/>\n\t<meta name=\"twitter:data2\" content=\"2 minutos\" \/>\n<script type=\"application\/ld+json\" class=\"yoast-schema-graph\">{\"@context\":\"https:\\\/\\\/schema.org\",\"@graph\":[{\"@type\":\"Article\",\"@id\":\"https:\\\/\\\/www.anovapeneira.gal\\\/index.php\\\/2021\\\/03\\\/02\\\/tomino-pon-a-punto-as-suas-sendas-e-sendeiros\\\/#article\",\"isPartOf\":{\"@id\":\"https:\\\/\\\/www.anovapeneira.gal\\\/index.php\\\/2021\\\/03\\\/02\\\/tomino-pon-a-punto-as-suas-sendas-e-sendeiros\\\/\"},\"author\":{\"name\":\"Redacci\u00f3n A Nova Peneira\",\"@id\":\"https:\\\/\\\/www.anovapeneira.gal\\\/#\\\/schema\\\/person\\\/b93e3f8932e3f8da96334607eb6ac6aa\"},\"headline\":\"Tomi\u00f1o pon a punto as s\u00faas sendas e sendeiros\",\"datePublished\":\"2021-03-02T09:00:53+00:00\",\"mainEntityOfPage\":{\"@id\":\"https:\\\/\\\/www.anovapeneira.gal\\\/index.php\\\/2021\\\/03\\\/02\\\/tomino-pon-a-punto-as-suas-sendas-e-sendeiros\\\/\"},\"wordCount\":317,\"commentCount\":0,\"publisher\":{\"@id\":\"https:\\\/\\\/www.anovapeneira.gal\\\/#organization\"},\"image\":{\"@id\":\"https:\\\/\\\/www.anovapeneira.gal\\\/index.php\\\/2021\\\/03\\\/02\\\/tomino-pon-a-punto-as-suas-sendas-e-sendeiros\\\/#primaryimage\"},\"thumbnailUrl\":\"https:\\\/\\\/www.anovapeneira.gal\\\/wp-content\\\/uploads\\\/2021\\\/02\\\/sendas_tominho.jpg\",\"keywords\":[\"Concello de Tomi\u00f1o\"],\"articleSection\":[\"Baixo Mi\u00f1o\"],\"inLanguage\":\"gl-ES\",\"potentialAction\":[{\"@type\":\"CommentAction\",\"name\":\"Comment\",\"target\":[\"https:\\\/\\\/www.anovapeneira.gal\\\/index.php\\\/2021\\\/03\\\/02\\\/tomino-pon-a-punto-as-suas-sendas-e-sendeiros\\\/#respond\"]}]},{\"@type\":\"WebPage\",\"@id\":\"https:\\\/\\\/www.anovapeneira.gal\\\/index.php\\\/2021\\\/03\\\/02\\\/tomino-pon-a-punto-as-suas-sendas-e-sendeiros\\\/\",\"url\":\"https:\\\/\\\/www.anovapeneira.gal\\\/index.php\\\/2021\\\/03\\\/02\\\/tomino-pon-a-punto-as-suas-sendas-e-sendeiros\\\/\",\"name\":\"Tomi\u00f1o pon a punto as s\u00faas sendas e sendeiros -\",\"isPartOf\":{\"@id\":\"https:\\\/\\\/www.anovapeneira.gal\\\/#website\"},\"primaryImageOfPage\":{\"@id\":\"https:\\\/\\\/www.anovapeneira.gal\\\/index.php\\\/2021\\\/03\\\/02\\\/tomino-pon-a-punto-as-suas-sendas-e-sendeiros\\\/#primaryimage\"},\"image\":{\"@id\":\"https:\\\/\\\/www.anovapeneira.gal\\\/index.php\\\/2021\\\/03\\\/02\\\/tomino-pon-a-punto-as-suas-sendas-e-sendeiros\\\/#primaryimage\"},\"thumbnailUrl\":\"https:\\\/\\\/www.anovapeneira.gal\\\/wp-content\\\/uploads\\\/2021\\\/02\\\/sendas_tominho.jpg\",\"datePublished\":\"2021-03-02T09:00:53+00:00\",\"description\":\"O Concello est\u00e1 traballando na limpeza das pasarelas de madeira para evitar riscos para a veci\u00f1anza e cubrindo fochancas, ademais de realizar os labores habituais de mantemento\",\"breadcrumb\":{\"@id\":\"https:\\\/\\\/www.anovapeneira.gal\\\/index.php\\\/2021\\\/03\\\/02\\\/tomino-pon-a-punto-as-suas-sendas-e-sendeiros\\\/#breadcrumb\"},\"inLanguage\":\"gl-ES\",\"potentialAction\":[{\"@type\":\"ReadAction\",\"target\":[\"https:\\\/\\\/www.anovapeneira.gal\\\/index.php\\\/2021\\\/03\\\/02\\\/tomino-pon-a-punto-as-suas-sendas-e-sendeiros\\\/\"]}]},{\"@type\":\"ImageObject\",\"inLanguage\":\"gl-ES\",\"@id\":\"https:\\\/\\\/www.anovapeneira.gal\\\/index.php\\\/2021\\\/03\\\/02\\\/tomino-pon-a-punto-as-suas-sendas-e-sendeiros\\\/#primaryimage\",\"url\":\"https:\\\/\\\/www.anovapeneira.gal\\\/wp-content\\\/uploads\\\/2021\\\/02\\\/sendas_tominho.jpg\",\"contentUrl\":\"https:\\\/\\\/www.anovapeneira.gal\\\/wp-content\\\/uploads\\\/2021\\\/02\\\/sendas_tominho.jpg\",\"width\":720,\"height\":432,\"caption\":\"Tomi\u00f1o pon a punto as s\u00faas sendas e sendeiros\"},{\"@type\":\"BreadcrumbList\",\"@id\":\"https:\\\/\\\/www.anovapeneira.gal\\\/index.php\\\/2021\\\/03\\\/02\\\/tomino-pon-a-punto-as-suas-sendas-e-sendeiros\\\/#breadcrumb\",\"itemListElement\":[{\"@type\":\"ListItem\",\"position\":1,\"name\":\"Portada\",\"item\":\"https:\\\/\\\/www.anovapeneira.gal\\\/\"},{\"@type\":\"ListItem\",\"position\":2,\"name\":\"Tomi\u00f1o pon a punto as s\u00faas sendas e sendeiros\"}]},{\"@type\":\"WebSite\",\"@id\":\"https:\\\/\\\/www.anovapeneira.gal\\\/#website\",\"url\":\"https:\\\/\\\/www.anovapeneira.gal\\\/\",\"name\":\"\",\"description\":\"Xornal galego de informaci\u00f3n xeral Publicaci\u00f3n mensual de novas de Galicia e en especial dos Concellos da sur da provincia de Pontevedra.\",\"publisher\":{\"@id\":\"https:\\\/\\\/www.anovapeneira.gal\\\/#organization\"},\"potentialAction\":[{\"@type\":\"SearchAction\",\"target\":{\"@type\":\"EntryPoint\",\"urlTemplate\":\"https:\\\/\\\/www.anovapeneira.gal\\\/?s={search_term_string}\"},\"query-input\":{\"@type\":\"PropertyValueSpecification\",\"valueRequired\":true,\"valueName\":\"search_term_string\"}}],\"inLanguage\":\"gl-ES\"},{\"@type\":\"Organization\",\"@id\":\"https:\\\/\\\/www.anovapeneira.gal\\\/#organization\",\"name\":\"A Nova Peneira\",\"url\":\"https:\\\/\\\/www.anovapeneira.gal\\\/\",\"logo\":{\"@type\":\"ImageObject\",\"inLanguage\":\"gl-ES\",\"@id\":\"https:\\\/\\\/www.anovapeneira.gal\\\/#\\\/schema\\\/logo\\\/image\\\/\",\"url\":\"http:\\\/\\\/www.anovapeneira.gal\\\/wp-content\\\/uploads\\\/2019\\\/06\\\/logo_a_nova_peneira_portal_web.png\",\"contentUrl\":\"http:\\\/\\\/www.anovapeneira.gal\\\/wp-content\\\/uploads\\\/2019\\\/06\\\/logo_a_nova_peneira_portal_web.png\",\"width\":300,\"height\":100,\"caption\":\"A Nova Peneira\"},\"image\":{\"@id\":\"https:\\\/\\\/www.anovapeneira.gal\\\/#\\\/schema\\\/logo\\\/image\\\/\"},\"sameAs\":[\"https:\\\/\\\/www.facebook.com\\\/anovapeneira\",\"https:\\\/\\\/x.com\\\/APeneira\"]},{\"@type\":\"Person\",\"@id\":\"https:\\\/\\\/www.anovapeneira.gal\\\/#\\\/schema\\\/person\\\/b93e3f8932e3f8da96334607eb6ac6aa\",\"name\":\"Redacci\u00f3n A Nova Peneira\",\"image\":{\"@type\":\"ImageObject\",\"inLanguage\":\"gl-ES\",\"@id\":\"https:\\\/\\\/secure.gravatar.com\\\/avatar\\\/c052a2551a06e23fac63626232eaa90abd78dbcf1700fc46a2b2c89fd27b735f?s=96&d=mm&r=g\",\"url\":\"https:\\\/\\\/secure.gravatar.com\\\/avatar\\\/c052a2551a06e23fac63626232eaa90abd78dbcf1700fc46a2b2c89fd27b735f?s=96&d=mm&r=g\",\"contentUrl\":\"https:\\\/\\\/secure.gravatar.com\\\/avatar\\\/c052a2551a06e23fac63626232eaa90abd78dbcf1700fc46a2b2c89fd27b735f?s=96&d=mm&r=g\",\"caption\":\"Redacci\u00f3n A Nova Peneira\"},\"sameAs\":[\"http:\\\/\\\/www.anovapeneira.gal\\\/\"],\"url\":\"https:\\\/\\\/www.anovapeneira.gal\\\/index.php\\\/author\\\/redactor\\\/\"}]}<\/script>\n<!-- \/ Yoast SEO plugin. -->","yoast_head_json":{"title":"Tomi\u00f1o pon a punto as s\u00faas sendas e sendeiros -","description":"O Concello est\u00e1 traballando na limpeza das pasarelas de madeira para evitar riscos para a veci\u00f1anza e cubrindo fochancas, ademais de realizar os labores habituais de mantemento","robots":{"index":"index","follow":"follow","max-snippet":"max-snippet:-1","max-image-preview":"max-image-preview:large","max-video-preview":"max-video-preview:-1"},"canonical":"https:\/\/www.anovapeneira.gal\/index.php\/2021\/03\/02\/tomino-pon-a-punto-as-suas-sendas-e-sendeiros\/","og_locale":"gl_ES","og_type":"article","og_title":"Tomi\u00f1o pon a punto as s\u00faas sendas e sendeiros -","og_description":"O Concello est\u00e1 traballando na limpeza das pasarelas de madeira para evitar riscos para a veci\u00f1anza e cubrindo fochancas, ademais de realizar os labores habituais de mantemento","og_url":"https:\/\/www.anovapeneira.gal\/index.php\/2021\/03\/02\/tomino-pon-a-punto-as-suas-sendas-e-sendeiros\/","article_publisher":"https:\/\/www.facebook.com\/anovapeneira","article_published_time":"2021-03-02T09:00:53+00:00","og_image":[{"width":720,"height":432,"url":"https:\/\/www.anovapeneira.gal\/wp-content\/uploads\/2021\/02\/sendas_tominho.jpg","type":"image\/jpeg"}],"author":"Redacci\u00f3n A Nova Peneira","twitter_card":"summary_large_image","twitter_creator":"@APeneira","twitter_site":"@APeneira","twitter_misc":{"Escrito por":"Redacci\u00f3n A Nova Peneira","Tempo de lectura":"2 minutos"},"schema":{"@context":"https:\/\/schema.org","@graph":[{"@type":"Article","@id":"https:\/\/www.anovapeneira.gal\/index.php\/2021\/03\/02\/tomino-pon-a-punto-as-suas-sendas-e-sendeiros\/#article","isPartOf":{"@id":"https:\/\/www.anovapeneira.gal\/index.php\/2021\/03\/02\/tomino-pon-a-punto-as-suas-sendas-e-sendeiros\/"},"author":{"name":"Redacci\u00f3n A Nova Peneira","@id":"https:\/\/www.anovapeneira.gal\/#\/schema\/person\/b93e3f8932e3f8da96334607eb6ac6aa"},"headline":"Tomi\u00f1o pon a punto as s\u00faas sendas e sendeiros","datePublished":"2021-03-02T09:00:53+00:00","mainEntityOfPage":{"@id":"https:\/\/www.anovapeneira.gal\/index.php\/2021\/03\/02\/tomino-pon-a-punto-as-suas-sendas-e-sendeiros\/"},"wordCount":317,"commentCount":0,"publisher":{"@id":"https:\/\/www.anovapeneira.gal\/#organization"},"image":{"@id":"https:\/\/www.anovapeneira.gal\/index.php\/2021\/03\/02\/tomino-pon-a-punto-as-suas-sendas-e-sendeiros\/#primaryimage"},"thumbnailUrl":"https:\/\/www.anovapeneira.gal\/wp-content\/uploads\/2021\/02\/sendas_tominho.jpg","keywords":["Concello de Tomi\u00f1o"],"articleSection":["Baixo Mi\u00f1o"],"inLanguage":"gl-ES","potentialAction":[{"@type":"CommentAction","name":"Comment","target":["https:\/\/www.anovapeneira.gal\/index.php\/2021\/03\/02\/tomino-pon-a-punto-as-suas-sendas-e-sendeiros\/#respond"]}]},{"@type":"WebPage","@id":"https:\/\/www.anovapeneira.gal\/index.php\/2021\/03\/02\/tomino-pon-a-punto-as-suas-sendas-e-sendeiros\/","url":"https:\/\/www.anovapeneira.gal\/index.php\/2021\/03\/02\/tomino-pon-a-punto-as-suas-sendas-e-sendeiros\/","name":"Tomi\u00f1o pon a punto as s\u00faas sendas e sendeiros -","isPartOf":{"@id":"https:\/\/www.anovapeneira.gal\/#website"},"primaryImageOfPage":{"@id":"https:\/\/www.anovapeneira.gal\/index.php\/2021\/03\/02\/tomino-pon-a-punto-as-suas-sendas-e-sendeiros\/#primaryimage"},"image":{"@id":"https:\/\/www.anovapeneira.gal\/index.php\/2021\/03\/02\/tomino-pon-a-punto-as-suas-sendas-e-sendeiros\/#primaryimage"},"thumbnailUrl":"https:\/\/www.anovapeneira.gal\/wp-content\/uploads\/2021\/02\/sendas_tominho.jpg","datePublished":"2021-03-02T09:00:53+00:00","description":"O Concello est\u00e1 traballando na limpeza das pasarelas de madeira para evitar riscos para a veci\u00f1anza e cubrindo fochancas, ademais de realizar os labores habituais de mantemento","breadcrumb":{"@id":"https:\/\/www.anovapeneira.gal\/index.php\/2021\/03\/02\/tomino-pon-a-punto-as-suas-sendas-e-sendeiros\/#breadcrumb"},"inLanguage":"gl-ES","potentialAction":[{"@type":"ReadAction","target":["https:\/\/www.anovapeneira.gal\/index.php\/2021\/03\/02\/tomino-pon-a-punto-as-suas-sendas-e-sendeiros\/"]}]},{"@type":"ImageObject","inLanguage":"gl-ES","@id":"https:\/\/www.anovapeneira.gal\/index.php\/2021\/03\/02\/tomino-pon-a-punto-as-suas-sendas-e-sendeiros\/#primaryimage","url":"https:\/\/www.anovapeneira.gal\/wp-content\/uploads\/2021\/02\/sendas_tominho.jpg","contentUrl":"https:\/\/www.anovapeneira.gal\/wp-content\/uploads\/2021\/02\/sendas_tominho.jpg","width":720,"height":432,"caption":"Tomi\u00f1o pon a punto as s\u00faas sendas e sendeiros"},{"@type":"BreadcrumbList","@id":"https:\/\/www.anovapeneira.gal\/index.php\/2021\/03\/02\/tomino-pon-a-punto-as-suas-sendas-e-sendeiros\/#breadcrumb","itemListElement":[{"@type":"ListItem","position":1,"name":"Portada","item":"https:\/\/www.anovapeneira.gal\/"},{"@type":"ListItem","position":2,"name":"Tomi\u00f1o pon a punto as s\u00faas sendas e sendeiros"}]},{"@type":"WebSite","@id":"https:\/\/www.anovapeneira.gal\/#website","url":"https:\/\/www.anovapeneira.gal\/","name":"","description":"Xornal galego de informaci\u00f3n xeral Publicaci\u00f3n mensual de novas de Galicia e en especial dos Concellos da sur da provincia de Pontevedra.","publisher":{"@id":"https:\/\/www.anovapeneira.gal\/#organization"},"potentialAction":[{"@type":"SearchAction","target":{"@type":"EntryPoint","urlTemplate":"https:\/\/www.anovapeneira.gal\/?s={search_term_string}"},"query-input":{"@type":"PropertyValueSpecification","valueRequired":true,"valueName":"search_term_string"}}],"inLanguage":"gl-ES"},{"@type":"Organization","@id":"https:\/\/www.anovapeneira.gal\/#organization","name":"A Nova Peneira","url":"https:\/\/www.anovapeneira.gal\/","logo":{"@type":"ImageObject","inLanguage":"gl-ES","@id":"https:\/\/www.anovapeneira.gal\/#\/schema\/logo\/image\/","url":"http:\/\/www.anovapeneira.gal\/wp-content\/uploads\/2019\/06\/logo_a_nova_peneira_portal_web.png","contentUrl":"http:\/\/www.anovapeneira.gal\/wp-content\/uploads\/2019\/06\/logo_a_nova_peneira_portal_web.png","width":300,"height":100,"caption":"A Nova Peneira"},"image":{"@id":"https:\/\/www.anovapeneira.gal\/#\/schema\/logo\/image\/"},"sameAs":["https:\/\/www.facebook.com\/anovapeneira","https:\/\/x.com\/APeneira"]},{"@type":"Person","@id":"https:\/\/www.anovapeneira.gal\/#\/schema\/person\/b93e3f8932e3f8da96334607eb6ac6aa","name":"Redacci\u00f3n A Nova Peneira","image":{"@type":"ImageObject","inLanguage":"gl-ES","@id":"https:\/\/secure.gravatar.com\/avatar\/c052a2551a06e23fac63626232eaa90abd78dbcf1700fc46a2b2c89fd27b735f?s=96&d=mm&r=g","url":"https:\/\/secure.gravatar.com\/avatar\/c052a2551a06e23fac63626232eaa90abd78dbcf1700fc46a2b2c89fd27b735f?s=96&d=mm&r=g","contentUrl":"https:\/\/secure.gravatar.com\/avatar\/c052a2551a06e23fac63626232eaa90abd78dbcf1700fc46a2b2c89fd27b735f?s=96&d=mm&r=g","caption":"Redacci\u00f3n A Nova Peneira"},"sameAs":["http:\/\/www.anovapeneira.gal\/"],"url":"https:\/\/www.anovapeneira.gal\/index.php\/author\/redactor\/"}]}},"jetpack_featured_media_url":"https:\/\/www.anovapeneira.gal\/wp-content\/uploads\/2021\/02\/sendas_tominho.jpg","_links":{"self":[{"href":"https:\/\/www.anovapeneira.gal\/index.php\/wp-json\/wp\/v2\/posts\/4948","targetHints":{"allow":["GET"]}}],"collection":[{"href":"https:\/\/www.anovapeneira.gal\/index.php\/wp-json\/wp\/v2\/posts"}],"about":[{"href":"https:\/\/www.anovapeneira.gal\/index.php\/wp-json\/wp\/v2\/types\/post"}],"author":[{"embeddable":true,"href":"https:\/\/www.anovapeneira.gal\/index.php\/wp-json\/wp\/v2\/users\/3"}],"replies":[{"embeddable":true,"href":"https:\/\/www.anovapeneira.gal\/index.php\/wp-json\/wp\/v2\/comments?post=4948"}],"version-history":[{"count":2,"href":"https:\/\/www.anovapeneira.gal\/index.php\/wp-json\/wp\/v2\/posts\/4948\/revisions"}],"predecessor-version":[{"id":4951,"href":"https:\/\/www.anovapeneira.gal\/index.php\/wp-json\/wp\/v2\/posts\/4948\/revisions\/4951"}],"wp:featuredmedia":[{"embeddable":true,"href":"https:\/\/www.anovapeneira.gal\/index.php\/wp-json\/wp\/v2\/media\/4950"}],"wp:attachment":[{"href":"https:\/\/www.anovapeneira.gal\/index.php\/wp-json\/wp\/v2\/media?parent=4948"}],"wp:term":[{"taxonomy":"category","embeddable":true,"href":"https:\/\/www.anovapeneira.gal\/index.php\/wp-json\/wp\/v2\/categories?post=4948"},{"taxonomy":"post_tag","embeddable":true,"href":"https:\/\/www.anovapeneira.gal\/index.php\/wp-json\/wp\/v2\/tags?post=4948"}],"curies":[{"name":"wp","href":"https:\/\/api.w.org\/{rel}","templated":true}]}}