{"id":495,"date":"2019-07-10T00:05:48","date_gmt":"2019-07-09T22:05:48","guid":{"rendered":"http:\/\/www.anovapeneira.gal\/?p=495"},"modified":"2019-07-15T22:35:36","modified_gmt":"2019-07-15T20:35:36","slug":"o-parto-postelectoral","status":"publish","type":"post","link":"https:\/\/www.anovapeneira.gal\/index.php\/2019\/07\/10\/o-parto-postelectoral\/","title":{"rendered":"O parto postelectoral"},"content":{"rendered":"\n<figure class=\"wp-block-image is-resized\"><img loading=\"lazy\" decoding=\"async\" src=\"http:\/\/www.anovapeneira.gal\/wp-content\/uploads\/2019\/07\/koki.jpg\" alt=\"Francisco \u00c1lvarez Koki Artigos de opini\u00f3n A Nova Peneira\" class=\"wp-image-498\" width=\"95\" height=\"111\"\/><figcaption>Francisco \u00c1lvarez Koki <\/figcaption><\/figure>\n\n\n\n<p> Non sei si pra encabezar estas li\u00f1as e bo recurrir a o refraneiro popular, que tantas veces acerta. E teriamos que dicir, &#8220;Despois da tempestade ven a calma&#8221;. Isto e o que ocorre, despois das elecci\u00f3ns. Despois desa carreira contra relo de promesas, inauguraci\u00f3ns, e ameazas, volven todos a realidade. Hai que buscar o poder o prezo que sexa, como si hai que facer pauto co demo. Aqu\u00ed os que perden sempre son os paisanos, que tam\u00e9n te\u00f1en parte de culpa por deixarse enganar. Uns votan pola relixi\u00f3n, outros co medo, por que inda que  hai  (dedocracia). tam\u00e9n hai medo. Tam\u00e9n moitos votan por intereses. Dende fai moitos anos, os concellos, as Deputaci\u00f3ns, as mancomunidades, ench\u00e9ronse de enchufados que na vida real, non serv\u00edan ni para Deus, nin para o demo. Con isto non quero insultar a ningu\u00e9n. nin quero dicir que son todos. Hai moita xente de moita val\u00eda nas nosas administraci\u00f3ns. O asunto e que en moitos casos moitos votantes nun pensan na val\u00eda dos candidatos. Na maior\u00eda das veces a simpat\u00eda ou a ideolox\u00eda que todos temos no cerebro, traizoan as expectativas e fainos deixar de ser cr\u00edticos, e a critica e moi importante na pol\u00edtica. A pol\u00edtica ten que facernos reflexionar que nos conv\u00e9n mellor a nivel colectivo, pensando coa cabeza e non co est\u00f3mago. A cousa non e f\u00e1cil, nestes tempos de globalizaci\u00f3n social e mental onde vamos cami\u00f1o do pensamento \u00fanico esta e a realidade de vida e de pa\u00edses. Os candidatos hoxe mais que nunca, son de cada casa o mellor. Fora os lideiras de turno que ans\u00edan cambiar o mundo, por que o que si est\u00e1 claro e que sempre haber\u00e1 una minor\u00eda solidaria e humana que as veces fai milagres sen ir a misa, son aqueles que desenrolan distintas actividades en pro do seu semellante. Pero a maior\u00eda dos pol\u00edticos, son una rob\u00f3tica de experimentos. Se durante o per\u00edodo das campa\u00f1as, faces un an\u00e1lises sinxelo destes individuos que van na pol\u00edtica a todo trapo, date ganas de chorar. O candidato rodeado dos seus sicarios pol\u00edticos, o mesmo baila, que canta que fai de pallaso. O mesmo ameaza que xura por deus que non entrara en trato cos seus adversarios, os cales descalifica de t\u00f3dalas maneiras. Despois das elecci\u00f3ns, xa e outro cantar. A\u00ed os temos cada d\u00eda mentindo e vendendo a s\u00faa palabra, e para terminar a s\u00faa fodida traiz\u00f3n o electorado, en moit\u00edsimos concellos, sub\u00edronse os seus soldos en cantidades desorbitadas. En realidade este e xa un mal vello. Para inventar un pol\u00edtico novo, ter\u00eda que nacer un home novo sobre a terra.<\/p>\n","protected":false},"excerpt":{"rendered":"<div class=\"mh-excerpt\"><p>Non sei si pra encabezar estas li\u00f1as e bo recurrir a o refraneiro popular, que tantas veces acerta. E teriamos que dicir, &#8220;Despois da tempestade ven a calma&#8221;. Isto e o que ocorre, despois das elecci\u00f3ns <a class=\"mh-excerpt-more\" href=\"https:\/\/www.anovapeneira.gal\/index.php\/2019\/07\/10\/o-parto-postelectoral\/\" title=\"O parto postelectoral\">[&#8230;]<\/a><\/p>\n<\/div>","protected":false},"author":7,"featured_media":496,"comment_status":"open","ping_status":"open","sticky":false,"template":"","format":"standard","meta":{"_exactmetrics_skip_tracking":false,"_exactmetrics_sitenote_active":false,"_exactmetrics_sitenote_note":"","_exactmetrics_sitenote_category":0,"footnotes":""},"categories":[7],"tags":[183,184,12],"class_list":{"0":"post-495","1":"post","2":"type-post","3":"status-publish","4":"format-standard","5":"has-post-thumbnail","7":"category-artigos-de-opinion","8":"tag-eleccions","9":"tag-francisco-alvarez-koki","10":"tag-politica"},"yoast_head":"<!-- This site is optimized with the Yoast SEO plugin v27.4 - https:\/\/yoast.com\/product\/yoast-seo-wordpress\/ -->\n<title>O parto postelectoral -<\/title>\n<meta name=\"robots\" content=\"index, follow, max-snippet:-1, max-image-preview:large, max-video-preview:-1\" \/>\n<link rel=\"canonical\" href=\"https:\/\/www.anovapeneira.gal\/index.php\/2019\/07\/10\/o-parto-postelectoral\/\" \/>\n<meta property=\"og:locale\" content=\"gl_ES\" \/>\n<meta property=\"og:type\" content=\"article\" \/>\n<meta property=\"og:title\" content=\"O parto postelectoral -\" \/>\n<meta property=\"og:description\" content=\"Non sei si pra encabezar estas li\u00f1as e bo recurrir a o refraneiro popular, que tantas veces acerta. E teriamos que dicir, &quot;Despois da tempestade ven a calma&quot;. Isto e o que ocorre, despois das elecci\u00f3ns [...]\" \/>\n<meta property=\"og:url\" content=\"https:\/\/www.anovapeneira.gal\/index.php\/2019\/07\/10\/o-parto-postelectoral\/\" \/>\n<meta property=\"article:publisher\" content=\"https:\/\/www.facebook.com\/anovapeneira\" \/>\n<meta property=\"article:published_time\" content=\"2019-07-09T22:05:48+00:00\" \/>\n<meta property=\"article:modified_time\" content=\"2019-07-15T20:35:36+00:00\" \/>\n<meta property=\"og:image\" content=\"https:\/\/www.anovapeneira.gal\/wp-content\/uploads\/2019\/07\/o_-parto_postelectoral.jpg\" \/>\n\t<meta property=\"og:image:width\" content=\"720\" \/>\n\t<meta property=\"og:image:height\" content=\"473\" \/>\n\t<meta property=\"og:image:type\" content=\"image\/jpeg\" \/>\n<meta name=\"author\" content=\"Francisco \u00c1lvarez Koki\" \/>\n<meta name=\"twitter:card\" content=\"summary_large_image\" \/>\n<meta name=\"twitter:creator\" content=\"@APeneira\" \/>\n<meta name=\"twitter:site\" content=\"@APeneira\" \/>\n<meta name=\"twitter:label1\" content=\"Escrito por\" \/>\n\t<meta name=\"twitter:data1\" content=\"Francisco \u00c1lvarez Koki\" \/>\n\t<meta name=\"twitter:label2\" content=\"Tempo de lectura\" \/>\n\t<meta name=\"twitter:data2\" content=\"2 minutos\" \/>\n<script type=\"application\/ld+json\" class=\"yoast-schema-graph\">{\"@context\":\"https:\\\/\\\/schema.org\",\"@graph\":[{\"@type\":\"Article\",\"@id\":\"https:\\\/\\\/www.anovapeneira.gal\\\/index.php\\\/2019\\\/07\\\/10\\\/o-parto-postelectoral\\\/#article\",\"isPartOf\":{\"@id\":\"https:\\\/\\\/www.anovapeneira.gal\\\/index.php\\\/2019\\\/07\\\/10\\\/o-parto-postelectoral\\\/\"},\"author\":{\"name\":\"Francisco \u00c1lvarez Koki\",\"@id\":\"https:\\\/\\\/www.anovapeneira.gal\\\/#\\\/schema\\\/person\\\/f92cb9f06b112bf2c8d3c940d5c375a2\"},\"headline\":\"O parto postelectoral\",\"datePublished\":\"2019-07-09T22:05:48+00:00\",\"dateModified\":\"2019-07-15T20:35:36+00:00\",\"mainEntityOfPage\":{\"@id\":\"https:\\\/\\\/www.anovapeneira.gal\\\/index.php\\\/2019\\\/07\\\/10\\\/o-parto-postelectoral\\\/\"},\"wordCount\":486,\"commentCount\":0,\"publisher\":{\"@id\":\"https:\\\/\\\/www.anovapeneira.gal\\\/#organization\"},\"image\":{\"@id\":\"https:\\\/\\\/www.anovapeneira.gal\\\/index.php\\\/2019\\\/07\\\/10\\\/o-parto-postelectoral\\\/#primaryimage\"},\"thumbnailUrl\":\"https:\\\/\\\/www.anovapeneira.gal\\\/wp-content\\\/uploads\\\/2019\\\/07\\\/o_-parto_postelectoral.jpg\",\"keywords\":[\"Elecci\u00f3ns\",\"Francisco \u00c1lvarez Koki\",\"Pol\u00edtica\"],\"articleSection\":[\"Artigos de opini\u00f3n\"],\"inLanguage\":\"gl-ES\",\"potentialAction\":[{\"@type\":\"CommentAction\",\"name\":\"Comment\",\"target\":[\"https:\\\/\\\/www.anovapeneira.gal\\\/index.php\\\/2019\\\/07\\\/10\\\/o-parto-postelectoral\\\/#respond\"]}]},{\"@type\":\"WebPage\",\"@id\":\"https:\\\/\\\/www.anovapeneira.gal\\\/index.php\\\/2019\\\/07\\\/10\\\/o-parto-postelectoral\\\/\",\"url\":\"https:\\\/\\\/www.anovapeneira.gal\\\/index.php\\\/2019\\\/07\\\/10\\\/o-parto-postelectoral\\\/\",\"name\":\"O parto postelectoral -\",\"isPartOf\":{\"@id\":\"https:\\\/\\\/www.anovapeneira.gal\\\/#website\"},\"primaryImageOfPage\":{\"@id\":\"https:\\\/\\\/www.anovapeneira.gal\\\/index.php\\\/2019\\\/07\\\/10\\\/o-parto-postelectoral\\\/#primaryimage\"},\"image\":{\"@id\":\"https:\\\/\\\/www.anovapeneira.gal\\\/index.php\\\/2019\\\/07\\\/10\\\/o-parto-postelectoral\\\/#primaryimage\"},\"thumbnailUrl\":\"https:\\\/\\\/www.anovapeneira.gal\\\/wp-content\\\/uploads\\\/2019\\\/07\\\/o_-parto_postelectoral.jpg\",\"datePublished\":\"2019-07-09T22:05:48+00:00\",\"dateModified\":\"2019-07-15T20:35:36+00:00\",\"breadcrumb\":{\"@id\":\"https:\\\/\\\/www.anovapeneira.gal\\\/index.php\\\/2019\\\/07\\\/10\\\/o-parto-postelectoral\\\/#breadcrumb\"},\"inLanguage\":\"gl-ES\",\"potentialAction\":[{\"@type\":\"ReadAction\",\"target\":[\"https:\\\/\\\/www.anovapeneira.gal\\\/index.php\\\/2019\\\/07\\\/10\\\/o-parto-postelectoral\\\/\"]}]},{\"@type\":\"ImageObject\",\"inLanguage\":\"gl-ES\",\"@id\":\"https:\\\/\\\/www.anovapeneira.gal\\\/index.php\\\/2019\\\/07\\\/10\\\/o-parto-postelectoral\\\/#primaryimage\",\"url\":\"https:\\\/\\\/www.anovapeneira.gal\\\/wp-content\\\/uploads\\\/2019\\\/07\\\/o_-parto_postelectoral.jpg\",\"contentUrl\":\"https:\\\/\\\/www.anovapeneira.gal\\\/wp-content\\\/uploads\\\/2019\\\/07\\\/o_-parto_postelectoral.jpg\",\"width\":720,\"height\":473,\"caption\":\"O parto postelectoral A Nova Peneira\"},{\"@type\":\"BreadcrumbList\",\"@id\":\"https:\\\/\\\/www.anovapeneira.gal\\\/index.php\\\/2019\\\/07\\\/10\\\/o-parto-postelectoral\\\/#breadcrumb\",\"itemListElement\":[{\"@type\":\"ListItem\",\"position\":1,\"name\":\"Portada\",\"item\":\"https:\\\/\\\/www.anovapeneira.gal\\\/\"},{\"@type\":\"ListItem\",\"position\":2,\"name\":\"O parto postelectoral\"}]},{\"@type\":\"WebSite\",\"@id\":\"https:\\\/\\\/www.anovapeneira.gal\\\/#website\",\"url\":\"https:\\\/\\\/www.anovapeneira.gal\\\/\",\"name\":\"\",\"description\":\"Xornal galego de informaci\u00f3n xeral Publicaci\u00f3n mensual de novas de Galicia e en especial dos Concellos da sur da provincia de Pontevedra.\",\"publisher\":{\"@id\":\"https:\\\/\\\/www.anovapeneira.gal\\\/#organization\"},\"potentialAction\":[{\"@type\":\"SearchAction\",\"target\":{\"@type\":\"EntryPoint\",\"urlTemplate\":\"https:\\\/\\\/www.anovapeneira.gal\\\/?s={search_term_string}\"},\"query-input\":{\"@type\":\"PropertyValueSpecification\",\"valueRequired\":true,\"valueName\":\"search_term_string\"}}],\"inLanguage\":\"gl-ES\"},{\"@type\":\"Organization\",\"@id\":\"https:\\\/\\\/www.anovapeneira.gal\\\/#organization\",\"name\":\"A Nova Peneira\",\"url\":\"https:\\\/\\\/www.anovapeneira.gal\\\/\",\"logo\":{\"@type\":\"ImageObject\",\"inLanguage\":\"gl-ES\",\"@id\":\"https:\\\/\\\/www.anovapeneira.gal\\\/#\\\/schema\\\/logo\\\/image\\\/\",\"url\":\"http:\\\/\\\/www.anovapeneira.gal\\\/wp-content\\\/uploads\\\/2019\\\/06\\\/logo_a_nova_peneira_portal_web.png\",\"contentUrl\":\"http:\\\/\\\/www.anovapeneira.gal\\\/wp-content\\\/uploads\\\/2019\\\/06\\\/logo_a_nova_peneira_portal_web.png\",\"width\":300,\"height\":100,\"caption\":\"A Nova Peneira\"},\"image\":{\"@id\":\"https:\\\/\\\/www.anovapeneira.gal\\\/#\\\/schema\\\/logo\\\/image\\\/\"},\"sameAs\":[\"https:\\\/\\\/www.facebook.com\\\/anovapeneira\",\"https:\\\/\\\/x.com\\\/APeneira\"]},{\"@type\":\"Person\",\"@id\":\"https:\\\/\\\/www.anovapeneira.gal\\\/#\\\/schema\\\/person\\\/f92cb9f06b112bf2c8d3c940d5c375a2\",\"name\":\"Francisco \u00c1lvarez Koki\",\"image\":{\"@type\":\"ImageObject\",\"inLanguage\":\"gl-ES\",\"@id\":\"https:\\\/\\\/secure.gravatar.com\\\/avatar\\\/97364db51c48aff867225029bf934794a7070fbaf65be818421407d41c9f6802?s=96&d=mm&r=g\",\"url\":\"https:\\\/\\\/secure.gravatar.com\\\/avatar\\\/97364db51c48aff867225029bf934794a7070fbaf65be818421407d41c9f6802?s=96&d=mm&r=g\",\"contentUrl\":\"https:\\\/\\\/secure.gravatar.com\\\/avatar\\\/97364db51c48aff867225029bf934794a7070fbaf65be818421407d41c9f6802?s=96&d=mm&r=g\",\"caption\":\"Francisco \u00c1lvarez Koki\"},\"sameAs\":[\"http:\\\/\\\/anovapeneira.gal\"],\"url\":\"https:\\\/\\\/www.anovapeneira.gal\\\/index.php\\\/author\\\/opinonkoki\\\/\"}]}<\/script>\n<!-- \/ Yoast SEO plugin. -->","yoast_head_json":{"title":"O parto postelectoral -","robots":{"index":"index","follow":"follow","max-snippet":"max-snippet:-1","max-image-preview":"max-image-preview:large","max-video-preview":"max-video-preview:-1"},"canonical":"https:\/\/www.anovapeneira.gal\/index.php\/2019\/07\/10\/o-parto-postelectoral\/","og_locale":"gl_ES","og_type":"article","og_title":"O parto postelectoral -","og_description":"Non sei si pra encabezar estas li\u00f1as e bo recurrir a o refraneiro popular, que tantas veces acerta. E teriamos que dicir, \"Despois da tempestade ven a calma\". Isto e o que ocorre, despois das elecci\u00f3ns [...]","og_url":"https:\/\/www.anovapeneira.gal\/index.php\/2019\/07\/10\/o-parto-postelectoral\/","article_publisher":"https:\/\/www.facebook.com\/anovapeneira","article_published_time":"2019-07-09T22:05:48+00:00","article_modified_time":"2019-07-15T20:35:36+00:00","og_image":[{"width":720,"height":473,"url":"https:\/\/www.anovapeneira.gal\/wp-content\/uploads\/2019\/07\/o_-parto_postelectoral.jpg","type":"image\/jpeg"}],"author":"Francisco \u00c1lvarez Koki","twitter_card":"summary_large_image","twitter_creator":"@APeneira","twitter_site":"@APeneira","twitter_misc":{"Escrito por":"Francisco \u00c1lvarez Koki","Tempo de lectura":"2 minutos"},"schema":{"@context":"https:\/\/schema.org","@graph":[{"@type":"Article","@id":"https:\/\/www.anovapeneira.gal\/index.php\/2019\/07\/10\/o-parto-postelectoral\/#article","isPartOf":{"@id":"https:\/\/www.anovapeneira.gal\/index.php\/2019\/07\/10\/o-parto-postelectoral\/"},"author":{"name":"Francisco \u00c1lvarez Koki","@id":"https:\/\/www.anovapeneira.gal\/#\/schema\/person\/f92cb9f06b112bf2c8d3c940d5c375a2"},"headline":"O parto postelectoral","datePublished":"2019-07-09T22:05:48+00:00","dateModified":"2019-07-15T20:35:36+00:00","mainEntityOfPage":{"@id":"https:\/\/www.anovapeneira.gal\/index.php\/2019\/07\/10\/o-parto-postelectoral\/"},"wordCount":486,"commentCount":0,"publisher":{"@id":"https:\/\/www.anovapeneira.gal\/#organization"},"image":{"@id":"https:\/\/www.anovapeneira.gal\/index.php\/2019\/07\/10\/o-parto-postelectoral\/#primaryimage"},"thumbnailUrl":"https:\/\/www.anovapeneira.gal\/wp-content\/uploads\/2019\/07\/o_-parto_postelectoral.jpg","keywords":["Elecci\u00f3ns","Francisco \u00c1lvarez Koki","Pol\u00edtica"],"articleSection":["Artigos de opini\u00f3n"],"inLanguage":"gl-ES","potentialAction":[{"@type":"CommentAction","name":"Comment","target":["https:\/\/www.anovapeneira.gal\/index.php\/2019\/07\/10\/o-parto-postelectoral\/#respond"]}]},{"@type":"WebPage","@id":"https:\/\/www.anovapeneira.gal\/index.php\/2019\/07\/10\/o-parto-postelectoral\/","url":"https:\/\/www.anovapeneira.gal\/index.php\/2019\/07\/10\/o-parto-postelectoral\/","name":"O parto postelectoral -","isPartOf":{"@id":"https:\/\/www.anovapeneira.gal\/#website"},"primaryImageOfPage":{"@id":"https:\/\/www.anovapeneira.gal\/index.php\/2019\/07\/10\/o-parto-postelectoral\/#primaryimage"},"image":{"@id":"https:\/\/www.anovapeneira.gal\/index.php\/2019\/07\/10\/o-parto-postelectoral\/#primaryimage"},"thumbnailUrl":"https:\/\/www.anovapeneira.gal\/wp-content\/uploads\/2019\/07\/o_-parto_postelectoral.jpg","datePublished":"2019-07-09T22:05:48+00:00","dateModified":"2019-07-15T20:35:36+00:00","breadcrumb":{"@id":"https:\/\/www.anovapeneira.gal\/index.php\/2019\/07\/10\/o-parto-postelectoral\/#breadcrumb"},"inLanguage":"gl-ES","potentialAction":[{"@type":"ReadAction","target":["https:\/\/www.anovapeneira.gal\/index.php\/2019\/07\/10\/o-parto-postelectoral\/"]}]},{"@type":"ImageObject","inLanguage":"gl-ES","@id":"https:\/\/www.anovapeneira.gal\/index.php\/2019\/07\/10\/o-parto-postelectoral\/#primaryimage","url":"https:\/\/www.anovapeneira.gal\/wp-content\/uploads\/2019\/07\/o_-parto_postelectoral.jpg","contentUrl":"https:\/\/www.anovapeneira.gal\/wp-content\/uploads\/2019\/07\/o_-parto_postelectoral.jpg","width":720,"height":473,"caption":"O parto postelectoral A Nova Peneira"},{"@type":"BreadcrumbList","@id":"https:\/\/www.anovapeneira.gal\/index.php\/2019\/07\/10\/o-parto-postelectoral\/#breadcrumb","itemListElement":[{"@type":"ListItem","position":1,"name":"Portada","item":"https:\/\/www.anovapeneira.gal\/"},{"@type":"ListItem","position":2,"name":"O parto postelectoral"}]},{"@type":"WebSite","@id":"https:\/\/www.anovapeneira.gal\/#website","url":"https:\/\/www.anovapeneira.gal\/","name":"","description":"Xornal galego de informaci\u00f3n xeral Publicaci\u00f3n mensual de novas de Galicia e en especial dos Concellos da sur da provincia de Pontevedra.","publisher":{"@id":"https:\/\/www.anovapeneira.gal\/#organization"},"potentialAction":[{"@type":"SearchAction","target":{"@type":"EntryPoint","urlTemplate":"https:\/\/www.anovapeneira.gal\/?s={search_term_string}"},"query-input":{"@type":"PropertyValueSpecification","valueRequired":true,"valueName":"search_term_string"}}],"inLanguage":"gl-ES"},{"@type":"Organization","@id":"https:\/\/www.anovapeneira.gal\/#organization","name":"A Nova Peneira","url":"https:\/\/www.anovapeneira.gal\/","logo":{"@type":"ImageObject","inLanguage":"gl-ES","@id":"https:\/\/www.anovapeneira.gal\/#\/schema\/logo\/image\/","url":"http:\/\/www.anovapeneira.gal\/wp-content\/uploads\/2019\/06\/logo_a_nova_peneira_portal_web.png","contentUrl":"http:\/\/www.anovapeneira.gal\/wp-content\/uploads\/2019\/06\/logo_a_nova_peneira_portal_web.png","width":300,"height":100,"caption":"A Nova Peneira"},"image":{"@id":"https:\/\/www.anovapeneira.gal\/#\/schema\/logo\/image\/"},"sameAs":["https:\/\/www.facebook.com\/anovapeneira","https:\/\/x.com\/APeneira"]},{"@type":"Person","@id":"https:\/\/www.anovapeneira.gal\/#\/schema\/person\/f92cb9f06b112bf2c8d3c940d5c375a2","name":"Francisco \u00c1lvarez Koki","image":{"@type":"ImageObject","inLanguage":"gl-ES","@id":"https:\/\/secure.gravatar.com\/avatar\/97364db51c48aff867225029bf934794a7070fbaf65be818421407d41c9f6802?s=96&d=mm&r=g","url":"https:\/\/secure.gravatar.com\/avatar\/97364db51c48aff867225029bf934794a7070fbaf65be818421407d41c9f6802?s=96&d=mm&r=g","contentUrl":"https:\/\/secure.gravatar.com\/avatar\/97364db51c48aff867225029bf934794a7070fbaf65be818421407d41c9f6802?s=96&d=mm&r=g","caption":"Francisco \u00c1lvarez Koki"},"sameAs":["http:\/\/anovapeneira.gal"],"url":"https:\/\/www.anovapeneira.gal\/index.php\/author\/opinonkoki\/"}]}},"jetpack_featured_media_url":"https:\/\/www.anovapeneira.gal\/wp-content\/uploads\/2019\/07\/o_-parto_postelectoral.jpg","_links":{"self":[{"href":"https:\/\/www.anovapeneira.gal\/index.php\/wp-json\/wp\/v2\/posts\/495","targetHints":{"allow":["GET"]}}],"collection":[{"href":"https:\/\/www.anovapeneira.gal\/index.php\/wp-json\/wp\/v2\/posts"}],"about":[{"href":"https:\/\/www.anovapeneira.gal\/index.php\/wp-json\/wp\/v2\/types\/post"}],"author":[{"embeddable":true,"href":"https:\/\/www.anovapeneira.gal\/index.php\/wp-json\/wp\/v2\/users\/7"}],"replies":[{"embeddable":true,"href":"https:\/\/www.anovapeneira.gal\/index.php\/wp-json\/wp\/v2\/comments?post=495"}],"version-history":[{"count":2,"href":"https:\/\/www.anovapeneira.gal\/index.php\/wp-json\/wp\/v2\/posts\/495\/revisions"}],"predecessor-version":[{"id":500,"href":"https:\/\/www.anovapeneira.gal\/index.php\/wp-json\/wp\/v2\/posts\/495\/revisions\/500"}],"wp:featuredmedia":[{"embeddable":true,"href":"https:\/\/www.anovapeneira.gal\/index.php\/wp-json\/wp\/v2\/media\/496"}],"wp:attachment":[{"href":"https:\/\/www.anovapeneira.gal\/index.php\/wp-json\/wp\/v2\/media?parent=495"}],"wp:term":[{"taxonomy":"category","embeddable":true,"href":"https:\/\/www.anovapeneira.gal\/index.php\/wp-json\/wp\/v2\/categories?post=495"},{"taxonomy":"post_tag","embeddable":true,"href":"https:\/\/www.anovapeneira.gal\/index.php\/wp-json\/wp\/v2\/tags?post=495"}],"curies":[{"name":"wp","href":"https:\/\/api.w.org\/{rel}","templated":true}]}}