{"id":4952,"date":"2021-03-02T12:00:02","date_gmt":"2021-03-02T11:00:02","guid":{"rendered":"http:\/\/www.anovapeneira.gal\/?p=4952"},"modified":"2021-02-27T07:37:45","modified_gmt":"2021-02-27T06:37:45","slug":"posicionamento-sobre-enerxia-eolica","status":"publish","type":"post","link":"https:\/\/www.anovapeneira.gal\/index.php\/2021\/03\/02\/posicionamento-sobre-enerxia-eolica\/","title":{"rendered":"Posicionamento sobre Enerx\u00eda E\u00f3lica"},"content":{"rendered":"\n<ul class=\"wp-block-list\"><li><strong>Galicia necesita m\u00e1is potencia e\u00f3lica para acelerar a transici\u00f3n enerx\u00e9tica e contribu\u00edr a limitar o quecemento global a 1,5 \u00baC<\/strong><\/li><li><strong>O crecemento da enerx\u00eda e\u00f3lica debe acompa\u00f1arse dun forte decrecemento do consumo enerx\u00e9tico e da protecci\u00f3n dos espazos de maior valor ecol\u00f3xico.<\/strong><\/li><li><strong>A pol\u00edtica e\u00f3lica ten que primar o desenvolvemento rural e a xeraci\u00f3ndistribu\u00edda en mans da cidadan\u00eda.<\/strong><\/li><\/ul>\n\n\n\n<figure class=\"wp-block-image size-large\"><img loading=\"lazy\" decoding=\"async\" width=\"720\" height=\"432\" src=\"http:\/\/www.anovapeneira.gal\/wp-content\/uploads\/2021\/02\/parque_eolico_suido.jpg\" alt=\"\" class=\"wp-image-4953\" srcset=\"https:\/\/www.anovapeneira.gal\/wp-content\/uploads\/2021\/02\/parque_eolico_suido.jpg 720w, https:\/\/www.anovapeneira.gal\/wp-content\/uploads\/2021\/02\/parque_eolico_suido-300x180.jpg 300w\" sizes=\"auto, (max-width: 720px) 100vw, 720px\" \/><figcaption><strong><em>Parque e\u00f3lico da Serrra do Su\u00eddo<\/em><\/strong><\/figcaption><\/figure>\n\n\n\n<p><br>Despois dun par\u00f3n de 10 anos, en 2019 iniciouse unha nova vaga de construci\u00f3n de parques e\u00f3licos en Galicia que aumentou a potencia e\u00f3lica instalada at\u00e9 uns 4.000 MW. Na actualidade est\u00e1n a tramitarse decenas de proxectos de novos parques que poden sumar uns 3.500 MW, dos cales uns 2.500 corresponden a parques maiores de 50 MW tramitados polo Estado. Os promotores son un grupo reducido de grandes empresas, case todas privadas, inclu\u00eddas as que integran o oligopolio el\u00e9ctrico.<br><br>Para contribu\u00edr a limitar o quecemento global a 1,5 \u00baC, Galicia deber\u00eda reducir as s\u00faas emisi\u00f3ns de Gases de Efecto Invernadoiro (GEI) polo menos un 65% en 2030, con respecto a 1990. En 2018, ano m\u00e1is recente con datos oficiais, eran o 1% superiores a 1990. Dado que o 80% das emisi\u00f3ns de GEI proceden do consumo de enerx\u00eda f\u00f3sil, nomeadamente na xeraci\u00f3n de electricidade, no transporte por estrada, nas industrias e nos fogares, \u00e9 preciso acelerar a transici\u00f3n enerx\u00e9tica.<br>O incremento da produci\u00f3n el\u00e9ctrica renov\u00e1bel, e especialmente da e\u00f3lica, xunto cunha maior electrificaci\u00f3n do consumo de enerx\u00eda final, resulta fundamental como parte dunha estratexia ambiciosa de mitigaci\u00f3n da crise clim\u00e1tica.<br><br>Mais debe acompa\u00f1arse tam\u00e9n dun forte decrecemento do consumo enerx\u00e9tico e do peche canto antes das centrais el\u00e9ctricas f\u00f3siles. En primeiro lugar, da central de carb\u00f3n das Pontes, este mesmo ano, tal e como solicitou Endesa. Despois, e antes de 2030, das centrais de ciclo combinado de gas natural das Pontes (veci\u00f1a da anterior e tam\u00e9n de Endesa) e de Sab\u00f3n<br>(Naturgy).<br><br>Ecoloxistas en Acci\u00f3n Galicia apoia o crecemento da potencia e\u00f3lica, que sempre implica un aforro de emisi\u00f3ns de GEI. Sen embargo, critica o tipo de pol\u00edticas p\u00fablicas que a est\u00e1n a promover, enmarcadas na procura dun ilusorio &#8220;crecemento verde&#8221; que desborda os l\u00edmites ambientais, dese\u00f1adas \u00e1 medida dos intereses de grandes empresas privadas en detrimento das comunidades rurais, e con consecuencias moi negativas para numerosos espazos de alto valor ecol\u00f3xico.<br><br>Na segunda vaga do desenvolvemento e\u00f3lico en Galicia estanse a repetir os graves erros socioambientais da primeira. Espazos naturais valiosos, como as serras do Su\u00eddo e A Groba ou \u00e1reas non protexidas do Macizo central ourens\u00e1 ou Pena Trevinca, est\u00e1n ameazados por novos parques e\u00f3licos. E os intereses da poboaci\u00f3n rural seguen a ser relegados mentres uns poucos acaparan o negocio e\u00f3lico.<br><br>Ecoloxistas en Acci\u00f3n Galicia defende que nas zonas de alto valor ecol\u00f3xico, estean ou non na actual Rede Natura 2000, se impida a instalaci\u00f3n de novos parques e\u00f3licos e o repotenciamento dos existentes. Isto obrigar\u00eda a desmantelar progresivamente m\u00e1is dun 30% da potencia instalada at\u00e9 hoxe e a desestimar unha parte importante da nova potencia e\u00f3lica en tramitaci\u00f3n.<br><br>Nun documento de an\u00e1lise e propostas sobre a enerx\u00eda e\u00f3lica, Ecoloxistas en Acci\u00f3n tam\u00e9n defende medidas como a priorizaci\u00f3n do autoconsumo, a promoci\u00f3n das comunidades enerx\u00e9ticas cidad\u00e1s, a creaci\u00f3n de empresas p\u00fablicas, o incremento das rendas para os propietarios dos terreos que acollen parques e\u00f3licos e o achegamento da produci\u00f3n aos principais focos de consumo. Deste xeito minimizar\u00edanse as afecci\u00f3ns territoriais e maximizar\u00edanse os beneficios sociais do aproveitamento do vento.<\/p>\n\n\n\n<p><\/p>\n","protected":false},"excerpt":{"rendered":"<div class=\"mh-excerpt\"><p>Despois dun par\u00f3n de 10 anos, en 2019 iniciouse unha nova vaga de construci\u00f3n de parques e\u00f3licos en Galicia que aumentou a potencia e\u00f3lica instalada at\u00e9 uns 4.000 MW. <a class=\"mh-excerpt-more\" href=\"https:\/\/www.anovapeneira.gal\/index.php\/2021\/03\/02\/posicionamento-sobre-enerxia-eolica\/\" title=\"Posicionamento sobre Enerx\u00eda E\u00f3lica\">[&#8230;]<\/a><\/p>\n<\/div>","protected":false},"author":3,"featured_media":2572,"comment_status":"open","ping_status":"open","sticky":false,"template":"","format":"standard","meta":{"_exactmetrics_skip_tracking":false,"_exactmetrics_sitenote_active":false,"_exactmetrics_sitenote_note":"","_exactmetrics_sitenote_category":0,"footnotes":""},"categories":[263],"tags":[924],"class_list":{"0":"post-4952","1":"post","2":"type-post","3":"status-publish","4":"format-standard","5":"has-post-thumbnail","7":"category-novas","8":"tag-ecoloxistas-en-accion"},"yoast_head":"<!-- This site is optimized with the Yoast SEO plugin v27.4 - https:\/\/yoast.com\/product\/yoast-seo-wordpress\/ -->\n<title>Posicionamento sobre Enerx\u00eda E\u00f3lica -<\/title>\n<meta name=\"description\" content=\"Despois dun par\u00f3n de 10 anos, en 2019 iniciouse unha nova vaga de construci\u00f3n de parques e\u00f3licos en Galicia que aumentou a potencia e\u00f3lica instalada at\u00e9 uns 4.000 MW.\" \/>\n<meta name=\"robots\" content=\"index, follow, max-snippet:-1, max-image-preview:large, max-video-preview:-1\" \/>\n<link rel=\"canonical\" href=\"https:\/\/www.anovapeneira.gal\/index.php\/2021\/03\/02\/posicionamento-sobre-enerxia-eolica\/\" \/>\n<meta property=\"og:locale\" content=\"gl_ES\" \/>\n<meta property=\"og:type\" content=\"article\" \/>\n<meta property=\"og:title\" content=\"Posicionamento sobre Enerx\u00eda E\u00f3lica -\" \/>\n<meta property=\"og:description\" content=\"Despois dun par\u00f3n de 10 anos, en 2019 iniciouse unha nova vaga de construci\u00f3n de parques e\u00f3licos en Galicia que aumentou a potencia e\u00f3lica instalada at\u00e9 uns 4.000 MW.\" \/>\n<meta property=\"og:url\" content=\"https:\/\/www.anovapeneira.gal\/index.php\/2021\/03\/02\/posicionamento-sobre-enerxia-eolica\/\" \/>\n<meta property=\"article:publisher\" content=\"https:\/\/www.facebook.com\/anovapeneira\" \/>\n<meta property=\"article:published_time\" content=\"2021-03-02T11:00:02+00:00\" \/>\n<meta property=\"og:image\" content=\"https:\/\/www.anovapeneira.gal\/wp-content\/uploads\/2020\/02\/ecoloxitas_en_accion.png\" \/>\n\t<meta property=\"og:image:width\" content=\"720\" \/>\n\t<meta property=\"og:image:height\" content=\"432\" \/>\n\t<meta property=\"og:image:type\" content=\"image\/png\" \/>\n<meta name=\"author\" content=\"Redacci\u00f3n A Nova Peneira\" \/>\n<meta name=\"twitter:card\" content=\"summary_large_image\" \/>\n<meta name=\"twitter:creator\" content=\"@APeneira\" \/>\n<meta name=\"twitter:site\" content=\"@APeneira\" \/>\n<meta name=\"twitter:label1\" content=\"Escrito por\" \/>\n\t<meta name=\"twitter:data1\" content=\"Redacci\u00f3n A Nova Peneira\" \/>\n\t<meta name=\"twitter:label2\" content=\"Tempo de lectura\" \/>\n\t<meta name=\"twitter:data2\" content=\"3 minutos\" \/>\n<script type=\"application\/ld+json\" class=\"yoast-schema-graph\">{\"@context\":\"https:\\\/\\\/schema.org\",\"@graph\":[{\"@type\":\"Article\",\"@id\":\"https:\\\/\\\/www.anovapeneira.gal\\\/index.php\\\/2021\\\/03\\\/02\\\/posicionamento-sobre-enerxia-eolica\\\/#article\",\"isPartOf\":{\"@id\":\"https:\\\/\\\/www.anovapeneira.gal\\\/index.php\\\/2021\\\/03\\\/02\\\/posicionamento-sobre-enerxia-eolica\\\/\"},\"author\":{\"name\":\"Redacci\u00f3n A Nova Peneira\",\"@id\":\"https:\\\/\\\/www.anovapeneira.gal\\\/#\\\/schema\\\/person\\\/b93e3f8932e3f8da96334607eb6ac6aa\"},\"headline\":\"Posicionamento sobre Enerx\u00eda E\u00f3lica\",\"datePublished\":\"2021-03-02T11:00:02+00:00\",\"mainEntityOfPage\":{\"@id\":\"https:\\\/\\\/www.anovapeneira.gal\\\/index.php\\\/2021\\\/03\\\/02\\\/posicionamento-sobre-enerxia-eolica\\\/\"},\"wordCount\":654,\"commentCount\":0,\"publisher\":{\"@id\":\"https:\\\/\\\/www.anovapeneira.gal\\\/#organization\"},\"image\":{\"@id\":\"https:\\\/\\\/www.anovapeneira.gal\\\/index.php\\\/2021\\\/03\\\/02\\\/posicionamento-sobre-enerxia-eolica\\\/#primaryimage\"},\"thumbnailUrl\":\"https:\\\/\\\/www.anovapeneira.gal\\\/wp-content\\\/uploads\\\/2020\\\/02\\\/ecoloxitas_en_accion.png\",\"keywords\":[\"Ecoloxistas en Acci\u00f3n\"],\"articleSection\":[\"Novas\"],\"inLanguage\":\"gl-ES\",\"potentialAction\":[{\"@type\":\"CommentAction\",\"name\":\"Comment\",\"target\":[\"https:\\\/\\\/www.anovapeneira.gal\\\/index.php\\\/2021\\\/03\\\/02\\\/posicionamento-sobre-enerxia-eolica\\\/#respond\"]}]},{\"@type\":\"WebPage\",\"@id\":\"https:\\\/\\\/www.anovapeneira.gal\\\/index.php\\\/2021\\\/03\\\/02\\\/posicionamento-sobre-enerxia-eolica\\\/\",\"url\":\"https:\\\/\\\/www.anovapeneira.gal\\\/index.php\\\/2021\\\/03\\\/02\\\/posicionamento-sobre-enerxia-eolica\\\/\",\"name\":\"Posicionamento sobre Enerx\u00eda E\u00f3lica -\",\"isPartOf\":{\"@id\":\"https:\\\/\\\/www.anovapeneira.gal\\\/#website\"},\"primaryImageOfPage\":{\"@id\":\"https:\\\/\\\/www.anovapeneira.gal\\\/index.php\\\/2021\\\/03\\\/02\\\/posicionamento-sobre-enerxia-eolica\\\/#primaryimage\"},\"image\":{\"@id\":\"https:\\\/\\\/www.anovapeneira.gal\\\/index.php\\\/2021\\\/03\\\/02\\\/posicionamento-sobre-enerxia-eolica\\\/#primaryimage\"},\"thumbnailUrl\":\"https:\\\/\\\/www.anovapeneira.gal\\\/wp-content\\\/uploads\\\/2020\\\/02\\\/ecoloxitas_en_accion.png\",\"datePublished\":\"2021-03-02T11:00:02+00:00\",\"description\":\"Despois dun par\u00f3n de 10 anos, en 2019 iniciouse unha nova vaga de construci\u00f3n de parques e\u00f3licos en Galicia que aumentou a potencia e\u00f3lica instalada at\u00e9 uns 4.000 MW.\",\"breadcrumb\":{\"@id\":\"https:\\\/\\\/www.anovapeneira.gal\\\/index.php\\\/2021\\\/03\\\/02\\\/posicionamento-sobre-enerxia-eolica\\\/#breadcrumb\"},\"inLanguage\":\"gl-ES\",\"potentialAction\":[{\"@type\":\"ReadAction\",\"target\":[\"https:\\\/\\\/www.anovapeneira.gal\\\/index.php\\\/2021\\\/03\\\/02\\\/posicionamento-sobre-enerxia-eolica\\\/\"]}]},{\"@type\":\"ImageObject\",\"inLanguage\":\"gl-ES\",\"@id\":\"https:\\\/\\\/www.anovapeneira.gal\\\/index.php\\\/2021\\\/03\\\/02\\\/posicionamento-sobre-enerxia-eolica\\\/#primaryimage\",\"url\":\"https:\\\/\\\/www.anovapeneira.gal\\\/wp-content\\\/uploads\\\/2020\\\/02\\\/ecoloxitas_en_accion.png\",\"contentUrl\":\"https:\\\/\\\/www.anovapeneira.gal\\\/wp-content\\\/uploads\\\/2020\\\/02\\\/ecoloxitas_en_accion.png\",\"width\":720,\"height\":432,\"caption\":\"Ecoloxistas en acci\u00f3n Galiza\"},{\"@type\":\"BreadcrumbList\",\"@id\":\"https:\\\/\\\/www.anovapeneira.gal\\\/index.php\\\/2021\\\/03\\\/02\\\/posicionamento-sobre-enerxia-eolica\\\/#breadcrumb\",\"itemListElement\":[{\"@type\":\"ListItem\",\"position\":1,\"name\":\"Portada\",\"item\":\"https:\\\/\\\/www.anovapeneira.gal\\\/\"},{\"@type\":\"ListItem\",\"position\":2,\"name\":\"Posicionamento sobre Enerx\u00eda E\u00f3lica\"}]},{\"@type\":\"WebSite\",\"@id\":\"https:\\\/\\\/www.anovapeneira.gal\\\/#website\",\"url\":\"https:\\\/\\\/www.anovapeneira.gal\\\/\",\"name\":\"\",\"description\":\"Xornal galego de informaci\u00f3n xeral Publicaci\u00f3n mensual de novas de Galicia e en especial dos Concellos da sur da provincia de Pontevedra.\",\"publisher\":{\"@id\":\"https:\\\/\\\/www.anovapeneira.gal\\\/#organization\"},\"potentialAction\":[{\"@type\":\"SearchAction\",\"target\":{\"@type\":\"EntryPoint\",\"urlTemplate\":\"https:\\\/\\\/www.anovapeneira.gal\\\/?s={search_term_string}\"},\"query-input\":{\"@type\":\"PropertyValueSpecification\",\"valueRequired\":true,\"valueName\":\"search_term_string\"}}],\"inLanguage\":\"gl-ES\"},{\"@type\":\"Organization\",\"@id\":\"https:\\\/\\\/www.anovapeneira.gal\\\/#organization\",\"name\":\"A Nova Peneira\",\"url\":\"https:\\\/\\\/www.anovapeneira.gal\\\/\",\"logo\":{\"@type\":\"ImageObject\",\"inLanguage\":\"gl-ES\",\"@id\":\"https:\\\/\\\/www.anovapeneira.gal\\\/#\\\/schema\\\/logo\\\/image\\\/\",\"url\":\"http:\\\/\\\/www.anovapeneira.gal\\\/wp-content\\\/uploads\\\/2019\\\/06\\\/logo_a_nova_peneira_portal_web.png\",\"contentUrl\":\"http:\\\/\\\/www.anovapeneira.gal\\\/wp-content\\\/uploads\\\/2019\\\/06\\\/logo_a_nova_peneira_portal_web.png\",\"width\":300,\"height\":100,\"caption\":\"A Nova Peneira\"},\"image\":{\"@id\":\"https:\\\/\\\/www.anovapeneira.gal\\\/#\\\/schema\\\/logo\\\/image\\\/\"},\"sameAs\":[\"https:\\\/\\\/www.facebook.com\\\/anovapeneira\",\"https:\\\/\\\/x.com\\\/APeneira\"]},{\"@type\":\"Person\",\"@id\":\"https:\\\/\\\/www.anovapeneira.gal\\\/#\\\/schema\\\/person\\\/b93e3f8932e3f8da96334607eb6ac6aa\",\"name\":\"Redacci\u00f3n A Nova Peneira\",\"image\":{\"@type\":\"ImageObject\",\"inLanguage\":\"gl-ES\",\"@id\":\"https:\\\/\\\/secure.gravatar.com\\\/avatar\\\/c052a2551a06e23fac63626232eaa90abd78dbcf1700fc46a2b2c89fd27b735f?s=96&d=mm&r=g\",\"url\":\"https:\\\/\\\/secure.gravatar.com\\\/avatar\\\/c052a2551a06e23fac63626232eaa90abd78dbcf1700fc46a2b2c89fd27b735f?s=96&d=mm&r=g\",\"contentUrl\":\"https:\\\/\\\/secure.gravatar.com\\\/avatar\\\/c052a2551a06e23fac63626232eaa90abd78dbcf1700fc46a2b2c89fd27b735f?s=96&d=mm&r=g\",\"caption\":\"Redacci\u00f3n A Nova Peneira\"},\"sameAs\":[\"http:\\\/\\\/www.anovapeneira.gal\\\/\"],\"url\":\"https:\\\/\\\/www.anovapeneira.gal\\\/index.php\\\/author\\\/redactor\\\/\"}]}<\/script>\n<!-- \/ Yoast SEO plugin. -->","yoast_head_json":{"title":"Posicionamento sobre Enerx\u00eda E\u00f3lica -","description":"Despois dun par\u00f3n de 10 anos, en 2019 iniciouse unha nova vaga de construci\u00f3n de parques e\u00f3licos en Galicia que aumentou a potencia e\u00f3lica instalada at\u00e9 uns 4.000 MW.","robots":{"index":"index","follow":"follow","max-snippet":"max-snippet:-1","max-image-preview":"max-image-preview:large","max-video-preview":"max-video-preview:-1"},"canonical":"https:\/\/www.anovapeneira.gal\/index.php\/2021\/03\/02\/posicionamento-sobre-enerxia-eolica\/","og_locale":"gl_ES","og_type":"article","og_title":"Posicionamento sobre Enerx\u00eda E\u00f3lica -","og_description":"Despois dun par\u00f3n de 10 anos, en 2019 iniciouse unha nova vaga de construci\u00f3n de parques e\u00f3licos en Galicia que aumentou a potencia e\u00f3lica instalada at\u00e9 uns 4.000 MW.","og_url":"https:\/\/www.anovapeneira.gal\/index.php\/2021\/03\/02\/posicionamento-sobre-enerxia-eolica\/","article_publisher":"https:\/\/www.facebook.com\/anovapeneira","article_published_time":"2021-03-02T11:00:02+00:00","og_image":[{"width":720,"height":432,"url":"https:\/\/www.anovapeneira.gal\/wp-content\/uploads\/2020\/02\/ecoloxitas_en_accion.png","type":"image\/png"}],"author":"Redacci\u00f3n A Nova Peneira","twitter_card":"summary_large_image","twitter_creator":"@APeneira","twitter_site":"@APeneira","twitter_misc":{"Escrito por":"Redacci\u00f3n A Nova Peneira","Tempo de lectura":"3 minutos"},"schema":{"@context":"https:\/\/schema.org","@graph":[{"@type":"Article","@id":"https:\/\/www.anovapeneira.gal\/index.php\/2021\/03\/02\/posicionamento-sobre-enerxia-eolica\/#article","isPartOf":{"@id":"https:\/\/www.anovapeneira.gal\/index.php\/2021\/03\/02\/posicionamento-sobre-enerxia-eolica\/"},"author":{"name":"Redacci\u00f3n A Nova Peneira","@id":"https:\/\/www.anovapeneira.gal\/#\/schema\/person\/b93e3f8932e3f8da96334607eb6ac6aa"},"headline":"Posicionamento sobre Enerx\u00eda E\u00f3lica","datePublished":"2021-03-02T11:00:02+00:00","mainEntityOfPage":{"@id":"https:\/\/www.anovapeneira.gal\/index.php\/2021\/03\/02\/posicionamento-sobre-enerxia-eolica\/"},"wordCount":654,"commentCount":0,"publisher":{"@id":"https:\/\/www.anovapeneira.gal\/#organization"},"image":{"@id":"https:\/\/www.anovapeneira.gal\/index.php\/2021\/03\/02\/posicionamento-sobre-enerxia-eolica\/#primaryimage"},"thumbnailUrl":"https:\/\/www.anovapeneira.gal\/wp-content\/uploads\/2020\/02\/ecoloxitas_en_accion.png","keywords":["Ecoloxistas en Acci\u00f3n"],"articleSection":["Novas"],"inLanguage":"gl-ES","potentialAction":[{"@type":"CommentAction","name":"Comment","target":["https:\/\/www.anovapeneira.gal\/index.php\/2021\/03\/02\/posicionamento-sobre-enerxia-eolica\/#respond"]}]},{"@type":"WebPage","@id":"https:\/\/www.anovapeneira.gal\/index.php\/2021\/03\/02\/posicionamento-sobre-enerxia-eolica\/","url":"https:\/\/www.anovapeneira.gal\/index.php\/2021\/03\/02\/posicionamento-sobre-enerxia-eolica\/","name":"Posicionamento sobre Enerx\u00eda E\u00f3lica -","isPartOf":{"@id":"https:\/\/www.anovapeneira.gal\/#website"},"primaryImageOfPage":{"@id":"https:\/\/www.anovapeneira.gal\/index.php\/2021\/03\/02\/posicionamento-sobre-enerxia-eolica\/#primaryimage"},"image":{"@id":"https:\/\/www.anovapeneira.gal\/index.php\/2021\/03\/02\/posicionamento-sobre-enerxia-eolica\/#primaryimage"},"thumbnailUrl":"https:\/\/www.anovapeneira.gal\/wp-content\/uploads\/2020\/02\/ecoloxitas_en_accion.png","datePublished":"2021-03-02T11:00:02+00:00","description":"Despois dun par\u00f3n de 10 anos, en 2019 iniciouse unha nova vaga de construci\u00f3n de parques e\u00f3licos en Galicia que aumentou a potencia e\u00f3lica instalada at\u00e9 uns 4.000 MW.","breadcrumb":{"@id":"https:\/\/www.anovapeneira.gal\/index.php\/2021\/03\/02\/posicionamento-sobre-enerxia-eolica\/#breadcrumb"},"inLanguage":"gl-ES","potentialAction":[{"@type":"ReadAction","target":["https:\/\/www.anovapeneira.gal\/index.php\/2021\/03\/02\/posicionamento-sobre-enerxia-eolica\/"]}]},{"@type":"ImageObject","inLanguage":"gl-ES","@id":"https:\/\/www.anovapeneira.gal\/index.php\/2021\/03\/02\/posicionamento-sobre-enerxia-eolica\/#primaryimage","url":"https:\/\/www.anovapeneira.gal\/wp-content\/uploads\/2020\/02\/ecoloxitas_en_accion.png","contentUrl":"https:\/\/www.anovapeneira.gal\/wp-content\/uploads\/2020\/02\/ecoloxitas_en_accion.png","width":720,"height":432,"caption":"Ecoloxistas en acci\u00f3n Galiza"},{"@type":"BreadcrumbList","@id":"https:\/\/www.anovapeneira.gal\/index.php\/2021\/03\/02\/posicionamento-sobre-enerxia-eolica\/#breadcrumb","itemListElement":[{"@type":"ListItem","position":1,"name":"Portada","item":"https:\/\/www.anovapeneira.gal\/"},{"@type":"ListItem","position":2,"name":"Posicionamento sobre Enerx\u00eda E\u00f3lica"}]},{"@type":"WebSite","@id":"https:\/\/www.anovapeneira.gal\/#website","url":"https:\/\/www.anovapeneira.gal\/","name":"","description":"Xornal galego de informaci\u00f3n xeral Publicaci\u00f3n mensual de novas de Galicia e en especial dos Concellos da sur da provincia de Pontevedra.","publisher":{"@id":"https:\/\/www.anovapeneira.gal\/#organization"},"potentialAction":[{"@type":"SearchAction","target":{"@type":"EntryPoint","urlTemplate":"https:\/\/www.anovapeneira.gal\/?s={search_term_string}"},"query-input":{"@type":"PropertyValueSpecification","valueRequired":true,"valueName":"search_term_string"}}],"inLanguage":"gl-ES"},{"@type":"Organization","@id":"https:\/\/www.anovapeneira.gal\/#organization","name":"A Nova Peneira","url":"https:\/\/www.anovapeneira.gal\/","logo":{"@type":"ImageObject","inLanguage":"gl-ES","@id":"https:\/\/www.anovapeneira.gal\/#\/schema\/logo\/image\/","url":"http:\/\/www.anovapeneira.gal\/wp-content\/uploads\/2019\/06\/logo_a_nova_peneira_portal_web.png","contentUrl":"http:\/\/www.anovapeneira.gal\/wp-content\/uploads\/2019\/06\/logo_a_nova_peneira_portal_web.png","width":300,"height":100,"caption":"A Nova Peneira"},"image":{"@id":"https:\/\/www.anovapeneira.gal\/#\/schema\/logo\/image\/"},"sameAs":["https:\/\/www.facebook.com\/anovapeneira","https:\/\/x.com\/APeneira"]},{"@type":"Person","@id":"https:\/\/www.anovapeneira.gal\/#\/schema\/person\/b93e3f8932e3f8da96334607eb6ac6aa","name":"Redacci\u00f3n A Nova Peneira","image":{"@type":"ImageObject","inLanguage":"gl-ES","@id":"https:\/\/secure.gravatar.com\/avatar\/c052a2551a06e23fac63626232eaa90abd78dbcf1700fc46a2b2c89fd27b735f?s=96&d=mm&r=g","url":"https:\/\/secure.gravatar.com\/avatar\/c052a2551a06e23fac63626232eaa90abd78dbcf1700fc46a2b2c89fd27b735f?s=96&d=mm&r=g","contentUrl":"https:\/\/secure.gravatar.com\/avatar\/c052a2551a06e23fac63626232eaa90abd78dbcf1700fc46a2b2c89fd27b735f?s=96&d=mm&r=g","caption":"Redacci\u00f3n A Nova Peneira"},"sameAs":["http:\/\/www.anovapeneira.gal\/"],"url":"https:\/\/www.anovapeneira.gal\/index.php\/author\/redactor\/"}]}},"jetpack_featured_media_url":"https:\/\/www.anovapeneira.gal\/wp-content\/uploads\/2020\/02\/ecoloxitas_en_accion.png","_links":{"self":[{"href":"https:\/\/www.anovapeneira.gal\/index.php\/wp-json\/wp\/v2\/posts\/4952","targetHints":{"allow":["GET"]}}],"collection":[{"href":"https:\/\/www.anovapeneira.gal\/index.php\/wp-json\/wp\/v2\/posts"}],"about":[{"href":"https:\/\/www.anovapeneira.gal\/index.php\/wp-json\/wp\/v2\/types\/post"}],"author":[{"embeddable":true,"href":"https:\/\/www.anovapeneira.gal\/index.php\/wp-json\/wp\/v2\/users\/3"}],"replies":[{"embeddable":true,"href":"https:\/\/www.anovapeneira.gal\/index.php\/wp-json\/wp\/v2\/comments?post=4952"}],"version-history":[{"count":1,"href":"https:\/\/www.anovapeneira.gal\/index.php\/wp-json\/wp\/v2\/posts\/4952\/revisions"}],"predecessor-version":[{"id":4954,"href":"https:\/\/www.anovapeneira.gal\/index.php\/wp-json\/wp\/v2\/posts\/4952\/revisions\/4954"}],"wp:featuredmedia":[{"embeddable":true,"href":"https:\/\/www.anovapeneira.gal\/index.php\/wp-json\/wp\/v2\/media\/2572"}],"wp:attachment":[{"href":"https:\/\/www.anovapeneira.gal\/index.php\/wp-json\/wp\/v2\/media?parent=4952"}],"wp:term":[{"taxonomy":"category","embeddable":true,"href":"https:\/\/www.anovapeneira.gal\/index.php\/wp-json\/wp\/v2\/categories?post=4952"},{"taxonomy":"post_tag","embeddable":true,"href":"https:\/\/www.anovapeneira.gal\/index.php\/wp-json\/wp\/v2\/tags?post=4952"}],"curies":[{"name":"wp","href":"https:\/\/api.w.org\/{rel}","templated":true}]}}