{"id":4961,"date":"2021-03-04T10:00:34","date_gmt":"2021-03-04T09:00:34","guid":{"rendered":"http:\/\/www.anovapeneira.gal\/?p=4961"},"modified":"2021-03-01T17:35:38","modified_gmt":"2021-03-01T16:35:38","slug":"as-escolas-de-musica-e-teatro-reanudan-a-sua-actividade-de-forma-presencial-con-grupos-reducidos-e-todas-as-medidas-de-seguridade","status":"publish","type":"post","link":"https:\/\/www.anovapeneira.gal\/index.php\/2021\/03\/04\/as-escolas-de-musica-e-teatro-reanudan-a-sua-actividade-de-forma-presencial-con-grupos-reducidos-e-todas-as-medidas-de-seguridade\/","title":{"rendered":"As escolas de M\u00fasica e Teatro reanudan a s\u00faa actividade de forma presencial con grupos reducidos e todas as medidas de seguridade"},"content":{"rendered":"\n<h2 class=\"wp-block-heading\"><strong>O alumnado de instrumentos de vento seguir\u00e1n coa formaci\u00f3n a distancia polo momento<\/strong><\/h2>\n\n\n\n<p><strong>Tomi\u00f1o, 26 de febreiro de 2021<\/strong><\/p>\n\n\n\n<p>As escolas municipais de M\u00fasica e Teatro de Tomi\u00f1o retoman a s\u00faa actividade de forma presencial tras as novas restrici\u00f3ns marcadas polas autoridades sanitarias. Como xa vi\u00f1an facendo antes de ter que interromper as clases, ambas as d\u00faas escolas volver\u00e1n \u00e1s aulas con grupos reducidos e adoptando todas as medidas de prevenci\u00f3n necesarias para garantir a sa\u00fade de alumnado e profesorado.<\/p>\n\n\n\n<p>Por un lado, a Escola de M\u00fasica da Agrupaci\u00f3n Musical de Goi\u00e1n reanudar\u00e1 a s\u00faa actividade co regreso \u00e1s aulas do alumnado de iniciaci\u00f3n, xard\u00edn musical, m\u00fasica e movemento, violonchelo, percusi\u00f3n e do grupo de adultos. Por\u00e9n, os e as estudantes de instrumentos de vento continuar\u00e1n coa formaci\u00f3n online polo momento.<\/p>\n\n\n\n<p>Farano en grupos reducidos e con todas as medidas de prevenci\u00f3n xa implantadas dende o inicio do curso para que estudar e desfrutar da m\u00fasica de xeito seguro puidese seguir sendo posible. Ademais dunha zona de desinfecci\u00f3n na entrada das instalaci\u00f3ns, cunha alfombra desinfectante e un dispensador de xel hidroalcoh\u00f3lico con pedal, instal\u00e1ronse mamparas de separaci\u00f3n entre docentes e alumnado e reorganiz\u00e1ronse as aulas para garantir unha maior distancia entre os e as estudantes.<\/p>\n\n\n\n<p>Pola s\u00faa banda, a Escola Municipal de Teatro de Tomi\u00f1o tam\u00e9n retomar\u00e1 a s\u00faa actividade con grupos reducidos e con todas as medidas de prevenci\u00f3n que xa se vi\u00f1an empregando para garantir a seguridade do alumnado. Xa dende o inicio de curso, ademais de ampliarse o n\u00famero de grupos, reorganiz\u00e1ronse os horarios para poder levar a cabo as tarefas de desinfecci\u00f3n e ventilaci\u00f3n entre cada unha das clases.<\/p>\n","protected":false},"excerpt":{"rendered":"<div class=\"mh-excerpt\"><p>O alumnado de instrumentos de vento seguir\u00e1n coa formaci\u00f3n a distancia polo momento <a class=\"mh-excerpt-more\" href=\"https:\/\/www.anovapeneira.gal\/index.php\/2021\/03\/04\/as-escolas-de-musica-e-teatro-reanudan-a-sua-actividade-de-forma-presencial-con-grupos-reducidos-e-todas-as-medidas-de-seguridade\/\" title=\"As escolas de M\u00fasica e Teatro reanudan a s\u00faa actividade de forma presencial con grupos reducidos e todas as medidas de seguridade\">[&#8230;]<\/a><\/p>\n<\/div>","protected":false},"author":3,"featured_media":4962,"comment_status":"open","ping_status":"open","sticky":false,"template":"","format":"standard","meta":{"_exactmetrics_skip_tracking":false,"_exactmetrics_sitenote_active":false,"_exactmetrics_sitenote_note":"","_exactmetrics_sitenote_category":0,"footnotes":""},"categories":[21],"tags":[81],"class_list":{"0":"post-4961","1":"post","2":"type-post","3":"status-publish","4":"format-standard","5":"has-post-thumbnail","7":"category-baixo-mino","8":"tag-concello-de-tomino"},"yoast_head":"<!-- This site is optimized with the Yoast SEO plugin v27.4 - https:\/\/yoast.com\/product\/yoast-seo-wordpress\/ -->\n<title>As escolas de M\u00fasica e Teatro reanudan a s\u00faa actividade de forma presencial con grupos reducidos e todas as medidas de seguridade -<\/title>\n<meta name=\"description\" content=\"O alumnado de instrumentos de vento seguir\u00e1n coa formaci\u00f3n a distancia polo momento\" \/>\n<meta name=\"robots\" content=\"index, follow, max-snippet:-1, max-image-preview:large, max-video-preview:-1\" \/>\n<link rel=\"canonical\" href=\"https:\/\/www.anovapeneira.gal\/index.php\/2021\/03\/04\/as-escolas-de-musica-e-teatro-reanudan-a-sua-actividade-de-forma-presencial-con-grupos-reducidos-e-todas-as-medidas-de-seguridade\/\" \/>\n<meta property=\"og:locale\" content=\"gl_ES\" \/>\n<meta property=\"og:type\" content=\"article\" \/>\n<meta property=\"og:title\" content=\"As escolas de M\u00fasica e Teatro reanudan a s\u00faa actividade de forma presencial con grupos reducidos e todas as medidas de seguridade -\" \/>\n<meta property=\"og:description\" content=\"O alumnado de instrumentos de vento seguir\u00e1n coa formaci\u00f3n a distancia polo momento\" \/>\n<meta property=\"og:url\" content=\"https:\/\/www.anovapeneira.gal\/index.php\/2021\/03\/04\/as-escolas-de-musica-e-teatro-reanudan-a-sua-actividade-de-forma-presencial-con-grupos-reducidos-e-todas-as-medidas-de-seguridade\/\" \/>\n<meta property=\"article:publisher\" content=\"https:\/\/www.facebook.com\/anovapeneira\" \/>\n<meta property=\"article:published_time\" content=\"2021-03-04T09:00:34+00:00\" \/>\n<meta property=\"og:image\" content=\"https:\/\/www.anovapeneira.gal\/wp-content\/uploads\/2021\/03\/Auditorio_municipal_de_Goian.jpg\" \/>\n\t<meta property=\"og:image:width\" content=\"720\" \/>\n\t<meta property=\"og:image:height\" content=\"432\" \/>\n\t<meta property=\"og:image:type\" content=\"image\/jpeg\" \/>\n<meta name=\"author\" content=\"Redacci\u00f3n A Nova Peneira\" \/>\n<meta name=\"twitter:card\" content=\"summary_large_image\" \/>\n<meta name=\"twitter:creator\" content=\"@APeneira\" \/>\n<meta name=\"twitter:site\" content=\"@APeneira\" \/>\n<meta name=\"twitter:label1\" content=\"Escrito por\" \/>\n\t<meta name=\"twitter:data1\" content=\"Redacci\u00f3n A Nova Peneira\" \/>\n\t<meta name=\"twitter:label2\" content=\"Tempo de lectura\" \/>\n\t<meta name=\"twitter:data2\" content=\"2 minutos\" \/>\n<script type=\"application\/ld+json\" class=\"yoast-schema-graph\">{\"@context\":\"https:\\\/\\\/schema.org\",\"@graph\":[{\"@type\":\"Article\",\"@id\":\"https:\\\/\\\/www.anovapeneira.gal\\\/index.php\\\/2021\\\/03\\\/04\\\/as-escolas-de-musica-e-teatro-reanudan-a-sua-actividade-de-forma-presencial-con-grupos-reducidos-e-todas-as-medidas-de-seguridade\\\/#article\",\"isPartOf\":{\"@id\":\"https:\\\/\\\/www.anovapeneira.gal\\\/index.php\\\/2021\\\/03\\\/04\\\/as-escolas-de-musica-e-teatro-reanudan-a-sua-actividade-de-forma-presencial-con-grupos-reducidos-e-todas-as-medidas-de-seguridade\\\/\"},\"author\":{\"name\":\"Redacci\u00f3n A Nova Peneira\",\"@id\":\"https:\\\/\\\/www.anovapeneira.gal\\\/#\\\/schema\\\/person\\\/b93e3f8932e3f8da96334607eb6ac6aa\"},\"headline\":\"As escolas de M\u00fasica e Teatro reanudan a s\u00faa actividade de forma presencial con grupos reducidos e todas as medidas de seguridade\",\"datePublished\":\"2021-03-04T09:00:34+00:00\",\"mainEntityOfPage\":{\"@id\":\"https:\\\/\\\/www.anovapeneira.gal\\\/index.php\\\/2021\\\/03\\\/04\\\/as-escolas-de-musica-e-teatro-reanudan-a-sua-actividade-de-forma-presencial-con-grupos-reducidos-e-todas-as-medidas-de-seguridade\\\/\"},\"wordCount\":336,\"commentCount\":0,\"publisher\":{\"@id\":\"https:\\\/\\\/www.anovapeneira.gal\\\/#organization\"},\"image\":{\"@id\":\"https:\\\/\\\/www.anovapeneira.gal\\\/index.php\\\/2021\\\/03\\\/04\\\/as-escolas-de-musica-e-teatro-reanudan-a-sua-actividade-de-forma-presencial-con-grupos-reducidos-e-todas-as-medidas-de-seguridade\\\/#primaryimage\"},\"thumbnailUrl\":\"https:\\\/\\\/www.anovapeneira.gal\\\/wp-content\\\/uploads\\\/2021\\\/03\\\/Auditorio_municipal_de_Goian.jpg\",\"keywords\":[\"Concello de Tomi\u00f1o\"],\"articleSection\":[\"Baixo Mi\u00f1o\"],\"inLanguage\":\"gl-ES\",\"potentialAction\":[{\"@type\":\"CommentAction\",\"name\":\"Comment\",\"target\":[\"https:\\\/\\\/www.anovapeneira.gal\\\/index.php\\\/2021\\\/03\\\/04\\\/as-escolas-de-musica-e-teatro-reanudan-a-sua-actividade-de-forma-presencial-con-grupos-reducidos-e-todas-as-medidas-de-seguridade\\\/#respond\"]}]},{\"@type\":\"WebPage\",\"@id\":\"https:\\\/\\\/www.anovapeneira.gal\\\/index.php\\\/2021\\\/03\\\/04\\\/as-escolas-de-musica-e-teatro-reanudan-a-sua-actividade-de-forma-presencial-con-grupos-reducidos-e-todas-as-medidas-de-seguridade\\\/\",\"url\":\"https:\\\/\\\/www.anovapeneira.gal\\\/index.php\\\/2021\\\/03\\\/04\\\/as-escolas-de-musica-e-teatro-reanudan-a-sua-actividade-de-forma-presencial-con-grupos-reducidos-e-todas-as-medidas-de-seguridade\\\/\",\"name\":\"As escolas de M\u00fasica e Teatro reanudan a s\u00faa actividade de forma presencial con grupos reducidos e todas as medidas de seguridade -\",\"isPartOf\":{\"@id\":\"https:\\\/\\\/www.anovapeneira.gal\\\/#website\"},\"primaryImageOfPage\":{\"@id\":\"https:\\\/\\\/www.anovapeneira.gal\\\/index.php\\\/2021\\\/03\\\/04\\\/as-escolas-de-musica-e-teatro-reanudan-a-sua-actividade-de-forma-presencial-con-grupos-reducidos-e-todas-as-medidas-de-seguridade\\\/#primaryimage\"},\"image\":{\"@id\":\"https:\\\/\\\/www.anovapeneira.gal\\\/index.php\\\/2021\\\/03\\\/04\\\/as-escolas-de-musica-e-teatro-reanudan-a-sua-actividade-de-forma-presencial-con-grupos-reducidos-e-todas-as-medidas-de-seguridade\\\/#primaryimage\"},\"thumbnailUrl\":\"https:\\\/\\\/www.anovapeneira.gal\\\/wp-content\\\/uploads\\\/2021\\\/03\\\/Auditorio_municipal_de_Goian.jpg\",\"datePublished\":\"2021-03-04T09:00:34+00:00\",\"description\":\"O alumnado de instrumentos de vento seguir\u00e1n coa formaci\u00f3n a distancia polo momento\",\"breadcrumb\":{\"@id\":\"https:\\\/\\\/www.anovapeneira.gal\\\/index.php\\\/2021\\\/03\\\/04\\\/as-escolas-de-musica-e-teatro-reanudan-a-sua-actividade-de-forma-presencial-con-grupos-reducidos-e-todas-as-medidas-de-seguridade\\\/#breadcrumb\"},\"inLanguage\":\"gl-ES\",\"potentialAction\":[{\"@type\":\"ReadAction\",\"target\":[\"https:\\\/\\\/www.anovapeneira.gal\\\/index.php\\\/2021\\\/03\\\/04\\\/as-escolas-de-musica-e-teatro-reanudan-a-sua-actividade-de-forma-presencial-con-grupos-reducidos-e-todas-as-medidas-de-seguridade\\\/\"]}]},{\"@type\":\"ImageObject\",\"inLanguage\":\"gl-ES\",\"@id\":\"https:\\\/\\\/www.anovapeneira.gal\\\/index.php\\\/2021\\\/03\\\/04\\\/as-escolas-de-musica-e-teatro-reanudan-a-sua-actividade-de-forma-presencial-con-grupos-reducidos-e-todas-as-medidas-de-seguridade\\\/#primaryimage\",\"url\":\"https:\\\/\\\/www.anovapeneira.gal\\\/wp-content\\\/uploads\\\/2021\\\/03\\\/Auditorio_municipal_de_Goian.jpg\",\"contentUrl\":\"https:\\\/\\\/www.anovapeneira.gal\\\/wp-content\\\/uploads\\\/2021\\\/03\\\/Auditorio_municipal_de_Goian.jpg\",\"width\":720,\"height\":432,\"caption\":\"Auditorio Municipal de Goi\u00e1n\"},{\"@type\":\"BreadcrumbList\",\"@id\":\"https:\\\/\\\/www.anovapeneira.gal\\\/index.php\\\/2021\\\/03\\\/04\\\/as-escolas-de-musica-e-teatro-reanudan-a-sua-actividade-de-forma-presencial-con-grupos-reducidos-e-todas-as-medidas-de-seguridade\\\/#breadcrumb\",\"itemListElement\":[{\"@type\":\"ListItem\",\"position\":1,\"name\":\"Portada\",\"item\":\"https:\\\/\\\/www.anovapeneira.gal\\\/\"},{\"@type\":\"ListItem\",\"position\":2,\"name\":\"As escolas de M\u00fasica e Teatro reanudan a s\u00faa actividade de forma presencial con grupos reducidos e todas as medidas de seguridade\"}]},{\"@type\":\"WebSite\",\"@id\":\"https:\\\/\\\/www.anovapeneira.gal\\\/#website\",\"url\":\"https:\\\/\\\/www.anovapeneira.gal\\\/\",\"name\":\"\",\"description\":\"Xornal galego de informaci\u00f3n xeral Publicaci\u00f3n mensual de novas de Galicia e en especial dos Concellos da sur da provincia de Pontevedra.\",\"publisher\":{\"@id\":\"https:\\\/\\\/www.anovapeneira.gal\\\/#organization\"},\"potentialAction\":[{\"@type\":\"SearchAction\",\"target\":{\"@type\":\"EntryPoint\",\"urlTemplate\":\"https:\\\/\\\/www.anovapeneira.gal\\\/?s={search_term_string}\"},\"query-input\":{\"@type\":\"PropertyValueSpecification\",\"valueRequired\":true,\"valueName\":\"search_term_string\"}}],\"inLanguage\":\"gl-ES\"},{\"@type\":\"Organization\",\"@id\":\"https:\\\/\\\/www.anovapeneira.gal\\\/#organization\",\"name\":\"A Nova Peneira\",\"url\":\"https:\\\/\\\/www.anovapeneira.gal\\\/\",\"logo\":{\"@type\":\"ImageObject\",\"inLanguage\":\"gl-ES\",\"@id\":\"https:\\\/\\\/www.anovapeneira.gal\\\/#\\\/schema\\\/logo\\\/image\\\/\",\"url\":\"http:\\\/\\\/www.anovapeneira.gal\\\/wp-content\\\/uploads\\\/2019\\\/06\\\/logo_a_nova_peneira_portal_web.png\",\"contentUrl\":\"http:\\\/\\\/www.anovapeneira.gal\\\/wp-content\\\/uploads\\\/2019\\\/06\\\/logo_a_nova_peneira_portal_web.png\",\"width\":300,\"height\":100,\"caption\":\"A Nova Peneira\"},\"image\":{\"@id\":\"https:\\\/\\\/www.anovapeneira.gal\\\/#\\\/schema\\\/logo\\\/image\\\/\"},\"sameAs\":[\"https:\\\/\\\/www.facebook.com\\\/anovapeneira\",\"https:\\\/\\\/x.com\\\/APeneira\"]},{\"@type\":\"Person\",\"@id\":\"https:\\\/\\\/www.anovapeneira.gal\\\/#\\\/schema\\\/person\\\/b93e3f8932e3f8da96334607eb6ac6aa\",\"name\":\"Redacci\u00f3n A Nova Peneira\",\"image\":{\"@type\":\"ImageObject\",\"inLanguage\":\"gl-ES\",\"@id\":\"https:\\\/\\\/secure.gravatar.com\\\/avatar\\\/c052a2551a06e23fac63626232eaa90abd78dbcf1700fc46a2b2c89fd27b735f?s=96&d=mm&r=g\",\"url\":\"https:\\\/\\\/secure.gravatar.com\\\/avatar\\\/c052a2551a06e23fac63626232eaa90abd78dbcf1700fc46a2b2c89fd27b735f?s=96&d=mm&r=g\",\"contentUrl\":\"https:\\\/\\\/secure.gravatar.com\\\/avatar\\\/c052a2551a06e23fac63626232eaa90abd78dbcf1700fc46a2b2c89fd27b735f?s=96&d=mm&r=g\",\"caption\":\"Redacci\u00f3n A Nova Peneira\"},\"sameAs\":[\"http:\\\/\\\/www.anovapeneira.gal\\\/\"],\"url\":\"https:\\\/\\\/www.anovapeneira.gal\\\/index.php\\\/author\\\/redactor\\\/\"}]}<\/script>\n<!-- \/ Yoast SEO plugin. -->","yoast_head_json":{"title":"As escolas de M\u00fasica e Teatro reanudan a s\u00faa actividade de forma presencial con grupos reducidos e todas as medidas de seguridade -","description":"O alumnado de instrumentos de vento seguir\u00e1n coa formaci\u00f3n a distancia polo momento","robots":{"index":"index","follow":"follow","max-snippet":"max-snippet:-1","max-image-preview":"max-image-preview:large","max-video-preview":"max-video-preview:-1"},"canonical":"https:\/\/www.anovapeneira.gal\/index.php\/2021\/03\/04\/as-escolas-de-musica-e-teatro-reanudan-a-sua-actividade-de-forma-presencial-con-grupos-reducidos-e-todas-as-medidas-de-seguridade\/","og_locale":"gl_ES","og_type":"article","og_title":"As escolas de M\u00fasica e Teatro reanudan a s\u00faa actividade de forma presencial con grupos reducidos e todas as medidas de seguridade -","og_description":"O alumnado de instrumentos de vento seguir\u00e1n coa formaci\u00f3n a distancia polo momento","og_url":"https:\/\/www.anovapeneira.gal\/index.php\/2021\/03\/04\/as-escolas-de-musica-e-teatro-reanudan-a-sua-actividade-de-forma-presencial-con-grupos-reducidos-e-todas-as-medidas-de-seguridade\/","article_publisher":"https:\/\/www.facebook.com\/anovapeneira","article_published_time":"2021-03-04T09:00:34+00:00","og_image":[{"width":720,"height":432,"url":"https:\/\/www.anovapeneira.gal\/wp-content\/uploads\/2021\/03\/Auditorio_municipal_de_Goian.jpg","type":"image\/jpeg"}],"author":"Redacci\u00f3n A Nova Peneira","twitter_card":"summary_large_image","twitter_creator":"@APeneira","twitter_site":"@APeneira","twitter_misc":{"Escrito por":"Redacci\u00f3n A Nova Peneira","Tempo de lectura":"2 minutos"},"schema":{"@context":"https:\/\/schema.org","@graph":[{"@type":"Article","@id":"https:\/\/www.anovapeneira.gal\/index.php\/2021\/03\/04\/as-escolas-de-musica-e-teatro-reanudan-a-sua-actividade-de-forma-presencial-con-grupos-reducidos-e-todas-as-medidas-de-seguridade\/#article","isPartOf":{"@id":"https:\/\/www.anovapeneira.gal\/index.php\/2021\/03\/04\/as-escolas-de-musica-e-teatro-reanudan-a-sua-actividade-de-forma-presencial-con-grupos-reducidos-e-todas-as-medidas-de-seguridade\/"},"author":{"name":"Redacci\u00f3n A Nova Peneira","@id":"https:\/\/www.anovapeneira.gal\/#\/schema\/person\/b93e3f8932e3f8da96334607eb6ac6aa"},"headline":"As escolas de M\u00fasica e Teatro reanudan a s\u00faa actividade de forma presencial con grupos reducidos e todas as medidas de seguridade","datePublished":"2021-03-04T09:00:34+00:00","mainEntityOfPage":{"@id":"https:\/\/www.anovapeneira.gal\/index.php\/2021\/03\/04\/as-escolas-de-musica-e-teatro-reanudan-a-sua-actividade-de-forma-presencial-con-grupos-reducidos-e-todas-as-medidas-de-seguridade\/"},"wordCount":336,"commentCount":0,"publisher":{"@id":"https:\/\/www.anovapeneira.gal\/#organization"},"image":{"@id":"https:\/\/www.anovapeneira.gal\/index.php\/2021\/03\/04\/as-escolas-de-musica-e-teatro-reanudan-a-sua-actividade-de-forma-presencial-con-grupos-reducidos-e-todas-as-medidas-de-seguridade\/#primaryimage"},"thumbnailUrl":"https:\/\/www.anovapeneira.gal\/wp-content\/uploads\/2021\/03\/Auditorio_municipal_de_Goian.jpg","keywords":["Concello de Tomi\u00f1o"],"articleSection":["Baixo Mi\u00f1o"],"inLanguage":"gl-ES","potentialAction":[{"@type":"CommentAction","name":"Comment","target":["https:\/\/www.anovapeneira.gal\/index.php\/2021\/03\/04\/as-escolas-de-musica-e-teatro-reanudan-a-sua-actividade-de-forma-presencial-con-grupos-reducidos-e-todas-as-medidas-de-seguridade\/#respond"]}]},{"@type":"WebPage","@id":"https:\/\/www.anovapeneira.gal\/index.php\/2021\/03\/04\/as-escolas-de-musica-e-teatro-reanudan-a-sua-actividade-de-forma-presencial-con-grupos-reducidos-e-todas-as-medidas-de-seguridade\/","url":"https:\/\/www.anovapeneira.gal\/index.php\/2021\/03\/04\/as-escolas-de-musica-e-teatro-reanudan-a-sua-actividade-de-forma-presencial-con-grupos-reducidos-e-todas-as-medidas-de-seguridade\/","name":"As escolas de M\u00fasica e Teatro reanudan a s\u00faa actividade de forma presencial con grupos reducidos e todas as medidas de seguridade -","isPartOf":{"@id":"https:\/\/www.anovapeneira.gal\/#website"},"primaryImageOfPage":{"@id":"https:\/\/www.anovapeneira.gal\/index.php\/2021\/03\/04\/as-escolas-de-musica-e-teatro-reanudan-a-sua-actividade-de-forma-presencial-con-grupos-reducidos-e-todas-as-medidas-de-seguridade\/#primaryimage"},"image":{"@id":"https:\/\/www.anovapeneira.gal\/index.php\/2021\/03\/04\/as-escolas-de-musica-e-teatro-reanudan-a-sua-actividade-de-forma-presencial-con-grupos-reducidos-e-todas-as-medidas-de-seguridade\/#primaryimage"},"thumbnailUrl":"https:\/\/www.anovapeneira.gal\/wp-content\/uploads\/2021\/03\/Auditorio_municipal_de_Goian.jpg","datePublished":"2021-03-04T09:00:34+00:00","description":"O alumnado de instrumentos de vento seguir\u00e1n coa formaci\u00f3n a distancia polo momento","breadcrumb":{"@id":"https:\/\/www.anovapeneira.gal\/index.php\/2021\/03\/04\/as-escolas-de-musica-e-teatro-reanudan-a-sua-actividade-de-forma-presencial-con-grupos-reducidos-e-todas-as-medidas-de-seguridade\/#breadcrumb"},"inLanguage":"gl-ES","potentialAction":[{"@type":"ReadAction","target":["https:\/\/www.anovapeneira.gal\/index.php\/2021\/03\/04\/as-escolas-de-musica-e-teatro-reanudan-a-sua-actividade-de-forma-presencial-con-grupos-reducidos-e-todas-as-medidas-de-seguridade\/"]}]},{"@type":"ImageObject","inLanguage":"gl-ES","@id":"https:\/\/www.anovapeneira.gal\/index.php\/2021\/03\/04\/as-escolas-de-musica-e-teatro-reanudan-a-sua-actividade-de-forma-presencial-con-grupos-reducidos-e-todas-as-medidas-de-seguridade\/#primaryimage","url":"https:\/\/www.anovapeneira.gal\/wp-content\/uploads\/2021\/03\/Auditorio_municipal_de_Goian.jpg","contentUrl":"https:\/\/www.anovapeneira.gal\/wp-content\/uploads\/2021\/03\/Auditorio_municipal_de_Goian.jpg","width":720,"height":432,"caption":"Auditorio Municipal de Goi\u00e1n"},{"@type":"BreadcrumbList","@id":"https:\/\/www.anovapeneira.gal\/index.php\/2021\/03\/04\/as-escolas-de-musica-e-teatro-reanudan-a-sua-actividade-de-forma-presencial-con-grupos-reducidos-e-todas-as-medidas-de-seguridade\/#breadcrumb","itemListElement":[{"@type":"ListItem","position":1,"name":"Portada","item":"https:\/\/www.anovapeneira.gal\/"},{"@type":"ListItem","position":2,"name":"As escolas de M\u00fasica e Teatro reanudan a s\u00faa actividade de forma presencial con grupos reducidos e todas as medidas de seguridade"}]},{"@type":"WebSite","@id":"https:\/\/www.anovapeneira.gal\/#website","url":"https:\/\/www.anovapeneira.gal\/","name":"","description":"Xornal galego de informaci\u00f3n xeral Publicaci\u00f3n mensual de novas de Galicia e en especial dos Concellos da sur da provincia de Pontevedra.","publisher":{"@id":"https:\/\/www.anovapeneira.gal\/#organization"},"potentialAction":[{"@type":"SearchAction","target":{"@type":"EntryPoint","urlTemplate":"https:\/\/www.anovapeneira.gal\/?s={search_term_string}"},"query-input":{"@type":"PropertyValueSpecification","valueRequired":true,"valueName":"search_term_string"}}],"inLanguage":"gl-ES"},{"@type":"Organization","@id":"https:\/\/www.anovapeneira.gal\/#organization","name":"A Nova Peneira","url":"https:\/\/www.anovapeneira.gal\/","logo":{"@type":"ImageObject","inLanguage":"gl-ES","@id":"https:\/\/www.anovapeneira.gal\/#\/schema\/logo\/image\/","url":"http:\/\/www.anovapeneira.gal\/wp-content\/uploads\/2019\/06\/logo_a_nova_peneira_portal_web.png","contentUrl":"http:\/\/www.anovapeneira.gal\/wp-content\/uploads\/2019\/06\/logo_a_nova_peneira_portal_web.png","width":300,"height":100,"caption":"A Nova Peneira"},"image":{"@id":"https:\/\/www.anovapeneira.gal\/#\/schema\/logo\/image\/"},"sameAs":["https:\/\/www.facebook.com\/anovapeneira","https:\/\/x.com\/APeneira"]},{"@type":"Person","@id":"https:\/\/www.anovapeneira.gal\/#\/schema\/person\/b93e3f8932e3f8da96334607eb6ac6aa","name":"Redacci\u00f3n A Nova Peneira","image":{"@type":"ImageObject","inLanguage":"gl-ES","@id":"https:\/\/secure.gravatar.com\/avatar\/c052a2551a06e23fac63626232eaa90abd78dbcf1700fc46a2b2c89fd27b735f?s=96&d=mm&r=g","url":"https:\/\/secure.gravatar.com\/avatar\/c052a2551a06e23fac63626232eaa90abd78dbcf1700fc46a2b2c89fd27b735f?s=96&d=mm&r=g","contentUrl":"https:\/\/secure.gravatar.com\/avatar\/c052a2551a06e23fac63626232eaa90abd78dbcf1700fc46a2b2c89fd27b735f?s=96&d=mm&r=g","caption":"Redacci\u00f3n A Nova Peneira"},"sameAs":["http:\/\/www.anovapeneira.gal\/"],"url":"https:\/\/www.anovapeneira.gal\/index.php\/author\/redactor\/"}]}},"jetpack_featured_media_url":"https:\/\/www.anovapeneira.gal\/wp-content\/uploads\/2021\/03\/Auditorio_municipal_de_Goian.jpg","_links":{"self":[{"href":"https:\/\/www.anovapeneira.gal\/index.php\/wp-json\/wp\/v2\/posts\/4961","targetHints":{"allow":["GET"]}}],"collection":[{"href":"https:\/\/www.anovapeneira.gal\/index.php\/wp-json\/wp\/v2\/posts"}],"about":[{"href":"https:\/\/www.anovapeneira.gal\/index.php\/wp-json\/wp\/v2\/types\/post"}],"author":[{"embeddable":true,"href":"https:\/\/www.anovapeneira.gal\/index.php\/wp-json\/wp\/v2\/users\/3"}],"replies":[{"embeddable":true,"href":"https:\/\/www.anovapeneira.gal\/index.php\/wp-json\/wp\/v2\/comments?post=4961"}],"version-history":[{"count":1,"href":"https:\/\/www.anovapeneira.gal\/index.php\/wp-json\/wp\/v2\/posts\/4961\/revisions"}],"predecessor-version":[{"id":4963,"href":"https:\/\/www.anovapeneira.gal\/index.php\/wp-json\/wp\/v2\/posts\/4961\/revisions\/4963"}],"wp:featuredmedia":[{"embeddable":true,"href":"https:\/\/www.anovapeneira.gal\/index.php\/wp-json\/wp\/v2\/media\/4962"}],"wp:attachment":[{"href":"https:\/\/www.anovapeneira.gal\/index.php\/wp-json\/wp\/v2\/media?parent=4961"}],"wp:term":[{"taxonomy":"category","embeddable":true,"href":"https:\/\/www.anovapeneira.gal\/index.php\/wp-json\/wp\/v2\/categories?post=4961"},{"taxonomy":"post_tag","embeddable":true,"href":"https:\/\/www.anovapeneira.gal\/index.php\/wp-json\/wp\/v2\/tags?post=4961"}],"curies":[{"name":"wp","href":"https:\/\/api.w.org\/{rel}","templated":true}]}}