{"id":4964,"date":"2021-03-04T12:00:13","date_gmt":"2021-03-04T11:00:13","guid":{"rendered":"http:\/\/www.anovapeneira.gal\/?p=4964"},"modified":"2021-03-01T17:37:20","modified_gmt":"2021-03-01T16:37:20","slug":"non-espana-non-e-unha-democracia-plena","status":"publish","type":"post","link":"https:\/\/www.anovapeneira.gal\/index.php\/2021\/03\/04\/non-espana-non-e-unha-democracia-plena\/","title":{"rendered":"Non, Espa\u00f1a non \u00e9 unha democracia plena"},"content":{"rendered":"\n<p>O pasado nove de febreiro Pablo Iglesias, vicepresidente do goberno e secretario xeral de Unidas Podemos, declaraba que ao seu xu\u00edzo \u201cen Espa\u00f1a non exist\u00eda unha situaci\u00f3n de plena normalidade pol\u00edtica e democr\u00e1tica\u201d. As reacci\u00f3ns que provocou tal afirmaci\u00f3n, en aqueles grupos pol\u00edticos sist\u00e9micos, son equiparables en intensidade \u00e1 inmensa obviedade que pronunciou o l\u00edder de Podemos, porque en efecto, Espa\u00f1a non \u00e9 unha democracia plena. Poucos d\u00edas despois da afirmaci\u00f3n de Pablo Iglesias, o Presidente espa\u00f1ol Pedro S\u00e1nchez era o que , nun acto en M\u00e9rida, contestaba ao seu vicepresidente definindo a Espa\u00f1a como unha \u201cdemocracia plena\u201d.<\/p>\n\n\n\n<p>Non \u00e9 preciso acudirmos a ning\u00fan dicionario para sabermos o significado do adxectivo plena. Significa chea, que non cabe m\u00e1is. Unha copa de vi\u00f1o na que o l\u00edquido chegue ata o borde mesmo do recipiente est\u00e1 plena de l\u00edquido, non cabe unha gota m\u00e1is de vi\u00f1o. Se a nosa copa simbolizase metaforicamente a Espa\u00f1a, resulta que xa est\u00e1 plena de democracia?. Pero ent\u00f3n, en Espa\u00f1a no cabe m\u00e1is democracia?. A situaci\u00f3n na que estamos \u00e9 o s\u00fammum da democracia?. Se engadimos unha pinga m\u00e1is de democracia, a nosa metaf\u00f3rica copa vai desbordar de democracia e asolagar de democracia as terras da pen\u00ednsula ib\u00e9rica?. Desde logo que a resposta a todas esas preguntas \u00e9 un rotundo Non. As\u00ed por exemplo:<\/p>\n\n\n\n<p>-Espa\u00f1a non \u00e9 unha democracia plena porque a xefatura do seu estado \u00e9 patrimonio perpetuo dunha soa familia ,e os cidad\u00e1ns e cidad\u00e1s non temos a posibilidade de decidir sobre algo tan transcendente.<\/p>\n\n\n\n<p>-Espa\u00f1a non \u00e9 unha democracia plena porque o instrumento que pretende dotar de validez xur\u00eddica \u00e1 arquitectura do seu estado, a lei para a Reforma Pol\u00edtica , foi unha fraude reco\u00f1ecida polo presidente Adolfo Su\u00e1rez na famosa entrevista con Victoria Prego no ano 1.995, xa que non formularon o referendo entre monarqu\u00eda e rep\u00fablica pois \u201chaciamos encuestas y perd\u00edamos\u201d. Ent\u00f3n meteron ao Rei no texto da lei.<\/p>\n\n\n\n<p>-Espa\u00f1a non \u00e9 unha democracia plena porque o seu sistema pol\u00edtico , como a maior\u00eda dos estados occidentais ap\u00f3s a 2\u00ba guerra mundial, est\u00e1 constru\u00eddo para que s\u00f3 poidan ter opci\u00f3ns reais de goberno unha alternancia entre unha forza liberal , a imitaci\u00f3n do partido republicano estadounidense, e unha socialdem\u00f3crata, a imitaci\u00f3n do partido dem\u00f3crata norteamericano. Entre estas d\u00faas forzas existen diferencias pol\u00edticas nas cuesti\u00f3ns sociais e morais( o aborto, o feminismo, a relixi\u00f3n , os dereitos das persoas homosexuais&#8230;..).Pero estas diferencias son case imperceptibles nas pol\u00edticas macroecon\u00f3micas, xa que estas enf\u00f3canse a defender os intereses das oligarqu\u00edas financeiras sempre.<\/p>\n\n\n\n<p>-Espa\u00f1a non \u00e9 unha democracia plena porque nos escasos momentos da nosa historia en que houbo opci\u00f3ns de alterar minimamente o seu dese\u00f1o estrutural, os poderes reais do estado constr\u00faen instrumentos, que simulan ser forzas pol\u00edticas, para evitalo.Como foi esa cousa con forma de partido pol\u00edtico chamada Ciudadanos.<\/p>\n\n\n\n<p>-Espa\u00f1a non \u00e9 unha democracia plena porque nos escasos momentos da nosa historia nos que houbo opci\u00f3ns de alterar minimamente o seu dese\u00f1o estrutural, os poderes reais do estado utilizan , como Bolsonaro, o lawfare para impedilo.<\/p>\n\n\n\n<p>-Espa\u00f1a non \u00e9 unha democracia plena porque o poder xudicial non \u00e9 independente. De feito na actualidade o \u00f3rgano de goberno dos xu\u00edces est\u00e1 en funci\u00f3ns desde decembro do 2.018.E non se renova porque o PP carece de vontade para perder o control pol\u00edtico dese instrumento de poder.<\/p>\n\n\n\n<p>-Espa\u00f1a non \u00e9 unha democracia plena porque a Fiscal\u00eda xeral do estado \u00e9 un cargo pol\u00edtico.<\/p>\n\n\n\n<p>-Espa\u00f1a non \u00e9 unha democracia plena porque non est\u00e1 constru\u00edda en plena igualdade entre as naci\u00f3ns que integran o estado, sen\u00f3n na superposici\u00f3n dunha das s\u00faas naci\u00f3ns sobre as demais.<\/p>\n\n\n\n<p>-Espa\u00f1a non \u00e9 unha democracia plena porque un galego falante ten a obriga de co\u00f1ecer o idioma castel\u00e1n, pero un castel\u00e1n falante, veci\u00f1o de Galicia, non ten esa mesma obriga, sen\u00f3n que ten o dereito de co\u00f1ecer o idioma galego.<\/p>\n\n\n\n<p>-Espa\u00f1a non \u00e9 unha democracia plena porque cando unha parte significativa dun dos seus pobos manifesta a s\u00faa vontade de relacionarse co resto do estado de maneira diferente, reacciona aplicando o c\u00f3digo penal e as soluci\u00f3ns policiais. E non o fai de maneira civilizada como o fixo por exemplo Inglaterra con Escocia ou Canad\u00e1 con Quebec.<\/p>\n\n\n\n<p>-Espa\u00f1a non \u00e9 unha democracia plena porque castigar coa prisi\u00f3n calquera suposto delito de expresi\u00f3n implica que o castigo \u00e9 superior \u00e1 suposta ofensa. Por moitas barbaridade que diga, meter a un m\u00fasico no c\u00e1rcere polo que di, \u00e9 unha barbaridade superior a calquera expresi\u00f3n b\u00e1rbara.<\/p>\n\n\n\n<p>-Espa\u00f1a non \u00e9 unha democracia plena porque no seu c\u00f3digo penal est\u00e1 tipificado como delito as ofensas aos sentimentos relixiosos e as inxurias \u00e1 coroa.<\/p>\n\n\n\n<p>-Espa\u00f1a non \u00e9 unha democracia plena porque non executou o imprescindible proceso de rexeneraci\u00f3n democr\u00e1tica das s\u00faas forzas armadas. As\u00ed pois resulta aterrador como pronunciamentos pro fascistas non reciben ning\u00fan tipo de resposta, mentres que un cabo \u00e9 expulsado do seu ex\u00e9rcito por asinar un manifesto en defensa da democracia e de condena a un r\u00e9xime ditatorial.<\/p>\n\n\n\n<p>-Espa\u00f1a non \u00e9 unha democracia plena pola s\u00faa vergonzosa inacci\u00f3n con respecto ao Sahara, territorio administrativamente espa\u00f1ol ata o ano 1976, abandonando \u00e1 s\u00faa estarrecedora sorte a milleiros de persoas que eran cidad\u00e1ns e cidad\u00e1s de Espa\u00f1a.<\/p>\n\n\n\n<p>-Espa\u00f1a non \u00e9 unha democracia plena porque os grandes medios de comunicaci\u00f3n son propiedade da oligarqu\u00eda econ\u00f3mica e te\u00f1en a finalidade de defender os intereses dos seus propietarios.<\/p>\n\n\n\n<p>-Espa\u00f1a non \u00e9 unha democracia plena porque a lei non \u00e9 igual para todos, e supo\u00f1o que non ser\u00e1 necesario p\u00f3r ning\u00fan tipo de exemplo ao respecto.<\/p>\n","protected":false},"excerpt":{"rendered":"<div class=\"mh-excerpt\"><p>O pasado nove de febreiro Pablo Iglesias, vicepresidente do goberno e secretario xeral de Unidas Podemos, declaraba que ao seu xu\u00edzo \u201cen Espa\u00f1a non exist\u00eda unha situaci\u00f3n de plena normalidade pol\u00edtica e democr\u00e1tica\u201d.  <a class=\"mh-excerpt-more\" href=\"https:\/\/www.anovapeneira.gal\/index.php\/2021\/03\/04\/non-espana-non-e-unha-democracia-plena\/\" title=\"Non, Espa\u00f1a non \u00e9 unha democracia plena\">[&#8230;]<\/a><\/p>\n<\/div>","protected":false},"author":2,"featured_media":913,"comment_status":"open","ping_status":"open","sticky":false,"template":"","format":"standard","meta":{"_exactmetrics_skip_tracking":false,"_exactmetrics_sitenote_active":false,"_exactmetrics_sitenote_note":"","_exactmetrics_sitenote_category":0,"footnotes":""},"categories":[61],"tags":[],"class_list":{"0":"post-4964","1":"post","2":"type-post","3":"status-publish","4":"format-standard","5":"has-post-thumbnail","7":"category-artigo-editorial"},"yoast_head":"<!-- This site is optimized with the Yoast SEO plugin v27.4 - https:\/\/yoast.com\/product\/yoast-seo-wordpress\/ -->\n<title>Non, Espa\u00f1a non \u00e9 unha democracia plena -<\/title>\n<meta name=\"description\" content=\"O pasado nove de febreiro Pablo Iglesias, vicepresidente do goberno e secretario xeral de Unidas Podemos, declaraba que ao seu xu\u00edzo \u201cen Espa\u00f1a non exist\u00eda unha situaci\u00f3n de plena normalidade pol\u00edtica e democr\u00e1tica\u201d.\" \/>\n<meta name=\"robots\" content=\"index, follow, max-snippet:-1, max-image-preview:large, max-video-preview:-1\" \/>\n<link rel=\"canonical\" href=\"https:\/\/www.anovapeneira.gal\/index.php\/2021\/03\/04\/non-espana-non-e-unha-democracia-plena\/\" \/>\n<meta property=\"og:locale\" content=\"gl_ES\" \/>\n<meta property=\"og:type\" content=\"article\" \/>\n<meta property=\"og:title\" content=\"Non, Espa\u00f1a non \u00e9 unha democracia plena -\" \/>\n<meta property=\"og:description\" content=\"O pasado nove de febreiro Pablo Iglesias, vicepresidente do goberno e secretario xeral de Unidas Podemos, declaraba que ao seu xu\u00edzo \u201cen Espa\u00f1a non exist\u00eda unha situaci\u00f3n de plena normalidade pol\u00edtica e democr\u00e1tica\u201d.\" \/>\n<meta property=\"og:url\" content=\"https:\/\/www.anovapeneira.gal\/index.php\/2021\/03\/04\/non-espana-non-e-unha-democracia-plena\/\" \/>\n<meta property=\"article:publisher\" content=\"https:\/\/www.facebook.com\/anovapeneira\" \/>\n<meta property=\"article:published_time\" content=\"2021-03-04T11:00:13+00:00\" \/>\n<meta property=\"og:image\" content=\"https:\/\/www.anovapeneira.gal\/wp-content\/uploads\/2019\/08\/artigo_editorial_a_nova_peneira.jpg\" \/>\n\t<meta property=\"og:image:width\" content=\"720\" \/>\n\t<meta property=\"og:image:height\" content=\"473\" \/>\n\t<meta property=\"og:image:type\" content=\"image\/jpeg\" \/>\n<meta name=\"author\" content=\"Tino Lago\" \/>\n<meta name=\"twitter:card\" content=\"summary_large_image\" \/>\n<meta name=\"twitter:creator\" content=\"@APeneira\" \/>\n<meta name=\"twitter:site\" content=\"@APeneira\" \/>\n<meta name=\"twitter:label1\" content=\"Escrito por\" \/>\n\t<meta name=\"twitter:data1\" content=\"Tino Lago\" \/>\n\t<meta name=\"twitter:label2\" content=\"Tempo de lectura\" \/>\n\t<meta name=\"twitter:data2\" content=\"4 minutos\" \/>\n<script type=\"application\/ld+json\" class=\"yoast-schema-graph\">{\"@context\":\"https:\\\/\\\/schema.org\",\"@graph\":[{\"@type\":\"Article\",\"@id\":\"https:\\\/\\\/www.anovapeneira.gal\\\/index.php\\\/2021\\\/03\\\/04\\\/non-espana-non-e-unha-democracia-plena\\\/#article\",\"isPartOf\":{\"@id\":\"https:\\\/\\\/www.anovapeneira.gal\\\/index.php\\\/2021\\\/03\\\/04\\\/non-espana-non-e-unha-democracia-plena\\\/\"},\"author\":{\"name\":\"Tino Lago\",\"@id\":\"https:\\\/\\\/www.anovapeneira.gal\\\/#\\\/schema\\\/person\\\/424dfe65e3070fd8a44d22d2c088762a\"},\"headline\":\"Non, Espa\u00f1a non \u00e9 unha democracia plena\",\"datePublished\":\"2021-03-04T11:00:13+00:00\",\"mainEntityOfPage\":{\"@id\":\"https:\\\/\\\/www.anovapeneira.gal\\\/index.php\\\/2021\\\/03\\\/04\\\/non-espana-non-e-unha-democracia-plena\\\/\"},\"wordCount\":1012,\"commentCount\":0,\"publisher\":{\"@id\":\"https:\\\/\\\/www.anovapeneira.gal\\\/#organization\"},\"image\":{\"@id\":\"https:\\\/\\\/www.anovapeneira.gal\\\/index.php\\\/2021\\\/03\\\/04\\\/non-espana-non-e-unha-democracia-plena\\\/#primaryimage\"},\"thumbnailUrl\":\"https:\\\/\\\/www.anovapeneira.gal\\\/wp-content\\\/uploads\\\/2019\\\/08\\\/artigo_editorial_a_nova_peneira.jpg\",\"articleSection\":[\"Artigo editorial\"],\"inLanguage\":\"gl-ES\",\"potentialAction\":[{\"@type\":\"CommentAction\",\"name\":\"Comment\",\"target\":[\"https:\\\/\\\/www.anovapeneira.gal\\\/index.php\\\/2021\\\/03\\\/04\\\/non-espana-non-e-unha-democracia-plena\\\/#respond\"]}]},{\"@type\":\"WebPage\",\"@id\":\"https:\\\/\\\/www.anovapeneira.gal\\\/index.php\\\/2021\\\/03\\\/04\\\/non-espana-non-e-unha-democracia-plena\\\/\",\"url\":\"https:\\\/\\\/www.anovapeneira.gal\\\/index.php\\\/2021\\\/03\\\/04\\\/non-espana-non-e-unha-democracia-plena\\\/\",\"name\":\"Non, Espa\u00f1a non \u00e9 unha democracia plena -\",\"isPartOf\":{\"@id\":\"https:\\\/\\\/www.anovapeneira.gal\\\/#website\"},\"primaryImageOfPage\":{\"@id\":\"https:\\\/\\\/www.anovapeneira.gal\\\/index.php\\\/2021\\\/03\\\/04\\\/non-espana-non-e-unha-democracia-plena\\\/#primaryimage\"},\"image\":{\"@id\":\"https:\\\/\\\/www.anovapeneira.gal\\\/index.php\\\/2021\\\/03\\\/04\\\/non-espana-non-e-unha-democracia-plena\\\/#primaryimage\"},\"thumbnailUrl\":\"https:\\\/\\\/www.anovapeneira.gal\\\/wp-content\\\/uploads\\\/2019\\\/08\\\/artigo_editorial_a_nova_peneira.jpg\",\"datePublished\":\"2021-03-04T11:00:13+00:00\",\"description\":\"O pasado nove de febreiro Pablo Iglesias, vicepresidente do goberno e secretario xeral de Unidas Podemos, declaraba que ao seu xu\u00edzo \u201cen Espa\u00f1a non exist\u00eda unha situaci\u00f3n de plena normalidade pol\u00edtica e democr\u00e1tica\u201d.\",\"breadcrumb\":{\"@id\":\"https:\\\/\\\/www.anovapeneira.gal\\\/index.php\\\/2021\\\/03\\\/04\\\/non-espana-non-e-unha-democracia-plena\\\/#breadcrumb\"},\"inLanguage\":\"gl-ES\",\"potentialAction\":[{\"@type\":\"ReadAction\",\"target\":[\"https:\\\/\\\/www.anovapeneira.gal\\\/index.php\\\/2021\\\/03\\\/04\\\/non-espana-non-e-unha-democracia-plena\\\/\"]}]},{\"@type\":\"ImageObject\",\"inLanguage\":\"gl-ES\",\"@id\":\"https:\\\/\\\/www.anovapeneira.gal\\\/index.php\\\/2021\\\/03\\\/04\\\/non-espana-non-e-unha-democracia-plena\\\/#primaryimage\",\"url\":\"https:\\\/\\\/www.anovapeneira.gal\\\/wp-content\\\/uploads\\\/2019\\\/08\\\/artigo_editorial_a_nova_peneira.jpg\",\"contentUrl\":\"https:\\\/\\\/www.anovapeneira.gal\\\/wp-content\\\/uploads\\\/2019\\\/08\\\/artigo_editorial_a_nova_peneira.jpg\",\"width\":720,\"height\":473,\"caption\":\"Artigo editorial Tino Lago A Nova Peneira\"},{\"@type\":\"BreadcrumbList\",\"@id\":\"https:\\\/\\\/www.anovapeneira.gal\\\/index.php\\\/2021\\\/03\\\/04\\\/non-espana-non-e-unha-democracia-plena\\\/#breadcrumb\",\"itemListElement\":[{\"@type\":\"ListItem\",\"position\":1,\"name\":\"Portada\",\"item\":\"https:\\\/\\\/www.anovapeneira.gal\\\/\"},{\"@type\":\"ListItem\",\"position\":2,\"name\":\"Non, Espa\u00f1a non \u00e9 unha democracia plena\"}]},{\"@type\":\"WebSite\",\"@id\":\"https:\\\/\\\/www.anovapeneira.gal\\\/#website\",\"url\":\"https:\\\/\\\/www.anovapeneira.gal\\\/\",\"name\":\"\",\"description\":\"Xornal galego de informaci\u00f3n xeral Publicaci\u00f3n mensual de novas de Galicia e en especial dos Concellos da sur da provincia de Pontevedra.\",\"publisher\":{\"@id\":\"https:\\\/\\\/www.anovapeneira.gal\\\/#organization\"},\"potentialAction\":[{\"@type\":\"SearchAction\",\"target\":{\"@type\":\"EntryPoint\",\"urlTemplate\":\"https:\\\/\\\/www.anovapeneira.gal\\\/?s={search_term_string}\"},\"query-input\":{\"@type\":\"PropertyValueSpecification\",\"valueRequired\":true,\"valueName\":\"search_term_string\"}}],\"inLanguage\":\"gl-ES\"},{\"@type\":\"Organization\",\"@id\":\"https:\\\/\\\/www.anovapeneira.gal\\\/#organization\",\"name\":\"A Nova Peneira\",\"url\":\"https:\\\/\\\/www.anovapeneira.gal\\\/\",\"logo\":{\"@type\":\"ImageObject\",\"inLanguage\":\"gl-ES\",\"@id\":\"https:\\\/\\\/www.anovapeneira.gal\\\/#\\\/schema\\\/logo\\\/image\\\/\",\"url\":\"http:\\\/\\\/www.anovapeneira.gal\\\/wp-content\\\/uploads\\\/2019\\\/06\\\/logo_a_nova_peneira_portal_web.png\",\"contentUrl\":\"http:\\\/\\\/www.anovapeneira.gal\\\/wp-content\\\/uploads\\\/2019\\\/06\\\/logo_a_nova_peneira_portal_web.png\",\"width\":300,\"height\":100,\"caption\":\"A Nova Peneira\"},\"image\":{\"@id\":\"https:\\\/\\\/www.anovapeneira.gal\\\/#\\\/schema\\\/logo\\\/image\\\/\"},\"sameAs\":[\"https:\\\/\\\/www.facebook.com\\\/anovapeneira\",\"https:\\\/\\\/x.com\\\/APeneira\"]},{\"@type\":\"Person\",\"@id\":\"https:\\\/\\\/www.anovapeneira.gal\\\/#\\\/schema\\\/person\\\/424dfe65e3070fd8a44d22d2c088762a\",\"name\":\"Tino Lago\",\"image\":{\"@type\":\"ImageObject\",\"inLanguage\":\"gl-ES\",\"@id\":\"https:\\\/\\\/secure.gravatar.com\\\/avatar\\\/b3df6a06e44bab3111583b90f0f33a0379ee5e3d22cbadd232d39f21c30c62be?s=96&d=mm&r=g\",\"url\":\"https:\\\/\\\/secure.gravatar.com\\\/avatar\\\/b3df6a06e44bab3111583b90f0f33a0379ee5e3d22cbadd232d39f21c30c62be?s=96&d=mm&r=g\",\"contentUrl\":\"https:\\\/\\\/secure.gravatar.com\\\/avatar\\\/b3df6a06e44bab3111583b90f0f33a0379ee5e3d22cbadd232d39f21c30c62be?s=96&d=mm&r=g\",\"caption\":\"Tino Lago\"},\"sameAs\":[\"http:\\\/\\\/www.anovapeneira.gal\"],\"url\":\"https:\\\/\\\/www.anovapeneira.gal\\\/index.php\\\/author\\\/director\\\/\"}]}<\/script>\n<!-- \/ Yoast SEO plugin. -->","yoast_head_json":{"title":"Non, Espa\u00f1a non \u00e9 unha democracia plena -","description":"O pasado nove de febreiro Pablo Iglesias, vicepresidente do goberno e secretario xeral de Unidas Podemos, declaraba que ao seu xu\u00edzo \u201cen Espa\u00f1a non exist\u00eda unha situaci\u00f3n de plena normalidade pol\u00edtica e democr\u00e1tica\u201d.","robots":{"index":"index","follow":"follow","max-snippet":"max-snippet:-1","max-image-preview":"max-image-preview:large","max-video-preview":"max-video-preview:-1"},"canonical":"https:\/\/www.anovapeneira.gal\/index.php\/2021\/03\/04\/non-espana-non-e-unha-democracia-plena\/","og_locale":"gl_ES","og_type":"article","og_title":"Non, Espa\u00f1a non \u00e9 unha democracia plena -","og_description":"O pasado nove de febreiro Pablo Iglesias, vicepresidente do goberno e secretario xeral de Unidas Podemos, declaraba que ao seu xu\u00edzo \u201cen Espa\u00f1a non exist\u00eda unha situaci\u00f3n de plena normalidade pol\u00edtica e democr\u00e1tica\u201d.","og_url":"https:\/\/www.anovapeneira.gal\/index.php\/2021\/03\/04\/non-espana-non-e-unha-democracia-plena\/","article_publisher":"https:\/\/www.facebook.com\/anovapeneira","article_published_time":"2021-03-04T11:00:13+00:00","og_image":[{"width":720,"height":473,"url":"https:\/\/www.anovapeneira.gal\/wp-content\/uploads\/2019\/08\/artigo_editorial_a_nova_peneira.jpg","type":"image\/jpeg"}],"author":"Tino Lago","twitter_card":"summary_large_image","twitter_creator":"@APeneira","twitter_site":"@APeneira","twitter_misc":{"Escrito por":"Tino Lago","Tempo de lectura":"4 minutos"},"schema":{"@context":"https:\/\/schema.org","@graph":[{"@type":"Article","@id":"https:\/\/www.anovapeneira.gal\/index.php\/2021\/03\/04\/non-espana-non-e-unha-democracia-plena\/#article","isPartOf":{"@id":"https:\/\/www.anovapeneira.gal\/index.php\/2021\/03\/04\/non-espana-non-e-unha-democracia-plena\/"},"author":{"name":"Tino Lago","@id":"https:\/\/www.anovapeneira.gal\/#\/schema\/person\/424dfe65e3070fd8a44d22d2c088762a"},"headline":"Non, Espa\u00f1a non \u00e9 unha democracia plena","datePublished":"2021-03-04T11:00:13+00:00","mainEntityOfPage":{"@id":"https:\/\/www.anovapeneira.gal\/index.php\/2021\/03\/04\/non-espana-non-e-unha-democracia-plena\/"},"wordCount":1012,"commentCount":0,"publisher":{"@id":"https:\/\/www.anovapeneira.gal\/#organization"},"image":{"@id":"https:\/\/www.anovapeneira.gal\/index.php\/2021\/03\/04\/non-espana-non-e-unha-democracia-plena\/#primaryimage"},"thumbnailUrl":"https:\/\/www.anovapeneira.gal\/wp-content\/uploads\/2019\/08\/artigo_editorial_a_nova_peneira.jpg","articleSection":["Artigo editorial"],"inLanguage":"gl-ES","potentialAction":[{"@type":"CommentAction","name":"Comment","target":["https:\/\/www.anovapeneira.gal\/index.php\/2021\/03\/04\/non-espana-non-e-unha-democracia-plena\/#respond"]}]},{"@type":"WebPage","@id":"https:\/\/www.anovapeneira.gal\/index.php\/2021\/03\/04\/non-espana-non-e-unha-democracia-plena\/","url":"https:\/\/www.anovapeneira.gal\/index.php\/2021\/03\/04\/non-espana-non-e-unha-democracia-plena\/","name":"Non, Espa\u00f1a non \u00e9 unha democracia plena -","isPartOf":{"@id":"https:\/\/www.anovapeneira.gal\/#website"},"primaryImageOfPage":{"@id":"https:\/\/www.anovapeneira.gal\/index.php\/2021\/03\/04\/non-espana-non-e-unha-democracia-plena\/#primaryimage"},"image":{"@id":"https:\/\/www.anovapeneira.gal\/index.php\/2021\/03\/04\/non-espana-non-e-unha-democracia-plena\/#primaryimage"},"thumbnailUrl":"https:\/\/www.anovapeneira.gal\/wp-content\/uploads\/2019\/08\/artigo_editorial_a_nova_peneira.jpg","datePublished":"2021-03-04T11:00:13+00:00","description":"O pasado nove de febreiro Pablo Iglesias, vicepresidente do goberno e secretario xeral de Unidas Podemos, declaraba que ao seu xu\u00edzo \u201cen Espa\u00f1a non exist\u00eda unha situaci\u00f3n de plena normalidade pol\u00edtica e democr\u00e1tica\u201d.","breadcrumb":{"@id":"https:\/\/www.anovapeneira.gal\/index.php\/2021\/03\/04\/non-espana-non-e-unha-democracia-plena\/#breadcrumb"},"inLanguage":"gl-ES","potentialAction":[{"@type":"ReadAction","target":["https:\/\/www.anovapeneira.gal\/index.php\/2021\/03\/04\/non-espana-non-e-unha-democracia-plena\/"]}]},{"@type":"ImageObject","inLanguage":"gl-ES","@id":"https:\/\/www.anovapeneira.gal\/index.php\/2021\/03\/04\/non-espana-non-e-unha-democracia-plena\/#primaryimage","url":"https:\/\/www.anovapeneira.gal\/wp-content\/uploads\/2019\/08\/artigo_editorial_a_nova_peneira.jpg","contentUrl":"https:\/\/www.anovapeneira.gal\/wp-content\/uploads\/2019\/08\/artigo_editorial_a_nova_peneira.jpg","width":720,"height":473,"caption":"Artigo editorial Tino Lago A Nova Peneira"},{"@type":"BreadcrumbList","@id":"https:\/\/www.anovapeneira.gal\/index.php\/2021\/03\/04\/non-espana-non-e-unha-democracia-plena\/#breadcrumb","itemListElement":[{"@type":"ListItem","position":1,"name":"Portada","item":"https:\/\/www.anovapeneira.gal\/"},{"@type":"ListItem","position":2,"name":"Non, Espa\u00f1a non \u00e9 unha democracia plena"}]},{"@type":"WebSite","@id":"https:\/\/www.anovapeneira.gal\/#website","url":"https:\/\/www.anovapeneira.gal\/","name":"","description":"Xornal galego de informaci\u00f3n xeral Publicaci\u00f3n mensual de novas de Galicia e en especial dos Concellos da sur da provincia de Pontevedra.","publisher":{"@id":"https:\/\/www.anovapeneira.gal\/#organization"},"potentialAction":[{"@type":"SearchAction","target":{"@type":"EntryPoint","urlTemplate":"https:\/\/www.anovapeneira.gal\/?s={search_term_string}"},"query-input":{"@type":"PropertyValueSpecification","valueRequired":true,"valueName":"search_term_string"}}],"inLanguage":"gl-ES"},{"@type":"Organization","@id":"https:\/\/www.anovapeneira.gal\/#organization","name":"A Nova Peneira","url":"https:\/\/www.anovapeneira.gal\/","logo":{"@type":"ImageObject","inLanguage":"gl-ES","@id":"https:\/\/www.anovapeneira.gal\/#\/schema\/logo\/image\/","url":"http:\/\/www.anovapeneira.gal\/wp-content\/uploads\/2019\/06\/logo_a_nova_peneira_portal_web.png","contentUrl":"http:\/\/www.anovapeneira.gal\/wp-content\/uploads\/2019\/06\/logo_a_nova_peneira_portal_web.png","width":300,"height":100,"caption":"A Nova Peneira"},"image":{"@id":"https:\/\/www.anovapeneira.gal\/#\/schema\/logo\/image\/"},"sameAs":["https:\/\/www.facebook.com\/anovapeneira","https:\/\/x.com\/APeneira"]},{"@type":"Person","@id":"https:\/\/www.anovapeneira.gal\/#\/schema\/person\/424dfe65e3070fd8a44d22d2c088762a","name":"Tino Lago","image":{"@type":"ImageObject","inLanguage":"gl-ES","@id":"https:\/\/secure.gravatar.com\/avatar\/b3df6a06e44bab3111583b90f0f33a0379ee5e3d22cbadd232d39f21c30c62be?s=96&d=mm&r=g","url":"https:\/\/secure.gravatar.com\/avatar\/b3df6a06e44bab3111583b90f0f33a0379ee5e3d22cbadd232d39f21c30c62be?s=96&d=mm&r=g","contentUrl":"https:\/\/secure.gravatar.com\/avatar\/b3df6a06e44bab3111583b90f0f33a0379ee5e3d22cbadd232d39f21c30c62be?s=96&d=mm&r=g","caption":"Tino Lago"},"sameAs":["http:\/\/www.anovapeneira.gal"],"url":"https:\/\/www.anovapeneira.gal\/index.php\/author\/director\/"}]}},"jetpack_featured_media_url":"https:\/\/www.anovapeneira.gal\/wp-content\/uploads\/2019\/08\/artigo_editorial_a_nova_peneira.jpg","_links":{"self":[{"href":"https:\/\/www.anovapeneira.gal\/index.php\/wp-json\/wp\/v2\/posts\/4964","targetHints":{"allow":["GET"]}}],"collection":[{"href":"https:\/\/www.anovapeneira.gal\/index.php\/wp-json\/wp\/v2\/posts"}],"about":[{"href":"https:\/\/www.anovapeneira.gal\/index.php\/wp-json\/wp\/v2\/types\/post"}],"author":[{"embeddable":true,"href":"https:\/\/www.anovapeneira.gal\/index.php\/wp-json\/wp\/v2\/users\/2"}],"replies":[{"embeddable":true,"href":"https:\/\/www.anovapeneira.gal\/index.php\/wp-json\/wp\/v2\/comments?post=4964"}],"version-history":[{"count":2,"href":"https:\/\/www.anovapeneira.gal\/index.php\/wp-json\/wp\/v2\/posts\/4964\/revisions"}],"predecessor-version":[{"id":4966,"href":"https:\/\/www.anovapeneira.gal\/index.php\/wp-json\/wp\/v2\/posts\/4964\/revisions\/4966"}],"wp:featuredmedia":[{"embeddable":true,"href":"https:\/\/www.anovapeneira.gal\/index.php\/wp-json\/wp\/v2\/media\/913"}],"wp:attachment":[{"href":"https:\/\/www.anovapeneira.gal\/index.php\/wp-json\/wp\/v2\/media?parent=4964"}],"wp:term":[{"taxonomy":"category","embeddable":true,"href":"https:\/\/www.anovapeneira.gal\/index.php\/wp-json\/wp\/v2\/categories?post=4964"},{"taxonomy":"post_tag","embeddable":true,"href":"https:\/\/www.anovapeneira.gal\/index.php\/wp-json\/wp\/v2\/tags?post=4964"}],"curies":[{"name":"wp","href":"https:\/\/api.w.org\/{rel}","templated":true}]}}