{"id":4967,"date":"2021-03-05T10:00:10","date_gmt":"2021-03-05T09:00:10","guid":{"rendered":"http:\/\/www.anovapeneira.gal\/?p=4967"},"modified":"2021-03-04T07:34:26","modified_gmt":"2021-03-04T06:34:26","slug":"esixen-a-xunta-de-galicia-menos-drama-co-lobo-e-mais-control-das-macrogranxas-para-protexer-a-ganderia-extensiva-e-tradicional","status":"publish","type":"post","link":"https:\/\/www.anovapeneira.gal\/index.php\/2021\/03\/05\/esixen-a-xunta-de-galicia-menos-drama-co-lobo-e-mais-control-das-macrogranxas-para-protexer-a-ganderia-extensiva-e-tradicional\/","title":{"rendered":"Esixen \u00e1 Xunta de Galicia menos drama co lobo e m\u00e1is control das macrogranxas para protexer \u00e1 gander\u00eda extensiva e tradicional"},"content":{"rendered":"\n<ul class=\"wp-block-list\"><li><strong>Ecoloxistas en Acci\u00f3n instan \u00e1 Xunta de Galicia a que deixe de usar ao lobo como distracci\u00f3n para ocultar a degradaci\u00f3n da econom\u00eda rural baseada na gander\u00eda extensiva e tradicional. Unha situaci\u00f3n da que segundo a organizaci\u00f3n ecoloxistas \u00e9 o goberno galego o m\u00e1ximo responsable pola s\u00faa permisividade coa proliferaci\u00f3n das macrogranxas e a s\u00faa deficiente xesti\u00f3n ambiental.<\/strong><\/li><li><strong>A organizaci\u00f3n ecoloxista mostra o seu total apoio \u00e1 inclusi\u00f3n de todas as poboaci\u00f3ns espa\u00f1olas de lobo na Listaxe de Especies Silvestres en R\u00e9xime de Protecci\u00f3n Especial.<\/strong><\/li><\/ul>\n\n\n\n<p><br>Ecoloxistas en Acci\u00f3n denuncia que a Xunta de Galicia vive instalada nunha permanete sobreactuaci\u00f3n dende que a protecci\u00f3n do lobo foi anunciada polo Ministerio Para a Transici\u00f3n Ecol\u00f3xica e Reto Demogr\u00e1fico. Para a organizaci\u00f3n ecoloxistas esta dramatizaci\u00f3n carece de sentido, xa que os \u00fanicos claramente prexudicados por esta medida son os cazadores furtivos, quen ver\u00e1n incrementadas considerablemente as sanci\u00f3ns por cazar ilegalmente esta especie.<br><br>Ecoloxistas en Acci\u00f3n sinala que un lobo protexido pola lei estatal implica maiores penas para os que cazan a especie ilegalmente, pero tam\u00e9n m\u00e1is recursos econ\u00f3minos por parte do estado para a implementaci\u00f3n de medias preventivas efectivas e a oportunidade de explorar novos modos de convivencia co entorno natural.&nbsp;<br><br>Aseguran que a ciencia xa foi clara demostrando que a caza do lobo non s\u00f3 non protexe ao gando, senon que fai, ao verse desestructuradas as mandas, que os ataques de lobo a gando se multipliquen cando este \u00e9 sometido \u00e1 presi\u00f3n cinex\u00e9tica. O Lobo \u00e9 unha especie de depredador apical, que como superdepredador est\u00e1 dotado de mecanismos de auto regulaci\u00f3n das s\u00faas poboaci\u00f3ns, polo que unha superpoboaci\u00f3n da especie non \u00e9 pos\u00edble.&nbsp;<br><br>Dende a entidade ecoloxista inciden en que a convivencia do sector gandeiro non s\u00f3 \u00e9 posible senon imprescindible e para elo po\u00f1en o foco no seu proxecto &#8220;Vivir Con Lobos&#8221;, no que m\u00e1is de 50 gandeiros de diferentes puntos do estado con presenza de lobo amosaron que a implementaci\u00f3n de medidas preventivas \u00e9 o m\u00e9todo m\u00e1is eficaz para asegurala convivencia do sector gandeiro en extensivo e a fauna silvestre. O que significa vivir coa natureza e non contra a natureza.&nbsp;<br><br>A organizaci\u00f3n exoloxista lembra que \u00e9 a Comisi\u00f3n Europea a que est\u00e1 a solicitar aos estados membros unha convivencia pac\u00edfica e sostible coa natureza por parte do sector primario a trav\u00e9s da implementaci\u00f3n e medidas preventivas financiadas a trav\u00e9s da PAC (Pol\u00edtica Agraria Com\u00fan).&nbsp;<br><br>Demandan \u00e1 Conseller\u00eda de Medio Ambiente que abandone o seu anacr\u00f3nico inmobilismo pol\u00edtico e promovan unha intensa campa\u00f1a de educaci\u00f3n ambiental que desterre a imaxe do lobo como unha alima\u00f1a e o visibilice como un depredador imprescindible&nbsp; para o correcto equilibro dos ecosistemas peninsulares<\/p>\n","protected":false},"excerpt":{"rendered":"<div class=\"mh-excerpt\"><p>Ecoloxistas en Acci\u00f3n instan \u00e1 Xunta de Galicia a que deixe de usar ao lobo como distracci\u00f3n para ocultar a degradaci\u00f3n da econom\u00eda rural baseada na gander\u00eda extensiva e tradicional <a class=\"mh-excerpt-more\" href=\"https:\/\/www.anovapeneira.gal\/index.php\/2021\/03\/05\/esixen-a-xunta-de-galicia-menos-drama-co-lobo-e-mais-control-das-macrogranxas-para-protexer-a-ganderia-extensiva-e-tradicional\/\" title=\"Esixen \u00e1 Xunta de Galicia menos drama co lobo e m\u00e1is control das macrogranxas para protexer \u00e1 gander\u00eda extensiva e tradicional\">[&#8230;]<\/a><\/p>\n<\/div>","protected":false},"author":3,"featured_media":4968,"comment_status":"open","ping_status":"open","sticky":false,"template":"","format":"standard","meta":{"_exactmetrics_skip_tracking":false,"_exactmetrics_sitenote_active":false,"_exactmetrics_sitenote_note":"","_exactmetrics_sitenote_category":0,"footnotes":""},"categories":[263],"tags":[924],"class_list":{"0":"post-4967","1":"post","2":"type-post","3":"status-publish","4":"format-standard","5":"has-post-thumbnail","7":"category-novas","8":"tag-ecoloxistas-en-accion"},"yoast_head":"<!-- This site is optimized with the Yoast SEO plugin v27.4 - https:\/\/yoast.com\/product\/yoast-seo-wordpress\/ -->\n<title>Esixen \u00e1 Xunta de Galicia menos drama co lobo e m\u00e1is control das macrogranxas para protexer \u00e1 gander\u00eda extensiva e tradicional -<\/title>\n<meta name=\"description\" content=\"Ecoloxistas en Acci\u00f3n instan \u00e1 Xunta de Galicia a que deixe de usar ao lobo como distracci\u00f3n para ocultar a degradaci\u00f3n da econom\u00eda rural baseada na gander\u00eda extensiva e tradicional\" \/>\n<meta name=\"robots\" content=\"index, follow, max-snippet:-1, max-image-preview:large, max-video-preview:-1\" \/>\n<link rel=\"canonical\" href=\"https:\/\/www.anovapeneira.gal\/index.php\/2021\/03\/05\/esixen-a-xunta-de-galicia-menos-drama-co-lobo-e-mais-control-das-macrogranxas-para-protexer-a-ganderia-extensiva-e-tradicional\/\" \/>\n<meta property=\"og:locale\" content=\"gl_ES\" \/>\n<meta property=\"og:type\" content=\"article\" \/>\n<meta property=\"og:title\" content=\"Esixen \u00e1 Xunta de Galicia menos drama co lobo e m\u00e1is control das macrogranxas para protexer \u00e1 gander\u00eda extensiva e tradicional -\" \/>\n<meta property=\"og:description\" content=\"Ecoloxistas en Acci\u00f3n instan \u00e1 Xunta de Galicia a que deixe de usar ao lobo como distracci\u00f3n para ocultar a degradaci\u00f3n da econom\u00eda rural baseada na gander\u00eda extensiva e tradicional\" \/>\n<meta property=\"og:url\" content=\"https:\/\/www.anovapeneira.gal\/index.php\/2021\/03\/05\/esixen-a-xunta-de-galicia-menos-drama-co-lobo-e-mais-control-das-macrogranxas-para-protexer-a-ganderia-extensiva-e-tradicional\/\" \/>\n<meta property=\"article:publisher\" content=\"https:\/\/www.facebook.com\/anovapeneira\" \/>\n<meta property=\"article:published_time\" content=\"2021-03-05T09:00:10+00:00\" \/>\n<meta property=\"og:image\" content=\"https:\/\/www.anovapeneira.gal\/wp-content\/uploads\/2021\/03\/ecoloxistas_en_accion_lobo.jpg\" \/>\n\t<meta property=\"og:image:width\" content=\"720\" \/>\n\t<meta property=\"og:image:height\" content=\"432\" \/>\n\t<meta property=\"og:image:type\" content=\"image\/jpeg\" \/>\n<meta name=\"author\" content=\"Redacci\u00f3n A Nova Peneira\" \/>\n<meta name=\"twitter:card\" content=\"summary_large_image\" \/>\n<meta name=\"twitter:creator\" content=\"@APeneira\" \/>\n<meta name=\"twitter:site\" content=\"@APeneira\" \/>\n<meta name=\"twitter:label1\" content=\"Escrito por\" \/>\n\t<meta name=\"twitter:data1\" content=\"Redacci\u00f3n A Nova Peneira\" \/>\n\t<meta name=\"twitter:label2\" content=\"Tempo de lectura\" \/>\n\t<meta name=\"twitter:data2\" content=\"2 minutos\" \/>\n<script type=\"application\/ld+json\" class=\"yoast-schema-graph\">{\"@context\":\"https:\\\/\\\/schema.org\",\"@graph\":[{\"@type\":\"Article\",\"@id\":\"https:\\\/\\\/www.anovapeneira.gal\\\/index.php\\\/2021\\\/03\\\/05\\\/esixen-a-xunta-de-galicia-menos-drama-co-lobo-e-mais-control-das-macrogranxas-para-protexer-a-ganderia-extensiva-e-tradicional\\\/#article\",\"isPartOf\":{\"@id\":\"https:\\\/\\\/www.anovapeneira.gal\\\/index.php\\\/2021\\\/03\\\/05\\\/esixen-a-xunta-de-galicia-menos-drama-co-lobo-e-mais-control-das-macrogranxas-para-protexer-a-ganderia-extensiva-e-tradicional\\\/\"},\"author\":{\"name\":\"Redacci\u00f3n A Nova Peneira\",\"@id\":\"https:\\\/\\\/www.anovapeneira.gal\\\/#\\\/schema\\\/person\\\/b93e3f8932e3f8da96334607eb6ac6aa\"},\"headline\":\"Esixen \u00e1 Xunta de Galicia menos drama co lobo e m\u00e1is control das macrogranxas para protexer \u00e1 gander\u00eda extensiva e tradicional\",\"datePublished\":\"2021-03-05T09:00:10+00:00\",\"mainEntityOfPage\":{\"@id\":\"https:\\\/\\\/www.anovapeneira.gal\\\/index.php\\\/2021\\\/03\\\/05\\\/esixen-a-xunta-de-galicia-menos-drama-co-lobo-e-mais-control-das-macrogranxas-para-protexer-a-ganderia-extensiva-e-tradicional\\\/\"},\"wordCount\":512,\"commentCount\":0,\"publisher\":{\"@id\":\"https:\\\/\\\/www.anovapeneira.gal\\\/#organization\"},\"image\":{\"@id\":\"https:\\\/\\\/www.anovapeneira.gal\\\/index.php\\\/2021\\\/03\\\/05\\\/esixen-a-xunta-de-galicia-menos-drama-co-lobo-e-mais-control-das-macrogranxas-para-protexer-a-ganderia-extensiva-e-tradicional\\\/#primaryimage\"},\"thumbnailUrl\":\"https:\\\/\\\/www.anovapeneira.gal\\\/wp-content\\\/uploads\\\/2021\\\/03\\\/ecoloxistas_en_accion_lobo.jpg\",\"keywords\":[\"Ecoloxistas en Acci\u00f3n\"],\"articleSection\":[\"Novas\"],\"inLanguage\":\"gl-ES\",\"potentialAction\":[{\"@type\":\"CommentAction\",\"name\":\"Comment\",\"target\":[\"https:\\\/\\\/www.anovapeneira.gal\\\/index.php\\\/2021\\\/03\\\/05\\\/esixen-a-xunta-de-galicia-menos-drama-co-lobo-e-mais-control-das-macrogranxas-para-protexer-a-ganderia-extensiva-e-tradicional\\\/#respond\"]}]},{\"@type\":\"WebPage\",\"@id\":\"https:\\\/\\\/www.anovapeneira.gal\\\/index.php\\\/2021\\\/03\\\/05\\\/esixen-a-xunta-de-galicia-menos-drama-co-lobo-e-mais-control-das-macrogranxas-para-protexer-a-ganderia-extensiva-e-tradicional\\\/\",\"url\":\"https:\\\/\\\/www.anovapeneira.gal\\\/index.php\\\/2021\\\/03\\\/05\\\/esixen-a-xunta-de-galicia-menos-drama-co-lobo-e-mais-control-das-macrogranxas-para-protexer-a-ganderia-extensiva-e-tradicional\\\/\",\"name\":\"Esixen \u00e1 Xunta de Galicia menos drama co lobo e m\u00e1is control das macrogranxas para protexer \u00e1 gander\u00eda extensiva e tradicional -\",\"isPartOf\":{\"@id\":\"https:\\\/\\\/www.anovapeneira.gal\\\/#website\"},\"primaryImageOfPage\":{\"@id\":\"https:\\\/\\\/www.anovapeneira.gal\\\/index.php\\\/2021\\\/03\\\/05\\\/esixen-a-xunta-de-galicia-menos-drama-co-lobo-e-mais-control-das-macrogranxas-para-protexer-a-ganderia-extensiva-e-tradicional\\\/#primaryimage\"},\"image\":{\"@id\":\"https:\\\/\\\/www.anovapeneira.gal\\\/index.php\\\/2021\\\/03\\\/05\\\/esixen-a-xunta-de-galicia-menos-drama-co-lobo-e-mais-control-das-macrogranxas-para-protexer-a-ganderia-extensiva-e-tradicional\\\/#primaryimage\"},\"thumbnailUrl\":\"https:\\\/\\\/www.anovapeneira.gal\\\/wp-content\\\/uploads\\\/2021\\\/03\\\/ecoloxistas_en_accion_lobo.jpg\",\"datePublished\":\"2021-03-05T09:00:10+00:00\",\"description\":\"Ecoloxistas en Acci\u00f3n instan \u00e1 Xunta de Galicia a que deixe de usar ao lobo como distracci\u00f3n para ocultar a degradaci\u00f3n da econom\u00eda rural baseada na gander\u00eda extensiva e tradicional\",\"breadcrumb\":{\"@id\":\"https:\\\/\\\/www.anovapeneira.gal\\\/index.php\\\/2021\\\/03\\\/05\\\/esixen-a-xunta-de-galicia-menos-drama-co-lobo-e-mais-control-das-macrogranxas-para-protexer-a-ganderia-extensiva-e-tradicional\\\/#breadcrumb\"},\"inLanguage\":\"gl-ES\",\"potentialAction\":[{\"@type\":\"ReadAction\",\"target\":[\"https:\\\/\\\/www.anovapeneira.gal\\\/index.php\\\/2021\\\/03\\\/05\\\/esixen-a-xunta-de-galicia-menos-drama-co-lobo-e-mais-control-das-macrogranxas-para-protexer-a-ganderia-extensiva-e-tradicional\\\/\"]}]},{\"@type\":\"ImageObject\",\"inLanguage\":\"gl-ES\",\"@id\":\"https:\\\/\\\/www.anovapeneira.gal\\\/index.php\\\/2021\\\/03\\\/05\\\/esixen-a-xunta-de-galicia-menos-drama-co-lobo-e-mais-control-das-macrogranxas-para-protexer-a-ganderia-extensiva-e-tradicional\\\/#primaryimage\",\"url\":\"https:\\\/\\\/www.anovapeneira.gal\\\/wp-content\\\/uploads\\\/2021\\\/03\\\/ecoloxistas_en_accion_lobo.jpg\",\"contentUrl\":\"https:\\\/\\\/www.anovapeneira.gal\\\/wp-content\\\/uploads\\\/2021\\\/03\\\/ecoloxistas_en_accion_lobo.jpg\",\"width\":720,\"height\":432,\"caption\":\"Esixen \u00e1 Xunta de Galicia menos drama co lobo e m\u00e1is control das macrogranxas para protexer \u00e1 gander\u00eda extensiva e tradicional\"},{\"@type\":\"BreadcrumbList\",\"@id\":\"https:\\\/\\\/www.anovapeneira.gal\\\/index.php\\\/2021\\\/03\\\/05\\\/esixen-a-xunta-de-galicia-menos-drama-co-lobo-e-mais-control-das-macrogranxas-para-protexer-a-ganderia-extensiva-e-tradicional\\\/#breadcrumb\",\"itemListElement\":[{\"@type\":\"ListItem\",\"position\":1,\"name\":\"Portada\",\"item\":\"https:\\\/\\\/www.anovapeneira.gal\\\/\"},{\"@type\":\"ListItem\",\"position\":2,\"name\":\"Esixen \u00e1 Xunta de Galicia menos drama co lobo e m\u00e1is control das macrogranxas para protexer \u00e1 gander\u00eda extensiva e tradicional\"}]},{\"@type\":\"WebSite\",\"@id\":\"https:\\\/\\\/www.anovapeneira.gal\\\/#website\",\"url\":\"https:\\\/\\\/www.anovapeneira.gal\\\/\",\"name\":\"\",\"description\":\"Xornal galego de informaci\u00f3n xeral Publicaci\u00f3n mensual de novas de Galicia e en especial dos Concellos da sur da provincia de Pontevedra.\",\"publisher\":{\"@id\":\"https:\\\/\\\/www.anovapeneira.gal\\\/#organization\"},\"potentialAction\":[{\"@type\":\"SearchAction\",\"target\":{\"@type\":\"EntryPoint\",\"urlTemplate\":\"https:\\\/\\\/www.anovapeneira.gal\\\/?s={search_term_string}\"},\"query-input\":{\"@type\":\"PropertyValueSpecification\",\"valueRequired\":true,\"valueName\":\"search_term_string\"}}],\"inLanguage\":\"gl-ES\"},{\"@type\":\"Organization\",\"@id\":\"https:\\\/\\\/www.anovapeneira.gal\\\/#organization\",\"name\":\"A Nova Peneira\",\"url\":\"https:\\\/\\\/www.anovapeneira.gal\\\/\",\"logo\":{\"@type\":\"ImageObject\",\"inLanguage\":\"gl-ES\",\"@id\":\"https:\\\/\\\/www.anovapeneira.gal\\\/#\\\/schema\\\/logo\\\/image\\\/\",\"url\":\"http:\\\/\\\/www.anovapeneira.gal\\\/wp-content\\\/uploads\\\/2019\\\/06\\\/logo_a_nova_peneira_portal_web.png\",\"contentUrl\":\"http:\\\/\\\/www.anovapeneira.gal\\\/wp-content\\\/uploads\\\/2019\\\/06\\\/logo_a_nova_peneira_portal_web.png\",\"width\":300,\"height\":100,\"caption\":\"A Nova Peneira\"},\"image\":{\"@id\":\"https:\\\/\\\/www.anovapeneira.gal\\\/#\\\/schema\\\/logo\\\/image\\\/\"},\"sameAs\":[\"https:\\\/\\\/www.facebook.com\\\/anovapeneira\",\"https:\\\/\\\/x.com\\\/APeneira\"]},{\"@type\":\"Person\",\"@id\":\"https:\\\/\\\/www.anovapeneira.gal\\\/#\\\/schema\\\/person\\\/b93e3f8932e3f8da96334607eb6ac6aa\",\"name\":\"Redacci\u00f3n A Nova Peneira\",\"image\":{\"@type\":\"ImageObject\",\"inLanguage\":\"gl-ES\",\"@id\":\"https:\\\/\\\/secure.gravatar.com\\\/avatar\\\/c052a2551a06e23fac63626232eaa90abd78dbcf1700fc46a2b2c89fd27b735f?s=96&d=mm&r=g\",\"url\":\"https:\\\/\\\/secure.gravatar.com\\\/avatar\\\/c052a2551a06e23fac63626232eaa90abd78dbcf1700fc46a2b2c89fd27b735f?s=96&d=mm&r=g\",\"contentUrl\":\"https:\\\/\\\/secure.gravatar.com\\\/avatar\\\/c052a2551a06e23fac63626232eaa90abd78dbcf1700fc46a2b2c89fd27b735f?s=96&d=mm&r=g\",\"caption\":\"Redacci\u00f3n A Nova Peneira\"},\"sameAs\":[\"http:\\\/\\\/www.anovapeneira.gal\\\/\"],\"url\":\"https:\\\/\\\/www.anovapeneira.gal\\\/index.php\\\/author\\\/redactor\\\/\"}]}<\/script>\n<!-- \/ Yoast SEO plugin. -->","yoast_head_json":{"title":"Esixen \u00e1 Xunta de Galicia menos drama co lobo e m\u00e1is control das macrogranxas para protexer \u00e1 gander\u00eda extensiva e tradicional -","description":"Ecoloxistas en Acci\u00f3n instan \u00e1 Xunta de Galicia a que deixe de usar ao lobo como distracci\u00f3n para ocultar a degradaci\u00f3n da econom\u00eda rural baseada na gander\u00eda extensiva e tradicional","robots":{"index":"index","follow":"follow","max-snippet":"max-snippet:-1","max-image-preview":"max-image-preview:large","max-video-preview":"max-video-preview:-1"},"canonical":"https:\/\/www.anovapeneira.gal\/index.php\/2021\/03\/05\/esixen-a-xunta-de-galicia-menos-drama-co-lobo-e-mais-control-das-macrogranxas-para-protexer-a-ganderia-extensiva-e-tradicional\/","og_locale":"gl_ES","og_type":"article","og_title":"Esixen \u00e1 Xunta de Galicia menos drama co lobo e m\u00e1is control das macrogranxas para protexer \u00e1 gander\u00eda extensiva e tradicional -","og_description":"Ecoloxistas en Acci\u00f3n instan \u00e1 Xunta de Galicia a que deixe de usar ao lobo como distracci\u00f3n para ocultar a degradaci\u00f3n da econom\u00eda rural baseada na gander\u00eda extensiva e tradicional","og_url":"https:\/\/www.anovapeneira.gal\/index.php\/2021\/03\/05\/esixen-a-xunta-de-galicia-menos-drama-co-lobo-e-mais-control-das-macrogranxas-para-protexer-a-ganderia-extensiva-e-tradicional\/","article_publisher":"https:\/\/www.facebook.com\/anovapeneira","article_published_time":"2021-03-05T09:00:10+00:00","og_image":[{"width":720,"height":432,"url":"https:\/\/www.anovapeneira.gal\/wp-content\/uploads\/2021\/03\/ecoloxistas_en_accion_lobo.jpg","type":"image\/jpeg"}],"author":"Redacci\u00f3n A Nova Peneira","twitter_card":"summary_large_image","twitter_creator":"@APeneira","twitter_site":"@APeneira","twitter_misc":{"Escrito por":"Redacci\u00f3n A Nova Peneira","Tempo de lectura":"2 minutos"},"schema":{"@context":"https:\/\/schema.org","@graph":[{"@type":"Article","@id":"https:\/\/www.anovapeneira.gal\/index.php\/2021\/03\/05\/esixen-a-xunta-de-galicia-menos-drama-co-lobo-e-mais-control-das-macrogranxas-para-protexer-a-ganderia-extensiva-e-tradicional\/#article","isPartOf":{"@id":"https:\/\/www.anovapeneira.gal\/index.php\/2021\/03\/05\/esixen-a-xunta-de-galicia-menos-drama-co-lobo-e-mais-control-das-macrogranxas-para-protexer-a-ganderia-extensiva-e-tradicional\/"},"author":{"name":"Redacci\u00f3n A Nova Peneira","@id":"https:\/\/www.anovapeneira.gal\/#\/schema\/person\/b93e3f8932e3f8da96334607eb6ac6aa"},"headline":"Esixen \u00e1 Xunta de Galicia menos drama co lobo e m\u00e1is control das macrogranxas para protexer \u00e1 gander\u00eda extensiva e tradicional","datePublished":"2021-03-05T09:00:10+00:00","mainEntityOfPage":{"@id":"https:\/\/www.anovapeneira.gal\/index.php\/2021\/03\/05\/esixen-a-xunta-de-galicia-menos-drama-co-lobo-e-mais-control-das-macrogranxas-para-protexer-a-ganderia-extensiva-e-tradicional\/"},"wordCount":512,"commentCount":0,"publisher":{"@id":"https:\/\/www.anovapeneira.gal\/#organization"},"image":{"@id":"https:\/\/www.anovapeneira.gal\/index.php\/2021\/03\/05\/esixen-a-xunta-de-galicia-menos-drama-co-lobo-e-mais-control-das-macrogranxas-para-protexer-a-ganderia-extensiva-e-tradicional\/#primaryimage"},"thumbnailUrl":"https:\/\/www.anovapeneira.gal\/wp-content\/uploads\/2021\/03\/ecoloxistas_en_accion_lobo.jpg","keywords":["Ecoloxistas en Acci\u00f3n"],"articleSection":["Novas"],"inLanguage":"gl-ES","potentialAction":[{"@type":"CommentAction","name":"Comment","target":["https:\/\/www.anovapeneira.gal\/index.php\/2021\/03\/05\/esixen-a-xunta-de-galicia-menos-drama-co-lobo-e-mais-control-das-macrogranxas-para-protexer-a-ganderia-extensiva-e-tradicional\/#respond"]}]},{"@type":"WebPage","@id":"https:\/\/www.anovapeneira.gal\/index.php\/2021\/03\/05\/esixen-a-xunta-de-galicia-menos-drama-co-lobo-e-mais-control-das-macrogranxas-para-protexer-a-ganderia-extensiva-e-tradicional\/","url":"https:\/\/www.anovapeneira.gal\/index.php\/2021\/03\/05\/esixen-a-xunta-de-galicia-menos-drama-co-lobo-e-mais-control-das-macrogranxas-para-protexer-a-ganderia-extensiva-e-tradicional\/","name":"Esixen \u00e1 Xunta de Galicia menos drama co lobo e m\u00e1is control das macrogranxas para protexer \u00e1 gander\u00eda extensiva e tradicional -","isPartOf":{"@id":"https:\/\/www.anovapeneira.gal\/#website"},"primaryImageOfPage":{"@id":"https:\/\/www.anovapeneira.gal\/index.php\/2021\/03\/05\/esixen-a-xunta-de-galicia-menos-drama-co-lobo-e-mais-control-das-macrogranxas-para-protexer-a-ganderia-extensiva-e-tradicional\/#primaryimage"},"image":{"@id":"https:\/\/www.anovapeneira.gal\/index.php\/2021\/03\/05\/esixen-a-xunta-de-galicia-menos-drama-co-lobo-e-mais-control-das-macrogranxas-para-protexer-a-ganderia-extensiva-e-tradicional\/#primaryimage"},"thumbnailUrl":"https:\/\/www.anovapeneira.gal\/wp-content\/uploads\/2021\/03\/ecoloxistas_en_accion_lobo.jpg","datePublished":"2021-03-05T09:00:10+00:00","description":"Ecoloxistas en Acci\u00f3n instan \u00e1 Xunta de Galicia a que deixe de usar ao lobo como distracci\u00f3n para ocultar a degradaci\u00f3n da econom\u00eda rural baseada na gander\u00eda extensiva e tradicional","breadcrumb":{"@id":"https:\/\/www.anovapeneira.gal\/index.php\/2021\/03\/05\/esixen-a-xunta-de-galicia-menos-drama-co-lobo-e-mais-control-das-macrogranxas-para-protexer-a-ganderia-extensiva-e-tradicional\/#breadcrumb"},"inLanguage":"gl-ES","potentialAction":[{"@type":"ReadAction","target":["https:\/\/www.anovapeneira.gal\/index.php\/2021\/03\/05\/esixen-a-xunta-de-galicia-menos-drama-co-lobo-e-mais-control-das-macrogranxas-para-protexer-a-ganderia-extensiva-e-tradicional\/"]}]},{"@type":"ImageObject","inLanguage":"gl-ES","@id":"https:\/\/www.anovapeneira.gal\/index.php\/2021\/03\/05\/esixen-a-xunta-de-galicia-menos-drama-co-lobo-e-mais-control-das-macrogranxas-para-protexer-a-ganderia-extensiva-e-tradicional\/#primaryimage","url":"https:\/\/www.anovapeneira.gal\/wp-content\/uploads\/2021\/03\/ecoloxistas_en_accion_lobo.jpg","contentUrl":"https:\/\/www.anovapeneira.gal\/wp-content\/uploads\/2021\/03\/ecoloxistas_en_accion_lobo.jpg","width":720,"height":432,"caption":"Esixen \u00e1 Xunta de Galicia menos drama co lobo e m\u00e1is control das macrogranxas para protexer \u00e1 gander\u00eda extensiva e tradicional"},{"@type":"BreadcrumbList","@id":"https:\/\/www.anovapeneira.gal\/index.php\/2021\/03\/05\/esixen-a-xunta-de-galicia-menos-drama-co-lobo-e-mais-control-das-macrogranxas-para-protexer-a-ganderia-extensiva-e-tradicional\/#breadcrumb","itemListElement":[{"@type":"ListItem","position":1,"name":"Portada","item":"https:\/\/www.anovapeneira.gal\/"},{"@type":"ListItem","position":2,"name":"Esixen \u00e1 Xunta de Galicia menos drama co lobo e m\u00e1is control das macrogranxas para protexer \u00e1 gander\u00eda extensiva e tradicional"}]},{"@type":"WebSite","@id":"https:\/\/www.anovapeneira.gal\/#website","url":"https:\/\/www.anovapeneira.gal\/","name":"","description":"Xornal galego de informaci\u00f3n xeral Publicaci\u00f3n mensual de novas de Galicia e en especial dos Concellos da sur da provincia de Pontevedra.","publisher":{"@id":"https:\/\/www.anovapeneira.gal\/#organization"},"potentialAction":[{"@type":"SearchAction","target":{"@type":"EntryPoint","urlTemplate":"https:\/\/www.anovapeneira.gal\/?s={search_term_string}"},"query-input":{"@type":"PropertyValueSpecification","valueRequired":true,"valueName":"search_term_string"}}],"inLanguage":"gl-ES"},{"@type":"Organization","@id":"https:\/\/www.anovapeneira.gal\/#organization","name":"A Nova Peneira","url":"https:\/\/www.anovapeneira.gal\/","logo":{"@type":"ImageObject","inLanguage":"gl-ES","@id":"https:\/\/www.anovapeneira.gal\/#\/schema\/logo\/image\/","url":"http:\/\/www.anovapeneira.gal\/wp-content\/uploads\/2019\/06\/logo_a_nova_peneira_portal_web.png","contentUrl":"http:\/\/www.anovapeneira.gal\/wp-content\/uploads\/2019\/06\/logo_a_nova_peneira_portal_web.png","width":300,"height":100,"caption":"A Nova Peneira"},"image":{"@id":"https:\/\/www.anovapeneira.gal\/#\/schema\/logo\/image\/"},"sameAs":["https:\/\/www.facebook.com\/anovapeneira","https:\/\/x.com\/APeneira"]},{"@type":"Person","@id":"https:\/\/www.anovapeneira.gal\/#\/schema\/person\/b93e3f8932e3f8da96334607eb6ac6aa","name":"Redacci\u00f3n A Nova Peneira","image":{"@type":"ImageObject","inLanguage":"gl-ES","@id":"https:\/\/secure.gravatar.com\/avatar\/c052a2551a06e23fac63626232eaa90abd78dbcf1700fc46a2b2c89fd27b735f?s=96&d=mm&r=g","url":"https:\/\/secure.gravatar.com\/avatar\/c052a2551a06e23fac63626232eaa90abd78dbcf1700fc46a2b2c89fd27b735f?s=96&d=mm&r=g","contentUrl":"https:\/\/secure.gravatar.com\/avatar\/c052a2551a06e23fac63626232eaa90abd78dbcf1700fc46a2b2c89fd27b735f?s=96&d=mm&r=g","caption":"Redacci\u00f3n A Nova Peneira"},"sameAs":["http:\/\/www.anovapeneira.gal\/"],"url":"https:\/\/www.anovapeneira.gal\/index.php\/author\/redactor\/"}]}},"jetpack_featured_media_url":"https:\/\/www.anovapeneira.gal\/wp-content\/uploads\/2021\/03\/ecoloxistas_en_accion_lobo.jpg","_links":{"self":[{"href":"https:\/\/www.anovapeneira.gal\/index.php\/wp-json\/wp\/v2\/posts\/4967","targetHints":{"allow":["GET"]}}],"collection":[{"href":"https:\/\/www.anovapeneira.gal\/index.php\/wp-json\/wp\/v2\/posts"}],"about":[{"href":"https:\/\/www.anovapeneira.gal\/index.php\/wp-json\/wp\/v2\/types\/post"}],"author":[{"embeddable":true,"href":"https:\/\/www.anovapeneira.gal\/index.php\/wp-json\/wp\/v2\/users\/3"}],"replies":[{"embeddable":true,"href":"https:\/\/www.anovapeneira.gal\/index.php\/wp-json\/wp\/v2\/comments?post=4967"}],"version-history":[{"count":1,"href":"https:\/\/www.anovapeneira.gal\/index.php\/wp-json\/wp\/v2\/posts\/4967\/revisions"}],"predecessor-version":[{"id":4969,"href":"https:\/\/www.anovapeneira.gal\/index.php\/wp-json\/wp\/v2\/posts\/4967\/revisions\/4969"}],"wp:featuredmedia":[{"embeddable":true,"href":"https:\/\/www.anovapeneira.gal\/index.php\/wp-json\/wp\/v2\/media\/4968"}],"wp:attachment":[{"href":"https:\/\/www.anovapeneira.gal\/index.php\/wp-json\/wp\/v2\/media?parent=4967"}],"wp:term":[{"taxonomy":"category","embeddable":true,"href":"https:\/\/www.anovapeneira.gal\/index.php\/wp-json\/wp\/v2\/categories?post=4967"},{"taxonomy":"post_tag","embeddable":true,"href":"https:\/\/www.anovapeneira.gal\/index.php\/wp-json\/wp\/v2\/tags?post=4967"}],"curies":[{"name":"wp","href":"https:\/\/api.w.org\/{rel}","templated":true}]}}