{"id":4970,"date":"2021-03-05T12:00:59","date_gmt":"2021-03-05T11:00:59","guid":{"rendered":"http:\/\/www.anovapeneira.gal\/?p=4970"},"modified":"2021-03-04T07:41:18","modified_gmt":"2021-03-04T06:41:18","slug":"a-igm-denuncia-unha-nova-utilizacion-retorcida-do-feminismo-e-de-pardo-bazan-por-parte-da-xunta-de-galicia-a-fin-de-inaugurar-meiras-cun-acto-totalmente-alleo-a-memoria","status":"publish","type":"post","link":"https:\/\/www.anovapeneira.gal\/index.php\/2021\/03\/05\/a-igm-denuncia-unha-nova-utilizacion-retorcida-do-feminismo-e-de-pardo-bazan-por-parte-da-xunta-de-galicia-a-fin-de-inaugurar-meiras-cun-acto-totalmente-alleo-a-memoria\/","title":{"rendered":"A IGM denuncia unha nova utilizaci\u00f3n retorcida do feminismo e de Pardo Baz\u00e1n por parte da Xunta de Galicia a fin de inaugurar Meir\u00e1s cun acto totalmente alleo \u00e1 memoria"},"content":{"rendered":"\n<h2 class=\"wp-block-heading\"><strong>O colectivo alerta\u00a0 de novo do intento do goberno de N\u00fa\u00f1ez Feij\u00f3o de facer co Pazo o mesmo que fixo con San Sim\u00f3n, que dixo \u00eda ser a illa do pensamento e a poes\u00eda, e acabou sendo un parque de atracci\u00f3ns con <em>ginkanas<\/em> e festas de piratas e disfraces<\/strong><\/h2>\n\n\n\n<p><strong>A Coru\u00f1a, 1 de marzo de 2021. <\/strong><\/p>\n\n\n\n<p>A Iniciativa Galega pola Memoria v\u00e9n de denunciar unha nova \u201cutilizaci\u00f3n retorcida\u201d do feminismo e da figura de Emilia Pardo Baz\u00e1n por parte da Xunta de Galicia, que anunciou a s\u00faa intenci\u00f3n de celebrar en Meir\u00e1s a entrega das medallas que, co nome da ilustre escritora, premian iniciativas ou persoas destacadas no \u00e1mbito da igualdade. Previsto para o 8 de marzo, o acto ser\u00eda o primeiro a celebrar no Pazo desde que a xustiza lle reco\u00f1eceu a propiedade ao Estado e, para a IGM, o feito de que non se escolla inauguralo cun reco\u00f1ecemento \u00e1s v\u00edtimas do franquismo e \u00e1 propia loita en contra da impunidade e o esquecemento realizada polo pobo galego, \u00e9 unha burla \u00e1 memoria, que adquire maior gravidade no seu intento de agochala nun acto de reco\u00f1ecemento \u00e1 imprescind\u00edbel loita para a igualdade que leva a cabo o feminismo e que a IGM apoia sen fisuras.\u00a0<\/p>\n\n\n\n<p>A plataforma, que engloba a asociaci\u00f3ns de memoria de todo o pa\u00eds, alerta, m\u00e1is unha vez, do intento do goberno de N\u00fa\u00f1ez Feij\u00f3o por facer en Meir\u00e1s o mesmo que fixo coa illa de San Sim\u00f3n, \u00e1 que lle mudou o tratamento de \u201cilla da memoria\u201d para rebautizala como \u201cilla do pensamento\u201d. Aseguraban que ser\u00eda un alicerce para a creaci\u00f3n po\u00e9tica, literaria e art\u00edstica pero acabaron programando actividades propias dun parque de atracci\u00f3ns, con ginkanas e festas de disfraces e piratas, totalmente incompat\u00edbeis co pasado da illa como campo de concentraci\u00f3n franquista.&nbsp;<\/p>\n\n\n\n<p>Neste caso, a escusa para afastar do Pazo a loita antifranquista \u00e9 o feminismo e a figura de Emilia Pardo Baz\u00e1n, cuxo reco\u00f1ecemento institucional agromou coincidindo coa loita xudicial contra o espolio franquista auspiciada desde a cidadan\u00eda e que, ata a inasum\u00edbel sentenza da Audiencia Provincial da Coru\u00f1a, contaba co respaldo un\u00e1nime das instituci\u00f3ns democr\u00e1ticas. Insiste a IGM en que a mellor homenaxe que se lle pode facer a Emilia Pardo Baz\u00e1n \u00e9 precisamente denunciar un r\u00e9xime patriarcal e aniquilador dos dereitos das mulleres como foi o franquista, e condenar un golpe de Estado que volveu relegar as mulleres ao papel de nais e esposas cando precisamente estaban empezando a adquirir dereitos como cidad\u00e1s.<\/p>\n\n\n\n<p>A plataforma avoga por realizar este acto de merecido reco\u00f1ecemento ao traballo en prol da igualdade de Megumi Shiozawa, a <em>Federaci\u00f3n Provincial de Mulleres Rurais de Ourense<\/em> e \u00e1 <em>Asociaci\u00f3n Rede, mulleres veci\u00f1ais contra os Malos Tratos de Vigo<\/em>, nun lugar alternativo a Meir\u00e1s.<\/p>\n","protected":false},"excerpt":{"rendered":"<div class=\"mh-excerpt\"><p>O colectivo alerta  de novo do intento do goberno de N\u00fa\u00f1ez Feij\u00f3o de facer co Pazo o mesmo que fixo con San Sim\u00f3n, que dixo \u00eda ser a illa do pensamento e a poes\u00eda, e acabou sendo un parque de atracci\u00f3ns con ginkanas e festas de piratas e disfraces <a class=\"mh-excerpt-more\" href=\"https:\/\/www.anovapeneira.gal\/index.php\/2021\/03\/05\/a-igm-denuncia-unha-nova-utilizacion-retorcida-do-feminismo-e-de-pardo-bazan-por-parte-da-xunta-de-galicia-a-fin-de-inaugurar-meiras-cun-acto-totalmente-alleo-a-memoria\/\" title=\"A IGM denuncia unha nova utilizaci\u00f3n retorcida do feminismo e de Pardo Baz\u00e1n por parte da Xunta de Galicia a fin de inaugurar Meir\u00e1s cun acto totalmente alleo \u00e1 memoria\">[&#8230;]<\/a><\/p>\n<\/div>","protected":false},"author":3,"featured_media":4885,"comment_status":"open","ping_status":"open","sticky":false,"template":"","format":"standard","meta":{"_exactmetrics_skip_tracking":false,"_exactmetrics_sitenote_active":false,"_exactmetrics_sitenote_note":"","_exactmetrics_sitenote_category":0,"footnotes":""},"categories":[263],"tags":[283],"class_list":{"0":"post-4970","1":"post","2":"type-post","3":"status-publish","4":"format-standard","5":"has-post-thumbnail","7":"category-novas","8":"tag-pazo-de-meiras"},"yoast_head":"<!-- This site is optimized with the Yoast SEO plugin v27.4 - https:\/\/yoast.com\/product\/yoast-seo-wordpress\/ -->\n<title>A IGM denuncia unha nova utilizaci\u00f3n retorcida do feminismo e de Pardo Baz\u00e1n por parte da Xunta de Galicia a fin de inaugurar Meir\u00e1s cun acto totalmente alleo \u00e1 memoria -<\/title>\n<meta name=\"description\" content=\"O colectivo alerta de novo do intento do goberno de N\u00fa\u00f1ez Feij\u00f3o de facer co Pazo o mesmo que fixo con San Sim\u00f3n, que dixo \u00eda ser a illa do pensamento e a poes\u00eda, e acabou sendo un parque de atracci\u00f3ns con ginkanas e festas de piratas e disfraces\" \/>\n<meta name=\"robots\" content=\"index, follow, max-snippet:-1, max-image-preview:large, max-video-preview:-1\" \/>\n<link rel=\"canonical\" href=\"https:\/\/www.anovapeneira.gal\/index.php\/2021\/03\/05\/a-igm-denuncia-unha-nova-utilizacion-retorcida-do-feminismo-e-de-pardo-bazan-por-parte-da-xunta-de-galicia-a-fin-de-inaugurar-meiras-cun-acto-totalmente-alleo-a-memoria\/\" \/>\n<meta property=\"og:locale\" content=\"gl_ES\" \/>\n<meta property=\"og:type\" content=\"article\" \/>\n<meta property=\"og:title\" content=\"A IGM denuncia unha nova utilizaci\u00f3n retorcida do feminismo e de Pardo Baz\u00e1n por parte da Xunta de Galicia a fin de inaugurar Meir\u00e1s cun acto totalmente alleo \u00e1 memoria -\" \/>\n<meta property=\"og:description\" content=\"O colectivo alerta de novo do intento do goberno de N\u00fa\u00f1ez Feij\u00f3o de facer co Pazo o mesmo que fixo con San Sim\u00f3n, que dixo \u00eda ser a illa do pensamento e a poes\u00eda, e acabou sendo un parque de atracci\u00f3ns con ginkanas e festas de piratas e disfraces\" \/>\n<meta property=\"og:url\" content=\"https:\/\/www.anovapeneira.gal\/index.php\/2021\/03\/05\/a-igm-denuncia-unha-nova-utilizacion-retorcida-do-feminismo-e-de-pardo-bazan-por-parte-da-xunta-de-galicia-a-fin-de-inaugurar-meiras-cun-acto-totalmente-alleo-a-memoria\/\" \/>\n<meta property=\"article:publisher\" content=\"https:\/\/www.facebook.com\/anovapeneira\" \/>\n<meta property=\"article:published_time\" content=\"2021-03-05T11:00:59+00:00\" \/>\n<meta property=\"og:image\" content=\"https:\/\/www.anovapeneira.gal\/wp-content\/uploads\/2021\/02\/iniciativagalegapolamemoria.gif\" \/>\n\t<meta property=\"og:image:width\" content=\"1920\" \/>\n\t<meta property=\"og:image:height\" content=\"1146\" \/>\n\t<meta property=\"og:image:type\" content=\"image\/gif\" \/>\n<meta name=\"author\" content=\"Redacci\u00f3n A Nova Peneira\" \/>\n<meta name=\"twitter:card\" content=\"summary_large_image\" \/>\n<meta name=\"twitter:creator\" content=\"@APeneira\" \/>\n<meta name=\"twitter:site\" content=\"@APeneira\" \/>\n<meta name=\"twitter:label1\" content=\"Escrito por\" \/>\n\t<meta name=\"twitter:data1\" content=\"Redacci\u00f3n A Nova Peneira\" \/>\n\t<meta name=\"twitter:label2\" content=\"Tempo de lectura\" \/>\n\t<meta name=\"twitter:data2\" content=\"2 minutos\" \/>\n<script type=\"application\/ld+json\" class=\"yoast-schema-graph\">{\"@context\":\"https:\\\/\\\/schema.org\",\"@graph\":[{\"@type\":\"Article\",\"@id\":\"https:\\\/\\\/www.anovapeneira.gal\\\/index.php\\\/2021\\\/03\\\/05\\\/a-igm-denuncia-unha-nova-utilizacion-retorcida-do-feminismo-e-de-pardo-bazan-por-parte-da-xunta-de-galicia-a-fin-de-inaugurar-meiras-cun-acto-totalmente-alleo-a-memoria\\\/#article\",\"isPartOf\":{\"@id\":\"https:\\\/\\\/www.anovapeneira.gal\\\/index.php\\\/2021\\\/03\\\/05\\\/a-igm-denuncia-unha-nova-utilizacion-retorcida-do-feminismo-e-de-pardo-bazan-por-parte-da-xunta-de-galicia-a-fin-de-inaugurar-meiras-cun-acto-totalmente-alleo-a-memoria\\\/\"},\"author\":{\"name\":\"Redacci\u00f3n A Nova Peneira\",\"@id\":\"https:\\\/\\\/www.anovapeneira.gal\\\/#\\\/schema\\\/person\\\/b93e3f8932e3f8da96334607eb6ac6aa\"},\"headline\":\"A IGM denuncia unha nova utilizaci\u00f3n retorcida do feminismo e de Pardo Baz\u00e1n por parte da Xunta de Galicia a fin de inaugurar Meir\u00e1s cun acto totalmente alleo \u00e1 memoria\",\"datePublished\":\"2021-03-05T11:00:59+00:00\",\"mainEntityOfPage\":{\"@id\":\"https:\\\/\\\/www.anovapeneira.gal\\\/index.php\\\/2021\\\/03\\\/05\\\/a-igm-denuncia-unha-nova-utilizacion-retorcida-do-feminismo-e-de-pardo-bazan-por-parte-da-xunta-de-galicia-a-fin-de-inaugurar-meiras-cun-acto-totalmente-alleo-a-memoria\\\/\"},\"wordCount\":526,\"commentCount\":0,\"publisher\":{\"@id\":\"https:\\\/\\\/www.anovapeneira.gal\\\/#organization\"},\"image\":{\"@id\":\"https:\\\/\\\/www.anovapeneira.gal\\\/index.php\\\/2021\\\/03\\\/05\\\/a-igm-denuncia-unha-nova-utilizacion-retorcida-do-feminismo-e-de-pardo-bazan-por-parte-da-xunta-de-galicia-a-fin-de-inaugurar-meiras-cun-acto-totalmente-alleo-a-memoria\\\/#primaryimage\"},\"thumbnailUrl\":\"https:\\\/\\\/www.anovapeneira.gal\\\/wp-content\\\/uploads\\\/2021\\\/02\\\/iniciativagalegapolamemoria.gif\",\"keywords\":[\"Pazo de Meir\u00e1s\"],\"articleSection\":[\"Novas\"],\"inLanguage\":\"gl-ES\",\"potentialAction\":[{\"@type\":\"CommentAction\",\"name\":\"Comment\",\"target\":[\"https:\\\/\\\/www.anovapeneira.gal\\\/index.php\\\/2021\\\/03\\\/05\\\/a-igm-denuncia-unha-nova-utilizacion-retorcida-do-feminismo-e-de-pardo-bazan-por-parte-da-xunta-de-galicia-a-fin-de-inaugurar-meiras-cun-acto-totalmente-alleo-a-memoria\\\/#respond\"]}]},{\"@type\":\"WebPage\",\"@id\":\"https:\\\/\\\/www.anovapeneira.gal\\\/index.php\\\/2021\\\/03\\\/05\\\/a-igm-denuncia-unha-nova-utilizacion-retorcida-do-feminismo-e-de-pardo-bazan-por-parte-da-xunta-de-galicia-a-fin-de-inaugurar-meiras-cun-acto-totalmente-alleo-a-memoria\\\/\",\"url\":\"https:\\\/\\\/www.anovapeneira.gal\\\/index.php\\\/2021\\\/03\\\/05\\\/a-igm-denuncia-unha-nova-utilizacion-retorcida-do-feminismo-e-de-pardo-bazan-por-parte-da-xunta-de-galicia-a-fin-de-inaugurar-meiras-cun-acto-totalmente-alleo-a-memoria\\\/\",\"name\":\"A IGM denuncia unha nova utilizaci\u00f3n retorcida do feminismo e de Pardo Baz\u00e1n por parte da Xunta de Galicia a fin de inaugurar Meir\u00e1s cun acto totalmente alleo \u00e1 memoria -\",\"isPartOf\":{\"@id\":\"https:\\\/\\\/www.anovapeneira.gal\\\/#website\"},\"primaryImageOfPage\":{\"@id\":\"https:\\\/\\\/www.anovapeneira.gal\\\/index.php\\\/2021\\\/03\\\/05\\\/a-igm-denuncia-unha-nova-utilizacion-retorcida-do-feminismo-e-de-pardo-bazan-por-parte-da-xunta-de-galicia-a-fin-de-inaugurar-meiras-cun-acto-totalmente-alleo-a-memoria\\\/#primaryimage\"},\"image\":{\"@id\":\"https:\\\/\\\/www.anovapeneira.gal\\\/index.php\\\/2021\\\/03\\\/05\\\/a-igm-denuncia-unha-nova-utilizacion-retorcida-do-feminismo-e-de-pardo-bazan-por-parte-da-xunta-de-galicia-a-fin-de-inaugurar-meiras-cun-acto-totalmente-alleo-a-memoria\\\/#primaryimage\"},\"thumbnailUrl\":\"https:\\\/\\\/www.anovapeneira.gal\\\/wp-content\\\/uploads\\\/2021\\\/02\\\/iniciativagalegapolamemoria.gif\",\"datePublished\":\"2021-03-05T11:00:59+00:00\",\"description\":\"O colectivo alerta de novo do intento do goberno de N\u00fa\u00f1ez Feij\u00f3o de facer co Pazo o mesmo que fixo con San Sim\u00f3n, que dixo \u00eda ser a illa do pensamento e a poes\u00eda, e acabou sendo un parque de atracci\u00f3ns con ginkanas e festas de piratas e disfraces\",\"breadcrumb\":{\"@id\":\"https:\\\/\\\/www.anovapeneira.gal\\\/index.php\\\/2021\\\/03\\\/05\\\/a-igm-denuncia-unha-nova-utilizacion-retorcida-do-feminismo-e-de-pardo-bazan-por-parte-da-xunta-de-galicia-a-fin-de-inaugurar-meiras-cun-acto-totalmente-alleo-a-memoria\\\/#breadcrumb\"},\"inLanguage\":\"gl-ES\",\"potentialAction\":[{\"@type\":\"ReadAction\",\"target\":[\"https:\\\/\\\/www.anovapeneira.gal\\\/index.php\\\/2021\\\/03\\\/05\\\/a-igm-denuncia-unha-nova-utilizacion-retorcida-do-feminismo-e-de-pardo-bazan-por-parte-da-xunta-de-galicia-a-fin-de-inaugurar-meiras-cun-acto-totalmente-alleo-a-memoria\\\/\"]}]},{\"@type\":\"ImageObject\",\"inLanguage\":\"gl-ES\",\"@id\":\"https:\\\/\\\/www.anovapeneira.gal\\\/index.php\\\/2021\\\/03\\\/05\\\/a-igm-denuncia-unha-nova-utilizacion-retorcida-do-feminismo-e-de-pardo-bazan-por-parte-da-xunta-de-galicia-a-fin-de-inaugurar-meiras-cun-acto-totalmente-alleo-a-memoria\\\/#primaryimage\",\"url\":\"https:\\\/\\\/www.anovapeneira.gal\\\/wp-content\\\/uploads\\\/2021\\\/02\\\/iniciativagalegapolamemoria.gif\",\"contentUrl\":\"https:\\\/\\\/www.anovapeneira.gal\\\/wp-content\\\/uploads\\\/2021\\\/02\\\/iniciativagalegapolamemoria.gif\",\"width\":1920,\"height\":1146,\"caption\":\"Iniciativa Galega pola memoria\"},{\"@type\":\"BreadcrumbList\",\"@id\":\"https:\\\/\\\/www.anovapeneira.gal\\\/index.php\\\/2021\\\/03\\\/05\\\/a-igm-denuncia-unha-nova-utilizacion-retorcida-do-feminismo-e-de-pardo-bazan-por-parte-da-xunta-de-galicia-a-fin-de-inaugurar-meiras-cun-acto-totalmente-alleo-a-memoria\\\/#breadcrumb\",\"itemListElement\":[{\"@type\":\"ListItem\",\"position\":1,\"name\":\"Portada\",\"item\":\"https:\\\/\\\/www.anovapeneira.gal\\\/\"},{\"@type\":\"ListItem\",\"position\":2,\"name\":\"A IGM denuncia unha nova utilizaci\u00f3n retorcida do feminismo e de Pardo Baz\u00e1n por parte da Xunta de Galicia a fin de inaugurar Meir\u00e1s cun acto totalmente alleo \u00e1 memoria\"}]},{\"@type\":\"WebSite\",\"@id\":\"https:\\\/\\\/www.anovapeneira.gal\\\/#website\",\"url\":\"https:\\\/\\\/www.anovapeneira.gal\\\/\",\"name\":\"\",\"description\":\"Xornal galego de informaci\u00f3n xeral Publicaci\u00f3n mensual de novas de Galicia e en especial dos Concellos da sur da provincia de Pontevedra.\",\"publisher\":{\"@id\":\"https:\\\/\\\/www.anovapeneira.gal\\\/#organization\"},\"potentialAction\":[{\"@type\":\"SearchAction\",\"target\":{\"@type\":\"EntryPoint\",\"urlTemplate\":\"https:\\\/\\\/www.anovapeneira.gal\\\/?s={search_term_string}\"},\"query-input\":{\"@type\":\"PropertyValueSpecification\",\"valueRequired\":true,\"valueName\":\"search_term_string\"}}],\"inLanguage\":\"gl-ES\"},{\"@type\":\"Organization\",\"@id\":\"https:\\\/\\\/www.anovapeneira.gal\\\/#organization\",\"name\":\"A Nova Peneira\",\"url\":\"https:\\\/\\\/www.anovapeneira.gal\\\/\",\"logo\":{\"@type\":\"ImageObject\",\"inLanguage\":\"gl-ES\",\"@id\":\"https:\\\/\\\/www.anovapeneira.gal\\\/#\\\/schema\\\/logo\\\/image\\\/\",\"url\":\"http:\\\/\\\/www.anovapeneira.gal\\\/wp-content\\\/uploads\\\/2019\\\/06\\\/logo_a_nova_peneira_portal_web.png\",\"contentUrl\":\"http:\\\/\\\/www.anovapeneira.gal\\\/wp-content\\\/uploads\\\/2019\\\/06\\\/logo_a_nova_peneira_portal_web.png\",\"width\":300,\"height\":100,\"caption\":\"A Nova Peneira\"},\"image\":{\"@id\":\"https:\\\/\\\/www.anovapeneira.gal\\\/#\\\/schema\\\/logo\\\/image\\\/\"},\"sameAs\":[\"https:\\\/\\\/www.facebook.com\\\/anovapeneira\",\"https:\\\/\\\/x.com\\\/APeneira\"]},{\"@type\":\"Person\",\"@id\":\"https:\\\/\\\/www.anovapeneira.gal\\\/#\\\/schema\\\/person\\\/b93e3f8932e3f8da96334607eb6ac6aa\",\"name\":\"Redacci\u00f3n A Nova Peneira\",\"image\":{\"@type\":\"ImageObject\",\"inLanguage\":\"gl-ES\",\"@id\":\"https:\\\/\\\/secure.gravatar.com\\\/avatar\\\/c052a2551a06e23fac63626232eaa90abd78dbcf1700fc46a2b2c89fd27b735f?s=96&d=mm&r=g\",\"url\":\"https:\\\/\\\/secure.gravatar.com\\\/avatar\\\/c052a2551a06e23fac63626232eaa90abd78dbcf1700fc46a2b2c89fd27b735f?s=96&d=mm&r=g\",\"contentUrl\":\"https:\\\/\\\/secure.gravatar.com\\\/avatar\\\/c052a2551a06e23fac63626232eaa90abd78dbcf1700fc46a2b2c89fd27b735f?s=96&d=mm&r=g\",\"caption\":\"Redacci\u00f3n A Nova Peneira\"},\"sameAs\":[\"http:\\\/\\\/www.anovapeneira.gal\\\/\"],\"url\":\"https:\\\/\\\/www.anovapeneira.gal\\\/index.php\\\/author\\\/redactor\\\/\"}]}<\/script>\n<!-- \/ Yoast SEO plugin. -->","yoast_head_json":{"title":"A IGM denuncia unha nova utilizaci\u00f3n retorcida do feminismo e de Pardo Baz\u00e1n por parte da Xunta de Galicia a fin de inaugurar Meir\u00e1s cun acto totalmente alleo \u00e1 memoria -","description":"O colectivo alerta de novo do intento do goberno de N\u00fa\u00f1ez Feij\u00f3o de facer co Pazo o mesmo que fixo con San Sim\u00f3n, que dixo \u00eda ser a illa do pensamento e a poes\u00eda, e acabou sendo un parque de atracci\u00f3ns con ginkanas e festas de piratas e disfraces","robots":{"index":"index","follow":"follow","max-snippet":"max-snippet:-1","max-image-preview":"max-image-preview:large","max-video-preview":"max-video-preview:-1"},"canonical":"https:\/\/www.anovapeneira.gal\/index.php\/2021\/03\/05\/a-igm-denuncia-unha-nova-utilizacion-retorcida-do-feminismo-e-de-pardo-bazan-por-parte-da-xunta-de-galicia-a-fin-de-inaugurar-meiras-cun-acto-totalmente-alleo-a-memoria\/","og_locale":"gl_ES","og_type":"article","og_title":"A IGM denuncia unha nova utilizaci\u00f3n retorcida do feminismo e de Pardo Baz\u00e1n por parte da Xunta de Galicia a fin de inaugurar Meir\u00e1s cun acto totalmente alleo \u00e1 memoria -","og_description":"O colectivo alerta de novo do intento do goberno de N\u00fa\u00f1ez Feij\u00f3o de facer co Pazo o mesmo que fixo con San Sim\u00f3n, que dixo \u00eda ser a illa do pensamento e a poes\u00eda, e acabou sendo un parque de atracci\u00f3ns con ginkanas e festas de piratas e disfraces","og_url":"https:\/\/www.anovapeneira.gal\/index.php\/2021\/03\/05\/a-igm-denuncia-unha-nova-utilizacion-retorcida-do-feminismo-e-de-pardo-bazan-por-parte-da-xunta-de-galicia-a-fin-de-inaugurar-meiras-cun-acto-totalmente-alleo-a-memoria\/","article_publisher":"https:\/\/www.facebook.com\/anovapeneira","article_published_time":"2021-03-05T11:00:59+00:00","og_image":[{"width":1920,"height":1146,"url":"https:\/\/www.anovapeneira.gal\/wp-content\/uploads\/2021\/02\/iniciativagalegapolamemoria.gif","type":"image\/gif"}],"author":"Redacci\u00f3n A Nova Peneira","twitter_card":"summary_large_image","twitter_creator":"@APeneira","twitter_site":"@APeneira","twitter_misc":{"Escrito por":"Redacci\u00f3n A Nova Peneira","Tempo de lectura":"2 minutos"},"schema":{"@context":"https:\/\/schema.org","@graph":[{"@type":"Article","@id":"https:\/\/www.anovapeneira.gal\/index.php\/2021\/03\/05\/a-igm-denuncia-unha-nova-utilizacion-retorcida-do-feminismo-e-de-pardo-bazan-por-parte-da-xunta-de-galicia-a-fin-de-inaugurar-meiras-cun-acto-totalmente-alleo-a-memoria\/#article","isPartOf":{"@id":"https:\/\/www.anovapeneira.gal\/index.php\/2021\/03\/05\/a-igm-denuncia-unha-nova-utilizacion-retorcida-do-feminismo-e-de-pardo-bazan-por-parte-da-xunta-de-galicia-a-fin-de-inaugurar-meiras-cun-acto-totalmente-alleo-a-memoria\/"},"author":{"name":"Redacci\u00f3n A Nova Peneira","@id":"https:\/\/www.anovapeneira.gal\/#\/schema\/person\/b93e3f8932e3f8da96334607eb6ac6aa"},"headline":"A IGM denuncia unha nova utilizaci\u00f3n retorcida do feminismo e de Pardo Baz\u00e1n por parte da Xunta de Galicia a fin de inaugurar Meir\u00e1s cun acto totalmente alleo \u00e1 memoria","datePublished":"2021-03-05T11:00:59+00:00","mainEntityOfPage":{"@id":"https:\/\/www.anovapeneira.gal\/index.php\/2021\/03\/05\/a-igm-denuncia-unha-nova-utilizacion-retorcida-do-feminismo-e-de-pardo-bazan-por-parte-da-xunta-de-galicia-a-fin-de-inaugurar-meiras-cun-acto-totalmente-alleo-a-memoria\/"},"wordCount":526,"commentCount":0,"publisher":{"@id":"https:\/\/www.anovapeneira.gal\/#organization"},"image":{"@id":"https:\/\/www.anovapeneira.gal\/index.php\/2021\/03\/05\/a-igm-denuncia-unha-nova-utilizacion-retorcida-do-feminismo-e-de-pardo-bazan-por-parte-da-xunta-de-galicia-a-fin-de-inaugurar-meiras-cun-acto-totalmente-alleo-a-memoria\/#primaryimage"},"thumbnailUrl":"https:\/\/www.anovapeneira.gal\/wp-content\/uploads\/2021\/02\/iniciativagalegapolamemoria.gif","keywords":["Pazo de Meir\u00e1s"],"articleSection":["Novas"],"inLanguage":"gl-ES","potentialAction":[{"@type":"CommentAction","name":"Comment","target":["https:\/\/www.anovapeneira.gal\/index.php\/2021\/03\/05\/a-igm-denuncia-unha-nova-utilizacion-retorcida-do-feminismo-e-de-pardo-bazan-por-parte-da-xunta-de-galicia-a-fin-de-inaugurar-meiras-cun-acto-totalmente-alleo-a-memoria\/#respond"]}]},{"@type":"WebPage","@id":"https:\/\/www.anovapeneira.gal\/index.php\/2021\/03\/05\/a-igm-denuncia-unha-nova-utilizacion-retorcida-do-feminismo-e-de-pardo-bazan-por-parte-da-xunta-de-galicia-a-fin-de-inaugurar-meiras-cun-acto-totalmente-alleo-a-memoria\/","url":"https:\/\/www.anovapeneira.gal\/index.php\/2021\/03\/05\/a-igm-denuncia-unha-nova-utilizacion-retorcida-do-feminismo-e-de-pardo-bazan-por-parte-da-xunta-de-galicia-a-fin-de-inaugurar-meiras-cun-acto-totalmente-alleo-a-memoria\/","name":"A IGM denuncia unha nova utilizaci\u00f3n retorcida do feminismo e de Pardo Baz\u00e1n por parte da Xunta de Galicia a fin de inaugurar Meir\u00e1s cun acto totalmente alleo \u00e1 memoria -","isPartOf":{"@id":"https:\/\/www.anovapeneira.gal\/#website"},"primaryImageOfPage":{"@id":"https:\/\/www.anovapeneira.gal\/index.php\/2021\/03\/05\/a-igm-denuncia-unha-nova-utilizacion-retorcida-do-feminismo-e-de-pardo-bazan-por-parte-da-xunta-de-galicia-a-fin-de-inaugurar-meiras-cun-acto-totalmente-alleo-a-memoria\/#primaryimage"},"image":{"@id":"https:\/\/www.anovapeneira.gal\/index.php\/2021\/03\/05\/a-igm-denuncia-unha-nova-utilizacion-retorcida-do-feminismo-e-de-pardo-bazan-por-parte-da-xunta-de-galicia-a-fin-de-inaugurar-meiras-cun-acto-totalmente-alleo-a-memoria\/#primaryimage"},"thumbnailUrl":"https:\/\/www.anovapeneira.gal\/wp-content\/uploads\/2021\/02\/iniciativagalegapolamemoria.gif","datePublished":"2021-03-05T11:00:59+00:00","description":"O colectivo alerta de novo do intento do goberno de N\u00fa\u00f1ez Feij\u00f3o de facer co Pazo o mesmo que fixo con San Sim\u00f3n, que dixo \u00eda ser a illa do pensamento e a poes\u00eda, e acabou sendo un parque de atracci\u00f3ns con ginkanas e festas de piratas e disfraces","breadcrumb":{"@id":"https:\/\/www.anovapeneira.gal\/index.php\/2021\/03\/05\/a-igm-denuncia-unha-nova-utilizacion-retorcida-do-feminismo-e-de-pardo-bazan-por-parte-da-xunta-de-galicia-a-fin-de-inaugurar-meiras-cun-acto-totalmente-alleo-a-memoria\/#breadcrumb"},"inLanguage":"gl-ES","potentialAction":[{"@type":"ReadAction","target":["https:\/\/www.anovapeneira.gal\/index.php\/2021\/03\/05\/a-igm-denuncia-unha-nova-utilizacion-retorcida-do-feminismo-e-de-pardo-bazan-por-parte-da-xunta-de-galicia-a-fin-de-inaugurar-meiras-cun-acto-totalmente-alleo-a-memoria\/"]}]},{"@type":"ImageObject","inLanguage":"gl-ES","@id":"https:\/\/www.anovapeneira.gal\/index.php\/2021\/03\/05\/a-igm-denuncia-unha-nova-utilizacion-retorcida-do-feminismo-e-de-pardo-bazan-por-parte-da-xunta-de-galicia-a-fin-de-inaugurar-meiras-cun-acto-totalmente-alleo-a-memoria\/#primaryimage","url":"https:\/\/www.anovapeneira.gal\/wp-content\/uploads\/2021\/02\/iniciativagalegapolamemoria.gif","contentUrl":"https:\/\/www.anovapeneira.gal\/wp-content\/uploads\/2021\/02\/iniciativagalegapolamemoria.gif","width":1920,"height":1146,"caption":"Iniciativa Galega pola memoria"},{"@type":"BreadcrumbList","@id":"https:\/\/www.anovapeneira.gal\/index.php\/2021\/03\/05\/a-igm-denuncia-unha-nova-utilizacion-retorcida-do-feminismo-e-de-pardo-bazan-por-parte-da-xunta-de-galicia-a-fin-de-inaugurar-meiras-cun-acto-totalmente-alleo-a-memoria\/#breadcrumb","itemListElement":[{"@type":"ListItem","position":1,"name":"Portada","item":"https:\/\/www.anovapeneira.gal\/"},{"@type":"ListItem","position":2,"name":"A IGM denuncia unha nova utilizaci\u00f3n retorcida do feminismo e de Pardo Baz\u00e1n por parte da Xunta de Galicia a fin de inaugurar Meir\u00e1s cun acto totalmente alleo \u00e1 memoria"}]},{"@type":"WebSite","@id":"https:\/\/www.anovapeneira.gal\/#website","url":"https:\/\/www.anovapeneira.gal\/","name":"","description":"Xornal galego de informaci\u00f3n xeral Publicaci\u00f3n mensual de novas de Galicia e en especial dos Concellos da sur da provincia de Pontevedra.","publisher":{"@id":"https:\/\/www.anovapeneira.gal\/#organization"},"potentialAction":[{"@type":"SearchAction","target":{"@type":"EntryPoint","urlTemplate":"https:\/\/www.anovapeneira.gal\/?s={search_term_string}"},"query-input":{"@type":"PropertyValueSpecification","valueRequired":true,"valueName":"search_term_string"}}],"inLanguage":"gl-ES"},{"@type":"Organization","@id":"https:\/\/www.anovapeneira.gal\/#organization","name":"A Nova Peneira","url":"https:\/\/www.anovapeneira.gal\/","logo":{"@type":"ImageObject","inLanguage":"gl-ES","@id":"https:\/\/www.anovapeneira.gal\/#\/schema\/logo\/image\/","url":"http:\/\/www.anovapeneira.gal\/wp-content\/uploads\/2019\/06\/logo_a_nova_peneira_portal_web.png","contentUrl":"http:\/\/www.anovapeneira.gal\/wp-content\/uploads\/2019\/06\/logo_a_nova_peneira_portal_web.png","width":300,"height":100,"caption":"A Nova Peneira"},"image":{"@id":"https:\/\/www.anovapeneira.gal\/#\/schema\/logo\/image\/"},"sameAs":["https:\/\/www.facebook.com\/anovapeneira","https:\/\/x.com\/APeneira"]},{"@type":"Person","@id":"https:\/\/www.anovapeneira.gal\/#\/schema\/person\/b93e3f8932e3f8da96334607eb6ac6aa","name":"Redacci\u00f3n A Nova Peneira","image":{"@type":"ImageObject","inLanguage":"gl-ES","@id":"https:\/\/secure.gravatar.com\/avatar\/c052a2551a06e23fac63626232eaa90abd78dbcf1700fc46a2b2c89fd27b735f?s=96&d=mm&r=g","url":"https:\/\/secure.gravatar.com\/avatar\/c052a2551a06e23fac63626232eaa90abd78dbcf1700fc46a2b2c89fd27b735f?s=96&d=mm&r=g","contentUrl":"https:\/\/secure.gravatar.com\/avatar\/c052a2551a06e23fac63626232eaa90abd78dbcf1700fc46a2b2c89fd27b735f?s=96&d=mm&r=g","caption":"Redacci\u00f3n A Nova Peneira"},"sameAs":["http:\/\/www.anovapeneira.gal\/"],"url":"https:\/\/www.anovapeneira.gal\/index.php\/author\/redactor\/"}]}},"jetpack_featured_media_url":"https:\/\/www.anovapeneira.gal\/wp-content\/uploads\/2021\/02\/iniciativagalegapolamemoria.gif","_links":{"self":[{"href":"https:\/\/www.anovapeneira.gal\/index.php\/wp-json\/wp\/v2\/posts\/4970","targetHints":{"allow":["GET"]}}],"collection":[{"href":"https:\/\/www.anovapeneira.gal\/index.php\/wp-json\/wp\/v2\/posts"}],"about":[{"href":"https:\/\/www.anovapeneira.gal\/index.php\/wp-json\/wp\/v2\/types\/post"}],"author":[{"embeddable":true,"href":"https:\/\/www.anovapeneira.gal\/index.php\/wp-json\/wp\/v2\/users\/3"}],"replies":[{"embeddable":true,"href":"https:\/\/www.anovapeneira.gal\/index.php\/wp-json\/wp\/v2\/comments?post=4970"}],"version-history":[{"count":1,"href":"https:\/\/www.anovapeneira.gal\/index.php\/wp-json\/wp\/v2\/posts\/4970\/revisions"}],"predecessor-version":[{"id":4971,"href":"https:\/\/www.anovapeneira.gal\/index.php\/wp-json\/wp\/v2\/posts\/4970\/revisions\/4971"}],"wp:featuredmedia":[{"embeddable":true,"href":"https:\/\/www.anovapeneira.gal\/index.php\/wp-json\/wp\/v2\/media\/4885"}],"wp:attachment":[{"href":"https:\/\/www.anovapeneira.gal\/index.php\/wp-json\/wp\/v2\/media?parent=4970"}],"wp:term":[{"taxonomy":"category","embeddable":true,"href":"https:\/\/www.anovapeneira.gal\/index.php\/wp-json\/wp\/v2\/categories?post=4970"},{"taxonomy":"post_tag","embeddable":true,"href":"https:\/\/www.anovapeneira.gal\/index.php\/wp-json\/wp\/v2\/tags?post=4970"}],"curies":[{"name":"wp","href":"https:\/\/api.w.org\/{rel}","templated":true}]}}