{"id":4973,"date":"2021-03-08T10:00:14","date_gmt":"2021-03-08T09:00:14","guid":{"rendered":"http:\/\/www.anovapeneira.gal\/?p=4973"},"modified":"2021-03-15T23:21:30","modified_gmt":"2021-03-15T22:21:30","slug":"myanmar-retrocede-unha-decada","status":"publish","type":"post","link":"https:\/\/www.anovapeneira.gal\/index.php\/2021\/03\/08\/myanmar-retrocede-unha-decada\/","title":{"rendered":"Myanmar retrocede unha d\u00e9cada"},"content":{"rendered":"\n<figure class=\"wp-block-image size-large is-resized is-style-default\"><img loading=\"lazy\" decoding=\"async\" src=\"http:\/\/www.anovapeneira.gal\/wp-content\/uploads\/2020\/12\/Xurxo-Agra-do-Pazo.jpg\" alt=\"\" class=\"wp-image-4554\" width=\"95\" height=\"115\"\/><figcaption>Xurxo Agra. Especialista en pol\u00edtica internacional<\/figcaption><\/figure>\n\n\n\n<p>O pasado 1 de febreiro o Tatmadaw, nome oficial das Forzas Armadas de Myanmar, protagoniza un golpe de Estado, e deste xeito&nbsp;o pa\u00eds m\u00e1is pobre do sudeste asi\u00e1ticoretrocede unha d\u00e9cada retomando o cami\u00f1o iniciado en 1962, cando tras outro golpe de Estado, o ex\u00e9rcito&nbsp;asumiu ocontrol do pa\u00eds, que&nbsp;dirixiu duranteos seguintes 50 anos.<\/p>\n\n\n\n<p>Mais malia os cortes de internet e a represi\u00f3n das protestas milleiros de persoas enchen cada d\u00eda as r\u00faas das principais cidades de Myanmar, no que son as terceiras grandes mobilizaci\u00f3ns contra os militares desde a independencia de Myanmar do imperio brit\u00e1nico en 1948, tras as de 1988 e 2007, que remataron en ba\u00f1os de sangue.<\/p>\n\n\n\n<p>En 2008 os militares comezan a dar pasos cara un novo sistema pol\u00edtico, elaboran unha nova Constituci\u00f3n e en 2011 comeza un lento proceso cara \u201cunha democracia disciplinada\u201d no que compartir\u00e1n o poder con representantes civ\u00eds, at\u00e9 2015 cun partido creado polo ex\u00e9rcito en 2010, o PUSD.<\/p>\n\n\n\n<p>En 2015 a Liga Nacional para a Democracia (LND) de Suu Kyi obt\u00e9n un claro triunfo nas elecci\u00f3ns lexislativas, o que lle permite formar goberno. Mais o goberno civil ten unha limitada marxe de manobra, pois a Constituci\u00f3n res\u00e9rvalle ao Tatmadaw un amplo poder pol\u00edtico, unha autonom\u00eda case total e un importante peso na econom\u00eda co control de industrias clave do pa\u00eds, o que lle asegura un gran fluxo de recursos.<\/p>\n\n\n\n<p>A victoria da LND trae grandes esperanzas para continuar coas reformas, acadar a modernizaci\u00f3n do pa\u00eds e a soluci\u00f3n dos numerosos conflitos \u00e9tnicos, nun pa\u00eds no que existen 135 etnias e decenas de guerrillas que loitan pola autonom\u00eda, o federalismo ou a independencia.<\/p>\n\n\n\n<p>Mais en 2017 ten lugar unha \u201coperaci\u00f3n de limpeza\u201d contra os rohingya que causa m\u00e1is de 10.000 mortos e 750.000 desprazados que foxen cara o maior campo de refuxiados do mundo, Cox\u00b4s Bazar en Bangladesh, onde viven 1.000.000 de persoas. Mentres as Naci\u00f3ns Unidas acusan a Myanmar de \u201cintenci\u00f3n xenocida\u201d e \u201cexemplo de manual de limpeza \u00e9tnica\u201d, a reputaci\u00f3n internacional de Suu Kyi, Premio Nobel da Paz en 1991, vese fortemente danada pola s\u00faa resposta \u00e1 crise, e na Corte Internacional de Xustiza defende o papel do seu antigo inimigo, o Tatmadaw.&nbsp;<\/p>\n\n\n\n<p>Nas elecci\u00f3ns lexislativas do 8 de novembro a LND mellora a\u00ednda os resultados de 2015, acadando o 83% dos representantes. Tras ser rexeitadas as queixas de fraude masiva pola Comisi\u00f3n Electoral, o ex\u00e9rcito consuma o golpe de estado o mesmo d\u00eda no que se \u00eda celebrar a sesi\u00f3n constitutiva do novo Parlamento e declara o estado de emerxencia durante un ano, interrompendo as\u00ed o proceso iniciado en 2011.<\/p>\n\n\n\n<p>En 2019 a LND propuxo unha reforma da Constituci\u00f3n, ameaza directa ao poder do Tatmadaw, que pode explicar as verdadeiras motivaci\u00f3ns do golpe. E por outra banda, o xeneral Min Aung Hlaing, comandante en xefe das Forzas Armadas, que deb\u00eda pasar a retiro este ano, ten intereses en xogo: a s\u00faa ambici\u00f3n presidencial, o medo a enfrontar xu\u00edzos polos crimes cometidos contra os rohingya e outras minor\u00edas \u00e9tnicas, e garantir a s\u00faa riqueza mantendo o control do ex\u00e9rcito sobre amplos sectores da econom\u00eda.&nbsp;<\/p>\n\n\n\n<p>O golpe sup\u00f3n un duro rev\u00e9s para as aspiraci\u00f3ns democr\u00e1ticas do pa\u00eds e unha gran preocupaci\u00f3n para as minor\u00edas \u00e9tnicas, que temen un agravamento dos conflitos, causantes da morte de centos de milleiros de persoas nos \u00faltimos 73 anos, e desde logo unha paralizaci\u00f3n dos procesos de paz.&nbsp;<\/p>\n\n\n\n<p>O Tatmadaw est\u00e1 a recibir presi\u00f3ns da comunidade internacional para que reco\u00f1eza os resultados das elecci\u00f3ns, devolte o poder e libere os 2000 detidos, entre quen se atopa Suu Kyi, quen xa pasou 15 anos baixo arresto domiciliario. Rusia e China, con intereses estrat\u00e9xicos e importantes proxectos no pa\u00eds, ve\u00f1en amosando unha postura m\u00e1is morna ante os \u201casuntos internos\u201d do pa\u00eds asi\u00e1tico.<\/p>\n\n\n\n<p>No pa\u00eds o movemento de desobediencia civil\u00a0non cede mania que o ex\u00e9rcitoest\u00e1 a reprimircon dureza as protestas,\u00a0con xa\u00a0m\u00e1is de\u00a070 persoas mortas. Mais a\u00ednda que os seus negocios poden verse danados polas pos\u00edbeis sanci\u00f3ns, o Tatmadaw ten poucas raz\u00f3ns para devoltar o poder a un goberno civil que sen d\u00fabida desexa limitar os seus poderes.<\/p>\n","protected":false},"excerpt":{"rendered":"<div class=\"mh-excerpt\"><p>O pasado 1 de febreiro o Tatmadaw, nome oficial das Forzas Armadas de Myanmar, protagoniza un golpe de Estado, e deste xeito o pa\u00eds m\u00e1is pobre do sudeste asi\u00e1ticoretrocede unha d\u00e9cada retomando o cami\u00f1o iniciado en 1962, cando tras outro golpe de Estado, o ex\u00e9rcito asumiu ocontrol do pa\u00eds, que dirixiu duranteos seguintes 50 anos <a class=\"mh-excerpt-more\" href=\"https:\/\/www.anovapeneira.gal\/index.php\/2021\/03\/08\/myanmar-retrocede-unha-decada\/\" title=\"Myanmar retrocede unha d\u00e9cada\">[&#8230;]<\/a><\/p>\n<\/div>","protected":false},"author":35,"featured_media":584,"comment_status":"open","ping_status":"open","sticky":false,"template":"","format":"standard","meta":{"_exactmetrics_skip_tracking":false,"_exactmetrics_sitenote_active":false,"_exactmetrics_sitenote_note":"","_exactmetrics_sitenote_category":0,"footnotes":""},"categories":[7],"tags":[1236],"class_list":{"0":"post-4973","1":"post","2":"type-post","3":"status-publish","4":"format-standard","5":"has-post-thumbnail","7":"category-artigos-de-opinion","8":"tag-myanmar"},"yoast_head":"<!-- This site is optimized with the Yoast SEO plugin v27.4 - https:\/\/yoast.com\/product\/yoast-seo-wordpress\/ -->\n<title>Myanmar retrocede unha d\u00e9cada -<\/title>\n<meta name=\"description\" content=\"O pasado 1 de febreiro o Tatmadaw, nome oficial das Forzas Armadas de Myanmar, protagoniza un golpe de Estado, e deste xeito o pa\u00eds m\u00e1is pobre do sudeste asi\u00e1ticoretrocede unha d\u00e9cada retomando o cami\u00f1o iniciado en 1962, cando tras outro golpe de Estado, o ex\u00e9rcito asumiu ocontrol do pa\u00eds, que dirixiu duranteos seguintes 50 anos\" \/>\n<meta name=\"robots\" content=\"index, follow, max-snippet:-1, max-image-preview:large, max-video-preview:-1\" \/>\n<link rel=\"canonical\" href=\"https:\/\/www.anovapeneira.gal\/index.php\/2021\/03\/08\/myanmar-retrocede-unha-decada\/\" \/>\n<meta property=\"og:locale\" content=\"gl_ES\" \/>\n<meta property=\"og:type\" content=\"article\" \/>\n<meta property=\"og:title\" content=\"Myanmar retrocede unha d\u00e9cada -\" \/>\n<meta property=\"og:description\" content=\"O pasado 1 de febreiro o Tatmadaw, nome oficial das Forzas Armadas de Myanmar, protagoniza un golpe de Estado, e deste xeito o pa\u00eds m\u00e1is pobre do sudeste asi\u00e1ticoretrocede unha d\u00e9cada retomando o cami\u00f1o iniciado en 1962, cando tras outro golpe de Estado, o ex\u00e9rcito asumiu ocontrol do pa\u00eds, que dirixiu duranteos seguintes 50 anos\" \/>\n<meta property=\"og:url\" content=\"https:\/\/www.anovapeneira.gal\/index.php\/2021\/03\/08\/myanmar-retrocede-unha-decada\/\" \/>\n<meta property=\"article:publisher\" content=\"https:\/\/www.facebook.com\/anovapeneira\" \/>\n<meta property=\"article:published_time\" content=\"2021-03-08T09:00:14+00:00\" \/>\n<meta property=\"article:modified_time\" content=\"2021-03-15T22:21:30+00:00\" \/>\n<meta property=\"og:image\" content=\"https:\/\/www.anovapeneira.gal\/wp-content\/uploads\/2019\/07\/ARTIGO_DE_OPINION_A_NOVA_PENEIRA.jpg\" \/>\n\t<meta property=\"og:image:width\" content=\"720\" \/>\n\t<meta property=\"og:image:height\" content=\"473\" \/>\n\t<meta property=\"og:image:type\" content=\"image\/jpeg\" \/>\n<meta name=\"author\" content=\"Xurxo Agra\" \/>\n<meta name=\"twitter:card\" content=\"summary_large_image\" \/>\n<meta name=\"twitter:creator\" content=\"@APeneira\" \/>\n<meta name=\"twitter:site\" content=\"@APeneira\" \/>\n<meta name=\"twitter:label1\" content=\"Escrito por\" \/>\n\t<meta name=\"twitter:data1\" content=\"Xurxo Agra\" \/>\n\t<meta name=\"twitter:label2\" content=\"Tempo de lectura\" \/>\n\t<meta name=\"twitter:data2\" content=\"3 minutos\" \/>\n<script type=\"application\/ld+json\" class=\"yoast-schema-graph\">{\"@context\":\"https:\\\/\\\/schema.org\",\"@graph\":[{\"@type\":\"Article\",\"@id\":\"https:\\\/\\\/www.anovapeneira.gal\\\/index.php\\\/2021\\\/03\\\/08\\\/myanmar-retrocede-unha-decada\\\/#article\",\"isPartOf\":{\"@id\":\"https:\\\/\\\/www.anovapeneira.gal\\\/index.php\\\/2021\\\/03\\\/08\\\/myanmar-retrocede-unha-decada\\\/\"},\"author\":{\"name\":\"Xurxo Agra\",\"@id\":\"https:\\\/\\\/www.anovapeneira.gal\\\/#\\\/schema\\\/person\\\/a366bebab0087abcaac646148d290ba6\"},\"headline\":\"Myanmar retrocede unha d\u00e9cada\",\"datePublished\":\"2021-03-08T09:00:14+00:00\",\"dateModified\":\"2021-03-15T22:21:30+00:00\",\"mainEntityOfPage\":{\"@id\":\"https:\\\/\\\/www.anovapeneira.gal\\\/index.php\\\/2021\\\/03\\\/08\\\/myanmar-retrocede-unha-decada\\\/\"},\"wordCount\":746,\"commentCount\":0,\"publisher\":{\"@id\":\"https:\\\/\\\/www.anovapeneira.gal\\\/#organization\"},\"image\":{\"@id\":\"https:\\\/\\\/www.anovapeneira.gal\\\/index.php\\\/2021\\\/03\\\/08\\\/myanmar-retrocede-unha-decada\\\/#primaryimage\"},\"thumbnailUrl\":\"https:\\\/\\\/www.anovapeneira.gal\\\/wp-content\\\/uploads\\\/2019\\\/07\\\/ARTIGO_DE_OPINION_A_NOVA_PENEIRA.jpg\",\"keywords\":[\"Myanmar\"],\"articleSection\":[\"Artigos de opini\u00f3n\"],\"inLanguage\":\"gl-ES\",\"potentialAction\":[{\"@type\":\"CommentAction\",\"name\":\"Comment\",\"target\":[\"https:\\\/\\\/www.anovapeneira.gal\\\/index.php\\\/2021\\\/03\\\/08\\\/myanmar-retrocede-unha-decada\\\/#respond\"]}]},{\"@type\":\"WebPage\",\"@id\":\"https:\\\/\\\/www.anovapeneira.gal\\\/index.php\\\/2021\\\/03\\\/08\\\/myanmar-retrocede-unha-decada\\\/\",\"url\":\"https:\\\/\\\/www.anovapeneira.gal\\\/index.php\\\/2021\\\/03\\\/08\\\/myanmar-retrocede-unha-decada\\\/\",\"name\":\"Myanmar retrocede unha d\u00e9cada -\",\"isPartOf\":{\"@id\":\"https:\\\/\\\/www.anovapeneira.gal\\\/#website\"},\"primaryImageOfPage\":{\"@id\":\"https:\\\/\\\/www.anovapeneira.gal\\\/index.php\\\/2021\\\/03\\\/08\\\/myanmar-retrocede-unha-decada\\\/#primaryimage\"},\"image\":{\"@id\":\"https:\\\/\\\/www.anovapeneira.gal\\\/index.php\\\/2021\\\/03\\\/08\\\/myanmar-retrocede-unha-decada\\\/#primaryimage\"},\"thumbnailUrl\":\"https:\\\/\\\/www.anovapeneira.gal\\\/wp-content\\\/uploads\\\/2019\\\/07\\\/ARTIGO_DE_OPINION_A_NOVA_PENEIRA.jpg\",\"datePublished\":\"2021-03-08T09:00:14+00:00\",\"dateModified\":\"2021-03-15T22:21:30+00:00\",\"description\":\"O pasado 1 de febreiro o Tatmadaw, nome oficial das Forzas Armadas de Myanmar, protagoniza un golpe de Estado, e deste xeito o pa\u00eds m\u00e1is pobre do sudeste asi\u00e1ticoretrocede unha d\u00e9cada retomando o cami\u00f1o iniciado en 1962, cando tras outro golpe de Estado, o ex\u00e9rcito asumiu ocontrol do pa\u00eds, que dirixiu duranteos seguintes 50 anos\",\"breadcrumb\":{\"@id\":\"https:\\\/\\\/www.anovapeneira.gal\\\/index.php\\\/2021\\\/03\\\/08\\\/myanmar-retrocede-unha-decada\\\/#breadcrumb\"},\"inLanguage\":\"gl-ES\",\"potentialAction\":[{\"@type\":\"ReadAction\",\"target\":[\"https:\\\/\\\/www.anovapeneira.gal\\\/index.php\\\/2021\\\/03\\\/08\\\/myanmar-retrocede-unha-decada\\\/\"]}]},{\"@type\":\"ImageObject\",\"inLanguage\":\"gl-ES\",\"@id\":\"https:\\\/\\\/www.anovapeneira.gal\\\/index.php\\\/2021\\\/03\\\/08\\\/myanmar-retrocede-unha-decada\\\/#primaryimage\",\"url\":\"https:\\\/\\\/www.anovapeneira.gal\\\/wp-content\\\/uploads\\\/2019\\\/07\\\/ARTIGO_DE_OPINION_A_NOVA_PENEIRA.jpg\",\"contentUrl\":\"https:\\\/\\\/www.anovapeneira.gal\\\/wp-content\\\/uploads\\\/2019\\\/07\\\/ARTIGO_DE_OPINION_A_NOVA_PENEIRA.jpg\",\"width\":720,\"height\":473,\"caption\":\"Artigo de opini\u00f3n A Nova Peneira\"},{\"@type\":\"BreadcrumbList\",\"@id\":\"https:\\\/\\\/www.anovapeneira.gal\\\/index.php\\\/2021\\\/03\\\/08\\\/myanmar-retrocede-unha-decada\\\/#breadcrumb\",\"itemListElement\":[{\"@type\":\"ListItem\",\"position\":1,\"name\":\"Portada\",\"item\":\"https:\\\/\\\/www.anovapeneira.gal\\\/\"},{\"@type\":\"ListItem\",\"position\":2,\"name\":\"Myanmar retrocede unha d\u00e9cada\"}]},{\"@type\":\"WebSite\",\"@id\":\"https:\\\/\\\/www.anovapeneira.gal\\\/#website\",\"url\":\"https:\\\/\\\/www.anovapeneira.gal\\\/\",\"name\":\"\",\"description\":\"Xornal galego de informaci\u00f3n xeral Publicaci\u00f3n mensual de novas de Galicia e en especial dos Concellos da sur da provincia de Pontevedra.\",\"publisher\":{\"@id\":\"https:\\\/\\\/www.anovapeneira.gal\\\/#organization\"},\"potentialAction\":[{\"@type\":\"SearchAction\",\"target\":{\"@type\":\"EntryPoint\",\"urlTemplate\":\"https:\\\/\\\/www.anovapeneira.gal\\\/?s={search_term_string}\"},\"query-input\":{\"@type\":\"PropertyValueSpecification\",\"valueRequired\":true,\"valueName\":\"search_term_string\"}}],\"inLanguage\":\"gl-ES\"},{\"@type\":\"Organization\",\"@id\":\"https:\\\/\\\/www.anovapeneira.gal\\\/#organization\",\"name\":\"A Nova Peneira\",\"url\":\"https:\\\/\\\/www.anovapeneira.gal\\\/\",\"logo\":{\"@type\":\"ImageObject\",\"inLanguage\":\"gl-ES\",\"@id\":\"https:\\\/\\\/www.anovapeneira.gal\\\/#\\\/schema\\\/logo\\\/image\\\/\",\"url\":\"http:\\\/\\\/www.anovapeneira.gal\\\/wp-content\\\/uploads\\\/2019\\\/06\\\/logo_a_nova_peneira_portal_web.png\",\"contentUrl\":\"http:\\\/\\\/www.anovapeneira.gal\\\/wp-content\\\/uploads\\\/2019\\\/06\\\/logo_a_nova_peneira_portal_web.png\",\"width\":300,\"height\":100,\"caption\":\"A Nova Peneira\"},\"image\":{\"@id\":\"https:\\\/\\\/www.anovapeneira.gal\\\/#\\\/schema\\\/logo\\\/image\\\/\"},\"sameAs\":[\"https:\\\/\\\/www.facebook.com\\\/anovapeneira\",\"https:\\\/\\\/x.com\\\/APeneira\"]},{\"@type\":\"Person\",\"@id\":\"https:\\\/\\\/www.anovapeneira.gal\\\/#\\\/schema\\\/person\\\/a366bebab0087abcaac646148d290ba6\",\"name\":\"Xurxo Agra\",\"image\":{\"@type\":\"ImageObject\",\"inLanguage\":\"gl-ES\",\"@id\":\"https:\\\/\\\/secure.gravatar.com\\\/avatar\\\/2393f992666bf58af5aa00ae513f24da53518b6d1531c6fd7b2e60fde1026c15?s=96&d=mm&r=g\",\"url\":\"https:\\\/\\\/secure.gravatar.com\\\/avatar\\\/2393f992666bf58af5aa00ae513f24da53518b6d1531c6fd7b2e60fde1026c15?s=96&d=mm&r=g\",\"contentUrl\":\"https:\\\/\\\/secure.gravatar.com\\\/avatar\\\/2393f992666bf58af5aa00ae513f24da53518b6d1531c6fd7b2e60fde1026c15?s=96&d=mm&r=g\",\"caption\":\"Xurxo Agra\"},\"url\":\"https:\\\/\\\/www.anovapeneira.gal\\\/index.php\\\/author\\\/xurxoagra\\\/\"}]}<\/script>\n<!-- \/ Yoast SEO plugin. -->","yoast_head_json":{"title":"Myanmar retrocede unha d\u00e9cada -","description":"O pasado 1 de febreiro o Tatmadaw, nome oficial das Forzas Armadas de Myanmar, protagoniza un golpe de Estado, e deste xeito o pa\u00eds m\u00e1is pobre do sudeste asi\u00e1ticoretrocede unha d\u00e9cada retomando o cami\u00f1o iniciado en 1962, cando tras outro golpe de Estado, o ex\u00e9rcito asumiu ocontrol do pa\u00eds, que dirixiu duranteos seguintes 50 anos","robots":{"index":"index","follow":"follow","max-snippet":"max-snippet:-1","max-image-preview":"max-image-preview:large","max-video-preview":"max-video-preview:-1"},"canonical":"https:\/\/www.anovapeneira.gal\/index.php\/2021\/03\/08\/myanmar-retrocede-unha-decada\/","og_locale":"gl_ES","og_type":"article","og_title":"Myanmar retrocede unha d\u00e9cada -","og_description":"O pasado 1 de febreiro o Tatmadaw, nome oficial das Forzas Armadas de Myanmar, protagoniza un golpe de Estado, e deste xeito o pa\u00eds m\u00e1is pobre do sudeste asi\u00e1ticoretrocede unha d\u00e9cada retomando o cami\u00f1o iniciado en 1962, cando tras outro golpe de Estado, o ex\u00e9rcito asumiu ocontrol do pa\u00eds, que dirixiu duranteos seguintes 50 anos","og_url":"https:\/\/www.anovapeneira.gal\/index.php\/2021\/03\/08\/myanmar-retrocede-unha-decada\/","article_publisher":"https:\/\/www.facebook.com\/anovapeneira","article_published_time":"2021-03-08T09:00:14+00:00","article_modified_time":"2021-03-15T22:21:30+00:00","og_image":[{"width":720,"height":473,"url":"https:\/\/www.anovapeneira.gal\/wp-content\/uploads\/2019\/07\/ARTIGO_DE_OPINION_A_NOVA_PENEIRA.jpg","type":"image\/jpeg"}],"author":"Xurxo Agra","twitter_card":"summary_large_image","twitter_creator":"@APeneira","twitter_site":"@APeneira","twitter_misc":{"Escrito por":"Xurxo Agra","Tempo de lectura":"3 minutos"},"schema":{"@context":"https:\/\/schema.org","@graph":[{"@type":"Article","@id":"https:\/\/www.anovapeneira.gal\/index.php\/2021\/03\/08\/myanmar-retrocede-unha-decada\/#article","isPartOf":{"@id":"https:\/\/www.anovapeneira.gal\/index.php\/2021\/03\/08\/myanmar-retrocede-unha-decada\/"},"author":{"name":"Xurxo Agra","@id":"https:\/\/www.anovapeneira.gal\/#\/schema\/person\/a366bebab0087abcaac646148d290ba6"},"headline":"Myanmar retrocede unha d\u00e9cada","datePublished":"2021-03-08T09:00:14+00:00","dateModified":"2021-03-15T22:21:30+00:00","mainEntityOfPage":{"@id":"https:\/\/www.anovapeneira.gal\/index.php\/2021\/03\/08\/myanmar-retrocede-unha-decada\/"},"wordCount":746,"commentCount":0,"publisher":{"@id":"https:\/\/www.anovapeneira.gal\/#organization"},"image":{"@id":"https:\/\/www.anovapeneira.gal\/index.php\/2021\/03\/08\/myanmar-retrocede-unha-decada\/#primaryimage"},"thumbnailUrl":"https:\/\/www.anovapeneira.gal\/wp-content\/uploads\/2019\/07\/ARTIGO_DE_OPINION_A_NOVA_PENEIRA.jpg","keywords":["Myanmar"],"articleSection":["Artigos de opini\u00f3n"],"inLanguage":"gl-ES","potentialAction":[{"@type":"CommentAction","name":"Comment","target":["https:\/\/www.anovapeneira.gal\/index.php\/2021\/03\/08\/myanmar-retrocede-unha-decada\/#respond"]}]},{"@type":"WebPage","@id":"https:\/\/www.anovapeneira.gal\/index.php\/2021\/03\/08\/myanmar-retrocede-unha-decada\/","url":"https:\/\/www.anovapeneira.gal\/index.php\/2021\/03\/08\/myanmar-retrocede-unha-decada\/","name":"Myanmar retrocede unha d\u00e9cada -","isPartOf":{"@id":"https:\/\/www.anovapeneira.gal\/#website"},"primaryImageOfPage":{"@id":"https:\/\/www.anovapeneira.gal\/index.php\/2021\/03\/08\/myanmar-retrocede-unha-decada\/#primaryimage"},"image":{"@id":"https:\/\/www.anovapeneira.gal\/index.php\/2021\/03\/08\/myanmar-retrocede-unha-decada\/#primaryimage"},"thumbnailUrl":"https:\/\/www.anovapeneira.gal\/wp-content\/uploads\/2019\/07\/ARTIGO_DE_OPINION_A_NOVA_PENEIRA.jpg","datePublished":"2021-03-08T09:00:14+00:00","dateModified":"2021-03-15T22:21:30+00:00","description":"O pasado 1 de febreiro o Tatmadaw, nome oficial das Forzas Armadas de Myanmar, protagoniza un golpe de Estado, e deste xeito o pa\u00eds m\u00e1is pobre do sudeste asi\u00e1ticoretrocede unha d\u00e9cada retomando o cami\u00f1o iniciado en 1962, cando tras outro golpe de Estado, o ex\u00e9rcito asumiu ocontrol do pa\u00eds, que dirixiu duranteos seguintes 50 anos","breadcrumb":{"@id":"https:\/\/www.anovapeneira.gal\/index.php\/2021\/03\/08\/myanmar-retrocede-unha-decada\/#breadcrumb"},"inLanguage":"gl-ES","potentialAction":[{"@type":"ReadAction","target":["https:\/\/www.anovapeneira.gal\/index.php\/2021\/03\/08\/myanmar-retrocede-unha-decada\/"]}]},{"@type":"ImageObject","inLanguage":"gl-ES","@id":"https:\/\/www.anovapeneira.gal\/index.php\/2021\/03\/08\/myanmar-retrocede-unha-decada\/#primaryimage","url":"https:\/\/www.anovapeneira.gal\/wp-content\/uploads\/2019\/07\/ARTIGO_DE_OPINION_A_NOVA_PENEIRA.jpg","contentUrl":"https:\/\/www.anovapeneira.gal\/wp-content\/uploads\/2019\/07\/ARTIGO_DE_OPINION_A_NOVA_PENEIRA.jpg","width":720,"height":473,"caption":"Artigo de opini\u00f3n A Nova Peneira"},{"@type":"BreadcrumbList","@id":"https:\/\/www.anovapeneira.gal\/index.php\/2021\/03\/08\/myanmar-retrocede-unha-decada\/#breadcrumb","itemListElement":[{"@type":"ListItem","position":1,"name":"Portada","item":"https:\/\/www.anovapeneira.gal\/"},{"@type":"ListItem","position":2,"name":"Myanmar retrocede unha d\u00e9cada"}]},{"@type":"WebSite","@id":"https:\/\/www.anovapeneira.gal\/#website","url":"https:\/\/www.anovapeneira.gal\/","name":"","description":"Xornal galego de informaci\u00f3n xeral Publicaci\u00f3n mensual de novas de Galicia e en especial dos Concellos da sur da provincia de Pontevedra.","publisher":{"@id":"https:\/\/www.anovapeneira.gal\/#organization"},"potentialAction":[{"@type":"SearchAction","target":{"@type":"EntryPoint","urlTemplate":"https:\/\/www.anovapeneira.gal\/?s={search_term_string}"},"query-input":{"@type":"PropertyValueSpecification","valueRequired":true,"valueName":"search_term_string"}}],"inLanguage":"gl-ES"},{"@type":"Organization","@id":"https:\/\/www.anovapeneira.gal\/#organization","name":"A Nova Peneira","url":"https:\/\/www.anovapeneira.gal\/","logo":{"@type":"ImageObject","inLanguage":"gl-ES","@id":"https:\/\/www.anovapeneira.gal\/#\/schema\/logo\/image\/","url":"http:\/\/www.anovapeneira.gal\/wp-content\/uploads\/2019\/06\/logo_a_nova_peneira_portal_web.png","contentUrl":"http:\/\/www.anovapeneira.gal\/wp-content\/uploads\/2019\/06\/logo_a_nova_peneira_portal_web.png","width":300,"height":100,"caption":"A Nova Peneira"},"image":{"@id":"https:\/\/www.anovapeneira.gal\/#\/schema\/logo\/image\/"},"sameAs":["https:\/\/www.facebook.com\/anovapeneira","https:\/\/x.com\/APeneira"]},{"@type":"Person","@id":"https:\/\/www.anovapeneira.gal\/#\/schema\/person\/a366bebab0087abcaac646148d290ba6","name":"Xurxo Agra","image":{"@type":"ImageObject","inLanguage":"gl-ES","@id":"https:\/\/secure.gravatar.com\/avatar\/2393f992666bf58af5aa00ae513f24da53518b6d1531c6fd7b2e60fde1026c15?s=96&d=mm&r=g","url":"https:\/\/secure.gravatar.com\/avatar\/2393f992666bf58af5aa00ae513f24da53518b6d1531c6fd7b2e60fde1026c15?s=96&d=mm&r=g","contentUrl":"https:\/\/secure.gravatar.com\/avatar\/2393f992666bf58af5aa00ae513f24da53518b6d1531c6fd7b2e60fde1026c15?s=96&d=mm&r=g","caption":"Xurxo Agra"},"url":"https:\/\/www.anovapeneira.gal\/index.php\/author\/xurxoagra\/"}]}},"jetpack_featured_media_url":"https:\/\/www.anovapeneira.gal\/wp-content\/uploads\/2019\/07\/ARTIGO_DE_OPINION_A_NOVA_PENEIRA.jpg","_links":{"self":[{"href":"https:\/\/www.anovapeneira.gal\/index.php\/wp-json\/wp\/v2\/posts\/4973","targetHints":{"allow":["GET"]}}],"collection":[{"href":"https:\/\/www.anovapeneira.gal\/index.php\/wp-json\/wp\/v2\/posts"}],"about":[{"href":"https:\/\/www.anovapeneira.gal\/index.php\/wp-json\/wp\/v2\/types\/post"}],"author":[{"embeddable":true,"href":"https:\/\/www.anovapeneira.gal\/index.php\/wp-json\/wp\/v2\/users\/35"}],"replies":[{"embeddable":true,"href":"https:\/\/www.anovapeneira.gal\/index.php\/wp-json\/wp\/v2\/comments?post=4973"}],"version-history":[{"count":2,"href":"https:\/\/www.anovapeneira.gal\/index.php\/wp-json\/wp\/v2\/posts\/4973\/revisions"}],"predecessor-version":[{"id":5044,"href":"https:\/\/www.anovapeneira.gal\/index.php\/wp-json\/wp\/v2\/posts\/4973\/revisions\/5044"}],"wp:featuredmedia":[{"embeddable":true,"href":"https:\/\/www.anovapeneira.gal\/index.php\/wp-json\/wp\/v2\/media\/584"}],"wp:attachment":[{"href":"https:\/\/www.anovapeneira.gal\/index.php\/wp-json\/wp\/v2\/media?parent=4973"}],"wp:term":[{"taxonomy":"category","embeddable":true,"href":"https:\/\/www.anovapeneira.gal\/index.php\/wp-json\/wp\/v2\/categories?post=4973"},{"taxonomy":"post_tag","embeddable":true,"href":"https:\/\/www.anovapeneira.gal\/index.php\/wp-json\/wp\/v2\/tags?post=4973"}],"curies":[{"name":"wp","href":"https:\/\/api.w.org\/{rel}","templated":true}]}}