{"id":4975,"date":"2021-03-08T12:00:41","date_gmt":"2021-03-08T11:00:41","guid":{"rendered":"http:\/\/www.anovapeneira.gal\/?p=4975"},"modified":"2021-03-06T10:36:11","modified_gmt":"2021-03-06T09:36:11","slug":"o-trixesimo-segundo-fragmento-do-diario-de-senlua-arraiana","status":"publish","type":"post","link":"https:\/\/www.anovapeneira.gal\/index.php\/2021\/03\/08\/o-trixesimo-segundo-fragmento-do-diario-de-senlua-arraiana\/","title":{"rendered":"O trix\u00e9simo segundo fragmento do diario de Senl\u00faa Arraiana"},"content":{"rendered":"\n<h2 class=\"wp-block-heading\"><strong><em>A&nbsp; Feiticeira, a supercheria e a auga de boca<\/em><\/strong><\/h2>\n\n\n\n<figure class=\"wp-block-image size-large is-resized is-style-default\"><img loading=\"lazy\" decoding=\"async\" src=\"http:\/\/www.anovapeneira.gal\/wp-content\/uploads\/2019\/07\/cristobal_a_nova_peneira.jpg\" alt=\"Crist\u00f3bal L\u00f3pez A Nova Peneira\" class=\"wp-image-555\" width=\"95\" height=\"111\"\/><figcaption>Crist\u00f3bal L\u00f3pez Pazo | Comuneiro dos montes de Tameiga, militante de anticapitalistas, ecoloxista en acci\u00f3n e veci\u00f1o constitu\u00ednte da asemblea veci\u00f1al ga\u00f1aM\u00f3s<\/figcaption><\/figure>\n\n\n\n<div class=\"wp-block-columns is-layout-flex wp-container-core-columns-is-layout-9d6595d7 wp-block-columns-is-layout-flex\">\n<div class=\"wp-block-column is-layout-flow wp-block-column-is-layout-flow\">\n<figure class=\"wp-block-image size-large is-style-default\"><img loading=\"lazy\" decoding=\"async\" width=\"700\" height=\"816\" src=\"http:\/\/www.anovapeneira.gal\/wp-content\/uploads\/2019\/08\/senlua_arraiana_2135.jpg\" alt=\"\" class=\"wp-image-877\" srcset=\"https:\/\/www.anovapeneira.gal\/wp-content\/uploads\/2019\/08\/senlua_arraiana_2135.jpg 700w, https:\/\/www.anovapeneira.gal\/wp-content\/uploads\/2019\/08\/senlua_arraiana_2135-257x300.jpg 257w\" sizes=\"auto, (max-width: 700px) 100vw, 700px\" \/><\/figure>\n<\/div>\n\n\n\n<div class=\"wp-block-column is-layout-flow wp-block-column-is-layout-flow\">\n<p><strong><em>Este trix\u00e9simo segundo fragmento do diario de Senl\u00faa Arraiana foi recuperado e adiantado ao noso tempo por Noitepedralonga, fiel camarada do av\u00f3 da futura l\u00edder da resistencia arraiana<\/em><\/strong><\/p>\n<\/div>\n<\/div>\n\n\n\n<p>A pandemia de disenter\u00eda remitira, pero diezmara a poboaci\u00f3n de Vilania e causara estragos na d\u00e9bil econom\u00eda local. Rexistramos os almac\u00e9ns de todos os cuarteis requisando alimentos para repartilos entre a poboaci\u00f3n. Nos poucos recintos nos que atopamos guardias custodios, estes se rendiron nada m\u00e1is vernos chegar. A capital sab\u00eda que eramos os novos donos antes de que nos foramos conscentes da situaci\u00f3n.&nbsp;<\/p>\n\n\n\n<p>O racionamento e reparto dos v\u00edveres disponibles paliou a grave carest\u00eda de alimentos que sufr\u00eda a poboaci\u00f3n desde que Areval\u00e9fica se enfrontara aos clanes aparceiros. A aparecer\u00eda foi o sistema agr\u00edcola no que desenvocou as comunidades agr\u00edcolas tras a s\u00faa prohibici\u00f3n e&nbsp; confiscaci\u00f3n dos seus labrant\u00edos polo mando militar sublevado. As poucas familias que non foran represariadas ou fuxiran no \u00e9xodo chegaron a un acordo para seguir traballando as terras e repartir a medias os seu froito coa Colmea. A\u00ednda que o contrato era de median\u00eda, a Colmea sempre esixiu m\u00e1is da metade das colleitas.&nbsp;<\/p>\n\n\n\n<p>Agard\u00e1bamos que a xente sair\u00efa en tropel das s\u00faas casas para recoller os v\u00edveres. Nada m\u00e1is lonxe da realidade. Se xa ti\u00f1an medo a espo\u00f1erse a crueldade das patrullas de avespas, m\u00e1is a uns desco\u00f1ecidos rec\u00e9n chegados. A inanici\u00f3n imperaba nas s\u00faas casas, pero esta non venc\u00eda ao seu medo a abrirlle a porta ao terror. Parec\u00eda que de nada servira a retirada dos cad\u00e1veres pendurados nas farolas e que a nosa presenza nas r\u00faas fora sempre carente de armas. Tanto as nosas patrullas de control como os nosos pelot\u00f3ns de reparto non portaban armas nin uniformes. A mensaxe de que o terror estaba desterrado non calaba na poboaci\u00f3n.&nbsp; O seu comportamiento fora condicionado a sangue e lume durante anos e quedaba claro que non \u00edamos<strong> <\/strong>mudalo cun simple sorriso e apret\u00f3n de mans.&nbsp;<\/p>\n\n\n\n<p>Unha vez m\u00e1is recurrimos \u00e1 colaboraci\u00f2n dos clans aparceiros. Eran o \u00fanico segmento da sociedade da Colmea que conservaba ascendencia e certa lexitimidade no resto da poboaci\u00f3n. Grazas a eles fumos pouco a pouco convencedo aquela temerosa xente para que sa\u00edran das s\u00faas casas e recolleran as s\u00faas raci\u00f3ns. Acompa\u00f1aban sempre alg\u00fan deles \u00e1s nosas patrullas e \u00edan casa por casa falando coa xente para tranquilizalas ante a nosa presenza. Co paso dos d\u00edas comenzaron a deixarse reco\u00f1ecer polo nosos sanitarios e a atreverse a conversar distendidamente con eles. Para responder a s\u00faa confianza comezamos a patrullar a cidade cambiando os nutridos pelot\u00f3ns por simples parellas que simulaban pasear amigablemente pola contorna.&nbsp;<\/p>\n\n\n\n<p>A orde era presentarnos como o ex\u00e9rcito de Puxeiros O Negro. Coma un grupo ex\u00e9rcito salvador, e non conquistador, que unha vez eliminada a Colmea restablecer\u00eda as plenas liberdades. Non importaba que moitos lugare\u00f1os viran ao meu pai coma un loco e perigoso visionario despois de anos reescribindose a historia na Colmea. A figura do Negro era s\u00f3lida e poderosa para todos eles e necesitab\u00e1mola para contrarrestar a s\u00faa absoluta sumisi\u00f3n a Areval\u00e9fica. Incluso derrotada Areval\u00e9fica esta xente necesitar\u00eda alg\u00fan fetiche para que aprenderan a cami\u00f1ar de novo polo seu propio p\u00e9.&nbsp;<\/p>\n\n\n\n<p>Isto quedounos ben claro co asunto da auga. Cando nos fixemos cargo da capital a xente segu\u00eda sen beber a auga das fontes e pozos da cidade pensando que estaban contaminados e que eran a causa da pandemia. Areval\u00e9fica fixera crer \u00e1 poboaci\u00f3n de Vilania que o mal estaba na auga porque os rebeldes&nbsp; envelenaran os mananciais e non por unha disenter\u00eda moi contaxiosa. Esta mentira difundida por Areval\u00e9fica agravar\u00e1 a letalidade dunha enfermidade que causa unha forte deshidrataci\u00f3n.&nbsp;<\/p>\n\n\n\n<p>De nada valeron as nosas demostraci\u00f3ns p\u00fablicas bebendo nos mesmas das fontes. Incluso tivemos que parar de consumila porque a xente comezou a cuestionar a comida que repartiamos por se a coci\u00f1abamos con auga das fontes da capital. Para que o rexeitamento aos alimentos non fora a m\u00e1is, tivemos que traer a auga dos manaciais dos Pin\u00e1culos de Obliter. As\u00ed recobramos a confianza da poboaci\u00f3n sobre os alimentos, pero reforzamos a creencia de que os mananciais locais estaban envelenados.&nbsp;<\/p>\n\n\n\n<p>Desquiciada e deseperada con este problema lembrei a artima\u00f1a de Prusiana para atallar o mesmo desprop\u00f3sito en Anatolia cando apareceu a pandemia. A supercher\u00eda s\u00f3 se combate con outra supercher\u00eda.&nbsp;<\/p>\n\n\n\n<p>Estabamos tan sobrepasadas coa situaci\u00f3n que organizamos un espect\u00e1culo por todo o alto, reparamos at\u00e9 no m\u00e1is m\u00ednimo detalle. Era un \u00f3rdago a toda a poboaci\u00f3n, se fracas\u00e1bamos aquela recelosa xente volver\u00eda a refuxiarse nas s\u00faas casas.&nbsp;<\/p>\n\n\n\n<p>Convocamos a toda a veci\u00f1anza que pudimos meter na praza Azul na que hab\u00eda un pozo aberto que suministraba auga a catro fontes que o circundaban. No seu dia abastec\u00eda a gran parte da poboaci\u00f3n e esta explanada agora orfa e solitaria era serpenteada pola xente agardando o seu turno ante as fontes.&nbsp;<\/p>\n\n\n\n<p>Zafra, unha comediante innata, oficio de gran feiticeira. Non faltou un coro de sacerdotisas rodeandola e incluso amenizamos a pantomima co repiquetear dunha improvisada secci\u00f3n r\u00edtmica.&nbsp;<\/p>\n\n\n\n<p>Unha vez reunidas as masas comenzou a funci\u00f3n. Zafra apareceu de s\u00fapeto por un escotill\u00f3n no estrado e dirix\u00eduse directamente aos congregados armada con un gran altavoz hipn\u00f3tico artellado para a ocasi\u00f3n.&nbsp;<\/p>\n\n\n\n<p>Despois de cada frase da nosa feiticeira o coro repet\u00eda as mesmas palabras m\u00e1xicas nun crescendo dos tambores. Todo o alto mando do ex\u00e9rcito de Puxeiros O Negro estaba presente reforzando o boato da escena vestidos coas s\u00faas mellores galas.&nbsp;<\/p>\n\n\n\n<p>Con cada comp\u00e1s da percusi\u00f3n aumentaban os meus remordementos por enganar daquel xeito ao pobo que vi\u00f1amos a salvar. Hab\u00edamos probado de todo sen resultado, unha sociedade esmagada baixo a bota do totalitarismo non atende a raz\u00f3ns. Aqu\u00ed estabamos de armadanzas desta supercher\u00eda visceral, apelando aos instintos primarios de sometimiento ao m\u00e1xico e poderoso.&nbsp;<\/p>\n\n\n\n<p>Nin un pero podo po\u00f1er a actuaci\u00f3n de Zafra. Deixou abraiados a todos, tanto ao p\u00fablico entregado e pendente de cada aceno seu como a n\u00f3s co\u00f1ecedoras da pantomima. Todos os artiluxios e efectos visualizaci\u00f3n argallados d\u00e9ronlle unha incre\u00edble veracidade a toda a actuaci\u00f3n mantendo boquiabertos de asombro a todas as presentes.&nbsp;<\/p>\n\n\n\n<p>Cando Zafra &#8211; a gran feiticeira &#8211; anunciou que \u00eda estirpar o mal das augas, achegouse a boca do pozo e botou uns polvos nel mediante un alambicado xogo de mans. O preparado reaccionou coa superficie da auga facendo aparecer unha pluma de fume vermello ante as exclamaci\u00f3ns entrecortadas do p\u00fablico. Cando a mal\u00e9fica nube vermella ascendeu sobre as nosas cabezas, un experto tirador, agochado tras o coro de sacerdotisas, descargou o seu pacificador sobre a nube facendoa desaparecer entre unha mara\u00f1a de arcos voltaicos. Nese intre parou de s\u00fapeto o continuo crescendo dos tampores para dar paso a un un\u00edsono aleluya do coro que foi secundado por berros de x\u00fabilo e alborozo de todos os presente. Eu mesma deixeime arrastrar polo espect\u00e1culo e rematei ronca e coas palmas doloridas de tanto aplaudir.&nbsp;<\/p>\n\n\n\n<p>Sen dar tempo a que o p\u00fablico o pensara d\u00faas veces, as sacerdotisas comenzaron a repartir cuncas de auga que un tr\u00e1s outro foron apurando como se fora unha p\u00f3cima redentora. Mentres a poboaci\u00f3n estaba concentrada en acadar o seu sorbo sanador fumos retirando toda a tramoia, e asi con este alambicado bautismo solucionamos definitivamente o problema da auga.&nbsp;<\/p>\n\n\n\n<p>Ao d\u00eda seguinte a praza amaneceu plet\u00f3rica de xente agardando poder unirse \u00e1 irmandade dos redimidos. Desde ese d\u00eda a actitude da poboaci\u00f3n mudou e volv\u00e9ronse moito m\u00e1is colaboradores con todas as nosas propostas para reconstruir a comunidade. E se alg\u00fan se mostraba renuente s\u00f3lo ti\u00f1amos que nomear a nosa feiticeira para que volva ao redil.<\/p>\n\n\n\n<p>A supercher\u00eda que creamos adquiriu vida propia e f\u00edxose incontrolable, mais grande ca n\u00f3s, obrig\u00e1ndonos aos seus propios creadores a vivir baixo o seu influxo. Gustar\u00edame contarlles a verdade, pero estou segura de que ningu\u00e9n me crer\u00eda. Quen son eu para enfrontarme \u00e1 gran feiticeira.<\/p>\n","protected":false},"excerpt":{"rendered":"<div class=\"mh-excerpt\"><p>Este trix\u00e9simo segundo fragmento do diario de Senl\u00faa Arraiana foi recuperado e adiantado ao noso tempo por Noitepedralonga, fiel camarada do av\u00f3 da futura l\u00edder da resistencia arraiana <a class=\"mh-excerpt-more\" href=\"https:\/\/www.anovapeneira.gal\/index.php\/2021\/03\/08\/o-trixesimo-segundo-fragmento-do-diario-de-senlua-arraiana\/\" title=\"O trix\u00e9simo segundo fragmento do diario de Senl\u00faa Arraiana\">[&#8230;]<\/a><\/p>\n<\/div>","protected":false},"author":13,"featured_media":4977,"comment_status":"open","ping_status":"open","sticky":false,"template":"","format":"standard","meta":{"_exactmetrics_skip_tracking":false,"_exactmetrics_sitenote_active":false,"_exactmetrics_sitenote_note":"","_exactmetrics_sitenote_category":0,"footnotes":""},"categories":[7],"tags":[],"class_list":{"0":"post-4975","1":"post","2":"type-post","3":"status-publish","4":"format-standard","5":"has-post-thumbnail","7":"category-artigos-de-opinion"},"yoast_head":"<!-- This site is optimized with the Yoast SEO plugin v27.4 - https:\/\/yoast.com\/product\/yoast-seo-wordpress\/ -->\n<title>O trix\u00e9simo segundo fragmento do diario de Senl\u00faa Arraiana -<\/title>\n<meta name=\"robots\" content=\"index, follow, max-snippet:-1, max-image-preview:large, max-video-preview:-1\" \/>\n<link rel=\"canonical\" href=\"https:\/\/www.anovapeneira.gal\/index.php\/2021\/03\/08\/o-trixesimo-segundo-fragmento-do-diario-de-senlua-arraiana\/\" \/>\n<meta property=\"og:locale\" content=\"gl_ES\" \/>\n<meta property=\"og:type\" content=\"article\" \/>\n<meta property=\"og:title\" content=\"O trix\u00e9simo segundo fragmento do diario de Senl\u00faa Arraiana -\" \/>\n<meta property=\"og:description\" content=\"Este trix\u00e9simo segundo fragmento do diario de Senl\u00faa Arraiana foi recuperado e adiantado ao noso tempo por Noitepedralonga, fiel camarada do av\u00f3 da futura l\u00edder da resistencia arraiana [...]\" \/>\n<meta property=\"og:url\" content=\"https:\/\/www.anovapeneira.gal\/index.php\/2021\/03\/08\/o-trixesimo-segundo-fragmento-do-diario-de-senlua-arraiana\/\" \/>\n<meta property=\"article:publisher\" content=\"https:\/\/www.facebook.com\/anovapeneira\" \/>\n<meta property=\"article:published_time\" content=\"2021-03-08T11:00:41+00:00\" \/>\n<meta property=\"og:image\" content=\"https:\/\/www.anovapeneira.gal\/wp-content\/uploads\/2021\/03\/sen_lua_32.png\" \/>\n\t<meta property=\"og:image:width\" content=\"720\" \/>\n\t<meta property=\"og:image:height\" content=\"432\" \/>\n\t<meta property=\"og:image:type\" content=\"image\/png\" \/>\n<meta name=\"author\" content=\"Cristobal L\u00f3pez\" \/>\n<meta name=\"twitter:card\" content=\"summary_large_image\" \/>\n<meta name=\"twitter:creator\" content=\"@APeneira\" \/>\n<meta name=\"twitter:site\" content=\"@APeneira\" \/>\n<meta name=\"twitter:label1\" content=\"Escrito por\" \/>\n\t<meta name=\"twitter:data1\" content=\"Cristobal L\u00f3pez\" \/>\n\t<meta name=\"twitter:label2\" content=\"Tempo de lectura\" \/>\n\t<meta name=\"twitter:data2\" content=\"6 minutos\" \/>\n<script type=\"application\/ld+json\" class=\"yoast-schema-graph\">{\"@context\":\"https:\\\/\\\/schema.org\",\"@graph\":[{\"@type\":\"Article\",\"@id\":\"https:\\\/\\\/www.anovapeneira.gal\\\/index.php\\\/2021\\\/03\\\/08\\\/o-trixesimo-segundo-fragmento-do-diario-de-senlua-arraiana\\\/#article\",\"isPartOf\":{\"@id\":\"https:\\\/\\\/www.anovapeneira.gal\\\/index.php\\\/2021\\\/03\\\/08\\\/o-trixesimo-segundo-fragmento-do-diario-de-senlua-arraiana\\\/\"},\"author\":{\"name\":\"Cristobal L\u00f3pez\",\"@id\":\"https:\\\/\\\/www.anovapeneira.gal\\\/#\\\/schema\\\/person\\\/45b3df2338e4d898b7616809f9c5906c\"},\"headline\":\"O trix\u00e9simo segundo fragmento do diario de Senl\u00faa Arraiana\",\"datePublished\":\"2021-03-08T11:00:41+00:00\",\"mainEntityOfPage\":{\"@id\":\"https:\\\/\\\/www.anovapeneira.gal\\\/index.php\\\/2021\\\/03\\\/08\\\/o-trixesimo-segundo-fragmento-do-diario-de-senlua-arraiana\\\/\"},\"wordCount\":1493,\"commentCount\":0,\"publisher\":{\"@id\":\"https:\\\/\\\/www.anovapeneira.gal\\\/#organization\"},\"image\":{\"@id\":\"https:\\\/\\\/www.anovapeneira.gal\\\/index.php\\\/2021\\\/03\\\/08\\\/o-trixesimo-segundo-fragmento-do-diario-de-senlua-arraiana\\\/#primaryimage\"},\"thumbnailUrl\":\"https:\\\/\\\/www.anovapeneira.gal\\\/wp-content\\\/uploads\\\/2021\\\/03\\\/sen_lua_32.png\",\"articleSection\":[\"Artigos de opini\u00f3n\"],\"inLanguage\":\"gl-ES\",\"potentialAction\":[{\"@type\":\"CommentAction\",\"name\":\"Comment\",\"target\":[\"https:\\\/\\\/www.anovapeneira.gal\\\/index.php\\\/2021\\\/03\\\/08\\\/o-trixesimo-segundo-fragmento-do-diario-de-senlua-arraiana\\\/#respond\"]}]},{\"@type\":\"WebPage\",\"@id\":\"https:\\\/\\\/www.anovapeneira.gal\\\/index.php\\\/2021\\\/03\\\/08\\\/o-trixesimo-segundo-fragmento-do-diario-de-senlua-arraiana\\\/\",\"url\":\"https:\\\/\\\/www.anovapeneira.gal\\\/index.php\\\/2021\\\/03\\\/08\\\/o-trixesimo-segundo-fragmento-do-diario-de-senlua-arraiana\\\/\",\"name\":\"O trix\u00e9simo segundo fragmento do diario de Senl\u00faa Arraiana -\",\"isPartOf\":{\"@id\":\"https:\\\/\\\/www.anovapeneira.gal\\\/#website\"},\"primaryImageOfPage\":{\"@id\":\"https:\\\/\\\/www.anovapeneira.gal\\\/index.php\\\/2021\\\/03\\\/08\\\/o-trixesimo-segundo-fragmento-do-diario-de-senlua-arraiana\\\/#primaryimage\"},\"image\":{\"@id\":\"https:\\\/\\\/www.anovapeneira.gal\\\/index.php\\\/2021\\\/03\\\/08\\\/o-trixesimo-segundo-fragmento-do-diario-de-senlua-arraiana\\\/#primaryimage\"},\"thumbnailUrl\":\"https:\\\/\\\/www.anovapeneira.gal\\\/wp-content\\\/uploads\\\/2021\\\/03\\\/sen_lua_32.png\",\"datePublished\":\"2021-03-08T11:00:41+00:00\",\"breadcrumb\":{\"@id\":\"https:\\\/\\\/www.anovapeneira.gal\\\/index.php\\\/2021\\\/03\\\/08\\\/o-trixesimo-segundo-fragmento-do-diario-de-senlua-arraiana\\\/#breadcrumb\"},\"inLanguage\":\"gl-ES\",\"potentialAction\":[{\"@type\":\"ReadAction\",\"target\":[\"https:\\\/\\\/www.anovapeneira.gal\\\/index.php\\\/2021\\\/03\\\/08\\\/o-trixesimo-segundo-fragmento-do-diario-de-senlua-arraiana\\\/\"]}]},{\"@type\":\"ImageObject\",\"inLanguage\":\"gl-ES\",\"@id\":\"https:\\\/\\\/www.anovapeneira.gal\\\/index.php\\\/2021\\\/03\\\/08\\\/o-trixesimo-segundo-fragmento-do-diario-de-senlua-arraiana\\\/#primaryimage\",\"url\":\"https:\\\/\\\/www.anovapeneira.gal\\\/wp-content\\\/uploads\\\/2021\\\/03\\\/sen_lua_32.png\",\"contentUrl\":\"https:\\\/\\\/www.anovapeneira.gal\\\/wp-content\\\/uploads\\\/2021\\\/03\\\/sen_lua_32.png\",\"width\":720,\"height\":432,\"caption\":\"Senl\u00faa arraiana\"},{\"@type\":\"BreadcrumbList\",\"@id\":\"https:\\\/\\\/www.anovapeneira.gal\\\/index.php\\\/2021\\\/03\\\/08\\\/o-trixesimo-segundo-fragmento-do-diario-de-senlua-arraiana\\\/#breadcrumb\",\"itemListElement\":[{\"@type\":\"ListItem\",\"position\":1,\"name\":\"Portada\",\"item\":\"https:\\\/\\\/www.anovapeneira.gal\\\/\"},{\"@type\":\"ListItem\",\"position\":2,\"name\":\"O trix\u00e9simo segundo fragmento do diario de Senl\u00faa Arraiana\"}]},{\"@type\":\"WebSite\",\"@id\":\"https:\\\/\\\/www.anovapeneira.gal\\\/#website\",\"url\":\"https:\\\/\\\/www.anovapeneira.gal\\\/\",\"name\":\"\",\"description\":\"Xornal galego de informaci\u00f3n xeral Publicaci\u00f3n mensual de novas de Galicia e en especial dos Concellos da sur da provincia de Pontevedra.\",\"publisher\":{\"@id\":\"https:\\\/\\\/www.anovapeneira.gal\\\/#organization\"},\"potentialAction\":[{\"@type\":\"SearchAction\",\"target\":{\"@type\":\"EntryPoint\",\"urlTemplate\":\"https:\\\/\\\/www.anovapeneira.gal\\\/?s={search_term_string}\"},\"query-input\":{\"@type\":\"PropertyValueSpecification\",\"valueRequired\":true,\"valueName\":\"search_term_string\"}}],\"inLanguage\":\"gl-ES\"},{\"@type\":\"Organization\",\"@id\":\"https:\\\/\\\/www.anovapeneira.gal\\\/#organization\",\"name\":\"A Nova Peneira\",\"url\":\"https:\\\/\\\/www.anovapeneira.gal\\\/\",\"logo\":{\"@type\":\"ImageObject\",\"inLanguage\":\"gl-ES\",\"@id\":\"https:\\\/\\\/www.anovapeneira.gal\\\/#\\\/schema\\\/logo\\\/image\\\/\",\"url\":\"http:\\\/\\\/www.anovapeneira.gal\\\/wp-content\\\/uploads\\\/2019\\\/06\\\/logo_a_nova_peneira_portal_web.png\",\"contentUrl\":\"http:\\\/\\\/www.anovapeneira.gal\\\/wp-content\\\/uploads\\\/2019\\\/06\\\/logo_a_nova_peneira_portal_web.png\",\"width\":300,\"height\":100,\"caption\":\"A Nova Peneira\"},\"image\":{\"@id\":\"https:\\\/\\\/www.anovapeneira.gal\\\/#\\\/schema\\\/logo\\\/image\\\/\"},\"sameAs\":[\"https:\\\/\\\/www.facebook.com\\\/anovapeneira\",\"https:\\\/\\\/x.com\\\/APeneira\"]},{\"@type\":\"Person\",\"@id\":\"https:\\\/\\\/www.anovapeneira.gal\\\/#\\\/schema\\\/person\\\/45b3df2338e4d898b7616809f9c5906c\",\"name\":\"Cristobal L\u00f3pez\",\"image\":{\"@type\":\"ImageObject\",\"inLanguage\":\"gl-ES\",\"@id\":\"https:\\\/\\\/secure.gravatar.com\\\/avatar\\\/b537cf06ef8166c9ef72b09f4d5f6446b1e22ea99505d94e40b8685710482f79?s=96&d=mm&r=g\",\"url\":\"https:\\\/\\\/secure.gravatar.com\\\/avatar\\\/b537cf06ef8166c9ef72b09f4d5f6446b1e22ea99505d94e40b8685710482f79?s=96&d=mm&r=g\",\"contentUrl\":\"https:\\\/\\\/secure.gravatar.com\\\/avatar\\\/b537cf06ef8166c9ef72b09f4d5f6446b1e22ea99505d94e40b8685710482f79?s=96&d=mm&r=g\",\"caption\":\"Cristobal L\u00f3pez\"},\"sameAs\":[\"http:\\\/\\\/anovapeneira.gal\"],\"url\":\"https:\\\/\\\/www.anovapeneira.gal\\\/index.php\\\/author\\\/opinioncristoballopez\\\/\"}]}<\/script>\n<!-- \/ Yoast SEO plugin. -->","yoast_head_json":{"title":"O trix\u00e9simo segundo fragmento do diario de Senl\u00faa Arraiana -","robots":{"index":"index","follow":"follow","max-snippet":"max-snippet:-1","max-image-preview":"max-image-preview:large","max-video-preview":"max-video-preview:-1"},"canonical":"https:\/\/www.anovapeneira.gal\/index.php\/2021\/03\/08\/o-trixesimo-segundo-fragmento-do-diario-de-senlua-arraiana\/","og_locale":"gl_ES","og_type":"article","og_title":"O trix\u00e9simo segundo fragmento do diario de Senl\u00faa Arraiana -","og_description":"Este trix\u00e9simo segundo fragmento do diario de Senl\u00faa Arraiana foi recuperado e adiantado ao noso tempo por Noitepedralonga, fiel camarada do av\u00f3 da futura l\u00edder da resistencia arraiana [...]","og_url":"https:\/\/www.anovapeneira.gal\/index.php\/2021\/03\/08\/o-trixesimo-segundo-fragmento-do-diario-de-senlua-arraiana\/","article_publisher":"https:\/\/www.facebook.com\/anovapeneira","article_published_time":"2021-03-08T11:00:41+00:00","og_image":[{"width":720,"height":432,"url":"https:\/\/www.anovapeneira.gal\/wp-content\/uploads\/2021\/03\/sen_lua_32.png","type":"image\/png"}],"author":"Cristobal L\u00f3pez","twitter_card":"summary_large_image","twitter_creator":"@APeneira","twitter_site":"@APeneira","twitter_misc":{"Escrito por":"Cristobal L\u00f3pez","Tempo de lectura":"6 minutos"},"schema":{"@context":"https:\/\/schema.org","@graph":[{"@type":"Article","@id":"https:\/\/www.anovapeneira.gal\/index.php\/2021\/03\/08\/o-trixesimo-segundo-fragmento-do-diario-de-senlua-arraiana\/#article","isPartOf":{"@id":"https:\/\/www.anovapeneira.gal\/index.php\/2021\/03\/08\/o-trixesimo-segundo-fragmento-do-diario-de-senlua-arraiana\/"},"author":{"name":"Cristobal L\u00f3pez","@id":"https:\/\/www.anovapeneira.gal\/#\/schema\/person\/45b3df2338e4d898b7616809f9c5906c"},"headline":"O trix\u00e9simo segundo fragmento do diario de Senl\u00faa Arraiana","datePublished":"2021-03-08T11:00:41+00:00","mainEntityOfPage":{"@id":"https:\/\/www.anovapeneira.gal\/index.php\/2021\/03\/08\/o-trixesimo-segundo-fragmento-do-diario-de-senlua-arraiana\/"},"wordCount":1493,"commentCount":0,"publisher":{"@id":"https:\/\/www.anovapeneira.gal\/#organization"},"image":{"@id":"https:\/\/www.anovapeneira.gal\/index.php\/2021\/03\/08\/o-trixesimo-segundo-fragmento-do-diario-de-senlua-arraiana\/#primaryimage"},"thumbnailUrl":"https:\/\/www.anovapeneira.gal\/wp-content\/uploads\/2021\/03\/sen_lua_32.png","articleSection":["Artigos de opini\u00f3n"],"inLanguage":"gl-ES","potentialAction":[{"@type":"CommentAction","name":"Comment","target":["https:\/\/www.anovapeneira.gal\/index.php\/2021\/03\/08\/o-trixesimo-segundo-fragmento-do-diario-de-senlua-arraiana\/#respond"]}]},{"@type":"WebPage","@id":"https:\/\/www.anovapeneira.gal\/index.php\/2021\/03\/08\/o-trixesimo-segundo-fragmento-do-diario-de-senlua-arraiana\/","url":"https:\/\/www.anovapeneira.gal\/index.php\/2021\/03\/08\/o-trixesimo-segundo-fragmento-do-diario-de-senlua-arraiana\/","name":"O trix\u00e9simo segundo fragmento do diario de Senl\u00faa Arraiana -","isPartOf":{"@id":"https:\/\/www.anovapeneira.gal\/#website"},"primaryImageOfPage":{"@id":"https:\/\/www.anovapeneira.gal\/index.php\/2021\/03\/08\/o-trixesimo-segundo-fragmento-do-diario-de-senlua-arraiana\/#primaryimage"},"image":{"@id":"https:\/\/www.anovapeneira.gal\/index.php\/2021\/03\/08\/o-trixesimo-segundo-fragmento-do-diario-de-senlua-arraiana\/#primaryimage"},"thumbnailUrl":"https:\/\/www.anovapeneira.gal\/wp-content\/uploads\/2021\/03\/sen_lua_32.png","datePublished":"2021-03-08T11:00:41+00:00","breadcrumb":{"@id":"https:\/\/www.anovapeneira.gal\/index.php\/2021\/03\/08\/o-trixesimo-segundo-fragmento-do-diario-de-senlua-arraiana\/#breadcrumb"},"inLanguage":"gl-ES","potentialAction":[{"@type":"ReadAction","target":["https:\/\/www.anovapeneira.gal\/index.php\/2021\/03\/08\/o-trixesimo-segundo-fragmento-do-diario-de-senlua-arraiana\/"]}]},{"@type":"ImageObject","inLanguage":"gl-ES","@id":"https:\/\/www.anovapeneira.gal\/index.php\/2021\/03\/08\/o-trixesimo-segundo-fragmento-do-diario-de-senlua-arraiana\/#primaryimage","url":"https:\/\/www.anovapeneira.gal\/wp-content\/uploads\/2021\/03\/sen_lua_32.png","contentUrl":"https:\/\/www.anovapeneira.gal\/wp-content\/uploads\/2021\/03\/sen_lua_32.png","width":720,"height":432,"caption":"Senl\u00faa arraiana"},{"@type":"BreadcrumbList","@id":"https:\/\/www.anovapeneira.gal\/index.php\/2021\/03\/08\/o-trixesimo-segundo-fragmento-do-diario-de-senlua-arraiana\/#breadcrumb","itemListElement":[{"@type":"ListItem","position":1,"name":"Portada","item":"https:\/\/www.anovapeneira.gal\/"},{"@type":"ListItem","position":2,"name":"O trix\u00e9simo segundo fragmento do diario de Senl\u00faa Arraiana"}]},{"@type":"WebSite","@id":"https:\/\/www.anovapeneira.gal\/#website","url":"https:\/\/www.anovapeneira.gal\/","name":"","description":"Xornal galego de informaci\u00f3n xeral Publicaci\u00f3n mensual de novas de Galicia e en especial dos Concellos da sur da provincia de Pontevedra.","publisher":{"@id":"https:\/\/www.anovapeneira.gal\/#organization"},"potentialAction":[{"@type":"SearchAction","target":{"@type":"EntryPoint","urlTemplate":"https:\/\/www.anovapeneira.gal\/?s={search_term_string}"},"query-input":{"@type":"PropertyValueSpecification","valueRequired":true,"valueName":"search_term_string"}}],"inLanguage":"gl-ES"},{"@type":"Organization","@id":"https:\/\/www.anovapeneira.gal\/#organization","name":"A Nova Peneira","url":"https:\/\/www.anovapeneira.gal\/","logo":{"@type":"ImageObject","inLanguage":"gl-ES","@id":"https:\/\/www.anovapeneira.gal\/#\/schema\/logo\/image\/","url":"http:\/\/www.anovapeneira.gal\/wp-content\/uploads\/2019\/06\/logo_a_nova_peneira_portal_web.png","contentUrl":"http:\/\/www.anovapeneira.gal\/wp-content\/uploads\/2019\/06\/logo_a_nova_peneira_portal_web.png","width":300,"height":100,"caption":"A Nova Peneira"},"image":{"@id":"https:\/\/www.anovapeneira.gal\/#\/schema\/logo\/image\/"},"sameAs":["https:\/\/www.facebook.com\/anovapeneira","https:\/\/x.com\/APeneira"]},{"@type":"Person","@id":"https:\/\/www.anovapeneira.gal\/#\/schema\/person\/45b3df2338e4d898b7616809f9c5906c","name":"Cristobal L\u00f3pez","image":{"@type":"ImageObject","inLanguage":"gl-ES","@id":"https:\/\/secure.gravatar.com\/avatar\/b537cf06ef8166c9ef72b09f4d5f6446b1e22ea99505d94e40b8685710482f79?s=96&d=mm&r=g","url":"https:\/\/secure.gravatar.com\/avatar\/b537cf06ef8166c9ef72b09f4d5f6446b1e22ea99505d94e40b8685710482f79?s=96&d=mm&r=g","contentUrl":"https:\/\/secure.gravatar.com\/avatar\/b537cf06ef8166c9ef72b09f4d5f6446b1e22ea99505d94e40b8685710482f79?s=96&d=mm&r=g","caption":"Cristobal L\u00f3pez"},"sameAs":["http:\/\/anovapeneira.gal"],"url":"https:\/\/www.anovapeneira.gal\/index.php\/author\/opinioncristoballopez\/"}]}},"jetpack_featured_media_url":"https:\/\/www.anovapeneira.gal\/wp-content\/uploads\/2021\/03\/sen_lua_32.png","_links":{"self":[{"href":"https:\/\/www.anovapeneira.gal\/index.php\/wp-json\/wp\/v2\/posts\/4975","targetHints":{"allow":["GET"]}}],"collection":[{"href":"https:\/\/www.anovapeneira.gal\/index.php\/wp-json\/wp\/v2\/posts"}],"about":[{"href":"https:\/\/www.anovapeneira.gal\/index.php\/wp-json\/wp\/v2\/types\/post"}],"author":[{"embeddable":true,"href":"https:\/\/www.anovapeneira.gal\/index.php\/wp-json\/wp\/v2\/users\/13"}],"replies":[{"embeddable":true,"href":"https:\/\/www.anovapeneira.gal\/index.php\/wp-json\/wp\/v2\/comments?post=4975"}],"version-history":[{"count":2,"href":"https:\/\/www.anovapeneira.gal\/index.php\/wp-json\/wp\/v2\/posts\/4975\/revisions"}],"predecessor-version":[{"id":4978,"href":"https:\/\/www.anovapeneira.gal\/index.php\/wp-json\/wp\/v2\/posts\/4975\/revisions\/4978"}],"wp:featuredmedia":[{"embeddable":true,"href":"https:\/\/www.anovapeneira.gal\/index.php\/wp-json\/wp\/v2\/media\/4977"}],"wp:attachment":[{"href":"https:\/\/www.anovapeneira.gal\/index.php\/wp-json\/wp\/v2\/media?parent=4975"}],"wp:term":[{"taxonomy":"category","embeddable":true,"href":"https:\/\/www.anovapeneira.gal\/index.php\/wp-json\/wp\/v2\/categories?post=4975"},{"taxonomy":"post_tag","embeddable":true,"href":"https:\/\/www.anovapeneira.gal\/index.php\/wp-json\/wp\/v2\/tags?post=4975"}],"curies":[{"name":"wp","href":"https:\/\/api.w.org\/{rel}","templated":true}]}}