{"id":4992,"date":"2021-03-10T10:00:29","date_gmt":"2021-03-10T09:00:29","guid":{"rendered":"http:\/\/www.anovapeneira.gal\/?p=4992"},"modified":"2021-03-07T08:08:02","modified_gmt":"2021-03-07T07:08:02","slug":"marzo-de-sabados-teatrais","status":"publish","type":"post","link":"https:\/\/www.anovapeneira.gal\/index.php\/2021\/03\/10\/marzo-de-sabados-teatrais\/","title":{"rendered":"Marzo de s\u00e1bados teatrais"},"content":{"rendered":"\n<p><strong>Enlace xen\u00e9rico do ciclo:<\/strong><a href=\"https:\/\/ecultura.net\/ciclo-marzo-de-sabados-teatrais\/\"><strong>https:\/\/ecultura.net\/ciclo-marzo-de-sabados-teatrais\/<\/strong><\/a><\/p>\n\n\n\n<p>A pandemia global que sufrimos tam\u00e9n afecta ao mundo da cultura, que debe reinventarse con iniciativas art\u00edsticas anovadoras.<\/p>\n\n\n\n<p>Nesta ocasi\u00f3n XERPO tr\u00e1enos unha proposta teatral compatible cos tempos de corentena; chamado&nbsp;<strong>\u201cTEATRO CONFINADO\u201d.<\/strong><\/p>\n\n\n\n<p>Linguaxes e c\u00f3digos moi distintos entre si, que emerxen, mantendo a esencia teatral do directo, nun espect\u00e1culo online.<\/p>\n\n\n\n<p>O p\u00fablico desde o seu sof\u00e1, nas s\u00faas casas, experimenta un espect\u00e1culo esc\u00e9nico ao vivo a trav\u00e9s da, xa reco\u00f1ecida , aplicaci\u00f3n Zoom.<\/p>\n\n\n\n<p>Por 1\u00aa vez en Galiza e aqu\u00ed no Porri\u00f1o, gozaremos do que est\u00e1 sendo unha nova forma art\u00edstica moi demandada xa en toda Europa, \u201cteatro virtual\u201d, \u201cteatro na casa\u201d, teatro de Sal\u00f3n\u201d ou \u201cTEATRO CONFINADO\u201d.<\/p>\n\n\n\n<p>En Espa\u00f1a, esta singradura foi iniciada polo prestixioso teatro madrile\u00f1o La Abad\u00eda, xerando unha verdadeira \u201ccarteleira\u201d de teatro online en directo, con obras como \u201cLa Teor\u00eda de la Pelvis\u201d de Alberto Cort\u00e9s e Rosa Romero, que agora tam\u00e9n podemos gozar na nosa carteleira;<\/p>\n\n\n\n<figure class=\"wp-block-image size-large is-style-default\"><img loading=\"lazy\" decoding=\"async\" width=\"725\" height=\"1024\" src=\"http:\/\/www.anovapeneira.gal\/wp-content\/uploads\/2021\/03\/Cartel-Ciclo-Marzo-de-sabados-teatrais-725x1024.jpg\" alt=\"Ciclo de S\u00e1bados teatrais\" class=\"wp-image-4994\" srcset=\"https:\/\/www.anovapeneira.gal\/wp-content\/uploads\/2021\/03\/Cartel-Ciclo-Marzo-de-sabados-teatrais-725x1024.jpg 725w, https:\/\/www.anovapeneira.gal\/wp-content\/uploads\/2021\/03\/Cartel-Ciclo-Marzo-de-sabados-teatrais-212x300.jpg 212w, https:\/\/www.anovapeneira.gal\/wp-content\/uploads\/2021\/03\/Cartel-Ciclo-Marzo-de-sabados-teatrais-768x1085.jpg 768w, https:\/\/www.anovapeneira.gal\/wp-content\/uploads\/2021\/03\/Cartel-Ciclo-Marzo-de-sabados-teatrais-1087x1536.jpg 1087w, https:\/\/www.anovapeneira.gal\/wp-content\/uploads\/2021\/03\/Cartel-Ciclo-Marzo-de-sabados-teatrais.jpg 1241w\" sizes=\"auto, (max-width: 725px) 100vw, 725px\" \/><\/figure>\n\n\n\n<p>\u201c<strong>MARZO DE S\u00c1BADOS TEATRAIS\u201d<\/strong><\/p>\n\n\n\n<figure class=\"wp-block-table is-style-stripes\"><table><tbody><tr><td>PEZA TEATRAL<\/td><td>DATA<\/td><td>INSCRICI\u00d3N<\/td><td>HORARIO<\/td><\/tr><tr><td>GREGOR-E (estrea)<\/td><td>6 de marzo<\/td><td>Do 1 ao 5 de marzo<\/td><td>21:00 h<\/td><\/tr><tr><td>#InterferenciaVarada<\/td><td>13 de marzo<\/td><td>Do 8 ao 12 de marzo<\/td><td>21:00 h<\/td><\/tr><tr><td>La Teor\u00eda de la Pelvis<\/td><td>20 de marzo<\/td><td>Do 15 ao 19 de marzo<\/td><td>21:00 h<\/td><\/tr><tr><td>A Comuna da Ingr\u00e1vidaD\u00eda Mundial do Teatro<\/td><td>27 de marzo<\/td><td>Do 22 ao 26 de marzo<\/td><td>21:00 h<\/td><\/tr><\/tbody><\/table><\/figure>\n","protected":false},"excerpt":{"rendered":"<div class=\"mh-excerpt\"><p>A pandemia global que sufrimos tam\u00e9n afecta ao mundo da cultura, que debe reinventarse con iniciativas art\u00edsticas anovadoras. <a class=\"mh-excerpt-more\" href=\"https:\/\/www.anovapeneira.gal\/index.php\/2021\/03\/10\/marzo-de-sabados-teatrais\/\" title=\"Marzo de s\u00e1bados teatrais\">[&#8230;]<\/a><\/p>\n<\/div>","protected":false},"author":3,"featured_media":4993,"comment_status":"open","ping_status":"open","sticky":false,"template":"","format":"standard","meta":{"_exactmetrics_skip_tracking":false,"_exactmetrics_sitenote_active":false,"_exactmetrics_sitenote_note":"","_exactmetrics_sitenote_category":0,"footnotes":""},"categories":[23],"tags":[411],"class_list":{"0":"post-4992","1":"post","2":"type-post","3":"status-publish","4":"format-standard","5":"has-post-thumbnail","7":"category-a-lourina","8":"tag-concello-do-porrino"},"yoast_head":"<!-- This site is optimized with the Yoast SEO plugin v27.4 - https:\/\/yoast.com\/product\/yoast-seo-wordpress\/ -->\n<title>Marzo de s\u00e1bados teatrais -<\/title>\n<meta name=\"description\" content=\"A pandemia global que sufrimos tam\u00e9n afecta ao mundo da cultura, que debe reinventarse con iniciativas art\u00edsticas anovadoras.\" \/>\n<meta name=\"robots\" content=\"index, follow, max-snippet:-1, max-image-preview:large, max-video-preview:-1\" \/>\n<link rel=\"canonical\" href=\"https:\/\/www.anovapeneira.gal\/index.php\/2021\/03\/10\/marzo-de-sabados-teatrais\/\" \/>\n<meta property=\"og:locale\" content=\"gl_ES\" \/>\n<meta property=\"og:type\" content=\"article\" \/>\n<meta property=\"og:title\" content=\"Marzo de s\u00e1bados teatrais -\" \/>\n<meta property=\"og:description\" content=\"A pandemia global que sufrimos tam\u00e9n afecta ao mundo da cultura, que debe reinventarse con iniciativas art\u00edsticas anovadoras.\" \/>\n<meta property=\"og:url\" content=\"https:\/\/www.anovapeneira.gal\/index.php\/2021\/03\/10\/marzo-de-sabados-teatrais\/\" \/>\n<meta property=\"article:publisher\" content=\"https:\/\/www.facebook.com\/anovapeneira\" \/>\n<meta property=\"article:published_time\" content=\"2021-03-10T09:00:29+00:00\" \/>\n<meta property=\"og:image\" content=\"https:\/\/www.anovapeneira.gal\/wp-content\/uploads\/2021\/03\/Ciclo-Marzo-de-sabados-teatrais.jpg\" \/>\n\t<meta property=\"og:image:width\" content=\"720\" \/>\n\t<meta property=\"og:image:height\" content=\"432\" \/>\n\t<meta property=\"og:image:type\" content=\"image\/jpeg\" \/>\n<meta name=\"author\" content=\"Redacci\u00f3n A Nova Peneira\" \/>\n<meta name=\"twitter:card\" content=\"summary_large_image\" \/>\n<meta name=\"twitter:creator\" content=\"@APeneira\" \/>\n<meta name=\"twitter:site\" content=\"@APeneira\" \/>\n<meta name=\"twitter:label1\" content=\"Escrito por\" \/>\n\t<meta name=\"twitter:data1\" content=\"Redacci\u00f3n A Nova Peneira\" \/>\n\t<meta name=\"twitter:label2\" content=\"Tempo de lectura\" \/>\n\t<meta name=\"twitter:data2\" content=\"2 minutos\" \/>\n<script type=\"application\/ld+json\" class=\"yoast-schema-graph\">{\"@context\":\"https:\\\/\\\/schema.org\",\"@graph\":[{\"@type\":\"Article\",\"@id\":\"https:\\\/\\\/www.anovapeneira.gal\\\/index.php\\\/2021\\\/03\\\/10\\\/marzo-de-sabados-teatrais\\\/#article\",\"isPartOf\":{\"@id\":\"https:\\\/\\\/www.anovapeneira.gal\\\/index.php\\\/2021\\\/03\\\/10\\\/marzo-de-sabados-teatrais\\\/\"},\"author\":{\"name\":\"Redacci\u00f3n A Nova Peneira\",\"@id\":\"https:\\\/\\\/www.anovapeneira.gal\\\/#\\\/schema\\\/person\\\/b93e3f8932e3f8da96334607eb6ac6aa\"},\"headline\":\"Marzo de s\u00e1bados teatrais\",\"datePublished\":\"2021-03-10T09:00:29+00:00\",\"mainEntityOfPage\":{\"@id\":\"https:\\\/\\\/www.anovapeneira.gal\\\/index.php\\\/2021\\\/03\\\/10\\\/marzo-de-sabados-teatrais\\\/\"},\"wordCount\":244,\"commentCount\":0,\"publisher\":{\"@id\":\"https:\\\/\\\/www.anovapeneira.gal\\\/#organization\"},\"image\":{\"@id\":\"https:\\\/\\\/www.anovapeneira.gal\\\/index.php\\\/2021\\\/03\\\/10\\\/marzo-de-sabados-teatrais\\\/#primaryimage\"},\"thumbnailUrl\":\"https:\\\/\\\/www.anovapeneira.gal\\\/wp-content\\\/uploads\\\/2021\\\/03\\\/Ciclo-Marzo-de-sabados-teatrais.jpg\",\"keywords\":[\"Concello do Porri\u00f1o\"],\"articleSection\":[\"A Louri\u00f1a\"],\"inLanguage\":\"gl-ES\",\"potentialAction\":[{\"@type\":\"CommentAction\",\"name\":\"Comment\",\"target\":[\"https:\\\/\\\/www.anovapeneira.gal\\\/index.php\\\/2021\\\/03\\\/10\\\/marzo-de-sabados-teatrais\\\/#respond\"]}]},{\"@type\":\"WebPage\",\"@id\":\"https:\\\/\\\/www.anovapeneira.gal\\\/index.php\\\/2021\\\/03\\\/10\\\/marzo-de-sabados-teatrais\\\/\",\"url\":\"https:\\\/\\\/www.anovapeneira.gal\\\/index.php\\\/2021\\\/03\\\/10\\\/marzo-de-sabados-teatrais\\\/\",\"name\":\"Marzo de s\u00e1bados teatrais -\",\"isPartOf\":{\"@id\":\"https:\\\/\\\/www.anovapeneira.gal\\\/#website\"},\"primaryImageOfPage\":{\"@id\":\"https:\\\/\\\/www.anovapeneira.gal\\\/index.php\\\/2021\\\/03\\\/10\\\/marzo-de-sabados-teatrais\\\/#primaryimage\"},\"image\":{\"@id\":\"https:\\\/\\\/www.anovapeneira.gal\\\/index.php\\\/2021\\\/03\\\/10\\\/marzo-de-sabados-teatrais\\\/#primaryimage\"},\"thumbnailUrl\":\"https:\\\/\\\/www.anovapeneira.gal\\\/wp-content\\\/uploads\\\/2021\\\/03\\\/Ciclo-Marzo-de-sabados-teatrais.jpg\",\"datePublished\":\"2021-03-10T09:00:29+00:00\",\"description\":\"A pandemia global que sufrimos tam\u00e9n afecta ao mundo da cultura, que debe reinventarse con iniciativas art\u00edsticas anovadoras.\",\"breadcrumb\":{\"@id\":\"https:\\\/\\\/www.anovapeneira.gal\\\/index.php\\\/2021\\\/03\\\/10\\\/marzo-de-sabados-teatrais\\\/#breadcrumb\"},\"inLanguage\":\"gl-ES\",\"potentialAction\":[{\"@type\":\"ReadAction\",\"target\":[\"https:\\\/\\\/www.anovapeneira.gal\\\/index.php\\\/2021\\\/03\\\/10\\\/marzo-de-sabados-teatrais\\\/\"]}]},{\"@type\":\"ImageObject\",\"inLanguage\":\"gl-ES\",\"@id\":\"https:\\\/\\\/www.anovapeneira.gal\\\/index.php\\\/2021\\\/03\\\/10\\\/marzo-de-sabados-teatrais\\\/#primaryimage\",\"url\":\"https:\\\/\\\/www.anovapeneira.gal\\\/wp-content\\\/uploads\\\/2021\\\/03\\\/Ciclo-Marzo-de-sabados-teatrais.jpg\",\"contentUrl\":\"https:\\\/\\\/www.anovapeneira.gal\\\/wp-content\\\/uploads\\\/2021\\\/03\\\/Ciclo-Marzo-de-sabados-teatrais.jpg\",\"width\":720,\"height\":432,\"caption\":\"Marzo de s\u00e1bados teatrais\"},{\"@type\":\"BreadcrumbList\",\"@id\":\"https:\\\/\\\/www.anovapeneira.gal\\\/index.php\\\/2021\\\/03\\\/10\\\/marzo-de-sabados-teatrais\\\/#breadcrumb\",\"itemListElement\":[{\"@type\":\"ListItem\",\"position\":1,\"name\":\"Portada\",\"item\":\"https:\\\/\\\/www.anovapeneira.gal\\\/\"},{\"@type\":\"ListItem\",\"position\":2,\"name\":\"Marzo de s\u00e1bados teatrais\"}]},{\"@type\":\"WebSite\",\"@id\":\"https:\\\/\\\/www.anovapeneira.gal\\\/#website\",\"url\":\"https:\\\/\\\/www.anovapeneira.gal\\\/\",\"name\":\"\",\"description\":\"Xornal galego de informaci\u00f3n xeral Publicaci\u00f3n mensual de novas de Galicia e en especial dos Concellos da sur da provincia de Pontevedra.\",\"publisher\":{\"@id\":\"https:\\\/\\\/www.anovapeneira.gal\\\/#organization\"},\"potentialAction\":[{\"@type\":\"SearchAction\",\"target\":{\"@type\":\"EntryPoint\",\"urlTemplate\":\"https:\\\/\\\/www.anovapeneira.gal\\\/?s={search_term_string}\"},\"query-input\":{\"@type\":\"PropertyValueSpecification\",\"valueRequired\":true,\"valueName\":\"search_term_string\"}}],\"inLanguage\":\"gl-ES\"},{\"@type\":\"Organization\",\"@id\":\"https:\\\/\\\/www.anovapeneira.gal\\\/#organization\",\"name\":\"A Nova Peneira\",\"url\":\"https:\\\/\\\/www.anovapeneira.gal\\\/\",\"logo\":{\"@type\":\"ImageObject\",\"inLanguage\":\"gl-ES\",\"@id\":\"https:\\\/\\\/www.anovapeneira.gal\\\/#\\\/schema\\\/logo\\\/image\\\/\",\"url\":\"http:\\\/\\\/www.anovapeneira.gal\\\/wp-content\\\/uploads\\\/2019\\\/06\\\/logo_a_nova_peneira_portal_web.png\",\"contentUrl\":\"http:\\\/\\\/www.anovapeneira.gal\\\/wp-content\\\/uploads\\\/2019\\\/06\\\/logo_a_nova_peneira_portal_web.png\",\"width\":300,\"height\":100,\"caption\":\"A Nova Peneira\"},\"image\":{\"@id\":\"https:\\\/\\\/www.anovapeneira.gal\\\/#\\\/schema\\\/logo\\\/image\\\/\"},\"sameAs\":[\"https:\\\/\\\/www.facebook.com\\\/anovapeneira\",\"https:\\\/\\\/x.com\\\/APeneira\"]},{\"@type\":\"Person\",\"@id\":\"https:\\\/\\\/www.anovapeneira.gal\\\/#\\\/schema\\\/person\\\/b93e3f8932e3f8da96334607eb6ac6aa\",\"name\":\"Redacci\u00f3n A Nova Peneira\",\"image\":{\"@type\":\"ImageObject\",\"inLanguage\":\"gl-ES\",\"@id\":\"https:\\\/\\\/secure.gravatar.com\\\/avatar\\\/c052a2551a06e23fac63626232eaa90abd78dbcf1700fc46a2b2c89fd27b735f?s=96&d=mm&r=g\",\"url\":\"https:\\\/\\\/secure.gravatar.com\\\/avatar\\\/c052a2551a06e23fac63626232eaa90abd78dbcf1700fc46a2b2c89fd27b735f?s=96&d=mm&r=g\",\"contentUrl\":\"https:\\\/\\\/secure.gravatar.com\\\/avatar\\\/c052a2551a06e23fac63626232eaa90abd78dbcf1700fc46a2b2c89fd27b735f?s=96&d=mm&r=g\",\"caption\":\"Redacci\u00f3n A Nova Peneira\"},\"sameAs\":[\"http:\\\/\\\/www.anovapeneira.gal\\\/\"],\"url\":\"https:\\\/\\\/www.anovapeneira.gal\\\/index.php\\\/author\\\/redactor\\\/\"}]}<\/script>\n<!-- \/ Yoast SEO plugin. -->","yoast_head_json":{"title":"Marzo de s\u00e1bados teatrais -","description":"A pandemia global que sufrimos tam\u00e9n afecta ao mundo da cultura, que debe reinventarse con iniciativas art\u00edsticas anovadoras.","robots":{"index":"index","follow":"follow","max-snippet":"max-snippet:-1","max-image-preview":"max-image-preview:large","max-video-preview":"max-video-preview:-1"},"canonical":"https:\/\/www.anovapeneira.gal\/index.php\/2021\/03\/10\/marzo-de-sabados-teatrais\/","og_locale":"gl_ES","og_type":"article","og_title":"Marzo de s\u00e1bados teatrais -","og_description":"A pandemia global que sufrimos tam\u00e9n afecta ao mundo da cultura, que debe reinventarse con iniciativas art\u00edsticas anovadoras.","og_url":"https:\/\/www.anovapeneira.gal\/index.php\/2021\/03\/10\/marzo-de-sabados-teatrais\/","article_publisher":"https:\/\/www.facebook.com\/anovapeneira","article_published_time":"2021-03-10T09:00:29+00:00","og_image":[{"width":720,"height":432,"url":"https:\/\/www.anovapeneira.gal\/wp-content\/uploads\/2021\/03\/Ciclo-Marzo-de-sabados-teatrais.jpg","type":"image\/jpeg"}],"author":"Redacci\u00f3n A Nova Peneira","twitter_card":"summary_large_image","twitter_creator":"@APeneira","twitter_site":"@APeneira","twitter_misc":{"Escrito por":"Redacci\u00f3n A Nova Peneira","Tempo de lectura":"2 minutos"},"schema":{"@context":"https:\/\/schema.org","@graph":[{"@type":"Article","@id":"https:\/\/www.anovapeneira.gal\/index.php\/2021\/03\/10\/marzo-de-sabados-teatrais\/#article","isPartOf":{"@id":"https:\/\/www.anovapeneira.gal\/index.php\/2021\/03\/10\/marzo-de-sabados-teatrais\/"},"author":{"name":"Redacci\u00f3n A Nova Peneira","@id":"https:\/\/www.anovapeneira.gal\/#\/schema\/person\/b93e3f8932e3f8da96334607eb6ac6aa"},"headline":"Marzo de s\u00e1bados teatrais","datePublished":"2021-03-10T09:00:29+00:00","mainEntityOfPage":{"@id":"https:\/\/www.anovapeneira.gal\/index.php\/2021\/03\/10\/marzo-de-sabados-teatrais\/"},"wordCount":244,"commentCount":0,"publisher":{"@id":"https:\/\/www.anovapeneira.gal\/#organization"},"image":{"@id":"https:\/\/www.anovapeneira.gal\/index.php\/2021\/03\/10\/marzo-de-sabados-teatrais\/#primaryimage"},"thumbnailUrl":"https:\/\/www.anovapeneira.gal\/wp-content\/uploads\/2021\/03\/Ciclo-Marzo-de-sabados-teatrais.jpg","keywords":["Concello do Porri\u00f1o"],"articleSection":["A Louri\u00f1a"],"inLanguage":"gl-ES","potentialAction":[{"@type":"CommentAction","name":"Comment","target":["https:\/\/www.anovapeneira.gal\/index.php\/2021\/03\/10\/marzo-de-sabados-teatrais\/#respond"]}]},{"@type":"WebPage","@id":"https:\/\/www.anovapeneira.gal\/index.php\/2021\/03\/10\/marzo-de-sabados-teatrais\/","url":"https:\/\/www.anovapeneira.gal\/index.php\/2021\/03\/10\/marzo-de-sabados-teatrais\/","name":"Marzo de s\u00e1bados teatrais -","isPartOf":{"@id":"https:\/\/www.anovapeneira.gal\/#website"},"primaryImageOfPage":{"@id":"https:\/\/www.anovapeneira.gal\/index.php\/2021\/03\/10\/marzo-de-sabados-teatrais\/#primaryimage"},"image":{"@id":"https:\/\/www.anovapeneira.gal\/index.php\/2021\/03\/10\/marzo-de-sabados-teatrais\/#primaryimage"},"thumbnailUrl":"https:\/\/www.anovapeneira.gal\/wp-content\/uploads\/2021\/03\/Ciclo-Marzo-de-sabados-teatrais.jpg","datePublished":"2021-03-10T09:00:29+00:00","description":"A pandemia global que sufrimos tam\u00e9n afecta ao mundo da cultura, que debe reinventarse con iniciativas art\u00edsticas anovadoras.","breadcrumb":{"@id":"https:\/\/www.anovapeneira.gal\/index.php\/2021\/03\/10\/marzo-de-sabados-teatrais\/#breadcrumb"},"inLanguage":"gl-ES","potentialAction":[{"@type":"ReadAction","target":["https:\/\/www.anovapeneira.gal\/index.php\/2021\/03\/10\/marzo-de-sabados-teatrais\/"]}]},{"@type":"ImageObject","inLanguage":"gl-ES","@id":"https:\/\/www.anovapeneira.gal\/index.php\/2021\/03\/10\/marzo-de-sabados-teatrais\/#primaryimage","url":"https:\/\/www.anovapeneira.gal\/wp-content\/uploads\/2021\/03\/Ciclo-Marzo-de-sabados-teatrais.jpg","contentUrl":"https:\/\/www.anovapeneira.gal\/wp-content\/uploads\/2021\/03\/Ciclo-Marzo-de-sabados-teatrais.jpg","width":720,"height":432,"caption":"Marzo de s\u00e1bados teatrais"},{"@type":"BreadcrumbList","@id":"https:\/\/www.anovapeneira.gal\/index.php\/2021\/03\/10\/marzo-de-sabados-teatrais\/#breadcrumb","itemListElement":[{"@type":"ListItem","position":1,"name":"Portada","item":"https:\/\/www.anovapeneira.gal\/"},{"@type":"ListItem","position":2,"name":"Marzo de s\u00e1bados teatrais"}]},{"@type":"WebSite","@id":"https:\/\/www.anovapeneira.gal\/#website","url":"https:\/\/www.anovapeneira.gal\/","name":"","description":"Xornal galego de informaci\u00f3n xeral Publicaci\u00f3n mensual de novas de Galicia e en especial dos Concellos da sur da provincia de Pontevedra.","publisher":{"@id":"https:\/\/www.anovapeneira.gal\/#organization"},"potentialAction":[{"@type":"SearchAction","target":{"@type":"EntryPoint","urlTemplate":"https:\/\/www.anovapeneira.gal\/?s={search_term_string}"},"query-input":{"@type":"PropertyValueSpecification","valueRequired":true,"valueName":"search_term_string"}}],"inLanguage":"gl-ES"},{"@type":"Organization","@id":"https:\/\/www.anovapeneira.gal\/#organization","name":"A Nova Peneira","url":"https:\/\/www.anovapeneira.gal\/","logo":{"@type":"ImageObject","inLanguage":"gl-ES","@id":"https:\/\/www.anovapeneira.gal\/#\/schema\/logo\/image\/","url":"http:\/\/www.anovapeneira.gal\/wp-content\/uploads\/2019\/06\/logo_a_nova_peneira_portal_web.png","contentUrl":"http:\/\/www.anovapeneira.gal\/wp-content\/uploads\/2019\/06\/logo_a_nova_peneira_portal_web.png","width":300,"height":100,"caption":"A Nova Peneira"},"image":{"@id":"https:\/\/www.anovapeneira.gal\/#\/schema\/logo\/image\/"},"sameAs":["https:\/\/www.facebook.com\/anovapeneira","https:\/\/x.com\/APeneira"]},{"@type":"Person","@id":"https:\/\/www.anovapeneira.gal\/#\/schema\/person\/b93e3f8932e3f8da96334607eb6ac6aa","name":"Redacci\u00f3n A Nova Peneira","image":{"@type":"ImageObject","inLanguage":"gl-ES","@id":"https:\/\/secure.gravatar.com\/avatar\/c052a2551a06e23fac63626232eaa90abd78dbcf1700fc46a2b2c89fd27b735f?s=96&d=mm&r=g","url":"https:\/\/secure.gravatar.com\/avatar\/c052a2551a06e23fac63626232eaa90abd78dbcf1700fc46a2b2c89fd27b735f?s=96&d=mm&r=g","contentUrl":"https:\/\/secure.gravatar.com\/avatar\/c052a2551a06e23fac63626232eaa90abd78dbcf1700fc46a2b2c89fd27b735f?s=96&d=mm&r=g","caption":"Redacci\u00f3n A Nova Peneira"},"sameAs":["http:\/\/www.anovapeneira.gal\/"],"url":"https:\/\/www.anovapeneira.gal\/index.php\/author\/redactor\/"}]}},"jetpack_featured_media_url":"https:\/\/www.anovapeneira.gal\/wp-content\/uploads\/2021\/03\/Ciclo-Marzo-de-sabados-teatrais.jpg","_links":{"self":[{"href":"https:\/\/www.anovapeneira.gal\/index.php\/wp-json\/wp\/v2\/posts\/4992","targetHints":{"allow":["GET"]}}],"collection":[{"href":"https:\/\/www.anovapeneira.gal\/index.php\/wp-json\/wp\/v2\/posts"}],"about":[{"href":"https:\/\/www.anovapeneira.gal\/index.php\/wp-json\/wp\/v2\/types\/post"}],"author":[{"embeddable":true,"href":"https:\/\/www.anovapeneira.gal\/index.php\/wp-json\/wp\/v2\/users\/3"}],"replies":[{"embeddable":true,"href":"https:\/\/www.anovapeneira.gal\/index.php\/wp-json\/wp\/v2\/comments?post=4992"}],"version-history":[{"count":1,"href":"https:\/\/www.anovapeneira.gal\/index.php\/wp-json\/wp\/v2\/posts\/4992\/revisions"}],"predecessor-version":[{"id":4995,"href":"https:\/\/www.anovapeneira.gal\/index.php\/wp-json\/wp\/v2\/posts\/4992\/revisions\/4995"}],"wp:featuredmedia":[{"embeddable":true,"href":"https:\/\/www.anovapeneira.gal\/index.php\/wp-json\/wp\/v2\/media\/4993"}],"wp:attachment":[{"href":"https:\/\/www.anovapeneira.gal\/index.php\/wp-json\/wp\/v2\/media?parent=4992"}],"wp:term":[{"taxonomy":"category","embeddable":true,"href":"https:\/\/www.anovapeneira.gal\/index.php\/wp-json\/wp\/v2\/categories?post=4992"},{"taxonomy":"post_tag","embeddable":true,"href":"https:\/\/www.anovapeneira.gal\/index.php\/wp-json\/wp\/v2\/tags?post=4992"}],"curies":[{"name":"wp","href":"https:\/\/api.w.org\/{rel}","templated":true}]}}