{"id":4996,"date":"2021-03-10T12:00:09","date_gmt":"2021-03-10T11:00:09","guid":{"rendered":"http:\/\/www.anovapeneira.gal\/?p=4996"},"modified":"2021-03-07T08:20:32","modified_gmt":"2021-03-07T07:20:32","slug":"as-xubiladas-e-pensionistas-galegas-cobran-677e-de-media-cando-a-pension-media-no-estado-e-de-1-017e","status":"publish","type":"post","link":"https:\/\/www.anovapeneira.gal\/index.php\/2021\/03\/10\/as-xubiladas-e-pensionistas-galegas-cobran-677e-de-media-cando-a-pension-media-no-estado-e-de-1-017e\/","title":{"rendered":"As xubiladas e pensionistas galegas cobran 677\u20ac de media cando a pensi\u00f3n media no Estado \u00e9 de 1.017\u20ac"},"content":{"rendered":"\n<h2 class=\"wp-block-heading\">O colectivo de pensionistas da CIG mobil\u00edzase por un sistema p\u00fablico de atenci\u00f3n \u00e1s persoas<\/h2>\n\n\n\n<p>O colectivo de pensionistas e xubilados\/as da CIG mobilizouse esta ma\u00f1\u00e1 nas sete cidades galegas e Cangas en demanda de que se equipare a cont\u00eda da pensi\u00f3n m\u00ednima ao SMI; un servizo p\u00fablico galego de atenci\u00f3n \u00e1s persoas; o incremento dos orzamentos destinados \u00e1 atenci\u00f3n \u00e1 dependencia e o aumento de prazas p\u00fablicas de Centros de D\u00eda e Residencias, entre outras.<\/p>\n\n\n\n<p>O colectivo denuncia que, segundo os \u00faltimos datos, a pensi\u00f3n media galega \u00e9 de 865,94\u20ac mentres que a pensi\u00f3n media no Estado \u00e9 de 1.017,97\u20ac o que sit\u00faa a Galiza no posto 19 das 20 comunidades do estado espa\u00f1ol, s\u00f3 por diante de Estremadura.<\/p>\n\n\n\n<p>A situaci\u00f3n \u00e9 a\u00ednda m\u00e1is grave para as mulleres. No ano 2019 as s\u00faas pensi\u00f3ns foron un 35% inferiores \u00e1s dos homes, con 677,73\u20ac de media as mulleres pensionistas, fronte os 1.042, 91\u20ac mensuais que cobraron os homes.<\/p>\n\n\n\n<p>Estes datos xa xustificar\u00edan, para o colectivo, as mobilizaci\u00f3ns. Por\u00e9n nas s\u00faas demandas van m\u00e1is al\u00e1. Exixen a derrogaci\u00f3n das reformas das pensi\u00f3ns de 2011 e 2013 e das reformas laborais que tanto o PSOE como o PP impuxeron no seu momento. Entenden que \u00e9 as\u00ed como se pode garantir a viabilidade do sistema p\u00fablico de pensi\u00f3ns e entenden tam\u00e9n que tan s\u00f3 depende de que haxa vontade pol\u00edtica.<\/p>\n\n\n\n<p>Denuncian ademais que non se contemplan mecanismos para establecer unha pensi\u00f3n m\u00ednima garantida por lei, que para a CIG ter\u00eda que ser equivalente ao SMI, e este o 60% do salario medio, tal e como estabelece a Carta Social Europea. Un principio que, de ser asumido, supor\u00eda elevar o salario m\u00ednimo at\u00e9 os 1142 euros\/mes e, polo tanto, equiparar as pensi\u00f3ns m\u00e1is baixas a esa cont\u00eda.<\/p>\n\n\n\n<p>O colectivo est\u00e1 pendente ademais dos contidos da anunciada reforma das pensi\u00f3ns que, todo parece indicar que consolidar\u00e1 os peores aspectos das reformas de 2011 e 2013.<\/p>\n\n\n\n<p><strong>Servizo P\u00fablico de Atenci\u00f3n \u00e1s Persoas<\/strong><\/p>\n\n\n\n<p>No que ten que ver coa atenci\u00f3n \u00e1s persoas, a CIG demanda que se incrementen os orzamentos destinados \u00e1 atenci\u00f3n \u00e1 dependencia e se aumenten as prazas p\u00fablicas de centros de d\u00eda e residencias, ao tempo que denuncia que miles de persoas seguen sen obter a\u00ednda a prestaci\u00f3n de dependencia que te\u00f1en reco\u00f1ecida.<\/p>\n\n\n\n<p>Lembran que s\u00f3 86 concellos galegos contan cun centro de d\u00eda p\u00fablico (15 deles de titularidade municipal), algo que para a CIG \u00e9 inadmis\u00edbel nun pa\u00eds como Galiza, cada d\u00eda m\u00e1is envellecido e onde cada vez m\u00e1is persoas viven a s\u00faa vellez en soidade. A isto hai que engadir que s\u00f3 un 25% das residencias de persoas maiores ou dependentes son de titularidade p\u00fablica e que \u201csumando p\u00fablicas e privadas, unicamente hai tres prazas por cada 100 maiores de 65 anos\u201d.<\/p>\n\n\n\n<p>Por iso aposta por un Sistema P\u00fablico Galego de Atenci\u00f3n \u00e1s Persoas que aglutine as actuais residencias, centros de d\u00eda, servizos de axuda no fogar, e outros, de xeito que todos\/as os galegos\/as vexan cumprido o seu dereito a unha vida digna cando as s\u00faas circunstancias lles impiden poder facelo autonomamente, m\u00e1is nun pa\u00eds como o noso, coas pensi\u00f3ns das m\u00e1is baixas do Estado.<\/p>\n\n\n\n<p>Para conseguilo a CIG promoveu unha Proposici\u00f3n non de Lei de Iniciativa Popular para a que xa botou a andar a recollida de sinaturas, que se desenvolver\u00e1 nos vindeiros catro meses. Un per\u00edodo no que a central sindical ten previsto realizar actos diversos en vilas e cidades do pa\u00eds para sumar os m\u00e1ximos apoios para esta iniciativa.&nbsp;<\/p>\n","protected":false},"excerpt":{"rendered":"<div class=\"mh-excerpt\"><p>O colectivo de pensionistas da CIG mobil\u00edzase por un sistema p\u00fablico de atenci\u00f3n \u00e1s persoas <a class=\"mh-excerpt-more\" href=\"https:\/\/www.anovapeneira.gal\/index.php\/2021\/03\/10\/as-xubiladas-e-pensionistas-galegas-cobran-677e-de-media-cando-a-pension-media-no-estado-e-de-1-017e\/\" title=\"As xubiladas e pensionistas galegas cobran 677\u20ac de media cando a pensi\u00f3n media no Estado \u00e9 de 1.017\u20ac\">[&#8230;]<\/a><\/p>\n<\/div>","protected":false},"author":3,"featured_media":4997,"comment_status":"open","ping_status":"open","sticky":false,"template":"","format":"standard","meta":{"_exactmetrics_skip_tracking":false,"_exactmetrics_sitenote_active":false,"_exactmetrics_sitenote_note":"","_exactmetrics_sitenote_category":0,"footnotes":""},"categories":[263],"tags":[88,1238],"class_list":{"0":"post-4996","1":"post","2":"type-post","3":"status-publish","4":"format-standard","5":"has-post-thumbnail","7":"category-novas","8":"tag-cig","9":"tag-colectivo-de-pensionistas-e-jubilados-as"},"yoast_head":"<!-- This site is optimized with the Yoast SEO plugin v27.4 - https:\/\/yoast.com\/product\/yoast-seo-wordpress\/ -->\n<title>As xubiladas e pensionistas galegas cobran 677\u20ac de media cando a pensi\u00f3n media no Estado \u00e9 de 1.017\u20ac -<\/title>\n<meta name=\"description\" content=\"O colectivo de pensionistas da CIG mobil\u00edzase por un sistema p\u00fablico de atenci\u00f3n \u00e1s persoas\" \/>\n<meta name=\"robots\" content=\"index, follow, max-snippet:-1, max-image-preview:large, max-video-preview:-1\" \/>\n<link rel=\"canonical\" href=\"https:\/\/www.anovapeneira.gal\/index.php\/2021\/03\/10\/as-xubiladas-e-pensionistas-galegas-cobran-677e-de-media-cando-a-pension-media-no-estado-e-de-1-017e\/\" \/>\n<meta property=\"og:locale\" content=\"gl_ES\" \/>\n<meta property=\"og:type\" content=\"article\" \/>\n<meta property=\"og:title\" content=\"As xubiladas e pensionistas galegas cobran 677\u20ac de media cando a pensi\u00f3n media no Estado \u00e9 de 1.017\u20ac -\" \/>\n<meta property=\"og:description\" content=\"O colectivo de pensionistas da CIG mobil\u00edzase por un sistema p\u00fablico de atenci\u00f3n \u00e1s persoas\" \/>\n<meta property=\"og:url\" content=\"https:\/\/www.anovapeneira.gal\/index.php\/2021\/03\/10\/as-xubiladas-e-pensionistas-galegas-cobran-677e-de-media-cando-a-pension-media-no-estado-e-de-1-017e\/\" \/>\n<meta property=\"article:publisher\" content=\"https:\/\/www.facebook.com\/anovapeneira\" \/>\n<meta property=\"article:published_time\" content=\"2021-03-10T11:00:09+00:00\" \/>\n<meta property=\"og:image\" content=\"https:\/\/www.anovapeneira.gal\/wp-content\/uploads\/2021\/03\/ConcentracionPensionistas_ACorunha.jpg\" \/>\n\t<meta property=\"og:image:width\" content=\"720\" \/>\n\t<meta property=\"og:image:height\" content=\"432\" \/>\n\t<meta property=\"og:image:type\" content=\"image\/jpeg\" \/>\n<meta name=\"author\" content=\"Redacci\u00f3n A Nova Peneira\" \/>\n<meta name=\"twitter:card\" content=\"summary_large_image\" \/>\n<meta name=\"twitter:creator\" content=\"@APeneira\" \/>\n<meta name=\"twitter:site\" content=\"@APeneira\" \/>\n<meta name=\"twitter:label1\" content=\"Escrito por\" \/>\n\t<meta name=\"twitter:data1\" content=\"Redacci\u00f3n A Nova Peneira\" \/>\n\t<meta name=\"twitter:label2\" content=\"Tempo de lectura\" \/>\n\t<meta name=\"twitter:data2\" content=\"3 minutos\" \/>\n<script type=\"application\/ld+json\" class=\"yoast-schema-graph\">{\"@context\":\"https:\\\/\\\/schema.org\",\"@graph\":[{\"@type\":\"Article\",\"@id\":\"https:\\\/\\\/www.anovapeneira.gal\\\/index.php\\\/2021\\\/03\\\/10\\\/as-xubiladas-e-pensionistas-galegas-cobran-677e-de-media-cando-a-pension-media-no-estado-e-de-1-017e\\\/#article\",\"isPartOf\":{\"@id\":\"https:\\\/\\\/www.anovapeneira.gal\\\/index.php\\\/2021\\\/03\\\/10\\\/as-xubiladas-e-pensionistas-galegas-cobran-677e-de-media-cando-a-pension-media-no-estado-e-de-1-017e\\\/\"},\"author\":{\"name\":\"Redacci\u00f3n A Nova Peneira\",\"@id\":\"https:\\\/\\\/www.anovapeneira.gal\\\/#\\\/schema\\\/person\\\/b93e3f8932e3f8da96334607eb6ac6aa\"},\"headline\":\"As xubiladas e pensionistas galegas cobran 677\u20ac de media cando a pensi\u00f3n media no Estado \u00e9 de 1.017\u20ac\",\"datePublished\":\"2021-03-10T11:00:09+00:00\",\"mainEntityOfPage\":{\"@id\":\"https:\\\/\\\/www.anovapeneira.gal\\\/index.php\\\/2021\\\/03\\\/10\\\/as-xubiladas-e-pensionistas-galegas-cobran-677e-de-media-cando-a-pension-media-no-estado-e-de-1-017e\\\/\"},\"wordCount\":645,\"commentCount\":0,\"publisher\":{\"@id\":\"https:\\\/\\\/www.anovapeneira.gal\\\/#organization\"},\"image\":{\"@id\":\"https:\\\/\\\/www.anovapeneira.gal\\\/index.php\\\/2021\\\/03\\\/10\\\/as-xubiladas-e-pensionistas-galegas-cobran-677e-de-media-cando-a-pension-media-no-estado-e-de-1-017e\\\/#primaryimage\"},\"thumbnailUrl\":\"https:\\\/\\\/www.anovapeneira.gal\\\/wp-content\\\/uploads\\\/2021\\\/03\\\/ConcentracionPensionistas_ACorunha.jpg\",\"keywords\":[\"CIG\",\"Colectivo de pensionistas e jubilados\\\/as\"],\"articleSection\":[\"Novas\"],\"inLanguage\":\"gl-ES\",\"potentialAction\":[{\"@type\":\"CommentAction\",\"name\":\"Comment\",\"target\":[\"https:\\\/\\\/www.anovapeneira.gal\\\/index.php\\\/2021\\\/03\\\/10\\\/as-xubiladas-e-pensionistas-galegas-cobran-677e-de-media-cando-a-pension-media-no-estado-e-de-1-017e\\\/#respond\"]}]},{\"@type\":\"WebPage\",\"@id\":\"https:\\\/\\\/www.anovapeneira.gal\\\/index.php\\\/2021\\\/03\\\/10\\\/as-xubiladas-e-pensionistas-galegas-cobran-677e-de-media-cando-a-pension-media-no-estado-e-de-1-017e\\\/\",\"url\":\"https:\\\/\\\/www.anovapeneira.gal\\\/index.php\\\/2021\\\/03\\\/10\\\/as-xubiladas-e-pensionistas-galegas-cobran-677e-de-media-cando-a-pension-media-no-estado-e-de-1-017e\\\/\",\"name\":\"As xubiladas e pensionistas galegas cobran 677\u20ac de media cando a pensi\u00f3n media no Estado \u00e9 de 1.017\u20ac -\",\"isPartOf\":{\"@id\":\"https:\\\/\\\/www.anovapeneira.gal\\\/#website\"},\"primaryImageOfPage\":{\"@id\":\"https:\\\/\\\/www.anovapeneira.gal\\\/index.php\\\/2021\\\/03\\\/10\\\/as-xubiladas-e-pensionistas-galegas-cobran-677e-de-media-cando-a-pension-media-no-estado-e-de-1-017e\\\/#primaryimage\"},\"image\":{\"@id\":\"https:\\\/\\\/www.anovapeneira.gal\\\/index.php\\\/2021\\\/03\\\/10\\\/as-xubiladas-e-pensionistas-galegas-cobran-677e-de-media-cando-a-pension-media-no-estado-e-de-1-017e\\\/#primaryimage\"},\"thumbnailUrl\":\"https:\\\/\\\/www.anovapeneira.gal\\\/wp-content\\\/uploads\\\/2021\\\/03\\\/ConcentracionPensionistas_ACorunha.jpg\",\"datePublished\":\"2021-03-10T11:00:09+00:00\",\"description\":\"O colectivo de pensionistas da CIG mobil\u00edzase por un sistema p\u00fablico de atenci\u00f3n \u00e1s persoas\",\"breadcrumb\":{\"@id\":\"https:\\\/\\\/www.anovapeneira.gal\\\/index.php\\\/2021\\\/03\\\/10\\\/as-xubiladas-e-pensionistas-galegas-cobran-677e-de-media-cando-a-pension-media-no-estado-e-de-1-017e\\\/#breadcrumb\"},\"inLanguage\":\"gl-ES\",\"potentialAction\":[{\"@type\":\"ReadAction\",\"target\":[\"https:\\\/\\\/www.anovapeneira.gal\\\/index.php\\\/2021\\\/03\\\/10\\\/as-xubiladas-e-pensionistas-galegas-cobran-677e-de-media-cando-a-pension-media-no-estado-e-de-1-017e\\\/\"]}]},{\"@type\":\"ImageObject\",\"inLanguage\":\"gl-ES\",\"@id\":\"https:\\\/\\\/www.anovapeneira.gal\\\/index.php\\\/2021\\\/03\\\/10\\\/as-xubiladas-e-pensionistas-galegas-cobran-677e-de-media-cando-a-pension-media-no-estado-e-de-1-017e\\\/#primaryimage\",\"url\":\"https:\\\/\\\/www.anovapeneira.gal\\\/wp-content\\\/uploads\\\/2021\\\/03\\\/ConcentracionPensionistas_ACorunha.jpg\",\"contentUrl\":\"https:\\\/\\\/www.anovapeneira.gal\\\/wp-content\\\/uploads\\\/2021\\\/03\\\/ConcentracionPensionistas_ACorunha.jpg\",\"width\":720,\"height\":432,\"caption\":\"CIG pensi\u00f3n p\u00fablicas dignas\"},{\"@type\":\"BreadcrumbList\",\"@id\":\"https:\\\/\\\/www.anovapeneira.gal\\\/index.php\\\/2021\\\/03\\\/10\\\/as-xubiladas-e-pensionistas-galegas-cobran-677e-de-media-cando-a-pension-media-no-estado-e-de-1-017e\\\/#breadcrumb\",\"itemListElement\":[{\"@type\":\"ListItem\",\"position\":1,\"name\":\"Portada\",\"item\":\"https:\\\/\\\/www.anovapeneira.gal\\\/\"},{\"@type\":\"ListItem\",\"position\":2,\"name\":\"As xubiladas e pensionistas galegas cobran 677\u20ac de media cando a pensi\u00f3n media no Estado \u00e9 de 1.017\u20ac\"}]},{\"@type\":\"WebSite\",\"@id\":\"https:\\\/\\\/www.anovapeneira.gal\\\/#website\",\"url\":\"https:\\\/\\\/www.anovapeneira.gal\\\/\",\"name\":\"\",\"description\":\"Xornal galego de informaci\u00f3n xeral Publicaci\u00f3n mensual de novas de Galicia e en especial dos Concellos da sur da provincia de Pontevedra.\",\"publisher\":{\"@id\":\"https:\\\/\\\/www.anovapeneira.gal\\\/#organization\"},\"potentialAction\":[{\"@type\":\"SearchAction\",\"target\":{\"@type\":\"EntryPoint\",\"urlTemplate\":\"https:\\\/\\\/www.anovapeneira.gal\\\/?s={search_term_string}\"},\"query-input\":{\"@type\":\"PropertyValueSpecification\",\"valueRequired\":true,\"valueName\":\"search_term_string\"}}],\"inLanguage\":\"gl-ES\"},{\"@type\":\"Organization\",\"@id\":\"https:\\\/\\\/www.anovapeneira.gal\\\/#organization\",\"name\":\"A Nova Peneira\",\"url\":\"https:\\\/\\\/www.anovapeneira.gal\\\/\",\"logo\":{\"@type\":\"ImageObject\",\"inLanguage\":\"gl-ES\",\"@id\":\"https:\\\/\\\/www.anovapeneira.gal\\\/#\\\/schema\\\/logo\\\/image\\\/\",\"url\":\"http:\\\/\\\/www.anovapeneira.gal\\\/wp-content\\\/uploads\\\/2019\\\/06\\\/logo_a_nova_peneira_portal_web.png\",\"contentUrl\":\"http:\\\/\\\/www.anovapeneira.gal\\\/wp-content\\\/uploads\\\/2019\\\/06\\\/logo_a_nova_peneira_portal_web.png\",\"width\":300,\"height\":100,\"caption\":\"A Nova Peneira\"},\"image\":{\"@id\":\"https:\\\/\\\/www.anovapeneira.gal\\\/#\\\/schema\\\/logo\\\/image\\\/\"},\"sameAs\":[\"https:\\\/\\\/www.facebook.com\\\/anovapeneira\",\"https:\\\/\\\/x.com\\\/APeneira\"]},{\"@type\":\"Person\",\"@id\":\"https:\\\/\\\/www.anovapeneira.gal\\\/#\\\/schema\\\/person\\\/b93e3f8932e3f8da96334607eb6ac6aa\",\"name\":\"Redacci\u00f3n A Nova Peneira\",\"image\":{\"@type\":\"ImageObject\",\"inLanguage\":\"gl-ES\",\"@id\":\"https:\\\/\\\/secure.gravatar.com\\\/avatar\\\/c052a2551a06e23fac63626232eaa90abd78dbcf1700fc46a2b2c89fd27b735f?s=96&d=mm&r=g\",\"url\":\"https:\\\/\\\/secure.gravatar.com\\\/avatar\\\/c052a2551a06e23fac63626232eaa90abd78dbcf1700fc46a2b2c89fd27b735f?s=96&d=mm&r=g\",\"contentUrl\":\"https:\\\/\\\/secure.gravatar.com\\\/avatar\\\/c052a2551a06e23fac63626232eaa90abd78dbcf1700fc46a2b2c89fd27b735f?s=96&d=mm&r=g\",\"caption\":\"Redacci\u00f3n A Nova Peneira\"},\"sameAs\":[\"http:\\\/\\\/www.anovapeneira.gal\\\/\"],\"url\":\"https:\\\/\\\/www.anovapeneira.gal\\\/index.php\\\/author\\\/redactor\\\/\"}]}<\/script>\n<!-- \/ Yoast SEO plugin. -->","yoast_head_json":{"title":"As xubiladas e pensionistas galegas cobran 677\u20ac de media cando a pensi\u00f3n media no Estado \u00e9 de 1.017\u20ac -","description":"O colectivo de pensionistas da CIG mobil\u00edzase por un sistema p\u00fablico de atenci\u00f3n \u00e1s persoas","robots":{"index":"index","follow":"follow","max-snippet":"max-snippet:-1","max-image-preview":"max-image-preview:large","max-video-preview":"max-video-preview:-1"},"canonical":"https:\/\/www.anovapeneira.gal\/index.php\/2021\/03\/10\/as-xubiladas-e-pensionistas-galegas-cobran-677e-de-media-cando-a-pension-media-no-estado-e-de-1-017e\/","og_locale":"gl_ES","og_type":"article","og_title":"As xubiladas e pensionistas galegas cobran 677\u20ac de media cando a pensi\u00f3n media no Estado \u00e9 de 1.017\u20ac -","og_description":"O colectivo de pensionistas da CIG mobil\u00edzase por un sistema p\u00fablico de atenci\u00f3n \u00e1s persoas","og_url":"https:\/\/www.anovapeneira.gal\/index.php\/2021\/03\/10\/as-xubiladas-e-pensionistas-galegas-cobran-677e-de-media-cando-a-pension-media-no-estado-e-de-1-017e\/","article_publisher":"https:\/\/www.facebook.com\/anovapeneira","article_published_time":"2021-03-10T11:00:09+00:00","og_image":[{"width":720,"height":432,"url":"https:\/\/www.anovapeneira.gal\/wp-content\/uploads\/2021\/03\/ConcentracionPensionistas_ACorunha.jpg","type":"image\/jpeg"}],"author":"Redacci\u00f3n A Nova Peneira","twitter_card":"summary_large_image","twitter_creator":"@APeneira","twitter_site":"@APeneira","twitter_misc":{"Escrito por":"Redacci\u00f3n A Nova Peneira","Tempo de lectura":"3 minutos"},"schema":{"@context":"https:\/\/schema.org","@graph":[{"@type":"Article","@id":"https:\/\/www.anovapeneira.gal\/index.php\/2021\/03\/10\/as-xubiladas-e-pensionistas-galegas-cobran-677e-de-media-cando-a-pension-media-no-estado-e-de-1-017e\/#article","isPartOf":{"@id":"https:\/\/www.anovapeneira.gal\/index.php\/2021\/03\/10\/as-xubiladas-e-pensionistas-galegas-cobran-677e-de-media-cando-a-pension-media-no-estado-e-de-1-017e\/"},"author":{"name":"Redacci\u00f3n A Nova Peneira","@id":"https:\/\/www.anovapeneira.gal\/#\/schema\/person\/b93e3f8932e3f8da96334607eb6ac6aa"},"headline":"As xubiladas e pensionistas galegas cobran 677\u20ac de media cando a pensi\u00f3n media no Estado \u00e9 de 1.017\u20ac","datePublished":"2021-03-10T11:00:09+00:00","mainEntityOfPage":{"@id":"https:\/\/www.anovapeneira.gal\/index.php\/2021\/03\/10\/as-xubiladas-e-pensionistas-galegas-cobran-677e-de-media-cando-a-pension-media-no-estado-e-de-1-017e\/"},"wordCount":645,"commentCount":0,"publisher":{"@id":"https:\/\/www.anovapeneira.gal\/#organization"},"image":{"@id":"https:\/\/www.anovapeneira.gal\/index.php\/2021\/03\/10\/as-xubiladas-e-pensionistas-galegas-cobran-677e-de-media-cando-a-pension-media-no-estado-e-de-1-017e\/#primaryimage"},"thumbnailUrl":"https:\/\/www.anovapeneira.gal\/wp-content\/uploads\/2021\/03\/ConcentracionPensionistas_ACorunha.jpg","keywords":["CIG","Colectivo de pensionistas e jubilados\/as"],"articleSection":["Novas"],"inLanguage":"gl-ES","potentialAction":[{"@type":"CommentAction","name":"Comment","target":["https:\/\/www.anovapeneira.gal\/index.php\/2021\/03\/10\/as-xubiladas-e-pensionistas-galegas-cobran-677e-de-media-cando-a-pension-media-no-estado-e-de-1-017e\/#respond"]}]},{"@type":"WebPage","@id":"https:\/\/www.anovapeneira.gal\/index.php\/2021\/03\/10\/as-xubiladas-e-pensionistas-galegas-cobran-677e-de-media-cando-a-pension-media-no-estado-e-de-1-017e\/","url":"https:\/\/www.anovapeneira.gal\/index.php\/2021\/03\/10\/as-xubiladas-e-pensionistas-galegas-cobran-677e-de-media-cando-a-pension-media-no-estado-e-de-1-017e\/","name":"As xubiladas e pensionistas galegas cobran 677\u20ac de media cando a pensi\u00f3n media no Estado \u00e9 de 1.017\u20ac -","isPartOf":{"@id":"https:\/\/www.anovapeneira.gal\/#website"},"primaryImageOfPage":{"@id":"https:\/\/www.anovapeneira.gal\/index.php\/2021\/03\/10\/as-xubiladas-e-pensionistas-galegas-cobran-677e-de-media-cando-a-pension-media-no-estado-e-de-1-017e\/#primaryimage"},"image":{"@id":"https:\/\/www.anovapeneira.gal\/index.php\/2021\/03\/10\/as-xubiladas-e-pensionistas-galegas-cobran-677e-de-media-cando-a-pension-media-no-estado-e-de-1-017e\/#primaryimage"},"thumbnailUrl":"https:\/\/www.anovapeneira.gal\/wp-content\/uploads\/2021\/03\/ConcentracionPensionistas_ACorunha.jpg","datePublished":"2021-03-10T11:00:09+00:00","description":"O colectivo de pensionistas da CIG mobil\u00edzase por un sistema p\u00fablico de atenci\u00f3n \u00e1s persoas","breadcrumb":{"@id":"https:\/\/www.anovapeneira.gal\/index.php\/2021\/03\/10\/as-xubiladas-e-pensionistas-galegas-cobran-677e-de-media-cando-a-pension-media-no-estado-e-de-1-017e\/#breadcrumb"},"inLanguage":"gl-ES","potentialAction":[{"@type":"ReadAction","target":["https:\/\/www.anovapeneira.gal\/index.php\/2021\/03\/10\/as-xubiladas-e-pensionistas-galegas-cobran-677e-de-media-cando-a-pension-media-no-estado-e-de-1-017e\/"]}]},{"@type":"ImageObject","inLanguage":"gl-ES","@id":"https:\/\/www.anovapeneira.gal\/index.php\/2021\/03\/10\/as-xubiladas-e-pensionistas-galegas-cobran-677e-de-media-cando-a-pension-media-no-estado-e-de-1-017e\/#primaryimage","url":"https:\/\/www.anovapeneira.gal\/wp-content\/uploads\/2021\/03\/ConcentracionPensionistas_ACorunha.jpg","contentUrl":"https:\/\/www.anovapeneira.gal\/wp-content\/uploads\/2021\/03\/ConcentracionPensionistas_ACorunha.jpg","width":720,"height":432,"caption":"CIG pensi\u00f3n p\u00fablicas dignas"},{"@type":"BreadcrumbList","@id":"https:\/\/www.anovapeneira.gal\/index.php\/2021\/03\/10\/as-xubiladas-e-pensionistas-galegas-cobran-677e-de-media-cando-a-pension-media-no-estado-e-de-1-017e\/#breadcrumb","itemListElement":[{"@type":"ListItem","position":1,"name":"Portada","item":"https:\/\/www.anovapeneira.gal\/"},{"@type":"ListItem","position":2,"name":"As xubiladas e pensionistas galegas cobran 677\u20ac de media cando a pensi\u00f3n media no Estado \u00e9 de 1.017\u20ac"}]},{"@type":"WebSite","@id":"https:\/\/www.anovapeneira.gal\/#website","url":"https:\/\/www.anovapeneira.gal\/","name":"","description":"Xornal galego de informaci\u00f3n xeral Publicaci\u00f3n mensual de novas de Galicia e en especial dos Concellos da sur da provincia de Pontevedra.","publisher":{"@id":"https:\/\/www.anovapeneira.gal\/#organization"},"potentialAction":[{"@type":"SearchAction","target":{"@type":"EntryPoint","urlTemplate":"https:\/\/www.anovapeneira.gal\/?s={search_term_string}"},"query-input":{"@type":"PropertyValueSpecification","valueRequired":true,"valueName":"search_term_string"}}],"inLanguage":"gl-ES"},{"@type":"Organization","@id":"https:\/\/www.anovapeneira.gal\/#organization","name":"A Nova Peneira","url":"https:\/\/www.anovapeneira.gal\/","logo":{"@type":"ImageObject","inLanguage":"gl-ES","@id":"https:\/\/www.anovapeneira.gal\/#\/schema\/logo\/image\/","url":"http:\/\/www.anovapeneira.gal\/wp-content\/uploads\/2019\/06\/logo_a_nova_peneira_portal_web.png","contentUrl":"http:\/\/www.anovapeneira.gal\/wp-content\/uploads\/2019\/06\/logo_a_nova_peneira_portal_web.png","width":300,"height":100,"caption":"A Nova Peneira"},"image":{"@id":"https:\/\/www.anovapeneira.gal\/#\/schema\/logo\/image\/"},"sameAs":["https:\/\/www.facebook.com\/anovapeneira","https:\/\/x.com\/APeneira"]},{"@type":"Person","@id":"https:\/\/www.anovapeneira.gal\/#\/schema\/person\/b93e3f8932e3f8da96334607eb6ac6aa","name":"Redacci\u00f3n A Nova Peneira","image":{"@type":"ImageObject","inLanguage":"gl-ES","@id":"https:\/\/secure.gravatar.com\/avatar\/c052a2551a06e23fac63626232eaa90abd78dbcf1700fc46a2b2c89fd27b735f?s=96&d=mm&r=g","url":"https:\/\/secure.gravatar.com\/avatar\/c052a2551a06e23fac63626232eaa90abd78dbcf1700fc46a2b2c89fd27b735f?s=96&d=mm&r=g","contentUrl":"https:\/\/secure.gravatar.com\/avatar\/c052a2551a06e23fac63626232eaa90abd78dbcf1700fc46a2b2c89fd27b735f?s=96&d=mm&r=g","caption":"Redacci\u00f3n A Nova Peneira"},"sameAs":["http:\/\/www.anovapeneira.gal\/"],"url":"https:\/\/www.anovapeneira.gal\/index.php\/author\/redactor\/"}]}},"jetpack_featured_media_url":"https:\/\/www.anovapeneira.gal\/wp-content\/uploads\/2021\/03\/ConcentracionPensionistas_ACorunha.jpg","_links":{"self":[{"href":"https:\/\/www.anovapeneira.gal\/index.php\/wp-json\/wp\/v2\/posts\/4996","targetHints":{"allow":["GET"]}}],"collection":[{"href":"https:\/\/www.anovapeneira.gal\/index.php\/wp-json\/wp\/v2\/posts"}],"about":[{"href":"https:\/\/www.anovapeneira.gal\/index.php\/wp-json\/wp\/v2\/types\/post"}],"author":[{"embeddable":true,"href":"https:\/\/www.anovapeneira.gal\/index.php\/wp-json\/wp\/v2\/users\/3"}],"replies":[{"embeddable":true,"href":"https:\/\/www.anovapeneira.gal\/index.php\/wp-json\/wp\/v2\/comments?post=4996"}],"version-history":[{"count":1,"href":"https:\/\/www.anovapeneira.gal\/index.php\/wp-json\/wp\/v2\/posts\/4996\/revisions"}],"predecessor-version":[{"id":4998,"href":"https:\/\/www.anovapeneira.gal\/index.php\/wp-json\/wp\/v2\/posts\/4996\/revisions\/4998"}],"wp:featuredmedia":[{"embeddable":true,"href":"https:\/\/www.anovapeneira.gal\/index.php\/wp-json\/wp\/v2\/media\/4997"}],"wp:attachment":[{"href":"https:\/\/www.anovapeneira.gal\/index.php\/wp-json\/wp\/v2\/media?parent=4996"}],"wp:term":[{"taxonomy":"category","embeddable":true,"href":"https:\/\/www.anovapeneira.gal\/index.php\/wp-json\/wp\/v2\/categories?post=4996"},{"taxonomy":"post_tag","embeddable":true,"href":"https:\/\/www.anovapeneira.gal\/index.php\/wp-json\/wp\/v2\/tags?post=4996"}],"curies":[{"name":"wp","href":"https:\/\/api.w.org\/{rel}","templated":true}]}}