{"id":5008,"date":"2021-03-12T10:00:42","date_gmt":"2021-03-12T09:00:42","guid":{"rendered":"http:\/\/www.anovapeneira.gal\/?p=5008"},"modified":"2021-03-07T09:08:24","modified_gmt":"2021-03-07T08:08:24","slug":"vacina-para-o-virus-do-patriarcado","status":"publish","type":"post","link":"https:\/\/www.anovapeneira.gal\/index.php\/2021\/03\/12\/vacina-para-o-virus-do-patriarcado\/","title":{"rendered":"Vacina para o virus do patriarcado"},"content":{"rendered":"\n<figure class=\"wp-block-image size-large is-resized is-style-default\"><img loading=\"lazy\" decoding=\"async\" src=\"http:\/\/www.anovapeneira.gal\/wp-content\/uploads\/2020\/11\/jessica_souto.jpg\" alt=\"\" class=\"wp-image-4232\" width=\"95\" height=\"115\"\/><figcaption>Jessica Souto Loira. Representante do BNG na Comisi\u00f3n Municipal da Muller de Mar\u00edn<\/figcaption><\/figure>\n\n\n\n<p><strong>Mar\u00edn 6 de Marzo de 2021<\/strong><\/p>\n\n\n\n<p>Xa estamos a d\u00eda 8 de Marzo do 2021, fai case un ano dende que nos confinaron pola crise sociosanitaria, un ano marcado pola COVID na que tivemos que aprender a vivir cun virus hipercontaxioso e as s\u00faas consecuencias, e fomos pasando por diferentes fases:<\/p>\n\n\n\n<p>1\u00ba Fase: O terror e a incerteza ao desco\u00f1ecido, c\u00f3 medo metido no corpo.<\/p>\n\n\n\n<p>2\u00ba fase : O confinamento e a falta de liberdade<\/p>\n\n\n\n<p>3\u00ba fase: A falta de medidas para combater este virus.<\/p>\n\n\n\n<p>M\u00e1is tarde chegou a tan desexada desescalada, onde nos foron dando pingas de liberdade aos poucos, dando pasi\u00f1os para diante e voltando a retroceder, sen acordos conxuntos, sen medidas preventivas nin efectivas para paliar o virus e a crise\u2026.. pero pasado un breve per\u00edodo de tempo anuncian que xa existe unha vacina para rematar c\u00f3 becho. Que boa nova!<\/p>\n\n\n\n<p>Tras varias reflexi\u00f3ns e d\u00e1ndolle volta aos miolos cheguei \u00e1 conclusi\u00f3n, de que estas fases as vivimos moitas veces nas nosas vidas, exactamente dende que nacemos polo simple feito de ser mulleres. Quen de n\u00f3s non pasou medo ao voltar a casa soa pola noite? que muller non se tivo que defender por ter que soportar comentarios machistas? cantas veces escoitamos iso non o podes facer \u00e9 cousa de homes ou tes que facelo porque sempre o fixeron as mulleres? Quen non tivo que decidir entre a s\u00faa carreira profesional e as dificultades para a conciliaci\u00f3n familiar?\u2026..<\/p>\n\n\n\n<p>E continuei falando comigo mesma ata que entend\u00edn que as mulleres non tivemos que aprender esta fase, xa que ao longo da historia pasamos por desescaladas, fomos quen de conseguir dereitos, que ao pouco tempo roub\u00e1banolos, seguimos avanzando pero sempre co xugo no pescozo e d\u00e1ndonos permiso os homes (esa supremac\u00eda tan superior&#8230;.). A mi\u00f1a pregunta \u00e9, para cando unha vacina contra o virus do patriarcado? Para que ningunha muller te\u00f1a medo, nin se sinta insegura, nin decidan por ela, nin lle rouben dereitos nin so\u00f1os, nin lle pechen portas\u2026.<\/p>\n\n\n\n<p>Gustar\u00edame abrir os ollos e pensar que todo foi un pesadelo, que a sociedade volvera a nacer e que as mulleres foramos sempre ceibas, donas das nosas vidas e dos nosos destinos e que machismo nunca existira, porque isto af\u00e9ctanos a todas as mulleres sen importar a idade, a clase social, a xeograf\u00eda, nin a \u00e9poca, isto \u00e9 unha cuesti\u00f3n de x\u00e9nero, polo que, loitemos todas xuntas! para frear o virus do machismo, contaxioso, perigoso, mortal e sen vacina \u00e1 vista.<\/p>\n\n\n\n<h2 class=\"wp-block-heading\">Mulleres do mundo vai por n\u00f3s!<\/h2>\n","protected":false},"excerpt":{"rendered":"<div class=\"mh-excerpt\"><p>Xa estamos a d\u00eda 8 de Marzo do 2021, fai case un ano dende que nos confinaron pola crise sociosanitaria, un ano marcado pola COVID na que tivemos que aprender a vivir cun virus hipercontaxioso e as s\u00faas consecuencias, e fomos pasando por diferentes fases <a class=\"mh-excerpt-more\" href=\"https:\/\/www.anovapeneira.gal\/index.php\/2021\/03\/12\/vacina-para-o-virus-do-patriarcado\/\" title=\"Vacina para o virus do patriarcado\">[&#8230;]<\/a><\/p>\n<\/div>","protected":false},"author":37,"featured_media":584,"comment_status":"open","ping_status":"open","sticky":false,"template":"","format":"standard","meta":{"_exactmetrics_skip_tracking":false,"_exactmetrics_sitenote_active":false,"_exactmetrics_sitenote_note":"","_exactmetrics_sitenote_category":0,"footnotes":""},"categories":[7],"tags":[308],"class_list":{"0":"post-5008","1":"post","2":"type-post","3":"status-publish","4":"format-standard","5":"has-post-thumbnail","7":"category-artigos-de-opinion","8":"tag-8m"},"yoast_head":"<!-- This site is optimized with the Yoast SEO plugin v27.4 - https:\/\/yoast.com\/product\/yoast-seo-wordpress\/ -->\n<title>Vacina para o virus do patriarcado -<\/title>\n<meta name=\"description\" content=\"Xa estamos a d\u00eda 8 de Marzo do 2021, fai case un ano dende que nos confinaron pola crise sociosanitaria, un ano marcado pola COVID na que tivemos que aprender a vivir cun virus hipercontaxioso e as s\u00faas consecuencias, e fomos pasando por diferentes fases\" \/>\n<meta name=\"robots\" content=\"index, follow, max-snippet:-1, max-image-preview:large, max-video-preview:-1\" \/>\n<link rel=\"canonical\" href=\"https:\/\/www.anovapeneira.gal\/index.php\/2021\/03\/12\/vacina-para-o-virus-do-patriarcado\/\" \/>\n<meta property=\"og:locale\" content=\"gl_ES\" \/>\n<meta property=\"og:type\" content=\"article\" \/>\n<meta property=\"og:title\" content=\"Vacina para o virus do patriarcado -\" \/>\n<meta property=\"og:description\" content=\"Xa estamos a d\u00eda 8 de Marzo do 2021, fai case un ano dende que nos confinaron pola crise sociosanitaria, un ano marcado pola COVID na que tivemos que aprender a vivir cun virus hipercontaxioso e as s\u00faas consecuencias, e fomos pasando por diferentes fases\" \/>\n<meta property=\"og:url\" content=\"https:\/\/www.anovapeneira.gal\/index.php\/2021\/03\/12\/vacina-para-o-virus-do-patriarcado\/\" \/>\n<meta property=\"article:publisher\" content=\"https:\/\/www.facebook.com\/anovapeneira\" \/>\n<meta property=\"article:published_time\" content=\"2021-03-12T09:00:42+00:00\" \/>\n<meta property=\"og:image\" content=\"https:\/\/www.anovapeneira.gal\/wp-content\/uploads\/2019\/07\/ARTIGO_DE_OPINION_A_NOVA_PENEIRA.jpg\" \/>\n\t<meta property=\"og:image:width\" content=\"720\" \/>\n\t<meta property=\"og:image:height\" content=\"473\" \/>\n\t<meta property=\"og:image:type\" content=\"image\/jpeg\" \/>\n<meta name=\"author\" content=\"Jessica Souto Loira\" \/>\n<meta name=\"twitter:card\" content=\"summary_large_image\" \/>\n<meta name=\"twitter:creator\" content=\"@APeneira\" \/>\n<meta name=\"twitter:site\" content=\"@APeneira\" \/>\n<meta name=\"twitter:label1\" content=\"Escrito por\" \/>\n\t<meta name=\"twitter:data1\" content=\"Jessica Souto Loira\" \/>\n\t<meta name=\"twitter:label2\" content=\"Tempo de lectura\" \/>\n\t<meta name=\"twitter:data2\" content=\"2 minutos\" \/>\n<script type=\"application\/ld+json\" class=\"yoast-schema-graph\">{\"@context\":\"https:\\\/\\\/schema.org\",\"@graph\":[{\"@type\":\"Article\",\"@id\":\"https:\\\/\\\/www.anovapeneira.gal\\\/index.php\\\/2021\\\/03\\\/12\\\/vacina-para-o-virus-do-patriarcado\\\/#article\",\"isPartOf\":{\"@id\":\"https:\\\/\\\/www.anovapeneira.gal\\\/index.php\\\/2021\\\/03\\\/12\\\/vacina-para-o-virus-do-patriarcado\\\/\"},\"author\":{\"name\":\"Jessica Souto Loira\",\"@id\":\"https:\\\/\\\/www.anovapeneira.gal\\\/#\\\/schema\\\/person\\\/e4543fae76de0bdbb1b70059f459e3f6\"},\"headline\":\"Vacina para o virus do patriarcado\",\"datePublished\":\"2021-03-12T09:00:42+00:00\",\"mainEntityOfPage\":{\"@id\":\"https:\\\/\\\/www.anovapeneira.gal\\\/index.php\\\/2021\\\/03\\\/12\\\/vacina-para-o-virus-do-patriarcado\\\/\"},\"wordCount\":437,\"commentCount\":0,\"publisher\":{\"@id\":\"https:\\\/\\\/www.anovapeneira.gal\\\/#organization\"},\"image\":{\"@id\":\"https:\\\/\\\/www.anovapeneira.gal\\\/index.php\\\/2021\\\/03\\\/12\\\/vacina-para-o-virus-do-patriarcado\\\/#primaryimage\"},\"thumbnailUrl\":\"https:\\\/\\\/www.anovapeneira.gal\\\/wp-content\\\/uploads\\\/2019\\\/07\\\/ARTIGO_DE_OPINION_A_NOVA_PENEIRA.jpg\",\"keywords\":[\"8M\"],\"articleSection\":[\"Artigos de opini\u00f3n\"],\"inLanguage\":\"gl-ES\",\"potentialAction\":[{\"@type\":\"CommentAction\",\"name\":\"Comment\",\"target\":[\"https:\\\/\\\/www.anovapeneira.gal\\\/index.php\\\/2021\\\/03\\\/12\\\/vacina-para-o-virus-do-patriarcado\\\/#respond\"]}]},{\"@type\":\"WebPage\",\"@id\":\"https:\\\/\\\/www.anovapeneira.gal\\\/index.php\\\/2021\\\/03\\\/12\\\/vacina-para-o-virus-do-patriarcado\\\/\",\"url\":\"https:\\\/\\\/www.anovapeneira.gal\\\/index.php\\\/2021\\\/03\\\/12\\\/vacina-para-o-virus-do-patriarcado\\\/\",\"name\":\"Vacina para o virus do patriarcado -\",\"isPartOf\":{\"@id\":\"https:\\\/\\\/www.anovapeneira.gal\\\/#website\"},\"primaryImageOfPage\":{\"@id\":\"https:\\\/\\\/www.anovapeneira.gal\\\/index.php\\\/2021\\\/03\\\/12\\\/vacina-para-o-virus-do-patriarcado\\\/#primaryimage\"},\"image\":{\"@id\":\"https:\\\/\\\/www.anovapeneira.gal\\\/index.php\\\/2021\\\/03\\\/12\\\/vacina-para-o-virus-do-patriarcado\\\/#primaryimage\"},\"thumbnailUrl\":\"https:\\\/\\\/www.anovapeneira.gal\\\/wp-content\\\/uploads\\\/2019\\\/07\\\/ARTIGO_DE_OPINION_A_NOVA_PENEIRA.jpg\",\"datePublished\":\"2021-03-12T09:00:42+00:00\",\"description\":\"Xa estamos a d\u00eda 8 de Marzo do 2021, fai case un ano dende que nos confinaron pola crise sociosanitaria, un ano marcado pola COVID na que tivemos que aprender a vivir cun virus hipercontaxioso e as s\u00faas consecuencias, e fomos pasando por diferentes fases\",\"breadcrumb\":{\"@id\":\"https:\\\/\\\/www.anovapeneira.gal\\\/index.php\\\/2021\\\/03\\\/12\\\/vacina-para-o-virus-do-patriarcado\\\/#breadcrumb\"},\"inLanguage\":\"gl-ES\",\"potentialAction\":[{\"@type\":\"ReadAction\",\"target\":[\"https:\\\/\\\/www.anovapeneira.gal\\\/index.php\\\/2021\\\/03\\\/12\\\/vacina-para-o-virus-do-patriarcado\\\/\"]}]},{\"@type\":\"ImageObject\",\"inLanguage\":\"gl-ES\",\"@id\":\"https:\\\/\\\/www.anovapeneira.gal\\\/index.php\\\/2021\\\/03\\\/12\\\/vacina-para-o-virus-do-patriarcado\\\/#primaryimage\",\"url\":\"https:\\\/\\\/www.anovapeneira.gal\\\/wp-content\\\/uploads\\\/2019\\\/07\\\/ARTIGO_DE_OPINION_A_NOVA_PENEIRA.jpg\",\"contentUrl\":\"https:\\\/\\\/www.anovapeneira.gal\\\/wp-content\\\/uploads\\\/2019\\\/07\\\/ARTIGO_DE_OPINION_A_NOVA_PENEIRA.jpg\",\"width\":720,\"height\":473,\"caption\":\"Artigo de opini\u00f3n A Nova Peneira\"},{\"@type\":\"BreadcrumbList\",\"@id\":\"https:\\\/\\\/www.anovapeneira.gal\\\/index.php\\\/2021\\\/03\\\/12\\\/vacina-para-o-virus-do-patriarcado\\\/#breadcrumb\",\"itemListElement\":[{\"@type\":\"ListItem\",\"position\":1,\"name\":\"Portada\",\"item\":\"https:\\\/\\\/www.anovapeneira.gal\\\/\"},{\"@type\":\"ListItem\",\"position\":2,\"name\":\"Vacina para o virus do patriarcado\"}]},{\"@type\":\"WebSite\",\"@id\":\"https:\\\/\\\/www.anovapeneira.gal\\\/#website\",\"url\":\"https:\\\/\\\/www.anovapeneira.gal\\\/\",\"name\":\"\",\"description\":\"Xornal galego de informaci\u00f3n xeral Publicaci\u00f3n mensual de novas de Galicia e en especial dos Concellos da sur da provincia de Pontevedra.\",\"publisher\":{\"@id\":\"https:\\\/\\\/www.anovapeneira.gal\\\/#organization\"},\"potentialAction\":[{\"@type\":\"SearchAction\",\"target\":{\"@type\":\"EntryPoint\",\"urlTemplate\":\"https:\\\/\\\/www.anovapeneira.gal\\\/?s={search_term_string}\"},\"query-input\":{\"@type\":\"PropertyValueSpecification\",\"valueRequired\":true,\"valueName\":\"search_term_string\"}}],\"inLanguage\":\"gl-ES\"},{\"@type\":\"Organization\",\"@id\":\"https:\\\/\\\/www.anovapeneira.gal\\\/#organization\",\"name\":\"A Nova Peneira\",\"url\":\"https:\\\/\\\/www.anovapeneira.gal\\\/\",\"logo\":{\"@type\":\"ImageObject\",\"inLanguage\":\"gl-ES\",\"@id\":\"https:\\\/\\\/www.anovapeneira.gal\\\/#\\\/schema\\\/logo\\\/image\\\/\",\"url\":\"http:\\\/\\\/www.anovapeneira.gal\\\/wp-content\\\/uploads\\\/2019\\\/06\\\/logo_a_nova_peneira_portal_web.png\",\"contentUrl\":\"http:\\\/\\\/www.anovapeneira.gal\\\/wp-content\\\/uploads\\\/2019\\\/06\\\/logo_a_nova_peneira_portal_web.png\",\"width\":300,\"height\":100,\"caption\":\"A Nova Peneira\"},\"image\":{\"@id\":\"https:\\\/\\\/www.anovapeneira.gal\\\/#\\\/schema\\\/logo\\\/image\\\/\"},\"sameAs\":[\"https:\\\/\\\/www.facebook.com\\\/anovapeneira\",\"https:\\\/\\\/x.com\\\/APeneira\"]},{\"@type\":\"Person\",\"@id\":\"https:\\\/\\\/www.anovapeneira.gal\\\/#\\\/schema\\\/person\\\/e4543fae76de0bdbb1b70059f459e3f6\",\"name\":\"Jessica Souto Loira\",\"image\":{\"@type\":\"ImageObject\",\"inLanguage\":\"gl-ES\",\"@id\":\"https:\\\/\\\/secure.gravatar.com\\\/avatar\\\/f3641714439d6b90586341dfdf77c5f89e7259fc97d8e7ff2c577195de5648da?s=96&d=mm&r=g\",\"url\":\"https:\\\/\\\/secure.gravatar.com\\\/avatar\\\/f3641714439d6b90586341dfdf77c5f89e7259fc97d8e7ff2c577195de5648da?s=96&d=mm&r=g\",\"contentUrl\":\"https:\\\/\\\/secure.gravatar.com\\\/avatar\\\/f3641714439d6b90586341dfdf77c5f89e7259fc97d8e7ff2c577195de5648da?s=96&d=mm&r=g\",\"caption\":\"Jessica Souto Loira\"},\"url\":\"https:\\\/\\\/www.anovapeneira.gal\\\/index.php\\\/author\\\/jessicasouto\\\/\"}]}<\/script>\n<!-- \/ Yoast SEO plugin. -->","yoast_head_json":{"title":"Vacina para o virus do patriarcado -","description":"Xa estamos a d\u00eda 8 de Marzo do 2021, fai case un ano dende que nos confinaron pola crise sociosanitaria, un ano marcado pola COVID na que tivemos que aprender a vivir cun virus hipercontaxioso e as s\u00faas consecuencias, e fomos pasando por diferentes fases","robots":{"index":"index","follow":"follow","max-snippet":"max-snippet:-1","max-image-preview":"max-image-preview:large","max-video-preview":"max-video-preview:-1"},"canonical":"https:\/\/www.anovapeneira.gal\/index.php\/2021\/03\/12\/vacina-para-o-virus-do-patriarcado\/","og_locale":"gl_ES","og_type":"article","og_title":"Vacina para o virus do patriarcado -","og_description":"Xa estamos a d\u00eda 8 de Marzo do 2021, fai case un ano dende que nos confinaron pola crise sociosanitaria, un ano marcado pola COVID na que tivemos que aprender a vivir cun virus hipercontaxioso e as s\u00faas consecuencias, e fomos pasando por diferentes fases","og_url":"https:\/\/www.anovapeneira.gal\/index.php\/2021\/03\/12\/vacina-para-o-virus-do-patriarcado\/","article_publisher":"https:\/\/www.facebook.com\/anovapeneira","article_published_time":"2021-03-12T09:00:42+00:00","og_image":[{"width":720,"height":473,"url":"https:\/\/www.anovapeneira.gal\/wp-content\/uploads\/2019\/07\/ARTIGO_DE_OPINION_A_NOVA_PENEIRA.jpg","type":"image\/jpeg"}],"author":"Jessica Souto Loira","twitter_card":"summary_large_image","twitter_creator":"@APeneira","twitter_site":"@APeneira","twitter_misc":{"Escrito por":"Jessica Souto Loira","Tempo de lectura":"2 minutos"},"schema":{"@context":"https:\/\/schema.org","@graph":[{"@type":"Article","@id":"https:\/\/www.anovapeneira.gal\/index.php\/2021\/03\/12\/vacina-para-o-virus-do-patriarcado\/#article","isPartOf":{"@id":"https:\/\/www.anovapeneira.gal\/index.php\/2021\/03\/12\/vacina-para-o-virus-do-patriarcado\/"},"author":{"name":"Jessica Souto Loira","@id":"https:\/\/www.anovapeneira.gal\/#\/schema\/person\/e4543fae76de0bdbb1b70059f459e3f6"},"headline":"Vacina para o virus do patriarcado","datePublished":"2021-03-12T09:00:42+00:00","mainEntityOfPage":{"@id":"https:\/\/www.anovapeneira.gal\/index.php\/2021\/03\/12\/vacina-para-o-virus-do-patriarcado\/"},"wordCount":437,"commentCount":0,"publisher":{"@id":"https:\/\/www.anovapeneira.gal\/#organization"},"image":{"@id":"https:\/\/www.anovapeneira.gal\/index.php\/2021\/03\/12\/vacina-para-o-virus-do-patriarcado\/#primaryimage"},"thumbnailUrl":"https:\/\/www.anovapeneira.gal\/wp-content\/uploads\/2019\/07\/ARTIGO_DE_OPINION_A_NOVA_PENEIRA.jpg","keywords":["8M"],"articleSection":["Artigos de opini\u00f3n"],"inLanguage":"gl-ES","potentialAction":[{"@type":"CommentAction","name":"Comment","target":["https:\/\/www.anovapeneira.gal\/index.php\/2021\/03\/12\/vacina-para-o-virus-do-patriarcado\/#respond"]}]},{"@type":"WebPage","@id":"https:\/\/www.anovapeneira.gal\/index.php\/2021\/03\/12\/vacina-para-o-virus-do-patriarcado\/","url":"https:\/\/www.anovapeneira.gal\/index.php\/2021\/03\/12\/vacina-para-o-virus-do-patriarcado\/","name":"Vacina para o virus do patriarcado -","isPartOf":{"@id":"https:\/\/www.anovapeneira.gal\/#website"},"primaryImageOfPage":{"@id":"https:\/\/www.anovapeneira.gal\/index.php\/2021\/03\/12\/vacina-para-o-virus-do-patriarcado\/#primaryimage"},"image":{"@id":"https:\/\/www.anovapeneira.gal\/index.php\/2021\/03\/12\/vacina-para-o-virus-do-patriarcado\/#primaryimage"},"thumbnailUrl":"https:\/\/www.anovapeneira.gal\/wp-content\/uploads\/2019\/07\/ARTIGO_DE_OPINION_A_NOVA_PENEIRA.jpg","datePublished":"2021-03-12T09:00:42+00:00","description":"Xa estamos a d\u00eda 8 de Marzo do 2021, fai case un ano dende que nos confinaron pola crise sociosanitaria, un ano marcado pola COVID na que tivemos que aprender a vivir cun virus hipercontaxioso e as s\u00faas consecuencias, e fomos pasando por diferentes fases","breadcrumb":{"@id":"https:\/\/www.anovapeneira.gal\/index.php\/2021\/03\/12\/vacina-para-o-virus-do-patriarcado\/#breadcrumb"},"inLanguage":"gl-ES","potentialAction":[{"@type":"ReadAction","target":["https:\/\/www.anovapeneira.gal\/index.php\/2021\/03\/12\/vacina-para-o-virus-do-patriarcado\/"]}]},{"@type":"ImageObject","inLanguage":"gl-ES","@id":"https:\/\/www.anovapeneira.gal\/index.php\/2021\/03\/12\/vacina-para-o-virus-do-patriarcado\/#primaryimage","url":"https:\/\/www.anovapeneira.gal\/wp-content\/uploads\/2019\/07\/ARTIGO_DE_OPINION_A_NOVA_PENEIRA.jpg","contentUrl":"https:\/\/www.anovapeneira.gal\/wp-content\/uploads\/2019\/07\/ARTIGO_DE_OPINION_A_NOVA_PENEIRA.jpg","width":720,"height":473,"caption":"Artigo de opini\u00f3n A Nova Peneira"},{"@type":"BreadcrumbList","@id":"https:\/\/www.anovapeneira.gal\/index.php\/2021\/03\/12\/vacina-para-o-virus-do-patriarcado\/#breadcrumb","itemListElement":[{"@type":"ListItem","position":1,"name":"Portada","item":"https:\/\/www.anovapeneira.gal\/"},{"@type":"ListItem","position":2,"name":"Vacina para o virus do patriarcado"}]},{"@type":"WebSite","@id":"https:\/\/www.anovapeneira.gal\/#website","url":"https:\/\/www.anovapeneira.gal\/","name":"","description":"Xornal galego de informaci\u00f3n xeral Publicaci\u00f3n mensual de novas de Galicia e en especial dos Concellos da sur da provincia de Pontevedra.","publisher":{"@id":"https:\/\/www.anovapeneira.gal\/#organization"},"potentialAction":[{"@type":"SearchAction","target":{"@type":"EntryPoint","urlTemplate":"https:\/\/www.anovapeneira.gal\/?s={search_term_string}"},"query-input":{"@type":"PropertyValueSpecification","valueRequired":true,"valueName":"search_term_string"}}],"inLanguage":"gl-ES"},{"@type":"Organization","@id":"https:\/\/www.anovapeneira.gal\/#organization","name":"A Nova Peneira","url":"https:\/\/www.anovapeneira.gal\/","logo":{"@type":"ImageObject","inLanguage":"gl-ES","@id":"https:\/\/www.anovapeneira.gal\/#\/schema\/logo\/image\/","url":"http:\/\/www.anovapeneira.gal\/wp-content\/uploads\/2019\/06\/logo_a_nova_peneira_portal_web.png","contentUrl":"http:\/\/www.anovapeneira.gal\/wp-content\/uploads\/2019\/06\/logo_a_nova_peneira_portal_web.png","width":300,"height":100,"caption":"A Nova Peneira"},"image":{"@id":"https:\/\/www.anovapeneira.gal\/#\/schema\/logo\/image\/"},"sameAs":["https:\/\/www.facebook.com\/anovapeneira","https:\/\/x.com\/APeneira"]},{"@type":"Person","@id":"https:\/\/www.anovapeneira.gal\/#\/schema\/person\/e4543fae76de0bdbb1b70059f459e3f6","name":"Jessica Souto Loira","image":{"@type":"ImageObject","inLanguage":"gl-ES","@id":"https:\/\/secure.gravatar.com\/avatar\/f3641714439d6b90586341dfdf77c5f89e7259fc97d8e7ff2c577195de5648da?s=96&d=mm&r=g","url":"https:\/\/secure.gravatar.com\/avatar\/f3641714439d6b90586341dfdf77c5f89e7259fc97d8e7ff2c577195de5648da?s=96&d=mm&r=g","contentUrl":"https:\/\/secure.gravatar.com\/avatar\/f3641714439d6b90586341dfdf77c5f89e7259fc97d8e7ff2c577195de5648da?s=96&d=mm&r=g","caption":"Jessica Souto Loira"},"url":"https:\/\/www.anovapeneira.gal\/index.php\/author\/jessicasouto\/"}]}},"jetpack_featured_media_url":"https:\/\/www.anovapeneira.gal\/wp-content\/uploads\/2019\/07\/ARTIGO_DE_OPINION_A_NOVA_PENEIRA.jpg","_links":{"self":[{"href":"https:\/\/www.anovapeneira.gal\/index.php\/wp-json\/wp\/v2\/posts\/5008","targetHints":{"allow":["GET"]}}],"collection":[{"href":"https:\/\/www.anovapeneira.gal\/index.php\/wp-json\/wp\/v2\/posts"}],"about":[{"href":"https:\/\/www.anovapeneira.gal\/index.php\/wp-json\/wp\/v2\/types\/post"}],"author":[{"embeddable":true,"href":"https:\/\/www.anovapeneira.gal\/index.php\/wp-json\/wp\/v2\/users\/37"}],"replies":[{"embeddable":true,"href":"https:\/\/www.anovapeneira.gal\/index.php\/wp-json\/wp\/v2\/comments?post=5008"}],"version-history":[{"count":3,"href":"https:\/\/www.anovapeneira.gal\/index.php\/wp-json\/wp\/v2\/posts\/5008\/revisions"}],"predecessor-version":[{"id":5014,"href":"https:\/\/www.anovapeneira.gal\/index.php\/wp-json\/wp\/v2\/posts\/5008\/revisions\/5014"}],"wp:featuredmedia":[{"embeddable":true,"href":"https:\/\/www.anovapeneira.gal\/index.php\/wp-json\/wp\/v2\/media\/584"}],"wp:attachment":[{"href":"https:\/\/www.anovapeneira.gal\/index.php\/wp-json\/wp\/v2\/media?parent=5008"}],"wp:term":[{"taxonomy":"category","embeddable":true,"href":"https:\/\/www.anovapeneira.gal\/index.php\/wp-json\/wp\/v2\/categories?post=5008"},{"taxonomy":"post_tag","embeddable":true,"href":"https:\/\/www.anovapeneira.gal\/index.php\/wp-json\/wp\/v2\/tags?post=5008"}],"curies":[{"name":"wp","href":"https:\/\/api.w.org\/{rel}","templated":true}]}}