{"id":5018,"date":"2021-03-15T10:00:27","date_gmt":"2021-03-15T09:00:27","guid":{"rendered":"http:\/\/www.anovapeneira.gal\/?p=5018"},"modified":"2021-03-13T08:04:56","modified_gmt":"2021-03-13T07:04:56","slug":"roman-gonzalez-novo-voceiro-provincial-de-podemos-pontevedra","status":"publish","type":"post","link":"https:\/\/www.anovapeneira.gal\/index.php\/2021\/03\/15\/roman-gonzalez-novo-voceiro-provincial-de-podemos-pontevedra\/","title":{"rendered":"Rom\u00e1n Gonz\u00e1lez, novo voceiro provincial de Podemos Pontevedra"},"content":{"rendered":"\n<h2 class=\"wp-block-heading\"><strong>O veci\u00f1o de Mos, Rom\u00e1n Gonz\u00e1lez, concelleiro no consistorio mosense pola plataforma veci\u00f1al Ga\u00f1aMos, ven de ser nomeado voceiro provincial de Podemos Galicia<\/strong><\/h2>\n\n\n\n<p>\u201c<strong>ASUMO O CARGO CON MOITA ILUSI\u00d3N E TODA A FORZA DO MUNDO\u201d<\/strong><\/p>\n\n\n\n<p><strong>Con que \u00e1nimos accedes a esta nova responsabilidade pol\u00edtica?<\/strong><\/p>\n\n\n\n<blockquote class=\"wp-block-quote is-layout-flow wp-block-quote-is-layout-flow\"><p>Asumo a responsabilidade con toneladas de ilusi\u00f3n e con toda a forza que son capaz de expresar, sendo consciente da s\u00faa complexidade e da grande cantidade de traballo que nos agarda para dotar de ferramentas adecuadas a todos os c\u00edrculos de Pontevedra<\/p><\/blockquote>\n\n\n\n<p><strong>Cantos c\u00edrculos hai en Pontevedra?<\/strong><\/p>\n\n\n\n<blockquote class=\"wp-block-quote is-layout-flow wp-block-quote-is-layout-flow\"><p>16\/17<\/p><\/blockquote>\n\n\n\n<p><strong>Pero son c\u00edrculos nominativos, ou est\u00e1n politicamente activos?<\/strong><\/p>\n\n\n\n<blockquote class=\"wp-block-quote is-layout-flow wp-block-quote-is-layout-flow\"><p>O n\u00famero de c\u00edrculos que che menciono son os que est\u00e1n constitu\u00eddos oficialmente dentro do organigrama de Podemos. E son c\u00edrculos politicamente activos desde logo.<\/p><\/blockquote>\n\n\n\n<p><strong>Vaia, pois al\u00e9grome moito porque a verdade, nas localidades nas que est\u00e1 A Nova Peneira, moita constancia da vosa actividade pol\u00edtica a verdade non te\u00f1o?<\/strong><\/p>\n\n\n\n<blockquote class=\"wp-block-quote is-layout-flow wp-block-quote-is-layout-flow\"><p>\u00c9 evidente que temos unha deficiente implantaci\u00f3n territorial. Son absolutamente consciente dese problema. E todos os compa\u00f1eiros e compa\u00f1eiras de Podemos Galicia imos dar todo o que temos e m\u00e1is, para tratar de remedialo o antes posible. Na zona sur est\u00e1 en v\u00edas de soluci\u00f3n, e na zona norte da provincia imos un pouco m\u00e1is a modo. Pero acabaremos fac\u00e9ndoo, con seguridade, porque Podemos non \u00e9 un partido que se constr\u00faa de arriba abaixo, todo o contrario. Estou convencido de que responde a unha necesidade dun segmento importante da poboaci\u00f3n que existe, \u00e9 real. E en n\u00f3s est\u00e1 facer as cousas ben para sab\u00e9rmolo recoller.<\/p><\/blockquote>\n\n\n\n<p><strong>Que pol\u00edtica vai desenvolver o organismo provincial que ti encabezas para tratar de remediar o problema da deficiente implantaci\u00f3n territorial?<\/strong><\/p>\n\n\n\n<blockquote class=\"wp-block-quote is-layout-flow wp-block-quote-is-layout-flow\"><p>Agora mesmo estamos nese proceso en concreto, o de crearmos unha identidade propia dentro de Galicia e o de implantar a nosa organizaci\u00f3n na maior parte de localidades galegas. A implantaci\u00f3n territorial \u00e9 moit\u00edsimo m\u00e1is importante que o resultado electoral coiuntural. Temos que aprender dos erros pasados e ter claro ese concepto.<\/p><\/blockquote>\n\n\n\n<p><strong>Si, pero os pasos concretos que ides dar para tratar de remediar o problema cales son?<\/strong><\/p>\n\n\n\n<blockquote class=\"wp-block-quote is-layout-flow wp-block-quote-is-layout-flow\"><p>Consolidar e fortalecer todos os c\u00edrculos xa existentes. E traballar moito nas localidades nas que non estamos, trasladando a nosa mensaxe \u00e1 sociedade civil para que se poidan formar c\u00edrculos al\u00e1 onde non te\u00f1amos. Xa levamos feito arredor de media ducia de xornadas de formaci\u00f3n para dotar de ferramentas aos nosos militantes, que deben de meterse no tecido asociativo das s\u00faas localidades. Esa \u00e9 a chave. Por outra parte n\u00f3s temos un censo de persoas que nalg\u00fan momento participaron ou colaboraron con n\u00f3s, dalgunha maneira, e temos presencia en case todo o territorio galego<\/p><\/blockquote>\n\n\n\n<p><strong>Xa Rom\u00e1n, pero esa situaci\u00f3n \u201c de presencia en case todo o territorio galego\u201d que describes, non \u00e9 real<\/strong><\/p>\n\n\n\n<blockquote class=\"wp-block-quote is-layout-flow wp-block-quote-is-layout-flow\"><p>Non, non \u00e9 real. Pero n\u00f3s a trav\u00e9s deses contactos trataremos de montar estrutura al\u00e1 onde non a te\u00f1amos.<\/p><\/blockquote>\n\n\n\n<p><strong>A estrutura que ides montar en Podemos Galicia vai ser coincidente coa realidade administrativa?. \u00c9 dicir, vai ser unha estrutura provincial?<\/strong><\/p>\n\n\n\n<blockquote class=\"wp-block-quote is-layout-flow wp-block-quote-is-layout-flow\"><p>A estrutura base \u00e9 municipal. Ata agora pasabamos do c\u00edrculo local ao auton\u00f3mico e entendo que nos faltaba un estadio intermedio. Por ese motivo puxemos en marcha esta estrutura provincial<\/p><\/blockquote>\n\n\n\n<p><strong>Xa, pero esta realidade administrativa que divide a Galicia en provincias non coincide coa nosa realidade social que \u00e9 comarcal. V\u00f3s ides prescindir na vosa estrutura organizativa das comarcas naturais de Galicia?<\/strong><\/p>\n\n\n\n<blockquote class=\"wp-block-quote is-layout-flow wp-block-quote-is-layout-flow\"><p>Non. A comarca \u00e9 moi importante para n\u00f3s. Eu son da Louri\u00f1a e un dos meus obxectivos \u00e9 dinamizar a mi\u00f1a comarca.<\/p><\/blockquote>\n\n\n\n<p><strong>Que \u00e9 Galicia para Podemos Galicia?<\/strong><\/p>\n\n\n\n<blockquote class=\"wp-block-quote is-layout-flow wp-block-quote-is-layout-flow\"><p>Unha naci\u00f3n dentro do estado espa\u00f1ol<\/p><\/blockquote>\n\n\n\n<p><strong>F\u00e1lanos dos perf\u00eds das persoas que che acompa\u00f1an na direcci\u00f3n provincial?<\/strong><\/p>\n\n\n\n<blockquote class=\"wp-block-quote is-layout-flow wp-block-quote-is-layout-flow\"><p>Estou moi contento pois al\u00e9n de que son persoas coas que humanamente sinto unha comodidade absoluta, todas pos\u00faen unha elevada solvencia e calidade pol\u00edtica al\u00e9n de que est\u00e1n moi implicadas en quitar este proxecto pol\u00edtico adiante<\/p><\/blockquote>\n\n\n\n<p><strong>Cal \u00e9 a metodolox\u00eda organizativa que desenvolvedes na direcci\u00f3n provincial de podemos?<\/strong><\/p>\n\n\n\n<blockquote class=\"wp-block-quote is-layout-flow wp-block-quote-is-layout-flow\"><p>A organizaci\u00f3n do traballo estrutur\u00e1mola por zonas. Cada persoa enc\u00e1rgase de trasladar os asuntos relevantes da s\u00faa comarca, para que entre todas e todos debatamos, decidamos a posici\u00f3n pol\u00edtica que tomemos e as medidas a desenvolver. O contacto entre n\u00f3s \u00e9 moi flu\u00eddo pois de maneira telem\u00e1tica mant\u00e9molo todos os d\u00edas<\/p><\/blockquote>\n\n\n\n<p><strong>Eu creo Rom\u00e1n, que para que unha forza pol\u00edtica poida ter posibilidades de competir ao m\u00e1ximo nivel precisa d\u00faas condici\u00f3ns: 1) unha implantaci\u00f3n territorial s\u00f3lida.2) unha cabeza visible de elevada calidade pol\u00edtica, e moi pegado \u00e1 realidade social. Xa falamos da primeira circunstancia ,e quero falar agora da segunda. Non discuto a calidade pol\u00edtica do voso SX, pero na Pontevedra profunda, Rom\u00e1n, a Ant\u00f3n G\u00f3mez Reino non o co\u00f1ece ningu\u00e9n, non cres?<\/strong><\/p>\n\n\n\n<blockquote class=\"wp-block-quote is-layout-flow wp-block-quote-is-layout-flow\"><p>Tone ten unha enorme calidade pol\u00edtica ,e est\u00e1 a desenvolver un traballo bestial no congreso. Si, \u00e9 certo que para podermos implantar socialmente precisamos unha cabeza visible, \u00e9 obvio. E foi unha das eivas m\u00e1is graves que tivemos nas auton\u00f3micas. Que Tone estea en Galicia como referencia \u00e9 fundamental<\/p><\/blockquote>\n\n\n\n<p><strong>E ides solucionar ese tema dalgunha maneira?<\/strong><\/p>\n\n\n\n<blockquote class=\"wp-block-quote is-layout-flow wp-block-quote-is-layout-flow\"><p>Estamos traballando en solucionalo. De feito a nosa intenci\u00f3n \u00e9 que nos pr\u00f3ximos meses o noso secretario xeral estea moito m\u00e1is presente en Galicia<\/p><\/blockquote>\n\n\n\n<p><strong>Hai espazo na esquerda galega para que Podemos poida competir o voto contra o PSOE e o BNG?<\/strong><\/p>\n\n\n\n<blockquote class=\"wp-block-quote is-layout-flow wp-block-quote-is-layout-flow\"><p>Si, rotundamente si.<\/p><\/blockquote>\n\n\n\n<p><strong>E como se artellar\u00eda ese espazo?, como Podemos?, como Podemos +EU?, como Podemos +EU+ Anova?<\/strong><\/p>\n\n\n\n<blockquote class=\"wp-block-quote is-layout-flow wp-block-quote-is-layout-flow\"><p>N\u00f3s estamos traballando para dotar de identidade propia a Podemos en Galicia, e o que ve\u00f1a despois xa se ver\u00e1. O intelixente , creo eu, \u00e9 adaptarse \u00e1s circunstancias concretas de cada municipio<\/p><\/blockquote>\n\n\n\n<p><strong>Cando naceu Podemos ilusionou a moit\u00edsima xente. Que lle dir\u00edas aos que se decepcionaron para tratar de recuperalos?<\/strong><\/p>\n\n\n\n<blockquote class=\"wp-block-quote is-layout-flow wp-block-quote-is-layout-flow\"><p>Podemos naceu para mudar a realidade. E non \u00e9 nada f\u00e1cil pois t\u00e9monos que enfrontar a forzas poderos\u00edsimas que nos agriden de todas as maneiras posibles. Xa nin me lembro do n\u00famero inmenso de querelas que nos puxeron, con portadas en todos os medios, e que foron arquivadas todas, co silencio da maior\u00eda dos medios. Seguro que cometemos erros. Pero o esencial, \u00e9 que a nosa vontade de contribu\u00edr a constru\u00edr unha sociedade m\u00e1is xusta, na que ningu\u00e9n viva por baixo dos l\u00edmites da dignidade, permanece intacta. Eu dir\u00eda a cada persoa que lea esta entrevista que si participa desta idea, de colaborar para facer un mundo mellor, que por favor nos axude. Non a imos defraudar<\/p><\/blockquote>\n\n\n\n<p><strong>Rematamos Rom\u00e1n. Ti es concelleiro de Ga\u00f1aMos ,unha candidatura de unidade veci\u00f1al que ensambla sensibilidades diversas. Ga\u00f1aMos ten futuro ou est\u00e1 morto?<\/strong><\/p>\n\n\n\n<blockquote class=\"wp-block-quote is-layout-flow wp-block-quote-is-layout-flow\"><p>Eu creo que este tipo de espazos son procesos fracasados e mortos. O exemplo t\u00e9molo en En Marea<\/p><\/blockquote>\n\n\n\n<p><strong>Ti es concelleiro de Podemos u de Ga\u00f1aMos?<\/strong><\/p>\n\n\n\n<blockquote class=\"wp-block-quote is-layout-flow wp-block-quote-is-layout-flow\"><p>De Ga\u00f1aMos<\/p><\/blockquote>\n","protected":false},"excerpt":{"rendered":"<div class=\"mh-excerpt\"><p>O veci\u00f1o de Mos, Rom\u00e1n Gonz\u00e1lez, concelleiro no consistorio mosense pola plataforma veci\u00f1al Ga\u00f1aMos, ven de ser nomeado voceiro provincial de Podemos Galicia <a class=\"mh-excerpt-more\" href=\"https:\/\/www.anovapeneira.gal\/index.php\/2021\/03\/15\/roman-gonzalez-novo-voceiro-provincial-de-podemos-pontevedra\/\" title=\"Rom\u00e1n Gonz\u00e1lez, novo voceiro provincial de Podemos Pontevedra\">[&#8230;]<\/a><\/p>\n<\/div>","protected":false},"author":3,"featured_media":5019,"comment_status":"open","ping_status":"open","sticky":false,"template":"","format":"standard","meta":{"_exactmetrics_skip_tracking":false,"_exactmetrics_sitenote_active":false,"_exactmetrics_sitenote_note":"","_exactmetrics_sitenote_category":0,"footnotes":""},"categories":[23],"tags":[218,1240],"class_list":{"0":"post-5018","1":"post","2":"type-post","3":"status-publish","4":"format-standard","5":"has-post-thumbnail","7":"category-a-lourina","8":"tag-concello-de-mos","9":"tag-podemos-pontevedra"},"yoast_head":"<!-- This site is optimized with the Yoast SEO plugin v27.4 - https:\/\/yoast.com\/product\/yoast-seo-wordpress\/ -->\n<title>Rom\u00e1n Gonz\u00e1lez, novo voceiro provincial de Podemos Pontevedra -<\/title>\n<meta name=\"description\" content=\"O veci\u00f1o de Mos, Rom\u00e1n Gonz\u00e1lez, concelleiro no consistorio mosense pola plataforma veci\u00f1al Ga\u00f1aMos, ven de ser nomeado voceiro provincial de Podemos Galicia\" \/>\n<meta name=\"robots\" content=\"index, follow, max-snippet:-1, max-image-preview:large, max-video-preview:-1\" \/>\n<link rel=\"canonical\" href=\"https:\/\/www.anovapeneira.gal\/index.php\/2021\/03\/15\/roman-gonzalez-novo-voceiro-provincial-de-podemos-pontevedra\/\" \/>\n<meta property=\"og:locale\" content=\"gl_ES\" \/>\n<meta property=\"og:type\" content=\"article\" \/>\n<meta property=\"og:title\" content=\"Rom\u00e1n Gonz\u00e1lez, novo voceiro provincial de Podemos Pontevedra -\" \/>\n<meta property=\"og:description\" content=\"O veci\u00f1o de Mos, Rom\u00e1n Gonz\u00e1lez, concelleiro no consistorio mosense pola plataforma veci\u00f1al Ga\u00f1aMos, ven de ser nomeado voceiro provincial de Podemos Galicia\" \/>\n<meta property=\"og:url\" content=\"https:\/\/www.anovapeneira.gal\/index.php\/2021\/03\/15\/roman-gonzalez-novo-voceiro-provincial-de-podemos-pontevedra\/\" \/>\n<meta property=\"article:publisher\" content=\"https:\/\/www.facebook.com\/anovapeneira\" \/>\n<meta property=\"article:published_time\" content=\"2021-03-15T09:00:27+00:00\" \/>\n<meta property=\"og:image\" content=\"https:\/\/www.anovapeneira.gal\/wp-content\/uploads\/2021\/03\/voceiro_podemos_pontevedra.jpg\" \/>\n\t<meta property=\"og:image:width\" content=\"720\" \/>\n\t<meta property=\"og:image:height\" content=\"432\" \/>\n\t<meta property=\"og:image:type\" content=\"image\/jpeg\" \/>\n<meta name=\"author\" content=\"Redacci\u00f3n A Nova Peneira\" \/>\n<meta name=\"twitter:card\" content=\"summary_large_image\" \/>\n<meta name=\"twitter:creator\" content=\"@APeneira\" \/>\n<meta name=\"twitter:site\" content=\"@APeneira\" \/>\n<meta name=\"twitter:label1\" content=\"Escrito por\" \/>\n\t<meta name=\"twitter:data1\" content=\"Redacci\u00f3n A Nova Peneira\" \/>\n\t<meta name=\"twitter:label2\" content=\"Tempo de lectura\" \/>\n\t<meta name=\"twitter:data2\" content=\"5 minutos\" \/>\n<script type=\"application\/ld+json\" class=\"yoast-schema-graph\">{\"@context\":\"https:\\\/\\\/schema.org\",\"@graph\":[{\"@type\":\"Article\",\"@id\":\"https:\\\/\\\/www.anovapeneira.gal\\\/index.php\\\/2021\\\/03\\\/15\\\/roman-gonzalez-novo-voceiro-provincial-de-podemos-pontevedra\\\/#article\",\"isPartOf\":{\"@id\":\"https:\\\/\\\/www.anovapeneira.gal\\\/index.php\\\/2021\\\/03\\\/15\\\/roman-gonzalez-novo-voceiro-provincial-de-podemos-pontevedra\\\/\"},\"author\":{\"name\":\"Redacci\u00f3n A Nova Peneira\",\"@id\":\"https:\\\/\\\/www.anovapeneira.gal\\\/#\\\/schema\\\/person\\\/b93e3f8932e3f8da96334607eb6ac6aa\"},\"headline\":\"Rom\u00e1n Gonz\u00e1lez, novo voceiro provincial de Podemos Pontevedra\",\"datePublished\":\"2021-03-15T09:00:27+00:00\",\"mainEntityOfPage\":{\"@id\":\"https:\\\/\\\/www.anovapeneira.gal\\\/index.php\\\/2021\\\/03\\\/15\\\/roman-gonzalez-novo-voceiro-provincial-de-podemos-pontevedra\\\/\"},\"wordCount\":1216,\"commentCount\":0,\"publisher\":{\"@id\":\"https:\\\/\\\/www.anovapeneira.gal\\\/#organization\"},\"image\":{\"@id\":\"https:\\\/\\\/www.anovapeneira.gal\\\/index.php\\\/2021\\\/03\\\/15\\\/roman-gonzalez-novo-voceiro-provincial-de-podemos-pontevedra\\\/#primaryimage\"},\"thumbnailUrl\":\"https:\\\/\\\/www.anovapeneira.gal\\\/wp-content\\\/uploads\\\/2021\\\/03\\\/voceiro_podemos_pontevedra.jpg\",\"keywords\":[\"Concello de Mos\",\"Podemos Pontevedra\"],\"articleSection\":[\"A Louri\u00f1a\"],\"inLanguage\":\"gl-ES\",\"potentialAction\":[{\"@type\":\"CommentAction\",\"name\":\"Comment\",\"target\":[\"https:\\\/\\\/www.anovapeneira.gal\\\/index.php\\\/2021\\\/03\\\/15\\\/roman-gonzalez-novo-voceiro-provincial-de-podemos-pontevedra\\\/#respond\"]}]},{\"@type\":\"WebPage\",\"@id\":\"https:\\\/\\\/www.anovapeneira.gal\\\/index.php\\\/2021\\\/03\\\/15\\\/roman-gonzalez-novo-voceiro-provincial-de-podemos-pontevedra\\\/\",\"url\":\"https:\\\/\\\/www.anovapeneira.gal\\\/index.php\\\/2021\\\/03\\\/15\\\/roman-gonzalez-novo-voceiro-provincial-de-podemos-pontevedra\\\/\",\"name\":\"Rom\u00e1n Gonz\u00e1lez, novo voceiro provincial de Podemos Pontevedra -\",\"isPartOf\":{\"@id\":\"https:\\\/\\\/www.anovapeneira.gal\\\/#website\"},\"primaryImageOfPage\":{\"@id\":\"https:\\\/\\\/www.anovapeneira.gal\\\/index.php\\\/2021\\\/03\\\/15\\\/roman-gonzalez-novo-voceiro-provincial-de-podemos-pontevedra\\\/#primaryimage\"},\"image\":{\"@id\":\"https:\\\/\\\/www.anovapeneira.gal\\\/index.php\\\/2021\\\/03\\\/15\\\/roman-gonzalez-novo-voceiro-provincial-de-podemos-pontevedra\\\/#primaryimage\"},\"thumbnailUrl\":\"https:\\\/\\\/www.anovapeneira.gal\\\/wp-content\\\/uploads\\\/2021\\\/03\\\/voceiro_podemos_pontevedra.jpg\",\"datePublished\":\"2021-03-15T09:00:27+00:00\",\"description\":\"O veci\u00f1o de Mos, Rom\u00e1n Gonz\u00e1lez, concelleiro no consistorio mosense pola plataforma veci\u00f1al Ga\u00f1aMos, ven de ser nomeado voceiro provincial de Podemos Galicia\",\"breadcrumb\":{\"@id\":\"https:\\\/\\\/www.anovapeneira.gal\\\/index.php\\\/2021\\\/03\\\/15\\\/roman-gonzalez-novo-voceiro-provincial-de-podemos-pontevedra\\\/#breadcrumb\"},\"inLanguage\":\"gl-ES\",\"potentialAction\":[{\"@type\":\"ReadAction\",\"target\":[\"https:\\\/\\\/www.anovapeneira.gal\\\/index.php\\\/2021\\\/03\\\/15\\\/roman-gonzalez-novo-voceiro-provincial-de-podemos-pontevedra\\\/\"]}]},{\"@type\":\"ImageObject\",\"inLanguage\":\"gl-ES\",\"@id\":\"https:\\\/\\\/www.anovapeneira.gal\\\/index.php\\\/2021\\\/03\\\/15\\\/roman-gonzalez-novo-voceiro-provincial-de-podemos-pontevedra\\\/#primaryimage\",\"url\":\"https:\\\/\\\/www.anovapeneira.gal\\\/wp-content\\\/uploads\\\/2021\\\/03\\\/voceiro_podemos_pontevedra.jpg\",\"contentUrl\":\"https:\\\/\\\/www.anovapeneira.gal\\\/wp-content\\\/uploads\\\/2021\\\/03\\\/voceiro_podemos_pontevedra.jpg\",\"width\":720,\"height\":432,\"caption\":\"Rom\u00e1n Gonz\u00e1lez, novo voceiro provincial de Podemos Pontevedra\"},{\"@type\":\"BreadcrumbList\",\"@id\":\"https:\\\/\\\/www.anovapeneira.gal\\\/index.php\\\/2021\\\/03\\\/15\\\/roman-gonzalez-novo-voceiro-provincial-de-podemos-pontevedra\\\/#breadcrumb\",\"itemListElement\":[{\"@type\":\"ListItem\",\"position\":1,\"name\":\"Portada\",\"item\":\"https:\\\/\\\/www.anovapeneira.gal\\\/\"},{\"@type\":\"ListItem\",\"position\":2,\"name\":\"Rom\u00e1n Gonz\u00e1lez, novo voceiro provincial de Podemos Pontevedra\"}]},{\"@type\":\"WebSite\",\"@id\":\"https:\\\/\\\/www.anovapeneira.gal\\\/#website\",\"url\":\"https:\\\/\\\/www.anovapeneira.gal\\\/\",\"name\":\"\",\"description\":\"Xornal galego de informaci\u00f3n xeral Publicaci\u00f3n mensual de novas de Galicia e en especial dos Concellos da sur da provincia de Pontevedra.\",\"publisher\":{\"@id\":\"https:\\\/\\\/www.anovapeneira.gal\\\/#organization\"},\"potentialAction\":[{\"@type\":\"SearchAction\",\"target\":{\"@type\":\"EntryPoint\",\"urlTemplate\":\"https:\\\/\\\/www.anovapeneira.gal\\\/?s={search_term_string}\"},\"query-input\":{\"@type\":\"PropertyValueSpecification\",\"valueRequired\":true,\"valueName\":\"search_term_string\"}}],\"inLanguage\":\"gl-ES\"},{\"@type\":\"Organization\",\"@id\":\"https:\\\/\\\/www.anovapeneira.gal\\\/#organization\",\"name\":\"A Nova Peneira\",\"url\":\"https:\\\/\\\/www.anovapeneira.gal\\\/\",\"logo\":{\"@type\":\"ImageObject\",\"inLanguage\":\"gl-ES\",\"@id\":\"https:\\\/\\\/www.anovapeneira.gal\\\/#\\\/schema\\\/logo\\\/image\\\/\",\"url\":\"http:\\\/\\\/www.anovapeneira.gal\\\/wp-content\\\/uploads\\\/2019\\\/06\\\/logo_a_nova_peneira_portal_web.png\",\"contentUrl\":\"http:\\\/\\\/www.anovapeneira.gal\\\/wp-content\\\/uploads\\\/2019\\\/06\\\/logo_a_nova_peneira_portal_web.png\",\"width\":300,\"height\":100,\"caption\":\"A Nova Peneira\"},\"image\":{\"@id\":\"https:\\\/\\\/www.anovapeneira.gal\\\/#\\\/schema\\\/logo\\\/image\\\/\"},\"sameAs\":[\"https:\\\/\\\/www.facebook.com\\\/anovapeneira\",\"https:\\\/\\\/x.com\\\/APeneira\"]},{\"@type\":\"Person\",\"@id\":\"https:\\\/\\\/www.anovapeneira.gal\\\/#\\\/schema\\\/person\\\/b93e3f8932e3f8da96334607eb6ac6aa\",\"name\":\"Redacci\u00f3n A Nova Peneira\",\"image\":{\"@type\":\"ImageObject\",\"inLanguage\":\"gl-ES\",\"@id\":\"https:\\\/\\\/secure.gravatar.com\\\/avatar\\\/c052a2551a06e23fac63626232eaa90abd78dbcf1700fc46a2b2c89fd27b735f?s=96&d=mm&r=g\",\"url\":\"https:\\\/\\\/secure.gravatar.com\\\/avatar\\\/c052a2551a06e23fac63626232eaa90abd78dbcf1700fc46a2b2c89fd27b735f?s=96&d=mm&r=g\",\"contentUrl\":\"https:\\\/\\\/secure.gravatar.com\\\/avatar\\\/c052a2551a06e23fac63626232eaa90abd78dbcf1700fc46a2b2c89fd27b735f?s=96&d=mm&r=g\",\"caption\":\"Redacci\u00f3n A Nova Peneira\"},\"sameAs\":[\"http:\\\/\\\/www.anovapeneira.gal\\\/\"],\"url\":\"https:\\\/\\\/www.anovapeneira.gal\\\/index.php\\\/author\\\/redactor\\\/\"}]}<\/script>\n<!-- \/ Yoast SEO plugin. -->","yoast_head_json":{"title":"Rom\u00e1n Gonz\u00e1lez, novo voceiro provincial de Podemos Pontevedra -","description":"O veci\u00f1o de Mos, Rom\u00e1n Gonz\u00e1lez, concelleiro no consistorio mosense pola plataforma veci\u00f1al Ga\u00f1aMos, ven de ser nomeado voceiro provincial de Podemos Galicia","robots":{"index":"index","follow":"follow","max-snippet":"max-snippet:-1","max-image-preview":"max-image-preview:large","max-video-preview":"max-video-preview:-1"},"canonical":"https:\/\/www.anovapeneira.gal\/index.php\/2021\/03\/15\/roman-gonzalez-novo-voceiro-provincial-de-podemos-pontevedra\/","og_locale":"gl_ES","og_type":"article","og_title":"Rom\u00e1n Gonz\u00e1lez, novo voceiro provincial de Podemos Pontevedra -","og_description":"O veci\u00f1o de Mos, Rom\u00e1n Gonz\u00e1lez, concelleiro no consistorio mosense pola plataforma veci\u00f1al Ga\u00f1aMos, ven de ser nomeado voceiro provincial de Podemos Galicia","og_url":"https:\/\/www.anovapeneira.gal\/index.php\/2021\/03\/15\/roman-gonzalez-novo-voceiro-provincial-de-podemos-pontevedra\/","article_publisher":"https:\/\/www.facebook.com\/anovapeneira","article_published_time":"2021-03-15T09:00:27+00:00","og_image":[{"width":720,"height":432,"url":"https:\/\/www.anovapeneira.gal\/wp-content\/uploads\/2021\/03\/voceiro_podemos_pontevedra.jpg","type":"image\/jpeg"}],"author":"Redacci\u00f3n A Nova Peneira","twitter_card":"summary_large_image","twitter_creator":"@APeneira","twitter_site":"@APeneira","twitter_misc":{"Escrito por":"Redacci\u00f3n A Nova Peneira","Tempo de lectura":"5 minutos"},"schema":{"@context":"https:\/\/schema.org","@graph":[{"@type":"Article","@id":"https:\/\/www.anovapeneira.gal\/index.php\/2021\/03\/15\/roman-gonzalez-novo-voceiro-provincial-de-podemos-pontevedra\/#article","isPartOf":{"@id":"https:\/\/www.anovapeneira.gal\/index.php\/2021\/03\/15\/roman-gonzalez-novo-voceiro-provincial-de-podemos-pontevedra\/"},"author":{"name":"Redacci\u00f3n A Nova Peneira","@id":"https:\/\/www.anovapeneira.gal\/#\/schema\/person\/b93e3f8932e3f8da96334607eb6ac6aa"},"headline":"Rom\u00e1n Gonz\u00e1lez, novo voceiro provincial de Podemos Pontevedra","datePublished":"2021-03-15T09:00:27+00:00","mainEntityOfPage":{"@id":"https:\/\/www.anovapeneira.gal\/index.php\/2021\/03\/15\/roman-gonzalez-novo-voceiro-provincial-de-podemos-pontevedra\/"},"wordCount":1216,"commentCount":0,"publisher":{"@id":"https:\/\/www.anovapeneira.gal\/#organization"},"image":{"@id":"https:\/\/www.anovapeneira.gal\/index.php\/2021\/03\/15\/roman-gonzalez-novo-voceiro-provincial-de-podemos-pontevedra\/#primaryimage"},"thumbnailUrl":"https:\/\/www.anovapeneira.gal\/wp-content\/uploads\/2021\/03\/voceiro_podemos_pontevedra.jpg","keywords":["Concello de Mos","Podemos Pontevedra"],"articleSection":["A Louri\u00f1a"],"inLanguage":"gl-ES","potentialAction":[{"@type":"CommentAction","name":"Comment","target":["https:\/\/www.anovapeneira.gal\/index.php\/2021\/03\/15\/roman-gonzalez-novo-voceiro-provincial-de-podemos-pontevedra\/#respond"]}]},{"@type":"WebPage","@id":"https:\/\/www.anovapeneira.gal\/index.php\/2021\/03\/15\/roman-gonzalez-novo-voceiro-provincial-de-podemos-pontevedra\/","url":"https:\/\/www.anovapeneira.gal\/index.php\/2021\/03\/15\/roman-gonzalez-novo-voceiro-provincial-de-podemos-pontevedra\/","name":"Rom\u00e1n Gonz\u00e1lez, novo voceiro provincial de Podemos Pontevedra -","isPartOf":{"@id":"https:\/\/www.anovapeneira.gal\/#website"},"primaryImageOfPage":{"@id":"https:\/\/www.anovapeneira.gal\/index.php\/2021\/03\/15\/roman-gonzalez-novo-voceiro-provincial-de-podemos-pontevedra\/#primaryimage"},"image":{"@id":"https:\/\/www.anovapeneira.gal\/index.php\/2021\/03\/15\/roman-gonzalez-novo-voceiro-provincial-de-podemos-pontevedra\/#primaryimage"},"thumbnailUrl":"https:\/\/www.anovapeneira.gal\/wp-content\/uploads\/2021\/03\/voceiro_podemos_pontevedra.jpg","datePublished":"2021-03-15T09:00:27+00:00","description":"O veci\u00f1o de Mos, Rom\u00e1n Gonz\u00e1lez, concelleiro no consistorio mosense pola plataforma veci\u00f1al Ga\u00f1aMos, ven de ser nomeado voceiro provincial de Podemos Galicia","breadcrumb":{"@id":"https:\/\/www.anovapeneira.gal\/index.php\/2021\/03\/15\/roman-gonzalez-novo-voceiro-provincial-de-podemos-pontevedra\/#breadcrumb"},"inLanguage":"gl-ES","potentialAction":[{"@type":"ReadAction","target":["https:\/\/www.anovapeneira.gal\/index.php\/2021\/03\/15\/roman-gonzalez-novo-voceiro-provincial-de-podemos-pontevedra\/"]}]},{"@type":"ImageObject","inLanguage":"gl-ES","@id":"https:\/\/www.anovapeneira.gal\/index.php\/2021\/03\/15\/roman-gonzalez-novo-voceiro-provincial-de-podemos-pontevedra\/#primaryimage","url":"https:\/\/www.anovapeneira.gal\/wp-content\/uploads\/2021\/03\/voceiro_podemos_pontevedra.jpg","contentUrl":"https:\/\/www.anovapeneira.gal\/wp-content\/uploads\/2021\/03\/voceiro_podemos_pontevedra.jpg","width":720,"height":432,"caption":"Rom\u00e1n Gonz\u00e1lez, novo voceiro provincial de Podemos Pontevedra"},{"@type":"BreadcrumbList","@id":"https:\/\/www.anovapeneira.gal\/index.php\/2021\/03\/15\/roman-gonzalez-novo-voceiro-provincial-de-podemos-pontevedra\/#breadcrumb","itemListElement":[{"@type":"ListItem","position":1,"name":"Portada","item":"https:\/\/www.anovapeneira.gal\/"},{"@type":"ListItem","position":2,"name":"Rom\u00e1n Gonz\u00e1lez, novo voceiro provincial de Podemos Pontevedra"}]},{"@type":"WebSite","@id":"https:\/\/www.anovapeneira.gal\/#website","url":"https:\/\/www.anovapeneira.gal\/","name":"","description":"Xornal galego de informaci\u00f3n xeral Publicaci\u00f3n mensual de novas de Galicia e en especial dos Concellos da sur da provincia de Pontevedra.","publisher":{"@id":"https:\/\/www.anovapeneira.gal\/#organization"},"potentialAction":[{"@type":"SearchAction","target":{"@type":"EntryPoint","urlTemplate":"https:\/\/www.anovapeneira.gal\/?s={search_term_string}"},"query-input":{"@type":"PropertyValueSpecification","valueRequired":true,"valueName":"search_term_string"}}],"inLanguage":"gl-ES"},{"@type":"Organization","@id":"https:\/\/www.anovapeneira.gal\/#organization","name":"A Nova Peneira","url":"https:\/\/www.anovapeneira.gal\/","logo":{"@type":"ImageObject","inLanguage":"gl-ES","@id":"https:\/\/www.anovapeneira.gal\/#\/schema\/logo\/image\/","url":"http:\/\/www.anovapeneira.gal\/wp-content\/uploads\/2019\/06\/logo_a_nova_peneira_portal_web.png","contentUrl":"http:\/\/www.anovapeneira.gal\/wp-content\/uploads\/2019\/06\/logo_a_nova_peneira_portal_web.png","width":300,"height":100,"caption":"A Nova Peneira"},"image":{"@id":"https:\/\/www.anovapeneira.gal\/#\/schema\/logo\/image\/"},"sameAs":["https:\/\/www.facebook.com\/anovapeneira","https:\/\/x.com\/APeneira"]},{"@type":"Person","@id":"https:\/\/www.anovapeneira.gal\/#\/schema\/person\/b93e3f8932e3f8da96334607eb6ac6aa","name":"Redacci\u00f3n A Nova Peneira","image":{"@type":"ImageObject","inLanguage":"gl-ES","@id":"https:\/\/secure.gravatar.com\/avatar\/c052a2551a06e23fac63626232eaa90abd78dbcf1700fc46a2b2c89fd27b735f?s=96&d=mm&r=g","url":"https:\/\/secure.gravatar.com\/avatar\/c052a2551a06e23fac63626232eaa90abd78dbcf1700fc46a2b2c89fd27b735f?s=96&d=mm&r=g","contentUrl":"https:\/\/secure.gravatar.com\/avatar\/c052a2551a06e23fac63626232eaa90abd78dbcf1700fc46a2b2c89fd27b735f?s=96&d=mm&r=g","caption":"Redacci\u00f3n A Nova Peneira"},"sameAs":["http:\/\/www.anovapeneira.gal\/"],"url":"https:\/\/www.anovapeneira.gal\/index.php\/author\/redactor\/"}]}},"jetpack_featured_media_url":"https:\/\/www.anovapeneira.gal\/wp-content\/uploads\/2021\/03\/voceiro_podemos_pontevedra.jpg","_links":{"self":[{"href":"https:\/\/www.anovapeneira.gal\/index.php\/wp-json\/wp\/v2\/posts\/5018","targetHints":{"allow":["GET"]}}],"collection":[{"href":"https:\/\/www.anovapeneira.gal\/index.php\/wp-json\/wp\/v2\/posts"}],"about":[{"href":"https:\/\/www.anovapeneira.gal\/index.php\/wp-json\/wp\/v2\/types\/post"}],"author":[{"embeddable":true,"href":"https:\/\/www.anovapeneira.gal\/index.php\/wp-json\/wp\/v2\/users\/3"}],"replies":[{"embeddable":true,"href":"https:\/\/www.anovapeneira.gal\/index.php\/wp-json\/wp\/v2\/comments?post=5018"}],"version-history":[{"count":1,"href":"https:\/\/www.anovapeneira.gal\/index.php\/wp-json\/wp\/v2\/posts\/5018\/revisions"}],"predecessor-version":[{"id":5020,"href":"https:\/\/www.anovapeneira.gal\/index.php\/wp-json\/wp\/v2\/posts\/5018\/revisions\/5020"}],"wp:featuredmedia":[{"embeddable":true,"href":"https:\/\/www.anovapeneira.gal\/index.php\/wp-json\/wp\/v2\/media\/5019"}],"wp:attachment":[{"href":"https:\/\/www.anovapeneira.gal\/index.php\/wp-json\/wp\/v2\/media?parent=5018"}],"wp:term":[{"taxonomy":"category","embeddable":true,"href":"https:\/\/www.anovapeneira.gal\/index.php\/wp-json\/wp\/v2\/categories?post=5018"},{"taxonomy":"post_tag","embeddable":true,"href":"https:\/\/www.anovapeneira.gal\/index.php\/wp-json\/wp\/v2\/tags?post=5018"}],"curies":[{"name":"wp","href":"https:\/\/api.w.org\/{rel}","templated":true}]}}