{"id":5021,"date":"2021-03-10T10:00:19","date_gmt":"2021-03-10T09:00:19","guid":{"rendered":"http:\/\/www.anovapeneira.gal\/?p=5021"},"modified":"2021-03-13T08:14:51","modified_gmt":"2021-03-13T07:14:51","slug":"morre-pepe-pei-eterno-xornalista-superlativo","status":"publish","type":"post","link":"https:\/\/www.anovapeneira.gal\/index.php\/2021\/03\/10\/morre-pepe-pei-eterno-xornalista-superlativo\/","title":{"rendered":"Morre Pepe Pei, eterno xornalista superlativo"},"content":{"rendered":"\n<p>A finais do ano pasado o xefe do estado espa\u00f1ol entregaba un premio de xornalismo a un profesional claramente situado nas posici\u00f3ns ideol\u00f3xicas da dereita espa\u00f1ola. \u00c9, por descontado, moi l\u00edcito que cada un se sit\u00fae nas posici\u00f3ns que estime oportunas, e desde logo que \u00e9 absolutamente lex\u00edtimo que desde o poder se premie a quen libre e voluntariamente decide p\u00f3rse de lado do poder, e defender aos poderosos. Pero o que resulta censurable, por falaz e por ser unha apropiaci\u00f3n indebida de valores dos que carece nin quen entrega o premio nin o premiado, \u00e9 o suposto argumento que trata de xustificar o galard\u00f3n \u201c&#8230;.es todo lo inc\u00f3modo que puede resultar un periodista no alineado, neutral y de esp\u00edritu cr\u00edtico\u201d dic\u00eda o Rei de Espa\u00f1a sobre o xornalista premiado. Pois non, nin \u00e9 inc\u00f3modo, nin \u00e9 non ali\u00f1ado, nin \u00e9 neutral nin \u00e9 cr\u00edtico\u201d, sen\u00f3n todo o contrario de todos os adxectivos que lle son atribu\u00eddos. Esas virtudes si as ti\u00f1a, e en grado superlativo o xornalista Pepe Rei, falecido o pasado d\u00eda 9 deste mes de marzo. E abof\u00e9 que tivo que pagar un prezo moi duro pola s\u00faa integridade moral, pola s\u00faa incansable procura de verdade e por ser un xornalista con mai\u00fasculas. El era galego, naceu en 1.947 na comarca do Ribeiro, no Concello de Cenlle. Estivo en distintos medios de comunicaci\u00f3n ao longo do estado ata que chega ao seu pa\u00eds de adopci\u00f3n, Euskadi. Al\u00ed, nos anos 90 incorp\u00f3rase ao xornal Egin do que foi redactor xefe e impulsor do seu equipo de investigaci\u00f3n. No ano 1.994 foi detido acusado de proporcionar informaci\u00f3n a ETA. Foi absolto en 1.997.Em 1.999 a xustiza espa\u00f1ola pecha cautelarmente o seu xornal e Pepe Rei \u00e9 detido de novo. No ano 2.001 \u00e9 posto en liberdade e un ano despois sofre un grave accidente de tr\u00e1fico que lle ocasiona problemas diversos que finalmente acabaron coa s\u00faa vida este mes de marzo.<\/p>\n\n\n\n<p>Entre a s\u00faa inxente labor de investigaci\u00f3n destacan as s\u00faas denuncias sobre as supostas pr\u00e1cticas que se daban no interior do cuartel de Intxaurrondo. Al\u00e9n de articulista , Pepe Rei, foi tam\u00e9n autor de varios libros como por exemplo \u201cLa red Galindo\u201d , \u201cLa cloaca vasca \u201c \u201cAlcal\u00e1-20-N\u201d ou \u201cEl Jesuita\u201d.Que a terra lle sexa leve a Pepe Rei, e que o seu traballo sexa semente para que alg\u00fan d\u00eda, alg\u00fan xefe de estado premie a xornalistas cr\u00edticos, neutrais , non ali\u00f1ados e inc\u00f3modos de verdade.<\/p>\n","protected":false},"excerpt":{"rendered":"<div class=\"mh-excerpt\"><p>A finais do ano pasado o xefe do estado espa\u00f1ol entregaba un premio de xornalismo a un profesional claramente situado nas posici\u00f3ns ideol\u00f3xicas da dereita espa\u00f1ola. \u00c9, por descontado, moi l\u00edcito que cada un se sit\u00fae nas posici\u00f3ns que estime oportunas, e desde logo que \u00e9 absolutamente lex\u00edtimo que desde o poder se premie a quen libre e voluntariamente decide p\u00f3rse de lado do poder, e defender aos poderosos <a class=\"mh-excerpt-more\" href=\"https:\/\/www.anovapeneira.gal\/index.php\/2021\/03\/10\/morre-pepe-pei-eterno-xornalista-superlativo\/\" title=\"Morre Pepe Pei, eterno xornalista superlativo\">[&#8230;]<\/a><\/p>\n<\/div>","protected":false},"author":3,"featured_media":5022,"comment_status":"open","ping_status":"open","sticky":false,"template":"","format":"standard","meta":{"_exactmetrics_skip_tracking":false,"_exactmetrics_sitenote_active":false,"_exactmetrics_sitenote_note":"","_exactmetrics_sitenote_category":0,"footnotes":""},"categories":[1226],"tags":[1241],"class_list":{"0":"post-5021","1":"post","2":"type-post","3":"status-publish","4":"format-standard","5":"has-post-thumbnail","7":"category-ribadavia","8":"tag-concello-de-cenlle"},"yoast_head":"<!-- This site is optimized with the Yoast SEO plugin v27.4 - https:\/\/yoast.com\/product\/yoast-seo-wordpress\/ -->\n<title>Morre Pepe Pei, eterno xornalista superlativo -<\/title>\n<meta name=\"description\" content=\"A finais do ano pasado o xefe do estado espa\u00f1ol entregaba un premio de xornalismo a un profesional claramente situado nas posici\u00f3ns ideol\u00f3xicas da dereita espa\u00f1ola. \u00c9, por descontado, moi l\u00edcito que cada un se sit\u00fae nas posici\u00f3ns que estime oportunas, e desde logo que \u00e9 absolutamente lex\u00edtimo que desde o poder se premie a quen libre e voluntariamente decide p\u00f3rse de lado do poder, e defender aos poderosos\" \/>\n<meta name=\"robots\" content=\"index, follow, max-snippet:-1, max-image-preview:large, max-video-preview:-1\" \/>\n<link rel=\"canonical\" href=\"https:\/\/www.anovapeneira.gal\/index.php\/2021\/03\/10\/morre-pepe-pei-eterno-xornalista-superlativo\/\" \/>\n<meta property=\"og:locale\" content=\"gl_ES\" \/>\n<meta property=\"og:type\" content=\"article\" \/>\n<meta property=\"og:title\" content=\"Morre Pepe Pei, eterno xornalista superlativo -\" \/>\n<meta property=\"og:description\" content=\"A finais do ano pasado o xefe do estado espa\u00f1ol entregaba un premio de xornalismo a un profesional claramente situado nas posici\u00f3ns ideol\u00f3xicas da dereita espa\u00f1ola. \u00c9, por descontado, moi l\u00edcito que cada un se sit\u00fae nas posici\u00f3ns que estime oportunas, e desde logo que \u00e9 absolutamente lex\u00edtimo que desde o poder se premie a quen libre e voluntariamente decide p\u00f3rse de lado do poder, e defender aos poderosos\" \/>\n<meta property=\"og:url\" content=\"https:\/\/www.anovapeneira.gal\/index.php\/2021\/03\/10\/morre-pepe-pei-eterno-xornalista-superlativo\/\" \/>\n<meta property=\"article:publisher\" content=\"https:\/\/www.facebook.com\/anovapeneira\" \/>\n<meta property=\"article:published_time\" content=\"2021-03-10T09:00:19+00:00\" \/>\n<meta property=\"article:modified_time\" content=\"2021-03-13T07:14:51+00:00\" \/>\n<meta property=\"og:image\" content=\"https:\/\/www.anovapeneira.gal\/wp-content\/uploads\/2021\/03\/pepe_rei.jpg\" \/>\n\t<meta property=\"og:image:width\" content=\"720\" \/>\n\t<meta property=\"og:image:height\" content=\"432\" \/>\n\t<meta property=\"og:image:type\" content=\"image\/jpeg\" \/>\n<meta name=\"author\" content=\"Redacci\u00f3n A Nova Peneira\" \/>\n<meta name=\"twitter:card\" content=\"summary_large_image\" \/>\n<meta name=\"twitter:creator\" content=\"@APeneira\" \/>\n<meta name=\"twitter:site\" content=\"@APeneira\" \/>\n<meta name=\"twitter:label1\" content=\"Escrito por\" \/>\n\t<meta name=\"twitter:data1\" content=\"Redacci\u00f3n A Nova Peneira\" \/>\n\t<meta name=\"twitter:label2\" content=\"Tempo de lectura\" \/>\n\t<meta name=\"twitter:data2\" content=\"2 minutos\" \/>\n<script type=\"application\/ld+json\" class=\"yoast-schema-graph\">{\"@context\":\"https:\\\/\\\/schema.org\",\"@graph\":[{\"@type\":\"Article\",\"@id\":\"https:\\\/\\\/www.anovapeneira.gal\\\/index.php\\\/2021\\\/03\\\/10\\\/morre-pepe-pei-eterno-xornalista-superlativo\\\/#article\",\"isPartOf\":{\"@id\":\"https:\\\/\\\/www.anovapeneira.gal\\\/index.php\\\/2021\\\/03\\\/10\\\/morre-pepe-pei-eterno-xornalista-superlativo\\\/\"},\"author\":{\"name\":\"Redacci\u00f3n A Nova Peneira\",\"@id\":\"https:\\\/\\\/www.anovapeneira.gal\\\/#\\\/schema\\\/person\\\/b93e3f8932e3f8da96334607eb6ac6aa\"},\"headline\":\"Morre Pepe Pei, eterno xornalista superlativo\",\"datePublished\":\"2021-03-10T09:00:19+00:00\",\"dateModified\":\"2021-03-13T07:14:51+00:00\",\"mainEntityOfPage\":{\"@id\":\"https:\\\/\\\/www.anovapeneira.gal\\\/index.php\\\/2021\\\/03\\\/10\\\/morre-pepe-pei-eterno-xornalista-superlativo\\\/\"},\"wordCount\":445,\"commentCount\":0,\"publisher\":{\"@id\":\"https:\\\/\\\/www.anovapeneira.gal\\\/#organization\"},\"image\":{\"@id\":\"https:\\\/\\\/www.anovapeneira.gal\\\/index.php\\\/2021\\\/03\\\/10\\\/morre-pepe-pei-eterno-xornalista-superlativo\\\/#primaryimage\"},\"thumbnailUrl\":\"https:\\\/\\\/www.anovapeneira.gal\\\/wp-content\\\/uploads\\\/2021\\\/03\\\/pepe_rei.jpg\",\"keywords\":[\"Concello de Cenlle\"],\"articleSection\":[\"Ribadavia\"],\"inLanguage\":\"gl-ES\",\"potentialAction\":[{\"@type\":\"CommentAction\",\"name\":\"Comment\",\"target\":[\"https:\\\/\\\/www.anovapeneira.gal\\\/index.php\\\/2021\\\/03\\\/10\\\/morre-pepe-pei-eterno-xornalista-superlativo\\\/#respond\"]}]},{\"@type\":\"WebPage\",\"@id\":\"https:\\\/\\\/www.anovapeneira.gal\\\/index.php\\\/2021\\\/03\\\/10\\\/morre-pepe-pei-eterno-xornalista-superlativo\\\/\",\"url\":\"https:\\\/\\\/www.anovapeneira.gal\\\/index.php\\\/2021\\\/03\\\/10\\\/morre-pepe-pei-eterno-xornalista-superlativo\\\/\",\"name\":\"Morre Pepe Pei, eterno xornalista superlativo -\",\"isPartOf\":{\"@id\":\"https:\\\/\\\/www.anovapeneira.gal\\\/#website\"},\"primaryImageOfPage\":{\"@id\":\"https:\\\/\\\/www.anovapeneira.gal\\\/index.php\\\/2021\\\/03\\\/10\\\/morre-pepe-pei-eterno-xornalista-superlativo\\\/#primaryimage\"},\"image\":{\"@id\":\"https:\\\/\\\/www.anovapeneira.gal\\\/index.php\\\/2021\\\/03\\\/10\\\/morre-pepe-pei-eterno-xornalista-superlativo\\\/#primaryimage\"},\"thumbnailUrl\":\"https:\\\/\\\/www.anovapeneira.gal\\\/wp-content\\\/uploads\\\/2021\\\/03\\\/pepe_rei.jpg\",\"datePublished\":\"2021-03-10T09:00:19+00:00\",\"dateModified\":\"2021-03-13T07:14:51+00:00\",\"description\":\"A finais do ano pasado o xefe do estado espa\u00f1ol entregaba un premio de xornalismo a un profesional claramente situado nas posici\u00f3ns ideol\u00f3xicas da dereita espa\u00f1ola. \u00c9, por descontado, moi l\u00edcito que cada un se sit\u00fae nas posici\u00f3ns que estime oportunas, e desde logo que \u00e9 absolutamente lex\u00edtimo que desde o poder se premie a quen libre e voluntariamente decide p\u00f3rse de lado do poder, e defender aos poderosos\",\"breadcrumb\":{\"@id\":\"https:\\\/\\\/www.anovapeneira.gal\\\/index.php\\\/2021\\\/03\\\/10\\\/morre-pepe-pei-eterno-xornalista-superlativo\\\/#breadcrumb\"},\"inLanguage\":\"gl-ES\",\"potentialAction\":[{\"@type\":\"ReadAction\",\"target\":[\"https:\\\/\\\/www.anovapeneira.gal\\\/index.php\\\/2021\\\/03\\\/10\\\/morre-pepe-pei-eterno-xornalista-superlativo\\\/\"]}]},{\"@type\":\"ImageObject\",\"inLanguage\":\"gl-ES\",\"@id\":\"https:\\\/\\\/www.anovapeneira.gal\\\/index.php\\\/2021\\\/03\\\/10\\\/morre-pepe-pei-eterno-xornalista-superlativo\\\/#primaryimage\",\"url\":\"https:\\\/\\\/www.anovapeneira.gal\\\/wp-content\\\/uploads\\\/2021\\\/03\\\/pepe_rei.jpg\",\"contentUrl\":\"https:\\\/\\\/www.anovapeneira.gal\\\/wp-content\\\/uploads\\\/2021\\\/03\\\/pepe_rei.jpg\",\"width\":720,\"height\":432,\"caption\":\"Morre Pepe Pei, eterno xornalista superlativo\"},{\"@type\":\"BreadcrumbList\",\"@id\":\"https:\\\/\\\/www.anovapeneira.gal\\\/index.php\\\/2021\\\/03\\\/10\\\/morre-pepe-pei-eterno-xornalista-superlativo\\\/#breadcrumb\",\"itemListElement\":[{\"@type\":\"ListItem\",\"position\":1,\"name\":\"Portada\",\"item\":\"https:\\\/\\\/www.anovapeneira.gal\\\/\"},{\"@type\":\"ListItem\",\"position\":2,\"name\":\"Morre Pepe Pei, eterno xornalista superlativo\"}]},{\"@type\":\"WebSite\",\"@id\":\"https:\\\/\\\/www.anovapeneira.gal\\\/#website\",\"url\":\"https:\\\/\\\/www.anovapeneira.gal\\\/\",\"name\":\"\",\"description\":\"Xornal galego de informaci\u00f3n xeral Publicaci\u00f3n mensual de novas de Galicia e en especial dos Concellos da sur da provincia de Pontevedra.\",\"publisher\":{\"@id\":\"https:\\\/\\\/www.anovapeneira.gal\\\/#organization\"},\"potentialAction\":[{\"@type\":\"SearchAction\",\"target\":{\"@type\":\"EntryPoint\",\"urlTemplate\":\"https:\\\/\\\/www.anovapeneira.gal\\\/?s={search_term_string}\"},\"query-input\":{\"@type\":\"PropertyValueSpecification\",\"valueRequired\":true,\"valueName\":\"search_term_string\"}}],\"inLanguage\":\"gl-ES\"},{\"@type\":\"Organization\",\"@id\":\"https:\\\/\\\/www.anovapeneira.gal\\\/#organization\",\"name\":\"A Nova Peneira\",\"url\":\"https:\\\/\\\/www.anovapeneira.gal\\\/\",\"logo\":{\"@type\":\"ImageObject\",\"inLanguage\":\"gl-ES\",\"@id\":\"https:\\\/\\\/www.anovapeneira.gal\\\/#\\\/schema\\\/logo\\\/image\\\/\",\"url\":\"http:\\\/\\\/www.anovapeneira.gal\\\/wp-content\\\/uploads\\\/2019\\\/06\\\/logo_a_nova_peneira_portal_web.png\",\"contentUrl\":\"http:\\\/\\\/www.anovapeneira.gal\\\/wp-content\\\/uploads\\\/2019\\\/06\\\/logo_a_nova_peneira_portal_web.png\",\"width\":300,\"height\":100,\"caption\":\"A Nova Peneira\"},\"image\":{\"@id\":\"https:\\\/\\\/www.anovapeneira.gal\\\/#\\\/schema\\\/logo\\\/image\\\/\"},\"sameAs\":[\"https:\\\/\\\/www.facebook.com\\\/anovapeneira\",\"https:\\\/\\\/x.com\\\/APeneira\"]},{\"@type\":\"Person\",\"@id\":\"https:\\\/\\\/www.anovapeneira.gal\\\/#\\\/schema\\\/person\\\/b93e3f8932e3f8da96334607eb6ac6aa\",\"name\":\"Redacci\u00f3n A Nova Peneira\",\"image\":{\"@type\":\"ImageObject\",\"inLanguage\":\"gl-ES\",\"@id\":\"https:\\\/\\\/secure.gravatar.com\\\/avatar\\\/c052a2551a06e23fac63626232eaa90abd78dbcf1700fc46a2b2c89fd27b735f?s=96&d=mm&r=g\",\"url\":\"https:\\\/\\\/secure.gravatar.com\\\/avatar\\\/c052a2551a06e23fac63626232eaa90abd78dbcf1700fc46a2b2c89fd27b735f?s=96&d=mm&r=g\",\"contentUrl\":\"https:\\\/\\\/secure.gravatar.com\\\/avatar\\\/c052a2551a06e23fac63626232eaa90abd78dbcf1700fc46a2b2c89fd27b735f?s=96&d=mm&r=g\",\"caption\":\"Redacci\u00f3n A Nova Peneira\"},\"sameAs\":[\"http:\\\/\\\/www.anovapeneira.gal\\\/\"],\"url\":\"https:\\\/\\\/www.anovapeneira.gal\\\/index.php\\\/author\\\/redactor\\\/\"}]}<\/script>\n<!-- \/ Yoast SEO plugin. -->","yoast_head_json":{"title":"Morre Pepe Pei, eterno xornalista superlativo -","description":"A finais do ano pasado o xefe do estado espa\u00f1ol entregaba un premio de xornalismo a un profesional claramente situado nas posici\u00f3ns ideol\u00f3xicas da dereita espa\u00f1ola. \u00c9, por descontado, moi l\u00edcito que cada un se sit\u00fae nas posici\u00f3ns que estime oportunas, e desde logo que \u00e9 absolutamente lex\u00edtimo que desde o poder se premie a quen libre e voluntariamente decide p\u00f3rse de lado do poder, e defender aos poderosos","robots":{"index":"index","follow":"follow","max-snippet":"max-snippet:-1","max-image-preview":"max-image-preview:large","max-video-preview":"max-video-preview:-1"},"canonical":"https:\/\/www.anovapeneira.gal\/index.php\/2021\/03\/10\/morre-pepe-pei-eterno-xornalista-superlativo\/","og_locale":"gl_ES","og_type":"article","og_title":"Morre Pepe Pei, eterno xornalista superlativo -","og_description":"A finais do ano pasado o xefe do estado espa\u00f1ol entregaba un premio de xornalismo a un profesional claramente situado nas posici\u00f3ns ideol\u00f3xicas da dereita espa\u00f1ola. \u00c9, por descontado, moi l\u00edcito que cada un se sit\u00fae nas posici\u00f3ns que estime oportunas, e desde logo que \u00e9 absolutamente lex\u00edtimo que desde o poder se premie a quen libre e voluntariamente decide p\u00f3rse de lado do poder, e defender aos poderosos","og_url":"https:\/\/www.anovapeneira.gal\/index.php\/2021\/03\/10\/morre-pepe-pei-eterno-xornalista-superlativo\/","article_publisher":"https:\/\/www.facebook.com\/anovapeneira","article_published_time":"2021-03-10T09:00:19+00:00","article_modified_time":"2021-03-13T07:14:51+00:00","og_image":[{"width":720,"height":432,"url":"https:\/\/www.anovapeneira.gal\/wp-content\/uploads\/2021\/03\/pepe_rei.jpg","type":"image\/jpeg"}],"author":"Redacci\u00f3n A Nova Peneira","twitter_card":"summary_large_image","twitter_creator":"@APeneira","twitter_site":"@APeneira","twitter_misc":{"Escrito por":"Redacci\u00f3n A Nova Peneira","Tempo de lectura":"2 minutos"},"schema":{"@context":"https:\/\/schema.org","@graph":[{"@type":"Article","@id":"https:\/\/www.anovapeneira.gal\/index.php\/2021\/03\/10\/morre-pepe-pei-eterno-xornalista-superlativo\/#article","isPartOf":{"@id":"https:\/\/www.anovapeneira.gal\/index.php\/2021\/03\/10\/morre-pepe-pei-eterno-xornalista-superlativo\/"},"author":{"name":"Redacci\u00f3n A Nova Peneira","@id":"https:\/\/www.anovapeneira.gal\/#\/schema\/person\/b93e3f8932e3f8da96334607eb6ac6aa"},"headline":"Morre Pepe Pei, eterno xornalista superlativo","datePublished":"2021-03-10T09:00:19+00:00","dateModified":"2021-03-13T07:14:51+00:00","mainEntityOfPage":{"@id":"https:\/\/www.anovapeneira.gal\/index.php\/2021\/03\/10\/morre-pepe-pei-eterno-xornalista-superlativo\/"},"wordCount":445,"commentCount":0,"publisher":{"@id":"https:\/\/www.anovapeneira.gal\/#organization"},"image":{"@id":"https:\/\/www.anovapeneira.gal\/index.php\/2021\/03\/10\/morre-pepe-pei-eterno-xornalista-superlativo\/#primaryimage"},"thumbnailUrl":"https:\/\/www.anovapeneira.gal\/wp-content\/uploads\/2021\/03\/pepe_rei.jpg","keywords":["Concello de Cenlle"],"articleSection":["Ribadavia"],"inLanguage":"gl-ES","potentialAction":[{"@type":"CommentAction","name":"Comment","target":["https:\/\/www.anovapeneira.gal\/index.php\/2021\/03\/10\/morre-pepe-pei-eterno-xornalista-superlativo\/#respond"]}]},{"@type":"WebPage","@id":"https:\/\/www.anovapeneira.gal\/index.php\/2021\/03\/10\/morre-pepe-pei-eterno-xornalista-superlativo\/","url":"https:\/\/www.anovapeneira.gal\/index.php\/2021\/03\/10\/morre-pepe-pei-eterno-xornalista-superlativo\/","name":"Morre Pepe Pei, eterno xornalista superlativo -","isPartOf":{"@id":"https:\/\/www.anovapeneira.gal\/#website"},"primaryImageOfPage":{"@id":"https:\/\/www.anovapeneira.gal\/index.php\/2021\/03\/10\/morre-pepe-pei-eterno-xornalista-superlativo\/#primaryimage"},"image":{"@id":"https:\/\/www.anovapeneira.gal\/index.php\/2021\/03\/10\/morre-pepe-pei-eterno-xornalista-superlativo\/#primaryimage"},"thumbnailUrl":"https:\/\/www.anovapeneira.gal\/wp-content\/uploads\/2021\/03\/pepe_rei.jpg","datePublished":"2021-03-10T09:00:19+00:00","dateModified":"2021-03-13T07:14:51+00:00","description":"A finais do ano pasado o xefe do estado espa\u00f1ol entregaba un premio de xornalismo a un profesional claramente situado nas posici\u00f3ns ideol\u00f3xicas da dereita espa\u00f1ola. \u00c9, por descontado, moi l\u00edcito que cada un se sit\u00fae nas posici\u00f3ns que estime oportunas, e desde logo que \u00e9 absolutamente lex\u00edtimo que desde o poder se premie a quen libre e voluntariamente decide p\u00f3rse de lado do poder, e defender aos poderosos","breadcrumb":{"@id":"https:\/\/www.anovapeneira.gal\/index.php\/2021\/03\/10\/morre-pepe-pei-eterno-xornalista-superlativo\/#breadcrumb"},"inLanguage":"gl-ES","potentialAction":[{"@type":"ReadAction","target":["https:\/\/www.anovapeneira.gal\/index.php\/2021\/03\/10\/morre-pepe-pei-eterno-xornalista-superlativo\/"]}]},{"@type":"ImageObject","inLanguage":"gl-ES","@id":"https:\/\/www.anovapeneira.gal\/index.php\/2021\/03\/10\/morre-pepe-pei-eterno-xornalista-superlativo\/#primaryimage","url":"https:\/\/www.anovapeneira.gal\/wp-content\/uploads\/2021\/03\/pepe_rei.jpg","contentUrl":"https:\/\/www.anovapeneira.gal\/wp-content\/uploads\/2021\/03\/pepe_rei.jpg","width":720,"height":432,"caption":"Morre Pepe Pei, eterno xornalista superlativo"},{"@type":"BreadcrumbList","@id":"https:\/\/www.anovapeneira.gal\/index.php\/2021\/03\/10\/morre-pepe-pei-eterno-xornalista-superlativo\/#breadcrumb","itemListElement":[{"@type":"ListItem","position":1,"name":"Portada","item":"https:\/\/www.anovapeneira.gal\/"},{"@type":"ListItem","position":2,"name":"Morre Pepe Pei, eterno xornalista superlativo"}]},{"@type":"WebSite","@id":"https:\/\/www.anovapeneira.gal\/#website","url":"https:\/\/www.anovapeneira.gal\/","name":"","description":"Xornal galego de informaci\u00f3n xeral Publicaci\u00f3n mensual de novas de Galicia e en especial dos Concellos da sur da provincia de Pontevedra.","publisher":{"@id":"https:\/\/www.anovapeneira.gal\/#organization"},"potentialAction":[{"@type":"SearchAction","target":{"@type":"EntryPoint","urlTemplate":"https:\/\/www.anovapeneira.gal\/?s={search_term_string}"},"query-input":{"@type":"PropertyValueSpecification","valueRequired":true,"valueName":"search_term_string"}}],"inLanguage":"gl-ES"},{"@type":"Organization","@id":"https:\/\/www.anovapeneira.gal\/#organization","name":"A Nova Peneira","url":"https:\/\/www.anovapeneira.gal\/","logo":{"@type":"ImageObject","inLanguage":"gl-ES","@id":"https:\/\/www.anovapeneira.gal\/#\/schema\/logo\/image\/","url":"http:\/\/www.anovapeneira.gal\/wp-content\/uploads\/2019\/06\/logo_a_nova_peneira_portal_web.png","contentUrl":"http:\/\/www.anovapeneira.gal\/wp-content\/uploads\/2019\/06\/logo_a_nova_peneira_portal_web.png","width":300,"height":100,"caption":"A Nova Peneira"},"image":{"@id":"https:\/\/www.anovapeneira.gal\/#\/schema\/logo\/image\/"},"sameAs":["https:\/\/www.facebook.com\/anovapeneira","https:\/\/x.com\/APeneira"]},{"@type":"Person","@id":"https:\/\/www.anovapeneira.gal\/#\/schema\/person\/b93e3f8932e3f8da96334607eb6ac6aa","name":"Redacci\u00f3n A Nova Peneira","image":{"@type":"ImageObject","inLanguage":"gl-ES","@id":"https:\/\/secure.gravatar.com\/avatar\/c052a2551a06e23fac63626232eaa90abd78dbcf1700fc46a2b2c89fd27b735f?s=96&d=mm&r=g","url":"https:\/\/secure.gravatar.com\/avatar\/c052a2551a06e23fac63626232eaa90abd78dbcf1700fc46a2b2c89fd27b735f?s=96&d=mm&r=g","contentUrl":"https:\/\/secure.gravatar.com\/avatar\/c052a2551a06e23fac63626232eaa90abd78dbcf1700fc46a2b2c89fd27b735f?s=96&d=mm&r=g","caption":"Redacci\u00f3n A Nova Peneira"},"sameAs":["http:\/\/www.anovapeneira.gal\/"],"url":"https:\/\/www.anovapeneira.gal\/index.php\/author\/redactor\/"}]}},"jetpack_featured_media_url":"https:\/\/www.anovapeneira.gal\/wp-content\/uploads\/2021\/03\/pepe_rei.jpg","_links":{"self":[{"href":"https:\/\/www.anovapeneira.gal\/index.php\/wp-json\/wp\/v2\/posts\/5021","targetHints":{"allow":["GET"]}}],"collection":[{"href":"https:\/\/www.anovapeneira.gal\/index.php\/wp-json\/wp\/v2\/posts"}],"about":[{"href":"https:\/\/www.anovapeneira.gal\/index.php\/wp-json\/wp\/v2\/types\/post"}],"author":[{"embeddable":true,"href":"https:\/\/www.anovapeneira.gal\/index.php\/wp-json\/wp\/v2\/users\/3"}],"replies":[{"embeddable":true,"href":"https:\/\/www.anovapeneira.gal\/index.php\/wp-json\/wp\/v2\/comments?post=5021"}],"version-history":[{"count":1,"href":"https:\/\/www.anovapeneira.gal\/index.php\/wp-json\/wp\/v2\/posts\/5021\/revisions"}],"predecessor-version":[{"id":5023,"href":"https:\/\/www.anovapeneira.gal\/index.php\/wp-json\/wp\/v2\/posts\/5021\/revisions\/5023"}],"wp:featuredmedia":[{"embeddable":true,"href":"https:\/\/www.anovapeneira.gal\/index.php\/wp-json\/wp\/v2\/media\/5022"}],"wp:attachment":[{"href":"https:\/\/www.anovapeneira.gal\/index.php\/wp-json\/wp\/v2\/media?parent=5021"}],"wp:term":[{"taxonomy":"category","embeddable":true,"href":"https:\/\/www.anovapeneira.gal\/index.php\/wp-json\/wp\/v2\/categories?post=5021"},{"taxonomy":"post_tag","embeddable":true,"href":"https:\/\/www.anovapeneira.gal\/index.php\/wp-json\/wp\/v2\/tags?post=5021"}],"curies":[{"name":"wp","href":"https:\/\/api.w.org\/{rel}","templated":true}]}}