{"id":5029,"date":"2021-03-16T12:00:54","date_gmt":"2021-03-16T11:00:54","guid":{"rendered":"http:\/\/www.anovapeneira.gal\/?p=5029"},"modified":"2021-03-13T08:30:31","modified_gmt":"2021-03-13T07:30:31","slug":"victoria-portas-alcaldesa-de-cangas","status":"publish","type":"post","link":"https:\/\/www.anovapeneira.gal\/index.php\/2021\/03\/16\/victoria-portas-alcaldesa-de-cangas\/","title":{"rendered":"Victoria Portas. Alcaldesa de Cangas"},"content":{"rendered":"\n<p>Despois da entrevista que lle fixen a Xose Manue Pazos, o pasado 9 de xaneiro, en ning\u00fan caso pensei que ter\u00eda que volver tan cedo a Cangas a entrevistar a unha nova alcaldesa. Por desgraza Pazos deixounos, e a alcald\u00eda canguesa oc\u00fapaa agora Victoria Portas. Ela \u00e9 a 2\u00ba muller na historia do seu pobo que ten a honra de ser alcaldesa. Victoria \u00e9 unha muller con ampla experiencia no mundo das relaci\u00f3ns laborais, traballou na CIG, e cunha elevada sensibilidade social cara aos colectivos m\u00e1is vulnerables. Afronta a s\u00faa responsabilidade con moita ilusi\u00f3n e folgos, malia que sendo plenamente consciente da tarefa tit\u00e1nica que ten por diante. Ela \u00e9 de talante conciliador e manif\u00e9stase esperanzada en poder traballar en harmon\u00eda con todos os grupos da corporaci\u00f3n canguesa, en especial cos que comparten co seu grupo pol\u00edtico, ACE, a sensibilidade de esquerdas.<\/p>\n\n\n\n<p>\u201c <strong>EU SON DE ESQUERDAS E NACIONALISTA GALEGA,E AO BNG E A AVANTE NON OS SINTO COMO DIFERENTES.TODO O CONTRARIO,S\u00cdNTOOS COMO PARTE DE N\u00d3S\u201d<\/strong><\/p>\n\n\n\n<p><strong>Eu f\u00edxenlle a derradeira entrevista da vida do alcalde Pazos o 9 de xaneiro deste ano, e a verdade, Victoria, non esperaba facerlle outra a unha nova alcaldesa tan pronto. Gustar\u00edame que as t\u00faas primeiras palabras fosen para Pazos?<\/strong><\/p>\n\n\n\n<blockquote class=\"wp-block-quote is-layout-flow wp-block-quote-is-layout-flow\"><p>A inesperada morte de Xose Manuel Pazos, case de s\u00fapeto, foi un golpe brutal para todas e todos. Se penso nel, nas moitas horas que pasei con el, creo que o primeiro que me ven \u00e1 mente por ser un dos seus riscos m\u00e1is salientables era o sentido do humor. Esta caracter\u00edstica de Pazos era incrible para relaxar as situaci\u00f3ns tensas. Incluso nas situaci\u00f3ns enormemente tensas el sempre ti\u00f1a o comentario adecuado para facer sentir c\u00f3moda \u00e1 xente e eliminar as tensi\u00f3ns.<\/p><\/blockquote>\n\n\n\n<p><strong>Con que \u00e1nimos encaras a grande responsabilidade que tiveches que asumir?<\/strong><\/p>\n\n\n\n<blockquote class=\"wp-block-quote is-layout-flow wp-block-quote-is-layout-flow\"><p>Estou moi ilusionada pero son plenamente consciente da dificultade e da enorme responsabilidade. Son a segunda muller alcaldesa de Cangas, despois de Clara Mill\u00e1n. E a mi\u00f1a condici\u00f3n de feminista convencida fixo que este feito pesara para que tomase a decisi\u00f3n de posicionarme. Estou preocupada claro, Cangas \u00e9 un Concello grande, e ten moitas frontes nos que pelexar, pero coa firme intenci\u00f3n de dar o mellor de min mesma en prol do ben com\u00fan da totalidade da veci\u00f1anza.<\/p><\/blockquote>\n\n\n\n<p><strong>Cal \u00e9 a t\u00faa profesi\u00f3n?<\/strong><\/p>\n\n\n\n<blockquote class=\"wp-block-quote is-layout-flow wp-block-quote-is-layout-flow\"><p>Eu son relaci\u00f3ns laborais, e especialiceime en seguridade social emigraci\u00f3n e inmigraci\u00f3n. Traballei en distintos sitios relacionados coa mi\u00f1a profesi\u00f3n, e en definitiva sempre tiven moita relaci\u00f3n co asociacionismo e as relaci\u00f3ns laborais.<\/p><\/blockquote>\n\n\n\n<p><strong>Cando asumiches a alcald\u00eda pediches perd\u00f3n polo \u201cespect\u00e1culo\u201d tan lamentable que a atomizada esquerda canguesa protagonizou antes da t\u00faa elecci\u00f3n como alcaldesa. Esa situaci\u00f3n de guerra fratricida rematou?, ou hai posibilidades de que se volva a desencadear?<\/strong><\/p>\n\n\n\n<blockquote class=\"wp-block-quote is-layout-flow wp-block-quote-is-layout-flow\"><p>Eu creo que nas conversas posteriores \u00e1 morte de Pazos, que ti\u00f1an por obxecto que unha nova persoa asumise a alcald\u00eda, en ocasi\u00f3ns o persoal substitu\u00edu ao pol\u00edtico, houbo dano moral e lidar con iso \u00e9 moi complicado. Unha vez que se chegou ao acordo, eu te\u00f1o claro que son a alcaldesa de toda a veci\u00f1anza , que non vou ter en conta ning\u00fan tipo de conflito do pasado e s\u00f3 quero mirar para adiante co \u00fanico obxectivo de procurar o ben com\u00fan.<\/p><\/blockquote>\n\n\n\n<p><strong>A esquerda pol\u00edtica, por desgraza, sempre tendeu ao cainismo e \u00e1 atomizaci\u00f3n, pero en Cangas, non sei porqu\u00e9, esa tendencia \u00e9 superlativa. Pazos d\u00edxome moitas veces que non quer\u00eda deixar a alcald\u00eda sen que ACE e AVANTE solucionaran as s\u00faas diferenzas. Ti que posici\u00f3n tes ao respecto?<\/strong><\/p>\n\n\n\n<blockquote class=\"wp-block-quote is-layout-flow wp-block-quote-is-layout-flow\"><p>Eu creo que o deixei claro o d\u00eda do meu discurso e reaf\u00edrmoo agora na resposta \u00e1 t\u00faa pregunta: A discusi\u00f3n pol\u00edtica \u00e9 boa, sa e necesaria, pero estes debates deben de cinguirse ao pol\u00edtico, nunca transcender ao plano do moral .Os debates deberan darse nos \u00f3rganos pol\u00edticos correspondentes e morrer al\u00ed. Se o debate pol\u00edtico ten como resultado unha guerra fratricida s\u00f3 beneficiamos \u00e1 dereita, porque en realidade toda a esquerda de Cangas temos moitas m\u00e1is coincidencias ca diferenzas. Eu te\u00f1o un car\u00e1cter conciliador que procura o consenso e non a confrontaci\u00f3n, e vou procurar aplicalo nas relaci\u00f3ns con todos os compa\u00f1eiros e compa\u00f1eiras da corporaci\u00f3n.<\/p><\/blockquote>\n\n\n\n<p><strong>Que opini\u00f3n tes sobre o feito de que Avante non votara a favor da t\u00faa investidura?<\/strong><\/p>\n\n\n\n<blockquote class=\"wp-block-quote is-layout-flow wp-block-quote-is-layout-flow\"><p>Eu son de esquerdas e nacionalista galega. Para min o BNG e Avante son os meus aliados naturais. A ambos s\u00edntoos parte de N\u00f3s. O voto en branco de Avante sorprendeume moito. Xogaron con lume pois sen eles ti\u00f1amos os votos xustos. Se quer\u00edan expresar o seu desacordo con que un deles votara en branco abondaba. De feito d\u00edgoche que o d\u00eda anterior eu non ti\u00f1a claro que fose a ser alcaldesa<\/p><\/blockquote>\n\n\n\n<p><strong>En serio?<\/strong><\/p>\n\n\n\n<blockquote class=\"wp-block-quote is-layout-flow wp-block-quote-is-layout-flow\"><p>Absolutamente en serio. Alg\u00fan medio de comunicaci\u00f3n chamoume para concertar entrevista e eu d\u00edxenlle que acougara que se cadra ti\u00f1a que chamar a Sotelo<\/p><\/blockquote>\n\n\n\n<p><strong>Que relaci\u00f3n tes agora cos concelleir@s de Avante?<\/strong><\/p>\n\n\n\n<blockquote class=\"wp-block-quote is-layout-flow wp-block-quote-is-layout-flow\"><p>Boa.<\/p><\/blockquote>\n\n\n\n<p><strong>\u00c9 moi pronto para pensar en como ser\u00e1 a arquitectura pol\u00edtica no 2.023?. ACE manter\u00e1 a s\u00faa configuraci\u00f3n actual? Haber\u00e1 alg\u00fan tipo de pacto con Avante?<\/strong><\/p>\n\n\n\n<blockquote class=\"wp-block-quote is-layout-flow wp-block-quote-is-layout-flow\"><p>\u00c9 moi pronto si. Eu acabo de aterrar na alcald\u00eda e todas as mi\u00f1as enerx\u00edas e ilusi\u00f3ns est\u00e1n centradas en servir ao meu pobo xestionando o mellor que saiba e poida.<\/p><\/blockquote>\n\n\n\n<p><strong>Como est\u00e1 a situaci\u00f3n epid\u00e9mica de Cangas a d\u00eda de hoxe?<\/strong><\/p>\n\n\n\n<blockquote class=\"wp-block-quote is-layout-flow wp-block-quote-is-layout-flow\"><p>Hoxe \u00e9 d\u00eda 11, os \u00faltimos datos que te\u00f1o son os do d\u00eda de onte .E o d\u00eda 10 ti\u00f1amos 29 casos. A evoluci\u00f3n est\u00e1 seguindo un cami\u00f1o moi positivo, a\u00ednda que en absoluto podemos confiarnos pois isto non rematou, a\u00ednda nos pode facer sufrir, e a prudencia debe de ser extrema para que acabe o antes posible. Costounos moit\u00edsimo baixar dos 70 casos e non se pode tirar cos resultados do inmenso esforzo da xente.<\/p><\/blockquote>\n\n\n\n<p><strong>O concello contempla alg\u00fan tipo de axuda para o sector das hostalar\u00eda, tan importante en Cangas, e tan castigado pola situaci\u00f3n derivada da pandemia?<\/strong><\/p>\n\n\n\n<blockquote class=\"wp-block-quote is-layout-flow wp-block-quote-is-layout-flow\"><p>Si. A decisi\u00f3n do goberno e ir con todo o que poidamos para axudar ao sector porque no noso pobo moitas familias dependen del. Temos diferentes proxectos, o ano pasado fixemos bonos por valor de 100.000\u20ac todo a cargo do Concello sen ning\u00fan tipo de axuda.<\/p><\/blockquote>\n\n\n\n<p><strong>A pandemia fixo que aumentaran o numero de familias que precisan da axuda dos servizos sociais do Concello para atender as s\u00faas necesidades m\u00e1is b\u00e1sicas?<\/strong><\/p>\n\n\n\n<blockquote class=\"wp-block-quote is-layout-flow wp-block-quote-is-layout-flow\"><p>Si, por desgraza aumentaron notablemente.<\/p><\/blockquote>\n\n\n\n<p><strong>Compartes a opini\u00f3n de Pazos referente a que a DEP non trata a Cangas de maneira xusta?<\/strong><\/p>\n\n\n\n<blockquote class=\"wp-block-quote is-layout-flow wp-block-quote-is-layout-flow\"><p>Si, comp\u00e1rtoa. E non s\u00f3 a DEP, tam\u00e9n a Xunta deixa moito que desexar no que respecta ao trato que lle d\u00e1 ao noso Concello. Estou moi descontenta co trato que recibimos de ambas administraci\u00f3ns<\/p><\/blockquote>\n\n\n\n<p><strong>Cal \u00e9 a t\u00faa posici\u00f3n en relaci\u00f3n ao conflito coa empresa de augas?<\/strong><\/p>\n\n\n\n<blockquote class=\"wp-block-quote is-layout-flow wp-block-quote-is-layout-flow\"><p>En principio te\u00f1o que dicir que o contrato coa empresa \u00e9 moi deficiente<\/p><\/blockquote>\n\n\n\n<p><strong>Ref\u00edreste ao contrato que fixo o alcalde Sotelo, do PP, coa empresa de augas?<\/strong><\/p>\n\n\n\n<blockquote class=\"wp-block-quote is-layout-flow wp-block-quote-is-layout-flow\"><p>Si, a ese contrato me refiro. Incluso o informe da fiscal\u00eda di o mesmo que estou dicindo eu. Ese contrato non pode prexudicar \u00e1 veci\u00f1anza de Cangas e as\u00ed llo trasladei aos responsables da UTE cando me reun\u00edn con eles. \u00c9 necesario que cumpran o plan de investimento, porque se a sinatura dese contrato foi deficiente, a s\u00faa execuci\u00f3n tam\u00e9n o est\u00e1 sendo. E iso, non \u00e9 tolerable<\/p><\/blockquote>\n\n\n\n<p><strong>E de Masso?<\/strong><\/p>\n\n\n\n<blockquote class=\"wp-block-quote is-layout-flow wp-block-quote-is-layout-flow\"><p>Vamos ver, no que a ese asunto se refire terei pronto unha xuntanza coa autoridade portuaria para explorar distintas alternativas. En calquera caso preg\u00fantasme por un tema extraordinariamente complexo cuxa soluci\u00f3n esixe contemplar moitas arestas diferentes<\/p><\/blockquote>\n\n\n\n<p><strong>Un veci\u00f1o de Hermelo queixouse ao noso xornal de que no seu barrio non hai beirarr\u00faas e que esa situaci\u00f3n sup\u00f3n un perigo notorio para os pe\u00f3ns?<\/strong><\/p>\n\n\n\n<blockquote class=\"wp-block-quote is-layout-flow wp-block-quote-is-layout-flow\"><p>Son consciente desa deficiencia e de moitas outras de distintas zonas de Cangas. Prometo p\u00f3r o mellor de min mesma para tratar de chegar a solucionalas o antes posible, pero o que pido por favor \u00e1 veci\u00f1anza \u00e9 que polo menos me dean os 100 d\u00edas de graza<\/p><\/blockquote>\n\n\n\n<p><strong>Rematamos alcaldesa; Cales ser\u00edan os temas que m\u00e1is alegr\u00eda che dar\u00eda resolver, ou polo menos deixar en cami\u00f1o a s\u00faa resoluci\u00f3n nos dous anos que che quedan de alcaldesa?<\/strong><\/p>\n\n\n\n<blockquote class=\"wp-block-quote is-layout-flow wp-block-quote-is-layout-flow\"><p>Mellorar a situaci\u00f3n dos segmentos de poboaci\u00f3n que peor o pasen, recuperar as naves de Ojea, mellorar a situaci\u00f3n sanitaria de Cangas e en particular resolver o do Centro de Alta Resoluci\u00f3n de Cangas<\/p><\/blockquote>\n","protected":false},"excerpt":{"rendered":"<div class=\"mh-excerpt\"><p>Despois da entrevista que lle fixen a Xose Manue Pazos, o pasado 9 de xaneiro, en ning\u00fan caso pensei que ter\u00eda que volver tan cedo a Cangas a entrevistar a unha nova alcaldesa. Por desgraza Pazos deixounos, e a alcald\u00eda canguesa oc\u00fapaa agora Victoria Portas <a class=\"mh-excerpt-more\" href=\"https:\/\/www.anovapeneira.gal\/index.php\/2021\/03\/16\/victoria-portas-alcaldesa-de-cangas\/\" title=\"Victoria Portas. Alcaldesa de Cangas\">[&#8230;]<\/a><\/p>\n<\/div>","protected":false},"author":3,"featured_media":5030,"comment_status":"open","ping_status":"open","sticky":false,"template":"","format":"standard","meta":{"_exactmetrics_skip_tracking":false,"_exactmetrics_sitenote_active":false,"_exactmetrics_sitenote_note":"","_exactmetrics_sitenote_category":0,"footnotes":""},"categories":[22],"tags":[681],"class_list":{"0":"post-5029","1":"post","2":"type-post","3":"status-publish","4":"format-standard","5":"has-post-thumbnail","7":"category-morrazo","8":"tag-concello-de-cangas-do-morrazo"},"yoast_head":"<!-- This site is optimized with the Yoast SEO plugin v27.4 - https:\/\/yoast.com\/product\/yoast-seo-wordpress\/ -->\n<title>Victoria Portas. Alcaldesa de Cangas -<\/title>\n<meta name=\"description\" content=\"Despois da entrevista que lle fixen a Xose Manue Pazos, o pasado 9 de xaneiro, en ning\u00fan caso pensei que ter\u00eda que volver tan cedo a Cangas a entrevistar a unha nova alcaldesa. Por desgraza Pazos deixounos, e a alcald\u00eda canguesa oc\u00fapaa agora Victoria Portas\" \/>\n<meta name=\"robots\" content=\"index, follow, max-snippet:-1, max-image-preview:large, max-video-preview:-1\" \/>\n<link rel=\"canonical\" href=\"https:\/\/www.anovapeneira.gal\/index.php\/2021\/03\/16\/victoria-portas-alcaldesa-de-cangas\/\" \/>\n<meta property=\"og:locale\" content=\"gl_ES\" \/>\n<meta property=\"og:type\" content=\"article\" \/>\n<meta property=\"og:title\" content=\"Victoria Portas. Alcaldesa de Cangas -\" \/>\n<meta property=\"og:description\" content=\"Despois da entrevista que lle fixen a Xose Manue Pazos, o pasado 9 de xaneiro, en ning\u00fan caso pensei que ter\u00eda que volver tan cedo a Cangas a entrevistar a unha nova alcaldesa. Por desgraza Pazos deixounos, e a alcald\u00eda canguesa oc\u00fapaa agora Victoria Portas\" \/>\n<meta property=\"og:url\" content=\"https:\/\/www.anovapeneira.gal\/index.php\/2021\/03\/16\/victoria-portas-alcaldesa-de-cangas\/\" \/>\n<meta property=\"article:publisher\" content=\"https:\/\/www.facebook.com\/anovapeneira\" \/>\n<meta property=\"article:published_time\" content=\"2021-03-16T11:00:54+00:00\" \/>\n<meta property=\"og:image\" content=\"https:\/\/www.anovapeneira.gal\/wp-content\/uploads\/2021\/03\/victoria_portas_alcaldesa_de_cangas-scaled.jpg\" \/>\n\t<meta property=\"og:image:width\" content=\"2560\" \/>\n\t<meta property=\"og:image:height\" content=\"1920\" \/>\n\t<meta property=\"og:image:type\" content=\"image\/jpeg\" \/>\n<meta name=\"author\" content=\"Redacci\u00f3n A Nova Peneira\" \/>\n<meta name=\"twitter:card\" content=\"summary_large_image\" \/>\n<meta name=\"twitter:creator\" content=\"@APeneira\" \/>\n<meta name=\"twitter:site\" content=\"@APeneira\" \/>\n<meta name=\"twitter:label1\" content=\"Escrito por\" \/>\n\t<meta name=\"twitter:data1\" content=\"Redacci\u00f3n A Nova Peneira\" \/>\n\t<meta name=\"twitter:label2\" content=\"Tempo de lectura\" \/>\n\t<meta name=\"twitter:data2\" content=\"7 minutos\" \/>\n<script type=\"application\/ld+json\" class=\"yoast-schema-graph\">{\"@context\":\"https:\\\/\\\/schema.org\",\"@graph\":[{\"@type\":\"Article\",\"@id\":\"https:\\\/\\\/www.anovapeneira.gal\\\/index.php\\\/2021\\\/03\\\/16\\\/victoria-portas-alcaldesa-de-cangas\\\/#article\",\"isPartOf\":{\"@id\":\"https:\\\/\\\/www.anovapeneira.gal\\\/index.php\\\/2021\\\/03\\\/16\\\/victoria-portas-alcaldesa-de-cangas\\\/\"},\"author\":{\"name\":\"Redacci\u00f3n A Nova Peneira\",\"@id\":\"https:\\\/\\\/www.anovapeneira.gal\\\/#\\\/schema\\\/person\\\/b93e3f8932e3f8da96334607eb6ac6aa\"},\"headline\":\"Victoria Portas. Alcaldesa de Cangas\",\"datePublished\":\"2021-03-16T11:00:54+00:00\",\"mainEntityOfPage\":{\"@id\":\"https:\\\/\\\/www.anovapeneira.gal\\\/index.php\\\/2021\\\/03\\\/16\\\/victoria-portas-alcaldesa-de-cangas\\\/\"},\"wordCount\":1525,\"commentCount\":0,\"publisher\":{\"@id\":\"https:\\\/\\\/www.anovapeneira.gal\\\/#organization\"},\"image\":{\"@id\":\"https:\\\/\\\/www.anovapeneira.gal\\\/index.php\\\/2021\\\/03\\\/16\\\/victoria-portas-alcaldesa-de-cangas\\\/#primaryimage\"},\"thumbnailUrl\":\"https:\\\/\\\/www.anovapeneira.gal\\\/wp-content\\\/uploads\\\/2021\\\/03\\\/victoria_portas_alcaldesa_de_cangas-scaled.jpg\",\"keywords\":[\"Concello de Cangas do Morrazo\"],\"articleSection\":[\"Morrazo\"],\"inLanguage\":\"gl-ES\",\"potentialAction\":[{\"@type\":\"CommentAction\",\"name\":\"Comment\",\"target\":[\"https:\\\/\\\/www.anovapeneira.gal\\\/index.php\\\/2021\\\/03\\\/16\\\/victoria-portas-alcaldesa-de-cangas\\\/#respond\"]}]},{\"@type\":\"WebPage\",\"@id\":\"https:\\\/\\\/www.anovapeneira.gal\\\/index.php\\\/2021\\\/03\\\/16\\\/victoria-portas-alcaldesa-de-cangas\\\/\",\"url\":\"https:\\\/\\\/www.anovapeneira.gal\\\/index.php\\\/2021\\\/03\\\/16\\\/victoria-portas-alcaldesa-de-cangas\\\/\",\"name\":\"Victoria Portas. Alcaldesa de Cangas -\",\"isPartOf\":{\"@id\":\"https:\\\/\\\/www.anovapeneira.gal\\\/#website\"},\"primaryImageOfPage\":{\"@id\":\"https:\\\/\\\/www.anovapeneira.gal\\\/index.php\\\/2021\\\/03\\\/16\\\/victoria-portas-alcaldesa-de-cangas\\\/#primaryimage\"},\"image\":{\"@id\":\"https:\\\/\\\/www.anovapeneira.gal\\\/index.php\\\/2021\\\/03\\\/16\\\/victoria-portas-alcaldesa-de-cangas\\\/#primaryimage\"},\"thumbnailUrl\":\"https:\\\/\\\/www.anovapeneira.gal\\\/wp-content\\\/uploads\\\/2021\\\/03\\\/victoria_portas_alcaldesa_de_cangas-scaled.jpg\",\"datePublished\":\"2021-03-16T11:00:54+00:00\",\"description\":\"Despois da entrevista que lle fixen a Xose Manue Pazos, o pasado 9 de xaneiro, en ning\u00fan caso pensei que ter\u00eda que volver tan cedo a Cangas a entrevistar a unha nova alcaldesa. Por desgraza Pazos deixounos, e a alcald\u00eda canguesa oc\u00fapaa agora Victoria Portas\",\"breadcrumb\":{\"@id\":\"https:\\\/\\\/www.anovapeneira.gal\\\/index.php\\\/2021\\\/03\\\/16\\\/victoria-portas-alcaldesa-de-cangas\\\/#breadcrumb\"},\"inLanguage\":\"gl-ES\",\"potentialAction\":[{\"@type\":\"ReadAction\",\"target\":[\"https:\\\/\\\/www.anovapeneira.gal\\\/index.php\\\/2021\\\/03\\\/16\\\/victoria-portas-alcaldesa-de-cangas\\\/\"]}]},{\"@type\":\"ImageObject\",\"inLanguage\":\"gl-ES\",\"@id\":\"https:\\\/\\\/www.anovapeneira.gal\\\/index.php\\\/2021\\\/03\\\/16\\\/victoria-portas-alcaldesa-de-cangas\\\/#primaryimage\",\"url\":\"https:\\\/\\\/www.anovapeneira.gal\\\/wp-content\\\/uploads\\\/2021\\\/03\\\/victoria_portas_alcaldesa_de_cangas-scaled.jpg\",\"contentUrl\":\"https:\\\/\\\/www.anovapeneira.gal\\\/wp-content\\\/uploads\\\/2021\\\/03\\\/victoria_portas_alcaldesa_de_cangas-scaled.jpg\",\"width\":2560,\"height\":1920,\"caption\":\"Victoria Portas Alcaldesa de Cangas\"},{\"@type\":\"BreadcrumbList\",\"@id\":\"https:\\\/\\\/www.anovapeneira.gal\\\/index.php\\\/2021\\\/03\\\/16\\\/victoria-portas-alcaldesa-de-cangas\\\/#breadcrumb\",\"itemListElement\":[{\"@type\":\"ListItem\",\"position\":1,\"name\":\"Portada\",\"item\":\"https:\\\/\\\/www.anovapeneira.gal\\\/\"},{\"@type\":\"ListItem\",\"position\":2,\"name\":\"Victoria Portas. Alcaldesa de Cangas\"}]},{\"@type\":\"WebSite\",\"@id\":\"https:\\\/\\\/www.anovapeneira.gal\\\/#website\",\"url\":\"https:\\\/\\\/www.anovapeneira.gal\\\/\",\"name\":\"\",\"description\":\"Xornal galego de informaci\u00f3n xeral Publicaci\u00f3n mensual de novas de Galicia e en especial dos Concellos da sur da provincia de Pontevedra.\",\"publisher\":{\"@id\":\"https:\\\/\\\/www.anovapeneira.gal\\\/#organization\"},\"potentialAction\":[{\"@type\":\"SearchAction\",\"target\":{\"@type\":\"EntryPoint\",\"urlTemplate\":\"https:\\\/\\\/www.anovapeneira.gal\\\/?s={search_term_string}\"},\"query-input\":{\"@type\":\"PropertyValueSpecification\",\"valueRequired\":true,\"valueName\":\"search_term_string\"}}],\"inLanguage\":\"gl-ES\"},{\"@type\":\"Organization\",\"@id\":\"https:\\\/\\\/www.anovapeneira.gal\\\/#organization\",\"name\":\"A Nova Peneira\",\"url\":\"https:\\\/\\\/www.anovapeneira.gal\\\/\",\"logo\":{\"@type\":\"ImageObject\",\"inLanguage\":\"gl-ES\",\"@id\":\"https:\\\/\\\/www.anovapeneira.gal\\\/#\\\/schema\\\/logo\\\/image\\\/\",\"url\":\"http:\\\/\\\/www.anovapeneira.gal\\\/wp-content\\\/uploads\\\/2019\\\/06\\\/logo_a_nova_peneira_portal_web.png\",\"contentUrl\":\"http:\\\/\\\/www.anovapeneira.gal\\\/wp-content\\\/uploads\\\/2019\\\/06\\\/logo_a_nova_peneira_portal_web.png\",\"width\":300,\"height\":100,\"caption\":\"A Nova Peneira\"},\"image\":{\"@id\":\"https:\\\/\\\/www.anovapeneira.gal\\\/#\\\/schema\\\/logo\\\/image\\\/\"},\"sameAs\":[\"https:\\\/\\\/www.facebook.com\\\/anovapeneira\",\"https:\\\/\\\/x.com\\\/APeneira\"]},{\"@type\":\"Person\",\"@id\":\"https:\\\/\\\/www.anovapeneira.gal\\\/#\\\/schema\\\/person\\\/b93e3f8932e3f8da96334607eb6ac6aa\",\"name\":\"Redacci\u00f3n A Nova Peneira\",\"image\":{\"@type\":\"ImageObject\",\"inLanguage\":\"gl-ES\",\"@id\":\"https:\\\/\\\/secure.gravatar.com\\\/avatar\\\/c052a2551a06e23fac63626232eaa90abd78dbcf1700fc46a2b2c89fd27b735f?s=96&d=mm&r=g\",\"url\":\"https:\\\/\\\/secure.gravatar.com\\\/avatar\\\/c052a2551a06e23fac63626232eaa90abd78dbcf1700fc46a2b2c89fd27b735f?s=96&d=mm&r=g\",\"contentUrl\":\"https:\\\/\\\/secure.gravatar.com\\\/avatar\\\/c052a2551a06e23fac63626232eaa90abd78dbcf1700fc46a2b2c89fd27b735f?s=96&d=mm&r=g\",\"caption\":\"Redacci\u00f3n A Nova Peneira\"},\"sameAs\":[\"http:\\\/\\\/www.anovapeneira.gal\\\/\"],\"url\":\"https:\\\/\\\/www.anovapeneira.gal\\\/index.php\\\/author\\\/redactor\\\/\"}]}<\/script>\n<!-- \/ Yoast SEO plugin. -->","yoast_head_json":{"title":"Victoria Portas. Alcaldesa de Cangas -","description":"Despois da entrevista que lle fixen a Xose Manue Pazos, o pasado 9 de xaneiro, en ning\u00fan caso pensei que ter\u00eda que volver tan cedo a Cangas a entrevistar a unha nova alcaldesa. Por desgraza Pazos deixounos, e a alcald\u00eda canguesa oc\u00fapaa agora Victoria Portas","robots":{"index":"index","follow":"follow","max-snippet":"max-snippet:-1","max-image-preview":"max-image-preview:large","max-video-preview":"max-video-preview:-1"},"canonical":"https:\/\/www.anovapeneira.gal\/index.php\/2021\/03\/16\/victoria-portas-alcaldesa-de-cangas\/","og_locale":"gl_ES","og_type":"article","og_title":"Victoria Portas. Alcaldesa de Cangas -","og_description":"Despois da entrevista que lle fixen a Xose Manue Pazos, o pasado 9 de xaneiro, en ning\u00fan caso pensei que ter\u00eda que volver tan cedo a Cangas a entrevistar a unha nova alcaldesa. Por desgraza Pazos deixounos, e a alcald\u00eda canguesa oc\u00fapaa agora Victoria Portas","og_url":"https:\/\/www.anovapeneira.gal\/index.php\/2021\/03\/16\/victoria-portas-alcaldesa-de-cangas\/","article_publisher":"https:\/\/www.facebook.com\/anovapeneira","article_published_time":"2021-03-16T11:00:54+00:00","og_image":[{"width":2560,"height":1920,"url":"https:\/\/www.anovapeneira.gal\/wp-content\/uploads\/2021\/03\/victoria_portas_alcaldesa_de_cangas-scaled.jpg","type":"image\/jpeg"}],"author":"Redacci\u00f3n A Nova Peneira","twitter_card":"summary_large_image","twitter_creator":"@APeneira","twitter_site":"@APeneira","twitter_misc":{"Escrito por":"Redacci\u00f3n A Nova Peneira","Tempo de lectura":"7 minutos"},"schema":{"@context":"https:\/\/schema.org","@graph":[{"@type":"Article","@id":"https:\/\/www.anovapeneira.gal\/index.php\/2021\/03\/16\/victoria-portas-alcaldesa-de-cangas\/#article","isPartOf":{"@id":"https:\/\/www.anovapeneira.gal\/index.php\/2021\/03\/16\/victoria-portas-alcaldesa-de-cangas\/"},"author":{"name":"Redacci\u00f3n A Nova Peneira","@id":"https:\/\/www.anovapeneira.gal\/#\/schema\/person\/b93e3f8932e3f8da96334607eb6ac6aa"},"headline":"Victoria Portas. Alcaldesa de Cangas","datePublished":"2021-03-16T11:00:54+00:00","mainEntityOfPage":{"@id":"https:\/\/www.anovapeneira.gal\/index.php\/2021\/03\/16\/victoria-portas-alcaldesa-de-cangas\/"},"wordCount":1525,"commentCount":0,"publisher":{"@id":"https:\/\/www.anovapeneira.gal\/#organization"},"image":{"@id":"https:\/\/www.anovapeneira.gal\/index.php\/2021\/03\/16\/victoria-portas-alcaldesa-de-cangas\/#primaryimage"},"thumbnailUrl":"https:\/\/www.anovapeneira.gal\/wp-content\/uploads\/2021\/03\/victoria_portas_alcaldesa_de_cangas-scaled.jpg","keywords":["Concello de Cangas do Morrazo"],"articleSection":["Morrazo"],"inLanguage":"gl-ES","potentialAction":[{"@type":"CommentAction","name":"Comment","target":["https:\/\/www.anovapeneira.gal\/index.php\/2021\/03\/16\/victoria-portas-alcaldesa-de-cangas\/#respond"]}]},{"@type":"WebPage","@id":"https:\/\/www.anovapeneira.gal\/index.php\/2021\/03\/16\/victoria-portas-alcaldesa-de-cangas\/","url":"https:\/\/www.anovapeneira.gal\/index.php\/2021\/03\/16\/victoria-portas-alcaldesa-de-cangas\/","name":"Victoria Portas. Alcaldesa de Cangas -","isPartOf":{"@id":"https:\/\/www.anovapeneira.gal\/#website"},"primaryImageOfPage":{"@id":"https:\/\/www.anovapeneira.gal\/index.php\/2021\/03\/16\/victoria-portas-alcaldesa-de-cangas\/#primaryimage"},"image":{"@id":"https:\/\/www.anovapeneira.gal\/index.php\/2021\/03\/16\/victoria-portas-alcaldesa-de-cangas\/#primaryimage"},"thumbnailUrl":"https:\/\/www.anovapeneira.gal\/wp-content\/uploads\/2021\/03\/victoria_portas_alcaldesa_de_cangas-scaled.jpg","datePublished":"2021-03-16T11:00:54+00:00","description":"Despois da entrevista que lle fixen a Xose Manue Pazos, o pasado 9 de xaneiro, en ning\u00fan caso pensei que ter\u00eda que volver tan cedo a Cangas a entrevistar a unha nova alcaldesa. Por desgraza Pazos deixounos, e a alcald\u00eda canguesa oc\u00fapaa agora Victoria Portas","breadcrumb":{"@id":"https:\/\/www.anovapeneira.gal\/index.php\/2021\/03\/16\/victoria-portas-alcaldesa-de-cangas\/#breadcrumb"},"inLanguage":"gl-ES","potentialAction":[{"@type":"ReadAction","target":["https:\/\/www.anovapeneira.gal\/index.php\/2021\/03\/16\/victoria-portas-alcaldesa-de-cangas\/"]}]},{"@type":"ImageObject","inLanguage":"gl-ES","@id":"https:\/\/www.anovapeneira.gal\/index.php\/2021\/03\/16\/victoria-portas-alcaldesa-de-cangas\/#primaryimage","url":"https:\/\/www.anovapeneira.gal\/wp-content\/uploads\/2021\/03\/victoria_portas_alcaldesa_de_cangas-scaled.jpg","contentUrl":"https:\/\/www.anovapeneira.gal\/wp-content\/uploads\/2021\/03\/victoria_portas_alcaldesa_de_cangas-scaled.jpg","width":2560,"height":1920,"caption":"Victoria Portas Alcaldesa de Cangas"},{"@type":"BreadcrumbList","@id":"https:\/\/www.anovapeneira.gal\/index.php\/2021\/03\/16\/victoria-portas-alcaldesa-de-cangas\/#breadcrumb","itemListElement":[{"@type":"ListItem","position":1,"name":"Portada","item":"https:\/\/www.anovapeneira.gal\/"},{"@type":"ListItem","position":2,"name":"Victoria Portas. Alcaldesa de Cangas"}]},{"@type":"WebSite","@id":"https:\/\/www.anovapeneira.gal\/#website","url":"https:\/\/www.anovapeneira.gal\/","name":"","description":"Xornal galego de informaci\u00f3n xeral Publicaci\u00f3n mensual de novas de Galicia e en especial dos Concellos da sur da provincia de Pontevedra.","publisher":{"@id":"https:\/\/www.anovapeneira.gal\/#organization"},"potentialAction":[{"@type":"SearchAction","target":{"@type":"EntryPoint","urlTemplate":"https:\/\/www.anovapeneira.gal\/?s={search_term_string}"},"query-input":{"@type":"PropertyValueSpecification","valueRequired":true,"valueName":"search_term_string"}}],"inLanguage":"gl-ES"},{"@type":"Organization","@id":"https:\/\/www.anovapeneira.gal\/#organization","name":"A Nova Peneira","url":"https:\/\/www.anovapeneira.gal\/","logo":{"@type":"ImageObject","inLanguage":"gl-ES","@id":"https:\/\/www.anovapeneira.gal\/#\/schema\/logo\/image\/","url":"http:\/\/www.anovapeneira.gal\/wp-content\/uploads\/2019\/06\/logo_a_nova_peneira_portal_web.png","contentUrl":"http:\/\/www.anovapeneira.gal\/wp-content\/uploads\/2019\/06\/logo_a_nova_peneira_portal_web.png","width":300,"height":100,"caption":"A Nova Peneira"},"image":{"@id":"https:\/\/www.anovapeneira.gal\/#\/schema\/logo\/image\/"},"sameAs":["https:\/\/www.facebook.com\/anovapeneira","https:\/\/x.com\/APeneira"]},{"@type":"Person","@id":"https:\/\/www.anovapeneira.gal\/#\/schema\/person\/b93e3f8932e3f8da96334607eb6ac6aa","name":"Redacci\u00f3n A Nova Peneira","image":{"@type":"ImageObject","inLanguage":"gl-ES","@id":"https:\/\/secure.gravatar.com\/avatar\/c052a2551a06e23fac63626232eaa90abd78dbcf1700fc46a2b2c89fd27b735f?s=96&d=mm&r=g","url":"https:\/\/secure.gravatar.com\/avatar\/c052a2551a06e23fac63626232eaa90abd78dbcf1700fc46a2b2c89fd27b735f?s=96&d=mm&r=g","contentUrl":"https:\/\/secure.gravatar.com\/avatar\/c052a2551a06e23fac63626232eaa90abd78dbcf1700fc46a2b2c89fd27b735f?s=96&d=mm&r=g","caption":"Redacci\u00f3n A Nova Peneira"},"sameAs":["http:\/\/www.anovapeneira.gal\/"],"url":"https:\/\/www.anovapeneira.gal\/index.php\/author\/redactor\/"}]}},"jetpack_featured_media_url":"https:\/\/www.anovapeneira.gal\/wp-content\/uploads\/2021\/03\/victoria_portas_alcaldesa_de_cangas-scaled.jpg","_links":{"self":[{"href":"https:\/\/www.anovapeneira.gal\/index.php\/wp-json\/wp\/v2\/posts\/5029","targetHints":{"allow":["GET"]}}],"collection":[{"href":"https:\/\/www.anovapeneira.gal\/index.php\/wp-json\/wp\/v2\/posts"}],"about":[{"href":"https:\/\/www.anovapeneira.gal\/index.php\/wp-json\/wp\/v2\/types\/post"}],"author":[{"embeddable":true,"href":"https:\/\/www.anovapeneira.gal\/index.php\/wp-json\/wp\/v2\/users\/3"}],"replies":[{"embeddable":true,"href":"https:\/\/www.anovapeneira.gal\/index.php\/wp-json\/wp\/v2\/comments?post=5029"}],"version-history":[{"count":1,"href":"https:\/\/www.anovapeneira.gal\/index.php\/wp-json\/wp\/v2\/posts\/5029\/revisions"}],"predecessor-version":[{"id":5031,"href":"https:\/\/www.anovapeneira.gal\/index.php\/wp-json\/wp\/v2\/posts\/5029\/revisions\/5031"}],"wp:featuredmedia":[{"embeddable":true,"href":"https:\/\/www.anovapeneira.gal\/index.php\/wp-json\/wp\/v2\/media\/5030"}],"wp:attachment":[{"href":"https:\/\/www.anovapeneira.gal\/index.php\/wp-json\/wp\/v2\/media?parent=5029"}],"wp:term":[{"taxonomy":"category","embeddable":true,"href":"https:\/\/www.anovapeneira.gal\/index.php\/wp-json\/wp\/v2\/categories?post=5029"},{"taxonomy":"post_tag","embeddable":true,"href":"https:\/\/www.anovapeneira.gal\/index.php\/wp-json\/wp\/v2\/tags?post=5029"}],"curies":[{"name":"wp","href":"https:\/\/api.w.org\/{rel}","templated":true}]}}